{"id":77023,"date":"2026-09-03T17:00:41","date_gmt":"2026-09-03T21:00:41","guid":{"rendered":"https:\/\/www.ine.gob.bo\/?p=77023"},"modified":"2026-09-03T17:00:41","modified_gmt":"2026-09-03T21:00:41","slug":"el-indice-de-precios-al-consumidor-ipc-presento-una-variacion-positiva-de-110-en-agosto-de-2026","status":"publish","type":"post","link":"https:\/\/www.ine.gob.bo\/index.php\/el-indice-de-precios-al-consumidor-ipc-presento-una-variacion-positiva-de-110-en-agosto-de-2026\/","title":{"rendered":"EL \u00cdNDICE DE PRECIOS AL CONSUMIDOR (IPC) PRESENT\u00d3 UNA VARIACI\u00d3N POSITIVA DE 1,10% EN  AGOSTO DE 2026"},"content":{"rendered":"[vc_row][vc_column][vc_column_text]\r\n<p style=\"text-align: justify;\"><strong>La Paz, 3 de septiembre de 2026 (INE). \u2013<\/strong> El \u00cdndice de Precios al Consumidor (IPC) registr\u00f3 una variaci\u00f3n mensual positiva de 1,10% en agosto de 2026, respecto a julio. Con este resultado, la inflaci\u00f3n acumulada al mes de agosto alcanz\u00f3 3,01%, mientras que la variaci\u00f3n a doce meses se situ\u00f3 en 5,02%.<\/p>\r\n<p style=\"text-align: justify;\"><em>La variaci\u00f3n de los precios registrada en agosto se explic\u00f3 principalmente por el incremento del precio de la carne de pollo. Durante la primera semana del mes, este producto present\u00f3 un aumento de precio debido al retraso en el repoblamiento de las granjas av\u00edcolas, como consecuencia de los 53 d\u00edas de bloqueos registrados anteriormente. A partir de la segunda semana y hasta finalizar el mes, los precios mostraron una tendencia descendente, asociada principalmente a la normalizaci\u00f3n del ciclo de producci\u00f3n av\u00edcola. <\/em><\/p>\r\n<img loading=\"lazy\" decoding=\"async\" class=\"aligncenter wp-image-77024 size-large\" src=\"https:\/\/www.ine.gob.bo\/wp-content\/uploads\/2026\/09\/Cuadro-1-NP-IPC-Agosto-2026-1024x686.png\" alt=\"\" width=\"1024\" height=\"686\" srcset=\"https:\/\/www.ine.gob.bo\/wp-content\/uploads\/2026\/09\/Cuadro-1-NP-IPC-Agosto-2026-1024x686.png 1024w, https:\/\/www.ine.gob.bo\/wp-content\/uploads\/2026\/09\/Cuadro-1-NP-IPC-Agosto-2026-300x201.png 300w, https:\/\/www.ine.gob.bo\/wp-content\/uploads\/2026\/09\/Cuadro-1-NP-IPC-Agosto-2026-768x514.png 768w, https:\/\/www.ine.gob.bo\/wp-content\/uploads\/2026\/09\/Cuadro-1-NP-IPC-Agosto-2026.png 1071w\" sizes=\"auto, (max-width: 1024px) 100vw, 1024px\" \/>\r\n\r\n&nbsp;\r\n\r\n<strong>Comportamiento de los precios al consumidor, seg\u00fan bienes y servicios<\/strong>\r\n<p style=\"text-align: justify;\">La variaci\u00f3n positiva de 1,10% registrada por el \u00cdndice de Precios al Consumidor (IPC) en agosto de 2026 estuvo explicada principalmente por el comportamiento de los siguientes bienes y servicios:<\/p>\r\n\r\n<ul>\r\n \t<li><strong>Principales incidencias positivas:<\/strong> Los productos que m\u00e1s contribuyeron al incremento del \u00edndice fueron la carne de pollo, el pollo al espiedo\/brasa, el plato extra especial, el almuerzo, los quesos, adem\u00e1s del aparato telef\u00f3nico m\u00f3vil\/celular.<\/li>\r\n \t<li><strong>Principales incidencias negativas:<\/strong> En contraste, los bienes y servicios que registraron una disminuci\u00f3n de precios fueron el transporte interdepartamental en \u00f3mnibus\/flota, el tomate, la carne de res sin hueso, la arveja verde, los huevos y la carne de res con hueso.<\/li>\r\n<\/ul>\r\n<img loading=\"lazy\" decoding=\"async\" class=\"aligncenter wp-image-77025 size-large\" src=\"https:\/\/www.ine.gob.bo\/wp-content\/uploads\/2026\/09\/Cuadro-2-NP-IPC-Agosto-2026-1024x628.png\" alt=\"\" width=\"1024\" height=\"628\" srcset=\"https:\/\/www.ine.gob.bo\/wp-content\/uploads\/2026\/09\/Cuadro-2-NP-IPC-Agosto-2026-1024x628.png 1024w, https:\/\/www.ine.gob.bo\/wp-content\/uploads\/2026\/09\/Cuadro-2-NP-IPC-Agosto-2026-300x184.png 300w, https:\/\/www.ine.gob.bo\/wp-content\/uploads\/2026\/09\/Cuadro-2-NP-IPC-Agosto-2026-768x471.png 768w, https:\/\/www.ine.gob.bo\/wp-content\/uploads\/2026\/09\/Cuadro-2-NP-IPC-Agosto-2026.png 1045w\" sizes=\"auto, (max-width: 1024px) 100vw, 1024px\" \/>\r\n\r\n&nbsp;\r\n\r\n<strong>Comportamiento de precios al consumidor, seg\u00fan divisiones de bienes y servicios<\/strong>\r\n<p style=\"text-align: justify;\">El incremento de 1,10% registrado por el \u00cdndice de Precios al Consumidor (IPC) en agosto 2026 se explic\u00f3, principalmente por la variaci\u00f3n positiva de los precios en las siguientes divisiones: Muebles, bienes y servicios dom\u00e9sticos; Alimentos y bebidas no alcoh\u00f3licas; Comunicaciones; Recreaci\u00f3n y cultura; Prendas de vestir y calzados; Bienes y servicios diversos; Alimentos y bebidas consumidas fuera del hogar; Educaci\u00f3n; Bebidas alcoh\u00f3licas y tabaco; Salud; y Vivienda y servicios b\u00e1sicos.<\/p>\r\n<img loading=\"lazy\" decoding=\"async\" class=\"aligncenter wp-image-77026 size-large\" src=\"https:\/\/www.ine.gob.bo\/wp-content\/uploads\/2026\/09\/Grafico-1-NP-IPC-Agosto-2026-1024x760.png\" alt=\"\" width=\"1024\" height=\"760\" srcset=\"https:\/\/www.ine.gob.bo\/wp-content\/uploads\/2026\/09\/Grafico-1-NP-IPC-Agosto-2026-1024x760.png 1024w, https:\/\/www.ine.gob.bo\/wp-content\/uploads\/2026\/09\/Grafico-1-NP-IPC-Agosto-2026-300x223.png 300w, https:\/\/www.ine.gob.bo\/wp-content\/uploads\/2026\/09\/Grafico-1-NP-IPC-Agosto-2026-768x570.png 768w, https:\/\/www.ine.gob.bo\/wp-content\/uploads\/2026\/09\/Grafico-1-NP-IPC-Agosto-2026.png 1047w\" sizes=\"auto, (max-width: 1024px) 100vw, 1024px\" \/>\r\n\r\n&nbsp;\r\n\r\n<strong>Comportamiento de Precios al Consumidor, seg\u00fan regiones<\/strong>\r\n<p style=\"text-align: justify;\">La variaci\u00f3n positiva de 1,10%, registrada en agosto de 2026, se explica por el incremento de los precios observado en las ciudades capitales y conurbaciones del pa\u00eds: Oruro 1,38%; Potos\u00ed 1,36%; Conurbaci\u00f3n Santa Cruz 1,25%; Regi\u00f3n Metropolitana Kanata 1,19%; Conurbaci\u00f3n La Paz 1,12%; Sucre 0,37%; Trinidad 0,29% y Tarija 0,10%.<\/p>\r\n<img loading=\"lazy\" decoding=\"async\" class=\"aligncenter wp-image-77027 size-large\" src=\"https:\/\/www.ine.gob.bo\/wp-content\/uploads\/2026\/09\/Grafico-2-NP-IPC-Agosto-2026-1024x763.png\" alt=\"\" width=\"1024\" height=\"763\" srcset=\"https:\/\/www.ine.gob.bo\/wp-content\/uploads\/2026\/09\/Grafico-2-NP-IPC-Agosto-2026-1024x763.png 1024w, https:\/\/www.ine.gob.bo\/wp-content\/uploads\/2026\/09\/Grafico-2-NP-IPC-Agosto-2026-300x224.png 300w, https:\/\/www.ine.gob.bo\/wp-content\/uploads\/2026\/09\/Grafico-2-NP-IPC-Agosto-2026-768x572.png 768w, https:\/\/www.ine.gob.bo\/wp-content\/uploads\/2026\/09\/Grafico-2-NP-IPC-Agosto-2026.png 1080w\" sizes=\"auto, (max-width: 1024px) 100vw, 1024px\" \/>\r\n\r\n&nbsp;\r\n\r\n&nbsp;\r\n<p style=\"text-align: center;\"><strong><em>Unidad de Difusi\u00f3n y Comunicaci\u00f3n <\/em><\/strong><\/p>\r\n<p style=\"text-align: center;\"><strong>INSTITUTO NACIONAL DE ESTAD\u00cdSTICA<\/strong><\/p>\r\n&nbsp;\r\n\r\n<img loading=\"lazy\" decoding=\"async\" class=\"aligncenter wp-image-77028 size-full\" src=\"https:\/\/www.ine.gob.bo\/wp-content\/uploads\/2026\/09\/Nota.png\" alt=\"\" width=\"1783\" height=\"94\" srcset=\"https:\/\/www.ine.gob.bo\/wp-content\/uploads\/2026\/09\/Nota.png 1783w, https:\/\/www.ine.gob.bo\/wp-content\/uploads\/2026\/09\/Nota-300x16.png 300w, https:\/\/www.ine.gob.bo\/wp-content\/uploads\/2026\/09\/Nota-1024x54.png 1024w, https:\/\/www.ine.gob.bo\/wp-content\/uploads\/2026\/09\/Nota-768x40.png 768w, https:\/\/www.ine.gob.bo\/wp-content\/uploads\/2026\/09\/Nota-1536x81.png 1536w\" sizes=\"auto, (max-width: 1783px) 100vw, 1783px\" \/>\r\n\r\n<a href=\"#_ftnref1\" name=\"_ftn1\"><\/a>\r\n<p class=\"has-text-align-center\"><\/p>\r\n<a href=\"https:\/\/nimbus.ine.gob.bo\/index.php\/s\/ia6ok7wpRpSBjAW\/download\"><span style=\"color: #ff0000;\">Descargar Nota de Prensa<\/span><\/a>\r\n<p class=\"has-text-align-right\"><b><i>\u00a0<\/i><\/b><\/p>\r\n<p class=\"has-text-align-center\"><!-- \/wp:post-content --><\/p>\r\n[\/vc_column_text][\/vc_column][\/vc_row]<!-- \/wp:freeform -->","protected":false},"excerpt":{"rendered":"<p>[vc_row][vc_column][vc_column_text] La Paz, 3 de septiembre de 2026 (INE). \u2013 El \u00cdndice de Precios al Consumidor (IPC) registr\u00f3 una variaci\u00f3n mensual positiva de 1,10% en agosto de 2026, respecto a julio. Con este resultado, la inflaci\u00f3n acumulada al mes de agosto alcanz\u00f3 3,01%, mientras que la variaci\u00f3n a doce meses se situ\u00f3 en 5,02%. La&hellip;<\/p>\n","protected":false},"author":19,"featured_media":77029,"comment_status":"closed","ping_status":"open","sticky":false,"template":"","format":"standard","meta":[],"categories":[158],"tags":[52],"class_list":["post-77023","post","type-post","status-publish","format-standard","has-post-thumbnail","hentry","category-ine-noticias","tag-ine-noticias","category-158","description-off"],"yoast_head":"<!-- This site is optimized with the Yoast SEO plugin v23.2 - https:\/\/yoast.com\/wordpress\/plugins\/seo\/ -->\n<title>EL \u00cdNDICE DE PRECIOS AL CONSUMIDOR (IPC) PRESENT\u00d3 UNA VARIACI\u00d3N POSITIVA DE 1,10% EN AGOSTO DE 2026 - INE<\/title>\n<meta name=\"description\" content=\"P\u00e1gina oficial del Instituto Nacional de Estadistica INE, informaci\u00f3n estad\u00edstica, geogr\u00e1fica y econ\u00f3mica a nivel nacional.\" \/>\n<meta name=\"robots\" content=\"index, follow, max-snippet:-1, max-image-preview:large, max-video-preview:-1\" \/>\n<link rel=\"canonical\" href=\"https:\/\/www.ine.gob.bo\/index.php\/el-indice-de-precios-al-consumidor-ipc-presento-una-variacion-positiva-de-110-en-agosto-de-2026\/\" \/>\n<meta property=\"og:locale\" content=\"es_ES\" \/>\n<meta property=\"og:type\" content=\"article\" \/>\n<meta property=\"og:title\" content=\"EL \u00cdNDICE DE PRECIOS AL CONSUMIDOR (IPC) PRESENT\u00d3 UNA VARIACI\u00d3N POSITIVA DE 1,10% EN AGOSTO DE 2026 - INE\" \/>\n<meta property=\"og:description\" content=\"P\u00e1gina oficial del Instituto Nacional de Estadistica INE, informaci\u00f3n estad\u00edstica, geogr\u00e1fica y econ\u00f3mica a nivel nacional.\" \/>\n<meta property=\"og:url\" content=\"https:\/\/www.ine.gob.bo\/index.php\/el-indice-de-precios-al-consumidor-ipc-presento-una-variacion-positiva-de-110-en-agosto-de-2026\/\" \/>\n<meta property=\"og:site_name\" content=\"INE\" \/>\n<meta property=\"article:publisher\" content=\"https:\/\/www.facebook.com\/ineboliviaoficial\" \/>\n<meta property=\"article:published_time\" content=\"2026-09-03T21:00:41+00:00\" \/>\n<meta property=\"og:image\" content=\"https:\/\/www.ine.gob.bo\/wp-content\/uploads\/2026\/09\/Portada-NP-IPC-Agosto-2026.png\" \/>\n\t<meta property=\"og:image:width\" content=\"691\" \/>\n\t<meta property=\"og:image:height\" content=\"901\" \/>\n\t<meta property=\"og:image:type\" content=\"image\/png\" \/>\n<meta name=\"author\" content=\"Albaro Benedicto Laime Mamani\" \/>\n<meta name=\"twitter:card\" content=\"summary_large_image\" \/>\n<meta name=\"twitter:creator\" content=\"@INE_Bolivia\" \/>\n<meta name=\"twitter:site\" content=\"@INE_Bolivia\" \/>\n<meta name=\"twitter:label1\" content=\"Escrito por\" \/>\n\t<meta name=\"twitter:data1\" content=\"Albaro Benedicto Laime Mamani\" \/>\n\t<meta name=\"twitter:label2\" content=\"Tiempo de lectura\" \/>\n\t<meta name=\"twitter:data2\" content=\"4 minutos\" \/>\n<script type=\"application\/ld+json\" class=\"yoast-schema-graph\">{\"@context\":\"https:\/\/schema.org\",\"@graph\":[{\"@type\":\"Article\",\"@id\":\"https:\/\/www.ine.gob.bo\/index.php\/el-indice-de-precios-al-consumidor-ipc-presento-una-variacion-positiva-de-110-en-agosto-de-2026\/#article\",\"isPartOf\":{\"@id\":\"https:\/\/www.ine.gob.bo\/index.php\/el-indice-de-precios-al-consumidor-ipc-presento-una-variacion-positiva-de-110-en-agosto-de-2026\/\"},\"author\":{\"name\":\"Albaro Benedicto Laime Mamani\",\"@id\":\"https:\/\/www.ine.gob.bo\/#\/schema\/person\/cd5e3dea21e6634e99cebddcca7540d1\"},\"headline\":\"EL \u00cdNDICE DE PRECIOS AL CONSUMIDOR (IPC) PRESENT\u00d3 UNA VARIACI\u00d3N POSITIVA DE 1,10% EN AGOSTO DE 2026\",\"datePublished\":\"2026-09-03T21:00:41+00:00\",\"dateModified\":\"2026-09-03T21:00:41+00:00\",\"mainEntityOfPage\":{\"@id\":\"https:\/\/www.ine.gob.bo\/index.php\/el-indice-de-precios-al-consumidor-ipc-presento-una-variacion-positiva-de-110-en-agosto-de-2026\/\"},\"wordCount\":451,\"publisher\":{\"@id\":\"https:\/\/www.ine.gob.bo\/#organization\"},\"image\":{\"@id\":\"https:\/\/www.ine.gob.bo\/index.php\/el-indice-de-precios-al-consumidor-ipc-presento-una-variacion-positiva-de-110-en-agosto-de-2026\/#primaryimage\"},\"thumbnailUrl\":\"https:\/\/www.ine.gob.bo\/wp-content\/uploads\/2026\/09\/Portada-NP-IPC-Agosto-2026.png\",\"keywords\":[\"INE Noticias\"],\"articleSection\":[\"INE noticias\"],\"inLanguage\":\"es\"},{\"@type\":\"WebPage\",\"@id\":\"https:\/\/www.ine.gob.bo\/index.php\/el-indice-de-precios-al-consumidor-ipc-presento-una-variacion-positiva-de-110-en-agosto-de-2026\/\",\"url\":\"https:\/\/www.ine.gob.bo\/index.php\/el-indice-de-precios-al-consumidor-ipc-presento-una-variacion-positiva-de-110-en-agosto-de-2026\/\",\"name\":\"EL \u00cdNDICE DE PRECIOS AL CONSUMIDOR (IPC) PRESENT\u00d3 UNA VARIACI\u00d3N POSITIVA DE 1,10% EN AGOSTO DE 2026 - INE\",\"isPartOf\":{\"@id\":\"https:\/\/www.ine.gob.bo\/#website\"},\"primaryImageOfPage\":{\"@id\":\"https:\/\/www.ine.gob.bo\/index.php\/el-indice-de-precios-al-consumidor-ipc-presento-una-variacion-positiva-de-110-en-agosto-de-2026\/#primaryimage\"},\"image\":{\"@id\":\"https:\/\/www.ine.gob.bo\/index.php\/el-indice-de-precios-al-consumidor-ipc-presento-una-variacion-positiva-de-110-en-agosto-de-2026\/#primaryimage\"},\"thumbnailUrl\":\"https:\/\/www.ine.gob.bo\/wp-content\/uploads\/2026\/09\/Portada-NP-IPC-Agosto-2026.png\",\"datePublished\":\"2026-09-03T21:00:41+00:00\",\"dateModified\":\"2026-09-03T21:00:41+00:00\",\"description\":\"P\u00e1gina oficial del Instituto Nacional de Estadistica INE, informaci\u00f3n estad\u00edstica, geogr\u00e1fica y econ\u00f3mica a nivel nacional.\",\"breadcrumb\":{\"@id\":\"https:\/\/www.ine.gob.bo\/index.php\/el-indice-de-precios-al-consumidor-ipc-presento-una-variacion-positiva-de-110-en-agosto-de-2026\/#breadcrumb\"},\"inLanguage\":\"es\",\"potentialAction\":[{\"@type\":\"ReadAction\",\"target\":[\"https:\/\/www.ine.gob.bo\/index.php\/el-indice-de-precios-al-consumidor-ipc-presento-una-variacion-positiva-de-110-en-agosto-de-2026\/\"]}]},{\"@type\":\"ImageObject\",\"inLanguage\":\"es\",\"@id\":\"https:\/\/www.ine.gob.bo\/index.php\/el-indice-de-precios-al-consumidor-ipc-presento-una-variacion-positiva-de-110-en-agosto-de-2026\/#primaryimage\",\"url\":\"https:\/\/www.ine.gob.bo\/wp-content\/uploads\/2026\/09\/Portada-NP-IPC-Agosto-2026.png\",\"contentUrl\":\"https:\/\/www.ine.gob.bo\/wp-content\/uploads\/2026\/09\/Portada-NP-IPC-Agosto-2026.png\",\"width\":691,\"height\":901},{\"@type\":\"BreadcrumbList\",\"@id\":\"https:\/\/www.ine.gob.bo\/index.php\/el-indice-de-precios-al-consumidor-ipc-presento-una-variacion-positiva-de-110-en-agosto-de-2026\/#breadcrumb\",\"itemListElement\":[{\"@type\":\"ListItem\",\"position\":1,\"name\":\"Portada\",\"item\":\"https:\/\/www.ine.gob.bo\/\"},{\"@type\":\"ListItem\",\"position\":2,\"name\":\"EL \u00cdNDICE DE PRECIOS AL CONSUMIDOR (IPC) PRESENT\u00d3 UNA VARIACI\u00d3N POSITIVA DE 1,10% EN AGOSTO DE 2026\"}]},{\"@type\":\"WebSite\",\"@id\":\"https:\/\/www.ine.gob.bo\/#website\",\"url\":\"https:\/\/www.ine.gob.bo\/\",\"name\":\"INE\",\"description\":\"Instituto Nacional de Estad\u00edstica\",\"publisher\":{\"@id\":\"https:\/\/www.ine.gob.bo\/#organization\"},\"potentialAction\":[{\"@type\":\"SearchAction\",\"target\":{\"@type\":\"EntryPoint\",\"urlTemplate\":\"https:\/\/www.ine.gob.bo\/?s={search_term_string}\"},\"query-input\":\"required name=search_term_string\"}],\"inLanguage\":\"es\"},{\"@type\":\"Organization\",\"@id\":\"https:\/\/www.ine.gob.bo\/#organization\",\"name\":\"Instituto Nacional de Estad\u00edstica\",\"url\":\"https:\/\/www.ine.gob.bo\/\",\"logo\":{\"@type\":\"ImageObject\",\"inLanguage\":\"es\",\"@id\":\"https:\/\/www.ine.gob.bo\/#\/schema\/logo\/image\/\",\"url\":\"https:\/\/www.ine.gob.bo\/wp-content\/uploads\/2026\/02\/logo-ine.jpg\",\"contentUrl\":\"https:\/\/www.ine.gob.bo\/wp-content\/uploads\/2026\/02\/logo-ine.jpg\",\"width\":799,\"height\":453,\"caption\":\"Instituto Nacional de Estad\u00edstica\"},\"image\":{\"@id\":\"https:\/\/www.ine.gob.bo\/#\/schema\/logo\/image\/\"},\"sameAs\":[\"https:\/\/www.facebook.com\/ineboliviaoficial\",\"https:\/\/x.com\/INE_Bolivia\",\"https:\/\/www.instagram.com\/ineboliviaoficial\/\",\"https:\/\/www.youtube.com\/channel\/UCbIQXKLw414g5kWo1tAwqCg\"]},{\"@type\":\"Person\",\"@id\":\"https:\/\/www.ine.gob.bo\/#\/schema\/person\/cd5e3dea21e6634e99cebddcca7540d1\",\"name\":\"Albaro Benedicto Laime Mamani\",\"image\":{\"@type\":\"ImageObject\",\"inLanguage\":\"es\",\"@id\":\"https:\/\/www.ine.gob.bo\/#\/schema\/person\/image\/\",\"url\":\"https:\/\/secure.gravatar.com\/avatar\/450967f1badecac6afbf323d3a06c551f001ee9e5a1094976c96b19cce5b7180?s=96&d=mm&r=g\",\"contentUrl\":\"https:\/\/secure.gravatar.com\/avatar\/450967f1badecac6afbf323d3a06c551f001ee9e5a1094976c96b19cce5b7180?s=96&d=mm&r=g\",\"caption\":\"Albaro Benedicto Laime Mamani\"},\"url\":\"https:\/\/www.ine.gob.bo\/index.php\/author\/alaime\/\"}]}<\/script>\n<!-- \/ Yoast SEO plugin. -->","yoast_head_json":{"title":"EL \u00cdNDICE DE PRECIOS AL CONSUMIDOR (IPC) PRESENT\u00d3 UNA VARIACI\u00d3N POSITIVA DE 1,10% EN AGOSTO DE 2026 - INE","description":"P\u00e1gina oficial del Instituto Nacional de Estadistica INE, informaci\u00f3n estad\u00edstica, geogr\u00e1fica y econ\u00f3mica a nivel nacional.","robots":{"index":"index","follow":"follow","max-snippet":"max-snippet:-1","max-image-preview":"max-image-preview:large","max-video-preview":"max-video-preview:-1"},"canonical":"https:\/\/www.ine.gob.bo\/index.php\/el-indice-de-precios-al-consumidor-ipc-presento-una-variacion-positiva-de-110-en-agosto-de-2026\/","og_locale":"es_ES","og_type":"article","og_title":"EL \u00cdNDICE DE PRECIOS AL CONSUMIDOR (IPC) PRESENT\u00d3 UNA VARIACI\u00d3N POSITIVA DE 1,10% EN AGOSTO DE 2026 - INE","og_description":"P\u00e1gina oficial del Instituto Nacional de Estadistica INE, informaci\u00f3n estad\u00edstica, geogr\u00e1fica y econ\u00f3mica a nivel nacional.","og_url":"https:\/\/www.ine.gob.bo\/index.php\/el-indice-de-precios-al-consumidor-ipc-presento-una-variacion-positiva-de-110-en-agosto-de-2026\/","og_site_name":"INE","article_publisher":"https:\/\/www.facebook.com\/ineboliviaoficial","article_published_time":"2026-09-03T21:00:41+00:00","og_image":[{"width":691,"height":901,"url":"https:\/\/www.ine.gob.bo\/wp-content\/uploads\/2026\/09\/Portada-NP-IPC-Agosto-2026.png","type":"image\/png"}],"author":"Albaro Benedicto Laime Mamani","twitter_card":"summary_large_image","twitter_creator":"@INE_Bolivia","twitter_site":"@INE_Bolivia","twitter_misc":{"Escrito por":"Albaro Benedicto Laime Mamani","Tiempo de lectura":"4 minutos"},"schema":{"@context":"https:\/\/schema.org","@graph":[{"@type":"Article","@id":"https:\/\/www.ine.gob.bo\/index.php\/el-indice-de-precios-al-consumidor-ipc-presento-una-variacion-positiva-de-110-en-agosto-de-2026\/#article","isPartOf":{"@id":"https:\/\/www.ine.gob.bo\/index.php\/el-indice-de-precios-al-consumidor-ipc-presento-una-variacion-positiva-de-110-en-agosto-de-2026\/"},"author":{"name":"Albaro Benedicto Laime Mamani","@id":"https:\/\/www.ine.gob.bo\/#\/schema\/person\/cd5e3dea21e6634e99cebddcca7540d1"},"headline":"EL \u00cdNDICE DE PRECIOS AL CONSUMIDOR (IPC) PRESENT\u00d3 UNA VARIACI\u00d3N POSITIVA DE 1,10% EN AGOSTO DE 2026","datePublished":"2026-09-03T21:00:41+00:00","dateModified":"2026-09-03T21:00:41+00:00","mainEntityOfPage":{"@id":"https:\/\/www.ine.gob.bo\/index.php\/el-indice-de-precios-al-consumidor-ipc-presento-una-variacion-positiva-de-110-en-agosto-de-2026\/"},"wordCount":451,"publisher":{"@id":"https:\/\/www.ine.gob.bo\/#organization"},"image":{"@id":"https:\/\/www.ine.gob.bo\/index.php\/el-indice-de-precios-al-consumidor-ipc-presento-una-variacion-positiva-de-110-en-agosto-de-2026\/#primaryimage"},"thumbnailUrl":"https:\/\/www.ine.gob.bo\/wp-content\/uploads\/2026\/09\/Portada-NP-IPC-Agosto-2026.png","keywords":["INE Noticias"],"articleSection":["INE noticias"],"inLanguage":"es"},{"@type":"WebPage","@id":"https:\/\/www.ine.gob.bo\/index.php\/el-indice-de-precios-al-consumidor-ipc-presento-una-variacion-positiva-de-110-en-agosto-de-2026\/","url":"https:\/\/www.ine.gob.bo\/index.php\/el-indice-de-precios-al-consumidor-ipc-presento-una-variacion-positiva-de-110-en-agosto-de-2026\/","name":"EL \u00cdNDICE DE PRECIOS AL CONSUMIDOR (IPC) PRESENT\u00d3 UNA VARIACI\u00d3N POSITIVA DE 1,10% EN AGOSTO DE 2026 - INE","isPartOf":{"@id":"https:\/\/www.ine.gob.bo\/#website"},"primaryImageOfPage":{"@id":"https:\/\/www.ine.gob.bo\/index.php\/el-indice-de-precios-al-consumidor-ipc-presento-una-variacion-positiva-de-110-en-agosto-de-2026\/#primaryimage"},"image":{"@id":"https:\/\/www.ine.gob.bo\/index.php\/el-indice-de-precios-al-consumidor-ipc-presento-una-variacion-positiva-de-110-en-agosto-de-2026\/#primaryimage"},"thumbnailUrl":"https:\/\/www.ine.gob.bo\/wp-content\/uploads\/2026\/09\/Portada-NP-IPC-Agosto-2026.png","datePublished":"2026-09-03T21:00:41+00:00","dateModified":"2026-09-03T21:00:41+00:00","description":"P\u00e1gina oficial del Instituto Nacional de Estadistica INE, informaci\u00f3n estad\u00edstica, geogr\u00e1fica y econ\u00f3mica a nivel nacional.","breadcrumb":{"@id":"https:\/\/www.ine.gob.bo\/index.php\/el-indice-de-precios-al-consumidor-ipc-presento-una-variacion-positiva-de-110-en-agosto-de-2026\/#breadcrumb"},"inLanguage":"es","potentialAction":[{"@type":"ReadAction","target":["https:\/\/www.ine.gob.bo\/index.php\/el-indice-de-precios-al-consumidor-ipc-presento-una-variacion-positiva-de-110-en-agosto-de-2026\/"]}]},{"@type":"ImageObject","inLanguage":"es","@id":"https:\/\/www.ine.gob.bo\/index.php\/el-indice-de-precios-al-consumidor-ipc-presento-una-variacion-positiva-de-110-en-agosto-de-2026\/#primaryimage","url":"https:\/\/www.ine.gob.bo\/wp-content\/uploads\/2026\/09\/Portada-NP-IPC-Agosto-2026.png","contentUrl":"https:\/\/www.ine.gob.bo\/wp-content\/uploads\/2026\/09\/Portada-NP-IPC-Agosto-2026.png","width":691,"height":901},{"@type":"BreadcrumbList","@id":"https:\/\/www.ine.gob.bo\/index.php\/el-indice-de-precios-al-consumidor-ipc-presento-una-variacion-positiva-de-110-en-agosto-de-2026\/#breadcrumb","itemListElement":[{"@type":"ListItem","position":1,"name":"Portada","item":"https:\/\/www.ine.gob.bo\/"},{"@type":"ListItem","position":2,"name":"EL \u00cdNDICE DE PRECIOS AL CONSUMIDOR (IPC) PRESENT\u00d3 UNA VARIACI\u00d3N POSITIVA DE 1,10% EN AGOSTO DE 2026"}]},{"@type":"WebSite","@id":"https:\/\/www.ine.gob.bo\/#website","url":"https:\/\/www.ine.gob.bo\/","name":"INE","description":"Instituto Nacional de Estad\u00edstica","publisher":{"@id":"https:\/\/www.ine.gob.bo\/#organization"},"potentialAction":[{"@type":"SearchAction","target":{"@type":"EntryPoint","urlTemplate":"https:\/\/www.ine.gob.bo\/?s={search_term_string}"},"query-input":"required name=search_term_string"}],"inLanguage":"es"},{"@type":"Organization","@id":"https:\/\/www.ine.gob.bo\/#organization","name":"Instituto Nacional de Estad\u00edstica","url":"https:\/\/www.ine.gob.bo\/","logo":{"@type":"ImageObject","inLanguage":"es","@id":"https:\/\/www.ine.gob.bo\/#\/schema\/logo\/image\/","url":"https:\/\/www.ine.gob.bo\/wp-content\/uploads\/2026\/02\/logo-ine.jpg","contentUrl":"https:\/\/www.ine.gob.bo\/wp-content\/uploads\/2026\/02\/logo-ine.jpg","width":799,"height":453,"caption":"Instituto Nacional de Estad\u00edstica"},"image":{"@id":"https:\/\/www.ine.gob.bo\/#\/schema\/logo\/image\/"},"sameAs":["https:\/\/www.facebook.com\/ineboliviaoficial","https:\/\/x.com\/INE_Bolivia","https:\/\/www.instagram.com\/ineboliviaoficial\/","https:\/\/www.youtube.com\/channel\/UCbIQXKLw414g5kWo1tAwqCg"]},{"@type":"Person","@id":"https:\/\/www.ine.gob.bo\/#\/schema\/person\/cd5e3dea21e6634e99cebddcca7540d1","name":"Albaro Benedicto Laime Mamani","image":{"@type":"ImageObject","inLanguage":"es","@id":"https:\/\/www.ine.gob.bo\/#\/schema\/person\/image\/","url":"https:\/\/secure.gravatar.com\/avatar\/450967f1badecac6afbf323d3a06c551f001ee9e5a1094976c96b19cce5b7180?s=96&d=mm&r=g","contentUrl":"https:\/\/secure.gravatar.com\/avatar\/450967f1badecac6afbf323d3a06c551f001ee9e5a1094976c96b19cce5b7180?s=96&d=mm&r=g","caption":"Albaro Benedicto Laime Mamani"},"url":"https:\/\/www.ine.gob.bo\/index.php\/author\/alaime\/"}]}},"rttpg_featured_image_url":{"full":["https:\/\/www.ine.gob.bo\/wp-content\/uploads\/2026\/09\/Portada-NP-IPC-Agosto-2026.png",691,901,false],"landscape":["https:\/\/www.ine.gob.bo\/wp-content\/uploads\/2026\/09\/Portada-NP-IPC-Agosto-2026.png",691,901,false],"portraits":["https:\/\/www.ine.gob.bo\/wp-content\/uploads\/2026\/09\/Portada-NP-IPC-Agosto-2026.png",691,901,false],"thumbnail":["https:\/\/www.ine.gob.bo\/wp-content\/uploads\/2026\/09\/Portada-NP-IPC-Agosto-2026-150x150.png",150,150,true],"medium":["https:\/\/www.ine.gob.bo\/wp-content\/uploads\/2026\/09\/Portada-NP-IPC-Agosto-2026-230x300.png",230,300,true],"large":["https:\/\/www.ine.gob.bo\/wp-content\/uploads\/2026\/09\/Portada-NP-IPC-Agosto-2026.png",691,901,false],"1536x1536":["https:\/\/www.ine.gob.bo\/wp-content\/uploads\/2026\/09\/Portada-NP-IPC-Agosto-2026.png",691,901,false],"2048x2048":["https:\/\/www.ine.gob.bo\/wp-content\/uploads\/2026\/09\/Portada-NP-IPC-Agosto-2026.png",691,901,false]},"rttpg_author":{"display_name":"Albaro Benedicto Laime Mamani","author_link":"https:\/\/www.ine.gob.bo\/index.php\/author\/alaime\/"},"rttpg_comment":0,"rttpg_category":"<a href=\"https:\/\/www.ine.gob.bo\/index.php\/category\/ine-noticias\/\" rel=\"category tag\">INE noticias<\/a>","rttpg_excerpt":"[vc_row][vc_column][vc_column_text] La Paz, 3 de septiembre de 2026 (INE). \u2013 El \u00cdndice de Precios al Consumidor (IPC) registr\u00f3 una variaci\u00f3n mensual positiva de 1,10% en agosto de 2026, respecto a julio. Con este resultado, la inflaci\u00f3n acumulada al mes de agosto alcanz\u00f3 3,01%, mientras que la variaci\u00f3n a doce meses se situ\u00f3 en 5,02%. La&hellip;","_links":{"self":[{"href":"https:\/\/www.ine.gob.bo\/index.php\/wp-json\/wp\/v2\/posts\/77023","targetHints":{"allow":["GET"]}}],"collection":[{"href":"https:\/\/www.ine.gob.bo\/index.php\/wp-json\/wp\/v2\/posts"}],"about":[{"href":"https:\/\/www.ine.gob.bo\/index.php\/wp-json\/wp\/v2\/types\/post"}],"author":[{"embeddable":true,"href":"https:\/\/www.ine.gob.bo\/index.php\/wp-json\/wp\/v2\/users\/19"}],"replies":[{"embeddable":true,"href":"https:\/\/www.ine.gob.bo\/index.php\/wp-json\/wp\/v2\/comments?post=77023"}],"version-history":[{"count":2,"href":"https:\/\/www.ine.gob.bo\/index.php\/wp-json\/wp\/v2\/posts\/77023\/revisions"}],"predecessor-version":[{"id":77031,"href":"https:\/\/www.ine.gob.bo\/index.php\/wp-json\/wp\/v2\/posts\/77023\/revisions\/77031"}],"wp:featuredmedia":[{"embeddable":true,"href":"https:\/\/www.ine.gob.bo\/index.php\/wp-json\/wp\/v2\/media\/77029"}],"wp:attachment":[{"href":"https:\/\/www.ine.gob.bo\/index.php\/wp-json\/wp\/v2\/media?parent=77023"}],"wp:term":[{"taxonomy":"category","embeddable":true,"href":"https:\/\/www.ine.gob.bo\/index.php\/wp-json\/wp\/v2\/categories?post=77023"},{"taxonomy":"post_tag","embeddable":true,"href":"https:\/\/www.ine.gob.bo\/index.php\/wp-json\/wp\/v2\/tags?post=77023"}],"curies":[{"name":"wp","href":"https:\/\/api.w.org\/{rel}","templated":true}]}}