{"id":74051,"date":"2026-04-27T10:19:42","date_gmt":"2026-04-27T14:19:42","guid":{"rendered":"https:\/\/www.ine.gob.bo\/?p=74051"},"modified":"2026-04-27T10:19:42","modified_gmt":"2026-04-27T14:19:42","slug":"el-indice-de-precios-productor-ipp-registro-una-variacion-negativa-de-049-en-marzo-de-2026","status":"publish","type":"post","link":"https:\/\/www.ine.gob.bo\/index.php\/el-indice-de-precios-productor-ipp-registro-una-variacion-negativa-de-049-en-marzo-de-2026\/","title":{"rendered":"El \u00cdndice de Precios Productor (IPP) registr\u00f3 una variaci\u00f3n negativa de 0,49% en marzo de 2026"},"content":{"rendered":"[vc_row][vc_column][vc_column_text]<strong>La Paz, 27 de abril de 2026 (INE). \u2013 <\/strong>La variaci\u00f3n mensual del \u00cdndice de Precios Productor (IPP) en marzo, respecto a febrero, fue negativa de 0,49%. Asimismo, la variaci\u00f3n acumulada a marzo fue positiva de 0,22% y la variaci\u00f3n a 12 meses alcanz\u00f3 a 17,33%.\r\n\r\nEl \u00cdndice de Precios del Productor (IPP) mide la variaci\u00f3n de los precios promedio de un conjunto representativo de bienes y servicios en el momento que salen del lugar de producci\u00f3n. Es importante se\u00f1alar que este \u00edndice no utiliza como referencia el gasto de consumo de los hogares; por lo tanto, el \u00cdndice de Precios al Consumidor (IPC) se mantiene como el \u00fanico indicador oficial para medir la inflaci\u00f3n en Bolivia.\r\n\r\n<img loading=\"lazy\" decoding=\"async\" class=\"aligncenter wp-image-74056 size-full\" src=\"https:\/\/www.ine.gob.bo\/wp-content\/uploads\/2026\/04\/grafico-01-ipp-marzo-2026.jpg\" alt=\"\" width=\"873\" height=\"591\" srcset=\"https:\/\/www.ine.gob.bo\/wp-content\/uploads\/2026\/04\/grafico-01-ipp-marzo-2026.jpg 873w, https:\/\/www.ine.gob.bo\/wp-content\/uploads\/2026\/04\/grafico-01-ipp-marzo-2026-300x203.jpg 300w, https:\/\/www.ine.gob.bo\/wp-content\/uploads\/2026\/04\/grafico-01-ipp-marzo-2026-768x520.jpg 768w\" sizes=\"auto, (max-width: 873px) 100vw, 873px\" \/>\r\n\r\n<img loading=\"lazy\" decoding=\"async\" class=\"aligncenter wp-image-74055 size-full\" src=\"https:\/\/www.ine.gob.bo\/wp-content\/uploads\/2026\/04\/grafico-02-ipp-marzo-2026.jpg\" alt=\"\" width=\"929\" height=\"601\" srcset=\"https:\/\/www.ine.gob.bo\/wp-content\/uploads\/2026\/04\/grafico-02-ipp-marzo-2026.jpg 929w, https:\/\/www.ine.gob.bo\/wp-content\/uploads\/2026\/04\/grafico-02-ipp-marzo-2026-300x194.jpg 300w, https:\/\/www.ine.gob.bo\/wp-content\/uploads\/2026\/04\/grafico-02-ipp-marzo-2026-768x497.jpg 768w\" sizes=\"auto, (max-width: 929px) 100vw, 929px\" \/>\r\n\r\n<strong>Comportamiento de los Precios Productor seg\u00fan grandes grupos<\/strong>\r\n\r\nLa variaci\u00f3n negativa de 0,49% del \u00cdndice de Precios del Productor (IPP), registrada se explica principalmente por la disminuci\u00f3n de precios en los grupos de productos: Agr\u00edcolas; Pecuarios e Industria manufacturera.\r\n\r\n<img loading=\"lazy\" decoding=\"async\" class=\"aligncenter wp-image-74054 size-full\" src=\"https:\/\/www.ine.gob.bo\/wp-content\/uploads\/2026\/04\/grafico-03-ipp-marzo-2026.jpg\" alt=\"\" width=\"921\" height=\"439\" srcset=\"https:\/\/www.ine.gob.bo\/wp-content\/uploads\/2026\/04\/grafico-03-ipp-marzo-2026.jpg 921w, https:\/\/www.ine.gob.bo\/wp-content\/uploads\/2026\/04\/grafico-03-ipp-marzo-2026-300x143.jpg 300w, https:\/\/www.ine.gob.bo\/wp-content\/uploads\/2026\/04\/grafico-03-ipp-marzo-2026-768x366.jpg 768w\" sizes=\"auto, (max-width: 921px) 100vw, 921px\" \/>\r\n\r\n<img loading=\"lazy\" decoding=\"async\" class=\"aligncenter wp-image-74053 size-full\" src=\"https:\/\/www.ine.gob.bo\/wp-content\/uploads\/2026\/04\/grafico-04-ipp-marzo-2026.jpg\" alt=\"\" width=\"891\" height=\"415\" srcset=\"https:\/\/www.ine.gob.bo\/wp-content\/uploads\/2026\/04\/grafico-04-ipp-marzo-2026.jpg 891w, https:\/\/www.ine.gob.bo\/wp-content\/uploads\/2026\/04\/grafico-04-ipp-marzo-2026-300x140.jpg 300w, https:\/\/www.ine.gob.bo\/wp-content\/uploads\/2026\/04\/grafico-04-ipp-marzo-2026-768x358.jpg 768w\" sizes=\"auto, (max-width: 891px) 100vw, 891px\" \/>\r\n\r\n<strong>Productos con mayor incidencia positiva y negativa<\/strong>\r\n\r\nLos productos con mayor incidencia negativa fueron: soya, casta\u00f1a con c\u00e1scara, harina o torta de soya, aceite crudo de soya, carnes frescas de ganado porcino y arroz descascarillado.\r\n\r\nPor el contrario, los productos con mayor incidencia positiva en el mismo mes fueron: carnes frescas de pollo, concentrados de w\u00f3lfram, servicio de distribuci\u00f3n de electricidad, oro met\u00e1lico refinado, energ\u00eda hidroel\u00e9ctrica generada y ma\u00edz.\r\n\r\n<img loading=\"lazy\" decoding=\"async\" class=\"aligncenter wp-image-74052 size-full\" src=\"https:\/\/www.ine.gob.bo\/wp-content\/uploads\/2026\/04\/grafico-05-ipp-marzo-2026.jpg\" alt=\"\" width=\"939\" height=\"455\" srcset=\"https:\/\/www.ine.gob.bo\/wp-content\/uploads\/2026\/04\/grafico-05-ipp-marzo-2026.jpg 939w, https:\/\/www.ine.gob.bo\/wp-content\/uploads\/2026\/04\/grafico-05-ipp-marzo-2026-300x145.jpg 300w, https:\/\/www.ine.gob.bo\/wp-content\/uploads\/2026\/04\/grafico-05-ipp-marzo-2026-768x372.jpg 768w\" sizes=\"auto, (max-width: 939px) 100vw, 939px\" \/>\r\n\r\n&nbsp;\r\n<p style=\"text-align: center;\"><strong><em>Unidad de Difusi\u00f3n y Comunicaci\u00f3n <\/em><\/strong><\/p>\r\n<p style=\"text-align: center;\"><strong>INSTITUTO NACIONAL DE ESTAD\u00cdSTICA<\/strong><\/p>\r\n&nbsp;\r\n\r\n<img loading=\"lazy\" decoding=\"async\" class=\"aligncenter wp-image-72735 size-full\" src=\"https:\/\/www.ine.gob.bo\/wp-content\/uploads\/2026\/02\/Nota-al-pie.png\" alt=\"\" width=\"1374\" height=\"83\" srcset=\"https:\/\/www.ine.gob.bo\/wp-content\/uploads\/2026\/02\/Nota-al-pie.png 1374w, https:\/\/www.ine.gob.bo\/wp-content\/uploads\/2026\/02\/Nota-al-pie-300x18.png 300w, https:\/\/www.ine.gob.bo\/wp-content\/uploads\/2026\/02\/Nota-al-pie-1024x62.png 1024w, https:\/\/www.ine.gob.bo\/wp-content\/uploads\/2026\/02\/Nota-al-pie-768x46.png 768w\" sizes=\"auto, (max-width: 1374px) 100vw, 1374px\" \/>\r\n\r\n&nbsp;\r\n\r\n<a href=\"#_ftnref1\" name=\"_ftn1\"><\/a>\r\n<p class=\"has-text-align-center\"><\/p>\r\n<a href=\"https:\/\/nimbus.ine.gob.bo\/index.php\/s\/QZ8mRAkxa7ntRQa\/download\"><span style=\"color: #ff0000;\">Descargar Nota de Prensa<\/span><\/a>\r\n<p class=\"has-text-align-right\"><strong><em>Entidad dependiente del Ministerio de Planificaci\u00f3n del Desarrollo y Medio Ambiente<\/em><\/strong><\/p>\r\n<p class=\"has-text-align-center\"><!-- \/wp:post-content --><\/p>\r\n[\/vc_column_text][\/vc_column][\/vc_row]<!-- \/wp:freeform -->","protected":false},"excerpt":{"rendered":"<p>[vc_row][vc_column][vc_column_text]La Paz, 27 de abril de 2026 (INE). \u2013 La variaci\u00f3n mensual del \u00cdndice de Precios Productor (IPP) en marzo, respecto a febrero, fue negativa de 0,49%. Asimismo, la variaci\u00f3n acumulada a marzo fue positiva de 0,22% y la variaci\u00f3n a 12 meses alcanz\u00f3 a 17,33%. El \u00cdndice de Precios del Productor (IPP) mide la&hellip;<\/p>\n","protected":false},"author":22,"featured_media":74057,"comment_status":"closed","ping_status":"open","sticky":false,"template":"","format":"standard","meta":[],"categories":[158],"tags":[52],"class_list":["post-74051","post","type-post","status-publish","format-standard","has-post-thumbnail","hentry","category-ine-noticias","tag-ine-noticias","category-158","description-off"],"yoast_head":"<!-- This site is optimized with the Yoast SEO plugin v23.2 - https:\/\/yoast.com\/wordpress\/plugins\/seo\/ -->\n<title>El \u00cdndice de Precios Productor (IPP) registr\u00f3 una variaci\u00f3n negativa de 0,49% en marzo de 2026 - INE<\/title>\n<meta name=\"description\" content=\"P\u00e1gina oficial del Instituto Nacional de Estadistica INE, informaci\u00f3n estad\u00edstica, geogr\u00e1fica y econ\u00f3mica a nivel nacional.\" \/>\n<meta name=\"robots\" content=\"index, follow, max-snippet:-1, max-image-preview:large, max-video-preview:-1\" \/>\n<link rel=\"canonical\" href=\"https:\/\/www.ine.gob.bo\/index.php\/el-indice-de-precios-productor-ipp-registro-una-variacion-negativa-de-049-en-marzo-de-2026\/\" \/>\n<meta property=\"og:locale\" content=\"es_ES\" \/>\n<meta property=\"og:type\" content=\"article\" \/>\n<meta property=\"og:title\" content=\"El \u00cdndice de Precios Productor (IPP) registr\u00f3 una variaci\u00f3n negativa de 0,49% en marzo de 2026 - INE\" \/>\n<meta property=\"og:description\" content=\"P\u00e1gina oficial del Instituto Nacional de Estadistica INE, informaci\u00f3n estad\u00edstica, geogr\u00e1fica y econ\u00f3mica a nivel nacional.\" \/>\n<meta property=\"og:url\" content=\"https:\/\/www.ine.gob.bo\/index.php\/el-indice-de-precios-productor-ipp-registro-una-variacion-negativa-de-049-en-marzo-de-2026\/\" \/>\n<meta property=\"og:site_name\" content=\"INE\" \/>\n<meta property=\"article:publisher\" content=\"https:\/\/www.facebook.com\/ineboliviaoficial\" \/>\n<meta property=\"article:published_time\" content=\"2026-04-27T14:19:42+00:00\" \/>\n<meta property=\"og:image\" content=\"https:\/\/www.ine.gob.bo\/wp-content\/uploads\/2026\/04\/portada-NP-IPP-marzo26.jpg\" \/>\n\t<meta property=\"og:image:width\" content=\"585\" \/>\n\t<meta property=\"og:image:height\" content=\"761\" \/>\n\t<meta property=\"og:image:type\" content=\"image\/jpeg\" \/>\n<meta name=\"author\" content=\"Hilarion Quispe\" \/>\n<meta name=\"twitter:card\" content=\"summary_large_image\" \/>\n<meta name=\"twitter:creator\" content=\"@INE_Bolivia\" \/>\n<meta name=\"twitter:site\" content=\"@INE_Bolivia\" \/>\n<meta name=\"twitter:label1\" content=\"Escrito por\" \/>\n\t<meta name=\"twitter:data1\" content=\"Hilarion Quispe\" \/>\n\t<meta name=\"twitter:label2\" content=\"Tiempo de lectura\" \/>\n\t<meta name=\"twitter:data2\" content=\"3 minutos\" \/>\n<script type=\"application\/ld+json\" class=\"yoast-schema-graph\">{\"@context\":\"https:\/\/schema.org\",\"@graph\":[{\"@type\":\"Article\",\"@id\":\"https:\/\/www.ine.gob.bo\/index.php\/el-indice-de-precios-productor-ipp-registro-una-variacion-negativa-de-049-en-marzo-de-2026\/#article\",\"isPartOf\":{\"@id\":\"https:\/\/www.ine.gob.bo\/index.php\/el-indice-de-precios-productor-ipp-registro-una-variacion-negativa-de-049-en-marzo-de-2026\/\"},\"author\":{\"name\":\"Hilarion Quispe\",\"@id\":\"https:\/\/www.ine.gob.bo\/#\/schema\/person\/bbda3f9e5a109a1738458e8c3ea77df9\"},\"headline\":\"El \u00cdndice de Precios Productor (IPP) registr\u00f3 una variaci\u00f3n negativa de 0,49% en marzo de 2026\",\"datePublished\":\"2026-04-27T14:19:42+00:00\",\"dateModified\":\"2026-04-27T14:19:42+00:00\",\"mainEntityOfPage\":{\"@id\":\"https:\/\/www.ine.gob.bo\/index.php\/el-indice-de-precios-productor-ipp-registro-una-variacion-negativa-de-049-en-marzo-de-2026\/\"},\"wordCount\":296,\"publisher\":{\"@id\":\"https:\/\/www.ine.gob.bo\/#organization\"},\"image\":{\"@id\":\"https:\/\/www.ine.gob.bo\/index.php\/el-indice-de-precios-productor-ipp-registro-una-variacion-negativa-de-049-en-marzo-de-2026\/#primaryimage\"},\"thumbnailUrl\":\"https:\/\/www.ine.gob.bo\/wp-content\/uploads\/2026\/04\/portada-NP-IPP-marzo26.jpg\",\"keywords\":[\"INE Noticias\"],\"articleSection\":[\"INE noticias\"],\"inLanguage\":\"es\"},{\"@type\":\"WebPage\",\"@id\":\"https:\/\/www.ine.gob.bo\/index.php\/el-indice-de-precios-productor-ipp-registro-una-variacion-negativa-de-049-en-marzo-de-2026\/\",\"url\":\"https:\/\/www.ine.gob.bo\/index.php\/el-indice-de-precios-productor-ipp-registro-una-variacion-negativa-de-049-en-marzo-de-2026\/\",\"name\":\"El \u00cdndice de Precios Productor (IPP) registr\u00f3 una variaci\u00f3n negativa de 0,49% en marzo de 2026 - INE\",\"isPartOf\":{\"@id\":\"https:\/\/www.ine.gob.bo\/#website\"},\"primaryImageOfPage\":{\"@id\":\"https:\/\/www.ine.gob.bo\/index.php\/el-indice-de-precios-productor-ipp-registro-una-variacion-negativa-de-049-en-marzo-de-2026\/#primaryimage\"},\"image\":{\"@id\":\"https:\/\/www.ine.gob.bo\/index.php\/el-indice-de-precios-productor-ipp-registro-una-variacion-negativa-de-049-en-marzo-de-2026\/#primaryimage\"},\"thumbnailUrl\":\"https:\/\/www.ine.gob.bo\/wp-content\/uploads\/2026\/04\/portada-NP-IPP-marzo26.jpg\",\"datePublished\":\"2026-04-27T14:19:42+00:00\",\"dateModified\":\"2026-04-27T14:19:42+00:00\",\"description\":\"P\u00e1gina oficial del Instituto Nacional de Estadistica INE, informaci\u00f3n estad\u00edstica, geogr\u00e1fica y econ\u00f3mica a nivel nacional.\",\"breadcrumb\":{\"@id\":\"https:\/\/www.ine.gob.bo\/index.php\/el-indice-de-precios-productor-ipp-registro-una-variacion-negativa-de-049-en-marzo-de-2026\/#breadcrumb\"},\"inLanguage\":\"es\",\"potentialAction\":[{\"@type\":\"ReadAction\",\"target\":[\"https:\/\/www.ine.gob.bo\/index.php\/el-indice-de-precios-productor-ipp-registro-una-variacion-negativa-de-049-en-marzo-de-2026\/\"]}]},{\"@type\":\"ImageObject\",\"inLanguage\":\"es\",\"@id\":\"https:\/\/www.ine.gob.bo\/index.php\/el-indice-de-precios-productor-ipp-registro-una-variacion-negativa-de-049-en-marzo-de-2026\/#primaryimage\",\"url\":\"https:\/\/www.ine.gob.bo\/wp-content\/uploads\/2026\/04\/portada-NP-IPP-marzo26.jpg\",\"contentUrl\":\"https:\/\/www.ine.gob.bo\/wp-content\/uploads\/2026\/04\/portada-NP-IPP-marzo26.jpg\",\"width\":585,\"height\":761},{\"@type\":\"BreadcrumbList\",\"@id\":\"https:\/\/www.ine.gob.bo\/index.php\/el-indice-de-precios-productor-ipp-registro-una-variacion-negativa-de-049-en-marzo-de-2026\/#breadcrumb\",\"itemListElement\":[{\"@type\":\"ListItem\",\"position\":1,\"name\":\"Portada\",\"item\":\"https:\/\/www.ine.gob.bo\/\"},{\"@type\":\"ListItem\",\"position\":2,\"name\":\"El \u00cdndice de Precios Productor (IPP) registr\u00f3 una variaci\u00f3n negativa de 0,49% en marzo de 2026\"}]},{\"@type\":\"WebSite\",\"@id\":\"https:\/\/www.ine.gob.bo\/#website\",\"url\":\"https:\/\/www.ine.gob.bo\/\",\"name\":\"INE\",\"description\":\"Instituto Nacional de Estad\u00edstica\",\"publisher\":{\"@id\":\"https:\/\/www.ine.gob.bo\/#organization\"},\"potentialAction\":[{\"@type\":\"SearchAction\",\"target\":{\"@type\":\"EntryPoint\",\"urlTemplate\":\"https:\/\/www.ine.gob.bo\/?s={search_term_string}\"},\"query-input\":\"required name=search_term_string\"}],\"inLanguage\":\"es\"},{\"@type\":\"Organization\",\"@id\":\"https:\/\/www.ine.gob.bo\/#organization\",\"name\":\"Instituto Nacional de Estad\u00edstica\",\"url\":\"https:\/\/www.ine.gob.bo\/\",\"logo\":{\"@type\":\"ImageObject\",\"inLanguage\":\"es\",\"@id\":\"https:\/\/www.ine.gob.bo\/#\/schema\/logo\/image\/\",\"url\":\"https:\/\/www.ine.gob.bo\/wp-content\/uploads\/2026\/02\/logo-ine.jpg\",\"contentUrl\":\"https:\/\/www.ine.gob.bo\/wp-content\/uploads\/2026\/02\/logo-ine.jpg\",\"width\":799,\"height\":453,\"caption\":\"Instituto Nacional de Estad\u00edstica\"},\"image\":{\"@id\":\"https:\/\/www.ine.gob.bo\/#\/schema\/logo\/image\/\"},\"sameAs\":[\"https:\/\/www.facebook.com\/ineboliviaoficial\",\"https:\/\/x.com\/INE_Bolivia\",\"https:\/\/www.instagram.com\/ineboliviaoficial\/\",\"https:\/\/www.youtube.com\/channel\/UCbIQXKLw414g5kWo1tAwqCg\"]},{\"@type\":\"Person\",\"@id\":\"https:\/\/www.ine.gob.bo\/#\/schema\/person\/bbda3f9e5a109a1738458e8c3ea77df9\",\"name\":\"Hilarion Quispe\",\"image\":{\"@type\":\"ImageObject\",\"inLanguage\":\"es\",\"@id\":\"https:\/\/www.ine.gob.bo\/#\/schema\/person\/image\/\",\"url\":\"https:\/\/secure.gravatar.com\/avatar\/cada92ec49cff58016942c2cd581e13f8c76e3ffdb88a69f2f13cfcc45eff632?s=96&d=mm&r=g\",\"contentUrl\":\"https:\/\/secure.gravatar.com\/avatar\/cada92ec49cff58016942c2cd581e13f8c76e3ffdb88a69f2f13cfcc45eff632?s=96&d=mm&r=g\",\"caption\":\"Hilarion Quispe\"},\"url\":\"https:\/\/www.ine.gob.bo\/index.php\/author\/hquispe\/\"}]}<\/script>\n<!-- \/ Yoast SEO plugin. -->","yoast_head_json":{"title":"El \u00cdndice de Precios Productor (IPP) registr\u00f3 una variaci\u00f3n negativa de 0,49% en marzo de 2026 - INE","description":"P\u00e1gina oficial del Instituto Nacional de Estadistica INE, informaci\u00f3n estad\u00edstica, geogr\u00e1fica y econ\u00f3mica a nivel nacional.","robots":{"index":"index","follow":"follow","max-snippet":"max-snippet:-1","max-image-preview":"max-image-preview:large","max-video-preview":"max-video-preview:-1"},"canonical":"https:\/\/www.ine.gob.bo\/index.php\/el-indice-de-precios-productor-ipp-registro-una-variacion-negativa-de-049-en-marzo-de-2026\/","og_locale":"es_ES","og_type":"article","og_title":"El \u00cdndice de Precios Productor (IPP) registr\u00f3 una variaci\u00f3n negativa de 0,49% en marzo de 2026 - INE","og_description":"P\u00e1gina oficial del Instituto Nacional de Estadistica INE, informaci\u00f3n estad\u00edstica, geogr\u00e1fica y econ\u00f3mica a nivel nacional.","og_url":"https:\/\/www.ine.gob.bo\/index.php\/el-indice-de-precios-productor-ipp-registro-una-variacion-negativa-de-049-en-marzo-de-2026\/","og_site_name":"INE","article_publisher":"https:\/\/www.facebook.com\/ineboliviaoficial","article_published_time":"2026-04-27T14:19:42+00:00","og_image":[{"width":585,"height":761,"url":"https:\/\/www.ine.gob.bo\/wp-content\/uploads\/2026\/04\/portada-NP-IPP-marzo26.jpg","type":"image\/jpeg"}],"author":"Hilarion Quispe","twitter_card":"summary_large_image","twitter_creator":"@INE_Bolivia","twitter_site":"@INE_Bolivia","twitter_misc":{"Escrito por":"Hilarion Quispe","Tiempo de lectura":"3 minutos"},"schema":{"@context":"https:\/\/schema.org","@graph":[{"@type":"Article","@id":"https:\/\/www.ine.gob.bo\/index.php\/el-indice-de-precios-productor-ipp-registro-una-variacion-negativa-de-049-en-marzo-de-2026\/#article","isPartOf":{"@id":"https:\/\/www.ine.gob.bo\/index.php\/el-indice-de-precios-productor-ipp-registro-una-variacion-negativa-de-049-en-marzo-de-2026\/"},"author":{"name":"Hilarion Quispe","@id":"https:\/\/www.ine.gob.bo\/#\/schema\/person\/bbda3f9e5a109a1738458e8c3ea77df9"},"headline":"El \u00cdndice de Precios Productor (IPP) registr\u00f3 una variaci\u00f3n negativa de 0,49% en marzo de 2026","datePublished":"2026-04-27T14:19:42+00:00","dateModified":"2026-04-27T14:19:42+00:00","mainEntityOfPage":{"@id":"https:\/\/www.ine.gob.bo\/index.php\/el-indice-de-precios-productor-ipp-registro-una-variacion-negativa-de-049-en-marzo-de-2026\/"},"wordCount":296,"publisher":{"@id":"https:\/\/www.ine.gob.bo\/#organization"},"image":{"@id":"https:\/\/www.ine.gob.bo\/index.php\/el-indice-de-precios-productor-ipp-registro-una-variacion-negativa-de-049-en-marzo-de-2026\/#primaryimage"},"thumbnailUrl":"https:\/\/www.ine.gob.bo\/wp-content\/uploads\/2026\/04\/portada-NP-IPP-marzo26.jpg","keywords":["INE Noticias"],"articleSection":["INE noticias"],"inLanguage":"es"},{"@type":"WebPage","@id":"https:\/\/www.ine.gob.bo\/index.php\/el-indice-de-precios-productor-ipp-registro-una-variacion-negativa-de-049-en-marzo-de-2026\/","url":"https:\/\/www.ine.gob.bo\/index.php\/el-indice-de-precios-productor-ipp-registro-una-variacion-negativa-de-049-en-marzo-de-2026\/","name":"El \u00cdndice de Precios Productor (IPP) registr\u00f3 una variaci\u00f3n negativa de 0,49% en marzo de 2026 - INE","isPartOf":{"@id":"https:\/\/www.ine.gob.bo\/#website"},"primaryImageOfPage":{"@id":"https:\/\/www.ine.gob.bo\/index.php\/el-indice-de-precios-productor-ipp-registro-una-variacion-negativa-de-049-en-marzo-de-2026\/#primaryimage"},"image":{"@id":"https:\/\/www.ine.gob.bo\/index.php\/el-indice-de-precios-productor-ipp-registro-una-variacion-negativa-de-049-en-marzo-de-2026\/#primaryimage"},"thumbnailUrl":"https:\/\/www.ine.gob.bo\/wp-content\/uploads\/2026\/04\/portada-NP-IPP-marzo26.jpg","datePublished":"2026-04-27T14:19:42+00:00","dateModified":"2026-04-27T14:19:42+00:00","description":"P\u00e1gina oficial del Instituto Nacional de Estadistica INE, informaci\u00f3n estad\u00edstica, geogr\u00e1fica y econ\u00f3mica a nivel nacional.","breadcrumb":{"@id":"https:\/\/www.ine.gob.bo\/index.php\/el-indice-de-precios-productor-ipp-registro-una-variacion-negativa-de-049-en-marzo-de-2026\/#breadcrumb"},"inLanguage":"es","potentialAction":[{"@type":"ReadAction","target":["https:\/\/www.ine.gob.bo\/index.php\/el-indice-de-precios-productor-ipp-registro-una-variacion-negativa-de-049-en-marzo-de-2026\/"]}]},{"@type":"ImageObject","inLanguage":"es","@id":"https:\/\/www.ine.gob.bo\/index.php\/el-indice-de-precios-productor-ipp-registro-una-variacion-negativa-de-049-en-marzo-de-2026\/#primaryimage","url":"https:\/\/www.ine.gob.bo\/wp-content\/uploads\/2026\/04\/portada-NP-IPP-marzo26.jpg","contentUrl":"https:\/\/www.ine.gob.bo\/wp-content\/uploads\/2026\/04\/portada-NP-IPP-marzo26.jpg","width":585,"height":761},{"@type":"BreadcrumbList","@id":"https:\/\/www.ine.gob.bo\/index.php\/el-indice-de-precios-productor-ipp-registro-una-variacion-negativa-de-049-en-marzo-de-2026\/#breadcrumb","itemListElement":[{"@type":"ListItem","position":1,"name":"Portada","item":"https:\/\/www.ine.gob.bo\/"},{"@type":"ListItem","position":2,"name":"El \u00cdndice de Precios Productor (IPP) registr\u00f3 una variaci\u00f3n negativa de 0,49% en marzo de 2026"}]},{"@type":"WebSite","@id":"https:\/\/www.ine.gob.bo\/#website","url":"https:\/\/www.ine.gob.bo\/","name":"INE","description":"Instituto Nacional de Estad\u00edstica","publisher":{"@id":"https:\/\/www.ine.gob.bo\/#organization"},"potentialAction":[{"@type":"SearchAction","target":{"@type":"EntryPoint","urlTemplate":"https:\/\/www.ine.gob.bo\/?s={search_term_string}"},"query-input":"required name=search_term_string"}],"inLanguage":"es"},{"@type":"Organization","@id":"https:\/\/www.ine.gob.bo\/#organization","name":"Instituto Nacional de Estad\u00edstica","url":"https:\/\/www.ine.gob.bo\/","logo":{"@type":"ImageObject","inLanguage":"es","@id":"https:\/\/www.ine.gob.bo\/#\/schema\/logo\/image\/","url":"https:\/\/www.ine.gob.bo\/wp-content\/uploads\/2026\/02\/logo-ine.jpg","contentUrl":"https:\/\/www.ine.gob.bo\/wp-content\/uploads\/2026\/02\/logo-ine.jpg","width":799,"height":453,"caption":"Instituto Nacional de Estad\u00edstica"},"image":{"@id":"https:\/\/www.ine.gob.bo\/#\/schema\/logo\/image\/"},"sameAs":["https:\/\/www.facebook.com\/ineboliviaoficial","https:\/\/x.com\/INE_Bolivia","https:\/\/www.instagram.com\/ineboliviaoficial\/","https:\/\/www.youtube.com\/channel\/UCbIQXKLw414g5kWo1tAwqCg"]},{"@type":"Person","@id":"https:\/\/www.ine.gob.bo\/#\/schema\/person\/bbda3f9e5a109a1738458e8c3ea77df9","name":"Hilarion Quispe","image":{"@type":"ImageObject","inLanguage":"es","@id":"https:\/\/www.ine.gob.bo\/#\/schema\/person\/image\/","url":"https:\/\/secure.gravatar.com\/avatar\/cada92ec49cff58016942c2cd581e13f8c76e3ffdb88a69f2f13cfcc45eff632?s=96&d=mm&r=g","contentUrl":"https:\/\/secure.gravatar.com\/avatar\/cada92ec49cff58016942c2cd581e13f8c76e3ffdb88a69f2f13cfcc45eff632?s=96&d=mm&r=g","caption":"Hilarion Quispe"},"url":"https:\/\/www.ine.gob.bo\/index.php\/author\/hquispe\/"}]}},"rttpg_featured_image_url":{"full":["https:\/\/www.ine.gob.bo\/wp-content\/uploads\/2026\/04\/portada-NP-IPP-marzo26.jpg",585,761,false],"landscape":["https:\/\/www.ine.gob.bo\/wp-content\/uploads\/2026\/04\/portada-NP-IPP-marzo26.jpg",585,761,false],"portraits":["https:\/\/www.ine.gob.bo\/wp-content\/uploads\/2026\/04\/portada-NP-IPP-marzo26.jpg",585,761,false],"thumbnail":["https:\/\/www.ine.gob.bo\/wp-content\/uploads\/2026\/04\/portada-NP-IPP-marzo26-150x150.jpg",150,150,true],"medium":["https:\/\/www.ine.gob.bo\/wp-content\/uploads\/2026\/04\/portada-NP-IPP-marzo26-231x300.jpg",231,300,true],"large":["https:\/\/www.ine.gob.bo\/wp-content\/uploads\/2026\/04\/portada-NP-IPP-marzo26.jpg",585,761,false],"1536x1536":["https:\/\/www.ine.gob.bo\/wp-content\/uploads\/2026\/04\/portada-NP-IPP-marzo26.jpg",585,761,false],"2048x2048":["https:\/\/www.ine.gob.bo\/wp-content\/uploads\/2026\/04\/portada-NP-IPP-marzo26.jpg",585,761,false]},"rttpg_author":{"display_name":"Hilarion Quispe","author_link":"https:\/\/www.ine.gob.bo\/index.php\/author\/hquispe\/"},"rttpg_comment":0,"rttpg_category":"<a href=\"https:\/\/www.ine.gob.bo\/index.php\/category\/ine-noticias\/\" rel=\"category tag\">INE noticias<\/a>","rttpg_excerpt":"[vc_row][vc_column][vc_column_text]La Paz, 27 de abril de 2026 (INE). \u2013 La variaci\u00f3n mensual del \u00cdndice de Precios Productor (IPP) en marzo, respecto a febrero, fue negativa de 0,49%. Asimismo, la variaci\u00f3n acumulada a marzo fue positiva de 0,22% y la variaci\u00f3n a 12 meses alcanz\u00f3 a 17,33%. El \u00cdndice de Precios del Productor (IPP) mide la&hellip;","_links":{"self":[{"href":"https:\/\/www.ine.gob.bo\/index.php\/wp-json\/wp\/v2\/posts\/74051","targetHints":{"allow":["GET"]}}],"collection":[{"href":"https:\/\/www.ine.gob.bo\/index.php\/wp-json\/wp\/v2\/posts"}],"about":[{"href":"https:\/\/www.ine.gob.bo\/index.php\/wp-json\/wp\/v2\/types\/post"}],"author":[{"embeddable":true,"href":"https:\/\/www.ine.gob.bo\/index.php\/wp-json\/wp\/v2\/users\/22"}],"replies":[{"embeddable":true,"href":"https:\/\/www.ine.gob.bo\/index.php\/wp-json\/wp\/v2\/comments?post=74051"}],"version-history":[{"count":1,"href":"https:\/\/www.ine.gob.bo\/index.php\/wp-json\/wp\/v2\/posts\/74051\/revisions"}],"predecessor-version":[{"id":74058,"href":"https:\/\/www.ine.gob.bo\/index.php\/wp-json\/wp\/v2\/posts\/74051\/revisions\/74058"}],"wp:featuredmedia":[{"embeddable":true,"href":"https:\/\/www.ine.gob.bo\/index.php\/wp-json\/wp\/v2\/media\/74057"}],"wp:attachment":[{"href":"https:\/\/www.ine.gob.bo\/index.php\/wp-json\/wp\/v2\/media?parent=74051"}],"wp:term":[{"taxonomy":"category","embeddable":true,"href":"https:\/\/www.ine.gob.bo\/index.php\/wp-json\/wp\/v2\/categories?post=74051"},{"taxonomy":"post_tag","embeddable":true,"href":"https:\/\/www.ine.gob.bo\/index.php\/wp-json\/wp\/v2\/tags?post=74051"}],"curies":[{"name":"wp","href":"https:\/\/api.w.org\/{rel}","templated":true}]}}