{"id":73354,"date":"2026-03-11T19:00:04","date_gmt":"2026-03-11T23:00:04","guid":{"rendered":"https:\/\/www.ine.gob.bo\/?p=73354"},"modified":"2026-03-11T19:00:04","modified_gmt":"2026-03-11T23:00:04","slug":"el-indice-de-precios-al-por-mayor-ipm-registro-una-variacion-negativa-de-086-en-febrero-de-2026","status":"publish","type":"post","link":"https:\/\/www.ine.gob.bo\/index.php\/el-indice-de-precios-al-por-mayor-ipm-registro-una-variacion-negativa-de-086-en-febrero-de-2026\/","title":{"rendered":"El \u00cdndice de Precios al por Mayor (IPM) registr\u00f3 una variaci\u00f3n negativa de 0,86% en febrero de 2026"},"content":{"rendered":"<p>[vc_row][vc_column][vc_column_text]<\/p>\r\n<p style=\"text-align: justify;\"><strong>La Paz, 11 de marzo de 2026 (INE). \u2013 <\/strong>La variaci\u00f3n mensual del \u00cdndice de Precios al por Mayor (IPM), en febrero respecto a enero fue negativa de 0,86%. Asimismo la variaci\u00f3n acumulada a febrero fue negativa de 1,43% y la variaci\u00f3n a 12 meses alcanz\u00f3 a 19,73%.<\/p>\r\n<p style=\"text-align: justify;\">El IPM es un indicador que mide la variaci\u00f3n en los precios de un conjunto de bienes que se transan en el canal de comercializaci\u00f3n mayorista, clasificados por su origen en nacionales e importados. Es importante aclarar que este \u00edndice (IPM) no utiliza como par\u00e1metro el gasto de consumo de los hogares; por tanto, el \u00cdndice de Precios al Consumidor (IPC) se mantiene como el \u00fanico indicador oficial para medir la inflaci\u00f3n en Bolivia.<\/p>\r\n<p><img loading=\"lazy\" decoding=\"async\" class=\"aligncenter wp-image-73355 size-full\" src=\"https:\/\/www.ine.gob.bo\/wp-content\/uploads\/2026\/03\/Cuadro-1-NP-IPM-febrero-2026.png\" alt=\"\" width=\"930\" height=\"500\" srcset=\"https:\/\/www.ine.gob.bo\/wp-content\/uploads\/2026\/03\/Cuadro-1-NP-IPM-febrero-2026.png 930w, https:\/\/www.ine.gob.bo\/wp-content\/uploads\/2026\/03\/Cuadro-1-NP-IPM-febrero-2026-300x161.png 300w, https:\/\/www.ine.gob.bo\/wp-content\/uploads\/2026\/03\/Cuadro-1-NP-IPM-febrero-2026-768x413.png 768w\" sizes=\"auto, (max-width: 930px) 100vw, 930px\" \/><\/p>\r\n<p><img loading=\"lazy\" decoding=\"async\" class=\"aligncenter wp-image-73356 size-large\" src=\"https:\/\/www.ine.gob.bo\/wp-content\/uploads\/2026\/03\/Grafico-1-NP-IPM-febrero-2026-1024x666.png\" alt=\"\" width=\"1024\" height=\"666\" srcset=\"https:\/\/www.ine.gob.bo\/wp-content\/uploads\/2026\/03\/Grafico-1-NP-IPM-febrero-2026-1024x666.png 1024w, https:\/\/www.ine.gob.bo\/wp-content\/uploads\/2026\/03\/Grafico-1-NP-IPM-febrero-2026-300x195.png 300w, https:\/\/www.ine.gob.bo\/wp-content\/uploads\/2026\/03\/Grafico-1-NP-IPM-febrero-2026-768x499.png 768w, https:\/\/www.ine.gob.bo\/wp-content\/uploads\/2026\/03\/Grafico-1-NP-IPM-febrero-2026.png 1052w\" sizes=\"auto, (max-width: 1024px) 100vw, 1024px\" \/><\/p>\r\n<p>&nbsp;<\/p>\r\n<p style=\"text-align: justify;\"><strong>Comportamiento de precios al por mayor, seg\u00fan origen<\/strong><\/p>\r\n<p style=\"text-align: justify;\">La variaci\u00f3n de -0,86% registrada en febrero de 2026 fue impulsada principalmente por el sector nacional, que present\u00f3 una incidencia de -0,49 puntos porcentuales (p.p.) y una variaci\u00f3n de -0,59%. A esto se sum\u00f3 el comportamiento de los productos importados, que contribuyeron con una incidencia de -0,37 p.p., asociada a una variaci\u00f3n de -2,23%.<\/p>\r\n<p><img loading=\"lazy\" decoding=\"async\" class=\"aligncenter wp-image-73357 size-full\" src=\"https:\/\/www.ine.gob.bo\/wp-content\/uploads\/2026\/03\/Cuadro-2-NP-IPM-febrero-2026.png\" alt=\"\" width=\"991\" height=\"420\" srcset=\"https:\/\/www.ine.gob.bo\/wp-content\/uploads\/2026\/03\/Cuadro-2-NP-IPM-febrero-2026.png 991w, https:\/\/www.ine.gob.bo\/wp-content\/uploads\/2026\/03\/Cuadro-2-NP-IPM-febrero-2026-300x127.png 300w, https:\/\/www.ine.gob.bo\/wp-content\/uploads\/2026\/03\/Cuadro-2-NP-IPM-febrero-2026-768x325.png 768w\" sizes=\"auto, (max-width: 991px) 100vw, 991px\" \/><\/p>\r\n<p><img loading=\"lazy\" decoding=\"async\" class=\"aligncenter wp-image-73358 size-full\" src=\"https:\/\/www.ine.gob.bo\/wp-content\/uploads\/2026\/03\/Grafico-2-NP-IPM-febrero-2026.png\" alt=\"\" width=\"753\" height=\"442\" srcset=\"https:\/\/www.ine.gob.bo\/wp-content\/uploads\/2026\/03\/Grafico-2-NP-IPM-febrero-2026.png 753w, https:\/\/www.ine.gob.bo\/wp-content\/uploads\/2026\/03\/Grafico-2-NP-IPM-febrero-2026-300x176.png 300w\" sizes=\"auto, (max-width: 753px) 100vw, 753px\" \/><\/p>\r\n<p>&nbsp;<\/p>\r\n<p style=\"text-align: justify;\"><strong>Comportamiento de precios al por mayor, seg\u00fan origen y grupos<\/strong><\/p>\r\n<p style=\"text-align: justify;\">El decremento de 0,59% en los precios de los productos de origen nacional se explica por el sector manufacturero que present\u00f3 una incidencia negativa de 0,44 p.p. y una variaci\u00f3n porcentual negativa de 0,72%. De igual forma, el sector agr\u00edcola present\u00f3 una incidencia negativa de 0,15 p.p., asociada a una variaci\u00f3n negativa de 0,40%.<\/p>\r\n<p style=\"text-align: justify;\">Asimismo, los productos de origen importado presentaron una variaci\u00f3n negativa de 2,23%, la cual se debi\u00f3 al sector manufacturero, con una incidencia negativa de 2,21 p.p. y una variaci\u00f3n porcentual negativa de 2,25%. En contraste, el sector agr\u00edcola aport\u00f3 una incidencia negativa de 0,02 p.p., asociada a un decremento de precios de 1,31%.<\/p>\r\n<p><img loading=\"lazy\" decoding=\"async\" class=\"aligncenter wp-image-73359 size-full\" src=\"https:\/\/www.ine.gob.bo\/wp-content\/uploads\/2026\/03\/Cuadro-3-NP-IPM-febrero-2026.png\" alt=\"\" width=\"974\" height=\"532\" srcset=\"https:\/\/www.ine.gob.bo\/wp-content\/uploads\/2026\/03\/Cuadro-3-NP-IPM-febrero-2026.png 974w, https:\/\/www.ine.gob.bo\/wp-content\/uploads\/2026\/03\/Cuadro-3-NP-IPM-febrero-2026-300x164.png 300w, https:\/\/www.ine.gob.bo\/wp-content\/uploads\/2026\/03\/Cuadro-3-NP-IPM-febrero-2026-768x419.png 768w\" sizes=\"auto, (max-width: 974px) 100vw, 974px\" \/><\/p>\r\n<p><img loading=\"lazy\" decoding=\"async\" class=\"aligncenter wp-image-73360 size-full\" src=\"https:\/\/www.ine.gob.bo\/wp-content\/uploads\/2026\/03\/Grafico-3-NP-IPM-febrero-2026.png\" alt=\"\" width=\"894\" height=\"619\" srcset=\"https:\/\/www.ine.gob.bo\/wp-content\/uploads\/2026\/03\/Grafico-3-NP-IPM-febrero-2026.png 894w, https:\/\/www.ine.gob.bo\/wp-content\/uploads\/2026\/03\/Grafico-3-NP-IPM-febrero-2026-300x208.png 300w, https:\/\/www.ine.gob.bo\/wp-content\/uploads\/2026\/03\/Grafico-3-NP-IPM-febrero-2026-768x532.png 768w\" sizes=\"auto, (max-width: 894px) 100vw, 894px\" \/><\/p>\r\n<p>&nbsp;<\/p>\r\n<p style=\"text-align: justify;\"><strong>Productos con mayor incidencia positiva y negativa<\/strong><strong>\u00a0<\/strong><\/p>\r\n<p style=\"text-align: justify;\"><strong>Origen nacional<\/strong><\/p>\r\n<p style=\"text-align: justify;\">Los productos con mayor incidencia negativa en febrero de 2026 fueron: papa (patata), carnes frescas de pollo, carnes frescas de ganado porcino, huevos de gallina, casta\u00f1a pelada y hoja de coca. Por el contrario, los productos con mayor incidencia positiva fueron: banano, papaya, palta (aguacate), art\u00edculos para el envasado de productos, durazno y carnes frescas de ganado bovino.<\/p>\r\n<p><img loading=\"lazy\" decoding=\"async\" class=\"aligncenter wp-image-73361 size-full\" src=\"https:\/\/www.ine.gob.bo\/wp-content\/uploads\/2026\/03\/Cuadro-4-NP-IPM-febrero-2026.png\" alt=\"\" width=\"986\" height=\"660\" srcset=\"https:\/\/www.ine.gob.bo\/wp-content\/uploads\/2026\/03\/Cuadro-4-NP-IPM-febrero-2026.png 986w, https:\/\/www.ine.gob.bo\/wp-content\/uploads\/2026\/03\/Cuadro-4-NP-IPM-febrero-2026-300x201.png 300w, https:\/\/www.ine.gob.bo\/wp-content\/uploads\/2026\/03\/Cuadro-4-NP-IPM-febrero-2026-768x514.png 768w\" sizes=\"auto, (max-width: 986px) 100vw, 986px\" \/><\/p>\r\n<p>&nbsp;<\/p>\r\n<p style=\"text-align: justify;\"><strong>Origen importado<\/strong><\/p>\r\n<p style=\"text-align: justify;\">Los productos con mayor incidencia negativa, en febrero de 2026, fueron: partes\/piezas\/ accesorios para veh\u00edculos automotores, productos farmac\u00e9uticos, papel\/cart\u00f3n en rollos\/ cortados listos para usar, jab\u00f3n\/preparados para limpieza\/perfumes y preparados de tocador, grasas automotrices e industriales y tableros laminados\/contrachapado\/ encolados. Por el contrario, aquellos productos con mayor incidencia positiva fueron: papel higi\u00e9nico\/servilletas\/pa\u00f1ales desechables, productos de material pl\u00e1stico, pinturas\/ barnices\/colores para la pintura art\u00edstica\/tinta, cigarrillos, cer\u00e1micos\/pisos y fideos\/pastas.<\/p>\r\n<p><img loading=\"lazy\" decoding=\"async\" class=\"aligncenter wp-image-73362 size-full\" src=\"https:\/\/www.ine.gob.bo\/wp-content\/uploads\/2026\/03\/Cuadro-5-NP-IPM-febrero-2026.png\" alt=\"\" width=\"1011\" height=\"659\" srcset=\"https:\/\/www.ine.gob.bo\/wp-content\/uploads\/2026\/03\/Cuadro-5-NP-IPM-febrero-2026.png 1011w, https:\/\/www.ine.gob.bo\/wp-content\/uploads\/2026\/03\/Cuadro-5-NP-IPM-febrero-2026-300x196.png 300w, https:\/\/www.ine.gob.bo\/wp-content\/uploads\/2026\/03\/Cuadro-5-NP-IPM-febrero-2026-768x501.png 768w\" sizes=\"auto, (max-width: 1011px) 100vw, 1011px\" \/><\/p>\r\n<p><img loading=\"lazy\" decoding=\"async\" class=\"aligncenter wp-image-73363 size-full\" src=\"https:\/\/www.ine.gob.bo\/wp-content\/uploads\/2026\/03\/Grafico-4-NP-IPM-febrero-2026.png\" alt=\"\" width=\"1043\" height=\"645\" srcset=\"https:\/\/www.ine.gob.bo\/wp-content\/uploads\/2026\/03\/Grafico-4-NP-IPM-febrero-2026.png 1043w, https:\/\/www.ine.gob.bo\/wp-content\/uploads\/2026\/03\/Grafico-4-NP-IPM-febrero-2026-300x186.png 300w, https:\/\/www.ine.gob.bo\/wp-content\/uploads\/2026\/03\/Grafico-4-NP-IPM-febrero-2026-1024x633.png 1024w, https:\/\/www.ine.gob.bo\/wp-content\/uploads\/2026\/03\/Grafico-4-NP-IPM-febrero-2026-768x475.png 768w\" sizes=\"auto, (max-width: 1043px) 100vw, 1043px\" \/><\/p>\r\n<p>&nbsp;<\/p>\r\n<p>&nbsp;<\/p>\r\n<p style=\"text-align: center;\"><em><strong>Unidad de Difusi\u00f3n y Comunicaci\u00f3n <\/strong><\/em><br \/><strong>INSTITUTO NACIONAL DE ESTAD\u00cdSTICA<\/strong><\/p>\r\n<p>&nbsp;<\/p>\r\n<p><img loading=\"lazy\" decoding=\"async\" class=\"aligncenter wp-image-58439 size-full\" src=\"https:\/\/www.ine.gob.bo\/wp-content\/uploads\/2022\/09\/Nota.-NP-IPM-Agosto-2022.png\" alt=\"\" width=\"896\" height=\"50\" srcset=\"https:\/\/www.ine.gob.bo\/wp-content\/uploads\/2022\/09\/Nota.-NP-IPM-Agosto-2022.png 896w, https:\/\/www.ine.gob.bo\/wp-content\/uploads\/2022\/09\/Nota.-NP-IPM-Agosto-2022-300x17.png 300w, https:\/\/www.ine.gob.bo\/wp-content\/uploads\/2022\/09\/Nota.-NP-IPM-Agosto-2022-768x43.png 768w\" sizes=\"auto, (max-width: 896px) 100vw, 896px\" \/><\/p>\r\n<p>&nbsp;<\/p>\r\n<p>&nbsp;<\/p>\r\n<p><a href=\"https:\/\/nimbus.ine.gob.bo\/index.php\/s\/bGcrTYE46Yg5dTC\/download\"><span style=\"color: #ff0000;\">Descargar Nota de Prensa<\/span><\/a><\/p>\r\n<p class=\"has-text-align-center\"><!-- \/wp:post-content --><\/p>\r\n<p class=\"has-text-align-center\"><!-- wp:separator --><\/p>\r\n<hr class=\"wp-block-separator\" \/>\r\n<p class=\"has-text-align-center\"><!-- \/wp:separator --><\/p>\r\n<p class=\"has-text-align-center\"><!-- wp:paragraph {\"align\":\"right\"} --><\/p>\r\n<p class=\"has-text-align-right\"><strong><em>Entidad dependiente del Ministerio de Planificaci\u00f3n del Desarrollo y\u00a0 Medio Ambiente<\/em><\/strong><\/p>\r\n<p class=\"has-text-align-center\"><!-- \/wp:paragraph --><\/p>\r\n<p>&nbsp;<\/p>\r\n<p>&nbsp;<\/p>\r\n<p>&nbsp;<\/p>\r\n<p>[\/vc_column_text][\/vc_column][\/vc_row]<\/p>","protected":false},"excerpt":{"rendered":"<p>[vc_row][vc_column][vc_column_text] La Paz, 11 de marzo de 2026 (INE). \u2013 La variaci\u00f3n mensual del \u00cdndice de Precios al por Mayor (IPM), en febrero respecto a enero fue negativa de 0,86%. Asimismo la variaci\u00f3n acumulada a febrero fue negativa de 1,43% y la variaci\u00f3n a 12 meses alcanz\u00f3 a 19,73%. El IPM es un indicador que&hellip;<\/p>\n","protected":false},"author":19,"featured_media":73364,"comment_status":"closed","ping_status":"open","sticky":false,"template":"","format":"standard","meta":[],"categories":[158],"tags":[52],"class_list":["post-73354","post","type-post","status-publish","format-standard","has-post-thumbnail","hentry","category-ine-noticias","tag-ine-noticias","category-158","description-off"],"yoast_head":"<!-- This site is optimized with the Yoast SEO plugin v23.2 - https:\/\/yoast.com\/wordpress\/plugins\/seo\/ -->\n<title>El \u00cdndice de Precios al por Mayor (IPM) registr\u00f3 una variaci\u00f3n negativa de 0,86% en febrero de 2026 - INE<\/title>\n<meta name=\"description\" content=\"P\u00e1gina oficial del Instituto Nacional de Estadistica INE, informaci\u00f3n estad\u00edstica, geogr\u00e1fica y econ\u00f3mica a nivel nacional.\" \/>\n<meta name=\"robots\" content=\"index, follow, max-snippet:-1, max-image-preview:large, max-video-preview:-1\" \/>\n<link rel=\"canonical\" href=\"https:\/\/www.ine.gob.bo\/index.php\/el-indice-de-precios-al-por-mayor-ipm-registro-una-variacion-negativa-de-086-en-febrero-de-2026\/\" \/>\n<meta property=\"og:locale\" content=\"es_ES\" \/>\n<meta property=\"og:type\" content=\"article\" \/>\n<meta property=\"og:title\" content=\"El \u00cdndice de Precios al por Mayor (IPM) registr\u00f3 una variaci\u00f3n negativa de 0,86% en febrero de 2026 - INE\" \/>\n<meta property=\"og:description\" content=\"P\u00e1gina oficial del Instituto Nacional de Estadistica INE, informaci\u00f3n estad\u00edstica, geogr\u00e1fica y econ\u00f3mica a nivel nacional.\" \/>\n<meta property=\"og:url\" content=\"https:\/\/www.ine.gob.bo\/index.php\/el-indice-de-precios-al-por-mayor-ipm-registro-una-variacion-negativa-de-086-en-febrero-de-2026\/\" \/>\n<meta property=\"og:site_name\" content=\"INE\" \/>\n<meta property=\"article:publisher\" content=\"https:\/\/www.facebook.com\/ineboliviaoficial\" \/>\n<meta property=\"article:published_time\" content=\"2026-03-11T23:00:04+00:00\" \/>\n<meta property=\"og:image\" content=\"https:\/\/www.ine.gob.bo\/wp-content\/uploads\/2026\/03\/Portada-NP-IPM-febrero-2026.png\" \/>\n\t<meta property=\"og:image:width\" content=\"689\" \/>\n\t<meta property=\"og:image:height\" content=\"902\" \/>\n\t<meta property=\"og:image:type\" content=\"image\/png\" \/>\n<meta name=\"author\" content=\"Albaro Benedicto Laime Mamani\" \/>\n<meta name=\"twitter:card\" content=\"summary_large_image\" \/>\n<meta name=\"twitter:creator\" content=\"@INE_Bolivia\" \/>\n<meta name=\"twitter:site\" content=\"@INE_Bolivia\" \/>\n<meta name=\"twitter:label1\" content=\"Escrito por\" \/>\n\t<meta name=\"twitter:data1\" content=\"Albaro Benedicto Laime Mamani\" \/>\n\t<meta name=\"twitter:label2\" content=\"Tiempo de lectura\" \/>\n\t<meta name=\"twitter:data2\" content=\"5 minutos\" \/>\n<script type=\"application\/ld+json\" class=\"yoast-schema-graph\">{\"@context\":\"https:\/\/schema.org\",\"@graph\":[{\"@type\":\"Article\",\"@id\":\"https:\/\/www.ine.gob.bo\/index.php\/el-indice-de-precios-al-por-mayor-ipm-registro-una-variacion-negativa-de-086-en-febrero-de-2026\/#article\",\"isPartOf\":{\"@id\":\"https:\/\/www.ine.gob.bo\/index.php\/el-indice-de-precios-al-por-mayor-ipm-registro-una-variacion-negativa-de-086-en-febrero-de-2026\/\"},\"author\":{\"name\":\"Albaro Benedicto Laime Mamani\",\"@id\":\"https:\/\/www.ine.gob.bo\/#\/schema\/person\/cd5e3dea21e6634e99cebddcca7540d1\"},\"headline\":\"El \u00cdndice de Precios al por Mayor (IPM) registr\u00f3 una variaci\u00f3n negativa de 0,86% en febrero de 2026\",\"datePublished\":\"2026-03-11T23:00:04+00:00\",\"dateModified\":\"2026-03-11T23:00:04+00:00\",\"mainEntityOfPage\":{\"@id\":\"https:\/\/www.ine.gob.bo\/index.php\/el-indice-de-precios-al-por-mayor-ipm-registro-una-variacion-negativa-de-086-en-febrero-de-2026\/\"},\"wordCount\":534,\"publisher\":{\"@id\":\"https:\/\/www.ine.gob.bo\/#organization\"},\"image\":{\"@id\":\"https:\/\/www.ine.gob.bo\/index.php\/el-indice-de-precios-al-por-mayor-ipm-registro-una-variacion-negativa-de-086-en-febrero-de-2026\/#primaryimage\"},\"thumbnailUrl\":\"https:\/\/www.ine.gob.bo\/wp-content\/uploads\/2026\/03\/Portada-NP-IPM-febrero-2026.png\",\"keywords\":[\"INE Noticias\"],\"articleSection\":[\"INE noticias\"],\"inLanguage\":\"es\"},{\"@type\":\"WebPage\",\"@id\":\"https:\/\/www.ine.gob.bo\/index.php\/el-indice-de-precios-al-por-mayor-ipm-registro-una-variacion-negativa-de-086-en-febrero-de-2026\/\",\"url\":\"https:\/\/www.ine.gob.bo\/index.php\/el-indice-de-precios-al-por-mayor-ipm-registro-una-variacion-negativa-de-086-en-febrero-de-2026\/\",\"name\":\"El \u00cdndice de Precios al por Mayor (IPM) registr\u00f3 una variaci\u00f3n negativa de 0,86% en febrero de 2026 - INE\",\"isPartOf\":{\"@id\":\"https:\/\/www.ine.gob.bo\/#website\"},\"primaryImageOfPage\":{\"@id\":\"https:\/\/www.ine.gob.bo\/index.php\/el-indice-de-precios-al-por-mayor-ipm-registro-una-variacion-negativa-de-086-en-febrero-de-2026\/#primaryimage\"},\"image\":{\"@id\":\"https:\/\/www.ine.gob.bo\/index.php\/el-indice-de-precios-al-por-mayor-ipm-registro-una-variacion-negativa-de-086-en-febrero-de-2026\/#primaryimage\"},\"thumbnailUrl\":\"https:\/\/www.ine.gob.bo\/wp-content\/uploads\/2026\/03\/Portada-NP-IPM-febrero-2026.png\",\"datePublished\":\"2026-03-11T23:00:04+00:00\",\"dateModified\":\"2026-03-11T23:00:04+00:00\",\"description\":\"P\u00e1gina oficial del Instituto Nacional de Estadistica INE, informaci\u00f3n estad\u00edstica, geogr\u00e1fica y econ\u00f3mica a nivel nacional.\",\"breadcrumb\":{\"@id\":\"https:\/\/www.ine.gob.bo\/index.php\/el-indice-de-precios-al-por-mayor-ipm-registro-una-variacion-negativa-de-086-en-febrero-de-2026\/#breadcrumb\"},\"inLanguage\":\"es\",\"potentialAction\":[{\"@type\":\"ReadAction\",\"target\":[\"https:\/\/www.ine.gob.bo\/index.php\/el-indice-de-precios-al-por-mayor-ipm-registro-una-variacion-negativa-de-086-en-febrero-de-2026\/\"]}]},{\"@type\":\"ImageObject\",\"inLanguage\":\"es\",\"@id\":\"https:\/\/www.ine.gob.bo\/index.php\/el-indice-de-precios-al-por-mayor-ipm-registro-una-variacion-negativa-de-086-en-febrero-de-2026\/#primaryimage\",\"url\":\"https:\/\/www.ine.gob.bo\/wp-content\/uploads\/2026\/03\/Portada-NP-IPM-febrero-2026.png\",\"contentUrl\":\"https:\/\/www.ine.gob.bo\/wp-content\/uploads\/2026\/03\/Portada-NP-IPM-febrero-2026.png\",\"width\":689,\"height\":902},{\"@type\":\"BreadcrumbList\",\"@id\":\"https:\/\/www.ine.gob.bo\/index.php\/el-indice-de-precios-al-por-mayor-ipm-registro-una-variacion-negativa-de-086-en-febrero-de-2026\/#breadcrumb\",\"itemListElement\":[{\"@type\":\"ListItem\",\"position\":1,\"name\":\"Portada\",\"item\":\"https:\/\/www.ine.gob.bo\/\"},{\"@type\":\"ListItem\",\"position\":2,\"name\":\"El \u00cdndice de Precios al por Mayor (IPM) registr\u00f3 una variaci\u00f3n negativa de 0,86% en febrero de 2026\"}]},{\"@type\":\"WebSite\",\"@id\":\"https:\/\/www.ine.gob.bo\/#website\",\"url\":\"https:\/\/www.ine.gob.bo\/\",\"name\":\"INE\",\"description\":\"Instituto Nacional de Estad\u00edstica\",\"publisher\":{\"@id\":\"https:\/\/www.ine.gob.bo\/#organization\"},\"potentialAction\":[{\"@type\":\"SearchAction\",\"target\":{\"@type\":\"EntryPoint\",\"urlTemplate\":\"https:\/\/www.ine.gob.bo\/?s={search_term_string}\"},\"query-input\":\"required name=search_term_string\"}],\"inLanguage\":\"es\"},{\"@type\":\"Organization\",\"@id\":\"https:\/\/www.ine.gob.bo\/#organization\",\"name\":\"Instituto Nacional de Estad\u00edstica\",\"url\":\"https:\/\/www.ine.gob.bo\/\",\"logo\":{\"@type\":\"ImageObject\",\"inLanguage\":\"es\",\"@id\":\"https:\/\/www.ine.gob.bo\/#\/schema\/logo\/image\/\",\"url\":\"https:\/\/www.ine.gob.bo\/wp-content\/uploads\/2026\/02\/logo-ine.jpg\",\"contentUrl\":\"https:\/\/www.ine.gob.bo\/wp-content\/uploads\/2026\/02\/logo-ine.jpg\",\"width\":799,\"height\":453,\"caption\":\"Instituto Nacional de Estad\u00edstica\"},\"image\":{\"@id\":\"https:\/\/www.ine.gob.bo\/#\/schema\/logo\/image\/\"},\"sameAs\":[\"https:\/\/www.facebook.com\/ineboliviaoficial\",\"https:\/\/x.com\/INE_Bolivia\",\"https:\/\/www.instagram.com\/ineboliviaoficial\/\",\"https:\/\/www.youtube.com\/channel\/UCbIQXKLw414g5kWo1tAwqCg\"]},{\"@type\":\"Person\",\"@id\":\"https:\/\/www.ine.gob.bo\/#\/schema\/person\/cd5e3dea21e6634e99cebddcca7540d1\",\"name\":\"Albaro Benedicto Laime Mamani\",\"image\":{\"@type\":\"ImageObject\",\"inLanguage\":\"es\",\"@id\":\"https:\/\/www.ine.gob.bo\/#\/schema\/person\/image\/\",\"url\":\"https:\/\/secure.gravatar.com\/avatar\/450967f1badecac6afbf323d3a06c551f001ee9e5a1094976c96b19cce5b7180?s=96&d=mm&r=g\",\"contentUrl\":\"https:\/\/secure.gravatar.com\/avatar\/450967f1badecac6afbf323d3a06c551f001ee9e5a1094976c96b19cce5b7180?s=96&d=mm&r=g\",\"caption\":\"Albaro Benedicto Laime Mamani\"},\"url\":\"https:\/\/www.ine.gob.bo\/index.php\/author\/alaime\/\"}]}<\/script>\n<!-- \/ Yoast SEO plugin. -->","yoast_head_json":{"title":"El \u00cdndice de Precios al por Mayor (IPM) registr\u00f3 una variaci\u00f3n negativa de 0,86% en febrero de 2026 - INE","description":"P\u00e1gina oficial del Instituto Nacional de Estadistica INE, informaci\u00f3n estad\u00edstica, geogr\u00e1fica y econ\u00f3mica a nivel nacional.","robots":{"index":"index","follow":"follow","max-snippet":"max-snippet:-1","max-image-preview":"max-image-preview:large","max-video-preview":"max-video-preview:-1"},"canonical":"https:\/\/www.ine.gob.bo\/index.php\/el-indice-de-precios-al-por-mayor-ipm-registro-una-variacion-negativa-de-086-en-febrero-de-2026\/","og_locale":"es_ES","og_type":"article","og_title":"El \u00cdndice de Precios al por Mayor (IPM) registr\u00f3 una variaci\u00f3n negativa de 0,86% en febrero de 2026 - INE","og_description":"P\u00e1gina oficial del Instituto Nacional de Estadistica INE, informaci\u00f3n estad\u00edstica, geogr\u00e1fica y econ\u00f3mica a nivel nacional.","og_url":"https:\/\/www.ine.gob.bo\/index.php\/el-indice-de-precios-al-por-mayor-ipm-registro-una-variacion-negativa-de-086-en-febrero-de-2026\/","og_site_name":"INE","article_publisher":"https:\/\/www.facebook.com\/ineboliviaoficial","article_published_time":"2026-03-11T23:00:04+00:00","og_image":[{"width":689,"height":902,"url":"https:\/\/www.ine.gob.bo\/wp-content\/uploads\/2026\/03\/Portada-NP-IPM-febrero-2026.png","type":"image\/png"}],"author":"Albaro Benedicto Laime Mamani","twitter_card":"summary_large_image","twitter_creator":"@INE_Bolivia","twitter_site":"@INE_Bolivia","twitter_misc":{"Escrito por":"Albaro Benedicto Laime Mamani","Tiempo de lectura":"5 minutos"},"schema":{"@context":"https:\/\/schema.org","@graph":[{"@type":"Article","@id":"https:\/\/www.ine.gob.bo\/index.php\/el-indice-de-precios-al-por-mayor-ipm-registro-una-variacion-negativa-de-086-en-febrero-de-2026\/#article","isPartOf":{"@id":"https:\/\/www.ine.gob.bo\/index.php\/el-indice-de-precios-al-por-mayor-ipm-registro-una-variacion-negativa-de-086-en-febrero-de-2026\/"},"author":{"name":"Albaro Benedicto Laime Mamani","@id":"https:\/\/www.ine.gob.bo\/#\/schema\/person\/cd5e3dea21e6634e99cebddcca7540d1"},"headline":"El \u00cdndice de Precios al por Mayor (IPM) registr\u00f3 una variaci\u00f3n negativa de 0,86% en febrero de 2026","datePublished":"2026-03-11T23:00:04+00:00","dateModified":"2026-03-11T23:00:04+00:00","mainEntityOfPage":{"@id":"https:\/\/www.ine.gob.bo\/index.php\/el-indice-de-precios-al-por-mayor-ipm-registro-una-variacion-negativa-de-086-en-febrero-de-2026\/"},"wordCount":534,"publisher":{"@id":"https:\/\/www.ine.gob.bo\/#organization"},"image":{"@id":"https:\/\/www.ine.gob.bo\/index.php\/el-indice-de-precios-al-por-mayor-ipm-registro-una-variacion-negativa-de-086-en-febrero-de-2026\/#primaryimage"},"thumbnailUrl":"https:\/\/www.ine.gob.bo\/wp-content\/uploads\/2026\/03\/Portada-NP-IPM-febrero-2026.png","keywords":["INE Noticias"],"articleSection":["INE noticias"],"inLanguage":"es"},{"@type":"WebPage","@id":"https:\/\/www.ine.gob.bo\/index.php\/el-indice-de-precios-al-por-mayor-ipm-registro-una-variacion-negativa-de-086-en-febrero-de-2026\/","url":"https:\/\/www.ine.gob.bo\/index.php\/el-indice-de-precios-al-por-mayor-ipm-registro-una-variacion-negativa-de-086-en-febrero-de-2026\/","name":"El \u00cdndice de Precios al por Mayor (IPM) registr\u00f3 una variaci\u00f3n negativa de 0,86% en febrero de 2026 - INE","isPartOf":{"@id":"https:\/\/www.ine.gob.bo\/#website"},"primaryImageOfPage":{"@id":"https:\/\/www.ine.gob.bo\/index.php\/el-indice-de-precios-al-por-mayor-ipm-registro-una-variacion-negativa-de-086-en-febrero-de-2026\/#primaryimage"},"image":{"@id":"https:\/\/www.ine.gob.bo\/index.php\/el-indice-de-precios-al-por-mayor-ipm-registro-una-variacion-negativa-de-086-en-febrero-de-2026\/#primaryimage"},"thumbnailUrl":"https:\/\/www.ine.gob.bo\/wp-content\/uploads\/2026\/03\/Portada-NP-IPM-febrero-2026.png","datePublished":"2026-03-11T23:00:04+00:00","dateModified":"2026-03-11T23:00:04+00:00","description":"P\u00e1gina oficial del Instituto Nacional de Estadistica INE, informaci\u00f3n estad\u00edstica, geogr\u00e1fica y econ\u00f3mica a nivel nacional.","breadcrumb":{"@id":"https:\/\/www.ine.gob.bo\/index.php\/el-indice-de-precios-al-por-mayor-ipm-registro-una-variacion-negativa-de-086-en-febrero-de-2026\/#breadcrumb"},"inLanguage":"es","potentialAction":[{"@type":"ReadAction","target":["https:\/\/www.ine.gob.bo\/index.php\/el-indice-de-precios-al-por-mayor-ipm-registro-una-variacion-negativa-de-086-en-febrero-de-2026\/"]}]},{"@type":"ImageObject","inLanguage":"es","@id":"https:\/\/www.ine.gob.bo\/index.php\/el-indice-de-precios-al-por-mayor-ipm-registro-una-variacion-negativa-de-086-en-febrero-de-2026\/#primaryimage","url":"https:\/\/www.ine.gob.bo\/wp-content\/uploads\/2026\/03\/Portada-NP-IPM-febrero-2026.png","contentUrl":"https:\/\/www.ine.gob.bo\/wp-content\/uploads\/2026\/03\/Portada-NP-IPM-febrero-2026.png","width":689,"height":902},{"@type":"BreadcrumbList","@id":"https:\/\/www.ine.gob.bo\/index.php\/el-indice-de-precios-al-por-mayor-ipm-registro-una-variacion-negativa-de-086-en-febrero-de-2026\/#breadcrumb","itemListElement":[{"@type":"ListItem","position":1,"name":"Portada","item":"https:\/\/www.ine.gob.bo\/"},{"@type":"ListItem","position":2,"name":"El \u00cdndice de Precios al por Mayor (IPM) registr\u00f3 una variaci\u00f3n negativa de 0,86% en febrero de 2026"}]},{"@type":"WebSite","@id":"https:\/\/www.ine.gob.bo\/#website","url":"https:\/\/www.ine.gob.bo\/","name":"INE","description":"Instituto Nacional de Estad\u00edstica","publisher":{"@id":"https:\/\/www.ine.gob.bo\/#organization"},"potentialAction":[{"@type":"SearchAction","target":{"@type":"EntryPoint","urlTemplate":"https:\/\/www.ine.gob.bo\/?s={search_term_string}"},"query-input":"required name=search_term_string"}],"inLanguage":"es"},{"@type":"Organization","@id":"https:\/\/www.ine.gob.bo\/#organization","name":"Instituto Nacional de Estad\u00edstica","url":"https:\/\/www.ine.gob.bo\/","logo":{"@type":"ImageObject","inLanguage":"es","@id":"https:\/\/www.ine.gob.bo\/#\/schema\/logo\/image\/","url":"https:\/\/www.ine.gob.bo\/wp-content\/uploads\/2026\/02\/logo-ine.jpg","contentUrl":"https:\/\/www.ine.gob.bo\/wp-content\/uploads\/2026\/02\/logo-ine.jpg","width":799,"height":453,"caption":"Instituto Nacional de Estad\u00edstica"},"image":{"@id":"https:\/\/www.ine.gob.bo\/#\/schema\/logo\/image\/"},"sameAs":["https:\/\/www.facebook.com\/ineboliviaoficial","https:\/\/x.com\/INE_Bolivia","https:\/\/www.instagram.com\/ineboliviaoficial\/","https:\/\/www.youtube.com\/channel\/UCbIQXKLw414g5kWo1tAwqCg"]},{"@type":"Person","@id":"https:\/\/www.ine.gob.bo\/#\/schema\/person\/cd5e3dea21e6634e99cebddcca7540d1","name":"Albaro Benedicto Laime Mamani","image":{"@type":"ImageObject","inLanguage":"es","@id":"https:\/\/www.ine.gob.bo\/#\/schema\/person\/image\/","url":"https:\/\/secure.gravatar.com\/avatar\/450967f1badecac6afbf323d3a06c551f001ee9e5a1094976c96b19cce5b7180?s=96&d=mm&r=g","contentUrl":"https:\/\/secure.gravatar.com\/avatar\/450967f1badecac6afbf323d3a06c551f001ee9e5a1094976c96b19cce5b7180?s=96&d=mm&r=g","caption":"Albaro Benedicto Laime Mamani"},"url":"https:\/\/www.ine.gob.bo\/index.php\/author\/alaime\/"}]}},"rttpg_featured_image_url":{"full":["https:\/\/www.ine.gob.bo\/wp-content\/uploads\/2026\/03\/Portada-NP-IPM-febrero-2026.png",689,902,false],"landscape":["https:\/\/www.ine.gob.bo\/wp-content\/uploads\/2026\/03\/Portada-NP-IPM-febrero-2026.png",689,902,false],"portraits":["https:\/\/www.ine.gob.bo\/wp-content\/uploads\/2026\/03\/Portada-NP-IPM-febrero-2026.png",689,902,false],"thumbnail":["https:\/\/www.ine.gob.bo\/wp-content\/uploads\/2026\/03\/Portada-NP-IPM-febrero-2026-150x150.png",150,150,true],"medium":["https:\/\/www.ine.gob.bo\/wp-content\/uploads\/2026\/03\/Portada-NP-IPM-febrero-2026-229x300.png",229,300,true],"large":["https:\/\/www.ine.gob.bo\/wp-content\/uploads\/2026\/03\/Portada-NP-IPM-febrero-2026.png",689,902,false],"1536x1536":["https:\/\/www.ine.gob.bo\/wp-content\/uploads\/2026\/03\/Portada-NP-IPM-febrero-2026.png",689,902,false],"2048x2048":["https:\/\/www.ine.gob.bo\/wp-content\/uploads\/2026\/03\/Portada-NP-IPM-febrero-2026.png",689,902,false]},"rttpg_author":{"display_name":"Albaro Benedicto Laime Mamani","author_link":"https:\/\/www.ine.gob.bo\/index.php\/author\/alaime\/"},"rttpg_comment":0,"rttpg_category":"<a href=\"https:\/\/www.ine.gob.bo\/index.php\/category\/ine-noticias\/\" rel=\"category tag\">INE noticias<\/a>","rttpg_excerpt":"[vc_row][vc_column][vc_column_text] La Paz, 11 de marzo de 2026 (INE). \u2013 La variaci\u00f3n mensual del \u00cdndice de Precios al por Mayor (IPM), en febrero respecto a enero fue negativa de 0,86%. Asimismo la variaci\u00f3n acumulada a febrero fue negativa de 1,43% y la variaci\u00f3n a 12 meses alcanz\u00f3 a 19,73%. El IPM es un indicador que&hellip;","_links":{"self":[{"href":"https:\/\/www.ine.gob.bo\/index.php\/wp-json\/wp\/v2\/posts\/73354","targetHints":{"allow":["GET"]}}],"collection":[{"href":"https:\/\/www.ine.gob.bo\/index.php\/wp-json\/wp\/v2\/posts"}],"about":[{"href":"https:\/\/www.ine.gob.bo\/index.php\/wp-json\/wp\/v2\/types\/post"}],"author":[{"embeddable":true,"href":"https:\/\/www.ine.gob.bo\/index.php\/wp-json\/wp\/v2\/users\/19"}],"replies":[{"embeddable":true,"href":"https:\/\/www.ine.gob.bo\/index.php\/wp-json\/wp\/v2\/comments?post=73354"}],"version-history":[{"count":0,"href":"https:\/\/www.ine.gob.bo\/index.php\/wp-json\/wp\/v2\/posts\/73354\/revisions"}],"wp:featuredmedia":[{"embeddable":true,"href":"https:\/\/www.ine.gob.bo\/index.php\/wp-json\/wp\/v2\/media\/73364"}],"wp:attachment":[{"href":"https:\/\/www.ine.gob.bo\/index.php\/wp-json\/wp\/v2\/media?parent=73354"}],"wp:term":[{"taxonomy":"category","embeddable":true,"href":"https:\/\/www.ine.gob.bo\/index.php\/wp-json\/wp\/v2\/categories?post=73354"},{"taxonomy":"post_tag","embeddable":true,"href":"https:\/\/www.ine.gob.bo\/index.php\/wp-json\/wp\/v2\/tags?post=73354"}],"curies":[{"name":"wp","href":"https:\/\/api.w.org\/{rel}","templated":true}]}}