{"id":73340,"date":"2026-03-09T20:13:12","date_gmt":"2026-03-10T00:13:12","guid":{"rendered":"https:\/\/www.ine.gob.bo\/?p=73340"},"modified":"2026-03-09T20:13:12","modified_gmt":"2026-03-10T00:13:12","slug":"censo-agropecuario-avanza-con-seguridad-juridica-y-transparencia-en-santa-cruz","status":"publish","type":"post","link":"https:\/\/www.ine.gob.bo\/index.php\/censo-agropecuario-avanza-con-seguridad-juridica-y-transparencia-en-santa-cruz\/","title":{"rendered":"Censo Agropecuario avanza con seguridad jur\u00eddica y transparencia en Santa Cruz"},"content":{"rendered":"<p>[vc_row][vc_column][vc_column_text]<\/p>\r\n<p style=\"text-align: justify;\"><strong>La Paz, 09 de marzo de 2026 (INE). \u2013<\/strong> El Instituto Nacional de Estad\u00edstica (INE) lider\u00f3 una sesi\u00f3n clave en la Comisi\u00f3n de Desarrollo Auton\u00f3mico de la Asamblea Departamental de Santa Cruz, presentando el estado actual del Censo Agropecuario. El Director General Ejecutivo, Jorge Alberto Akamine, junto a su equipo jur\u00eddico y equipo t\u00e9cnico especializado, destacaron la gesti\u00f3n con rigor legal y la correcci\u00f3n de falencias del pasado.<\/p>\r\n<p style=\"text-align: justify;\">El evento reuni\u00f3 a alcaldes del departamento, t\u00e9cnicos de la Gobernaci\u00f3n y representantes de instituciones agropecuarias, quienes se comprometieron a trabajar juntos para garantizar la transparencia y eficacia del proceso censal. &#8220;Nuestra misi\u00f3n es garantizar seguridad jur\u00eddica y t\u00e9cnica. El INE hoy no solo levanta datos, construye puentes de confianza para que el desarrollo llegue a todos&#8221;, afirm\u00f3 Akamine.<\/p>\r\n<p style=\"text-align: justify;\">El Censo Agropecuario se desarrolla bajo la Ley N\u00b0 1405, asegurando que cada dato sea t\u00e9cnico, preciso y protegido. Se han establecido mesas t\u00e9cnicas inmediatas para socializar el proceso en cada rinc\u00f3n productivo del departamento.<\/p>\r\n<p><img loading=\"lazy\" decoding=\"async\" class=\"aligncenter wp-image-73341 size-full\" src=\"https:\/\/www.ine.gob.bo\/wp-content\/uploads\/2026\/03\/Nota-de-prensa-1.png\" alt=\"\" width=\"933\" height=\"409\" srcset=\"https:\/\/www.ine.gob.bo\/wp-content\/uploads\/2026\/03\/Nota-de-prensa-1.png 933w, https:\/\/www.ine.gob.bo\/wp-content\/uploads\/2026\/03\/Nota-de-prensa-1-300x132.png 300w, https:\/\/www.ine.gob.bo\/wp-content\/uploads\/2026\/03\/Nota-de-prensa-1-768x337.png 768w\" sizes=\"auto, (max-width: 933px) 100vw, 933px\" \/><\/p>\r\n<p style=\"text-align: center;\">El Director General Ejecutivo del Instituto Nacional de Estad\u00edstica (INE), Jorge Akamine Toledo y la<br \/>Comisi\u00f3n de Desarrollo Auton\u00f3mico de la Asamblea Departamental de Santa Cruz<\/p>\r\n<p>&nbsp;<\/p>\r\n<p>&nbsp;<\/p>\r\n<p style=\"text-align: center;\"><strong><em>Unidad de Difusi\u00f3n y Comunicaci\u00f3n <\/em><\/strong><\/p>\r\n<p style=\"text-align: center;\"><strong>INSTITUTO NACIONAL DE ESTAD\u00cdSTICA<\/strong><\/p>\r\n<p>&nbsp;<\/p>\r\n<p>&nbsp;<\/p>\r\n<p><a href=\"https:\/\/nimbus.ine.gob.bo\/index.php\/s\/R8BMprGn9gWk2qM\/download\">Descargar Nota de Prensa<\/a><\/p>\r\n<p class=\"has-text-align-center\"><!-- \/wp:post-content --><\/p>\r\n<p class=\"has-text-align-center\"><!-- wp:separator --><\/p>\r\n<hr class=\"wp-block-separator\" \/>\r\n<p class=\"has-text-align-center\"><!-- \/wp:separator --><\/p>\r\n<p class=\"has-text-align-center\"><!-- wp:paragraph {\"align\":\"right\"} --><\/p>\r\n<p class=\"has-text-align-right\"><strong><em>Entidad dependiente del Ministerio de Planificaci\u00f3n del Desarrollo y Medio Ambiente<\/em><\/strong><\/p>\r\n<p>&nbsp;<\/p>\r\n<p class=\"has-text-align-center\"><!-- \/wp:paragraph --><\/p>\r\n<p>[\/vc_column_text][\/vc_column][\/vc_row]<\/p>","protected":false},"excerpt":{"rendered":"<p>[vc_row][vc_column][vc_column_text] La Paz, 09 de marzo de 2026 (INE). \u2013 El Instituto Nacional de Estad\u00edstica (INE) lider\u00f3 una sesi\u00f3n clave en la Comisi\u00f3n de Desarrollo Auton\u00f3mico de la Asamblea Departamental de Santa Cruz, presentando el estado actual del Censo Agropecuario. El Director General Ejecutivo, Jorge Alberto Akamine, junto a su equipo jur\u00eddico y equipo t\u00e9cnico&hellip;<\/p>\n","protected":false},"author":19,"featured_media":73341,"comment_status":"closed","ping_status":"open","sticky":false,"template":"","format":"standard","meta":[],"categories":[158],"tags":[52],"class_list":["post-73340","post","type-post","status-publish","format-standard","has-post-thumbnail","hentry","category-ine-noticias","tag-ine-noticias","category-158","description-off"],"yoast_head":"<!-- This site is optimized with the Yoast SEO plugin v23.2 - https:\/\/yoast.com\/wordpress\/plugins\/seo\/ -->\n<title>Censo Agropecuario avanza con seguridad jur\u00eddica y transparencia en Santa Cruz - INE<\/title>\n<meta name=\"description\" content=\"P\u00e1gina oficial del Instituto Nacional de Estadistica INE, informaci\u00f3n estad\u00edstica, geogr\u00e1fica y econ\u00f3mica a nivel nacional.\" \/>\n<meta name=\"robots\" content=\"index, follow, max-snippet:-1, max-image-preview:large, max-video-preview:-1\" \/>\n<link rel=\"canonical\" href=\"https:\/\/www.ine.gob.bo\/index.php\/censo-agropecuario-avanza-con-seguridad-juridica-y-transparencia-en-santa-cruz\/\" \/>\n<meta property=\"og:locale\" content=\"es_ES\" \/>\n<meta property=\"og:type\" content=\"article\" \/>\n<meta property=\"og:title\" content=\"Censo Agropecuario avanza con seguridad jur\u00eddica y transparencia en Santa Cruz - INE\" \/>\n<meta property=\"og:description\" content=\"P\u00e1gina oficial del Instituto Nacional de Estadistica INE, informaci\u00f3n estad\u00edstica, geogr\u00e1fica y econ\u00f3mica a nivel nacional.\" \/>\n<meta property=\"og:url\" content=\"https:\/\/www.ine.gob.bo\/index.php\/censo-agropecuario-avanza-con-seguridad-juridica-y-transparencia-en-santa-cruz\/\" \/>\n<meta property=\"og:site_name\" content=\"INE\" \/>\n<meta property=\"article:publisher\" content=\"https:\/\/www.facebook.com\/ineboliviaoficial\" \/>\n<meta property=\"article:published_time\" content=\"2026-03-10T00:13:12+00:00\" \/>\n<meta property=\"og:image\" content=\"https:\/\/www.ine.gob.bo\/wp-content\/uploads\/2026\/03\/Nota-de-prensa-1.png\" \/>\n\t<meta property=\"og:image:width\" content=\"933\" \/>\n\t<meta property=\"og:image:height\" content=\"409\" \/>\n\t<meta property=\"og:image:type\" content=\"image\/png\" \/>\n<meta name=\"author\" content=\"Albaro Benedicto Laime Mamani\" \/>\n<meta name=\"twitter:card\" content=\"summary_large_image\" \/>\n<meta name=\"twitter:creator\" content=\"@INE_Bolivia\" \/>\n<meta name=\"twitter:site\" content=\"@INE_Bolivia\" \/>\n<meta name=\"twitter:label1\" content=\"Escrito por\" \/>\n\t<meta name=\"twitter:data1\" content=\"Albaro Benedicto Laime Mamani\" \/>\n\t<meta name=\"twitter:label2\" content=\"Tiempo de lectura\" \/>\n\t<meta name=\"twitter:data2\" content=\"2 minutos\" \/>\n<script type=\"application\/ld+json\" class=\"yoast-schema-graph\">{\"@context\":\"https:\/\/schema.org\",\"@graph\":[{\"@type\":\"Article\",\"@id\":\"https:\/\/www.ine.gob.bo\/index.php\/censo-agropecuario-avanza-con-seguridad-juridica-y-transparencia-en-santa-cruz\/#article\",\"isPartOf\":{\"@id\":\"https:\/\/www.ine.gob.bo\/index.php\/censo-agropecuario-avanza-con-seguridad-juridica-y-transparencia-en-santa-cruz\/\"},\"author\":{\"name\":\"Albaro Benedicto Laime Mamani\",\"@id\":\"https:\/\/www.ine.gob.bo\/#\/schema\/person\/cd5e3dea21e6634e99cebddcca7540d1\"},\"headline\":\"Censo Agropecuario avanza con seguridad jur\u00eddica y transparencia en Santa Cruz\",\"datePublished\":\"2026-03-10T00:13:12+00:00\",\"dateModified\":\"2026-03-10T00:13:12+00:00\",\"mainEntityOfPage\":{\"@id\":\"https:\/\/www.ine.gob.bo\/index.php\/censo-agropecuario-avanza-con-seguridad-juridica-y-transparencia-en-santa-cruz\/\"},\"wordCount\":261,\"publisher\":{\"@id\":\"https:\/\/www.ine.gob.bo\/#organization\"},\"image\":{\"@id\":\"https:\/\/www.ine.gob.bo\/index.php\/censo-agropecuario-avanza-con-seguridad-juridica-y-transparencia-en-santa-cruz\/#primaryimage\"},\"thumbnailUrl\":\"https:\/\/www.ine.gob.bo\/wp-content\/uploads\/2026\/03\/Nota-de-prensa-1.png\",\"keywords\":[\"INE Noticias\"],\"articleSection\":[\"INE noticias\"],\"inLanguage\":\"es\"},{\"@type\":\"WebPage\",\"@id\":\"https:\/\/www.ine.gob.bo\/index.php\/censo-agropecuario-avanza-con-seguridad-juridica-y-transparencia-en-santa-cruz\/\",\"url\":\"https:\/\/www.ine.gob.bo\/index.php\/censo-agropecuario-avanza-con-seguridad-juridica-y-transparencia-en-santa-cruz\/\",\"name\":\"Censo Agropecuario avanza con seguridad jur\u00eddica y transparencia en Santa Cruz - INE\",\"isPartOf\":{\"@id\":\"https:\/\/www.ine.gob.bo\/#website\"},\"primaryImageOfPage\":{\"@id\":\"https:\/\/www.ine.gob.bo\/index.php\/censo-agropecuario-avanza-con-seguridad-juridica-y-transparencia-en-santa-cruz\/#primaryimage\"},\"image\":{\"@id\":\"https:\/\/www.ine.gob.bo\/index.php\/censo-agropecuario-avanza-con-seguridad-juridica-y-transparencia-en-santa-cruz\/#primaryimage\"},\"thumbnailUrl\":\"https:\/\/www.ine.gob.bo\/wp-content\/uploads\/2026\/03\/Nota-de-prensa-1.png\",\"datePublished\":\"2026-03-10T00:13:12+00:00\",\"dateModified\":\"2026-03-10T00:13:12+00:00\",\"description\":\"P\u00e1gina oficial del Instituto Nacional de Estadistica INE, informaci\u00f3n estad\u00edstica, geogr\u00e1fica y econ\u00f3mica a nivel nacional.\",\"breadcrumb\":{\"@id\":\"https:\/\/www.ine.gob.bo\/index.php\/censo-agropecuario-avanza-con-seguridad-juridica-y-transparencia-en-santa-cruz\/#breadcrumb\"},\"inLanguage\":\"es\",\"potentialAction\":[{\"@type\":\"ReadAction\",\"target\":[\"https:\/\/www.ine.gob.bo\/index.php\/censo-agropecuario-avanza-con-seguridad-juridica-y-transparencia-en-santa-cruz\/\"]}]},{\"@type\":\"ImageObject\",\"inLanguage\":\"es\",\"@id\":\"https:\/\/www.ine.gob.bo\/index.php\/censo-agropecuario-avanza-con-seguridad-juridica-y-transparencia-en-santa-cruz\/#primaryimage\",\"url\":\"https:\/\/www.ine.gob.bo\/wp-content\/uploads\/2026\/03\/Nota-de-prensa-1.png\",\"contentUrl\":\"https:\/\/www.ine.gob.bo\/wp-content\/uploads\/2026\/03\/Nota-de-prensa-1.png\",\"width\":933,\"height\":409},{\"@type\":\"BreadcrumbList\",\"@id\":\"https:\/\/www.ine.gob.bo\/index.php\/censo-agropecuario-avanza-con-seguridad-juridica-y-transparencia-en-santa-cruz\/#breadcrumb\",\"itemListElement\":[{\"@type\":\"ListItem\",\"position\":1,\"name\":\"Portada\",\"item\":\"https:\/\/www.ine.gob.bo\/\"},{\"@type\":\"ListItem\",\"position\":2,\"name\":\"Censo Agropecuario avanza con seguridad jur\u00eddica y transparencia en Santa Cruz\"}]},{\"@type\":\"WebSite\",\"@id\":\"https:\/\/www.ine.gob.bo\/#website\",\"url\":\"https:\/\/www.ine.gob.bo\/\",\"name\":\"INE\",\"description\":\"Instituto Nacional de Estad\u00edstica\",\"publisher\":{\"@id\":\"https:\/\/www.ine.gob.bo\/#organization\"},\"potentialAction\":[{\"@type\":\"SearchAction\",\"target\":{\"@type\":\"EntryPoint\",\"urlTemplate\":\"https:\/\/www.ine.gob.bo\/?s={search_term_string}\"},\"query-input\":\"required name=search_term_string\"}],\"inLanguage\":\"es\"},{\"@type\":\"Organization\",\"@id\":\"https:\/\/www.ine.gob.bo\/#organization\",\"name\":\"Instituto Nacional de Estad\u00edstica\",\"url\":\"https:\/\/www.ine.gob.bo\/\",\"logo\":{\"@type\":\"ImageObject\",\"inLanguage\":\"es\",\"@id\":\"https:\/\/www.ine.gob.bo\/#\/schema\/logo\/image\/\",\"url\":\"https:\/\/www.ine.gob.bo\/wp-content\/uploads\/2026\/02\/logo-ine.jpg\",\"contentUrl\":\"https:\/\/www.ine.gob.bo\/wp-content\/uploads\/2026\/02\/logo-ine.jpg\",\"width\":799,\"height\":453,\"caption\":\"Instituto Nacional de Estad\u00edstica\"},\"image\":{\"@id\":\"https:\/\/www.ine.gob.bo\/#\/schema\/logo\/image\/\"},\"sameAs\":[\"https:\/\/www.facebook.com\/ineboliviaoficial\",\"https:\/\/x.com\/INE_Bolivia\",\"https:\/\/www.instagram.com\/ineboliviaoficial\/\",\"https:\/\/www.youtube.com\/channel\/UCbIQXKLw414g5kWo1tAwqCg\"]},{\"@type\":\"Person\",\"@id\":\"https:\/\/www.ine.gob.bo\/#\/schema\/person\/cd5e3dea21e6634e99cebddcca7540d1\",\"name\":\"Albaro Benedicto Laime Mamani\",\"image\":{\"@type\":\"ImageObject\",\"inLanguage\":\"es\",\"@id\":\"https:\/\/www.ine.gob.bo\/#\/schema\/person\/image\/\",\"url\":\"https:\/\/secure.gravatar.com\/avatar\/450967f1badecac6afbf323d3a06c551f001ee9e5a1094976c96b19cce5b7180?s=96&d=mm&r=g\",\"contentUrl\":\"https:\/\/secure.gravatar.com\/avatar\/450967f1badecac6afbf323d3a06c551f001ee9e5a1094976c96b19cce5b7180?s=96&d=mm&r=g\",\"caption\":\"Albaro Benedicto Laime Mamani\"},\"url\":\"https:\/\/www.ine.gob.bo\/index.php\/author\/alaime\/\"}]}<\/script>\n<!-- \/ Yoast SEO plugin. -->","yoast_head_json":{"title":"Censo Agropecuario avanza con seguridad jur\u00eddica y transparencia en Santa Cruz - INE","description":"P\u00e1gina oficial del Instituto Nacional de Estadistica INE, informaci\u00f3n estad\u00edstica, geogr\u00e1fica y econ\u00f3mica a nivel nacional.","robots":{"index":"index","follow":"follow","max-snippet":"max-snippet:-1","max-image-preview":"max-image-preview:large","max-video-preview":"max-video-preview:-1"},"canonical":"https:\/\/www.ine.gob.bo\/index.php\/censo-agropecuario-avanza-con-seguridad-juridica-y-transparencia-en-santa-cruz\/","og_locale":"es_ES","og_type":"article","og_title":"Censo Agropecuario avanza con seguridad jur\u00eddica y transparencia en Santa Cruz - INE","og_description":"P\u00e1gina oficial del Instituto Nacional de Estadistica INE, informaci\u00f3n estad\u00edstica, geogr\u00e1fica y econ\u00f3mica a nivel nacional.","og_url":"https:\/\/www.ine.gob.bo\/index.php\/censo-agropecuario-avanza-con-seguridad-juridica-y-transparencia-en-santa-cruz\/","og_site_name":"INE","article_publisher":"https:\/\/www.facebook.com\/ineboliviaoficial","article_published_time":"2026-03-10T00:13:12+00:00","og_image":[{"width":933,"height":409,"url":"https:\/\/www.ine.gob.bo\/wp-content\/uploads\/2026\/03\/Nota-de-prensa-1.png","type":"image\/png"}],"author":"Albaro Benedicto Laime Mamani","twitter_card":"summary_large_image","twitter_creator":"@INE_Bolivia","twitter_site":"@INE_Bolivia","twitter_misc":{"Escrito por":"Albaro Benedicto Laime Mamani","Tiempo de lectura":"2 minutos"},"schema":{"@context":"https:\/\/schema.org","@graph":[{"@type":"Article","@id":"https:\/\/www.ine.gob.bo\/index.php\/censo-agropecuario-avanza-con-seguridad-juridica-y-transparencia-en-santa-cruz\/#article","isPartOf":{"@id":"https:\/\/www.ine.gob.bo\/index.php\/censo-agropecuario-avanza-con-seguridad-juridica-y-transparencia-en-santa-cruz\/"},"author":{"name":"Albaro Benedicto Laime Mamani","@id":"https:\/\/www.ine.gob.bo\/#\/schema\/person\/cd5e3dea21e6634e99cebddcca7540d1"},"headline":"Censo Agropecuario avanza con seguridad jur\u00eddica y transparencia en Santa Cruz","datePublished":"2026-03-10T00:13:12+00:00","dateModified":"2026-03-10T00:13:12+00:00","mainEntityOfPage":{"@id":"https:\/\/www.ine.gob.bo\/index.php\/censo-agropecuario-avanza-con-seguridad-juridica-y-transparencia-en-santa-cruz\/"},"wordCount":261,"publisher":{"@id":"https:\/\/www.ine.gob.bo\/#organization"},"image":{"@id":"https:\/\/www.ine.gob.bo\/index.php\/censo-agropecuario-avanza-con-seguridad-juridica-y-transparencia-en-santa-cruz\/#primaryimage"},"thumbnailUrl":"https:\/\/www.ine.gob.bo\/wp-content\/uploads\/2026\/03\/Nota-de-prensa-1.png","keywords":["INE Noticias"],"articleSection":["INE noticias"],"inLanguage":"es"},{"@type":"WebPage","@id":"https:\/\/www.ine.gob.bo\/index.php\/censo-agropecuario-avanza-con-seguridad-juridica-y-transparencia-en-santa-cruz\/","url":"https:\/\/www.ine.gob.bo\/index.php\/censo-agropecuario-avanza-con-seguridad-juridica-y-transparencia-en-santa-cruz\/","name":"Censo Agropecuario avanza con seguridad jur\u00eddica y transparencia en Santa Cruz - INE","isPartOf":{"@id":"https:\/\/www.ine.gob.bo\/#website"},"primaryImageOfPage":{"@id":"https:\/\/www.ine.gob.bo\/index.php\/censo-agropecuario-avanza-con-seguridad-juridica-y-transparencia-en-santa-cruz\/#primaryimage"},"image":{"@id":"https:\/\/www.ine.gob.bo\/index.php\/censo-agropecuario-avanza-con-seguridad-juridica-y-transparencia-en-santa-cruz\/#primaryimage"},"thumbnailUrl":"https:\/\/www.ine.gob.bo\/wp-content\/uploads\/2026\/03\/Nota-de-prensa-1.png","datePublished":"2026-03-10T00:13:12+00:00","dateModified":"2026-03-10T00:13:12+00:00","description":"P\u00e1gina oficial del Instituto Nacional de Estadistica INE, informaci\u00f3n estad\u00edstica, geogr\u00e1fica y econ\u00f3mica a nivel nacional.","breadcrumb":{"@id":"https:\/\/www.ine.gob.bo\/index.php\/censo-agropecuario-avanza-con-seguridad-juridica-y-transparencia-en-santa-cruz\/#breadcrumb"},"inLanguage":"es","potentialAction":[{"@type":"ReadAction","target":["https:\/\/www.ine.gob.bo\/index.php\/censo-agropecuario-avanza-con-seguridad-juridica-y-transparencia-en-santa-cruz\/"]}]},{"@type":"ImageObject","inLanguage":"es","@id":"https:\/\/www.ine.gob.bo\/index.php\/censo-agropecuario-avanza-con-seguridad-juridica-y-transparencia-en-santa-cruz\/#primaryimage","url":"https:\/\/www.ine.gob.bo\/wp-content\/uploads\/2026\/03\/Nota-de-prensa-1.png","contentUrl":"https:\/\/www.ine.gob.bo\/wp-content\/uploads\/2026\/03\/Nota-de-prensa-1.png","width":933,"height":409},{"@type":"BreadcrumbList","@id":"https:\/\/www.ine.gob.bo\/index.php\/censo-agropecuario-avanza-con-seguridad-juridica-y-transparencia-en-santa-cruz\/#breadcrumb","itemListElement":[{"@type":"ListItem","position":1,"name":"Portada","item":"https:\/\/www.ine.gob.bo\/"},{"@type":"ListItem","position":2,"name":"Censo Agropecuario avanza con seguridad jur\u00eddica y transparencia en Santa Cruz"}]},{"@type":"WebSite","@id":"https:\/\/www.ine.gob.bo\/#website","url":"https:\/\/www.ine.gob.bo\/","name":"INE","description":"Instituto Nacional de Estad\u00edstica","publisher":{"@id":"https:\/\/www.ine.gob.bo\/#organization"},"potentialAction":[{"@type":"SearchAction","target":{"@type":"EntryPoint","urlTemplate":"https:\/\/www.ine.gob.bo\/?s={search_term_string}"},"query-input":"required name=search_term_string"}],"inLanguage":"es"},{"@type":"Organization","@id":"https:\/\/www.ine.gob.bo\/#organization","name":"Instituto Nacional de Estad\u00edstica","url":"https:\/\/www.ine.gob.bo\/","logo":{"@type":"ImageObject","inLanguage":"es","@id":"https:\/\/www.ine.gob.bo\/#\/schema\/logo\/image\/","url":"https:\/\/www.ine.gob.bo\/wp-content\/uploads\/2026\/02\/logo-ine.jpg","contentUrl":"https:\/\/www.ine.gob.bo\/wp-content\/uploads\/2026\/02\/logo-ine.jpg","width":799,"height":453,"caption":"Instituto Nacional de Estad\u00edstica"},"image":{"@id":"https:\/\/www.ine.gob.bo\/#\/schema\/logo\/image\/"},"sameAs":["https:\/\/www.facebook.com\/ineboliviaoficial","https:\/\/x.com\/INE_Bolivia","https:\/\/www.instagram.com\/ineboliviaoficial\/","https:\/\/www.youtube.com\/channel\/UCbIQXKLw414g5kWo1tAwqCg"]},{"@type":"Person","@id":"https:\/\/www.ine.gob.bo\/#\/schema\/person\/cd5e3dea21e6634e99cebddcca7540d1","name":"Albaro Benedicto Laime Mamani","image":{"@type":"ImageObject","inLanguage":"es","@id":"https:\/\/www.ine.gob.bo\/#\/schema\/person\/image\/","url":"https:\/\/secure.gravatar.com\/avatar\/450967f1badecac6afbf323d3a06c551f001ee9e5a1094976c96b19cce5b7180?s=96&d=mm&r=g","contentUrl":"https:\/\/secure.gravatar.com\/avatar\/450967f1badecac6afbf323d3a06c551f001ee9e5a1094976c96b19cce5b7180?s=96&d=mm&r=g","caption":"Albaro Benedicto Laime Mamani"},"url":"https:\/\/www.ine.gob.bo\/index.php\/author\/alaime\/"}]}},"rttpg_featured_image_url":{"full":["https:\/\/www.ine.gob.bo\/wp-content\/uploads\/2026\/03\/Nota-de-prensa-1.png",933,409,false],"landscape":["https:\/\/www.ine.gob.bo\/wp-content\/uploads\/2026\/03\/Nota-de-prensa-1.png",933,409,false],"portraits":["https:\/\/www.ine.gob.bo\/wp-content\/uploads\/2026\/03\/Nota-de-prensa-1.png",933,409,false],"thumbnail":["https:\/\/www.ine.gob.bo\/wp-content\/uploads\/2026\/03\/Nota-de-prensa-1-150x150.png",150,150,true],"medium":["https:\/\/www.ine.gob.bo\/wp-content\/uploads\/2026\/03\/Nota-de-prensa-1-300x132.png",300,132,true],"large":["https:\/\/www.ine.gob.bo\/wp-content\/uploads\/2026\/03\/Nota-de-prensa-1.png",933,409,false],"1536x1536":["https:\/\/www.ine.gob.bo\/wp-content\/uploads\/2026\/03\/Nota-de-prensa-1.png",933,409,false],"2048x2048":["https:\/\/www.ine.gob.bo\/wp-content\/uploads\/2026\/03\/Nota-de-prensa-1.png",933,409,false]},"rttpg_author":{"display_name":"Albaro Benedicto Laime Mamani","author_link":"https:\/\/www.ine.gob.bo\/index.php\/author\/alaime\/"},"rttpg_comment":0,"rttpg_category":"<a href=\"https:\/\/www.ine.gob.bo\/index.php\/category\/ine-noticias\/\" rel=\"category tag\">INE noticias<\/a>","rttpg_excerpt":"[vc_row][vc_column][vc_column_text] La Paz, 09 de marzo de 2026 (INE). \u2013 El Instituto Nacional de Estad\u00edstica (INE) lider\u00f3 una sesi\u00f3n clave en la Comisi\u00f3n de Desarrollo Auton\u00f3mico de la Asamblea Departamental de Santa Cruz, presentando el estado actual del Censo Agropecuario. El Director General Ejecutivo, Jorge Alberto Akamine, junto a su equipo jur\u00eddico y equipo t\u00e9cnico&hellip;","_links":{"self":[{"href":"https:\/\/www.ine.gob.bo\/index.php\/wp-json\/wp\/v2\/posts\/73340","targetHints":{"allow":["GET"]}}],"collection":[{"href":"https:\/\/www.ine.gob.bo\/index.php\/wp-json\/wp\/v2\/posts"}],"about":[{"href":"https:\/\/www.ine.gob.bo\/index.php\/wp-json\/wp\/v2\/types\/post"}],"author":[{"embeddable":true,"href":"https:\/\/www.ine.gob.bo\/index.php\/wp-json\/wp\/v2\/users\/19"}],"replies":[{"embeddable":true,"href":"https:\/\/www.ine.gob.bo\/index.php\/wp-json\/wp\/v2\/comments?post=73340"}],"version-history":[{"count":0,"href":"https:\/\/www.ine.gob.bo\/index.php\/wp-json\/wp\/v2\/posts\/73340\/revisions"}],"wp:featuredmedia":[{"embeddable":true,"href":"https:\/\/www.ine.gob.bo\/index.php\/wp-json\/wp\/v2\/media\/73341"}],"wp:attachment":[{"href":"https:\/\/www.ine.gob.bo\/index.php\/wp-json\/wp\/v2\/media?parent=73340"}],"wp:term":[{"taxonomy":"category","embeddable":true,"href":"https:\/\/www.ine.gob.bo\/index.php\/wp-json\/wp\/v2\/categories?post=73340"},{"taxonomy":"post_tag","embeddable":true,"href":"https:\/\/www.ine.gob.bo\/index.php\/wp-json\/wp\/v2\/tags?post=73340"}],"curies":[{"name":"wp","href":"https:\/\/api.w.org\/{rel}","templated":true}]}}