{"id":70508,"date":"2025-08-15T22:00:04","date_gmt":"2025-08-16T02:00:04","guid":{"rendered":"https:\/\/www.ine.gob.bo\/?p=70508"},"modified":"2025-08-15T17:59:06","modified_gmt":"2025-08-15T21:59:06","slug":"indice-de-precios-al-por-mayor-ipm-subio-245-en-julio-de-2025","status":"publish","type":"post","link":"https:\/\/www.ine.gob.bo\/index.php\/indice-de-precios-al-por-mayor-ipm-subio-245-en-julio-de-2025\/","title":{"rendered":"\u00cdndice de Precios al por Mayor (IPM) subi\u00f3 2,45% en julio de 2025"},"content":{"rendered":"<p>[vc_row][vc_column][vc_column_text]<\/p>\r\n<p style=\"text-align: justify;\"><strong>La Paz, 15 de agosto de 2025 (INE). \u2013<\/strong> En julio de 2025, el \u00cdndice de Precios al por Mayor (IPM) registr\u00f3 un incremento de 2,45% respecto a junio. La variaci\u00f3n acumulada hasta julio alcanz\u00f3 el 21,15%.<\/p>\r\n<p style=\"text-align: justify;\">El IPM es un indicador que mide la variaci\u00f3n en los precios de un conjunto de bienes que se transan en el canal de comercializaci\u00f3n mayorista, clasificados por su origen, en nacionales e importados<a href=\"#_ftn1\" name=\"_ftnref1\">[1]<\/a>. Se aclara que la canasta de bienes y servicios que determina la estructura de ponderaciones del IPM no considera como par\u00e1metro el conjunto de bienes y servicios consumidos por los hogares, por tanto, el \u00fanico indicador que mide la inflaci\u00f3n en Bolivia es el \u00cdndice de Precios al Consumidor (IPC).<\/p>\r\n<p>&nbsp;<\/p>\r\n<p><img loading=\"lazy\" decoding=\"async\" class=\"aligncenter wp-image-70510 size-full\" src=\"https:\/\/www.ine.gob.bo\/wp-content\/uploads\/2025\/08\/Cuadro-1-IPM-julio-2025.png\" alt=\"\" width=\"905\" height=\"513\" srcset=\"https:\/\/www.ine.gob.bo\/wp-content\/uploads\/2025\/08\/Cuadro-1-IPM-julio-2025.png 905w, https:\/\/www.ine.gob.bo\/wp-content\/uploads\/2025\/08\/Cuadro-1-IPM-julio-2025-300x170.png 300w, https:\/\/www.ine.gob.bo\/wp-content\/uploads\/2025\/08\/Cuadro-1-IPM-julio-2025-768x435.png 768w\" sizes=\"auto, (max-width: 905px) 100vw, 905px\" \/><img loading=\"lazy\" decoding=\"async\" class=\"aligncenter wp-image-70511 size-large\" src=\"https:\/\/www.ine.gob.bo\/wp-content\/uploads\/2025\/08\/Grafico-1-IPM-julio-2025-1024x665.png\" alt=\"\" width=\"1024\" height=\"665\" srcset=\"https:\/\/www.ine.gob.bo\/wp-content\/uploads\/2025\/08\/Grafico-1-IPM-julio-2025-1024x665.png 1024w, https:\/\/www.ine.gob.bo\/wp-content\/uploads\/2025\/08\/Grafico-1-IPM-julio-2025-300x195.png 300w, https:\/\/www.ine.gob.bo\/wp-content\/uploads\/2025\/08\/Grafico-1-IPM-julio-2025-768x499.png 768w, https:\/\/www.ine.gob.bo\/wp-content\/uploads\/2025\/08\/Grafico-1-IPM-julio-2025.png 1067w\" sizes=\"auto, (max-width: 1024px) 100vw, 1024px\" \/><\/p>\r\n<h4 style=\"text-align: justify;\"><strong>Comportamiento de precios al por mayor, seg\u00fan origen<\/strong><\/h4>\r\n<p>El aumento se debi\u00f3, principalmente, al incremento de precios de los productos de origen nacional que presentaron una incidencia porcentual positiva de 2,22 puntos porcentuales y una variaci\u00f3n de 2,72%.<\/p>\r\n<h4 style=\"text-align: justify;\"><strong><img loading=\"lazy\" decoding=\"async\" class=\"aligncenter wp-image-70512 size-full\" src=\"https:\/\/www.ine.gob.bo\/wp-content\/uploads\/2025\/08\/Cuadro-2-IPM-julio-2025.png\" alt=\"\" width=\"982\" height=\"393\" srcset=\"https:\/\/www.ine.gob.bo\/wp-content\/uploads\/2025\/08\/Cuadro-2-IPM-julio-2025.png 982w, https:\/\/www.ine.gob.bo\/wp-content\/uploads\/2025\/08\/Cuadro-2-IPM-julio-2025-300x120.png 300w, https:\/\/www.ine.gob.bo\/wp-content\/uploads\/2025\/08\/Cuadro-2-IPM-julio-2025-768x307.png 768w\" sizes=\"auto, (max-width: 982px) 100vw, 982px\" \/><\/strong><\/h4>\r\n<p><img loading=\"lazy\" decoding=\"async\" class=\"aligncenter wp-image-70513 size-full\" src=\"https:\/\/www.ine.gob.bo\/wp-content\/uploads\/2025\/08\/Grafico-2-IPM-julio-2025.png\" alt=\"\" width=\"793\" height=\"465\" srcset=\"https:\/\/www.ine.gob.bo\/wp-content\/uploads\/2025\/08\/Grafico-2-IPM-julio-2025.png 793w, https:\/\/www.ine.gob.bo\/wp-content\/uploads\/2025\/08\/Grafico-2-IPM-julio-2025-300x176.png 300w, https:\/\/www.ine.gob.bo\/wp-content\/uploads\/2025\/08\/Grafico-2-IPM-julio-2025-768x450.png 768w\" sizes=\"auto, (max-width: 793px) 100vw, 793px\" \/><\/p>\r\n<p>&nbsp;<\/p>\r\n<h4 style=\"text-align: justify;\"><strong>Comportamiento de precios al por mayor, seg\u00fan origen y grupos<\/strong><\/h4>\r\n<p style=\"text-align: justify;\">El incremento de 2,72% en los precios de productos de origen nacional se debi\u00f3 principalmente al sector agr\u00edcola, con una incidencia de 2,49 p.p. y una variaci\u00f3n porcentual de 6,13%.<\/p>\r\n<p style=\"text-align: justify;\">El aumento de 1,24% de los precios de productos de origen importado, se explica por el sector manufacturero, que present\u00f3 una incidencia de 1,20 p.p. y una variaci\u00f3n porcentual de 1,22%.<\/p>\r\n<h4><img loading=\"lazy\" decoding=\"async\" class=\"aligncenter wp-image-70514 size-full\" src=\"https:\/\/www.ine.gob.bo\/wp-content\/uploads\/2025\/08\/Cuadro-3-IPM-julio-2025.png\" alt=\"\" width=\"989\" height=\"512\" srcset=\"https:\/\/www.ine.gob.bo\/wp-content\/uploads\/2025\/08\/Cuadro-3-IPM-julio-2025.png 989w, https:\/\/www.ine.gob.bo\/wp-content\/uploads\/2025\/08\/Cuadro-3-IPM-julio-2025-300x155.png 300w, https:\/\/www.ine.gob.bo\/wp-content\/uploads\/2025\/08\/Cuadro-3-IPM-julio-2025-768x398.png 768w\" sizes=\"auto, (max-width: 989px) 100vw, 989px\" \/><\/h4>\r\n<h4><strong><img loading=\"lazy\" decoding=\"async\" class=\"aligncenter wp-image-70515 size-full\" src=\"https:\/\/www.ine.gob.bo\/wp-content\/uploads\/2025\/08\/Grafico-3-IPM-julio-2025.png\" alt=\"\" width=\"891\" height=\"723\" srcset=\"https:\/\/www.ine.gob.bo\/wp-content\/uploads\/2025\/08\/Grafico-3-IPM-julio-2025.png 891w, https:\/\/www.ine.gob.bo\/wp-content\/uploads\/2025\/08\/Grafico-3-IPM-julio-2025-300x243.png 300w, https:\/\/www.ine.gob.bo\/wp-content\/uploads\/2025\/08\/Grafico-3-IPM-julio-2025-768x623.png 768w\" sizes=\"auto, (max-width: 891px) 100vw, 891px\" \/><\/strong><\/h4>\r\n<h4><strong>Productos con mayor incidencia positiva y negativa<\/strong><\/h4>\r\n<h4><strong>Origen nacional<\/strong><\/h4>\r\n<p style=\"text-align: justify;\">Los productos de origen nacional con mayor incidencia porcentual positiva en julio fueron: hoja de coca, quinua, banano, pl\u00e1tano, habas verdes y cemento portland\/ cemento blanco. Por el contrario, aquellos con mayor incidencia negativa fueron: carnes frescas de pollo, carnes frescas de ganado porcino, harina o torta de soya, naranja, zapallo y aj\u00ed y locoto.<\/p>\r\n<p><img loading=\"lazy\" decoding=\"async\" class=\"aligncenter wp-image-70516 size-full\" src=\"https:\/\/www.ine.gob.bo\/wp-content\/uploads\/2025\/08\/Cuadro-4-IPM-julio-2025.png\" alt=\"\" width=\"988\" height=\"653\" srcset=\"https:\/\/www.ine.gob.bo\/wp-content\/uploads\/2025\/08\/Cuadro-4-IPM-julio-2025.png 988w, https:\/\/www.ine.gob.bo\/wp-content\/uploads\/2025\/08\/Cuadro-4-IPM-julio-2025-300x198.png 300w, https:\/\/www.ine.gob.bo\/wp-content\/uploads\/2025\/08\/Cuadro-4-IPM-julio-2025-768x508.png 768w\" sizes=\"auto, (max-width: 988px) 100vw, 988px\" \/><\/p>\r\n<p>&nbsp;<\/p>\r\n<h4><strong>Origen importado<\/strong><\/h4>\r\n<p style=\"text-align: justify;\">Los productos de origen importado con mayor incidencia porcentual positiva en julio fueron: partes\/ piezas\/accesorios para veh\u00edculos automotores, productos de material pl\u00e1stico, productos farmac\u00e9uticos, jab\u00f3n\/preparados para limpieza\/ perfumes y preparados de tocador, sopas\/ caldos\/ pur\u00e9\/ preparados y refrescos concentrados en polvo. Por el contrario, aquellos con mayor incidencia negativa fueron: papel\/ cart\u00f3n en rollos\/ cortados listos para usar, calzados en general incluso de deportes y especiales, muebles diversos, grasas automotrices e industriales, cigarrillos y productos refractarios y no refractarios.<\/p>\r\n<p><img loading=\"lazy\" decoding=\"async\" class=\"aligncenter wp-image-70517 size-full\" src=\"https:\/\/www.ine.gob.bo\/wp-content\/uploads\/2025\/08\/Cuadro-5-IPM-julio-2025.png\" alt=\"\" width=\"1018\" height=\"664\" srcset=\"https:\/\/www.ine.gob.bo\/wp-content\/uploads\/2025\/08\/Cuadro-5-IPM-julio-2025.png 1018w, https:\/\/www.ine.gob.bo\/wp-content\/uploads\/2025\/08\/Cuadro-5-IPM-julio-2025-300x196.png 300w, https:\/\/www.ine.gob.bo\/wp-content\/uploads\/2025\/08\/Cuadro-5-IPM-julio-2025-768x501.png 768w\" sizes=\"auto, (max-width: 1018px) 100vw, 1018px\" \/><\/p>\r\n<p><img loading=\"lazy\" decoding=\"async\" class=\"aligncenter wp-image-70518 size-full\" src=\"https:\/\/www.ine.gob.bo\/wp-content\/uploads\/2025\/08\/Grafico-4-IPM-julio-2025.png\" alt=\"\" width=\"1013\" height=\"632\" srcset=\"https:\/\/www.ine.gob.bo\/wp-content\/uploads\/2025\/08\/Grafico-4-IPM-julio-2025.png 1013w, https:\/\/www.ine.gob.bo\/wp-content\/uploads\/2025\/08\/Grafico-4-IPM-julio-2025-300x187.png 300w, https:\/\/www.ine.gob.bo\/wp-content\/uploads\/2025\/08\/Grafico-4-IPM-julio-2025-768x479.png 768w\" sizes=\"auto, (max-width: 1013px) 100vw, 1013px\" \/><\/p>\r\n<p>&nbsp;<\/p>\r\n<p>&nbsp;<\/p>\r\n<p><a href=\"#_ftnref1\" name=\"_ftn1\">[1]<\/a>Nota Metodol\u00f3gica y Ficha T\u00e9cnica IPM\u00a0\u00a0 <a href=\"https:\/\/www.ine.gob.bo\/index.php\/informacion-tecnica-ipm\/\">https:\/\/www.ine.gob.bo\/index.php\/informacion-tecnica-ipm\/<\/a><\/p>\r\n<p>&nbsp;<\/p>\r\n<p style=\"text-align: center;\"><em><strong>Unidad de Difusi\u00f3n y Comunicaci\u00f3n <\/strong><\/em><br \/><strong>INSTITUTO NACIONAL DE ESTAD\u00cdSTICA<\/strong><\/p>\r\n<p><img loading=\"lazy\" decoding=\"async\" class=\"aligncenter wp-image-58439 size-full\" src=\"https:\/\/www.ine.gob.bo\/wp-content\/uploads\/2022\/09\/Nota.-NP-IPM-Agosto-2022.png\" alt=\"\" width=\"896\" height=\"50\" srcset=\"https:\/\/www.ine.gob.bo\/wp-content\/uploads\/2022\/09\/Nota.-NP-IPM-Agosto-2022.png 896w, https:\/\/www.ine.gob.bo\/wp-content\/uploads\/2022\/09\/Nota.-NP-IPM-Agosto-2022-300x17.png 300w, https:\/\/www.ine.gob.bo\/wp-content\/uploads\/2022\/09\/Nota.-NP-IPM-Agosto-2022-768x43.png 768w\" sizes=\"auto, (max-width: 896px) 100vw, 896px\" \/><\/p>\r\n<p>&nbsp;<\/p>\r\n<p><a href=\"https:\/\/nimbus.ine.gob.bo\/index.php\/s\/pPc55M3fFx337GF\/download\"><span style=\"color: #ff0000;\">Descargar Nota de Prensa<\/span><\/a><\/p>\r\n<p class=\"has-text-align-center\"><!-- \/wp:post-content --><\/p>\r\n<p class=\"has-text-align-center\"><!-- wp:separator --><\/p>\r\n<hr class=\"wp-block-separator\" \/>\r\n<p class=\"has-text-align-center\"><!-- \/wp:separator --><\/p>\r\n<p class=\"has-text-align-center\"><!-- wp:paragraph {\"align\":\"right\"} --><\/p>\r\n<p class=\"has-text-align-right\"><strong><em>Entidad dependiente del Ministerio de Planificaci\u00f3n del Desarrollo<\/em><\/strong><\/p>\r\n<p class=\"has-text-align-center\"><!-- \/wp:paragraph --><\/p>\r\n<p>&nbsp;<\/p>\r\n<p>&nbsp;<\/p>\r\n<p>&nbsp;<\/p>\r\n<p>[\/vc_column_text][\/vc_column][\/vc_row]<\/p>","protected":false},"excerpt":{"rendered":"<p>[vc_row][vc_column][vc_column_text] La Paz, 15 de agosto de 2025 (INE). \u2013 En julio de 2025, el \u00cdndice de Precios al por Mayor (IPM) registr\u00f3 un incremento de 2,45% respecto a junio. La variaci\u00f3n acumulada hasta julio alcanz\u00f3 el 21,15%. El IPM es un indicador que mide la variaci\u00f3n en los precios de un conjunto de bienes&hellip;<\/p>\n","protected":false},"author":19,"featured_media":70519,"comment_status":"closed","ping_status":"open","sticky":false,"template":"","format":"standard","meta":[],"categories":[158],"tags":[52],"class_list":["post-70508","post","type-post","status-publish","format-standard","has-post-thumbnail","hentry","category-ine-noticias","tag-ine-noticias","category-158","description-off"],"yoast_head":"<!-- This site is optimized with the Yoast SEO plugin v23.2 - https:\/\/yoast.com\/wordpress\/plugins\/seo\/ -->\n<title>\u00cdndice de Precios al por Mayor (IPM) subi\u00f3 2,45% en julio de 2025 - INE<\/title>\n<meta name=\"description\" content=\"P\u00e1gina oficial del Instituto Nacional de Estadistica INE, informaci\u00f3n estad\u00edstica, geogr\u00e1fica y econ\u00f3mica a nivel nacional.\" \/>\n<meta name=\"robots\" content=\"index, follow, max-snippet:-1, max-image-preview:large, max-video-preview:-1\" \/>\n<link rel=\"canonical\" href=\"https:\/\/www.ine.gob.bo\/index.php\/indice-de-precios-al-por-mayor-ipm-subio-245-en-julio-de-2025\/\" \/>\n<meta property=\"og:locale\" content=\"es_ES\" \/>\n<meta property=\"og:type\" content=\"article\" \/>\n<meta property=\"og:title\" content=\"\u00cdndice de Precios al por Mayor (IPM) subi\u00f3 2,45% en julio de 2025 - INE\" \/>\n<meta property=\"og:description\" content=\"P\u00e1gina oficial del Instituto Nacional de Estadistica INE, informaci\u00f3n estad\u00edstica, geogr\u00e1fica y econ\u00f3mica a nivel nacional.\" \/>\n<meta property=\"og:url\" content=\"https:\/\/www.ine.gob.bo\/index.php\/indice-de-precios-al-por-mayor-ipm-subio-245-en-julio-de-2025\/\" \/>\n<meta property=\"og:site_name\" content=\"INE\" \/>\n<meta property=\"article:publisher\" content=\"https:\/\/www.facebook.com\/ineboliviaoficial\" \/>\n<meta property=\"article:published_time\" content=\"2025-08-16T02:00:04+00:00\" \/>\n<meta property=\"article:modified_time\" content=\"2025-08-15T21:59:06+00:00\" \/>\n<meta property=\"og:image\" content=\"https:\/\/www.ine.gob.bo\/wp-content\/uploads\/2025\/08\/Portada-IPM-julio-2025.png\" \/>\n\t<meta property=\"og:image:width\" content=\"698\" \/>\n\t<meta property=\"og:image:height\" content=\"899\" \/>\n\t<meta property=\"og:image:type\" content=\"image\/png\" \/>\n<meta name=\"author\" content=\"Albaro Benedicto Laime Mamani\" \/>\n<meta name=\"twitter:card\" content=\"summary_large_image\" \/>\n<meta name=\"twitter:creator\" content=\"@INE_Bolivia\" \/>\n<meta name=\"twitter:site\" content=\"@INE_Bolivia\" \/>\n<meta name=\"twitter:label1\" content=\"Escrito por\" \/>\n\t<meta name=\"twitter:data1\" content=\"Albaro Benedicto Laime Mamani\" \/>\n\t<meta name=\"twitter:label2\" content=\"Tiempo de lectura\" \/>\n\t<meta name=\"twitter:data2\" content=\"5 minutos\" \/>\n<script type=\"application\/ld+json\" class=\"yoast-schema-graph\">{\"@context\":\"https:\/\/schema.org\",\"@graph\":[{\"@type\":\"Article\",\"@id\":\"https:\/\/www.ine.gob.bo\/index.php\/indice-de-precios-al-por-mayor-ipm-subio-245-en-julio-de-2025\/#article\",\"isPartOf\":{\"@id\":\"https:\/\/www.ine.gob.bo\/index.php\/indice-de-precios-al-por-mayor-ipm-subio-245-en-julio-de-2025\/\"},\"author\":{\"name\":\"Albaro Benedicto Laime Mamani\",\"@id\":\"https:\/\/www.ine.gob.bo\/#\/schema\/person\/cd5e3dea21e6634e99cebddcca7540d1\"},\"headline\":\"\u00cdndice de Precios al por Mayor (IPM) subi\u00f3 2,45% en julio de 2025\",\"datePublished\":\"2025-08-16T02:00:04+00:00\",\"dateModified\":\"2025-08-15T21:59:06+00:00\",\"mainEntityOfPage\":{\"@id\":\"https:\/\/www.ine.gob.bo\/index.php\/indice-de-precios-al-por-mayor-ipm-subio-245-en-julio-de-2025\/\"},\"wordCount\":458,\"publisher\":{\"@id\":\"https:\/\/www.ine.gob.bo\/#organization\"},\"image\":{\"@id\":\"https:\/\/www.ine.gob.bo\/index.php\/indice-de-precios-al-por-mayor-ipm-subio-245-en-julio-de-2025\/#primaryimage\"},\"thumbnailUrl\":\"https:\/\/www.ine.gob.bo\/wp-content\/uploads\/2025\/08\/Portada-IPM-julio-2025.png\",\"keywords\":[\"INE Noticias\"],\"articleSection\":[\"INE noticias\"],\"inLanguage\":\"es\"},{\"@type\":\"WebPage\",\"@id\":\"https:\/\/www.ine.gob.bo\/index.php\/indice-de-precios-al-por-mayor-ipm-subio-245-en-julio-de-2025\/\",\"url\":\"https:\/\/www.ine.gob.bo\/index.php\/indice-de-precios-al-por-mayor-ipm-subio-245-en-julio-de-2025\/\",\"name\":\"\u00cdndice de Precios al por Mayor (IPM) subi\u00f3 2,45% en julio de 2025 - INE\",\"isPartOf\":{\"@id\":\"https:\/\/www.ine.gob.bo\/#website\"},\"primaryImageOfPage\":{\"@id\":\"https:\/\/www.ine.gob.bo\/index.php\/indice-de-precios-al-por-mayor-ipm-subio-245-en-julio-de-2025\/#primaryimage\"},\"image\":{\"@id\":\"https:\/\/www.ine.gob.bo\/index.php\/indice-de-precios-al-por-mayor-ipm-subio-245-en-julio-de-2025\/#primaryimage\"},\"thumbnailUrl\":\"https:\/\/www.ine.gob.bo\/wp-content\/uploads\/2025\/08\/Portada-IPM-julio-2025.png\",\"datePublished\":\"2025-08-16T02:00:04+00:00\",\"dateModified\":\"2025-08-15T21:59:06+00:00\",\"description\":\"P\u00e1gina oficial del Instituto Nacional de Estadistica INE, informaci\u00f3n estad\u00edstica, geogr\u00e1fica y econ\u00f3mica a nivel nacional.\",\"breadcrumb\":{\"@id\":\"https:\/\/www.ine.gob.bo\/index.php\/indice-de-precios-al-por-mayor-ipm-subio-245-en-julio-de-2025\/#breadcrumb\"},\"inLanguage\":\"es\",\"potentialAction\":[{\"@type\":\"ReadAction\",\"target\":[\"https:\/\/www.ine.gob.bo\/index.php\/indice-de-precios-al-por-mayor-ipm-subio-245-en-julio-de-2025\/\"]}]},{\"@type\":\"ImageObject\",\"inLanguage\":\"es\",\"@id\":\"https:\/\/www.ine.gob.bo\/index.php\/indice-de-precios-al-por-mayor-ipm-subio-245-en-julio-de-2025\/#primaryimage\",\"url\":\"https:\/\/www.ine.gob.bo\/wp-content\/uploads\/2025\/08\/Portada-IPM-julio-2025.png\",\"contentUrl\":\"https:\/\/www.ine.gob.bo\/wp-content\/uploads\/2025\/08\/Portada-IPM-julio-2025.png\",\"width\":698,\"height\":899},{\"@type\":\"BreadcrumbList\",\"@id\":\"https:\/\/www.ine.gob.bo\/index.php\/indice-de-precios-al-por-mayor-ipm-subio-245-en-julio-de-2025\/#breadcrumb\",\"itemListElement\":[{\"@type\":\"ListItem\",\"position\":1,\"name\":\"Portada\",\"item\":\"https:\/\/www.ine.gob.bo\/\"},{\"@type\":\"ListItem\",\"position\":2,\"name\":\"\u00cdndice de Precios al por Mayor (IPM) subi\u00f3 2,45% en julio de 2025\"}]},{\"@type\":\"WebSite\",\"@id\":\"https:\/\/www.ine.gob.bo\/#website\",\"url\":\"https:\/\/www.ine.gob.bo\/\",\"name\":\"INE\",\"description\":\"Instituto Nacional de Estad\u00edstica\",\"publisher\":{\"@id\":\"https:\/\/www.ine.gob.bo\/#organization\"},\"potentialAction\":[{\"@type\":\"SearchAction\",\"target\":{\"@type\":\"EntryPoint\",\"urlTemplate\":\"https:\/\/www.ine.gob.bo\/?s={search_term_string}\"},\"query-input\":\"required name=search_term_string\"}],\"inLanguage\":\"es\"},{\"@type\":\"Organization\",\"@id\":\"https:\/\/www.ine.gob.bo\/#organization\",\"name\":\"Instituto Nacional de Estad\u00edstica\",\"url\":\"https:\/\/www.ine.gob.bo\/\",\"logo\":{\"@type\":\"ImageObject\",\"inLanguage\":\"es\",\"@id\":\"https:\/\/www.ine.gob.bo\/#\/schema\/logo\/image\/\",\"url\":\"https:\/\/www.ine.gob.bo\/wp-content\/uploads\/2026\/02\/logo-ine.jpg\",\"contentUrl\":\"https:\/\/www.ine.gob.bo\/wp-content\/uploads\/2026\/02\/logo-ine.jpg\",\"width\":799,\"height\":453,\"caption\":\"Instituto Nacional de Estad\u00edstica\"},\"image\":{\"@id\":\"https:\/\/www.ine.gob.bo\/#\/schema\/logo\/image\/\"},\"sameAs\":[\"https:\/\/www.facebook.com\/ineboliviaoficial\",\"https:\/\/x.com\/INE_Bolivia\",\"https:\/\/www.instagram.com\/ineboliviaoficial\/\",\"https:\/\/www.youtube.com\/channel\/UCbIQXKLw414g5kWo1tAwqCg\"]},{\"@type\":\"Person\",\"@id\":\"https:\/\/www.ine.gob.bo\/#\/schema\/person\/cd5e3dea21e6634e99cebddcca7540d1\",\"name\":\"Albaro Benedicto Laime Mamani\",\"image\":{\"@type\":\"ImageObject\",\"inLanguage\":\"es\",\"@id\":\"https:\/\/www.ine.gob.bo\/#\/schema\/person\/image\/\",\"url\":\"https:\/\/secure.gravatar.com\/avatar\/450967f1badecac6afbf323d3a06c551f001ee9e5a1094976c96b19cce5b7180?s=96&d=mm&r=g\",\"contentUrl\":\"https:\/\/secure.gravatar.com\/avatar\/450967f1badecac6afbf323d3a06c551f001ee9e5a1094976c96b19cce5b7180?s=96&d=mm&r=g\",\"caption\":\"Albaro Benedicto Laime Mamani\"},\"url\":\"https:\/\/www.ine.gob.bo\/index.php\/author\/alaime\/\"}]}<\/script>\n<!-- \/ Yoast SEO plugin. -->","yoast_head_json":{"title":"\u00cdndice de Precios al por Mayor (IPM) subi\u00f3 2,45% en julio de 2025 - INE","description":"P\u00e1gina oficial del Instituto Nacional de Estadistica INE, informaci\u00f3n estad\u00edstica, geogr\u00e1fica y econ\u00f3mica a nivel nacional.","robots":{"index":"index","follow":"follow","max-snippet":"max-snippet:-1","max-image-preview":"max-image-preview:large","max-video-preview":"max-video-preview:-1"},"canonical":"https:\/\/www.ine.gob.bo\/index.php\/indice-de-precios-al-por-mayor-ipm-subio-245-en-julio-de-2025\/","og_locale":"es_ES","og_type":"article","og_title":"\u00cdndice de Precios al por Mayor (IPM) subi\u00f3 2,45% en julio de 2025 - INE","og_description":"P\u00e1gina oficial del Instituto Nacional de Estadistica INE, informaci\u00f3n estad\u00edstica, geogr\u00e1fica y econ\u00f3mica a nivel nacional.","og_url":"https:\/\/www.ine.gob.bo\/index.php\/indice-de-precios-al-por-mayor-ipm-subio-245-en-julio-de-2025\/","og_site_name":"INE","article_publisher":"https:\/\/www.facebook.com\/ineboliviaoficial","article_published_time":"2025-08-16T02:00:04+00:00","article_modified_time":"2025-08-15T21:59:06+00:00","og_image":[{"width":698,"height":899,"url":"https:\/\/www.ine.gob.bo\/wp-content\/uploads\/2025\/08\/Portada-IPM-julio-2025.png","type":"image\/png"}],"author":"Albaro Benedicto Laime Mamani","twitter_card":"summary_large_image","twitter_creator":"@INE_Bolivia","twitter_site":"@INE_Bolivia","twitter_misc":{"Escrito por":"Albaro Benedicto Laime Mamani","Tiempo de lectura":"5 minutos"},"schema":{"@context":"https:\/\/schema.org","@graph":[{"@type":"Article","@id":"https:\/\/www.ine.gob.bo\/index.php\/indice-de-precios-al-por-mayor-ipm-subio-245-en-julio-de-2025\/#article","isPartOf":{"@id":"https:\/\/www.ine.gob.bo\/index.php\/indice-de-precios-al-por-mayor-ipm-subio-245-en-julio-de-2025\/"},"author":{"name":"Albaro Benedicto Laime Mamani","@id":"https:\/\/www.ine.gob.bo\/#\/schema\/person\/cd5e3dea21e6634e99cebddcca7540d1"},"headline":"\u00cdndice de Precios al por Mayor (IPM) subi\u00f3 2,45% en julio de 2025","datePublished":"2025-08-16T02:00:04+00:00","dateModified":"2025-08-15T21:59:06+00:00","mainEntityOfPage":{"@id":"https:\/\/www.ine.gob.bo\/index.php\/indice-de-precios-al-por-mayor-ipm-subio-245-en-julio-de-2025\/"},"wordCount":458,"publisher":{"@id":"https:\/\/www.ine.gob.bo\/#organization"},"image":{"@id":"https:\/\/www.ine.gob.bo\/index.php\/indice-de-precios-al-por-mayor-ipm-subio-245-en-julio-de-2025\/#primaryimage"},"thumbnailUrl":"https:\/\/www.ine.gob.bo\/wp-content\/uploads\/2025\/08\/Portada-IPM-julio-2025.png","keywords":["INE Noticias"],"articleSection":["INE noticias"],"inLanguage":"es"},{"@type":"WebPage","@id":"https:\/\/www.ine.gob.bo\/index.php\/indice-de-precios-al-por-mayor-ipm-subio-245-en-julio-de-2025\/","url":"https:\/\/www.ine.gob.bo\/index.php\/indice-de-precios-al-por-mayor-ipm-subio-245-en-julio-de-2025\/","name":"\u00cdndice de Precios al por Mayor (IPM) subi\u00f3 2,45% en julio de 2025 - INE","isPartOf":{"@id":"https:\/\/www.ine.gob.bo\/#website"},"primaryImageOfPage":{"@id":"https:\/\/www.ine.gob.bo\/index.php\/indice-de-precios-al-por-mayor-ipm-subio-245-en-julio-de-2025\/#primaryimage"},"image":{"@id":"https:\/\/www.ine.gob.bo\/index.php\/indice-de-precios-al-por-mayor-ipm-subio-245-en-julio-de-2025\/#primaryimage"},"thumbnailUrl":"https:\/\/www.ine.gob.bo\/wp-content\/uploads\/2025\/08\/Portada-IPM-julio-2025.png","datePublished":"2025-08-16T02:00:04+00:00","dateModified":"2025-08-15T21:59:06+00:00","description":"P\u00e1gina oficial del Instituto Nacional de Estadistica INE, informaci\u00f3n estad\u00edstica, geogr\u00e1fica y econ\u00f3mica a nivel nacional.","breadcrumb":{"@id":"https:\/\/www.ine.gob.bo\/index.php\/indice-de-precios-al-por-mayor-ipm-subio-245-en-julio-de-2025\/#breadcrumb"},"inLanguage":"es","potentialAction":[{"@type":"ReadAction","target":["https:\/\/www.ine.gob.bo\/index.php\/indice-de-precios-al-por-mayor-ipm-subio-245-en-julio-de-2025\/"]}]},{"@type":"ImageObject","inLanguage":"es","@id":"https:\/\/www.ine.gob.bo\/index.php\/indice-de-precios-al-por-mayor-ipm-subio-245-en-julio-de-2025\/#primaryimage","url":"https:\/\/www.ine.gob.bo\/wp-content\/uploads\/2025\/08\/Portada-IPM-julio-2025.png","contentUrl":"https:\/\/www.ine.gob.bo\/wp-content\/uploads\/2025\/08\/Portada-IPM-julio-2025.png","width":698,"height":899},{"@type":"BreadcrumbList","@id":"https:\/\/www.ine.gob.bo\/index.php\/indice-de-precios-al-por-mayor-ipm-subio-245-en-julio-de-2025\/#breadcrumb","itemListElement":[{"@type":"ListItem","position":1,"name":"Portada","item":"https:\/\/www.ine.gob.bo\/"},{"@type":"ListItem","position":2,"name":"\u00cdndice de Precios al por Mayor (IPM) subi\u00f3 2,45% en julio de 2025"}]},{"@type":"WebSite","@id":"https:\/\/www.ine.gob.bo\/#website","url":"https:\/\/www.ine.gob.bo\/","name":"INE","description":"Instituto Nacional de Estad\u00edstica","publisher":{"@id":"https:\/\/www.ine.gob.bo\/#organization"},"potentialAction":[{"@type":"SearchAction","target":{"@type":"EntryPoint","urlTemplate":"https:\/\/www.ine.gob.bo\/?s={search_term_string}"},"query-input":"required name=search_term_string"}],"inLanguage":"es"},{"@type":"Organization","@id":"https:\/\/www.ine.gob.bo\/#organization","name":"Instituto Nacional de Estad\u00edstica","url":"https:\/\/www.ine.gob.bo\/","logo":{"@type":"ImageObject","inLanguage":"es","@id":"https:\/\/www.ine.gob.bo\/#\/schema\/logo\/image\/","url":"https:\/\/www.ine.gob.bo\/wp-content\/uploads\/2026\/02\/logo-ine.jpg","contentUrl":"https:\/\/www.ine.gob.bo\/wp-content\/uploads\/2026\/02\/logo-ine.jpg","width":799,"height":453,"caption":"Instituto Nacional de Estad\u00edstica"},"image":{"@id":"https:\/\/www.ine.gob.bo\/#\/schema\/logo\/image\/"},"sameAs":["https:\/\/www.facebook.com\/ineboliviaoficial","https:\/\/x.com\/INE_Bolivia","https:\/\/www.instagram.com\/ineboliviaoficial\/","https:\/\/www.youtube.com\/channel\/UCbIQXKLw414g5kWo1tAwqCg"]},{"@type":"Person","@id":"https:\/\/www.ine.gob.bo\/#\/schema\/person\/cd5e3dea21e6634e99cebddcca7540d1","name":"Albaro Benedicto Laime Mamani","image":{"@type":"ImageObject","inLanguage":"es","@id":"https:\/\/www.ine.gob.bo\/#\/schema\/person\/image\/","url":"https:\/\/secure.gravatar.com\/avatar\/450967f1badecac6afbf323d3a06c551f001ee9e5a1094976c96b19cce5b7180?s=96&d=mm&r=g","contentUrl":"https:\/\/secure.gravatar.com\/avatar\/450967f1badecac6afbf323d3a06c551f001ee9e5a1094976c96b19cce5b7180?s=96&d=mm&r=g","caption":"Albaro Benedicto Laime Mamani"},"url":"https:\/\/www.ine.gob.bo\/index.php\/author\/alaime\/"}]}},"rttpg_featured_image_url":{"full":["https:\/\/www.ine.gob.bo\/wp-content\/uploads\/2025\/08\/Portada-IPM-julio-2025.png",698,899,false],"landscape":["https:\/\/www.ine.gob.bo\/wp-content\/uploads\/2025\/08\/Portada-IPM-julio-2025.png",698,899,false],"portraits":["https:\/\/www.ine.gob.bo\/wp-content\/uploads\/2025\/08\/Portada-IPM-julio-2025.png",698,899,false],"thumbnail":["https:\/\/www.ine.gob.bo\/wp-content\/uploads\/2025\/08\/Portada-IPM-julio-2025-150x150.png",150,150,true],"medium":["https:\/\/www.ine.gob.bo\/wp-content\/uploads\/2025\/08\/Portada-IPM-julio-2025-233x300.png",233,300,true],"large":["https:\/\/www.ine.gob.bo\/wp-content\/uploads\/2025\/08\/Portada-IPM-julio-2025.png",698,899,false],"1536x1536":["https:\/\/www.ine.gob.bo\/wp-content\/uploads\/2025\/08\/Portada-IPM-julio-2025.png",698,899,false],"2048x2048":["https:\/\/www.ine.gob.bo\/wp-content\/uploads\/2025\/08\/Portada-IPM-julio-2025.png",698,899,false]},"rttpg_author":{"display_name":"Albaro Benedicto Laime Mamani","author_link":"https:\/\/www.ine.gob.bo\/index.php\/author\/alaime\/"},"rttpg_comment":0,"rttpg_category":"<a href=\"https:\/\/www.ine.gob.bo\/index.php\/category\/ine-noticias\/\" rel=\"category tag\">INE noticias<\/a>","rttpg_excerpt":"[vc_row][vc_column][vc_column_text] La Paz, 15 de agosto de 2025 (INE). \u2013 En julio de 2025, el \u00cdndice de Precios al por Mayor (IPM) registr\u00f3 un incremento de 2,45% respecto a junio. La variaci\u00f3n acumulada hasta julio alcanz\u00f3 el 21,15%. El IPM es un indicador que mide la variaci\u00f3n en los precios de un conjunto de bienes&hellip;","_links":{"self":[{"href":"https:\/\/www.ine.gob.bo\/index.php\/wp-json\/wp\/v2\/posts\/70508","targetHints":{"allow":["GET"]}}],"collection":[{"href":"https:\/\/www.ine.gob.bo\/index.php\/wp-json\/wp\/v2\/posts"}],"about":[{"href":"https:\/\/www.ine.gob.bo\/index.php\/wp-json\/wp\/v2\/types\/post"}],"author":[{"embeddable":true,"href":"https:\/\/www.ine.gob.bo\/index.php\/wp-json\/wp\/v2\/users\/19"}],"replies":[{"embeddable":true,"href":"https:\/\/www.ine.gob.bo\/index.php\/wp-json\/wp\/v2\/comments?post=70508"}],"version-history":[{"count":0,"href":"https:\/\/www.ine.gob.bo\/index.php\/wp-json\/wp\/v2\/posts\/70508\/revisions"}],"wp:featuredmedia":[{"embeddable":true,"href":"https:\/\/www.ine.gob.bo\/index.php\/wp-json\/wp\/v2\/media\/70519"}],"wp:attachment":[{"href":"https:\/\/www.ine.gob.bo\/index.php\/wp-json\/wp\/v2\/media?parent=70508"}],"wp:term":[{"taxonomy":"category","embeddable":true,"href":"https:\/\/www.ine.gob.bo\/index.php\/wp-json\/wp\/v2\/categories?post=70508"},{"taxonomy":"post_tag","embeddable":true,"href":"https:\/\/www.ine.gob.bo\/index.php\/wp-json\/wp\/v2\/tags?post=70508"}],"curies":[{"name":"wp","href":"https:\/\/api.w.org\/{rel}","templated":true}]}}