{"id":70243,"date":"2025-07-21T17:24:59","date_gmt":"2025-07-21T21:24:59","guid":{"rendered":"https:\/\/www.ine.gob.bo\/?p=70243"},"modified":"2025-07-21T17:24:59","modified_gmt":"2025-07-21T21:24:59","slug":"informacion-estadistica-sobre-informalidad-es-analizada-por-mision-internacional-de-francia-y-peru","status":"publish","type":"post","link":"https:\/\/www.ine.gob.bo\/index.php\/informacion-estadistica-sobre-informalidad-es-analizada-por-mision-internacional-de-francia-y-peru\/","title":{"rendered":"Informaci\u00f3n estad\u00edstica sobre informalidad es analizada por misi\u00f3n internacional de Francia y  Per\u00fa"},"content":{"rendered":"<p>[vc_row][vc_column][vc_column_text]<\/p>\r\n<p style=\"text-align: justify;\"><strong>La Paz, 21 de julio de 2025 (INE). \u2013<\/strong> Una misi\u00f3n de expertos internacionales del Instituto Nacional de Estad\u00edstica e Inform\u00e1tica (INEI) del Per\u00fa y del Instituto Nacional de Estad\u00edstica y Estudios Econ\u00f3micos de Francia (INSEE), con financiamiento de la Agencia Francesa de Desarrollo (AFD) refuerzan al Instituto Nacional de Estad\u00edstica (INE) de Bolivia analizando informaci\u00f3n primaria e indicadores estad\u00edsticos de la informalidad dentro del proyecto del Cambio de A\u00f1o Base 2025.<\/p>\r\n<p style=\"text-align: justify;\">El cambio de a\u00f1o base es la actualizaci\u00f3n del per\u00edodo de referencia utilizado para calcular indicadores econ\u00f3micos como el Producto Interno Bruto (PIB) y las cuentas de los sectores institucionales, permitiendo que las estad\u00edsticas reflejen de manera m\u00e1s precisa la realidad de la estructura econ\u00f3mica de nuestro pa\u00eds.<\/p>\r\n<p style=\"text-align: justify;\">Este cambio que implica una revisi\u00f3n de la estructura y la metodolog\u00eda utilizada para obtener mediciones m\u00e1s precisas de la evoluci\u00f3n de las Cuentas Nacionales.<\/p>\r\n<p style=\"text-align: justify;\">Este encuentro t\u00e9cnico tendr\u00e1 una duraci\u00f3n de cinco d\u00edas, abordando y analizando estad\u00edsticas e indicadores de empleo formal e informal a partir de la Encuesta Continua de Empleo, Cuenta de Hogares y actividades econ\u00f3micas de los hogares, la Matriz de Empleo A\u00f1o de Referencia 2017 y las estad\u00edsticas de empleo y remuneraciones a partir de registros administrativos y el m\u00f3dulo de empleo del Censo de Poblaci\u00f3n y Vivienda 2024 entre otros.<\/p>\r\n<p>&nbsp;<\/p>\r\n<p><img loading=\"lazy\" decoding=\"async\" class=\"aligncenter wp-image-70244 size-full\" src=\"https:\/\/www.ine.gob.bo\/wp-content\/uploads\/2025\/07\/F1-NP-MISION-FRANCIA-Y-PERU.png\" alt=\"\" width=\"864\" height=\"501\" srcset=\"https:\/\/www.ine.gob.bo\/wp-content\/uploads\/2025\/07\/F1-NP-MISION-FRANCIA-Y-PERU.png 864w, https:\/\/www.ine.gob.bo\/wp-content\/uploads\/2025\/07\/F1-NP-MISION-FRANCIA-Y-PERU-300x174.png 300w, https:\/\/www.ine.gob.bo\/wp-content\/uploads\/2025\/07\/F1-NP-MISION-FRANCIA-Y-PERU-768x445.png 768w\" sizes=\"auto, (max-width: 864px) 100vw, 864px\" \/><\/p>\r\n<p style=\"text-align: center;\">Ernesto Mercado, Director de Bienes de la Direcci\u00f3n Ejecutiva de Bienes y Servicios No Financieros del Instituto Nacional<br \/>de Estad\u00edstica e Inform\u00e1tica (INEI), Per\u00fa; Humberto Arandia, Director General Ejecutivo del Instituto Nacional de<br \/>Estad\u00edstica; Vincent Biausque Director Regional adjunto del Instituto Nacional de Estad\u00edstica y Estudios Econ\u00f3micos de<br \/>Ile-de-France (INSEE) y Johnny Suxo Suxo, Director de Cuentas Nacionales del INE.<\/p>\r\n<p>&nbsp;<\/p>\r\n<p>&nbsp;<\/p>\r\n<p style=\"text-align: center;\"><em><strong>Unidad de Difusi\u00f3n y Comunicaci\u00f3n <\/strong><\/em><br \/><strong>INSTITUTO NACIONAL DE ESTAD\u00cdSTICA<\/strong><\/p>\r\n<p>&nbsp;<\/p>\r\n<p>&nbsp;<\/p>\r\n<p><a href=\"https:\/\/nimbus.ine.gob.bo\/index.php\/s\/Y4gyCaMMrcWcEKb\/download\"><span style=\"color: #ff0000;\">Descargar Nota de Prensa<\/span><\/a><\/p>\r\n<p class=\"has-text-align-center\"><!-- \/wp:post-content --><\/p>\r\n<p class=\"has-text-align-center\"><!-- wp:separator --><\/p>\r\n<hr class=\"wp-block-separator\" \/>\r\n<p class=\"has-text-align-center\"><!-- \/wp:separator --><\/p>\r\n<p class=\"has-text-align-center\"><!-- wp:paragraph {\"align\":\"right\"} --><\/p>\r\n<p class=\"has-text-align-right\"><strong><em>Entidad dependiente del Ministerio de Planificaci\u00f3n del Desarrollo<\/em><\/strong><\/p>\r\n<p class=\"has-text-align-center\"><!-- \/wp:paragraph --><\/p>\r\n<p>&nbsp;<\/p>\r\n<p>&nbsp;<\/p>\r\n<p>&nbsp;<\/p>\r\n<p>[\/vc_column_text][\/vc_column][\/vc_row]<\/p>","protected":false},"excerpt":{"rendered":"<p>[vc_row][vc_column][vc_column_text] La Paz, 21 de julio de 2025 (INE). \u2013 Una misi\u00f3n de expertos internacionales del Instituto Nacional de Estad\u00edstica e Inform\u00e1tica (INEI) del Per\u00fa y del Instituto Nacional de Estad\u00edstica y Estudios Econ\u00f3micos de Francia (INSEE), con financiamiento de la Agencia Francesa de Desarrollo (AFD) refuerzan al Instituto Nacional de Estad\u00edstica (INE) de Bolivia&hellip;<\/p>\n","protected":false},"author":19,"featured_media":70244,"comment_status":"closed","ping_status":"open","sticky":false,"template":"","format":"standard","meta":[],"categories":[158],"tags":[52],"class_list":["post-70243","post","type-post","status-publish","format-standard","has-post-thumbnail","hentry","category-ine-noticias","tag-ine-noticias","category-158","description-off"],"yoast_head":"<!-- This site is optimized with the Yoast SEO plugin v23.2 - https:\/\/yoast.com\/wordpress\/plugins\/seo\/ -->\n<title>Informaci\u00f3n estad\u00edstica sobre informalidad es analizada por misi\u00f3n internacional de Francia y Per\u00fa - INE<\/title>\n<meta name=\"description\" content=\"P\u00e1gina oficial del Instituto Nacional de Estadistica INE, informaci\u00f3n estad\u00edstica, geogr\u00e1fica y econ\u00f3mica a nivel nacional.\" \/>\n<meta name=\"robots\" content=\"index, follow, max-snippet:-1, max-image-preview:large, max-video-preview:-1\" \/>\n<link rel=\"canonical\" href=\"https:\/\/www.ine.gob.bo\/index.php\/informacion-estadistica-sobre-informalidad-es-analizada-por-mision-internacional-de-francia-y-peru\/\" \/>\n<meta property=\"og:locale\" content=\"es_ES\" \/>\n<meta property=\"og:type\" content=\"article\" \/>\n<meta property=\"og:title\" content=\"Informaci\u00f3n estad\u00edstica sobre informalidad es analizada por misi\u00f3n internacional de Francia y Per\u00fa - INE\" \/>\n<meta property=\"og:description\" content=\"P\u00e1gina oficial del Instituto Nacional de Estadistica INE, informaci\u00f3n estad\u00edstica, geogr\u00e1fica y econ\u00f3mica a nivel nacional.\" \/>\n<meta property=\"og:url\" content=\"https:\/\/www.ine.gob.bo\/index.php\/informacion-estadistica-sobre-informalidad-es-analizada-por-mision-internacional-de-francia-y-peru\/\" \/>\n<meta property=\"og:site_name\" content=\"INE\" \/>\n<meta property=\"article:publisher\" content=\"https:\/\/www.facebook.com\/ineboliviaoficial\" \/>\n<meta property=\"article:published_time\" content=\"2025-07-21T21:24:59+00:00\" \/>\n<meta property=\"og:image\" content=\"https:\/\/www.ine.gob.bo\/wp-content\/uploads\/2025\/07\/F1-NP-MISION-FRANCIA-Y-PERU.png\" \/>\n\t<meta property=\"og:image:width\" content=\"864\" \/>\n\t<meta property=\"og:image:height\" content=\"501\" \/>\n\t<meta property=\"og:image:type\" content=\"image\/png\" \/>\n<meta name=\"author\" content=\"Albaro Benedicto Laime Mamani\" \/>\n<meta name=\"twitter:card\" content=\"summary_large_image\" \/>\n<meta name=\"twitter:creator\" content=\"@INE_Bolivia\" \/>\n<meta name=\"twitter:site\" content=\"@INE_Bolivia\" \/>\n<meta name=\"twitter:label1\" content=\"Escrito por\" \/>\n\t<meta name=\"twitter:data1\" content=\"Albaro Benedicto Laime Mamani\" \/>\n\t<meta name=\"twitter:label2\" content=\"Tiempo de lectura\" \/>\n\t<meta name=\"twitter:data2\" content=\"2 minutos\" \/>\n<script type=\"application\/ld+json\" class=\"yoast-schema-graph\">{\"@context\":\"https:\/\/schema.org\",\"@graph\":[{\"@type\":\"Article\",\"@id\":\"https:\/\/www.ine.gob.bo\/index.php\/informacion-estadistica-sobre-informalidad-es-analizada-por-mision-internacional-de-francia-y-peru\/#article\",\"isPartOf\":{\"@id\":\"https:\/\/www.ine.gob.bo\/index.php\/informacion-estadistica-sobre-informalidad-es-analizada-por-mision-internacional-de-francia-y-peru\/\"},\"author\":{\"name\":\"Albaro Benedicto Laime Mamani\",\"@id\":\"https:\/\/www.ine.gob.bo\/#\/schema\/person\/cd5e3dea21e6634e99cebddcca7540d1\"},\"headline\":\"Informaci\u00f3n estad\u00edstica sobre informalidad es analizada por misi\u00f3n internacional de Francia y Per\u00fa\",\"datePublished\":\"2025-07-21T21:24:59+00:00\",\"dateModified\":\"2025-07-21T21:24:59+00:00\",\"mainEntityOfPage\":{\"@id\":\"https:\/\/www.ine.gob.bo\/index.php\/informacion-estadistica-sobre-informalidad-es-analizada-por-mision-internacional-de-francia-y-peru\/\"},\"wordCount\":366,\"publisher\":{\"@id\":\"https:\/\/www.ine.gob.bo\/#organization\"},\"image\":{\"@id\":\"https:\/\/www.ine.gob.bo\/index.php\/informacion-estadistica-sobre-informalidad-es-analizada-por-mision-internacional-de-francia-y-peru\/#primaryimage\"},\"thumbnailUrl\":\"https:\/\/www.ine.gob.bo\/wp-content\/uploads\/2025\/07\/F1-NP-MISION-FRANCIA-Y-PERU.png\",\"keywords\":[\"INE Noticias\"],\"articleSection\":[\"INE noticias\"],\"inLanguage\":\"es\"},{\"@type\":\"WebPage\",\"@id\":\"https:\/\/www.ine.gob.bo\/index.php\/informacion-estadistica-sobre-informalidad-es-analizada-por-mision-internacional-de-francia-y-peru\/\",\"url\":\"https:\/\/www.ine.gob.bo\/index.php\/informacion-estadistica-sobre-informalidad-es-analizada-por-mision-internacional-de-francia-y-peru\/\",\"name\":\"Informaci\u00f3n estad\u00edstica sobre informalidad es analizada por misi\u00f3n internacional de Francia y Per\u00fa - INE\",\"isPartOf\":{\"@id\":\"https:\/\/www.ine.gob.bo\/#website\"},\"primaryImageOfPage\":{\"@id\":\"https:\/\/www.ine.gob.bo\/index.php\/informacion-estadistica-sobre-informalidad-es-analizada-por-mision-internacional-de-francia-y-peru\/#primaryimage\"},\"image\":{\"@id\":\"https:\/\/www.ine.gob.bo\/index.php\/informacion-estadistica-sobre-informalidad-es-analizada-por-mision-internacional-de-francia-y-peru\/#primaryimage\"},\"thumbnailUrl\":\"https:\/\/www.ine.gob.bo\/wp-content\/uploads\/2025\/07\/F1-NP-MISION-FRANCIA-Y-PERU.png\",\"datePublished\":\"2025-07-21T21:24:59+00:00\",\"dateModified\":\"2025-07-21T21:24:59+00:00\",\"description\":\"P\u00e1gina oficial del Instituto Nacional de Estadistica INE, informaci\u00f3n estad\u00edstica, geogr\u00e1fica y econ\u00f3mica a nivel nacional.\",\"breadcrumb\":{\"@id\":\"https:\/\/www.ine.gob.bo\/index.php\/informacion-estadistica-sobre-informalidad-es-analizada-por-mision-internacional-de-francia-y-peru\/#breadcrumb\"},\"inLanguage\":\"es\",\"potentialAction\":[{\"@type\":\"ReadAction\",\"target\":[\"https:\/\/www.ine.gob.bo\/index.php\/informacion-estadistica-sobre-informalidad-es-analizada-por-mision-internacional-de-francia-y-peru\/\"]}]},{\"@type\":\"ImageObject\",\"inLanguage\":\"es\",\"@id\":\"https:\/\/www.ine.gob.bo\/index.php\/informacion-estadistica-sobre-informalidad-es-analizada-por-mision-internacional-de-francia-y-peru\/#primaryimage\",\"url\":\"https:\/\/www.ine.gob.bo\/wp-content\/uploads\/2025\/07\/F1-NP-MISION-FRANCIA-Y-PERU.png\",\"contentUrl\":\"https:\/\/www.ine.gob.bo\/wp-content\/uploads\/2025\/07\/F1-NP-MISION-FRANCIA-Y-PERU.png\",\"width\":864,\"height\":501},{\"@type\":\"BreadcrumbList\",\"@id\":\"https:\/\/www.ine.gob.bo\/index.php\/informacion-estadistica-sobre-informalidad-es-analizada-por-mision-internacional-de-francia-y-peru\/#breadcrumb\",\"itemListElement\":[{\"@type\":\"ListItem\",\"position\":1,\"name\":\"Portada\",\"item\":\"https:\/\/www.ine.gob.bo\/\"},{\"@type\":\"ListItem\",\"position\":2,\"name\":\"Informaci\u00f3n estad\u00edstica sobre informalidad es analizada por misi\u00f3n internacional de Francia y Per\u00fa\"}]},{\"@type\":\"WebSite\",\"@id\":\"https:\/\/www.ine.gob.bo\/#website\",\"url\":\"https:\/\/www.ine.gob.bo\/\",\"name\":\"INE\",\"description\":\"Instituto Nacional de Estad\u00edstica\",\"publisher\":{\"@id\":\"https:\/\/www.ine.gob.bo\/#organization\"},\"potentialAction\":[{\"@type\":\"SearchAction\",\"target\":{\"@type\":\"EntryPoint\",\"urlTemplate\":\"https:\/\/www.ine.gob.bo\/?s={search_term_string}\"},\"query-input\":\"required name=search_term_string\"}],\"inLanguage\":\"es\"},{\"@type\":\"Organization\",\"@id\":\"https:\/\/www.ine.gob.bo\/#organization\",\"name\":\"Instituto Nacional de Estad\u00edstica\",\"url\":\"https:\/\/www.ine.gob.bo\/\",\"logo\":{\"@type\":\"ImageObject\",\"inLanguage\":\"es\",\"@id\":\"https:\/\/www.ine.gob.bo\/#\/schema\/logo\/image\/\",\"url\":\"https:\/\/www.ine.gob.bo\/wp-content\/uploads\/2026\/02\/logo-ine.jpg\",\"contentUrl\":\"https:\/\/www.ine.gob.bo\/wp-content\/uploads\/2026\/02\/logo-ine.jpg\",\"width\":799,\"height\":453,\"caption\":\"Instituto Nacional de Estad\u00edstica\"},\"image\":{\"@id\":\"https:\/\/www.ine.gob.bo\/#\/schema\/logo\/image\/\"},\"sameAs\":[\"https:\/\/www.facebook.com\/ineboliviaoficial\",\"https:\/\/x.com\/INE_Bolivia\",\"https:\/\/www.instagram.com\/ineboliviaoficial\/\",\"https:\/\/www.youtube.com\/channel\/UCbIQXKLw414g5kWo1tAwqCg\"]},{\"@type\":\"Person\",\"@id\":\"https:\/\/www.ine.gob.bo\/#\/schema\/person\/cd5e3dea21e6634e99cebddcca7540d1\",\"name\":\"Albaro Benedicto Laime Mamani\",\"image\":{\"@type\":\"ImageObject\",\"inLanguage\":\"es\",\"@id\":\"https:\/\/www.ine.gob.bo\/#\/schema\/person\/image\/\",\"url\":\"https:\/\/secure.gravatar.com\/avatar\/450967f1badecac6afbf323d3a06c551f001ee9e5a1094976c96b19cce5b7180?s=96&d=mm&r=g\",\"contentUrl\":\"https:\/\/secure.gravatar.com\/avatar\/450967f1badecac6afbf323d3a06c551f001ee9e5a1094976c96b19cce5b7180?s=96&d=mm&r=g\",\"caption\":\"Albaro Benedicto Laime Mamani\"},\"url\":\"https:\/\/www.ine.gob.bo\/index.php\/author\/alaime\/\"}]}<\/script>\n<!-- \/ Yoast SEO plugin. -->","yoast_head_json":{"title":"Informaci\u00f3n estad\u00edstica sobre informalidad es analizada por misi\u00f3n internacional de Francia y Per\u00fa - INE","description":"P\u00e1gina oficial del Instituto Nacional de Estadistica INE, informaci\u00f3n estad\u00edstica, geogr\u00e1fica y econ\u00f3mica a nivel nacional.","robots":{"index":"index","follow":"follow","max-snippet":"max-snippet:-1","max-image-preview":"max-image-preview:large","max-video-preview":"max-video-preview:-1"},"canonical":"https:\/\/www.ine.gob.bo\/index.php\/informacion-estadistica-sobre-informalidad-es-analizada-por-mision-internacional-de-francia-y-peru\/","og_locale":"es_ES","og_type":"article","og_title":"Informaci\u00f3n estad\u00edstica sobre informalidad es analizada por misi\u00f3n internacional de Francia y Per\u00fa - INE","og_description":"P\u00e1gina oficial del Instituto Nacional de Estadistica INE, informaci\u00f3n estad\u00edstica, geogr\u00e1fica y econ\u00f3mica a nivel nacional.","og_url":"https:\/\/www.ine.gob.bo\/index.php\/informacion-estadistica-sobre-informalidad-es-analizada-por-mision-internacional-de-francia-y-peru\/","og_site_name":"INE","article_publisher":"https:\/\/www.facebook.com\/ineboliviaoficial","article_published_time":"2025-07-21T21:24:59+00:00","og_image":[{"width":864,"height":501,"url":"https:\/\/www.ine.gob.bo\/wp-content\/uploads\/2025\/07\/F1-NP-MISION-FRANCIA-Y-PERU.png","type":"image\/png"}],"author":"Albaro Benedicto Laime Mamani","twitter_card":"summary_large_image","twitter_creator":"@INE_Bolivia","twitter_site":"@INE_Bolivia","twitter_misc":{"Escrito por":"Albaro Benedicto Laime Mamani","Tiempo de lectura":"2 minutos"},"schema":{"@context":"https:\/\/schema.org","@graph":[{"@type":"Article","@id":"https:\/\/www.ine.gob.bo\/index.php\/informacion-estadistica-sobre-informalidad-es-analizada-por-mision-internacional-de-francia-y-peru\/#article","isPartOf":{"@id":"https:\/\/www.ine.gob.bo\/index.php\/informacion-estadistica-sobre-informalidad-es-analizada-por-mision-internacional-de-francia-y-peru\/"},"author":{"name":"Albaro Benedicto Laime Mamani","@id":"https:\/\/www.ine.gob.bo\/#\/schema\/person\/cd5e3dea21e6634e99cebddcca7540d1"},"headline":"Informaci\u00f3n estad\u00edstica sobre informalidad es analizada por misi\u00f3n internacional de Francia y Per\u00fa","datePublished":"2025-07-21T21:24:59+00:00","dateModified":"2025-07-21T21:24:59+00:00","mainEntityOfPage":{"@id":"https:\/\/www.ine.gob.bo\/index.php\/informacion-estadistica-sobre-informalidad-es-analizada-por-mision-internacional-de-francia-y-peru\/"},"wordCount":366,"publisher":{"@id":"https:\/\/www.ine.gob.bo\/#organization"},"image":{"@id":"https:\/\/www.ine.gob.bo\/index.php\/informacion-estadistica-sobre-informalidad-es-analizada-por-mision-internacional-de-francia-y-peru\/#primaryimage"},"thumbnailUrl":"https:\/\/www.ine.gob.bo\/wp-content\/uploads\/2025\/07\/F1-NP-MISION-FRANCIA-Y-PERU.png","keywords":["INE Noticias"],"articleSection":["INE noticias"],"inLanguage":"es"},{"@type":"WebPage","@id":"https:\/\/www.ine.gob.bo\/index.php\/informacion-estadistica-sobre-informalidad-es-analizada-por-mision-internacional-de-francia-y-peru\/","url":"https:\/\/www.ine.gob.bo\/index.php\/informacion-estadistica-sobre-informalidad-es-analizada-por-mision-internacional-de-francia-y-peru\/","name":"Informaci\u00f3n estad\u00edstica sobre informalidad es analizada por misi\u00f3n internacional de Francia y Per\u00fa - INE","isPartOf":{"@id":"https:\/\/www.ine.gob.bo\/#website"},"primaryImageOfPage":{"@id":"https:\/\/www.ine.gob.bo\/index.php\/informacion-estadistica-sobre-informalidad-es-analizada-por-mision-internacional-de-francia-y-peru\/#primaryimage"},"image":{"@id":"https:\/\/www.ine.gob.bo\/index.php\/informacion-estadistica-sobre-informalidad-es-analizada-por-mision-internacional-de-francia-y-peru\/#primaryimage"},"thumbnailUrl":"https:\/\/www.ine.gob.bo\/wp-content\/uploads\/2025\/07\/F1-NP-MISION-FRANCIA-Y-PERU.png","datePublished":"2025-07-21T21:24:59+00:00","dateModified":"2025-07-21T21:24:59+00:00","description":"P\u00e1gina oficial del Instituto Nacional de Estadistica INE, informaci\u00f3n estad\u00edstica, geogr\u00e1fica y econ\u00f3mica a nivel nacional.","breadcrumb":{"@id":"https:\/\/www.ine.gob.bo\/index.php\/informacion-estadistica-sobre-informalidad-es-analizada-por-mision-internacional-de-francia-y-peru\/#breadcrumb"},"inLanguage":"es","potentialAction":[{"@type":"ReadAction","target":["https:\/\/www.ine.gob.bo\/index.php\/informacion-estadistica-sobre-informalidad-es-analizada-por-mision-internacional-de-francia-y-peru\/"]}]},{"@type":"ImageObject","inLanguage":"es","@id":"https:\/\/www.ine.gob.bo\/index.php\/informacion-estadistica-sobre-informalidad-es-analizada-por-mision-internacional-de-francia-y-peru\/#primaryimage","url":"https:\/\/www.ine.gob.bo\/wp-content\/uploads\/2025\/07\/F1-NP-MISION-FRANCIA-Y-PERU.png","contentUrl":"https:\/\/www.ine.gob.bo\/wp-content\/uploads\/2025\/07\/F1-NP-MISION-FRANCIA-Y-PERU.png","width":864,"height":501},{"@type":"BreadcrumbList","@id":"https:\/\/www.ine.gob.bo\/index.php\/informacion-estadistica-sobre-informalidad-es-analizada-por-mision-internacional-de-francia-y-peru\/#breadcrumb","itemListElement":[{"@type":"ListItem","position":1,"name":"Portada","item":"https:\/\/www.ine.gob.bo\/"},{"@type":"ListItem","position":2,"name":"Informaci\u00f3n estad\u00edstica sobre informalidad es analizada por misi\u00f3n internacional de Francia y Per\u00fa"}]},{"@type":"WebSite","@id":"https:\/\/www.ine.gob.bo\/#website","url":"https:\/\/www.ine.gob.bo\/","name":"INE","description":"Instituto Nacional de Estad\u00edstica","publisher":{"@id":"https:\/\/www.ine.gob.bo\/#organization"},"potentialAction":[{"@type":"SearchAction","target":{"@type":"EntryPoint","urlTemplate":"https:\/\/www.ine.gob.bo\/?s={search_term_string}"},"query-input":"required name=search_term_string"}],"inLanguage":"es"},{"@type":"Organization","@id":"https:\/\/www.ine.gob.bo\/#organization","name":"Instituto Nacional de Estad\u00edstica","url":"https:\/\/www.ine.gob.bo\/","logo":{"@type":"ImageObject","inLanguage":"es","@id":"https:\/\/www.ine.gob.bo\/#\/schema\/logo\/image\/","url":"https:\/\/www.ine.gob.bo\/wp-content\/uploads\/2026\/02\/logo-ine.jpg","contentUrl":"https:\/\/www.ine.gob.bo\/wp-content\/uploads\/2026\/02\/logo-ine.jpg","width":799,"height":453,"caption":"Instituto Nacional de Estad\u00edstica"},"image":{"@id":"https:\/\/www.ine.gob.bo\/#\/schema\/logo\/image\/"},"sameAs":["https:\/\/www.facebook.com\/ineboliviaoficial","https:\/\/x.com\/INE_Bolivia","https:\/\/www.instagram.com\/ineboliviaoficial\/","https:\/\/www.youtube.com\/channel\/UCbIQXKLw414g5kWo1tAwqCg"]},{"@type":"Person","@id":"https:\/\/www.ine.gob.bo\/#\/schema\/person\/cd5e3dea21e6634e99cebddcca7540d1","name":"Albaro Benedicto Laime Mamani","image":{"@type":"ImageObject","inLanguage":"es","@id":"https:\/\/www.ine.gob.bo\/#\/schema\/person\/image\/","url":"https:\/\/secure.gravatar.com\/avatar\/450967f1badecac6afbf323d3a06c551f001ee9e5a1094976c96b19cce5b7180?s=96&d=mm&r=g","contentUrl":"https:\/\/secure.gravatar.com\/avatar\/450967f1badecac6afbf323d3a06c551f001ee9e5a1094976c96b19cce5b7180?s=96&d=mm&r=g","caption":"Albaro Benedicto Laime Mamani"},"url":"https:\/\/www.ine.gob.bo\/index.php\/author\/alaime\/"}]}},"rttpg_featured_image_url":{"full":["https:\/\/www.ine.gob.bo\/wp-content\/uploads\/2025\/07\/F1-NP-MISION-FRANCIA-Y-PERU.png",864,501,false],"landscape":["https:\/\/www.ine.gob.bo\/wp-content\/uploads\/2025\/07\/F1-NP-MISION-FRANCIA-Y-PERU.png",864,501,false],"portraits":["https:\/\/www.ine.gob.bo\/wp-content\/uploads\/2025\/07\/F1-NP-MISION-FRANCIA-Y-PERU.png",864,501,false],"thumbnail":["https:\/\/www.ine.gob.bo\/wp-content\/uploads\/2025\/07\/F1-NP-MISION-FRANCIA-Y-PERU-150x150.png",150,150,true],"medium":["https:\/\/www.ine.gob.bo\/wp-content\/uploads\/2025\/07\/F1-NP-MISION-FRANCIA-Y-PERU-300x174.png",300,174,true],"large":["https:\/\/www.ine.gob.bo\/wp-content\/uploads\/2025\/07\/F1-NP-MISION-FRANCIA-Y-PERU.png",864,501,false],"1536x1536":["https:\/\/www.ine.gob.bo\/wp-content\/uploads\/2025\/07\/F1-NP-MISION-FRANCIA-Y-PERU.png",864,501,false],"2048x2048":["https:\/\/www.ine.gob.bo\/wp-content\/uploads\/2025\/07\/F1-NP-MISION-FRANCIA-Y-PERU.png",864,501,false]},"rttpg_author":{"display_name":"Albaro Benedicto Laime Mamani","author_link":"https:\/\/www.ine.gob.bo\/index.php\/author\/alaime\/"},"rttpg_comment":0,"rttpg_category":"<a href=\"https:\/\/www.ine.gob.bo\/index.php\/category\/ine-noticias\/\" rel=\"category tag\">INE noticias<\/a>","rttpg_excerpt":"[vc_row][vc_column][vc_column_text] La Paz, 21 de julio de 2025 (INE). \u2013 Una misi\u00f3n de expertos internacionales del Instituto Nacional de Estad\u00edstica e Inform\u00e1tica (INEI) del Per\u00fa y del Instituto Nacional de Estad\u00edstica y Estudios Econ\u00f3micos de Francia (INSEE), con financiamiento de la Agencia Francesa de Desarrollo (AFD) refuerzan al Instituto Nacional de Estad\u00edstica (INE) de Bolivia&hellip;","_links":{"self":[{"href":"https:\/\/www.ine.gob.bo\/index.php\/wp-json\/wp\/v2\/posts\/70243","targetHints":{"allow":["GET"]}}],"collection":[{"href":"https:\/\/www.ine.gob.bo\/index.php\/wp-json\/wp\/v2\/posts"}],"about":[{"href":"https:\/\/www.ine.gob.bo\/index.php\/wp-json\/wp\/v2\/types\/post"}],"author":[{"embeddable":true,"href":"https:\/\/www.ine.gob.bo\/index.php\/wp-json\/wp\/v2\/users\/19"}],"replies":[{"embeddable":true,"href":"https:\/\/www.ine.gob.bo\/index.php\/wp-json\/wp\/v2\/comments?post=70243"}],"version-history":[{"count":0,"href":"https:\/\/www.ine.gob.bo\/index.php\/wp-json\/wp\/v2\/posts\/70243\/revisions"}],"wp:featuredmedia":[{"embeddable":true,"href":"https:\/\/www.ine.gob.bo\/index.php\/wp-json\/wp\/v2\/media\/70244"}],"wp:attachment":[{"href":"https:\/\/www.ine.gob.bo\/index.php\/wp-json\/wp\/v2\/media?parent=70243"}],"wp:term":[{"taxonomy":"category","embeddable":true,"href":"https:\/\/www.ine.gob.bo\/index.php\/wp-json\/wp\/v2\/categories?post=70243"},{"taxonomy":"post_tag","embeddable":true,"href":"https:\/\/www.ine.gob.bo\/index.php\/wp-json\/wp\/v2\/tags?post=70243"}],"curies":[{"name":"wp","href":"https:\/\/api.w.org\/{rel}","templated":true}]}}