{"id":70226,"date":"2025-07-21T17:24:33","date_gmt":"2025-07-21T21:24:33","guid":{"rendered":"https:\/\/www.ine.gob.bo\/?p=70226"},"modified":"2025-07-21T17:24:33","modified_gmt":"2025-07-21T21:24:33","slug":"el-ine-se-reune-con-representacion-internacional-para-revisar-el-avance-de-la-trimestralizacion-de-cuentas-nacionales","status":"publish","type":"post","link":"https:\/\/www.ine.gob.bo\/index.php\/el-ine-se-reune-con-representacion-internacional-para-revisar-el-avance-de-la-trimestralizacion-de-cuentas-nacionales\/","title":{"rendered":"El INE se re\u00fane con representaci\u00f3n internacional para revisar el avance de la trimestralizaci\u00f3n de cuentas nacionales"},"content":{"rendered":"<p>[vc_row][vc_column][vc_column_text]<\/p>\r\n<p style=\"text-align: justify;\"><strong>La Paz, 21 de julio de 2025 (INE). \u2013<\/strong> Una misi\u00f3n del Fondo Monetario Internacional (FMI), se re\u00fane con autoridades del Instituto Nacional de Estad\u00edstica (INE), para definir acciones en el marco de la trimestralizaci\u00f3n del Cambio de A\u00f1o Base utilizando el Sistema de las Cuentas Nacionales 2008, proceso referido a la elaboraci\u00f3n de estad\u00edsticas econ\u00f3micas de corto plazo a nivel trimestral para obtener resultados sobre la evoluci\u00f3n del desempe\u00f1o econ\u00f3mico.<\/p>\r\n<p style=\"text-align: justify;\">El director general ejecutivo del Instituto Nacional de Estad\u00edstica (INE), Humberto Arandia Claure, inform\u00f3 que, en el marco de los est\u00e1ndares internacionales, esta instituci\u00f3n lleva adelante acciones con el apoyo y acompa\u00f1amiento t\u00e9cnico de organismos internacionales como el Fondo Monetario Internacional (FMI), con la finalidad de fortalecer las capacidades estad\u00edsticas de las Cuentas Nacionales de Bolivia.<\/p>\r\n<p style=\"text-align: justify;\">Resalt\u00f3 la importancia de este trabajo t\u00e9cnico, que busca modernizar el Sistema de Informaci\u00f3n Estad\u00edstica Nacional, actualizando las cifras estad\u00edsticas que describen la estructura econ\u00f3mica actual del pa\u00eds, en el marco de est\u00e1ndares internacionales.<\/p>\r\n<p style=\"text-align: justify;\">Destac\u00f3 que este es un proceso liderado por el Instituto Nacional de Estad\u00edstica de Bolivia, que tiene un acompa\u00f1amiento internacional; demuestra evidentemente una convicci\u00f3n de afrontar un desaf\u00edo tan grande como actualizar el a\u00f1o de referencia estad\u00edstico de la informaci\u00f3n, para una medici\u00f3n m\u00e1s actualizada del Producto Interno Bruto, y de utilidad potencial para el an\u00e1lisis econ\u00f3mico.<\/p>\r\n<p style=\"text-align: justify;\">A partir de una agenda definida, se conformaron equipos t\u00e9cnicos para la revisi\u00f3n de indicadores referenciales de volumen de producci\u00f3n por producto y grupos; la revisi\u00f3n de indicadores referenciales de precios y deflactores por productos y grupos, as\u00ed como de indicadores referenciales de volumen y precios de comercio exterior, entre otros.<\/p>\r\n<p style=\"text-align: justify;\">En la semana, la misi\u00f3n t\u00e9cnica plantear\u00e1 la revisi\u00f3n de indicadores referenciales de volumen y precios de Formaci\u00f3n Bruta de Capital, la revisi\u00f3n de indicadores referenciales de volumen y precios de Gasto de Consumo Final (de Gobierno y Hogares), as\u00ed como la s\u00edntesis del PIB por m\u00e9todo de Producci\u00f3n y Gasto.<\/p>\r\n<p style=\"text-align: justify;\">El equipo t\u00e9cnico, tambi\u00e9n analizar\u00e1 la retropolaci\u00f3n del PIB trimestral y formular\u00e1 una propuesta de actualizaci\u00f3n del \u00edndice mensual de actividad econ\u00f3mica.<\/p>\r\n<p style=\"text-align: justify;\">Michael Stanger, miembro de la delegaci\u00f3n del FMI que visita nuestro pa\u00eds, indic\u00f3 que este proceso, se basa en el Manual de Cuentas Nacionales Trimestrales del FMI y busca sintetizar de manera coherente, consistente y confiable la informaci\u00f3n econ\u00f3mica disponible, permitiendo identificar las inflexiones en el desempe\u00f1o econ\u00f3mico trimestre a trimestre en Bolivia.<\/p>\r\n<p>&nbsp;<\/p>\r\n<p>&nbsp;<\/p>\r\n<p><img loading=\"lazy\" decoding=\"async\" class=\"aligncenter wp-image-70227 size-full\" src=\"https:\/\/www.ine.gob.bo\/wp-content\/uploads\/2025\/07\/F1-NP-MISION-FMI.png\" alt=\"\" width=\"893\" height=\"617\" srcset=\"https:\/\/www.ine.gob.bo\/wp-content\/uploads\/2025\/07\/F1-NP-MISION-FMI.png 893w, https:\/\/www.ine.gob.bo\/wp-content\/uploads\/2025\/07\/F1-NP-MISION-FMI-300x207.png 300w, https:\/\/www.ine.gob.bo\/wp-content\/uploads\/2025\/07\/F1-NP-MISION-FMI-768x531.png 768w\" sizes=\"auto, (max-width: 893px) 100vw, 893px\" \/><\/p>\r\n<p style=\"text-align: center;\">Humberto Arandia, Director General Ejecutivo del Instituto Nacional de Estad\u00edstica (INE); Michael Stanger<br \/>Subjefe de la Divisi\u00f3n del Sector Real del Departamento de Estad\u00edstica del Fondo Monetario Internacional<br \/>(FMI); Johnny Suxo, Director de Cuentas Nacionales del INE y Sergio C\u00e1rdenas, Economista del<br \/>Departamento del Hemisferio Occidental del FMI.<\/p>\r\n<p>&nbsp;<\/p>\r\n<p>&nbsp;<\/p>\r\n<p style=\"text-align: center;\"><em><strong>Unidad de Difusi\u00f3n y Comunicaci\u00f3n <\/strong><\/em><br \/><strong>INSTITUTO NACIONAL DE ESTAD\u00cdSTICA<\/strong><\/p>\r\n<p>&nbsp;<\/p>\r\n<p>&nbsp;<\/p>\r\n<p><a href=\"https:\/\/nimbus.ine.gob.bo\/index.php\/s\/PkWtxnLeCmbfr6G\/download\"><span style=\"color: #ff0000;\">Descargar Nota de Prensa<\/span><\/a><\/p>\r\n<p class=\"has-text-align-center\"><!-- \/wp:post-content --><\/p>\r\n<p class=\"has-text-align-center\"><!-- wp:separator --><\/p>\r\n<hr class=\"wp-block-separator\" \/>\r\n<p class=\"has-text-align-center\"><!-- \/wp:separator --><\/p>\r\n<p class=\"has-text-align-center\"><!-- wp:paragraph {\"align\":\"right\"} --><\/p>\r\n<p class=\"has-text-align-right\"><strong><em>Entidad dependiente del Ministerio de Planificaci\u00f3n del Desarrollo<\/em><\/strong><\/p>\r\n<p class=\"has-text-align-center\"><!-- \/wp:paragraph --><\/p>\r\n<p>&nbsp;<\/p>\r\n<p>&nbsp;<\/p>\r\n<p>&nbsp;<\/p>\r\n<p>[\/vc_column_text][\/vc_column][\/vc_row]<\/p>","protected":false},"excerpt":{"rendered":"<p>[vc_row][vc_column][vc_column_text] La Paz, 21 de julio de 2025 (INE). \u2013 Una misi\u00f3n del Fondo Monetario Internacional (FMI), se re\u00fane con autoridades del Instituto Nacional de Estad\u00edstica (INE), para definir acciones en el marco de la trimestralizaci\u00f3n del Cambio de A\u00f1o Base utilizando el Sistema de las Cuentas Nacionales 2008, proceso referido a la elaboraci\u00f3n de&hellip;<\/p>\n","protected":false},"author":19,"featured_media":70227,"comment_status":"closed","ping_status":"open","sticky":false,"template":"","format":"standard","meta":[],"categories":[158],"tags":[52],"class_list":["post-70226","post","type-post","status-publish","format-standard","has-post-thumbnail","hentry","category-ine-noticias","tag-ine-noticias","category-158","description-off"],"yoast_head":"<!-- This site is optimized with the Yoast SEO plugin v23.2 - https:\/\/yoast.com\/wordpress\/plugins\/seo\/ -->\n<title>El INE se re\u00fane con representaci\u00f3n internacional para revisar el avance de la trimestralizaci\u00f3n de cuentas nacionales - INE<\/title>\n<meta name=\"description\" content=\"P\u00e1gina oficial del Instituto Nacional de Estadistica INE, informaci\u00f3n estad\u00edstica, geogr\u00e1fica y econ\u00f3mica a nivel nacional.\" \/>\n<meta name=\"robots\" content=\"index, follow, max-snippet:-1, max-image-preview:large, max-video-preview:-1\" \/>\n<link rel=\"canonical\" href=\"https:\/\/www.ine.gob.bo\/index.php\/el-ine-se-reune-con-representacion-internacional-para-revisar-el-avance-de-la-trimestralizacion-de-cuentas-nacionales\/\" \/>\n<meta property=\"og:locale\" content=\"es_ES\" \/>\n<meta property=\"og:type\" content=\"article\" \/>\n<meta property=\"og:title\" content=\"El INE se re\u00fane con representaci\u00f3n internacional para revisar el avance de la trimestralizaci\u00f3n de cuentas nacionales - INE\" \/>\n<meta property=\"og:description\" content=\"P\u00e1gina oficial del Instituto Nacional de Estadistica INE, informaci\u00f3n estad\u00edstica, geogr\u00e1fica y econ\u00f3mica a nivel nacional.\" \/>\n<meta property=\"og:url\" content=\"https:\/\/www.ine.gob.bo\/index.php\/el-ine-se-reune-con-representacion-internacional-para-revisar-el-avance-de-la-trimestralizacion-de-cuentas-nacionales\/\" \/>\n<meta property=\"og:site_name\" content=\"INE\" \/>\n<meta property=\"article:publisher\" content=\"https:\/\/www.facebook.com\/ineboliviaoficial\" \/>\n<meta property=\"article:published_time\" content=\"2025-07-21T21:24:33+00:00\" \/>\n<meta property=\"og:image\" content=\"https:\/\/www.ine.gob.bo\/wp-content\/uploads\/2025\/07\/F1-NP-MISION-FMI.png\" \/>\n\t<meta property=\"og:image:width\" content=\"893\" \/>\n\t<meta property=\"og:image:height\" content=\"617\" \/>\n\t<meta property=\"og:image:type\" content=\"image\/png\" \/>\n<meta name=\"author\" content=\"Albaro Benedicto Laime Mamani\" \/>\n<meta name=\"twitter:card\" content=\"summary_large_image\" \/>\n<meta name=\"twitter:creator\" content=\"@INE_Bolivia\" \/>\n<meta name=\"twitter:site\" content=\"@INE_Bolivia\" \/>\n<meta name=\"twitter:label1\" content=\"Escrito por\" \/>\n\t<meta name=\"twitter:data1\" content=\"Albaro Benedicto Laime Mamani\" \/>\n\t<meta name=\"twitter:label2\" content=\"Tiempo de lectura\" \/>\n\t<meta name=\"twitter:data2\" content=\"3 minutos\" \/>\n<script type=\"application\/ld+json\" class=\"yoast-schema-graph\">{\"@context\":\"https:\/\/schema.org\",\"@graph\":[{\"@type\":\"Article\",\"@id\":\"https:\/\/www.ine.gob.bo\/index.php\/el-ine-se-reune-con-representacion-internacional-para-revisar-el-avance-de-la-trimestralizacion-de-cuentas-nacionales\/#article\",\"isPartOf\":{\"@id\":\"https:\/\/www.ine.gob.bo\/index.php\/el-ine-se-reune-con-representacion-internacional-para-revisar-el-avance-de-la-trimestralizacion-de-cuentas-nacionales\/\"},\"author\":{\"name\":\"Albaro Benedicto Laime Mamani\",\"@id\":\"https:\/\/www.ine.gob.bo\/#\/schema\/person\/cd5e3dea21e6634e99cebddcca7540d1\"},\"headline\":\"El INE se re\u00fane con representaci\u00f3n internacional para revisar el avance de la trimestralizaci\u00f3n de cuentas nacionales\",\"datePublished\":\"2025-07-21T21:24:33+00:00\",\"dateModified\":\"2025-07-21T21:24:33+00:00\",\"mainEntityOfPage\":{\"@id\":\"https:\/\/www.ine.gob.bo\/index.php\/el-ine-se-reune-con-representacion-internacional-para-revisar-el-avance-de-la-trimestralizacion-de-cuentas-nacionales\/\"},\"wordCount\":567,\"publisher\":{\"@id\":\"https:\/\/www.ine.gob.bo\/#organization\"},\"image\":{\"@id\":\"https:\/\/www.ine.gob.bo\/index.php\/el-ine-se-reune-con-representacion-internacional-para-revisar-el-avance-de-la-trimestralizacion-de-cuentas-nacionales\/#primaryimage\"},\"thumbnailUrl\":\"https:\/\/www.ine.gob.bo\/wp-content\/uploads\/2025\/07\/F1-NP-MISION-FMI.png\",\"keywords\":[\"INE Noticias\"],\"articleSection\":[\"INE noticias\"],\"inLanguage\":\"es\"},{\"@type\":\"WebPage\",\"@id\":\"https:\/\/www.ine.gob.bo\/index.php\/el-ine-se-reune-con-representacion-internacional-para-revisar-el-avance-de-la-trimestralizacion-de-cuentas-nacionales\/\",\"url\":\"https:\/\/www.ine.gob.bo\/index.php\/el-ine-se-reune-con-representacion-internacional-para-revisar-el-avance-de-la-trimestralizacion-de-cuentas-nacionales\/\",\"name\":\"El INE se re\u00fane con representaci\u00f3n internacional para revisar el avance de la trimestralizaci\u00f3n de cuentas nacionales - INE\",\"isPartOf\":{\"@id\":\"https:\/\/www.ine.gob.bo\/#website\"},\"primaryImageOfPage\":{\"@id\":\"https:\/\/www.ine.gob.bo\/index.php\/el-ine-se-reune-con-representacion-internacional-para-revisar-el-avance-de-la-trimestralizacion-de-cuentas-nacionales\/#primaryimage\"},\"image\":{\"@id\":\"https:\/\/www.ine.gob.bo\/index.php\/el-ine-se-reune-con-representacion-internacional-para-revisar-el-avance-de-la-trimestralizacion-de-cuentas-nacionales\/#primaryimage\"},\"thumbnailUrl\":\"https:\/\/www.ine.gob.bo\/wp-content\/uploads\/2025\/07\/F1-NP-MISION-FMI.png\",\"datePublished\":\"2025-07-21T21:24:33+00:00\",\"dateModified\":\"2025-07-21T21:24:33+00:00\",\"description\":\"P\u00e1gina oficial del Instituto Nacional de Estadistica INE, informaci\u00f3n estad\u00edstica, geogr\u00e1fica y econ\u00f3mica a nivel nacional.\",\"breadcrumb\":{\"@id\":\"https:\/\/www.ine.gob.bo\/index.php\/el-ine-se-reune-con-representacion-internacional-para-revisar-el-avance-de-la-trimestralizacion-de-cuentas-nacionales\/#breadcrumb\"},\"inLanguage\":\"es\",\"potentialAction\":[{\"@type\":\"ReadAction\",\"target\":[\"https:\/\/www.ine.gob.bo\/index.php\/el-ine-se-reune-con-representacion-internacional-para-revisar-el-avance-de-la-trimestralizacion-de-cuentas-nacionales\/\"]}]},{\"@type\":\"ImageObject\",\"inLanguage\":\"es\",\"@id\":\"https:\/\/www.ine.gob.bo\/index.php\/el-ine-se-reune-con-representacion-internacional-para-revisar-el-avance-de-la-trimestralizacion-de-cuentas-nacionales\/#primaryimage\",\"url\":\"https:\/\/www.ine.gob.bo\/wp-content\/uploads\/2025\/07\/F1-NP-MISION-FMI.png\",\"contentUrl\":\"https:\/\/www.ine.gob.bo\/wp-content\/uploads\/2025\/07\/F1-NP-MISION-FMI.png\",\"width\":893,\"height\":617},{\"@type\":\"BreadcrumbList\",\"@id\":\"https:\/\/www.ine.gob.bo\/index.php\/el-ine-se-reune-con-representacion-internacional-para-revisar-el-avance-de-la-trimestralizacion-de-cuentas-nacionales\/#breadcrumb\",\"itemListElement\":[{\"@type\":\"ListItem\",\"position\":1,\"name\":\"Portada\",\"item\":\"https:\/\/www.ine.gob.bo\/\"},{\"@type\":\"ListItem\",\"position\":2,\"name\":\"El INE se re\u00fane con representaci\u00f3n internacional para revisar el avance de la trimestralizaci\u00f3n de cuentas nacionales\"}]},{\"@type\":\"WebSite\",\"@id\":\"https:\/\/www.ine.gob.bo\/#website\",\"url\":\"https:\/\/www.ine.gob.bo\/\",\"name\":\"INE\",\"description\":\"Instituto Nacional de Estad\u00edstica\",\"publisher\":{\"@id\":\"https:\/\/www.ine.gob.bo\/#organization\"},\"potentialAction\":[{\"@type\":\"SearchAction\",\"target\":{\"@type\":\"EntryPoint\",\"urlTemplate\":\"https:\/\/www.ine.gob.bo\/?s={search_term_string}\"},\"query-input\":\"required name=search_term_string\"}],\"inLanguage\":\"es\"},{\"@type\":\"Organization\",\"@id\":\"https:\/\/www.ine.gob.bo\/#organization\",\"name\":\"Instituto Nacional de Estad\u00edstica\",\"url\":\"https:\/\/www.ine.gob.bo\/\",\"logo\":{\"@type\":\"ImageObject\",\"inLanguage\":\"es\",\"@id\":\"https:\/\/www.ine.gob.bo\/#\/schema\/logo\/image\/\",\"url\":\"https:\/\/www.ine.gob.bo\/wp-content\/uploads\/2026\/02\/logo-ine.jpg\",\"contentUrl\":\"https:\/\/www.ine.gob.bo\/wp-content\/uploads\/2026\/02\/logo-ine.jpg\",\"width\":799,\"height\":453,\"caption\":\"Instituto Nacional de Estad\u00edstica\"},\"image\":{\"@id\":\"https:\/\/www.ine.gob.bo\/#\/schema\/logo\/image\/\"},\"sameAs\":[\"https:\/\/www.facebook.com\/ineboliviaoficial\",\"https:\/\/x.com\/INE_Bolivia\",\"https:\/\/www.instagram.com\/ineboliviaoficial\/\",\"https:\/\/www.youtube.com\/channel\/UCbIQXKLw414g5kWo1tAwqCg\"]},{\"@type\":\"Person\",\"@id\":\"https:\/\/www.ine.gob.bo\/#\/schema\/person\/cd5e3dea21e6634e99cebddcca7540d1\",\"name\":\"Albaro Benedicto Laime Mamani\",\"image\":{\"@type\":\"ImageObject\",\"inLanguage\":\"es\",\"@id\":\"https:\/\/www.ine.gob.bo\/#\/schema\/person\/image\/\",\"url\":\"https:\/\/secure.gravatar.com\/avatar\/450967f1badecac6afbf323d3a06c551f001ee9e5a1094976c96b19cce5b7180?s=96&d=mm&r=g\",\"contentUrl\":\"https:\/\/secure.gravatar.com\/avatar\/450967f1badecac6afbf323d3a06c551f001ee9e5a1094976c96b19cce5b7180?s=96&d=mm&r=g\",\"caption\":\"Albaro Benedicto Laime Mamani\"},\"url\":\"https:\/\/www.ine.gob.bo\/index.php\/author\/alaime\/\"}]}<\/script>\n<!-- \/ Yoast SEO plugin. -->","yoast_head_json":{"title":"El INE se re\u00fane con representaci\u00f3n internacional para revisar el avance de la trimestralizaci\u00f3n de cuentas nacionales - INE","description":"P\u00e1gina oficial del Instituto Nacional de Estadistica INE, informaci\u00f3n estad\u00edstica, geogr\u00e1fica y econ\u00f3mica a nivel nacional.","robots":{"index":"index","follow":"follow","max-snippet":"max-snippet:-1","max-image-preview":"max-image-preview:large","max-video-preview":"max-video-preview:-1"},"canonical":"https:\/\/www.ine.gob.bo\/index.php\/el-ine-se-reune-con-representacion-internacional-para-revisar-el-avance-de-la-trimestralizacion-de-cuentas-nacionales\/","og_locale":"es_ES","og_type":"article","og_title":"El INE se re\u00fane con representaci\u00f3n internacional para revisar el avance de la trimestralizaci\u00f3n de cuentas nacionales - INE","og_description":"P\u00e1gina oficial del Instituto Nacional de Estadistica INE, informaci\u00f3n estad\u00edstica, geogr\u00e1fica y econ\u00f3mica a nivel nacional.","og_url":"https:\/\/www.ine.gob.bo\/index.php\/el-ine-se-reune-con-representacion-internacional-para-revisar-el-avance-de-la-trimestralizacion-de-cuentas-nacionales\/","og_site_name":"INE","article_publisher":"https:\/\/www.facebook.com\/ineboliviaoficial","article_published_time":"2025-07-21T21:24:33+00:00","og_image":[{"width":893,"height":617,"url":"https:\/\/www.ine.gob.bo\/wp-content\/uploads\/2025\/07\/F1-NP-MISION-FMI.png","type":"image\/png"}],"author":"Albaro Benedicto Laime Mamani","twitter_card":"summary_large_image","twitter_creator":"@INE_Bolivia","twitter_site":"@INE_Bolivia","twitter_misc":{"Escrito por":"Albaro Benedicto Laime Mamani","Tiempo de lectura":"3 minutos"},"schema":{"@context":"https:\/\/schema.org","@graph":[{"@type":"Article","@id":"https:\/\/www.ine.gob.bo\/index.php\/el-ine-se-reune-con-representacion-internacional-para-revisar-el-avance-de-la-trimestralizacion-de-cuentas-nacionales\/#article","isPartOf":{"@id":"https:\/\/www.ine.gob.bo\/index.php\/el-ine-se-reune-con-representacion-internacional-para-revisar-el-avance-de-la-trimestralizacion-de-cuentas-nacionales\/"},"author":{"name":"Albaro Benedicto Laime Mamani","@id":"https:\/\/www.ine.gob.bo\/#\/schema\/person\/cd5e3dea21e6634e99cebddcca7540d1"},"headline":"El INE se re\u00fane con representaci\u00f3n internacional para revisar el avance de la trimestralizaci\u00f3n de cuentas nacionales","datePublished":"2025-07-21T21:24:33+00:00","dateModified":"2025-07-21T21:24:33+00:00","mainEntityOfPage":{"@id":"https:\/\/www.ine.gob.bo\/index.php\/el-ine-se-reune-con-representacion-internacional-para-revisar-el-avance-de-la-trimestralizacion-de-cuentas-nacionales\/"},"wordCount":567,"publisher":{"@id":"https:\/\/www.ine.gob.bo\/#organization"},"image":{"@id":"https:\/\/www.ine.gob.bo\/index.php\/el-ine-se-reune-con-representacion-internacional-para-revisar-el-avance-de-la-trimestralizacion-de-cuentas-nacionales\/#primaryimage"},"thumbnailUrl":"https:\/\/www.ine.gob.bo\/wp-content\/uploads\/2025\/07\/F1-NP-MISION-FMI.png","keywords":["INE Noticias"],"articleSection":["INE noticias"],"inLanguage":"es"},{"@type":"WebPage","@id":"https:\/\/www.ine.gob.bo\/index.php\/el-ine-se-reune-con-representacion-internacional-para-revisar-el-avance-de-la-trimestralizacion-de-cuentas-nacionales\/","url":"https:\/\/www.ine.gob.bo\/index.php\/el-ine-se-reune-con-representacion-internacional-para-revisar-el-avance-de-la-trimestralizacion-de-cuentas-nacionales\/","name":"El INE se re\u00fane con representaci\u00f3n internacional para revisar el avance de la trimestralizaci\u00f3n de cuentas nacionales - INE","isPartOf":{"@id":"https:\/\/www.ine.gob.bo\/#website"},"primaryImageOfPage":{"@id":"https:\/\/www.ine.gob.bo\/index.php\/el-ine-se-reune-con-representacion-internacional-para-revisar-el-avance-de-la-trimestralizacion-de-cuentas-nacionales\/#primaryimage"},"image":{"@id":"https:\/\/www.ine.gob.bo\/index.php\/el-ine-se-reune-con-representacion-internacional-para-revisar-el-avance-de-la-trimestralizacion-de-cuentas-nacionales\/#primaryimage"},"thumbnailUrl":"https:\/\/www.ine.gob.bo\/wp-content\/uploads\/2025\/07\/F1-NP-MISION-FMI.png","datePublished":"2025-07-21T21:24:33+00:00","dateModified":"2025-07-21T21:24:33+00:00","description":"P\u00e1gina oficial del Instituto Nacional de Estadistica INE, informaci\u00f3n estad\u00edstica, geogr\u00e1fica y econ\u00f3mica a nivel nacional.","breadcrumb":{"@id":"https:\/\/www.ine.gob.bo\/index.php\/el-ine-se-reune-con-representacion-internacional-para-revisar-el-avance-de-la-trimestralizacion-de-cuentas-nacionales\/#breadcrumb"},"inLanguage":"es","potentialAction":[{"@type":"ReadAction","target":["https:\/\/www.ine.gob.bo\/index.php\/el-ine-se-reune-con-representacion-internacional-para-revisar-el-avance-de-la-trimestralizacion-de-cuentas-nacionales\/"]}]},{"@type":"ImageObject","inLanguage":"es","@id":"https:\/\/www.ine.gob.bo\/index.php\/el-ine-se-reune-con-representacion-internacional-para-revisar-el-avance-de-la-trimestralizacion-de-cuentas-nacionales\/#primaryimage","url":"https:\/\/www.ine.gob.bo\/wp-content\/uploads\/2025\/07\/F1-NP-MISION-FMI.png","contentUrl":"https:\/\/www.ine.gob.bo\/wp-content\/uploads\/2025\/07\/F1-NP-MISION-FMI.png","width":893,"height":617},{"@type":"BreadcrumbList","@id":"https:\/\/www.ine.gob.bo\/index.php\/el-ine-se-reune-con-representacion-internacional-para-revisar-el-avance-de-la-trimestralizacion-de-cuentas-nacionales\/#breadcrumb","itemListElement":[{"@type":"ListItem","position":1,"name":"Portada","item":"https:\/\/www.ine.gob.bo\/"},{"@type":"ListItem","position":2,"name":"El INE se re\u00fane con representaci\u00f3n internacional para revisar el avance de la trimestralizaci\u00f3n de cuentas nacionales"}]},{"@type":"WebSite","@id":"https:\/\/www.ine.gob.bo\/#website","url":"https:\/\/www.ine.gob.bo\/","name":"INE","description":"Instituto Nacional de Estad\u00edstica","publisher":{"@id":"https:\/\/www.ine.gob.bo\/#organization"},"potentialAction":[{"@type":"SearchAction","target":{"@type":"EntryPoint","urlTemplate":"https:\/\/www.ine.gob.bo\/?s={search_term_string}"},"query-input":"required name=search_term_string"}],"inLanguage":"es"},{"@type":"Organization","@id":"https:\/\/www.ine.gob.bo\/#organization","name":"Instituto Nacional de Estad\u00edstica","url":"https:\/\/www.ine.gob.bo\/","logo":{"@type":"ImageObject","inLanguage":"es","@id":"https:\/\/www.ine.gob.bo\/#\/schema\/logo\/image\/","url":"https:\/\/www.ine.gob.bo\/wp-content\/uploads\/2026\/02\/logo-ine.jpg","contentUrl":"https:\/\/www.ine.gob.bo\/wp-content\/uploads\/2026\/02\/logo-ine.jpg","width":799,"height":453,"caption":"Instituto Nacional de Estad\u00edstica"},"image":{"@id":"https:\/\/www.ine.gob.bo\/#\/schema\/logo\/image\/"},"sameAs":["https:\/\/www.facebook.com\/ineboliviaoficial","https:\/\/x.com\/INE_Bolivia","https:\/\/www.instagram.com\/ineboliviaoficial\/","https:\/\/www.youtube.com\/channel\/UCbIQXKLw414g5kWo1tAwqCg"]},{"@type":"Person","@id":"https:\/\/www.ine.gob.bo\/#\/schema\/person\/cd5e3dea21e6634e99cebddcca7540d1","name":"Albaro Benedicto Laime Mamani","image":{"@type":"ImageObject","inLanguage":"es","@id":"https:\/\/www.ine.gob.bo\/#\/schema\/person\/image\/","url":"https:\/\/secure.gravatar.com\/avatar\/450967f1badecac6afbf323d3a06c551f001ee9e5a1094976c96b19cce5b7180?s=96&d=mm&r=g","contentUrl":"https:\/\/secure.gravatar.com\/avatar\/450967f1badecac6afbf323d3a06c551f001ee9e5a1094976c96b19cce5b7180?s=96&d=mm&r=g","caption":"Albaro Benedicto Laime Mamani"},"url":"https:\/\/www.ine.gob.bo\/index.php\/author\/alaime\/"}]}},"rttpg_featured_image_url":{"full":["https:\/\/www.ine.gob.bo\/wp-content\/uploads\/2025\/07\/F1-NP-MISION-FMI.png",893,617,false],"landscape":["https:\/\/www.ine.gob.bo\/wp-content\/uploads\/2025\/07\/F1-NP-MISION-FMI.png",893,617,false],"portraits":["https:\/\/www.ine.gob.bo\/wp-content\/uploads\/2025\/07\/F1-NP-MISION-FMI.png",893,617,false],"thumbnail":["https:\/\/www.ine.gob.bo\/wp-content\/uploads\/2025\/07\/F1-NP-MISION-FMI-150x150.png",150,150,true],"medium":["https:\/\/www.ine.gob.bo\/wp-content\/uploads\/2025\/07\/F1-NP-MISION-FMI-300x207.png",300,207,true],"large":["https:\/\/www.ine.gob.bo\/wp-content\/uploads\/2025\/07\/F1-NP-MISION-FMI.png",893,617,false],"1536x1536":["https:\/\/www.ine.gob.bo\/wp-content\/uploads\/2025\/07\/F1-NP-MISION-FMI.png",893,617,false],"2048x2048":["https:\/\/www.ine.gob.bo\/wp-content\/uploads\/2025\/07\/F1-NP-MISION-FMI.png",893,617,false]},"rttpg_author":{"display_name":"Albaro Benedicto Laime Mamani","author_link":"https:\/\/www.ine.gob.bo\/index.php\/author\/alaime\/"},"rttpg_comment":0,"rttpg_category":"<a href=\"https:\/\/www.ine.gob.bo\/index.php\/category\/ine-noticias\/\" rel=\"category tag\">INE noticias<\/a>","rttpg_excerpt":"[vc_row][vc_column][vc_column_text] La Paz, 21 de julio de 2025 (INE). \u2013 Una misi\u00f3n del Fondo Monetario Internacional (FMI), se re\u00fane con autoridades del Instituto Nacional de Estad\u00edstica (INE), para definir acciones en el marco de la trimestralizaci\u00f3n del Cambio de A\u00f1o Base utilizando el Sistema de las Cuentas Nacionales 2008, proceso referido a la elaboraci\u00f3n de&hellip;","_links":{"self":[{"href":"https:\/\/www.ine.gob.bo\/index.php\/wp-json\/wp\/v2\/posts\/70226","targetHints":{"allow":["GET"]}}],"collection":[{"href":"https:\/\/www.ine.gob.bo\/index.php\/wp-json\/wp\/v2\/posts"}],"about":[{"href":"https:\/\/www.ine.gob.bo\/index.php\/wp-json\/wp\/v2\/types\/post"}],"author":[{"embeddable":true,"href":"https:\/\/www.ine.gob.bo\/index.php\/wp-json\/wp\/v2\/users\/19"}],"replies":[{"embeddable":true,"href":"https:\/\/www.ine.gob.bo\/index.php\/wp-json\/wp\/v2\/comments?post=70226"}],"version-history":[{"count":0,"href":"https:\/\/www.ine.gob.bo\/index.php\/wp-json\/wp\/v2\/posts\/70226\/revisions"}],"wp:featuredmedia":[{"embeddable":true,"href":"https:\/\/www.ine.gob.bo\/index.php\/wp-json\/wp\/v2\/media\/70227"}],"wp:attachment":[{"href":"https:\/\/www.ine.gob.bo\/index.php\/wp-json\/wp\/v2\/media?parent=70226"}],"wp:term":[{"taxonomy":"category","embeddable":true,"href":"https:\/\/www.ine.gob.bo\/index.php\/wp-json\/wp\/v2\/categories?post=70226"},{"taxonomy":"post_tag","embeddable":true,"href":"https:\/\/www.ine.gob.bo\/index.php\/wp-json\/wp\/v2\/tags?post=70226"}],"curies":[{"name":"wp","href":"https:\/\/api.w.org\/{rel}","templated":true}]}}