{"id":66649,"date":"2025-03-07T08:46:23","date_gmt":"2025-03-07T12:46:23","guid":{"rendered":"https:\/\/www.ine.gob.bo\/?p=66649"},"modified":"2025-06-10T11:06:35","modified_gmt":"2025-06-10T15:06:35","slug":"en-diciembre-de-2024-se-registro-deficit-en-el-saldo-comercial-de-us976-millones","status":"publish","type":"post","link":"https:\/\/www.ine.gob.bo\/index.php\/en-diciembre-de-2024-se-registro-deficit-en-el-saldo-comercial-de-us976-millones\/","title":{"rendered":"En diciembre de 2024, se registr\u00f3 d\u00e9ficit en el saldo comercial de $us97,6 millones"},"content":{"rendered":"<p>[vc_row][vc_column][vc_column_text]<\/p>\r\n<p><strong>La Paz, 7 de marzo de 2025 (INE). \u2013<\/strong> En diciembre de 2024, el comercio exterior de Bolivia enfrent\u00f3 conflictos sociales, efectos del cambio clim\u00e1tico y elevados niveles de inflaci\u00f3n en las econom\u00edas de los principales socios comerciales. Estos factores contribuyeron a un saldo comercial negativo de $us97,6 millones.<\/p>\r\n<h4 style=\"text-align: justify;\"><strong><img loading=\"lazy\" decoding=\"async\" class=\"aligncenter wp-image-66650 size-full\" src=\"https:\/\/www.ine.gob.bo\/wp-content\/uploads\/2025\/03\/Grafico-1-NP-COMEX-DIC-24.png\" alt=\"\" width=\"1044\" height=\"567\" srcset=\"https:\/\/www.ine.gob.bo\/wp-content\/uploads\/2025\/03\/Grafico-1-NP-COMEX-DIC-24.png 1044w, https:\/\/www.ine.gob.bo\/wp-content\/uploads\/2025\/03\/Grafico-1-NP-COMEX-DIC-24-300x163.png 300w, https:\/\/www.ine.gob.bo\/wp-content\/uploads\/2025\/03\/Grafico-1-NP-COMEX-DIC-24-1024x556.png 1024w, https:\/\/www.ine.gob.bo\/wp-content\/uploads\/2025\/03\/Grafico-1-NP-COMEX-DIC-24-768x417.png 768w\" sizes=\"auto, (max-width: 1044px) 100vw, 1044px\" \/><\/strong><\/h4>\r\n<p>&nbsp;<\/p>\r\n<p>Las exportaciones alcanzaron los $us798 millones, registrando un incremento del 12% respecto al mes de noviembre, debido principalmente a las ventas externas de las actividades de industria manufacturera en 22% y de extracci\u00f3n de minerales en 6%.<\/p>\r\n<p>&nbsp;<\/p>\r\n<p style=\"text-align: justify;\"><img loading=\"lazy\" decoding=\"async\" class=\"aligncenter wp-image-66651 size-full\" src=\"https:\/\/www.ine.gob.bo\/wp-content\/uploads\/2025\/03\/Grafico-2-NP-COMEX-DIC-24.png\" alt=\"\" width=\"1063\" height=\"603\" srcset=\"https:\/\/www.ine.gob.bo\/wp-content\/uploads\/2025\/03\/Grafico-2-NP-COMEX-DIC-24.png 1063w, https:\/\/www.ine.gob.bo\/wp-content\/uploads\/2025\/03\/Grafico-2-NP-COMEX-DIC-24-300x170.png 300w, https:\/\/www.ine.gob.bo\/wp-content\/uploads\/2025\/03\/Grafico-2-NP-COMEX-DIC-24-1024x581.png 1024w, https:\/\/www.ine.gob.bo\/wp-content\/uploads\/2025\/03\/Grafico-2-NP-COMEX-DIC-24-768x436.png 768w\" sizes=\"auto, (max-width: 1063px) 100vw, 1063px\" \/><\/p>\r\n<p>&nbsp;<\/p>\r\n<p>En diciembre, a nivel de productos, se destacan las exportaciones de los minerales de zinc y plata con un incremento del 11% y 6% respectivamente, as\u00ed como los productos derivados de la soya en 96%, por la demanda en los mercados internacionales.<\/p>\r\n<h4><img loading=\"lazy\" decoding=\"async\" class=\"aligncenter wp-image-66652 size-full\" src=\"https:\/\/www.ine.gob.bo\/wp-content\/uploads\/2025\/03\/Grafico-3-NP-COMEX-DIC-24.png\" alt=\"\" width=\"1052\" height=\"515\" srcset=\"https:\/\/www.ine.gob.bo\/wp-content\/uploads\/2025\/03\/Grafico-3-NP-COMEX-DIC-24.png 1052w, https:\/\/www.ine.gob.bo\/wp-content\/uploads\/2025\/03\/Grafico-3-NP-COMEX-DIC-24-300x147.png 300w, https:\/\/www.ine.gob.bo\/wp-content\/uploads\/2025\/03\/Grafico-3-NP-COMEX-DIC-24-1024x501.png 1024w, https:\/\/www.ine.gob.bo\/wp-content\/uploads\/2025\/03\/Grafico-3-NP-COMEX-DIC-24-768x376.png 768w\" sizes=\"auto, (max-width: 1052px) 100vw, 1052px\" \/><\/h4>\r\n<p>&nbsp;<\/p>\r\n<p>Es destacable tambi\u00e9n el impulso de la industria manufacturera con las exportaciones de productos derivados de girasol, urea granulada y joyer\u00eda de oro, los cuales incrementaron en un <strong>36%<\/strong>, <strong>32%<\/strong> y <strong>38%<\/strong> respectivamente.<\/p>\r\n<h4 style=\"text-align: center;\"><strong><img loading=\"lazy\" decoding=\"async\" class=\"aligncenter wp-image-66653 size-full\" src=\"https:\/\/www.ine.gob.bo\/wp-content\/uploads\/2025\/03\/Grafico-4-NP-COMEX-DIC-24.png\" alt=\"\" width=\"1051\" height=\"500\" srcset=\"https:\/\/www.ine.gob.bo\/wp-content\/uploads\/2025\/03\/Grafico-4-NP-COMEX-DIC-24.png 1051w, https:\/\/www.ine.gob.bo\/wp-content\/uploads\/2025\/03\/Grafico-4-NP-COMEX-DIC-24-300x143.png 300w, https:\/\/www.ine.gob.bo\/wp-content\/uploads\/2025\/03\/Grafico-4-NP-COMEX-DIC-24-1024x487.png 1024w, https:\/\/www.ine.gob.bo\/wp-content\/uploads\/2025\/03\/Grafico-4-NP-COMEX-DIC-24-768x365.png 768w\" sizes=\"auto, (max-width: 1051px) 100vw, 1051px\" \/><\/strong><\/h4>\r\n<p>Por otro lado, las importaciones sumaron <strong>$us895,6 <\/strong>millones en diciembre de 2024, lo que representa un incremento del <strong>13%<\/strong> respecto al anterior mes, debido principalmente a la mayor adquisici\u00f3n de materias primas y productos intermedios.<\/p>\r\n<p><img loading=\"lazy\" decoding=\"async\" class=\"aligncenter wp-image-66654 size-full\" src=\"https:\/\/www.ine.gob.bo\/wp-content\/uploads\/2025\/03\/Grafico-5-NP-COMEX-DIC-24.png\" alt=\"\" width=\"1081\" height=\"624\" srcset=\"https:\/\/www.ine.gob.bo\/wp-content\/uploads\/2025\/03\/Grafico-5-NP-COMEX-DIC-24.png 1081w, https:\/\/www.ine.gob.bo\/wp-content\/uploads\/2025\/03\/Grafico-5-NP-COMEX-DIC-24-300x173.png 300w, https:\/\/www.ine.gob.bo\/wp-content\/uploads\/2025\/03\/Grafico-5-NP-COMEX-DIC-24-1024x591.png 1024w, https:\/\/www.ine.gob.bo\/wp-content\/uploads\/2025\/03\/Grafico-5-NP-COMEX-DIC-24-768x443.png 768w\" sizes=\"auto, (max-width: 1081px) 100vw, 1081px\" \/><\/p>\r\n<p>&nbsp;<\/p>\r\n<h4>\u00a0<\/h4>\r\n<h4 style=\"text-align: center;\"><strong>Unidad de Difusi\u00f3n y<\/strong> Comunicaci\u00f3n<br \/><strong>INSTITUTO NACIONAL DE ESTAD\u00cdSTICA<\/strong><\/h4>\r\n<p>&nbsp;<\/p>\r\n<p class=\"has-text-align-center\"><!-- \/wp:post-content --><\/p>\r\n<p>&nbsp;<\/p>\r\n<p><span style=\"color: #ff0000;\"><a style=\"color: #ff0000;\" href=\"https:\/\/nimbus.ine.gob.bo\/index.php\/s\/2oZjtdTYoZ4tbXW\/download\">Descargar Nota de Prensa<\/a><\/span><\/p>\r\n<p class=\"has-text-align-center\"><!-- \/wp:paragraph --><\/p>\r\n<p class=\"has-text-align-center\"><!-- wp:separator --><\/p>\r\n<hr class=\"wp-block-separator\" \/>\r\n<p class=\"has-text-align-center\"><!-- \/wp:separator --><\/p>\r\n<p class=\"has-text-align-center\"><!-- wp:paragraph {\"align\":\"right\"} --><\/p>\r\n<p class=\"has-text-align-right\"><strong><em>Entidad dependiente del Ministerio de Planificaci\u00f3n del Desarrollo<\/em><\/strong><\/p>\r\n<p>&nbsp;<\/p>\r\n<p class=\"has-text-align-center\"><!-- \/wp:paragraph --><\/p>\r\n<p>[\/vc_column_text][\/vc_column][\/vc_row]<\/p>","protected":false},"excerpt":{"rendered":"<p>[vc_row][vc_column][vc_column_text] La Paz, 7 de marzo de 2025 (INE). \u2013 En diciembre de 2024, el comercio exterior de Bolivia enfrent\u00f3 conflictos sociales, efectos del cambio clim\u00e1tico y elevados niveles de inflaci\u00f3n en las econom\u00edas de los principales socios comerciales. Estos factores contribuyeron a un saldo comercial negativo de $us97,6 millones. &nbsp; Las exportaciones alcanzaron los&hellip;<\/p>\n","protected":false},"author":19,"featured_media":66650,"comment_status":"closed","ping_status":"open","sticky":false,"template":"","format":"standard","meta":[],"categories":[158],"tags":[52],"class_list":["post-66649","post","type-post","status-publish","format-standard","has-post-thumbnail","hentry","category-ine-noticias","tag-ine-noticias","category-158","description-off"],"yoast_head":"<!-- This site is optimized with the Yoast SEO plugin v23.2 - https:\/\/yoast.com\/wordpress\/plugins\/seo\/ -->\n<title>En diciembre de 2024, se registr\u00f3 d\u00e9ficit en el saldo comercial de $us97,6 millones - INE<\/title>\n<meta name=\"description\" content=\"P\u00e1gina oficial del Instituto Nacional de Estadistica INE, informaci\u00f3n estad\u00edstica, geogr\u00e1fica y econ\u00f3mica a nivel nacional.\" \/>\n<meta name=\"robots\" content=\"index, follow, max-snippet:-1, max-image-preview:large, max-video-preview:-1\" \/>\n<link rel=\"canonical\" href=\"https:\/\/www.ine.gob.bo\/index.php\/en-diciembre-de-2024-se-registro-deficit-en-el-saldo-comercial-de-us976-millones\/\" \/>\n<meta property=\"og:locale\" content=\"es_ES\" \/>\n<meta property=\"og:type\" content=\"article\" \/>\n<meta property=\"og:title\" content=\"En diciembre de 2024, se registr\u00f3 d\u00e9ficit en el saldo comercial de $us97,6 millones - INE\" \/>\n<meta property=\"og:description\" content=\"P\u00e1gina oficial del Instituto Nacional de Estadistica INE, informaci\u00f3n estad\u00edstica, geogr\u00e1fica y econ\u00f3mica a nivel nacional.\" \/>\n<meta property=\"og:url\" content=\"https:\/\/www.ine.gob.bo\/index.php\/en-diciembre-de-2024-se-registro-deficit-en-el-saldo-comercial-de-us976-millones\/\" \/>\n<meta property=\"og:site_name\" content=\"INE\" \/>\n<meta property=\"article:publisher\" content=\"https:\/\/www.facebook.com\/ineboliviaoficial\" \/>\n<meta property=\"article:published_time\" content=\"2025-03-07T12:46:23+00:00\" \/>\n<meta property=\"article:modified_time\" content=\"2025-06-10T15:06:35+00:00\" \/>\n<meta property=\"og:image\" content=\"https:\/\/www.ine.gob.bo\/wp-content\/uploads\/2025\/03\/Grafico-1-NP-COMEX-DIC-24.png\" \/>\n\t<meta property=\"og:image:width\" content=\"1044\" \/>\n\t<meta property=\"og:image:height\" content=\"567\" \/>\n\t<meta property=\"og:image:type\" content=\"image\/png\" \/>\n<meta name=\"author\" content=\"Albaro Benedicto Laime Mamani\" \/>\n<meta name=\"twitter:card\" content=\"summary_large_image\" \/>\n<meta name=\"twitter:creator\" content=\"@INE_Bolivia\" \/>\n<meta name=\"twitter:site\" content=\"@INE_Bolivia\" \/>\n<meta name=\"twitter:label1\" content=\"Escrito por\" \/>\n\t<meta name=\"twitter:data1\" content=\"Albaro Benedicto Laime Mamani\" \/>\n\t<meta name=\"twitter:label2\" content=\"Tiempo de lectura\" \/>\n\t<meta name=\"twitter:data2\" content=\"3 minutos\" \/>\n<script type=\"application\/ld+json\" class=\"yoast-schema-graph\">{\"@context\":\"https:\/\/schema.org\",\"@graph\":[{\"@type\":\"Article\",\"@id\":\"https:\/\/www.ine.gob.bo\/index.php\/en-diciembre-de-2024-se-registro-deficit-en-el-saldo-comercial-de-us976-millones\/#article\",\"isPartOf\":{\"@id\":\"https:\/\/www.ine.gob.bo\/index.php\/en-diciembre-de-2024-se-registro-deficit-en-el-saldo-comercial-de-us976-millones\/\"},\"author\":{\"name\":\"Albaro Benedicto Laime Mamani\",\"@id\":\"https:\/\/www.ine.gob.bo\/#\/schema\/person\/cd5e3dea21e6634e99cebddcca7540d1\"},\"headline\":\"En diciembre de 2024, se registr\u00f3 d\u00e9ficit en el saldo comercial de $us97,6 millones\",\"datePublished\":\"2025-03-07T12:46:23+00:00\",\"dateModified\":\"2025-06-10T15:06:35+00:00\",\"mainEntityOfPage\":{\"@id\":\"https:\/\/www.ine.gob.bo\/index.php\/en-diciembre-de-2024-se-registro-deficit-en-el-saldo-comercial-de-us976-millones\/\"},\"wordCount\":249,\"publisher\":{\"@id\":\"https:\/\/www.ine.gob.bo\/#organization\"},\"image\":{\"@id\":\"https:\/\/www.ine.gob.bo\/index.php\/en-diciembre-de-2024-se-registro-deficit-en-el-saldo-comercial-de-us976-millones\/#primaryimage\"},\"thumbnailUrl\":\"https:\/\/www.ine.gob.bo\/wp-content\/uploads\/2025\/03\/Grafico-1-NP-COMEX-DIC-24.png\",\"keywords\":[\"INE Noticias\"],\"articleSection\":[\"INE noticias\"],\"inLanguage\":\"es\"},{\"@type\":\"WebPage\",\"@id\":\"https:\/\/www.ine.gob.bo\/index.php\/en-diciembre-de-2024-se-registro-deficit-en-el-saldo-comercial-de-us976-millones\/\",\"url\":\"https:\/\/www.ine.gob.bo\/index.php\/en-diciembre-de-2024-se-registro-deficit-en-el-saldo-comercial-de-us976-millones\/\",\"name\":\"En diciembre de 2024, se registr\u00f3 d\u00e9ficit en el saldo comercial de $us97,6 millones - INE\",\"isPartOf\":{\"@id\":\"https:\/\/www.ine.gob.bo\/#website\"},\"primaryImageOfPage\":{\"@id\":\"https:\/\/www.ine.gob.bo\/index.php\/en-diciembre-de-2024-se-registro-deficit-en-el-saldo-comercial-de-us976-millones\/#primaryimage\"},\"image\":{\"@id\":\"https:\/\/www.ine.gob.bo\/index.php\/en-diciembre-de-2024-se-registro-deficit-en-el-saldo-comercial-de-us976-millones\/#primaryimage\"},\"thumbnailUrl\":\"https:\/\/www.ine.gob.bo\/wp-content\/uploads\/2025\/03\/Grafico-1-NP-COMEX-DIC-24.png\",\"datePublished\":\"2025-03-07T12:46:23+00:00\",\"dateModified\":\"2025-06-10T15:06:35+00:00\",\"description\":\"P\u00e1gina oficial del Instituto Nacional de Estadistica INE, informaci\u00f3n estad\u00edstica, geogr\u00e1fica y econ\u00f3mica a nivel nacional.\",\"breadcrumb\":{\"@id\":\"https:\/\/www.ine.gob.bo\/index.php\/en-diciembre-de-2024-se-registro-deficit-en-el-saldo-comercial-de-us976-millones\/#breadcrumb\"},\"inLanguage\":\"es\",\"potentialAction\":[{\"@type\":\"ReadAction\",\"target\":[\"https:\/\/www.ine.gob.bo\/index.php\/en-diciembre-de-2024-se-registro-deficit-en-el-saldo-comercial-de-us976-millones\/\"]}]},{\"@type\":\"ImageObject\",\"inLanguage\":\"es\",\"@id\":\"https:\/\/www.ine.gob.bo\/index.php\/en-diciembre-de-2024-se-registro-deficit-en-el-saldo-comercial-de-us976-millones\/#primaryimage\",\"url\":\"https:\/\/www.ine.gob.bo\/wp-content\/uploads\/2025\/03\/Grafico-1-NP-COMEX-DIC-24.png\",\"contentUrl\":\"https:\/\/www.ine.gob.bo\/wp-content\/uploads\/2025\/03\/Grafico-1-NP-COMEX-DIC-24.png\",\"width\":1044,\"height\":567},{\"@type\":\"BreadcrumbList\",\"@id\":\"https:\/\/www.ine.gob.bo\/index.php\/en-diciembre-de-2024-se-registro-deficit-en-el-saldo-comercial-de-us976-millones\/#breadcrumb\",\"itemListElement\":[{\"@type\":\"ListItem\",\"position\":1,\"name\":\"Portada\",\"item\":\"https:\/\/www.ine.gob.bo\/\"},{\"@type\":\"ListItem\",\"position\":2,\"name\":\"En diciembre de 2024, se registr\u00f3 d\u00e9ficit en el saldo comercial de $us97,6 millones\"}]},{\"@type\":\"WebSite\",\"@id\":\"https:\/\/www.ine.gob.bo\/#website\",\"url\":\"https:\/\/www.ine.gob.bo\/\",\"name\":\"INE\",\"description\":\"Instituto Nacional de Estad\u00edstica\",\"publisher\":{\"@id\":\"https:\/\/www.ine.gob.bo\/#organization\"},\"potentialAction\":[{\"@type\":\"SearchAction\",\"target\":{\"@type\":\"EntryPoint\",\"urlTemplate\":\"https:\/\/www.ine.gob.bo\/?s={search_term_string}\"},\"query-input\":\"required name=search_term_string\"}],\"inLanguage\":\"es\"},{\"@type\":\"Organization\",\"@id\":\"https:\/\/www.ine.gob.bo\/#organization\",\"name\":\"Instituto Nacional de Estad\u00edstica\",\"url\":\"https:\/\/www.ine.gob.bo\/\",\"logo\":{\"@type\":\"ImageObject\",\"inLanguage\":\"es\",\"@id\":\"https:\/\/www.ine.gob.bo\/#\/schema\/logo\/image\/\",\"url\":\"https:\/\/www.ine.gob.bo\/wp-content\/uploads\/2026\/02\/logo-ine.jpg\",\"contentUrl\":\"https:\/\/www.ine.gob.bo\/wp-content\/uploads\/2026\/02\/logo-ine.jpg\",\"width\":799,\"height\":453,\"caption\":\"Instituto Nacional de Estad\u00edstica\"},\"image\":{\"@id\":\"https:\/\/www.ine.gob.bo\/#\/schema\/logo\/image\/\"},\"sameAs\":[\"https:\/\/www.facebook.com\/ineboliviaoficial\",\"https:\/\/x.com\/INE_Bolivia\",\"https:\/\/www.instagram.com\/ineboliviaoficial\/\",\"https:\/\/www.youtube.com\/channel\/UCbIQXKLw414g5kWo1tAwqCg\"]},{\"@type\":\"Person\",\"@id\":\"https:\/\/www.ine.gob.bo\/#\/schema\/person\/cd5e3dea21e6634e99cebddcca7540d1\",\"name\":\"Albaro Benedicto Laime Mamani\",\"image\":{\"@type\":\"ImageObject\",\"inLanguage\":\"es\",\"@id\":\"https:\/\/www.ine.gob.bo\/#\/schema\/person\/image\/\",\"url\":\"https:\/\/secure.gravatar.com\/avatar\/450967f1badecac6afbf323d3a06c551f001ee9e5a1094976c96b19cce5b7180?s=96&d=mm&r=g\",\"contentUrl\":\"https:\/\/secure.gravatar.com\/avatar\/450967f1badecac6afbf323d3a06c551f001ee9e5a1094976c96b19cce5b7180?s=96&d=mm&r=g\",\"caption\":\"Albaro Benedicto Laime Mamani\"},\"url\":\"https:\/\/www.ine.gob.bo\/index.php\/author\/alaime\/\"}]}<\/script>\n<!-- \/ Yoast SEO plugin. -->","yoast_head_json":{"title":"En diciembre de 2024, se registr\u00f3 d\u00e9ficit en el saldo comercial de $us97,6 millones - INE","description":"P\u00e1gina oficial del Instituto Nacional de Estadistica INE, informaci\u00f3n estad\u00edstica, geogr\u00e1fica y econ\u00f3mica a nivel nacional.","robots":{"index":"index","follow":"follow","max-snippet":"max-snippet:-1","max-image-preview":"max-image-preview:large","max-video-preview":"max-video-preview:-1"},"canonical":"https:\/\/www.ine.gob.bo\/index.php\/en-diciembre-de-2024-se-registro-deficit-en-el-saldo-comercial-de-us976-millones\/","og_locale":"es_ES","og_type":"article","og_title":"En diciembre de 2024, se registr\u00f3 d\u00e9ficit en el saldo comercial de $us97,6 millones - INE","og_description":"P\u00e1gina oficial del Instituto Nacional de Estadistica INE, informaci\u00f3n estad\u00edstica, geogr\u00e1fica y econ\u00f3mica a nivel nacional.","og_url":"https:\/\/www.ine.gob.bo\/index.php\/en-diciembre-de-2024-se-registro-deficit-en-el-saldo-comercial-de-us976-millones\/","og_site_name":"INE","article_publisher":"https:\/\/www.facebook.com\/ineboliviaoficial","article_published_time":"2025-03-07T12:46:23+00:00","article_modified_time":"2025-06-10T15:06:35+00:00","og_image":[{"width":1044,"height":567,"url":"https:\/\/www.ine.gob.bo\/wp-content\/uploads\/2025\/03\/Grafico-1-NP-COMEX-DIC-24.png","type":"image\/png"}],"author":"Albaro Benedicto Laime Mamani","twitter_card":"summary_large_image","twitter_creator":"@INE_Bolivia","twitter_site":"@INE_Bolivia","twitter_misc":{"Escrito por":"Albaro Benedicto Laime Mamani","Tiempo de lectura":"3 minutos"},"schema":{"@context":"https:\/\/schema.org","@graph":[{"@type":"Article","@id":"https:\/\/www.ine.gob.bo\/index.php\/en-diciembre-de-2024-se-registro-deficit-en-el-saldo-comercial-de-us976-millones\/#article","isPartOf":{"@id":"https:\/\/www.ine.gob.bo\/index.php\/en-diciembre-de-2024-se-registro-deficit-en-el-saldo-comercial-de-us976-millones\/"},"author":{"name":"Albaro Benedicto Laime Mamani","@id":"https:\/\/www.ine.gob.bo\/#\/schema\/person\/cd5e3dea21e6634e99cebddcca7540d1"},"headline":"En diciembre de 2024, se registr\u00f3 d\u00e9ficit en el saldo comercial de $us97,6 millones","datePublished":"2025-03-07T12:46:23+00:00","dateModified":"2025-06-10T15:06:35+00:00","mainEntityOfPage":{"@id":"https:\/\/www.ine.gob.bo\/index.php\/en-diciembre-de-2024-se-registro-deficit-en-el-saldo-comercial-de-us976-millones\/"},"wordCount":249,"publisher":{"@id":"https:\/\/www.ine.gob.bo\/#organization"},"image":{"@id":"https:\/\/www.ine.gob.bo\/index.php\/en-diciembre-de-2024-se-registro-deficit-en-el-saldo-comercial-de-us976-millones\/#primaryimage"},"thumbnailUrl":"https:\/\/www.ine.gob.bo\/wp-content\/uploads\/2025\/03\/Grafico-1-NP-COMEX-DIC-24.png","keywords":["INE Noticias"],"articleSection":["INE noticias"],"inLanguage":"es"},{"@type":"WebPage","@id":"https:\/\/www.ine.gob.bo\/index.php\/en-diciembre-de-2024-se-registro-deficit-en-el-saldo-comercial-de-us976-millones\/","url":"https:\/\/www.ine.gob.bo\/index.php\/en-diciembre-de-2024-se-registro-deficit-en-el-saldo-comercial-de-us976-millones\/","name":"En diciembre de 2024, se registr\u00f3 d\u00e9ficit en el saldo comercial de $us97,6 millones - INE","isPartOf":{"@id":"https:\/\/www.ine.gob.bo\/#website"},"primaryImageOfPage":{"@id":"https:\/\/www.ine.gob.bo\/index.php\/en-diciembre-de-2024-se-registro-deficit-en-el-saldo-comercial-de-us976-millones\/#primaryimage"},"image":{"@id":"https:\/\/www.ine.gob.bo\/index.php\/en-diciembre-de-2024-se-registro-deficit-en-el-saldo-comercial-de-us976-millones\/#primaryimage"},"thumbnailUrl":"https:\/\/www.ine.gob.bo\/wp-content\/uploads\/2025\/03\/Grafico-1-NP-COMEX-DIC-24.png","datePublished":"2025-03-07T12:46:23+00:00","dateModified":"2025-06-10T15:06:35+00:00","description":"P\u00e1gina oficial del Instituto Nacional de Estadistica INE, informaci\u00f3n estad\u00edstica, geogr\u00e1fica y econ\u00f3mica a nivel nacional.","breadcrumb":{"@id":"https:\/\/www.ine.gob.bo\/index.php\/en-diciembre-de-2024-se-registro-deficit-en-el-saldo-comercial-de-us976-millones\/#breadcrumb"},"inLanguage":"es","potentialAction":[{"@type":"ReadAction","target":["https:\/\/www.ine.gob.bo\/index.php\/en-diciembre-de-2024-se-registro-deficit-en-el-saldo-comercial-de-us976-millones\/"]}]},{"@type":"ImageObject","inLanguage":"es","@id":"https:\/\/www.ine.gob.bo\/index.php\/en-diciembre-de-2024-se-registro-deficit-en-el-saldo-comercial-de-us976-millones\/#primaryimage","url":"https:\/\/www.ine.gob.bo\/wp-content\/uploads\/2025\/03\/Grafico-1-NP-COMEX-DIC-24.png","contentUrl":"https:\/\/www.ine.gob.bo\/wp-content\/uploads\/2025\/03\/Grafico-1-NP-COMEX-DIC-24.png","width":1044,"height":567},{"@type":"BreadcrumbList","@id":"https:\/\/www.ine.gob.bo\/index.php\/en-diciembre-de-2024-se-registro-deficit-en-el-saldo-comercial-de-us976-millones\/#breadcrumb","itemListElement":[{"@type":"ListItem","position":1,"name":"Portada","item":"https:\/\/www.ine.gob.bo\/"},{"@type":"ListItem","position":2,"name":"En diciembre de 2024, se registr\u00f3 d\u00e9ficit en el saldo comercial de $us97,6 millones"}]},{"@type":"WebSite","@id":"https:\/\/www.ine.gob.bo\/#website","url":"https:\/\/www.ine.gob.bo\/","name":"INE","description":"Instituto Nacional de Estad\u00edstica","publisher":{"@id":"https:\/\/www.ine.gob.bo\/#organization"},"potentialAction":[{"@type":"SearchAction","target":{"@type":"EntryPoint","urlTemplate":"https:\/\/www.ine.gob.bo\/?s={search_term_string}"},"query-input":"required name=search_term_string"}],"inLanguage":"es"},{"@type":"Organization","@id":"https:\/\/www.ine.gob.bo\/#organization","name":"Instituto Nacional de Estad\u00edstica","url":"https:\/\/www.ine.gob.bo\/","logo":{"@type":"ImageObject","inLanguage":"es","@id":"https:\/\/www.ine.gob.bo\/#\/schema\/logo\/image\/","url":"https:\/\/www.ine.gob.bo\/wp-content\/uploads\/2026\/02\/logo-ine.jpg","contentUrl":"https:\/\/www.ine.gob.bo\/wp-content\/uploads\/2026\/02\/logo-ine.jpg","width":799,"height":453,"caption":"Instituto Nacional de Estad\u00edstica"},"image":{"@id":"https:\/\/www.ine.gob.bo\/#\/schema\/logo\/image\/"},"sameAs":["https:\/\/www.facebook.com\/ineboliviaoficial","https:\/\/x.com\/INE_Bolivia","https:\/\/www.instagram.com\/ineboliviaoficial\/","https:\/\/www.youtube.com\/channel\/UCbIQXKLw414g5kWo1tAwqCg"]},{"@type":"Person","@id":"https:\/\/www.ine.gob.bo\/#\/schema\/person\/cd5e3dea21e6634e99cebddcca7540d1","name":"Albaro Benedicto Laime Mamani","image":{"@type":"ImageObject","inLanguage":"es","@id":"https:\/\/www.ine.gob.bo\/#\/schema\/person\/image\/","url":"https:\/\/secure.gravatar.com\/avatar\/450967f1badecac6afbf323d3a06c551f001ee9e5a1094976c96b19cce5b7180?s=96&d=mm&r=g","contentUrl":"https:\/\/secure.gravatar.com\/avatar\/450967f1badecac6afbf323d3a06c551f001ee9e5a1094976c96b19cce5b7180?s=96&d=mm&r=g","caption":"Albaro Benedicto Laime Mamani"},"url":"https:\/\/www.ine.gob.bo\/index.php\/author\/alaime\/"}]}},"rttpg_featured_image_url":{"full":["https:\/\/www.ine.gob.bo\/wp-content\/uploads\/2025\/03\/Grafico-1-NP-COMEX-DIC-24.png",1044,567,false],"landscape":["https:\/\/www.ine.gob.bo\/wp-content\/uploads\/2025\/03\/Grafico-1-NP-COMEX-DIC-24.png",1044,567,false],"portraits":["https:\/\/www.ine.gob.bo\/wp-content\/uploads\/2025\/03\/Grafico-1-NP-COMEX-DIC-24.png",1044,567,false],"thumbnail":["https:\/\/www.ine.gob.bo\/wp-content\/uploads\/2025\/03\/Grafico-1-NP-COMEX-DIC-24-150x150.png",150,150,true],"medium":["https:\/\/www.ine.gob.bo\/wp-content\/uploads\/2025\/03\/Grafico-1-NP-COMEX-DIC-24-300x163.png",300,163,true],"large":["https:\/\/www.ine.gob.bo\/wp-content\/uploads\/2025\/03\/Grafico-1-NP-COMEX-DIC-24-1024x556.png",1024,556,true],"1536x1536":["https:\/\/www.ine.gob.bo\/wp-content\/uploads\/2025\/03\/Grafico-1-NP-COMEX-DIC-24.png",1044,567,false],"2048x2048":["https:\/\/www.ine.gob.bo\/wp-content\/uploads\/2025\/03\/Grafico-1-NP-COMEX-DIC-24.png",1044,567,false]},"rttpg_author":{"display_name":"Albaro Benedicto Laime Mamani","author_link":"https:\/\/www.ine.gob.bo\/index.php\/author\/alaime\/"},"rttpg_comment":0,"rttpg_category":"<a href=\"https:\/\/www.ine.gob.bo\/index.php\/category\/ine-noticias\/\" rel=\"category tag\">INE noticias<\/a>","rttpg_excerpt":"[vc_row][vc_column][vc_column_text] La Paz, 7 de marzo de 2025 (INE). \u2013 En diciembre de 2024, el comercio exterior de Bolivia enfrent\u00f3 conflictos sociales, efectos del cambio clim\u00e1tico y elevados niveles de inflaci\u00f3n en las econom\u00edas de los principales socios comerciales. Estos factores contribuyeron a un saldo comercial negativo de $us97,6 millones. &nbsp; Las exportaciones alcanzaron los&hellip;","_links":{"self":[{"href":"https:\/\/www.ine.gob.bo\/index.php\/wp-json\/wp\/v2\/posts\/66649","targetHints":{"allow":["GET"]}}],"collection":[{"href":"https:\/\/www.ine.gob.bo\/index.php\/wp-json\/wp\/v2\/posts"}],"about":[{"href":"https:\/\/www.ine.gob.bo\/index.php\/wp-json\/wp\/v2\/types\/post"}],"author":[{"embeddable":true,"href":"https:\/\/www.ine.gob.bo\/index.php\/wp-json\/wp\/v2\/users\/19"}],"replies":[{"embeddable":true,"href":"https:\/\/www.ine.gob.bo\/index.php\/wp-json\/wp\/v2\/comments?post=66649"}],"version-history":[{"count":0,"href":"https:\/\/www.ine.gob.bo\/index.php\/wp-json\/wp\/v2\/posts\/66649\/revisions"}],"wp:featuredmedia":[{"embeddable":true,"href":"https:\/\/www.ine.gob.bo\/index.php\/wp-json\/wp\/v2\/media\/66650"}],"wp:attachment":[{"href":"https:\/\/www.ine.gob.bo\/index.php\/wp-json\/wp\/v2\/media?parent=66649"}],"wp:term":[{"taxonomy":"category","embeddable":true,"href":"https:\/\/www.ine.gob.bo\/index.php\/wp-json\/wp\/v2\/categories?post=66649"},{"taxonomy":"post_tag","embeddable":true,"href":"https:\/\/www.ine.gob.bo\/index.php\/wp-json\/wp\/v2\/tags?post=66649"}],"curies":[{"name":"wp","href":"https:\/\/api.w.org\/{rel}","templated":true}]}}