{"id":66600,"date":"2025-02-27T20:00:51","date_gmt":"2025-02-28T00:00:51","guid":{"rendered":"https:\/\/www.ine.gob.bo\/?p=66600"},"modified":"2025-06-10T11:15:37","modified_gmt":"2025-06-10T15:15:37","slug":"el-indice-de-precios-productor-ipp-registro-un-aumento-de-185-en-enero-de-2025","status":"publish","type":"post","link":"https:\/\/www.ine.gob.bo\/index.php\/el-indice-de-precios-productor-ipp-registro-un-aumento-de-185-en-enero-de-2025\/","title":{"rendered":"El \u00cdndice de Precios Productor (IPP) registr\u00f3 un aumento de 1,85% en enero de 2025"},"content":{"rendered":"<p>[vc_row][vc_column][vc_column_text]<\/p>\r\n<p style=\"text-align: justify;\"><strong>La Paz, 27 de febrero de 2025 (INE). \u2013 <\/strong>El \u00cdndice de Precios Productor (IPP) registr\u00f3, en enero de 2025, un aumento de 1,85% respecto a diciembre 2024.<\/p>\r\n<p style=\"text-align: justify;\">El IPP es una medida de la variaci\u00f3n en los precios promedio de un conjunto representativo de bienes y servicios, cuando dejan el lugar de la producci\u00f3n. Cabe aclarar que la canasta de bienes y servicios que determina la estructura de ponderaciones del IPP no considera como par\u00e1metro el conjunto de bienes y servicios consumidos por los hogares. Por tanto, el \u00fanico indicador que mide la inflaci\u00f3n en Bolivia es el \u00cdndice de Precios al Consumidor (IPC).<\/p>\r\n<p><img loading=\"lazy\" decoding=\"async\" class=\"aligncenter wp-image-66601 size-full\" src=\"https:\/\/www.ine.gob.bo\/wp-content\/uploads\/2025\/02\/Cuadro-1-NP-IPP-Enero-2025.png\" alt=\"\" width=\"883\" height=\"680\" srcset=\"https:\/\/www.ine.gob.bo\/wp-content\/uploads\/2025\/02\/Cuadro-1-NP-IPP-Enero-2025.png 883w, https:\/\/www.ine.gob.bo\/wp-content\/uploads\/2025\/02\/Cuadro-1-NP-IPP-Enero-2025-300x231.png 300w, https:\/\/www.ine.gob.bo\/wp-content\/uploads\/2025\/02\/Cuadro-1-NP-IPP-Enero-2025-768x591.png 768w\" sizes=\"auto, (max-width: 883px) 100vw, 883px\" \/><\/p>\r\n<h4><img loading=\"lazy\" decoding=\"async\" class=\"aligncenter wp-image-66602 size-full\" src=\"https:\/\/www.ine.gob.bo\/wp-content\/uploads\/2025\/02\/Grafico-1-NP-IPP-Enero-2025.png\" alt=\"\" width=\"1041\" height=\"814\" srcset=\"https:\/\/www.ine.gob.bo\/wp-content\/uploads\/2025\/02\/Grafico-1-NP-IPP-Enero-2025.png 1041w, https:\/\/www.ine.gob.bo\/wp-content\/uploads\/2025\/02\/Grafico-1-NP-IPP-Enero-2025-300x235.png 300w, https:\/\/www.ine.gob.bo\/wp-content\/uploads\/2025\/02\/Grafico-1-NP-IPP-Enero-2025-1024x801.png 1024w, https:\/\/www.ine.gob.bo\/wp-content\/uploads\/2025\/02\/Grafico-1-NP-IPP-Enero-2025-768x601.png 768w\" sizes=\"auto, (max-width: 1041px) 100vw, 1041px\" \/><\/h4>\r\n<h4><strong>Comportamiento de Precios Productor seg\u00fan grandes grupos<\/strong><\/h4>\r\n<p style=\"text-align: justify;\">El incremento de 1,85% del IPP registrado en enero de 2025 se explica, principalmente, por la variaci\u00f3n porcentual positiva de los precios en los grupos: Pesca, Industria manufacturera, Pecuaria, Servicios y Otros minerales y gas natural.<\/p>\r\n<p><img loading=\"lazy\" decoding=\"async\" class=\"aligncenter wp-image-66603 size-full\" src=\"https:\/\/www.ine.gob.bo\/wp-content\/uploads\/2025\/02\/Cuadro-2-NP-IPP-Enero-2025.png\" alt=\"\" width=\"1034\" height=\"467\" srcset=\"https:\/\/www.ine.gob.bo\/wp-content\/uploads\/2025\/02\/Cuadro-2-NP-IPP-Enero-2025.png 1034w, https:\/\/www.ine.gob.bo\/wp-content\/uploads\/2025\/02\/Cuadro-2-NP-IPP-Enero-2025-300x135.png 300w, https:\/\/www.ine.gob.bo\/wp-content\/uploads\/2025\/02\/Cuadro-2-NP-IPP-Enero-2025-1024x462.png 1024w, https:\/\/www.ine.gob.bo\/wp-content\/uploads\/2025\/02\/Cuadro-2-NP-IPP-Enero-2025-768x347.png 768w\" sizes=\"auto, (max-width: 1034px) 100vw, 1034px\" \/><\/p>\r\n<p>&nbsp;<\/p>\r\n<p><img loading=\"lazy\" decoding=\"async\" class=\"aligncenter wp-image-66604 size-full\" src=\"https:\/\/www.ine.gob.bo\/wp-content\/uploads\/2025\/02\/Grafico-2-NP-IPP-Enero-2025.png\" alt=\"\" width=\"1018\" height=\"695\" srcset=\"https:\/\/www.ine.gob.bo\/wp-content\/uploads\/2025\/02\/Grafico-2-NP-IPP-Enero-2025.png 1018w, https:\/\/www.ine.gob.bo\/wp-content\/uploads\/2025\/02\/Grafico-2-NP-IPP-Enero-2025-300x205.png 300w, https:\/\/www.ine.gob.bo\/wp-content\/uploads\/2025\/02\/Grafico-2-NP-IPP-Enero-2025-768x524.png 768w\" sizes=\"auto, (max-width: 1018px) 100vw, 1018px\" \/><\/p>\r\n<h4><strong>Productos con mayor incidencia positiva y negativa<\/strong><\/h4>\r\n<p style=\"text-align: justify;\">Los productos con mayor incidencia porcentual positiva fueron: harina o torta de soya, carnes frescas de pollo, ganado bovino, carnes frescas de ganado bovino, alimentos balanceados y carnes frescas de ganado porcino. Por el contrario, los productos con mayor incidencia negativa fueron: hoja de coca, camote (batata), aj\u00ed y locoto, palta (aguacate), habas verdes y fr\u00edjol.<\/p>\r\n<p><img loading=\"lazy\" decoding=\"async\" class=\"aligncenter wp-image-66605 size-full\" src=\"https:\/\/www.ine.gob.bo\/wp-content\/uploads\/2025\/02\/Cuadro-3-NP-IPP-Enero-2025.png\" alt=\"\" width=\"1075\" height=\"518\" srcset=\"https:\/\/www.ine.gob.bo\/wp-content\/uploads\/2025\/02\/Cuadro-3-NP-IPP-Enero-2025.png 1075w, https:\/\/www.ine.gob.bo\/wp-content\/uploads\/2025\/02\/Cuadro-3-NP-IPP-Enero-2025-300x145.png 300w, https:\/\/www.ine.gob.bo\/wp-content\/uploads\/2025\/02\/Cuadro-3-NP-IPP-Enero-2025-1024x493.png 1024w, https:\/\/www.ine.gob.bo\/wp-content\/uploads\/2025\/02\/Cuadro-3-NP-IPP-Enero-2025-768x370.png 768w\" sizes=\"auto, (max-width: 1075px) 100vw, 1075px\" \/><\/p>\r\n<p>&nbsp;<\/p>\r\n<h3 style=\"text-align: center;\"><strong>Cuadro comparativo de los \u00edndices de precios de una canasta com\u00fan<\/strong><\/h3>\r\n<h3 style=\"text-align: center;\"><strong>IPC<\/strong> <a href=\"#_ftn1\" name=\"_ftnref1\">[1]<\/a> <strong>&#8211; IPM<\/strong> <a href=\"#_ftn2\" name=\"_ftnref2\">[2]<\/a> <strong>&#8211; IPP, a enero de 2025<\/strong><\/h3>\r\n<p><img loading=\"lazy\" decoding=\"async\" class=\"aligncenter wp-image-66606 size-full\" src=\"https:\/\/www.ine.gob.bo\/wp-content\/uploads\/2025\/02\/Cuadro-4-NP-IPP-Enero-2025.png\" alt=\"\" width=\"895\" height=\"354\" srcset=\"https:\/\/www.ine.gob.bo\/wp-content\/uploads\/2025\/02\/Cuadro-4-NP-IPP-Enero-2025.png 895w, https:\/\/www.ine.gob.bo\/wp-content\/uploads\/2025\/02\/Cuadro-4-NP-IPP-Enero-2025-300x119.png 300w, https:\/\/www.ine.gob.bo\/wp-content\/uploads\/2025\/02\/Cuadro-4-NP-IPP-Enero-2025-768x304.png 768w\" sizes=\"auto, (max-width: 895px) 100vw, 895px\" \/><\/p>\r\n<p><img loading=\"lazy\" decoding=\"async\" class=\"aligncenter wp-image-66607 size-full\" src=\"https:\/\/www.ine.gob.bo\/wp-content\/uploads\/2025\/02\/Grafico-3-NP-IPP-Enero-2025.png\" alt=\"\" width=\"1058\" height=\"687\" srcset=\"https:\/\/www.ine.gob.bo\/wp-content\/uploads\/2025\/02\/Grafico-3-NP-IPP-Enero-2025.png 1058w, https:\/\/www.ine.gob.bo\/wp-content\/uploads\/2025\/02\/Grafico-3-NP-IPP-Enero-2025-300x195.png 300w, https:\/\/www.ine.gob.bo\/wp-content\/uploads\/2025\/02\/Grafico-3-NP-IPP-Enero-2025-1024x665.png 1024w, https:\/\/www.ine.gob.bo\/wp-content\/uploads\/2025\/02\/Grafico-3-NP-IPP-Enero-2025-768x499.png 768w\" sizes=\"auto, (max-width: 1058px) 100vw, 1058px\" \/><\/p>\r\n<p>&nbsp;<\/p>\r\n<p><img loading=\"lazy\" decoding=\"async\" class=\"aligncenter wp-image-58170 \" src=\"https:\/\/www.ine.gob.bo\/wp-content\/uploads\/2022\/08\/Pie-de-pagina-IPP-JULIO-2022.jpg\" alt=\"\" width=\"932\" height=\"109\" srcset=\"https:\/\/www.ine.gob.bo\/wp-content\/uploads\/2022\/08\/Pie-de-pagina-IPP-JULIO-2022.jpg 915w, https:\/\/www.ine.gob.bo\/wp-content\/uploads\/2022\/08\/Pie-de-pagina-IPP-JULIO-2022-300x35.jpg 300w, https:\/\/www.ine.gob.bo\/wp-content\/uploads\/2022\/08\/Pie-de-pagina-IPP-JULIO-2022-768x90.jpg 768w\" sizes=\"auto, (max-width: 932px) 100vw, 932px\" \/><\/p>\r\n<p>&nbsp;<\/p>\r\n<p>&nbsp;<\/p>\r\n<p><a href=\"#_ftnref1\" name=\"_ftn1\">[1]<\/a> IPC: El \u00cdndice de Precios al Consumidor es un \u00edndice que mide los cambios en los precios de los bienes y servicios de consumo adquiridos y utilizados por los hogares.<\/p>\r\n<p><a href=\"#_ftnref2\" name=\"_ftn2\">[2]<\/a> IPM: El \u00cdndice de Precios al por Mayor es un indicador que mide la variaci\u00f3n en los precios de un conjunto de bienes que se transan en el canal de comercializaci\u00f3n mayorista, clasificados por su origen, en nacionales e importados.<\/p>\r\n<p>&nbsp;<\/p>\r\n<p class=\"has-text-align-center\"><!-- \/wp:post-content --><\/p>\r\n<p class=\"has-text-align-center\"><!-- wp:separator --><\/p>\r\n<hr class=\"wp-block-separator\" \/>\r\n<p class=\"has-text-align-center\"><!-- \/wp:separator --><\/p>\r\n<p><a href=\"https:\/\/nimbus.ine.gob.bo\/index.php\/s\/kd767CaAtbSLEet\/download\"><span style=\"color: #ff0000;\">Descargar Nota de Prensa<\/span><\/a><\/p>\r\n<p class=\"has-text-align-right\"><strong><em>Entidad dependiente del Ministerio de Planificaci\u00f3n del Desarrollo<\/em><\/strong><\/p>\r\n<p class=\"has-text-align-center\"><!-- \/wp:paragraph --><\/p>\r\n<p>&nbsp;<\/p>\r\n<p>&nbsp;<\/p>\r\n<p>[\/vc_column_text][\/vc_column][\/vc_row]<\/p>","protected":false},"excerpt":{"rendered":"<p>[vc_row][vc_column][vc_column_text] La Paz, 27 de febrero de 2025 (INE). \u2013 El \u00cdndice de Precios Productor (IPP) registr\u00f3, en enero de 2025, un aumento de 1,85% respecto a diciembre 2024. El IPP es una medida de la variaci\u00f3n en los precios promedio de un conjunto representativo de bienes y servicios, cuando dejan el lugar de la&hellip;<\/p>\n","protected":false},"author":19,"featured_media":66608,"comment_status":"closed","ping_status":"open","sticky":false,"template":"","format":"standard","meta":[],"categories":[158],"tags":[52],"class_list":["post-66600","post","type-post","status-publish","format-standard","has-post-thumbnail","hentry","category-ine-noticias","tag-ine-noticias","category-158","description-off"],"yoast_head":"<!-- This site is optimized with the Yoast SEO plugin v23.2 - https:\/\/yoast.com\/wordpress\/plugins\/seo\/ -->\n<title>El \u00cdndice de Precios Productor (IPP) registr\u00f3 un aumento de 1,85% en enero de 2025 - INE<\/title>\n<meta name=\"description\" content=\"P\u00e1gina oficial del Instituto Nacional de Estadistica INE, informaci\u00f3n estad\u00edstica, geogr\u00e1fica y econ\u00f3mica a nivel nacional.\" \/>\n<meta name=\"robots\" content=\"index, follow, max-snippet:-1, max-image-preview:large, max-video-preview:-1\" \/>\n<link rel=\"canonical\" href=\"https:\/\/www.ine.gob.bo\/index.php\/el-indice-de-precios-productor-ipp-registro-un-aumento-de-185-en-enero-de-2025\/\" \/>\n<meta property=\"og:locale\" content=\"es_ES\" \/>\n<meta property=\"og:type\" content=\"article\" \/>\n<meta property=\"og:title\" content=\"El \u00cdndice de Precios Productor (IPP) registr\u00f3 un aumento de 1,85% en enero de 2025 - INE\" \/>\n<meta property=\"og:description\" content=\"P\u00e1gina oficial del Instituto Nacional de Estadistica INE, informaci\u00f3n estad\u00edstica, geogr\u00e1fica y econ\u00f3mica a nivel nacional.\" \/>\n<meta property=\"og:url\" content=\"https:\/\/www.ine.gob.bo\/index.php\/el-indice-de-precios-productor-ipp-registro-un-aumento-de-185-en-enero-de-2025\/\" \/>\n<meta property=\"og:site_name\" content=\"INE\" \/>\n<meta property=\"article:publisher\" content=\"https:\/\/www.facebook.com\/ineboliviaoficial\" \/>\n<meta property=\"article:published_time\" content=\"2025-02-28T00:00:51+00:00\" \/>\n<meta property=\"article:modified_time\" content=\"2025-06-10T15:15:37+00:00\" \/>\n<meta property=\"og:image\" content=\"https:\/\/www.ine.gob.bo\/wp-content\/uploads\/2025\/02\/Portada-NP-IPP-Enero-2025.png\" \/>\n\t<meta property=\"og:image:width\" content=\"699\" \/>\n\t<meta property=\"og:image:height\" content=\"901\" \/>\n\t<meta property=\"og:image:type\" content=\"image\/png\" \/>\n<meta name=\"author\" content=\"Albaro Benedicto Laime Mamani\" \/>\n<meta name=\"twitter:card\" content=\"summary_large_image\" \/>\n<meta name=\"twitter:creator\" content=\"@INE_Bolivia\" \/>\n<meta name=\"twitter:site\" content=\"@INE_Bolivia\" \/>\n<meta name=\"twitter:label1\" content=\"Escrito por\" \/>\n\t<meta name=\"twitter:data1\" content=\"Albaro Benedicto Laime Mamani\" \/>\n\t<meta name=\"twitter:label2\" content=\"Tiempo de lectura\" \/>\n\t<meta name=\"twitter:data2\" content=\"4 minutos\" \/>\n<script type=\"application\/ld+json\" class=\"yoast-schema-graph\">{\"@context\":\"https:\/\/schema.org\",\"@graph\":[{\"@type\":\"Article\",\"@id\":\"https:\/\/www.ine.gob.bo\/index.php\/el-indice-de-precios-productor-ipp-registro-un-aumento-de-185-en-enero-de-2025\/#article\",\"isPartOf\":{\"@id\":\"https:\/\/www.ine.gob.bo\/index.php\/el-indice-de-precios-productor-ipp-registro-un-aumento-de-185-en-enero-de-2025\/\"},\"author\":{\"name\":\"Albaro Benedicto Laime Mamani\",\"@id\":\"https:\/\/www.ine.gob.bo\/#\/schema\/person\/cd5e3dea21e6634e99cebddcca7540d1\"},\"headline\":\"El \u00cdndice de Precios Productor (IPP) registr\u00f3 un aumento de 1,85% en enero de 2025\",\"datePublished\":\"2025-02-28T00:00:51+00:00\",\"dateModified\":\"2025-06-10T15:15:37+00:00\",\"mainEntityOfPage\":{\"@id\":\"https:\/\/www.ine.gob.bo\/index.php\/el-indice-de-precios-productor-ipp-registro-un-aumento-de-185-en-enero-de-2025\/\"},\"wordCount\":350,\"publisher\":{\"@id\":\"https:\/\/www.ine.gob.bo\/#organization\"},\"image\":{\"@id\":\"https:\/\/www.ine.gob.bo\/index.php\/el-indice-de-precios-productor-ipp-registro-un-aumento-de-185-en-enero-de-2025\/#primaryimage\"},\"thumbnailUrl\":\"https:\/\/www.ine.gob.bo\/wp-content\/uploads\/2025\/02\/Portada-NP-IPP-Enero-2025.png\",\"keywords\":[\"INE Noticias\"],\"articleSection\":[\"INE noticias\"],\"inLanguage\":\"es\"},{\"@type\":\"WebPage\",\"@id\":\"https:\/\/www.ine.gob.bo\/index.php\/el-indice-de-precios-productor-ipp-registro-un-aumento-de-185-en-enero-de-2025\/\",\"url\":\"https:\/\/www.ine.gob.bo\/index.php\/el-indice-de-precios-productor-ipp-registro-un-aumento-de-185-en-enero-de-2025\/\",\"name\":\"El \u00cdndice de Precios Productor (IPP) registr\u00f3 un aumento de 1,85% en enero de 2025 - INE\",\"isPartOf\":{\"@id\":\"https:\/\/www.ine.gob.bo\/#website\"},\"primaryImageOfPage\":{\"@id\":\"https:\/\/www.ine.gob.bo\/index.php\/el-indice-de-precios-productor-ipp-registro-un-aumento-de-185-en-enero-de-2025\/#primaryimage\"},\"image\":{\"@id\":\"https:\/\/www.ine.gob.bo\/index.php\/el-indice-de-precios-productor-ipp-registro-un-aumento-de-185-en-enero-de-2025\/#primaryimage\"},\"thumbnailUrl\":\"https:\/\/www.ine.gob.bo\/wp-content\/uploads\/2025\/02\/Portada-NP-IPP-Enero-2025.png\",\"datePublished\":\"2025-02-28T00:00:51+00:00\",\"dateModified\":\"2025-06-10T15:15:37+00:00\",\"description\":\"P\u00e1gina oficial del Instituto Nacional de Estadistica INE, informaci\u00f3n estad\u00edstica, geogr\u00e1fica y econ\u00f3mica a nivel nacional.\",\"breadcrumb\":{\"@id\":\"https:\/\/www.ine.gob.bo\/index.php\/el-indice-de-precios-productor-ipp-registro-un-aumento-de-185-en-enero-de-2025\/#breadcrumb\"},\"inLanguage\":\"es\",\"potentialAction\":[{\"@type\":\"ReadAction\",\"target\":[\"https:\/\/www.ine.gob.bo\/index.php\/el-indice-de-precios-productor-ipp-registro-un-aumento-de-185-en-enero-de-2025\/\"]}]},{\"@type\":\"ImageObject\",\"inLanguage\":\"es\",\"@id\":\"https:\/\/www.ine.gob.bo\/index.php\/el-indice-de-precios-productor-ipp-registro-un-aumento-de-185-en-enero-de-2025\/#primaryimage\",\"url\":\"https:\/\/www.ine.gob.bo\/wp-content\/uploads\/2025\/02\/Portada-NP-IPP-Enero-2025.png\",\"contentUrl\":\"https:\/\/www.ine.gob.bo\/wp-content\/uploads\/2025\/02\/Portada-NP-IPP-Enero-2025.png\",\"width\":699,\"height\":901},{\"@type\":\"BreadcrumbList\",\"@id\":\"https:\/\/www.ine.gob.bo\/index.php\/el-indice-de-precios-productor-ipp-registro-un-aumento-de-185-en-enero-de-2025\/#breadcrumb\",\"itemListElement\":[{\"@type\":\"ListItem\",\"position\":1,\"name\":\"Portada\",\"item\":\"https:\/\/www.ine.gob.bo\/\"},{\"@type\":\"ListItem\",\"position\":2,\"name\":\"El \u00cdndice de Precios Productor (IPP) registr\u00f3 un aumento de 1,85% en enero de 2025\"}]},{\"@type\":\"WebSite\",\"@id\":\"https:\/\/www.ine.gob.bo\/#website\",\"url\":\"https:\/\/www.ine.gob.bo\/\",\"name\":\"INE\",\"description\":\"Instituto Nacional de Estad\u00edstica\",\"publisher\":{\"@id\":\"https:\/\/www.ine.gob.bo\/#organization\"},\"potentialAction\":[{\"@type\":\"SearchAction\",\"target\":{\"@type\":\"EntryPoint\",\"urlTemplate\":\"https:\/\/www.ine.gob.bo\/?s={search_term_string}\"},\"query-input\":\"required name=search_term_string\"}],\"inLanguage\":\"es\"},{\"@type\":\"Organization\",\"@id\":\"https:\/\/www.ine.gob.bo\/#organization\",\"name\":\"Instituto Nacional de Estad\u00edstica\",\"url\":\"https:\/\/www.ine.gob.bo\/\",\"logo\":{\"@type\":\"ImageObject\",\"inLanguage\":\"es\",\"@id\":\"https:\/\/www.ine.gob.bo\/#\/schema\/logo\/image\/\",\"url\":\"https:\/\/www.ine.gob.bo\/wp-content\/uploads\/2026\/02\/logo-ine.jpg\",\"contentUrl\":\"https:\/\/www.ine.gob.bo\/wp-content\/uploads\/2026\/02\/logo-ine.jpg\",\"width\":799,\"height\":453,\"caption\":\"Instituto Nacional de Estad\u00edstica\"},\"image\":{\"@id\":\"https:\/\/www.ine.gob.bo\/#\/schema\/logo\/image\/\"},\"sameAs\":[\"https:\/\/www.facebook.com\/ineboliviaoficial\",\"https:\/\/x.com\/INE_Bolivia\",\"https:\/\/www.instagram.com\/ineboliviaoficial\/\",\"https:\/\/www.youtube.com\/channel\/UCbIQXKLw414g5kWo1tAwqCg\"]},{\"@type\":\"Person\",\"@id\":\"https:\/\/www.ine.gob.bo\/#\/schema\/person\/cd5e3dea21e6634e99cebddcca7540d1\",\"name\":\"Albaro Benedicto Laime Mamani\",\"image\":{\"@type\":\"ImageObject\",\"inLanguage\":\"es\",\"@id\":\"https:\/\/www.ine.gob.bo\/#\/schema\/person\/image\/\",\"url\":\"https:\/\/secure.gravatar.com\/avatar\/450967f1badecac6afbf323d3a06c551f001ee9e5a1094976c96b19cce5b7180?s=96&d=mm&r=g\",\"contentUrl\":\"https:\/\/secure.gravatar.com\/avatar\/450967f1badecac6afbf323d3a06c551f001ee9e5a1094976c96b19cce5b7180?s=96&d=mm&r=g\",\"caption\":\"Albaro Benedicto Laime Mamani\"},\"url\":\"https:\/\/www.ine.gob.bo\/index.php\/author\/alaime\/\"}]}<\/script>\n<!-- \/ Yoast SEO plugin. -->","yoast_head_json":{"title":"El \u00cdndice de Precios Productor (IPP) registr\u00f3 un aumento de 1,85% en enero de 2025 - INE","description":"P\u00e1gina oficial del Instituto Nacional de Estadistica INE, informaci\u00f3n estad\u00edstica, geogr\u00e1fica y econ\u00f3mica a nivel nacional.","robots":{"index":"index","follow":"follow","max-snippet":"max-snippet:-1","max-image-preview":"max-image-preview:large","max-video-preview":"max-video-preview:-1"},"canonical":"https:\/\/www.ine.gob.bo\/index.php\/el-indice-de-precios-productor-ipp-registro-un-aumento-de-185-en-enero-de-2025\/","og_locale":"es_ES","og_type":"article","og_title":"El \u00cdndice de Precios Productor (IPP) registr\u00f3 un aumento de 1,85% en enero de 2025 - INE","og_description":"P\u00e1gina oficial del Instituto Nacional de Estadistica INE, informaci\u00f3n estad\u00edstica, geogr\u00e1fica y econ\u00f3mica a nivel nacional.","og_url":"https:\/\/www.ine.gob.bo\/index.php\/el-indice-de-precios-productor-ipp-registro-un-aumento-de-185-en-enero-de-2025\/","og_site_name":"INE","article_publisher":"https:\/\/www.facebook.com\/ineboliviaoficial","article_published_time":"2025-02-28T00:00:51+00:00","article_modified_time":"2025-06-10T15:15:37+00:00","og_image":[{"width":699,"height":901,"url":"https:\/\/www.ine.gob.bo\/wp-content\/uploads\/2025\/02\/Portada-NP-IPP-Enero-2025.png","type":"image\/png"}],"author":"Albaro Benedicto Laime Mamani","twitter_card":"summary_large_image","twitter_creator":"@INE_Bolivia","twitter_site":"@INE_Bolivia","twitter_misc":{"Escrito por":"Albaro Benedicto Laime Mamani","Tiempo de lectura":"4 minutos"},"schema":{"@context":"https:\/\/schema.org","@graph":[{"@type":"Article","@id":"https:\/\/www.ine.gob.bo\/index.php\/el-indice-de-precios-productor-ipp-registro-un-aumento-de-185-en-enero-de-2025\/#article","isPartOf":{"@id":"https:\/\/www.ine.gob.bo\/index.php\/el-indice-de-precios-productor-ipp-registro-un-aumento-de-185-en-enero-de-2025\/"},"author":{"name":"Albaro Benedicto Laime Mamani","@id":"https:\/\/www.ine.gob.bo\/#\/schema\/person\/cd5e3dea21e6634e99cebddcca7540d1"},"headline":"El \u00cdndice de Precios Productor (IPP) registr\u00f3 un aumento de 1,85% en enero de 2025","datePublished":"2025-02-28T00:00:51+00:00","dateModified":"2025-06-10T15:15:37+00:00","mainEntityOfPage":{"@id":"https:\/\/www.ine.gob.bo\/index.php\/el-indice-de-precios-productor-ipp-registro-un-aumento-de-185-en-enero-de-2025\/"},"wordCount":350,"publisher":{"@id":"https:\/\/www.ine.gob.bo\/#organization"},"image":{"@id":"https:\/\/www.ine.gob.bo\/index.php\/el-indice-de-precios-productor-ipp-registro-un-aumento-de-185-en-enero-de-2025\/#primaryimage"},"thumbnailUrl":"https:\/\/www.ine.gob.bo\/wp-content\/uploads\/2025\/02\/Portada-NP-IPP-Enero-2025.png","keywords":["INE Noticias"],"articleSection":["INE noticias"],"inLanguage":"es"},{"@type":"WebPage","@id":"https:\/\/www.ine.gob.bo\/index.php\/el-indice-de-precios-productor-ipp-registro-un-aumento-de-185-en-enero-de-2025\/","url":"https:\/\/www.ine.gob.bo\/index.php\/el-indice-de-precios-productor-ipp-registro-un-aumento-de-185-en-enero-de-2025\/","name":"El \u00cdndice de Precios Productor (IPP) registr\u00f3 un aumento de 1,85% en enero de 2025 - INE","isPartOf":{"@id":"https:\/\/www.ine.gob.bo\/#website"},"primaryImageOfPage":{"@id":"https:\/\/www.ine.gob.bo\/index.php\/el-indice-de-precios-productor-ipp-registro-un-aumento-de-185-en-enero-de-2025\/#primaryimage"},"image":{"@id":"https:\/\/www.ine.gob.bo\/index.php\/el-indice-de-precios-productor-ipp-registro-un-aumento-de-185-en-enero-de-2025\/#primaryimage"},"thumbnailUrl":"https:\/\/www.ine.gob.bo\/wp-content\/uploads\/2025\/02\/Portada-NP-IPP-Enero-2025.png","datePublished":"2025-02-28T00:00:51+00:00","dateModified":"2025-06-10T15:15:37+00:00","description":"P\u00e1gina oficial del Instituto Nacional de Estadistica INE, informaci\u00f3n estad\u00edstica, geogr\u00e1fica y econ\u00f3mica a nivel nacional.","breadcrumb":{"@id":"https:\/\/www.ine.gob.bo\/index.php\/el-indice-de-precios-productor-ipp-registro-un-aumento-de-185-en-enero-de-2025\/#breadcrumb"},"inLanguage":"es","potentialAction":[{"@type":"ReadAction","target":["https:\/\/www.ine.gob.bo\/index.php\/el-indice-de-precios-productor-ipp-registro-un-aumento-de-185-en-enero-de-2025\/"]}]},{"@type":"ImageObject","inLanguage":"es","@id":"https:\/\/www.ine.gob.bo\/index.php\/el-indice-de-precios-productor-ipp-registro-un-aumento-de-185-en-enero-de-2025\/#primaryimage","url":"https:\/\/www.ine.gob.bo\/wp-content\/uploads\/2025\/02\/Portada-NP-IPP-Enero-2025.png","contentUrl":"https:\/\/www.ine.gob.bo\/wp-content\/uploads\/2025\/02\/Portada-NP-IPP-Enero-2025.png","width":699,"height":901},{"@type":"BreadcrumbList","@id":"https:\/\/www.ine.gob.bo\/index.php\/el-indice-de-precios-productor-ipp-registro-un-aumento-de-185-en-enero-de-2025\/#breadcrumb","itemListElement":[{"@type":"ListItem","position":1,"name":"Portada","item":"https:\/\/www.ine.gob.bo\/"},{"@type":"ListItem","position":2,"name":"El \u00cdndice de Precios Productor (IPP) registr\u00f3 un aumento de 1,85% en enero de 2025"}]},{"@type":"WebSite","@id":"https:\/\/www.ine.gob.bo\/#website","url":"https:\/\/www.ine.gob.bo\/","name":"INE","description":"Instituto Nacional de Estad\u00edstica","publisher":{"@id":"https:\/\/www.ine.gob.bo\/#organization"},"potentialAction":[{"@type":"SearchAction","target":{"@type":"EntryPoint","urlTemplate":"https:\/\/www.ine.gob.bo\/?s={search_term_string}"},"query-input":"required name=search_term_string"}],"inLanguage":"es"},{"@type":"Organization","@id":"https:\/\/www.ine.gob.bo\/#organization","name":"Instituto Nacional de Estad\u00edstica","url":"https:\/\/www.ine.gob.bo\/","logo":{"@type":"ImageObject","inLanguage":"es","@id":"https:\/\/www.ine.gob.bo\/#\/schema\/logo\/image\/","url":"https:\/\/www.ine.gob.bo\/wp-content\/uploads\/2026\/02\/logo-ine.jpg","contentUrl":"https:\/\/www.ine.gob.bo\/wp-content\/uploads\/2026\/02\/logo-ine.jpg","width":799,"height":453,"caption":"Instituto Nacional de Estad\u00edstica"},"image":{"@id":"https:\/\/www.ine.gob.bo\/#\/schema\/logo\/image\/"},"sameAs":["https:\/\/www.facebook.com\/ineboliviaoficial","https:\/\/x.com\/INE_Bolivia","https:\/\/www.instagram.com\/ineboliviaoficial\/","https:\/\/www.youtube.com\/channel\/UCbIQXKLw414g5kWo1tAwqCg"]},{"@type":"Person","@id":"https:\/\/www.ine.gob.bo\/#\/schema\/person\/cd5e3dea21e6634e99cebddcca7540d1","name":"Albaro Benedicto Laime Mamani","image":{"@type":"ImageObject","inLanguage":"es","@id":"https:\/\/www.ine.gob.bo\/#\/schema\/person\/image\/","url":"https:\/\/secure.gravatar.com\/avatar\/450967f1badecac6afbf323d3a06c551f001ee9e5a1094976c96b19cce5b7180?s=96&d=mm&r=g","contentUrl":"https:\/\/secure.gravatar.com\/avatar\/450967f1badecac6afbf323d3a06c551f001ee9e5a1094976c96b19cce5b7180?s=96&d=mm&r=g","caption":"Albaro Benedicto Laime Mamani"},"url":"https:\/\/www.ine.gob.bo\/index.php\/author\/alaime\/"}]}},"rttpg_featured_image_url":{"full":["https:\/\/www.ine.gob.bo\/wp-content\/uploads\/2025\/02\/Portada-NP-IPP-Enero-2025.png",699,901,false],"landscape":["https:\/\/www.ine.gob.bo\/wp-content\/uploads\/2025\/02\/Portada-NP-IPP-Enero-2025.png",699,901,false],"portraits":["https:\/\/www.ine.gob.bo\/wp-content\/uploads\/2025\/02\/Portada-NP-IPP-Enero-2025.png",699,901,false],"thumbnail":["https:\/\/www.ine.gob.bo\/wp-content\/uploads\/2025\/02\/Portada-NP-IPP-Enero-2025-150x150.png",150,150,true],"medium":["https:\/\/www.ine.gob.bo\/wp-content\/uploads\/2025\/02\/Portada-NP-IPP-Enero-2025-233x300.png",233,300,true],"large":["https:\/\/www.ine.gob.bo\/wp-content\/uploads\/2025\/02\/Portada-NP-IPP-Enero-2025.png",699,901,false],"1536x1536":["https:\/\/www.ine.gob.bo\/wp-content\/uploads\/2025\/02\/Portada-NP-IPP-Enero-2025.png",699,901,false],"2048x2048":["https:\/\/www.ine.gob.bo\/wp-content\/uploads\/2025\/02\/Portada-NP-IPP-Enero-2025.png",699,901,false]},"rttpg_author":{"display_name":"Albaro Benedicto Laime Mamani","author_link":"https:\/\/www.ine.gob.bo\/index.php\/author\/alaime\/"},"rttpg_comment":0,"rttpg_category":"<a href=\"https:\/\/www.ine.gob.bo\/index.php\/category\/ine-noticias\/\" rel=\"category tag\">INE noticias<\/a>","rttpg_excerpt":"[vc_row][vc_column][vc_column_text] La Paz, 27 de febrero de 2025 (INE). \u2013 El \u00cdndice de Precios Productor (IPP) registr\u00f3, en enero de 2025, un aumento de 1,85% respecto a diciembre 2024. El IPP es una medida de la variaci\u00f3n en los precios promedio de un conjunto representativo de bienes y servicios, cuando dejan el lugar de la&hellip;","_links":{"self":[{"href":"https:\/\/www.ine.gob.bo\/index.php\/wp-json\/wp\/v2\/posts\/66600","targetHints":{"allow":["GET"]}}],"collection":[{"href":"https:\/\/www.ine.gob.bo\/index.php\/wp-json\/wp\/v2\/posts"}],"about":[{"href":"https:\/\/www.ine.gob.bo\/index.php\/wp-json\/wp\/v2\/types\/post"}],"author":[{"embeddable":true,"href":"https:\/\/www.ine.gob.bo\/index.php\/wp-json\/wp\/v2\/users\/19"}],"replies":[{"embeddable":true,"href":"https:\/\/www.ine.gob.bo\/index.php\/wp-json\/wp\/v2\/comments?post=66600"}],"version-history":[{"count":0,"href":"https:\/\/www.ine.gob.bo\/index.php\/wp-json\/wp\/v2\/posts\/66600\/revisions"}],"wp:featuredmedia":[{"embeddable":true,"href":"https:\/\/www.ine.gob.bo\/index.php\/wp-json\/wp\/v2\/media\/66608"}],"wp:attachment":[{"href":"https:\/\/www.ine.gob.bo\/index.php\/wp-json\/wp\/v2\/media?parent=66600"}],"wp:term":[{"taxonomy":"category","embeddable":true,"href":"https:\/\/www.ine.gob.bo\/index.php\/wp-json\/wp\/v2\/categories?post=66600"},{"taxonomy":"post_tag","embeddable":true,"href":"https:\/\/www.ine.gob.bo\/index.php\/wp-json\/wp\/v2\/tags?post=66600"}],"curies":[{"name":"wp","href":"https:\/\/api.w.org\/{rel}","templated":true}]}}