{"id":65491,"date":"2024-10-13T09:00:07","date_gmt":"2024-10-13T13:00:07","guid":{"rendered":"https:\/\/www.ine.gob.bo\/?p=65491"},"modified":"2025-06-11T10:55:19","modified_gmt":"2025-06-11T14:55:19","slug":"el-indice-de-precios-al-por-mayor-ipm-aumento-en-111-en-septiembre-de-2024","status":"publish","type":"post","link":"https:\/\/www.ine.gob.bo\/index.php\/el-indice-de-precios-al-por-mayor-ipm-aumento-en-111-en-septiembre-de-2024\/","title":{"rendered":"El \u00cdndice de Precios al por Mayor (IPM) aument\u00f3 en 1,11% en septiembre de 2024"},"content":{"rendered":"<p>[vc_row][vc_column][vc_column_text]<\/p>\r\n<p><strong>La Paz, 11 de octubre de 2024 (INE). \u2013 <\/strong>En septiembre de 2024, el \u00cdndice de Precios al por Mayor (IPM) registr\u00f3 un incremento de 1,11% respecto a agosto y la variaci\u00f3n acumulada a septiembre fue 6,28%.<\/p>\r\n<p style=\"text-align: justify;\">El IPM es un indicador que mide la variaci\u00f3n en los precios de un conjunto de bienes que se transan en el canal de comercializaci\u00f3n mayorista, clasificados por su origen, en nacionales e importados. Se aclara que la canasta de bienes y servicios que determina la estructura de ponderaciones del IPM no considera como par\u00e1metro el conjunto de bienes y servicios consumidos por los hogares, por tanto, el \u00fanico indicador que mide la inflaci\u00f3n en Bolivia es el \u00cdndice de Precios al Consumidor (IPC).<\/p>\r\n<p><img loading=\"lazy\" decoding=\"async\" class=\"aligncenter wp-image-65492 size-full\" src=\"https:\/\/www.ine.gob.bo\/wp-content\/uploads\/2024\/10\/Cuadro-1-IPM-Septiembre-2024.png\" alt=\"\" width=\"895\" height=\"500\" srcset=\"https:\/\/www.ine.gob.bo\/wp-content\/uploads\/2024\/10\/Cuadro-1-IPM-Septiembre-2024.png 895w, https:\/\/www.ine.gob.bo\/wp-content\/uploads\/2024\/10\/Cuadro-1-IPM-Septiembre-2024-300x168.png 300w, https:\/\/www.ine.gob.bo\/wp-content\/uploads\/2024\/10\/Cuadro-1-IPM-Septiembre-2024-768x429.png 768w\" sizes=\"auto, (max-width: 895px) 100vw, 895px\" \/><\/p>\r\n<p><img loading=\"lazy\" decoding=\"async\" class=\"aligncenter wp-image-65493 size-large\" src=\"https:\/\/www.ine.gob.bo\/wp-content\/uploads\/2024\/10\/Grafico-1-IPM-Septiembre-2024-1024x669.png\" alt=\"\" width=\"1024\" height=\"669\" srcset=\"https:\/\/www.ine.gob.bo\/wp-content\/uploads\/2024\/10\/Grafico-1-IPM-Septiembre-2024-1024x669.png 1024w, https:\/\/www.ine.gob.bo\/wp-content\/uploads\/2024\/10\/Grafico-1-IPM-Septiembre-2024-300x196.png 300w, https:\/\/www.ine.gob.bo\/wp-content\/uploads\/2024\/10\/Grafico-1-IPM-Septiembre-2024-768x502.png 768w, https:\/\/www.ine.gob.bo\/wp-content\/uploads\/2024\/10\/Grafico-1-IPM-Septiembre-2024.png 1029w\" sizes=\"auto, (max-width: 1024px) 100vw, 1024px\" \/><\/p>\r\n<p>&nbsp;<\/p>\r\n<p style=\"text-align: center;\"><em><strong>Unidad de Difusi\u00f3n y Comunicaci\u00f3n <\/strong><\/em><br \/><strong>INSTITUTO NACIONAL DE ESTAD\u00cdSTICA<\/strong><\/p>\r\n<p><img loading=\"lazy\" decoding=\"async\" class=\"aligncenter wp-image-58439 size-full\" src=\"https:\/\/www.ine.gob.bo\/wp-content\/uploads\/2022\/09\/Nota.-NP-IPM-Agosto-2022.png\" alt=\"\" width=\"896\" height=\"50\" srcset=\"https:\/\/www.ine.gob.bo\/wp-content\/uploads\/2022\/09\/Nota.-NP-IPM-Agosto-2022.png 896w, https:\/\/www.ine.gob.bo\/wp-content\/uploads\/2022\/09\/Nota.-NP-IPM-Agosto-2022-300x17.png 300w, https:\/\/www.ine.gob.bo\/wp-content\/uploads\/2022\/09\/Nota.-NP-IPM-Agosto-2022-768x43.png 768w\" sizes=\"auto, (max-width: 896px) 100vw, 896px\" \/><\/p>\r\n<p>&nbsp;<\/p>\r\n<p><span style=\"color: #ff0000;\"><a style=\"color: #ff0000;\" href=\"https:\/\/nimbus.ine.gob.bo\/index.php\/s\/DRxtgjgmWz8T6LZ\/download\">Descargar Nota de Prensa<\/a><\/span><\/p>\r\n<p class=\"has-text-align-center\"><!-- \/wp:post-content --><\/p>\r\n<p class=\"has-text-align-center\"><!-- wp:separator --><\/p>\r\n<hr class=\"wp-block-separator\" \/>\r\n<p class=\"has-text-align-center\"><!-- \/wp:separator --><\/p>\r\n<p class=\"has-text-align-center\"><!-- wp:paragraph {\"align\":\"right\"} --><\/p>\r\n<p class=\"has-text-align-right\"><strong><em>Entidad dependiente del Ministerio de Planificaci\u00f3n del Desarrollo<\/em><\/strong><\/p>\r\n<p class=\"has-text-align-center\"><!-- \/wp:paragraph --><\/p>\r\n<p>&nbsp;<\/p>\r\n<p>&nbsp;<\/p>\r\n<p>[\/vc_column_text][\/vc_column][\/vc_row]<\/p>","protected":false},"excerpt":{"rendered":"<p>[vc_row][vc_column][vc_column_text] La Paz, 11 de octubre de 2024 (INE). \u2013 En septiembre de 2024, el \u00cdndice de Precios al por Mayor (IPM) registr\u00f3 un incremento de 1,11% respecto a agosto y la variaci\u00f3n acumulada a septiembre fue 6,28%. El IPM es un indicador que mide la variaci\u00f3n en los precios de un conjunto de bienes&hellip;<\/p>\n","protected":false},"author":19,"featured_media":65494,"comment_status":"closed","ping_status":"open","sticky":false,"template":"","format":"standard","meta":[],"categories":[158],"tags":[52],"class_list":["post-65491","post","type-post","status-publish","format-standard","has-post-thumbnail","hentry","category-ine-noticias","tag-ine-noticias","category-158","description-off"],"yoast_head":"<!-- This site is optimized with the Yoast SEO plugin v23.2 - https:\/\/yoast.com\/wordpress\/plugins\/seo\/ -->\n<title>El \u00cdndice de Precios al por Mayor (IPM) aument\u00f3 en 1,11% en septiembre de 2024 - INE<\/title>\n<meta name=\"description\" content=\"P\u00e1gina oficial del Instituto Nacional de Estadistica INE, informaci\u00f3n estad\u00edstica, geogr\u00e1fica y econ\u00f3mica a nivel nacional.\" \/>\n<meta name=\"robots\" content=\"index, follow, max-snippet:-1, max-image-preview:large, max-video-preview:-1\" \/>\n<link rel=\"canonical\" href=\"https:\/\/www.ine.gob.bo\/index.php\/el-indice-de-precios-al-por-mayor-ipm-aumento-en-111-en-septiembre-de-2024\/\" \/>\n<meta property=\"og:locale\" content=\"es_ES\" \/>\n<meta property=\"og:type\" content=\"article\" \/>\n<meta property=\"og:title\" content=\"El \u00cdndice de Precios al por Mayor (IPM) aument\u00f3 en 1,11% en septiembre de 2024 - INE\" \/>\n<meta property=\"og:description\" content=\"P\u00e1gina oficial del Instituto Nacional de Estadistica INE, informaci\u00f3n estad\u00edstica, geogr\u00e1fica y econ\u00f3mica a nivel nacional.\" \/>\n<meta property=\"og:url\" content=\"https:\/\/www.ine.gob.bo\/index.php\/el-indice-de-precios-al-por-mayor-ipm-aumento-en-111-en-septiembre-de-2024\/\" \/>\n<meta property=\"og:site_name\" content=\"INE\" \/>\n<meta property=\"article:publisher\" content=\"https:\/\/www.facebook.com\/ineboliviaoficial\" \/>\n<meta property=\"article:published_time\" content=\"2024-10-13T13:00:07+00:00\" \/>\n<meta property=\"article:modified_time\" content=\"2025-06-11T14:55:19+00:00\" \/>\n<meta property=\"og:image\" content=\"https:\/\/www.ine.gob.bo\/wp-content\/uploads\/2024\/10\/Portada-IPM-Septiembre-2024.png\" \/>\n\t<meta property=\"og:image:width\" content=\"698\" \/>\n\t<meta property=\"og:image:height\" content=\"905\" \/>\n\t<meta property=\"og:image:type\" content=\"image\/png\" \/>\n<meta name=\"author\" content=\"Albaro Benedicto Laime Mamani\" \/>\n<meta name=\"twitter:card\" content=\"summary_large_image\" \/>\n<meta name=\"twitter:creator\" content=\"@INE_Bolivia\" \/>\n<meta name=\"twitter:site\" content=\"@INE_Bolivia\" \/>\n<meta name=\"twitter:label1\" content=\"Escrito por\" \/>\n\t<meta name=\"twitter:data1\" content=\"Albaro Benedicto Laime Mamani\" \/>\n\t<meta name=\"twitter:label2\" content=\"Tiempo de lectura\" \/>\n\t<meta name=\"twitter:data2\" content=\"2 minutos\" \/>\n<script type=\"application\/ld+json\" class=\"yoast-schema-graph\">{\"@context\":\"https:\/\/schema.org\",\"@graph\":[{\"@type\":\"Article\",\"@id\":\"https:\/\/www.ine.gob.bo\/index.php\/el-indice-de-precios-al-por-mayor-ipm-aumento-en-111-en-septiembre-de-2024\/#article\",\"isPartOf\":{\"@id\":\"https:\/\/www.ine.gob.bo\/index.php\/el-indice-de-precios-al-por-mayor-ipm-aumento-en-111-en-septiembre-de-2024\/\"},\"author\":{\"name\":\"Albaro Benedicto Laime Mamani\",\"@id\":\"https:\/\/www.ine.gob.bo\/#\/schema\/person\/cd5e3dea21e6634e99cebddcca7540d1\"},\"headline\":\"El \u00cdndice de Precios al por Mayor (IPM) aument\u00f3 en 1,11% en septiembre de 2024\",\"datePublished\":\"2024-10-13T13:00:07+00:00\",\"dateModified\":\"2025-06-11T14:55:19+00:00\",\"mainEntityOfPage\":{\"@id\":\"https:\/\/www.ine.gob.bo\/index.php\/el-indice-de-precios-al-por-mayor-ipm-aumento-en-111-en-septiembre-de-2024\/\"},\"wordCount\":176,\"publisher\":{\"@id\":\"https:\/\/www.ine.gob.bo\/#organization\"},\"image\":{\"@id\":\"https:\/\/www.ine.gob.bo\/index.php\/el-indice-de-precios-al-por-mayor-ipm-aumento-en-111-en-septiembre-de-2024\/#primaryimage\"},\"thumbnailUrl\":\"https:\/\/www.ine.gob.bo\/wp-content\/uploads\/2024\/10\/Portada-IPM-Septiembre-2024.png\",\"keywords\":[\"INE Noticias\"],\"articleSection\":[\"INE noticias\"],\"inLanguage\":\"es\"},{\"@type\":\"WebPage\",\"@id\":\"https:\/\/www.ine.gob.bo\/index.php\/el-indice-de-precios-al-por-mayor-ipm-aumento-en-111-en-septiembre-de-2024\/\",\"url\":\"https:\/\/www.ine.gob.bo\/index.php\/el-indice-de-precios-al-por-mayor-ipm-aumento-en-111-en-septiembre-de-2024\/\",\"name\":\"El \u00cdndice de Precios al por Mayor (IPM) aument\u00f3 en 1,11% en septiembre de 2024 - INE\",\"isPartOf\":{\"@id\":\"https:\/\/www.ine.gob.bo\/#website\"},\"primaryImageOfPage\":{\"@id\":\"https:\/\/www.ine.gob.bo\/index.php\/el-indice-de-precios-al-por-mayor-ipm-aumento-en-111-en-septiembre-de-2024\/#primaryimage\"},\"image\":{\"@id\":\"https:\/\/www.ine.gob.bo\/index.php\/el-indice-de-precios-al-por-mayor-ipm-aumento-en-111-en-septiembre-de-2024\/#primaryimage\"},\"thumbnailUrl\":\"https:\/\/www.ine.gob.bo\/wp-content\/uploads\/2024\/10\/Portada-IPM-Septiembre-2024.png\",\"datePublished\":\"2024-10-13T13:00:07+00:00\",\"dateModified\":\"2025-06-11T14:55:19+00:00\",\"description\":\"P\u00e1gina oficial del Instituto Nacional de Estadistica INE, informaci\u00f3n estad\u00edstica, geogr\u00e1fica y econ\u00f3mica a nivel nacional.\",\"breadcrumb\":{\"@id\":\"https:\/\/www.ine.gob.bo\/index.php\/el-indice-de-precios-al-por-mayor-ipm-aumento-en-111-en-septiembre-de-2024\/#breadcrumb\"},\"inLanguage\":\"es\",\"potentialAction\":[{\"@type\":\"ReadAction\",\"target\":[\"https:\/\/www.ine.gob.bo\/index.php\/el-indice-de-precios-al-por-mayor-ipm-aumento-en-111-en-septiembre-de-2024\/\"]}]},{\"@type\":\"ImageObject\",\"inLanguage\":\"es\",\"@id\":\"https:\/\/www.ine.gob.bo\/index.php\/el-indice-de-precios-al-por-mayor-ipm-aumento-en-111-en-septiembre-de-2024\/#primaryimage\",\"url\":\"https:\/\/www.ine.gob.bo\/wp-content\/uploads\/2024\/10\/Portada-IPM-Septiembre-2024.png\",\"contentUrl\":\"https:\/\/www.ine.gob.bo\/wp-content\/uploads\/2024\/10\/Portada-IPM-Septiembre-2024.png\",\"width\":698,\"height\":905},{\"@type\":\"BreadcrumbList\",\"@id\":\"https:\/\/www.ine.gob.bo\/index.php\/el-indice-de-precios-al-por-mayor-ipm-aumento-en-111-en-septiembre-de-2024\/#breadcrumb\",\"itemListElement\":[{\"@type\":\"ListItem\",\"position\":1,\"name\":\"Portada\",\"item\":\"https:\/\/www.ine.gob.bo\/\"},{\"@type\":\"ListItem\",\"position\":2,\"name\":\"El \u00cdndice de Precios al por Mayor (IPM) aument\u00f3 en 1,11% en septiembre de 2024\"}]},{\"@type\":\"WebSite\",\"@id\":\"https:\/\/www.ine.gob.bo\/#website\",\"url\":\"https:\/\/www.ine.gob.bo\/\",\"name\":\"INE\",\"description\":\"Instituto Nacional de Estad\u00edstica\",\"publisher\":{\"@id\":\"https:\/\/www.ine.gob.bo\/#organization\"},\"potentialAction\":[{\"@type\":\"SearchAction\",\"target\":{\"@type\":\"EntryPoint\",\"urlTemplate\":\"https:\/\/www.ine.gob.bo\/?s={search_term_string}\"},\"query-input\":\"required name=search_term_string\"}],\"inLanguage\":\"es\"},{\"@type\":\"Organization\",\"@id\":\"https:\/\/www.ine.gob.bo\/#organization\",\"name\":\"Instituto Nacional de Estad\u00edstica\",\"url\":\"https:\/\/www.ine.gob.bo\/\",\"logo\":{\"@type\":\"ImageObject\",\"inLanguage\":\"es\",\"@id\":\"https:\/\/www.ine.gob.bo\/#\/schema\/logo\/image\/\",\"url\":\"https:\/\/www.ine.gob.bo\/wp-content\/uploads\/2026\/02\/logo-ine.jpg\",\"contentUrl\":\"https:\/\/www.ine.gob.bo\/wp-content\/uploads\/2026\/02\/logo-ine.jpg\",\"width\":799,\"height\":453,\"caption\":\"Instituto Nacional de Estad\u00edstica\"},\"image\":{\"@id\":\"https:\/\/www.ine.gob.bo\/#\/schema\/logo\/image\/\"},\"sameAs\":[\"https:\/\/www.facebook.com\/ineboliviaoficial\",\"https:\/\/x.com\/INE_Bolivia\",\"https:\/\/www.instagram.com\/ineboliviaoficial\/\",\"https:\/\/www.youtube.com\/channel\/UCbIQXKLw414g5kWo1tAwqCg\"]},{\"@type\":\"Person\",\"@id\":\"https:\/\/www.ine.gob.bo\/#\/schema\/person\/cd5e3dea21e6634e99cebddcca7540d1\",\"name\":\"Albaro Benedicto Laime Mamani\",\"image\":{\"@type\":\"ImageObject\",\"inLanguage\":\"es\",\"@id\":\"https:\/\/www.ine.gob.bo\/#\/schema\/person\/image\/\",\"url\":\"https:\/\/secure.gravatar.com\/avatar\/450967f1badecac6afbf323d3a06c551f001ee9e5a1094976c96b19cce5b7180?s=96&d=mm&r=g\",\"contentUrl\":\"https:\/\/secure.gravatar.com\/avatar\/450967f1badecac6afbf323d3a06c551f001ee9e5a1094976c96b19cce5b7180?s=96&d=mm&r=g\",\"caption\":\"Albaro Benedicto Laime Mamani\"},\"url\":\"https:\/\/www.ine.gob.bo\/index.php\/author\/alaime\/\"}]}<\/script>\n<!-- \/ Yoast SEO plugin. -->","yoast_head_json":{"title":"El \u00cdndice de Precios al por Mayor (IPM) aument\u00f3 en 1,11% en septiembre de 2024 - INE","description":"P\u00e1gina oficial del Instituto Nacional de Estadistica INE, informaci\u00f3n estad\u00edstica, geogr\u00e1fica y econ\u00f3mica a nivel nacional.","robots":{"index":"index","follow":"follow","max-snippet":"max-snippet:-1","max-image-preview":"max-image-preview:large","max-video-preview":"max-video-preview:-1"},"canonical":"https:\/\/www.ine.gob.bo\/index.php\/el-indice-de-precios-al-por-mayor-ipm-aumento-en-111-en-septiembre-de-2024\/","og_locale":"es_ES","og_type":"article","og_title":"El \u00cdndice de Precios al por Mayor (IPM) aument\u00f3 en 1,11% en septiembre de 2024 - INE","og_description":"P\u00e1gina oficial del Instituto Nacional de Estadistica INE, informaci\u00f3n estad\u00edstica, geogr\u00e1fica y econ\u00f3mica a nivel nacional.","og_url":"https:\/\/www.ine.gob.bo\/index.php\/el-indice-de-precios-al-por-mayor-ipm-aumento-en-111-en-septiembre-de-2024\/","og_site_name":"INE","article_publisher":"https:\/\/www.facebook.com\/ineboliviaoficial","article_published_time":"2024-10-13T13:00:07+00:00","article_modified_time":"2025-06-11T14:55:19+00:00","og_image":[{"width":698,"height":905,"url":"https:\/\/www.ine.gob.bo\/wp-content\/uploads\/2024\/10\/Portada-IPM-Septiembre-2024.png","type":"image\/png"}],"author":"Albaro Benedicto Laime Mamani","twitter_card":"summary_large_image","twitter_creator":"@INE_Bolivia","twitter_site":"@INE_Bolivia","twitter_misc":{"Escrito por":"Albaro Benedicto Laime Mamani","Tiempo de lectura":"2 minutos"},"schema":{"@context":"https:\/\/schema.org","@graph":[{"@type":"Article","@id":"https:\/\/www.ine.gob.bo\/index.php\/el-indice-de-precios-al-por-mayor-ipm-aumento-en-111-en-septiembre-de-2024\/#article","isPartOf":{"@id":"https:\/\/www.ine.gob.bo\/index.php\/el-indice-de-precios-al-por-mayor-ipm-aumento-en-111-en-septiembre-de-2024\/"},"author":{"name":"Albaro Benedicto Laime Mamani","@id":"https:\/\/www.ine.gob.bo\/#\/schema\/person\/cd5e3dea21e6634e99cebddcca7540d1"},"headline":"El \u00cdndice de Precios al por Mayor (IPM) aument\u00f3 en 1,11% en septiembre de 2024","datePublished":"2024-10-13T13:00:07+00:00","dateModified":"2025-06-11T14:55:19+00:00","mainEntityOfPage":{"@id":"https:\/\/www.ine.gob.bo\/index.php\/el-indice-de-precios-al-por-mayor-ipm-aumento-en-111-en-septiembre-de-2024\/"},"wordCount":176,"publisher":{"@id":"https:\/\/www.ine.gob.bo\/#organization"},"image":{"@id":"https:\/\/www.ine.gob.bo\/index.php\/el-indice-de-precios-al-por-mayor-ipm-aumento-en-111-en-septiembre-de-2024\/#primaryimage"},"thumbnailUrl":"https:\/\/www.ine.gob.bo\/wp-content\/uploads\/2024\/10\/Portada-IPM-Septiembre-2024.png","keywords":["INE Noticias"],"articleSection":["INE noticias"],"inLanguage":"es"},{"@type":"WebPage","@id":"https:\/\/www.ine.gob.bo\/index.php\/el-indice-de-precios-al-por-mayor-ipm-aumento-en-111-en-septiembre-de-2024\/","url":"https:\/\/www.ine.gob.bo\/index.php\/el-indice-de-precios-al-por-mayor-ipm-aumento-en-111-en-septiembre-de-2024\/","name":"El \u00cdndice de Precios al por Mayor (IPM) aument\u00f3 en 1,11% en septiembre de 2024 - INE","isPartOf":{"@id":"https:\/\/www.ine.gob.bo\/#website"},"primaryImageOfPage":{"@id":"https:\/\/www.ine.gob.bo\/index.php\/el-indice-de-precios-al-por-mayor-ipm-aumento-en-111-en-septiembre-de-2024\/#primaryimage"},"image":{"@id":"https:\/\/www.ine.gob.bo\/index.php\/el-indice-de-precios-al-por-mayor-ipm-aumento-en-111-en-septiembre-de-2024\/#primaryimage"},"thumbnailUrl":"https:\/\/www.ine.gob.bo\/wp-content\/uploads\/2024\/10\/Portada-IPM-Septiembre-2024.png","datePublished":"2024-10-13T13:00:07+00:00","dateModified":"2025-06-11T14:55:19+00:00","description":"P\u00e1gina oficial del Instituto Nacional de Estadistica INE, informaci\u00f3n estad\u00edstica, geogr\u00e1fica y econ\u00f3mica a nivel nacional.","breadcrumb":{"@id":"https:\/\/www.ine.gob.bo\/index.php\/el-indice-de-precios-al-por-mayor-ipm-aumento-en-111-en-septiembre-de-2024\/#breadcrumb"},"inLanguage":"es","potentialAction":[{"@type":"ReadAction","target":["https:\/\/www.ine.gob.bo\/index.php\/el-indice-de-precios-al-por-mayor-ipm-aumento-en-111-en-septiembre-de-2024\/"]}]},{"@type":"ImageObject","inLanguage":"es","@id":"https:\/\/www.ine.gob.bo\/index.php\/el-indice-de-precios-al-por-mayor-ipm-aumento-en-111-en-septiembre-de-2024\/#primaryimage","url":"https:\/\/www.ine.gob.bo\/wp-content\/uploads\/2024\/10\/Portada-IPM-Septiembre-2024.png","contentUrl":"https:\/\/www.ine.gob.bo\/wp-content\/uploads\/2024\/10\/Portada-IPM-Septiembre-2024.png","width":698,"height":905},{"@type":"BreadcrumbList","@id":"https:\/\/www.ine.gob.bo\/index.php\/el-indice-de-precios-al-por-mayor-ipm-aumento-en-111-en-septiembre-de-2024\/#breadcrumb","itemListElement":[{"@type":"ListItem","position":1,"name":"Portada","item":"https:\/\/www.ine.gob.bo\/"},{"@type":"ListItem","position":2,"name":"El \u00cdndice de Precios al por Mayor (IPM) aument\u00f3 en 1,11% en septiembre de 2024"}]},{"@type":"WebSite","@id":"https:\/\/www.ine.gob.bo\/#website","url":"https:\/\/www.ine.gob.bo\/","name":"INE","description":"Instituto Nacional de Estad\u00edstica","publisher":{"@id":"https:\/\/www.ine.gob.bo\/#organization"},"potentialAction":[{"@type":"SearchAction","target":{"@type":"EntryPoint","urlTemplate":"https:\/\/www.ine.gob.bo\/?s={search_term_string}"},"query-input":"required name=search_term_string"}],"inLanguage":"es"},{"@type":"Organization","@id":"https:\/\/www.ine.gob.bo\/#organization","name":"Instituto Nacional de Estad\u00edstica","url":"https:\/\/www.ine.gob.bo\/","logo":{"@type":"ImageObject","inLanguage":"es","@id":"https:\/\/www.ine.gob.bo\/#\/schema\/logo\/image\/","url":"https:\/\/www.ine.gob.bo\/wp-content\/uploads\/2026\/02\/logo-ine.jpg","contentUrl":"https:\/\/www.ine.gob.bo\/wp-content\/uploads\/2026\/02\/logo-ine.jpg","width":799,"height":453,"caption":"Instituto Nacional de Estad\u00edstica"},"image":{"@id":"https:\/\/www.ine.gob.bo\/#\/schema\/logo\/image\/"},"sameAs":["https:\/\/www.facebook.com\/ineboliviaoficial","https:\/\/x.com\/INE_Bolivia","https:\/\/www.instagram.com\/ineboliviaoficial\/","https:\/\/www.youtube.com\/channel\/UCbIQXKLw414g5kWo1tAwqCg"]},{"@type":"Person","@id":"https:\/\/www.ine.gob.bo\/#\/schema\/person\/cd5e3dea21e6634e99cebddcca7540d1","name":"Albaro Benedicto Laime Mamani","image":{"@type":"ImageObject","inLanguage":"es","@id":"https:\/\/www.ine.gob.bo\/#\/schema\/person\/image\/","url":"https:\/\/secure.gravatar.com\/avatar\/450967f1badecac6afbf323d3a06c551f001ee9e5a1094976c96b19cce5b7180?s=96&d=mm&r=g","contentUrl":"https:\/\/secure.gravatar.com\/avatar\/450967f1badecac6afbf323d3a06c551f001ee9e5a1094976c96b19cce5b7180?s=96&d=mm&r=g","caption":"Albaro Benedicto Laime Mamani"},"url":"https:\/\/www.ine.gob.bo\/index.php\/author\/alaime\/"}]}},"rttpg_featured_image_url":{"full":["https:\/\/www.ine.gob.bo\/wp-content\/uploads\/2024\/10\/Portada-IPM-Septiembre-2024.png",698,905,false],"landscape":["https:\/\/www.ine.gob.bo\/wp-content\/uploads\/2024\/10\/Portada-IPM-Septiembre-2024.png",698,905,false],"portraits":["https:\/\/www.ine.gob.bo\/wp-content\/uploads\/2024\/10\/Portada-IPM-Septiembre-2024.png",698,905,false],"thumbnail":["https:\/\/www.ine.gob.bo\/wp-content\/uploads\/2024\/10\/Portada-IPM-Septiembre-2024-150x150.png",150,150,true],"medium":["https:\/\/www.ine.gob.bo\/wp-content\/uploads\/2024\/10\/Portada-IPM-Septiembre-2024-231x300.png",231,300,true],"large":["https:\/\/www.ine.gob.bo\/wp-content\/uploads\/2024\/10\/Portada-IPM-Septiembre-2024.png",698,905,false],"1536x1536":["https:\/\/www.ine.gob.bo\/wp-content\/uploads\/2024\/10\/Portada-IPM-Septiembre-2024.png",698,905,false],"2048x2048":["https:\/\/www.ine.gob.bo\/wp-content\/uploads\/2024\/10\/Portada-IPM-Septiembre-2024.png",698,905,false]},"rttpg_author":{"display_name":"Albaro Benedicto Laime Mamani","author_link":"https:\/\/www.ine.gob.bo\/index.php\/author\/alaime\/"},"rttpg_comment":0,"rttpg_category":"<a href=\"https:\/\/www.ine.gob.bo\/index.php\/category\/ine-noticias\/\" rel=\"category tag\">INE noticias<\/a>","rttpg_excerpt":"[vc_row][vc_column][vc_column_text] La Paz, 11 de octubre de 2024 (INE). \u2013 En septiembre de 2024, el \u00cdndice de Precios al por Mayor (IPM) registr\u00f3 un incremento de 1,11% respecto a agosto y la variaci\u00f3n acumulada a septiembre fue 6,28%. El IPM es un indicador que mide la variaci\u00f3n en los precios de un conjunto de bienes&hellip;","_links":{"self":[{"href":"https:\/\/www.ine.gob.bo\/index.php\/wp-json\/wp\/v2\/posts\/65491","targetHints":{"allow":["GET"]}}],"collection":[{"href":"https:\/\/www.ine.gob.bo\/index.php\/wp-json\/wp\/v2\/posts"}],"about":[{"href":"https:\/\/www.ine.gob.bo\/index.php\/wp-json\/wp\/v2\/types\/post"}],"author":[{"embeddable":true,"href":"https:\/\/www.ine.gob.bo\/index.php\/wp-json\/wp\/v2\/users\/19"}],"replies":[{"embeddable":true,"href":"https:\/\/www.ine.gob.bo\/index.php\/wp-json\/wp\/v2\/comments?post=65491"}],"version-history":[{"count":0,"href":"https:\/\/www.ine.gob.bo\/index.php\/wp-json\/wp\/v2\/posts\/65491\/revisions"}],"wp:featuredmedia":[{"embeddable":true,"href":"https:\/\/www.ine.gob.bo\/index.php\/wp-json\/wp\/v2\/media\/65494"}],"wp:attachment":[{"href":"https:\/\/www.ine.gob.bo\/index.php\/wp-json\/wp\/v2\/media?parent=65491"}],"wp:term":[{"taxonomy":"category","embeddable":true,"href":"https:\/\/www.ine.gob.bo\/index.php\/wp-json\/wp\/v2\/categories?post=65491"},{"taxonomy":"post_tag","embeddable":true,"href":"https:\/\/www.ine.gob.bo\/index.php\/wp-json\/wp\/v2\/tags?post=65491"}],"curies":[{"name":"wp","href":"https:\/\/api.w.org\/{rel}","templated":true}]}}