{"id":63600,"date":"2024-03-05T20:49:12","date_gmt":"2024-03-06T00:49:12","guid":{"rendered":"https:\/\/www.ine.gob.bo\/?p=63600"},"modified":"2025-06-18T15:04:01","modified_gmt":"2025-06-18T19:04:01","slug":"indice-de-precios-al-consumidor-registro-una-variacion-positiva-de-020-en-febrero-de-2024","status":"publish","type":"post","link":"https:\/\/www.ine.gob.bo\/index.php\/indice-de-precios-al-consumidor-registro-una-variacion-positiva-de-020-en-febrero-de-2024\/","title":{"rendered":"\u00cdndice de Precios al Consumidor registr\u00f3 una variaci\u00f3n positiva de 0,20% en febrero de 2024"},"content":{"rendered":"<p>[vc_row][vc_column][vc_column_text]<\/p>\r\n<p><strong>La Paz, 5 de marzo de 2024 (INE). \u2013<\/strong> La variaci\u00f3n mensual de febrero de 2024 fue positiva en 0,20% respecto a enero y la variaci\u00f3n acumulada a febrero alcanz\u00f3 a 0,28%.<\/p>\r\n<p style=\"text-align: center;\"><em><img loading=\"lazy\" decoding=\"async\" class=\"aligncenter wp-image-63601 size-full\" src=\"https:\/\/www.ine.gob.bo\/wp-content\/uploads\/2024\/03\/Cuadro-1-NP-IPC-Febrero-2024.png\" alt=\"\" width=\"778\" height=\"620\" srcset=\"https:\/\/www.ine.gob.bo\/wp-content\/uploads\/2024\/03\/Cuadro-1-NP-IPC-Febrero-2024.png 778w, https:\/\/www.ine.gob.bo\/wp-content\/uploads\/2024\/03\/Cuadro-1-NP-IPC-Febrero-2024-300x239.png 300w, https:\/\/www.ine.gob.bo\/wp-content\/uploads\/2024\/03\/Cuadro-1-NP-IPC-Febrero-2024-768x612.png 768w\" sizes=\"auto, (max-width: 778px) 100vw, 778px\" \/><\/em><\/p>\r\n<p><strong>Comportamiento de Precios al Consumidor, seg\u00fan divisiones de bienes y servicios<\/strong><\/p>\r\n<p style=\"text-align: justify;\">El incremento de 0,20% del IPC registrado en febrero 2024 se explica, principalmente, por la variaci\u00f3n positiva de los precios en las divisiones de: Recreaci\u00f3n y cultura; Bienes y servicios diversos; Muebles, bienes y servicios dom\u00e9sticos; Salud; Educaci\u00f3n; Comunicaciones; Alimentos y bebidas consumidas fuera del hogar; Prendas de vestir y calzados y Vivienda y servicios b\u00e1sicos.<\/p>\r\n<p><img loading=\"lazy\" decoding=\"async\" class=\"aligncenter wp-image-63602 size-full\" src=\"https:\/\/www.ine.gob.bo\/wp-content\/uploads\/2024\/03\/Grafico-1-NP-IPC-Febrero-2024.png\" alt=\"\" width=\"950\" height=\"692\" srcset=\"https:\/\/www.ine.gob.bo\/wp-content\/uploads\/2024\/03\/Grafico-1-NP-IPC-Febrero-2024.png 950w, https:\/\/www.ine.gob.bo\/wp-content\/uploads\/2024\/03\/Grafico-1-NP-IPC-Febrero-2024-300x219.png 300w, https:\/\/www.ine.gob.bo\/wp-content\/uploads\/2024\/03\/Grafico-1-NP-IPC-Febrero-2024-768x559.png 768w\" sizes=\"auto, (max-width: 950px) 100vw, 950px\" \/><\/p>\r\n<p><strong>Comportamiento de Precios al Consumidor, seg\u00fan regiones<\/strong><\/p>\r\n<p>La variaci\u00f3n positiva de 0,20%, registrada en febrero 2024, se explica por el incremento de precios reportado en las ciudades capitales de Tarija 0,84%; Oruro 0,38%, Conurbaci\u00f3n La Paz 0,30%; Cobija 0,17%, Regi\u00f3n Metropolitana Kanata 0,16%, Sucre 0,13% y\u00a0 Conurbaci\u00f3n Santa Cruz 0,07%.<\/p>\r\n<p><img loading=\"lazy\" decoding=\"async\" class=\"aligncenter wp-image-63603 size-full\" src=\"https:\/\/www.ine.gob.bo\/wp-content\/uploads\/2024\/03\/Grafico-2-NP-IPC-Febrero-2024.png\" alt=\"\" width=\"903\" height=\"708\" srcset=\"https:\/\/www.ine.gob.bo\/wp-content\/uploads\/2024\/03\/Grafico-2-NP-IPC-Febrero-2024.png 903w, https:\/\/www.ine.gob.bo\/wp-content\/uploads\/2024\/03\/Grafico-2-NP-IPC-Febrero-2024-300x235.png 300w, https:\/\/www.ine.gob.bo\/wp-content\/uploads\/2024\/03\/Grafico-2-NP-IPC-Febrero-2024-768x602.png 768w\" sizes=\"auto, (max-width: 903px) 100vw, 903px\" \/><\/p>\r\n<p><strong>Comportamiento de Precios al Consumidor, seg\u00fan bienes y servicios<\/strong><\/p>\r\n<p style=\"text-align: justify;\">Los productos con mayor incidencia positiva en febrero 2024 fueron: tomate, cebolla, pasta dental, productos de papeler\u00eda, carne de res sin hueso y carne de res con hueso. Por el contrario, los bienes y servicios con mayor incidencia negativa fueron: transporte interdepartamental en \u00f3mnibus\/flota, zanahoria, papa, locoto, haba verde y huevos.<\/p>\r\n<p><img loading=\"lazy\" decoding=\"async\" class=\"aligncenter wp-image-63604 size-full\" src=\"https:\/\/www.ine.gob.bo\/wp-content\/uploads\/2024\/03\/Cuadro-2-NP-IPC-Febrero-2024.png\" alt=\"\" width=\"903\" height=\"501\" srcset=\"https:\/\/www.ine.gob.bo\/wp-content\/uploads\/2024\/03\/Cuadro-2-NP-IPC-Febrero-2024.png 903w, https:\/\/www.ine.gob.bo\/wp-content\/uploads\/2024\/03\/Cuadro-2-NP-IPC-Febrero-2024-300x166.png 300w, https:\/\/www.ine.gob.bo\/wp-content\/uploads\/2024\/03\/Cuadro-2-NP-IPC-Febrero-2024-768x426.png 768w\" sizes=\"auto, (max-width: 903px) 100vw, 903px\" \/><\/p>\r\n<p style=\"text-align: justify;\">Los productos que presentaron una disminuci\u00f3n de precios, en febrero de 2024, alcanzaron al 27,0% y los que no presentaron movimiento de precios representaron el 13,6% y los productos que registraron un aumento sumaron el 59,4%.<\/p>\r\n<p>&nbsp;<\/p>\r\n<h4 style=\"text-align: center;\"><strong>Unidad de Difusi\u00f3n y Comunicaci\u00f3n <\/strong><br \/><strong>INSTITUTO NACIONAL DE ESTAD\u00cdSTICA<\/strong><\/h4>\r\n<p>&nbsp;<\/p>\r\n<p><em><img loading=\"lazy\" decoding=\"async\" class=\"aligncenter wp-image-58871 size-large\" src=\"https:\/\/www.ine.gob.bo\/wp-content\/uploads\/2022\/10\/PIE-NP-IPC-SEP-2022-1024x55.png\" alt=\"\" width=\"1024\" height=\"55\" srcset=\"https:\/\/www.ine.gob.bo\/wp-content\/uploads\/2022\/10\/PIE-NP-IPC-SEP-2022-1024x55.png 1024w, https:\/\/www.ine.gob.bo\/wp-content\/uploads\/2022\/10\/PIE-NP-IPC-SEP-2022-300x16.png 300w, https:\/\/www.ine.gob.bo\/wp-content\/uploads\/2022\/10\/PIE-NP-IPC-SEP-2022-768x41.png 768w, https:\/\/www.ine.gob.bo\/wp-content\/uploads\/2022\/10\/PIE-NP-IPC-SEP-2022.png 1328w\" sizes=\"auto, (max-width: 1024px) 100vw, 1024px\" \/>\u00a0<\/em><\/p>\r\n<p class=\"has-text-align-center\" style=\"text-align: center;\"><strong><em>\u00a0<\/em><\/strong><\/p>\r\n<p class=\"has-text-align-center\"><!-- \/wp:post-content --><\/p>\r\n<p>&nbsp;<\/p>\r\n<p><a href=\"https:\/\/nimbus.ine.gob.bo\/index.php\/s\/RQCbmDSLefGadE9\/download\">Descargar Nota de Prensa<\/a><\/p>\r\n<p class=\"has-text-align-center\"><!-- \/wp:paragraph --><\/p>\r\n<p class=\"has-text-align-center\"><!-- wp:separator --><\/p>\r\n<hr class=\"wp-block-separator\" \/>\r\n<p class=\"has-text-align-center\"><!-- \/wp:separator --><\/p>\r\n<p class=\"has-text-align-center\"><!-- wp:paragraph {\"align\":\"right\"} --><\/p>\r\n<p class=\"has-text-align-right\"><strong><em>Entidad dependiente del Ministerio de Planificaci\u00f3n del Desarrollo<\/em><\/strong><\/p>\r\n<p>&nbsp;<\/p>\r\n<p class=\"has-text-align-center\"><!-- \/wp:paragraph --><\/p>\r\n<p>[\/vc_column_text][\/vc_column][\/vc_row]<\/p>","protected":false},"excerpt":{"rendered":"<p>[vc_row][vc_column][vc_column_text] La Paz, 5 de marzo de 2024 (INE). \u2013 La variaci\u00f3n mensual de febrero de 2024 fue positiva en 0,20% respecto a enero y la variaci\u00f3n acumulada a febrero alcanz\u00f3 a 0,28%. Comportamiento de Precios al Consumidor, seg\u00fan divisiones de bienes y servicios El incremento de 0,20% del IPC registrado en febrero 2024 se&hellip;<\/p>\n","protected":false},"author":19,"featured_media":63605,"comment_status":"closed","ping_status":"open","sticky":false,"template":"","format":"standard","meta":[],"categories":[158],"tags":[52],"class_list":["post-63600","post","type-post","status-publish","format-standard","has-post-thumbnail","hentry","category-ine-noticias","tag-ine-noticias","category-158","description-off"],"yoast_head":"<!-- This site is optimized with the Yoast SEO plugin v23.2 - https:\/\/yoast.com\/wordpress\/plugins\/seo\/ -->\n<title>\u00cdndice de Precios al Consumidor registr\u00f3 una variaci\u00f3n positiva de 0,20% en febrero de 2024 - INE<\/title>\n<meta name=\"description\" content=\"P\u00e1gina oficial del Instituto Nacional de Estadistica INE, informaci\u00f3n estad\u00edstica, geogr\u00e1fica y econ\u00f3mica a nivel nacional.\" \/>\n<meta name=\"robots\" content=\"index, follow, max-snippet:-1, max-image-preview:large, max-video-preview:-1\" \/>\n<link rel=\"canonical\" href=\"https:\/\/www.ine.gob.bo\/index.php\/indice-de-precios-al-consumidor-registro-una-variacion-positiva-de-020-en-febrero-de-2024\/\" \/>\n<meta property=\"og:locale\" content=\"es_ES\" \/>\n<meta property=\"og:type\" content=\"article\" \/>\n<meta property=\"og:title\" content=\"\u00cdndice de Precios al Consumidor registr\u00f3 una variaci\u00f3n positiva de 0,20% en febrero de 2024 - INE\" \/>\n<meta property=\"og:description\" content=\"P\u00e1gina oficial del Instituto Nacional de Estadistica INE, informaci\u00f3n estad\u00edstica, geogr\u00e1fica y econ\u00f3mica a nivel nacional.\" \/>\n<meta property=\"og:url\" content=\"https:\/\/www.ine.gob.bo\/index.php\/indice-de-precios-al-consumidor-registro-una-variacion-positiva-de-020-en-febrero-de-2024\/\" \/>\n<meta property=\"og:site_name\" content=\"INE\" \/>\n<meta property=\"article:publisher\" content=\"https:\/\/www.facebook.com\/ineboliviaoficial\" \/>\n<meta property=\"article:published_time\" content=\"2024-03-06T00:49:12+00:00\" \/>\n<meta property=\"article:modified_time\" content=\"2025-06-18T19:04:01+00:00\" \/>\n<meta property=\"og:image\" content=\"https:\/\/www.ine.gob.bo\/wp-content\/uploads\/2024\/03\/Portada-NP-IPC-Febrero-2024.png\" \/>\n\t<meta property=\"og:image:width\" content=\"699\" \/>\n\t<meta property=\"og:image:height\" content=\"910\" \/>\n\t<meta property=\"og:image:type\" content=\"image\/png\" \/>\n<meta name=\"author\" content=\"Albaro Benedicto Laime Mamani\" \/>\n<meta name=\"twitter:card\" content=\"summary_large_image\" \/>\n<meta name=\"twitter:creator\" content=\"@INE_Bolivia\" \/>\n<meta name=\"twitter:site\" content=\"@INE_Bolivia\" \/>\n<meta name=\"twitter:label1\" content=\"Escrito por\" \/>\n\t<meta name=\"twitter:data1\" content=\"Albaro Benedicto Laime Mamani\" \/>\n\t<meta name=\"twitter:label2\" content=\"Tiempo de lectura\" \/>\n\t<meta name=\"twitter:data2\" content=\"3 minutos\" \/>\n<script type=\"application\/ld+json\" class=\"yoast-schema-graph\">{\"@context\":\"https:\/\/schema.org\",\"@graph\":[{\"@type\":\"Article\",\"@id\":\"https:\/\/www.ine.gob.bo\/index.php\/indice-de-precios-al-consumidor-registro-una-variacion-positiva-de-020-en-febrero-de-2024\/#article\",\"isPartOf\":{\"@id\":\"https:\/\/www.ine.gob.bo\/index.php\/indice-de-precios-al-consumidor-registro-una-variacion-positiva-de-020-en-febrero-de-2024\/\"},\"author\":{\"name\":\"Albaro Benedicto Laime Mamani\",\"@id\":\"https:\/\/www.ine.gob.bo\/#\/schema\/person\/cd5e3dea21e6634e99cebddcca7540d1\"},\"headline\":\"\u00cdndice de Precios al Consumidor registr\u00f3 una variaci\u00f3n positiva de 0,20% en febrero de 2024\",\"datePublished\":\"2024-03-06T00:49:12+00:00\",\"dateModified\":\"2025-06-18T19:04:01+00:00\",\"mainEntityOfPage\":{\"@id\":\"https:\/\/www.ine.gob.bo\/index.php\/indice-de-precios-al-consumidor-registro-una-variacion-positiva-de-020-en-febrero-de-2024\/\"},\"wordCount\":297,\"publisher\":{\"@id\":\"https:\/\/www.ine.gob.bo\/#organization\"},\"image\":{\"@id\":\"https:\/\/www.ine.gob.bo\/index.php\/indice-de-precios-al-consumidor-registro-una-variacion-positiva-de-020-en-febrero-de-2024\/#primaryimage\"},\"thumbnailUrl\":\"https:\/\/www.ine.gob.bo\/wp-content\/uploads\/2024\/03\/Portada-NP-IPC-Febrero-2024.png\",\"keywords\":[\"INE Noticias\"],\"articleSection\":[\"INE noticias\"],\"inLanguage\":\"es\"},{\"@type\":\"WebPage\",\"@id\":\"https:\/\/www.ine.gob.bo\/index.php\/indice-de-precios-al-consumidor-registro-una-variacion-positiva-de-020-en-febrero-de-2024\/\",\"url\":\"https:\/\/www.ine.gob.bo\/index.php\/indice-de-precios-al-consumidor-registro-una-variacion-positiva-de-020-en-febrero-de-2024\/\",\"name\":\"\u00cdndice de Precios al Consumidor registr\u00f3 una variaci\u00f3n positiva de 0,20% en febrero de 2024 - INE\",\"isPartOf\":{\"@id\":\"https:\/\/www.ine.gob.bo\/#website\"},\"primaryImageOfPage\":{\"@id\":\"https:\/\/www.ine.gob.bo\/index.php\/indice-de-precios-al-consumidor-registro-una-variacion-positiva-de-020-en-febrero-de-2024\/#primaryimage\"},\"image\":{\"@id\":\"https:\/\/www.ine.gob.bo\/index.php\/indice-de-precios-al-consumidor-registro-una-variacion-positiva-de-020-en-febrero-de-2024\/#primaryimage\"},\"thumbnailUrl\":\"https:\/\/www.ine.gob.bo\/wp-content\/uploads\/2024\/03\/Portada-NP-IPC-Febrero-2024.png\",\"datePublished\":\"2024-03-06T00:49:12+00:00\",\"dateModified\":\"2025-06-18T19:04:01+00:00\",\"description\":\"P\u00e1gina oficial del Instituto Nacional de Estadistica INE, informaci\u00f3n estad\u00edstica, geogr\u00e1fica y econ\u00f3mica a nivel nacional.\",\"breadcrumb\":{\"@id\":\"https:\/\/www.ine.gob.bo\/index.php\/indice-de-precios-al-consumidor-registro-una-variacion-positiva-de-020-en-febrero-de-2024\/#breadcrumb\"},\"inLanguage\":\"es\",\"potentialAction\":[{\"@type\":\"ReadAction\",\"target\":[\"https:\/\/www.ine.gob.bo\/index.php\/indice-de-precios-al-consumidor-registro-una-variacion-positiva-de-020-en-febrero-de-2024\/\"]}]},{\"@type\":\"ImageObject\",\"inLanguage\":\"es\",\"@id\":\"https:\/\/www.ine.gob.bo\/index.php\/indice-de-precios-al-consumidor-registro-una-variacion-positiva-de-020-en-febrero-de-2024\/#primaryimage\",\"url\":\"https:\/\/www.ine.gob.bo\/wp-content\/uploads\/2024\/03\/Portada-NP-IPC-Febrero-2024.png\",\"contentUrl\":\"https:\/\/www.ine.gob.bo\/wp-content\/uploads\/2024\/03\/Portada-NP-IPC-Febrero-2024.png\",\"width\":699,\"height\":910},{\"@type\":\"BreadcrumbList\",\"@id\":\"https:\/\/www.ine.gob.bo\/index.php\/indice-de-precios-al-consumidor-registro-una-variacion-positiva-de-020-en-febrero-de-2024\/#breadcrumb\",\"itemListElement\":[{\"@type\":\"ListItem\",\"position\":1,\"name\":\"Portada\",\"item\":\"https:\/\/www.ine.gob.bo\/\"},{\"@type\":\"ListItem\",\"position\":2,\"name\":\"\u00cdndice de Precios al Consumidor registr\u00f3 una variaci\u00f3n positiva de 0,20% en febrero de 2024\"}]},{\"@type\":\"WebSite\",\"@id\":\"https:\/\/www.ine.gob.bo\/#website\",\"url\":\"https:\/\/www.ine.gob.bo\/\",\"name\":\"INE\",\"description\":\"Instituto Nacional de Estad\u00edstica\",\"publisher\":{\"@id\":\"https:\/\/www.ine.gob.bo\/#organization\"},\"potentialAction\":[{\"@type\":\"SearchAction\",\"target\":{\"@type\":\"EntryPoint\",\"urlTemplate\":\"https:\/\/www.ine.gob.bo\/?s={search_term_string}\"},\"query-input\":\"required name=search_term_string\"}],\"inLanguage\":\"es\"},{\"@type\":\"Organization\",\"@id\":\"https:\/\/www.ine.gob.bo\/#organization\",\"name\":\"Instituto Nacional de Estad\u00edstica\",\"url\":\"https:\/\/www.ine.gob.bo\/\",\"logo\":{\"@type\":\"ImageObject\",\"inLanguage\":\"es\",\"@id\":\"https:\/\/www.ine.gob.bo\/#\/schema\/logo\/image\/\",\"url\":\"https:\/\/www.ine.gob.bo\/wp-content\/uploads\/2026\/02\/logo-ine.jpg\",\"contentUrl\":\"https:\/\/www.ine.gob.bo\/wp-content\/uploads\/2026\/02\/logo-ine.jpg\",\"width\":799,\"height\":453,\"caption\":\"Instituto Nacional de Estad\u00edstica\"},\"image\":{\"@id\":\"https:\/\/www.ine.gob.bo\/#\/schema\/logo\/image\/\"},\"sameAs\":[\"https:\/\/www.facebook.com\/ineboliviaoficial\",\"https:\/\/x.com\/INE_Bolivia\",\"https:\/\/www.instagram.com\/ineboliviaoficial\/\",\"https:\/\/www.youtube.com\/channel\/UCbIQXKLw414g5kWo1tAwqCg\"]},{\"@type\":\"Person\",\"@id\":\"https:\/\/www.ine.gob.bo\/#\/schema\/person\/cd5e3dea21e6634e99cebddcca7540d1\",\"name\":\"Albaro Benedicto Laime Mamani\",\"image\":{\"@type\":\"ImageObject\",\"inLanguage\":\"es\",\"@id\":\"https:\/\/www.ine.gob.bo\/#\/schema\/person\/image\/\",\"url\":\"https:\/\/secure.gravatar.com\/avatar\/450967f1badecac6afbf323d3a06c551f001ee9e5a1094976c96b19cce5b7180?s=96&d=mm&r=g\",\"contentUrl\":\"https:\/\/secure.gravatar.com\/avatar\/450967f1badecac6afbf323d3a06c551f001ee9e5a1094976c96b19cce5b7180?s=96&d=mm&r=g\",\"caption\":\"Albaro Benedicto Laime Mamani\"},\"url\":\"https:\/\/www.ine.gob.bo\/index.php\/author\/alaime\/\"}]}<\/script>\n<!-- \/ Yoast SEO plugin. -->","yoast_head_json":{"title":"\u00cdndice de Precios al Consumidor registr\u00f3 una variaci\u00f3n positiva de 0,20% en febrero de 2024 - INE","description":"P\u00e1gina oficial del Instituto Nacional de Estadistica INE, informaci\u00f3n estad\u00edstica, geogr\u00e1fica y econ\u00f3mica a nivel nacional.","robots":{"index":"index","follow":"follow","max-snippet":"max-snippet:-1","max-image-preview":"max-image-preview:large","max-video-preview":"max-video-preview:-1"},"canonical":"https:\/\/www.ine.gob.bo\/index.php\/indice-de-precios-al-consumidor-registro-una-variacion-positiva-de-020-en-febrero-de-2024\/","og_locale":"es_ES","og_type":"article","og_title":"\u00cdndice de Precios al Consumidor registr\u00f3 una variaci\u00f3n positiva de 0,20% en febrero de 2024 - INE","og_description":"P\u00e1gina oficial del Instituto Nacional de Estadistica INE, informaci\u00f3n estad\u00edstica, geogr\u00e1fica y econ\u00f3mica a nivel nacional.","og_url":"https:\/\/www.ine.gob.bo\/index.php\/indice-de-precios-al-consumidor-registro-una-variacion-positiva-de-020-en-febrero-de-2024\/","og_site_name":"INE","article_publisher":"https:\/\/www.facebook.com\/ineboliviaoficial","article_published_time":"2024-03-06T00:49:12+00:00","article_modified_time":"2025-06-18T19:04:01+00:00","og_image":[{"width":699,"height":910,"url":"https:\/\/www.ine.gob.bo\/wp-content\/uploads\/2024\/03\/Portada-NP-IPC-Febrero-2024.png","type":"image\/png"}],"author":"Albaro Benedicto Laime Mamani","twitter_card":"summary_large_image","twitter_creator":"@INE_Bolivia","twitter_site":"@INE_Bolivia","twitter_misc":{"Escrito por":"Albaro Benedicto Laime Mamani","Tiempo de lectura":"3 minutos"},"schema":{"@context":"https:\/\/schema.org","@graph":[{"@type":"Article","@id":"https:\/\/www.ine.gob.bo\/index.php\/indice-de-precios-al-consumidor-registro-una-variacion-positiva-de-020-en-febrero-de-2024\/#article","isPartOf":{"@id":"https:\/\/www.ine.gob.bo\/index.php\/indice-de-precios-al-consumidor-registro-una-variacion-positiva-de-020-en-febrero-de-2024\/"},"author":{"name":"Albaro Benedicto Laime Mamani","@id":"https:\/\/www.ine.gob.bo\/#\/schema\/person\/cd5e3dea21e6634e99cebddcca7540d1"},"headline":"\u00cdndice de Precios al Consumidor registr\u00f3 una variaci\u00f3n positiva de 0,20% en febrero de 2024","datePublished":"2024-03-06T00:49:12+00:00","dateModified":"2025-06-18T19:04:01+00:00","mainEntityOfPage":{"@id":"https:\/\/www.ine.gob.bo\/index.php\/indice-de-precios-al-consumidor-registro-una-variacion-positiva-de-020-en-febrero-de-2024\/"},"wordCount":297,"publisher":{"@id":"https:\/\/www.ine.gob.bo\/#organization"},"image":{"@id":"https:\/\/www.ine.gob.bo\/index.php\/indice-de-precios-al-consumidor-registro-una-variacion-positiva-de-020-en-febrero-de-2024\/#primaryimage"},"thumbnailUrl":"https:\/\/www.ine.gob.bo\/wp-content\/uploads\/2024\/03\/Portada-NP-IPC-Febrero-2024.png","keywords":["INE Noticias"],"articleSection":["INE noticias"],"inLanguage":"es"},{"@type":"WebPage","@id":"https:\/\/www.ine.gob.bo\/index.php\/indice-de-precios-al-consumidor-registro-una-variacion-positiva-de-020-en-febrero-de-2024\/","url":"https:\/\/www.ine.gob.bo\/index.php\/indice-de-precios-al-consumidor-registro-una-variacion-positiva-de-020-en-febrero-de-2024\/","name":"\u00cdndice de Precios al Consumidor registr\u00f3 una variaci\u00f3n positiva de 0,20% en febrero de 2024 - INE","isPartOf":{"@id":"https:\/\/www.ine.gob.bo\/#website"},"primaryImageOfPage":{"@id":"https:\/\/www.ine.gob.bo\/index.php\/indice-de-precios-al-consumidor-registro-una-variacion-positiva-de-020-en-febrero-de-2024\/#primaryimage"},"image":{"@id":"https:\/\/www.ine.gob.bo\/index.php\/indice-de-precios-al-consumidor-registro-una-variacion-positiva-de-020-en-febrero-de-2024\/#primaryimage"},"thumbnailUrl":"https:\/\/www.ine.gob.bo\/wp-content\/uploads\/2024\/03\/Portada-NP-IPC-Febrero-2024.png","datePublished":"2024-03-06T00:49:12+00:00","dateModified":"2025-06-18T19:04:01+00:00","description":"P\u00e1gina oficial del Instituto Nacional de Estadistica INE, informaci\u00f3n estad\u00edstica, geogr\u00e1fica y econ\u00f3mica a nivel nacional.","breadcrumb":{"@id":"https:\/\/www.ine.gob.bo\/index.php\/indice-de-precios-al-consumidor-registro-una-variacion-positiva-de-020-en-febrero-de-2024\/#breadcrumb"},"inLanguage":"es","potentialAction":[{"@type":"ReadAction","target":["https:\/\/www.ine.gob.bo\/index.php\/indice-de-precios-al-consumidor-registro-una-variacion-positiva-de-020-en-febrero-de-2024\/"]}]},{"@type":"ImageObject","inLanguage":"es","@id":"https:\/\/www.ine.gob.bo\/index.php\/indice-de-precios-al-consumidor-registro-una-variacion-positiva-de-020-en-febrero-de-2024\/#primaryimage","url":"https:\/\/www.ine.gob.bo\/wp-content\/uploads\/2024\/03\/Portada-NP-IPC-Febrero-2024.png","contentUrl":"https:\/\/www.ine.gob.bo\/wp-content\/uploads\/2024\/03\/Portada-NP-IPC-Febrero-2024.png","width":699,"height":910},{"@type":"BreadcrumbList","@id":"https:\/\/www.ine.gob.bo\/index.php\/indice-de-precios-al-consumidor-registro-una-variacion-positiva-de-020-en-febrero-de-2024\/#breadcrumb","itemListElement":[{"@type":"ListItem","position":1,"name":"Portada","item":"https:\/\/www.ine.gob.bo\/"},{"@type":"ListItem","position":2,"name":"\u00cdndice de Precios al Consumidor registr\u00f3 una variaci\u00f3n positiva de 0,20% en febrero de 2024"}]},{"@type":"WebSite","@id":"https:\/\/www.ine.gob.bo\/#website","url":"https:\/\/www.ine.gob.bo\/","name":"INE","description":"Instituto Nacional de Estad\u00edstica","publisher":{"@id":"https:\/\/www.ine.gob.bo\/#organization"},"potentialAction":[{"@type":"SearchAction","target":{"@type":"EntryPoint","urlTemplate":"https:\/\/www.ine.gob.bo\/?s={search_term_string}"},"query-input":"required name=search_term_string"}],"inLanguage":"es"},{"@type":"Organization","@id":"https:\/\/www.ine.gob.bo\/#organization","name":"Instituto Nacional de Estad\u00edstica","url":"https:\/\/www.ine.gob.bo\/","logo":{"@type":"ImageObject","inLanguage":"es","@id":"https:\/\/www.ine.gob.bo\/#\/schema\/logo\/image\/","url":"https:\/\/www.ine.gob.bo\/wp-content\/uploads\/2026\/02\/logo-ine.jpg","contentUrl":"https:\/\/www.ine.gob.bo\/wp-content\/uploads\/2026\/02\/logo-ine.jpg","width":799,"height":453,"caption":"Instituto Nacional de Estad\u00edstica"},"image":{"@id":"https:\/\/www.ine.gob.bo\/#\/schema\/logo\/image\/"},"sameAs":["https:\/\/www.facebook.com\/ineboliviaoficial","https:\/\/x.com\/INE_Bolivia","https:\/\/www.instagram.com\/ineboliviaoficial\/","https:\/\/www.youtube.com\/channel\/UCbIQXKLw414g5kWo1tAwqCg"]},{"@type":"Person","@id":"https:\/\/www.ine.gob.bo\/#\/schema\/person\/cd5e3dea21e6634e99cebddcca7540d1","name":"Albaro Benedicto Laime Mamani","image":{"@type":"ImageObject","inLanguage":"es","@id":"https:\/\/www.ine.gob.bo\/#\/schema\/person\/image\/","url":"https:\/\/secure.gravatar.com\/avatar\/450967f1badecac6afbf323d3a06c551f001ee9e5a1094976c96b19cce5b7180?s=96&d=mm&r=g","contentUrl":"https:\/\/secure.gravatar.com\/avatar\/450967f1badecac6afbf323d3a06c551f001ee9e5a1094976c96b19cce5b7180?s=96&d=mm&r=g","caption":"Albaro Benedicto Laime Mamani"},"url":"https:\/\/www.ine.gob.bo\/index.php\/author\/alaime\/"}]}},"rttpg_featured_image_url":{"full":["https:\/\/www.ine.gob.bo\/wp-content\/uploads\/2024\/03\/Portada-NP-IPC-Febrero-2024.png",699,910,false],"landscape":["https:\/\/www.ine.gob.bo\/wp-content\/uploads\/2024\/03\/Portada-NP-IPC-Febrero-2024.png",699,910,false],"portraits":["https:\/\/www.ine.gob.bo\/wp-content\/uploads\/2024\/03\/Portada-NP-IPC-Febrero-2024.png",699,910,false],"thumbnail":["https:\/\/www.ine.gob.bo\/wp-content\/uploads\/2024\/03\/Portada-NP-IPC-Febrero-2024-150x150.png",150,150,true],"medium":["https:\/\/www.ine.gob.bo\/wp-content\/uploads\/2024\/03\/Portada-NP-IPC-Febrero-2024-230x300.png",230,300,true],"large":["https:\/\/www.ine.gob.bo\/wp-content\/uploads\/2024\/03\/Portada-NP-IPC-Febrero-2024.png",699,910,false],"1536x1536":["https:\/\/www.ine.gob.bo\/wp-content\/uploads\/2024\/03\/Portada-NP-IPC-Febrero-2024.png",699,910,false],"2048x2048":["https:\/\/www.ine.gob.bo\/wp-content\/uploads\/2024\/03\/Portada-NP-IPC-Febrero-2024.png",699,910,false]},"rttpg_author":{"display_name":"Albaro Benedicto Laime Mamani","author_link":"https:\/\/www.ine.gob.bo\/index.php\/author\/alaime\/"},"rttpg_comment":0,"rttpg_category":"<a href=\"https:\/\/www.ine.gob.bo\/index.php\/category\/ine-noticias\/\" rel=\"category tag\">INE noticias<\/a>","rttpg_excerpt":"[vc_row][vc_column][vc_column_text] La Paz, 5 de marzo de 2024 (INE). \u2013 La variaci\u00f3n mensual de febrero de 2024 fue positiva en 0,20% respecto a enero y la variaci\u00f3n acumulada a febrero alcanz\u00f3 a 0,28%. Comportamiento de Precios al Consumidor, seg\u00fan divisiones de bienes y servicios El incremento de 0,20% del IPC registrado en febrero 2024 se&hellip;","_links":{"self":[{"href":"https:\/\/www.ine.gob.bo\/index.php\/wp-json\/wp\/v2\/posts\/63600","targetHints":{"allow":["GET"]}}],"collection":[{"href":"https:\/\/www.ine.gob.bo\/index.php\/wp-json\/wp\/v2\/posts"}],"about":[{"href":"https:\/\/www.ine.gob.bo\/index.php\/wp-json\/wp\/v2\/types\/post"}],"author":[{"embeddable":true,"href":"https:\/\/www.ine.gob.bo\/index.php\/wp-json\/wp\/v2\/users\/19"}],"replies":[{"embeddable":true,"href":"https:\/\/www.ine.gob.bo\/index.php\/wp-json\/wp\/v2\/comments?post=63600"}],"version-history":[{"count":0,"href":"https:\/\/www.ine.gob.bo\/index.php\/wp-json\/wp\/v2\/posts\/63600\/revisions"}],"wp:featuredmedia":[{"embeddable":true,"href":"https:\/\/www.ine.gob.bo\/index.php\/wp-json\/wp\/v2\/media\/63605"}],"wp:attachment":[{"href":"https:\/\/www.ine.gob.bo\/index.php\/wp-json\/wp\/v2\/media?parent=63600"}],"wp:term":[{"taxonomy":"category","embeddable":true,"href":"https:\/\/www.ine.gob.bo\/index.php\/wp-json\/wp\/v2\/categories?post=63600"},{"taxonomy":"post_tag","embeddable":true,"href":"https:\/\/www.ine.gob.bo\/index.php\/wp-json\/wp\/v2\/tags?post=63600"}],"curies":[{"name":"wp","href":"https:\/\/api.w.org\/{rel}","templated":true}]}}