{"id":62701,"date":"2023-10-27T10:43:04","date_gmt":"2023-10-27T14:43:04","guid":{"rendered":"https:\/\/www.ine.gob.bo\/?p=62701"},"modified":"2025-06-20T09:42:28","modified_gmt":"2025-06-20T13:42:28","slug":"bolivia-registra-el-tercer-lugar-en-crecimiento-economico-en-la-region-al-primer-semestre-del-ano","status":"publish","type":"post","link":"https:\/\/www.ine.gob.bo\/index.php\/bolivia-registra-el-tercer-lugar-en-crecimiento-economico-en-la-region-al-primer-semestre-del-ano\/","title":{"rendered":"Bolivia registra el tercer lugar en  crecimiento econ\u00f3mico en la regi\u00f3n al primer semestre del a\u00f1o"},"content":{"rendered":"<p>[vc_row][vc_column][vc_column_text]<\/p>\r\n<p style=\"text-align: justify;\"><strong>La Paz, 27 de octubre de 2023 (INE).-<\/strong> En un contexto internacional dif\u00edcil por la persistencia de los conflictos armados que repercuten en la econom\u00eda mundial de manera negativa y que derivaron en problemas inflacionarios, junto al endurecimiento de las condiciones financieras y una desaceleraci\u00f3n econ\u00f3mica a escala global, Bolivia registra un crecimiento de 2,21% al primer semestre de 2023, respecto a similar per\u00edodo de la pasada gesti\u00f3n, cifra que posiciona a Bolivia entre los pa\u00edses con\u00a0 mayor crecimiento econ\u00f3mico en la regi\u00f3n, solo superada por Paraguay y Brasil, mientras que el resto de pa\u00edses registraron menores tasas de crecimiento e inclusive contracci\u00f3n econ\u00f3mica con tasas negativas como las reportadas por Argentina,\u00a0 Chile, Uruguay y Per\u00fa.<\/p>\r\n<p style=\"text-align: justify;\"><strong>PIB por tipo de gasto<\/strong><br \/>La descomposici\u00f3n del crecimiento del PIB por tipo de gasto muestra que la contribuci\u00f3n del mercado interno al crecimiento de 2,21% en el primer semestre de 2023, incide con un valor de 7,27 puntos porcentuales, que contrarrest\u00f3 la contribuci\u00f3n\u00a0 negativa del mercado externo que fue de -5,06 puntos porcentuales, gracias a las pol\u00edticas de reactivaci\u00f3n y estabilidad econ\u00f3mica haciendo que la demanda interna contin\u00fae siendo el motor de la econom\u00eda.<\/p>\r\n<p class=\"has-text-align-center\"><strong><em><img loading=\"lazy\" decoding=\"async\" class=\"aligncenter wp-image-62702 size-full\" src=\"https:\/\/www.ine.gob.bo\/wp-content\/uploads\/2023\/10\/G1-PIB-2T.png\" alt=\"\" width=\"701\" height=\"605\" srcset=\"https:\/\/www.ine.gob.bo\/wp-content\/uploads\/2023\/10\/G1-PIB-2T.png 701w, https:\/\/www.ine.gob.bo\/wp-content\/uploads\/2023\/10\/G1-PIB-2T-300x259.png 300w\" sizes=\"auto, (max-width: 701px) 100vw, 701px\" \/><\/em><\/strong><\/p>\r\n<p>&nbsp;<\/p>\r\n<p style=\"text-align: justify;\">El desempe\u00f1o de la econom\u00eda evaluado por el PIB por Tipo de Gasto muestra que la formaci\u00f3n bruta de capital fijo registr\u00f3 un crecimiento de 7,62%; donde la inversi\u00f3n p\u00fablica jug\u00f3 un rol importante, seguida de las importaciones de bienes y servicios que crecieron en 4,96%. Contrariamente, las exportaciones de bienes y servicios registraron una disminuci\u00f3n de 14,65% principalmente por los problemas pol\u00edticos y sociales que se registraron a principios de a\u00f1o en Per\u00fa.<\/p>\r\n<p><img loading=\"lazy\" decoding=\"async\" class=\"aligncenter wp-image-62703 size-full\" src=\"https:\/\/www.ine.gob.bo\/wp-content\/uploads\/2023\/10\/G2-PIB-2T.png\" alt=\"\" width=\"799\" height=\"575\" srcset=\"https:\/\/www.ine.gob.bo\/wp-content\/uploads\/2023\/10\/G2-PIB-2T.png 799w, https:\/\/www.ine.gob.bo\/wp-content\/uploads\/2023\/10\/G2-PIB-2T-300x216.png 300w, https:\/\/www.ine.gob.bo\/wp-content\/uploads\/2023\/10\/G2-PIB-2T-768x553.png 768w\" sizes=\"auto, (max-width: 799px) 100vw, 799px\" \/><\/p>\r\n<p style=\"text-align: justify;\"><strong>PIB por actividad econ\u00f3mica<\/strong><br \/>De enero a junio de a\u00f1o 2023, las actividades econ\u00f3micas que mayor incidencia positiva tuvieron sobre el crecimiento fueron otros servicios (servicios comunales, sociales y personales, y restaurantes y hoteles), electricidad, gas y agua, y\u00a0 establecimientos financieros. En el primer caso, la variaci\u00f3n fue de 11,11%, principalmente, como consecuencia del crecimiento de 11,93% de servicios comunales, sociales y personales (a raz\u00f3n de la mayor actividad de servicios recreativos), y\u00a0 restaurantes y hoteles que creci\u00f3 en 10,56%. El sector de electricidad, gas y agua creci\u00f3 en 5,32%. Mientras que, la actividad de establecimientos financieros registr\u00f3 una variaci\u00f3n de 3,88% resultado principalmente del mayor crecimiento de servicios financieros.<\/p>\r\n<p><img loading=\"lazy\" decoding=\"async\" class=\"aligncenter wp-image-62704 size-full\" src=\"https:\/\/www.ine.gob.bo\/wp-content\/uploads\/2023\/10\/G3-PIB-2T.png\" alt=\"\" width=\"885\" height=\"673\" srcset=\"https:\/\/www.ine.gob.bo\/wp-content\/uploads\/2023\/10\/G3-PIB-2T.png 885w, https:\/\/www.ine.gob.bo\/wp-content\/uploads\/2023\/10\/G3-PIB-2T-300x228.png 300w, https:\/\/www.ine.gob.bo\/wp-content\/uploads\/2023\/10\/G3-PIB-2T-768x584.png 768w\" sizes=\"auto, (max-width: 885px) 100vw, 885px\" \/><\/p>\r\n<p style=\"text-align: justify;\">Es necesario resaltar, la recuperaci\u00f3n del sector de la construcci\u00f3n que en el periodo registr\u00f3 un crecimiento de 3,64%, donde la inversi\u00f3n p\u00fablica en construcci\u00f3n aument\u00f3 en 3,90%.<\/p>\r\n<p style=\"text-align: justify;\">Si bien la industria manufacturera registr\u00f3 una variaci\u00f3n de -0,80% como consecuencia de la disminuci\u00f3n principalmente en productos manufacturados diversos (joyer\u00eda de metales preciosos) y de la refinaci\u00f3n (por una menor producci\u00f3n de petr\u00f3leo).\u00a0 Es importante enfatizar que actividades vinculadas a la demanda interna como ser la producci\u00f3n de c\u00e1rnicos, bebidas y la industria textil registraron tasas significativas, siendo esta \u00faltima actividad la que m\u00e1s creci\u00f3 en nuestra econom\u00eda con una tasa\u00a0 de casi 17%.<\/p>\r\n<h3 class=\"has-text-align-center\" style=\"text-align: center;\"><strong><em>Unidad de Difusi\u00f3n y Comunicaci\u00f3n<\/em><br \/>INSTITUTO NACIONAL DE ESTAD\u00cdSTICA<\/strong><\/h3>\r\n<p>&nbsp;<\/p>\r\n<p><img loading=\"lazy\" decoding=\"async\" class=\"aligncenter wp-image-62705 size-full\" src=\"https:\/\/www.ine.gob.bo\/wp-content\/uploads\/2023\/10\/PIE-PIB-2T.png\" alt=\"\" width=\"1392\" height=\"75\" srcset=\"https:\/\/www.ine.gob.bo\/wp-content\/uploads\/2023\/10\/PIE-PIB-2T.png 1392w, https:\/\/www.ine.gob.bo\/wp-content\/uploads\/2023\/10\/PIE-PIB-2T-300x16.png 300w, https:\/\/www.ine.gob.bo\/wp-content\/uploads\/2023\/10\/PIE-PIB-2T-1024x55.png 1024w, https:\/\/www.ine.gob.bo\/wp-content\/uploads\/2023\/10\/PIE-PIB-2T-768x41.png 768w\" sizes=\"auto, (max-width: 1392px) 100vw, 1392px\" \/><\/p>\r\n<p class=\"has-text-align-center\"><!-- \/wp:post-content --><\/p>\r\n<p><!-- wp:paragraph --><a href=\"https:\/\/nimbus.ine.gob.bo\/index.php\/s\/Lwt9jjEFijabMBC\/download\">Descargar Nota de Prensa<\/a><\/p>\r\n<p class=\"has-text-align-center\"><!-- \/wp:paragraph --><\/p>\r\n<!-- wp:separator --><hr class=\"wp-block-separator\" \/>\r\n<p class=\"has-text-align-center\"><!-- \/wp:separator --><\/p>\r\n<!-- wp:paragraph {\"align\":\"right\"} -->\r\n<p class=\"has-text-align-right\"><strong><em>Entidad dependiente del Ministerio de Planificaci\u00f3n del Desarrollo<\/em><\/strong><\/p>\r\n<p><!-- \/wp:paragraph -->\u00a0<\/p>\r\n<p>[\/vc_column_text][\/vc_column][\/vc_row]<\/p>","protected":false},"excerpt":{"rendered":"<p>[vc_row][vc_column][vc_column_text] La Paz, 27 de octubre de 2023 (INE).- En un contexto internacional dif\u00edcil por la persistencia de los conflictos armados que repercuten en la econom\u00eda mundial de manera negativa y que derivaron en problemas inflacionarios, junto al endurecimiento de las condiciones financieras y una desaceleraci\u00f3n econ\u00f3mica a escala global, Bolivia registra un crecimiento de&hellip;<\/p>\n","protected":false},"author":19,"featured_media":62706,"comment_status":"closed","ping_status":"open","sticky":false,"template":"","format":"standard","meta":[],"categories":[158],"tags":[52],"class_list":["post-62701","post","type-post","status-publish","format-standard","has-post-thumbnail","hentry","category-ine-noticias","tag-ine-noticias","category-158","description-off"],"yoast_head":"<!-- This site is optimized with the Yoast SEO plugin v23.2 - https:\/\/yoast.com\/wordpress\/plugins\/seo\/ -->\n<title>Bolivia registra el tercer lugar en crecimiento econ\u00f3mico en la regi\u00f3n al primer semestre del a\u00f1o - INE<\/title>\n<meta name=\"description\" content=\"P\u00e1gina oficial del Instituto Nacional de Estadistica INE, informaci\u00f3n estad\u00edstica, geogr\u00e1fica y econ\u00f3mica a nivel nacional.\" \/>\n<meta name=\"robots\" content=\"index, follow, max-snippet:-1, max-image-preview:large, max-video-preview:-1\" \/>\n<link rel=\"canonical\" href=\"https:\/\/www.ine.gob.bo\/index.php\/bolivia-registra-el-tercer-lugar-en-crecimiento-economico-en-la-region-al-primer-semestre-del-ano\/\" \/>\n<meta property=\"og:locale\" content=\"es_ES\" \/>\n<meta property=\"og:type\" content=\"article\" \/>\n<meta property=\"og:title\" content=\"Bolivia registra el tercer lugar en crecimiento econ\u00f3mico en la regi\u00f3n al primer semestre del a\u00f1o - INE\" \/>\n<meta property=\"og:description\" content=\"P\u00e1gina oficial del Instituto Nacional de Estadistica INE, informaci\u00f3n estad\u00edstica, geogr\u00e1fica y econ\u00f3mica a nivel nacional.\" \/>\n<meta property=\"og:url\" content=\"https:\/\/www.ine.gob.bo\/index.php\/bolivia-registra-el-tercer-lugar-en-crecimiento-economico-en-la-region-al-primer-semestre-del-ano\/\" \/>\n<meta property=\"og:site_name\" content=\"INE\" \/>\n<meta property=\"article:publisher\" content=\"https:\/\/www.facebook.com\/ineboliviaoficial\" \/>\n<meta property=\"article:published_time\" content=\"2023-10-27T14:43:04+00:00\" \/>\n<meta property=\"article:modified_time\" content=\"2025-06-20T13:42:28+00:00\" \/>\n<meta property=\"og:image\" content=\"https:\/\/www.ine.gob.bo\/wp-content\/uploads\/2023\/10\/Portada-PIB-2T.png\" \/>\n\t<meta property=\"og:image:width\" content=\"702\" \/>\n\t<meta property=\"og:image:height\" content=\"908\" \/>\n\t<meta property=\"og:image:type\" content=\"image\/png\" \/>\n<meta name=\"author\" content=\"Albaro Benedicto Laime Mamani\" \/>\n<meta name=\"twitter:card\" content=\"summary_large_image\" \/>\n<meta name=\"twitter:creator\" content=\"@INE_Bolivia\" \/>\n<meta name=\"twitter:site\" content=\"@INE_Bolivia\" \/>\n<meta name=\"twitter:label1\" content=\"Escrito por\" \/>\n\t<meta name=\"twitter:data1\" content=\"Albaro Benedicto Laime Mamani\" \/>\n\t<meta name=\"twitter:label2\" content=\"Tiempo de lectura\" \/>\n\t<meta name=\"twitter:data2\" content=\"4 minutos\" \/>\n<script type=\"application\/ld+json\" class=\"yoast-schema-graph\">{\"@context\":\"https:\/\/schema.org\",\"@graph\":[{\"@type\":\"Article\",\"@id\":\"https:\/\/www.ine.gob.bo\/index.php\/bolivia-registra-el-tercer-lugar-en-crecimiento-economico-en-la-region-al-primer-semestre-del-ano\/#article\",\"isPartOf\":{\"@id\":\"https:\/\/www.ine.gob.bo\/index.php\/bolivia-registra-el-tercer-lugar-en-crecimiento-economico-en-la-region-al-primer-semestre-del-ano\/\"},\"author\":{\"name\":\"Albaro Benedicto Laime Mamani\",\"@id\":\"https:\/\/www.ine.gob.bo\/#\/schema\/person\/cd5e3dea21e6634e99cebddcca7540d1\"},\"headline\":\"Bolivia registra el tercer lugar en crecimiento econ\u00f3mico en la regi\u00f3n al primer semestre del a\u00f1o\",\"datePublished\":\"2023-10-27T14:43:04+00:00\",\"dateModified\":\"2025-06-20T13:42:28+00:00\",\"mainEntityOfPage\":{\"@id\":\"https:\/\/www.ine.gob.bo\/index.php\/bolivia-registra-el-tercer-lugar-en-crecimiento-economico-en-la-region-al-primer-semestre-del-ano\/\"},\"wordCount\":569,\"publisher\":{\"@id\":\"https:\/\/www.ine.gob.bo\/#organization\"},\"image\":{\"@id\":\"https:\/\/www.ine.gob.bo\/index.php\/bolivia-registra-el-tercer-lugar-en-crecimiento-economico-en-la-region-al-primer-semestre-del-ano\/#primaryimage\"},\"thumbnailUrl\":\"https:\/\/www.ine.gob.bo\/wp-content\/uploads\/2023\/10\/Portada-PIB-2T.png\",\"keywords\":[\"INE Noticias\"],\"articleSection\":[\"INE noticias\"],\"inLanguage\":\"es\"},{\"@type\":\"WebPage\",\"@id\":\"https:\/\/www.ine.gob.bo\/index.php\/bolivia-registra-el-tercer-lugar-en-crecimiento-economico-en-la-region-al-primer-semestre-del-ano\/\",\"url\":\"https:\/\/www.ine.gob.bo\/index.php\/bolivia-registra-el-tercer-lugar-en-crecimiento-economico-en-la-region-al-primer-semestre-del-ano\/\",\"name\":\"Bolivia registra el tercer lugar en crecimiento econ\u00f3mico en la regi\u00f3n al primer semestre del a\u00f1o - INE\",\"isPartOf\":{\"@id\":\"https:\/\/www.ine.gob.bo\/#website\"},\"primaryImageOfPage\":{\"@id\":\"https:\/\/www.ine.gob.bo\/index.php\/bolivia-registra-el-tercer-lugar-en-crecimiento-economico-en-la-region-al-primer-semestre-del-ano\/#primaryimage\"},\"image\":{\"@id\":\"https:\/\/www.ine.gob.bo\/index.php\/bolivia-registra-el-tercer-lugar-en-crecimiento-economico-en-la-region-al-primer-semestre-del-ano\/#primaryimage\"},\"thumbnailUrl\":\"https:\/\/www.ine.gob.bo\/wp-content\/uploads\/2023\/10\/Portada-PIB-2T.png\",\"datePublished\":\"2023-10-27T14:43:04+00:00\",\"dateModified\":\"2025-06-20T13:42:28+00:00\",\"description\":\"P\u00e1gina oficial del Instituto Nacional de Estadistica INE, informaci\u00f3n estad\u00edstica, geogr\u00e1fica y econ\u00f3mica a nivel nacional.\",\"breadcrumb\":{\"@id\":\"https:\/\/www.ine.gob.bo\/index.php\/bolivia-registra-el-tercer-lugar-en-crecimiento-economico-en-la-region-al-primer-semestre-del-ano\/#breadcrumb\"},\"inLanguage\":\"es\",\"potentialAction\":[{\"@type\":\"ReadAction\",\"target\":[\"https:\/\/www.ine.gob.bo\/index.php\/bolivia-registra-el-tercer-lugar-en-crecimiento-economico-en-la-region-al-primer-semestre-del-ano\/\"]}]},{\"@type\":\"ImageObject\",\"inLanguage\":\"es\",\"@id\":\"https:\/\/www.ine.gob.bo\/index.php\/bolivia-registra-el-tercer-lugar-en-crecimiento-economico-en-la-region-al-primer-semestre-del-ano\/#primaryimage\",\"url\":\"https:\/\/www.ine.gob.bo\/wp-content\/uploads\/2023\/10\/Portada-PIB-2T.png\",\"contentUrl\":\"https:\/\/www.ine.gob.bo\/wp-content\/uploads\/2023\/10\/Portada-PIB-2T.png\",\"width\":702,\"height\":908},{\"@type\":\"BreadcrumbList\",\"@id\":\"https:\/\/www.ine.gob.bo\/index.php\/bolivia-registra-el-tercer-lugar-en-crecimiento-economico-en-la-region-al-primer-semestre-del-ano\/#breadcrumb\",\"itemListElement\":[{\"@type\":\"ListItem\",\"position\":1,\"name\":\"Portada\",\"item\":\"https:\/\/www.ine.gob.bo\/\"},{\"@type\":\"ListItem\",\"position\":2,\"name\":\"Bolivia registra el tercer lugar en crecimiento econ\u00f3mico en la regi\u00f3n al primer semestre del a\u00f1o\"}]},{\"@type\":\"WebSite\",\"@id\":\"https:\/\/www.ine.gob.bo\/#website\",\"url\":\"https:\/\/www.ine.gob.bo\/\",\"name\":\"INE\",\"description\":\"Instituto Nacional de Estad\u00edstica\",\"publisher\":{\"@id\":\"https:\/\/www.ine.gob.bo\/#organization\"},\"potentialAction\":[{\"@type\":\"SearchAction\",\"target\":{\"@type\":\"EntryPoint\",\"urlTemplate\":\"https:\/\/www.ine.gob.bo\/?s={search_term_string}\"},\"query-input\":\"required name=search_term_string\"}],\"inLanguage\":\"es\"},{\"@type\":\"Organization\",\"@id\":\"https:\/\/www.ine.gob.bo\/#organization\",\"name\":\"Instituto Nacional de Estad\u00edstica\",\"url\":\"https:\/\/www.ine.gob.bo\/\",\"logo\":{\"@type\":\"ImageObject\",\"inLanguage\":\"es\",\"@id\":\"https:\/\/www.ine.gob.bo\/#\/schema\/logo\/image\/\",\"url\":\"https:\/\/www.ine.gob.bo\/wp-content\/uploads\/2026\/02\/logo-ine.jpg\",\"contentUrl\":\"https:\/\/www.ine.gob.bo\/wp-content\/uploads\/2026\/02\/logo-ine.jpg\",\"width\":799,\"height\":453,\"caption\":\"Instituto Nacional de Estad\u00edstica\"},\"image\":{\"@id\":\"https:\/\/www.ine.gob.bo\/#\/schema\/logo\/image\/\"},\"sameAs\":[\"https:\/\/www.facebook.com\/ineboliviaoficial\",\"https:\/\/x.com\/INE_Bolivia\",\"https:\/\/www.instagram.com\/ineboliviaoficial\/\",\"https:\/\/www.youtube.com\/channel\/UCbIQXKLw414g5kWo1tAwqCg\"]},{\"@type\":\"Person\",\"@id\":\"https:\/\/www.ine.gob.bo\/#\/schema\/person\/cd5e3dea21e6634e99cebddcca7540d1\",\"name\":\"Albaro Benedicto Laime Mamani\",\"image\":{\"@type\":\"ImageObject\",\"inLanguage\":\"es\",\"@id\":\"https:\/\/www.ine.gob.bo\/#\/schema\/person\/image\/\",\"url\":\"https:\/\/secure.gravatar.com\/avatar\/450967f1badecac6afbf323d3a06c551f001ee9e5a1094976c96b19cce5b7180?s=96&d=mm&r=g\",\"contentUrl\":\"https:\/\/secure.gravatar.com\/avatar\/450967f1badecac6afbf323d3a06c551f001ee9e5a1094976c96b19cce5b7180?s=96&d=mm&r=g\",\"caption\":\"Albaro Benedicto Laime Mamani\"},\"url\":\"https:\/\/www.ine.gob.bo\/index.php\/author\/alaime\/\"}]}<\/script>\n<!-- \/ Yoast SEO plugin. -->","yoast_head_json":{"title":"Bolivia registra el tercer lugar en crecimiento econ\u00f3mico en la regi\u00f3n al primer semestre del a\u00f1o - INE","description":"P\u00e1gina oficial del Instituto Nacional de Estadistica INE, informaci\u00f3n estad\u00edstica, geogr\u00e1fica y econ\u00f3mica a nivel nacional.","robots":{"index":"index","follow":"follow","max-snippet":"max-snippet:-1","max-image-preview":"max-image-preview:large","max-video-preview":"max-video-preview:-1"},"canonical":"https:\/\/www.ine.gob.bo\/index.php\/bolivia-registra-el-tercer-lugar-en-crecimiento-economico-en-la-region-al-primer-semestre-del-ano\/","og_locale":"es_ES","og_type":"article","og_title":"Bolivia registra el tercer lugar en crecimiento econ\u00f3mico en la regi\u00f3n al primer semestre del a\u00f1o - INE","og_description":"P\u00e1gina oficial del Instituto Nacional de Estadistica INE, informaci\u00f3n estad\u00edstica, geogr\u00e1fica y econ\u00f3mica a nivel nacional.","og_url":"https:\/\/www.ine.gob.bo\/index.php\/bolivia-registra-el-tercer-lugar-en-crecimiento-economico-en-la-region-al-primer-semestre-del-ano\/","og_site_name":"INE","article_publisher":"https:\/\/www.facebook.com\/ineboliviaoficial","article_published_time":"2023-10-27T14:43:04+00:00","article_modified_time":"2025-06-20T13:42:28+00:00","og_image":[{"width":702,"height":908,"url":"https:\/\/www.ine.gob.bo\/wp-content\/uploads\/2023\/10\/Portada-PIB-2T.png","type":"image\/png"}],"author":"Albaro Benedicto Laime Mamani","twitter_card":"summary_large_image","twitter_creator":"@INE_Bolivia","twitter_site":"@INE_Bolivia","twitter_misc":{"Escrito por":"Albaro Benedicto Laime Mamani","Tiempo de lectura":"4 minutos"},"schema":{"@context":"https:\/\/schema.org","@graph":[{"@type":"Article","@id":"https:\/\/www.ine.gob.bo\/index.php\/bolivia-registra-el-tercer-lugar-en-crecimiento-economico-en-la-region-al-primer-semestre-del-ano\/#article","isPartOf":{"@id":"https:\/\/www.ine.gob.bo\/index.php\/bolivia-registra-el-tercer-lugar-en-crecimiento-economico-en-la-region-al-primer-semestre-del-ano\/"},"author":{"name":"Albaro Benedicto Laime Mamani","@id":"https:\/\/www.ine.gob.bo\/#\/schema\/person\/cd5e3dea21e6634e99cebddcca7540d1"},"headline":"Bolivia registra el tercer lugar en crecimiento econ\u00f3mico en la regi\u00f3n al primer semestre del a\u00f1o","datePublished":"2023-10-27T14:43:04+00:00","dateModified":"2025-06-20T13:42:28+00:00","mainEntityOfPage":{"@id":"https:\/\/www.ine.gob.bo\/index.php\/bolivia-registra-el-tercer-lugar-en-crecimiento-economico-en-la-region-al-primer-semestre-del-ano\/"},"wordCount":569,"publisher":{"@id":"https:\/\/www.ine.gob.bo\/#organization"},"image":{"@id":"https:\/\/www.ine.gob.bo\/index.php\/bolivia-registra-el-tercer-lugar-en-crecimiento-economico-en-la-region-al-primer-semestre-del-ano\/#primaryimage"},"thumbnailUrl":"https:\/\/www.ine.gob.bo\/wp-content\/uploads\/2023\/10\/Portada-PIB-2T.png","keywords":["INE Noticias"],"articleSection":["INE noticias"],"inLanguage":"es"},{"@type":"WebPage","@id":"https:\/\/www.ine.gob.bo\/index.php\/bolivia-registra-el-tercer-lugar-en-crecimiento-economico-en-la-region-al-primer-semestre-del-ano\/","url":"https:\/\/www.ine.gob.bo\/index.php\/bolivia-registra-el-tercer-lugar-en-crecimiento-economico-en-la-region-al-primer-semestre-del-ano\/","name":"Bolivia registra el tercer lugar en crecimiento econ\u00f3mico en la regi\u00f3n al primer semestre del a\u00f1o - INE","isPartOf":{"@id":"https:\/\/www.ine.gob.bo\/#website"},"primaryImageOfPage":{"@id":"https:\/\/www.ine.gob.bo\/index.php\/bolivia-registra-el-tercer-lugar-en-crecimiento-economico-en-la-region-al-primer-semestre-del-ano\/#primaryimage"},"image":{"@id":"https:\/\/www.ine.gob.bo\/index.php\/bolivia-registra-el-tercer-lugar-en-crecimiento-economico-en-la-region-al-primer-semestre-del-ano\/#primaryimage"},"thumbnailUrl":"https:\/\/www.ine.gob.bo\/wp-content\/uploads\/2023\/10\/Portada-PIB-2T.png","datePublished":"2023-10-27T14:43:04+00:00","dateModified":"2025-06-20T13:42:28+00:00","description":"P\u00e1gina oficial del Instituto Nacional de Estadistica INE, informaci\u00f3n estad\u00edstica, geogr\u00e1fica y econ\u00f3mica a nivel nacional.","breadcrumb":{"@id":"https:\/\/www.ine.gob.bo\/index.php\/bolivia-registra-el-tercer-lugar-en-crecimiento-economico-en-la-region-al-primer-semestre-del-ano\/#breadcrumb"},"inLanguage":"es","potentialAction":[{"@type":"ReadAction","target":["https:\/\/www.ine.gob.bo\/index.php\/bolivia-registra-el-tercer-lugar-en-crecimiento-economico-en-la-region-al-primer-semestre-del-ano\/"]}]},{"@type":"ImageObject","inLanguage":"es","@id":"https:\/\/www.ine.gob.bo\/index.php\/bolivia-registra-el-tercer-lugar-en-crecimiento-economico-en-la-region-al-primer-semestre-del-ano\/#primaryimage","url":"https:\/\/www.ine.gob.bo\/wp-content\/uploads\/2023\/10\/Portada-PIB-2T.png","contentUrl":"https:\/\/www.ine.gob.bo\/wp-content\/uploads\/2023\/10\/Portada-PIB-2T.png","width":702,"height":908},{"@type":"BreadcrumbList","@id":"https:\/\/www.ine.gob.bo\/index.php\/bolivia-registra-el-tercer-lugar-en-crecimiento-economico-en-la-region-al-primer-semestre-del-ano\/#breadcrumb","itemListElement":[{"@type":"ListItem","position":1,"name":"Portada","item":"https:\/\/www.ine.gob.bo\/"},{"@type":"ListItem","position":2,"name":"Bolivia registra el tercer lugar en crecimiento econ\u00f3mico en la regi\u00f3n al primer semestre del a\u00f1o"}]},{"@type":"WebSite","@id":"https:\/\/www.ine.gob.bo\/#website","url":"https:\/\/www.ine.gob.bo\/","name":"INE","description":"Instituto Nacional de Estad\u00edstica","publisher":{"@id":"https:\/\/www.ine.gob.bo\/#organization"},"potentialAction":[{"@type":"SearchAction","target":{"@type":"EntryPoint","urlTemplate":"https:\/\/www.ine.gob.bo\/?s={search_term_string}"},"query-input":"required name=search_term_string"}],"inLanguage":"es"},{"@type":"Organization","@id":"https:\/\/www.ine.gob.bo\/#organization","name":"Instituto Nacional de Estad\u00edstica","url":"https:\/\/www.ine.gob.bo\/","logo":{"@type":"ImageObject","inLanguage":"es","@id":"https:\/\/www.ine.gob.bo\/#\/schema\/logo\/image\/","url":"https:\/\/www.ine.gob.bo\/wp-content\/uploads\/2026\/02\/logo-ine.jpg","contentUrl":"https:\/\/www.ine.gob.bo\/wp-content\/uploads\/2026\/02\/logo-ine.jpg","width":799,"height":453,"caption":"Instituto Nacional de Estad\u00edstica"},"image":{"@id":"https:\/\/www.ine.gob.bo\/#\/schema\/logo\/image\/"},"sameAs":["https:\/\/www.facebook.com\/ineboliviaoficial","https:\/\/x.com\/INE_Bolivia","https:\/\/www.instagram.com\/ineboliviaoficial\/","https:\/\/www.youtube.com\/channel\/UCbIQXKLw414g5kWo1tAwqCg"]},{"@type":"Person","@id":"https:\/\/www.ine.gob.bo\/#\/schema\/person\/cd5e3dea21e6634e99cebddcca7540d1","name":"Albaro Benedicto Laime Mamani","image":{"@type":"ImageObject","inLanguage":"es","@id":"https:\/\/www.ine.gob.bo\/#\/schema\/person\/image\/","url":"https:\/\/secure.gravatar.com\/avatar\/450967f1badecac6afbf323d3a06c551f001ee9e5a1094976c96b19cce5b7180?s=96&d=mm&r=g","contentUrl":"https:\/\/secure.gravatar.com\/avatar\/450967f1badecac6afbf323d3a06c551f001ee9e5a1094976c96b19cce5b7180?s=96&d=mm&r=g","caption":"Albaro Benedicto Laime Mamani"},"url":"https:\/\/www.ine.gob.bo\/index.php\/author\/alaime\/"}]}},"rttpg_featured_image_url":{"full":["https:\/\/www.ine.gob.bo\/wp-content\/uploads\/2023\/10\/Portada-PIB-2T.png",702,908,false],"landscape":["https:\/\/www.ine.gob.bo\/wp-content\/uploads\/2023\/10\/Portada-PIB-2T.png",702,908,false],"portraits":["https:\/\/www.ine.gob.bo\/wp-content\/uploads\/2023\/10\/Portada-PIB-2T.png",702,908,false],"thumbnail":["https:\/\/www.ine.gob.bo\/wp-content\/uploads\/2023\/10\/Portada-PIB-2T-150x150.png",150,150,true],"medium":["https:\/\/www.ine.gob.bo\/wp-content\/uploads\/2023\/10\/Portada-PIB-2T-232x300.png",232,300,true],"large":["https:\/\/www.ine.gob.bo\/wp-content\/uploads\/2023\/10\/Portada-PIB-2T.png",702,908,false],"1536x1536":["https:\/\/www.ine.gob.bo\/wp-content\/uploads\/2023\/10\/Portada-PIB-2T.png",702,908,false],"2048x2048":["https:\/\/www.ine.gob.bo\/wp-content\/uploads\/2023\/10\/Portada-PIB-2T.png",702,908,false]},"rttpg_author":{"display_name":"Albaro Benedicto Laime Mamani","author_link":"https:\/\/www.ine.gob.bo\/index.php\/author\/alaime\/"},"rttpg_comment":0,"rttpg_category":"<a href=\"https:\/\/www.ine.gob.bo\/index.php\/category\/ine-noticias\/\" rel=\"category tag\">INE noticias<\/a>","rttpg_excerpt":"[vc_row][vc_column][vc_column_text] La Paz, 27 de octubre de 2023 (INE).- En un contexto internacional dif\u00edcil por la persistencia de los conflictos armados que repercuten en la econom\u00eda mundial de manera negativa y que derivaron en problemas inflacionarios, junto al endurecimiento de las condiciones financieras y una desaceleraci\u00f3n econ\u00f3mica a escala global, Bolivia registra un crecimiento de&hellip;","_links":{"self":[{"href":"https:\/\/www.ine.gob.bo\/index.php\/wp-json\/wp\/v2\/posts\/62701","targetHints":{"allow":["GET"]}}],"collection":[{"href":"https:\/\/www.ine.gob.bo\/index.php\/wp-json\/wp\/v2\/posts"}],"about":[{"href":"https:\/\/www.ine.gob.bo\/index.php\/wp-json\/wp\/v2\/types\/post"}],"author":[{"embeddable":true,"href":"https:\/\/www.ine.gob.bo\/index.php\/wp-json\/wp\/v2\/users\/19"}],"replies":[{"embeddable":true,"href":"https:\/\/www.ine.gob.bo\/index.php\/wp-json\/wp\/v2\/comments?post=62701"}],"version-history":[{"count":0,"href":"https:\/\/www.ine.gob.bo\/index.php\/wp-json\/wp\/v2\/posts\/62701\/revisions"}],"wp:featuredmedia":[{"embeddable":true,"href":"https:\/\/www.ine.gob.bo\/index.php\/wp-json\/wp\/v2\/media\/62706"}],"wp:attachment":[{"href":"https:\/\/www.ine.gob.bo\/index.php\/wp-json\/wp\/v2\/media?parent=62701"}],"wp:term":[{"taxonomy":"category","embeddable":true,"href":"https:\/\/www.ine.gob.bo\/index.php\/wp-json\/wp\/v2\/categories?post=62701"},{"taxonomy":"post_tag","embeddable":true,"href":"https:\/\/www.ine.gob.bo\/index.php\/wp-json\/wp\/v2\/tags?post=62701"}],"curies":[{"name":"wp","href":"https:\/\/api.w.org\/{rel}","templated":true}]}}