{"id":60340,"date":"2023-03-10T15:00:06","date_gmt":"2023-03-10T19:00:06","guid":{"rendered":"https:\/\/www.ine.gob.bo\/?p=60340"},"modified":"2025-06-20T14:03:05","modified_gmt":"2025-06-20T18:03:05","slug":"indice-de-precios-al-por-mayor-ipm-aumento-en-008-en-febrero-de-2023","status":"publish","type":"post","link":"https:\/\/www.ine.gob.bo\/index.php\/indice-de-precios-al-por-mayor-ipm-aumento-en-008-en-febrero-de-2023\/","title":{"rendered":"\u00cdndice de Precios al por Mayor (IPM) aument\u00f3 en 0,08% en febrero de 2023"},"content":{"rendered":"<p>[vc_row][vc_column][vc_column_text]<\/p>\r\n<p style=\"text-align: left;\"><strong>La Paz, 10 de marzo de 2023 (INE). \u2013 <\/strong>En febrero de 2023, el \u00cdndice de Precios al por Mayor (IPM) registr\u00f3 un aumento de 0,08% respecto a enero. La variaci\u00f3n acumulada hasta febrero tuvo un incremento de 1,46% y a doce meses fue de 10,45%.<\/p>\r\n<p><img loading=\"lazy\" decoding=\"async\" class=\"aligncenter wp-image-60341 size-full\" src=\"https:\/\/www.ine.gob.bo\/wp-content\/uploads\/2023\/03\/Cuadro-1.-IPM-FEB-2023.png\" alt=\"\" width=\"995\" height=\"525\" srcset=\"https:\/\/www.ine.gob.bo\/wp-content\/uploads\/2023\/03\/Cuadro-1.-IPM-FEB-2023.png 995w, https:\/\/www.ine.gob.bo\/wp-content\/uploads\/2023\/03\/Cuadro-1.-IPM-FEB-2023-300x158.png 300w, https:\/\/www.ine.gob.bo\/wp-content\/uploads\/2023\/03\/Cuadro-1.-IPM-FEB-2023-768x405.png 768w\" sizes=\"auto, (max-width: 995px) 100vw, 995px\" \/><\/p>\r\n<p><img loading=\"lazy\" decoding=\"async\" class=\"aligncenter wp-image-60342 size-large\" src=\"https:\/\/www.ine.gob.bo\/wp-content\/uploads\/2023\/03\/Grafico-1.-IPM-FEB-2023-1024x669.png\" alt=\"\" width=\"1024\" height=\"669\" srcset=\"https:\/\/www.ine.gob.bo\/wp-content\/uploads\/2023\/03\/Grafico-1.-IPM-FEB-2023-1024x669.png 1024w, https:\/\/www.ine.gob.bo\/wp-content\/uploads\/2023\/03\/Grafico-1.-IPM-FEB-2023-300x196.png 300w, https:\/\/www.ine.gob.bo\/wp-content\/uploads\/2023\/03\/Grafico-1.-IPM-FEB-2023-768x502.png 768w, https:\/\/www.ine.gob.bo\/wp-content\/uploads\/2023\/03\/Grafico-1.-IPM-FEB-2023.png 1042w\" sizes=\"auto, (max-width: 1024px) 100vw, 1024px\" \/><\/p>\r\n<p>&nbsp;<\/p>\r\n<p><strong>Comportamiento de precios al por mayor, seg\u00fan origen<\/strong><\/p>\r\n<p>El aumento se debi\u00f3, principalmente, al incremento de precios de los productos de origen nacional que presentaron una variaci\u00f3n porcentual de 0,10% y una incidencia de 0,08 puntos porcentuales.<\/p>\r\n<p><img loading=\"lazy\" decoding=\"async\" class=\"aligncenter wp-image-60343 size-full\" src=\"https:\/\/www.ine.gob.bo\/wp-content\/uploads\/2023\/03\/Cuadro-2.-IPM-FEB-2023.png\" alt=\"\" width=\"1006\" height=\"390\" srcset=\"https:\/\/www.ine.gob.bo\/wp-content\/uploads\/2023\/03\/Cuadro-2.-IPM-FEB-2023.png 1006w, https:\/\/www.ine.gob.bo\/wp-content\/uploads\/2023\/03\/Cuadro-2.-IPM-FEB-2023-300x116.png 300w, https:\/\/www.ine.gob.bo\/wp-content\/uploads\/2023\/03\/Cuadro-2.-IPM-FEB-2023-768x298.png 768w\" sizes=\"auto, (max-width: 1006px) 100vw, 1006px\" \/><\/p>\r\n<p><strong><img loading=\"lazy\" decoding=\"async\" class=\"aligncenter wp-image-60344 size-full\" src=\"https:\/\/www.ine.gob.bo\/wp-content\/uploads\/2023\/03\/Grafico-2.-IPM-FEB-2023.png\" alt=\"\" width=\"747\" height=\"457\" srcset=\"https:\/\/www.ine.gob.bo\/wp-content\/uploads\/2023\/03\/Grafico-2.-IPM-FEB-2023.png 747w, https:\/\/www.ine.gob.bo\/wp-content\/uploads\/2023\/03\/Grafico-2.-IPM-FEB-2023-300x184.png 300w\" sizes=\"auto, (max-width: 747px) 100vw, 747px\" \/><\/strong><\/p>\r\n<p>&nbsp;<\/p>\r\n<p><strong>Comportamiento de precios al por mayor, seg\u00fan origen y grupos<\/strong><\/p>\r\n<p>El incremento de 0,10% de los precios de origen nacional, se debi\u00f3 principalmente a una incidencia de 0,73 p.p. en el sector agr\u00edcola y una variaci\u00f3n porcentual mensual de 1,69%.<\/p>\r\n<p>El decremento de -0,04% de los precios de origen importado, se explic\u00f3 por el sector manufacturero que present\u00f3 una incidencia de -0,12 p.p. y una variaci\u00f3n porcentual negativa de -0,13%.<\/p>\r\n<p><img loading=\"lazy\" decoding=\"async\" class=\"aligncenter wp-image-60345 size-full\" src=\"https:\/\/www.ine.gob.bo\/wp-content\/uploads\/2023\/03\/Cuadro-3.-IPM-FEB-2023.png\" alt=\"\" width=\"1014\" height=\"522\" srcset=\"https:\/\/www.ine.gob.bo\/wp-content\/uploads\/2023\/03\/Cuadro-3.-IPM-FEB-2023.png 1014w, https:\/\/www.ine.gob.bo\/wp-content\/uploads\/2023\/03\/Cuadro-3.-IPM-FEB-2023-300x154.png 300w, https:\/\/www.ine.gob.bo\/wp-content\/uploads\/2023\/03\/Cuadro-3.-IPM-FEB-2023-768x395.png 768w\" sizes=\"auto, (max-width: 1014px) 100vw, 1014px\" \/><\/p>\r\n<p><img loading=\"lazy\" decoding=\"async\" class=\"aligncenter wp-image-60346 size-full\" src=\"https:\/\/www.ine.gob.bo\/wp-content\/uploads\/2023\/03\/Grafico-3.-IPM-FEB-2023.png\" alt=\"\" width=\"949\" height=\"652\" srcset=\"https:\/\/www.ine.gob.bo\/wp-content\/uploads\/2023\/03\/Grafico-3.-IPM-FEB-2023.png 949w, https:\/\/www.ine.gob.bo\/wp-content\/uploads\/2023\/03\/Grafico-3.-IPM-FEB-2023-300x206.png 300w, https:\/\/www.ine.gob.bo\/wp-content\/uploads\/2023\/03\/Grafico-3.-IPM-FEB-2023-768x528.png 768w\" sizes=\"auto, (max-width: 949px) 100vw, 949px\" \/><\/p>\r\n<p>&nbsp;<\/p>\r\n<p><strong>Productos con mayor incidencia positiva y negativa <\/strong><\/p>\r\n<p><strong>Origen Nacional<\/strong><\/p>\r\n<p>Los productos de origen nacional con mayor incidencia porcentual positiva en febrero fueron: papa (patata), ma\u00edz, harina o torta de soya, huevos de gallina, productos impresos y yuca. Por el contrario, aquellos con mayor incidencia negativa fueron: carnes frescas de pollo, tomate, palta (aguacate), lim\u00f3n, pi\u00f1a (anan\u00e1) y habas verdes.<\/p>\r\n<p><img loading=\"lazy\" decoding=\"async\" class=\"aligncenter wp-image-60347 size-full\" src=\"https:\/\/www.ine.gob.bo\/wp-content\/uploads\/2023\/03\/Cuadro-4.-IPM-FEB-2023.png\" alt=\"\" width=\"1021\" height=\"676\" srcset=\"https:\/\/www.ine.gob.bo\/wp-content\/uploads\/2023\/03\/Cuadro-4.-IPM-FEB-2023.png 1021w, https:\/\/www.ine.gob.bo\/wp-content\/uploads\/2023\/03\/Cuadro-4.-IPM-FEB-2023-300x199.png 300w, https:\/\/www.ine.gob.bo\/wp-content\/uploads\/2023\/03\/Cuadro-4.-IPM-FEB-2023-768x508.png 768w\" sizes=\"auto, (max-width: 1021px) 100vw, 1021px\" \/><\/p>\r\n<p>&nbsp;<\/p>\r\n<p><strong>Origen Importado<\/strong><\/p>\r\n<div align=\"JUSTIFY\">\r\n<p>Los productos de origen importado con mayor incidencia porcentual negativa en febrero fueron: harina de trigo, vidrio laminado\/vidrio templado, bebidas destiladas\/preparadas, cerveza, pinturas\/barnices y salsas\/condimentos mixtos procesados. Por el contrario, aquellos con mayor incidencia positiva fueron: accesorios para veh\u00edculos automotores, manzana, tejidos de fibras textiles naturales\/sint\u00e9ticas\/artificiales, papel y cart\u00f3n en rollos\/cortados listos para usar, productos de cacao y preparados para limpieza\/preparados de tocador.<\/p>\r\n<p><img loading=\"lazy\" decoding=\"async\" class=\"aligncenter wp-image-60348 size-large\" src=\"https:\/\/www.ine.gob.bo\/wp-content\/uploads\/2023\/03\/Cuadro-5.-IPM-FEB-2023-1024x648.png\" alt=\"\" width=\"1024\" height=\"648\" srcset=\"https:\/\/www.ine.gob.bo\/wp-content\/uploads\/2023\/03\/Cuadro-5.-IPM-FEB-2023-1024x648.png 1024w, https:\/\/www.ine.gob.bo\/wp-content\/uploads\/2023\/03\/Cuadro-5.-IPM-FEB-2023-300x190.png 300w, https:\/\/www.ine.gob.bo\/wp-content\/uploads\/2023\/03\/Cuadro-5.-IPM-FEB-2023-768x486.png 768w, https:\/\/www.ine.gob.bo\/wp-content\/uploads\/2023\/03\/Cuadro-5.-IPM-FEB-2023.png 1048w\" sizes=\"auto, (max-width: 1024px) 100vw, 1024px\" \/><\/p>\r\n<p>&nbsp;<\/p>\r\n<\/div>\r\n<p><img loading=\"lazy\" decoding=\"async\" class=\"aligncenter wp-image-60349 size-full\" src=\"https:\/\/www.ine.gob.bo\/wp-content\/uploads\/2023\/03\/Grafico-4.-IPM-FEB-2023.png\" alt=\"\" width=\"1015\" height=\"613\" srcset=\"https:\/\/www.ine.gob.bo\/wp-content\/uploads\/2023\/03\/Grafico-4.-IPM-FEB-2023.png 1015w, https:\/\/www.ine.gob.bo\/wp-content\/uploads\/2023\/03\/Grafico-4.-IPM-FEB-2023-300x181.png 300w, https:\/\/www.ine.gob.bo\/wp-content\/uploads\/2023\/03\/Grafico-4.-IPM-FEB-2023-768x464.png 768w\" sizes=\"auto, (max-width: 1015px) 100vw, 1015px\" \/><\/p>\r\n<p>&nbsp;<\/p>\r\n<p style=\"text-align: center;\"><em><strong>Unidad de Difusi\u00f3n y Comunicaci\u00f3n <\/strong><\/em><br \/><strong>INSTITUTO NACIONAL DE ESTAD\u00cdSTICA<\/strong><\/p>\r\n<p>&nbsp;<\/p>\r\n<p><img loading=\"lazy\" decoding=\"async\" class=\"aligncenter wp-image-58439 size-full\" src=\"https:\/\/www.ine.gob.bo\/wp-content\/uploads\/2022\/09\/Nota.-NP-IPM-Agosto-2022.png\" alt=\"\" width=\"896\" height=\"50\" srcset=\"https:\/\/www.ine.gob.bo\/wp-content\/uploads\/2022\/09\/Nota.-NP-IPM-Agosto-2022.png 896w, https:\/\/www.ine.gob.bo\/wp-content\/uploads\/2022\/09\/Nota.-NP-IPM-Agosto-2022-300x17.png 300w, https:\/\/www.ine.gob.bo\/wp-content\/uploads\/2022\/09\/Nota.-NP-IPM-Agosto-2022-768x43.png 768w\" sizes=\"auto, (max-width: 896px) 100vw, 896px\" \/><\/p>\r\n<p>&nbsp;<\/p>\r\n<p><a href=\"https:\/\/nimbus.ine.gob.bo\/index.php\/s\/JF9ZdPLwBwBcYmE\/download\">Descargar Nota de Prensa<\/a><\/p>\r\n<p class=\"has-text-align-center\"><!-- \/wp:post-content --><\/p>\r\n<p class=\"has-text-align-center\"><!-- wp:separator --><\/p>\r\n<hr class=\"wp-block-separator\" \/>\r\n<p class=\"has-text-align-center\"><!-- \/wp:separator --><\/p>\r\n<p class=\"has-text-align-center\"><!-- wp:paragraph {\"align\":\"right\"} --><\/p>\r\n<p class=\"has-text-align-right\"><strong><em>Entidad dependiente del Ministerio de Planificaci\u00f3n del Desarrollo<\/em><\/strong><\/p>\r\n<p class=\"has-text-align-center\"><!-- \/wp:paragraph --><\/p>\r\n<p>&nbsp;<\/p>\r\n<p>&nbsp;<\/p>\r\n<p>[\/vc_column_text][\/vc_column][\/vc_row]<\/p>","protected":false},"excerpt":{"rendered":"<p>[vc_row][vc_column][vc_column_text] La Paz, 10 de marzo de 2023 (INE). \u2013 En febrero de 2023, el \u00cdndice de Precios al por Mayor (IPM) registr\u00f3 un aumento de 0,08% respecto a enero. La variaci\u00f3n acumulada hasta febrero tuvo un incremento de 1,46% y a doce meses fue de 10,45%. &nbsp; Comportamiento de precios al por mayor, seg\u00fan&hellip;<\/p>\n","protected":false},"author":19,"featured_media":60350,"comment_status":"closed","ping_status":"open","sticky":false,"template":"","format":"standard","meta":[],"categories":[158],"tags":[52],"class_list":["post-60340","post","type-post","status-publish","format-standard","has-post-thumbnail","hentry","category-ine-noticias","tag-ine-noticias","category-158","description-off"],"yoast_head":"<!-- This site is optimized with the Yoast SEO plugin v23.2 - https:\/\/yoast.com\/wordpress\/plugins\/seo\/ -->\n<title>\u00cdndice de Precios al por Mayor (IPM) aument\u00f3 en 0,08% en febrero de 2023 - INE<\/title>\n<meta name=\"description\" content=\"P\u00e1gina oficial del Instituto Nacional de Estadistica INE, informaci\u00f3n estad\u00edstica, geogr\u00e1fica y econ\u00f3mica a nivel nacional.\" \/>\n<meta name=\"robots\" content=\"index, follow, max-snippet:-1, max-image-preview:large, max-video-preview:-1\" \/>\n<link rel=\"canonical\" href=\"https:\/\/www.ine.gob.bo\/index.php\/indice-de-precios-al-por-mayor-ipm-aumento-en-008-en-febrero-de-2023\/\" \/>\n<meta property=\"og:locale\" content=\"es_ES\" \/>\n<meta property=\"og:type\" content=\"article\" \/>\n<meta property=\"og:title\" content=\"\u00cdndice de Precios al por Mayor (IPM) aument\u00f3 en 0,08% en febrero de 2023 - INE\" \/>\n<meta property=\"og:description\" content=\"P\u00e1gina oficial del Instituto Nacional de Estadistica INE, informaci\u00f3n estad\u00edstica, geogr\u00e1fica y econ\u00f3mica a nivel nacional.\" \/>\n<meta property=\"og:url\" content=\"https:\/\/www.ine.gob.bo\/index.php\/indice-de-precios-al-por-mayor-ipm-aumento-en-008-en-febrero-de-2023\/\" \/>\n<meta property=\"og:site_name\" content=\"INE\" \/>\n<meta property=\"article:publisher\" content=\"https:\/\/www.facebook.com\/ineboliviaoficial\" \/>\n<meta property=\"article:published_time\" content=\"2023-03-10T19:00:06+00:00\" \/>\n<meta property=\"article:modified_time\" content=\"2025-06-20T18:03:05+00:00\" \/>\n<meta property=\"og:image\" content=\"https:\/\/www.ine.gob.bo\/wp-content\/uploads\/2023\/03\/Portada-IPM-FEB-2023.png\" \/>\n\t<meta property=\"og:image:width\" content=\"703\" \/>\n\t<meta property=\"og:image:height\" content=\"911\" \/>\n\t<meta property=\"og:image:type\" content=\"image\/png\" \/>\n<meta name=\"author\" content=\"Albaro Benedicto Laime Mamani\" \/>\n<meta name=\"twitter:card\" content=\"summary_large_image\" \/>\n<meta name=\"twitter:creator\" content=\"@INE_Bolivia\" \/>\n<meta name=\"twitter:site\" content=\"@INE_Bolivia\" \/>\n<meta name=\"twitter:label1\" content=\"Escrito por\" \/>\n\t<meta name=\"twitter:data1\" content=\"Albaro Benedicto Laime Mamani\" \/>\n\t<meta name=\"twitter:label2\" content=\"Tiempo de lectura\" \/>\n\t<meta name=\"twitter:data2\" content=\"4 minutos\" \/>\n<script type=\"application\/ld+json\" class=\"yoast-schema-graph\">{\"@context\":\"https:\/\/schema.org\",\"@graph\":[{\"@type\":\"Article\",\"@id\":\"https:\/\/www.ine.gob.bo\/index.php\/indice-de-precios-al-por-mayor-ipm-aumento-en-008-en-febrero-de-2023\/#article\",\"isPartOf\":{\"@id\":\"https:\/\/www.ine.gob.bo\/index.php\/indice-de-precios-al-por-mayor-ipm-aumento-en-008-en-febrero-de-2023\/\"},\"author\":{\"name\":\"Albaro Benedicto Laime Mamani\",\"@id\":\"https:\/\/www.ine.gob.bo\/#\/schema\/person\/cd5e3dea21e6634e99cebddcca7540d1\"},\"headline\":\"\u00cdndice de Precios al por Mayor (IPM) aument\u00f3 en 0,08% en febrero de 2023\",\"datePublished\":\"2023-03-10T19:00:06+00:00\",\"dateModified\":\"2025-06-20T18:03:05+00:00\",\"mainEntityOfPage\":{\"@id\":\"https:\/\/www.ine.gob.bo\/index.php\/indice-de-precios-al-por-mayor-ipm-aumento-en-008-en-febrero-de-2023\/\"},\"wordCount\":349,\"publisher\":{\"@id\":\"https:\/\/www.ine.gob.bo\/#organization\"},\"image\":{\"@id\":\"https:\/\/www.ine.gob.bo\/index.php\/indice-de-precios-al-por-mayor-ipm-aumento-en-008-en-febrero-de-2023\/#primaryimage\"},\"thumbnailUrl\":\"https:\/\/www.ine.gob.bo\/wp-content\/uploads\/2023\/03\/Portada-IPM-FEB-2023.png\",\"keywords\":[\"INE Noticias\"],\"articleSection\":[\"INE noticias\"],\"inLanguage\":\"es\"},{\"@type\":\"WebPage\",\"@id\":\"https:\/\/www.ine.gob.bo\/index.php\/indice-de-precios-al-por-mayor-ipm-aumento-en-008-en-febrero-de-2023\/\",\"url\":\"https:\/\/www.ine.gob.bo\/index.php\/indice-de-precios-al-por-mayor-ipm-aumento-en-008-en-febrero-de-2023\/\",\"name\":\"\u00cdndice de Precios al por Mayor (IPM) aument\u00f3 en 0,08% en febrero de 2023 - INE\",\"isPartOf\":{\"@id\":\"https:\/\/www.ine.gob.bo\/#website\"},\"primaryImageOfPage\":{\"@id\":\"https:\/\/www.ine.gob.bo\/index.php\/indice-de-precios-al-por-mayor-ipm-aumento-en-008-en-febrero-de-2023\/#primaryimage\"},\"image\":{\"@id\":\"https:\/\/www.ine.gob.bo\/index.php\/indice-de-precios-al-por-mayor-ipm-aumento-en-008-en-febrero-de-2023\/#primaryimage\"},\"thumbnailUrl\":\"https:\/\/www.ine.gob.bo\/wp-content\/uploads\/2023\/03\/Portada-IPM-FEB-2023.png\",\"datePublished\":\"2023-03-10T19:00:06+00:00\",\"dateModified\":\"2025-06-20T18:03:05+00:00\",\"description\":\"P\u00e1gina oficial del Instituto Nacional de Estadistica INE, informaci\u00f3n estad\u00edstica, geogr\u00e1fica y econ\u00f3mica a nivel nacional.\",\"breadcrumb\":{\"@id\":\"https:\/\/www.ine.gob.bo\/index.php\/indice-de-precios-al-por-mayor-ipm-aumento-en-008-en-febrero-de-2023\/#breadcrumb\"},\"inLanguage\":\"es\",\"potentialAction\":[{\"@type\":\"ReadAction\",\"target\":[\"https:\/\/www.ine.gob.bo\/index.php\/indice-de-precios-al-por-mayor-ipm-aumento-en-008-en-febrero-de-2023\/\"]}]},{\"@type\":\"ImageObject\",\"inLanguage\":\"es\",\"@id\":\"https:\/\/www.ine.gob.bo\/index.php\/indice-de-precios-al-por-mayor-ipm-aumento-en-008-en-febrero-de-2023\/#primaryimage\",\"url\":\"https:\/\/www.ine.gob.bo\/wp-content\/uploads\/2023\/03\/Portada-IPM-FEB-2023.png\",\"contentUrl\":\"https:\/\/www.ine.gob.bo\/wp-content\/uploads\/2023\/03\/Portada-IPM-FEB-2023.png\",\"width\":703,\"height\":911},{\"@type\":\"BreadcrumbList\",\"@id\":\"https:\/\/www.ine.gob.bo\/index.php\/indice-de-precios-al-por-mayor-ipm-aumento-en-008-en-febrero-de-2023\/#breadcrumb\",\"itemListElement\":[{\"@type\":\"ListItem\",\"position\":1,\"name\":\"Portada\",\"item\":\"https:\/\/www.ine.gob.bo\/\"},{\"@type\":\"ListItem\",\"position\":2,\"name\":\"\u00cdndice de Precios al por Mayor (IPM) aument\u00f3 en 0,08% en febrero de 2023\"}]},{\"@type\":\"WebSite\",\"@id\":\"https:\/\/www.ine.gob.bo\/#website\",\"url\":\"https:\/\/www.ine.gob.bo\/\",\"name\":\"INE\",\"description\":\"Instituto Nacional de Estad\u00edstica\",\"publisher\":{\"@id\":\"https:\/\/www.ine.gob.bo\/#organization\"},\"potentialAction\":[{\"@type\":\"SearchAction\",\"target\":{\"@type\":\"EntryPoint\",\"urlTemplate\":\"https:\/\/www.ine.gob.bo\/?s={search_term_string}\"},\"query-input\":\"required name=search_term_string\"}],\"inLanguage\":\"es\"},{\"@type\":\"Organization\",\"@id\":\"https:\/\/www.ine.gob.bo\/#organization\",\"name\":\"Instituto Nacional de Estad\u00edstica\",\"url\":\"https:\/\/www.ine.gob.bo\/\",\"logo\":{\"@type\":\"ImageObject\",\"inLanguage\":\"es\",\"@id\":\"https:\/\/www.ine.gob.bo\/#\/schema\/logo\/image\/\",\"url\":\"https:\/\/www.ine.gob.bo\/wp-content\/uploads\/2026\/02\/logo-ine.jpg\",\"contentUrl\":\"https:\/\/www.ine.gob.bo\/wp-content\/uploads\/2026\/02\/logo-ine.jpg\",\"width\":799,\"height\":453,\"caption\":\"Instituto Nacional de Estad\u00edstica\"},\"image\":{\"@id\":\"https:\/\/www.ine.gob.bo\/#\/schema\/logo\/image\/\"},\"sameAs\":[\"https:\/\/www.facebook.com\/ineboliviaoficial\",\"https:\/\/x.com\/INE_Bolivia\",\"https:\/\/www.instagram.com\/ineboliviaoficial\/\",\"https:\/\/www.youtube.com\/channel\/UCbIQXKLw414g5kWo1tAwqCg\"]},{\"@type\":\"Person\",\"@id\":\"https:\/\/www.ine.gob.bo\/#\/schema\/person\/cd5e3dea21e6634e99cebddcca7540d1\",\"name\":\"Albaro Benedicto Laime Mamani\",\"image\":{\"@type\":\"ImageObject\",\"inLanguage\":\"es\",\"@id\":\"https:\/\/www.ine.gob.bo\/#\/schema\/person\/image\/\",\"url\":\"https:\/\/secure.gravatar.com\/avatar\/450967f1badecac6afbf323d3a06c551f001ee9e5a1094976c96b19cce5b7180?s=96&d=mm&r=g\",\"contentUrl\":\"https:\/\/secure.gravatar.com\/avatar\/450967f1badecac6afbf323d3a06c551f001ee9e5a1094976c96b19cce5b7180?s=96&d=mm&r=g\",\"caption\":\"Albaro Benedicto Laime Mamani\"},\"url\":\"https:\/\/www.ine.gob.bo\/index.php\/author\/alaime\/\"}]}<\/script>\n<!-- \/ Yoast SEO plugin. -->","yoast_head_json":{"title":"\u00cdndice de Precios al por Mayor (IPM) aument\u00f3 en 0,08% en febrero de 2023 - INE","description":"P\u00e1gina oficial del Instituto Nacional de Estadistica INE, informaci\u00f3n estad\u00edstica, geogr\u00e1fica y econ\u00f3mica a nivel nacional.","robots":{"index":"index","follow":"follow","max-snippet":"max-snippet:-1","max-image-preview":"max-image-preview:large","max-video-preview":"max-video-preview:-1"},"canonical":"https:\/\/www.ine.gob.bo\/index.php\/indice-de-precios-al-por-mayor-ipm-aumento-en-008-en-febrero-de-2023\/","og_locale":"es_ES","og_type":"article","og_title":"\u00cdndice de Precios al por Mayor (IPM) aument\u00f3 en 0,08% en febrero de 2023 - INE","og_description":"P\u00e1gina oficial del Instituto Nacional de Estadistica INE, informaci\u00f3n estad\u00edstica, geogr\u00e1fica y econ\u00f3mica a nivel nacional.","og_url":"https:\/\/www.ine.gob.bo\/index.php\/indice-de-precios-al-por-mayor-ipm-aumento-en-008-en-febrero-de-2023\/","og_site_name":"INE","article_publisher":"https:\/\/www.facebook.com\/ineboliviaoficial","article_published_time":"2023-03-10T19:00:06+00:00","article_modified_time":"2025-06-20T18:03:05+00:00","og_image":[{"width":703,"height":911,"url":"https:\/\/www.ine.gob.bo\/wp-content\/uploads\/2023\/03\/Portada-IPM-FEB-2023.png","type":"image\/png"}],"author":"Albaro Benedicto Laime Mamani","twitter_card":"summary_large_image","twitter_creator":"@INE_Bolivia","twitter_site":"@INE_Bolivia","twitter_misc":{"Escrito por":"Albaro Benedicto Laime Mamani","Tiempo de lectura":"4 minutos"},"schema":{"@context":"https:\/\/schema.org","@graph":[{"@type":"Article","@id":"https:\/\/www.ine.gob.bo\/index.php\/indice-de-precios-al-por-mayor-ipm-aumento-en-008-en-febrero-de-2023\/#article","isPartOf":{"@id":"https:\/\/www.ine.gob.bo\/index.php\/indice-de-precios-al-por-mayor-ipm-aumento-en-008-en-febrero-de-2023\/"},"author":{"name":"Albaro Benedicto Laime Mamani","@id":"https:\/\/www.ine.gob.bo\/#\/schema\/person\/cd5e3dea21e6634e99cebddcca7540d1"},"headline":"\u00cdndice de Precios al por Mayor (IPM) aument\u00f3 en 0,08% en febrero de 2023","datePublished":"2023-03-10T19:00:06+00:00","dateModified":"2025-06-20T18:03:05+00:00","mainEntityOfPage":{"@id":"https:\/\/www.ine.gob.bo\/index.php\/indice-de-precios-al-por-mayor-ipm-aumento-en-008-en-febrero-de-2023\/"},"wordCount":349,"publisher":{"@id":"https:\/\/www.ine.gob.bo\/#organization"},"image":{"@id":"https:\/\/www.ine.gob.bo\/index.php\/indice-de-precios-al-por-mayor-ipm-aumento-en-008-en-febrero-de-2023\/#primaryimage"},"thumbnailUrl":"https:\/\/www.ine.gob.bo\/wp-content\/uploads\/2023\/03\/Portada-IPM-FEB-2023.png","keywords":["INE Noticias"],"articleSection":["INE noticias"],"inLanguage":"es"},{"@type":"WebPage","@id":"https:\/\/www.ine.gob.bo\/index.php\/indice-de-precios-al-por-mayor-ipm-aumento-en-008-en-febrero-de-2023\/","url":"https:\/\/www.ine.gob.bo\/index.php\/indice-de-precios-al-por-mayor-ipm-aumento-en-008-en-febrero-de-2023\/","name":"\u00cdndice de Precios al por Mayor (IPM) aument\u00f3 en 0,08% en febrero de 2023 - INE","isPartOf":{"@id":"https:\/\/www.ine.gob.bo\/#website"},"primaryImageOfPage":{"@id":"https:\/\/www.ine.gob.bo\/index.php\/indice-de-precios-al-por-mayor-ipm-aumento-en-008-en-febrero-de-2023\/#primaryimage"},"image":{"@id":"https:\/\/www.ine.gob.bo\/index.php\/indice-de-precios-al-por-mayor-ipm-aumento-en-008-en-febrero-de-2023\/#primaryimage"},"thumbnailUrl":"https:\/\/www.ine.gob.bo\/wp-content\/uploads\/2023\/03\/Portada-IPM-FEB-2023.png","datePublished":"2023-03-10T19:00:06+00:00","dateModified":"2025-06-20T18:03:05+00:00","description":"P\u00e1gina oficial del Instituto Nacional de Estadistica INE, informaci\u00f3n estad\u00edstica, geogr\u00e1fica y econ\u00f3mica a nivel nacional.","breadcrumb":{"@id":"https:\/\/www.ine.gob.bo\/index.php\/indice-de-precios-al-por-mayor-ipm-aumento-en-008-en-febrero-de-2023\/#breadcrumb"},"inLanguage":"es","potentialAction":[{"@type":"ReadAction","target":["https:\/\/www.ine.gob.bo\/index.php\/indice-de-precios-al-por-mayor-ipm-aumento-en-008-en-febrero-de-2023\/"]}]},{"@type":"ImageObject","inLanguage":"es","@id":"https:\/\/www.ine.gob.bo\/index.php\/indice-de-precios-al-por-mayor-ipm-aumento-en-008-en-febrero-de-2023\/#primaryimage","url":"https:\/\/www.ine.gob.bo\/wp-content\/uploads\/2023\/03\/Portada-IPM-FEB-2023.png","contentUrl":"https:\/\/www.ine.gob.bo\/wp-content\/uploads\/2023\/03\/Portada-IPM-FEB-2023.png","width":703,"height":911},{"@type":"BreadcrumbList","@id":"https:\/\/www.ine.gob.bo\/index.php\/indice-de-precios-al-por-mayor-ipm-aumento-en-008-en-febrero-de-2023\/#breadcrumb","itemListElement":[{"@type":"ListItem","position":1,"name":"Portada","item":"https:\/\/www.ine.gob.bo\/"},{"@type":"ListItem","position":2,"name":"\u00cdndice de Precios al por Mayor (IPM) aument\u00f3 en 0,08% en febrero de 2023"}]},{"@type":"WebSite","@id":"https:\/\/www.ine.gob.bo\/#website","url":"https:\/\/www.ine.gob.bo\/","name":"INE","description":"Instituto Nacional de Estad\u00edstica","publisher":{"@id":"https:\/\/www.ine.gob.bo\/#organization"},"potentialAction":[{"@type":"SearchAction","target":{"@type":"EntryPoint","urlTemplate":"https:\/\/www.ine.gob.bo\/?s={search_term_string}"},"query-input":"required name=search_term_string"}],"inLanguage":"es"},{"@type":"Organization","@id":"https:\/\/www.ine.gob.bo\/#organization","name":"Instituto Nacional de Estad\u00edstica","url":"https:\/\/www.ine.gob.bo\/","logo":{"@type":"ImageObject","inLanguage":"es","@id":"https:\/\/www.ine.gob.bo\/#\/schema\/logo\/image\/","url":"https:\/\/www.ine.gob.bo\/wp-content\/uploads\/2026\/02\/logo-ine.jpg","contentUrl":"https:\/\/www.ine.gob.bo\/wp-content\/uploads\/2026\/02\/logo-ine.jpg","width":799,"height":453,"caption":"Instituto Nacional de Estad\u00edstica"},"image":{"@id":"https:\/\/www.ine.gob.bo\/#\/schema\/logo\/image\/"},"sameAs":["https:\/\/www.facebook.com\/ineboliviaoficial","https:\/\/x.com\/INE_Bolivia","https:\/\/www.instagram.com\/ineboliviaoficial\/","https:\/\/www.youtube.com\/channel\/UCbIQXKLw414g5kWo1tAwqCg"]},{"@type":"Person","@id":"https:\/\/www.ine.gob.bo\/#\/schema\/person\/cd5e3dea21e6634e99cebddcca7540d1","name":"Albaro Benedicto Laime Mamani","image":{"@type":"ImageObject","inLanguage":"es","@id":"https:\/\/www.ine.gob.bo\/#\/schema\/person\/image\/","url":"https:\/\/secure.gravatar.com\/avatar\/450967f1badecac6afbf323d3a06c551f001ee9e5a1094976c96b19cce5b7180?s=96&d=mm&r=g","contentUrl":"https:\/\/secure.gravatar.com\/avatar\/450967f1badecac6afbf323d3a06c551f001ee9e5a1094976c96b19cce5b7180?s=96&d=mm&r=g","caption":"Albaro Benedicto Laime Mamani"},"url":"https:\/\/www.ine.gob.bo\/index.php\/author\/alaime\/"}]}},"rttpg_featured_image_url":{"full":["https:\/\/www.ine.gob.bo\/wp-content\/uploads\/2023\/03\/Portada-IPM-FEB-2023.png",703,911,false],"landscape":["https:\/\/www.ine.gob.bo\/wp-content\/uploads\/2023\/03\/Portada-IPM-FEB-2023.png",703,911,false],"portraits":["https:\/\/www.ine.gob.bo\/wp-content\/uploads\/2023\/03\/Portada-IPM-FEB-2023.png",703,911,false],"thumbnail":["https:\/\/www.ine.gob.bo\/wp-content\/uploads\/2023\/03\/Portada-IPM-FEB-2023-150x150.png",150,150,true],"medium":["https:\/\/www.ine.gob.bo\/wp-content\/uploads\/2023\/03\/Portada-IPM-FEB-2023-232x300.png",232,300,true],"large":["https:\/\/www.ine.gob.bo\/wp-content\/uploads\/2023\/03\/Portada-IPM-FEB-2023.png",703,911,false],"1536x1536":["https:\/\/www.ine.gob.bo\/wp-content\/uploads\/2023\/03\/Portada-IPM-FEB-2023.png",703,911,false],"2048x2048":["https:\/\/www.ine.gob.bo\/wp-content\/uploads\/2023\/03\/Portada-IPM-FEB-2023.png",703,911,false]},"rttpg_author":{"display_name":"Albaro Benedicto Laime Mamani","author_link":"https:\/\/www.ine.gob.bo\/index.php\/author\/alaime\/"},"rttpg_comment":0,"rttpg_category":"<a href=\"https:\/\/www.ine.gob.bo\/index.php\/category\/ine-noticias\/\" rel=\"category tag\">INE noticias<\/a>","rttpg_excerpt":"[vc_row][vc_column][vc_column_text] La Paz, 10 de marzo de 2023 (INE). \u2013 En febrero de 2023, el \u00cdndice de Precios al por Mayor (IPM) registr\u00f3 un aumento de 0,08% respecto a enero. La variaci\u00f3n acumulada hasta febrero tuvo un incremento de 1,46% y a doce meses fue de 10,45%. &nbsp; Comportamiento de precios al por mayor, seg\u00fan&hellip;","_links":{"self":[{"href":"https:\/\/www.ine.gob.bo\/index.php\/wp-json\/wp\/v2\/posts\/60340","targetHints":{"allow":["GET"]}}],"collection":[{"href":"https:\/\/www.ine.gob.bo\/index.php\/wp-json\/wp\/v2\/posts"}],"about":[{"href":"https:\/\/www.ine.gob.bo\/index.php\/wp-json\/wp\/v2\/types\/post"}],"author":[{"embeddable":true,"href":"https:\/\/www.ine.gob.bo\/index.php\/wp-json\/wp\/v2\/users\/19"}],"replies":[{"embeddable":true,"href":"https:\/\/www.ine.gob.bo\/index.php\/wp-json\/wp\/v2\/comments?post=60340"}],"version-history":[{"count":0,"href":"https:\/\/www.ine.gob.bo\/index.php\/wp-json\/wp\/v2\/posts\/60340\/revisions"}],"wp:featuredmedia":[{"embeddable":true,"href":"https:\/\/www.ine.gob.bo\/index.php\/wp-json\/wp\/v2\/media\/60350"}],"wp:attachment":[{"href":"https:\/\/www.ine.gob.bo\/index.php\/wp-json\/wp\/v2\/media?parent=60340"}],"wp:term":[{"taxonomy":"category","embeddable":true,"href":"https:\/\/www.ine.gob.bo\/index.php\/wp-json\/wp\/v2\/categories?post=60340"},{"taxonomy":"post_tag","embeddable":true,"href":"https:\/\/www.ine.gob.bo\/index.php\/wp-json\/wp\/v2\/tags?post=60340"}],"curies":[{"name":"wp","href":"https:\/\/api.w.org\/{rel}","templated":true}]}}