{"id":60307,"date":"2023-03-03T11:15:46","date_gmt":"2023-03-03T15:15:46","guid":{"rendered":"https:\/\/www.ine.gob.bo\/?p=60307"},"modified":"2025-06-20T14:05:08","modified_gmt":"2025-06-20T18:05:08","slug":"indice-de-precios-al-consumidor-registro-disminucion-044-en-febrero-de-2023","status":"publish","type":"post","link":"https:\/\/www.ine.gob.bo\/index.php\/indice-de-precios-al-consumidor-registro-disminucion-044-en-febrero-de-2023\/","title":{"rendered":"\u00cdndice de Precios al Consumidor registr\u00f3 disminuci\u00f3n -0,44% en febrero de 2023"},"content":{"rendered":"<p>[vc_row][vc_column][vc_column_text]<\/p>\r\n<p><strong>La Paz, 3 de marzo de 2023 (INE). &#8211; <\/strong>El \u00cdndice de Precios al Consumidor (IPC) registr\u00f3 en febrero de 2023 una disminuci\u00f3n de -0,44% respecto a enero. La variaci\u00f3n acumulada hasta febrero fue negativa con un decremento de -0,11% y a doce meses fue positiva de 2,57%.<\/p>\r\n<p style=\"text-align: center;\"><em><img loading=\"lazy\" decoding=\"async\" class=\"aligncenter wp-image-60308 size-large\" src=\"https:\/\/www.ine.gob.bo\/wp-content\/uploads\/2023\/03\/Cuadro-1.-NP-IPC-FEB-2023-1024x551.png\" alt=\"\" width=\"1024\" height=\"551\" srcset=\"https:\/\/www.ine.gob.bo\/wp-content\/uploads\/2023\/03\/Cuadro-1.-NP-IPC-FEB-2023-1024x551.png 1024w, https:\/\/www.ine.gob.bo\/wp-content\/uploads\/2023\/03\/Cuadro-1.-NP-IPC-FEB-2023-300x162.png 300w, https:\/\/www.ine.gob.bo\/wp-content\/uploads\/2023\/03\/Cuadro-1.-NP-IPC-FEB-2023-768x413.png 768w, https:\/\/www.ine.gob.bo\/wp-content\/uploads\/2023\/03\/Cuadro-1.-NP-IPC-FEB-2023.png 1159w\" sizes=\"auto, (max-width: 1024px) 100vw, 1024px\" \/><\/em><\/p>\r\n<p>&nbsp;<\/p>\r\n<p style=\"text-align: left;\"><strong>Comportamiento de Precios al Consumidor, seg\u00fan divisiones de Bienes y servicios<\/strong><em><br \/><\/em><\/p>\r\n<p>La disminuci\u00f3n de -0,44% del IPC registrada en febrero se explica, principalmente, por la variaci\u00f3n negativa de los precios en las divisiones de: Alimentos y bebidas no alcoh\u00f3licas; Transporte; Comunicaciones y Prendas de vestir y calzados.<\/p>\r\n<p style=\"text-align: left;\"><em>\u00a0<\/em><\/p>\r\n<p><strong><img loading=\"lazy\" decoding=\"async\" class=\"aligncenter wp-image-60309 size-full\" src=\"https:\/\/www.ine.gob.bo\/wp-content\/uploads\/2023\/03\/Grafico-1.-NP-IPC-FEB-2023.png\" alt=\"\" width=\"1020\" height=\"763\" srcset=\"https:\/\/www.ine.gob.bo\/wp-content\/uploads\/2023\/03\/Grafico-1.-NP-IPC-FEB-2023.png 1020w, https:\/\/www.ine.gob.bo\/wp-content\/uploads\/2023\/03\/Grafico-1.-NP-IPC-FEB-2023-300x224.png 300w, https:\/\/www.ine.gob.bo\/wp-content\/uploads\/2023\/03\/Grafico-1.-NP-IPC-FEB-2023-768x574.png 768w\" sizes=\"auto, (max-width: 1020px) 100vw, 1020px\" \/><\/strong><\/p>\r\n<p>&nbsp;<\/p>\r\n<p><strong>Comportamiento de Precios al Consumidor, seg\u00fan regiones<\/strong><\/p>\r\n<p>La variaci\u00f3n negativa de -0,44%, registrada en febrero, se debi\u00f3 especialmente al decremento de precios en las conurbaciones y ciudades capitales de: regi\u00f3n metropolitana Kanata -1,14%; Tarija -0,57%; Oruro -0,47%; conurbaci\u00f3n La Paz -0,47%; Potos\u00ed -0,44% y conurbaci\u00f3n Santa Cruz -0,17%.<\/p>\r\n<p><img loading=\"lazy\" decoding=\"async\" class=\"aligncenter wp-image-60310 size-full\" src=\"https:\/\/www.ine.gob.bo\/wp-content\/uploads\/2023\/03\/Grafico-2.-NP-IPC-FEB-2023.png\" alt=\"\" width=\"1023\" height=\"832\" srcset=\"https:\/\/www.ine.gob.bo\/wp-content\/uploads\/2023\/03\/Grafico-2.-NP-IPC-FEB-2023.png 1023w, https:\/\/www.ine.gob.bo\/wp-content\/uploads\/2023\/03\/Grafico-2.-NP-IPC-FEB-2023-300x244.png 300w, https:\/\/www.ine.gob.bo\/wp-content\/uploads\/2023\/03\/Grafico-2.-NP-IPC-FEB-2023-768x625.png 768w\" sizes=\"auto, (max-width: 1023px) 100vw, 1023px\" \/><\/p>\r\n<p>&nbsp;<\/p>\r\n<p><strong>Comportamiento de Precios al Consumidor, seg\u00fan Bienes y servicios<\/strong><\/p>\r\n<p>Los bienes y servicios con mayor incidencia negativa en febrero fueron: carne de pollo, tomate, transporte interdepartamental en \u00f3mnibus\/flota, carne de res sin hueso, cebolla y haba verde. Por el contrario, los productos con mayor incidencia positiva fueron: productos de papeler\u00eda, papa, quesos, zanahoria, huevos y arveja verde.<\/p>\r\n<p><img loading=\"lazy\" decoding=\"async\" class=\"aligncenter wp-image-60311 size-large\" src=\"https:\/\/www.ine.gob.bo\/wp-content\/uploads\/2023\/03\/Cuadro-2.-NP-IPC-FEB-2023-1024x585.png\" alt=\"\" width=\"1024\" height=\"585\" srcset=\"https:\/\/www.ine.gob.bo\/wp-content\/uploads\/2023\/03\/Cuadro-2.-NP-IPC-FEB-2023-1024x585.png 1024w, https:\/\/www.ine.gob.bo\/wp-content\/uploads\/2023\/03\/Cuadro-2.-NP-IPC-FEB-2023-300x171.png 300w, https:\/\/www.ine.gob.bo\/wp-content\/uploads\/2023\/03\/Cuadro-2.-NP-IPC-FEB-2023-768x439.png 768w, https:\/\/www.ine.gob.bo\/wp-content\/uploads\/2023\/03\/Cuadro-2.-NP-IPC-FEB-2023.png 1048w\" sizes=\"auto, (max-width: 1024px) 100vw, 1024px\" \/><\/p>\r\n<p>&nbsp;<\/p>\r\n<p style=\"text-align: center;\"><strong>Unidad de Difusi\u00f3n y Comunicaci\u00f3n <\/strong><br \/><strong>INSTITUTO NACIONAL DE ESTAD\u00cdSTICA<\/strong><\/p>\r\n<p>&nbsp;<\/p>\r\n<p><em><img loading=\"lazy\" decoding=\"async\" class=\"aligncenter wp-image-58871 size-large\" src=\"https:\/\/www.ine.gob.bo\/wp-content\/uploads\/2022\/10\/PIE-NP-IPC-SEP-2022-1024x55.png\" alt=\"\" width=\"1024\" height=\"55\" srcset=\"https:\/\/www.ine.gob.bo\/wp-content\/uploads\/2022\/10\/PIE-NP-IPC-SEP-2022-1024x55.png 1024w, https:\/\/www.ine.gob.bo\/wp-content\/uploads\/2022\/10\/PIE-NP-IPC-SEP-2022-300x16.png 300w, https:\/\/www.ine.gob.bo\/wp-content\/uploads\/2022\/10\/PIE-NP-IPC-SEP-2022-768x41.png 768w, https:\/\/www.ine.gob.bo\/wp-content\/uploads\/2022\/10\/PIE-NP-IPC-SEP-2022.png 1328w\" sizes=\"auto, (max-width: 1024px) 100vw, 1024px\" \/>\u00a0<\/em><\/p>\r\n<p class=\"has-text-align-center\" style=\"text-align: center;\"><strong><em>\u00a0<\/em><\/strong><\/p>\r\n<p>&nbsp;<\/p>\r\n<p>&nbsp;<\/p>\r\n<p class=\"has-text-align-center\"><!-- \/wp:post-content --><\/p>\r\n<p>&nbsp;<\/p>\r\n<p><a href=\"https:\/\/nimbus.ine.gob.bo\/index.php\/s\/iCLHLzjKbbSHzrr\/download\">Descargar Nota de Prensa<\/a><\/p>\r\n<p class=\"has-text-align-center\"><!-- \/wp:paragraph --><\/p>\r\n<p class=\"has-text-align-center\"><!-- wp:separator --><\/p>\r\n<hr class=\"wp-block-separator\" \/>\r\n<p class=\"has-text-align-center\"><!-- \/wp:separator --><\/p>\r\n<p class=\"has-text-align-center\"><!-- wp:paragraph {\"align\":\"right\"} --><\/p>\r\n<p class=\"has-text-align-right\"><strong><em>Entidad dependiente del Ministerio de Planificaci\u00f3n del Desarrollo<\/em><\/strong><\/p>\r\n<p class=\"has-text-align-center\"><!-- \/wp:paragraph --><\/p>\r\n<p>[\/vc_column_text][\/vc_column][\/vc_row]<\/p>","protected":false},"excerpt":{"rendered":"<p>[vc_row][vc_column][vc_column_text] La Paz, 3 de marzo de 2023 (INE). &#8211; El \u00cdndice de Precios al Consumidor (IPC) registr\u00f3 en febrero de 2023 una disminuci\u00f3n de -0,44% respecto a enero. La variaci\u00f3n acumulada hasta febrero fue negativa con un decremento de -0,11% y a doce meses fue positiva de 2,57%. &nbsp; Comportamiento de Precios al Consumidor,&hellip;<\/p>\n","protected":false},"author":19,"featured_media":60312,"comment_status":"closed","ping_status":"open","sticky":false,"template":"","format":"standard","meta":[],"categories":[158],"tags":[52],"class_list":["post-60307","post","type-post","status-publish","format-standard","has-post-thumbnail","hentry","category-ine-noticias","tag-ine-noticias","category-158","description-off"],"yoast_head":"<!-- This site is optimized with the Yoast SEO plugin v23.2 - https:\/\/yoast.com\/wordpress\/plugins\/seo\/ -->\n<title>\u00cdndice de Precios al Consumidor registr\u00f3 disminuci\u00f3n -0,44% en febrero de 2023 - INE<\/title>\n<meta name=\"description\" content=\"P\u00e1gina oficial del Instituto Nacional de Estadistica INE, informaci\u00f3n estad\u00edstica, geogr\u00e1fica y econ\u00f3mica a nivel nacional.\" \/>\n<meta name=\"robots\" content=\"index, follow, max-snippet:-1, max-image-preview:large, max-video-preview:-1\" \/>\n<link rel=\"canonical\" href=\"https:\/\/www.ine.gob.bo\/index.php\/indice-de-precios-al-consumidor-registro-disminucion-044-en-febrero-de-2023\/\" \/>\n<meta property=\"og:locale\" content=\"es_ES\" \/>\n<meta property=\"og:type\" content=\"article\" \/>\n<meta property=\"og:title\" content=\"\u00cdndice de Precios al Consumidor registr\u00f3 disminuci\u00f3n -0,44% en febrero de 2023 - INE\" \/>\n<meta property=\"og:description\" content=\"P\u00e1gina oficial del Instituto Nacional de Estadistica INE, informaci\u00f3n estad\u00edstica, geogr\u00e1fica y econ\u00f3mica a nivel nacional.\" \/>\n<meta property=\"og:url\" content=\"https:\/\/www.ine.gob.bo\/index.php\/indice-de-precios-al-consumidor-registro-disminucion-044-en-febrero-de-2023\/\" \/>\n<meta property=\"og:site_name\" content=\"INE\" \/>\n<meta property=\"article:publisher\" content=\"https:\/\/www.facebook.com\/ineboliviaoficial\" \/>\n<meta property=\"article:published_time\" content=\"2023-03-03T15:15:46+00:00\" \/>\n<meta property=\"article:modified_time\" content=\"2025-06-20T18:05:08+00:00\" \/>\n<meta property=\"og:image\" content=\"https:\/\/www.ine.gob.bo\/wp-content\/uploads\/2023\/03\/Portada-NP-IPC-FEB-2023.png\" \/>\n\t<meta property=\"og:image:width\" content=\"702\" \/>\n\t<meta property=\"og:image:height\" content=\"910\" \/>\n\t<meta property=\"og:image:type\" content=\"image\/png\" \/>\n<meta name=\"author\" content=\"Albaro Benedicto Laime Mamani\" \/>\n<meta name=\"twitter:card\" content=\"summary_large_image\" \/>\n<meta name=\"twitter:creator\" content=\"@INE_Bolivia\" \/>\n<meta name=\"twitter:site\" content=\"@INE_Bolivia\" \/>\n<meta name=\"twitter:label1\" content=\"Escrito por\" \/>\n\t<meta name=\"twitter:data1\" content=\"Albaro Benedicto Laime Mamani\" \/>\n\t<meta name=\"twitter:label2\" content=\"Tiempo de lectura\" \/>\n\t<meta name=\"twitter:data2\" content=\"3 minutos\" \/>\n<script type=\"application\/ld+json\" class=\"yoast-schema-graph\">{\"@context\":\"https:\/\/schema.org\",\"@graph\":[{\"@type\":\"Article\",\"@id\":\"https:\/\/www.ine.gob.bo\/index.php\/indice-de-precios-al-consumidor-registro-disminucion-044-en-febrero-de-2023\/#article\",\"isPartOf\":{\"@id\":\"https:\/\/www.ine.gob.bo\/index.php\/indice-de-precios-al-consumidor-registro-disminucion-044-en-febrero-de-2023\/\"},\"author\":{\"name\":\"Albaro Benedicto Laime Mamani\",\"@id\":\"https:\/\/www.ine.gob.bo\/#\/schema\/person\/cd5e3dea21e6634e99cebddcca7540d1\"},\"headline\":\"\u00cdndice de Precios al Consumidor registr\u00f3 disminuci\u00f3n -0,44% en febrero de 2023\",\"datePublished\":\"2023-03-03T15:15:46+00:00\",\"dateModified\":\"2025-06-20T18:05:08+00:00\",\"mainEntityOfPage\":{\"@id\":\"https:\/\/www.ine.gob.bo\/index.php\/indice-de-precios-al-consumidor-registro-disminucion-044-en-febrero-de-2023\/\"},\"wordCount\":269,\"publisher\":{\"@id\":\"https:\/\/www.ine.gob.bo\/#organization\"},\"image\":{\"@id\":\"https:\/\/www.ine.gob.bo\/index.php\/indice-de-precios-al-consumidor-registro-disminucion-044-en-febrero-de-2023\/#primaryimage\"},\"thumbnailUrl\":\"https:\/\/www.ine.gob.bo\/wp-content\/uploads\/2023\/03\/Portada-NP-IPC-FEB-2023.png\",\"keywords\":[\"INE Noticias\"],\"articleSection\":[\"INE noticias\"],\"inLanguage\":\"es\"},{\"@type\":\"WebPage\",\"@id\":\"https:\/\/www.ine.gob.bo\/index.php\/indice-de-precios-al-consumidor-registro-disminucion-044-en-febrero-de-2023\/\",\"url\":\"https:\/\/www.ine.gob.bo\/index.php\/indice-de-precios-al-consumidor-registro-disminucion-044-en-febrero-de-2023\/\",\"name\":\"\u00cdndice de Precios al Consumidor registr\u00f3 disminuci\u00f3n -0,44% en febrero de 2023 - INE\",\"isPartOf\":{\"@id\":\"https:\/\/www.ine.gob.bo\/#website\"},\"primaryImageOfPage\":{\"@id\":\"https:\/\/www.ine.gob.bo\/index.php\/indice-de-precios-al-consumidor-registro-disminucion-044-en-febrero-de-2023\/#primaryimage\"},\"image\":{\"@id\":\"https:\/\/www.ine.gob.bo\/index.php\/indice-de-precios-al-consumidor-registro-disminucion-044-en-febrero-de-2023\/#primaryimage\"},\"thumbnailUrl\":\"https:\/\/www.ine.gob.bo\/wp-content\/uploads\/2023\/03\/Portada-NP-IPC-FEB-2023.png\",\"datePublished\":\"2023-03-03T15:15:46+00:00\",\"dateModified\":\"2025-06-20T18:05:08+00:00\",\"description\":\"P\u00e1gina oficial del Instituto Nacional de Estadistica INE, informaci\u00f3n estad\u00edstica, geogr\u00e1fica y econ\u00f3mica a nivel nacional.\",\"breadcrumb\":{\"@id\":\"https:\/\/www.ine.gob.bo\/index.php\/indice-de-precios-al-consumidor-registro-disminucion-044-en-febrero-de-2023\/#breadcrumb\"},\"inLanguage\":\"es\",\"potentialAction\":[{\"@type\":\"ReadAction\",\"target\":[\"https:\/\/www.ine.gob.bo\/index.php\/indice-de-precios-al-consumidor-registro-disminucion-044-en-febrero-de-2023\/\"]}]},{\"@type\":\"ImageObject\",\"inLanguage\":\"es\",\"@id\":\"https:\/\/www.ine.gob.bo\/index.php\/indice-de-precios-al-consumidor-registro-disminucion-044-en-febrero-de-2023\/#primaryimage\",\"url\":\"https:\/\/www.ine.gob.bo\/wp-content\/uploads\/2023\/03\/Portada-NP-IPC-FEB-2023.png\",\"contentUrl\":\"https:\/\/www.ine.gob.bo\/wp-content\/uploads\/2023\/03\/Portada-NP-IPC-FEB-2023.png\",\"width\":702,\"height\":910},{\"@type\":\"BreadcrumbList\",\"@id\":\"https:\/\/www.ine.gob.bo\/index.php\/indice-de-precios-al-consumidor-registro-disminucion-044-en-febrero-de-2023\/#breadcrumb\",\"itemListElement\":[{\"@type\":\"ListItem\",\"position\":1,\"name\":\"Portada\",\"item\":\"https:\/\/www.ine.gob.bo\/\"},{\"@type\":\"ListItem\",\"position\":2,\"name\":\"\u00cdndice de Precios al Consumidor registr\u00f3 disminuci\u00f3n -0,44% en febrero de 2023\"}]},{\"@type\":\"WebSite\",\"@id\":\"https:\/\/www.ine.gob.bo\/#website\",\"url\":\"https:\/\/www.ine.gob.bo\/\",\"name\":\"INE\",\"description\":\"Instituto Nacional de Estad\u00edstica\",\"publisher\":{\"@id\":\"https:\/\/www.ine.gob.bo\/#organization\"},\"potentialAction\":[{\"@type\":\"SearchAction\",\"target\":{\"@type\":\"EntryPoint\",\"urlTemplate\":\"https:\/\/www.ine.gob.bo\/?s={search_term_string}\"},\"query-input\":\"required name=search_term_string\"}],\"inLanguage\":\"es\"},{\"@type\":\"Organization\",\"@id\":\"https:\/\/www.ine.gob.bo\/#organization\",\"name\":\"Instituto Nacional de Estad\u00edstica\",\"url\":\"https:\/\/www.ine.gob.bo\/\",\"logo\":{\"@type\":\"ImageObject\",\"inLanguage\":\"es\",\"@id\":\"https:\/\/www.ine.gob.bo\/#\/schema\/logo\/image\/\",\"url\":\"https:\/\/www.ine.gob.bo\/wp-content\/uploads\/2026\/02\/logo-ine.jpg\",\"contentUrl\":\"https:\/\/www.ine.gob.bo\/wp-content\/uploads\/2026\/02\/logo-ine.jpg\",\"width\":799,\"height\":453,\"caption\":\"Instituto Nacional de Estad\u00edstica\"},\"image\":{\"@id\":\"https:\/\/www.ine.gob.bo\/#\/schema\/logo\/image\/\"},\"sameAs\":[\"https:\/\/www.facebook.com\/ineboliviaoficial\",\"https:\/\/x.com\/INE_Bolivia\",\"https:\/\/www.instagram.com\/ineboliviaoficial\/\",\"https:\/\/www.youtube.com\/channel\/UCbIQXKLw414g5kWo1tAwqCg\"]},{\"@type\":\"Person\",\"@id\":\"https:\/\/www.ine.gob.bo\/#\/schema\/person\/cd5e3dea21e6634e99cebddcca7540d1\",\"name\":\"Albaro Benedicto Laime Mamani\",\"image\":{\"@type\":\"ImageObject\",\"inLanguage\":\"es\",\"@id\":\"https:\/\/www.ine.gob.bo\/#\/schema\/person\/image\/\",\"url\":\"https:\/\/secure.gravatar.com\/avatar\/450967f1badecac6afbf323d3a06c551f001ee9e5a1094976c96b19cce5b7180?s=96&d=mm&r=g\",\"contentUrl\":\"https:\/\/secure.gravatar.com\/avatar\/450967f1badecac6afbf323d3a06c551f001ee9e5a1094976c96b19cce5b7180?s=96&d=mm&r=g\",\"caption\":\"Albaro Benedicto Laime Mamani\"},\"url\":\"https:\/\/www.ine.gob.bo\/index.php\/author\/alaime\/\"}]}<\/script>\n<!-- \/ Yoast SEO plugin. -->","yoast_head_json":{"title":"\u00cdndice de Precios al Consumidor registr\u00f3 disminuci\u00f3n -0,44% en febrero de 2023 - INE","description":"P\u00e1gina oficial del Instituto Nacional de Estadistica INE, informaci\u00f3n estad\u00edstica, geogr\u00e1fica y econ\u00f3mica a nivel nacional.","robots":{"index":"index","follow":"follow","max-snippet":"max-snippet:-1","max-image-preview":"max-image-preview:large","max-video-preview":"max-video-preview:-1"},"canonical":"https:\/\/www.ine.gob.bo\/index.php\/indice-de-precios-al-consumidor-registro-disminucion-044-en-febrero-de-2023\/","og_locale":"es_ES","og_type":"article","og_title":"\u00cdndice de Precios al Consumidor registr\u00f3 disminuci\u00f3n -0,44% en febrero de 2023 - INE","og_description":"P\u00e1gina oficial del Instituto Nacional de Estadistica INE, informaci\u00f3n estad\u00edstica, geogr\u00e1fica y econ\u00f3mica a nivel nacional.","og_url":"https:\/\/www.ine.gob.bo\/index.php\/indice-de-precios-al-consumidor-registro-disminucion-044-en-febrero-de-2023\/","og_site_name":"INE","article_publisher":"https:\/\/www.facebook.com\/ineboliviaoficial","article_published_time":"2023-03-03T15:15:46+00:00","article_modified_time":"2025-06-20T18:05:08+00:00","og_image":[{"width":702,"height":910,"url":"https:\/\/www.ine.gob.bo\/wp-content\/uploads\/2023\/03\/Portada-NP-IPC-FEB-2023.png","type":"image\/png"}],"author":"Albaro Benedicto Laime Mamani","twitter_card":"summary_large_image","twitter_creator":"@INE_Bolivia","twitter_site":"@INE_Bolivia","twitter_misc":{"Escrito por":"Albaro Benedicto Laime Mamani","Tiempo de lectura":"3 minutos"},"schema":{"@context":"https:\/\/schema.org","@graph":[{"@type":"Article","@id":"https:\/\/www.ine.gob.bo\/index.php\/indice-de-precios-al-consumidor-registro-disminucion-044-en-febrero-de-2023\/#article","isPartOf":{"@id":"https:\/\/www.ine.gob.bo\/index.php\/indice-de-precios-al-consumidor-registro-disminucion-044-en-febrero-de-2023\/"},"author":{"name":"Albaro Benedicto Laime Mamani","@id":"https:\/\/www.ine.gob.bo\/#\/schema\/person\/cd5e3dea21e6634e99cebddcca7540d1"},"headline":"\u00cdndice de Precios al Consumidor registr\u00f3 disminuci\u00f3n -0,44% en febrero de 2023","datePublished":"2023-03-03T15:15:46+00:00","dateModified":"2025-06-20T18:05:08+00:00","mainEntityOfPage":{"@id":"https:\/\/www.ine.gob.bo\/index.php\/indice-de-precios-al-consumidor-registro-disminucion-044-en-febrero-de-2023\/"},"wordCount":269,"publisher":{"@id":"https:\/\/www.ine.gob.bo\/#organization"},"image":{"@id":"https:\/\/www.ine.gob.bo\/index.php\/indice-de-precios-al-consumidor-registro-disminucion-044-en-febrero-de-2023\/#primaryimage"},"thumbnailUrl":"https:\/\/www.ine.gob.bo\/wp-content\/uploads\/2023\/03\/Portada-NP-IPC-FEB-2023.png","keywords":["INE Noticias"],"articleSection":["INE noticias"],"inLanguage":"es"},{"@type":"WebPage","@id":"https:\/\/www.ine.gob.bo\/index.php\/indice-de-precios-al-consumidor-registro-disminucion-044-en-febrero-de-2023\/","url":"https:\/\/www.ine.gob.bo\/index.php\/indice-de-precios-al-consumidor-registro-disminucion-044-en-febrero-de-2023\/","name":"\u00cdndice de Precios al Consumidor registr\u00f3 disminuci\u00f3n -0,44% en febrero de 2023 - INE","isPartOf":{"@id":"https:\/\/www.ine.gob.bo\/#website"},"primaryImageOfPage":{"@id":"https:\/\/www.ine.gob.bo\/index.php\/indice-de-precios-al-consumidor-registro-disminucion-044-en-febrero-de-2023\/#primaryimage"},"image":{"@id":"https:\/\/www.ine.gob.bo\/index.php\/indice-de-precios-al-consumidor-registro-disminucion-044-en-febrero-de-2023\/#primaryimage"},"thumbnailUrl":"https:\/\/www.ine.gob.bo\/wp-content\/uploads\/2023\/03\/Portada-NP-IPC-FEB-2023.png","datePublished":"2023-03-03T15:15:46+00:00","dateModified":"2025-06-20T18:05:08+00:00","description":"P\u00e1gina oficial del Instituto Nacional de Estadistica INE, informaci\u00f3n estad\u00edstica, geogr\u00e1fica y econ\u00f3mica a nivel nacional.","breadcrumb":{"@id":"https:\/\/www.ine.gob.bo\/index.php\/indice-de-precios-al-consumidor-registro-disminucion-044-en-febrero-de-2023\/#breadcrumb"},"inLanguage":"es","potentialAction":[{"@type":"ReadAction","target":["https:\/\/www.ine.gob.bo\/index.php\/indice-de-precios-al-consumidor-registro-disminucion-044-en-febrero-de-2023\/"]}]},{"@type":"ImageObject","inLanguage":"es","@id":"https:\/\/www.ine.gob.bo\/index.php\/indice-de-precios-al-consumidor-registro-disminucion-044-en-febrero-de-2023\/#primaryimage","url":"https:\/\/www.ine.gob.bo\/wp-content\/uploads\/2023\/03\/Portada-NP-IPC-FEB-2023.png","contentUrl":"https:\/\/www.ine.gob.bo\/wp-content\/uploads\/2023\/03\/Portada-NP-IPC-FEB-2023.png","width":702,"height":910},{"@type":"BreadcrumbList","@id":"https:\/\/www.ine.gob.bo\/index.php\/indice-de-precios-al-consumidor-registro-disminucion-044-en-febrero-de-2023\/#breadcrumb","itemListElement":[{"@type":"ListItem","position":1,"name":"Portada","item":"https:\/\/www.ine.gob.bo\/"},{"@type":"ListItem","position":2,"name":"\u00cdndice de Precios al Consumidor registr\u00f3 disminuci\u00f3n -0,44% en febrero de 2023"}]},{"@type":"WebSite","@id":"https:\/\/www.ine.gob.bo\/#website","url":"https:\/\/www.ine.gob.bo\/","name":"INE","description":"Instituto Nacional de Estad\u00edstica","publisher":{"@id":"https:\/\/www.ine.gob.bo\/#organization"},"potentialAction":[{"@type":"SearchAction","target":{"@type":"EntryPoint","urlTemplate":"https:\/\/www.ine.gob.bo\/?s={search_term_string}"},"query-input":"required name=search_term_string"}],"inLanguage":"es"},{"@type":"Organization","@id":"https:\/\/www.ine.gob.bo\/#organization","name":"Instituto Nacional de Estad\u00edstica","url":"https:\/\/www.ine.gob.bo\/","logo":{"@type":"ImageObject","inLanguage":"es","@id":"https:\/\/www.ine.gob.bo\/#\/schema\/logo\/image\/","url":"https:\/\/www.ine.gob.bo\/wp-content\/uploads\/2026\/02\/logo-ine.jpg","contentUrl":"https:\/\/www.ine.gob.bo\/wp-content\/uploads\/2026\/02\/logo-ine.jpg","width":799,"height":453,"caption":"Instituto Nacional de Estad\u00edstica"},"image":{"@id":"https:\/\/www.ine.gob.bo\/#\/schema\/logo\/image\/"},"sameAs":["https:\/\/www.facebook.com\/ineboliviaoficial","https:\/\/x.com\/INE_Bolivia","https:\/\/www.instagram.com\/ineboliviaoficial\/","https:\/\/www.youtube.com\/channel\/UCbIQXKLw414g5kWo1tAwqCg"]},{"@type":"Person","@id":"https:\/\/www.ine.gob.bo\/#\/schema\/person\/cd5e3dea21e6634e99cebddcca7540d1","name":"Albaro Benedicto Laime Mamani","image":{"@type":"ImageObject","inLanguage":"es","@id":"https:\/\/www.ine.gob.bo\/#\/schema\/person\/image\/","url":"https:\/\/secure.gravatar.com\/avatar\/450967f1badecac6afbf323d3a06c551f001ee9e5a1094976c96b19cce5b7180?s=96&d=mm&r=g","contentUrl":"https:\/\/secure.gravatar.com\/avatar\/450967f1badecac6afbf323d3a06c551f001ee9e5a1094976c96b19cce5b7180?s=96&d=mm&r=g","caption":"Albaro Benedicto Laime Mamani"},"url":"https:\/\/www.ine.gob.bo\/index.php\/author\/alaime\/"}]}},"rttpg_featured_image_url":{"full":["https:\/\/www.ine.gob.bo\/wp-content\/uploads\/2023\/03\/Portada-NP-IPC-FEB-2023.png",702,910,false],"landscape":["https:\/\/www.ine.gob.bo\/wp-content\/uploads\/2023\/03\/Portada-NP-IPC-FEB-2023.png",702,910,false],"portraits":["https:\/\/www.ine.gob.bo\/wp-content\/uploads\/2023\/03\/Portada-NP-IPC-FEB-2023.png",702,910,false],"thumbnail":["https:\/\/www.ine.gob.bo\/wp-content\/uploads\/2023\/03\/Portada-NP-IPC-FEB-2023-150x150.png",150,150,true],"medium":["https:\/\/www.ine.gob.bo\/wp-content\/uploads\/2023\/03\/Portada-NP-IPC-FEB-2023-231x300.png",231,300,true],"large":["https:\/\/www.ine.gob.bo\/wp-content\/uploads\/2023\/03\/Portada-NP-IPC-FEB-2023.png",702,910,false],"1536x1536":["https:\/\/www.ine.gob.bo\/wp-content\/uploads\/2023\/03\/Portada-NP-IPC-FEB-2023.png",702,910,false],"2048x2048":["https:\/\/www.ine.gob.bo\/wp-content\/uploads\/2023\/03\/Portada-NP-IPC-FEB-2023.png",702,910,false]},"rttpg_author":{"display_name":"Albaro Benedicto Laime Mamani","author_link":"https:\/\/www.ine.gob.bo\/index.php\/author\/alaime\/"},"rttpg_comment":0,"rttpg_category":"<a href=\"https:\/\/www.ine.gob.bo\/index.php\/category\/ine-noticias\/\" rel=\"category tag\">INE noticias<\/a>","rttpg_excerpt":"[vc_row][vc_column][vc_column_text] La Paz, 3 de marzo de 2023 (INE). &#8211; El \u00cdndice de Precios al Consumidor (IPC) registr\u00f3 en febrero de 2023 una disminuci\u00f3n de -0,44% respecto a enero. La variaci\u00f3n acumulada hasta febrero fue negativa con un decremento de -0,11% y a doce meses fue positiva de 2,57%. &nbsp; Comportamiento de Precios al Consumidor,&hellip;","_links":{"self":[{"href":"https:\/\/www.ine.gob.bo\/index.php\/wp-json\/wp\/v2\/posts\/60307","targetHints":{"allow":["GET"]}}],"collection":[{"href":"https:\/\/www.ine.gob.bo\/index.php\/wp-json\/wp\/v2\/posts"}],"about":[{"href":"https:\/\/www.ine.gob.bo\/index.php\/wp-json\/wp\/v2\/types\/post"}],"author":[{"embeddable":true,"href":"https:\/\/www.ine.gob.bo\/index.php\/wp-json\/wp\/v2\/users\/19"}],"replies":[{"embeddable":true,"href":"https:\/\/www.ine.gob.bo\/index.php\/wp-json\/wp\/v2\/comments?post=60307"}],"version-history":[{"count":0,"href":"https:\/\/www.ine.gob.bo\/index.php\/wp-json\/wp\/v2\/posts\/60307\/revisions"}],"wp:featuredmedia":[{"embeddable":true,"href":"https:\/\/www.ine.gob.bo\/index.php\/wp-json\/wp\/v2\/media\/60312"}],"wp:attachment":[{"href":"https:\/\/www.ine.gob.bo\/index.php\/wp-json\/wp\/v2\/media?parent=60307"}],"wp:term":[{"taxonomy":"category","embeddable":true,"href":"https:\/\/www.ine.gob.bo\/index.php\/wp-json\/wp\/v2\/categories?post=60307"},{"taxonomy":"post_tag","embeddable":true,"href":"https:\/\/www.ine.gob.bo\/index.php\/wp-json\/wp\/v2\/tags?post=60307"}],"curies":[{"name":"wp","href":"https:\/\/api.w.org\/{rel}","templated":true}]}}