{"id":59985,"date":"2023-01-14T07:32:25","date_gmt":"2023-01-14T11:32:25","guid":{"rendered":"https:\/\/www.ine.gob.bo\/?p=59985"},"modified":"2026-07-28T15:46:17","modified_gmt":"2026-07-28T19:46:17","slug":"el-ine-celebra-sus-87-anos-enfocado-en-realizar-un-censo-de-calidad-en-2024","status":"publish","type":"post","link":"https:\/\/www.ine.gob.bo\/index.php\/el-ine-celebra-sus-87-anos-enfocado-en-realizar-un-censo-de-calidad-en-2024\/","title":{"rendered":"El INE celebra sus 87 a\u00f1os enfocado en realizar un censo de calidad en 2024"},"content":{"rendered":"<p>[vc_row][vc_column][vc_column_text]<\/p>\r\n<p><strong>La Paz, 14 de enero de 2023 (INE). \u2013\u00a0 <\/strong>El Instituto Nacional de Estad\u00edstica (INE) celebra este 14 de enero sus 87 a\u00f1os y lo hace enfocado a realizar un Censo de Poblaci\u00f3n y Vivienda (CPV) de calidad en 2024, enmarcado en est\u00e1ndares internacionales.<\/p>\r\n<p>Una de las etapas importantes para tener un CPV de calidad es la Actualizaci\u00f3n Cartogr\u00e1fica Estad\u00edstica (ACE), operativo de campo que actualmente se realiza en todo el pa\u00eds y cuyo avance al momento es de 56%.<\/p>\r\n<p>La ACE es una actividad pre censal que consiste en un conjunto de tareas en campo destinadas a actualizar datos sobre la cantidad de viviendas ocupadas, desocupadas, de temporada y colectivas, elementos naturales como: r\u00edos, cerros, lagos, etc. Tambi\u00e9n actualiza elementos culturales o construidos por el ser humano como: caminos, puentes, equipamientos, manzanas, predios, calles, etc.<\/p>\r\n<p>Al momento ya son seis las ciudades capitales de departamento las que tienen su ACE al 100% y estas son: Trinidad, Sucre, Oruro, Potos\u00ed, Cobija y Tarija. Mientras que Cochabamba tiene 92%, El Alto 80%, La Paz 77% y Santa Cruz de la Sierra 70%.<\/p>\r\n<p>El INE se rige bajo la Ley N\u00b01405 de Estad\u00edsticas Oficiales del Estado Plurinacional de Bolivia, promulgada el 1 de noviembre de 2021. La norma le da fuerza como ente rector en la producci\u00f3n de estad\u00edsticas oficiales del Estado.<\/p>\r\n<p>Una de las fortalezas con las que cuenta la entidad es el salto a lo tecnol\u00f3gico porque moderniz\u00f3 el proceso de recojo de informaci\u00f3n en las encuestas usando tabletas para esta tarea, mejorando la sistematizaci\u00f3n de los registros en tiempo y este proceso es amigable con el medio ambiente porque se descart\u00f3 el uso del papel.<\/p>\r\n<p>Es desde 2017 que se implement\u00f3 el uso de tabletas para la realizaci\u00f3n de la Encuesta de Hogares (EH), actualmente se lo usa en la Encuesta Continua de Empleo (ECE), en la ACE con miras al pr\u00f3ximo censo.<\/p>\r\n<p>Se debe tomar en cuenta que las estad\u00edsticas del pa\u00eds y cuentas nacionales est\u00e1n en el INE, incluyendo la sistematizaci\u00f3n de registros administrativos de las instituciones, censos, encuestas econ\u00f3micas y sociales.<\/p>\r\n<p>El INE cuenta con buen nivel de di\u00e1logo e intercambio de experiencias estad\u00edsticas con otras entidades similares en la regi\u00f3n, ya sea de manera directa o mediante la Comisi\u00f3n Econ\u00f3mica para Am\u00e9rica Latina y el Caribe (CEPAL).<\/p>\r\n<p>Si bien el INE cuenta con una norma que la moderniz\u00f3, tiene como reto la aplicaci\u00f3n de su ley, la elaboraci\u00f3n de su reglamento y el cumplimiento del mismo.<\/p>\r\n<p>La entidad busca a futuro consolidar un presupuesto permanente destinado a la entidad, que le permita trabajar de manera constante en los censos como el de poblaci\u00f3n, de vivienda, el agropecuario; adem\u00e1s de las encuestas de violencia, salud y otros. En pa\u00edses de la regi\u00f3n los pares del INE cuentan con presupuestos garantizados para ejecutar operaciones especiales.<\/p>\r\n<p>A diferencia de otras entidades del Estado, el INE tiene representaci\u00f3n nacional con capacidad operativa para ejecutar su trabajo en los nueve departamentos del pa\u00eds porque cuenta infraestructura propia para sus oficinas, sin tener que destinar recursos para alquileres. El parque automotor que cuenta les permite realizar sus operaciones, adem\u00e1s el personal que tiene es capacitado.<\/p>\r\n<p><img loading=\"lazy\" decoding=\"async\" class=\"aligncenter wp-image-59986 size-large\" src=\"https:\/\/www.ine.gob.bo\/wp-content\/uploads\/2023\/01\/1.-Actualizadores-de-la-ACE-recorren-la-ciudad-de-Trinidad-Beni-1024x577.jpg\" alt=\"\" width=\"1024\" height=\"577\" srcset=\"https:\/\/www.ine.gob.bo\/wp-content\/uploads\/2023\/01\/1.-Actualizadores-de-la-ACE-recorren-la-ciudad-de-Trinidad-Beni-1024x577.jpg 1024w, https:\/\/www.ine.gob.bo\/wp-content\/uploads\/2023\/01\/1.-Actualizadores-de-la-ACE-recorren-la-ciudad-de-Trinidad-Beni-300x169.jpg 300w, https:\/\/www.ine.gob.bo\/wp-content\/uploads\/2023\/01\/1.-Actualizadores-de-la-ACE-recorren-la-ciudad-de-Trinidad-Beni-768x432.jpg 768w, https:\/\/www.ine.gob.bo\/wp-content\/uploads\/2023\/01\/1.-Actualizadores-de-la-ACE-recorren-la-ciudad-de-Trinidad-Beni.jpg 1156w\" sizes=\"auto, (max-width: 1024px) 100vw, 1024px\" \/><\/p>\r\n<p style=\"text-align: center;\"><em>Actualizadores de la ACE recorren la ciudad de Trinidad, Beni en el <\/em><em>inicio del operativo de campo.<\/em><\/p>\r\n<p>&nbsp;<\/p>\r\n<p style=\"text-align: center;\"><img loading=\"lazy\" decoding=\"async\" class=\"aligncenter wp-image-59989 size-full\" src=\"https:\/\/www.ine.gob.bo\/wp-content\/uploads\/2023\/01\/2.-Avance-de-la-ACE-1.png\" alt=\"\" width=\"894\" height=\"518\" srcset=\"https:\/\/www.ine.gob.bo\/wp-content\/uploads\/2023\/01\/2.-Avance-de-la-ACE-1.png 894w, https:\/\/www.ine.gob.bo\/wp-content\/uploads\/2023\/01\/2.-Avance-de-la-ACE-1-300x174.png 300w, https:\/\/www.ine.gob.bo\/wp-content\/uploads\/2023\/01\/2.-Avance-de-la-ACE-1-768x445.png 768w\" sizes=\"auto, (max-width: 894px) 100vw, 894px\" \/><\/p>\r\n<p>&nbsp;<\/p>\r\n<p>&nbsp;<\/p>\r\n<p style=\"text-align: center;\"><strong>\u00a0<\/strong><\/p>\r\n<p style=\"text-align: center;\"><strong><em>Unidad de Difusi\u00f3n y Comunicaci\u00f3n<\/em><\/strong><\/p>\r\n<p style=\"text-align: center;\"><strong>INSTITUTO NACIONAL DE ESTAD\u00cdSTICA<\/strong><\/p>\r\n<p>&nbsp;<\/p>\r\n<p>&nbsp;<\/p>\r\n<p class=\"has-text-align-center\"><!-- \/wp:post-content --><\/p>\r\n<p class=\"has-text-align-center\"><!-- wp:separator --><\/p>\r\n<hr class=\"wp-block-separator\" \/>\r\n<p class=\"has-text-align-center\"><!-- \/wp:separator --><\/p>\r\n<p class=\"has-text-align-center\"><!-- wp:paragraph {\"align\":\"right\"} --><\/p>\r\n<p><a href=\"https:\/\/nimbus.ine.gob.bo\/s\/S6fnAZdwmoamrwP\/download\">Descargar Nota de Prensa<\/a><\/p>\r\n<p class=\"has-text-align-right\"><strong><em>Entidad dependiente del Ministerio de Planificaci\u00f3n del Desarrollo<\/em><\/strong><\/p>\r\n<p class=\"has-text-align-center\"><!-- \/wp:paragraph --><\/p>\r\n<p>&nbsp;<\/p>\r\n<p>&nbsp;<\/p>\r\n<p>&nbsp;<\/p>\r\n<p>[\/vc_column_text][\/vc_column][\/vc_row]<\/p>","protected":false},"excerpt":{"rendered":"<p>[vc_row][vc_column][vc_column_text] La Paz, 14 de enero de 2023 (INE). \u2013\u00a0 El Instituto Nacional de Estad\u00edstica (INE) celebra este 14 de enero sus 87 a\u00f1os y lo hace enfocado a realizar un Censo de Poblaci\u00f3n y Vivienda (CPV) de calidad en 2024, enmarcado en est\u00e1ndares internacionales. Una de las etapas importantes para tener un CPV de&hellip;<\/p>\n","protected":false},"author":19,"featured_media":0,"comment_status":"closed","ping_status":"open","sticky":false,"template":"","format":"standard","meta":[],"categories":[158],"tags":[52],"class_list":["post-59985","post","type-post","status-publish","format-standard","hentry","category-ine-noticias","tag-ine-noticias","category-158","description-off"],"yoast_head":"<!-- This site is optimized with the Yoast SEO plugin v23.2 - https:\/\/yoast.com\/wordpress\/plugins\/seo\/ -->\n<title>El INE celebra sus 87 a\u00f1os enfocado en realizar un censo de calidad en 2024 - INE<\/title>\n<meta name=\"description\" content=\"P\u00e1gina oficial del Instituto Nacional de Estadistica INE, informaci\u00f3n estad\u00edstica, geogr\u00e1fica y econ\u00f3mica a nivel nacional.\" \/>\n<meta name=\"robots\" content=\"index, follow, max-snippet:-1, max-image-preview:large, max-video-preview:-1\" \/>\n<link rel=\"canonical\" href=\"https:\/\/www.ine.gob.bo\/index.php\/el-ine-celebra-sus-87-anos-enfocado-en-realizar-un-censo-de-calidad-en-2024\/\" \/>\n<meta property=\"og:locale\" content=\"es_ES\" \/>\n<meta property=\"og:type\" content=\"article\" \/>\n<meta property=\"og:title\" content=\"El INE celebra sus 87 a\u00f1os enfocado en realizar un censo de calidad en 2024 - INE\" \/>\n<meta property=\"og:description\" content=\"P\u00e1gina oficial del Instituto Nacional de Estadistica INE, informaci\u00f3n estad\u00edstica, geogr\u00e1fica y econ\u00f3mica a nivel nacional.\" \/>\n<meta property=\"og:url\" content=\"https:\/\/www.ine.gob.bo\/index.php\/el-ine-celebra-sus-87-anos-enfocado-en-realizar-un-censo-de-calidad-en-2024\/\" \/>\n<meta property=\"og:site_name\" content=\"INE\" \/>\n<meta property=\"article:publisher\" content=\"https:\/\/www.facebook.com\/ineboliviaoficial\" \/>\n<meta property=\"article:published_time\" content=\"2023-01-14T11:32:25+00:00\" \/>\n<meta property=\"article:modified_time\" content=\"2026-07-28T19:46:17+00:00\" \/>\n<meta property=\"og:image\" content=\"https:\/\/www.ine.gob.bo\/wp-content\/uploads\/2023\/01\/1.-Actualizadores-de-la-ACE-recorren-la-ciudad-de-Trinidad-Beni-1024x577.jpg\" \/>\n<meta name=\"author\" content=\"Albaro Benedicto Laime Mamani\" \/>\n<meta name=\"twitter:card\" content=\"summary_large_image\" \/>\n<meta name=\"twitter:creator\" content=\"@INE_Bolivia\" \/>\n<meta name=\"twitter:site\" content=\"@INE_Bolivia\" \/>\n<meta name=\"twitter:label1\" content=\"Escrito por\" \/>\n\t<meta name=\"twitter:data1\" content=\"Albaro Benedicto Laime Mamani\" \/>\n\t<meta name=\"twitter:label2\" content=\"Tiempo de lectura\" \/>\n\t<meta name=\"twitter:data2\" content=\"3 minutos\" \/>\n<script type=\"application\/ld+json\" class=\"yoast-schema-graph\">{\"@context\":\"https:\/\/schema.org\",\"@graph\":[{\"@type\":\"Article\",\"@id\":\"https:\/\/www.ine.gob.bo\/index.php\/el-ine-celebra-sus-87-anos-enfocado-en-realizar-un-censo-de-calidad-en-2024\/#article\",\"isPartOf\":{\"@id\":\"https:\/\/www.ine.gob.bo\/index.php\/el-ine-celebra-sus-87-anos-enfocado-en-realizar-un-censo-de-calidad-en-2024\/\"},\"author\":{\"name\":\"Albaro Benedicto Laime Mamani\",\"@id\":\"https:\/\/www.ine.gob.bo\/#\/schema\/person\/cd5e3dea21e6634e99cebddcca7540d1\"},\"headline\":\"El INE celebra sus 87 a\u00f1os enfocado en realizar un censo de calidad en 2024\",\"datePublished\":\"2023-01-14T11:32:25+00:00\",\"dateModified\":\"2026-07-28T19:46:17+00:00\",\"mainEntityOfPage\":{\"@id\":\"https:\/\/www.ine.gob.bo\/index.php\/el-ine-celebra-sus-87-anos-enfocado-en-realizar-un-censo-de-calidad-en-2024\/\"},\"wordCount\":625,\"publisher\":{\"@id\":\"https:\/\/www.ine.gob.bo\/#organization\"},\"image\":{\"@id\":\"https:\/\/www.ine.gob.bo\/index.php\/el-ine-celebra-sus-87-anos-enfocado-en-realizar-un-censo-de-calidad-en-2024\/#primaryimage\"},\"thumbnailUrl\":\"https:\/\/www.ine.gob.bo\/wp-content\/uploads\/2023\/01\/1.-Actualizadores-de-la-ACE-recorren-la-ciudad-de-Trinidad-Beni-1024x577.jpg\",\"keywords\":[\"INE Noticias\"],\"articleSection\":[\"INE noticias\"],\"inLanguage\":\"es\"},{\"@type\":\"WebPage\",\"@id\":\"https:\/\/www.ine.gob.bo\/index.php\/el-ine-celebra-sus-87-anos-enfocado-en-realizar-un-censo-de-calidad-en-2024\/\",\"url\":\"https:\/\/www.ine.gob.bo\/index.php\/el-ine-celebra-sus-87-anos-enfocado-en-realizar-un-censo-de-calidad-en-2024\/\",\"name\":\"El INE celebra sus 87 a\u00f1os enfocado en realizar un censo de calidad en 2024 - INE\",\"isPartOf\":{\"@id\":\"https:\/\/www.ine.gob.bo\/#website\"},\"primaryImageOfPage\":{\"@id\":\"https:\/\/www.ine.gob.bo\/index.php\/el-ine-celebra-sus-87-anos-enfocado-en-realizar-un-censo-de-calidad-en-2024\/#primaryimage\"},\"image\":{\"@id\":\"https:\/\/www.ine.gob.bo\/index.php\/el-ine-celebra-sus-87-anos-enfocado-en-realizar-un-censo-de-calidad-en-2024\/#primaryimage\"},\"thumbnailUrl\":\"https:\/\/www.ine.gob.bo\/wp-content\/uploads\/2023\/01\/1.-Actualizadores-de-la-ACE-recorren-la-ciudad-de-Trinidad-Beni-1024x577.jpg\",\"datePublished\":\"2023-01-14T11:32:25+00:00\",\"dateModified\":\"2026-07-28T19:46:17+00:00\",\"description\":\"P\u00e1gina oficial del Instituto Nacional de Estadistica INE, informaci\u00f3n estad\u00edstica, geogr\u00e1fica y econ\u00f3mica a nivel nacional.\",\"breadcrumb\":{\"@id\":\"https:\/\/www.ine.gob.bo\/index.php\/el-ine-celebra-sus-87-anos-enfocado-en-realizar-un-censo-de-calidad-en-2024\/#breadcrumb\"},\"inLanguage\":\"es\",\"potentialAction\":[{\"@type\":\"ReadAction\",\"target\":[\"https:\/\/www.ine.gob.bo\/index.php\/el-ine-celebra-sus-87-anos-enfocado-en-realizar-un-censo-de-calidad-en-2024\/\"]}]},{\"@type\":\"ImageObject\",\"inLanguage\":\"es\",\"@id\":\"https:\/\/www.ine.gob.bo\/index.php\/el-ine-celebra-sus-87-anos-enfocado-en-realizar-un-censo-de-calidad-en-2024\/#primaryimage\",\"url\":\"https:\/\/www.ine.gob.bo\/wp-content\/uploads\/2023\/01\/1.-Actualizadores-de-la-ACE-recorren-la-ciudad-de-Trinidad-Beni.jpg\",\"contentUrl\":\"https:\/\/www.ine.gob.bo\/wp-content\/uploads\/2023\/01\/1.-Actualizadores-de-la-ACE-recorren-la-ciudad-de-Trinidad-Beni.jpg\",\"width\":1156,\"height\":651},{\"@type\":\"BreadcrumbList\",\"@id\":\"https:\/\/www.ine.gob.bo\/index.php\/el-ine-celebra-sus-87-anos-enfocado-en-realizar-un-censo-de-calidad-en-2024\/#breadcrumb\",\"itemListElement\":[{\"@type\":\"ListItem\",\"position\":1,\"name\":\"Portada\",\"item\":\"https:\/\/www.ine.gob.bo\/\"},{\"@type\":\"ListItem\",\"position\":2,\"name\":\"El INE celebra sus 87 a\u00f1os enfocado en realizar un censo de calidad en 2024\"}]},{\"@type\":\"WebSite\",\"@id\":\"https:\/\/www.ine.gob.bo\/#website\",\"url\":\"https:\/\/www.ine.gob.bo\/\",\"name\":\"INE\",\"description\":\"Instituto Nacional de Estad\u00edstica\",\"publisher\":{\"@id\":\"https:\/\/www.ine.gob.bo\/#organization\"},\"potentialAction\":[{\"@type\":\"SearchAction\",\"target\":{\"@type\":\"EntryPoint\",\"urlTemplate\":\"https:\/\/www.ine.gob.bo\/?s={search_term_string}\"},\"query-input\":\"required name=search_term_string\"}],\"inLanguage\":\"es\"},{\"@type\":\"Organization\",\"@id\":\"https:\/\/www.ine.gob.bo\/#organization\",\"name\":\"Instituto Nacional de Estad\u00edstica\",\"url\":\"https:\/\/www.ine.gob.bo\/\",\"logo\":{\"@type\":\"ImageObject\",\"inLanguage\":\"es\",\"@id\":\"https:\/\/www.ine.gob.bo\/#\/schema\/logo\/image\/\",\"url\":\"https:\/\/www.ine.gob.bo\/wp-content\/uploads\/2026\/02\/logo-ine.jpg\",\"contentUrl\":\"https:\/\/www.ine.gob.bo\/wp-content\/uploads\/2026\/02\/logo-ine.jpg\",\"width\":799,\"height\":453,\"caption\":\"Instituto Nacional de Estad\u00edstica\"},\"image\":{\"@id\":\"https:\/\/www.ine.gob.bo\/#\/schema\/logo\/image\/\"},\"sameAs\":[\"https:\/\/www.facebook.com\/ineboliviaoficial\",\"https:\/\/x.com\/INE_Bolivia\",\"https:\/\/www.instagram.com\/ineboliviaoficial\/\",\"https:\/\/www.youtube.com\/channel\/UCbIQXKLw414g5kWo1tAwqCg\"]},{\"@type\":\"Person\",\"@id\":\"https:\/\/www.ine.gob.bo\/#\/schema\/person\/cd5e3dea21e6634e99cebddcca7540d1\",\"name\":\"Albaro Benedicto Laime Mamani\",\"image\":{\"@type\":\"ImageObject\",\"inLanguage\":\"es\",\"@id\":\"https:\/\/www.ine.gob.bo\/#\/schema\/person\/image\/\",\"url\":\"https:\/\/secure.gravatar.com\/avatar\/450967f1badecac6afbf323d3a06c551f001ee9e5a1094976c96b19cce5b7180?s=96&d=mm&r=g\",\"contentUrl\":\"https:\/\/secure.gravatar.com\/avatar\/450967f1badecac6afbf323d3a06c551f001ee9e5a1094976c96b19cce5b7180?s=96&d=mm&r=g\",\"caption\":\"Albaro Benedicto Laime Mamani\"},\"url\":\"https:\/\/www.ine.gob.bo\/index.php\/author\/alaime\/\"}]}<\/script>\n<!-- \/ Yoast SEO plugin. -->","yoast_head_json":{"title":"El INE celebra sus 87 a\u00f1os enfocado en realizar un censo de calidad en 2024 - INE","description":"P\u00e1gina oficial del Instituto Nacional de Estadistica INE, informaci\u00f3n estad\u00edstica, geogr\u00e1fica y econ\u00f3mica a nivel nacional.","robots":{"index":"index","follow":"follow","max-snippet":"max-snippet:-1","max-image-preview":"max-image-preview:large","max-video-preview":"max-video-preview:-1"},"canonical":"https:\/\/www.ine.gob.bo\/index.php\/el-ine-celebra-sus-87-anos-enfocado-en-realizar-un-censo-de-calidad-en-2024\/","og_locale":"es_ES","og_type":"article","og_title":"El INE celebra sus 87 a\u00f1os enfocado en realizar un censo de calidad en 2024 - INE","og_description":"P\u00e1gina oficial del Instituto Nacional de Estadistica INE, informaci\u00f3n estad\u00edstica, geogr\u00e1fica y econ\u00f3mica a nivel nacional.","og_url":"https:\/\/www.ine.gob.bo\/index.php\/el-ine-celebra-sus-87-anos-enfocado-en-realizar-un-censo-de-calidad-en-2024\/","og_site_name":"INE","article_publisher":"https:\/\/www.facebook.com\/ineboliviaoficial","article_published_time":"2023-01-14T11:32:25+00:00","article_modified_time":"2026-07-28T19:46:17+00:00","og_image":[{"url":"https:\/\/www.ine.gob.bo\/wp-content\/uploads\/2023\/01\/1.-Actualizadores-de-la-ACE-recorren-la-ciudad-de-Trinidad-Beni-1024x577.jpg"}],"author":"Albaro Benedicto Laime Mamani","twitter_card":"summary_large_image","twitter_creator":"@INE_Bolivia","twitter_site":"@INE_Bolivia","twitter_misc":{"Escrito por":"Albaro Benedicto Laime Mamani","Tiempo de lectura":"3 minutos"},"schema":{"@context":"https:\/\/schema.org","@graph":[{"@type":"Article","@id":"https:\/\/www.ine.gob.bo\/index.php\/el-ine-celebra-sus-87-anos-enfocado-en-realizar-un-censo-de-calidad-en-2024\/#article","isPartOf":{"@id":"https:\/\/www.ine.gob.bo\/index.php\/el-ine-celebra-sus-87-anos-enfocado-en-realizar-un-censo-de-calidad-en-2024\/"},"author":{"name":"Albaro Benedicto Laime Mamani","@id":"https:\/\/www.ine.gob.bo\/#\/schema\/person\/cd5e3dea21e6634e99cebddcca7540d1"},"headline":"El INE celebra sus 87 a\u00f1os enfocado en realizar un censo de calidad en 2024","datePublished":"2023-01-14T11:32:25+00:00","dateModified":"2026-07-28T19:46:17+00:00","mainEntityOfPage":{"@id":"https:\/\/www.ine.gob.bo\/index.php\/el-ine-celebra-sus-87-anos-enfocado-en-realizar-un-censo-de-calidad-en-2024\/"},"wordCount":625,"publisher":{"@id":"https:\/\/www.ine.gob.bo\/#organization"},"image":{"@id":"https:\/\/www.ine.gob.bo\/index.php\/el-ine-celebra-sus-87-anos-enfocado-en-realizar-un-censo-de-calidad-en-2024\/#primaryimage"},"thumbnailUrl":"https:\/\/www.ine.gob.bo\/wp-content\/uploads\/2023\/01\/1.-Actualizadores-de-la-ACE-recorren-la-ciudad-de-Trinidad-Beni-1024x577.jpg","keywords":["INE Noticias"],"articleSection":["INE noticias"],"inLanguage":"es"},{"@type":"WebPage","@id":"https:\/\/www.ine.gob.bo\/index.php\/el-ine-celebra-sus-87-anos-enfocado-en-realizar-un-censo-de-calidad-en-2024\/","url":"https:\/\/www.ine.gob.bo\/index.php\/el-ine-celebra-sus-87-anos-enfocado-en-realizar-un-censo-de-calidad-en-2024\/","name":"El INE celebra sus 87 a\u00f1os enfocado en realizar un censo de calidad en 2024 - INE","isPartOf":{"@id":"https:\/\/www.ine.gob.bo\/#website"},"primaryImageOfPage":{"@id":"https:\/\/www.ine.gob.bo\/index.php\/el-ine-celebra-sus-87-anos-enfocado-en-realizar-un-censo-de-calidad-en-2024\/#primaryimage"},"image":{"@id":"https:\/\/www.ine.gob.bo\/index.php\/el-ine-celebra-sus-87-anos-enfocado-en-realizar-un-censo-de-calidad-en-2024\/#primaryimage"},"thumbnailUrl":"https:\/\/www.ine.gob.bo\/wp-content\/uploads\/2023\/01\/1.-Actualizadores-de-la-ACE-recorren-la-ciudad-de-Trinidad-Beni-1024x577.jpg","datePublished":"2023-01-14T11:32:25+00:00","dateModified":"2026-07-28T19:46:17+00:00","description":"P\u00e1gina oficial del Instituto Nacional de Estadistica INE, informaci\u00f3n estad\u00edstica, geogr\u00e1fica y econ\u00f3mica a nivel nacional.","breadcrumb":{"@id":"https:\/\/www.ine.gob.bo\/index.php\/el-ine-celebra-sus-87-anos-enfocado-en-realizar-un-censo-de-calidad-en-2024\/#breadcrumb"},"inLanguage":"es","potentialAction":[{"@type":"ReadAction","target":["https:\/\/www.ine.gob.bo\/index.php\/el-ine-celebra-sus-87-anos-enfocado-en-realizar-un-censo-de-calidad-en-2024\/"]}]},{"@type":"ImageObject","inLanguage":"es","@id":"https:\/\/www.ine.gob.bo\/index.php\/el-ine-celebra-sus-87-anos-enfocado-en-realizar-un-censo-de-calidad-en-2024\/#primaryimage","url":"https:\/\/www.ine.gob.bo\/wp-content\/uploads\/2023\/01\/1.-Actualizadores-de-la-ACE-recorren-la-ciudad-de-Trinidad-Beni.jpg","contentUrl":"https:\/\/www.ine.gob.bo\/wp-content\/uploads\/2023\/01\/1.-Actualizadores-de-la-ACE-recorren-la-ciudad-de-Trinidad-Beni.jpg","width":1156,"height":651},{"@type":"BreadcrumbList","@id":"https:\/\/www.ine.gob.bo\/index.php\/el-ine-celebra-sus-87-anos-enfocado-en-realizar-un-censo-de-calidad-en-2024\/#breadcrumb","itemListElement":[{"@type":"ListItem","position":1,"name":"Portada","item":"https:\/\/www.ine.gob.bo\/"},{"@type":"ListItem","position":2,"name":"El INE celebra sus 87 a\u00f1os enfocado en realizar un censo de calidad en 2024"}]},{"@type":"WebSite","@id":"https:\/\/www.ine.gob.bo\/#website","url":"https:\/\/www.ine.gob.bo\/","name":"INE","description":"Instituto Nacional de Estad\u00edstica","publisher":{"@id":"https:\/\/www.ine.gob.bo\/#organization"},"potentialAction":[{"@type":"SearchAction","target":{"@type":"EntryPoint","urlTemplate":"https:\/\/www.ine.gob.bo\/?s={search_term_string}"},"query-input":"required name=search_term_string"}],"inLanguage":"es"},{"@type":"Organization","@id":"https:\/\/www.ine.gob.bo\/#organization","name":"Instituto Nacional de Estad\u00edstica","url":"https:\/\/www.ine.gob.bo\/","logo":{"@type":"ImageObject","inLanguage":"es","@id":"https:\/\/www.ine.gob.bo\/#\/schema\/logo\/image\/","url":"https:\/\/www.ine.gob.bo\/wp-content\/uploads\/2026\/02\/logo-ine.jpg","contentUrl":"https:\/\/www.ine.gob.bo\/wp-content\/uploads\/2026\/02\/logo-ine.jpg","width":799,"height":453,"caption":"Instituto Nacional de Estad\u00edstica"},"image":{"@id":"https:\/\/www.ine.gob.bo\/#\/schema\/logo\/image\/"},"sameAs":["https:\/\/www.facebook.com\/ineboliviaoficial","https:\/\/x.com\/INE_Bolivia","https:\/\/www.instagram.com\/ineboliviaoficial\/","https:\/\/www.youtube.com\/channel\/UCbIQXKLw414g5kWo1tAwqCg"]},{"@type":"Person","@id":"https:\/\/www.ine.gob.bo\/#\/schema\/person\/cd5e3dea21e6634e99cebddcca7540d1","name":"Albaro Benedicto Laime Mamani","image":{"@type":"ImageObject","inLanguage":"es","@id":"https:\/\/www.ine.gob.bo\/#\/schema\/person\/image\/","url":"https:\/\/secure.gravatar.com\/avatar\/450967f1badecac6afbf323d3a06c551f001ee9e5a1094976c96b19cce5b7180?s=96&d=mm&r=g","contentUrl":"https:\/\/secure.gravatar.com\/avatar\/450967f1badecac6afbf323d3a06c551f001ee9e5a1094976c96b19cce5b7180?s=96&d=mm&r=g","caption":"Albaro Benedicto Laime Mamani"},"url":"https:\/\/www.ine.gob.bo\/index.php\/author\/alaime\/"}]}},"rttpg_featured_image_url":null,"rttpg_author":{"display_name":"Albaro Benedicto Laime Mamani","author_link":"https:\/\/www.ine.gob.bo\/index.php\/author\/alaime\/"},"rttpg_comment":0,"rttpg_category":"<a href=\"https:\/\/www.ine.gob.bo\/index.php\/category\/ine-noticias\/\" rel=\"category tag\">INE noticias<\/a>","rttpg_excerpt":"[vc_row][vc_column][vc_column_text] La Paz, 14 de enero de 2023 (INE). \u2013\u00a0 El Instituto Nacional de Estad\u00edstica (INE) celebra este 14 de enero sus 87 a\u00f1os y lo hace enfocado a realizar un Censo de Poblaci\u00f3n y Vivienda (CPV) de calidad en 2024, enmarcado en est\u00e1ndares internacionales. Una de las etapas importantes para tener un CPV de&hellip;","_links":{"self":[{"href":"https:\/\/www.ine.gob.bo\/index.php\/wp-json\/wp\/v2\/posts\/59985","targetHints":{"allow":["GET"]}}],"collection":[{"href":"https:\/\/www.ine.gob.bo\/index.php\/wp-json\/wp\/v2\/posts"}],"about":[{"href":"https:\/\/www.ine.gob.bo\/index.php\/wp-json\/wp\/v2\/types\/post"}],"author":[{"embeddable":true,"href":"https:\/\/www.ine.gob.bo\/index.php\/wp-json\/wp\/v2\/users\/19"}],"replies":[{"embeddable":true,"href":"https:\/\/www.ine.gob.bo\/index.php\/wp-json\/wp\/v2\/comments?post=59985"}],"version-history":[{"count":1,"href":"https:\/\/www.ine.gob.bo\/index.php\/wp-json\/wp\/v2\/posts\/59985\/revisions"}],"predecessor-version":[{"id":76552,"href":"https:\/\/www.ine.gob.bo\/index.php\/wp-json\/wp\/v2\/posts\/59985\/revisions\/76552"}],"wp:attachment":[{"href":"https:\/\/www.ine.gob.bo\/index.php\/wp-json\/wp\/v2\/media?parent=59985"}],"wp:term":[{"taxonomy":"category","embeddable":true,"href":"https:\/\/www.ine.gob.bo\/index.php\/wp-json\/wp\/v2\/categories?post=59985"},{"taxonomy":"post_tag","embeddable":true,"href":"https:\/\/www.ine.gob.bo\/index.php\/wp-json\/wp\/v2\/tags?post=59985"}],"curies":[{"name":"wp","href":"https:\/\/api.w.org\/{rel}","templated":true}]}}