{"id":59968,"date":"2023-01-12T16:05:58","date_gmt":"2023-01-12T20:05:58","guid":{"rendered":"https:\/\/www.ine.gob.bo\/?p=59968"},"modified":"2025-06-20T15:53:27","modified_gmt":"2025-06-20T19:53:27","slug":"indice-de-precios-al-por-mayor-ipm-registro-disminucion-en-diciembre-de-2022","status":"publish","type":"post","link":"https:\/\/www.ine.gob.bo\/index.php\/indice-de-precios-al-por-mayor-ipm-registro-disminucion-en-diciembre-de-2022\/","title":{"rendered":"\u00cdndice de Precios al por Mayor (IPM) registr\u00f3 disminuci\u00f3n en diciembre de 2022"},"content":{"rendered":"<p>[vc_row][vc_column][vc_column_text]<\/p>\r\n<p style=\"text-align: left;\"><strong>La Paz, 12 de enero de 2023 (INE). &#8211;<\/strong> El \u00cdndice de Precios al por Mayor (IPM) registr\u00f3 en diciembre de 2022 una variaci\u00f3n de -0,07% respecto al mes anterior. La variaci\u00f3n acumulada y a doce meses a diciembre fue de 10,34%.<\/p>\r\n<p><img loading=\"lazy\" decoding=\"async\" class=\"aligncenter wp-image-59969 size-full\" src=\"https:\/\/www.ine.gob.bo\/wp-content\/uploads\/2023\/01\/Cuadro-1-NP-IPM-diciembre-2022.png\" alt=\"\" width=\"999\" height=\"500\" srcset=\"https:\/\/www.ine.gob.bo\/wp-content\/uploads\/2023\/01\/Cuadro-1-NP-IPM-diciembre-2022.png 999w, https:\/\/www.ine.gob.bo\/wp-content\/uploads\/2023\/01\/Cuadro-1-NP-IPM-diciembre-2022-300x150.png 300w, https:\/\/www.ine.gob.bo\/wp-content\/uploads\/2023\/01\/Cuadro-1-NP-IPM-diciembre-2022-768x384.png 768w\" sizes=\"auto, (max-width: 999px) 100vw, 999px\" \/><\/p>\r\n<p>&nbsp;<\/p>\r\n<p><img loading=\"lazy\" decoding=\"async\" class=\"aligncenter wp-image-59970 size-full\" src=\"https:\/\/www.ine.gob.bo\/wp-content\/uploads\/2023\/01\/Grafico-1-NP-IPM-diciembre-2022.png\" alt=\"\" width=\"998\" height=\"688\" srcset=\"https:\/\/www.ine.gob.bo\/wp-content\/uploads\/2023\/01\/Grafico-1-NP-IPM-diciembre-2022.png 998w, https:\/\/www.ine.gob.bo\/wp-content\/uploads\/2023\/01\/Grafico-1-NP-IPM-diciembre-2022-300x207.png 300w, https:\/\/www.ine.gob.bo\/wp-content\/uploads\/2023\/01\/Grafico-1-NP-IPM-diciembre-2022-768x529.png 768w\" sizes=\"auto, (max-width: 998px) 100vw, 998px\" \/><\/p>\r\n<p>&nbsp;<\/p>\r\n<p><strong>Comportamiento de Precios al Por Mayor, seg\u00fan origen<\/strong><br \/>La disminuci\u00f3n se debi\u00f3 principalmente al decremento de precios de los productos de origen nacional que presentaron una variaci\u00f3n porcentual de -0,14% y una incidencia de -0,12 puntos porcentuales.<\/p>\r\n<p><img loading=\"lazy\" decoding=\"async\" class=\"aligncenter wp-image-60191 size-full\" src=\"https:\/\/www.ine.gob.bo\/wp-content\/uploads\/2023\/01\/Cuadro-2-NP-IPM-diciembre-2022_act.png\" alt=\"\" width=\"923\" height=\"366\" srcset=\"https:\/\/www.ine.gob.bo\/wp-content\/uploads\/2023\/01\/Cuadro-2-NP-IPM-diciembre-2022_act.png 923w, https:\/\/www.ine.gob.bo\/wp-content\/uploads\/2023\/01\/Cuadro-2-NP-IPM-diciembre-2022_act-300x119.png 300w, https:\/\/www.ine.gob.bo\/wp-content\/uploads\/2023\/01\/Cuadro-2-NP-IPM-diciembre-2022_act-768x305.png 768w\" sizes=\"auto, (max-width: 923px) 100vw, 923px\" \/><\/p>\r\n<p>&nbsp;<\/p>\r\n<p><strong><img loading=\"lazy\" decoding=\"async\" class=\"aligncenter wp-image-59972 size-full\" src=\"https:\/\/www.ine.gob.bo\/wp-content\/uploads\/2023\/01\/Grafico-2-NP-IPM-diciembre-2022.png\" alt=\"\" width=\"745\" height=\"445\" srcset=\"https:\/\/www.ine.gob.bo\/wp-content\/uploads\/2023\/01\/Grafico-2-NP-IPM-diciembre-2022.png 745w, https:\/\/www.ine.gob.bo\/wp-content\/uploads\/2023\/01\/Grafico-2-NP-IPM-diciembre-2022-300x179.png 300w\" sizes=\"auto, (max-width: 745px) 100vw, 745px\" \/><\/strong><\/p>\r\n<p>&nbsp;<\/p>\r\n<p><strong>Comportamiento de Precios al Por Mayor, seg\u00fan origen y grupos<\/strong><\/p>\r\n<p>La variaci\u00f3n de -0,14% de los precios de origen nacional, se debi\u00f3 principalmente a una incidencia de -0,31 p.p. en el sector agr\u00edcola (una variaci\u00f3n porcentual mensual de -0,73%).<\/p>\r\n<p>El incremento de 0,29% de los precios de origen Importado, se explic\u00f3 por el sector manufacturero que present\u00f3 una incidencia de 0,28 p.p. (una variaci\u00f3n porcentual positiva de 0,28%).<\/p>\r\n<p>&nbsp;<\/p>\r\n<p><img loading=\"lazy\" decoding=\"async\" class=\"aligncenter wp-image-59973 size-full\" src=\"https:\/\/www.ine.gob.bo\/wp-content\/uploads\/2023\/01\/Cuadro-3-NP-IPM-diciembre-2022.png\" alt=\"\" width=\"1016\" height=\"485\" srcset=\"https:\/\/www.ine.gob.bo\/wp-content\/uploads\/2023\/01\/Cuadro-3-NP-IPM-diciembre-2022.png 1016w, https:\/\/www.ine.gob.bo\/wp-content\/uploads\/2023\/01\/Cuadro-3-NP-IPM-diciembre-2022-300x143.png 300w, https:\/\/www.ine.gob.bo\/wp-content\/uploads\/2023\/01\/Cuadro-3-NP-IPM-diciembre-2022-768x367.png 768w\" sizes=\"auto, (max-width: 1016px) 100vw, 1016px\" \/><\/p>\r\n<p><img loading=\"lazy\" decoding=\"async\" class=\"aligncenter wp-image-59974 size-full\" src=\"https:\/\/www.ine.gob.bo\/wp-content\/uploads\/2023\/01\/Grafico-3-NP-IPM-diciembre-2022.png\" alt=\"\" width=\"945\" height=\"616\" srcset=\"https:\/\/www.ine.gob.bo\/wp-content\/uploads\/2023\/01\/Grafico-3-NP-IPM-diciembre-2022.png 945w, https:\/\/www.ine.gob.bo\/wp-content\/uploads\/2023\/01\/Grafico-3-NP-IPM-diciembre-2022-300x196.png 300w, https:\/\/www.ine.gob.bo\/wp-content\/uploads\/2023\/01\/Grafico-3-NP-IPM-diciembre-2022-768x501.png 768w\" sizes=\"auto, (max-width: 945px) 100vw, 945px\" \/><\/p>\r\n<p>&nbsp;<\/p>\r\n<p><strong>Productos con mayor incidencia positiva y negativa <\/strong><\/p>\r\n<p><strong>Origen Nacional<\/strong><br \/>Los productos de origen nacional con mayor incidencia porcentual negativa en diciembre fueron: papa (patata), hoja de coca, pl\u00e1tano, carnes frescas de ganado bovino, cebolla y vainita. Por el contrario, aquellos con mayor incidencia positiva fueron:\u00a0 ma\u00edz, carnes frescas de pollo, cebada, harina o torta de soya, arveja verde y mango.<\/p>\r\n<p>&nbsp;<\/p>\r\n<p><img loading=\"lazy\" decoding=\"async\" class=\"aligncenter wp-image-59975 size-full\" src=\"https:\/\/www.ine.gob.bo\/wp-content\/uploads\/2023\/01\/Cuadro-4-NP-IPM-diciembre-2022.png\" alt=\"\" width=\"1015\" height=\"668\" srcset=\"https:\/\/www.ine.gob.bo\/wp-content\/uploads\/2023\/01\/Cuadro-4-NP-IPM-diciembre-2022.png 1015w, https:\/\/www.ine.gob.bo\/wp-content\/uploads\/2023\/01\/Cuadro-4-NP-IPM-diciembre-2022-300x197.png 300w, https:\/\/www.ine.gob.bo\/wp-content\/uploads\/2023\/01\/Cuadro-4-NP-IPM-diciembre-2022-768x505.png 768w\" sizes=\"auto, (max-width: 1015px) 100vw, 1015px\" \/><\/p>\r\n<p>&nbsp;<\/p>\r\n<p><strong>Origen Importado<\/strong><\/p>\r\n<div align=\"JUSTIFY\">\r\n<p>Los productos de origen importado con mayor incidencia porcentual positiva en diciembre fueron: accesorios para veh\u00edculos automotores, sopas instant\u00e1neas\/caldo concentrado, grasas automotrices\/lubricantes, productos de panader\u00eda, productos de\u00a0 material pl\u00e1stico y frutas preparadas y en conserva. Por el contrario, aquellos con mayor incidencia negativa fueron: vidrio laminado\/vidrio templado, tejidos de fibras textiles naturales\/sint\u00e9ticas, bebidas no gaseosas, harina de trigo, pinturas\/barnices y\u00a0 papel higi\u00e9nico\/servilletas\/pa\u00f1ales desechables.<\/p>\r\n<p><img loading=\"lazy\" decoding=\"async\" class=\"aligncenter wp-image-59976 size-full\" src=\"https:\/\/www.ine.gob.bo\/wp-content\/uploads\/2023\/01\/Cuadro-5-NP-IPM-diciembre-2022.png\" alt=\"\" width=\"1023\" height=\"649\" srcset=\"https:\/\/www.ine.gob.bo\/wp-content\/uploads\/2023\/01\/Cuadro-5-NP-IPM-diciembre-2022.png 1023w, https:\/\/www.ine.gob.bo\/wp-content\/uploads\/2023\/01\/Cuadro-5-NP-IPM-diciembre-2022-300x190.png 300w, https:\/\/www.ine.gob.bo\/wp-content\/uploads\/2023\/01\/Cuadro-5-NP-IPM-diciembre-2022-768x487.png 768w\" sizes=\"auto, (max-width: 1023px) 100vw, 1023px\" \/><\/p>\r\n<p>&nbsp;<\/p>\r\n<\/div>\r\n<p><img loading=\"lazy\" decoding=\"async\" class=\"aligncenter wp-image-59977 size-large\" src=\"https:\/\/www.ine.gob.bo\/wp-content\/uploads\/2023\/01\/Grafico-4-NP-IPM-diciembre-2022-1024x570.png\" alt=\"\" width=\"1024\" height=\"570\" srcset=\"https:\/\/www.ine.gob.bo\/wp-content\/uploads\/2023\/01\/Grafico-4-NP-IPM-diciembre-2022-1024x570.png 1024w, https:\/\/www.ine.gob.bo\/wp-content\/uploads\/2023\/01\/Grafico-4-NP-IPM-diciembre-2022-300x167.png 300w, https:\/\/www.ine.gob.bo\/wp-content\/uploads\/2023\/01\/Grafico-4-NP-IPM-diciembre-2022-768x428.png 768w, https:\/\/www.ine.gob.bo\/wp-content\/uploads\/2023\/01\/Grafico-4-NP-IPM-diciembre-2022.png 1092w\" sizes=\"auto, (max-width: 1024px) 100vw, 1024px\" \/><\/p>\r\n<p>&nbsp;<\/p>\r\n<p style=\"text-align: center;\"><em><strong>Unidad de Difusi\u00f3n y Comunicaci\u00f3n <\/strong><\/em><br \/><strong>INSTITUTO NACIONAL DE ESTAD\u00cdSTICA<\/strong><\/p>\r\n<p>&nbsp;<\/p>\r\n<p><img loading=\"lazy\" decoding=\"async\" class=\"aligncenter wp-image-58439 size-full\" src=\"https:\/\/www.ine.gob.bo\/wp-content\/uploads\/2022\/09\/Nota.-NP-IPM-Agosto-2022.png\" alt=\"\" width=\"896\" height=\"50\" srcset=\"https:\/\/www.ine.gob.bo\/wp-content\/uploads\/2022\/09\/Nota.-NP-IPM-Agosto-2022.png 896w, https:\/\/www.ine.gob.bo\/wp-content\/uploads\/2022\/09\/Nota.-NP-IPM-Agosto-2022-300x17.png 300w, https:\/\/www.ine.gob.bo\/wp-content\/uploads\/2022\/09\/Nota.-NP-IPM-Agosto-2022-768x43.png 768w\" sizes=\"auto, (max-width: 896px) 100vw, 896px\" \/><\/p>\r\n<p>&nbsp;<\/p>\r\n<p><a href=\"https:\/\/nimbus.ine.gob.bo\/index.php\/s\/jP5JT7WY7N7MQXG\/download\">Descargar Nota de Prensa<\/a><\/p>\r\n<p class=\"has-text-align-center\"><!-- \/wp:post-content --><\/p>\r\n<p class=\"has-text-align-center\"><!-- wp:separator --><\/p>\r\n<hr class=\"wp-block-separator\" \/>\r\n<p class=\"has-text-align-center\"><!-- \/wp:separator --><\/p>\r\n<p class=\"has-text-align-center\"><!-- wp:paragraph {\"align\":\"right\"} --><\/p>\r\n<p class=\"has-text-align-right\"><strong><em>Entidad dependiente del Ministerio de Planificaci\u00f3n del Desarrollo<\/em><\/strong><\/p>\r\n<p class=\"has-text-align-center\"><!-- \/wp:paragraph --><\/p>\r\n<p>&nbsp;<\/p>\r\n<p>&nbsp;<\/p>\r\n<p>[\/vc_column_text][\/vc_column][\/vc_row]<\/p>","protected":false},"excerpt":{"rendered":"<p>[vc_row][vc_column][vc_column_text] La Paz, 12 de enero de 2023 (INE). &#8211; El \u00cdndice de Precios al por Mayor (IPM) registr\u00f3 en diciembre de 2022 una variaci\u00f3n de -0,07% respecto al mes anterior. La variaci\u00f3n acumulada y a doce meses a diciembre fue de 10,34%. &nbsp; &nbsp; Comportamiento de Precios al Por Mayor, seg\u00fan origenLa disminuci\u00f3n se&hellip;<\/p>\n","protected":false},"author":19,"featured_media":59978,"comment_status":"closed","ping_status":"open","sticky":false,"template":"","format":"standard","meta":[],"categories":[158],"tags":[52],"class_list":["post-59968","post","type-post","status-publish","format-standard","has-post-thumbnail","hentry","category-ine-noticias","tag-ine-noticias","category-158","description-off"],"yoast_head":"<!-- This site is optimized with the Yoast SEO plugin v23.2 - https:\/\/yoast.com\/wordpress\/plugins\/seo\/ -->\n<title>\u00cdndice de Precios al por Mayor (IPM) registr\u00f3 disminuci\u00f3n en diciembre de 2022 - INE<\/title>\n<meta name=\"description\" content=\"P\u00e1gina oficial del Instituto Nacional de Estadistica INE, informaci\u00f3n estad\u00edstica, geogr\u00e1fica y econ\u00f3mica a nivel nacional.\" \/>\n<meta name=\"robots\" content=\"index, follow, max-snippet:-1, max-image-preview:large, max-video-preview:-1\" \/>\n<link rel=\"canonical\" href=\"https:\/\/www.ine.gob.bo\/index.php\/indice-de-precios-al-por-mayor-ipm-registro-disminucion-en-diciembre-de-2022\/\" \/>\n<meta property=\"og:locale\" content=\"es_ES\" \/>\n<meta property=\"og:type\" content=\"article\" \/>\n<meta property=\"og:title\" content=\"\u00cdndice de Precios al por Mayor (IPM) registr\u00f3 disminuci\u00f3n en diciembre de 2022 - INE\" \/>\n<meta property=\"og:description\" content=\"P\u00e1gina oficial del Instituto Nacional de Estadistica INE, informaci\u00f3n estad\u00edstica, geogr\u00e1fica y econ\u00f3mica a nivel nacional.\" \/>\n<meta property=\"og:url\" content=\"https:\/\/www.ine.gob.bo\/index.php\/indice-de-precios-al-por-mayor-ipm-registro-disminucion-en-diciembre-de-2022\/\" \/>\n<meta property=\"og:site_name\" content=\"INE\" \/>\n<meta property=\"article:publisher\" content=\"https:\/\/www.facebook.com\/ineboliviaoficial\" \/>\n<meta property=\"article:published_time\" content=\"2023-01-12T20:05:58+00:00\" \/>\n<meta property=\"article:modified_time\" content=\"2025-06-20T19:53:27+00:00\" \/>\n<meta property=\"og:image\" content=\"https:\/\/www.ine.gob.bo\/wp-content\/uploads\/2023\/01\/Portada-NP-IPM-diciembre-2022.png\" \/>\n\t<meta property=\"og:image:width\" content=\"704\" \/>\n\t<meta property=\"og:image:height\" content=\"913\" \/>\n\t<meta property=\"og:image:type\" content=\"image\/png\" \/>\n<meta name=\"author\" content=\"Albaro Benedicto Laime Mamani\" \/>\n<meta name=\"twitter:card\" content=\"summary_large_image\" \/>\n<meta name=\"twitter:creator\" content=\"@INE_Bolivia\" \/>\n<meta name=\"twitter:site\" content=\"@INE_Bolivia\" \/>\n<meta name=\"twitter:label1\" content=\"Escrito por\" \/>\n\t<meta name=\"twitter:data1\" content=\"Albaro Benedicto Laime Mamani\" \/>\n\t<meta name=\"twitter:label2\" content=\"Tiempo de lectura\" \/>\n\t<meta name=\"twitter:data2\" content=\"4 minutos\" \/>\n<script type=\"application\/ld+json\" class=\"yoast-schema-graph\">{\"@context\":\"https:\/\/schema.org\",\"@graph\":[{\"@type\":\"Article\",\"@id\":\"https:\/\/www.ine.gob.bo\/index.php\/indice-de-precios-al-por-mayor-ipm-registro-disminucion-en-diciembre-de-2022\/#article\",\"isPartOf\":{\"@id\":\"https:\/\/www.ine.gob.bo\/index.php\/indice-de-precios-al-por-mayor-ipm-registro-disminucion-en-diciembre-de-2022\/\"},\"author\":{\"name\":\"Albaro Benedicto Laime Mamani\",\"@id\":\"https:\/\/www.ine.gob.bo\/#\/schema\/person\/cd5e3dea21e6634e99cebddcca7540d1\"},\"headline\":\"\u00cdndice de Precios al por Mayor (IPM) registr\u00f3 disminuci\u00f3n en diciembre de 2022\",\"datePublished\":\"2023-01-12T20:05:58+00:00\",\"dateModified\":\"2025-06-20T19:53:27+00:00\",\"mainEntityOfPage\":{\"@id\":\"https:\/\/www.ine.gob.bo\/index.php\/indice-de-precios-al-por-mayor-ipm-registro-disminucion-en-diciembre-de-2022\/\"},\"wordCount\":359,\"publisher\":{\"@id\":\"https:\/\/www.ine.gob.bo\/#organization\"},\"image\":{\"@id\":\"https:\/\/www.ine.gob.bo\/index.php\/indice-de-precios-al-por-mayor-ipm-registro-disminucion-en-diciembre-de-2022\/#primaryimage\"},\"thumbnailUrl\":\"https:\/\/www.ine.gob.bo\/wp-content\/uploads\/2023\/01\/Portada-NP-IPM-diciembre-2022.png\",\"keywords\":[\"INE Noticias\"],\"articleSection\":[\"INE noticias\"],\"inLanguage\":\"es\"},{\"@type\":\"WebPage\",\"@id\":\"https:\/\/www.ine.gob.bo\/index.php\/indice-de-precios-al-por-mayor-ipm-registro-disminucion-en-diciembre-de-2022\/\",\"url\":\"https:\/\/www.ine.gob.bo\/index.php\/indice-de-precios-al-por-mayor-ipm-registro-disminucion-en-diciembre-de-2022\/\",\"name\":\"\u00cdndice de Precios al por Mayor (IPM) registr\u00f3 disminuci\u00f3n en diciembre de 2022 - INE\",\"isPartOf\":{\"@id\":\"https:\/\/www.ine.gob.bo\/#website\"},\"primaryImageOfPage\":{\"@id\":\"https:\/\/www.ine.gob.bo\/index.php\/indice-de-precios-al-por-mayor-ipm-registro-disminucion-en-diciembre-de-2022\/#primaryimage\"},\"image\":{\"@id\":\"https:\/\/www.ine.gob.bo\/index.php\/indice-de-precios-al-por-mayor-ipm-registro-disminucion-en-diciembre-de-2022\/#primaryimage\"},\"thumbnailUrl\":\"https:\/\/www.ine.gob.bo\/wp-content\/uploads\/2023\/01\/Portada-NP-IPM-diciembre-2022.png\",\"datePublished\":\"2023-01-12T20:05:58+00:00\",\"dateModified\":\"2025-06-20T19:53:27+00:00\",\"description\":\"P\u00e1gina oficial del Instituto Nacional de Estadistica INE, informaci\u00f3n estad\u00edstica, geogr\u00e1fica y econ\u00f3mica a nivel nacional.\",\"breadcrumb\":{\"@id\":\"https:\/\/www.ine.gob.bo\/index.php\/indice-de-precios-al-por-mayor-ipm-registro-disminucion-en-diciembre-de-2022\/#breadcrumb\"},\"inLanguage\":\"es\",\"potentialAction\":[{\"@type\":\"ReadAction\",\"target\":[\"https:\/\/www.ine.gob.bo\/index.php\/indice-de-precios-al-por-mayor-ipm-registro-disminucion-en-diciembre-de-2022\/\"]}]},{\"@type\":\"ImageObject\",\"inLanguage\":\"es\",\"@id\":\"https:\/\/www.ine.gob.bo\/index.php\/indice-de-precios-al-por-mayor-ipm-registro-disminucion-en-diciembre-de-2022\/#primaryimage\",\"url\":\"https:\/\/www.ine.gob.bo\/wp-content\/uploads\/2023\/01\/Portada-NP-IPM-diciembre-2022.png\",\"contentUrl\":\"https:\/\/www.ine.gob.bo\/wp-content\/uploads\/2023\/01\/Portada-NP-IPM-diciembre-2022.png\",\"width\":704,\"height\":913},{\"@type\":\"BreadcrumbList\",\"@id\":\"https:\/\/www.ine.gob.bo\/index.php\/indice-de-precios-al-por-mayor-ipm-registro-disminucion-en-diciembre-de-2022\/#breadcrumb\",\"itemListElement\":[{\"@type\":\"ListItem\",\"position\":1,\"name\":\"Portada\",\"item\":\"https:\/\/www.ine.gob.bo\/\"},{\"@type\":\"ListItem\",\"position\":2,\"name\":\"\u00cdndice de Precios al por Mayor (IPM) registr\u00f3 disminuci\u00f3n en diciembre de 2022\"}]},{\"@type\":\"WebSite\",\"@id\":\"https:\/\/www.ine.gob.bo\/#website\",\"url\":\"https:\/\/www.ine.gob.bo\/\",\"name\":\"INE\",\"description\":\"Instituto Nacional de Estad\u00edstica\",\"publisher\":{\"@id\":\"https:\/\/www.ine.gob.bo\/#organization\"},\"potentialAction\":[{\"@type\":\"SearchAction\",\"target\":{\"@type\":\"EntryPoint\",\"urlTemplate\":\"https:\/\/www.ine.gob.bo\/?s={search_term_string}\"},\"query-input\":\"required name=search_term_string\"}],\"inLanguage\":\"es\"},{\"@type\":\"Organization\",\"@id\":\"https:\/\/www.ine.gob.bo\/#organization\",\"name\":\"Instituto Nacional de Estad\u00edstica\",\"url\":\"https:\/\/www.ine.gob.bo\/\",\"logo\":{\"@type\":\"ImageObject\",\"inLanguage\":\"es\",\"@id\":\"https:\/\/www.ine.gob.bo\/#\/schema\/logo\/image\/\",\"url\":\"https:\/\/www.ine.gob.bo\/wp-content\/uploads\/2026\/02\/logo-ine.jpg\",\"contentUrl\":\"https:\/\/www.ine.gob.bo\/wp-content\/uploads\/2026\/02\/logo-ine.jpg\",\"width\":799,\"height\":453,\"caption\":\"Instituto Nacional de Estad\u00edstica\"},\"image\":{\"@id\":\"https:\/\/www.ine.gob.bo\/#\/schema\/logo\/image\/\"},\"sameAs\":[\"https:\/\/www.facebook.com\/ineboliviaoficial\",\"https:\/\/x.com\/INE_Bolivia\",\"https:\/\/www.instagram.com\/ineboliviaoficial\/\",\"https:\/\/www.youtube.com\/channel\/UCbIQXKLw414g5kWo1tAwqCg\"]},{\"@type\":\"Person\",\"@id\":\"https:\/\/www.ine.gob.bo\/#\/schema\/person\/cd5e3dea21e6634e99cebddcca7540d1\",\"name\":\"Albaro Benedicto Laime Mamani\",\"image\":{\"@type\":\"ImageObject\",\"inLanguage\":\"es\",\"@id\":\"https:\/\/www.ine.gob.bo\/#\/schema\/person\/image\/\",\"url\":\"https:\/\/secure.gravatar.com\/avatar\/450967f1badecac6afbf323d3a06c551f001ee9e5a1094976c96b19cce5b7180?s=96&d=mm&r=g\",\"contentUrl\":\"https:\/\/secure.gravatar.com\/avatar\/450967f1badecac6afbf323d3a06c551f001ee9e5a1094976c96b19cce5b7180?s=96&d=mm&r=g\",\"caption\":\"Albaro Benedicto Laime Mamani\"},\"url\":\"https:\/\/www.ine.gob.bo\/index.php\/author\/alaime\/\"}]}<\/script>\n<!-- \/ Yoast SEO plugin. -->","yoast_head_json":{"title":"\u00cdndice de Precios al por Mayor (IPM) registr\u00f3 disminuci\u00f3n en diciembre de 2022 - INE","description":"P\u00e1gina oficial del Instituto Nacional de Estadistica INE, informaci\u00f3n estad\u00edstica, geogr\u00e1fica y econ\u00f3mica a nivel nacional.","robots":{"index":"index","follow":"follow","max-snippet":"max-snippet:-1","max-image-preview":"max-image-preview:large","max-video-preview":"max-video-preview:-1"},"canonical":"https:\/\/www.ine.gob.bo\/index.php\/indice-de-precios-al-por-mayor-ipm-registro-disminucion-en-diciembre-de-2022\/","og_locale":"es_ES","og_type":"article","og_title":"\u00cdndice de Precios al por Mayor (IPM) registr\u00f3 disminuci\u00f3n en diciembre de 2022 - INE","og_description":"P\u00e1gina oficial del Instituto Nacional de Estadistica INE, informaci\u00f3n estad\u00edstica, geogr\u00e1fica y econ\u00f3mica a nivel nacional.","og_url":"https:\/\/www.ine.gob.bo\/index.php\/indice-de-precios-al-por-mayor-ipm-registro-disminucion-en-diciembre-de-2022\/","og_site_name":"INE","article_publisher":"https:\/\/www.facebook.com\/ineboliviaoficial","article_published_time":"2023-01-12T20:05:58+00:00","article_modified_time":"2025-06-20T19:53:27+00:00","og_image":[{"width":704,"height":913,"url":"https:\/\/www.ine.gob.bo\/wp-content\/uploads\/2023\/01\/Portada-NP-IPM-diciembre-2022.png","type":"image\/png"}],"author":"Albaro Benedicto Laime Mamani","twitter_card":"summary_large_image","twitter_creator":"@INE_Bolivia","twitter_site":"@INE_Bolivia","twitter_misc":{"Escrito por":"Albaro Benedicto Laime Mamani","Tiempo de lectura":"4 minutos"},"schema":{"@context":"https:\/\/schema.org","@graph":[{"@type":"Article","@id":"https:\/\/www.ine.gob.bo\/index.php\/indice-de-precios-al-por-mayor-ipm-registro-disminucion-en-diciembre-de-2022\/#article","isPartOf":{"@id":"https:\/\/www.ine.gob.bo\/index.php\/indice-de-precios-al-por-mayor-ipm-registro-disminucion-en-diciembre-de-2022\/"},"author":{"name":"Albaro Benedicto Laime Mamani","@id":"https:\/\/www.ine.gob.bo\/#\/schema\/person\/cd5e3dea21e6634e99cebddcca7540d1"},"headline":"\u00cdndice de Precios al por Mayor (IPM) registr\u00f3 disminuci\u00f3n en diciembre de 2022","datePublished":"2023-01-12T20:05:58+00:00","dateModified":"2025-06-20T19:53:27+00:00","mainEntityOfPage":{"@id":"https:\/\/www.ine.gob.bo\/index.php\/indice-de-precios-al-por-mayor-ipm-registro-disminucion-en-diciembre-de-2022\/"},"wordCount":359,"publisher":{"@id":"https:\/\/www.ine.gob.bo\/#organization"},"image":{"@id":"https:\/\/www.ine.gob.bo\/index.php\/indice-de-precios-al-por-mayor-ipm-registro-disminucion-en-diciembre-de-2022\/#primaryimage"},"thumbnailUrl":"https:\/\/www.ine.gob.bo\/wp-content\/uploads\/2023\/01\/Portada-NP-IPM-diciembre-2022.png","keywords":["INE Noticias"],"articleSection":["INE noticias"],"inLanguage":"es"},{"@type":"WebPage","@id":"https:\/\/www.ine.gob.bo\/index.php\/indice-de-precios-al-por-mayor-ipm-registro-disminucion-en-diciembre-de-2022\/","url":"https:\/\/www.ine.gob.bo\/index.php\/indice-de-precios-al-por-mayor-ipm-registro-disminucion-en-diciembre-de-2022\/","name":"\u00cdndice de Precios al por Mayor (IPM) registr\u00f3 disminuci\u00f3n en diciembre de 2022 - INE","isPartOf":{"@id":"https:\/\/www.ine.gob.bo\/#website"},"primaryImageOfPage":{"@id":"https:\/\/www.ine.gob.bo\/index.php\/indice-de-precios-al-por-mayor-ipm-registro-disminucion-en-diciembre-de-2022\/#primaryimage"},"image":{"@id":"https:\/\/www.ine.gob.bo\/index.php\/indice-de-precios-al-por-mayor-ipm-registro-disminucion-en-diciembre-de-2022\/#primaryimage"},"thumbnailUrl":"https:\/\/www.ine.gob.bo\/wp-content\/uploads\/2023\/01\/Portada-NP-IPM-diciembre-2022.png","datePublished":"2023-01-12T20:05:58+00:00","dateModified":"2025-06-20T19:53:27+00:00","description":"P\u00e1gina oficial del Instituto Nacional de Estadistica INE, informaci\u00f3n estad\u00edstica, geogr\u00e1fica y econ\u00f3mica a nivel nacional.","breadcrumb":{"@id":"https:\/\/www.ine.gob.bo\/index.php\/indice-de-precios-al-por-mayor-ipm-registro-disminucion-en-diciembre-de-2022\/#breadcrumb"},"inLanguage":"es","potentialAction":[{"@type":"ReadAction","target":["https:\/\/www.ine.gob.bo\/index.php\/indice-de-precios-al-por-mayor-ipm-registro-disminucion-en-diciembre-de-2022\/"]}]},{"@type":"ImageObject","inLanguage":"es","@id":"https:\/\/www.ine.gob.bo\/index.php\/indice-de-precios-al-por-mayor-ipm-registro-disminucion-en-diciembre-de-2022\/#primaryimage","url":"https:\/\/www.ine.gob.bo\/wp-content\/uploads\/2023\/01\/Portada-NP-IPM-diciembre-2022.png","contentUrl":"https:\/\/www.ine.gob.bo\/wp-content\/uploads\/2023\/01\/Portada-NP-IPM-diciembre-2022.png","width":704,"height":913},{"@type":"BreadcrumbList","@id":"https:\/\/www.ine.gob.bo\/index.php\/indice-de-precios-al-por-mayor-ipm-registro-disminucion-en-diciembre-de-2022\/#breadcrumb","itemListElement":[{"@type":"ListItem","position":1,"name":"Portada","item":"https:\/\/www.ine.gob.bo\/"},{"@type":"ListItem","position":2,"name":"\u00cdndice de Precios al por Mayor (IPM) registr\u00f3 disminuci\u00f3n en diciembre de 2022"}]},{"@type":"WebSite","@id":"https:\/\/www.ine.gob.bo\/#website","url":"https:\/\/www.ine.gob.bo\/","name":"INE","description":"Instituto Nacional de Estad\u00edstica","publisher":{"@id":"https:\/\/www.ine.gob.bo\/#organization"},"potentialAction":[{"@type":"SearchAction","target":{"@type":"EntryPoint","urlTemplate":"https:\/\/www.ine.gob.bo\/?s={search_term_string}"},"query-input":"required name=search_term_string"}],"inLanguage":"es"},{"@type":"Organization","@id":"https:\/\/www.ine.gob.bo\/#organization","name":"Instituto Nacional de Estad\u00edstica","url":"https:\/\/www.ine.gob.bo\/","logo":{"@type":"ImageObject","inLanguage":"es","@id":"https:\/\/www.ine.gob.bo\/#\/schema\/logo\/image\/","url":"https:\/\/www.ine.gob.bo\/wp-content\/uploads\/2026\/02\/logo-ine.jpg","contentUrl":"https:\/\/www.ine.gob.bo\/wp-content\/uploads\/2026\/02\/logo-ine.jpg","width":799,"height":453,"caption":"Instituto Nacional de Estad\u00edstica"},"image":{"@id":"https:\/\/www.ine.gob.bo\/#\/schema\/logo\/image\/"},"sameAs":["https:\/\/www.facebook.com\/ineboliviaoficial","https:\/\/x.com\/INE_Bolivia","https:\/\/www.instagram.com\/ineboliviaoficial\/","https:\/\/www.youtube.com\/channel\/UCbIQXKLw414g5kWo1tAwqCg"]},{"@type":"Person","@id":"https:\/\/www.ine.gob.bo\/#\/schema\/person\/cd5e3dea21e6634e99cebddcca7540d1","name":"Albaro Benedicto Laime Mamani","image":{"@type":"ImageObject","inLanguage":"es","@id":"https:\/\/www.ine.gob.bo\/#\/schema\/person\/image\/","url":"https:\/\/secure.gravatar.com\/avatar\/450967f1badecac6afbf323d3a06c551f001ee9e5a1094976c96b19cce5b7180?s=96&d=mm&r=g","contentUrl":"https:\/\/secure.gravatar.com\/avatar\/450967f1badecac6afbf323d3a06c551f001ee9e5a1094976c96b19cce5b7180?s=96&d=mm&r=g","caption":"Albaro Benedicto Laime Mamani"},"url":"https:\/\/www.ine.gob.bo\/index.php\/author\/alaime\/"}]}},"rttpg_featured_image_url":{"full":["https:\/\/www.ine.gob.bo\/wp-content\/uploads\/2023\/01\/Portada-NP-IPM-diciembre-2022.png",704,913,false],"landscape":["https:\/\/www.ine.gob.bo\/wp-content\/uploads\/2023\/01\/Portada-NP-IPM-diciembre-2022.png",704,913,false],"portraits":["https:\/\/www.ine.gob.bo\/wp-content\/uploads\/2023\/01\/Portada-NP-IPM-diciembre-2022.png",704,913,false],"thumbnail":["https:\/\/www.ine.gob.bo\/wp-content\/uploads\/2023\/01\/Portada-NP-IPM-diciembre-2022-150x150.png",150,150,true],"medium":["https:\/\/www.ine.gob.bo\/wp-content\/uploads\/2023\/01\/Portada-NP-IPM-diciembre-2022-231x300.png",231,300,true],"large":["https:\/\/www.ine.gob.bo\/wp-content\/uploads\/2023\/01\/Portada-NP-IPM-diciembre-2022.png",704,913,false],"1536x1536":["https:\/\/www.ine.gob.bo\/wp-content\/uploads\/2023\/01\/Portada-NP-IPM-diciembre-2022.png",704,913,false],"2048x2048":["https:\/\/www.ine.gob.bo\/wp-content\/uploads\/2023\/01\/Portada-NP-IPM-diciembre-2022.png",704,913,false]},"rttpg_author":{"display_name":"Albaro Benedicto Laime Mamani","author_link":"https:\/\/www.ine.gob.bo\/index.php\/author\/alaime\/"},"rttpg_comment":0,"rttpg_category":"<a href=\"https:\/\/www.ine.gob.bo\/index.php\/category\/ine-noticias\/\" rel=\"category tag\">INE noticias<\/a>","rttpg_excerpt":"[vc_row][vc_column][vc_column_text] La Paz, 12 de enero de 2023 (INE). &#8211; El \u00cdndice de Precios al por Mayor (IPM) registr\u00f3 en diciembre de 2022 una variaci\u00f3n de -0,07% respecto al mes anterior. La variaci\u00f3n acumulada y a doce meses a diciembre fue de 10,34%. &nbsp; &nbsp; Comportamiento de Precios al Por Mayor, seg\u00fan origenLa disminuci\u00f3n se&hellip;","_links":{"self":[{"href":"https:\/\/www.ine.gob.bo\/index.php\/wp-json\/wp\/v2\/posts\/59968","targetHints":{"allow":["GET"]}}],"collection":[{"href":"https:\/\/www.ine.gob.bo\/index.php\/wp-json\/wp\/v2\/posts"}],"about":[{"href":"https:\/\/www.ine.gob.bo\/index.php\/wp-json\/wp\/v2\/types\/post"}],"author":[{"embeddable":true,"href":"https:\/\/www.ine.gob.bo\/index.php\/wp-json\/wp\/v2\/users\/19"}],"replies":[{"embeddable":true,"href":"https:\/\/www.ine.gob.bo\/index.php\/wp-json\/wp\/v2\/comments?post=59968"}],"version-history":[{"count":0,"href":"https:\/\/www.ine.gob.bo\/index.php\/wp-json\/wp\/v2\/posts\/59968\/revisions"}],"wp:featuredmedia":[{"embeddable":true,"href":"https:\/\/www.ine.gob.bo\/index.php\/wp-json\/wp\/v2\/media\/59978"}],"wp:attachment":[{"href":"https:\/\/www.ine.gob.bo\/index.php\/wp-json\/wp\/v2\/media?parent=59968"}],"wp:term":[{"taxonomy":"category","embeddable":true,"href":"https:\/\/www.ine.gob.bo\/index.php\/wp-json\/wp\/v2\/categories?post=59968"},{"taxonomy":"post_tag","embeddable":true,"href":"https:\/\/www.ine.gob.bo\/index.php\/wp-json\/wp\/v2\/tags?post=59968"}],"curies":[{"name":"wp","href":"https:\/\/api.w.org\/{rel}","templated":true}]}}