{"id":58957,"date":"2022-10-12T16:15:04","date_gmt":"2022-10-12T20:15:04","guid":{"rendered":"https:\/\/www.ine.gob.bo\/?p=58957"},"modified":"2025-06-23T15:49:50","modified_gmt":"2025-06-23T19:49:50","slug":"indice-de-precios-al-por-mayor-ipm-registro-aumento-de-139-en-septiembre-de-2022","status":"publish","type":"post","link":"https:\/\/www.ine.gob.bo\/index.php\/indice-de-precios-al-por-mayor-ipm-registro-aumento-de-139-en-septiembre-de-2022\/","title":{"rendered":"\u00cdndice de Precios al por Mayor (IPM) registr\u00f3 aumento de 1,39% en septiembre de 2022"},"content":{"rendered":"<p>[vc_row][vc_column][vc_column_text]<\/p>\r\n<p style=\"text-align: left;\"><strong>La Paz, 12 de octubre de 2022 (INE). &#8211;<\/strong> El \u00cdndice de Precios al Por Mayor (IPM) registr\u00f3 en septiembre de 2022 un aumento de 1,39% respecto al mes anterior. La variaci\u00f3n acumulada a septiembre fue positiva de 6,87% y a doce meses de 5,08%.<\/p>\r\n<p><img loading=\"lazy\" decoding=\"async\" class=\"aligncenter wp-image-58958 size-large\" src=\"https:\/\/www.ine.gob.bo\/wp-content\/uploads\/2022\/10\/Cuadro-1.-Nota-de-prensa-IPM-Septiembre-2022-1024x543.png\" alt=\"\" width=\"1024\" height=\"543\" srcset=\"https:\/\/www.ine.gob.bo\/wp-content\/uploads\/2022\/10\/Cuadro-1.-Nota-de-prensa-IPM-Septiembre-2022-1024x543.png 1024w, https:\/\/www.ine.gob.bo\/wp-content\/uploads\/2022\/10\/Cuadro-1.-Nota-de-prensa-IPM-Septiembre-2022-300x159.png 300w, https:\/\/www.ine.gob.bo\/wp-content\/uploads\/2022\/10\/Cuadro-1.-Nota-de-prensa-IPM-Septiembre-2022-768x407.png 768w, https:\/\/www.ine.gob.bo\/wp-content\/uploads\/2022\/10\/Cuadro-1.-Nota-de-prensa-IPM-Septiembre-2022.png 1115w\" sizes=\"auto, (max-width: 1024px) 100vw, 1024px\" \/><\/p>\r\n<p>&nbsp;<\/p>\r\n<p><img loading=\"lazy\" decoding=\"async\" class=\"aligncenter wp-image-58959 size-large\" src=\"https:\/\/www.ine.gob.bo\/wp-content\/uploads\/2022\/10\/Grafico-1.-Nota-de-prensa-IPM-Septiembre-2022-1024x658.png\" alt=\"\" width=\"1024\" height=\"658\" srcset=\"https:\/\/www.ine.gob.bo\/wp-content\/uploads\/2022\/10\/Grafico-1.-Nota-de-prensa-IPM-Septiembre-2022-1024x658.png 1024w, https:\/\/www.ine.gob.bo\/wp-content\/uploads\/2022\/10\/Grafico-1.-Nota-de-prensa-IPM-Septiembre-2022-300x193.png 300w, https:\/\/www.ine.gob.bo\/wp-content\/uploads\/2022\/10\/Grafico-1.-Nota-de-prensa-IPM-Septiembre-2022-768x493.png 768w, https:\/\/www.ine.gob.bo\/wp-content\/uploads\/2022\/10\/Grafico-1.-Nota-de-prensa-IPM-Septiembre-2022.png 1217w\" sizes=\"auto, (max-width: 1024px) 100vw, 1024px\" \/><\/p>\r\n<p>&nbsp;<\/p>\r\n<p><strong>Comportamiento de Precios al Por Mayor, seg\u00fan origen<\/strong><br \/>El aumento de 1,39% del IPM registrado en septiembre de 2022 se debi\u00f3 principalmente al incremento de precios de los productos de origen nacional, con una ponderaci\u00f3n del 85,10%, que presentaron una variaci\u00f3n porcentual positiva de 1,54% y una incidencia de 1,31 puntos porcentuales.<\/p>\r\n<p><img loading=\"lazy\" decoding=\"async\" class=\"aligncenter wp-image-58960 size-large\" src=\"https:\/\/www.ine.gob.bo\/wp-content\/uploads\/2022\/10\/Cuadro-2.-Nota-de-prensa-IPM-Septiembre-2022-1024x382.png\" alt=\"\" width=\"1024\" height=\"382\" srcset=\"https:\/\/www.ine.gob.bo\/wp-content\/uploads\/2022\/10\/Cuadro-2.-Nota-de-prensa-IPM-Septiembre-2022-1024x382.png 1024w, https:\/\/www.ine.gob.bo\/wp-content\/uploads\/2022\/10\/Cuadro-2.-Nota-de-prensa-IPM-Septiembre-2022-300x112.png 300w, https:\/\/www.ine.gob.bo\/wp-content\/uploads\/2022\/10\/Cuadro-2.-Nota-de-prensa-IPM-Septiembre-2022-768x286.png 768w, https:\/\/www.ine.gob.bo\/wp-content\/uploads\/2022\/10\/Cuadro-2.-Nota-de-prensa-IPM-Septiembre-2022.png 1250w\" sizes=\"auto, (max-width: 1024px) 100vw, 1024px\" \/><\/p>\r\n<p>&nbsp;<\/p>\r\n<p><strong><img loading=\"lazy\" decoding=\"async\" class=\"aligncenter wp-image-58961 size-full\" src=\"https:\/\/www.ine.gob.bo\/wp-content\/uploads\/2022\/10\/Grafico-2.-Nota-de-prensa-IPM-Septiembre-2022.png\" alt=\"\" width=\"885\" height=\"508\" srcset=\"https:\/\/www.ine.gob.bo\/wp-content\/uploads\/2022\/10\/Grafico-2.-Nota-de-prensa-IPM-Septiembre-2022.png 885w, https:\/\/www.ine.gob.bo\/wp-content\/uploads\/2022\/10\/Grafico-2.-Nota-de-prensa-IPM-Septiembre-2022-300x172.png 300w, https:\/\/www.ine.gob.bo\/wp-content\/uploads\/2022\/10\/Grafico-2.-Nota-de-prensa-IPM-Septiembre-2022-768x441.png 768w\" sizes=\"auto, (max-width: 885px) 100vw, 885px\" \/><\/strong><\/p>\r\n<p>&nbsp;<\/p>\r\n<p><strong>Comportamiento de Precios al Por Mayor, seg\u00fan origen y grupos<\/strong><br \/>El aumento de 1,54 p.p. de los precios de origen nacional, se explica, principalmente por el sector Agr\u00edcola que tiene la mayor incidencia positiva de 1,66 p.p. y una variaci\u00f3n porcentual mensual positiva de 4,08%.<br \/>El incremento de 0,53 p.p. de los precios de origen Importado, se explica por el sector Manufacturado que tiene una incidencia positiva de 0,44 puntos porcentuales y una variaci\u00f3n porcentual positiva de 0,44%.<\/p>\r\n<p>&nbsp;<\/p>\r\n<p><img loading=\"lazy\" decoding=\"async\" class=\"aligncenter wp-image-58962 size-large\" src=\"https:\/\/www.ine.gob.bo\/wp-content\/uploads\/2022\/10\/Cuadro-3.-Nota-de-prensa-IPM-Septiembre-2022-1024x459.png\" alt=\"\" width=\"1024\" height=\"459\" srcset=\"https:\/\/www.ine.gob.bo\/wp-content\/uploads\/2022\/10\/Cuadro-3.-Nota-de-prensa-IPM-Septiembre-2022-1024x459.png 1024w, https:\/\/www.ine.gob.bo\/wp-content\/uploads\/2022\/10\/Cuadro-3.-Nota-de-prensa-IPM-Septiembre-2022-300x134.png 300w, https:\/\/www.ine.gob.bo\/wp-content\/uploads\/2022\/10\/Cuadro-3.-Nota-de-prensa-IPM-Septiembre-2022-768x344.png 768w, https:\/\/www.ine.gob.bo\/wp-content\/uploads\/2022\/10\/Cuadro-3.-Nota-de-prensa-IPM-Septiembre-2022.png 1266w\" sizes=\"auto, (max-width: 1024px) 100vw, 1024px\" \/><\/p>\r\n<p><img loading=\"lazy\" decoding=\"async\" class=\"aligncenter wp-image-58963 size-large\" src=\"https:\/\/www.ine.gob.bo\/wp-content\/uploads\/2022\/10\/Grafico-3.-Nota-de-prensa-IPM-Septiembre-2022-1024x656.png\" alt=\"\" width=\"1024\" height=\"656\" srcset=\"https:\/\/www.ine.gob.bo\/wp-content\/uploads\/2022\/10\/Grafico-3.-Nota-de-prensa-IPM-Septiembre-2022-1024x656.png 1024w, https:\/\/www.ine.gob.bo\/wp-content\/uploads\/2022\/10\/Grafico-3.-Nota-de-prensa-IPM-Septiembre-2022-300x192.png 300w, https:\/\/www.ine.gob.bo\/wp-content\/uploads\/2022\/10\/Grafico-3.-Nota-de-prensa-IPM-Septiembre-2022-768x492.png 768w, https:\/\/www.ine.gob.bo\/wp-content\/uploads\/2022\/10\/Grafico-3.-Nota-de-prensa-IPM-Septiembre-2022.png 1122w\" sizes=\"auto, (max-width: 1024px) 100vw, 1024px\" \/><\/p>\r\n<p>&nbsp;<\/p>\r\n<p><strong>Productos con mayor incidencia positiva y negativa <\/strong><\/p>\r\n<p><strong>Origen Nacional<\/strong><br \/>Los productos de origen nacional con mayor incidencia porcentual positiva en septiembre fueron: papa, vainita, arveja verde, toronja (pomelo), hoja de coca y carnes frescas de ganado bovino. Por el contrario, aquellos con mayor incidencia negativa fueron: carnes frescas de pollo, cebada, cebolla, productos impresos, ma\u00edz y casta\u00f1a pelada.<\/p>\r\n<p><img loading=\"lazy\" decoding=\"async\" class=\"aligncenter wp-image-58964 size-large\" src=\"https:\/\/www.ine.gob.bo\/wp-content\/uploads\/2022\/10\/Cuadro-4.-Nota-de-prensa-IPM-Septiembre-2022-1024x676.png\" alt=\"\" width=\"1024\" height=\"676\" srcset=\"https:\/\/www.ine.gob.bo\/wp-content\/uploads\/2022\/10\/Cuadro-4.-Nota-de-prensa-IPM-Septiembre-2022-1024x676.png 1024w, https:\/\/www.ine.gob.bo\/wp-content\/uploads\/2022\/10\/Cuadro-4.-Nota-de-prensa-IPM-Septiembre-2022-300x198.png 300w, https:\/\/www.ine.gob.bo\/wp-content\/uploads\/2022\/10\/Cuadro-4.-Nota-de-prensa-IPM-Septiembre-2022-768x507.png 768w, https:\/\/www.ine.gob.bo\/wp-content\/uploads\/2022\/10\/Cuadro-4.-Nota-de-prensa-IPM-Septiembre-2022.png 1194w\" sizes=\"auto, (max-width: 1024px) 100vw, 1024px\" \/><\/p>\r\n<p>&nbsp;<\/p>\r\n<p><strong>Origen Importado<\/strong><br \/>Los productos de origen importado con mayor incidencia porcentual positiva en septiembre fueron: accesorios para veh\u00edculos automotores, manzana, productos farmac\u00e9uticos, papel higi\u00e9nico\/servilletas\/pa\u00f1ales desechables, jugos l\u00e1cteos y calzados en general. Por el contrario, aquellos con mayor incidencia negativa fueron: cer\u00e1mica, grasas automotrices e industriales, harina de trigo, cerveza, art\u00edculos de vidrio y productos de material pl\u00e1stico.<\/p>\r\n<p><img loading=\"lazy\" decoding=\"async\" class=\"aligncenter wp-image-58965 size-large\" src=\"https:\/\/www.ine.gob.bo\/wp-content\/uploads\/2022\/10\/Cuadro-5.-Nota-de-prensa-IPM-Septiembre-2022-1024x646.png\" alt=\"\" width=\"1024\" height=\"646\" srcset=\"https:\/\/www.ine.gob.bo\/wp-content\/uploads\/2022\/10\/Cuadro-5.-Nota-de-prensa-IPM-Septiembre-2022-1024x646.png 1024w, https:\/\/www.ine.gob.bo\/wp-content\/uploads\/2022\/10\/Cuadro-5.-Nota-de-prensa-IPM-Septiembre-2022-300x189.png 300w, https:\/\/www.ine.gob.bo\/wp-content\/uploads\/2022\/10\/Cuadro-5.-Nota-de-prensa-IPM-Septiembre-2022-768x484.png 768w, https:\/\/www.ine.gob.bo\/wp-content\/uploads\/2022\/10\/Cuadro-5.-Nota-de-prensa-IPM-Septiembre-2022.png 1215w\" sizes=\"auto, (max-width: 1024px) 100vw, 1024px\" \/><\/p>\r\n<p>&nbsp;<\/p>\r\n<p><img loading=\"lazy\" decoding=\"async\" class=\"aligncenter wp-image-58966 size-large\" src=\"https:\/\/www.ine.gob.bo\/wp-content\/uploads\/2022\/10\/Grafico-4.-Nota-de-prensa-IPM-Septiembre-2022-1024x608.png\" alt=\"\" width=\"1024\" height=\"608\" srcset=\"https:\/\/www.ine.gob.bo\/wp-content\/uploads\/2022\/10\/Grafico-4.-Nota-de-prensa-IPM-Septiembre-2022-1024x608.png 1024w, https:\/\/www.ine.gob.bo\/wp-content\/uploads\/2022\/10\/Grafico-4.-Nota-de-prensa-IPM-Septiembre-2022-300x178.png 300w, https:\/\/www.ine.gob.bo\/wp-content\/uploads\/2022\/10\/Grafico-4.-Nota-de-prensa-IPM-Septiembre-2022-768x456.png 768w, https:\/\/www.ine.gob.bo\/wp-content\/uploads\/2022\/10\/Grafico-4.-Nota-de-prensa-IPM-Septiembre-2022.png 1258w\" sizes=\"auto, (max-width: 1024px) 100vw, 1024px\" \/><\/p>\r\n<p>&nbsp;<\/p>\r\n<p style=\"text-align: center;\"><em><strong>Unidad de Difusi\u00f3n y Comunicaci\u00f3n <\/strong><\/em><br \/><strong>INSTITUTO NACIONAL DE ESTAD\u00cdSTICA<\/strong><\/p>\r\n<p>&nbsp;<\/p>\r\n<p><img loading=\"lazy\" decoding=\"async\" class=\"aligncenter wp-image-58439 size-full\" src=\"https:\/\/www.ine.gob.bo\/wp-content\/uploads\/2022\/09\/Nota.-NP-IPM-Agosto-2022.png\" alt=\"\" width=\"896\" height=\"50\" srcset=\"https:\/\/www.ine.gob.bo\/wp-content\/uploads\/2022\/09\/Nota.-NP-IPM-Agosto-2022.png 896w, https:\/\/www.ine.gob.bo\/wp-content\/uploads\/2022\/09\/Nota.-NP-IPM-Agosto-2022-300x17.png 300w, https:\/\/www.ine.gob.bo\/wp-content\/uploads\/2022\/09\/Nota.-NP-IPM-Agosto-2022-768x43.png 768w\" sizes=\"auto, (max-width: 896px) 100vw, 896px\" \/><\/p>\r\n<p>&nbsp;<\/p>\r\n<p><a href=\"https:\/\/nimbus.ine.gob.bo\/index.php\/s\/4BpeK6J7cxxb2mn\/download\">Descargar Nota de Prensa<\/a><\/p>\r\n<p class=\"has-text-align-center\"><!-- \/wp:post-content --><\/p>\r\n<p class=\"has-text-align-center\"><!-- wp:separator --><\/p>\r\n<hr class=\"wp-block-separator\" \/>\r\n<p class=\"has-text-align-center\"><!-- \/wp:separator --><\/p>\r\n<p class=\"has-text-align-center\"><!-- wp:paragraph {\"align\":\"right\"} --><\/p>\r\n<p class=\"has-text-align-right\"><strong><em>Entidad dependiente del Ministerio de Planificaci\u00f3n del Desarrollo<\/em><\/strong><\/p>\r\n<p class=\"has-text-align-center\"><!-- \/wp:paragraph --><\/p>\r\n<p>&nbsp;<\/p>\r\n<p>&nbsp;<\/p>\r\n<p>[\/vc_column_text][\/vc_column][\/vc_row]<\/p>","protected":false},"excerpt":{"rendered":"<p>[vc_row][vc_column][vc_column_text] La Paz, 12 de octubre de 2022 (INE). &#8211; El \u00cdndice de Precios al Por Mayor (IPM) registr\u00f3 en septiembre de 2022 un aumento de 1,39% respecto al mes anterior. La variaci\u00f3n acumulada a septiembre fue positiva de 6,87% y a doce meses de 5,08%. &nbsp; &nbsp; Comportamiento de Precios al Por Mayor, seg\u00fan&hellip;<\/p>\n","protected":false},"author":19,"featured_media":58967,"comment_status":"closed","ping_status":"open","sticky":false,"template":"","format":"standard","meta":[],"categories":[158],"tags":[52],"class_list":["post-58957","post","type-post","status-publish","format-standard","has-post-thumbnail","hentry","category-ine-noticias","tag-ine-noticias","category-158","description-off"],"yoast_head":"<!-- This site is optimized with the Yoast SEO plugin v23.2 - https:\/\/yoast.com\/wordpress\/plugins\/seo\/ -->\n<title>\u00cdndice de Precios al por Mayor (IPM) registr\u00f3 aumento de 1,39% en septiembre de 2022 - INE<\/title>\n<meta name=\"description\" content=\"P\u00e1gina oficial del Instituto Nacional de Estadistica INE, informaci\u00f3n estad\u00edstica, geogr\u00e1fica y econ\u00f3mica a nivel nacional.\" \/>\n<meta name=\"robots\" content=\"index, follow, max-snippet:-1, max-image-preview:large, max-video-preview:-1\" \/>\n<link rel=\"canonical\" href=\"https:\/\/www.ine.gob.bo\/index.php\/indice-de-precios-al-por-mayor-ipm-registro-aumento-de-139-en-septiembre-de-2022\/\" \/>\n<meta property=\"og:locale\" content=\"es_ES\" \/>\n<meta property=\"og:type\" content=\"article\" \/>\n<meta property=\"og:title\" content=\"\u00cdndice de Precios al por Mayor (IPM) registr\u00f3 aumento de 1,39% en septiembre de 2022 - INE\" \/>\n<meta property=\"og:description\" content=\"P\u00e1gina oficial del Instituto Nacional de Estadistica INE, informaci\u00f3n estad\u00edstica, geogr\u00e1fica y econ\u00f3mica a nivel nacional.\" \/>\n<meta property=\"og:url\" content=\"https:\/\/www.ine.gob.bo\/index.php\/indice-de-precios-al-por-mayor-ipm-registro-aumento-de-139-en-septiembre-de-2022\/\" \/>\n<meta property=\"og:site_name\" content=\"INE\" \/>\n<meta property=\"article:publisher\" content=\"https:\/\/www.facebook.com\/ineboliviaoficial\" \/>\n<meta property=\"article:published_time\" content=\"2022-10-12T20:15:04+00:00\" \/>\n<meta property=\"article:modified_time\" content=\"2025-06-23T19:49:50+00:00\" \/>\n<meta property=\"og:image\" content=\"https:\/\/www.ine.gob.bo\/wp-content\/uploads\/2022\/10\/Portada-Nota-de-prensa-IPM-Septiembre-2022.png\" \/>\n\t<meta property=\"og:image:width\" content=\"696\" \/>\n\t<meta property=\"og:image:height\" content=\"903\" \/>\n\t<meta property=\"og:image:type\" content=\"image\/png\" \/>\n<meta name=\"author\" content=\"Albaro Benedicto Laime Mamani\" \/>\n<meta name=\"twitter:card\" content=\"summary_large_image\" \/>\n<meta name=\"twitter:creator\" content=\"@INE_Bolivia\" \/>\n<meta name=\"twitter:site\" content=\"@INE_Bolivia\" \/>\n<meta name=\"twitter:label1\" content=\"Escrito por\" \/>\n\t<meta name=\"twitter:data1\" content=\"Albaro Benedicto Laime Mamani\" \/>\n\t<meta name=\"twitter:label2\" content=\"Tiempo de lectura\" \/>\n\t<meta name=\"twitter:data2\" content=\"4 minutos\" \/>\n<script type=\"application\/ld+json\" class=\"yoast-schema-graph\">{\"@context\":\"https:\/\/schema.org\",\"@graph\":[{\"@type\":\"Article\",\"@id\":\"https:\/\/www.ine.gob.bo\/index.php\/indice-de-precios-al-por-mayor-ipm-registro-aumento-de-139-en-septiembre-de-2022\/#article\",\"isPartOf\":{\"@id\":\"https:\/\/www.ine.gob.bo\/index.php\/indice-de-precios-al-por-mayor-ipm-registro-aumento-de-139-en-septiembre-de-2022\/\"},\"author\":{\"name\":\"Albaro Benedicto Laime Mamani\",\"@id\":\"https:\/\/www.ine.gob.bo\/#\/schema\/person\/cd5e3dea21e6634e99cebddcca7540d1\"},\"headline\":\"\u00cdndice de Precios al por Mayor (IPM) registr\u00f3 aumento de 1,39% en septiembre de 2022\",\"datePublished\":\"2022-10-12T20:15:04+00:00\",\"dateModified\":\"2025-06-23T19:49:50+00:00\",\"mainEntityOfPage\":{\"@id\":\"https:\/\/www.ine.gob.bo\/index.php\/indice-de-precios-al-por-mayor-ipm-registro-aumento-de-139-en-septiembre-de-2022\/\"},\"wordCount\":361,\"publisher\":{\"@id\":\"https:\/\/www.ine.gob.bo\/#organization\"},\"image\":{\"@id\":\"https:\/\/www.ine.gob.bo\/index.php\/indice-de-precios-al-por-mayor-ipm-registro-aumento-de-139-en-septiembre-de-2022\/#primaryimage\"},\"thumbnailUrl\":\"https:\/\/www.ine.gob.bo\/wp-content\/uploads\/2022\/10\/Portada-Nota-de-prensa-IPM-Septiembre-2022.png\",\"keywords\":[\"INE Noticias\"],\"articleSection\":[\"INE noticias\"],\"inLanguage\":\"es\"},{\"@type\":\"WebPage\",\"@id\":\"https:\/\/www.ine.gob.bo\/index.php\/indice-de-precios-al-por-mayor-ipm-registro-aumento-de-139-en-septiembre-de-2022\/\",\"url\":\"https:\/\/www.ine.gob.bo\/index.php\/indice-de-precios-al-por-mayor-ipm-registro-aumento-de-139-en-septiembre-de-2022\/\",\"name\":\"\u00cdndice de Precios al por Mayor (IPM) registr\u00f3 aumento de 1,39% en septiembre de 2022 - INE\",\"isPartOf\":{\"@id\":\"https:\/\/www.ine.gob.bo\/#website\"},\"primaryImageOfPage\":{\"@id\":\"https:\/\/www.ine.gob.bo\/index.php\/indice-de-precios-al-por-mayor-ipm-registro-aumento-de-139-en-septiembre-de-2022\/#primaryimage\"},\"image\":{\"@id\":\"https:\/\/www.ine.gob.bo\/index.php\/indice-de-precios-al-por-mayor-ipm-registro-aumento-de-139-en-septiembre-de-2022\/#primaryimage\"},\"thumbnailUrl\":\"https:\/\/www.ine.gob.bo\/wp-content\/uploads\/2022\/10\/Portada-Nota-de-prensa-IPM-Septiembre-2022.png\",\"datePublished\":\"2022-10-12T20:15:04+00:00\",\"dateModified\":\"2025-06-23T19:49:50+00:00\",\"description\":\"P\u00e1gina oficial del Instituto Nacional de Estadistica INE, informaci\u00f3n estad\u00edstica, geogr\u00e1fica y econ\u00f3mica a nivel nacional.\",\"breadcrumb\":{\"@id\":\"https:\/\/www.ine.gob.bo\/index.php\/indice-de-precios-al-por-mayor-ipm-registro-aumento-de-139-en-septiembre-de-2022\/#breadcrumb\"},\"inLanguage\":\"es\",\"potentialAction\":[{\"@type\":\"ReadAction\",\"target\":[\"https:\/\/www.ine.gob.bo\/index.php\/indice-de-precios-al-por-mayor-ipm-registro-aumento-de-139-en-septiembre-de-2022\/\"]}]},{\"@type\":\"ImageObject\",\"inLanguage\":\"es\",\"@id\":\"https:\/\/www.ine.gob.bo\/index.php\/indice-de-precios-al-por-mayor-ipm-registro-aumento-de-139-en-septiembre-de-2022\/#primaryimage\",\"url\":\"https:\/\/www.ine.gob.bo\/wp-content\/uploads\/2022\/10\/Portada-Nota-de-prensa-IPM-Septiembre-2022.png\",\"contentUrl\":\"https:\/\/www.ine.gob.bo\/wp-content\/uploads\/2022\/10\/Portada-Nota-de-prensa-IPM-Septiembre-2022.png\",\"width\":696,\"height\":903},{\"@type\":\"BreadcrumbList\",\"@id\":\"https:\/\/www.ine.gob.bo\/index.php\/indice-de-precios-al-por-mayor-ipm-registro-aumento-de-139-en-septiembre-de-2022\/#breadcrumb\",\"itemListElement\":[{\"@type\":\"ListItem\",\"position\":1,\"name\":\"Portada\",\"item\":\"https:\/\/www.ine.gob.bo\/\"},{\"@type\":\"ListItem\",\"position\":2,\"name\":\"\u00cdndice de Precios al por Mayor (IPM) registr\u00f3 aumento de 1,39% en septiembre de 2022\"}]},{\"@type\":\"WebSite\",\"@id\":\"https:\/\/www.ine.gob.bo\/#website\",\"url\":\"https:\/\/www.ine.gob.bo\/\",\"name\":\"INE\",\"description\":\"Instituto Nacional de Estad\u00edstica\",\"publisher\":{\"@id\":\"https:\/\/www.ine.gob.bo\/#organization\"},\"potentialAction\":[{\"@type\":\"SearchAction\",\"target\":{\"@type\":\"EntryPoint\",\"urlTemplate\":\"https:\/\/www.ine.gob.bo\/?s={search_term_string}\"},\"query-input\":\"required name=search_term_string\"}],\"inLanguage\":\"es\"},{\"@type\":\"Organization\",\"@id\":\"https:\/\/www.ine.gob.bo\/#organization\",\"name\":\"Instituto Nacional de Estad\u00edstica\",\"url\":\"https:\/\/www.ine.gob.bo\/\",\"logo\":{\"@type\":\"ImageObject\",\"inLanguage\":\"es\",\"@id\":\"https:\/\/www.ine.gob.bo\/#\/schema\/logo\/image\/\",\"url\":\"https:\/\/www.ine.gob.bo\/wp-content\/uploads\/2026\/02\/logo-ine.jpg\",\"contentUrl\":\"https:\/\/www.ine.gob.bo\/wp-content\/uploads\/2026\/02\/logo-ine.jpg\",\"width\":799,\"height\":453,\"caption\":\"Instituto Nacional de Estad\u00edstica\"},\"image\":{\"@id\":\"https:\/\/www.ine.gob.bo\/#\/schema\/logo\/image\/\"},\"sameAs\":[\"https:\/\/www.facebook.com\/ineboliviaoficial\",\"https:\/\/x.com\/INE_Bolivia\",\"https:\/\/www.instagram.com\/ineboliviaoficial\/\",\"https:\/\/www.youtube.com\/channel\/UCbIQXKLw414g5kWo1tAwqCg\"]},{\"@type\":\"Person\",\"@id\":\"https:\/\/www.ine.gob.bo\/#\/schema\/person\/cd5e3dea21e6634e99cebddcca7540d1\",\"name\":\"Albaro Benedicto Laime Mamani\",\"image\":{\"@type\":\"ImageObject\",\"inLanguage\":\"es\",\"@id\":\"https:\/\/www.ine.gob.bo\/#\/schema\/person\/image\/\",\"url\":\"https:\/\/secure.gravatar.com\/avatar\/450967f1badecac6afbf323d3a06c551f001ee9e5a1094976c96b19cce5b7180?s=96&d=mm&r=g\",\"contentUrl\":\"https:\/\/secure.gravatar.com\/avatar\/450967f1badecac6afbf323d3a06c551f001ee9e5a1094976c96b19cce5b7180?s=96&d=mm&r=g\",\"caption\":\"Albaro Benedicto Laime Mamani\"},\"url\":\"https:\/\/www.ine.gob.bo\/index.php\/author\/alaime\/\"}]}<\/script>\n<!-- \/ Yoast SEO plugin. -->","yoast_head_json":{"title":"\u00cdndice de Precios al por Mayor (IPM) registr\u00f3 aumento de 1,39% en septiembre de 2022 - INE","description":"P\u00e1gina oficial del Instituto Nacional de Estadistica INE, informaci\u00f3n estad\u00edstica, geogr\u00e1fica y econ\u00f3mica a nivel nacional.","robots":{"index":"index","follow":"follow","max-snippet":"max-snippet:-1","max-image-preview":"max-image-preview:large","max-video-preview":"max-video-preview:-1"},"canonical":"https:\/\/www.ine.gob.bo\/index.php\/indice-de-precios-al-por-mayor-ipm-registro-aumento-de-139-en-septiembre-de-2022\/","og_locale":"es_ES","og_type":"article","og_title":"\u00cdndice de Precios al por Mayor (IPM) registr\u00f3 aumento de 1,39% en septiembre de 2022 - INE","og_description":"P\u00e1gina oficial del Instituto Nacional de Estadistica INE, informaci\u00f3n estad\u00edstica, geogr\u00e1fica y econ\u00f3mica a nivel nacional.","og_url":"https:\/\/www.ine.gob.bo\/index.php\/indice-de-precios-al-por-mayor-ipm-registro-aumento-de-139-en-septiembre-de-2022\/","og_site_name":"INE","article_publisher":"https:\/\/www.facebook.com\/ineboliviaoficial","article_published_time":"2022-10-12T20:15:04+00:00","article_modified_time":"2025-06-23T19:49:50+00:00","og_image":[{"width":696,"height":903,"url":"https:\/\/www.ine.gob.bo\/wp-content\/uploads\/2022\/10\/Portada-Nota-de-prensa-IPM-Septiembre-2022.png","type":"image\/png"}],"author":"Albaro Benedicto Laime Mamani","twitter_card":"summary_large_image","twitter_creator":"@INE_Bolivia","twitter_site":"@INE_Bolivia","twitter_misc":{"Escrito por":"Albaro Benedicto Laime Mamani","Tiempo de lectura":"4 minutos"},"schema":{"@context":"https:\/\/schema.org","@graph":[{"@type":"Article","@id":"https:\/\/www.ine.gob.bo\/index.php\/indice-de-precios-al-por-mayor-ipm-registro-aumento-de-139-en-septiembre-de-2022\/#article","isPartOf":{"@id":"https:\/\/www.ine.gob.bo\/index.php\/indice-de-precios-al-por-mayor-ipm-registro-aumento-de-139-en-septiembre-de-2022\/"},"author":{"name":"Albaro Benedicto Laime Mamani","@id":"https:\/\/www.ine.gob.bo\/#\/schema\/person\/cd5e3dea21e6634e99cebddcca7540d1"},"headline":"\u00cdndice de Precios al por Mayor (IPM) registr\u00f3 aumento de 1,39% en septiembre de 2022","datePublished":"2022-10-12T20:15:04+00:00","dateModified":"2025-06-23T19:49:50+00:00","mainEntityOfPage":{"@id":"https:\/\/www.ine.gob.bo\/index.php\/indice-de-precios-al-por-mayor-ipm-registro-aumento-de-139-en-septiembre-de-2022\/"},"wordCount":361,"publisher":{"@id":"https:\/\/www.ine.gob.bo\/#organization"},"image":{"@id":"https:\/\/www.ine.gob.bo\/index.php\/indice-de-precios-al-por-mayor-ipm-registro-aumento-de-139-en-septiembre-de-2022\/#primaryimage"},"thumbnailUrl":"https:\/\/www.ine.gob.bo\/wp-content\/uploads\/2022\/10\/Portada-Nota-de-prensa-IPM-Septiembre-2022.png","keywords":["INE Noticias"],"articleSection":["INE noticias"],"inLanguage":"es"},{"@type":"WebPage","@id":"https:\/\/www.ine.gob.bo\/index.php\/indice-de-precios-al-por-mayor-ipm-registro-aumento-de-139-en-septiembre-de-2022\/","url":"https:\/\/www.ine.gob.bo\/index.php\/indice-de-precios-al-por-mayor-ipm-registro-aumento-de-139-en-septiembre-de-2022\/","name":"\u00cdndice de Precios al por Mayor (IPM) registr\u00f3 aumento de 1,39% en septiembre de 2022 - INE","isPartOf":{"@id":"https:\/\/www.ine.gob.bo\/#website"},"primaryImageOfPage":{"@id":"https:\/\/www.ine.gob.bo\/index.php\/indice-de-precios-al-por-mayor-ipm-registro-aumento-de-139-en-septiembre-de-2022\/#primaryimage"},"image":{"@id":"https:\/\/www.ine.gob.bo\/index.php\/indice-de-precios-al-por-mayor-ipm-registro-aumento-de-139-en-septiembre-de-2022\/#primaryimage"},"thumbnailUrl":"https:\/\/www.ine.gob.bo\/wp-content\/uploads\/2022\/10\/Portada-Nota-de-prensa-IPM-Septiembre-2022.png","datePublished":"2022-10-12T20:15:04+00:00","dateModified":"2025-06-23T19:49:50+00:00","description":"P\u00e1gina oficial del Instituto Nacional de Estadistica INE, informaci\u00f3n estad\u00edstica, geogr\u00e1fica y econ\u00f3mica a nivel nacional.","breadcrumb":{"@id":"https:\/\/www.ine.gob.bo\/index.php\/indice-de-precios-al-por-mayor-ipm-registro-aumento-de-139-en-septiembre-de-2022\/#breadcrumb"},"inLanguage":"es","potentialAction":[{"@type":"ReadAction","target":["https:\/\/www.ine.gob.bo\/index.php\/indice-de-precios-al-por-mayor-ipm-registro-aumento-de-139-en-septiembre-de-2022\/"]}]},{"@type":"ImageObject","inLanguage":"es","@id":"https:\/\/www.ine.gob.bo\/index.php\/indice-de-precios-al-por-mayor-ipm-registro-aumento-de-139-en-septiembre-de-2022\/#primaryimage","url":"https:\/\/www.ine.gob.bo\/wp-content\/uploads\/2022\/10\/Portada-Nota-de-prensa-IPM-Septiembre-2022.png","contentUrl":"https:\/\/www.ine.gob.bo\/wp-content\/uploads\/2022\/10\/Portada-Nota-de-prensa-IPM-Septiembre-2022.png","width":696,"height":903},{"@type":"BreadcrumbList","@id":"https:\/\/www.ine.gob.bo\/index.php\/indice-de-precios-al-por-mayor-ipm-registro-aumento-de-139-en-septiembre-de-2022\/#breadcrumb","itemListElement":[{"@type":"ListItem","position":1,"name":"Portada","item":"https:\/\/www.ine.gob.bo\/"},{"@type":"ListItem","position":2,"name":"\u00cdndice de Precios al por Mayor (IPM) registr\u00f3 aumento de 1,39% en septiembre de 2022"}]},{"@type":"WebSite","@id":"https:\/\/www.ine.gob.bo\/#website","url":"https:\/\/www.ine.gob.bo\/","name":"INE","description":"Instituto Nacional de Estad\u00edstica","publisher":{"@id":"https:\/\/www.ine.gob.bo\/#organization"},"potentialAction":[{"@type":"SearchAction","target":{"@type":"EntryPoint","urlTemplate":"https:\/\/www.ine.gob.bo\/?s={search_term_string}"},"query-input":"required name=search_term_string"}],"inLanguage":"es"},{"@type":"Organization","@id":"https:\/\/www.ine.gob.bo\/#organization","name":"Instituto Nacional de Estad\u00edstica","url":"https:\/\/www.ine.gob.bo\/","logo":{"@type":"ImageObject","inLanguage":"es","@id":"https:\/\/www.ine.gob.bo\/#\/schema\/logo\/image\/","url":"https:\/\/www.ine.gob.bo\/wp-content\/uploads\/2026\/02\/logo-ine.jpg","contentUrl":"https:\/\/www.ine.gob.bo\/wp-content\/uploads\/2026\/02\/logo-ine.jpg","width":799,"height":453,"caption":"Instituto Nacional de Estad\u00edstica"},"image":{"@id":"https:\/\/www.ine.gob.bo\/#\/schema\/logo\/image\/"},"sameAs":["https:\/\/www.facebook.com\/ineboliviaoficial","https:\/\/x.com\/INE_Bolivia","https:\/\/www.instagram.com\/ineboliviaoficial\/","https:\/\/www.youtube.com\/channel\/UCbIQXKLw414g5kWo1tAwqCg"]},{"@type":"Person","@id":"https:\/\/www.ine.gob.bo\/#\/schema\/person\/cd5e3dea21e6634e99cebddcca7540d1","name":"Albaro Benedicto Laime Mamani","image":{"@type":"ImageObject","inLanguage":"es","@id":"https:\/\/www.ine.gob.bo\/#\/schema\/person\/image\/","url":"https:\/\/secure.gravatar.com\/avatar\/450967f1badecac6afbf323d3a06c551f001ee9e5a1094976c96b19cce5b7180?s=96&d=mm&r=g","contentUrl":"https:\/\/secure.gravatar.com\/avatar\/450967f1badecac6afbf323d3a06c551f001ee9e5a1094976c96b19cce5b7180?s=96&d=mm&r=g","caption":"Albaro Benedicto Laime Mamani"},"url":"https:\/\/www.ine.gob.bo\/index.php\/author\/alaime\/"}]}},"rttpg_featured_image_url":{"full":["https:\/\/www.ine.gob.bo\/wp-content\/uploads\/2022\/10\/Portada-Nota-de-prensa-IPM-Septiembre-2022.png",696,903,false],"landscape":["https:\/\/www.ine.gob.bo\/wp-content\/uploads\/2022\/10\/Portada-Nota-de-prensa-IPM-Septiembre-2022.png",696,903,false],"portraits":["https:\/\/www.ine.gob.bo\/wp-content\/uploads\/2022\/10\/Portada-Nota-de-prensa-IPM-Septiembre-2022.png",696,903,false],"thumbnail":["https:\/\/www.ine.gob.bo\/wp-content\/uploads\/2022\/10\/Portada-Nota-de-prensa-IPM-Septiembre-2022-150x150.png",150,150,true],"medium":["https:\/\/www.ine.gob.bo\/wp-content\/uploads\/2022\/10\/Portada-Nota-de-prensa-IPM-Septiembre-2022-231x300.png",231,300,true],"large":["https:\/\/www.ine.gob.bo\/wp-content\/uploads\/2022\/10\/Portada-Nota-de-prensa-IPM-Septiembre-2022.png",696,903,false],"1536x1536":["https:\/\/www.ine.gob.bo\/wp-content\/uploads\/2022\/10\/Portada-Nota-de-prensa-IPM-Septiembre-2022.png",696,903,false],"2048x2048":["https:\/\/www.ine.gob.bo\/wp-content\/uploads\/2022\/10\/Portada-Nota-de-prensa-IPM-Septiembre-2022.png",696,903,false]},"rttpg_author":{"display_name":"Albaro Benedicto Laime Mamani","author_link":"https:\/\/www.ine.gob.bo\/index.php\/author\/alaime\/"},"rttpg_comment":0,"rttpg_category":"<a href=\"https:\/\/www.ine.gob.bo\/index.php\/category\/ine-noticias\/\" rel=\"category tag\">INE noticias<\/a>","rttpg_excerpt":"[vc_row][vc_column][vc_column_text] La Paz, 12 de octubre de 2022 (INE). &#8211; El \u00cdndice de Precios al Por Mayor (IPM) registr\u00f3 en septiembre de 2022 un aumento de 1,39% respecto al mes anterior. La variaci\u00f3n acumulada a septiembre fue positiva de 6,87% y a doce meses de 5,08%. &nbsp; &nbsp; Comportamiento de Precios al Por Mayor, seg\u00fan&hellip;","_links":{"self":[{"href":"https:\/\/www.ine.gob.bo\/index.php\/wp-json\/wp\/v2\/posts\/58957","targetHints":{"allow":["GET"]}}],"collection":[{"href":"https:\/\/www.ine.gob.bo\/index.php\/wp-json\/wp\/v2\/posts"}],"about":[{"href":"https:\/\/www.ine.gob.bo\/index.php\/wp-json\/wp\/v2\/types\/post"}],"author":[{"embeddable":true,"href":"https:\/\/www.ine.gob.bo\/index.php\/wp-json\/wp\/v2\/users\/19"}],"replies":[{"embeddable":true,"href":"https:\/\/www.ine.gob.bo\/index.php\/wp-json\/wp\/v2\/comments?post=58957"}],"version-history":[{"count":0,"href":"https:\/\/www.ine.gob.bo\/index.php\/wp-json\/wp\/v2\/posts\/58957\/revisions"}],"wp:featuredmedia":[{"embeddable":true,"href":"https:\/\/www.ine.gob.bo\/index.php\/wp-json\/wp\/v2\/media\/58967"}],"wp:attachment":[{"href":"https:\/\/www.ine.gob.bo\/index.php\/wp-json\/wp\/v2\/media?parent=58957"}],"wp:term":[{"taxonomy":"category","embeddable":true,"href":"https:\/\/www.ine.gob.bo\/index.php\/wp-json\/wp\/v2\/categories?post=58957"},{"taxonomy":"post_tag","embeddable":true,"href":"https:\/\/www.ine.gob.bo\/index.php\/wp-json\/wp\/v2\/tags?post=58957"}],"curies":[{"name":"wp","href":"https:\/\/api.w.org\/{rel}","templated":true}]}}