{"id":58945,"date":"2022-10-07T18:15:30","date_gmt":"2022-10-07T22:15:30","guid":{"rendered":"https:\/\/www.ine.gob.bo\/?p=58945"},"modified":"2025-06-23T16:16:26","modified_gmt":"2025-06-23T20:16:26","slug":"el-ine-socializo-los-avances-del-censo-en-la-asamblea-de-la-altenidad","status":"publish","type":"post","link":"https:\/\/www.ine.gob.bo\/index.php\/el-ine-socializo-los-avances-del-censo-en-la-asamblea-de-la-altenidad\/","title":{"rendered":"El INE socializ\u00f3 los avances del censo en la Asamblea de la Alte\u00f1idad"},"content":{"rendered":"<p>[vc_row][vc_column][vc_column_text]<\/p>\r\n<p><strong>El Alto, 07 de octubre de 2022 (INE). <\/strong>\u2013 En cumplimiento a los acuerdos arribados en la mesa t\u00e9cnica realizada con representantes de la ciudad de El Alto, el Instituto Nacional de Estad\u00edstica (INE) socializ\u00f3 los avances del Censo de Poblaci\u00f3n y Vivienda (CPV) y de la Actualizaci\u00f3n Cartogr\u00e1fica Estad\u00edstica (ACE) a m\u00e1s de 400 personas que asistieron a la Asamblea de la Alte\u00f1idad.<\/p>\r\n<p>El evento se realiz\u00f3 en instalaciones del auditorio del Jach\u2019a Uta, perteneciente al Gobierno Aut\u00f3nomo Municipal de El Alto (GAMEA), al que asistieron representantes de diferentes organizaciones sociales y la alcaldesa de esa urbe, Eva Copa Murga, para dar las palabras de cierre del evento.<\/p>\r\n<p>Las exposiciones de los avances del censo y la ACE estuvieron a cargo de la coordinadora General del CPV, Martha Oviedo, el jefe Nacional de Cartograf\u00eda, Eduardo Aguirre y el responsable del INE departamental La Paz, Carlos Santalla.<\/p>\r\n<p>Santalla expuso de manera amplia lo que es el CPV, para qu\u00e9 sirve y su importancia en el desarrollo de pol\u00edticas p\u00fablicas con los resultados del censo. En ese sentido, mencion\u00f3 que hay tres objetivos estrat\u00e9gicos: generar informaci\u00f3n de car\u00e1cter demogr\u00e1fico, del \u00e1mbito social y del \u00e1mbito de vivienda.<\/p>\r\n<p>Las consultas m\u00e1s frecuentes fueron las referidas al avance de la ACE, del cronograma del CPV, el presupuesto oficial para llevar adelante el proyecto censal, adem\u00e1s de por qu\u00e9 el d\u00eda del censo se va a tomar en cuenta solamente a las personas que durmieron en dicho domicilio la noche anterior.<\/p>\r\n<p>La alcaldesa Eva Copa indic\u00f3 que las jornadas de socializaci\u00f3n que lleva adelante el INE sobre el CPV deben ser \u201cespacios de encuentro\u201d. \u201cNadie es perfecto, podemos cometer errores, pero estas mesas de di\u00e1logo tienen que ser puntos de encuentro\u201d, afirm\u00f3 la autoridad edil.<\/p>\r\n<p>La quinta reuni\u00f3n de la mesa t\u00e9cnica del CPV, realizada el 16 de agosto en la ciudad de El Alto, determin\u00f3 en una de sus tres conclusiones que: \u201cEl municipio del El Alto solicit\u00f3 que el INE genere espacios de socializaci\u00f3n para mantener informadas a las instituciones que conforman la Asamblea de la Alte\u00f1idad\u201d.<\/p>\r\n<p>Al igual que en esas mesas t\u00e9cnicas de trabajo, el INE continu\u00f3 socializando los avances del censo y la boleta censal con diferentes organizaciones sociales, municipios y gobernaciones.<\/p>\r\n<p>&nbsp;<\/p>\r\n<p style=\"text-align: center;\"><em><img loading=\"lazy\" decoding=\"async\" class=\"aligncenter wp-image-58946 size-large\" src=\"https:\/\/www.ine.gob.bo\/wp-content\/uploads\/2022\/10\/1.-La-coordinadora-General-del-CPV-Martha-Oviedo-en-el-inicio-de-la-socializacion-del-censo.-1024x576.jpg\" alt=\"\" width=\"1024\" height=\"576\" srcset=\"https:\/\/www.ine.gob.bo\/wp-content\/uploads\/2022\/10\/1.-La-coordinadora-General-del-CPV-Martha-Oviedo-en-el-inicio-de-la-socializacion-del-censo.-1024x576.jpg 1024w, https:\/\/www.ine.gob.bo\/wp-content\/uploads\/2022\/10\/1.-La-coordinadora-General-del-CPV-Martha-Oviedo-en-el-inicio-de-la-socializacion-del-censo.-300x169.jpg 300w, https:\/\/www.ine.gob.bo\/wp-content\/uploads\/2022\/10\/1.-La-coordinadora-General-del-CPV-Martha-Oviedo-en-el-inicio-de-la-socializacion-del-censo.-768x432.jpg 768w, https:\/\/www.ine.gob.bo\/wp-content\/uploads\/2022\/10\/1.-La-coordinadora-General-del-CPV-Martha-Oviedo-en-el-inicio-de-la-socializacion-del-censo.-1536x864.jpg 1536w, https:\/\/www.ine.gob.bo\/wp-content\/uploads\/2022\/10\/1.-La-coordinadora-General-del-CPV-Martha-Oviedo-en-el-inicio-de-la-socializacion-del-censo.-rotated.jpg 1600w\" sizes=\"auto, (max-width: 1024px) 100vw, 1024px\" \/><\/em><\/p>\r\n<p style=\"text-align: center;\"><em>La coordinadora General del CPV, Martha Oviedo, en el inicio de la socializaci\u00f3n del censo.<\/em><\/p>\r\n<p>&nbsp;<\/p>\r\n<p><img loading=\"lazy\" decoding=\"async\" class=\"aligncenter wp-image-58947 size-large\" src=\"https:\/\/www.ine.gob.bo\/wp-content\/uploads\/2022\/10\/2.-Mas-de-400-personas-se-dieron-cita-a-la-Asamblea-de-Altenidad-para-conocer-los-avances-del-CPV.-1024x576.jpg\" alt=\"\" width=\"1024\" height=\"576\" srcset=\"https:\/\/www.ine.gob.bo\/wp-content\/uploads\/2022\/10\/2.-Mas-de-400-personas-se-dieron-cita-a-la-Asamblea-de-Altenidad-para-conocer-los-avances-del-CPV.-1024x576.jpg 1024w, https:\/\/www.ine.gob.bo\/wp-content\/uploads\/2022\/10\/2.-Mas-de-400-personas-se-dieron-cita-a-la-Asamblea-de-Altenidad-para-conocer-los-avances-del-CPV.-300x169.jpg 300w, https:\/\/www.ine.gob.bo\/wp-content\/uploads\/2022\/10\/2.-Mas-de-400-personas-se-dieron-cita-a-la-Asamblea-de-Altenidad-para-conocer-los-avances-del-CPV.-768x432.jpg 768w, https:\/\/www.ine.gob.bo\/wp-content\/uploads\/2022\/10\/2.-Mas-de-400-personas-se-dieron-cita-a-la-Asamblea-de-Altenidad-para-conocer-los-avances-del-CPV.-1536x864.jpg 1536w, https:\/\/www.ine.gob.bo\/wp-content\/uploads\/2022\/10\/2.-Mas-de-400-personas-se-dieron-cita-a-la-Asamblea-de-Altenidad-para-conocer-los-avances-del-CPV.-rotated.jpg 1600w\" sizes=\"auto, (max-width: 1024px) 100vw, 1024px\" \/><\/p>\r\n<p style=\"text-align: center;\"><em>M\u00e1s de 400 personas se dieron cita a la \u201cAsamblea de Alte\u00f1idad\u201d, para conocer los avances del CPV.<\/em><\/p>\r\n<p>&nbsp;<\/p>\r\n<p>&nbsp;<\/p>\r\n<p>&nbsp;<\/p>\r\n<p class=\"has-text-align-center\" style=\"text-align: center;\"><strong><em>Unidad de Difusi\u00f3n y Comunicaci\u00f3n<\/em><br \/>INSTITUTO NACIONAL DE ESTAD\u00cdSTICA<\/strong><\/p>\r\n<p class=\"has-text-align-center\"><!-- \/wp:post-content --><\/p>\r\n<p><!-- wp:paragraph --><a href=\"https:\/\/nimbus.ine.gob.bo\/index.php\/s\/NMfwXacAccSgMbt\/download\">Descargar Nota de Prensa<\/a><\/p>\r\n<p class=\"has-text-align-center\"><!-- \/wp:paragraph --><\/p>\r\n<p class=\"has-text-align-center\"><!-- wp:separator --><\/p>\r\n<hr class=\"wp-block-separator\" \/>\r\n<p class=\"has-text-align-center\"><!-- \/wp:separator --><\/p>\r\n<p class=\"has-text-align-center\"><!-- wp:paragraph {\"align\":\"right\"} --><\/p>\r\n<p class=\"has-text-align-right\"><strong><em>Entidad dependiente del Ministerio de Planificaci\u00f3n del Desarrollo<\/em><\/strong><\/p>\r\n<p class=\"has-text-align-center\"><!-- \/wp:paragraph --><\/p>\r\n<p>&nbsp;<\/p>\r\n<p>[\/vc_column_text][\/vc_column][\/vc_row]<\/p>","protected":false},"excerpt":{"rendered":"<p>[vc_row][vc_column][vc_column_text] El Alto, 07 de octubre de 2022 (INE). \u2013 En cumplimiento a los acuerdos arribados en la mesa t\u00e9cnica realizada con representantes de la ciudad de El Alto, el Instituto Nacional de Estad\u00edstica (INE) socializ\u00f3 los avances del Censo de Poblaci\u00f3n y Vivienda (CPV) y de la Actualizaci\u00f3n Cartogr\u00e1fica Estad\u00edstica (ACE) a m\u00e1s de&hellip;<\/p>\n","protected":false},"author":19,"featured_media":58947,"comment_status":"closed","ping_status":"open","sticky":false,"template":"","format":"standard","meta":[],"categories":[158],"tags":[52],"class_list":["post-58945","post","type-post","status-publish","format-standard","has-post-thumbnail","hentry","category-ine-noticias","tag-ine-noticias","category-158","description-off"],"yoast_head":"<!-- This site is optimized with the Yoast SEO plugin v23.2 - https:\/\/yoast.com\/wordpress\/plugins\/seo\/ -->\n<title>El INE socializ\u00f3 los avances del censo en la Asamblea de la Alte\u00f1idad - INE<\/title>\n<meta name=\"description\" content=\"P\u00e1gina oficial del Instituto Nacional de Estadistica INE, informaci\u00f3n estad\u00edstica, geogr\u00e1fica y econ\u00f3mica a nivel nacional.\" \/>\n<meta name=\"robots\" content=\"index, follow, max-snippet:-1, max-image-preview:large, max-video-preview:-1\" \/>\n<link rel=\"canonical\" href=\"https:\/\/www.ine.gob.bo\/index.php\/el-ine-socializo-los-avances-del-censo-en-la-asamblea-de-la-altenidad\/\" \/>\n<meta property=\"og:locale\" content=\"es_ES\" \/>\n<meta property=\"og:type\" content=\"article\" \/>\n<meta property=\"og:title\" content=\"El INE socializ\u00f3 los avances del censo en la Asamblea de la Alte\u00f1idad - INE\" \/>\n<meta property=\"og:description\" content=\"P\u00e1gina oficial del Instituto Nacional de Estadistica INE, informaci\u00f3n estad\u00edstica, geogr\u00e1fica y econ\u00f3mica a nivel nacional.\" \/>\n<meta property=\"og:url\" content=\"https:\/\/www.ine.gob.bo\/index.php\/el-ine-socializo-los-avances-del-censo-en-la-asamblea-de-la-altenidad\/\" \/>\n<meta property=\"og:site_name\" content=\"INE\" \/>\n<meta property=\"article:publisher\" content=\"https:\/\/www.facebook.com\/ineboliviaoficial\" \/>\n<meta property=\"article:published_time\" content=\"2022-10-07T22:15:30+00:00\" \/>\n<meta property=\"article:modified_time\" content=\"2025-06-23T20:16:26+00:00\" \/>\n<meta property=\"og:image\" content=\"https:\/\/www.ine.gob.bo\/wp-content\/uploads\/2022\/10\/2.-Mas-de-400-personas-se-dieron-cita-a-la-Asamblea-de-Altenidad-para-conocer-los-avances-del-CPV.-rotated.jpg\" \/>\n\t<meta property=\"og:image:width\" content=\"1600\" \/>\n\t<meta property=\"og:image:height\" content=\"900\" \/>\n\t<meta property=\"og:image:type\" content=\"image\/jpeg\" \/>\n<meta name=\"author\" content=\"Albaro Benedicto Laime Mamani\" \/>\n<meta name=\"twitter:card\" content=\"summary_large_image\" \/>\n<meta name=\"twitter:creator\" content=\"@INE_Bolivia\" \/>\n<meta name=\"twitter:site\" content=\"@INE_Bolivia\" \/>\n<meta name=\"twitter:label1\" content=\"Escrito por\" \/>\n\t<meta name=\"twitter:data1\" content=\"Albaro Benedicto Laime Mamani\" \/>\n\t<meta name=\"twitter:label2\" content=\"Tiempo de lectura\" \/>\n\t<meta name=\"twitter:data2\" content=\"3 minutos\" \/>\n<script type=\"application\/ld+json\" class=\"yoast-schema-graph\">{\"@context\":\"https:\/\/schema.org\",\"@graph\":[{\"@type\":\"Article\",\"@id\":\"https:\/\/www.ine.gob.bo\/index.php\/el-ine-socializo-los-avances-del-censo-en-la-asamblea-de-la-altenidad\/#article\",\"isPartOf\":{\"@id\":\"https:\/\/www.ine.gob.bo\/index.php\/el-ine-socializo-los-avances-del-censo-en-la-asamblea-de-la-altenidad\/\"},\"author\":{\"name\":\"Albaro Benedicto Laime Mamani\",\"@id\":\"https:\/\/www.ine.gob.bo\/#\/schema\/person\/cd5e3dea21e6634e99cebddcca7540d1\"},\"headline\":\"El INE socializ\u00f3 los avances del censo en la Asamblea de la Alte\u00f1idad\",\"datePublished\":\"2022-10-07T22:15:30+00:00\",\"dateModified\":\"2025-06-23T20:16:26+00:00\",\"mainEntityOfPage\":{\"@id\":\"https:\/\/www.ine.gob.bo\/index.php\/el-ine-socializo-los-avances-del-censo-en-la-asamblea-de-la-altenidad\/\"},\"wordCount\":489,\"publisher\":{\"@id\":\"https:\/\/www.ine.gob.bo\/#organization\"},\"image\":{\"@id\":\"https:\/\/www.ine.gob.bo\/index.php\/el-ine-socializo-los-avances-del-censo-en-la-asamblea-de-la-altenidad\/#primaryimage\"},\"thumbnailUrl\":\"https:\/\/www.ine.gob.bo\/wp-content\/uploads\/2022\/10\/2.-Mas-de-400-personas-se-dieron-cita-a-la-Asamblea-de-Altenidad-para-conocer-los-avances-del-CPV.-rotated.jpg\",\"keywords\":[\"INE Noticias\"],\"articleSection\":[\"INE noticias\"],\"inLanguage\":\"es\"},{\"@type\":\"WebPage\",\"@id\":\"https:\/\/www.ine.gob.bo\/index.php\/el-ine-socializo-los-avances-del-censo-en-la-asamblea-de-la-altenidad\/\",\"url\":\"https:\/\/www.ine.gob.bo\/index.php\/el-ine-socializo-los-avances-del-censo-en-la-asamblea-de-la-altenidad\/\",\"name\":\"El INE socializ\u00f3 los avances del censo en la Asamblea de la Alte\u00f1idad - INE\",\"isPartOf\":{\"@id\":\"https:\/\/www.ine.gob.bo\/#website\"},\"primaryImageOfPage\":{\"@id\":\"https:\/\/www.ine.gob.bo\/index.php\/el-ine-socializo-los-avances-del-censo-en-la-asamblea-de-la-altenidad\/#primaryimage\"},\"image\":{\"@id\":\"https:\/\/www.ine.gob.bo\/index.php\/el-ine-socializo-los-avances-del-censo-en-la-asamblea-de-la-altenidad\/#primaryimage\"},\"thumbnailUrl\":\"https:\/\/www.ine.gob.bo\/wp-content\/uploads\/2022\/10\/2.-Mas-de-400-personas-se-dieron-cita-a-la-Asamblea-de-Altenidad-para-conocer-los-avances-del-CPV.-rotated.jpg\",\"datePublished\":\"2022-10-07T22:15:30+00:00\",\"dateModified\":\"2025-06-23T20:16:26+00:00\",\"description\":\"P\u00e1gina oficial del Instituto Nacional de Estadistica INE, informaci\u00f3n estad\u00edstica, geogr\u00e1fica y econ\u00f3mica a nivel nacional.\",\"breadcrumb\":{\"@id\":\"https:\/\/www.ine.gob.bo\/index.php\/el-ine-socializo-los-avances-del-censo-en-la-asamblea-de-la-altenidad\/#breadcrumb\"},\"inLanguage\":\"es\",\"potentialAction\":[{\"@type\":\"ReadAction\",\"target\":[\"https:\/\/www.ine.gob.bo\/index.php\/el-ine-socializo-los-avances-del-censo-en-la-asamblea-de-la-altenidad\/\"]}]},{\"@type\":\"ImageObject\",\"inLanguage\":\"es\",\"@id\":\"https:\/\/www.ine.gob.bo\/index.php\/el-ine-socializo-los-avances-del-censo-en-la-asamblea-de-la-altenidad\/#primaryimage\",\"url\":\"https:\/\/www.ine.gob.bo\/wp-content\/uploads\/2022\/10\/2.-Mas-de-400-personas-se-dieron-cita-a-la-Asamblea-de-Altenidad-para-conocer-los-avances-del-CPV.-rotated.jpg\",\"contentUrl\":\"https:\/\/www.ine.gob.bo\/wp-content\/uploads\/2022\/10\/2.-Mas-de-400-personas-se-dieron-cita-a-la-Asamblea-de-Altenidad-para-conocer-los-avances-del-CPV.-rotated.jpg\",\"width\":1600,\"height\":900},{\"@type\":\"BreadcrumbList\",\"@id\":\"https:\/\/www.ine.gob.bo\/index.php\/el-ine-socializo-los-avances-del-censo-en-la-asamblea-de-la-altenidad\/#breadcrumb\",\"itemListElement\":[{\"@type\":\"ListItem\",\"position\":1,\"name\":\"Portada\",\"item\":\"https:\/\/www.ine.gob.bo\/\"},{\"@type\":\"ListItem\",\"position\":2,\"name\":\"El INE socializ\u00f3 los avances del censo en la Asamblea de la Alte\u00f1idad\"}]},{\"@type\":\"WebSite\",\"@id\":\"https:\/\/www.ine.gob.bo\/#website\",\"url\":\"https:\/\/www.ine.gob.bo\/\",\"name\":\"INE\",\"description\":\"Instituto Nacional de Estad\u00edstica\",\"publisher\":{\"@id\":\"https:\/\/www.ine.gob.bo\/#organization\"},\"potentialAction\":[{\"@type\":\"SearchAction\",\"target\":{\"@type\":\"EntryPoint\",\"urlTemplate\":\"https:\/\/www.ine.gob.bo\/?s={search_term_string}\"},\"query-input\":\"required name=search_term_string\"}],\"inLanguage\":\"es\"},{\"@type\":\"Organization\",\"@id\":\"https:\/\/www.ine.gob.bo\/#organization\",\"name\":\"Instituto Nacional de Estad\u00edstica\",\"url\":\"https:\/\/www.ine.gob.bo\/\",\"logo\":{\"@type\":\"ImageObject\",\"inLanguage\":\"es\",\"@id\":\"https:\/\/www.ine.gob.bo\/#\/schema\/logo\/image\/\",\"url\":\"https:\/\/www.ine.gob.bo\/wp-content\/uploads\/2026\/02\/logo-ine.jpg\",\"contentUrl\":\"https:\/\/www.ine.gob.bo\/wp-content\/uploads\/2026\/02\/logo-ine.jpg\",\"width\":799,\"height\":453,\"caption\":\"Instituto Nacional de Estad\u00edstica\"},\"image\":{\"@id\":\"https:\/\/www.ine.gob.bo\/#\/schema\/logo\/image\/\"},\"sameAs\":[\"https:\/\/www.facebook.com\/ineboliviaoficial\",\"https:\/\/x.com\/INE_Bolivia\",\"https:\/\/www.instagram.com\/ineboliviaoficial\/\",\"https:\/\/www.youtube.com\/channel\/UCbIQXKLw414g5kWo1tAwqCg\"]},{\"@type\":\"Person\",\"@id\":\"https:\/\/www.ine.gob.bo\/#\/schema\/person\/cd5e3dea21e6634e99cebddcca7540d1\",\"name\":\"Albaro Benedicto Laime Mamani\",\"image\":{\"@type\":\"ImageObject\",\"inLanguage\":\"es\",\"@id\":\"https:\/\/www.ine.gob.bo\/#\/schema\/person\/image\/\",\"url\":\"https:\/\/secure.gravatar.com\/avatar\/450967f1badecac6afbf323d3a06c551f001ee9e5a1094976c96b19cce5b7180?s=96&d=mm&r=g\",\"contentUrl\":\"https:\/\/secure.gravatar.com\/avatar\/450967f1badecac6afbf323d3a06c551f001ee9e5a1094976c96b19cce5b7180?s=96&d=mm&r=g\",\"caption\":\"Albaro Benedicto Laime Mamani\"},\"url\":\"https:\/\/www.ine.gob.bo\/index.php\/author\/alaime\/\"}]}<\/script>\n<!-- \/ Yoast SEO plugin. -->","yoast_head_json":{"title":"El INE socializ\u00f3 los avances del censo en la Asamblea de la Alte\u00f1idad - INE","description":"P\u00e1gina oficial del Instituto Nacional de Estadistica INE, informaci\u00f3n estad\u00edstica, geogr\u00e1fica y econ\u00f3mica a nivel nacional.","robots":{"index":"index","follow":"follow","max-snippet":"max-snippet:-1","max-image-preview":"max-image-preview:large","max-video-preview":"max-video-preview:-1"},"canonical":"https:\/\/www.ine.gob.bo\/index.php\/el-ine-socializo-los-avances-del-censo-en-la-asamblea-de-la-altenidad\/","og_locale":"es_ES","og_type":"article","og_title":"El INE socializ\u00f3 los avances del censo en la Asamblea de la Alte\u00f1idad - INE","og_description":"P\u00e1gina oficial del Instituto Nacional de Estadistica INE, informaci\u00f3n estad\u00edstica, geogr\u00e1fica y econ\u00f3mica a nivel nacional.","og_url":"https:\/\/www.ine.gob.bo\/index.php\/el-ine-socializo-los-avances-del-censo-en-la-asamblea-de-la-altenidad\/","og_site_name":"INE","article_publisher":"https:\/\/www.facebook.com\/ineboliviaoficial","article_published_time":"2022-10-07T22:15:30+00:00","article_modified_time":"2025-06-23T20:16:26+00:00","og_image":[{"width":1600,"height":900,"url":"https:\/\/www.ine.gob.bo\/wp-content\/uploads\/2022\/10\/2.-Mas-de-400-personas-se-dieron-cita-a-la-Asamblea-de-Altenidad-para-conocer-los-avances-del-CPV.-rotated.jpg","type":"image\/jpeg"}],"author":"Albaro Benedicto Laime Mamani","twitter_card":"summary_large_image","twitter_creator":"@INE_Bolivia","twitter_site":"@INE_Bolivia","twitter_misc":{"Escrito por":"Albaro Benedicto Laime Mamani","Tiempo de lectura":"3 minutos"},"schema":{"@context":"https:\/\/schema.org","@graph":[{"@type":"Article","@id":"https:\/\/www.ine.gob.bo\/index.php\/el-ine-socializo-los-avances-del-censo-en-la-asamblea-de-la-altenidad\/#article","isPartOf":{"@id":"https:\/\/www.ine.gob.bo\/index.php\/el-ine-socializo-los-avances-del-censo-en-la-asamblea-de-la-altenidad\/"},"author":{"name":"Albaro Benedicto Laime Mamani","@id":"https:\/\/www.ine.gob.bo\/#\/schema\/person\/cd5e3dea21e6634e99cebddcca7540d1"},"headline":"El INE socializ\u00f3 los avances del censo en la Asamblea de la Alte\u00f1idad","datePublished":"2022-10-07T22:15:30+00:00","dateModified":"2025-06-23T20:16:26+00:00","mainEntityOfPage":{"@id":"https:\/\/www.ine.gob.bo\/index.php\/el-ine-socializo-los-avances-del-censo-en-la-asamblea-de-la-altenidad\/"},"wordCount":489,"publisher":{"@id":"https:\/\/www.ine.gob.bo\/#organization"},"image":{"@id":"https:\/\/www.ine.gob.bo\/index.php\/el-ine-socializo-los-avances-del-censo-en-la-asamblea-de-la-altenidad\/#primaryimage"},"thumbnailUrl":"https:\/\/www.ine.gob.bo\/wp-content\/uploads\/2022\/10\/2.-Mas-de-400-personas-se-dieron-cita-a-la-Asamblea-de-Altenidad-para-conocer-los-avances-del-CPV.-rotated.jpg","keywords":["INE Noticias"],"articleSection":["INE noticias"],"inLanguage":"es"},{"@type":"WebPage","@id":"https:\/\/www.ine.gob.bo\/index.php\/el-ine-socializo-los-avances-del-censo-en-la-asamblea-de-la-altenidad\/","url":"https:\/\/www.ine.gob.bo\/index.php\/el-ine-socializo-los-avances-del-censo-en-la-asamblea-de-la-altenidad\/","name":"El INE socializ\u00f3 los avances del censo en la Asamblea de la Alte\u00f1idad - INE","isPartOf":{"@id":"https:\/\/www.ine.gob.bo\/#website"},"primaryImageOfPage":{"@id":"https:\/\/www.ine.gob.bo\/index.php\/el-ine-socializo-los-avances-del-censo-en-la-asamblea-de-la-altenidad\/#primaryimage"},"image":{"@id":"https:\/\/www.ine.gob.bo\/index.php\/el-ine-socializo-los-avances-del-censo-en-la-asamblea-de-la-altenidad\/#primaryimage"},"thumbnailUrl":"https:\/\/www.ine.gob.bo\/wp-content\/uploads\/2022\/10\/2.-Mas-de-400-personas-se-dieron-cita-a-la-Asamblea-de-Altenidad-para-conocer-los-avances-del-CPV.-rotated.jpg","datePublished":"2022-10-07T22:15:30+00:00","dateModified":"2025-06-23T20:16:26+00:00","description":"P\u00e1gina oficial del Instituto Nacional de Estadistica INE, informaci\u00f3n estad\u00edstica, geogr\u00e1fica y econ\u00f3mica a nivel nacional.","breadcrumb":{"@id":"https:\/\/www.ine.gob.bo\/index.php\/el-ine-socializo-los-avances-del-censo-en-la-asamblea-de-la-altenidad\/#breadcrumb"},"inLanguage":"es","potentialAction":[{"@type":"ReadAction","target":["https:\/\/www.ine.gob.bo\/index.php\/el-ine-socializo-los-avances-del-censo-en-la-asamblea-de-la-altenidad\/"]}]},{"@type":"ImageObject","inLanguage":"es","@id":"https:\/\/www.ine.gob.bo\/index.php\/el-ine-socializo-los-avances-del-censo-en-la-asamblea-de-la-altenidad\/#primaryimage","url":"https:\/\/www.ine.gob.bo\/wp-content\/uploads\/2022\/10\/2.-Mas-de-400-personas-se-dieron-cita-a-la-Asamblea-de-Altenidad-para-conocer-los-avances-del-CPV.-rotated.jpg","contentUrl":"https:\/\/www.ine.gob.bo\/wp-content\/uploads\/2022\/10\/2.-Mas-de-400-personas-se-dieron-cita-a-la-Asamblea-de-Altenidad-para-conocer-los-avances-del-CPV.-rotated.jpg","width":1600,"height":900},{"@type":"BreadcrumbList","@id":"https:\/\/www.ine.gob.bo\/index.php\/el-ine-socializo-los-avances-del-censo-en-la-asamblea-de-la-altenidad\/#breadcrumb","itemListElement":[{"@type":"ListItem","position":1,"name":"Portada","item":"https:\/\/www.ine.gob.bo\/"},{"@type":"ListItem","position":2,"name":"El INE socializ\u00f3 los avances del censo en la Asamblea de la Alte\u00f1idad"}]},{"@type":"WebSite","@id":"https:\/\/www.ine.gob.bo\/#website","url":"https:\/\/www.ine.gob.bo\/","name":"INE","description":"Instituto Nacional de Estad\u00edstica","publisher":{"@id":"https:\/\/www.ine.gob.bo\/#organization"},"potentialAction":[{"@type":"SearchAction","target":{"@type":"EntryPoint","urlTemplate":"https:\/\/www.ine.gob.bo\/?s={search_term_string}"},"query-input":"required name=search_term_string"}],"inLanguage":"es"},{"@type":"Organization","@id":"https:\/\/www.ine.gob.bo\/#organization","name":"Instituto Nacional de Estad\u00edstica","url":"https:\/\/www.ine.gob.bo\/","logo":{"@type":"ImageObject","inLanguage":"es","@id":"https:\/\/www.ine.gob.bo\/#\/schema\/logo\/image\/","url":"https:\/\/www.ine.gob.bo\/wp-content\/uploads\/2026\/02\/logo-ine.jpg","contentUrl":"https:\/\/www.ine.gob.bo\/wp-content\/uploads\/2026\/02\/logo-ine.jpg","width":799,"height":453,"caption":"Instituto Nacional de Estad\u00edstica"},"image":{"@id":"https:\/\/www.ine.gob.bo\/#\/schema\/logo\/image\/"},"sameAs":["https:\/\/www.facebook.com\/ineboliviaoficial","https:\/\/x.com\/INE_Bolivia","https:\/\/www.instagram.com\/ineboliviaoficial\/","https:\/\/www.youtube.com\/channel\/UCbIQXKLw414g5kWo1tAwqCg"]},{"@type":"Person","@id":"https:\/\/www.ine.gob.bo\/#\/schema\/person\/cd5e3dea21e6634e99cebddcca7540d1","name":"Albaro Benedicto Laime Mamani","image":{"@type":"ImageObject","inLanguage":"es","@id":"https:\/\/www.ine.gob.bo\/#\/schema\/person\/image\/","url":"https:\/\/secure.gravatar.com\/avatar\/450967f1badecac6afbf323d3a06c551f001ee9e5a1094976c96b19cce5b7180?s=96&d=mm&r=g","contentUrl":"https:\/\/secure.gravatar.com\/avatar\/450967f1badecac6afbf323d3a06c551f001ee9e5a1094976c96b19cce5b7180?s=96&d=mm&r=g","caption":"Albaro Benedicto Laime Mamani"},"url":"https:\/\/www.ine.gob.bo\/index.php\/author\/alaime\/"}]}},"rttpg_featured_image_url":{"full":["https:\/\/www.ine.gob.bo\/wp-content\/uploads\/2022\/10\/2.-Mas-de-400-personas-se-dieron-cita-a-la-Asamblea-de-Altenidad-para-conocer-los-avances-del-CPV.-rotated.jpg",1600,900,false],"landscape":["https:\/\/www.ine.gob.bo\/wp-content\/uploads\/2022\/10\/2.-Mas-de-400-personas-se-dieron-cita-a-la-Asamblea-de-Altenidad-para-conocer-los-avances-del-CPV.-rotated.jpg",1600,900,false],"portraits":["https:\/\/www.ine.gob.bo\/wp-content\/uploads\/2022\/10\/2.-Mas-de-400-personas-se-dieron-cita-a-la-Asamblea-de-Altenidad-para-conocer-los-avances-del-CPV.-rotated.jpg",1600,900,false],"thumbnail":["https:\/\/www.ine.gob.bo\/wp-content\/uploads\/2022\/10\/2.-Mas-de-400-personas-se-dieron-cita-a-la-Asamblea-de-Altenidad-para-conocer-los-avances-del-CPV.-150x150.jpg",150,150,true],"medium":["https:\/\/www.ine.gob.bo\/wp-content\/uploads\/2022\/10\/2.-Mas-de-400-personas-se-dieron-cita-a-la-Asamblea-de-Altenidad-para-conocer-los-avances-del-CPV.-300x169.jpg",300,169,true],"large":["https:\/\/www.ine.gob.bo\/wp-content\/uploads\/2022\/10\/2.-Mas-de-400-personas-se-dieron-cita-a-la-Asamblea-de-Altenidad-para-conocer-los-avances-del-CPV.-1024x576.jpg",1024,576,true],"1536x1536":["https:\/\/www.ine.gob.bo\/wp-content\/uploads\/2022\/10\/2.-Mas-de-400-personas-se-dieron-cita-a-la-Asamblea-de-Altenidad-para-conocer-los-avances-del-CPV.-1536x864.jpg",1536,864,true],"2048x2048":["https:\/\/www.ine.gob.bo\/wp-content\/uploads\/2022\/10\/2.-Mas-de-400-personas-se-dieron-cita-a-la-Asamblea-de-Altenidad-para-conocer-los-avances-del-CPV.-rotated.jpg",1600,900,false]},"rttpg_author":{"display_name":"Albaro Benedicto Laime Mamani","author_link":"https:\/\/www.ine.gob.bo\/index.php\/author\/alaime\/"},"rttpg_comment":0,"rttpg_category":"<a href=\"https:\/\/www.ine.gob.bo\/index.php\/category\/ine-noticias\/\" rel=\"category tag\">INE noticias<\/a>","rttpg_excerpt":"[vc_row][vc_column][vc_column_text] El Alto, 07 de octubre de 2022 (INE). \u2013 En cumplimiento a los acuerdos arribados en la mesa t\u00e9cnica realizada con representantes de la ciudad de El Alto, el Instituto Nacional de Estad\u00edstica (INE) socializ\u00f3 los avances del Censo de Poblaci\u00f3n y Vivienda (CPV) y de la Actualizaci\u00f3n Cartogr\u00e1fica Estad\u00edstica (ACE) a m\u00e1s de&hellip;","_links":{"self":[{"href":"https:\/\/www.ine.gob.bo\/index.php\/wp-json\/wp\/v2\/posts\/58945","targetHints":{"allow":["GET"]}}],"collection":[{"href":"https:\/\/www.ine.gob.bo\/index.php\/wp-json\/wp\/v2\/posts"}],"about":[{"href":"https:\/\/www.ine.gob.bo\/index.php\/wp-json\/wp\/v2\/types\/post"}],"author":[{"embeddable":true,"href":"https:\/\/www.ine.gob.bo\/index.php\/wp-json\/wp\/v2\/users\/19"}],"replies":[{"embeddable":true,"href":"https:\/\/www.ine.gob.bo\/index.php\/wp-json\/wp\/v2\/comments?post=58945"}],"version-history":[{"count":0,"href":"https:\/\/www.ine.gob.bo\/index.php\/wp-json\/wp\/v2\/posts\/58945\/revisions"}],"wp:featuredmedia":[{"embeddable":true,"href":"https:\/\/www.ine.gob.bo\/index.php\/wp-json\/wp\/v2\/media\/58947"}],"wp:attachment":[{"href":"https:\/\/www.ine.gob.bo\/index.php\/wp-json\/wp\/v2\/media?parent=58945"}],"wp:term":[{"taxonomy":"category","embeddable":true,"href":"https:\/\/www.ine.gob.bo\/index.php\/wp-json\/wp\/v2\/categories?post=58945"},{"taxonomy":"post_tag","embeddable":true,"href":"https:\/\/www.ine.gob.bo\/index.php\/wp-json\/wp\/v2\/tags?post=58945"}],"curies":[{"name":"wp","href":"https:\/\/api.w.org\/{rel}","templated":true}]}}