{"id":58941,"date":"2022-10-07T18:00:13","date_gmt":"2022-10-07T22:00:13","guid":{"rendered":"https:\/\/www.ine.gob.bo\/?p=58941"},"modified":"2025-06-23T16:18:41","modified_gmt":"2025-06-23T20:18:41","slug":"ine-avanzo-en-36-en-las-pruebas-cualitativas-de-validacion-el-cuestionario-censal","status":"publish","type":"post","link":"https:\/\/www.ine.gob.bo\/index.php\/ine-avanzo-en-36-en-las-pruebas-cualitativas-de-validacion-el-cuestionario-censal\/","title":{"rendered":"INE avanz\u00f3 en 36% en las pruebas cualitativas de validaci\u00f3n el cuestionario censal"},"content":{"rendered":"<p>[vc_row][vc_column][vc_column_text]<\/p>\r\n<p><strong>La Paz, 7 de octubre de 2022 (INE). \u2013 <\/strong>Ante afirmaciones que cuestionan el avance del cuestionario censal, el Instituto Nacional de Estad\u00edstica (INE) informa que a la fecha se encuentra realizando las pruebas cualitativas y an\u00e1lisis del mismo, por lo que se tiene un avance del 36% en esta etapa.<\/p>\r\n<p>\u201cLo que estamos haciendo ahora son las pruebas cualitativas para el cuestionario censal (\u2026) proceso bastante t\u00e9cnico y hasta el 30 de septiembre estamos en un avance del 36% en esta etapa\u201d, afirm\u00f3 la Coordinadora General del Programa de Censo de Poblaci\u00f3n y Vivienda (CPV), Martha Oviedo en conferencia de prensa el 5 de octubre de 2022.<\/p>\r\n<p>Sin embargo, esta informaci\u00f3n fue cuestionada por el rector de la Universidad Aut\u00f3noma Gabriel Ren\u00e9 Moreno (UAGRM), Vicente Cuellar quien en entrevista a un medio de comunicaci\u00f3n afirm\u00f3 que el ministro de Planificaci\u00f3n del Desarrollo, Sergio Cusicanqui en junio dijo que hab\u00eda un 98% de avance en la boleta censal, poniendo en duda el nuevo porcentaje que se anunci\u00f3 en conferencia de prensa.<\/p>\r\n<p>De acuerdo a Oviedo es importante aclarar que a la fecha ya se cuenta con un cuestionario censal preliminar, que se socializ\u00f3 a las instituciones a trav\u00e9s del Instituto Abierto, a partir de all\u00ed se establecieron reuniones del 27 al 29 de septiembre con delegados t\u00e9cnicos de gobiernos aut\u00f3nomos departamentales, de municipios, asociaciones de municipios y de universidades con los que se analizaron e intercambiaron las sugerencias y comentarios a las preguntas del cuestionario preliminar, vertidas a trav\u00e9s de este mecanismo de socializaci\u00f3n. Ahora se trabaja en la sistematizaci\u00f3n de los resultados de ese trabajo y retroalimentaci\u00f3n para el trabajo de pruebas cualitativas.<\/p>\r\n<p>Asimismo, Oviedo inform\u00f3 que tambi\u00e9n est\u00e1 en curso la etapa de recolecci\u00f3n de informaci\u00f3n de pruebas cualitativas, que refieren a las pruebas cognitivas y grupos focales acerca de las preguntas del cuestionario censal.<\/p>\r\n<p>\u201cLas pruebas cognitivas -se realizan- para saber si las personas a las que vamos a consultar una pregunta nos entienden, si se entiende lo que se quiere preguntar. Eso estamos haciendo con departamentos de Bolivia, tambi\u00e9n con los pueblos ind\u00edgenas. Es un proceso bastante t\u00e9cnico y hasta el 30 de septiembre estamos en un avance del 36% de estas pruebas\u201d, afirm\u00f3 Oviedo refiri\u00e9ndose a esta etapa del cuestionario censal en la que se somete a pruebas, las preguntas del mencionado cuestionario y que derivar\u00e1n en ajustes en este instrumento.<\/p>\r\n<p>\u201cLa definici\u00f3n de un cuestionario censal es un proceso bastante largo, no podemos sentarnos entre cinco personas y ver qu\u00e9 preguntas va a tener, se trabaja de manera t\u00e9cnica y se trabaja en conjunto para ver las mejores preguntas que debe tener\u201d, afirm\u00f3 la coordinadora general.<\/p>\r\n<p>El INE continuar\u00e1 socializando los avances del cuestionario censal, es as\u00ed que desde el 4 al 7 del presente se realizaron un conjunto de reuniones virtuales con representantes municipales, asociaciones de municipios y de las universidades p\u00fablicas de los nueve departamentos del pa\u00eds. El 7 de octubre se realiz\u00f3 la socializaci\u00f3n con los representantes de los gobiernos aut\u00f3nomos ind\u00edgena originario campesino (GAIOC), gobiernos aut\u00f3nomos municipales de Gran Chaco y organizaciones del Pacto de Unidad.<\/p>\r\n<p>&nbsp;<\/p>\r\n<p style=\"text-align: center;\"><em><img loading=\"lazy\" decoding=\"async\" class=\"aligncenter wp-image-58942 \" src=\"https:\/\/www.ine.gob.bo\/wp-content\/uploads\/2022\/10\/1.-Coordinadora-General-del-programa-de-Censo-de-Poblacion-y-Vivienda-CPV-Martha-Oviedo-1024x576.jpg\" alt=\"\" width=\"1061\" height=\"597\" srcset=\"https:\/\/www.ine.gob.bo\/wp-content\/uploads\/2022\/10\/1.-Coordinadora-General-del-programa-de-Censo-de-Poblacion-y-Vivienda-CPV-Martha-Oviedo-1024x576.jpg 1024w, https:\/\/www.ine.gob.bo\/wp-content\/uploads\/2022\/10\/1.-Coordinadora-General-del-programa-de-Censo-de-Poblacion-y-Vivienda-CPV-Martha-Oviedo-300x169.jpg 300w, https:\/\/www.ine.gob.bo\/wp-content\/uploads\/2022\/10\/1.-Coordinadora-General-del-programa-de-Censo-de-Poblacion-y-Vivienda-CPV-Martha-Oviedo-768x432.jpg 768w, https:\/\/www.ine.gob.bo\/wp-content\/uploads\/2022\/10\/1.-Coordinadora-General-del-programa-de-Censo-de-Poblacion-y-Vivienda-CPV-Martha-Oviedo-1536x864.jpg 1536w, https:\/\/www.ine.gob.bo\/wp-content\/uploads\/2022\/10\/1.-Coordinadora-General-del-programa-de-Censo-de-Poblacion-y-Vivienda-CPV-Martha-Oviedo.jpg 1599w\" sizes=\"auto, (max-width: 1061px) 100vw, 1061px\" \/><\/em><\/p>\r\n<p style=\"text-align: center;\"><em>Coordinadora General del programa de Censo de Poblaci\u00f3n y Vivienda (CPV), Martha Oviedo en conferencia de prensa presentando los avances del cuestionario censal.<\/em><\/p>\r\n<p>&nbsp;<\/p>\r\n<p><img loading=\"lazy\" decoding=\"async\" class=\"aligncenter wp-image-58943 \" src=\"https:\/\/www.ine.gob.bo\/wp-content\/uploads\/2022\/10\/2.-Rector-de-la-Universidad-Autonoma-Gabriel-Rene-Moreno-Vicente-Cuellar..jpg\" alt=\"\" width=\"1061\" height=\"598\" srcset=\"https:\/\/www.ine.gob.bo\/wp-content\/uploads\/2022\/10\/2.-Rector-de-la-Universidad-Autonoma-Gabriel-Rene-Moreno-Vicente-Cuellar..jpg 767w, https:\/\/www.ine.gob.bo\/wp-content\/uploads\/2022\/10\/2.-Rector-de-la-Universidad-Autonoma-Gabriel-Rene-Moreno-Vicente-Cuellar.-300x169.jpg 300w\" sizes=\"auto, (max-width: 1061px) 100vw, 1061px\" \/><\/p>\r\n<p style=\"text-align: center;\"><em>Rector de la Universidad Aut\u00f3noma Gabriel Ren\u00e9 Moreno, Vicente Cuellar.<\/em><\/p>\r\n<p>&nbsp;<\/p>\r\n<p>&nbsp;<\/p>\r\n<p>&nbsp;<\/p>\r\n<p class=\"has-text-align-center\" style=\"text-align: center;\"><strong><em>Unidad de Difusi\u00f3n y Comunicaci\u00f3n<\/em><br \/>INSTITUTO NACIONAL DE ESTAD\u00cdSTICA<\/strong><\/p>\r\n<p class=\"has-text-align-center\"><!-- \/wp:post-content --><\/p>\r\n<p><!-- wp:paragraph --><a href=\"https:\/\/nimbus.ine.gob.bo\/index.php\/s\/SAkJjeDtkETXCMG\/download\">Descargar Nota de Prensa<\/a><\/p>\r\n<p class=\"has-text-align-center\"><!-- \/wp:paragraph --><\/p>\r\n<p class=\"has-text-align-center\"><!-- wp:separator --><\/p>\r\n<hr class=\"wp-block-separator\" \/>\r\n<p class=\"has-text-align-center\"><!-- \/wp:separator --><\/p>\r\n<p class=\"has-text-align-center\"><!-- wp:paragraph {\"align\":\"right\"} --><\/p>\r\n<p class=\"has-text-align-right\"><strong><em>Entidad dependiente del Ministerio de Planificaci\u00f3n del Desarrollo<\/em><\/strong><\/p>\r\n<p class=\"has-text-align-center\"><!-- \/wp:paragraph --><\/p>\r\n<p>&nbsp;<\/p>\r\n<p>[\/vc_column_text][\/vc_column][\/vc_row]<\/p>","protected":false},"excerpt":{"rendered":"<p>[vc_row][vc_column][vc_column_text] La Paz, 7 de octubre de 2022 (INE). \u2013 Ante afirmaciones que cuestionan el avance del cuestionario censal, el Instituto Nacional de Estad\u00edstica (INE) informa que a la fecha se encuentra realizando las pruebas cualitativas y an\u00e1lisis del mismo, por lo que se tiene un avance del 36% en esta etapa. \u201cLo que estamos&hellip;<\/p>\n","protected":false},"author":19,"featured_media":58942,"comment_status":"closed","ping_status":"open","sticky":false,"template":"","format":"standard","meta":[],"categories":[158],"tags":[52],"class_list":["post-58941","post","type-post","status-publish","format-standard","has-post-thumbnail","hentry","category-ine-noticias","tag-ine-noticias","category-158","description-off"],"yoast_head":"<!-- This site is optimized with the Yoast SEO plugin v23.2 - https:\/\/yoast.com\/wordpress\/plugins\/seo\/ -->\n<title>INE avanz\u00f3 en 36% en las pruebas cualitativas de validaci\u00f3n el cuestionario censal - INE<\/title>\n<meta name=\"description\" content=\"P\u00e1gina oficial del Instituto Nacional de Estadistica INE, informaci\u00f3n estad\u00edstica, geogr\u00e1fica y econ\u00f3mica a nivel nacional.\" \/>\n<meta name=\"robots\" content=\"index, follow, max-snippet:-1, max-image-preview:large, max-video-preview:-1\" \/>\n<link rel=\"canonical\" href=\"https:\/\/www.ine.gob.bo\/index.php\/ine-avanzo-en-36-en-las-pruebas-cualitativas-de-validacion-el-cuestionario-censal\/\" \/>\n<meta property=\"og:locale\" content=\"es_ES\" \/>\n<meta property=\"og:type\" content=\"article\" \/>\n<meta property=\"og:title\" content=\"INE avanz\u00f3 en 36% en las pruebas cualitativas de validaci\u00f3n el cuestionario censal - INE\" \/>\n<meta property=\"og:description\" content=\"P\u00e1gina oficial del Instituto Nacional de Estadistica INE, informaci\u00f3n estad\u00edstica, geogr\u00e1fica y econ\u00f3mica a nivel nacional.\" \/>\n<meta property=\"og:url\" content=\"https:\/\/www.ine.gob.bo\/index.php\/ine-avanzo-en-36-en-las-pruebas-cualitativas-de-validacion-el-cuestionario-censal\/\" \/>\n<meta property=\"og:site_name\" content=\"INE\" \/>\n<meta property=\"article:publisher\" content=\"https:\/\/www.facebook.com\/ineboliviaoficial\" \/>\n<meta property=\"article:published_time\" content=\"2022-10-07T22:00:13+00:00\" \/>\n<meta property=\"article:modified_time\" content=\"2025-06-23T20:18:41+00:00\" \/>\n<meta property=\"og:image\" content=\"https:\/\/www.ine.gob.bo\/wp-content\/uploads\/2022\/10\/1.-Coordinadora-General-del-programa-de-Censo-de-Poblacion-y-Vivienda-CPV-Martha-Oviedo.jpg\" \/>\n\t<meta property=\"og:image:width\" content=\"1599\" \/>\n\t<meta property=\"og:image:height\" content=\"899\" \/>\n\t<meta property=\"og:image:type\" content=\"image\/jpeg\" \/>\n<meta name=\"author\" content=\"Albaro Benedicto Laime Mamani\" \/>\n<meta name=\"twitter:card\" content=\"summary_large_image\" \/>\n<meta name=\"twitter:creator\" content=\"@INE_Bolivia\" \/>\n<meta name=\"twitter:site\" content=\"@INE_Bolivia\" \/>\n<meta name=\"twitter:label1\" content=\"Escrito por\" \/>\n\t<meta name=\"twitter:data1\" content=\"Albaro Benedicto Laime Mamani\" \/>\n\t<meta name=\"twitter:label2\" content=\"Tiempo de lectura\" \/>\n\t<meta name=\"twitter:data2\" content=\"4 minutos\" \/>\n<script type=\"application\/ld+json\" class=\"yoast-schema-graph\">{\"@context\":\"https:\/\/schema.org\",\"@graph\":[{\"@type\":\"Article\",\"@id\":\"https:\/\/www.ine.gob.bo\/index.php\/ine-avanzo-en-36-en-las-pruebas-cualitativas-de-validacion-el-cuestionario-censal\/#article\",\"isPartOf\":{\"@id\":\"https:\/\/www.ine.gob.bo\/index.php\/ine-avanzo-en-36-en-las-pruebas-cualitativas-de-validacion-el-cuestionario-censal\/\"},\"author\":{\"name\":\"Albaro Benedicto Laime Mamani\",\"@id\":\"https:\/\/www.ine.gob.bo\/#\/schema\/person\/cd5e3dea21e6634e99cebddcca7540d1\"},\"headline\":\"INE avanz\u00f3 en 36% en las pruebas cualitativas de validaci\u00f3n el cuestionario censal\",\"datePublished\":\"2022-10-07T22:00:13+00:00\",\"dateModified\":\"2025-06-23T20:18:41+00:00\",\"mainEntityOfPage\":{\"@id\":\"https:\/\/www.ine.gob.bo\/index.php\/ine-avanzo-en-36-en-las-pruebas-cualitativas-de-validacion-el-cuestionario-censal\/\"},\"wordCount\":624,\"publisher\":{\"@id\":\"https:\/\/www.ine.gob.bo\/#organization\"},\"image\":{\"@id\":\"https:\/\/www.ine.gob.bo\/index.php\/ine-avanzo-en-36-en-las-pruebas-cualitativas-de-validacion-el-cuestionario-censal\/#primaryimage\"},\"thumbnailUrl\":\"https:\/\/www.ine.gob.bo\/wp-content\/uploads\/2022\/10\/1.-Coordinadora-General-del-programa-de-Censo-de-Poblacion-y-Vivienda-CPV-Martha-Oviedo.jpg\",\"keywords\":[\"INE Noticias\"],\"articleSection\":[\"INE noticias\"],\"inLanguage\":\"es\"},{\"@type\":\"WebPage\",\"@id\":\"https:\/\/www.ine.gob.bo\/index.php\/ine-avanzo-en-36-en-las-pruebas-cualitativas-de-validacion-el-cuestionario-censal\/\",\"url\":\"https:\/\/www.ine.gob.bo\/index.php\/ine-avanzo-en-36-en-las-pruebas-cualitativas-de-validacion-el-cuestionario-censal\/\",\"name\":\"INE avanz\u00f3 en 36% en las pruebas cualitativas de validaci\u00f3n el cuestionario censal - INE\",\"isPartOf\":{\"@id\":\"https:\/\/www.ine.gob.bo\/#website\"},\"primaryImageOfPage\":{\"@id\":\"https:\/\/www.ine.gob.bo\/index.php\/ine-avanzo-en-36-en-las-pruebas-cualitativas-de-validacion-el-cuestionario-censal\/#primaryimage\"},\"image\":{\"@id\":\"https:\/\/www.ine.gob.bo\/index.php\/ine-avanzo-en-36-en-las-pruebas-cualitativas-de-validacion-el-cuestionario-censal\/#primaryimage\"},\"thumbnailUrl\":\"https:\/\/www.ine.gob.bo\/wp-content\/uploads\/2022\/10\/1.-Coordinadora-General-del-programa-de-Censo-de-Poblacion-y-Vivienda-CPV-Martha-Oviedo.jpg\",\"datePublished\":\"2022-10-07T22:00:13+00:00\",\"dateModified\":\"2025-06-23T20:18:41+00:00\",\"description\":\"P\u00e1gina oficial del Instituto Nacional de Estadistica INE, informaci\u00f3n estad\u00edstica, geogr\u00e1fica y econ\u00f3mica a nivel nacional.\",\"breadcrumb\":{\"@id\":\"https:\/\/www.ine.gob.bo\/index.php\/ine-avanzo-en-36-en-las-pruebas-cualitativas-de-validacion-el-cuestionario-censal\/#breadcrumb\"},\"inLanguage\":\"es\",\"potentialAction\":[{\"@type\":\"ReadAction\",\"target\":[\"https:\/\/www.ine.gob.bo\/index.php\/ine-avanzo-en-36-en-las-pruebas-cualitativas-de-validacion-el-cuestionario-censal\/\"]}]},{\"@type\":\"ImageObject\",\"inLanguage\":\"es\",\"@id\":\"https:\/\/www.ine.gob.bo\/index.php\/ine-avanzo-en-36-en-las-pruebas-cualitativas-de-validacion-el-cuestionario-censal\/#primaryimage\",\"url\":\"https:\/\/www.ine.gob.bo\/wp-content\/uploads\/2022\/10\/1.-Coordinadora-General-del-programa-de-Censo-de-Poblacion-y-Vivienda-CPV-Martha-Oviedo.jpg\",\"contentUrl\":\"https:\/\/www.ine.gob.bo\/wp-content\/uploads\/2022\/10\/1.-Coordinadora-General-del-programa-de-Censo-de-Poblacion-y-Vivienda-CPV-Martha-Oviedo.jpg\",\"width\":1599,\"height\":899},{\"@type\":\"BreadcrumbList\",\"@id\":\"https:\/\/www.ine.gob.bo\/index.php\/ine-avanzo-en-36-en-las-pruebas-cualitativas-de-validacion-el-cuestionario-censal\/#breadcrumb\",\"itemListElement\":[{\"@type\":\"ListItem\",\"position\":1,\"name\":\"Portada\",\"item\":\"https:\/\/www.ine.gob.bo\/\"},{\"@type\":\"ListItem\",\"position\":2,\"name\":\"INE avanz\u00f3 en 36% en las pruebas cualitativas de validaci\u00f3n el cuestionario censal\"}]},{\"@type\":\"WebSite\",\"@id\":\"https:\/\/www.ine.gob.bo\/#website\",\"url\":\"https:\/\/www.ine.gob.bo\/\",\"name\":\"INE\",\"description\":\"Instituto Nacional de Estad\u00edstica\",\"publisher\":{\"@id\":\"https:\/\/www.ine.gob.bo\/#organization\"},\"potentialAction\":[{\"@type\":\"SearchAction\",\"target\":{\"@type\":\"EntryPoint\",\"urlTemplate\":\"https:\/\/www.ine.gob.bo\/?s={search_term_string}\"},\"query-input\":\"required name=search_term_string\"}],\"inLanguage\":\"es\"},{\"@type\":\"Organization\",\"@id\":\"https:\/\/www.ine.gob.bo\/#organization\",\"name\":\"Instituto Nacional de Estad\u00edstica\",\"url\":\"https:\/\/www.ine.gob.bo\/\",\"logo\":{\"@type\":\"ImageObject\",\"inLanguage\":\"es\",\"@id\":\"https:\/\/www.ine.gob.bo\/#\/schema\/logo\/image\/\",\"url\":\"https:\/\/www.ine.gob.bo\/wp-content\/uploads\/2026\/02\/logo-ine.jpg\",\"contentUrl\":\"https:\/\/www.ine.gob.bo\/wp-content\/uploads\/2026\/02\/logo-ine.jpg\",\"width\":799,\"height\":453,\"caption\":\"Instituto Nacional de Estad\u00edstica\"},\"image\":{\"@id\":\"https:\/\/www.ine.gob.bo\/#\/schema\/logo\/image\/\"},\"sameAs\":[\"https:\/\/www.facebook.com\/ineboliviaoficial\",\"https:\/\/x.com\/INE_Bolivia\",\"https:\/\/www.instagram.com\/ineboliviaoficial\/\",\"https:\/\/www.youtube.com\/channel\/UCbIQXKLw414g5kWo1tAwqCg\"]},{\"@type\":\"Person\",\"@id\":\"https:\/\/www.ine.gob.bo\/#\/schema\/person\/cd5e3dea21e6634e99cebddcca7540d1\",\"name\":\"Albaro Benedicto Laime Mamani\",\"image\":{\"@type\":\"ImageObject\",\"inLanguage\":\"es\",\"@id\":\"https:\/\/www.ine.gob.bo\/#\/schema\/person\/image\/\",\"url\":\"https:\/\/secure.gravatar.com\/avatar\/450967f1badecac6afbf323d3a06c551f001ee9e5a1094976c96b19cce5b7180?s=96&d=mm&r=g\",\"contentUrl\":\"https:\/\/secure.gravatar.com\/avatar\/450967f1badecac6afbf323d3a06c551f001ee9e5a1094976c96b19cce5b7180?s=96&d=mm&r=g\",\"caption\":\"Albaro Benedicto Laime Mamani\"},\"url\":\"https:\/\/www.ine.gob.bo\/index.php\/author\/alaime\/\"}]}<\/script>\n<!-- \/ Yoast SEO plugin. -->","yoast_head_json":{"title":"INE avanz\u00f3 en 36% en las pruebas cualitativas de validaci\u00f3n el cuestionario censal - INE","description":"P\u00e1gina oficial del Instituto Nacional de Estadistica INE, informaci\u00f3n estad\u00edstica, geogr\u00e1fica y econ\u00f3mica a nivel nacional.","robots":{"index":"index","follow":"follow","max-snippet":"max-snippet:-1","max-image-preview":"max-image-preview:large","max-video-preview":"max-video-preview:-1"},"canonical":"https:\/\/www.ine.gob.bo\/index.php\/ine-avanzo-en-36-en-las-pruebas-cualitativas-de-validacion-el-cuestionario-censal\/","og_locale":"es_ES","og_type":"article","og_title":"INE avanz\u00f3 en 36% en las pruebas cualitativas de validaci\u00f3n el cuestionario censal - INE","og_description":"P\u00e1gina oficial del Instituto Nacional de Estadistica INE, informaci\u00f3n estad\u00edstica, geogr\u00e1fica y econ\u00f3mica a nivel nacional.","og_url":"https:\/\/www.ine.gob.bo\/index.php\/ine-avanzo-en-36-en-las-pruebas-cualitativas-de-validacion-el-cuestionario-censal\/","og_site_name":"INE","article_publisher":"https:\/\/www.facebook.com\/ineboliviaoficial","article_published_time":"2022-10-07T22:00:13+00:00","article_modified_time":"2025-06-23T20:18:41+00:00","og_image":[{"width":1599,"height":899,"url":"https:\/\/www.ine.gob.bo\/wp-content\/uploads\/2022\/10\/1.-Coordinadora-General-del-programa-de-Censo-de-Poblacion-y-Vivienda-CPV-Martha-Oviedo.jpg","type":"image\/jpeg"}],"author":"Albaro Benedicto Laime Mamani","twitter_card":"summary_large_image","twitter_creator":"@INE_Bolivia","twitter_site":"@INE_Bolivia","twitter_misc":{"Escrito por":"Albaro Benedicto Laime Mamani","Tiempo de lectura":"4 minutos"},"schema":{"@context":"https:\/\/schema.org","@graph":[{"@type":"Article","@id":"https:\/\/www.ine.gob.bo\/index.php\/ine-avanzo-en-36-en-las-pruebas-cualitativas-de-validacion-el-cuestionario-censal\/#article","isPartOf":{"@id":"https:\/\/www.ine.gob.bo\/index.php\/ine-avanzo-en-36-en-las-pruebas-cualitativas-de-validacion-el-cuestionario-censal\/"},"author":{"name":"Albaro Benedicto Laime Mamani","@id":"https:\/\/www.ine.gob.bo\/#\/schema\/person\/cd5e3dea21e6634e99cebddcca7540d1"},"headline":"INE avanz\u00f3 en 36% en las pruebas cualitativas de validaci\u00f3n el cuestionario censal","datePublished":"2022-10-07T22:00:13+00:00","dateModified":"2025-06-23T20:18:41+00:00","mainEntityOfPage":{"@id":"https:\/\/www.ine.gob.bo\/index.php\/ine-avanzo-en-36-en-las-pruebas-cualitativas-de-validacion-el-cuestionario-censal\/"},"wordCount":624,"publisher":{"@id":"https:\/\/www.ine.gob.bo\/#organization"},"image":{"@id":"https:\/\/www.ine.gob.bo\/index.php\/ine-avanzo-en-36-en-las-pruebas-cualitativas-de-validacion-el-cuestionario-censal\/#primaryimage"},"thumbnailUrl":"https:\/\/www.ine.gob.bo\/wp-content\/uploads\/2022\/10\/1.-Coordinadora-General-del-programa-de-Censo-de-Poblacion-y-Vivienda-CPV-Martha-Oviedo.jpg","keywords":["INE Noticias"],"articleSection":["INE noticias"],"inLanguage":"es"},{"@type":"WebPage","@id":"https:\/\/www.ine.gob.bo\/index.php\/ine-avanzo-en-36-en-las-pruebas-cualitativas-de-validacion-el-cuestionario-censal\/","url":"https:\/\/www.ine.gob.bo\/index.php\/ine-avanzo-en-36-en-las-pruebas-cualitativas-de-validacion-el-cuestionario-censal\/","name":"INE avanz\u00f3 en 36% en las pruebas cualitativas de validaci\u00f3n el cuestionario censal - INE","isPartOf":{"@id":"https:\/\/www.ine.gob.bo\/#website"},"primaryImageOfPage":{"@id":"https:\/\/www.ine.gob.bo\/index.php\/ine-avanzo-en-36-en-las-pruebas-cualitativas-de-validacion-el-cuestionario-censal\/#primaryimage"},"image":{"@id":"https:\/\/www.ine.gob.bo\/index.php\/ine-avanzo-en-36-en-las-pruebas-cualitativas-de-validacion-el-cuestionario-censal\/#primaryimage"},"thumbnailUrl":"https:\/\/www.ine.gob.bo\/wp-content\/uploads\/2022\/10\/1.-Coordinadora-General-del-programa-de-Censo-de-Poblacion-y-Vivienda-CPV-Martha-Oviedo.jpg","datePublished":"2022-10-07T22:00:13+00:00","dateModified":"2025-06-23T20:18:41+00:00","description":"P\u00e1gina oficial del Instituto Nacional de Estadistica INE, informaci\u00f3n estad\u00edstica, geogr\u00e1fica y econ\u00f3mica a nivel nacional.","breadcrumb":{"@id":"https:\/\/www.ine.gob.bo\/index.php\/ine-avanzo-en-36-en-las-pruebas-cualitativas-de-validacion-el-cuestionario-censal\/#breadcrumb"},"inLanguage":"es","potentialAction":[{"@type":"ReadAction","target":["https:\/\/www.ine.gob.bo\/index.php\/ine-avanzo-en-36-en-las-pruebas-cualitativas-de-validacion-el-cuestionario-censal\/"]}]},{"@type":"ImageObject","inLanguage":"es","@id":"https:\/\/www.ine.gob.bo\/index.php\/ine-avanzo-en-36-en-las-pruebas-cualitativas-de-validacion-el-cuestionario-censal\/#primaryimage","url":"https:\/\/www.ine.gob.bo\/wp-content\/uploads\/2022\/10\/1.-Coordinadora-General-del-programa-de-Censo-de-Poblacion-y-Vivienda-CPV-Martha-Oviedo.jpg","contentUrl":"https:\/\/www.ine.gob.bo\/wp-content\/uploads\/2022\/10\/1.-Coordinadora-General-del-programa-de-Censo-de-Poblacion-y-Vivienda-CPV-Martha-Oviedo.jpg","width":1599,"height":899},{"@type":"BreadcrumbList","@id":"https:\/\/www.ine.gob.bo\/index.php\/ine-avanzo-en-36-en-las-pruebas-cualitativas-de-validacion-el-cuestionario-censal\/#breadcrumb","itemListElement":[{"@type":"ListItem","position":1,"name":"Portada","item":"https:\/\/www.ine.gob.bo\/"},{"@type":"ListItem","position":2,"name":"INE avanz\u00f3 en 36% en las pruebas cualitativas de validaci\u00f3n el cuestionario censal"}]},{"@type":"WebSite","@id":"https:\/\/www.ine.gob.bo\/#website","url":"https:\/\/www.ine.gob.bo\/","name":"INE","description":"Instituto Nacional de Estad\u00edstica","publisher":{"@id":"https:\/\/www.ine.gob.bo\/#organization"},"potentialAction":[{"@type":"SearchAction","target":{"@type":"EntryPoint","urlTemplate":"https:\/\/www.ine.gob.bo\/?s={search_term_string}"},"query-input":"required name=search_term_string"}],"inLanguage":"es"},{"@type":"Organization","@id":"https:\/\/www.ine.gob.bo\/#organization","name":"Instituto Nacional de Estad\u00edstica","url":"https:\/\/www.ine.gob.bo\/","logo":{"@type":"ImageObject","inLanguage":"es","@id":"https:\/\/www.ine.gob.bo\/#\/schema\/logo\/image\/","url":"https:\/\/www.ine.gob.bo\/wp-content\/uploads\/2026\/02\/logo-ine.jpg","contentUrl":"https:\/\/www.ine.gob.bo\/wp-content\/uploads\/2026\/02\/logo-ine.jpg","width":799,"height":453,"caption":"Instituto Nacional de Estad\u00edstica"},"image":{"@id":"https:\/\/www.ine.gob.bo\/#\/schema\/logo\/image\/"},"sameAs":["https:\/\/www.facebook.com\/ineboliviaoficial","https:\/\/x.com\/INE_Bolivia","https:\/\/www.instagram.com\/ineboliviaoficial\/","https:\/\/www.youtube.com\/channel\/UCbIQXKLw414g5kWo1tAwqCg"]},{"@type":"Person","@id":"https:\/\/www.ine.gob.bo\/#\/schema\/person\/cd5e3dea21e6634e99cebddcca7540d1","name":"Albaro Benedicto Laime Mamani","image":{"@type":"ImageObject","inLanguage":"es","@id":"https:\/\/www.ine.gob.bo\/#\/schema\/person\/image\/","url":"https:\/\/secure.gravatar.com\/avatar\/450967f1badecac6afbf323d3a06c551f001ee9e5a1094976c96b19cce5b7180?s=96&d=mm&r=g","contentUrl":"https:\/\/secure.gravatar.com\/avatar\/450967f1badecac6afbf323d3a06c551f001ee9e5a1094976c96b19cce5b7180?s=96&d=mm&r=g","caption":"Albaro Benedicto Laime Mamani"},"url":"https:\/\/www.ine.gob.bo\/index.php\/author\/alaime\/"}]}},"rttpg_featured_image_url":{"full":["https:\/\/www.ine.gob.bo\/wp-content\/uploads\/2022\/10\/1.-Coordinadora-General-del-programa-de-Censo-de-Poblacion-y-Vivienda-CPV-Martha-Oviedo.jpg",1599,899,false],"landscape":["https:\/\/www.ine.gob.bo\/wp-content\/uploads\/2022\/10\/1.-Coordinadora-General-del-programa-de-Censo-de-Poblacion-y-Vivienda-CPV-Martha-Oviedo.jpg",1599,899,false],"portraits":["https:\/\/www.ine.gob.bo\/wp-content\/uploads\/2022\/10\/1.-Coordinadora-General-del-programa-de-Censo-de-Poblacion-y-Vivienda-CPV-Martha-Oviedo.jpg",1599,899,false],"thumbnail":["https:\/\/www.ine.gob.bo\/wp-content\/uploads\/2022\/10\/1.-Coordinadora-General-del-programa-de-Censo-de-Poblacion-y-Vivienda-CPV-Martha-Oviedo-150x150.jpg",150,150,true],"medium":["https:\/\/www.ine.gob.bo\/wp-content\/uploads\/2022\/10\/1.-Coordinadora-General-del-programa-de-Censo-de-Poblacion-y-Vivienda-CPV-Martha-Oviedo-300x169.jpg",300,169,true],"large":["https:\/\/www.ine.gob.bo\/wp-content\/uploads\/2022\/10\/1.-Coordinadora-General-del-programa-de-Censo-de-Poblacion-y-Vivienda-CPV-Martha-Oviedo-1024x576.jpg",1024,576,true],"1536x1536":["https:\/\/www.ine.gob.bo\/wp-content\/uploads\/2022\/10\/1.-Coordinadora-General-del-programa-de-Censo-de-Poblacion-y-Vivienda-CPV-Martha-Oviedo-1536x864.jpg",1536,864,true],"2048x2048":["https:\/\/www.ine.gob.bo\/wp-content\/uploads\/2022\/10\/1.-Coordinadora-General-del-programa-de-Censo-de-Poblacion-y-Vivienda-CPV-Martha-Oviedo.jpg",1599,899,false]},"rttpg_author":{"display_name":"Albaro Benedicto Laime Mamani","author_link":"https:\/\/www.ine.gob.bo\/index.php\/author\/alaime\/"},"rttpg_comment":0,"rttpg_category":"<a href=\"https:\/\/www.ine.gob.bo\/index.php\/category\/ine-noticias\/\" rel=\"category tag\">INE noticias<\/a>","rttpg_excerpt":"[vc_row][vc_column][vc_column_text] La Paz, 7 de octubre de 2022 (INE). \u2013 Ante afirmaciones que cuestionan el avance del cuestionario censal, el Instituto Nacional de Estad\u00edstica (INE) informa que a la fecha se encuentra realizando las pruebas cualitativas y an\u00e1lisis del mismo, por lo que se tiene un avance del 36% en esta etapa. \u201cLo que estamos&hellip;","_links":{"self":[{"href":"https:\/\/www.ine.gob.bo\/index.php\/wp-json\/wp\/v2\/posts\/58941","targetHints":{"allow":["GET"]}}],"collection":[{"href":"https:\/\/www.ine.gob.bo\/index.php\/wp-json\/wp\/v2\/posts"}],"about":[{"href":"https:\/\/www.ine.gob.bo\/index.php\/wp-json\/wp\/v2\/types\/post"}],"author":[{"embeddable":true,"href":"https:\/\/www.ine.gob.bo\/index.php\/wp-json\/wp\/v2\/users\/19"}],"replies":[{"embeddable":true,"href":"https:\/\/www.ine.gob.bo\/index.php\/wp-json\/wp\/v2\/comments?post=58941"}],"version-history":[{"count":0,"href":"https:\/\/www.ine.gob.bo\/index.php\/wp-json\/wp\/v2\/posts\/58941\/revisions"}],"wp:featuredmedia":[{"embeddable":true,"href":"https:\/\/www.ine.gob.bo\/index.php\/wp-json\/wp\/v2\/media\/58942"}],"wp:attachment":[{"href":"https:\/\/www.ine.gob.bo\/index.php\/wp-json\/wp\/v2\/media?parent=58941"}],"wp:term":[{"taxonomy":"category","embeddable":true,"href":"https:\/\/www.ine.gob.bo\/index.php\/wp-json\/wp\/v2\/categories?post=58941"},{"taxonomy":"post_tag","embeddable":true,"href":"https:\/\/www.ine.gob.bo\/index.php\/wp-json\/wp\/v2\/tags?post=58941"}],"curies":[{"name":"wp","href":"https:\/\/api.w.org\/{rel}","templated":true}]}}