{"id":58668,"date":"2022-09-26T18:00:25","date_gmt":"2022-09-26T22:00:25","guid":{"rendered":"https:\/\/www.ine.gob.bo\/?p=58668"},"modified":"2025-06-24T10:09:26","modified_gmt":"2025-06-24T14:09:26","slug":"la-actualizacion-cartografica-estadistica-avanza-en-el-distrito-5-de-sucre","status":"publish","type":"post","link":"https:\/\/www.ine.gob.bo\/index.php\/la-actualizacion-cartografica-estadistica-avanza-en-el-distrito-5-de-sucre\/","title":{"rendered":"La Actualizaci\u00f3n Cartogr\u00e1fica Estad\u00edstica avanza en el distrito 5 de Sucre"},"content":{"rendered":"<p>[vc_row][vc_column][vc_column_text]<\/p>\r\n<p><strong>Sucre, 26 de septiembre de 2022 (INE).\u2013 <\/strong>A casi un mes del comienzo de la Actualizaci\u00f3n Cartogr\u00e1fica Estad\u00edstica (ACE) en Chuquisaca, el Instituto Nacional de Estad\u00edstica (INE) contin\u00faa llevando informaci\u00f3n de la importancia de este operativo de campo a los diferentes distritos. En esta oportunidad, la Casa Municipal de Azari fue escenario de un taller informativo dirigido a los representantes de los barrios del distrito municipal 5.<\/p>\r\n<p>El encargado departamental del INE Chuquisaca, Grover Serrudo, socializ\u00f3 a los miembros de la directiva del Consejo Distrital y a los presidentes de las juntas vecinales del distrito 5 la importancia del trabajo que vienen desarrollando las 17 brigadas de actualizadores que recorren las calles y zonas de la ciudad blanca y que durante este mes abarcar\u00e1n el mencionado distrito.<\/p>\r\n<p>\u201cEs de suma importancia que, los vecinos participen de esta actualizaci\u00f3n y que brinden informaci\u00f3n fidedigna porque la misma servir\u00e1 para que se tenga el material y el personal preciso para la realizaci\u00f3n del Censo\u201d mencion\u00f3 Serrudo.<\/p>\r\n<p>La ACE corresponde a una tarea pre censal que consiste en la recopilaci\u00f3n de informaci\u00f3n sobre la vivienda, el n\u00famero de ocupantes y si en el mismo ambiente funciona una actividad econ\u00f3mica u otros hogares. Esta informaci\u00f3n permitir\u00e1 la planificaci\u00f3n y organizaci\u00f3n de la log\u00edstica y as\u00ed tambi\u00e9n determinar el n\u00famero de cuestionarios y censistas voluntarios necesarios para el pr\u00f3ximo Censo de Poblaci\u00f3n y Vivienda.<\/p>\r\n<p>Ante la importancia de este operativo de campo, Serrudo convoc\u00f3 a los dirigentes vecinales a transmitir la informaci\u00f3n a los vecinos para que abran las puertas a los actualizadores y colaboren brindando la informaci\u00f3n requerida por los actualizadores.<\/p>\r\n<p>&nbsp;<\/p>\r\n<p style=\"text-align: center;\"><em><img loading=\"lazy\" decoding=\"async\" class=\"aligncenter wp-image-58672 size-large\" src=\"https:\/\/www.ine.gob.bo\/wp-content\/uploads\/2022\/09\/1.-Reunion-de-socializacion-a-los-representantes-de-los-barrios-del-distrito-5-Sucre-1024x461.jpg\" alt=\"\" width=\"1024\" height=\"461\" srcset=\"https:\/\/www.ine.gob.bo\/wp-content\/uploads\/2022\/09\/1.-Reunion-de-socializacion-a-los-representantes-de-los-barrios-del-distrito-5-Sucre-1024x461.jpg 1024w, https:\/\/www.ine.gob.bo\/wp-content\/uploads\/2022\/09\/1.-Reunion-de-socializacion-a-los-representantes-de-los-barrios-del-distrito-5-Sucre-300x135.jpg 300w, https:\/\/www.ine.gob.bo\/wp-content\/uploads\/2022\/09\/1.-Reunion-de-socializacion-a-los-representantes-de-los-barrios-del-distrito-5-Sucre-768x346.jpg 768w, https:\/\/www.ine.gob.bo\/wp-content\/uploads\/2022\/09\/1.-Reunion-de-socializacion-a-los-representantes-de-los-barrios-del-distrito-5-Sucre.jpg 1213w\" sizes=\"auto, (max-width: 1024px) 100vw, 1024px\" \/><\/em><\/p>\r\n<p style=\"text-align: center;\"><em>Reuni\u00f3n de socializaci\u00f3n a los representantes de los barrios del distrito 5, Sucre.<\/em><\/p>\r\n<p>&nbsp;<\/p>\r\n<p><img loading=\"lazy\" decoding=\"async\" class=\"aligncenter wp-image-58673 size-large\" src=\"https:\/\/www.ine.gob.bo\/wp-content\/uploads\/2022\/09\/2.-Se-convoco-a-las-autoridades-vecinales-a-replicar-la-informacion-1024x461.jpg\" alt=\"\" width=\"1024\" height=\"461\" srcset=\"https:\/\/www.ine.gob.bo\/wp-content\/uploads\/2022\/09\/2.-Se-convoco-a-las-autoridades-vecinales-a-replicar-la-informacion-1024x461.jpg 1024w, https:\/\/www.ine.gob.bo\/wp-content\/uploads\/2022\/09\/2.-Se-convoco-a-las-autoridades-vecinales-a-replicar-la-informacion-300x135.jpg 300w, https:\/\/www.ine.gob.bo\/wp-content\/uploads\/2022\/09\/2.-Se-convoco-a-las-autoridades-vecinales-a-replicar-la-informacion-768x346.jpg 768w, https:\/\/www.ine.gob.bo\/wp-content\/uploads\/2022\/09\/2.-Se-convoco-a-las-autoridades-vecinales-a-replicar-la-informacion.jpg 1319w\" sizes=\"auto, (max-width: 1024px) 100vw, 1024px\" \/><\/p>\r\n<p style=\"text-align: center;\"><em>Se convoc\u00f3 a las autoridades vecinales a replicar la informaci\u00f3n.<\/em><\/p>\r\n<p>&nbsp;<\/p>\r\n<p class=\"has-text-align-center\" style=\"text-align: center;\"><strong><em>Unidad de Difusi\u00f3n y Comunicaci\u00f3n<\/em><br \/>INSTITUTO NACIONAL DE ESTAD\u00cdSTICA<\/strong><\/p>\r\n<p class=\"has-text-align-center\"><!-- \/wp:post-content --><\/p>\r\n<p><!-- wp:paragraph --><a href=\"https:\/\/nimbus.ine.gob.bo\/index.php\/s\/nQwyF5k2otRgE3A\/download\">Descargar Nota de Prensa<\/a><\/p>\r\n<p class=\"has-text-align-center\"><!-- \/wp:paragraph --><\/p>\r\n<p class=\"has-text-align-center\"><!-- wp:separator --><\/p>\r\n<hr class=\"wp-block-separator\" \/>\r\n<p class=\"has-text-align-center\"><!-- \/wp:separator --><\/p>\r\n<p class=\"has-text-align-center\"><!-- wp:paragraph {\"align\":\"right\"} --><\/p>\r\n<p class=\"has-text-align-right\"><strong><em>Entidad dependiente del Ministerio de Planificaci\u00f3n del Desarrollo<\/em><\/strong><\/p>\r\n<p class=\"has-text-align-center\"><!-- \/wp:paragraph --><\/p>\r\n<p>&nbsp;<\/p>\r\n<p>[\/vc_column_text][\/vc_column][\/vc_row]<\/p>","protected":false},"excerpt":{"rendered":"<p>[vc_row][vc_column][vc_column_text] Sucre, 26 de septiembre de 2022 (INE).\u2013 A casi un mes del comienzo de la Actualizaci\u00f3n Cartogr\u00e1fica Estad\u00edstica (ACE) en Chuquisaca, el Instituto Nacional de Estad\u00edstica (INE) contin\u00faa llevando informaci\u00f3n de la importancia de este operativo de campo a los diferentes distritos. En esta oportunidad, la Casa Municipal de Azari fue escenario de un&hellip;<\/p>\n","protected":false},"author":19,"featured_media":58672,"comment_status":"closed","ping_status":"open","sticky":false,"template":"","format":"standard","meta":[],"categories":[158],"tags":[52],"class_list":["post-58668","post","type-post","status-publish","format-standard","has-post-thumbnail","hentry","category-ine-noticias","tag-ine-noticias","category-158","description-off"],"yoast_head":"<!-- This site is optimized with the Yoast SEO plugin v23.2 - https:\/\/yoast.com\/wordpress\/plugins\/seo\/ -->\n<title>La Actualizaci\u00f3n Cartogr\u00e1fica Estad\u00edstica avanza en el distrito 5 de Sucre - INE<\/title>\n<meta name=\"description\" content=\"P\u00e1gina oficial del Instituto Nacional de Estadistica INE, informaci\u00f3n estad\u00edstica, geogr\u00e1fica y econ\u00f3mica a nivel nacional.\" \/>\n<meta name=\"robots\" content=\"index, follow, max-snippet:-1, max-image-preview:large, max-video-preview:-1\" \/>\n<link rel=\"canonical\" href=\"https:\/\/www.ine.gob.bo\/index.php\/la-actualizacion-cartografica-estadistica-avanza-en-el-distrito-5-de-sucre\/\" \/>\n<meta property=\"og:locale\" content=\"es_ES\" \/>\n<meta property=\"og:type\" content=\"article\" \/>\n<meta property=\"og:title\" content=\"La Actualizaci\u00f3n Cartogr\u00e1fica Estad\u00edstica avanza en el distrito 5 de Sucre - INE\" \/>\n<meta property=\"og:description\" content=\"P\u00e1gina oficial del Instituto Nacional de Estadistica INE, informaci\u00f3n estad\u00edstica, geogr\u00e1fica y econ\u00f3mica a nivel nacional.\" \/>\n<meta property=\"og:url\" content=\"https:\/\/www.ine.gob.bo\/index.php\/la-actualizacion-cartografica-estadistica-avanza-en-el-distrito-5-de-sucre\/\" \/>\n<meta property=\"og:site_name\" content=\"INE\" \/>\n<meta property=\"article:publisher\" content=\"https:\/\/www.facebook.com\/ineboliviaoficial\" \/>\n<meta property=\"article:published_time\" content=\"2022-09-26T22:00:25+00:00\" \/>\n<meta property=\"article:modified_time\" content=\"2025-06-24T14:09:26+00:00\" \/>\n<meta property=\"og:image\" content=\"https:\/\/www.ine.gob.bo\/wp-content\/uploads\/2022\/09\/1.-Reunion-de-socializacion-a-los-representantes-de-los-barrios-del-distrito-5-Sucre.jpg\" \/>\n\t<meta property=\"og:image:width\" content=\"1213\" \/>\n\t<meta property=\"og:image:height\" content=\"546\" \/>\n\t<meta property=\"og:image:type\" content=\"image\/jpeg\" \/>\n<meta name=\"author\" content=\"Albaro Benedicto Laime Mamani\" \/>\n<meta name=\"twitter:card\" content=\"summary_large_image\" \/>\n<meta name=\"twitter:creator\" content=\"@INE_Bolivia\" \/>\n<meta name=\"twitter:site\" content=\"@INE_Bolivia\" \/>\n<meta name=\"twitter:label1\" content=\"Escrito por\" \/>\n\t<meta name=\"twitter:data1\" content=\"Albaro Benedicto Laime Mamani\" \/>\n\t<meta name=\"twitter:label2\" content=\"Tiempo de lectura\" \/>\n\t<meta name=\"twitter:data2\" content=\"3 minutos\" \/>\n<script type=\"application\/ld+json\" class=\"yoast-schema-graph\">{\"@context\":\"https:\/\/schema.org\",\"@graph\":[{\"@type\":\"Article\",\"@id\":\"https:\/\/www.ine.gob.bo\/index.php\/la-actualizacion-cartografica-estadistica-avanza-en-el-distrito-5-de-sucre\/#article\",\"isPartOf\":{\"@id\":\"https:\/\/www.ine.gob.bo\/index.php\/la-actualizacion-cartografica-estadistica-avanza-en-el-distrito-5-de-sucre\/\"},\"author\":{\"name\":\"Albaro Benedicto Laime Mamani\",\"@id\":\"https:\/\/www.ine.gob.bo\/#\/schema\/person\/cd5e3dea21e6634e99cebddcca7540d1\"},\"headline\":\"La Actualizaci\u00f3n Cartogr\u00e1fica Estad\u00edstica avanza en el distrito 5 de Sucre\",\"datePublished\":\"2022-09-26T22:00:25+00:00\",\"dateModified\":\"2025-06-24T14:09:26+00:00\",\"mainEntityOfPage\":{\"@id\":\"https:\/\/www.ine.gob.bo\/index.php\/la-actualizacion-cartografica-estadistica-avanza-en-el-distrito-5-de-sucre\/\"},\"wordCount\":367,\"publisher\":{\"@id\":\"https:\/\/www.ine.gob.bo\/#organization\"},\"image\":{\"@id\":\"https:\/\/www.ine.gob.bo\/index.php\/la-actualizacion-cartografica-estadistica-avanza-en-el-distrito-5-de-sucre\/#primaryimage\"},\"thumbnailUrl\":\"https:\/\/www.ine.gob.bo\/wp-content\/uploads\/2022\/09\/1.-Reunion-de-socializacion-a-los-representantes-de-los-barrios-del-distrito-5-Sucre.jpg\",\"keywords\":[\"INE Noticias\"],\"articleSection\":[\"INE noticias\"],\"inLanguage\":\"es\"},{\"@type\":\"WebPage\",\"@id\":\"https:\/\/www.ine.gob.bo\/index.php\/la-actualizacion-cartografica-estadistica-avanza-en-el-distrito-5-de-sucre\/\",\"url\":\"https:\/\/www.ine.gob.bo\/index.php\/la-actualizacion-cartografica-estadistica-avanza-en-el-distrito-5-de-sucre\/\",\"name\":\"La Actualizaci\u00f3n Cartogr\u00e1fica Estad\u00edstica avanza en el distrito 5 de Sucre - INE\",\"isPartOf\":{\"@id\":\"https:\/\/www.ine.gob.bo\/#website\"},\"primaryImageOfPage\":{\"@id\":\"https:\/\/www.ine.gob.bo\/index.php\/la-actualizacion-cartografica-estadistica-avanza-en-el-distrito-5-de-sucre\/#primaryimage\"},\"image\":{\"@id\":\"https:\/\/www.ine.gob.bo\/index.php\/la-actualizacion-cartografica-estadistica-avanza-en-el-distrito-5-de-sucre\/#primaryimage\"},\"thumbnailUrl\":\"https:\/\/www.ine.gob.bo\/wp-content\/uploads\/2022\/09\/1.-Reunion-de-socializacion-a-los-representantes-de-los-barrios-del-distrito-5-Sucre.jpg\",\"datePublished\":\"2022-09-26T22:00:25+00:00\",\"dateModified\":\"2025-06-24T14:09:26+00:00\",\"description\":\"P\u00e1gina oficial del Instituto Nacional de Estadistica INE, informaci\u00f3n estad\u00edstica, geogr\u00e1fica y econ\u00f3mica a nivel nacional.\",\"breadcrumb\":{\"@id\":\"https:\/\/www.ine.gob.bo\/index.php\/la-actualizacion-cartografica-estadistica-avanza-en-el-distrito-5-de-sucre\/#breadcrumb\"},\"inLanguage\":\"es\",\"potentialAction\":[{\"@type\":\"ReadAction\",\"target\":[\"https:\/\/www.ine.gob.bo\/index.php\/la-actualizacion-cartografica-estadistica-avanza-en-el-distrito-5-de-sucre\/\"]}]},{\"@type\":\"ImageObject\",\"inLanguage\":\"es\",\"@id\":\"https:\/\/www.ine.gob.bo\/index.php\/la-actualizacion-cartografica-estadistica-avanza-en-el-distrito-5-de-sucre\/#primaryimage\",\"url\":\"https:\/\/www.ine.gob.bo\/wp-content\/uploads\/2022\/09\/1.-Reunion-de-socializacion-a-los-representantes-de-los-barrios-del-distrito-5-Sucre.jpg\",\"contentUrl\":\"https:\/\/www.ine.gob.bo\/wp-content\/uploads\/2022\/09\/1.-Reunion-de-socializacion-a-los-representantes-de-los-barrios-del-distrito-5-Sucre.jpg\",\"width\":1213,\"height\":546},{\"@type\":\"BreadcrumbList\",\"@id\":\"https:\/\/www.ine.gob.bo\/index.php\/la-actualizacion-cartografica-estadistica-avanza-en-el-distrito-5-de-sucre\/#breadcrumb\",\"itemListElement\":[{\"@type\":\"ListItem\",\"position\":1,\"name\":\"Portada\",\"item\":\"https:\/\/www.ine.gob.bo\/\"},{\"@type\":\"ListItem\",\"position\":2,\"name\":\"La Actualizaci\u00f3n Cartogr\u00e1fica Estad\u00edstica avanza en el distrito 5 de Sucre\"}]},{\"@type\":\"WebSite\",\"@id\":\"https:\/\/www.ine.gob.bo\/#website\",\"url\":\"https:\/\/www.ine.gob.bo\/\",\"name\":\"INE\",\"description\":\"Instituto Nacional de Estad\u00edstica\",\"publisher\":{\"@id\":\"https:\/\/www.ine.gob.bo\/#organization\"},\"potentialAction\":[{\"@type\":\"SearchAction\",\"target\":{\"@type\":\"EntryPoint\",\"urlTemplate\":\"https:\/\/www.ine.gob.bo\/?s={search_term_string}\"},\"query-input\":\"required name=search_term_string\"}],\"inLanguage\":\"es\"},{\"@type\":\"Organization\",\"@id\":\"https:\/\/www.ine.gob.bo\/#organization\",\"name\":\"Instituto Nacional de Estad\u00edstica\",\"url\":\"https:\/\/www.ine.gob.bo\/\",\"logo\":{\"@type\":\"ImageObject\",\"inLanguage\":\"es\",\"@id\":\"https:\/\/www.ine.gob.bo\/#\/schema\/logo\/image\/\",\"url\":\"https:\/\/www.ine.gob.bo\/wp-content\/uploads\/2026\/02\/logo-ine.jpg\",\"contentUrl\":\"https:\/\/www.ine.gob.bo\/wp-content\/uploads\/2026\/02\/logo-ine.jpg\",\"width\":799,\"height\":453,\"caption\":\"Instituto Nacional de Estad\u00edstica\"},\"image\":{\"@id\":\"https:\/\/www.ine.gob.bo\/#\/schema\/logo\/image\/\"},\"sameAs\":[\"https:\/\/www.facebook.com\/ineboliviaoficial\",\"https:\/\/x.com\/INE_Bolivia\",\"https:\/\/www.instagram.com\/ineboliviaoficial\/\",\"https:\/\/www.youtube.com\/channel\/UCbIQXKLw414g5kWo1tAwqCg\"]},{\"@type\":\"Person\",\"@id\":\"https:\/\/www.ine.gob.bo\/#\/schema\/person\/cd5e3dea21e6634e99cebddcca7540d1\",\"name\":\"Albaro Benedicto Laime Mamani\",\"image\":{\"@type\":\"ImageObject\",\"inLanguage\":\"es\",\"@id\":\"https:\/\/www.ine.gob.bo\/#\/schema\/person\/image\/\",\"url\":\"https:\/\/secure.gravatar.com\/avatar\/450967f1badecac6afbf323d3a06c551f001ee9e5a1094976c96b19cce5b7180?s=96&d=mm&r=g\",\"contentUrl\":\"https:\/\/secure.gravatar.com\/avatar\/450967f1badecac6afbf323d3a06c551f001ee9e5a1094976c96b19cce5b7180?s=96&d=mm&r=g\",\"caption\":\"Albaro Benedicto Laime Mamani\"},\"url\":\"https:\/\/www.ine.gob.bo\/index.php\/author\/alaime\/\"}]}<\/script>\n<!-- \/ Yoast SEO plugin. -->","yoast_head_json":{"title":"La Actualizaci\u00f3n Cartogr\u00e1fica Estad\u00edstica avanza en el distrito 5 de Sucre - INE","description":"P\u00e1gina oficial del Instituto Nacional de Estadistica INE, informaci\u00f3n estad\u00edstica, geogr\u00e1fica y econ\u00f3mica a nivel nacional.","robots":{"index":"index","follow":"follow","max-snippet":"max-snippet:-1","max-image-preview":"max-image-preview:large","max-video-preview":"max-video-preview:-1"},"canonical":"https:\/\/www.ine.gob.bo\/index.php\/la-actualizacion-cartografica-estadistica-avanza-en-el-distrito-5-de-sucre\/","og_locale":"es_ES","og_type":"article","og_title":"La Actualizaci\u00f3n Cartogr\u00e1fica Estad\u00edstica avanza en el distrito 5 de Sucre - INE","og_description":"P\u00e1gina oficial del Instituto Nacional de Estadistica INE, informaci\u00f3n estad\u00edstica, geogr\u00e1fica y econ\u00f3mica a nivel nacional.","og_url":"https:\/\/www.ine.gob.bo\/index.php\/la-actualizacion-cartografica-estadistica-avanza-en-el-distrito-5-de-sucre\/","og_site_name":"INE","article_publisher":"https:\/\/www.facebook.com\/ineboliviaoficial","article_published_time":"2022-09-26T22:00:25+00:00","article_modified_time":"2025-06-24T14:09:26+00:00","og_image":[{"width":1213,"height":546,"url":"https:\/\/www.ine.gob.bo\/wp-content\/uploads\/2022\/09\/1.-Reunion-de-socializacion-a-los-representantes-de-los-barrios-del-distrito-5-Sucre.jpg","type":"image\/jpeg"}],"author":"Albaro Benedicto Laime Mamani","twitter_card":"summary_large_image","twitter_creator":"@INE_Bolivia","twitter_site":"@INE_Bolivia","twitter_misc":{"Escrito por":"Albaro Benedicto Laime Mamani","Tiempo de lectura":"3 minutos"},"schema":{"@context":"https:\/\/schema.org","@graph":[{"@type":"Article","@id":"https:\/\/www.ine.gob.bo\/index.php\/la-actualizacion-cartografica-estadistica-avanza-en-el-distrito-5-de-sucre\/#article","isPartOf":{"@id":"https:\/\/www.ine.gob.bo\/index.php\/la-actualizacion-cartografica-estadistica-avanza-en-el-distrito-5-de-sucre\/"},"author":{"name":"Albaro Benedicto Laime Mamani","@id":"https:\/\/www.ine.gob.bo\/#\/schema\/person\/cd5e3dea21e6634e99cebddcca7540d1"},"headline":"La Actualizaci\u00f3n Cartogr\u00e1fica Estad\u00edstica avanza en el distrito 5 de Sucre","datePublished":"2022-09-26T22:00:25+00:00","dateModified":"2025-06-24T14:09:26+00:00","mainEntityOfPage":{"@id":"https:\/\/www.ine.gob.bo\/index.php\/la-actualizacion-cartografica-estadistica-avanza-en-el-distrito-5-de-sucre\/"},"wordCount":367,"publisher":{"@id":"https:\/\/www.ine.gob.bo\/#organization"},"image":{"@id":"https:\/\/www.ine.gob.bo\/index.php\/la-actualizacion-cartografica-estadistica-avanza-en-el-distrito-5-de-sucre\/#primaryimage"},"thumbnailUrl":"https:\/\/www.ine.gob.bo\/wp-content\/uploads\/2022\/09\/1.-Reunion-de-socializacion-a-los-representantes-de-los-barrios-del-distrito-5-Sucre.jpg","keywords":["INE Noticias"],"articleSection":["INE noticias"],"inLanguage":"es"},{"@type":"WebPage","@id":"https:\/\/www.ine.gob.bo\/index.php\/la-actualizacion-cartografica-estadistica-avanza-en-el-distrito-5-de-sucre\/","url":"https:\/\/www.ine.gob.bo\/index.php\/la-actualizacion-cartografica-estadistica-avanza-en-el-distrito-5-de-sucre\/","name":"La Actualizaci\u00f3n Cartogr\u00e1fica Estad\u00edstica avanza en el distrito 5 de Sucre - INE","isPartOf":{"@id":"https:\/\/www.ine.gob.bo\/#website"},"primaryImageOfPage":{"@id":"https:\/\/www.ine.gob.bo\/index.php\/la-actualizacion-cartografica-estadistica-avanza-en-el-distrito-5-de-sucre\/#primaryimage"},"image":{"@id":"https:\/\/www.ine.gob.bo\/index.php\/la-actualizacion-cartografica-estadistica-avanza-en-el-distrito-5-de-sucre\/#primaryimage"},"thumbnailUrl":"https:\/\/www.ine.gob.bo\/wp-content\/uploads\/2022\/09\/1.-Reunion-de-socializacion-a-los-representantes-de-los-barrios-del-distrito-5-Sucre.jpg","datePublished":"2022-09-26T22:00:25+00:00","dateModified":"2025-06-24T14:09:26+00:00","description":"P\u00e1gina oficial del Instituto Nacional de Estadistica INE, informaci\u00f3n estad\u00edstica, geogr\u00e1fica y econ\u00f3mica a nivel nacional.","breadcrumb":{"@id":"https:\/\/www.ine.gob.bo\/index.php\/la-actualizacion-cartografica-estadistica-avanza-en-el-distrito-5-de-sucre\/#breadcrumb"},"inLanguage":"es","potentialAction":[{"@type":"ReadAction","target":["https:\/\/www.ine.gob.bo\/index.php\/la-actualizacion-cartografica-estadistica-avanza-en-el-distrito-5-de-sucre\/"]}]},{"@type":"ImageObject","inLanguage":"es","@id":"https:\/\/www.ine.gob.bo\/index.php\/la-actualizacion-cartografica-estadistica-avanza-en-el-distrito-5-de-sucre\/#primaryimage","url":"https:\/\/www.ine.gob.bo\/wp-content\/uploads\/2022\/09\/1.-Reunion-de-socializacion-a-los-representantes-de-los-barrios-del-distrito-5-Sucre.jpg","contentUrl":"https:\/\/www.ine.gob.bo\/wp-content\/uploads\/2022\/09\/1.-Reunion-de-socializacion-a-los-representantes-de-los-barrios-del-distrito-5-Sucre.jpg","width":1213,"height":546},{"@type":"BreadcrumbList","@id":"https:\/\/www.ine.gob.bo\/index.php\/la-actualizacion-cartografica-estadistica-avanza-en-el-distrito-5-de-sucre\/#breadcrumb","itemListElement":[{"@type":"ListItem","position":1,"name":"Portada","item":"https:\/\/www.ine.gob.bo\/"},{"@type":"ListItem","position":2,"name":"La Actualizaci\u00f3n Cartogr\u00e1fica Estad\u00edstica avanza en el distrito 5 de Sucre"}]},{"@type":"WebSite","@id":"https:\/\/www.ine.gob.bo\/#website","url":"https:\/\/www.ine.gob.bo\/","name":"INE","description":"Instituto Nacional de Estad\u00edstica","publisher":{"@id":"https:\/\/www.ine.gob.bo\/#organization"},"potentialAction":[{"@type":"SearchAction","target":{"@type":"EntryPoint","urlTemplate":"https:\/\/www.ine.gob.bo\/?s={search_term_string}"},"query-input":"required name=search_term_string"}],"inLanguage":"es"},{"@type":"Organization","@id":"https:\/\/www.ine.gob.bo\/#organization","name":"Instituto Nacional de Estad\u00edstica","url":"https:\/\/www.ine.gob.bo\/","logo":{"@type":"ImageObject","inLanguage":"es","@id":"https:\/\/www.ine.gob.bo\/#\/schema\/logo\/image\/","url":"https:\/\/www.ine.gob.bo\/wp-content\/uploads\/2026\/02\/logo-ine.jpg","contentUrl":"https:\/\/www.ine.gob.bo\/wp-content\/uploads\/2026\/02\/logo-ine.jpg","width":799,"height":453,"caption":"Instituto Nacional de Estad\u00edstica"},"image":{"@id":"https:\/\/www.ine.gob.bo\/#\/schema\/logo\/image\/"},"sameAs":["https:\/\/www.facebook.com\/ineboliviaoficial","https:\/\/x.com\/INE_Bolivia","https:\/\/www.instagram.com\/ineboliviaoficial\/","https:\/\/www.youtube.com\/channel\/UCbIQXKLw414g5kWo1tAwqCg"]},{"@type":"Person","@id":"https:\/\/www.ine.gob.bo\/#\/schema\/person\/cd5e3dea21e6634e99cebddcca7540d1","name":"Albaro Benedicto Laime Mamani","image":{"@type":"ImageObject","inLanguage":"es","@id":"https:\/\/www.ine.gob.bo\/#\/schema\/person\/image\/","url":"https:\/\/secure.gravatar.com\/avatar\/450967f1badecac6afbf323d3a06c551f001ee9e5a1094976c96b19cce5b7180?s=96&d=mm&r=g","contentUrl":"https:\/\/secure.gravatar.com\/avatar\/450967f1badecac6afbf323d3a06c551f001ee9e5a1094976c96b19cce5b7180?s=96&d=mm&r=g","caption":"Albaro Benedicto Laime Mamani"},"url":"https:\/\/www.ine.gob.bo\/index.php\/author\/alaime\/"}]}},"rttpg_featured_image_url":{"full":["https:\/\/www.ine.gob.bo\/wp-content\/uploads\/2022\/09\/1.-Reunion-de-socializacion-a-los-representantes-de-los-barrios-del-distrito-5-Sucre.jpg",1213,546,false],"landscape":["https:\/\/www.ine.gob.bo\/wp-content\/uploads\/2022\/09\/1.-Reunion-de-socializacion-a-los-representantes-de-los-barrios-del-distrito-5-Sucre.jpg",1213,546,false],"portraits":["https:\/\/www.ine.gob.bo\/wp-content\/uploads\/2022\/09\/1.-Reunion-de-socializacion-a-los-representantes-de-los-barrios-del-distrito-5-Sucre.jpg",1213,546,false],"thumbnail":["https:\/\/www.ine.gob.bo\/wp-content\/uploads\/2022\/09\/1.-Reunion-de-socializacion-a-los-representantes-de-los-barrios-del-distrito-5-Sucre-150x150.jpg",150,150,true],"medium":["https:\/\/www.ine.gob.bo\/wp-content\/uploads\/2022\/09\/1.-Reunion-de-socializacion-a-los-representantes-de-los-barrios-del-distrito-5-Sucre-300x135.jpg",300,135,true],"large":["https:\/\/www.ine.gob.bo\/wp-content\/uploads\/2022\/09\/1.-Reunion-de-socializacion-a-los-representantes-de-los-barrios-del-distrito-5-Sucre-1024x461.jpg",1024,461,true],"1536x1536":["https:\/\/www.ine.gob.bo\/wp-content\/uploads\/2022\/09\/1.-Reunion-de-socializacion-a-los-representantes-de-los-barrios-del-distrito-5-Sucre.jpg",1213,546,false],"2048x2048":["https:\/\/www.ine.gob.bo\/wp-content\/uploads\/2022\/09\/1.-Reunion-de-socializacion-a-los-representantes-de-los-barrios-del-distrito-5-Sucre.jpg",1213,546,false]},"rttpg_author":{"display_name":"Albaro Benedicto Laime Mamani","author_link":"https:\/\/www.ine.gob.bo\/index.php\/author\/alaime\/"},"rttpg_comment":0,"rttpg_category":"<a href=\"https:\/\/www.ine.gob.bo\/index.php\/category\/ine-noticias\/\" rel=\"category tag\">INE noticias<\/a>","rttpg_excerpt":"[vc_row][vc_column][vc_column_text] Sucre, 26 de septiembre de 2022 (INE).\u2013 A casi un mes del comienzo de la Actualizaci\u00f3n Cartogr\u00e1fica Estad\u00edstica (ACE) en Chuquisaca, el Instituto Nacional de Estad\u00edstica (INE) contin\u00faa llevando informaci\u00f3n de la importancia de este operativo de campo a los diferentes distritos. En esta oportunidad, la Casa Municipal de Azari fue escenario de un&hellip;","_links":{"self":[{"href":"https:\/\/www.ine.gob.bo\/index.php\/wp-json\/wp\/v2\/posts\/58668","targetHints":{"allow":["GET"]}}],"collection":[{"href":"https:\/\/www.ine.gob.bo\/index.php\/wp-json\/wp\/v2\/posts"}],"about":[{"href":"https:\/\/www.ine.gob.bo\/index.php\/wp-json\/wp\/v2\/types\/post"}],"author":[{"embeddable":true,"href":"https:\/\/www.ine.gob.bo\/index.php\/wp-json\/wp\/v2\/users\/19"}],"replies":[{"embeddable":true,"href":"https:\/\/www.ine.gob.bo\/index.php\/wp-json\/wp\/v2\/comments?post=58668"}],"version-history":[{"count":0,"href":"https:\/\/www.ine.gob.bo\/index.php\/wp-json\/wp\/v2\/posts\/58668\/revisions"}],"wp:featuredmedia":[{"embeddable":true,"href":"https:\/\/www.ine.gob.bo\/index.php\/wp-json\/wp\/v2\/media\/58672"}],"wp:attachment":[{"href":"https:\/\/www.ine.gob.bo\/index.php\/wp-json\/wp\/v2\/media?parent=58668"}],"wp:term":[{"taxonomy":"category","embeddable":true,"href":"https:\/\/www.ine.gob.bo\/index.php\/wp-json\/wp\/v2\/categories?post=58668"},{"taxonomy":"post_tag","embeddable":true,"href":"https:\/\/www.ine.gob.bo\/index.php\/wp-json\/wp\/v2\/tags?post=58668"}],"curies":[{"name":"wp","href":"https:\/\/api.w.org\/{rel}","templated":true}]}}