{"id":58396,"date":"2022-09-09T18:03:20","date_gmt":"2022-09-09T22:03:20","guid":{"rendered":"https:\/\/www.ine.gob.bo\/?p=58396"},"modified":"2025-06-24T15:12:48","modified_gmt":"2025-06-24T19:12:48","slug":"la-pregunta-sobre-la-cedula-de-identidad-se-basa-en-criterios-tecnicos-y-recomendaciones-internacionales","status":"publish","type":"post","link":"https:\/\/www.ine.gob.bo\/index.php\/la-pregunta-sobre-la-cedula-de-identidad-se-basa-en-criterios-tecnicos-y-recomendaciones-internacionales\/","title":{"rendered":"La pregunta sobre la c\u00e9dula de identidad se basa en criterios t\u00e9cnicos y recomendaciones internacionales"},"content":{"rendered":"<p>[vc_row][vc_column][vc_column_text]<\/p>\r\n<p><strong>La Paz, 9 de septiembre de 2022 (INE). \u2013 <\/strong>Ante los cuestionamientos sobre la incorporaci\u00f3n de la pregunta del n\u00famero de c\u00e9dula de identidad en el cuestionario censal, el Instituto Nacional de Estad\u00edsticas informa que esta interrogante se basa en las recomendaciones internacionales que apuntan a que esta informaci\u00f3n permita evaluar la cobertura de servicios e integrar la informaci\u00f3n censal con la de registros administrativos.<\/p>\r\n<p>Seg\u00fan el documento de Recomendaciones para los censos de poblaci\u00f3n y vivienda en Am\u00e9rica Latina, revisi\u00f3n 2020, las preguntas sobre tenencia de documento e inscripci\u00f3n de nacimientos y defunciones, y la pregunta por el n\u00famero de documento de identidad, tienen diferentes objetivos. En el primer caso, evaluar la cobertura de servicios y en el segundo, integrar informaci\u00f3n censal con la de registros administrativos, para transitar hacia un adecuado registro de poblaci\u00f3n y vivienda o censo basado en registros administrativos.<\/p>\r\n<p>En el caso de Uruguay, por ejemplo, se utiliz\u00f3 la pregunta del n\u00famero de c\u00e9dula de identidad en el cuestionario censal para cotejar con otras fuentes de informaci\u00f3n y as\u00ed complementar los datos de la boleta censal con encuestas y registros. Lo cual permite ahorrar recursos y tambi\u00e9n validar la informaci\u00f3n recogida durante el censo tradicional, mejorando la calidad de los datos.<\/p>\r\n<p>Colombia en 2018 y Per\u00fa en 2017 incorporaron esta pregunta en sus cuestionarios censales, y tanto Ecuador como Uruguay lo har\u00e1n en los censos de 2022 y 2023 respectivamente.<\/p>\r\n<p>Si bien Argentina no la incorpor\u00f3 en el cuestionario censal, s\u00ed lo hizo para la fase de llenado digital, pues el sistema requiere que se genere un c\u00f3digo para cada vivienda, a partir del n\u00famero del documento de identidad y la fecha de nacimiento del informante. El Instituto Nacional de Estad\u00edstica y Censos de este pa\u00eds, explic\u00f3 que esta informaci\u00f3n no queda registrada en ninguna base y se emplea para constatar que la persona sea real y no menor a 14 a\u00f1os.<\/p>\r\n<p><strong>Se garantiza la confidencialidad de la informaci\u00f3n<\/strong><\/p>\r\n<p>Toda la informaci\u00f3n proporcionada por los informantes, en todo el proceso censal, es secreta de acuerdo al art\u00edculo 5 de la Ley 1405, que garantiza la confidencialidad referente al secreto estad\u00edstico: \u201cLa informaci\u00f3n proporcionada por los informantes no podr\u00e1 ser revelada en forma individual y s\u00f3lo podr\u00e1 ser publicada de forma anonimizada. Asimismo, no podr\u00e1 ser utilizada con prop\u00f3sitos tributarios, judiciales, administrativos o policiales, aunque medie orden administrativa o judicial\u201d por lo cual se asegura que dicha informaci\u00f3n solo se utilizar\u00e1 con fines estad\u00edsticos.<\/p>\r\n<p>En ese marco, para evitar susceptibilidades respecto a las preguntas de la c\u00e9dula de identidad, el INE implementar\u00e1 una campa\u00f1a de comunicaci\u00f3n para informar ampliamente a la poblaci\u00f3n sobre este y otros temas del cuestionario censal.<\/p>\r\n<p>&nbsp;<\/p>\r\n<p style=\"text-align: left;\">\u00a0\u00a0\u00a0\u00a0\u00a0\u00a0\u00a0\u00a0\u00a0\u00a0\u00a0\u00a0\u00a0\u00a0\u00a0\u00a0\u00a0\u00a0\u00a0 <img loading=\"lazy\" decoding=\"async\" class=\"aligncenter wp-image-58397 size-large\" src=\"https:\/\/www.ine.gob.bo\/wp-content\/uploads\/2022\/09\/1.-Cuestionario-censal-1024x468.jpeg\" alt=\"\" width=\"1024\" height=\"468\" srcset=\"https:\/\/www.ine.gob.bo\/wp-content\/uploads\/2022\/09\/1.-Cuestionario-censal-1024x468.jpeg 1024w, https:\/\/www.ine.gob.bo\/wp-content\/uploads\/2022\/09\/1.-Cuestionario-censal-300x137.jpeg 300w, https:\/\/www.ine.gob.bo\/wp-content\/uploads\/2022\/09\/1.-Cuestionario-censal-768x351.jpeg 768w, https:\/\/www.ine.gob.bo\/wp-content\/uploads\/2022\/09\/1.-Cuestionario-censal.jpeg 1280w\" sizes=\"auto, (max-width: 1024px) 100vw, 1024px\" \/><\/p>\r\n<p style=\"text-align: center;\"><em>Imagen referencial. El INE avanza en la construcci\u00f3n del cuestionario censal.<\/em><\/p>\r\n<p style=\"text-align: center;\"><em>\u00a0 \u00a0 \u00a0 \u00a0 \u00a0 \u00a0 \u00a0 \u00a0 \u00a0 \u00a0 \u00a0 \u00a0<\/em><\/p>\r\n<p>&nbsp;<\/p>\r\n<p class=\"has-text-align-center\" style=\"text-align: center;\"><strong><em>Unidad de Difusi\u00f3n y Comunicaci\u00f3n<\/em><br \/>INSTITUTO NACIONAL DE ESTAD\u00cdSTICA<\/strong><\/p>\r\n<p class=\"has-text-align-center\"><!-- \/wp:post-content --><\/p>\r\n<p><!-- wp:paragraph --><a href=\"https:\/\/nimbus.ine.gob.bo\/index.php\/s\/PqKdGZRtBHDr9wy\/download\">Descargar Nota de Prensa<\/a><\/p>\r\n<p class=\"has-text-align-center\"><!-- \/wp:paragraph --><\/p>\r\n<p class=\"has-text-align-center\"><!-- wp:separator --><\/p>\r\n<hr class=\"wp-block-separator\" \/>\r\n<p class=\"has-text-align-center\"><!-- \/wp:separator --><\/p>\r\n<p class=\"has-text-align-center\"><!-- wp:paragraph {\"align\":\"right\"} --><\/p>\r\n<p class=\"has-text-align-right\"><strong><em>Entidad dependiente del Ministerio de Planificaci\u00f3n del Desarrollo<\/em><\/strong><\/p>\r\n<p class=\"has-text-align-center\"><!-- \/wp:paragraph --><\/p>\r\n<p>&nbsp;<\/p>\r\n<p>[\/vc_column_text][\/vc_column][\/vc_row]<\/p>","protected":false},"excerpt":{"rendered":"<p>[vc_row][vc_column][vc_column_text] La Paz, 9 de septiembre de 2022 (INE). \u2013 Ante los cuestionamientos sobre la incorporaci\u00f3n de la pregunta del n\u00famero de c\u00e9dula de identidad en el cuestionario censal, el Instituto Nacional de Estad\u00edsticas informa que esta interrogante se basa en las recomendaciones internacionales que apuntan a que esta informaci\u00f3n permita evaluar la cobertura de&hellip;<\/p>\n","protected":false},"author":19,"featured_media":58397,"comment_status":"closed","ping_status":"open","sticky":false,"template":"","format":"standard","meta":[],"categories":[158],"tags":[52],"class_list":["post-58396","post","type-post","status-publish","format-standard","has-post-thumbnail","hentry","category-ine-noticias","tag-ine-noticias","category-158","description-off"],"yoast_head":"<!-- This site is optimized with the Yoast SEO plugin v23.2 - https:\/\/yoast.com\/wordpress\/plugins\/seo\/ -->\n<title>La pregunta sobre la c\u00e9dula de identidad se basa en criterios t\u00e9cnicos y recomendaciones internacionales - INE<\/title>\n<meta name=\"description\" content=\"P\u00e1gina oficial del Instituto Nacional de Estadistica INE, informaci\u00f3n estad\u00edstica, geogr\u00e1fica y econ\u00f3mica a nivel nacional.\" \/>\n<meta name=\"robots\" content=\"index, follow, max-snippet:-1, max-image-preview:large, max-video-preview:-1\" \/>\n<link rel=\"canonical\" href=\"https:\/\/www.ine.gob.bo\/index.php\/la-pregunta-sobre-la-cedula-de-identidad-se-basa-en-criterios-tecnicos-y-recomendaciones-internacionales\/\" \/>\n<meta property=\"og:locale\" content=\"es_ES\" \/>\n<meta property=\"og:type\" content=\"article\" \/>\n<meta property=\"og:title\" content=\"La pregunta sobre la c\u00e9dula de identidad se basa en criterios t\u00e9cnicos y recomendaciones internacionales - INE\" \/>\n<meta property=\"og:description\" content=\"P\u00e1gina oficial del Instituto Nacional de Estadistica INE, informaci\u00f3n estad\u00edstica, geogr\u00e1fica y econ\u00f3mica a nivel nacional.\" \/>\n<meta property=\"og:url\" content=\"https:\/\/www.ine.gob.bo\/index.php\/la-pregunta-sobre-la-cedula-de-identidad-se-basa-en-criterios-tecnicos-y-recomendaciones-internacionales\/\" \/>\n<meta property=\"og:site_name\" content=\"INE\" \/>\n<meta property=\"article:publisher\" content=\"https:\/\/www.facebook.com\/ineboliviaoficial\" \/>\n<meta property=\"article:published_time\" content=\"2022-09-09T22:03:20+00:00\" \/>\n<meta property=\"article:modified_time\" content=\"2025-06-24T19:12:48+00:00\" \/>\n<meta property=\"og:image\" content=\"https:\/\/www.ine.gob.bo\/wp-content\/uploads\/2022\/09\/1.-Cuestionario-censal.jpeg\" \/>\n\t<meta property=\"og:image:width\" content=\"1280\" \/>\n\t<meta property=\"og:image:height\" content=\"585\" \/>\n\t<meta property=\"og:image:type\" content=\"image\/jpeg\" \/>\n<meta name=\"author\" content=\"Albaro Benedicto Laime Mamani\" \/>\n<meta name=\"twitter:card\" content=\"summary_large_image\" \/>\n<meta name=\"twitter:creator\" content=\"@INE_Bolivia\" \/>\n<meta name=\"twitter:site\" content=\"@INE_Bolivia\" \/>\n<meta name=\"twitter:label1\" content=\"Escrito por\" \/>\n\t<meta name=\"twitter:data1\" content=\"Albaro Benedicto Laime Mamani\" \/>\n\t<meta name=\"twitter:label2\" content=\"Tiempo de lectura\" \/>\n\t<meta name=\"twitter:data2\" content=\"3 minutos\" \/>\n<script type=\"application\/ld+json\" class=\"yoast-schema-graph\">{\"@context\":\"https:\/\/schema.org\",\"@graph\":[{\"@type\":\"Article\",\"@id\":\"https:\/\/www.ine.gob.bo\/index.php\/la-pregunta-sobre-la-cedula-de-identidad-se-basa-en-criterios-tecnicos-y-recomendaciones-internacionales\/#article\",\"isPartOf\":{\"@id\":\"https:\/\/www.ine.gob.bo\/index.php\/la-pregunta-sobre-la-cedula-de-identidad-se-basa-en-criterios-tecnicos-y-recomendaciones-internacionales\/\"},\"author\":{\"name\":\"Albaro Benedicto Laime Mamani\",\"@id\":\"https:\/\/www.ine.gob.bo\/#\/schema\/person\/cd5e3dea21e6634e99cebddcca7540d1\"},\"headline\":\"La pregunta sobre la c\u00e9dula de identidad se basa en criterios t\u00e9cnicos y recomendaciones internacionales\",\"datePublished\":\"2022-09-09T22:03:20+00:00\",\"dateModified\":\"2025-06-24T19:12:48+00:00\",\"mainEntityOfPage\":{\"@id\":\"https:\/\/www.ine.gob.bo\/index.php\/la-pregunta-sobre-la-cedula-de-identidad-se-basa-en-criterios-tecnicos-y-recomendaciones-internacionales\/\"},\"wordCount\":543,\"publisher\":{\"@id\":\"https:\/\/www.ine.gob.bo\/#organization\"},\"image\":{\"@id\":\"https:\/\/www.ine.gob.bo\/index.php\/la-pregunta-sobre-la-cedula-de-identidad-se-basa-en-criterios-tecnicos-y-recomendaciones-internacionales\/#primaryimage\"},\"thumbnailUrl\":\"https:\/\/www.ine.gob.bo\/wp-content\/uploads\/2022\/09\/1.-Cuestionario-censal.jpeg\",\"keywords\":[\"INE Noticias\"],\"articleSection\":[\"INE noticias\"],\"inLanguage\":\"es\"},{\"@type\":\"WebPage\",\"@id\":\"https:\/\/www.ine.gob.bo\/index.php\/la-pregunta-sobre-la-cedula-de-identidad-se-basa-en-criterios-tecnicos-y-recomendaciones-internacionales\/\",\"url\":\"https:\/\/www.ine.gob.bo\/index.php\/la-pregunta-sobre-la-cedula-de-identidad-se-basa-en-criterios-tecnicos-y-recomendaciones-internacionales\/\",\"name\":\"La pregunta sobre la c\u00e9dula de identidad se basa en criterios t\u00e9cnicos y recomendaciones internacionales - INE\",\"isPartOf\":{\"@id\":\"https:\/\/www.ine.gob.bo\/#website\"},\"primaryImageOfPage\":{\"@id\":\"https:\/\/www.ine.gob.bo\/index.php\/la-pregunta-sobre-la-cedula-de-identidad-se-basa-en-criterios-tecnicos-y-recomendaciones-internacionales\/#primaryimage\"},\"image\":{\"@id\":\"https:\/\/www.ine.gob.bo\/index.php\/la-pregunta-sobre-la-cedula-de-identidad-se-basa-en-criterios-tecnicos-y-recomendaciones-internacionales\/#primaryimage\"},\"thumbnailUrl\":\"https:\/\/www.ine.gob.bo\/wp-content\/uploads\/2022\/09\/1.-Cuestionario-censal.jpeg\",\"datePublished\":\"2022-09-09T22:03:20+00:00\",\"dateModified\":\"2025-06-24T19:12:48+00:00\",\"description\":\"P\u00e1gina oficial del Instituto Nacional de Estadistica INE, informaci\u00f3n estad\u00edstica, geogr\u00e1fica y econ\u00f3mica a nivel nacional.\",\"breadcrumb\":{\"@id\":\"https:\/\/www.ine.gob.bo\/index.php\/la-pregunta-sobre-la-cedula-de-identidad-se-basa-en-criterios-tecnicos-y-recomendaciones-internacionales\/#breadcrumb\"},\"inLanguage\":\"es\",\"potentialAction\":[{\"@type\":\"ReadAction\",\"target\":[\"https:\/\/www.ine.gob.bo\/index.php\/la-pregunta-sobre-la-cedula-de-identidad-se-basa-en-criterios-tecnicos-y-recomendaciones-internacionales\/\"]}]},{\"@type\":\"ImageObject\",\"inLanguage\":\"es\",\"@id\":\"https:\/\/www.ine.gob.bo\/index.php\/la-pregunta-sobre-la-cedula-de-identidad-se-basa-en-criterios-tecnicos-y-recomendaciones-internacionales\/#primaryimage\",\"url\":\"https:\/\/www.ine.gob.bo\/wp-content\/uploads\/2022\/09\/1.-Cuestionario-censal.jpeg\",\"contentUrl\":\"https:\/\/www.ine.gob.bo\/wp-content\/uploads\/2022\/09\/1.-Cuestionario-censal.jpeg\",\"width\":1280,\"height\":585},{\"@type\":\"BreadcrumbList\",\"@id\":\"https:\/\/www.ine.gob.bo\/index.php\/la-pregunta-sobre-la-cedula-de-identidad-se-basa-en-criterios-tecnicos-y-recomendaciones-internacionales\/#breadcrumb\",\"itemListElement\":[{\"@type\":\"ListItem\",\"position\":1,\"name\":\"Portada\",\"item\":\"https:\/\/www.ine.gob.bo\/\"},{\"@type\":\"ListItem\",\"position\":2,\"name\":\"La pregunta sobre la c\u00e9dula de identidad se basa en criterios t\u00e9cnicos y recomendaciones internacionales\"}]},{\"@type\":\"WebSite\",\"@id\":\"https:\/\/www.ine.gob.bo\/#website\",\"url\":\"https:\/\/www.ine.gob.bo\/\",\"name\":\"INE\",\"description\":\"Instituto Nacional de Estad\u00edstica\",\"publisher\":{\"@id\":\"https:\/\/www.ine.gob.bo\/#organization\"},\"potentialAction\":[{\"@type\":\"SearchAction\",\"target\":{\"@type\":\"EntryPoint\",\"urlTemplate\":\"https:\/\/www.ine.gob.bo\/?s={search_term_string}\"},\"query-input\":\"required name=search_term_string\"}],\"inLanguage\":\"es\"},{\"@type\":\"Organization\",\"@id\":\"https:\/\/www.ine.gob.bo\/#organization\",\"name\":\"Instituto Nacional de Estad\u00edstica\",\"url\":\"https:\/\/www.ine.gob.bo\/\",\"logo\":{\"@type\":\"ImageObject\",\"inLanguage\":\"es\",\"@id\":\"https:\/\/www.ine.gob.bo\/#\/schema\/logo\/image\/\",\"url\":\"https:\/\/www.ine.gob.bo\/wp-content\/uploads\/2026\/02\/logo-ine.jpg\",\"contentUrl\":\"https:\/\/www.ine.gob.bo\/wp-content\/uploads\/2026\/02\/logo-ine.jpg\",\"width\":799,\"height\":453,\"caption\":\"Instituto Nacional de Estad\u00edstica\"},\"image\":{\"@id\":\"https:\/\/www.ine.gob.bo\/#\/schema\/logo\/image\/\"},\"sameAs\":[\"https:\/\/www.facebook.com\/ineboliviaoficial\",\"https:\/\/x.com\/INE_Bolivia\",\"https:\/\/www.instagram.com\/ineboliviaoficial\/\",\"https:\/\/www.youtube.com\/channel\/UCbIQXKLw414g5kWo1tAwqCg\"]},{\"@type\":\"Person\",\"@id\":\"https:\/\/www.ine.gob.bo\/#\/schema\/person\/cd5e3dea21e6634e99cebddcca7540d1\",\"name\":\"Albaro Benedicto Laime Mamani\",\"image\":{\"@type\":\"ImageObject\",\"inLanguage\":\"es\",\"@id\":\"https:\/\/www.ine.gob.bo\/#\/schema\/person\/image\/\",\"url\":\"https:\/\/secure.gravatar.com\/avatar\/450967f1badecac6afbf323d3a06c551f001ee9e5a1094976c96b19cce5b7180?s=96&d=mm&r=g\",\"contentUrl\":\"https:\/\/secure.gravatar.com\/avatar\/450967f1badecac6afbf323d3a06c551f001ee9e5a1094976c96b19cce5b7180?s=96&d=mm&r=g\",\"caption\":\"Albaro Benedicto Laime Mamani\"},\"url\":\"https:\/\/www.ine.gob.bo\/index.php\/author\/alaime\/\"}]}<\/script>\n<!-- \/ Yoast SEO plugin. -->","yoast_head_json":{"title":"La pregunta sobre la c\u00e9dula de identidad se basa en criterios t\u00e9cnicos y recomendaciones internacionales - INE","description":"P\u00e1gina oficial del Instituto Nacional de Estadistica INE, informaci\u00f3n estad\u00edstica, geogr\u00e1fica y econ\u00f3mica a nivel nacional.","robots":{"index":"index","follow":"follow","max-snippet":"max-snippet:-1","max-image-preview":"max-image-preview:large","max-video-preview":"max-video-preview:-1"},"canonical":"https:\/\/www.ine.gob.bo\/index.php\/la-pregunta-sobre-la-cedula-de-identidad-se-basa-en-criterios-tecnicos-y-recomendaciones-internacionales\/","og_locale":"es_ES","og_type":"article","og_title":"La pregunta sobre la c\u00e9dula de identidad se basa en criterios t\u00e9cnicos y recomendaciones internacionales - INE","og_description":"P\u00e1gina oficial del Instituto Nacional de Estadistica INE, informaci\u00f3n estad\u00edstica, geogr\u00e1fica y econ\u00f3mica a nivel nacional.","og_url":"https:\/\/www.ine.gob.bo\/index.php\/la-pregunta-sobre-la-cedula-de-identidad-se-basa-en-criterios-tecnicos-y-recomendaciones-internacionales\/","og_site_name":"INE","article_publisher":"https:\/\/www.facebook.com\/ineboliviaoficial","article_published_time":"2022-09-09T22:03:20+00:00","article_modified_time":"2025-06-24T19:12:48+00:00","og_image":[{"width":1280,"height":585,"url":"https:\/\/www.ine.gob.bo\/wp-content\/uploads\/2022\/09\/1.-Cuestionario-censal.jpeg","type":"image\/jpeg"}],"author":"Albaro Benedicto Laime Mamani","twitter_card":"summary_large_image","twitter_creator":"@INE_Bolivia","twitter_site":"@INE_Bolivia","twitter_misc":{"Escrito por":"Albaro Benedicto Laime Mamani","Tiempo de lectura":"3 minutos"},"schema":{"@context":"https:\/\/schema.org","@graph":[{"@type":"Article","@id":"https:\/\/www.ine.gob.bo\/index.php\/la-pregunta-sobre-la-cedula-de-identidad-se-basa-en-criterios-tecnicos-y-recomendaciones-internacionales\/#article","isPartOf":{"@id":"https:\/\/www.ine.gob.bo\/index.php\/la-pregunta-sobre-la-cedula-de-identidad-se-basa-en-criterios-tecnicos-y-recomendaciones-internacionales\/"},"author":{"name":"Albaro Benedicto Laime Mamani","@id":"https:\/\/www.ine.gob.bo\/#\/schema\/person\/cd5e3dea21e6634e99cebddcca7540d1"},"headline":"La pregunta sobre la c\u00e9dula de identidad se basa en criterios t\u00e9cnicos y recomendaciones internacionales","datePublished":"2022-09-09T22:03:20+00:00","dateModified":"2025-06-24T19:12:48+00:00","mainEntityOfPage":{"@id":"https:\/\/www.ine.gob.bo\/index.php\/la-pregunta-sobre-la-cedula-de-identidad-se-basa-en-criterios-tecnicos-y-recomendaciones-internacionales\/"},"wordCount":543,"publisher":{"@id":"https:\/\/www.ine.gob.bo\/#organization"},"image":{"@id":"https:\/\/www.ine.gob.bo\/index.php\/la-pregunta-sobre-la-cedula-de-identidad-se-basa-en-criterios-tecnicos-y-recomendaciones-internacionales\/#primaryimage"},"thumbnailUrl":"https:\/\/www.ine.gob.bo\/wp-content\/uploads\/2022\/09\/1.-Cuestionario-censal.jpeg","keywords":["INE Noticias"],"articleSection":["INE noticias"],"inLanguage":"es"},{"@type":"WebPage","@id":"https:\/\/www.ine.gob.bo\/index.php\/la-pregunta-sobre-la-cedula-de-identidad-se-basa-en-criterios-tecnicos-y-recomendaciones-internacionales\/","url":"https:\/\/www.ine.gob.bo\/index.php\/la-pregunta-sobre-la-cedula-de-identidad-se-basa-en-criterios-tecnicos-y-recomendaciones-internacionales\/","name":"La pregunta sobre la c\u00e9dula de identidad se basa en criterios t\u00e9cnicos y recomendaciones internacionales - INE","isPartOf":{"@id":"https:\/\/www.ine.gob.bo\/#website"},"primaryImageOfPage":{"@id":"https:\/\/www.ine.gob.bo\/index.php\/la-pregunta-sobre-la-cedula-de-identidad-se-basa-en-criterios-tecnicos-y-recomendaciones-internacionales\/#primaryimage"},"image":{"@id":"https:\/\/www.ine.gob.bo\/index.php\/la-pregunta-sobre-la-cedula-de-identidad-se-basa-en-criterios-tecnicos-y-recomendaciones-internacionales\/#primaryimage"},"thumbnailUrl":"https:\/\/www.ine.gob.bo\/wp-content\/uploads\/2022\/09\/1.-Cuestionario-censal.jpeg","datePublished":"2022-09-09T22:03:20+00:00","dateModified":"2025-06-24T19:12:48+00:00","description":"P\u00e1gina oficial del Instituto Nacional de Estadistica INE, informaci\u00f3n estad\u00edstica, geogr\u00e1fica y econ\u00f3mica a nivel nacional.","breadcrumb":{"@id":"https:\/\/www.ine.gob.bo\/index.php\/la-pregunta-sobre-la-cedula-de-identidad-se-basa-en-criterios-tecnicos-y-recomendaciones-internacionales\/#breadcrumb"},"inLanguage":"es","potentialAction":[{"@type":"ReadAction","target":["https:\/\/www.ine.gob.bo\/index.php\/la-pregunta-sobre-la-cedula-de-identidad-se-basa-en-criterios-tecnicos-y-recomendaciones-internacionales\/"]}]},{"@type":"ImageObject","inLanguage":"es","@id":"https:\/\/www.ine.gob.bo\/index.php\/la-pregunta-sobre-la-cedula-de-identidad-se-basa-en-criterios-tecnicos-y-recomendaciones-internacionales\/#primaryimage","url":"https:\/\/www.ine.gob.bo\/wp-content\/uploads\/2022\/09\/1.-Cuestionario-censal.jpeg","contentUrl":"https:\/\/www.ine.gob.bo\/wp-content\/uploads\/2022\/09\/1.-Cuestionario-censal.jpeg","width":1280,"height":585},{"@type":"BreadcrumbList","@id":"https:\/\/www.ine.gob.bo\/index.php\/la-pregunta-sobre-la-cedula-de-identidad-se-basa-en-criterios-tecnicos-y-recomendaciones-internacionales\/#breadcrumb","itemListElement":[{"@type":"ListItem","position":1,"name":"Portada","item":"https:\/\/www.ine.gob.bo\/"},{"@type":"ListItem","position":2,"name":"La pregunta sobre la c\u00e9dula de identidad se basa en criterios t\u00e9cnicos y recomendaciones internacionales"}]},{"@type":"WebSite","@id":"https:\/\/www.ine.gob.bo\/#website","url":"https:\/\/www.ine.gob.bo\/","name":"INE","description":"Instituto Nacional de Estad\u00edstica","publisher":{"@id":"https:\/\/www.ine.gob.bo\/#organization"},"potentialAction":[{"@type":"SearchAction","target":{"@type":"EntryPoint","urlTemplate":"https:\/\/www.ine.gob.bo\/?s={search_term_string}"},"query-input":"required name=search_term_string"}],"inLanguage":"es"},{"@type":"Organization","@id":"https:\/\/www.ine.gob.bo\/#organization","name":"Instituto Nacional de Estad\u00edstica","url":"https:\/\/www.ine.gob.bo\/","logo":{"@type":"ImageObject","inLanguage":"es","@id":"https:\/\/www.ine.gob.bo\/#\/schema\/logo\/image\/","url":"https:\/\/www.ine.gob.bo\/wp-content\/uploads\/2026\/02\/logo-ine.jpg","contentUrl":"https:\/\/www.ine.gob.bo\/wp-content\/uploads\/2026\/02\/logo-ine.jpg","width":799,"height":453,"caption":"Instituto Nacional de Estad\u00edstica"},"image":{"@id":"https:\/\/www.ine.gob.bo\/#\/schema\/logo\/image\/"},"sameAs":["https:\/\/www.facebook.com\/ineboliviaoficial","https:\/\/x.com\/INE_Bolivia","https:\/\/www.instagram.com\/ineboliviaoficial\/","https:\/\/www.youtube.com\/channel\/UCbIQXKLw414g5kWo1tAwqCg"]},{"@type":"Person","@id":"https:\/\/www.ine.gob.bo\/#\/schema\/person\/cd5e3dea21e6634e99cebddcca7540d1","name":"Albaro Benedicto Laime Mamani","image":{"@type":"ImageObject","inLanguage":"es","@id":"https:\/\/www.ine.gob.bo\/#\/schema\/person\/image\/","url":"https:\/\/secure.gravatar.com\/avatar\/450967f1badecac6afbf323d3a06c551f001ee9e5a1094976c96b19cce5b7180?s=96&d=mm&r=g","contentUrl":"https:\/\/secure.gravatar.com\/avatar\/450967f1badecac6afbf323d3a06c551f001ee9e5a1094976c96b19cce5b7180?s=96&d=mm&r=g","caption":"Albaro Benedicto Laime Mamani"},"url":"https:\/\/www.ine.gob.bo\/index.php\/author\/alaime\/"}]}},"rttpg_featured_image_url":{"full":["https:\/\/www.ine.gob.bo\/wp-content\/uploads\/2022\/09\/1.-Cuestionario-censal.jpeg",1280,585,false],"landscape":["https:\/\/www.ine.gob.bo\/wp-content\/uploads\/2022\/09\/1.-Cuestionario-censal.jpeg",1280,585,false],"portraits":["https:\/\/www.ine.gob.bo\/wp-content\/uploads\/2022\/09\/1.-Cuestionario-censal.jpeg",1280,585,false],"thumbnail":["https:\/\/www.ine.gob.bo\/wp-content\/uploads\/2022\/09\/1.-Cuestionario-censal-150x150.jpeg",150,150,true],"medium":["https:\/\/www.ine.gob.bo\/wp-content\/uploads\/2022\/09\/1.-Cuestionario-censal-300x137.jpeg",300,137,true],"large":["https:\/\/www.ine.gob.bo\/wp-content\/uploads\/2022\/09\/1.-Cuestionario-censal-1024x468.jpeg",1024,468,true],"1536x1536":["https:\/\/www.ine.gob.bo\/wp-content\/uploads\/2022\/09\/1.-Cuestionario-censal.jpeg",1280,585,false],"2048x2048":["https:\/\/www.ine.gob.bo\/wp-content\/uploads\/2022\/09\/1.-Cuestionario-censal.jpeg",1280,585,false]},"rttpg_author":{"display_name":"Albaro Benedicto Laime Mamani","author_link":"https:\/\/www.ine.gob.bo\/index.php\/author\/alaime\/"},"rttpg_comment":0,"rttpg_category":"<a href=\"https:\/\/www.ine.gob.bo\/index.php\/category\/ine-noticias\/\" rel=\"category tag\">INE noticias<\/a>","rttpg_excerpt":"[vc_row][vc_column][vc_column_text] La Paz, 9 de septiembre de 2022 (INE). \u2013 Ante los cuestionamientos sobre la incorporaci\u00f3n de la pregunta del n\u00famero de c\u00e9dula de identidad en el cuestionario censal, el Instituto Nacional de Estad\u00edsticas informa que esta interrogante se basa en las recomendaciones internacionales que apuntan a que esta informaci\u00f3n permita evaluar la cobertura de&hellip;","_links":{"self":[{"href":"https:\/\/www.ine.gob.bo\/index.php\/wp-json\/wp\/v2\/posts\/58396","targetHints":{"allow":["GET"]}}],"collection":[{"href":"https:\/\/www.ine.gob.bo\/index.php\/wp-json\/wp\/v2\/posts"}],"about":[{"href":"https:\/\/www.ine.gob.bo\/index.php\/wp-json\/wp\/v2\/types\/post"}],"author":[{"embeddable":true,"href":"https:\/\/www.ine.gob.bo\/index.php\/wp-json\/wp\/v2\/users\/19"}],"replies":[{"embeddable":true,"href":"https:\/\/www.ine.gob.bo\/index.php\/wp-json\/wp\/v2\/comments?post=58396"}],"version-history":[{"count":0,"href":"https:\/\/www.ine.gob.bo\/index.php\/wp-json\/wp\/v2\/posts\/58396\/revisions"}],"wp:featuredmedia":[{"embeddable":true,"href":"https:\/\/www.ine.gob.bo\/index.php\/wp-json\/wp\/v2\/media\/58397"}],"wp:attachment":[{"href":"https:\/\/www.ine.gob.bo\/index.php\/wp-json\/wp\/v2\/media?parent=58396"}],"wp:term":[{"taxonomy":"category","embeddable":true,"href":"https:\/\/www.ine.gob.bo\/index.php\/wp-json\/wp\/v2\/categories?post=58396"},{"taxonomy":"post_tag","embeddable":true,"href":"https:\/\/www.ine.gob.bo\/index.php\/wp-json\/wp\/v2\/tags?post=58396"}],"curies":[{"name":"wp","href":"https:\/\/api.w.org\/{rel}","templated":true}]}}