{"id":58332,"date":"2022-09-05T14:44:09","date_gmt":"2022-09-05T18:44:09","guid":{"rendered":"https:\/\/www.ine.gob.bo\/?p=58332"},"modified":"2025-06-24T16:36:37","modified_gmt":"2025-06-24T20:36:37","slug":"indice-de-precios-al-consumidor-registro-un-incremento-de-004-en-agosto-de-2022","status":"publish","type":"post","link":"https:\/\/www.ine.gob.bo\/index.php\/indice-de-precios-al-consumidor-registro-un-incremento-de-004-en-agosto-de-2022\/","title":{"rendered":"\u00cdndice de Precios al Consumidor registr\u00f3 un incremento de 0,04% en agosto de 2022"},"content":{"rendered":"<p>[vc_row][vc_column][vc_column_text]<\/p>\r\n<p><strong>La Paz, 5 de septiembre de 2022 (INE).-<\/strong> El \u00cdndice de Precios al Consumidor (IPC) registr\u00f3, en agosto de 2022, un aumento de 0,04% respecto a julio. La variaci\u00f3n acumulada hasta agosto fue positiva, con un incremento de 1,62% y a doce meses de 1,55%.<\/p>\r\n<p style=\"text-align: center;\"><em><img loading=\"lazy\" decoding=\"async\" class=\"aligncenter wp-image-58333 size-full\" src=\"https:\/\/www.ine.gob.bo\/wp-content\/uploads\/2022\/09\/CUADRO-1-NP-IPC-AGOSTO.png\" alt=\"\" width=\"1004\" height=\"556\" srcset=\"https:\/\/www.ine.gob.bo\/wp-content\/uploads\/2022\/09\/CUADRO-1-NP-IPC-AGOSTO.png 1004w, https:\/\/www.ine.gob.bo\/wp-content\/uploads\/2022\/09\/CUADRO-1-NP-IPC-AGOSTO-300x166.png 300w, https:\/\/www.ine.gob.bo\/wp-content\/uploads\/2022\/09\/CUADRO-1-NP-IPC-AGOSTO-768x425.png 768w\" sizes=\"auto, (max-width: 1004px) 100vw, 1004px\" \/>\u00a0 \u00a0 \u00a0 <\/em><\/p>\r\n<p><strong>Comportamiento de Precios al Consumidor, seg\u00fan divisiones de Bienes y Servicios. <\/strong><\/p>\r\n<p>El aumento de 0,04% del IPC registrado en agosto se explica, principalmente, por la variaci\u00f3n positiva de los precios en las divisiones de: Educaci\u00f3n; Muebles, bienes y servicios dom\u00e9sticos; Bebidas alcoh\u00f3licas y tabaco; Alimentos y bebidas no alcoh\u00f3licas; Vivienda y servicios b\u00e1sicos; Alimentos y bebidas consumidas fuera del hogar; y Bienes y servicios diversos.<\/p>\r\n<p><em>\u00a0 \u00a0 <img loading=\"lazy\" decoding=\"async\" class=\"aligncenter wp-image-58334 size-full\" src=\"https:\/\/www.ine.gob.bo\/wp-content\/uploads\/2022\/09\/GRAFICO-1-NP-IPC-AGOSTO.png\" alt=\"\" width=\"1050\" height=\"757\" srcset=\"https:\/\/www.ine.gob.bo\/wp-content\/uploads\/2022\/09\/GRAFICO-1-NP-IPC-AGOSTO.png 1050w, https:\/\/www.ine.gob.bo\/wp-content\/uploads\/2022\/09\/GRAFICO-1-NP-IPC-AGOSTO-300x216.png 300w, https:\/\/www.ine.gob.bo\/wp-content\/uploads\/2022\/09\/GRAFICO-1-NP-IPC-AGOSTO-1024x738.png 1024w, https:\/\/www.ine.gob.bo\/wp-content\/uploads\/2022\/09\/GRAFICO-1-NP-IPC-AGOSTO-768x554.png 768w\" sizes=\"auto, (max-width: 1050px) 100vw, 1050px\" \/><\/em><\/p>\r\n<p><em><strong>Comportamiento de Precios al Consumidor, seg\u00fan regiones<\/strong><\/em><\/p>\r\n<p>La variaci\u00f3n positiva de 0,04%, registrada en agosto, se debi\u00f3 especialmente al incremento de precios en las ciudades capitales y conurbaciones: Trinidad 0,39%, Regi\u00f3n Metropolitana Kanata 0,13%; Oruro 0,11%; Conurbaci\u00f3n La Paz\u00a0 0,10% y Sucre 0,02%.<\/p>\r\n<p>&nbsp;<\/p>\r\n<p style=\"text-align: left;\"><em><img loading=\"lazy\" decoding=\"async\" class=\"aligncenter wp-image-58335 size-full\" src=\"https:\/\/www.ine.gob.bo\/wp-content\/uploads\/2022\/09\/GRAFICO-2-NP-IPC-AGOSTO.png\" alt=\"\" width=\"1053\" height=\"811\" srcset=\"https:\/\/www.ine.gob.bo\/wp-content\/uploads\/2022\/09\/GRAFICO-2-NP-IPC-AGOSTO.png 1053w, https:\/\/www.ine.gob.bo\/wp-content\/uploads\/2022\/09\/GRAFICO-2-NP-IPC-AGOSTO-300x231.png 300w, https:\/\/www.ine.gob.bo\/wp-content\/uploads\/2022\/09\/GRAFICO-2-NP-IPC-AGOSTO-1024x789.png 1024w, https:\/\/www.ine.gob.bo\/wp-content\/uploads\/2022\/09\/GRAFICO-2-NP-IPC-AGOSTO-768x591.png 768w\" sizes=\"auto, (max-width: 1053px) 100vw, 1053px\" \/>\u00a0 \u00a0 \u00a0 \u00a0 \u00a0 \u00a0 \u00a0 \u00a0 \u00a0 \u00a0 \u00a0 \u00a0 \u00a0 \u00a0 \u00a0 \u00a0 \u00a0 \u00a0 \u00a0 \u00a0 \u00a0 \u00a0 \u00a0 \u00a0 \u00a0 \u00a0 \u00a0<\/em><\/p>\r\n<p><strong>Comportamiento de Precios al Consumidor, seg\u00fan Bienes y Servicios<\/strong><\/p>\r\n<p>Los bienes y servicios con mayor incidencia positiva en agosto fueron: papa, carne de pollo, cebolla, detergente para lavar ropa, transporte en taxi y detergentes para lavar vidrio. Por el contrario, los productos con mayor incidencia\u00a0 negativa fueron: tomate, transporte interdepartamental en \u00f3mnibus\/flota, televisor, pl\u00e1tano\/guineo\/banano, arveja verde y lechuga.<\/p>\r\n<p><img loading=\"lazy\" decoding=\"async\" class=\"aligncenter wp-image-58342 size-full\" src=\"https:\/\/www.ine.gob.bo\/wp-content\/uploads\/2022\/09\/CUADRO-2-NP-IPC-AGOSTO_.png\" alt=\"\" width=\"1048\" height=\"581\" srcset=\"https:\/\/www.ine.gob.bo\/wp-content\/uploads\/2022\/09\/CUADRO-2-NP-IPC-AGOSTO_.png 1048w, https:\/\/www.ine.gob.bo\/wp-content\/uploads\/2022\/09\/CUADRO-2-NP-IPC-AGOSTO_-300x166.png 300w, https:\/\/www.ine.gob.bo\/wp-content\/uploads\/2022\/09\/CUADRO-2-NP-IPC-AGOSTO_-1024x568.png 1024w, https:\/\/www.ine.gob.bo\/wp-content\/uploads\/2022\/09\/CUADRO-2-NP-IPC-AGOSTO_-768x426.png 768w\" sizes=\"auto, (max-width: 1048px) 100vw, 1048px\" \/><\/p>\r\n<p>&nbsp;<\/p>\r\n<p style=\"text-align: center;\"><strong><em>Unidad de Difusi\u00f3n y Comunicaci\u00f3n<\/em><\/strong><\/p>\r\n<p style=\"text-align: center;\"><strong>INSTITUTO NACIONAL DE ESTAD\u00cdSTICA<\/strong><\/p>\r\n<p><em>\u00a0<\/em><\/p>\r\n<p>&nbsp;<\/p>\r\n<p>.<\/p>\r\n<p>&nbsp;<\/p>\r\n<p class=\"has-text-align-center\" style=\"text-align: center;\"><strong><em>\u00a0<\/em><\/strong><\/p>\r\n<p>&nbsp;<\/p>\r\n<p>&nbsp;<\/p>\r\n<p class=\"has-text-align-center\"><!-- \/wp:post-content --><\/p>\r\n<p>&nbsp;<\/p>\r\n<p><a href=\"https:\/\/nimbus.ine.gob.bo\/index.php\/s\/nNiEg5Ntrgx4nTn\/download\">Descargar Nota de Prensa<\/a><\/p>\r\n<p class=\"has-text-align-center\"><!-- \/wp:paragraph --><\/p>\r\n<p class=\"has-text-align-center\"><!-- wp:separator --><\/p>\r\n<hr class=\"wp-block-separator\" \/>\r\n<p class=\"has-text-align-center\"><!-- \/wp:separator --><\/p>\r\n<p class=\"has-text-align-center\"><!-- wp:paragraph {\"align\":\"right\"} --><\/p>\r\n<p class=\"has-text-align-right\"><strong><em>Entidad dependiente del Ministerio de Planificaci\u00f3n del Desarrollo<\/em><\/strong><\/p>\r\n<p class=\"has-text-align-center\"><!-- \/wp:paragraph --><\/p>\r\n<p>[\/vc_column_text][\/vc_column][\/vc_row]<\/p>","protected":false},"excerpt":{"rendered":"<p>[vc_row][vc_column][vc_column_text] La Paz, 5 de septiembre de 2022 (INE).- El \u00cdndice de Precios al Consumidor (IPC) registr\u00f3, en agosto de 2022, un aumento de 0,04% respecto a julio. La variaci\u00f3n acumulada hasta agosto fue positiva, con un incremento de 1,62% y a doce meses de 1,55%. \u00a0 \u00a0 \u00a0 Comportamiento de Precios al Consumidor, seg\u00fan&hellip;<\/p>\n","protected":false},"author":19,"featured_media":58344,"comment_status":"closed","ping_status":"open","sticky":false,"template":"","format":"standard","meta":[],"categories":[158],"tags":[52],"class_list":["post-58332","post","type-post","status-publish","format-standard","has-post-thumbnail","hentry","category-ine-noticias","tag-ine-noticias","category-158","description-off"],"yoast_head":"<!-- This site is optimized with the Yoast SEO plugin v23.2 - https:\/\/yoast.com\/wordpress\/plugins\/seo\/ -->\n<title>\u00cdndice de Precios al Consumidor registr\u00f3 un incremento de 0,04% en agosto de 2022 - INE<\/title>\n<meta name=\"description\" content=\"P\u00e1gina oficial del Instituto Nacional de Estadistica INE, informaci\u00f3n estad\u00edstica, geogr\u00e1fica y econ\u00f3mica a nivel nacional.\" \/>\n<meta name=\"robots\" content=\"index, follow, max-snippet:-1, max-image-preview:large, max-video-preview:-1\" \/>\n<link rel=\"canonical\" href=\"https:\/\/www.ine.gob.bo\/index.php\/indice-de-precios-al-consumidor-registro-un-incremento-de-004-en-agosto-de-2022\/\" \/>\n<meta property=\"og:locale\" content=\"es_ES\" \/>\n<meta property=\"og:type\" content=\"article\" \/>\n<meta property=\"og:title\" content=\"\u00cdndice de Precios al Consumidor registr\u00f3 un incremento de 0,04% en agosto de 2022 - INE\" \/>\n<meta property=\"og:description\" content=\"P\u00e1gina oficial del Instituto Nacional de Estadistica INE, informaci\u00f3n estad\u00edstica, geogr\u00e1fica y econ\u00f3mica a nivel nacional.\" \/>\n<meta property=\"og:url\" content=\"https:\/\/www.ine.gob.bo\/index.php\/indice-de-precios-al-consumidor-registro-un-incremento-de-004-en-agosto-de-2022\/\" \/>\n<meta property=\"og:site_name\" content=\"INE\" \/>\n<meta property=\"article:publisher\" content=\"https:\/\/www.facebook.com\/ineboliviaoficial\" \/>\n<meta property=\"article:published_time\" content=\"2022-09-05T18:44:09+00:00\" \/>\n<meta property=\"article:modified_time\" content=\"2025-06-24T20:36:37+00:00\" \/>\n<meta property=\"og:image\" content=\"https:\/\/www.ine.gob.bo\/wp-content\/uploads\/2022\/09\/TAPA-NOTA-DE-PRENSA-IPC-AGOSTO.png\" \/>\n\t<meta property=\"og:image:width\" content=\"652\" \/>\n\t<meta property=\"og:image:height\" content=\"844\" \/>\n\t<meta property=\"og:image:type\" content=\"image\/png\" \/>\n<meta name=\"author\" content=\"Albaro Benedicto Laime Mamani\" \/>\n<meta name=\"twitter:card\" content=\"summary_large_image\" \/>\n<meta name=\"twitter:creator\" content=\"@INE_Bolivia\" \/>\n<meta name=\"twitter:site\" content=\"@INE_Bolivia\" \/>\n<meta name=\"twitter:label1\" content=\"Escrito por\" \/>\n\t<meta name=\"twitter:data1\" content=\"Albaro Benedicto Laime Mamani\" \/>\n\t<meta name=\"twitter:label2\" content=\"Tiempo de lectura\" \/>\n\t<meta name=\"twitter:data2\" content=\"3 minutos\" \/>\n<script type=\"application\/ld+json\" class=\"yoast-schema-graph\">{\"@context\":\"https:\/\/schema.org\",\"@graph\":[{\"@type\":\"Article\",\"@id\":\"https:\/\/www.ine.gob.bo\/index.php\/indice-de-precios-al-consumidor-registro-un-incremento-de-004-en-agosto-de-2022\/#article\",\"isPartOf\":{\"@id\":\"https:\/\/www.ine.gob.bo\/index.php\/indice-de-precios-al-consumidor-registro-un-incremento-de-004-en-agosto-de-2022\/\"},\"author\":{\"name\":\"Albaro Benedicto Laime Mamani\",\"@id\":\"https:\/\/www.ine.gob.bo\/#\/schema\/person\/cd5e3dea21e6634e99cebddcca7540d1\"},\"headline\":\"\u00cdndice de Precios al Consumidor registr\u00f3 un incremento de 0,04% en agosto de 2022\",\"datePublished\":\"2022-09-05T18:44:09+00:00\",\"dateModified\":\"2025-06-24T20:36:37+00:00\",\"mainEntityOfPage\":{\"@id\":\"https:\/\/www.ine.gob.bo\/index.php\/indice-de-precios-al-consumidor-registro-un-incremento-de-004-en-agosto-de-2022\/\"},\"wordCount\":274,\"publisher\":{\"@id\":\"https:\/\/www.ine.gob.bo\/#organization\"},\"image\":{\"@id\":\"https:\/\/www.ine.gob.bo\/index.php\/indice-de-precios-al-consumidor-registro-un-incremento-de-004-en-agosto-de-2022\/#primaryimage\"},\"thumbnailUrl\":\"https:\/\/www.ine.gob.bo\/wp-content\/uploads\/2022\/09\/TAPA-NOTA-DE-PRENSA-IPC-AGOSTO.png\",\"keywords\":[\"INE Noticias\"],\"articleSection\":[\"INE noticias\"],\"inLanguage\":\"es\"},{\"@type\":\"WebPage\",\"@id\":\"https:\/\/www.ine.gob.bo\/index.php\/indice-de-precios-al-consumidor-registro-un-incremento-de-004-en-agosto-de-2022\/\",\"url\":\"https:\/\/www.ine.gob.bo\/index.php\/indice-de-precios-al-consumidor-registro-un-incremento-de-004-en-agosto-de-2022\/\",\"name\":\"\u00cdndice de Precios al Consumidor registr\u00f3 un incremento de 0,04% en agosto de 2022 - INE\",\"isPartOf\":{\"@id\":\"https:\/\/www.ine.gob.bo\/#website\"},\"primaryImageOfPage\":{\"@id\":\"https:\/\/www.ine.gob.bo\/index.php\/indice-de-precios-al-consumidor-registro-un-incremento-de-004-en-agosto-de-2022\/#primaryimage\"},\"image\":{\"@id\":\"https:\/\/www.ine.gob.bo\/index.php\/indice-de-precios-al-consumidor-registro-un-incremento-de-004-en-agosto-de-2022\/#primaryimage\"},\"thumbnailUrl\":\"https:\/\/www.ine.gob.bo\/wp-content\/uploads\/2022\/09\/TAPA-NOTA-DE-PRENSA-IPC-AGOSTO.png\",\"datePublished\":\"2022-09-05T18:44:09+00:00\",\"dateModified\":\"2025-06-24T20:36:37+00:00\",\"description\":\"P\u00e1gina oficial del Instituto Nacional de Estadistica INE, informaci\u00f3n estad\u00edstica, geogr\u00e1fica y econ\u00f3mica a nivel nacional.\",\"breadcrumb\":{\"@id\":\"https:\/\/www.ine.gob.bo\/index.php\/indice-de-precios-al-consumidor-registro-un-incremento-de-004-en-agosto-de-2022\/#breadcrumb\"},\"inLanguage\":\"es\",\"potentialAction\":[{\"@type\":\"ReadAction\",\"target\":[\"https:\/\/www.ine.gob.bo\/index.php\/indice-de-precios-al-consumidor-registro-un-incremento-de-004-en-agosto-de-2022\/\"]}]},{\"@type\":\"ImageObject\",\"inLanguage\":\"es\",\"@id\":\"https:\/\/www.ine.gob.bo\/index.php\/indice-de-precios-al-consumidor-registro-un-incremento-de-004-en-agosto-de-2022\/#primaryimage\",\"url\":\"https:\/\/www.ine.gob.bo\/wp-content\/uploads\/2022\/09\/TAPA-NOTA-DE-PRENSA-IPC-AGOSTO.png\",\"contentUrl\":\"https:\/\/www.ine.gob.bo\/wp-content\/uploads\/2022\/09\/TAPA-NOTA-DE-PRENSA-IPC-AGOSTO.png\",\"width\":652,\"height\":844},{\"@type\":\"BreadcrumbList\",\"@id\":\"https:\/\/www.ine.gob.bo\/index.php\/indice-de-precios-al-consumidor-registro-un-incremento-de-004-en-agosto-de-2022\/#breadcrumb\",\"itemListElement\":[{\"@type\":\"ListItem\",\"position\":1,\"name\":\"Portada\",\"item\":\"https:\/\/www.ine.gob.bo\/\"},{\"@type\":\"ListItem\",\"position\":2,\"name\":\"\u00cdndice de Precios al Consumidor registr\u00f3 un incremento de 0,04% en agosto de 2022\"}]},{\"@type\":\"WebSite\",\"@id\":\"https:\/\/www.ine.gob.bo\/#website\",\"url\":\"https:\/\/www.ine.gob.bo\/\",\"name\":\"INE\",\"description\":\"Instituto Nacional de Estad\u00edstica\",\"publisher\":{\"@id\":\"https:\/\/www.ine.gob.bo\/#organization\"},\"potentialAction\":[{\"@type\":\"SearchAction\",\"target\":{\"@type\":\"EntryPoint\",\"urlTemplate\":\"https:\/\/www.ine.gob.bo\/?s={search_term_string}\"},\"query-input\":\"required name=search_term_string\"}],\"inLanguage\":\"es\"},{\"@type\":\"Organization\",\"@id\":\"https:\/\/www.ine.gob.bo\/#organization\",\"name\":\"Instituto Nacional de Estad\u00edstica\",\"url\":\"https:\/\/www.ine.gob.bo\/\",\"logo\":{\"@type\":\"ImageObject\",\"inLanguage\":\"es\",\"@id\":\"https:\/\/www.ine.gob.bo\/#\/schema\/logo\/image\/\",\"url\":\"https:\/\/www.ine.gob.bo\/wp-content\/uploads\/2026\/02\/logo-ine.jpg\",\"contentUrl\":\"https:\/\/www.ine.gob.bo\/wp-content\/uploads\/2026\/02\/logo-ine.jpg\",\"width\":799,\"height\":453,\"caption\":\"Instituto Nacional de Estad\u00edstica\"},\"image\":{\"@id\":\"https:\/\/www.ine.gob.bo\/#\/schema\/logo\/image\/\"},\"sameAs\":[\"https:\/\/www.facebook.com\/ineboliviaoficial\",\"https:\/\/x.com\/INE_Bolivia\",\"https:\/\/www.instagram.com\/ineboliviaoficial\/\",\"https:\/\/www.youtube.com\/channel\/UCbIQXKLw414g5kWo1tAwqCg\"]},{\"@type\":\"Person\",\"@id\":\"https:\/\/www.ine.gob.bo\/#\/schema\/person\/cd5e3dea21e6634e99cebddcca7540d1\",\"name\":\"Albaro Benedicto Laime Mamani\",\"image\":{\"@type\":\"ImageObject\",\"inLanguage\":\"es\",\"@id\":\"https:\/\/www.ine.gob.bo\/#\/schema\/person\/image\/\",\"url\":\"https:\/\/secure.gravatar.com\/avatar\/450967f1badecac6afbf323d3a06c551f001ee9e5a1094976c96b19cce5b7180?s=96&d=mm&r=g\",\"contentUrl\":\"https:\/\/secure.gravatar.com\/avatar\/450967f1badecac6afbf323d3a06c551f001ee9e5a1094976c96b19cce5b7180?s=96&d=mm&r=g\",\"caption\":\"Albaro Benedicto Laime Mamani\"},\"url\":\"https:\/\/www.ine.gob.bo\/index.php\/author\/alaime\/\"}]}<\/script>\n<!-- \/ Yoast SEO plugin. -->","yoast_head_json":{"title":"\u00cdndice de Precios al Consumidor registr\u00f3 un incremento de 0,04% en agosto de 2022 - INE","description":"P\u00e1gina oficial del Instituto Nacional de Estadistica INE, informaci\u00f3n estad\u00edstica, geogr\u00e1fica y econ\u00f3mica a nivel nacional.","robots":{"index":"index","follow":"follow","max-snippet":"max-snippet:-1","max-image-preview":"max-image-preview:large","max-video-preview":"max-video-preview:-1"},"canonical":"https:\/\/www.ine.gob.bo\/index.php\/indice-de-precios-al-consumidor-registro-un-incremento-de-004-en-agosto-de-2022\/","og_locale":"es_ES","og_type":"article","og_title":"\u00cdndice de Precios al Consumidor registr\u00f3 un incremento de 0,04% en agosto de 2022 - INE","og_description":"P\u00e1gina oficial del Instituto Nacional de Estadistica INE, informaci\u00f3n estad\u00edstica, geogr\u00e1fica y econ\u00f3mica a nivel nacional.","og_url":"https:\/\/www.ine.gob.bo\/index.php\/indice-de-precios-al-consumidor-registro-un-incremento-de-004-en-agosto-de-2022\/","og_site_name":"INE","article_publisher":"https:\/\/www.facebook.com\/ineboliviaoficial","article_published_time":"2022-09-05T18:44:09+00:00","article_modified_time":"2025-06-24T20:36:37+00:00","og_image":[{"width":652,"height":844,"url":"https:\/\/www.ine.gob.bo\/wp-content\/uploads\/2022\/09\/TAPA-NOTA-DE-PRENSA-IPC-AGOSTO.png","type":"image\/png"}],"author":"Albaro Benedicto Laime Mamani","twitter_card":"summary_large_image","twitter_creator":"@INE_Bolivia","twitter_site":"@INE_Bolivia","twitter_misc":{"Escrito por":"Albaro Benedicto Laime Mamani","Tiempo de lectura":"3 minutos"},"schema":{"@context":"https:\/\/schema.org","@graph":[{"@type":"Article","@id":"https:\/\/www.ine.gob.bo\/index.php\/indice-de-precios-al-consumidor-registro-un-incremento-de-004-en-agosto-de-2022\/#article","isPartOf":{"@id":"https:\/\/www.ine.gob.bo\/index.php\/indice-de-precios-al-consumidor-registro-un-incremento-de-004-en-agosto-de-2022\/"},"author":{"name":"Albaro Benedicto Laime Mamani","@id":"https:\/\/www.ine.gob.bo\/#\/schema\/person\/cd5e3dea21e6634e99cebddcca7540d1"},"headline":"\u00cdndice de Precios al Consumidor registr\u00f3 un incremento de 0,04% en agosto de 2022","datePublished":"2022-09-05T18:44:09+00:00","dateModified":"2025-06-24T20:36:37+00:00","mainEntityOfPage":{"@id":"https:\/\/www.ine.gob.bo\/index.php\/indice-de-precios-al-consumidor-registro-un-incremento-de-004-en-agosto-de-2022\/"},"wordCount":274,"publisher":{"@id":"https:\/\/www.ine.gob.bo\/#organization"},"image":{"@id":"https:\/\/www.ine.gob.bo\/index.php\/indice-de-precios-al-consumidor-registro-un-incremento-de-004-en-agosto-de-2022\/#primaryimage"},"thumbnailUrl":"https:\/\/www.ine.gob.bo\/wp-content\/uploads\/2022\/09\/TAPA-NOTA-DE-PRENSA-IPC-AGOSTO.png","keywords":["INE Noticias"],"articleSection":["INE noticias"],"inLanguage":"es"},{"@type":"WebPage","@id":"https:\/\/www.ine.gob.bo\/index.php\/indice-de-precios-al-consumidor-registro-un-incremento-de-004-en-agosto-de-2022\/","url":"https:\/\/www.ine.gob.bo\/index.php\/indice-de-precios-al-consumidor-registro-un-incremento-de-004-en-agosto-de-2022\/","name":"\u00cdndice de Precios al Consumidor registr\u00f3 un incremento de 0,04% en agosto de 2022 - INE","isPartOf":{"@id":"https:\/\/www.ine.gob.bo\/#website"},"primaryImageOfPage":{"@id":"https:\/\/www.ine.gob.bo\/index.php\/indice-de-precios-al-consumidor-registro-un-incremento-de-004-en-agosto-de-2022\/#primaryimage"},"image":{"@id":"https:\/\/www.ine.gob.bo\/index.php\/indice-de-precios-al-consumidor-registro-un-incremento-de-004-en-agosto-de-2022\/#primaryimage"},"thumbnailUrl":"https:\/\/www.ine.gob.bo\/wp-content\/uploads\/2022\/09\/TAPA-NOTA-DE-PRENSA-IPC-AGOSTO.png","datePublished":"2022-09-05T18:44:09+00:00","dateModified":"2025-06-24T20:36:37+00:00","description":"P\u00e1gina oficial del Instituto Nacional de Estadistica INE, informaci\u00f3n estad\u00edstica, geogr\u00e1fica y econ\u00f3mica a nivel nacional.","breadcrumb":{"@id":"https:\/\/www.ine.gob.bo\/index.php\/indice-de-precios-al-consumidor-registro-un-incremento-de-004-en-agosto-de-2022\/#breadcrumb"},"inLanguage":"es","potentialAction":[{"@type":"ReadAction","target":["https:\/\/www.ine.gob.bo\/index.php\/indice-de-precios-al-consumidor-registro-un-incremento-de-004-en-agosto-de-2022\/"]}]},{"@type":"ImageObject","inLanguage":"es","@id":"https:\/\/www.ine.gob.bo\/index.php\/indice-de-precios-al-consumidor-registro-un-incremento-de-004-en-agosto-de-2022\/#primaryimage","url":"https:\/\/www.ine.gob.bo\/wp-content\/uploads\/2022\/09\/TAPA-NOTA-DE-PRENSA-IPC-AGOSTO.png","contentUrl":"https:\/\/www.ine.gob.bo\/wp-content\/uploads\/2022\/09\/TAPA-NOTA-DE-PRENSA-IPC-AGOSTO.png","width":652,"height":844},{"@type":"BreadcrumbList","@id":"https:\/\/www.ine.gob.bo\/index.php\/indice-de-precios-al-consumidor-registro-un-incremento-de-004-en-agosto-de-2022\/#breadcrumb","itemListElement":[{"@type":"ListItem","position":1,"name":"Portada","item":"https:\/\/www.ine.gob.bo\/"},{"@type":"ListItem","position":2,"name":"\u00cdndice de Precios al Consumidor registr\u00f3 un incremento de 0,04% en agosto de 2022"}]},{"@type":"WebSite","@id":"https:\/\/www.ine.gob.bo\/#website","url":"https:\/\/www.ine.gob.bo\/","name":"INE","description":"Instituto Nacional de Estad\u00edstica","publisher":{"@id":"https:\/\/www.ine.gob.bo\/#organization"},"potentialAction":[{"@type":"SearchAction","target":{"@type":"EntryPoint","urlTemplate":"https:\/\/www.ine.gob.bo\/?s={search_term_string}"},"query-input":"required name=search_term_string"}],"inLanguage":"es"},{"@type":"Organization","@id":"https:\/\/www.ine.gob.bo\/#organization","name":"Instituto Nacional de Estad\u00edstica","url":"https:\/\/www.ine.gob.bo\/","logo":{"@type":"ImageObject","inLanguage":"es","@id":"https:\/\/www.ine.gob.bo\/#\/schema\/logo\/image\/","url":"https:\/\/www.ine.gob.bo\/wp-content\/uploads\/2026\/02\/logo-ine.jpg","contentUrl":"https:\/\/www.ine.gob.bo\/wp-content\/uploads\/2026\/02\/logo-ine.jpg","width":799,"height":453,"caption":"Instituto Nacional de Estad\u00edstica"},"image":{"@id":"https:\/\/www.ine.gob.bo\/#\/schema\/logo\/image\/"},"sameAs":["https:\/\/www.facebook.com\/ineboliviaoficial","https:\/\/x.com\/INE_Bolivia","https:\/\/www.instagram.com\/ineboliviaoficial\/","https:\/\/www.youtube.com\/channel\/UCbIQXKLw414g5kWo1tAwqCg"]},{"@type":"Person","@id":"https:\/\/www.ine.gob.bo\/#\/schema\/person\/cd5e3dea21e6634e99cebddcca7540d1","name":"Albaro Benedicto Laime Mamani","image":{"@type":"ImageObject","inLanguage":"es","@id":"https:\/\/www.ine.gob.bo\/#\/schema\/person\/image\/","url":"https:\/\/secure.gravatar.com\/avatar\/450967f1badecac6afbf323d3a06c551f001ee9e5a1094976c96b19cce5b7180?s=96&d=mm&r=g","contentUrl":"https:\/\/secure.gravatar.com\/avatar\/450967f1badecac6afbf323d3a06c551f001ee9e5a1094976c96b19cce5b7180?s=96&d=mm&r=g","caption":"Albaro Benedicto Laime Mamani"},"url":"https:\/\/www.ine.gob.bo\/index.php\/author\/alaime\/"}]}},"rttpg_featured_image_url":{"full":["https:\/\/www.ine.gob.bo\/wp-content\/uploads\/2022\/09\/TAPA-NOTA-DE-PRENSA-IPC-AGOSTO.png",652,844,false],"landscape":["https:\/\/www.ine.gob.bo\/wp-content\/uploads\/2022\/09\/TAPA-NOTA-DE-PRENSA-IPC-AGOSTO.png",652,844,false],"portraits":["https:\/\/www.ine.gob.bo\/wp-content\/uploads\/2022\/09\/TAPA-NOTA-DE-PRENSA-IPC-AGOSTO.png",652,844,false],"thumbnail":["https:\/\/www.ine.gob.bo\/wp-content\/uploads\/2022\/09\/TAPA-NOTA-DE-PRENSA-IPC-AGOSTO-150x150.png",150,150,true],"medium":["https:\/\/www.ine.gob.bo\/wp-content\/uploads\/2022\/09\/TAPA-NOTA-DE-PRENSA-IPC-AGOSTO-232x300.png",232,300,true],"large":["https:\/\/www.ine.gob.bo\/wp-content\/uploads\/2022\/09\/TAPA-NOTA-DE-PRENSA-IPC-AGOSTO.png",652,844,false],"1536x1536":["https:\/\/www.ine.gob.bo\/wp-content\/uploads\/2022\/09\/TAPA-NOTA-DE-PRENSA-IPC-AGOSTO.png",652,844,false],"2048x2048":["https:\/\/www.ine.gob.bo\/wp-content\/uploads\/2022\/09\/TAPA-NOTA-DE-PRENSA-IPC-AGOSTO.png",652,844,false]},"rttpg_author":{"display_name":"Albaro Benedicto Laime Mamani","author_link":"https:\/\/www.ine.gob.bo\/index.php\/author\/alaime\/"},"rttpg_comment":0,"rttpg_category":"<a href=\"https:\/\/www.ine.gob.bo\/index.php\/category\/ine-noticias\/\" rel=\"category tag\">INE noticias<\/a>","rttpg_excerpt":"[vc_row][vc_column][vc_column_text] La Paz, 5 de septiembre de 2022 (INE).- El \u00cdndice de Precios al Consumidor (IPC) registr\u00f3, en agosto de 2022, un aumento de 0,04% respecto a julio. La variaci\u00f3n acumulada hasta agosto fue positiva, con un incremento de 1,62% y a doce meses de 1,55%. \u00a0 \u00a0 \u00a0 Comportamiento de Precios al Consumidor, seg\u00fan&hellip;","_links":{"self":[{"href":"https:\/\/www.ine.gob.bo\/index.php\/wp-json\/wp\/v2\/posts\/58332","targetHints":{"allow":["GET"]}}],"collection":[{"href":"https:\/\/www.ine.gob.bo\/index.php\/wp-json\/wp\/v2\/posts"}],"about":[{"href":"https:\/\/www.ine.gob.bo\/index.php\/wp-json\/wp\/v2\/types\/post"}],"author":[{"embeddable":true,"href":"https:\/\/www.ine.gob.bo\/index.php\/wp-json\/wp\/v2\/users\/19"}],"replies":[{"embeddable":true,"href":"https:\/\/www.ine.gob.bo\/index.php\/wp-json\/wp\/v2\/comments?post=58332"}],"version-history":[{"count":0,"href":"https:\/\/www.ine.gob.bo\/index.php\/wp-json\/wp\/v2\/posts\/58332\/revisions"}],"wp:featuredmedia":[{"embeddable":true,"href":"https:\/\/www.ine.gob.bo\/index.php\/wp-json\/wp\/v2\/media\/58344"}],"wp:attachment":[{"href":"https:\/\/www.ine.gob.bo\/index.php\/wp-json\/wp\/v2\/media?parent=58332"}],"wp:term":[{"taxonomy":"category","embeddable":true,"href":"https:\/\/www.ine.gob.bo\/index.php\/wp-json\/wp\/v2\/categories?post=58332"},{"taxonomy":"post_tag","embeddable":true,"href":"https:\/\/www.ine.gob.bo\/index.php\/wp-json\/wp\/v2\/tags?post=58332"}],"curies":[{"name":"wp","href":"https:\/\/api.w.org\/{rel}","templated":true}]}}