{"id":58310,"date":"2022-08-23T19:35:57","date_gmt":"2022-08-23T23:35:57","guid":{"rendered":"https:\/\/www.ine.gob.bo\/?p=58310"},"modified":"2025-06-25T10:15:01","modified_gmt":"2025-06-25T14:15:01","slug":"novena-mesa-de-trabajo-en-potosi-ratifica-la-socializacion-del-avance-del-proceso-censal","status":"publish","type":"post","link":"https:\/\/www.ine.gob.bo\/index.php\/novena-mesa-de-trabajo-en-potosi-ratifica-la-socializacion-del-avance-del-proceso-censal\/","title":{"rendered":"Novena mesa de trabajo en Potos\u00ed ratifica la socializaci\u00f3n del avance del proceso censal"},"content":{"rendered":"<p>[vc_row][vc_column][vc_column_text]<\/p>\r\n<p><strong>Potos\u00ed, 23 de agosto de 2022 (INE).- <\/strong>Luego de un debate amplio y constructivo, representantes de instituciones potosinas coincidieron en el car\u00e1cter t\u00e9cnico del Censo de Poblaci\u00f3n y Vivienda (CPV) y ratificaron la socializaci\u00f3n del avance del proceso censal, en la novena mesa t\u00e9cnica llevada a cabo en la ciudad de Potos\u00ed.<\/p>\r\n<p>La reuni\u00f3n fue dirigida por el ministro de Planificaci\u00f3n del Desarrollo, Sergio Cusicanqui y el equipo t\u00e9cnico del INE. Cont\u00f3 con la participaci\u00f3n del viceministro de Autonom\u00edas, \u00c1lvaro Ruiz, de representantes de la Asociaci\u00f3n de Municipalidades de Bolivia (AMB), autoridades del Gobierno Aut\u00f3nomo del Departamento de Potos\u00ed, Gobierno Aut\u00f3nomo Municipal de Potos\u00ed, y representantes de la Asociaci\u00f3n de Municipalidades de Potos\u00ed (AMDEPO), adem\u00e1s de la Universidad Aut\u00f3noma Tomas Fr\u00edas (UATF) y de la Universidad Nacional \u201cSiglo XX\u201d.<\/p>\r\n<p>La mesa de trabajo inici\u00f3 con la presentaci\u00f3n del Fondo de Poblaci\u00f3n de las Naciones Unidas (UNFPA), luego con la del Instituto Nacional de Estad\u00edstica (INE) sobre los avances del proceso censal y del trabajo de Actualizaci\u00f3n Cartogr\u00e1fica Estad\u00edstica (ACE) que actualmente se desarrolla en los departamentos de Beni, Santa Cruz, Pando, Potos\u00ed, Oruro, y Tarija. Posterior a las exposiciones, las instituciones presentes realizaron un di\u00e1logo t\u00e9cnico donde intercambiaron ideas y propuestas para acompa\u00f1ar el proceso censal.<\/p>\r\n<p>Tras m\u00e1s de cuatro horas de reuni\u00f3n, se arrib\u00f3 a las siguientes conclusiones:<\/p>\r\n<ol>\r\n<li style=\"list-style-type: none;\">\r\n<ol>\r\n<li style=\"list-style-type: none;\">\r\n<ol>\r\n<li>Una vez presentado el cronograma por parte del INE, los participantes coinciden en que el desarrollo del proceso censal es netamente t\u00e9cnico.<\/li>\r\n<li>La Universidad Aut\u00f3noma Tomas Fr\u00edas, remitir\u00e1 al INE para su evaluaci\u00f3n una propuesta t\u00e9cnica sobre la Actualizaci\u00f3n Cartogr\u00e1fica Estad\u00edstica.<\/li>\r\n<li>Los participantes est\u00e1n de acuerdo en el cumplimiento de los objetivos del proceso censal presentado, a fin de obtener resultados de calidad.<\/li>\r\n<li>El INE realizar\u00e1 socializaciones y coordinaciones peri\u00f3dicas para mostrar el avance del proceso censal.<\/li>\r\n<li>El gobierno aut\u00f3nomo municipal de Potos\u00ed present\u00f3 un plan estrat\u00e9gico para la atenci\u00f3n de la problem\u00e1tica poblacional para consideraci\u00f3n del INE.<\/li>\r\n<\/ol>\r\n<\/li>\r\n<\/ol>\r\n<\/li>\r\n<\/ol>\r\n<p>Los acuerdos fueron plasmados en un acta firmada por las autoridades presentes al finalizar la reuni\u00f3n, reconociendo los avances del di\u00e1logo t\u00e9cnico desarrollado.<\/p>\r\n<p>\u201cTodos coincidimos en que lo m\u00e1s importante es que al final del proceso censal, podamos tener datos de calidad y de esa manera, los diferentes niveles de gobierno: el nivel central, el nivel departamental, el nivel municipal, las universidades puedan desarrollar pol\u00edticas p\u00fablicas que atiendan las necesidades de la poblaci\u00f3n\u201d, afirm\u00f3 el ministro Cusicanqui en conferencia de prensa.<\/p>\r\n<p>La ronda de mesas t\u00e9cnicas de trabajo sobre el CPV culmina este jueves 25 de agosto en la ciudad de Trinidad.<\/p>\r\n<p>&nbsp;<\/p>\r\n<p><img loading=\"lazy\" decoding=\"async\" class=\"aligncenter wp-image-58312 size-large\" src=\"https:\/\/www.ine.gob.bo\/wp-content\/uploads\/2022\/08\/1.-Lectura-de-conclusiones-de-la-novena-reunion-tecnica-del-CPV-en-Potosi.-1024x462.jpg\" alt=\"\" width=\"1024\" height=\"462\" srcset=\"https:\/\/www.ine.gob.bo\/wp-content\/uploads\/2022\/08\/1.-Lectura-de-conclusiones-de-la-novena-reunion-tecnica-del-CPV-en-Potosi.-1024x462.jpg 1024w, https:\/\/www.ine.gob.bo\/wp-content\/uploads\/2022\/08\/1.-Lectura-de-conclusiones-de-la-novena-reunion-tecnica-del-CPV-en-Potosi.-300x135.jpg 300w, https:\/\/www.ine.gob.bo\/wp-content\/uploads\/2022\/08\/1.-Lectura-de-conclusiones-de-la-novena-reunion-tecnica-del-CPV-en-Potosi.-768x346.jpg 768w, https:\/\/www.ine.gob.bo\/wp-content\/uploads\/2022\/08\/1.-Lectura-de-conclusiones-de-la-novena-reunion-tecnica-del-CPV-en-Potosi.-1536x692.jpg 1536w, https:\/\/www.ine.gob.bo\/wp-content\/uploads\/2022\/08\/1.-Lectura-de-conclusiones-de-la-novena-reunion-tecnica-del-CPV-en-Potosi.-2048x923.jpg 2048w\" sizes=\"auto, (max-width: 1024px) 100vw, 1024px\" \/><\/p>\r\n<p style=\"text-align: center;\"><em>Lectura de conclusiones de la novena reuni\u00f3n t\u00e9cnica del CPV en Potos\u00ed.<\/em><\/p>\r\n<p>&nbsp;<\/p>\r\n<p>&nbsp;<\/p>\r\n<p class=\"has-text-align-center\" style=\"text-align: center;\"><strong><em><img loading=\"lazy\" decoding=\"async\" class=\"alignnone wp-image-58313 size-large\" src=\"https:\/\/www.ine.gob.bo\/wp-content\/uploads\/2022\/08\/2.-Novena-reunion-tecnica-del-CENSO-en-Potosi-en-ambientes-del-salon-auditorio-de-la-DDE-Potosi-1024x597.jpg\" alt=\"\" width=\"1024\" height=\"597\" srcset=\"https:\/\/www.ine.gob.bo\/wp-content\/uploads\/2022\/08\/2.-Novena-reunion-tecnica-del-CENSO-en-Potosi-en-ambientes-del-salon-auditorio-de-la-DDE-Potosi-1024x597.jpg 1024w, https:\/\/www.ine.gob.bo\/wp-content\/uploads\/2022\/08\/2.-Novena-reunion-tecnica-del-CENSO-en-Potosi-en-ambientes-del-salon-auditorio-de-la-DDE-Potosi-300x175.jpg 300w, https:\/\/www.ine.gob.bo\/wp-content\/uploads\/2022\/08\/2.-Novena-reunion-tecnica-del-CENSO-en-Potosi-en-ambientes-del-salon-auditorio-de-la-DDE-Potosi-768x448.jpg 768w, https:\/\/www.ine.gob.bo\/wp-content\/uploads\/2022\/08\/2.-Novena-reunion-tecnica-del-CENSO-en-Potosi-en-ambientes-del-salon-auditorio-de-la-DDE-Potosi-1536x896.jpg 1536w, https:\/\/www.ine.gob.bo\/wp-content\/uploads\/2022\/08\/2.-Novena-reunion-tecnica-del-CENSO-en-Potosi-en-ambientes-del-salon-auditorio-de-la-DDE-Potosi-2048x1194.jpg 2048w\" sizes=\"auto, (max-width: 1024px) 100vw, 1024px\" \/><\/em><\/strong><\/p>\r\n<p style=\"text-align: center;\"><em>Novena reuni\u00f3n t\u00e9cnica del CENSO, en Potos\u00ed en ambientes del sal\u00f3n auditorio de la\u00a0<\/em><em>Direcci\u00f3n Departamental de Educaci\u00f3n de Potos\u00ed.<\/em><\/p>\r\n<p>&nbsp;<\/p>\r\n<p>&nbsp;<\/p>\r\n<p class=\"has-text-align-center\" style=\"text-align: center;\"><strong><em>Unidad de Difusi\u00f3n y Comunicaci\u00f3n<\/em><br \/>INSTITUTO NACIONAL DE ESTAD\u00cdSTICA<\/strong><\/p>\r\n<p class=\"has-text-align-center\"><!-- \/wp:post-content --><\/p>\r\n<p><!-- wp:paragraph --><a href=\"https:\/\/nimbus.ine.gob.bo\/index.php\/s\/AGAonnrY9noHGNw\/download\">Descargar Nota de Prensa<\/a><\/p>\r\n<p class=\"has-text-align-center\"><!-- \/wp:paragraph --><\/p>\r\n<p class=\"has-text-align-center\"><!-- wp:separator --><\/p>\r\n<hr class=\"wp-block-separator\" \/>\r\n<p class=\"has-text-align-center\"><!-- \/wp:separator --><\/p>\r\n<p class=\"has-text-align-center\"><!-- wp:paragraph {\"align\":\"right\"} --><\/p>\r\n<p class=\"has-text-align-right\"><strong><em>Entidad dependiente del Ministerio de Planificaci\u00f3n del Desarrollo<\/em><\/strong><\/p>\r\n<p class=\"has-text-align-center\"><!-- \/wp:paragraph --><\/p>\r\n<p>&nbsp;<\/p>\r\n<p>[\/vc_column_text][\/vc_column][\/vc_row]<\/p>","protected":false},"excerpt":{"rendered":"<p>[vc_row][vc_column][vc_column_text] Potos\u00ed, 23 de agosto de 2022 (INE).- Luego de un debate amplio y constructivo, representantes de instituciones potosinas coincidieron en el car\u00e1cter t\u00e9cnico del Censo de Poblaci\u00f3n y Vivienda (CPV) y ratificaron la socializaci\u00f3n del avance del proceso censal, en la novena mesa t\u00e9cnica llevada a cabo en la ciudad de Potos\u00ed. La reuni\u00f3n&hellip;<\/p>\n","protected":false},"author":19,"featured_media":58312,"comment_status":"closed","ping_status":"open","sticky":false,"template":"","format":"standard","meta":[],"categories":[158],"tags":[52],"class_list":["post-58310","post","type-post","status-publish","format-standard","has-post-thumbnail","hentry","category-ine-noticias","tag-ine-noticias","category-158","description-off"],"yoast_head":"<!-- This site is optimized with the Yoast SEO plugin v23.2 - https:\/\/yoast.com\/wordpress\/plugins\/seo\/ -->\n<title>Novena mesa de trabajo en Potos\u00ed ratifica la socializaci\u00f3n del avance del proceso censal - INE<\/title>\n<meta name=\"description\" content=\"P\u00e1gina oficial del Instituto Nacional de Estadistica INE, informaci\u00f3n estad\u00edstica, geogr\u00e1fica y econ\u00f3mica a nivel nacional.\" \/>\n<meta name=\"robots\" content=\"index, follow, max-snippet:-1, max-image-preview:large, max-video-preview:-1\" \/>\n<link rel=\"canonical\" href=\"https:\/\/www.ine.gob.bo\/index.php\/novena-mesa-de-trabajo-en-potosi-ratifica-la-socializacion-del-avance-del-proceso-censal\/\" \/>\n<meta property=\"og:locale\" content=\"es_ES\" \/>\n<meta property=\"og:type\" content=\"article\" \/>\n<meta property=\"og:title\" content=\"Novena mesa de trabajo en Potos\u00ed ratifica la socializaci\u00f3n del avance del proceso censal - INE\" \/>\n<meta property=\"og:description\" content=\"P\u00e1gina oficial del Instituto Nacional de Estadistica INE, informaci\u00f3n estad\u00edstica, geogr\u00e1fica y econ\u00f3mica a nivel nacional.\" \/>\n<meta property=\"og:url\" content=\"https:\/\/www.ine.gob.bo\/index.php\/novena-mesa-de-trabajo-en-potosi-ratifica-la-socializacion-del-avance-del-proceso-censal\/\" \/>\n<meta property=\"og:site_name\" content=\"INE\" \/>\n<meta property=\"article:publisher\" content=\"https:\/\/www.facebook.com\/ineboliviaoficial\" \/>\n<meta property=\"article:published_time\" content=\"2022-08-23T23:35:57+00:00\" \/>\n<meta property=\"article:modified_time\" content=\"2025-06-25T14:15:01+00:00\" \/>\n<meta property=\"og:image\" content=\"https:\/\/www.ine.gob.bo\/wp-content\/uploads\/2022\/08\/1.-Lectura-de-conclusiones-de-la-novena-reunion-tecnica-del-CPV-en-Potosi.-scaled.jpg\" \/>\n\t<meta property=\"og:image:width\" content=\"2560\" \/>\n\t<meta property=\"og:image:height\" content=\"1154\" \/>\n\t<meta property=\"og:image:type\" content=\"image\/jpeg\" \/>\n<meta name=\"author\" content=\"Albaro Benedicto Laime Mamani\" \/>\n<meta name=\"twitter:card\" content=\"summary_large_image\" \/>\n<meta name=\"twitter:creator\" content=\"@INE_Bolivia\" \/>\n<meta name=\"twitter:site\" content=\"@INE_Bolivia\" \/>\n<meta name=\"twitter:label1\" content=\"Escrito por\" \/>\n\t<meta name=\"twitter:data1\" content=\"Albaro Benedicto Laime Mamani\" \/>\n\t<meta name=\"twitter:label2\" content=\"Tiempo de lectura\" \/>\n\t<meta name=\"twitter:data2\" content=\"3 minutos\" \/>\n<script type=\"application\/ld+json\" class=\"yoast-schema-graph\">{\"@context\":\"https:\/\/schema.org\",\"@graph\":[{\"@type\":\"Article\",\"@id\":\"https:\/\/www.ine.gob.bo\/index.php\/novena-mesa-de-trabajo-en-potosi-ratifica-la-socializacion-del-avance-del-proceso-censal\/#article\",\"isPartOf\":{\"@id\":\"https:\/\/www.ine.gob.bo\/index.php\/novena-mesa-de-trabajo-en-potosi-ratifica-la-socializacion-del-avance-del-proceso-censal\/\"},\"author\":{\"name\":\"Albaro Benedicto Laime Mamani\",\"@id\":\"https:\/\/www.ine.gob.bo\/#\/schema\/person\/cd5e3dea21e6634e99cebddcca7540d1\"},\"headline\":\"Novena mesa de trabajo en Potos\u00ed ratifica la socializaci\u00f3n del avance del proceso censal\",\"datePublished\":\"2022-08-23T23:35:57+00:00\",\"dateModified\":\"2025-06-25T14:15:01+00:00\",\"mainEntityOfPage\":{\"@id\":\"https:\/\/www.ine.gob.bo\/index.php\/novena-mesa-de-trabajo-en-potosi-ratifica-la-socializacion-del-avance-del-proceso-censal\/\"},\"wordCount\":567,\"publisher\":{\"@id\":\"https:\/\/www.ine.gob.bo\/#organization\"},\"image\":{\"@id\":\"https:\/\/www.ine.gob.bo\/index.php\/novena-mesa-de-trabajo-en-potosi-ratifica-la-socializacion-del-avance-del-proceso-censal\/#primaryimage\"},\"thumbnailUrl\":\"https:\/\/www.ine.gob.bo\/wp-content\/uploads\/2022\/08\/1.-Lectura-de-conclusiones-de-la-novena-reunion-tecnica-del-CPV-en-Potosi.-scaled.jpg\",\"keywords\":[\"INE Noticias\"],\"articleSection\":[\"INE noticias\"],\"inLanguage\":\"es\"},{\"@type\":\"WebPage\",\"@id\":\"https:\/\/www.ine.gob.bo\/index.php\/novena-mesa-de-trabajo-en-potosi-ratifica-la-socializacion-del-avance-del-proceso-censal\/\",\"url\":\"https:\/\/www.ine.gob.bo\/index.php\/novena-mesa-de-trabajo-en-potosi-ratifica-la-socializacion-del-avance-del-proceso-censal\/\",\"name\":\"Novena mesa de trabajo en Potos\u00ed ratifica la socializaci\u00f3n del avance del proceso censal - INE\",\"isPartOf\":{\"@id\":\"https:\/\/www.ine.gob.bo\/#website\"},\"primaryImageOfPage\":{\"@id\":\"https:\/\/www.ine.gob.bo\/index.php\/novena-mesa-de-trabajo-en-potosi-ratifica-la-socializacion-del-avance-del-proceso-censal\/#primaryimage\"},\"image\":{\"@id\":\"https:\/\/www.ine.gob.bo\/index.php\/novena-mesa-de-trabajo-en-potosi-ratifica-la-socializacion-del-avance-del-proceso-censal\/#primaryimage\"},\"thumbnailUrl\":\"https:\/\/www.ine.gob.bo\/wp-content\/uploads\/2022\/08\/1.-Lectura-de-conclusiones-de-la-novena-reunion-tecnica-del-CPV-en-Potosi.-scaled.jpg\",\"datePublished\":\"2022-08-23T23:35:57+00:00\",\"dateModified\":\"2025-06-25T14:15:01+00:00\",\"description\":\"P\u00e1gina oficial del Instituto Nacional de Estadistica INE, informaci\u00f3n estad\u00edstica, geogr\u00e1fica y econ\u00f3mica a nivel nacional.\",\"breadcrumb\":{\"@id\":\"https:\/\/www.ine.gob.bo\/index.php\/novena-mesa-de-trabajo-en-potosi-ratifica-la-socializacion-del-avance-del-proceso-censal\/#breadcrumb\"},\"inLanguage\":\"es\",\"potentialAction\":[{\"@type\":\"ReadAction\",\"target\":[\"https:\/\/www.ine.gob.bo\/index.php\/novena-mesa-de-trabajo-en-potosi-ratifica-la-socializacion-del-avance-del-proceso-censal\/\"]}]},{\"@type\":\"ImageObject\",\"inLanguage\":\"es\",\"@id\":\"https:\/\/www.ine.gob.bo\/index.php\/novena-mesa-de-trabajo-en-potosi-ratifica-la-socializacion-del-avance-del-proceso-censal\/#primaryimage\",\"url\":\"https:\/\/www.ine.gob.bo\/wp-content\/uploads\/2022\/08\/1.-Lectura-de-conclusiones-de-la-novena-reunion-tecnica-del-CPV-en-Potosi.-scaled.jpg\",\"contentUrl\":\"https:\/\/www.ine.gob.bo\/wp-content\/uploads\/2022\/08\/1.-Lectura-de-conclusiones-de-la-novena-reunion-tecnica-del-CPV-en-Potosi.-scaled.jpg\",\"width\":2560,\"height\":1154},{\"@type\":\"BreadcrumbList\",\"@id\":\"https:\/\/www.ine.gob.bo\/index.php\/novena-mesa-de-trabajo-en-potosi-ratifica-la-socializacion-del-avance-del-proceso-censal\/#breadcrumb\",\"itemListElement\":[{\"@type\":\"ListItem\",\"position\":1,\"name\":\"Portada\",\"item\":\"https:\/\/www.ine.gob.bo\/\"},{\"@type\":\"ListItem\",\"position\":2,\"name\":\"Novena mesa de trabajo en Potos\u00ed ratifica la socializaci\u00f3n del avance del proceso censal\"}]},{\"@type\":\"WebSite\",\"@id\":\"https:\/\/www.ine.gob.bo\/#website\",\"url\":\"https:\/\/www.ine.gob.bo\/\",\"name\":\"INE\",\"description\":\"Instituto Nacional de Estad\u00edstica\",\"publisher\":{\"@id\":\"https:\/\/www.ine.gob.bo\/#organization\"},\"potentialAction\":[{\"@type\":\"SearchAction\",\"target\":{\"@type\":\"EntryPoint\",\"urlTemplate\":\"https:\/\/www.ine.gob.bo\/?s={search_term_string}\"},\"query-input\":\"required name=search_term_string\"}],\"inLanguage\":\"es\"},{\"@type\":\"Organization\",\"@id\":\"https:\/\/www.ine.gob.bo\/#organization\",\"name\":\"Instituto Nacional de Estad\u00edstica\",\"url\":\"https:\/\/www.ine.gob.bo\/\",\"logo\":{\"@type\":\"ImageObject\",\"inLanguage\":\"es\",\"@id\":\"https:\/\/www.ine.gob.bo\/#\/schema\/logo\/image\/\",\"url\":\"https:\/\/www.ine.gob.bo\/wp-content\/uploads\/2026\/02\/logo-ine.jpg\",\"contentUrl\":\"https:\/\/www.ine.gob.bo\/wp-content\/uploads\/2026\/02\/logo-ine.jpg\",\"width\":799,\"height\":453,\"caption\":\"Instituto Nacional de Estad\u00edstica\"},\"image\":{\"@id\":\"https:\/\/www.ine.gob.bo\/#\/schema\/logo\/image\/\"},\"sameAs\":[\"https:\/\/www.facebook.com\/ineboliviaoficial\",\"https:\/\/x.com\/INE_Bolivia\",\"https:\/\/www.instagram.com\/ineboliviaoficial\/\",\"https:\/\/www.youtube.com\/channel\/UCbIQXKLw414g5kWo1tAwqCg\"]},{\"@type\":\"Person\",\"@id\":\"https:\/\/www.ine.gob.bo\/#\/schema\/person\/cd5e3dea21e6634e99cebddcca7540d1\",\"name\":\"Albaro Benedicto Laime Mamani\",\"image\":{\"@type\":\"ImageObject\",\"inLanguage\":\"es\",\"@id\":\"https:\/\/www.ine.gob.bo\/#\/schema\/person\/image\/\",\"url\":\"https:\/\/secure.gravatar.com\/avatar\/450967f1badecac6afbf323d3a06c551f001ee9e5a1094976c96b19cce5b7180?s=96&d=mm&r=g\",\"contentUrl\":\"https:\/\/secure.gravatar.com\/avatar\/450967f1badecac6afbf323d3a06c551f001ee9e5a1094976c96b19cce5b7180?s=96&d=mm&r=g\",\"caption\":\"Albaro Benedicto Laime Mamani\"},\"url\":\"https:\/\/www.ine.gob.bo\/index.php\/author\/alaime\/\"}]}<\/script>\n<!-- \/ Yoast SEO plugin. -->","yoast_head_json":{"title":"Novena mesa de trabajo en Potos\u00ed ratifica la socializaci\u00f3n del avance del proceso censal - INE","description":"P\u00e1gina oficial del Instituto Nacional de Estadistica INE, informaci\u00f3n estad\u00edstica, geogr\u00e1fica y econ\u00f3mica a nivel nacional.","robots":{"index":"index","follow":"follow","max-snippet":"max-snippet:-1","max-image-preview":"max-image-preview:large","max-video-preview":"max-video-preview:-1"},"canonical":"https:\/\/www.ine.gob.bo\/index.php\/novena-mesa-de-trabajo-en-potosi-ratifica-la-socializacion-del-avance-del-proceso-censal\/","og_locale":"es_ES","og_type":"article","og_title":"Novena mesa de trabajo en Potos\u00ed ratifica la socializaci\u00f3n del avance del proceso censal - INE","og_description":"P\u00e1gina oficial del Instituto Nacional de Estadistica INE, informaci\u00f3n estad\u00edstica, geogr\u00e1fica y econ\u00f3mica a nivel nacional.","og_url":"https:\/\/www.ine.gob.bo\/index.php\/novena-mesa-de-trabajo-en-potosi-ratifica-la-socializacion-del-avance-del-proceso-censal\/","og_site_name":"INE","article_publisher":"https:\/\/www.facebook.com\/ineboliviaoficial","article_published_time":"2022-08-23T23:35:57+00:00","article_modified_time":"2025-06-25T14:15:01+00:00","og_image":[{"width":2560,"height":1154,"url":"https:\/\/www.ine.gob.bo\/wp-content\/uploads\/2022\/08\/1.-Lectura-de-conclusiones-de-la-novena-reunion-tecnica-del-CPV-en-Potosi.-scaled.jpg","type":"image\/jpeg"}],"author":"Albaro Benedicto Laime Mamani","twitter_card":"summary_large_image","twitter_creator":"@INE_Bolivia","twitter_site":"@INE_Bolivia","twitter_misc":{"Escrito por":"Albaro Benedicto Laime Mamani","Tiempo de lectura":"3 minutos"},"schema":{"@context":"https:\/\/schema.org","@graph":[{"@type":"Article","@id":"https:\/\/www.ine.gob.bo\/index.php\/novena-mesa-de-trabajo-en-potosi-ratifica-la-socializacion-del-avance-del-proceso-censal\/#article","isPartOf":{"@id":"https:\/\/www.ine.gob.bo\/index.php\/novena-mesa-de-trabajo-en-potosi-ratifica-la-socializacion-del-avance-del-proceso-censal\/"},"author":{"name":"Albaro Benedicto Laime Mamani","@id":"https:\/\/www.ine.gob.bo\/#\/schema\/person\/cd5e3dea21e6634e99cebddcca7540d1"},"headline":"Novena mesa de trabajo en Potos\u00ed ratifica la socializaci\u00f3n del avance del proceso censal","datePublished":"2022-08-23T23:35:57+00:00","dateModified":"2025-06-25T14:15:01+00:00","mainEntityOfPage":{"@id":"https:\/\/www.ine.gob.bo\/index.php\/novena-mesa-de-trabajo-en-potosi-ratifica-la-socializacion-del-avance-del-proceso-censal\/"},"wordCount":567,"publisher":{"@id":"https:\/\/www.ine.gob.bo\/#organization"},"image":{"@id":"https:\/\/www.ine.gob.bo\/index.php\/novena-mesa-de-trabajo-en-potosi-ratifica-la-socializacion-del-avance-del-proceso-censal\/#primaryimage"},"thumbnailUrl":"https:\/\/www.ine.gob.bo\/wp-content\/uploads\/2022\/08\/1.-Lectura-de-conclusiones-de-la-novena-reunion-tecnica-del-CPV-en-Potosi.-scaled.jpg","keywords":["INE Noticias"],"articleSection":["INE noticias"],"inLanguage":"es"},{"@type":"WebPage","@id":"https:\/\/www.ine.gob.bo\/index.php\/novena-mesa-de-trabajo-en-potosi-ratifica-la-socializacion-del-avance-del-proceso-censal\/","url":"https:\/\/www.ine.gob.bo\/index.php\/novena-mesa-de-trabajo-en-potosi-ratifica-la-socializacion-del-avance-del-proceso-censal\/","name":"Novena mesa de trabajo en Potos\u00ed ratifica la socializaci\u00f3n del avance del proceso censal - INE","isPartOf":{"@id":"https:\/\/www.ine.gob.bo\/#website"},"primaryImageOfPage":{"@id":"https:\/\/www.ine.gob.bo\/index.php\/novena-mesa-de-trabajo-en-potosi-ratifica-la-socializacion-del-avance-del-proceso-censal\/#primaryimage"},"image":{"@id":"https:\/\/www.ine.gob.bo\/index.php\/novena-mesa-de-trabajo-en-potosi-ratifica-la-socializacion-del-avance-del-proceso-censal\/#primaryimage"},"thumbnailUrl":"https:\/\/www.ine.gob.bo\/wp-content\/uploads\/2022\/08\/1.-Lectura-de-conclusiones-de-la-novena-reunion-tecnica-del-CPV-en-Potosi.-scaled.jpg","datePublished":"2022-08-23T23:35:57+00:00","dateModified":"2025-06-25T14:15:01+00:00","description":"P\u00e1gina oficial del Instituto Nacional de Estadistica INE, informaci\u00f3n estad\u00edstica, geogr\u00e1fica y econ\u00f3mica a nivel nacional.","breadcrumb":{"@id":"https:\/\/www.ine.gob.bo\/index.php\/novena-mesa-de-trabajo-en-potosi-ratifica-la-socializacion-del-avance-del-proceso-censal\/#breadcrumb"},"inLanguage":"es","potentialAction":[{"@type":"ReadAction","target":["https:\/\/www.ine.gob.bo\/index.php\/novena-mesa-de-trabajo-en-potosi-ratifica-la-socializacion-del-avance-del-proceso-censal\/"]}]},{"@type":"ImageObject","inLanguage":"es","@id":"https:\/\/www.ine.gob.bo\/index.php\/novena-mesa-de-trabajo-en-potosi-ratifica-la-socializacion-del-avance-del-proceso-censal\/#primaryimage","url":"https:\/\/www.ine.gob.bo\/wp-content\/uploads\/2022\/08\/1.-Lectura-de-conclusiones-de-la-novena-reunion-tecnica-del-CPV-en-Potosi.-scaled.jpg","contentUrl":"https:\/\/www.ine.gob.bo\/wp-content\/uploads\/2022\/08\/1.-Lectura-de-conclusiones-de-la-novena-reunion-tecnica-del-CPV-en-Potosi.-scaled.jpg","width":2560,"height":1154},{"@type":"BreadcrumbList","@id":"https:\/\/www.ine.gob.bo\/index.php\/novena-mesa-de-trabajo-en-potosi-ratifica-la-socializacion-del-avance-del-proceso-censal\/#breadcrumb","itemListElement":[{"@type":"ListItem","position":1,"name":"Portada","item":"https:\/\/www.ine.gob.bo\/"},{"@type":"ListItem","position":2,"name":"Novena mesa de trabajo en Potos\u00ed ratifica la socializaci\u00f3n del avance del proceso censal"}]},{"@type":"WebSite","@id":"https:\/\/www.ine.gob.bo\/#website","url":"https:\/\/www.ine.gob.bo\/","name":"INE","description":"Instituto Nacional de Estad\u00edstica","publisher":{"@id":"https:\/\/www.ine.gob.bo\/#organization"},"potentialAction":[{"@type":"SearchAction","target":{"@type":"EntryPoint","urlTemplate":"https:\/\/www.ine.gob.bo\/?s={search_term_string}"},"query-input":"required name=search_term_string"}],"inLanguage":"es"},{"@type":"Organization","@id":"https:\/\/www.ine.gob.bo\/#organization","name":"Instituto Nacional de Estad\u00edstica","url":"https:\/\/www.ine.gob.bo\/","logo":{"@type":"ImageObject","inLanguage":"es","@id":"https:\/\/www.ine.gob.bo\/#\/schema\/logo\/image\/","url":"https:\/\/www.ine.gob.bo\/wp-content\/uploads\/2026\/02\/logo-ine.jpg","contentUrl":"https:\/\/www.ine.gob.bo\/wp-content\/uploads\/2026\/02\/logo-ine.jpg","width":799,"height":453,"caption":"Instituto Nacional de Estad\u00edstica"},"image":{"@id":"https:\/\/www.ine.gob.bo\/#\/schema\/logo\/image\/"},"sameAs":["https:\/\/www.facebook.com\/ineboliviaoficial","https:\/\/x.com\/INE_Bolivia","https:\/\/www.instagram.com\/ineboliviaoficial\/","https:\/\/www.youtube.com\/channel\/UCbIQXKLw414g5kWo1tAwqCg"]},{"@type":"Person","@id":"https:\/\/www.ine.gob.bo\/#\/schema\/person\/cd5e3dea21e6634e99cebddcca7540d1","name":"Albaro Benedicto Laime Mamani","image":{"@type":"ImageObject","inLanguage":"es","@id":"https:\/\/www.ine.gob.bo\/#\/schema\/person\/image\/","url":"https:\/\/secure.gravatar.com\/avatar\/450967f1badecac6afbf323d3a06c551f001ee9e5a1094976c96b19cce5b7180?s=96&d=mm&r=g","contentUrl":"https:\/\/secure.gravatar.com\/avatar\/450967f1badecac6afbf323d3a06c551f001ee9e5a1094976c96b19cce5b7180?s=96&d=mm&r=g","caption":"Albaro Benedicto Laime Mamani"},"url":"https:\/\/www.ine.gob.bo\/index.php\/author\/alaime\/"}]}},"rttpg_featured_image_url":{"full":["https:\/\/www.ine.gob.bo\/wp-content\/uploads\/2022\/08\/1.-Lectura-de-conclusiones-de-la-novena-reunion-tecnica-del-CPV-en-Potosi.-scaled.jpg",2560,1154,false],"landscape":["https:\/\/www.ine.gob.bo\/wp-content\/uploads\/2022\/08\/1.-Lectura-de-conclusiones-de-la-novena-reunion-tecnica-del-CPV-en-Potosi.-scaled.jpg",2560,1154,false],"portraits":["https:\/\/www.ine.gob.bo\/wp-content\/uploads\/2022\/08\/1.-Lectura-de-conclusiones-de-la-novena-reunion-tecnica-del-CPV-en-Potosi.-scaled.jpg",2560,1154,false],"thumbnail":["https:\/\/www.ine.gob.bo\/wp-content\/uploads\/2022\/08\/1.-Lectura-de-conclusiones-de-la-novena-reunion-tecnica-del-CPV-en-Potosi.-150x150.jpg",150,150,true],"medium":["https:\/\/www.ine.gob.bo\/wp-content\/uploads\/2022\/08\/1.-Lectura-de-conclusiones-de-la-novena-reunion-tecnica-del-CPV-en-Potosi.-300x135.jpg",300,135,true],"large":["https:\/\/www.ine.gob.bo\/wp-content\/uploads\/2022\/08\/1.-Lectura-de-conclusiones-de-la-novena-reunion-tecnica-del-CPV-en-Potosi.-1024x462.jpg",1024,462,true],"1536x1536":["https:\/\/www.ine.gob.bo\/wp-content\/uploads\/2022\/08\/1.-Lectura-de-conclusiones-de-la-novena-reunion-tecnica-del-CPV-en-Potosi.-1536x692.jpg",1536,692,true],"2048x2048":["https:\/\/www.ine.gob.bo\/wp-content\/uploads\/2022\/08\/1.-Lectura-de-conclusiones-de-la-novena-reunion-tecnica-del-CPV-en-Potosi.-2048x923.jpg",2048,923,true]},"rttpg_author":{"display_name":"Albaro Benedicto Laime Mamani","author_link":"https:\/\/www.ine.gob.bo\/index.php\/author\/alaime\/"},"rttpg_comment":0,"rttpg_category":"<a href=\"https:\/\/www.ine.gob.bo\/index.php\/category\/ine-noticias\/\" rel=\"category tag\">INE noticias<\/a>","rttpg_excerpt":"[vc_row][vc_column][vc_column_text] Potos\u00ed, 23 de agosto de 2022 (INE).- Luego de un debate amplio y constructivo, representantes de instituciones potosinas coincidieron en el car\u00e1cter t\u00e9cnico del Censo de Poblaci\u00f3n y Vivienda (CPV) y ratificaron la socializaci\u00f3n del avance del proceso censal, en la novena mesa t\u00e9cnica llevada a cabo en la ciudad de Potos\u00ed. La reuni\u00f3n&hellip;","_links":{"self":[{"href":"https:\/\/www.ine.gob.bo\/index.php\/wp-json\/wp\/v2\/posts\/58310","targetHints":{"allow":["GET"]}}],"collection":[{"href":"https:\/\/www.ine.gob.bo\/index.php\/wp-json\/wp\/v2\/posts"}],"about":[{"href":"https:\/\/www.ine.gob.bo\/index.php\/wp-json\/wp\/v2\/types\/post"}],"author":[{"embeddable":true,"href":"https:\/\/www.ine.gob.bo\/index.php\/wp-json\/wp\/v2\/users\/19"}],"replies":[{"embeddable":true,"href":"https:\/\/www.ine.gob.bo\/index.php\/wp-json\/wp\/v2\/comments?post=58310"}],"version-history":[{"count":0,"href":"https:\/\/www.ine.gob.bo\/index.php\/wp-json\/wp\/v2\/posts\/58310\/revisions"}],"wp:featuredmedia":[{"embeddable":true,"href":"https:\/\/www.ine.gob.bo\/index.php\/wp-json\/wp\/v2\/media\/58312"}],"wp:attachment":[{"href":"https:\/\/www.ine.gob.bo\/index.php\/wp-json\/wp\/v2\/media?parent=58310"}],"wp:term":[{"taxonomy":"category","embeddable":true,"href":"https:\/\/www.ine.gob.bo\/index.php\/wp-json\/wp\/v2\/categories?post=58310"},{"taxonomy":"post_tag","embeddable":true,"href":"https:\/\/www.ine.gob.bo\/index.php\/wp-json\/wp\/v2\/tags?post=58310"}],"curies":[{"name":"wp","href":"https:\/\/api.w.org\/{rel}","templated":true}]}}