{"id":58305,"date":"2022-08-22T19:30:54","date_gmt":"2022-08-22T23:30:54","guid":{"rendered":"https:\/\/www.ine.gob.bo\/?p=58305"},"modified":"2025-06-25T10:16:44","modified_gmt":"2025-06-25T14:16:44","slug":"chuquisaca-aprueba-el-nuevo-cronograma-del-censo-para-su-realizacion-en-2024","status":"publish","type":"post","link":"https:\/\/www.ine.gob.bo\/index.php\/chuquisaca-aprueba-el-nuevo-cronograma-del-censo-para-su-realizacion-en-2024\/","title":{"rendered":"Chuquisaca aprueba el nuevo cronograma del censo para su realizaci\u00f3n en 2024"},"content":{"rendered":"<p>[vc_row][vc_column][vc_column_text]<\/p>\r\n<p><strong>Sucre, 22 de agosto de 2022 (INE).-\u00a0 <\/strong>Las instituciones chuquisaque\u00f1as participantes de la octava mesa t\u00e9cnica de trabajo sobre el Censo de Poblaci\u00f3n y Vivienda (CPV) desarrollado en Sucre, aprobaron mediante acta, su compromiso para ejecutar esta actividad en 2024, de acuerdo al nuevo cronograma presentado por el\u00a0 Instituto Nacional de Estad\u00edstica (INE).<\/p>\r\n<p>La reuni\u00f3n fue dirigida por el ministro de Planificaci\u00f3n del Desarrollo, Sergio Cusicanqui y participaron el personal t\u00e9cnico del INE, autoridades del Gobierno Aut\u00f3nomo del Departamento de Chuquisaca, del Gobierno Aut\u00f3nomo Municipal de Sucre, de la Universidad Mayor Real y Pontificia de San Francisco Xavier de Chuquisaca (UMRPSFXCH), de la Asociaci\u00f3n de Gobiernos Aut\u00f3nomos Municipales de Chuquisaca (AGAMDECH), de la Federaci\u00f3n de Asociaciones Municipales de Bolivia (FAM-Bolivia) y de la Asociaci\u00f3n de Municipalidades de Bolivia (AMB).<\/p>\r\n<p>Tras m\u00e1s de cuatro horas de debate entre las autoridades y el equipo t\u00e9cnico del INE, se arrib\u00f3 a las siguientes conclusiones:<\/p>\r\n<ol>\r\n<li style=\"list-style-type: none;\">\r\n<ol>\r\n<li style=\"list-style-type: none;\">\r\n<ol>\r\n<li style=\"list-style-type: none;\">\r\n<ol>\r\n<li>El INE present\u00f3 el nuevo cronograma y todos los participantes coincidieron en que el proceso es altamente t\u00e9cnico.<\/li>\r\n<li>Las instituciones chuquisaque\u00f1as presentes, ratifican su compromiso para la ejecuci\u00f3n del nuevo cronograma en el segundo trimestre de 2024.<\/li>\r\n<li>La (UMRPSFXCH) ratifica su compromiso de coadyuvar en el proceso censal participando con el talento humano que dispone y en el Instituto Abierto para el enriquecimiento de la boleta censal, as\u00ed mismo destaca positivamente la participaci\u00f3n de la CEPAL, CELADE y UNFPA como organismos especializados que acompa\u00f1an el proceso censal.<\/li>\r\n<li>La AGAMDECH recomienda considerar en la estructura censal a personas que conozcan el territorio para la realizaci\u00f3n del empadronamiento.<\/li>\r\n<\/ol>\r\n<\/li>\r\n<\/ol>\r\n<\/li>\r\n<\/ol>\r\n<\/li>\r\n<\/ol>\r\n<p>Los acuerdos fueron refrendados en un acta firmada por todos los participantes de la mesa t\u00e9cnica y al finalizar la reuni\u00f3n dieron una conferencia de prensa en la que reconocieron los avances de los di\u00e1logos t\u00e9cnicos.<\/p>\r\n<p>\u201cContinuamos con la socializaci\u00f3n del proceso censal, demostramos que es posible despolitizar el proceso y de esa manera fortalecerlo\u201d, afirm\u00f3 el ministro Cusicanqui al finalizar la reuni\u00f3n, anunciando que este martes 23 se llevar\u00e1 a cabo la mesa t\u00e9cnica en la ciudad de Potos\u00ed y finalmente el jueves 25 de agosto, en la ciudad de Trinidad, Beni para avanzar hacia un Censo en consenso.<\/p>\r\n<p>&nbsp;<\/p>\r\n<p><img loading=\"lazy\" decoding=\"async\" class=\"aligncenter wp-image-58307 size-full\" src=\"https:\/\/www.ine.gob.bo\/wp-content\/uploads\/2022\/08\/1.-Lectura-de-conclusiones-de-la-octava-reunion-tecnica-del-CPV-en-Sucre-\u2013-Chuquisaca..jpg\" alt=\"\" width=\"1271\" height=\"708\" srcset=\"https:\/\/www.ine.gob.bo\/wp-content\/uploads\/2022\/08\/1.-Lectura-de-conclusiones-de-la-octava-reunion-tecnica-del-CPV-en-Sucre-\u2013-Chuquisaca..jpg 1271w, https:\/\/www.ine.gob.bo\/wp-content\/uploads\/2022\/08\/1.-Lectura-de-conclusiones-de-la-octava-reunion-tecnica-del-CPV-en-Sucre-\u2013-Chuquisaca.-300x167.jpg 300w, https:\/\/www.ine.gob.bo\/wp-content\/uploads\/2022\/08\/1.-Lectura-de-conclusiones-de-la-octava-reunion-tecnica-del-CPV-en-Sucre-\u2013-Chuquisaca.-1024x570.jpg 1024w, https:\/\/www.ine.gob.bo\/wp-content\/uploads\/2022\/08\/1.-Lectura-de-conclusiones-de-la-octava-reunion-tecnica-del-CPV-en-Sucre-\u2013-Chuquisaca.-768x428.jpg 768w\" sizes=\"auto, (max-width: 1271px) 100vw, 1271px\" \/><\/p>\r\n<p style=\"text-align: center;\"><em>Lectura de conclusiones de la octava reuni\u00f3n t\u00e9cnica del CPV en Sucre \u2013 Chuquisaca.<\/em><\/p>\r\n<p>&nbsp;<\/p>\r\n<p>&nbsp;<\/p>\r\n<p>&nbsp;<\/p>\r\n<p class=\"has-text-align-center\" style=\"text-align: center;\"><strong><em><img loading=\"lazy\" decoding=\"async\" class=\"aligncenter wp-image-58308 size-full\" src=\"https:\/\/www.ine.gob.bo\/wp-content\/uploads\/2022\/08\/2.-Octava-reunion-tecnica-del-censo-en-Sucre..jpg\" alt=\"\" width=\"1280\" height=\"958\" srcset=\"https:\/\/www.ine.gob.bo\/wp-content\/uploads\/2022\/08\/2.-Octava-reunion-tecnica-del-censo-en-Sucre..jpg 1280w, https:\/\/www.ine.gob.bo\/wp-content\/uploads\/2022\/08\/2.-Octava-reunion-tecnica-del-censo-en-Sucre.-300x225.jpg 300w, https:\/\/www.ine.gob.bo\/wp-content\/uploads\/2022\/08\/2.-Octava-reunion-tecnica-del-censo-en-Sucre.-1024x766.jpg 1024w, https:\/\/www.ine.gob.bo\/wp-content\/uploads\/2022\/08\/2.-Octava-reunion-tecnica-del-censo-en-Sucre.-768x575.jpg 768w\" sizes=\"auto, (max-width: 1280px) 100vw, 1280px\" \/><\/em><\/strong><\/p>\r\n<p style=\"text-align: center;\"><em>Octava reuni\u00f3n t\u00e9cnica del censo, en Sucre.<\/em><\/p>\r\n<p>&nbsp;<\/p>\r\n<p>&nbsp;<\/p>\r\n<p class=\"has-text-align-center\" style=\"text-align: center;\"><strong><em>Unidad de Difusi\u00f3n y Comunicaci\u00f3n<\/em><br \/>INSTITUTO NACIONAL DE ESTAD\u00cdSTICA<\/strong><\/p>\r\n<p class=\"has-text-align-center\"><!-- \/wp:post-content --><\/p>\r\n<p><!-- wp:paragraph --><a href=\"https:\/\/nimbus.ine.gob.bo\/index.php\/s\/5Jo2ZkdJd6HMySp\/download\">Descargar Nota de Prensa<\/a><\/p>\r\n<p class=\"has-text-align-center\"><!-- \/wp:paragraph --><\/p>\r\n<p class=\"has-text-align-center\"><!-- wp:separator --><\/p>\r\n<hr class=\"wp-block-separator\" \/>\r\n<p class=\"has-text-align-center\"><!-- \/wp:separator --><\/p>\r\n<p class=\"has-text-align-center\"><!-- wp:paragraph {\"align\":\"right\"} --><\/p>\r\n<p class=\"has-text-align-right\"><strong><em>Entidad dependiente del Ministerio de Planificaci\u00f3n del Desarrollo<\/em><\/strong><\/p>\r\n<p class=\"has-text-align-center\"><!-- \/wp:paragraph --><\/p>\r\n<p>&nbsp;<\/p>\r\n<p>[\/vc_column_text][\/vc_column][\/vc_row]<\/p>","protected":false},"excerpt":{"rendered":"<p>[vc_row][vc_column][vc_column_text] Sucre, 22 de agosto de 2022 (INE).-\u00a0 Las instituciones chuquisaque\u00f1as participantes de la octava mesa t\u00e9cnica de trabajo sobre el Censo de Poblaci\u00f3n y Vivienda (CPV) desarrollado en Sucre, aprobaron mediante acta, su compromiso para ejecutar esta actividad en 2024, de acuerdo al nuevo cronograma presentado por el\u00a0 Instituto Nacional de Estad\u00edstica (INE). La&hellip;<\/p>\n","protected":false},"author":19,"featured_media":58307,"comment_status":"closed","ping_status":"open","sticky":false,"template":"","format":"standard","meta":[],"categories":[158],"tags":[52],"class_list":["post-58305","post","type-post","status-publish","format-standard","has-post-thumbnail","hentry","category-ine-noticias","tag-ine-noticias","category-158","description-off"],"yoast_head":"<!-- This site is optimized with the Yoast SEO plugin v23.2 - https:\/\/yoast.com\/wordpress\/plugins\/seo\/ -->\n<title>Chuquisaca aprueba el nuevo cronograma del censo para su realizaci\u00f3n en 2024 - INE<\/title>\n<meta name=\"description\" content=\"P\u00e1gina oficial del Instituto Nacional de Estadistica INE, informaci\u00f3n estad\u00edstica, geogr\u00e1fica y econ\u00f3mica a nivel nacional.\" \/>\n<meta name=\"robots\" content=\"index, follow, max-snippet:-1, max-image-preview:large, max-video-preview:-1\" \/>\n<link rel=\"canonical\" href=\"https:\/\/www.ine.gob.bo\/index.php\/chuquisaca-aprueba-el-nuevo-cronograma-del-censo-para-su-realizacion-en-2024\/\" \/>\n<meta property=\"og:locale\" content=\"es_ES\" \/>\n<meta property=\"og:type\" content=\"article\" \/>\n<meta property=\"og:title\" content=\"Chuquisaca aprueba el nuevo cronograma del censo para su realizaci\u00f3n en 2024 - INE\" \/>\n<meta property=\"og:description\" content=\"P\u00e1gina oficial del Instituto Nacional de Estadistica INE, informaci\u00f3n estad\u00edstica, geogr\u00e1fica y econ\u00f3mica a nivel nacional.\" \/>\n<meta property=\"og:url\" content=\"https:\/\/www.ine.gob.bo\/index.php\/chuquisaca-aprueba-el-nuevo-cronograma-del-censo-para-su-realizacion-en-2024\/\" \/>\n<meta property=\"og:site_name\" content=\"INE\" \/>\n<meta property=\"article:publisher\" content=\"https:\/\/www.facebook.com\/ineboliviaoficial\" \/>\n<meta property=\"article:published_time\" content=\"2022-08-22T23:30:54+00:00\" \/>\n<meta property=\"article:modified_time\" content=\"2025-06-25T14:16:44+00:00\" \/>\n<meta property=\"og:image\" content=\"https:\/\/www.ine.gob.bo\/wp-content\/uploads\/2022\/08\/1.-Lectura-de-conclusiones-de-la-octava-reunion-tecnica-del-CPV-en-Sucre-\u2013-Chuquisaca..jpg\" \/>\n\t<meta property=\"og:image:width\" content=\"1271\" \/>\n\t<meta property=\"og:image:height\" content=\"708\" \/>\n\t<meta property=\"og:image:type\" content=\"image\/jpeg\" \/>\n<meta name=\"author\" content=\"Albaro Benedicto Laime Mamani\" \/>\n<meta name=\"twitter:card\" content=\"summary_large_image\" \/>\n<meta name=\"twitter:creator\" content=\"@INE_Bolivia\" \/>\n<meta name=\"twitter:site\" content=\"@INE_Bolivia\" \/>\n<meta name=\"twitter:label1\" content=\"Escrito por\" \/>\n\t<meta name=\"twitter:data1\" content=\"Albaro Benedicto Laime Mamani\" \/>\n\t<meta name=\"twitter:label2\" content=\"Tiempo de lectura\" \/>\n\t<meta name=\"twitter:data2\" content=\"3 minutos\" \/>\n<script type=\"application\/ld+json\" class=\"yoast-schema-graph\">{\"@context\":\"https:\/\/schema.org\",\"@graph\":[{\"@type\":\"Article\",\"@id\":\"https:\/\/www.ine.gob.bo\/index.php\/chuquisaca-aprueba-el-nuevo-cronograma-del-censo-para-su-realizacion-en-2024\/#article\",\"isPartOf\":{\"@id\":\"https:\/\/www.ine.gob.bo\/index.php\/chuquisaca-aprueba-el-nuevo-cronograma-del-censo-para-su-realizacion-en-2024\/\"},\"author\":{\"name\":\"Albaro Benedicto Laime Mamani\",\"@id\":\"https:\/\/www.ine.gob.bo\/#\/schema\/person\/cd5e3dea21e6634e99cebddcca7540d1\"},\"headline\":\"Chuquisaca aprueba el nuevo cronograma del censo para su realizaci\u00f3n en 2024\",\"datePublished\":\"2022-08-22T23:30:54+00:00\",\"dateModified\":\"2025-06-25T14:16:44+00:00\",\"mainEntityOfPage\":{\"@id\":\"https:\/\/www.ine.gob.bo\/index.php\/chuquisaca-aprueba-el-nuevo-cronograma-del-censo-para-su-realizacion-en-2024\/\"},\"wordCount\":462,\"publisher\":{\"@id\":\"https:\/\/www.ine.gob.bo\/#organization\"},\"image\":{\"@id\":\"https:\/\/www.ine.gob.bo\/index.php\/chuquisaca-aprueba-el-nuevo-cronograma-del-censo-para-su-realizacion-en-2024\/#primaryimage\"},\"thumbnailUrl\":\"https:\/\/www.ine.gob.bo\/wp-content\/uploads\/2022\/08\/1.-Lectura-de-conclusiones-de-la-octava-reunion-tecnica-del-CPV-en-Sucre-\u2013-Chuquisaca..jpg\",\"keywords\":[\"INE Noticias\"],\"articleSection\":[\"INE noticias\"],\"inLanguage\":\"es\"},{\"@type\":\"WebPage\",\"@id\":\"https:\/\/www.ine.gob.bo\/index.php\/chuquisaca-aprueba-el-nuevo-cronograma-del-censo-para-su-realizacion-en-2024\/\",\"url\":\"https:\/\/www.ine.gob.bo\/index.php\/chuquisaca-aprueba-el-nuevo-cronograma-del-censo-para-su-realizacion-en-2024\/\",\"name\":\"Chuquisaca aprueba el nuevo cronograma del censo para su realizaci\u00f3n en 2024 - INE\",\"isPartOf\":{\"@id\":\"https:\/\/www.ine.gob.bo\/#website\"},\"primaryImageOfPage\":{\"@id\":\"https:\/\/www.ine.gob.bo\/index.php\/chuquisaca-aprueba-el-nuevo-cronograma-del-censo-para-su-realizacion-en-2024\/#primaryimage\"},\"image\":{\"@id\":\"https:\/\/www.ine.gob.bo\/index.php\/chuquisaca-aprueba-el-nuevo-cronograma-del-censo-para-su-realizacion-en-2024\/#primaryimage\"},\"thumbnailUrl\":\"https:\/\/www.ine.gob.bo\/wp-content\/uploads\/2022\/08\/1.-Lectura-de-conclusiones-de-la-octava-reunion-tecnica-del-CPV-en-Sucre-\u2013-Chuquisaca..jpg\",\"datePublished\":\"2022-08-22T23:30:54+00:00\",\"dateModified\":\"2025-06-25T14:16:44+00:00\",\"description\":\"P\u00e1gina oficial del Instituto Nacional de Estadistica INE, informaci\u00f3n estad\u00edstica, geogr\u00e1fica y econ\u00f3mica a nivel nacional.\",\"breadcrumb\":{\"@id\":\"https:\/\/www.ine.gob.bo\/index.php\/chuquisaca-aprueba-el-nuevo-cronograma-del-censo-para-su-realizacion-en-2024\/#breadcrumb\"},\"inLanguage\":\"es\",\"potentialAction\":[{\"@type\":\"ReadAction\",\"target\":[\"https:\/\/www.ine.gob.bo\/index.php\/chuquisaca-aprueba-el-nuevo-cronograma-del-censo-para-su-realizacion-en-2024\/\"]}]},{\"@type\":\"ImageObject\",\"inLanguage\":\"es\",\"@id\":\"https:\/\/www.ine.gob.bo\/index.php\/chuquisaca-aprueba-el-nuevo-cronograma-del-censo-para-su-realizacion-en-2024\/#primaryimage\",\"url\":\"https:\/\/www.ine.gob.bo\/wp-content\/uploads\/2022\/08\/1.-Lectura-de-conclusiones-de-la-octava-reunion-tecnica-del-CPV-en-Sucre-\u2013-Chuquisaca..jpg\",\"contentUrl\":\"https:\/\/www.ine.gob.bo\/wp-content\/uploads\/2022\/08\/1.-Lectura-de-conclusiones-de-la-octava-reunion-tecnica-del-CPV-en-Sucre-\u2013-Chuquisaca..jpg\",\"width\":1271,\"height\":708},{\"@type\":\"BreadcrumbList\",\"@id\":\"https:\/\/www.ine.gob.bo\/index.php\/chuquisaca-aprueba-el-nuevo-cronograma-del-censo-para-su-realizacion-en-2024\/#breadcrumb\",\"itemListElement\":[{\"@type\":\"ListItem\",\"position\":1,\"name\":\"Portada\",\"item\":\"https:\/\/www.ine.gob.bo\/\"},{\"@type\":\"ListItem\",\"position\":2,\"name\":\"Chuquisaca aprueba el nuevo cronograma del censo para su realizaci\u00f3n en 2024\"}]},{\"@type\":\"WebSite\",\"@id\":\"https:\/\/www.ine.gob.bo\/#website\",\"url\":\"https:\/\/www.ine.gob.bo\/\",\"name\":\"INE\",\"description\":\"Instituto Nacional de Estad\u00edstica\",\"publisher\":{\"@id\":\"https:\/\/www.ine.gob.bo\/#organization\"},\"potentialAction\":[{\"@type\":\"SearchAction\",\"target\":{\"@type\":\"EntryPoint\",\"urlTemplate\":\"https:\/\/www.ine.gob.bo\/?s={search_term_string}\"},\"query-input\":\"required name=search_term_string\"}],\"inLanguage\":\"es\"},{\"@type\":\"Organization\",\"@id\":\"https:\/\/www.ine.gob.bo\/#organization\",\"name\":\"Instituto Nacional de Estad\u00edstica\",\"url\":\"https:\/\/www.ine.gob.bo\/\",\"logo\":{\"@type\":\"ImageObject\",\"inLanguage\":\"es\",\"@id\":\"https:\/\/www.ine.gob.bo\/#\/schema\/logo\/image\/\",\"url\":\"https:\/\/www.ine.gob.bo\/wp-content\/uploads\/2026\/02\/logo-ine.jpg\",\"contentUrl\":\"https:\/\/www.ine.gob.bo\/wp-content\/uploads\/2026\/02\/logo-ine.jpg\",\"width\":799,\"height\":453,\"caption\":\"Instituto Nacional de Estad\u00edstica\"},\"image\":{\"@id\":\"https:\/\/www.ine.gob.bo\/#\/schema\/logo\/image\/\"},\"sameAs\":[\"https:\/\/www.facebook.com\/ineboliviaoficial\",\"https:\/\/x.com\/INE_Bolivia\",\"https:\/\/www.instagram.com\/ineboliviaoficial\/\",\"https:\/\/www.youtube.com\/channel\/UCbIQXKLw414g5kWo1tAwqCg\"]},{\"@type\":\"Person\",\"@id\":\"https:\/\/www.ine.gob.bo\/#\/schema\/person\/cd5e3dea21e6634e99cebddcca7540d1\",\"name\":\"Albaro Benedicto Laime Mamani\",\"image\":{\"@type\":\"ImageObject\",\"inLanguage\":\"es\",\"@id\":\"https:\/\/www.ine.gob.bo\/#\/schema\/person\/image\/\",\"url\":\"https:\/\/secure.gravatar.com\/avatar\/450967f1badecac6afbf323d3a06c551f001ee9e5a1094976c96b19cce5b7180?s=96&d=mm&r=g\",\"contentUrl\":\"https:\/\/secure.gravatar.com\/avatar\/450967f1badecac6afbf323d3a06c551f001ee9e5a1094976c96b19cce5b7180?s=96&d=mm&r=g\",\"caption\":\"Albaro Benedicto Laime Mamani\"},\"url\":\"https:\/\/www.ine.gob.bo\/index.php\/author\/alaime\/\"}]}<\/script>\n<!-- \/ Yoast SEO plugin. -->","yoast_head_json":{"title":"Chuquisaca aprueba el nuevo cronograma del censo para su realizaci\u00f3n en 2024 - INE","description":"P\u00e1gina oficial del Instituto Nacional de Estadistica INE, informaci\u00f3n estad\u00edstica, geogr\u00e1fica y econ\u00f3mica a nivel nacional.","robots":{"index":"index","follow":"follow","max-snippet":"max-snippet:-1","max-image-preview":"max-image-preview:large","max-video-preview":"max-video-preview:-1"},"canonical":"https:\/\/www.ine.gob.bo\/index.php\/chuquisaca-aprueba-el-nuevo-cronograma-del-censo-para-su-realizacion-en-2024\/","og_locale":"es_ES","og_type":"article","og_title":"Chuquisaca aprueba el nuevo cronograma del censo para su realizaci\u00f3n en 2024 - INE","og_description":"P\u00e1gina oficial del Instituto Nacional de Estadistica INE, informaci\u00f3n estad\u00edstica, geogr\u00e1fica y econ\u00f3mica a nivel nacional.","og_url":"https:\/\/www.ine.gob.bo\/index.php\/chuquisaca-aprueba-el-nuevo-cronograma-del-censo-para-su-realizacion-en-2024\/","og_site_name":"INE","article_publisher":"https:\/\/www.facebook.com\/ineboliviaoficial","article_published_time":"2022-08-22T23:30:54+00:00","article_modified_time":"2025-06-25T14:16:44+00:00","og_image":[{"width":1271,"height":708,"url":"https:\/\/www.ine.gob.bo\/wp-content\/uploads\/2022\/08\/1.-Lectura-de-conclusiones-de-la-octava-reunion-tecnica-del-CPV-en-Sucre-\u2013-Chuquisaca..jpg","type":"image\/jpeg"}],"author":"Albaro Benedicto Laime Mamani","twitter_card":"summary_large_image","twitter_creator":"@INE_Bolivia","twitter_site":"@INE_Bolivia","twitter_misc":{"Escrito por":"Albaro Benedicto Laime Mamani","Tiempo de lectura":"3 minutos"},"schema":{"@context":"https:\/\/schema.org","@graph":[{"@type":"Article","@id":"https:\/\/www.ine.gob.bo\/index.php\/chuquisaca-aprueba-el-nuevo-cronograma-del-censo-para-su-realizacion-en-2024\/#article","isPartOf":{"@id":"https:\/\/www.ine.gob.bo\/index.php\/chuquisaca-aprueba-el-nuevo-cronograma-del-censo-para-su-realizacion-en-2024\/"},"author":{"name":"Albaro Benedicto Laime Mamani","@id":"https:\/\/www.ine.gob.bo\/#\/schema\/person\/cd5e3dea21e6634e99cebddcca7540d1"},"headline":"Chuquisaca aprueba el nuevo cronograma del censo para su realizaci\u00f3n en 2024","datePublished":"2022-08-22T23:30:54+00:00","dateModified":"2025-06-25T14:16:44+00:00","mainEntityOfPage":{"@id":"https:\/\/www.ine.gob.bo\/index.php\/chuquisaca-aprueba-el-nuevo-cronograma-del-censo-para-su-realizacion-en-2024\/"},"wordCount":462,"publisher":{"@id":"https:\/\/www.ine.gob.bo\/#organization"},"image":{"@id":"https:\/\/www.ine.gob.bo\/index.php\/chuquisaca-aprueba-el-nuevo-cronograma-del-censo-para-su-realizacion-en-2024\/#primaryimage"},"thumbnailUrl":"https:\/\/www.ine.gob.bo\/wp-content\/uploads\/2022\/08\/1.-Lectura-de-conclusiones-de-la-octava-reunion-tecnica-del-CPV-en-Sucre-\u2013-Chuquisaca..jpg","keywords":["INE Noticias"],"articleSection":["INE noticias"],"inLanguage":"es"},{"@type":"WebPage","@id":"https:\/\/www.ine.gob.bo\/index.php\/chuquisaca-aprueba-el-nuevo-cronograma-del-censo-para-su-realizacion-en-2024\/","url":"https:\/\/www.ine.gob.bo\/index.php\/chuquisaca-aprueba-el-nuevo-cronograma-del-censo-para-su-realizacion-en-2024\/","name":"Chuquisaca aprueba el nuevo cronograma del censo para su realizaci\u00f3n en 2024 - INE","isPartOf":{"@id":"https:\/\/www.ine.gob.bo\/#website"},"primaryImageOfPage":{"@id":"https:\/\/www.ine.gob.bo\/index.php\/chuquisaca-aprueba-el-nuevo-cronograma-del-censo-para-su-realizacion-en-2024\/#primaryimage"},"image":{"@id":"https:\/\/www.ine.gob.bo\/index.php\/chuquisaca-aprueba-el-nuevo-cronograma-del-censo-para-su-realizacion-en-2024\/#primaryimage"},"thumbnailUrl":"https:\/\/www.ine.gob.bo\/wp-content\/uploads\/2022\/08\/1.-Lectura-de-conclusiones-de-la-octava-reunion-tecnica-del-CPV-en-Sucre-\u2013-Chuquisaca..jpg","datePublished":"2022-08-22T23:30:54+00:00","dateModified":"2025-06-25T14:16:44+00:00","description":"P\u00e1gina oficial del Instituto Nacional de Estadistica INE, informaci\u00f3n estad\u00edstica, geogr\u00e1fica y econ\u00f3mica a nivel nacional.","breadcrumb":{"@id":"https:\/\/www.ine.gob.bo\/index.php\/chuquisaca-aprueba-el-nuevo-cronograma-del-censo-para-su-realizacion-en-2024\/#breadcrumb"},"inLanguage":"es","potentialAction":[{"@type":"ReadAction","target":["https:\/\/www.ine.gob.bo\/index.php\/chuquisaca-aprueba-el-nuevo-cronograma-del-censo-para-su-realizacion-en-2024\/"]}]},{"@type":"ImageObject","inLanguage":"es","@id":"https:\/\/www.ine.gob.bo\/index.php\/chuquisaca-aprueba-el-nuevo-cronograma-del-censo-para-su-realizacion-en-2024\/#primaryimage","url":"https:\/\/www.ine.gob.bo\/wp-content\/uploads\/2022\/08\/1.-Lectura-de-conclusiones-de-la-octava-reunion-tecnica-del-CPV-en-Sucre-\u2013-Chuquisaca..jpg","contentUrl":"https:\/\/www.ine.gob.bo\/wp-content\/uploads\/2022\/08\/1.-Lectura-de-conclusiones-de-la-octava-reunion-tecnica-del-CPV-en-Sucre-\u2013-Chuquisaca..jpg","width":1271,"height":708},{"@type":"BreadcrumbList","@id":"https:\/\/www.ine.gob.bo\/index.php\/chuquisaca-aprueba-el-nuevo-cronograma-del-censo-para-su-realizacion-en-2024\/#breadcrumb","itemListElement":[{"@type":"ListItem","position":1,"name":"Portada","item":"https:\/\/www.ine.gob.bo\/"},{"@type":"ListItem","position":2,"name":"Chuquisaca aprueba el nuevo cronograma del censo para su realizaci\u00f3n en 2024"}]},{"@type":"WebSite","@id":"https:\/\/www.ine.gob.bo\/#website","url":"https:\/\/www.ine.gob.bo\/","name":"INE","description":"Instituto Nacional de Estad\u00edstica","publisher":{"@id":"https:\/\/www.ine.gob.bo\/#organization"},"potentialAction":[{"@type":"SearchAction","target":{"@type":"EntryPoint","urlTemplate":"https:\/\/www.ine.gob.bo\/?s={search_term_string}"},"query-input":"required name=search_term_string"}],"inLanguage":"es"},{"@type":"Organization","@id":"https:\/\/www.ine.gob.bo\/#organization","name":"Instituto Nacional de Estad\u00edstica","url":"https:\/\/www.ine.gob.bo\/","logo":{"@type":"ImageObject","inLanguage":"es","@id":"https:\/\/www.ine.gob.bo\/#\/schema\/logo\/image\/","url":"https:\/\/www.ine.gob.bo\/wp-content\/uploads\/2026\/02\/logo-ine.jpg","contentUrl":"https:\/\/www.ine.gob.bo\/wp-content\/uploads\/2026\/02\/logo-ine.jpg","width":799,"height":453,"caption":"Instituto Nacional de Estad\u00edstica"},"image":{"@id":"https:\/\/www.ine.gob.bo\/#\/schema\/logo\/image\/"},"sameAs":["https:\/\/www.facebook.com\/ineboliviaoficial","https:\/\/x.com\/INE_Bolivia","https:\/\/www.instagram.com\/ineboliviaoficial\/","https:\/\/www.youtube.com\/channel\/UCbIQXKLw414g5kWo1tAwqCg"]},{"@type":"Person","@id":"https:\/\/www.ine.gob.bo\/#\/schema\/person\/cd5e3dea21e6634e99cebddcca7540d1","name":"Albaro Benedicto Laime Mamani","image":{"@type":"ImageObject","inLanguage":"es","@id":"https:\/\/www.ine.gob.bo\/#\/schema\/person\/image\/","url":"https:\/\/secure.gravatar.com\/avatar\/450967f1badecac6afbf323d3a06c551f001ee9e5a1094976c96b19cce5b7180?s=96&d=mm&r=g","contentUrl":"https:\/\/secure.gravatar.com\/avatar\/450967f1badecac6afbf323d3a06c551f001ee9e5a1094976c96b19cce5b7180?s=96&d=mm&r=g","caption":"Albaro Benedicto Laime Mamani"},"url":"https:\/\/www.ine.gob.bo\/index.php\/author\/alaime\/"}]}},"rttpg_featured_image_url":{"full":["https:\/\/www.ine.gob.bo\/wp-content\/uploads\/2022\/08\/1.-Lectura-de-conclusiones-de-la-octava-reunion-tecnica-del-CPV-en-Sucre-\u2013-Chuquisaca..jpg",1271,708,false],"landscape":["https:\/\/www.ine.gob.bo\/wp-content\/uploads\/2022\/08\/1.-Lectura-de-conclusiones-de-la-octava-reunion-tecnica-del-CPV-en-Sucre-\u2013-Chuquisaca..jpg",1271,708,false],"portraits":["https:\/\/www.ine.gob.bo\/wp-content\/uploads\/2022\/08\/1.-Lectura-de-conclusiones-de-la-octava-reunion-tecnica-del-CPV-en-Sucre-\u2013-Chuquisaca..jpg",1271,708,false],"thumbnail":["https:\/\/www.ine.gob.bo\/wp-content\/uploads\/2022\/08\/1.-Lectura-de-conclusiones-de-la-octava-reunion-tecnica-del-CPV-en-Sucre-\u2013-Chuquisaca.-150x150.jpg",150,150,true],"medium":["https:\/\/www.ine.gob.bo\/wp-content\/uploads\/2022\/08\/1.-Lectura-de-conclusiones-de-la-octava-reunion-tecnica-del-CPV-en-Sucre-\u2013-Chuquisaca.-300x167.jpg",300,167,true],"large":["https:\/\/www.ine.gob.bo\/wp-content\/uploads\/2022\/08\/1.-Lectura-de-conclusiones-de-la-octava-reunion-tecnica-del-CPV-en-Sucre-\u2013-Chuquisaca.-1024x570.jpg",1024,570,true],"1536x1536":["https:\/\/www.ine.gob.bo\/wp-content\/uploads\/2022\/08\/1.-Lectura-de-conclusiones-de-la-octava-reunion-tecnica-del-CPV-en-Sucre-\u2013-Chuquisaca..jpg",1271,708,false],"2048x2048":["https:\/\/www.ine.gob.bo\/wp-content\/uploads\/2022\/08\/1.-Lectura-de-conclusiones-de-la-octava-reunion-tecnica-del-CPV-en-Sucre-\u2013-Chuquisaca..jpg",1271,708,false]},"rttpg_author":{"display_name":"Albaro Benedicto Laime Mamani","author_link":"https:\/\/www.ine.gob.bo\/index.php\/author\/alaime\/"},"rttpg_comment":0,"rttpg_category":"<a href=\"https:\/\/www.ine.gob.bo\/index.php\/category\/ine-noticias\/\" rel=\"category tag\">INE noticias<\/a>","rttpg_excerpt":"[vc_row][vc_column][vc_column_text] Sucre, 22 de agosto de 2022 (INE).-\u00a0 Las instituciones chuquisaque\u00f1as participantes de la octava mesa t\u00e9cnica de trabajo sobre el Censo de Poblaci\u00f3n y Vivienda (CPV) desarrollado en Sucre, aprobaron mediante acta, su compromiso para ejecutar esta actividad en 2024, de acuerdo al nuevo cronograma presentado por el\u00a0 Instituto Nacional de Estad\u00edstica (INE). La&hellip;","_links":{"self":[{"href":"https:\/\/www.ine.gob.bo\/index.php\/wp-json\/wp\/v2\/posts\/58305","targetHints":{"allow":["GET"]}}],"collection":[{"href":"https:\/\/www.ine.gob.bo\/index.php\/wp-json\/wp\/v2\/posts"}],"about":[{"href":"https:\/\/www.ine.gob.bo\/index.php\/wp-json\/wp\/v2\/types\/post"}],"author":[{"embeddable":true,"href":"https:\/\/www.ine.gob.bo\/index.php\/wp-json\/wp\/v2\/users\/19"}],"replies":[{"embeddable":true,"href":"https:\/\/www.ine.gob.bo\/index.php\/wp-json\/wp\/v2\/comments?post=58305"}],"version-history":[{"count":0,"href":"https:\/\/www.ine.gob.bo\/index.php\/wp-json\/wp\/v2\/posts\/58305\/revisions"}],"wp:featuredmedia":[{"embeddable":true,"href":"https:\/\/www.ine.gob.bo\/index.php\/wp-json\/wp\/v2\/media\/58307"}],"wp:attachment":[{"href":"https:\/\/www.ine.gob.bo\/index.php\/wp-json\/wp\/v2\/media?parent=58305"}],"wp:term":[{"taxonomy":"category","embeddable":true,"href":"https:\/\/www.ine.gob.bo\/index.php\/wp-json\/wp\/v2\/categories?post=58305"},{"taxonomy":"post_tag","embeddable":true,"href":"https:\/\/www.ine.gob.bo\/index.php\/wp-json\/wp\/v2\/tags?post=58305"}],"curies":[{"name":"wp","href":"https:\/\/api.w.org\/{rel}","templated":true}]}}