{"id":58296,"date":"2022-08-19T18:00:53","date_gmt":"2022-08-19T22:00:53","guid":{"rendered":"https:\/\/www.ine.gob.bo\/?p=58296"},"modified":"2025-06-25T10:19:10","modified_gmt":"2025-06-25T14:19:10","slug":"cronograma-del-censo-para-2024-es-apoyada-por-mesa-tecnica-de-cobija-pando","status":"publish","type":"post","link":"https:\/\/www.ine.gob.bo\/index.php\/cronograma-del-censo-para-2024-es-apoyada-por-mesa-tecnica-de-cobija-pando\/","title":{"rendered":"Cronograma del censo para 2024 es apoyada por mesa t\u00e9cnica de Cobija, Pando"},"content":{"rendered":"<p>[vc_row][vc_column][vc_column_text]<\/p>\r\n<p><strong>Cobija, 19 de agosto de 2022 (INE).-\u00a0 <\/strong>Este viernes la ciudad de Cobija fue el escenario de la s\u00e9ptima reuni\u00f3n de la mesa t\u00e9cnica sobre el Censo de Poblaci\u00f3n y Vivienda (CPV). Esta actividad organizada por el Ministerio de Planificaci\u00f3n y el Instituto Nacional de Estad\u00edstica (INE), tuvo cinco conclusiones en la que destaca que el censo debe realizarse en 2024 y haya m\u00e1s difusi\u00f3n y socializaciones.<\/p>\r\n<p>La mesa t\u00e9cnica se desarroll\u00f3 en el marco de los acuerdos establecidos entre el presidente del Estado Plurinacional de Bolivia, Luis Arce, alcaldes de las nueve ciudades capitales de departamento y El Alto, el 27 de julio de la presente gesti\u00f3n, e indica que las mesas t\u00e9cnicas de trabajo se desarrollar\u00e1n del 8 al 25 de agosto.<\/p>\r\n<p>La mesa t\u00e9cnica fue dirigida por el ministro de Planificaci\u00f3n del Desarrollo, Sergio Armando Cusicanqui y participaron t\u00e9cnicos del Instituto Nacional de Estad\u00edstica (INE), el presidente de la Asociaci\u00f3n de Municipios de Pando (AMDEPANDO), Eduardo Flores Queteguari; la alcaldesa del municipio de Cobija, Ana Lucia Reis Melena; el rector de la Universidad Amaz\u00f3nica de Pando (UAP), Franz Navia Miranda y representantes de la Federaci\u00f3n de Asociaciones Municipales Bolivia (FAM), la Asociaci\u00f3n de Municipalidades de Bolivia (AMB).<\/p>\r\n<p>Luego de cinco horas de intercambio de informaci\u00f3n, an\u00e1lisis y debate, las autoridades acordaron la importancia de colaborar con el proceso Censal, refrendando un acta en convenio con las siguientes conclusiones:<\/p>\r\n<ol>\r\n<li style=\"list-style-type: none;\">\r\n<ol>\r\n<li style=\"list-style-type: none;\">\r\n<ol>\r\n<li style=\"list-style-type: none;\">\r\n<ol>\r\n<li style=\"list-style-type: none;\">\r\n<ol>\r\n<li>El INE present\u00f3 el nuevo cronograma 2024, y los presentes coincidieron en que el desarrollo del Censo de Poblaci\u00f3n y Vivienda es un proceso netamente t\u00e9cnico.<\/li>\r\n<li>Los participantes manifestaron su compromiso para apoyar el cumplimiento del cronograma propuesto.<\/li>\r\n<li>El INE realizar\u00e1 reuniones peri\u00f3dicas de socializaci\u00f3n y monitoreo sobre el avance del proceso censal.<\/li>\r\n<li>La Universidad Amaz\u00f3nica de Pando har\u00e1 llegar al INE para su evaluaci\u00f3n, su propuesta de apoyo t\u00e9cnico y de otros servicios, en la Actualizaci\u00f3n Cartogr\u00e1fica Estad\u00edstica y en el empadronamiento.<\/li>\r\n<li>AMDEPANDO solicita que se haga un proceso de difusi\u00f3n comunicacional contextualizado a la regi\u00f3n con \u00e9nfasis en los pueblos ind\u00edgenas.<\/li>\r\n<\/ol>\r\n<\/li>\r\n<\/ol>\r\n<\/li>\r\n<\/ol>\r\n<\/li>\r\n<\/ol>\r\n<\/li>\r\n<\/ol>\r\n<p>Posterior al encuentro, las autoridades destacaron la importancia de este tipo de escenarios, es el caso del ministro de Planificaci\u00f3n del Desarrollo, Sergio Cusicanqui, destac\u00f3 el evento como exitoso: \u201cSon espacios de di\u00e1logo muy positivos que nos permiten despolitizar el proceso censal, conforme con la participaci\u00f3n de las autoridades,\u00a0coincidimos que este proceso debe enmarcarse en un ambiente netamente t\u00e9cnico\u201d, refiri\u00f3.<\/p>\r\n<p>La alcaldesa de Cobija, Ana Lucia Reis indic\u00f3: \u201cconforme con los resultados porque se asume consenso entre las autoridades participantes, municipios, universidades y autoridades del nivel central de gobierno, todo el apoyo\u201d.<\/p>\r\n<p>El primer vicepresidente de la AMB, Juan Manuel Ruiz, aplaudi\u00f3 los acuerdos: \u201cTodos coordinamos y coincidimos en la importancia de llevar adelante el censo en 2024, lo bueno es que se toma en cuenta la realidad del Oriente, con relaci\u00f3n a la zafra de Casta\u00f1a, es lo que hab\u00edamos solicitado\u201d.<\/p>\r\n<p>La ronda de visitas continuar\u00e1 en las ciudades de: Sucre el lunes 22 de agosto y en Potos\u00ed el martes 23, y finalmente en Trinidad el jueves 25 de agosto.<\/p>\r\n<p>&nbsp;<\/p>\r\n<p><img loading=\"lazy\" decoding=\"async\" class=\"aligncenter wp-image-58298 size-full\" src=\"https:\/\/www.ine.gob.bo\/wp-content\/uploads\/2022\/09\/1.-Lectura-de-conclusiones-de-la-septima-reunion-tecnica-del-CPV-en-Cobija-\u2013-Pando.jpg\" alt=\"\" width=\"901\" height=\"515\" srcset=\"https:\/\/www.ine.gob.bo\/wp-content\/uploads\/2022\/09\/1.-Lectura-de-conclusiones-de-la-septima-reunion-tecnica-del-CPV-en-Cobija-\u2013-Pando.jpg 901w, https:\/\/www.ine.gob.bo\/wp-content\/uploads\/2022\/09\/1.-Lectura-de-conclusiones-de-la-septima-reunion-tecnica-del-CPV-en-Cobija-\u2013-Pando-300x171.jpg 300w, https:\/\/www.ine.gob.bo\/wp-content\/uploads\/2022\/09\/1.-Lectura-de-conclusiones-de-la-septima-reunion-tecnica-del-CPV-en-Cobija-\u2013-Pando-768x439.jpg 768w\" sizes=\"auto, (max-width: 901px) 100vw, 901px\" \/><\/p>\r\n<p style=\"text-align: center;\"><em>Lectura de conclusiones de la s\u00e9ptima reuni\u00f3n t\u00e9cnica del CPV en Cobija \u2013 Pando.<\/em><\/p>\r\n<p>&nbsp;<\/p>\r\n<p><img loading=\"lazy\" decoding=\"async\" class=\"aligncenter wp-image-58299 size-full\" src=\"https:\/\/www.ine.gob.bo\/wp-content\/uploads\/2022\/09\/2.-Septima-reunion-tecnica-del-CENSO-en-Cobija.jpg\" alt=\"\" width=\"900\" height=\"674\" srcset=\"https:\/\/www.ine.gob.bo\/wp-content\/uploads\/2022\/09\/2.-Septima-reunion-tecnica-del-CENSO-en-Cobija.jpg 900w, https:\/\/www.ine.gob.bo\/wp-content\/uploads\/2022\/09\/2.-Septima-reunion-tecnica-del-CENSO-en-Cobija-300x225.jpg 300w, https:\/\/www.ine.gob.bo\/wp-content\/uploads\/2022\/09\/2.-Septima-reunion-tecnica-del-CENSO-en-Cobija-768x575.jpg 768w\" sizes=\"auto, (max-width: 900px) 100vw, 900px\" \/><\/p>\r\n<p style=\"text-align: center;\"><em>S\u00e9ptima reuni\u00f3n t\u00e9cnica del CENSO, en Cobija.<\/em><\/p>\r\n<p>&nbsp;<\/p>\r\n<p><img loading=\"lazy\" decoding=\"async\" class=\"aligncenter wp-image-58300 size-full\" src=\"https:\/\/www.ine.gob.bo\/wp-content\/uploads\/2022\/09\/3.-Ministro-de-Planificacion-del-Desarrollo-Sergio-Armando-Cusicanqui-Loayza-en-declaraciones-a-la-prensa-Cobija.jpg\" alt=\"\" width=\"900\" height=\"530\" srcset=\"https:\/\/www.ine.gob.bo\/wp-content\/uploads\/2022\/09\/3.-Ministro-de-Planificacion-del-Desarrollo-Sergio-Armando-Cusicanqui-Loayza-en-declaraciones-a-la-prensa-Cobija.jpg 900w, https:\/\/www.ine.gob.bo\/wp-content\/uploads\/2022\/09\/3.-Ministro-de-Planificacion-del-Desarrollo-Sergio-Armando-Cusicanqui-Loayza-en-declaraciones-a-la-prensa-Cobija-300x177.jpg 300w, https:\/\/www.ine.gob.bo\/wp-content\/uploads\/2022\/09\/3.-Ministro-de-Planificacion-del-Desarrollo-Sergio-Armando-Cusicanqui-Loayza-en-declaraciones-a-la-prensa-Cobija-768x452.jpg 768w\" sizes=\"auto, (max-width: 900px) 100vw, 900px\" \/><\/p>\r\n<p style=\"text-align: center;\"><em>Ministro de Planificaci\u00f3n del Desarrollo, Sergio Armando Cusicanqui Loayza en declaraciones a la prensa.<\/em><\/p>\r\n<p>&nbsp;<\/p>\r\n<p><img loading=\"lazy\" decoding=\"async\" class=\"aligncenter wp-image-58301 \" src=\"https:\/\/www.ine.gob.bo\/wp-content\/uploads\/2022\/09\/4.-Alcaldesa-de-Cobija-Ana-Lucia-Reis-Melena.jpg\" alt=\"\" width=\"899\" height=\"529\" srcset=\"https:\/\/www.ine.gob.bo\/wp-content\/uploads\/2022\/09\/4.-Alcaldesa-de-Cobija-Ana-Lucia-Reis-Melena.jpg 765w, https:\/\/www.ine.gob.bo\/wp-content\/uploads\/2022\/09\/4.-Alcaldesa-de-Cobija-Ana-Lucia-Reis-Melena-300x176.jpg 300w\" sizes=\"auto, (max-width: 899px) 100vw, 899px\" \/><\/p>\r\n<p style=\"text-align: center;\"><em>Alcaldesa de Cobija, Ana Lucia Reis Melena<\/em><\/p>\r\n<p>&nbsp;<\/p>\r\n<p class=\"has-text-align-center\" style=\"text-align: center;\"><strong><em><img loading=\"lazy\" decoding=\"async\" class=\"aligncenter wp-image-58302 size-full\" src=\"https:\/\/www.ine.gob.bo\/wp-content\/uploads\/2022\/09\/5.-Juan-Manuel-Ruiz-Moscoso-primer-vicepresidente-Asociacion-de-Municipalidades-de-Bolivia-Cobija.jpg\" alt=\"\" width=\"900\" height=\"522\" srcset=\"https:\/\/www.ine.gob.bo\/wp-content\/uploads\/2022\/09\/5.-Juan-Manuel-Ruiz-Moscoso-primer-vicepresidente-Asociacion-de-Municipalidades-de-Bolivia-Cobija.jpg 900w, https:\/\/www.ine.gob.bo\/wp-content\/uploads\/2022\/09\/5.-Juan-Manuel-Ruiz-Moscoso-primer-vicepresidente-Asociacion-de-Municipalidades-de-Bolivia-Cobija-300x174.jpg 300w, https:\/\/www.ine.gob.bo\/wp-content\/uploads\/2022\/09\/5.-Juan-Manuel-Ruiz-Moscoso-primer-vicepresidente-Asociacion-de-Municipalidades-de-Bolivia-Cobija-768x445.jpg 768w\" sizes=\"auto, (max-width: 900px) 100vw, 900px\" \/><\/em><\/strong><\/p>\r\n<p style=\"text-align: center;\"><em>Juan Manuel Ruiz Moscoso, primer vicepresidente Asociaci\u00f3n de Municipalidades de Bolivia<\/em><\/p>\r\n<p>&nbsp;<\/p>\r\n<p class=\"has-text-align-center\" style=\"text-align: center;\"><strong><em>Unidad de Difusi\u00f3n y Comunicaci\u00f3n<\/em><br \/>INSTITUTO NACIONAL DE ESTAD\u00cdSTICA<\/strong><\/p>\r\n<p class=\"has-text-align-center\"><!-- \/wp:post-content --><\/p>\r\n<p><!-- wp:paragraph --><a href=\"https:\/\/nimbus.ine.gob.bo\/index.php\/s\/iw6g4GBTj2M2LcY\/download\">Descargar Nota de Prensa<\/a><\/p>\r\n<p class=\"has-text-align-center\"><!-- \/wp:paragraph --><\/p>\r\n<p class=\"has-text-align-center\"><!-- wp:separator --><\/p>\r\n<hr class=\"wp-block-separator\" \/>\r\n<p class=\"has-text-align-center\"><!-- \/wp:separator --><\/p>\r\n<p class=\"has-text-align-center\"><!-- wp:paragraph {\"align\":\"right\"} --><\/p>\r\n<p class=\"has-text-align-right\"><strong><em>Entidad dependiente del Ministerio de Planificaci\u00f3n del Desarrollo<\/em><\/strong><\/p>\r\n<p class=\"has-text-align-center\"><!-- \/wp:paragraph --><\/p>\r\n<p>&nbsp;<\/p>\r\n<p>[\/vc_column_text][\/vc_column][\/vc_row]<\/p>","protected":false},"excerpt":{"rendered":"<p>[vc_row][vc_column][vc_column_text] Cobija, 19 de agosto de 2022 (INE).-\u00a0 Este viernes la ciudad de Cobija fue el escenario de la s\u00e9ptima reuni\u00f3n de la mesa t\u00e9cnica sobre el Censo de Poblaci\u00f3n y Vivienda (CPV). Esta actividad organizada por el Ministerio de Planificaci\u00f3n y el Instituto Nacional de Estad\u00edstica (INE), tuvo cinco conclusiones en la que destaca&hellip;<\/p>\n","protected":false},"author":19,"featured_media":58298,"comment_status":"closed","ping_status":"open","sticky":false,"template":"","format":"standard","meta":[],"categories":[158],"tags":[52],"class_list":["post-58296","post","type-post","status-publish","format-standard","has-post-thumbnail","hentry","category-ine-noticias","tag-ine-noticias","category-158","description-off"],"yoast_head":"<!-- This site is optimized with the Yoast SEO plugin v23.2 - https:\/\/yoast.com\/wordpress\/plugins\/seo\/ -->\n<title>Cronograma del censo para 2024 es apoyada por mesa t\u00e9cnica de Cobija, Pando - INE<\/title>\n<meta name=\"description\" content=\"P\u00e1gina oficial del Instituto Nacional de Estadistica INE, informaci\u00f3n estad\u00edstica, geogr\u00e1fica y econ\u00f3mica a nivel nacional.\" \/>\n<meta name=\"robots\" content=\"index, follow, max-snippet:-1, max-image-preview:large, max-video-preview:-1\" \/>\n<link rel=\"canonical\" href=\"https:\/\/www.ine.gob.bo\/index.php\/cronograma-del-censo-para-2024-es-apoyada-por-mesa-tecnica-de-cobija-pando\/\" \/>\n<meta property=\"og:locale\" content=\"es_ES\" \/>\n<meta property=\"og:type\" content=\"article\" \/>\n<meta property=\"og:title\" content=\"Cronograma del censo para 2024 es apoyada por mesa t\u00e9cnica de Cobija, Pando - INE\" \/>\n<meta property=\"og:description\" content=\"P\u00e1gina oficial del Instituto Nacional de Estadistica INE, informaci\u00f3n estad\u00edstica, geogr\u00e1fica y econ\u00f3mica a nivel nacional.\" \/>\n<meta property=\"og:url\" content=\"https:\/\/www.ine.gob.bo\/index.php\/cronograma-del-censo-para-2024-es-apoyada-por-mesa-tecnica-de-cobija-pando\/\" \/>\n<meta property=\"og:site_name\" content=\"INE\" \/>\n<meta property=\"article:publisher\" content=\"https:\/\/www.facebook.com\/ineboliviaoficial\" \/>\n<meta property=\"article:published_time\" content=\"2022-08-19T22:00:53+00:00\" \/>\n<meta property=\"article:modified_time\" content=\"2025-06-25T14:19:10+00:00\" \/>\n<meta property=\"og:image\" content=\"https:\/\/www.ine.gob.bo\/wp-content\/uploads\/2022\/09\/1.-Lectura-de-conclusiones-de-la-septima-reunion-tecnica-del-CPV-en-Cobija-\u2013-Pando.jpg\" \/>\n\t<meta property=\"og:image:width\" content=\"901\" \/>\n\t<meta property=\"og:image:height\" content=\"515\" \/>\n\t<meta property=\"og:image:type\" content=\"image\/jpeg\" \/>\n<meta name=\"author\" content=\"Albaro Benedicto Laime Mamani\" \/>\n<meta name=\"twitter:card\" content=\"summary_large_image\" \/>\n<meta name=\"twitter:creator\" content=\"@INE_Bolivia\" \/>\n<meta name=\"twitter:site\" content=\"@INE_Bolivia\" \/>\n<meta name=\"twitter:label1\" content=\"Escrito por\" \/>\n\t<meta name=\"twitter:data1\" content=\"Albaro Benedicto Laime Mamani\" \/>\n\t<meta name=\"twitter:label2\" content=\"Tiempo de lectura\" \/>\n\t<meta name=\"twitter:data2\" content=\"4 minutos\" \/>\n<script type=\"application\/ld+json\" class=\"yoast-schema-graph\">{\"@context\":\"https:\/\/schema.org\",\"@graph\":[{\"@type\":\"Article\",\"@id\":\"https:\/\/www.ine.gob.bo\/index.php\/cronograma-del-censo-para-2024-es-apoyada-por-mesa-tecnica-de-cobija-pando\/#article\",\"isPartOf\":{\"@id\":\"https:\/\/www.ine.gob.bo\/index.php\/cronograma-del-censo-para-2024-es-apoyada-por-mesa-tecnica-de-cobija-pando\/\"},\"author\":{\"name\":\"Albaro Benedicto Laime Mamani\",\"@id\":\"https:\/\/www.ine.gob.bo\/#\/schema\/person\/cd5e3dea21e6634e99cebddcca7540d1\"},\"headline\":\"Cronograma del censo para 2024 es apoyada por mesa t\u00e9cnica de Cobija, Pando\",\"datePublished\":\"2022-08-19T22:00:53+00:00\",\"dateModified\":\"2025-06-25T14:19:10+00:00\",\"mainEntityOfPage\":{\"@id\":\"https:\/\/www.ine.gob.bo\/index.php\/cronograma-del-censo-para-2024-es-apoyada-por-mesa-tecnica-de-cobija-pando\/\"},\"wordCount\":658,\"publisher\":{\"@id\":\"https:\/\/www.ine.gob.bo\/#organization\"},\"image\":{\"@id\":\"https:\/\/www.ine.gob.bo\/index.php\/cronograma-del-censo-para-2024-es-apoyada-por-mesa-tecnica-de-cobija-pando\/#primaryimage\"},\"thumbnailUrl\":\"https:\/\/www.ine.gob.bo\/wp-content\/uploads\/2022\/09\/1.-Lectura-de-conclusiones-de-la-septima-reunion-tecnica-del-CPV-en-Cobija-\u2013-Pando.jpg\",\"keywords\":[\"INE Noticias\"],\"articleSection\":[\"INE noticias\"],\"inLanguage\":\"es\"},{\"@type\":\"WebPage\",\"@id\":\"https:\/\/www.ine.gob.bo\/index.php\/cronograma-del-censo-para-2024-es-apoyada-por-mesa-tecnica-de-cobija-pando\/\",\"url\":\"https:\/\/www.ine.gob.bo\/index.php\/cronograma-del-censo-para-2024-es-apoyada-por-mesa-tecnica-de-cobija-pando\/\",\"name\":\"Cronograma del censo para 2024 es apoyada por mesa t\u00e9cnica de Cobija, Pando - INE\",\"isPartOf\":{\"@id\":\"https:\/\/www.ine.gob.bo\/#website\"},\"primaryImageOfPage\":{\"@id\":\"https:\/\/www.ine.gob.bo\/index.php\/cronograma-del-censo-para-2024-es-apoyada-por-mesa-tecnica-de-cobija-pando\/#primaryimage\"},\"image\":{\"@id\":\"https:\/\/www.ine.gob.bo\/index.php\/cronograma-del-censo-para-2024-es-apoyada-por-mesa-tecnica-de-cobija-pando\/#primaryimage\"},\"thumbnailUrl\":\"https:\/\/www.ine.gob.bo\/wp-content\/uploads\/2022\/09\/1.-Lectura-de-conclusiones-de-la-septima-reunion-tecnica-del-CPV-en-Cobija-\u2013-Pando.jpg\",\"datePublished\":\"2022-08-19T22:00:53+00:00\",\"dateModified\":\"2025-06-25T14:19:10+00:00\",\"description\":\"P\u00e1gina oficial del Instituto Nacional de Estadistica INE, informaci\u00f3n estad\u00edstica, geogr\u00e1fica y econ\u00f3mica a nivel nacional.\",\"breadcrumb\":{\"@id\":\"https:\/\/www.ine.gob.bo\/index.php\/cronograma-del-censo-para-2024-es-apoyada-por-mesa-tecnica-de-cobija-pando\/#breadcrumb\"},\"inLanguage\":\"es\",\"potentialAction\":[{\"@type\":\"ReadAction\",\"target\":[\"https:\/\/www.ine.gob.bo\/index.php\/cronograma-del-censo-para-2024-es-apoyada-por-mesa-tecnica-de-cobija-pando\/\"]}]},{\"@type\":\"ImageObject\",\"inLanguage\":\"es\",\"@id\":\"https:\/\/www.ine.gob.bo\/index.php\/cronograma-del-censo-para-2024-es-apoyada-por-mesa-tecnica-de-cobija-pando\/#primaryimage\",\"url\":\"https:\/\/www.ine.gob.bo\/wp-content\/uploads\/2022\/09\/1.-Lectura-de-conclusiones-de-la-septima-reunion-tecnica-del-CPV-en-Cobija-\u2013-Pando.jpg\",\"contentUrl\":\"https:\/\/www.ine.gob.bo\/wp-content\/uploads\/2022\/09\/1.-Lectura-de-conclusiones-de-la-septima-reunion-tecnica-del-CPV-en-Cobija-\u2013-Pando.jpg\",\"width\":901,\"height\":515},{\"@type\":\"BreadcrumbList\",\"@id\":\"https:\/\/www.ine.gob.bo\/index.php\/cronograma-del-censo-para-2024-es-apoyada-por-mesa-tecnica-de-cobija-pando\/#breadcrumb\",\"itemListElement\":[{\"@type\":\"ListItem\",\"position\":1,\"name\":\"Portada\",\"item\":\"https:\/\/www.ine.gob.bo\/\"},{\"@type\":\"ListItem\",\"position\":2,\"name\":\"Cronograma del censo para 2024 es apoyada por mesa t\u00e9cnica de Cobija, Pando\"}]},{\"@type\":\"WebSite\",\"@id\":\"https:\/\/www.ine.gob.bo\/#website\",\"url\":\"https:\/\/www.ine.gob.bo\/\",\"name\":\"INE\",\"description\":\"Instituto Nacional de Estad\u00edstica\",\"publisher\":{\"@id\":\"https:\/\/www.ine.gob.bo\/#organization\"},\"potentialAction\":[{\"@type\":\"SearchAction\",\"target\":{\"@type\":\"EntryPoint\",\"urlTemplate\":\"https:\/\/www.ine.gob.bo\/?s={search_term_string}\"},\"query-input\":\"required name=search_term_string\"}],\"inLanguage\":\"es\"},{\"@type\":\"Organization\",\"@id\":\"https:\/\/www.ine.gob.bo\/#organization\",\"name\":\"Instituto Nacional de Estad\u00edstica\",\"url\":\"https:\/\/www.ine.gob.bo\/\",\"logo\":{\"@type\":\"ImageObject\",\"inLanguage\":\"es\",\"@id\":\"https:\/\/www.ine.gob.bo\/#\/schema\/logo\/image\/\",\"url\":\"https:\/\/www.ine.gob.bo\/wp-content\/uploads\/2026\/02\/logo-ine.jpg\",\"contentUrl\":\"https:\/\/www.ine.gob.bo\/wp-content\/uploads\/2026\/02\/logo-ine.jpg\",\"width\":799,\"height\":453,\"caption\":\"Instituto Nacional de Estad\u00edstica\"},\"image\":{\"@id\":\"https:\/\/www.ine.gob.bo\/#\/schema\/logo\/image\/\"},\"sameAs\":[\"https:\/\/www.facebook.com\/ineboliviaoficial\",\"https:\/\/x.com\/INE_Bolivia\",\"https:\/\/www.instagram.com\/ineboliviaoficial\/\",\"https:\/\/www.youtube.com\/channel\/UCbIQXKLw414g5kWo1tAwqCg\"]},{\"@type\":\"Person\",\"@id\":\"https:\/\/www.ine.gob.bo\/#\/schema\/person\/cd5e3dea21e6634e99cebddcca7540d1\",\"name\":\"Albaro Benedicto Laime Mamani\",\"image\":{\"@type\":\"ImageObject\",\"inLanguage\":\"es\",\"@id\":\"https:\/\/www.ine.gob.bo\/#\/schema\/person\/image\/\",\"url\":\"https:\/\/secure.gravatar.com\/avatar\/450967f1badecac6afbf323d3a06c551f001ee9e5a1094976c96b19cce5b7180?s=96&d=mm&r=g\",\"contentUrl\":\"https:\/\/secure.gravatar.com\/avatar\/450967f1badecac6afbf323d3a06c551f001ee9e5a1094976c96b19cce5b7180?s=96&d=mm&r=g\",\"caption\":\"Albaro Benedicto Laime Mamani\"},\"url\":\"https:\/\/www.ine.gob.bo\/index.php\/author\/alaime\/\"}]}<\/script>\n<!-- \/ Yoast SEO plugin. -->","yoast_head_json":{"title":"Cronograma del censo para 2024 es apoyada por mesa t\u00e9cnica de Cobija, Pando - INE","description":"P\u00e1gina oficial del Instituto Nacional de Estadistica INE, informaci\u00f3n estad\u00edstica, geogr\u00e1fica y econ\u00f3mica a nivel nacional.","robots":{"index":"index","follow":"follow","max-snippet":"max-snippet:-1","max-image-preview":"max-image-preview:large","max-video-preview":"max-video-preview:-1"},"canonical":"https:\/\/www.ine.gob.bo\/index.php\/cronograma-del-censo-para-2024-es-apoyada-por-mesa-tecnica-de-cobija-pando\/","og_locale":"es_ES","og_type":"article","og_title":"Cronograma del censo para 2024 es apoyada por mesa t\u00e9cnica de Cobija, Pando - INE","og_description":"P\u00e1gina oficial del Instituto Nacional de Estadistica INE, informaci\u00f3n estad\u00edstica, geogr\u00e1fica y econ\u00f3mica a nivel nacional.","og_url":"https:\/\/www.ine.gob.bo\/index.php\/cronograma-del-censo-para-2024-es-apoyada-por-mesa-tecnica-de-cobija-pando\/","og_site_name":"INE","article_publisher":"https:\/\/www.facebook.com\/ineboliviaoficial","article_published_time":"2022-08-19T22:00:53+00:00","article_modified_time":"2025-06-25T14:19:10+00:00","og_image":[{"width":901,"height":515,"url":"https:\/\/www.ine.gob.bo\/wp-content\/uploads\/2022\/09\/1.-Lectura-de-conclusiones-de-la-septima-reunion-tecnica-del-CPV-en-Cobija-\u2013-Pando.jpg","type":"image\/jpeg"}],"author":"Albaro Benedicto Laime Mamani","twitter_card":"summary_large_image","twitter_creator":"@INE_Bolivia","twitter_site":"@INE_Bolivia","twitter_misc":{"Escrito por":"Albaro Benedicto Laime Mamani","Tiempo de lectura":"4 minutos"},"schema":{"@context":"https:\/\/schema.org","@graph":[{"@type":"Article","@id":"https:\/\/www.ine.gob.bo\/index.php\/cronograma-del-censo-para-2024-es-apoyada-por-mesa-tecnica-de-cobija-pando\/#article","isPartOf":{"@id":"https:\/\/www.ine.gob.bo\/index.php\/cronograma-del-censo-para-2024-es-apoyada-por-mesa-tecnica-de-cobija-pando\/"},"author":{"name":"Albaro Benedicto Laime Mamani","@id":"https:\/\/www.ine.gob.bo\/#\/schema\/person\/cd5e3dea21e6634e99cebddcca7540d1"},"headline":"Cronograma del censo para 2024 es apoyada por mesa t\u00e9cnica de Cobija, Pando","datePublished":"2022-08-19T22:00:53+00:00","dateModified":"2025-06-25T14:19:10+00:00","mainEntityOfPage":{"@id":"https:\/\/www.ine.gob.bo\/index.php\/cronograma-del-censo-para-2024-es-apoyada-por-mesa-tecnica-de-cobija-pando\/"},"wordCount":658,"publisher":{"@id":"https:\/\/www.ine.gob.bo\/#organization"},"image":{"@id":"https:\/\/www.ine.gob.bo\/index.php\/cronograma-del-censo-para-2024-es-apoyada-por-mesa-tecnica-de-cobija-pando\/#primaryimage"},"thumbnailUrl":"https:\/\/www.ine.gob.bo\/wp-content\/uploads\/2022\/09\/1.-Lectura-de-conclusiones-de-la-septima-reunion-tecnica-del-CPV-en-Cobija-\u2013-Pando.jpg","keywords":["INE Noticias"],"articleSection":["INE noticias"],"inLanguage":"es"},{"@type":"WebPage","@id":"https:\/\/www.ine.gob.bo\/index.php\/cronograma-del-censo-para-2024-es-apoyada-por-mesa-tecnica-de-cobija-pando\/","url":"https:\/\/www.ine.gob.bo\/index.php\/cronograma-del-censo-para-2024-es-apoyada-por-mesa-tecnica-de-cobija-pando\/","name":"Cronograma del censo para 2024 es apoyada por mesa t\u00e9cnica de Cobija, Pando - INE","isPartOf":{"@id":"https:\/\/www.ine.gob.bo\/#website"},"primaryImageOfPage":{"@id":"https:\/\/www.ine.gob.bo\/index.php\/cronograma-del-censo-para-2024-es-apoyada-por-mesa-tecnica-de-cobija-pando\/#primaryimage"},"image":{"@id":"https:\/\/www.ine.gob.bo\/index.php\/cronograma-del-censo-para-2024-es-apoyada-por-mesa-tecnica-de-cobija-pando\/#primaryimage"},"thumbnailUrl":"https:\/\/www.ine.gob.bo\/wp-content\/uploads\/2022\/09\/1.-Lectura-de-conclusiones-de-la-septima-reunion-tecnica-del-CPV-en-Cobija-\u2013-Pando.jpg","datePublished":"2022-08-19T22:00:53+00:00","dateModified":"2025-06-25T14:19:10+00:00","description":"P\u00e1gina oficial del Instituto Nacional de Estadistica INE, informaci\u00f3n estad\u00edstica, geogr\u00e1fica y econ\u00f3mica a nivel nacional.","breadcrumb":{"@id":"https:\/\/www.ine.gob.bo\/index.php\/cronograma-del-censo-para-2024-es-apoyada-por-mesa-tecnica-de-cobija-pando\/#breadcrumb"},"inLanguage":"es","potentialAction":[{"@type":"ReadAction","target":["https:\/\/www.ine.gob.bo\/index.php\/cronograma-del-censo-para-2024-es-apoyada-por-mesa-tecnica-de-cobija-pando\/"]}]},{"@type":"ImageObject","inLanguage":"es","@id":"https:\/\/www.ine.gob.bo\/index.php\/cronograma-del-censo-para-2024-es-apoyada-por-mesa-tecnica-de-cobija-pando\/#primaryimage","url":"https:\/\/www.ine.gob.bo\/wp-content\/uploads\/2022\/09\/1.-Lectura-de-conclusiones-de-la-septima-reunion-tecnica-del-CPV-en-Cobija-\u2013-Pando.jpg","contentUrl":"https:\/\/www.ine.gob.bo\/wp-content\/uploads\/2022\/09\/1.-Lectura-de-conclusiones-de-la-septima-reunion-tecnica-del-CPV-en-Cobija-\u2013-Pando.jpg","width":901,"height":515},{"@type":"BreadcrumbList","@id":"https:\/\/www.ine.gob.bo\/index.php\/cronograma-del-censo-para-2024-es-apoyada-por-mesa-tecnica-de-cobija-pando\/#breadcrumb","itemListElement":[{"@type":"ListItem","position":1,"name":"Portada","item":"https:\/\/www.ine.gob.bo\/"},{"@type":"ListItem","position":2,"name":"Cronograma del censo para 2024 es apoyada por mesa t\u00e9cnica de Cobija, Pando"}]},{"@type":"WebSite","@id":"https:\/\/www.ine.gob.bo\/#website","url":"https:\/\/www.ine.gob.bo\/","name":"INE","description":"Instituto Nacional de Estad\u00edstica","publisher":{"@id":"https:\/\/www.ine.gob.bo\/#organization"},"potentialAction":[{"@type":"SearchAction","target":{"@type":"EntryPoint","urlTemplate":"https:\/\/www.ine.gob.bo\/?s={search_term_string}"},"query-input":"required name=search_term_string"}],"inLanguage":"es"},{"@type":"Organization","@id":"https:\/\/www.ine.gob.bo\/#organization","name":"Instituto Nacional de Estad\u00edstica","url":"https:\/\/www.ine.gob.bo\/","logo":{"@type":"ImageObject","inLanguage":"es","@id":"https:\/\/www.ine.gob.bo\/#\/schema\/logo\/image\/","url":"https:\/\/www.ine.gob.bo\/wp-content\/uploads\/2026\/02\/logo-ine.jpg","contentUrl":"https:\/\/www.ine.gob.bo\/wp-content\/uploads\/2026\/02\/logo-ine.jpg","width":799,"height":453,"caption":"Instituto Nacional de Estad\u00edstica"},"image":{"@id":"https:\/\/www.ine.gob.bo\/#\/schema\/logo\/image\/"},"sameAs":["https:\/\/www.facebook.com\/ineboliviaoficial","https:\/\/x.com\/INE_Bolivia","https:\/\/www.instagram.com\/ineboliviaoficial\/","https:\/\/www.youtube.com\/channel\/UCbIQXKLw414g5kWo1tAwqCg"]},{"@type":"Person","@id":"https:\/\/www.ine.gob.bo\/#\/schema\/person\/cd5e3dea21e6634e99cebddcca7540d1","name":"Albaro Benedicto Laime Mamani","image":{"@type":"ImageObject","inLanguage":"es","@id":"https:\/\/www.ine.gob.bo\/#\/schema\/person\/image\/","url":"https:\/\/secure.gravatar.com\/avatar\/450967f1badecac6afbf323d3a06c551f001ee9e5a1094976c96b19cce5b7180?s=96&d=mm&r=g","contentUrl":"https:\/\/secure.gravatar.com\/avatar\/450967f1badecac6afbf323d3a06c551f001ee9e5a1094976c96b19cce5b7180?s=96&d=mm&r=g","caption":"Albaro Benedicto Laime Mamani"},"url":"https:\/\/www.ine.gob.bo\/index.php\/author\/alaime\/"}]}},"rttpg_featured_image_url":{"full":["https:\/\/www.ine.gob.bo\/wp-content\/uploads\/2022\/09\/1.-Lectura-de-conclusiones-de-la-septima-reunion-tecnica-del-CPV-en-Cobija-\u2013-Pando.jpg",901,515,false],"landscape":["https:\/\/www.ine.gob.bo\/wp-content\/uploads\/2022\/09\/1.-Lectura-de-conclusiones-de-la-septima-reunion-tecnica-del-CPV-en-Cobija-\u2013-Pando.jpg",901,515,false],"portraits":["https:\/\/www.ine.gob.bo\/wp-content\/uploads\/2022\/09\/1.-Lectura-de-conclusiones-de-la-septima-reunion-tecnica-del-CPV-en-Cobija-\u2013-Pando.jpg",901,515,false],"thumbnail":["https:\/\/www.ine.gob.bo\/wp-content\/uploads\/2022\/09\/1.-Lectura-de-conclusiones-de-la-septima-reunion-tecnica-del-CPV-en-Cobija-\u2013-Pando-150x150.jpg",150,150,true],"medium":["https:\/\/www.ine.gob.bo\/wp-content\/uploads\/2022\/09\/1.-Lectura-de-conclusiones-de-la-septima-reunion-tecnica-del-CPV-en-Cobija-\u2013-Pando-300x171.jpg",300,171,true],"large":["https:\/\/www.ine.gob.bo\/wp-content\/uploads\/2022\/09\/1.-Lectura-de-conclusiones-de-la-septima-reunion-tecnica-del-CPV-en-Cobija-\u2013-Pando.jpg",901,515,false],"1536x1536":["https:\/\/www.ine.gob.bo\/wp-content\/uploads\/2022\/09\/1.-Lectura-de-conclusiones-de-la-septima-reunion-tecnica-del-CPV-en-Cobija-\u2013-Pando.jpg",901,515,false],"2048x2048":["https:\/\/www.ine.gob.bo\/wp-content\/uploads\/2022\/09\/1.-Lectura-de-conclusiones-de-la-septima-reunion-tecnica-del-CPV-en-Cobija-\u2013-Pando.jpg",901,515,false]},"rttpg_author":{"display_name":"Albaro Benedicto Laime Mamani","author_link":"https:\/\/www.ine.gob.bo\/index.php\/author\/alaime\/"},"rttpg_comment":0,"rttpg_category":"<a href=\"https:\/\/www.ine.gob.bo\/index.php\/category\/ine-noticias\/\" rel=\"category tag\">INE noticias<\/a>","rttpg_excerpt":"[vc_row][vc_column][vc_column_text] Cobija, 19 de agosto de 2022 (INE).-\u00a0 Este viernes la ciudad de Cobija fue el escenario de la s\u00e9ptima reuni\u00f3n de la mesa t\u00e9cnica sobre el Censo de Poblaci\u00f3n y Vivienda (CPV). Esta actividad organizada por el Ministerio de Planificaci\u00f3n y el Instituto Nacional de Estad\u00edstica (INE), tuvo cinco conclusiones en la que destaca&hellip;","_links":{"self":[{"href":"https:\/\/www.ine.gob.bo\/index.php\/wp-json\/wp\/v2\/posts\/58296","targetHints":{"allow":["GET"]}}],"collection":[{"href":"https:\/\/www.ine.gob.bo\/index.php\/wp-json\/wp\/v2\/posts"}],"about":[{"href":"https:\/\/www.ine.gob.bo\/index.php\/wp-json\/wp\/v2\/types\/post"}],"author":[{"embeddable":true,"href":"https:\/\/www.ine.gob.bo\/index.php\/wp-json\/wp\/v2\/users\/19"}],"replies":[{"embeddable":true,"href":"https:\/\/www.ine.gob.bo\/index.php\/wp-json\/wp\/v2\/comments?post=58296"}],"version-history":[{"count":0,"href":"https:\/\/www.ine.gob.bo\/index.php\/wp-json\/wp\/v2\/posts\/58296\/revisions"}],"wp:featuredmedia":[{"embeddable":true,"href":"https:\/\/www.ine.gob.bo\/index.php\/wp-json\/wp\/v2\/media\/58298"}],"wp:attachment":[{"href":"https:\/\/www.ine.gob.bo\/index.php\/wp-json\/wp\/v2\/media?parent=58296"}],"wp:term":[{"taxonomy":"category","embeddable":true,"href":"https:\/\/www.ine.gob.bo\/index.php\/wp-json\/wp\/v2\/categories?post=58296"},{"taxonomy":"post_tag","embeddable":true,"href":"https:\/\/www.ine.gob.bo\/index.php\/wp-json\/wp\/v2\/tags?post=58296"}],"curies":[{"name":"wp","href":"https:\/\/api.w.org\/{rel}","templated":true}]}}