{"id":58283,"date":"2022-08-17T19:45:20","date_gmt":"2022-08-17T23:45:20","guid":{"rendered":"https:\/\/www.ine.gob.bo\/?p=58283"},"modified":"2025-06-25T10:22:44","modified_gmt":"2025-06-25T14:22:44","slug":"mesa-tecnica-del-censo-en-la-paz-acuerda-cuatro-puntos-para-un-proceso-censal-tecnico","status":"publish","type":"post","link":"https:\/\/www.ine.gob.bo\/index.php\/mesa-tecnica-del-censo-en-la-paz-acuerda-cuatro-puntos-para-un-proceso-censal-tecnico\/","title":{"rendered":"Mesa t\u00e9cnica del censo en La Paz acuerda cuatro puntos para un proceso censal t\u00e9cnico"},"content":{"rendered":"<p>[vc_row][vc_column][vc_column_text]<\/p>\r\n<p><strong>La Paz, 17 de agosto de 2022 (INE). &#8211; <\/strong>Tras algo m\u00e1s de ocho horas de reuni\u00f3n, la sexta mesa t\u00e9cnica del Censo de Poblaci\u00f3n y Vivienda (CPV) realizada este mi\u00e9rcoles en la ciudad de La Paz, concluy\u00f3 con un acta de conformidad que contiene cuatro puntos para llevar un Censo de Poblaci\u00f3n y Vivienda de calidad netamente t\u00e9cnico, no pol\u00edtico.<\/p>\r\n<p>A tiempo de reconocer la participaci\u00f3n de las autoridades ediles y universitarias del departamento de La Paz, el ministro de Planificaci\u00f3n del Desarrollo, Sergio Cusicanqui destac\u00f3 el car\u00e1cter t\u00e9cnico del trabajo desarrollado en esa mesa: \u201cCon esta reuni\u00f3n demostramos que es posible despolitizar el Censo y encaminarlo a un proceso eminentemente t\u00e9cnico\u201d.<\/p>\r\n<p>La reuni\u00f3n realizada en el auditorio del Instituto Nacional de Estad\u00edstica, fue encabezada por el ministro de Planificaci\u00f3n del Desarrollo y cont\u00f3 con la participaci\u00f3n del equipo t\u00e9cnico del Instituto Nacional de Estad\u00edstica (INE), adem\u00e1s de autoridades ediles de los municipios de La Paz y El Alto, de la Asociaci\u00f3n de Gobiernos Aut\u00f3nomos Municipales del Departamento de La Paz (AGAMDEPAZ), de la Asociaci\u00f3n de Municipalidades de Bolivia (AMB), de la Gobernaci\u00f3n de La Paz, de la Federaci\u00f3n de Asociaciones Municipales de Bolivia (FAM) y de la Universidad Mayor de San Andr\u00e9s (UMSA).<\/p>\r\n<p>Tras la reuni\u00f3n se lleg\u00f3 a las siguientes conclusiones:<\/p>\r\n<ol>\r\n<li>El censo es un instrumento para la elaboraci\u00f3n de pol\u00edticas p\u00fablicas, por lo tanto, valoramos que es un proceso eminentemente t\u00e9cnico. Todos coincidimos en que se requiere un censo de calidad y de consenso.<\/li>\r\n<li>Los Gobiernos Aut\u00f3nomos Municipales del departamento de La Paz y la Universidad Mayor de San Andr\u00e9s (UMSA) apoyar\u00e1n con su capacidad institucional, t\u00e9cnica, acad\u00e9mica y talento humano en el proceso censal.<\/li>\r\n<li>El Gobierno Aut\u00f3nomo Municipal de La Paz present\u00f3 la cartograf\u00eda base del municipio con el objeto de coadyuvar al proceso censal.<\/li>\r\n<li>El INE ha presentado el nuevo cronograma y se ha reconocido los avances en materia de la boleta censal y Actualizaci\u00f3n Cartogr\u00e1fica Estad\u00edstica. El censo y su cronograma base se realizar\u00e1 de forma t\u00e9cnica.<\/li>\r\n<\/ol>\r\n<p>Al concluir la reuni\u00f3n el alcalde de La Paz, Iv\u00e1n Arias enfatiz\u00f3 que se continuar\u00e1 con el proceso de di\u00e1logo para definir de manera t\u00e9cnica, la fecha del censo: \u201cEste ha sido un encuentro no s\u00f3lo de socializaci\u00f3n, sino de di\u00e1logo, (\u2026) sobre temas de fecha hemos preferido que eso se defina t\u00e9cnicamente, hemos venido a establecer un proceso de di\u00e1logo t\u00e9cnico y esta discusi\u00f3n va a continuar\u201d refiri\u00f3 la autoridad edil.<\/p>\r\n<p>&nbsp;<\/p>\r\n<p><img loading=\"lazy\" decoding=\"async\" class=\"aligncenter wp-image-58285 size-full\" src=\"https:\/\/www.ine.gob.bo\/wp-content\/uploads\/2022\/08\/Conferencia-de-prensa-de-los-participantes-de-la-mesa-tecnica-del-Censo-de-Poblacion-y-Vivienda-La-Paz.jpg\" alt=\"\" width=\"1254\" height=\"695\" srcset=\"https:\/\/www.ine.gob.bo\/wp-content\/uploads\/2022\/08\/Conferencia-de-prensa-de-los-participantes-de-la-mesa-tecnica-del-Censo-de-Poblacion-y-Vivienda-La-Paz.jpg 1254w, https:\/\/www.ine.gob.bo\/wp-content\/uploads\/2022\/08\/Conferencia-de-prensa-de-los-participantes-de-la-mesa-tecnica-del-Censo-de-Poblacion-y-Vivienda-La-Paz-300x166.jpg 300w, https:\/\/www.ine.gob.bo\/wp-content\/uploads\/2022\/08\/Conferencia-de-prensa-de-los-participantes-de-la-mesa-tecnica-del-Censo-de-Poblacion-y-Vivienda-La-Paz-1024x568.jpg 1024w, https:\/\/www.ine.gob.bo\/wp-content\/uploads\/2022\/08\/Conferencia-de-prensa-de-los-participantes-de-la-mesa-tecnica-del-Censo-de-Poblacion-y-Vivienda-La-Paz-768x426.jpg 768w\" sizes=\"auto, (max-width: 1254px) 100vw, 1254px\" \/><\/p>\r\n<p style=\"text-align: center;\"><em>Conferencia de prensa de los participantes de la mesa t\u00e9cnica del Censo de Poblaci\u00f3n y Vivienda\u00a0<\/em><em>en la ciudad de La Paz.<\/em><\/p>\r\n<p>&nbsp;<\/p>\r\n<p><img loading=\"lazy\" decoding=\"async\" class=\"aligncenter wp-image-58286 \" src=\"https:\/\/www.ine.gob.bo\/wp-content\/uploads\/2022\/08\/El-ministro-de-Planificacion-del-Desarrollo-Sergio-Cusicanqui-encabezo-la-mesa-tecnica-La-Paz.jpg\" alt=\"\" width=\"1253\" height=\"856\" srcset=\"https:\/\/www.ine.gob.bo\/wp-content\/uploads\/2022\/08\/El-ministro-de-Planificacion-del-Desarrollo-Sergio-Cusicanqui-encabezo-la-mesa-tecnica-La-Paz.jpg 1116w, https:\/\/www.ine.gob.bo\/wp-content\/uploads\/2022\/08\/El-ministro-de-Planificacion-del-Desarrollo-Sergio-Cusicanqui-encabezo-la-mesa-tecnica-La-Paz-300x205.jpg 300w, https:\/\/www.ine.gob.bo\/wp-content\/uploads\/2022\/08\/El-ministro-de-Planificacion-del-Desarrollo-Sergio-Cusicanqui-encabezo-la-mesa-tecnica-La-Paz-1024x700.jpg 1024w, https:\/\/www.ine.gob.bo\/wp-content\/uploads\/2022\/08\/El-ministro-de-Planificacion-del-Desarrollo-Sergio-Cusicanqui-encabezo-la-mesa-tecnica-La-Paz-768x525.jpg 768w\" sizes=\"auto, (max-width: 1253px) 100vw, 1253px\" \/><\/p>\r\n<p style=\"text-align: center;\"><em>El ministro de Planificaci\u00f3n del Desarrollo, Sergio Cusicanqui encabez\u00f3\u00a0<\/em><em>la mesa t\u00e9cnica del censo de La Paz.<\/em><\/p>\r\n<p>&nbsp;<\/p>\r\n<p>&nbsp;<\/p>\r\n<p class=\"has-text-align-center\" style=\"text-align: center;\"><strong><em>Unidad de Difusi\u00f3n y Comunicaci\u00f3n<\/em><br \/>INSTITUTO NACIONAL DE ESTAD\u00cdSTICA<\/strong><\/p>\r\n<p class=\"has-text-align-center\"><!-- \/wp:post-content --><\/p>\r\n<p><!-- wp:paragraph --><a href=\"https:\/\/nimbus.ine.gob.bo\/index.php\/s\/4DXyRdXGiMiTaj4\/download\">Descargar Nota de Prensa<\/a><\/p>\r\n<p class=\"has-text-align-center\"><!-- \/wp:paragraph --><\/p>\r\n<p class=\"has-text-align-center\"><!-- wp:separator --><\/p>\r\n<hr class=\"wp-block-separator\" \/>\r\n<p class=\"has-text-align-center\"><!-- \/wp:separator --><\/p>\r\n<p class=\"has-text-align-center\"><!-- wp:paragraph {\"align\":\"right\"} --><\/p>\r\n<p class=\"has-text-align-right\"><strong><em>Entidad dependiente del Ministerio de Planificaci\u00f3n del Desarrollo<\/em><\/strong><\/p>\r\n<p class=\"has-text-align-center\"><!-- \/wp:paragraph --><\/p>\r\n<p>&nbsp;<\/p>\r\n<p>[\/vc_column_text][\/vc_column][\/vc_row]<\/p>","protected":false},"excerpt":{"rendered":"<p>[vc_row][vc_column][vc_column_text] La Paz, 17 de agosto de 2022 (INE). &#8211; Tras algo m\u00e1s de ocho horas de reuni\u00f3n, la sexta mesa t\u00e9cnica del Censo de Poblaci\u00f3n y Vivienda (CPV) realizada este mi\u00e9rcoles en la ciudad de La Paz, concluy\u00f3 con un acta de conformidad que contiene cuatro puntos para llevar un Censo de Poblaci\u00f3n y&hellip;<\/p>\n","protected":false},"author":19,"featured_media":58286,"comment_status":"closed","ping_status":"open","sticky":false,"template":"","format":"standard","meta":[],"categories":[158],"tags":[52],"class_list":["post-58283","post","type-post","status-publish","format-standard","has-post-thumbnail","hentry","category-ine-noticias","tag-ine-noticias","category-158","description-off"],"yoast_head":"<!-- This site is optimized with the Yoast SEO plugin v23.2 - https:\/\/yoast.com\/wordpress\/plugins\/seo\/ -->\n<title>Mesa t\u00e9cnica del censo en La Paz acuerda cuatro puntos para un proceso censal t\u00e9cnico - INE<\/title>\n<meta name=\"description\" content=\"P\u00e1gina oficial del Instituto Nacional de Estadistica INE, informaci\u00f3n estad\u00edstica, geogr\u00e1fica y econ\u00f3mica a nivel nacional.\" \/>\n<meta name=\"robots\" content=\"index, follow, max-snippet:-1, max-image-preview:large, max-video-preview:-1\" \/>\n<link rel=\"canonical\" href=\"https:\/\/www.ine.gob.bo\/index.php\/mesa-tecnica-del-censo-en-la-paz-acuerda-cuatro-puntos-para-un-proceso-censal-tecnico\/\" \/>\n<meta property=\"og:locale\" content=\"es_ES\" \/>\n<meta property=\"og:type\" content=\"article\" \/>\n<meta property=\"og:title\" content=\"Mesa t\u00e9cnica del censo en La Paz acuerda cuatro puntos para un proceso censal t\u00e9cnico - INE\" \/>\n<meta property=\"og:description\" content=\"P\u00e1gina oficial del Instituto Nacional de Estadistica INE, informaci\u00f3n estad\u00edstica, geogr\u00e1fica y econ\u00f3mica a nivel nacional.\" \/>\n<meta property=\"og:url\" content=\"https:\/\/www.ine.gob.bo\/index.php\/mesa-tecnica-del-censo-en-la-paz-acuerda-cuatro-puntos-para-un-proceso-censal-tecnico\/\" \/>\n<meta property=\"og:site_name\" content=\"INE\" \/>\n<meta property=\"article:publisher\" content=\"https:\/\/www.facebook.com\/ineboliviaoficial\" \/>\n<meta property=\"article:published_time\" content=\"2022-08-17T23:45:20+00:00\" \/>\n<meta property=\"article:modified_time\" content=\"2025-06-25T14:22:44+00:00\" \/>\n<meta property=\"og:image\" content=\"https:\/\/www.ine.gob.bo\/wp-content\/uploads\/2022\/08\/El-ministro-de-Planificacion-del-Desarrollo-Sergio-Cusicanqui-encabezo-la-mesa-tecnica-La-Paz.jpg\" \/>\n\t<meta property=\"og:image:width\" content=\"1116\" \/>\n\t<meta property=\"og:image:height\" content=\"763\" \/>\n\t<meta property=\"og:image:type\" content=\"image\/jpeg\" \/>\n<meta name=\"author\" content=\"Albaro Benedicto Laime Mamani\" \/>\n<meta name=\"twitter:card\" content=\"summary_large_image\" \/>\n<meta name=\"twitter:creator\" content=\"@INE_Bolivia\" \/>\n<meta name=\"twitter:site\" content=\"@INE_Bolivia\" \/>\n<meta name=\"twitter:label1\" content=\"Escrito por\" \/>\n\t<meta name=\"twitter:data1\" content=\"Albaro Benedicto Laime Mamani\" \/>\n\t<meta name=\"twitter:label2\" content=\"Tiempo de lectura\" \/>\n\t<meta name=\"twitter:data2\" content=\"3 minutos\" \/>\n<script type=\"application\/ld+json\" class=\"yoast-schema-graph\">{\"@context\":\"https:\/\/schema.org\",\"@graph\":[{\"@type\":\"Article\",\"@id\":\"https:\/\/www.ine.gob.bo\/index.php\/mesa-tecnica-del-censo-en-la-paz-acuerda-cuatro-puntos-para-un-proceso-censal-tecnico\/#article\",\"isPartOf\":{\"@id\":\"https:\/\/www.ine.gob.bo\/index.php\/mesa-tecnica-del-censo-en-la-paz-acuerda-cuatro-puntos-para-un-proceso-censal-tecnico\/\"},\"author\":{\"name\":\"Albaro Benedicto Laime Mamani\",\"@id\":\"https:\/\/www.ine.gob.bo\/#\/schema\/person\/cd5e3dea21e6634e99cebddcca7540d1\"},\"headline\":\"Mesa t\u00e9cnica del censo en La Paz acuerda cuatro puntos para un proceso censal t\u00e9cnico\",\"datePublished\":\"2022-08-17T23:45:20+00:00\",\"dateModified\":\"2025-06-25T14:22:44+00:00\",\"mainEntityOfPage\":{\"@id\":\"https:\/\/www.ine.gob.bo\/index.php\/mesa-tecnica-del-censo-en-la-paz-acuerda-cuatro-puntos-para-un-proceso-censal-tecnico\/\"},\"wordCount\":561,\"publisher\":{\"@id\":\"https:\/\/www.ine.gob.bo\/#organization\"},\"image\":{\"@id\":\"https:\/\/www.ine.gob.bo\/index.php\/mesa-tecnica-del-censo-en-la-paz-acuerda-cuatro-puntos-para-un-proceso-censal-tecnico\/#primaryimage\"},\"thumbnailUrl\":\"https:\/\/www.ine.gob.bo\/wp-content\/uploads\/2022\/08\/El-ministro-de-Planificacion-del-Desarrollo-Sergio-Cusicanqui-encabezo-la-mesa-tecnica-La-Paz.jpg\",\"keywords\":[\"INE Noticias\"],\"articleSection\":[\"INE noticias\"],\"inLanguage\":\"es\"},{\"@type\":\"WebPage\",\"@id\":\"https:\/\/www.ine.gob.bo\/index.php\/mesa-tecnica-del-censo-en-la-paz-acuerda-cuatro-puntos-para-un-proceso-censal-tecnico\/\",\"url\":\"https:\/\/www.ine.gob.bo\/index.php\/mesa-tecnica-del-censo-en-la-paz-acuerda-cuatro-puntos-para-un-proceso-censal-tecnico\/\",\"name\":\"Mesa t\u00e9cnica del censo en La Paz acuerda cuatro puntos para un proceso censal t\u00e9cnico - INE\",\"isPartOf\":{\"@id\":\"https:\/\/www.ine.gob.bo\/#website\"},\"primaryImageOfPage\":{\"@id\":\"https:\/\/www.ine.gob.bo\/index.php\/mesa-tecnica-del-censo-en-la-paz-acuerda-cuatro-puntos-para-un-proceso-censal-tecnico\/#primaryimage\"},\"image\":{\"@id\":\"https:\/\/www.ine.gob.bo\/index.php\/mesa-tecnica-del-censo-en-la-paz-acuerda-cuatro-puntos-para-un-proceso-censal-tecnico\/#primaryimage\"},\"thumbnailUrl\":\"https:\/\/www.ine.gob.bo\/wp-content\/uploads\/2022\/08\/El-ministro-de-Planificacion-del-Desarrollo-Sergio-Cusicanqui-encabezo-la-mesa-tecnica-La-Paz.jpg\",\"datePublished\":\"2022-08-17T23:45:20+00:00\",\"dateModified\":\"2025-06-25T14:22:44+00:00\",\"description\":\"P\u00e1gina oficial del Instituto Nacional de Estadistica INE, informaci\u00f3n estad\u00edstica, geogr\u00e1fica y econ\u00f3mica a nivel nacional.\",\"breadcrumb\":{\"@id\":\"https:\/\/www.ine.gob.bo\/index.php\/mesa-tecnica-del-censo-en-la-paz-acuerda-cuatro-puntos-para-un-proceso-censal-tecnico\/#breadcrumb\"},\"inLanguage\":\"es\",\"potentialAction\":[{\"@type\":\"ReadAction\",\"target\":[\"https:\/\/www.ine.gob.bo\/index.php\/mesa-tecnica-del-censo-en-la-paz-acuerda-cuatro-puntos-para-un-proceso-censal-tecnico\/\"]}]},{\"@type\":\"ImageObject\",\"inLanguage\":\"es\",\"@id\":\"https:\/\/www.ine.gob.bo\/index.php\/mesa-tecnica-del-censo-en-la-paz-acuerda-cuatro-puntos-para-un-proceso-censal-tecnico\/#primaryimage\",\"url\":\"https:\/\/www.ine.gob.bo\/wp-content\/uploads\/2022\/08\/El-ministro-de-Planificacion-del-Desarrollo-Sergio-Cusicanqui-encabezo-la-mesa-tecnica-La-Paz.jpg\",\"contentUrl\":\"https:\/\/www.ine.gob.bo\/wp-content\/uploads\/2022\/08\/El-ministro-de-Planificacion-del-Desarrollo-Sergio-Cusicanqui-encabezo-la-mesa-tecnica-La-Paz.jpg\",\"width\":1116,\"height\":763},{\"@type\":\"BreadcrumbList\",\"@id\":\"https:\/\/www.ine.gob.bo\/index.php\/mesa-tecnica-del-censo-en-la-paz-acuerda-cuatro-puntos-para-un-proceso-censal-tecnico\/#breadcrumb\",\"itemListElement\":[{\"@type\":\"ListItem\",\"position\":1,\"name\":\"Portada\",\"item\":\"https:\/\/www.ine.gob.bo\/\"},{\"@type\":\"ListItem\",\"position\":2,\"name\":\"Mesa t\u00e9cnica del censo en La Paz acuerda cuatro puntos para un proceso censal t\u00e9cnico\"}]},{\"@type\":\"WebSite\",\"@id\":\"https:\/\/www.ine.gob.bo\/#website\",\"url\":\"https:\/\/www.ine.gob.bo\/\",\"name\":\"INE\",\"description\":\"Instituto Nacional de Estad\u00edstica\",\"publisher\":{\"@id\":\"https:\/\/www.ine.gob.bo\/#organization\"},\"potentialAction\":[{\"@type\":\"SearchAction\",\"target\":{\"@type\":\"EntryPoint\",\"urlTemplate\":\"https:\/\/www.ine.gob.bo\/?s={search_term_string}\"},\"query-input\":\"required name=search_term_string\"}],\"inLanguage\":\"es\"},{\"@type\":\"Organization\",\"@id\":\"https:\/\/www.ine.gob.bo\/#organization\",\"name\":\"Instituto Nacional de Estad\u00edstica\",\"url\":\"https:\/\/www.ine.gob.bo\/\",\"logo\":{\"@type\":\"ImageObject\",\"inLanguage\":\"es\",\"@id\":\"https:\/\/www.ine.gob.bo\/#\/schema\/logo\/image\/\",\"url\":\"https:\/\/www.ine.gob.bo\/wp-content\/uploads\/2026\/02\/logo-ine.jpg\",\"contentUrl\":\"https:\/\/www.ine.gob.bo\/wp-content\/uploads\/2026\/02\/logo-ine.jpg\",\"width\":799,\"height\":453,\"caption\":\"Instituto Nacional de Estad\u00edstica\"},\"image\":{\"@id\":\"https:\/\/www.ine.gob.bo\/#\/schema\/logo\/image\/\"},\"sameAs\":[\"https:\/\/www.facebook.com\/ineboliviaoficial\",\"https:\/\/x.com\/INE_Bolivia\",\"https:\/\/www.instagram.com\/ineboliviaoficial\/\",\"https:\/\/www.youtube.com\/channel\/UCbIQXKLw414g5kWo1tAwqCg\"]},{\"@type\":\"Person\",\"@id\":\"https:\/\/www.ine.gob.bo\/#\/schema\/person\/cd5e3dea21e6634e99cebddcca7540d1\",\"name\":\"Albaro Benedicto Laime Mamani\",\"image\":{\"@type\":\"ImageObject\",\"inLanguage\":\"es\",\"@id\":\"https:\/\/www.ine.gob.bo\/#\/schema\/person\/image\/\",\"url\":\"https:\/\/secure.gravatar.com\/avatar\/450967f1badecac6afbf323d3a06c551f001ee9e5a1094976c96b19cce5b7180?s=96&d=mm&r=g\",\"contentUrl\":\"https:\/\/secure.gravatar.com\/avatar\/450967f1badecac6afbf323d3a06c551f001ee9e5a1094976c96b19cce5b7180?s=96&d=mm&r=g\",\"caption\":\"Albaro Benedicto Laime Mamani\"},\"url\":\"https:\/\/www.ine.gob.bo\/index.php\/author\/alaime\/\"}]}<\/script>\n<!-- \/ Yoast SEO plugin. -->","yoast_head_json":{"title":"Mesa t\u00e9cnica del censo en La Paz acuerda cuatro puntos para un proceso censal t\u00e9cnico - INE","description":"P\u00e1gina oficial del Instituto Nacional de Estadistica INE, informaci\u00f3n estad\u00edstica, geogr\u00e1fica y econ\u00f3mica a nivel nacional.","robots":{"index":"index","follow":"follow","max-snippet":"max-snippet:-1","max-image-preview":"max-image-preview:large","max-video-preview":"max-video-preview:-1"},"canonical":"https:\/\/www.ine.gob.bo\/index.php\/mesa-tecnica-del-censo-en-la-paz-acuerda-cuatro-puntos-para-un-proceso-censal-tecnico\/","og_locale":"es_ES","og_type":"article","og_title":"Mesa t\u00e9cnica del censo en La Paz acuerda cuatro puntos para un proceso censal t\u00e9cnico - INE","og_description":"P\u00e1gina oficial del Instituto Nacional de Estadistica INE, informaci\u00f3n estad\u00edstica, geogr\u00e1fica y econ\u00f3mica a nivel nacional.","og_url":"https:\/\/www.ine.gob.bo\/index.php\/mesa-tecnica-del-censo-en-la-paz-acuerda-cuatro-puntos-para-un-proceso-censal-tecnico\/","og_site_name":"INE","article_publisher":"https:\/\/www.facebook.com\/ineboliviaoficial","article_published_time":"2022-08-17T23:45:20+00:00","article_modified_time":"2025-06-25T14:22:44+00:00","og_image":[{"width":1116,"height":763,"url":"https:\/\/www.ine.gob.bo\/wp-content\/uploads\/2022\/08\/El-ministro-de-Planificacion-del-Desarrollo-Sergio-Cusicanqui-encabezo-la-mesa-tecnica-La-Paz.jpg","type":"image\/jpeg"}],"author":"Albaro Benedicto Laime Mamani","twitter_card":"summary_large_image","twitter_creator":"@INE_Bolivia","twitter_site":"@INE_Bolivia","twitter_misc":{"Escrito por":"Albaro Benedicto Laime Mamani","Tiempo de lectura":"3 minutos"},"schema":{"@context":"https:\/\/schema.org","@graph":[{"@type":"Article","@id":"https:\/\/www.ine.gob.bo\/index.php\/mesa-tecnica-del-censo-en-la-paz-acuerda-cuatro-puntos-para-un-proceso-censal-tecnico\/#article","isPartOf":{"@id":"https:\/\/www.ine.gob.bo\/index.php\/mesa-tecnica-del-censo-en-la-paz-acuerda-cuatro-puntos-para-un-proceso-censal-tecnico\/"},"author":{"name":"Albaro Benedicto Laime Mamani","@id":"https:\/\/www.ine.gob.bo\/#\/schema\/person\/cd5e3dea21e6634e99cebddcca7540d1"},"headline":"Mesa t\u00e9cnica del censo en La Paz acuerda cuatro puntos para un proceso censal t\u00e9cnico","datePublished":"2022-08-17T23:45:20+00:00","dateModified":"2025-06-25T14:22:44+00:00","mainEntityOfPage":{"@id":"https:\/\/www.ine.gob.bo\/index.php\/mesa-tecnica-del-censo-en-la-paz-acuerda-cuatro-puntos-para-un-proceso-censal-tecnico\/"},"wordCount":561,"publisher":{"@id":"https:\/\/www.ine.gob.bo\/#organization"},"image":{"@id":"https:\/\/www.ine.gob.bo\/index.php\/mesa-tecnica-del-censo-en-la-paz-acuerda-cuatro-puntos-para-un-proceso-censal-tecnico\/#primaryimage"},"thumbnailUrl":"https:\/\/www.ine.gob.bo\/wp-content\/uploads\/2022\/08\/El-ministro-de-Planificacion-del-Desarrollo-Sergio-Cusicanqui-encabezo-la-mesa-tecnica-La-Paz.jpg","keywords":["INE Noticias"],"articleSection":["INE noticias"],"inLanguage":"es"},{"@type":"WebPage","@id":"https:\/\/www.ine.gob.bo\/index.php\/mesa-tecnica-del-censo-en-la-paz-acuerda-cuatro-puntos-para-un-proceso-censal-tecnico\/","url":"https:\/\/www.ine.gob.bo\/index.php\/mesa-tecnica-del-censo-en-la-paz-acuerda-cuatro-puntos-para-un-proceso-censal-tecnico\/","name":"Mesa t\u00e9cnica del censo en La Paz acuerda cuatro puntos para un proceso censal t\u00e9cnico - INE","isPartOf":{"@id":"https:\/\/www.ine.gob.bo\/#website"},"primaryImageOfPage":{"@id":"https:\/\/www.ine.gob.bo\/index.php\/mesa-tecnica-del-censo-en-la-paz-acuerda-cuatro-puntos-para-un-proceso-censal-tecnico\/#primaryimage"},"image":{"@id":"https:\/\/www.ine.gob.bo\/index.php\/mesa-tecnica-del-censo-en-la-paz-acuerda-cuatro-puntos-para-un-proceso-censal-tecnico\/#primaryimage"},"thumbnailUrl":"https:\/\/www.ine.gob.bo\/wp-content\/uploads\/2022\/08\/El-ministro-de-Planificacion-del-Desarrollo-Sergio-Cusicanqui-encabezo-la-mesa-tecnica-La-Paz.jpg","datePublished":"2022-08-17T23:45:20+00:00","dateModified":"2025-06-25T14:22:44+00:00","description":"P\u00e1gina oficial del Instituto Nacional de Estadistica INE, informaci\u00f3n estad\u00edstica, geogr\u00e1fica y econ\u00f3mica a nivel nacional.","breadcrumb":{"@id":"https:\/\/www.ine.gob.bo\/index.php\/mesa-tecnica-del-censo-en-la-paz-acuerda-cuatro-puntos-para-un-proceso-censal-tecnico\/#breadcrumb"},"inLanguage":"es","potentialAction":[{"@type":"ReadAction","target":["https:\/\/www.ine.gob.bo\/index.php\/mesa-tecnica-del-censo-en-la-paz-acuerda-cuatro-puntos-para-un-proceso-censal-tecnico\/"]}]},{"@type":"ImageObject","inLanguage":"es","@id":"https:\/\/www.ine.gob.bo\/index.php\/mesa-tecnica-del-censo-en-la-paz-acuerda-cuatro-puntos-para-un-proceso-censal-tecnico\/#primaryimage","url":"https:\/\/www.ine.gob.bo\/wp-content\/uploads\/2022\/08\/El-ministro-de-Planificacion-del-Desarrollo-Sergio-Cusicanqui-encabezo-la-mesa-tecnica-La-Paz.jpg","contentUrl":"https:\/\/www.ine.gob.bo\/wp-content\/uploads\/2022\/08\/El-ministro-de-Planificacion-del-Desarrollo-Sergio-Cusicanqui-encabezo-la-mesa-tecnica-La-Paz.jpg","width":1116,"height":763},{"@type":"BreadcrumbList","@id":"https:\/\/www.ine.gob.bo\/index.php\/mesa-tecnica-del-censo-en-la-paz-acuerda-cuatro-puntos-para-un-proceso-censal-tecnico\/#breadcrumb","itemListElement":[{"@type":"ListItem","position":1,"name":"Portada","item":"https:\/\/www.ine.gob.bo\/"},{"@type":"ListItem","position":2,"name":"Mesa t\u00e9cnica del censo en La Paz acuerda cuatro puntos para un proceso censal t\u00e9cnico"}]},{"@type":"WebSite","@id":"https:\/\/www.ine.gob.bo\/#website","url":"https:\/\/www.ine.gob.bo\/","name":"INE","description":"Instituto Nacional de Estad\u00edstica","publisher":{"@id":"https:\/\/www.ine.gob.bo\/#organization"},"potentialAction":[{"@type":"SearchAction","target":{"@type":"EntryPoint","urlTemplate":"https:\/\/www.ine.gob.bo\/?s={search_term_string}"},"query-input":"required name=search_term_string"}],"inLanguage":"es"},{"@type":"Organization","@id":"https:\/\/www.ine.gob.bo\/#organization","name":"Instituto Nacional de Estad\u00edstica","url":"https:\/\/www.ine.gob.bo\/","logo":{"@type":"ImageObject","inLanguage":"es","@id":"https:\/\/www.ine.gob.bo\/#\/schema\/logo\/image\/","url":"https:\/\/www.ine.gob.bo\/wp-content\/uploads\/2026\/02\/logo-ine.jpg","contentUrl":"https:\/\/www.ine.gob.bo\/wp-content\/uploads\/2026\/02\/logo-ine.jpg","width":799,"height":453,"caption":"Instituto Nacional de Estad\u00edstica"},"image":{"@id":"https:\/\/www.ine.gob.bo\/#\/schema\/logo\/image\/"},"sameAs":["https:\/\/www.facebook.com\/ineboliviaoficial","https:\/\/x.com\/INE_Bolivia","https:\/\/www.instagram.com\/ineboliviaoficial\/","https:\/\/www.youtube.com\/channel\/UCbIQXKLw414g5kWo1tAwqCg"]},{"@type":"Person","@id":"https:\/\/www.ine.gob.bo\/#\/schema\/person\/cd5e3dea21e6634e99cebddcca7540d1","name":"Albaro Benedicto Laime Mamani","image":{"@type":"ImageObject","inLanguage":"es","@id":"https:\/\/www.ine.gob.bo\/#\/schema\/person\/image\/","url":"https:\/\/secure.gravatar.com\/avatar\/450967f1badecac6afbf323d3a06c551f001ee9e5a1094976c96b19cce5b7180?s=96&d=mm&r=g","contentUrl":"https:\/\/secure.gravatar.com\/avatar\/450967f1badecac6afbf323d3a06c551f001ee9e5a1094976c96b19cce5b7180?s=96&d=mm&r=g","caption":"Albaro Benedicto Laime Mamani"},"url":"https:\/\/www.ine.gob.bo\/index.php\/author\/alaime\/"}]}},"rttpg_featured_image_url":{"full":["https:\/\/www.ine.gob.bo\/wp-content\/uploads\/2022\/08\/El-ministro-de-Planificacion-del-Desarrollo-Sergio-Cusicanqui-encabezo-la-mesa-tecnica-La-Paz.jpg",1116,763,false],"landscape":["https:\/\/www.ine.gob.bo\/wp-content\/uploads\/2022\/08\/El-ministro-de-Planificacion-del-Desarrollo-Sergio-Cusicanqui-encabezo-la-mesa-tecnica-La-Paz.jpg",1116,763,false],"portraits":["https:\/\/www.ine.gob.bo\/wp-content\/uploads\/2022\/08\/El-ministro-de-Planificacion-del-Desarrollo-Sergio-Cusicanqui-encabezo-la-mesa-tecnica-La-Paz.jpg",1116,763,false],"thumbnail":["https:\/\/www.ine.gob.bo\/wp-content\/uploads\/2022\/08\/El-ministro-de-Planificacion-del-Desarrollo-Sergio-Cusicanqui-encabezo-la-mesa-tecnica-La-Paz-150x150.jpg",150,150,true],"medium":["https:\/\/www.ine.gob.bo\/wp-content\/uploads\/2022\/08\/El-ministro-de-Planificacion-del-Desarrollo-Sergio-Cusicanqui-encabezo-la-mesa-tecnica-La-Paz-300x205.jpg",300,205,true],"large":["https:\/\/www.ine.gob.bo\/wp-content\/uploads\/2022\/08\/El-ministro-de-Planificacion-del-Desarrollo-Sergio-Cusicanqui-encabezo-la-mesa-tecnica-La-Paz-1024x700.jpg",1024,700,true],"1536x1536":["https:\/\/www.ine.gob.bo\/wp-content\/uploads\/2022\/08\/El-ministro-de-Planificacion-del-Desarrollo-Sergio-Cusicanqui-encabezo-la-mesa-tecnica-La-Paz.jpg",1116,763,false],"2048x2048":["https:\/\/www.ine.gob.bo\/wp-content\/uploads\/2022\/08\/El-ministro-de-Planificacion-del-Desarrollo-Sergio-Cusicanqui-encabezo-la-mesa-tecnica-La-Paz.jpg",1116,763,false]},"rttpg_author":{"display_name":"Albaro Benedicto Laime Mamani","author_link":"https:\/\/www.ine.gob.bo\/index.php\/author\/alaime\/"},"rttpg_comment":0,"rttpg_category":"<a href=\"https:\/\/www.ine.gob.bo\/index.php\/category\/ine-noticias\/\" rel=\"category tag\">INE noticias<\/a>","rttpg_excerpt":"[vc_row][vc_column][vc_column_text] La Paz, 17 de agosto de 2022 (INE). &#8211; Tras algo m\u00e1s de ocho horas de reuni\u00f3n, la sexta mesa t\u00e9cnica del Censo de Poblaci\u00f3n y Vivienda (CPV) realizada este mi\u00e9rcoles en la ciudad de La Paz, concluy\u00f3 con un acta de conformidad que contiene cuatro puntos para llevar un Censo de Poblaci\u00f3n y&hellip;","_links":{"self":[{"href":"https:\/\/www.ine.gob.bo\/index.php\/wp-json\/wp\/v2\/posts\/58283","targetHints":{"allow":["GET"]}}],"collection":[{"href":"https:\/\/www.ine.gob.bo\/index.php\/wp-json\/wp\/v2\/posts"}],"about":[{"href":"https:\/\/www.ine.gob.bo\/index.php\/wp-json\/wp\/v2\/types\/post"}],"author":[{"embeddable":true,"href":"https:\/\/www.ine.gob.bo\/index.php\/wp-json\/wp\/v2\/users\/19"}],"replies":[{"embeddable":true,"href":"https:\/\/www.ine.gob.bo\/index.php\/wp-json\/wp\/v2\/comments?post=58283"}],"version-history":[{"count":0,"href":"https:\/\/www.ine.gob.bo\/index.php\/wp-json\/wp\/v2\/posts\/58283\/revisions"}],"wp:featuredmedia":[{"embeddable":true,"href":"https:\/\/www.ine.gob.bo\/index.php\/wp-json\/wp\/v2\/media\/58286"}],"wp:attachment":[{"href":"https:\/\/www.ine.gob.bo\/index.php\/wp-json\/wp\/v2\/media?parent=58283"}],"wp:term":[{"taxonomy":"category","embeddable":true,"href":"https:\/\/www.ine.gob.bo\/index.php\/wp-json\/wp\/v2\/categories?post=58283"},{"taxonomy":"post_tag","embeddable":true,"href":"https:\/\/www.ine.gob.bo\/index.php\/wp-json\/wp\/v2\/tags?post=58283"}],"curies":[{"name":"wp","href":"https:\/\/api.w.org\/{rel}","templated":true}]}}