{"id":58237,"date":"2022-09-01T19:50:50","date_gmt":"2022-09-01T23:50:50","guid":{"rendered":"https:\/\/www.ine.gob.bo\/?p=58237"},"modified":"2025-06-24T16:41:59","modified_gmt":"2025-06-24T20:41:59","slug":"arranca-la-actualizacion-cartografica-estadistica-en-la-ciudad-de-sucre","status":"publish","type":"post","link":"https:\/\/www.ine.gob.bo\/index.php\/arranca-la-actualizacion-cartografica-estadistica-en-la-ciudad-de-sucre\/","title":{"rendered":"Arranca la Actualizaci\u00f3n Cartogr\u00e1fica Estad\u00edstica en la ciudad de Sucre"},"content":{"rendered":"<p>[vc_row][vc_column][vc_column_text]<\/p>\r\n<p><strong>Sucre, 1 de septiembre de 2022 (INE).\u2013 <\/strong>Este jueves 1 de septiembre, inici\u00f3 el trabajo de la Actualizaci\u00f3n Cartogr\u00e1fica Estad\u00edstica (ACE) en la ciudad de Sucre con 17 brigadas de actualizadores quienes recorrer\u00e1n las calles del centro hist\u00f3rico de esta ciudad capital, para recolectar informaci\u00f3n de cada una de las viviendas con miras al pr\u00f3ximo Censo de Poblaci\u00f3n y Vivienda (CPV).<\/p>\r\n<p>\u201cLa Actualizaci\u00f3n Cartogr\u00e1fica Estad\u00edstica, es un trabajo preparatorio para el Censo de Poblaci\u00f3n y Vivienda con el que definiremos e identificaremos las \u00e1reas de trabajo de los censistas y adem\u00e1s de precisar el n\u00famero de viviendas existentes para conocer la cantidad de las boletas y\/o cuestionarios que se necesitar\u00e1n en el d\u00eda del empadronamiento\u201d, manifest\u00f3 el encargado departamental del INE en Chuquisaca, Grover Serrudo en la inauguraci\u00f3n del operativo de campo realizado en el frontis de la Casa de la Libertad.<\/p>\r\n<p>Las brigadas est\u00e1n compuestas por cuatro personas: un supervisor y tres actualizadores, quienes por una semana realizar\u00e1n su recorrido en el distrito municipal uno (D-1). En la segunda semana en adelante, los actualizadores visitar\u00e1n los domicilios de los distritos cuatro y cinco, y finalmente el operativo culminar\u00e1 en los distritos dos y tres, los m\u00e1s grandes de la ciudad sucrense, seg\u00fan el cronograma establecido para este operativo.<\/p>\r\n<p>Seg\u00fan el cronograma, la ciudad capital se realizar\u00e1 en tres meses. Terminan esa urbe pasan a centros poblados y \u00e1reas dispersas de enero a mayo del 2023.<\/p>\r\n<p><strong>\u00bfQu\u00e9 preguntar\u00e1n los actualizadores?<\/strong><\/p>\r\n<p>En la visita a los domicilios, los actualizadores buscar\u00e1n al jefe de hogar o una persona mayor que pueda dar informaci\u00f3n sobre la vivienda, el n\u00famero de ocupantes y si en el mismo ambiente funciona una actividad econ\u00f3mica u otros hogares, con el fin de determinar la cantidad de boletas y\/o cuestionarios censales para el d\u00eda del censo.<\/p>\r\n<p>Por primera vez, en esta etapa de la Actualizaci\u00f3n Cartogr\u00e1fica se utiliza tablets para la digitalizaci\u00f3n de los datos y la georreferenciaci\u00f3n, que consiste en la asignaci\u00f3n de coordenadas, de los manzanos donde se recolectar\u00e1 informaci\u00f3n.<\/p>\r\n<p>Seg\u00fan Serrudo, los actualizadores estar\u00e1n debidamente uniformados con un sombrero y chaleco institucionales con su respectiva credencial con su fotograf\u00eda y datos personales, este documento adem\u00e1s cuenta con un c\u00f3digo QR para verificar la identidad del personal.<\/p>\r\n<p>\u201cPedimos a todos los sucrenses que reciban a nuestros actualizadores y brinden la informaci\u00f3n requerida\u201d, convoc\u00f3 Serrudo.<\/p>\r\n<p>&nbsp;<\/p>\r\n<p style=\"text-align: left;\"><strong>Barrios del Distrito Municipal Uno (D-1)<\/strong><\/p>\r\n<ol>\r\n<li style=\"text-align: left;\">Junta Vecinal La Rotonda<\/li>\r\n<li style=\"text-align: left;\">Junta Vecinal Surapata<\/li>\r\n<li style=\"text-align: left;\">Junta Vecinal San Sebasti\u00e1n<\/li>\r\n<li style=\"text-align: left;\">Junta Vecinal Q\u2019oritambo<\/li>\r\n<li style=\"text-align: left;\">Junta Vecinal Hernando Siles<\/li>\r\n<li style=\"text-align: left;\">Junta Vecinal San Francisco Central<\/li>\r\n<li style=\"text-align: left;\">Junta Vecinal Los \u00c1lamos<\/li>\r\n<li style=\"text-align: left;\">Junta Vecinal Santa Teresa<\/li>\r\n<li style=\"text-align: left;\">Junta Vecinal Kinsa Molle<\/li>\r\n<li style=\"text-align: left;\">Junta Vecinal Mar\u00eda Auxiliadora<\/li>\r\n<li style=\"text-align: left;\">Junta Vecinal Santa Clara<\/li>\r\n<li style=\"text-align: left;\">Junta Vecinal San L\u00e1zaro<\/li>\r\n<li style=\"text-align: left;\">Junta Vecinal Santa Ana<\/li>\r\n<li style=\"text-align: left;\">Junta Vecinal Tata San Juan<\/li>\r\n<li style=\"text-align: left;\">Junta Vecinal 25 de Mayo Central<\/li>\r\n<li style=\"text-align: left;\">Junta Vecinal San Roque<\/li>\r\n<li style=\"text-align: left;\">Junta Vecinal Seminario<\/li>\r\n<\/ol>\r\n<p style=\"text-align: left;\">\u00a0\u00a0\u00a0\u00a0\u00a0\u00a0\u00a0\u00a0\u00a0\u00a0\u00a0\u00a0\u00a0\u00a0\u00a0\u00a0\u00a0\u00a0\u00a0 <img loading=\"lazy\" decoding=\"async\" class=\"alignnone wp-image-58290 size-full\" src=\"https:\/\/www.ine.gob.bo\/wp-content\/uploads\/2022\/09\/foto-sucre.jpg\" alt=\"\" width=\"1280\" height=\"720\" srcset=\"https:\/\/www.ine.gob.bo\/wp-content\/uploads\/2022\/09\/foto-sucre.jpg 1280w, https:\/\/www.ine.gob.bo\/wp-content\/uploads\/2022\/09\/foto-sucre-300x169.jpg 300w, https:\/\/www.ine.gob.bo\/wp-content\/uploads\/2022\/09\/foto-sucre-1024x576.jpg 1024w, https:\/\/www.ine.gob.bo\/wp-content\/uploads\/2022\/09\/foto-sucre-768x432.jpg 768w\" sizes=\"auto, (max-width: 1280px) 100vw, 1280px\" \/><\/p>\r\n<p style=\"text-align: center;\"><em>En sucre, 17 brigadas inician su recorrido para la Actualizaci\u00f3n Cartogr\u00e1fica Estad\u00edstica (ACE).<\/em><\/p>\r\n<p style=\"text-align: center;\"><em>\u00a0 \u00a0 \u00a0 \u00a0 \u00a0 \u00a0 \u00a0 \u00a0 \u00a0 \u00a0 \u00a0 \u00a0<\/em><\/p>\r\n<p class=\"has-text-align-center\" style=\"text-align: center;\"><strong><em><img loading=\"lazy\" decoding=\"async\" class=\"alignnone wp-image-58291 size-full\" src=\"https:\/\/www.ine.gob.bo\/wp-content\/uploads\/2022\/09\/foto-2-sucre.jpg\" alt=\"\" width=\"576\" height=\"1280\" srcset=\"https:\/\/www.ine.gob.bo\/wp-content\/uploads\/2022\/09\/foto-2-sucre.jpg 576w, https:\/\/www.ine.gob.bo\/wp-content\/uploads\/2022\/09\/foto-2-sucre-135x300.jpg 135w, https:\/\/www.ine.gob.bo\/wp-content\/uploads\/2022\/09\/foto-2-sucre-461x1024.jpg 461w\" sizes=\"auto, (max-width: 576px) 100vw, 576px\" \/><\/em><\/strong><\/p>\r\n<p style=\"text-align: center;\"><em>Los actualizadores estar\u00e1n debidamente uniformados y registrar\u00e1n los datos en una Tablet<\/em><\/p>\r\n<p>&nbsp;<\/p>\r\n<p class=\"has-text-align-center\" style=\"text-align: center;\"><strong><em>Unidad de Difusi\u00f3n y Comunicaci\u00f3n<\/em><br \/>INSTITUTO NACIONAL DE ESTAD\u00cdSTICA<\/strong><\/p>\r\n<p class=\"has-text-align-center\"><!-- \/wp:post-content --><\/p>\r\n<p><!-- wp:paragraph --><a href=\"https:\/\/nimbus.ine.gob.bo\/index.php\/s\/QzMjXQGddCsB9fA\/download\">Descargar Nota de Prensa<\/a><\/p>\r\n<p class=\"has-text-align-center\"><!-- \/wp:paragraph --><\/p>\r\n<p class=\"has-text-align-center\"><!-- wp:separator --><\/p>\r\n<hr class=\"wp-block-separator\" \/>\r\n<p class=\"has-text-align-center\"><!-- \/wp:separator --><\/p>\r\n<p class=\"has-text-align-center\"><!-- wp:paragraph {\"align\":\"right\"} --><\/p>\r\n<p class=\"has-text-align-right\"><strong><em>Entidad dependiente del Ministerio de Planificaci\u00f3n del Desarrollo<\/em><\/strong><\/p>\r\n<p class=\"has-text-align-center\"><!-- \/wp:paragraph --><\/p>\r\n<p>&nbsp;<\/p>\r\n<p>[\/vc_column_text][\/vc_column][\/vc_row]<\/p>","protected":false},"excerpt":{"rendered":"<p>[vc_row][vc_column][vc_column_text] Sucre, 1 de septiembre de 2022 (INE).\u2013 Este jueves 1 de septiembre, inici\u00f3 el trabajo de la Actualizaci\u00f3n Cartogr\u00e1fica Estad\u00edstica (ACE) en la ciudad de Sucre con 17 brigadas de actualizadores quienes recorrer\u00e1n las calles del centro hist\u00f3rico de esta ciudad capital, para recolectar informaci\u00f3n de cada una de las viviendas con miras al&hellip;<\/p>\n","protected":false},"author":6,"featured_media":58290,"comment_status":"closed","ping_status":"open","sticky":false,"template":"","format":"standard","meta":[],"categories":[158],"tags":[52],"class_list":["post-58237","post","type-post","status-publish","format-standard","has-post-thumbnail","hentry","category-ine-noticias","tag-ine-noticias","category-158","description-off"],"yoast_head":"<!-- This site is optimized with the Yoast SEO plugin v23.2 - https:\/\/yoast.com\/wordpress\/plugins\/seo\/ -->\n<title>Arranca la Actualizaci\u00f3n Cartogr\u00e1fica Estad\u00edstica en la ciudad de Sucre - INE<\/title>\n<meta name=\"description\" content=\"P\u00e1gina oficial del Instituto Nacional de Estadistica INE, informaci\u00f3n estad\u00edstica, geogr\u00e1fica y econ\u00f3mica a nivel nacional.\" \/>\n<meta name=\"robots\" content=\"index, follow, max-snippet:-1, max-image-preview:large, max-video-preview:-1\" \/>\n<link rel=\"canonical\" href=\"https:\/\/www.ine.gob.bo\/index.php\/arranca-la-actualizacion-cartografica-estadistica-en-la-ciudad-de-sucre\/\" \/>\n<meta property=\"og:locale\" content=\"es_ES\" \/>\n<meta property=\"og:type\" content=\"article\" \/>\n<meta property=\"og:title\" content=\"Arranca la Actualizaci\u00f3n Cartogr\u00e1fica Estad\u00edstica en la ciudad de Sucre - INE\" \/>\n<meta property=\"og:description\" content=\"P\u00e1gina oficial del Instituto Nacional de Estadistica INE, informaci\u00f3n estad\u00edstica, geogr\u00e1fica y econ\u00f3mica a nivel nacional.\" \/>\n<meta property=\"og:url\" content=\"https:\/\/www.ine.gob.bo\/index.php\/arranca-la-actualizacion-cartografica-estadistica-en-la-ciudad-de-sucre\/\" \/>\n<meta property=\"og:site_name\" content=\"INE\" \/>\n<meta property=\"article:publisher\" content=\"https:\/\/www.facebook.com\/ineboliviaoficial\" \/>\n<meta property=\"article:published_time\" content=\"2022-09-01T23:50:50+00:00\" \/>\n<meta property=\"article:modified_time\" content=\"2025-06-24T20:41:59+00:00\" \/>\n<meta property=\"og:image\" content=\"https:\/\/www.ine.gob.bo\/wp-content\/uploads\/2022\/09\/foto-sucre.jpg\" \/>\n\t<meta property=\"og:image:width\" content=\"1280\" \/>\n\t<meta property=\"og:image:height\" content=\"720\" \/>\n\t<meta property=\"og:image:type\" content=\"image\/jpeg\" \/>\n<meta name=\"author\" content=\"Lourdes Gutierrez\" \/>\n<meta name=\"twitter:card\" content=\"summary_large_image\" \/>\n<meta name=\"twitter:creator\" content=\"@INE_Bolivia\" \/>\n<meta name=\"twitter:site\" content=\"@INE_Bolivia\" \/>\n<meta name=\"twitter:label1\" content=\"Escrito por\" \/>\n\t<meta name=\"twitter:data1\" content=\"Lourdes Gutierrez\" \/>\n\t<meta name=\"twitter:label2\" content=\"Tiempo de lectura\" \/>\n\t<meta name=\"twitter:data2\" content=\"3 minutos\" \/>\n<script type=\"application\/ld+json\" class=\"yoast-schema-graph\">{\"@context\":\"https:\/\/schema.org\",\"@graph\":[{\"@type\":\"Article\",\"@id\":\"https:\/\/www.ine.gob.bo\/index.php\/arranca-la-actualizacion-cartografica-estadistica-en-la-ciudad-de-sucre\/#article\",\"isPartOf\":{\"@id\":\"https:\/\/www.ine.gob.bo\/index.php\/arranca-la-actualizacion-cartografica-estadistica-en-la-ciudad-de-sucre\/\"},\"author\":{\"name\":\"Lourdes Gutierrez\",\"@id\":\"https:\/\/www.ine.gob.bo\/#\/schema\/person\/ffa42bafb4e3c57e616eec87600fc297\"},\"headline\":\"Arranca la Actualizaci\u00f3n Cartogr\u00e1fica Estad\u00edstica en la ciudad de Sucre\",\"datePublished\":\"2022-09-01T23:50:50+00:00\",\"dateModified\":\"2025-06-24T20:41:59+00:00\",\"mainEntityOfPage\":{\"@id\":\"https:\/\/www.ine.gob.bo\/index.php\/arranca-la-actualizacion-cartografica-estadistica-en-la-ciudad-de-sucre\/\"},\"wordCount\":588,\"publisher\":{\"@id\":\"https:\/\/www.ine.gob.bo\/#organization\"},\"image\":{\"@id\":\"https:\/\/www.ine.gob.bo\/index.php\/arranca-la-actualizacion-cartografica-estadistica-en-la-ciudad-de-sucre\/#primaryimage\"},\"thumbnailUrl\":\"https:\/\/www.ine.gob.bo\/wp-content\/uploads\/2022\/09\/foto-sucre.jpg\",\"keywords\":[\"INE Noticias\"],\"articleSection\":[\"INE noticias\"],\"inLanguage\":\"es\"},{\"@type\":\"WebPage\",\"@id\":\"https:\/\/www.ine.gob.bo\/index.php\/arranca-la-actualizacion-cartografica-estadistica-en-la-ciudad-de-sucre\/\",\"url\":\"https:\/\/www.ine.gob.bo\/index.php\/arranca-la-actualizacion-cartografica-estadistica-en-la-ciudad-de-sucre\/\",\"name\":\"Arranca la Actualizaci\u00f3n Cartogr\u00e1fica Estad\u00edstica en la ciudad de Sucre - INE\",\"isPartOf\":{\"@id\":\"https:\/\/www.ine.gob.bo\/#website\"},\"primaryImageOfPage\":{\"@id\":\"https:\/\/www.ine.gob.bo\/index.php\/arranca-la-actualizacion-cartografica-estadistica-en-la-ciudad-de-sucre\/#primaryimage\"},\"image\":{\"@id\":\"https:\/\/www.ine.gob.bo\/index.php\/arranca-la-actualizacion-cartografica-estadistica-en-la-ciudad-de-sucre\/#primaryimage\"},\"thumbnailUrl\":\"https:\/\/www.ine.gob.bo\/wp-content\/uploads\/2022\/09\/foto-sucre.jpg\",\"datePublished\":\"2022-09-01T23:50:50+00:00\",\"dateModified\":\"2025-06-24T20:41:59+00:00\",\"description\":\"P\u00e1gina oficial del Instituto Nacional de Estadistica INE, informaci\u00f3n estad\u00edstica, geogr\u00e1fica y econ\u00f3mica a nivel nacional.\",\"breadcrumb\":{\"@id\":\"https:\/\/www.ine.gob.bo\/index.php\/arranca-la-actualizacion-cartografica-estadistica-en-la-ciudad-de-sucre\/#breadcrumb\"},\"inLanguage\":\"es\",\"potentialAction\":[{\"@type\":\"ReadAction\",\"target\":[\"https:\/\/www.ine.gob.bo\/index.php\/arranca-la-actualizacion-cartografica-estadistica-en-la-ciudad-de-sucre\/\"]}]},{\"@type\":\"ImageObject\",\"inLanguage\":\"es\",\"@id\":\"https:\/\/www.ine.gob.bo\/index.php\/arranca-la-actualizacion-cartografica-estadistica-en-la-ciudad-de-sucre\/#primaryimage\",\"url\":\"https:\/\/www.ine.gob.bo\/wp-content\/uploads\/2022\/09\/foto-sucre.jpg\",\"contentUrl\":\"https:\/\/www.ine.gob.bo\/wp-content\/uploads\/2022\/09\/foto-sucre.jpg\",\"width\":1280,\"height\":720},{\"@type\":\"BreadcrumbList\",\"@id\":\"https:\/\/www.ine.gob.bo\/index.php\/arranca-la-actualizacion-cartografica-estadistica-en-la-ciudad-de-sucre\/#breadcrumb\",\"itemListElement\":[{\"@type\":\"ListItem\",\"position\":1,\"name\":\"Portada\",\"item\":\"https:\/\/www.ine.gob.bo\/\"},{\"@type\":\"ListItem\",\"position\":2,\"name\":\"Arranca la Actualizaci\u00f3n Cartogr\u00e1fica Estad\u00edstica en la ciudad de Sucre\"}]},{\"@type\":\"WebSite\",\"@id\":\"https:\/\/www.ine.gob.bo\/#website\",\"url\":\"https:\/\/www.ine.gob.bo\/\",\"name\":\"INE\",\"description\":\"Instituto Nacional de Estad\u00edstica\",\"publisher\":{\"@id\":\"https:\/\/www.ine.gob.bo\/#organization\"},\"potentialAction\":[{\"@type\":\"SearchAction\",\"target\":{\"@type\":\"EntryPoint\",\"urlTemplate\":\"https:\/\/www.ine.gob.bo\/?s={search_term_string}\"},\"query-input\":\"required name=search_term_string\"}],\"inLanguage\":\"es\"},{\"@type\":\"Organization\",\"@id\":\"https:\/\/www.ine.gob.bo\/#organization\",\"name\":\"Instituto Nacional de Estad\u00edstica\",\"url\":\"https:\/\/www.ine.gob.bo\/\",\"logo\":{\"@type\":\"ImageObject\",\"inLanguage\":\"es\",\"@id\":\"https:\/\/www.ine.gob.bo\/#\/schema\/logo\/image\/\",\"url\":\"https:\/\/www.ine.gob.bo\/wp-content\/uploads\/2026\/02\/logo-ine.jpg\",\"contentUrl\":\"https:\/\/www.ine.gob.bo\/wp-content\/uploads\/2026\/02\/logo-ine.jpg\",\"width\":799,\"height\":453,\"caption\":\"Instituto Nacional de Estad\u00edstica\"},\"image\":{\"@id\":\"https:\/\/www.ine.gob.bo\/#\/schema\/logo\/image\/\"},\"sameAs\":[\"https:\/\/www.facebook.com\/ineboliviaoficial\",\"https:\/\/x.com\/INE_Bolivia\",\"https:\/\/www.instagram.com\/ineboliviaoficial\/\",\"https:\/\/www.youtube.com\/channel\/UCbIQXKLw414g5kWo1tAwqCg\"]},{\"@type\":\"Person\",\"@id\":\"https:\/\/www.ine.gob.bo\/#\/schema\/person\/ffa42bafb4e3c57e616eec87600fc297\",\"name\":\"Lourdes Gutierrez\",\"image\":{\"@type\":\"ImageObject\",\"inLanguage\":\"es\",\"@id\":\"https:\/\/www.ine.gob.bo\/#\/schema\/person\/image\/\",\"url\":\"https:\/\/secure.gravatar.com\/avatar\/a8db860f68f1ae1577840ef2560cfd824b142bb9e4253f2cc7bb117c256e196a?s=96&d=mm&r=g\",\"contentUrl\":\"https:\/\/secure.gravatar.com\/avatar\/a8db860f68f1ae1577840ef2560cfd824b142bb9e4253f2cc7bb117c256e196a?s=96&d=mm&r=g\",\"caption\":\"Lourdes Gutierrez\"},\"url\":\"https:\/\/www.ine.gob.bo\/index.php\/author\/lgutierrez\/\"}]}<\/script>\n<!-- \/ Yoast SEO plugin. -->","yoast_head_json":{"title":"Arranca la Actualizaci\u00f3n Cartogr\u00e1fica Estad\u00edstica en la ciudad de Sucre - INE","description":"P\u00e1gina oficial del Instituto Nacional de Estadistica INE, informaci\u00f3n estad\u00edstica, geogr\u00e1fica y econ\u00f3mica a nivel nacional.","robots":{"index":"index","follow":"follow","max-snippet":"max-snippet:-1","max-image-preview":"max-image-preview:large","max-video-preview":"max-video-preview:-1"},"canonical":"https:\/\/www.ine.gob.bo\/index.php\/arranca-la-actualizacion-cartografica-estadistica-en-la-ciudad-de-sucre\/","og_locale":"es_ES","og_type":"article","og_title":"Arranca la Actualizaci\u00f3n Cartogr\u00e1fica Estad\u00edstica en la ciudad de Sucre - INE","og_description":"P\u00e1gina oficial del Instituto Nacional de Estadistica INE, informaci\u00f3n estad\u00edstica, geogr\u00e1fica y econ\u00f3mica a nivel nacional.","og_url":"https:\/\/www.ine.gob.bo\/index.php\/arranca-la-actualizacion-cartografica-estadistica-en-la-ciudad-de-sucre\/","og_site_name":"INE","article_publisher":"https:\/\/www.facebook.com\/ineboliviaoficial","article_published_time":"2022-09-01T23:50:50+00:00","article_modified_time":"2025-06-24T20:41:59+00:00","og_image":[{"width":1280,"height":720,"url":"https:\/\/www.ine.gob.bo\/wp-content\/uploads\/2022\/09\/foto-sucre.jpg","type":"image\/jpeg"}],"author":"Lourdes Gutierrez","twitter_card":"summary_large_image","twitter_creator":"@INE_Bolivia","twitter_site":"@INE_Bolivia","twitter_misc":{"Escrito por":"Lourdes Gutierrez","Tiempo de lectura":"3 minutos"},"schema":{"@context":"https:\/\/schema.org","@graph":[{"@type":"Article","@id":"https:\/\/www.ine.gob.bo\/index.php\/arranca-la-actualizacion-cartografica-estadistica-en-la-ciudad-de-sucre\/#article","isPartOf":{"@id":"https:\/\/www.ine.gob.bo\/index.php\/arranca-la-actualizacion-cartografica-estadistica-en-la-ciudad-de-sucre\/"},"author":{"name":"Lourdes Gutierrez","@id":"https:\/\/www.ine.gob.bo\/#\/schema\/person\/ffa42bafb4e3c57e616eec87600fc297"},"headline":"Arranca la Actualizaci\u00f3n Cartogr\u00e1fica Estad\u00edstica en la ciudad de Sucre","datePublished":"2022-09-01T23:50:50+00:00","dateModified":"2025-06-24T20:41:59+00:00","mainEntityOfPage":{"@id":"https:\/\/www.ine.gob.bo\/index.php\/arranca-la-actualizacion-cartografica-estadistica-en-la-ciudad-de-sucre\/"},"wordCount":588,"publisher":{"@id":"https:\/\/www.ine.gob.bo\/#organization"},"image":{"@id":"https:\/\/www.ine.gob.bo\/index.php\/arranca-la-actualizacion-cartografica-estadistica-en-la-ciudad-de-sucre\/#primaryimage"},"thumbnailUrl":"https:\/\/www.ine.gob.bo\/wp-content\/uploads\/2022\/09\/foto-sucre.jpg","keywords":["INE Noticias"],"articleSection":["INE noticias"],"inLanguage":"es"},{"@type":"WebPage","@id":"https:\/\/www.ine.gob.bo\/index.php\/arranca-la-actualizacion-cartografica-estadistica-en-la-ciudad-de-sucre\/","url":"https:\/\/www.ine.gob.bo\/index.php\/arranca-la-actualizacion-cartografica-estadistica-en-la-ciudad-de-sucre\/","name":"Arranca la Actualizaci\u00f3n Cartogr\u00e1fica Estad\u00edstica en la ciudad de Sucre - INE","isPartOf":{"@id":"https:\/\/www.ine.gob.bo\/#website"},"primaryImageOfPage":{"@id":"https:\/\/www.ine.gob.bo\/index.php\/arranca-la-actualizacion-cartografica-estadistica-en-la-ciudad-de-sucre\/#primaryimage"},"image":{"@id":"https:\/\/www.ine.gob.bo\/index.php\/arranca-la-actualizacion-cartografica-estadistica-en-la-ciudad-de-sucre\/#primaryimage"},"thumbnailUrl":"https:\/\/www.ine.gob.bo\/wp-content\/uploads\/2022\/09\/foto-sucre.jpg","datePublished":"2022-09-01T23:50:50+00:00","dateModified":"2025-06-24T20:41:59+00:00","description":"P\u00e1gina oficial del Instituto Nacional de Estadistica INE, informaci\u00f3n estad\u00edstica, geogr\u00e1fica y econ\u00f3mica a nivel nacional.","breadcrumb":{"@id":"https:\/\/www.ine.gob.bo\/index.php\/arranca-la-actualizacion-cartografica-estadistica-en-la-ciudad-de-sucre\/#breadcrumb"},"inLanguage":"es","potentialAction":[{"@type":"ReadAction","target":["https:\/\/www.ine.gob.bo\/index.php\/arranca-la-actualizacion-cartografica-estadistica-en-la-ciudad-de-sucre\/"]}]},{"@type":"ImageObject","inLanguage":"es","@id":"https:\/\/www.ine.gob.bo\/index.php\/arranca-la-actualizacion-cartografica-estadistica-en-la-ciudad-de-sucre\/#primaryimage","url":"https:\/\/www.ine.gob.bo\/wp-content\/uploads\/2022\/09\/foto-sucre.jpg","contentUrl":"https:\/\/www.ine.gob.bo\/wp-content\/uploads\/2022\/09\/foto-sucre.jpg","width":1280,"height":720},{"@type":"BreadcrumbList","@id":"https:\/\/www.ine.gob.bo\/index.php\/arranca-la-actualizacion-cartografica-estadistica-en-la-ciudad-de-sucre\/#breadcrumb","itemListElement":[{"@type":"ListItem","position":1,"name":"Portada","item":"https:\/\/www.ine.gob.bo\/"},{"@type":"ListItem","position":2,"name":"Arranca la Actualizaci\u00f3n Cartogr\u00e1fica Estad\u00edstica en la ciudad de Sucre"}]},{"@type":"WebSite","@id":"https:\/\/www.ine.gob.bo\/#website","url":"https:\/\/www.ine.gob.bo\/","name":"INE","description":"Instituto Nacional de Estad\u00edstica","publisher":{"@id":"https:\/\/www.ine.gob.bo\/#organization"},"potentialAction":[{"@type":"SearchAction","target":{"@type":"EntryPoint","urlTemplate":"https:\/\/www.ine.gob.bo\/?s={search_term_string}"},"query-input":"required name=search_term_string"}],"inLanguage":"es"},{"@type":"Organization","@id":"https:\/\/www.ine.gob.bo\/#organization","name":"Instituto Nacional de Estad\u00edstica","url":"https:\/\/www.ine.gob.bo\/","logo":{"@type":"ImageObject","inLanguage":"es","@id":"https:\/\/www.ine.gob.bo\/#\/schema\/logo\/image\/","url":"https:\/\/www.ine.gob.bo\/wp-content\/uploads\/2026\/02\/logo-ine.jpg","contentUrl":"https:\/\/www.ine.gob.bo\/wp-content\/uploads\/2026\/02\/logo-ine.jpg","width":799,"height":453,"caption":"Instituto Nacional de Estad\u00edstica"},"image":{"@id":"https:\/\/www.ine.gob.bo\/#\/schema\/logo\/image\/"},"sameAs":["https:\/\/www.facebook.com\/ineboliviaoficial","https:\/\/x.com\/INE_Bolivia","https:\/\/www.instagram.com\/ineboliviaoficial\/","https:\/\/www.youtube.com\/channel\/UCbIQXKLw414g5kWo1tAwqCg"]},{"@type":"Person","@id":"https:\/\/www.ine.gob.bo\/#\/schema\/person\/ffa42bafb4e3c57e616eec87600fc297","name":"Lourdes Gutierrez","image":{"@type":"ImageObject","inLanguage":"es","@id":"https:\/\/www.ine.gob.bo\/#\/schema\/person\/image\/","url":"https:\/\/secure.gravatar.com\/avatar\/a8db860f68f1ae1577840ef2560cfd824b142bb9e4253f2cc7bb117c256e196a?s=96&d=mm&r=g","contentUrl":"https:\/\/secure.gravatar.com\/avatar\/a8db860f68f1ae1577840ef2560cfd824b142bb9e4253f2cc7bb117c256e196a?s=96&d=mm&r=g","caption":"Lourdes Gutierrez"},"url":"https:\/\/www.ine.gob.bo\/index.php\/author\/lgutierrez\/"}]}},"rttpg_featured_image_url":{"full":["https:\/\/www.ine.gob.bo\/wp-content\/uploads\/2022\/09\/foto-sucre.jpg",1280,720,false],"landscape":["https:\/\/www.ine.gob.bo\/wp-content\/uploads\/2022\/09\/foto-sucre.jpg",1280,720,false],"portraits":["https:\/\/www.ine.gob.bo\/wp-content\/uploads\/2022\/09\/foto-sucre.jpg",1280,720,false],"thumbnail":["https:\/\/www.ine.gob.bo\/wp-content\/uploads\/2022\/09\/foto-sucre-150x150.jpg",150,150,true],"medium":["https:\/\/www.ine.gob.bo\/wp-content\/uploads\/2022\/09\/foto-sucre-300x169.jpg",300,169,true],"large":["https:\/\/www.ine.gob.bo\/wp-content\/uploads\/2022\/09\/foto-sucre-1024x576.jpg",1024,576,true],"1536x1536":["https:\/\/www.ine.gob.bo\/wp-content\/uploads\/2022\/09\/foto-sucre.jpg",1280,720,false],"2048x2048":["https:\/\/www.ine.gob.bo\/wp-content\/uploads\/2022\/09\/foto-sucre.jpg",1280,720,false]},"rttpg_author":{"display_name":"Lourdes Gutierrez","author_link":"https:\/\/www.ine.gob.bo\/index.php\/author\/lgutierrez\/"},"rttpg_comment":0,"rttpg_category":"<a href=\"https:\/\/www.ine.gob.bo\/index.php\/category\/ine-noticias\/\" rel=\"category tag\">INE noticias<\/a>","rttpg_excerpt":"[vc_row][vc_column][vc_column_text] Sucre, 1 de septiembre de 2022 (INE).\u2013 Este jueves 1 de septiembre, inici\u00f3 el trabajo de la Actualizaci\u00f3n Cartogr\u00e1fica Estad\u00edstica (ACE) en la ciudad de Sucre con 17 brigadas de actualizadores quienes recorrer\u00e1n las calles del centro hist\u00f3rico de esta ciudad capital, para recolectar informaci\u00f3n de cada una de las viviendas con miras al&hellip;","_links":{"self":[{"href":"https:\/\/www.ine.gob.bo\/index.php\/wp-json\/wp\/v2\/posts\/58237","targetHints":{"allow":["GET"]}}],"collection":[{"href":"https:\/\/www.ine.gob.bo\/index.php\/wp-json\/wp\/v2\/posts"}],"about":[{"href":"https:\/\/www.ine.gob.bo\/index.php\/wp-json\/wp\/v2\/types\/post"}],"author":[{"embeddable":true,"href":"https:\/\/www.ine.gob.bo\/index.php\/wp-json\/wp\/v2\/users\/6"}],"replies":[{"embeddable":true,"href":"https:\/\/www.ine.gob.bo\/index.php\/wp-json\/wp\/v2\/comments?post=58237"}],"version-history":[{"count":0,"href":"https:\/\/www.ine.gob.bo\/index.php\/wp-json\/wp\/v2\/posts\/58237\/revisions"}],"wp:featuredmedia":[{"embeddable":true,"href":"https:\/\/www.ine.gob.bo\/index.php\/wp-json\/wp\/v2\/media\/58290"}],"wp:attachment":[{"href":"https:\/\/www.ine.gob.bo\/index.php\/wp-json\/wp\/v2\/media?parent=58237"}],"wp:term":[{"taxonomy":"category","embeddable":true,"href":"https:\/\/www.ine.gob.bo\/index.php\/wp-json\/wp\/v2\/categories?post=58237"},{"taxonomy":"post_tag","embeddable":true,"href":"https:\/\/www.ine.gob.bo\/index.php\/wp-json\/wp\/v2\/tags?post=58237"}],"curies":[{"name":"wp","href":"https:\/\/api.w.org\/{rel}","templated":true}]}}