{"id":58010,"date":"2022-08-03T23:29:35","date_gmt":"2022-08-04T03:29:35","guid":{"rendered":"https:\/\/www.ine.gob.bo\/?p=58010"},"modified":"2025-06-25T10:59:03","modified_gmt":"2025-06-25T14:59:03","slug":"indice-de-precios-al-consumidor-registro-un-incremento-de-039-en-julio-de-2022","status":"publish","type":"post","link":"https:\/\/www.ine.gob.bo\/index.php\/indice-de-precios-al-consumidor-registro-un-incremento-de-039-en-julio-de-2022\/","title":{"rendered":"\u00cdndice de Precios al Consumidor registr\u00f3 un incremento de 0,39% en julio de 2022"},"content":{"rendered":"<p>[vc_row][vc_column][vc_column_text]<\/p>\r\n<p><strong>La Paz, 3 de agosto de 2022 (INE), &#8211;<\/strong> El \u00cdndice de Precios al Consumidor (IPC), registr\u00f3 en julio de 2022 un aumento de 0,39% respecto a junio. La variaci\u00f3n acumulada al mes de julio fue positiva con un incremento de 1,58% y a doce\u00a0 meses de 2,04%.<\/p>\r\n<p style=\"text-align: center;\"><em><img loading=\"lazy\" decoding=\"async\" class=\"aligncenter wp-image-58011 size-full\" src=\"https:\/\/www.ine.gob.bo\/wp-content\/uploads\/2022\/08\/NP-IPC-JULIO-CUADRO-1.png\" alt=\"\" width=\"578\" height=\"321\" srcset=\"https:\/\/www.ine.gob.bo\/wp-content\/uploads\/2022\/08\/NP-IPC-JULIO-CUADRO-1.png 578w, https:\/\/www.ine.gob.bo\/wp-content\/uploads\/2022\/08\/NP-IPC-JULIO-CUADRO-1-300x167.png 300w\" sizes=\"auto, (max-width: 578px) 100vw, 578px\" \/>\u00a0 \u00a0 \u00a0 <\/em><\/p>\r\n<p><strong>Comportamiento de Precios al Consumidor, seg\u00fan divisiones de Bienes y Servicios. <\/strong><\/p>\r\n<p>El aumento de 0,39% del IPC, registrado en julio se explica principalmente por la variaci\u00f3n positiva de los precios en las divisiones de: Transporte;\u00a0 Muebles, bienes y servicios dom\u00e9sticos; Alimentos y bebidas no alcoh\u00f3licas; Bienes y servicios diversos; Alimentos y bebidas consumidas fuera del hogar; Prendas de vestir y calzados; Vivienda y servicios b\u00e1sicos y Educaci\u00f3n.<\/p>\r\n<p><em>\u00a0 \u00a0 <img loading=\"lazy\" decoding=\"async\" class=\"aligncenter wp-image-58012 size-full\" src=\"https:\/\/www.ine.gob.bo\/wp-content\/uploads\/2022\/08\/NP-IPC-JULIO-GRAFICO-1.png\" alt=\"\" width=\"624\" height=\"416\" srcset=\"https:\/\/www.ine.gob.bo\/wp-content\/uploads\/2022\/08\/NP-IPC-JULIO-GRAFICO-1.png 624w, https:\/\/www.ine.gob.bo\/wp-content\/uploads\/2022\/08\/NP-IPC-JULIO-GRAFICO-1-300x200.png 300w\" sizes=\"auto, (max-width: 624px) 100vw, 624px\" \/><\/em><\/p>\r\n<p><em><strong>Comportamiento de Precios al Consumidor, seg\u00fan regiones<\/strong><\/em><\/p>\r\n<p>La variaci\u00f3n positiva de 0,39%, registrada en julio, se debi\u00f3 especialmente al incremento de precios en las conurbaciones y ciudades capitales: Regi\u00f3n Metropolitana Kanata 0,82%; Oruro 0,51%; Conurbaci\u00f3n La Paz 0,45%; Potos\u00ed 0,35%;\u00a0 Sucre 0,32%; Conurbaci\u00f3n Santa Cruz 0,24% y Cobija 0,12%.<\/p>\r\n<p>&nbsp;<\/p>\r\n<p style=\"text-align: left;\"><em><img loading=\"lazy\" decoding=\"async\" class=\"aligncenter wp-image-58013 size-full\" src=\"https:\/\/www.ine.gob.bo\/wp-content\/uploads\/2022\/08\/NP-IPC-JULIO-GRAFICO-2.png\" alt=\"\" width=\"606\" height=\"465\" srcset=\"https:\/\/www.ine.gob.bo\/wp-content\/uploads\/2022\/08\/NP-IPC-JULIO-GRAFICO-2.png 606w, https:\/\/www.ine.gob.bo\/wp-content\/uploads\/2022\/08\/NP-IPC-JULIO-GRAFICO-2-300x230.png 300w\" sizes=\"auto, (max-width: 606px) 100vw, 606px\" \/>\u00a0 \u00a0 \u00a0 \u00a0 \u00a0 \u00a0 \u00a0 \u00a0 \u00a0 \u00a0 \u00a0 \u00a0 \u00a0 \u00a0 \u00a0 \u00a0 \u00a0 \u00a0 \u00a0 \u00a0 \u00a0 \u00a0 \u00a0 \u00a0 \u00a0 \u00a0 \u00a0<\/em><\/p>\r\n<p><strong>Comportamiento de Precios al Consumidor, seg\u00fan Productos y Servicios<\/strong><\/p>\r\n<p>Los productos y servicios con mayor incidencia positiva en julio fueron: carne de pollo, transporte interdepartamental en \u00f3mnibus\/flota, detergente para lavar ropa, cebolla, papa y zanahoria. Por el contrario, los productos con mayor\u00a0 incidencia negativa fueron: tomate, aparato telef\u00f3nico m\u00f3vil\/celular, arveja verde, quesos, perfume\/colonia y piment\u00f3n\/morr\u00f3n.<\/p>\r\n<p><img loading=\"lazy\" decoding=\"async\" class=\"aligncenter wp-image-58014 size-full\" src=\"https:\/\/www.ine.gob.bo\/wp-content\/uploads\/2022\/08\/NP-IPC-JULIO-CUADRO-2.png\" alt=\"\" width=\"601\" height=\"360\" srcset=\"https:\/\/www.ine.gob.bo\/wp-content\/uploads\/2022\/08\/NP-IPC-JULIO-CUADRO-2.png 601w, https:\/\/www.ine.gob.bo\/wp-content\/uploads\/2022\/08\/NP-IPC-JULIO-CUADRO-2-300x180.png 300w\" sizes=\"auto, (max-width: 601px) 100vw, 601px\" \/><\/p>\r\n<p>&nbsp;<\/p>\r\n<p style=\"text-align: center;\"><strong><em>Unidad de Difusi\u00f3n y Comunicaci\u00f3n<\/em><\/strong><\/p>\r\n<p style=\"text-align: center;\"><strong>INSTITUTO NACIONAL DE ESTAD\u00cdSTICA<\/strong><\/p>\r\n<p><em>\u00a0<\/em><\/p>\r\n<p><a href=\"https:\/\/nimbus.ine.gob.bo\/index.php\/s\/sQwZJ2x67HzxEsc\/download\">Descargar Nota de Prensa<\/a><\/p>\r\n<p class=\"has-text-align-center\"><!-- \/wp:post-content --><\/p>\r\n<p class=\"has-text-align-center\"><!-- wp:separator --><\/p>\r\n<hr class=\"wp-block-separator\" \/>\r\n<p class=\"has-text-align-center\"><!-- \/wp:separator --><\/p>\r\n<p class=\"has-text-align-center\"><!-- wp:paragraph {\"align\":\"right\"} --><\/p>\r\n<p class=\"has-text-align-right\"><strong><em>Entidad dependiente del Ministerio de Planificaci\u00f3n del Desarrollo<\/em><\/strong><\/p>\r\n<p class=\"has-text-align-center\"><!-- \/wp:paragraph --><\/p>\r\n<p>[\/vc_column_text][\/vc_column][\/vc_row]<\/p>","protected":false},"excerpt":{"rendered":"<p>[vc_row][vc_column][vc_column_text] La Paz, 3 de agosto de 2022 (INE), &#8211; El \u00cdndice de Precios al Consumidor (IPC), registr\u00f3 en julio de 2022 un aumento de 0,39% respecto a junio. La variaci\u00f3n acumulada al mes de julio fue positiva con un incremento de 1,58% y a doce\u00a0 meses de 2,04%. \u00a0 \u00a0 \u00a0 Comportamiento de Precios&hellip;<\/p>\n","protected":false},"author":19,"featured_media":58016,"comment_status":"closed","ping_status":"open","sticky":false,"template":"","format":"standard","meta":[],"categories":[158],"tags":[52],"class_list":["post-58010","post","type-post","status-publish","format-standard","has-post-thumbnail","hentry","category-ine-noticias","tag-ine-noticias","category-158","description-off"],"yoast_head":"<!-- This site is optimized with the Yoast SEO plugin v23.2 - https:\/\/yoast.com\/wordpress\/plugins\/seo\/ -->\n<title>\u00cdndice de Precios al Consumidor registr\u00f3 un incremento de 0,39% en julio de 2022 - INE<\/title>\n<meta name=\"description\" content=\"P\u00e1gina oficial del Instituto Nacional de Estadistica INE, informaci\u00f3n estad\u00edstica, geogr\u00e1fica y econ\u00f3mica a nivel nacional.\" \/>\n<meta name=\"robots\" content=\"index, follow, max-snippet:-1, max-image-preview:large, max-video-preview:-1\" \/>\n<link rel=\"canonical\" href=\"https:\/\/www.ine.gob.bo\/index.php\/indice-de-precios-al-consumidor-registro-un-incremento-de-039-en-julio-de-2022\/\" \/>\n<meta property=\"og:locale\" content=\"es_ES\" \/>\n<meta property=\"og:type\" content=\"article\" \/>\n<meta property=\"og:title\" content=\"\u00cdndice de Precios al Consumidor registr\u00f3 un incremento de 0,39% en julio de 2022 - INE\" \/>\n<meta property=\"og:description\" content=\"P\u00e1gina oficial del Instituto Nacional de Estadistica INE, informaci\u00f3n estad\u00edstica, geogr\u00e1fica y econ\u00f3mica a nivel nacional.\" \/>\n<meta property=\"og:url\" content=\"https:\/\/www.ine.gob.bo\/index.php\/indice-de-precios-al-consumidor-registro-un-incremento-de-039-en-julio-de-2022\/\" \/>\n<meta property=\"og:site_name\" content=\"INE\" \/>\n<meta property=\"article:publisher\" content=\"https:\/\/www.facebook.com\/ineboliviaoficial\" \/>\n<meta property=\"article:published_time\" content=\"2022-08-04T03:29:35+00:00\" \/>\n<meta property=\"article:modified_time\" content=\"2025-06-25T14:59:03+00:00\" \/>\n<meta property=\"og:image\" content=\"https:\/\/www.ine.gob.bo\/wp-content\/uploads\/2022\/08\/IPC_NP_JULIO.jpg\" \/>\n\t<meta property=\"og:image:width\" content=\"407\" \/>\n\t<meta property=\"og:image:height\" content=\"527\" \/>\n\t<meta property=\"og:image:type\" content=\"image\/jpeg\" \/>\n<meta name=\"author\" content=\"Albaro Benedicto Laime Mamani\" \/>\n<meta name=\"twitter:card\" content=\"summary_large_image\" \/>\n<meta name=\"twitter:creator\" content=\"@INE_Bolivia\" \/>\n<meta name=\"twitter:site\" content=\"@INE_Bolivia\" \/>\n<meta name=\"twitter:label1\" content=\"Escrito por\" \/>\n\t<meta name=\"twitter:data1\" content=\"Albaro Benedicto Laime Mamani\" \/>\n\t<meta name=\"twitter:label2\" content=\"Tiempo de lectura\" \/>\n\t<meta name=\"twitter:data2\" content=\"3 minutos\" \/>\n<script type=\"application\/ld+json\" class=\"yoast-schema-graph\">{\"@context\":\"https:\/\/schema.org\",\"@graph\":[{\"@type\":\"Article\",\"@id\":\"https:\/\/www.ine.gob.bo\/index.php\/indice-de-precios-al-consumidor-registro-un-incremento-de-039-en-julio-de-2022\/#article\",\"isPartOf\":{\"@id\":\"https:\/\/www.ine.gob.bo\/index.php\/indice-de-precios-al-consumidor-registro-un-incremento-de-039-en-julio-de-2022\/\"},\"author\":{\"name\":\"Albaro Benedicto Laime Mamani\",\"@id\":\"https:\/\/www.ine.gob.bo\/#\/schema\/person\/cd5e3dea21e6634e99cebddcca7540d1\"},\"headline\":\"\u00cdndice de Precios al Consumidor registr\u00f3 un incremento de 0,39% en julio de 2022\",\"datePublished\":\"2022-08-04T03:29:35+00:00\",\"dateModified\":\"2025-06-25T14:59:03+00:00\",\"mainEntityOfPage\":{\"@id\":\"https:\/\/www.ine.gob.bo\/index.php\/indice-de-precios-al-consumidor-registro-un-incremento-de-039-en-julio-de-2022\/\"},\"wordCount\":278,\"publisher\":{\"@id\":\"https:\/\/www.ine.gob.bo\/#organization\"},\"image\":{\"@id\":\"https:\/\/www.ine.gob.bo\/index.php\/indice-de-precios-al-consumidor-registro-un-incremento-de-039-en-julio-de-2022\/#primaryimage\"},\"thumbnailUrl\":\"https:\/\/www.ine.gob.bo\/wp-content\/uploads\/2022\/08\/IPC_NP_JULIO.jpg\",\"keywords\":[\"INE Noticias\"],\"articleSection\":[\"INE noticias\"],\"inLanguage\":\"es\"},{\"@type\":\"WebPage\",\"@id\":\"https:\/\/www.ine.gob.bo\/index.php\/indice-de-precios-al-consumidor-registro-un-incremento-de-039-en-julio-de-2022\/\",\"url\":\"https:\/\/www.ine.gob.bo\/index.php\/indice-de-precios-al-consumidor-registro-un-incremento-de-039-en-julio-de-2022\/\",\"name\":\"\u00cdndice de Precios al Consumidor registr\u00f3 un incremento de 0,39% en julio de 2022 - INE\",\"isPartOf\":{\"@id\":\"https:\/\/www.ine.gob.bo\/#website\"},\"primaryImageOfPage\":{\"@id\":\"https:\/\/www.ine.gob.bo\/index.php\/indice-de-precios-al-consumidor-registro-un-incremento-de-039-en-julio-de-2022\/#primaryimage\"},\"image\":{\"@id\":\"https:\/\/www.ine.gob.bo\/index.php\/indice-de-precios-al-consumidor-registro-un-incremento-de-039-en-julio-de-2022\/#primaryimage\"},\"thumbnailUrl\":\"https:\/\/www.ine.gob.bo\/wp-content\/uploads\/2022\/08\/IPC_NP_JULIO.jpg\",\"datePublished\":\"2022-08-04T03:29:35+00:00\",\"dateModified\":\"2025-06-25T14:59:03+00:00\",\"description\":\"P\u00e1gina oficial del Instituto Nacional de Estadistica INE, informaci\u00f3n estad\u00edstica, geogr\u00e1fica y econ\u00f3mica a nivel nacional.\",\"breadcrumb\":{\"@id\":\"https:\/\/www.ine.gob.bo\/index.php\/indice-de-precios-al-consumidor-registro-un-incremento-de-039-en-julio-de-2022\/#breadcrumb\"},\"inLanguage\":\"es\",\"potentialAction\":[{\"@type\":\"ReadAction\",\"target\":[\"https:\/\/www.ine.gob.bo\/index.php\/indice-de-precios-al-consumidor-registro-un-incremento-de-039-en-julio-de-2022\/\"]}]},{\"@type\":\"ImageObject\",\"inLanguage\":\"es\",\"@id\":\"https:\/\/www.ine.gob.bo\/index.php\/indice-de-precios-al-consumidor-registro-un-incremento-de-039-en-julio-de-2022\/#primaryimage\",\"url\":\"https:\/\/www.ine.gob.bo\/wp-content\/uploads\/2022\/08\/IPC_NP_JULIO.jpg\",\"contentUrl\":\"https:\/\/www.ine.gob.bo\/wp-content\/uploads\/2022\/08\/IPC_NP_JULIO.jpg\",\"width\":407,\"height\":527},{\"@type\":\"BreadcrumbList\",\"@id\":\"https:\/\/www.ine.gob.bo\/index.php\/indice-de-precios-al-consumidor-registro-un-incremento-de-039-en-julio-de-2022\/#breadcrumb\",\"itemListElement\":[{\"@type\":\"ListItem\",\"position\":1,\"name\":\"Portada\",\"item\":\"https:\/\/www.ine.gob.bo\/\"},{\"@type\":\"ListItem\",\"position\":2,\"name\":\"\u00cdndice de Precios al Consumidor registr\u00f3 un incremento de 0,39% en julio de 2022\"}]},{\"@type\":\"WebSite\",\"@id\":\"https:\/\/www.ine.gob.bo\/#website\",\"url\":\"https:\/\/www.ine.gob.bo\/\",\"name\":\"INE\",\"description\":\"Instituto Nacional de Estad\u00edstica\",\"publisher\":{\"@id\":\"https:\/\/www.ine.gob.bo\/#organization\"},\"potentialAction\":[{\"@type\":\"SearchAction\",\"target\":{\"@type\":\"EntryPoint\",\"urlTemplate\":\"https:\/\/www.ine.gob.bo\/?s={search_term_string}\"},\"query-input\":\"required name=search_term_string\"}],\"inLanguage\":\"es\"},{\"@type\":\"Organization\",\"@id\":\"https:\/\/www.ine.gob.bo\/#organization\",\"name\":\"Instituto Nacional de Estad\u00edstica\",\"url\":\"https:\/\/www.ine.gob.bo\/\",\"logo\":{\"@type\":\"ImageObject\",\"inLanguage\":\"es\",\"@id\":\"https:\/\/www.ine.gob.bo\/#\/schema\/logo\/image\/\",\"url\":\"https:\/\/www.ine.gob.bo\/wp-content\/uploads\/2026\/02\/logo-ine.jpg\",\"contentUrl\":\"https:\/\/www.ine.gob.bo\/wp-content\/uploads\/2026\/02\/logo-ine.jpg\",\"width\":799,\"height\":453,\"caption\":\"Instituto Nacional de Estad\u00edstica\"},\"image\":{\"@id\":\"https:\/\/www.ine.gob.bo\/#\/schema\/logo\/image\/\"},\"sameAs\":[\"https:\/\/www.facebook.com\/ineboliviaoficial\",\"https:\/\/x.com\/INE_Bolivia\",\"https:\/\/www.instagram.com\/ineboliviaoficial\/\",\"https:\/\/www.youtube.com\/channel\/UCbIQXKLw414g5kWo1tAwqCg\"]},{\"@type\":\"Person\",\"@id\":\"https:\/\/www.ine.gob.bo\/#\/schema\/person\/cd5e3dea21e6634e99cebddcca7540d1\",\"name\":\"Albaro Benedicto Laime Mamani\",\"image\":{\"@type\":\"ImageObject\",\"inLanguage\":\"es\",\"@id\":\"https:\/\/www.ine.gob.bo\/#\/schema\/person\/image\/\",\"url\":\"https:\/\/secure.gravatar.com\/avatar\/450967f1badecac6afbf323d3a06c551f001ee9e5a1094976c96b19cce5b7180?s=96&d=mm&r=g\",\"contentUrl\":\"https:\/\/secure.gravatar.com\/avatar\/450967f1badecac6afbf323d3a06c551f001ee9e5a1094976c96b19cce5b7180?s=96&d=mm&r=g\",\"caption\":\"Albaro Benedicto Laime Mamani\"},\"url\":\"https:\/\/www.ine.gob.bo\/index.php\/author\/alaime\/\"}]}<\/script>\n<!-- \/ Yoast SEO plugin. -->","yoast_head_json":{"title":"\u00cdndice de Precios al Consumidor registr\u00f3 un incremento de 0,39% en julio de 2022 - INE","description":"P\u00e1gina oficial del Instituto Nacional de Estadistica INE, informaci\u00f3n estad\u00edstica, geogr\u00e1fica y econ\u00f3mica a nivel nacional.","robots":{"index":"index","follow":"follow","max-snippet":"max-snippet:-1","max-image-preview":"max-image-preview:large","max-video-preview":"max-video-preview:-1"},"canonical":"https:\/\/www.ine.gob.bo\/index.php\/indice-de-precios-al-consumidor-registro-un-incremento-de-039-en-julio-de-2022\/","og_locale":"es_ES","og_type":"article","og_title":"\u00cdndice de Precios al Consumidor registr\u00f3 un incremento de 0,39% en julio de 2022 - INE","og_description":"P\u00e1gina oficial del Instituto Nacional de Estadistica INE, informaci\u00f3n estad\u00edstica, geogr\u00e1fica y econ\u00f3mica a nivel nacional.","og_url":"https:\/\/www.ine.gob.bo\/index.php\/indice-de-precios-al-consumidor-registro-un-incremento-de-039-en-julio-de-2022\/","og_site_name":"INE","article_publisher":"https:\/\/www.facebook.com\/ineboliviaoficial","article_published_time":"2022-08-04T03:29:35+00:00","article_modified_time":"2025-06-25T14:59:03+00:00","og_image":[{"width":407,"height":527,"url":"https:\/\/www.ine.gob.bo\/wp-content\/uploads\/2022\/08\/IPC_NP_JULIO.jpg","type":"image\/jpeg"}],"author":"Albaro Benedicto Laime Mamani","twitter_card":"summary_large_image","twitter_creator":"@INE_Bolivia","twitter_site":"@INE_Bolivia","twitter_misc":{"Escrito por":"Albaro Benedicto Laime Mamani","Tiempo de lectura":"3 minutos"},"schema":{"@context":"https:\/\/schema.org","@graph":[{"@type":"Article","@id":"https:\/\/www.ine.gob.bo\/index.php\/indice-de-precios-al-consumidor-registro-un-incremento-de-039-en-julio-de-2022\/#article","isPartOf":{"@id":"https:\/\/www.ine.gob.bo\/index.php\/indice-de-precios-al-consumidor-registro-un-incremento-de-039-en-julio-de-2022\/"},"author":{"name":"Albaro Benedicto Laime Mamani","@id":"https:\/\/www.ine.gob.bo\/#\/schema\/person\/cd5e3dea21e6634e99cebddcca7540d1"},"headline":"\u00cdndice de Precios al Consumidor registr\u00f3 un incremento de 0,39% en julio de 2022","datePublished":"2022-08-04T03:29:35+00:00","dateModified":"2025-06-25T14:59:03+00:00","mainEntityOfPage":{"@id":"https:\/\/www.ine.gob.bo\/index.php\/indice-de-precios-al-consumidor-registro-un-incremento-de-039-en-julio-de-2022\/"},"wordCount":278,"publisher":{"@id":"https:\/\/www.ine.gob.bo\/#organization"},"image":{"@id":"https:\/\/www.ine.gob.bo\/index.php\/indice-de-precios-al-consumidor-registro-un-incremento-de-039-en-julio-de-2022\/#primaryimage"},"thumbnailUrl":"https:\/\/www.ine.gob.bo\/wp-content\/uploads\/2022\/08\/IPC_NP_JULIO.jpg","keywords":["INE Noticias"],"articleSection":["INE noticias"],"inLanguage":"es"},{"@type":"WebPage","@id":"https:\/\/www.ine.gob.bo\/index.php\/indice-de-precios-al-consumidor-registro-un-incremento-de-039-en-julio-de-2022\/","url":"https:\/\/www.ine.gob.bo\/index.php\/indice-de-precios-al-consumidor-registro-un-incremento-de-039-en-julio-de-2022\/","name":"\u00cdndice de Precios al Consumidor registr\u00f3 un incremento de 0,39% en julio de 2022 - INE","isPartOf":{"@id":"https:\/\/www.ine.gob.bo\/#website"},"primaryImageOfPage":{"@id":"https:\/\/www.ine.gob.bo\/index.php\/indice-de-precios-al-consumidor-registro-un-incremento-de-039-en-julio-de-2022\/#primaryimage"},"image":{"@id":"https:\/\/www.ine.gob.bo\/index.php\/indice-de-precios-al-consumidor-registro-un-incremento-de-039-en-julio-de-2022\/#primaryimage"},"thumbnailUrl":"https:\/\/www.ine.gob.bo\/wp-content\/uploads\/2022\/08\/IPC_NP_JULIO.jpg","datePublished":"2022-08-04T03:29:35+00:00","dateModified":"2025-06-25T14:59:03+00:00","description":"P\u00e1gina oficial del Instituto Nacional de Estadistica INE, informaci\u00f3n estad\u00edstica, geogr\u00e1fica y econ\u00f3mica a nivel nacional.","breadcrumb":{"@id":"https:\/\/www.ine.gob.bo\/index.php\/indice-de-precios-al-consumidor-registro-un-incremento-de-039-en-julio-de-2022\/#breadcrumb"},"inLanguage":"es","potentialAction":[{"@type":"ReadAction","target":["https:\/\/www.ine.gob.bo\/index.php\/indice-de-precios-al-consumidor-registro-un-incremento-de-039-en-julio-de-2022\/"]}]},{"@type":"ImageObject","inLanguage":"es","@id":"https:\/\/www.ine.gob.bo\/index.php\/indice-de-precios-al-consumidor-registro-un-incremento-de-039-en-julio-de-2022\/#primaryimage","url":"https:\/\/www.ine.gob.bo\/wp-content\/uploads\/2022\/08\/IPC_NP_JULIO.jpg","contentUrl":"https:\/\/www.ine.gob.bo\/wp-content\/uploads\/2022\/08\/IPC_NP_JULIO.jpg","width":407,"height":527},{"@type":"BreadcrumbList","@id":"https:\/\/www.ine.gob.bo\/index.php\/indice-de-precios-al-consumidor-registro-un-incremento-de-039-en-julio-de-2022\/#breadcrumb","itemListElement":[{"@type":"ListItem","position":1,"name":"Portada","item":"https:\/\/www.ine.gob.bo\/"},{"@type":"ListItem","position":2,"name":"\u00cdndice de Precios al Consumidor registr\u00f3 un incremento de 0,39% en julio de 2022"}]},{"@type":"WebSite","@id":"https:\/\/www.ine.gob.bo\/#website","url":"https:\/\/www.ine.gob.bo\/","name":"INE","description":"Instituto Nacional de Estad\u00edstica","publisher":{"@id":"https:\/\/www.ine.gob.bo\/#organization"},"potentialAction":[{"@type":"SearchAction","target":{"@type":"EntryPoint","urlTemplate":"https:\/\/www.ine.gob.bo\/?s={search_term_string}"},"query-input":"required name=search_term_string"}],"inLanguage":"es"},{"@type":"Organization","@id":"https:\/\/www.ine.gob.bo\/#organization","name":"Instituto Nacional de Estad\u00edstica","url":"https:\/\/www.ine.gob.bo\/","logo":{"@type":"ImageObject","inLanguage":"es","@id":"https:\/\/www.ine.gob.bo\/#\/schema\/logo\/image\/","url":"https:\/\/www.ine.gob.bo\/wp-content\/uploads\/2026\/02\/logo-ine.jpg","contentUrl":"https:\/\/www.ine.gob.bo\/wp-content\/uploads\/2026\/02\/logo-ine.jpg","width":799,"height":453,"caption":"Instituto Nacional de Estad\u00edstica"},"image":{"@id":"https:\/\/www.ine.gob.bo\/#\/schema\/logo\/image\/"},"sameAs":["https:\/\/www.facebook.com\/ineboliviaoficial","https:\/\/x.com\/INE_Bolivia","https:\/\/www.instagram.com\/ineboliviaoficial\/","https:\/\/www.youtube.com\/channel\/UCbIQXKLw414g5kWo1tAwqCg"]},{"@type":"Person","@id":"https:\/\/www.ine.gob.bo\/#\/schema\/person\/cd5e3dea21e6634e99cebddcca7540d1","name":"Albaro Benedicto Laime Mamani","image":{"@type":"ImageObject","inLanguage":"es","@id":"https:\/\/www.ine.gob.bo\/#\/schema\/person\/image\/","url":"https:\/\/secure.gravatar.com\/avatar\/450967f1badecac6afbf323d3a06c551f001ee9e5a1094976c96b19cce5b7180?s=96&d=mm&r=g","contentUrl":"https:\/\/secure.gravatar.com\/avatar\/450967f1badecac6afbf323d3a06c551f001ee9e5a1094976c96b19cce5b7180?s=96&d=mm&r=g","caption":"Albaro Benedicto Laime Mamani"},"url":"https:\/\/www.ine.gob.bo\/index.php\/author\/alaime\/"}]}},"rttpg_featured_image_url":{"full":["https:\/\/www.ine.gob.bo\/wp-content\/uploads\/2022\/08\/IPC_NP_JULIO.jpg",407,527,false],"landscape":["https:\/\/www.ine.gob.bo\/wp-content\/uploads\/2022\/08\/IPC_NP_JULIO.jpg",407,527,false],"portraits":["https:\/\/www.ine.gob.bo\/wp-content\/uploads\/2022\/08\/IPC_NP_JULIO.jpg",407,527,false],"thumbnail":["https:\/\/www.ine.gob.bo\/wp-content\/uploads\/2022\/08\/IPC_NP_JULIO-150x150.jpg",150,150,true],"medium":["https:\/\/www.ine.gob.bo\/wp-content\/uploads\/2022\/08\/IPC_NP_JULIO-232x300.jpg",232,300,true],"large":["https:\/\/www.ine.gob.bo\/wp-content\/uploads\/2022\/08\/IPC_NP_JULIO.jpg",407,527,false],"1536x1536":["https:\/\/www.ine.gob.bo\/wp-content\/uploads\/2022\/08\/IPC_NP_JULIO.jpg",407,527,false],"2048x2048":["https:\/\/www.ine.gob.bo\/wp-content\/uploads\/2022\/08\/IPC_NP_JULIO.jpg",407,527,false]},"rttpg_author":{"display_name":"Albaro Benedicto Laime Mamani","author_link":"https:\/\/www.ine.gob.bo\/index.php\/author\/alaime\/"},"rttpg_comment":0,"rttpg_category":"<a href=\"https:\/\/www.ine.gob.bo\/index.php\/category\/ine-noticias\/\" rel=\"category tag\">INE noticias<\/a>","rttpg_excerpt":"[vc_row][vc_column][vc_column_text] La Paz, 3 de agosto de 2022 (INE), &#8211; El \u00cdndice de Precios al Consumidor (IPC), registr\u00f3 en julio de 2022 un aumento de 0,39% respecto a junio. La variaci\u00f3n acumulada al mes de julio fue positiva con un incremento de 1,58% y a doce\u00a0 meses de 2,04%. \u00a0 \u00a0 \u00a0 Comportamiento de Precios&hellip;","_links":{"self":[{"href":"https:\/\/www.ine.gob.bo\/index.php\/wp-json\/wp\/v2\/posts\/58010","targetHints":{"allow":["GET"]}}],"collection":[{"href":"https:\/\/www.ine.gob.bo\/index.php\/wp-json\/wp\/v2\/posts"}],"about":[{"href":"https:\/\/www.ine.gob.bo\/index.php\/wp-json\/wp\/v2\/types\/post"}],"author":[{"embeddable":true,"href":"https:\/\/www.ine.gob.bo\/index.php\/wp-json\/wp\/v2\/users\/19"}],"replies":[{"embeddable":true,"href":"https:\/\/www.ine.gob.bo\/index.php\/wp-json\/wp\/v2\/comments?post=58010"}],"version-history":[{"count":0,"href":"https:\/\/www.ine.gob.bo\/index.php\/wp-json\/wp\/v2\/posts\/58010\/revisions"}],"wp:featuredmedia":[{"embeddable":true,"href":"https:\/\/www.ine.gob.bo\/index.php\/wp-json\/wp\/v2\/media\/58016"}],"wp:attachment":[{"href":"https:\/\/www.ine.gob.bo\/index.php\/wp-json\/wp\/v2\/media?parent=58010"}],"wp:term":[{"taxonomy":"category","embeddable":true,"href":"https:\/\/www.ine.gob.bo\/index.php\/wp-json\/wp\/v2\/categories?post=58010"},{"taxonomy":"post_tag","embeddable":true,"href":"https:\/\/www.ine.gob.bo\/index.php\/wp-json\/wp\/v2\/tags?post=58010"}],"curies":[{"name":"wp","href":"https:\/\/api.w.org\/{rel}","templated":true}]}}