{"id":57835,"date":"2022-07-09T21:13:30","date_gmt":"2022-07-10T01:13:30","guid":{"rendered":"https:\/\/www.ine.gob.bo\/?p=57835"},"modified":"2025-06-25T15:41:00","modified_gmt":"2025-06-25T19:41:00","slug":"la-socializacion-del-censo-llego-al-municipio-la-guardia-del-departamento-de-santa-cruz","status":"publish","type":"post","link":"https:\/\/www.ine.gob.bo\/index.php\/la-socializacion-del-censo-llego-al-municipio-la-guardia-del-departamento-de-santa-cruz\/","title":{"rendered":"La socializaci\u00f3n del Censo lleg\u00f3 al municipio La Guardia del departamento de Santa Cruz"},"content":{"rendered":"<p>[vc_row][vc_column][vc_column_text]<\/p>\r\n<p><strong>Santa Cruz, 09 de julio de 2022 (INE).- <\/strong>El Instituto Nacional de Estad\u00edstica (INE) en coordinaci\u00f3n con la Asociaci\u00f3n de Madres Solteras, Libres de Violencia con Dignidad y Desarrollo Social (A.M.S.L.V.D.D.S.) realiz\u00f3 el s\u00e1bado la socializaci\u00f3n del Censo de Poblaci\u00f3n y Vivienda (CPV) en el municipio La Guardia de Santa Cruz.<\/p>\r\n<p>La exposici\u00f3n estuvo a cargo del encargado departamental del INE, Juan Sabino Quisbert Flores, quien enfatiz\u00f3 la importancia de la participaci\u00f3n de la poblaci\u00f3n en la Actualizaci\u00f3n Cartogr\u00e1fica Estad\u00edstica (ACE) que es parte de la etapa pre censal que actualmente se desarrolla en cuatro ciudades capitales de departamento del pa\u00eds con brigadas de actualizadores capacitados en la recolecci\u00f3n de datos estad\u00edsticos.<\/p>\r\n<p>Seg\u00fan cronograma oficial, las brigadas de la ACE iniciar\u00e1n el despliegue de personal en el distrito tres de la ciudad de Santa Cruz el 11 de julio, dando inicio a esta tarea pre censal en ese departamento para recoger datos precisos que permitan preparar el material log\u00edstico y humano requerido rumbo al pr\u00f3ximo Censo.<\/p>\r\n<p>La presentaci\u00f3n se realiz\u00f3 con la presencia de diputados (as): Estefan\u00eda Morales, Hern\u00e1n Hinojosa y Mar\u00eda S\u00e1nchez, y junto a ellos m\u00e1s de 90 personas se dieron cita al evento para conocer e informarse sobre el desarrollo del CPV y sus avances.<\/p>\r\n<p>Las principales interrogantes que expusieron los participantes durante la socializaci\u00f3n est\u00e1n referidas a dudas sobre el concepto de qu\u00e9 es el Censo \u201cde hecho\u201d y que es el censo \u201cde derecho\u201d. El encargado departamental del INE explic\u00f3 las diferencias de cada una resolviendo as\u00ed las dudas correspondientes.<\/p>\r\n<p>Para concluir con la socializaci\u00f3n, autoridades efectuaron el sorteo de dos canastones con productos de la canasta familiar entre la concurrencia.<\/p>\r\n<p class=\"has-text-align-center\" style=\"text-align: center;\"><strong><em><img loading=\"lazy\" decoding=\"async\" class=\"aligncenter wp-image-57836 size-full\" src=\"https:\/\/www.ine.gob.bo\/wp-content\/uploads\/2022\/07\/santa-cruz-nota-1.png\" alt=\"\" width=\"510\" height=\"289\" srcset=\"https:\/\/www.ine.gob.bo\/wp-content\/uploads\/2022\/07\/santa-cruz-nota-1.png 510w, https:\/\/www.ine.gob.bo\/wp-content\/uploads\/2022\/07\/santa-cruz-nota-1-300x170.png 300w\" sizes=\"auto, (max-width: 510px) 100vw, 510px\" \/><\/em><\/strong><\/p>\r\n<p class=\"has-text-align-center\" style=\"text-align: center;\"><strong><em><img loading=\"lazy\" decoding=\"async\" class=\"aligncenter wp-image-57837 size-full\" src=\"https:\/\/www.ine.gob.bo\/wp-content\/uploads\/2022\/07\/la-guardia.png\" alt=\"\" width=\"539\" height=\"374\" srcset=\"https:\/\/www.ine.gob.bo\/wp-content\/uploads\/2022\/07\/la-guardia.png 539w, https:\/\/www.ine.gob.bo\/wp-content\/uploads\/2022\/07\/la-guardia-300x208.png 300w\" sizes=\"auto, (max-width: 539px) 100vw, 539px\" \/><br \/><\/em><\/strong><\/p>\r\n<p class=\"has-text-align-center\"><!-- \/wp:post-content --><\/p>\r\n<p><!-- wp:paragraph --><a href=\"https:\/\/nimbus.ine.gob.bo\/index.php\/s\/eMa3ZJMcGBmfTrc\/download\">Descargar Nota de Prensa<\/a><\/p>\r\n<p class=\"has-text-align-center\"><!-- \/wp:paragraph --><\/p>\r\n<p class=\"has-text-align-center\"><!-- wp:separator --><\/p>\r\n<hr class=\"wp-block-separator\" \/>\r\n<p class=\"has-text-align-center\"><!-- \/wp:separator --><\/p>\r\n<p class=\"has-text-align-center\"><!-- wp:paragraph {\"align\":\"right\"} --><\/p>\r\n<p class=\"has-text-align-right\"><strong><em>Entidad dependiente del Ministerio de Planificaci\u00f3n del Desarrollo<\/em><\/strong><\/p>\r\n<p class=\"has-text-align-center\"><!-- \/wp:paragraph --><\/p>\r\n<p>&nbsp;<\/p>\r\n<p>[\/vc_column_text][\/vc_column][\/vc_row]<\/p>","protected":false},"excerpt":{"rendered":"<p>[vc_row][vc_column][vc_column_text] Santa Cruz, 09 de julio de 2022 (INE).- El Instituto Nacional de Estad\u00edstica (INE) en coordinaci\u00f3n con la Asociaci\u00f3n de Madres Solteras, Libres de Violencia con Dignidad y Desarrollo Social (A.M.S.L.V.D.D.S.) realiz\u00f3 el s\u00e1bado la socializaci\u00f3n del Censo de Poblaci\u00f3n y Vivienda (CPV) en el municipio La Guardia de Santa Cruz. La exposici\u00f3n estuvo&hellip;<\/p>\n","protected":false},"author":6,"featured_media":57838,"comment_status":"closed","ping_status":"open","sticky":false,"template":"","format":"standard","meta":[],"categories":[158],"tags":[52],"class_list":["post-57835","post","type-post","status-publish","format-standard","has-post-thumbnail","hentry","category-ine-noticias","tag-ine-noticias","category-158","description-off"],"yoast_head":"<!-- This site is optimized with the Yoast SEO plugin v23.2 - https:\/\/yoast.com\/wordpress\/plugins\/seo\/ -->\n<title>La socializaci\u00f3n del Censo lleg\u00f3 al municipio La Guardia del departamento de Santa Cruz - INE<\/title>\n<meta name=\"description\" content=\"P\u00e1gina oficial del Instituto Nacional de Estadistica INE, informaci\u00f3n estad\u00edstica, geogr\u00e1fica y econ\u00f3mica a nivel nacional.\" \/>\n<meta name=\"robots\" content=\"index, follow, max-snippet:-1, max-image-preview:large, max-video-preview:-1\" \/>\n<link rel=\"canonical\" href=\"https:\/\/www.ine.gob.bo\/index.php\/la-socializacion-del-censo-llego-al-municipio-la-guardia-del-departamento-de-santa-cruz\/\" \/>\n<meta property=\"og:locale\" content=\"es_ES\" \/>\n<meta property=\"og:type\" content=\"article\" \/>\n<meta property=\"og:title\" content=\"La socializaci\u00f3n del Censo lleg\u00f3 al municipio La Guardia del departamento de Santa Cruz - INE\" \/>\n<meta property=\"og:description\" content=\"P\u00e1gina oficial del Instituto Nacional de Estadistica INE, informaci\u00f3n estad\u00edstica, geogr\u00e1fica y econ\u00f3mica a nivel nacional.\" \/>\n<meta property=\"og:url\" content=\"https:\/\/www.ine.gob.bo\/index.php\/la-socializacion-del-censo-llego-al-municipio-la-guardia-del-departamento-de-santa-cruz\/\" \/>\n<meta property=\"og:site_name\" content=\"INE\" \/>\n<meta property=\"article:publisher\" content=\"https:\/\/www.facebook.com\/ineboliviaoficial\" \/>\n<meta property=\"article:published_time\" content=\"2022-07-10T01:13:30+00:00\" \/>\n<meta property=\"article:modified_time\" content=\"2025-06-25T19:41:00+00:00\" \/>\n<meta property=\"og:image\" content=\"https:\/\/www.ine.gob.bo\/wp-content\/uploads\/2022\/07\/nota.png\" \/>\n\t<meta property=\"og:image:width\" content=\"493\" \/>\n\t<meta property=\"og:image:height\" content=\"228\" \/>\n\t<meta property=\"og:image:type\" content=\"image\/png\" \/>\n<meta name=\"author\" content=\"Lourdes Gutierrez\" \/>\n<meta name=\"twitter:card\" content=\"summary_large_image\" \/>\n<meta name=\"twitter:creator\" content=\"@INE_Bolivia\" \/>\n<meta name=\"twitter:site\" content=\"@INE_Bolivia\" \/>\n<meta name=\"twitter:label1\" content=\"Escrito por\" \/>\n\t<meta name=\"twitter:data1\" content=\"Lourdes Gutierrez\" \/>\n\t<meta name=\"twitter:label2\" content=\"Tiempo de lectura\" \/>\n\t<meta name=\"twitter:data2\" content=\"2 minutos\" \/>\n<script type=\"application\/ld+json\" class=\"yoast-schema-graph\">{\"@context\":\"https:\/\/schema.org\",\"@graph\":[{\"@type\":\"Article\",\"@id\":\"https:\/\/www.ine.gob.bo\/index.php\/la-socializacion-del-censo-llego-al-municipio-la-guardia-del-departamento-de-santa-cruz\/#article\",\"isPartOf\":{\"@id\":\"https:\/\/www.ine.gob.bo\/index.php\/la-socializacion-del-censo-llego-al-municipio-la-guardia-del-departamento-de-santa-cruz\/\"},\"author\":{\"name\":\"Lourdes Gutierrez\",\"@id\":\"https:\/\/www.ine.gob.bo\/#\/schema\/person\/ffa42bafb4e3c57e616eec87600fc297\"},\"headline\":\"La socializaci\u00f3n del Censo lleg\u00f3 al municipio La Guardia del departamento de Santa Cruz\",\"datePublished\":\"2022-07-10T01:13:30+00:00\",\"dateModified\":\"2025-06-25T19:41:00+00:00\",\"mainEntityOfPage\":{\"@id\":\"https:\/\/www.ine.gob.bo\/index.php\/la-socializacion-del-censo-llego-al-municipio-la-guardia-del-departamento-de-santa-cruz\/\"},\"wordCount\":351,\"publisher\":{\"@id\":\"https:\/\/www.ine.gob.bo\/#organization\"},\"image\":{\"@id\":\"https:\/\/www.ine.gob.bo\/index.php\/la-socializacion-del-censo-llego-al-municipio-la-guardia-del-departamento-de-santa-cruz\/#primaryimage\"},\"thumbnailUrl\":\"https:\/\/www.ine.gob.bo\/wp-content\/uploads\/2022\/07\/nota.png\",\"keywords\":[\"INE Noticias\"],\"articleSection\":[\"INE noticias\"],\"inLanguage\":\"es\"},{\"@type\":\"WebPage\",\"@id\":\"https:\/\/www.ine.gob.bo\/index.php\/la-socializacion-del-censo-llego-al-municipio-la-guardia-del-departamento-de-santa-cruz\/\",\"url\":\"https:\/\/www.ine.gob.bo\/index.php\/la-socializacion-del-censo-llego-al-municipio-la-guardia-del-departamento-de-santa-cruz\/\",\"name\":\"La socializaci\u00f3n del Censo lleg\u00f3 al municipio La Guardia del departamento de Santa Cruz - INE\",\"isPartOf\":{\"@id\":\"https:\/\/www.ine.gob.bo\/#website\"},\"primaryImageOfPage\":{\"@id\":\"https:\/\/www.ine.gob.bo\/index.php\/la-socializacion-del-censo-llego-al-municipio-la-guardia-del-departamento-de-santa-cruz\/#primaryimage\"},\"image\":{\"@id\":\"https:\/\/www.ine.gob.bo\/index.php\/la-socializacion-del-censo-llego-al-municipio-la-guardia-del-departamento-de-santa-cruz\/#primaryimage\"},\"thumbnailUrl\":\"https:\/\/www.ine.gob.bo\/wp-content\/uploads\/2022\/07\/nota.png\",\"datePublished\":\"2022-07-10T01:13:30+00:00\",\"dateModified\":\"2025-06-25T19:41:00+00:00\",\"description\":\"P\u00e1gina oficial del Instituto Nacional de Estadistica INE, informaci\u00f3n estad\u00edstica, geogr\u00e1fica y econ\u00f3mica a nivel nacional.\",\"breadcrumb\":{\"@id\":\"https:\/\/www.ine.gob.bo\/index.php\/la-socializacion-del-censo-llego-al-municipio-la-guardia-del-departamento-de-santa-cruz\/#breadcrumb\"},\"inLanguage\":\"es\",\"potentialAction\":[{\"@type\":\"ReadAction\",\"target\":[\"https:\/\/www.ine.gob.bo\/index.php\/la-socializacion-del-censo-llego-al-municipio-la-guardia-del-departamento-de-santa-cruz\/\"]}]},{\"@type\":\"ImageObject\",\"inLanguage\":\"es\",\"@id\":\"https:\/\/www.ine.gob.bo\/index.php\/la-socializacion-del-censo-llego-al-municipio-la-guardia-del-departamento-de-santa-cruz\/#primaryimage\",\"url\":\"https:\/\/www.ine.gob.bo\/wp-content\/uploads\/2022\/07\/nota.png\",\"contentUrl\":\"https:\/\/www.ine.gob.bo\/wp-content\/uploads\/2022\/07\/nota.png\",\"width\":493,\"height\":228},{\"@type\":\"BreadcrumbList\",\"@id\":\"https:\/\/www.ine.gob.bo\/index.php\/la-socializacion-del-censo-llego-al-municipio-la-guardia-del-departamento-de-santa-cruz\/#breadcrumb\",\"itemListElement\":[{\"@type\":\"ListItem\",\"position\":1,\"name\":\"Portada\",\"item\":\"https:\/\/www.ine.gob.bo\/\"},{\"@type\":\"ListItem\",\"position\":2,\"name\":\"La socializaci\u00f3n del Censo lleg\u00f3 al municipio La Guardia del departamento de Santa Cruz\"}]},{\"@type\":\"WebSite\",\"@id\":\"https:\/\/www.ine.gob.bo\/#website\",\"url\":\"https:\/\/www.ine.gob.bo\/\",\"name\":\"INE\",\"description\":\"Instituto Nacional de Estad\u00edstica\",\"publisher\":{\"@id\":\"https:\/\/www.ine.gob.bo\/#organization\"},\"potentialAction\":[{\"@type\":\"SearchAction\",\"target\":{\"@type\":\"EntryPoint\",\"urlTemplate\":\"https:\/\/www.ine.gob.bo\/?s={search_term_string}\"},\"query-input\":\"required name=search_term_string\"}],\"inLanguage\":\"es\"},{\"@type\":\"Organization\",\"@id\":\"https:\/\/www.ine.gob.bo\/#organization\",\"name\":\"Instituto Nacional de Estad\u00edstica\",\"url\":\"https:\/\/www.ine.gob.bo\/\",\"logo\":{\"@type\":\"ImageObject\",\"inLanguage\":\"es\",\"@id\":\"https:\/\/www.ine.gob.bo\/#\/schema\/logo\/image\/\",\"url\":\"https:\/\/www.ine.gob.bo\/wp-content\/uploads\/2026\/02\/logo-ine.jpg\",\"contentUrl\":\"https:\/\/www.ine.gob.bo\/wp-content\/uploads\/2026\/02\/logo-ine.jpg\",\"width\":799,\"height\":453,\"caption\":\"Instituto Nacional de Estad\u00edstica\"},\"image\":{\"@id\":\"https:\/\/www.ine.gob.bo\/#\/schema\/logo\/image\/\"},\"sameAs\":[\"https:\/\/www.facebook.com\/ineboliviaoficial\",\"https:\/\/x.com\/INE_Bolivia\",\"https:\/\/www.instagram.com\/ineboliviaoficial\/\",\"https:\/\/www.youtube.com\/channel\/UCbIQXKLw414g5kWo1tAwqCg\"]},{\"@type\":\"Person\",\"@id\":\"https:\/\/www.ine.gob.bo\/#\/schema\/person\/ffa42bafb4e3c57e616eec87600fc297\",\"name\":\"Lourdes Gutierrez\",\"image\":{\"@type\":\"ImageObject\",\"inLanguage\":\"es\",\"@id\":\"https:\/\/www.ine.gob.bo\/#\/schema\/person\/image\/\",\"url\":\"https:\/\/secure.gravatar.com\/avatar\/a8db860f68f1ae1577840ef2560cfd824b142bb9e4253f2cc7bb117c256e196a?s=96&d=mm&r=g\",\"contentUrl\":\"https:\/\/secure.gravatar.com\/avatar\/a8db860f68f1ae1577840ef2560cfd824b142bb9e4253f2cc7bb117c256e196a?s=96&d=mm&r=g\",\"caption\":\"Lourdes Gutierrez\"},\"url\":\"https:\/\/www.ine.gob.bo\/index.php\/author\/lgutierrez\/\"}]}<\/script>\n<!-- \/ Yoast SEO plugin. -->","yoast_head_json":{"title":"La socializaci\u00f3n del Censo lleg\u00f3 al municipio La Guardia del departamento de Santa Cruz - INE","description":"P\u00e1gina oficial del Instituto Nacional de Estadistica INE, informaci\u00f3n estad\u00edstica, geogr\u00e1fica y econ\u00f3mica a nivel nacional.","robots":{"index":"index","follow":"follow","max-snippet":"max-snippet:-1","max-image-preview":"max-image-preview:large","max-video-preview":"max-video-preview:-1"},"canonical":"https:\/\/www.ine.gob.bo\/index.php\/la-socializacion-del-censo-llego-al-municipio-la-guardia-del-departamento-de-santa-cruz\/","og_locale":"es_ES","og_type":"article","og_title":"La socializaci\u00f3n del Censo lleg\u00f3 al municipio La Guardia del departamento de Santa Cruz - INE","og_description":"P\u00e1gina oficial del Instituto Nacional de Estadistica INE, informaci\u00f3n estad\u00edstica, geogr\u00e1fica y econ\u00f3mica a nivel nacional.","og_url":"https:\/\/www.ine.gob.bo\/index.php\/la-socializacion-del-censo-llego-al-municipio-la-guardia-del-departamento-de-santa-cruz\/","og_site_name":"INE","article_publisher":"https:\/\/www.facebook.com\/ineboliviaoficial","article_published_time":"2022-07-10T01:13:30+00:00","article_modified_time":"2025-06-25T19:41:00+00:00","og_image":[{"width":493,"height":228,"url":"https:\/\/www.ine.gob.bo\/wp-content\/uploads\/2022\/07\/nota.png","type":"image\/png"}],"author":"Lourdes Gutierrez","twitter_card":"summary_large_image","twitter_creator":"@INE_Bolivia","twitter_site":"@INE_Bolivia","twitter_misc":{"Escrito por":"Lourdes Gutierrez","Tiempo de lectura":"2 minutos"},"schema":{"@context":"https:\/\/schema.org","@graph":[{"@type":"Article","@id":"https:\/\/www.ine.gob.bo\/index.php\/la-socializacion-del-censo-llego-al-municipio-la-guardia-del-departamento-de-santa-cruz\/#article","isPartOf":{"@id":"https:\/\/www.ine.gob.bo\/index.php\/la-socializacion-del-censo-llego-al-municipio-la-guardia-del-departamento-de-santa-cruz\/"},"author":{"name":"Lourdes Gutierrez","@id":"https:\/\/www.ine.gob.bo\/#\/schema\/person\/ffa42bafb4e3c57e616eec87600fc297"},"headline":"La socializaci\u00f3n del Censo lleg\u00f3 al municipio La Guardia del departamento de Santa Cruz","datePublished":"2022-07-10T01:13:30+00:00","dateModified":"2025-06-25T19:41:00+00:00","mainEntityOfPage":{"@id":"https:\/\/www.ine.gob.bo\/index.php\/la-socializacion-del-censo-llego-al-municipio-la-guardia-del-departamento-de-santa-cruz\/"},"wordCount":351,"publisher":{"@id":"https:\/\/www.ine.gob.bo\/#organization"},"image":{"@id":"https:\/\/www.ine.gob.bo\/index.php\/la-socializacion-del-censo-llego-al-municipio-la-guardia-del-departamento-de-santa-cruz\/#primaryimage"},"thumbnailUrl":"https:\/\/www.ine.gob.bo\/wp-content\/uploads\/2022\/07\/nota.png","keywords":["INE Noticias"],"articleSection":["INE noticias"],"inLanguage":"es"},{"@type":"WebPage","@id":"https:\/\/www.ine.gob.bo\/index.php\/la-socializacion-del-censo-llego-al-municipio-la-guardia-del-departamento-de-santa-cruz\/","url":"https:\/\/www.ine.gob.bo\/index.php\/la-socializacion-del-censo-llego-al-municipio-la-guardia-del-departamento-de-santa-cruz\/","name":"La socializaci\u00f3n del Censo lleg\u00f3 al municipio La Guardia del departamento de Santa Cruz - INE","isPartOf":{"@id":"https:\/\/www.ine.gob.bo\/#website"},"primaryImageOfPage":{"@id":"https:\/\/www.ine.gob.bo\/index.php\/la-socializacion-del-censo-llego-al-municipio-la-guardia-del-departamento-de-santa-cruz\/#primaryimage"},"image":{"@id":"https:\/\/www.ine.gob.bo\/index.php\/la-socializacion-del-censo-llego-al-municipio-la-guardia-del-departamento-de-santa-cruz\/#primaryimage"},"thumbnailUrl":"https:\/\/www.ine.gob.bo\/wp-content\/uploads\/2022\/07\/nota.png","datePublished":"2022-07-10T01:13:30+00:00","dateModified":"2025-06-25T19:41:00+00:00","description":"P\u00e1gina oficial del Instituto Nacional de Estadistica INE, informaci\u00f3n estad\u00edstica, geogr\u00e1fica y econ\u00f3mica a nivel nacional.","breadcrumb":{"@id":"https:\/\/www.ine.gob.bo\/index.php\/la-socializacion-del-censo-llego-al-municipio-la-guardia-del-departamento-de-santa-cruz\/#breadcrumb"},"inLanguage":"es","potentialAction":[{"@type":"ReadAction","target":["https:\/\/www.ine.gob.bo\/index.php\/la-socializacion-del-censo-llego-al-municipio-la-guardia-del-departamento-de-santa-cruz\/"]}]},{"@type":"ImageObject","inLanguage":"es","@id":"https:\/\/www.ine.gob.bo\/index.php\/la-socializacion-del-censo-llego-al-municipio-la-guardia-del-departamento-de-santa-cruz\/#primaryimage","url":"https:\/\/www.ine.gob.bo\/wp-content\/uploads\/2022\/07\/nota.png","contentUrl":"https:\/\/www.ine.gob.bo\/wp-content\/uploads\/2022\/07\/nota.png","width":493,"height":228},{"@type":"BreadcrumbList","@id":"https:\/\/www.ine.gob.bo\/index.php\/la-socializacion-del-censo-llego-al-municipio-la-guardia-del-departamento-de-santa-cruz\/#breadcrumb","itemListElement":[{"@type":"ListItem","position":1,"name":"Portada","item":"https:\/\/www.ine.gob.bo\/"},{"@type":"ListItem","position":2,"name":"La socializaci\u00f3n del Censo lleg\u00f3 al municipio La Guardia del departamento de Santa Cruz"}]},{"@type":"WebSite","@id":"https:\/\/www.ine.gob.bo\/#website","url":"https:\/\/www.ine.gob.bo\/","name":"INE","description":"Instituto Nacional de Estad\u00edstica","publisher":{"@id":"https:\/\/www.ine.gob.bo\/#organization"},"potentialAction":[{"@type":"SearchAction","target":{"@type":"EntryPoint","urlTemplate":"https:\/\/www.ine.gob.bo\/?s={search_term_string}"},"query-input":"required name=search_term_string"}],"inLanguage":"es"},{"@type":"Organization","@id":"https:\/\/www.ine.gob.bo\/#organization","name":"Instituto Nacional de Estad\u00edstica","url":"https:\/\/www.ine.gob.bo\/","logo":{"@type":"ImageObject","inLanguage":"es","@id":"https:\/\/www.ine.gob.bo\/#\/schema\/logo\/image\/","url":"https:\/\/www.ine.gob.bo\/wp-content\/uploads\/2026\/02\/logo-ine.jpg","contentUrl":"https:\/\/www.ine.gob.bo\/wp-content\/uploads\/2026\/02\/logo-ine.jpg","width":799,"height":453,"caption":"Instituto Nacional de Estad\u00edstica"},"image":{"@id":"https:\/\/www.ine.gob.bo\/#\/schema\/logo\/image\/"},"sameAs":["https:\/\/www.facebook.com\/ineboliviaoficial","https:\/\/x.com\/INE_Bolivia","https:\/\/www.instagram.com\/ineboliviaoficial\/","https:\/\/www.youtube.com\/channel\/UCbIQXKLw414g5kWo1tAwqCg"]},{"@type":"Person","@id":"https:\/\/www.ine.gob.bo\/#\/schema\/person\/ffa42bafb4e3c57e616eec87600fc297","name":"Lourdes Gutierrez","image":{"@type":"ImageObject","inLanguage":"es","@id":"https:\/\/www.ine.gob.bo\/#\/schema\/person\/image\/","url":"https:\/\/secure.gravatar.com\/avatar\/a8db860f68f1ae1577840ef2560cfd824b142bb9e4253f2cc7bb117c256e196a?s=96&d=mm&r=g","contentUrl":"https:\/\/secure.gravatar.com\/avatar\/a8db860f68f1ae1577840ef2560cfd824b142bb9e4253f2cc7bb117c256e196a?s=96&d=mm&r=g","caption":"Lourdes Gutierrez"},"url":"https:\/\/www.ine.gob.bo\/index.php\/author\/lgutierrez\/"}]}},"rttpg_featured_image_url":{"full":["https:\/\/www.ine.gob.bo\/wp-content\/uploads\/2022\/07\/nota.png",493,228,false],"landscape":["https:\/\/www.ine.gob.bo\/wp-content\/uploads\/2022\/07\/nota.png",493,228,false],"portraits":["https:\/\/www.ine.gob.bo\/wp-content\/uploads\/2022\/07\/nota.png",493,228,false],"thumbnail":["https:\/\/www.ine.gob.bo\/wp-content\/uploads\/2022\/07\/nota-150x150.png",150,150,true],"medium":["https:\/\/www.ine.gob.bo\/wp-content\/uploads\/2022\/07\/nota-300x139.png",300,139,true],"large":["https:\/\/www.ine.gob.bo\/wp-content\/uploads\/2022\/07\/nota.png",493,228,false],"1536x1536":["https:\/\/www.ine.gob.bo\/wp-content\/uploads\/2022\/07\/nota.png",493,228,false],"2048x2048":["https:\/\/www.ine.gob.bo\/wp-content\/uploads\/2022\/07\/nota.png",493,228,false]},"rttpg_author":{"display_name":"Lourdes Gutierrez","author_link":"https:\/\/www.ine.gob.bo\/index.php\/author\/lgutierrez\/"},"rttpg_comment":0,"rttpg_category":"<a href=\"https:\/\/www.ine.gob.bo\/index.php\/category\/ine-noticias\/\" rel=\"category tag\">INE noticias<\/a>","rttpg_excerpt":"[vc_row][vc_column][vc_column_text] Santa Cruz, 09 de julio de 2022 (INE).- El Instituto Nacional de Estad\u00edstica (INE) en coordinaci\u00f3n con la Asociaci\u00f3n de Madres Solteras, Libres de Violencia con Dignidad y Desarrollo Social (A.M.S.L.V.D.D.S.) realiz\u00f3 el s\u00e1bado la socializaci\u00f3n del Censo de Poblaci\u00f3n y Vivienda (CPV) en el municipio La Guardia de Santa Cruz. La exposici\u00f3n estuvo&hellip;","_links":{"self":[{"href":"https:\/\/www.ine.gob.bo\/index.php\/wp-json\/wp\/v2\/posts\/57835","targetHints":{"allow":["GET"]}}],"collection":[{"href":"https:\/\/www.ine.gob.bo\/index.php\/wp-json\/wp\/v2\/posts"}],"about":[{"href":"https:\/\/www.ine.gob.bo\/index.php\/wp-json\/wp\/v2\/types\/post"}],"author":[{"embeddable":true,"href":"https:\/\/www.ine.gob.bo\/index.php\/wp-json\/wp\/v2\/users\/6"}],"replies":[{"embeddable":true,"href":"https:\/\/www.ine.gob.bo\/index.php\/wp-json\/wp\/v2\/comments?post=57835"}],"version-history":[{"count":0,"href":"https:\/\/www.ine.gob.bo\/index.php\/wp-json\/wp\/v2\/posts\/57835\/revisions"}],"wp:featuredmedia":[{"embeddable":true,"href":"https:\/\/www.ine.gob.bo\/index.php\/wp-json\/wp\/v2\/media\/57838"}],"wp:attachment":[{"href":"https:\/\/www.ine.gob.bo\/index.php\/wp-json\/wp\/v2\/media?parent=57835"}],"wp:term":[{"taxonomy":"category","embeddable":true,"href":"https:\/\/www.ine.gob.bo\/index.php\/wp-json\/wp\/v2\/categories?post=57835"},{"taxonomy":"post_tag","embeddable":true,"href":"https:\/\/www.ine.gob.bo\/index.php\/wp-json\/wp\/v2\/tags?post=57835"}],"curies":[{"name":"wp","href":"https:\/\/api.w.org\/{rel}","templated":true}]}}