{"id":57822,"date":"2022-07-08T18:04:53","date_gmt":"2022-07-08T22:04:53","guid":{"rendered":"https:\/\/www.ine.gob.bo\/?p=57822"},"modified":"2025-06-25T15:44:15","modified_gmt":"2025-06-25T19:44:15","slug":"el-ine-realiza-socializacion-del-censo-a-los-franciscanos-de-la-iglesia-catolica-en-el-municipio-de-tarata-cochabamba","status":"publish","type":"post","link":"https:\/\/www.ine.gob.bo\/index.php\/el-ine-realiza-socializacion-del-censo-a-los-franciscanos-de-la-iglesia-catolica-en-el-municipio-de-tarata-cochabamba\/","title":{"rendered":"El INE realiza socializaci\u00f3n del Censo a los franciscanos de la Iglesia Cat\u00f3lica en el municipio de Tarata &#8211; Cochabamba"},"content":{"rendered":"<p>[vc_row][vc_column][vc_column_text]<\/p>\r\n<p><strong>Cochabamba, 08 de julio de 2022 (INE). \u2013 <\/strong>Miembros de la Justicia, Paz e Integridad de la Creaci\u00f3n (JPIC) de 8 departamentos de Bolivia participaron de una socializaci\u00f3n sobre el Censo de Poblaci\u00f3n y Vivienda (CPV) para que cuenten con informaci\u00f3n precisa de los avances y etapas del proyecto censal y puedan replicar la misma con el resto de su comunidad.<\/p>\r\n<p>En la socializaci\u00f3n se cont\u00f3 con la presencia del presidente de JPIC, Carmelo Gald\u00f3s, la ejecutiva nacional de esa organizaci\u00f3n, Manuela Urbina y 29 miembros de los departamentos de La Paz, Santa Cruz, Cochabamba, Chuquisaca, Oruro, Potos\u00ed, Beni y Tarija.<\/p>\r\n<p>La exposici\u00f3n estuvo a cargo del encargado departamental del INE en Cochabamba, Gonzalo Veizaga, que respondi\u00f3 a las interrogantes de los participantes a quienes se obsequi\u00f3 los d\u00edpticos de la Actualizaci\u00f3n Cartogr\u00e1fica Estad\u00edstica (ACE).<\/p>\r\n<p>Respecto a las preguntas de c\u00f3mo se controlar\u00e1 la migraci\u00f3n temporal el d\u00eda del Censo, se explic\u00f3 que el INE no pude obligar a la poblaci\u00f3n a que se quede donde vive, pero recomend\u00f3 censarse en la residencia habitual. Se inform\u00f3 que como estrategia este gran evento se realizar\u00e1 en mi\u00e9rcoles para evitar justamente ese movimiento.<\/p>\r\n<p>Los participantes tambi\u00e9n consultaron si se est\u00e1 considerando la pregunta de pertenencia de religi\u00f3n, a lo que se explic\u00f3 que el cuestionario censal ya tiene un avance del 95% y pronto se dar\u00e1 a conocer el mismo.<\/p>\r\n<p>Otra de las consultas estuvo relacionada a si los censistas ser\u00e1n del mismo lugar ya que existir\u00eda el riesgo de aumentar su poblaci\u00f3n a su antojo. A esta interrogante se indic\u00f3 que el operativo del censo contar\u00e1 con la supervisi\u00f3n de \u00e1rea, monitores y supervisores nacionales que garantizan la calidad de recolecci\u00f3n de los datos, adem\u00e1s que los estudiantes conocen los lugares donde hay viviendas en las comunidades alejadas y conocen el idioma de su regi\u00f3n.<\/p>\r\n<p>Con referencia a la problem\u00e1tica de l\u00edmites, se indic\u00f3 que el INE no tiene atribuciones en este tema y que la Ley N\u00b0 339 de Delimitaci\u00f3n de Unidades Territoriales se\u00f1ala claramente las competencias para resolver estos conflictos.<\/p>\r\n<p>Los participantes tambi\u00e9n estaban interesados en la fecha de realizaci\u00f3n de la ACE en\u00a0 Cochabamba. Se mencion\u00f3 que se trabaja de acuerdo a un cronograma y planificaci\u00f3n interna, y que el operativo ya arranc\u00f3 en las ciudades capitales de Oruro, Potos\u00ed, Beni y Pando, y que en ese departamento el reclutamiento de personar comenzar\u00e1 pronto.<\/p>\r\n<p>Los participantes, finalmente consultaron si en el cuestionario censal se incluir\u00e1 la identificaci\u00f3n de raza \u201cMestizo\u201d, a lo que se respondi\u00f3 que esta pregunta no ser\u00e1 incluida.<\/p>\r\n<p>Los franciscanos de Bolivia, Miembros de la Justicia, Paz e Integridad de la Creaci\u00f3n (JPIC) absolvieron sus dudas en cuanto a los avances que se realizan rumbo al Censo de Poblaci\u00f3n y Vivienda.<\/p>\r\n<p style=\"text-align: center;\"><em><img loading=\"lazy\" decoding=\"async\" class=\"wp-image-57826 size-full aligncenter\" src=\"https:\/\/www.ine.gob.bo\/wp-content\/uploads\/2022\/07\/Captura-de-pantalla-2022-07-14-181956.png\" alt=\"\" width=\"538\" height=\"218\" srcset=\"https:\/\/www.ine.gob.bo\/wp-content\/uploads\/2022\/07\/Captura-de-pantalla-2022-07-14-181956.png 538w, https:\/\/www.ine.gob.bo\/wp-content\/uploads\/2022\/07\/Captura-de-pantalla-2022-07-14-181956-300x122.png 300w\" sizes=\"auto, (max-width: 538px) 100vw, 538px\" \/>\u00a0 \u00a0 \u00a0 \u00a0 \u00a0 \u00a0 \u00a0 \u00a0 \u00a0 \u00a0 \u00a0 \u00a0 \u00a0 \u00a0 \u00a0 \u00a0 \u00a0 \u00a0 \u00a0 \u00a0 \u00a0 \u00a0 \u00a0 \u00a0 \u00a0 \u00a0 \u00a0 \u00a0 \u00a0 \u00a0 \u00a0.<\/em><\/p>\r\n<p><img loading=\"lazy\" decoding=\"async\" class=\"aligncenter wp-image-57824 size-full\" src=\"https:\/\/www.ine.gob.bo\/wp-content\/uploads\/2022\/07\/Captura-de-pantalla-2022-07-14-181158.png\" alt=\"\" width=\"539\" height=\"309\" srcset=\"https:\/\/www.ine.gob.bo\/wp-content\/uploads\/2022\/07\/Captura-de-pantalla-2022-07-14-181158.png 539w, https:\/\/www.ine.gob.bo\/wp-content\/uploads\/2022\/07\/Captura-de-pantalla-2022-07-14-181158-300x172.png 300w\" sizes=\"auto, (max-width: 539px) 100vw, 539px\" \/><\/p>\r\n<p>&nbsp;<\/p>\r\n<p style=\"text-align: center;\"><em>\u00a0 \u00a0 \u00a0 \u00a0 \u00a0 \u00a0 \u00a0 \u00a0 \u00a0 \u00a0 \u00a0 \u00a0 <\/em><\/p>\r\n<p class=\"has-text-align-center\" style=\"text-align: center;\"><strong><em>Unidad de Difusi\u00f3n y Comunicaci\u00f3n<\/em><br \/>INSTITUTO NACIONAL DE ESTAD\u00cdSTICA<\/strong><\/p>\r\n<p class=\"has-text-align-center\"><!-- \/wp:post-content --><\/p>\r\n<p><!-- wp:paragraph --><a href=\"https:\/\/nimbus.ine.gob.bo\/index.php\/s\/C37aqXnRsFXBnJ2\/download\">Descargar Nota de Prensa<\/a><\/p>\r\n<p class=\"has-text-align-center\"><!-- \/wp:paragraph --><\/p>\r\n<p class=\"has-text-align-center\"><!-- wp:separator --><\/p>\r\n<hr class=\"wp-block-separator\" \/>\r\n<p class=\"has-text-align-center\"><!-- \/wp:separator --><\/p>\r\n<p class=\"has-text-align-center\"><!-- wp:paragraph {\"align\":\"right\"} --><\/p>\r\n<p class=\"has-text-align-right\"><strong><em>Entidad dependiente del Ministerio de Planificaci\u00f3n del Desarrollo<\/em><\/strong><\/p>\r\n<p class=\"has-text-align-center\"><!-- \/wp:paragraph --><\/p>\r\n<p>&nbsp;<\/p>\r\n<p>[\/vc_column_text][\/vc_column][\/vc_row]<\/p>","protected":false},"excerpt":{"rendered":"<p>[vc_row][vc_column][vc_column_text] Cochabamba, 08 de julio de 2022 (INE). \u2013 Miembros de la Justicia, Paz e Integridad de la Creaci\u00f3n (JPIC) de 8 departamentos de Bolivia participaron de una socializaci\u00f3n sobre el Censo de Poblaci\u00f3n y Vivienda (CPV) para que cuenten con informaci\u00f3n precisa de los avances y etapas del proyecto censal y puedan replicar la&hellip;<\/p>\n","protected":false},"author":6,"featured_media":57828,"comment_status":"closed","ping_status":"open","sticky":false,"template":"","format":"standard","meta":[],"categories":[158],"tags":[52],"class_list":["post-57822","post","type-post","status-publish","format-standard","has-post-thumbnail","hentry","category-ine-noticias","tag-ine-noticias","category-158","description-off"],"yoast_head":"<!-- This site is optimized with the Yoast SEO plugin v23.2 - https:\/\/yoast.com\/wordpress\/plugins\/seo\/ -->\n<title>El INE realiza socializaci\u00f3n del Censo a los franciscanos de la Iglesia Cat\u00f3lica en el municipio de Tarata - Cochabamba - INE<\/title>\n<meta name=\"description\" content=\"P\u00e1gina oficial del Instituto Nacional de Estadistica INE, informaci\u00f3n estad\u00edstica, geogr\u00e1fica y econ\u00f3mica a nivel nacional.\" \/>\n<meta name=\"robots\" content=\"index, follow, max-snippet:-1, max-image-preview:large, max-video-preview:-1\" \/>\n<link rel=\"canonical\" href=\"https:\/\/www.ine.gob.bo\/index.php\/el-ine-realiza-socializacion-del-censo-a-los-franciscanos-de-la-iglesia-catolica-en-el-municipio-de-tarata-cochabamba\/\" \/>\n<meta property=\"og:locale\" content=\"es_ES\" \/>\n<meta property=\"og:type\" content=\"article\" \/>\n<meta property=\"og:title\" content=\"El INE realiza socializaci\u00f3n del Censo a los franciscanos de la Iglesia Cat\u00f3lica en el municipio de Tarata - Cochabamba - INE\" \/>\n<meta property=\"og:description\" content=\"P\u00e1gina oficial del Instituto Nacional de Estadistica INE, informaci\u00f3n estad\u00edstica, geogr\u00e1fica y econ\u00f3mica a nivel nacional.\" \/>\n<meta property=\"og:url\" content=\"https:\/\/www.ine.gob.bo\/index.php\/el-ine-realiza-socializacion-del-censo-a-los-franciscanos-de-la-iglesia-catolica-en-el-municipio-de-tarata-cochabamba\/\" \/>\n<meta property=\"og:site_name\" content=\"INE\" \/>\n<meta property=\"article:publisher\" content=\"https:\/\/www.facebook.com\/ineboliviaoficial\" \/>\n<meta property=\"article:published_time\" content=\"2022-07-08T22:04:53+00:00\" \/>\n<meta property=\"article:modified_time\" content=\"2025-06-25T19:44:15+00:00\" \/>\n<meta property=\"og:image\" content=\"https:\/\/www.ine.gob.bo\/wp-content\/uploads\/2022\/07\/Captura-de-pantalla-2022-07-14-182309.png\" \/>\n\t<meta property=\"og:image:width\" content=\"538\" \/>\n\t<meta property=\"og:image:height\" content=\"286\" \/>\n\t<meta property=\"og:image:type\" content=\"image\/png\" \/>\n<meta name=\"author\" content=\"Lourdes Gutierrez\" \/>\n<meta name=\"twitter:card\" content=\"summary_large_image\" \/>\n<meta name=\"twitter:creator\" content=\"@INE_Bolivia\" \/>\n<meta name=\"twitter:site\" content=\"@INE_Bolivia\" \/>\n<meta name=\"twitter:label1\" content=\"Escrito por\" \/>\n\t<meta name=\"twitter:data1\" content=\"Lourdes Gutierrez\" \/>\n\t<meta name=\"twitter:label2\" content=\"Tiempo de lectura\" \/>\n\t<meta name=\"twitter:data2\" content=\"3 minutos\" \/>\n<script type=\"application\/ld+json\" class=\"yoast-schema-graph\">{\"@context\":\"https:\/\/schema.org\",\"@graph\":[{\"@type\":\"Article\",\"@id\":\"https:\/\/www.ine.gob.bo\/index.php\/el-ine-realiza-socializacion-del-censo-a-los-franciscanos-de-la-iglesia-catolica-en-el-municipio-de-tarata-cochabamba\/#article\",\"isPartOf\":{\"@id\":\"https:\/\/www.ine.gob.bo\/index.php\/el-ine-realiza-socializacion-del-censo-a-los-franciscanos-de-la-iglesia-catolica-en-el-municipio-de-tarata-cochabamba\/\"},\"author\":{\"name\":\"Lourdes Gutierrez\",\"@id\":\"https:\/\/www.ine.gob.bo\/#\/schema\/person\/ffa42bafb4e3c57e616eec87600fc297\"},\"headline\":\"El INE realiza socializaci\u00f3n del Censo a los franciscanos de la Iglesia Cat\u00f3lica en el municipio de Tarata &#8211; Cochabamba\",\"datePublished\":\"2022-07-08T22:04:53+00:00\",\"dateModified\":\"2025-06-25T19:44:15+00:00\",\"mainEntityOfPage\":{\"@id\":\"https:\/\/www.ine.gob.bo\/index.php\/el-ine-realiza-socializacion-del-censo-a-los-franciscanos-de-la-iglesia-catolica-en-el-municipio-de-tarata-cochabamba\/\"},\"wordCount\":548,\"publisher\":{\"@id\":\"https:\/\/www.ine.gob.bo\/#organization\"},\"image\":{\"@id\":\"https:\/\/www.ine.gob.bo\/index.php\/el-ine-realiza-socializacion-del-censo-a-los-franciscanos-de-la-iglesia-catolica-en-el-municipio-de-tarata-cochabamba\/#primaryimage\"},\"thumbnailUrl\":\"https:\/\/www.ine.gob.bo\/wp-content\/uploads\/2022\/07\/Captura-de-pantalla-2022-07-14-182309.png\",\"keywords\":[\"INE Noticias\"],\"articleSection\":[\"INE noticias\"],\"inLanguage\":\"es\"},{\"@type\":\"WebPage\",\"@id\":\"https:\/\/www.ine.gob.bo\/index.php\/el-ine-realiza-socializacion-del-censo-a-los-franciscanos-de-la-iglesia-catolica-en-el-municipio-de-tarata-cochabamba\/\",\"url\":\"https:\/\/www.ine.gob.bo\/index.php\/el-ine-realiza-socializacion-del-censo-a-los-franciscanos-de-la-iglesia-catolica-en-el-municipio-de-tarata-cochabamba\/\",\"name\":\"El INE realiza socializaci\u00f3n del Censo a los franciscanos de la Iglesia Cat\u00f3lica en el municipio de Tarata - Cochabamba - INE\",\"isPartOf\":{\"@id\":\"https:\/\/www.ine.gob.bo\/#website\"},\"primaryImageOfPage\":{\"@id\":\"https:\/\/www.ine.gob.bo\/index.php\/el-ine-realiza-socializacion-del-censo-a-los-franciscanos-de-la-iglesia-catolica-en-el-municipio-de-tarata-cochabamba\/#primaryimage\"},\"image\":{\"@id\":\"https:\/\/www.ine.gob.bo\/index.php\/el-ine-realiza-socializacion-del-censo-a-los-franciscanos-de-la-iglesia-catolica-en-el-municipio-de-tarata-cochabamba\/#primaryimage\"},\"thumbnailUrl\":\"https:\/\/www.ine.gob.bo\/wp-content\/uploads\/2022\/07\/Captura-de-pantalla-2022-07-14-182309.png\",\"datePublished\":\"2022-07-08T22:04:53+00:00\",\"dateModified\":\"2025-06-25T19:44:15+00:00\",\"description\":\"P\u00e1gina oficial del Instituto Nacional de Estadistica INE, informaci\u00f3n estad\u00edstica, geogr\u00e1fica y econ\u00f3mica a nivel nacional.\",\"breadcrumb\":{\"@id\":\"https:\/\/www.ine.gob.bo\/index.php\/el-ine-realiza-socializacion-del-censo-a-los-franciscanos-de-la-iglesia-catolica-en-el-municipio-de-tarata-cochabamba\/#breadcrumb\"},\"inLanguage\":\"es\",\"potentialAction\":[{\"@type\":\"ReadAction\",\"target\":[\"https:\/\/www.ine.gob.bo\/index.php\/el-ine-realiza-socializacion-del-censo-a-los-franciscanos-de-la-iglesia-catolica-en-el-municipio-de-tarata-cochabamba\/\"]}]},{\"@type\":\"ImageObject\",\"inLanguage\":\"es\",\"@id\":\"https:\/\/www.ine.gob.bo\/index.php\/el-ine-realiza-socializacion-del-censo-a-los-franciscanos-de-la-iglesia-catolica-en-el-municipio-de-tarata-cochabamba\/#primaryimage\",\"url\":\"https:\/\/www.ine.gob.bo\/wp-content\/uploads\/2022\/07\/Captura-de-pantalla-2022-07-14-182309.png\",\"contentUrl\":\"https:\/\/www.ine.gob.bo\/wp-content\/uploads\/2022\/07\/Captura-de-pantalla-2022-07-14-182309.png\",\"width\":538,\"height\":286},{\"@type\":\"BreadcrumbList\",\"@id\":\"https:\/\/www.ine.gob.bo\/index.php\/el-ine-realiza-socializacion-del-censo-a-los-franciscanos-de-la-iglesia-catolica-en-el-municipio-de-tarata-cochabamba\/#breadcrumb\",\"itemListElement\":[{\"@type\":\"ListItem\",\"position\":1,\"name\":\"Portada\",\"item\":\"https:\/\/www.ine.gob.bo\/\"},{\"@type\":\"ListItem\",\"position\":2,\"name\":\"El INE realiza socializaci\u00f3n del Censo a los franciscanos de la Iglesia Cat\u00f3lica en el municipio de Tarata &#8211; Cochabamba\"}]},{\"@type\":\"WebSite\",\"@id\":\"https:\/\/www.ine.gob.bo\/#website\",\"url\":\"https:\/\/www.ine.gob.bo\/\",\"name\":\"INE\",\"description\":\"Instituto Nacional de Estad\u00edstica\",\"publisher\":{\"@id\":\"https:\/\/www.ine.gob.bo\/#organization\"},\"potentialAction\":[{\"@type\":\"SearchAction\",\"target\":{\"@type\":\"EntryPoint\",\"urlTemplate\":\"https:\/\/www.ine.gob.bo\/?s={search_term_string}\"},\"query-input\":\"required name=search_term_string\"}],\"inLanguage\":\"es\"},{\"@type\":\"Organization\",\"@id\":\"https:\/\/www.ine.gob.bo\/#organization\",\"name\":\"Instituto Nacional de Estad\u00edstica\",\"url\":\"https:\/\/www.ine.gob.bo\/\",\"logo\":{\"@type\":\"ImageObject\",\"inLanguage\":\"es\",\"@id\":\"https:\/\/www.ine.gob.bo\/#\/schema\/logo\/image\/\",\"url\":\"https:\/\/www.ine.gob.bo\/wp-content\/uploads\/2026\/02\/logo-ine.jpg\",\"contentUrl\":\"https:\/\/www.ine.gob.bo\/wp-content\/uploads\/2026\/02\/logo-ine.jpg\",\"width\":799,\"height\":453,\"caption\":\"Instituto Nacional de Estad\u00edstica\"},\"image\":{\"@id\":\"https:\/\/www.ine.gob.bo\/#\/schema\/logo\/image\/\"},\"sameAs\":[\"https:\/\/www.facebook.com\/ineboliviaoficial\",\"https:\/\/x.com\/INE_Bolivia\",\"https:\/\/www.instagram.com\/ineboliviaoficial\/\",\"https:\/\/www.youtube.com\/channel\/UCbIQXKLw414g5kWo1tAwqCg\"]},{\"@type\":\"Person\",\"@id\":\"https:\/\/www.ine.gob.bo\/#\/schema\/person\/ffa42bafb4e3c57e616eec87600fc297\",\"name\":\"Lourdes Gutierrez\",\"image\":{\"@type\":\"ImageObject\",\"inLanguage\":\"es\",\"@id\":\"https:\/\/www.ine.gob.bo\/#\/schema\/person\/image\/\",\"url\":\"https:\/\/secure.gravatar.com\/avatar\/a8db860f68f1ae1577840ef2560cfd824b142bb9e4253f2cc7bb117c256e196a?s=96&d=mm&r=g\",\"contentUrl\":\"https:\/\/secure.gravatar.com\/avatar\/a8db860f68f1ae1577840ef2560cfd824b142bb9e4253f2cc7bb117c256e196a?s=96&d=mm&r=g\",\"caption\":\"Lourdes Gutierrez\"},\"url\":\"https:\/\/www.ine.gob.bo\/index.php\/author\/lgutierrez\/\"}]}<\/script>\n<!-- \/ Yoast SEO plugin. -->","yoast_head_json":{"title":"El INE realiza socializaci\u00f3n del Censo a los franciscanos de la Iglesia Cat\u00f3lica en el municipio de Tarata - Cochabamba - INE","description":"P\u00e1gina oficial del Instituto Nacional de Estadistica INE, informaci\u00f3n estad\u00edstica, geogr\u00e1fica y econ\u00f3mica a nivel nacional.","robots":{"index":"index","follow":"follow","max-snippet":"max-snippet:-1","max-image-preview":"max-image-preview:large","max-video-preview":"max-video-preview:-1"},"canonical":"https:\/\/www.ine.gob.bo\/index.php\/el-ine-realiza-socializacion-del-censo-a-los-franciscanos-de-la-iglesia-catolica-en-el-municipio-de-tarata-cochabamba\/","og_locale":"es_ES","og_type":"article","og_title":"El INE realiza socializaci\u00f3n del Censo a los franciscanos de la Iglesia Cat\u00f3lica en el municipio de Tarata - Cochabamba - INE","og_description":"P\u00e1gina oficial del Instituto Nacional de Estadistica INE, informaci\u00f3n estad\u00edstica, geogr\u00e1fica y econ\u00f3mica a nivel nacional.","og_url":"https:\/\/www.ine.gob.bo\/index.php\/el-ine-realiza-socializacion-del-censo-a-los-franciscanos-de-la-iglesia-catolica-en-el-municipio-de-tarata-cochabamba\/","og_site_name":"INE","article_publisher":"https:\/\/www.facebook.com\/ineboliviaoficial","article_published_time":"2022-07-08T22:04:53+00:00","article_modified_time":"2025-06-25T19:44:15+00:00","og_image":[{"width":538,"height":286,"url":"https:\/\/www.ine.gob.bo\/wp-content\/uploads\/2022\/07\/Captura-de-pantalla-2022-07-14-182309.png","type":"image\/png"}],"author":"Lourdes Gutierrez","twitter_card":"summary_large_image","twitter_creator":"@INE_Bolivia","twitter_site":"@INE_Bolivia","twitter_misc":{"Escrito por":"Lourdes Gutierrez","Tiempo de lectura":"3 minutos"},"schema":{"@context":"https:\/\/schema.org","@graph":[{"@type":"Article","@id":"https:\/\/www.ine.gob.bo\/index.php\/el-ine-realiza-socializacion-del-censo-a-los-franciscanos-de-la-iglesia-catolica-en-el-municipio-de-tarata-cochabamba\/#article","isPartOf":{"@id":"https:\/\/www.ine.gob.bo\/index.php\/el-ine-realiza-socializacion-del-censo-a-los-franciscanos-de-la-iglesia-catolica-en-el-municipio-de-tarata-cochabamba\/"},"author":{"name":"Lourdes Gutierrez","@id":"https:\/\/www.ine.gob.bo\/#\/schema\/person\/ffa42bafb4e3c57e616eec87600fc297"},"headline":"El INE realiza socializaci\u00f3n del Censo a los franciscanos de la Iglesia Cat\u00f3lica en el municipio de Tarata &#8211; Cochabamba","datePublished":"2022-07-08T22:04:53+00:00","dateModified":"2025-06-25T19:44:15+00:00","mainEntityOfPage":{"@id":"https:\/\/www.ine.gob.bo\/index.php\/el-ine-realiza-socializacion-del-censo-a-los-franciscanos-de-la-iglesia-catolica-en-el-municipio-de-tarata-cochabamba\/"},"wordCount":548,"publisher":{"@id":"https:\/\/www.ine.gob.bo\/#organization"},"image":{"@id":"https:\/\/www.ine.gob.bo\/index.php\/el-ine-realiza-socializacion-del-censo-a-los-franciscanos-de-la-iglesia-catolica-en-el-municipio-de-tarata-cochabamba\/#primaryimage"},"thumbnailUrl":"https:\/\/www.ine.gob.bo\/wp-content\/uploads\/2022\/07\/Captura-de-pantalla-2022-07-14-182309.png","keywords":["INE Noticias"],"articleSection":["INE noticias"],"inLanguage":"es"},{"@type":"WebPage","@id":"https:\/\/www.ine.gob.bo\/index.php\/el-ine-realiza-socializacion-del-censo-a-los-franciscanos-de-la-iglesia-catolica-en-el-municipio-de-tarata-cochabamba\/","url":"https:\/\/www.ine.gob.bo\/index.php\/el-ine-realiza-socializacion-del-censo-a-los-franciscanos-de-la-iglesia-catolica-en-el-municipio-de-tarata-cochabamba\/","name":"El INE realiza socializaci\u00f3n del Censo a los franciscanos de la Iglesia Cat\u00f3lica en el municipio de Tarata - Cochabamba - INE","isPartOf":{"@id":"https:\/\/www.ine.gob.bo\/#website"},"primaryImageOfPage":{"@id":"https:\/\/www.ine.gob.bo\/index.php\/el-ine-realiza-socializacion-del-censo-a-los-franciscanos-de-la-iglesia-catolica-en-el-municipio-de-tarata-cochabamba\/#primaryimage"},"image":{"@id":"https:\/\/www.ine.gob.bo\/index.php\/el-ine-realiza-socializacion-del-censo-a-los-franciscanos-de-la-iglesia-catolica-en-el-municipio-de-tarata-cochabamba\/#primaryimage"},"thumbnailUrl":"https:\/\/www.ine.gob.bo\/wp-content\/uploads\/2022\/07\/Captura-de-pantalla-2022-07-14-182309.png","datePublished":"2022-07-08T22:04:53+00:00","dateModified":"2025-06-25T19:44:15+00:00","description":"P\u00e1gina oficial del Instituto Nacional de Estadistica INE, informaci\u00f3n estad\u00edstica, geogr\u00e1fica y econ\u00f3mica a nivel nacional.","breadcrumb":{"@id":"https:\/\/www.ine.gob.bo\/index.php\/el-ine-realiza-socializacion-del-censo-a-los-franciscanos-de-la-iglesia-catolica-en-el-municipio-de-tarata-cochabamba\/#breadcrumb"},"inLanguage":"es","potentialAction":[{"@type":"ReadAction","target":["https:\/\/www.ine.gob.bo\/index.php\/el-ine-realiza-socializacion-del-censo-a-los-franciscanos-de-la-iglesia-catolica-en-el-municipio-de-tarata-cochabamba\/"]}]},{"@type":"ImageObject","inLanguage":"es","@id":"https:\/\/www.ine.gob.bo\/index.php\/el-ine-realiza-socializacion-del-censo-a-los-franciscanos-de-la-iglesia-catolica-en-el-municipio-de-tarata-cochabamba\/#primaryimage","url":"https:\/\/www.ine.gob.bo\/wp-content\/uploads\/2022\/07\/Captura-de-pantalla-2022-07-14-182309.png","contentUrl":"https:\/\/www.ine.gob.bo\/wp-content\/uploads\/2022\/07\/Captura-de-pantalla-2022-07-14-182309.png","width":538,"height":286},{"@type":"BreadcrumbList","@id":"https:\/\/www.ine.gob.bo\/index.php\/el-ine-realiza-socializacion-del-censo-a-los-franciscanos-de-la-iglesia-catolica-en-el-municipio-de-tarata-cochabamba\/#breadcrumb","itemListElement":[{"@type":"ListItem","position":1,"name":"Portada","item":"https:\/\/www.ine.gob.bo\/"},{"@type":"ListItem","position":2,"name":"El INE realiza socializaci\u00f3n del Censo a los franciscanos de la Iglesia Cat\u00f3lica en el municipio de Tarata &#8211; Cochabamba"}]},{"@type":"WebSite","@id":"https:\/\/www.ine.gob.bo\/#website","url":"https:\/\/www.ine.gob.bo\/","name":"INE","description":"Instituto Nacional de Estad\u00edstica","publisher":{"@id":"https:\/\/www.ine.gob.bo\/#organization"},"potentialAction":[{"@type":"SearchAction","target":{"@type":"EntryPoint","urlTemplate":"https:\/\/www.ine.gob.bo\/?s={search_term_string}"},"query-input":"required name=search_term_string"}],"inLanguage":"es"},{"@type":"Organization","@id":"https:\/\/www.ine.gob.bo\/#organization","name":"Instituto Nacional de Estad\u00edstica","url":"https:\/\/www.ine.gob.bo\/","logo":{"@type":"ImageObject","inLanguage":"es","@id":"https:\/\/www.ine.gob.bo\/#\/schema\/logo\/image\/","url":"https:\/\/www.ine.gob.bo\/wp-content\/uploads\/2026\/02\/logo-ine.jpg","contentUrl":"https:\/\/www.ine.gob.bo\/wp-content\/uploads\/2026\/02\/logo-ine.jpg","width":799,"height":453,"caption":"Instituto Nacional de Estad\u00edstica"},"image":{"@id":"https:\/\/www.ine.gob.bo\/#\/schema\/logo\/image\/"},"sameAs":["https:\/\/www.facebook.com\/ineboliviaoficial","https:\/\/x.com\/INE_Bolivia","https:\/\/www.instagram.com\/ineboliviaoficial\/","https:\/\/www.youtube.com\/channel\/UCbIQXKLw414g5kWo1tAwqCg"]},{"@type":"Person","@id":"https:\/\/www.ine.gob.bo\/#\/schema\/person\/ffa42bafb4e3c57e616eec87600fc297","name":"Lourdes Gutierrez","image":{"@type":"ImageObject","inLanguage":"es","@id":"https:\/\/www.ine.gob.bo\/#\/schema\/person\/image\/","url":"https:\/\/secure.gravatar.com\/avatar\/a8db860f68f1ae1577840ef2560cfd824b142bb9e4253f2cc7bb117c256e196a?s=96&d=mm&r=g","contentUrl":"https:\/\/secure.gravatar.com\/avatar\/a8db860f68f1ae1577840ef2560cfd824b142bb9e4253f2cc7bb117c256e196a?s=96&d=mm&r=g","caption":"Lourdes Gutierrez"},"url":"https:\/\/www.ine.gob.bo\/index.php\/author\/lgutierrez\/"}]}},"rttpg_featured_image_url":{"full":["https:\/\/www.ine.gob.bo\/wp-content\/uploads\/2022\/07\/Captura-de-pantalla-2022-07-14-182309.png",538,286,false],"landscape":["https:\/\/www.ine.gob.bo\/wp-content\/uploads\/2022\/07\/Captura-de-pantalla-2022-07-14-182309.png",538,286,false],"portraits":["https:\/\/www.ine.gob.bo\/wp-content\/uploads\/2022\/07\/Captura-de-pantalla-2022-07-14-182309.png",538,286,false],"thumbnail":["https:\/\/www.ine.gob.bo\/wp-content\/uploads\/2022\/07\/Captura-de-pantalla-2022-07-14-182309-150x150.png",150,150,true],"medium":["https:\/\/www.ine.gob.bo\/wp-content\/uploads\/2022\/07\/Captura-de-pantalla-2022-07-14-182309-300x159.png",300,159,true],"large":["https:\/\/www.ine.gob.bo\/wp-content\/uploads\/2022\/07\/Captura-de-pantalla-2022-07-14-182309.png",538,286,false],"1536x1536":["https:\/\/www.ine.gob.bo\/wp-content\/uploads\/2022\/07\/Captura-de-pantalla-2022-07-14-182309.png",538,286,false],"2048x2048":["https:\/\/www.ine.gob.bo\/wp-content\/uploads\/2022\/07\/Captura-de-pantalla-2022-07-14-182309.png",538,286,false]},"rttpg_author":{"display_name":"Lourdes Gutierrez","author_link":"https:\/\/www.ine.gob.bo\/index.php\/author\/lgutierrez\/"},"rttpg_comment":0,"rttpg_category":"<a href=\"https:\/\/www.ine.gob.bo\/index.php\/category\/ine-noticias\/\" rel=\"category tag\">INE noticias<\/a>","rttpg_excerpt":"[vc_row][vc_column][vc_column_text] Cochabamba, 08 de julio de 2022 (INE). \u2013 Miembros de la Justicia, Paz e Integridad de la Creaci\u00f3n (JPIC) de 8 departamentos de Bolivia participaron de una socializaci\u00f3n sobre el Censo de Poblaci\u00f3n y Vivienda (CPV) para que cuenten con informaci\u00f3n precisa de los avances y etapas del proyecto censal y puedan replicar la&hellip;","_links":{"self":[{"href":"https:\/\/www.ine.gob.bo\/index.php\/wp-json\/wp\/v2\/posts\/57822","targetHints":{"allow":["GET"]}}],"collection":[{"href":"https:\/\/www.ine.gob.bo\/index.php\/wp-json\/wp\/v2\/posts"}],"about":[{"href":"https:\/\/www.ine.gob.bo\/index.php\/wp-json\/wp\/v2\/types\/post"}],"author":[{"embeddable":true,"href":"https:\/\/www.ine.gob.bo\/index.php\/wp-json\/wp\/v2\/users\/6"}],"replies":[{"embeddable":true,"href":"https:\/\/www.ine.gob.bo\/index.php\/wp-json\/wp\/v2\/comments?post=57822"}],"version-history":[{"count":0,"href":"https:\/\/www.ine.gob.bo\/index.php\/wp-json\/wp\/v2\/posts\/57822\/revisions"}],"wp:featuredmedia":[{"embeddable":true,"href":"https:\/\/www.ine.gob.bo\/index.php\/wp-json\/wp\/v2\/media\/57828"}],"wp:attachment":[{"href":"https:\/\/www.ine.gob.bo\/index.php\/wp-json\/wp\/v2\/media?parent=57822"}],"wp:term":[{"taxonomy":"category","embeddable":true,"href":"https:\/\/www.ine.gob.bo\/index.php\/wp-json\/wp\/v2\/categories?post=57822"},{"taxonomy":"post_tag","embeddable":true,"href":"https:\/\/www.ine.gob.bo\/index.php\/wp-json\/wp\/v2\/tags?post=57822"}],"curies":[{"name":"wp","href":"https:\/\/api.w.org\/{rel}","templated":true}]}}