{"id":57780,"date":"2022-07-12T15:59:33","date_gmt":"2022-07-12T19:59:33","guid":{"rendered":"https:\/\/www.ine.gob.bo\/?p=57780"},"modified":"2025-06-25T15:13:45","modified_gmt":"2025-06-25T19:13:45","slug":"se-reprograma-fecha-del-censo-a-solicitud-de-gobiernos-subnacionales-y-representaciones-indigenas","status":"publish","type":"post","link":"https:\/\/www.ine.gob.bo\/index.php\/se-reprograma-fecha-del-censo-a-solicitud-de-gobiernos-subnacionales-y-representaciones-indigenas\/","title":{"rendered":"Se reprograma fecha del Censo a solicitud de gobiernos subnacionales y representaciones ind\u00edgenas"},"content":{"rendered":"<p>[vc_row][vc_column][vc_column_text]<\/p>\r\n<p><strong>La Paz, 12 de julio de 2022 (INE). &#8211; <\/strong>A solicitud de la XII reuni\u00f3n del Consejo Nacional de Autonom\u00edas conformado por autoridades del \u00d3rgano Ejecutivo, autoridades subnacionales y representaciones ind\u00edgenas, la fecha del Censo de Poblaci\u00f3n y Vivienda (CPV) fue reprogramada para el a\u00f1o 2024.<\/p>\r\n<p>El comunicado de la reprogramaci\u00f3n del CPV estuvo a cargo del presidente del Estado, Luis Arce y el viceministro de Autonom\u00edas, \u00c1lvaro Ruiz, quienes destacaron la necesidad de despejar las intenciones pol\u00edtico partidarias en torno al Censo para que esta tarea se realice de manera t\u00e9cnica, libre de \u201cpolitizaci\u00f3n\u201d.<\/p>\r\n<p>Ruiz indic\u00f3 que esta reprogramaci\u00f3n tambi\u00e9n obedece a factores del COVID-19, a la necesidad de socializar el cuestionario censal, de incorporar idiomas originarios al mismo y de contar con una Actualizaci\u00f3n Cartogr\u00e1fica Estad\u00edstica (ACE) en coordinaci\u00f3n con Gobiernos Aut\u00f3nomos Municipales (GAM) e Ind\u00edgena Originario Campesinos. Las condiciones clim\u00e1ticas que generan inaccesibilidad caminera y la migraci\u00f3n interna por temporada de zafra en el mes de noviembre tambi\u00e9n se tomaron en cuenta para la reprogramaci\u00f3n de la fecha.<\/p>\r\n<p>El Consejo Nacional de Autonom\u00edas recomend\u00f3 al gobierno nacional que se tomen medidas de ajuste al calendario censal para garantizar que la informaci\u00f3n obtenida del mismo responda a los m\u00e1s altos niveles de calidad.<\/p>\r\n<p>Entre los beneficios del cambio de fecha del CVP est\u00e1n que se podr\u00e1 contar con una mejor Actualizaci\u00f3n Cartogr\u00e1fica Estad\u00edstica y se dar\u00e1 tiempo a las autoridades municipales para coordinar con sus vecinos a objeto de solucionar problemas de l\u00edmites.<\/p>\r\n<p>En todo este periodo que se avanz\u00f3 en el proyecto censal, principalmente en la etapa pre censal, se observaron riesgos como: la restricci\u00f3n a las brigadas de la ACE en los municipios con problemas de l\u00edmites, el alto nivel de politizaci\u00f3n del Censo, restricciones en la producci\u00f3n y comercializaci\u00f3n de equipos tecnol\u00f3gicos debido a la pandemia que afect\u00f3 al comercio exterior y se complic\u00f3 con la guerra en Ucrania.<\/p>\r\n<p>En la oportunidad, el jefe de Estado destac\u00f3 que esta reuni\u00f3n tuvo un intercambio de criterios muy valioso, los cuales ser\u00e1n tomados en cuenta para la ejecuci\u00f3n del pr\u00f3ximo CPV. Entre las sugerencias est\u00e1n: incorporar en el cuestionario censal el idioma nativo, preparar a la poblaci\u00f3n con informaci\u00f3n adecuada respecto al proceso censal para que esta tarea se efect\u00fae de manera responsable y con transparencia entre todos.<\/p>\r\n<p>La resoluci\u00f3n del pedido de reprogramaci\u00f3n de CPV fue firmada en un acta de consenso y resolvi\u00f3 que esta actividad se realice entre mayo o junio de 2024 y sea en fin de semana.<\/p>\r\n<p>De los nueve gobernadores, ocho firmaron esta acta con la excepci\u00f3n del gobernador del departamento de Santa Cruz.<\/p>\r\n<p>El primer mandatario agradeci\u00f3 a los ocho gobernadores que estuvieron presentes en la reuni\u00f3n, a los alcaldes encabezados por la Asociaci\u00f3n de Municipalidades de Bolivia (AMB), a la Federaci\u00f3n de Asociaciones Municipales de Bolivia (FAM-Bolivia), a los gobiernos aut\u00f3nomos ind\u00edgena originario campesino (GAIOC), y ministros.<\/p>\r\n<p>El Consejo Nacional de Autonom\u00edas es una instancia consultiva y permanente de coordinaci\u00f3n, deliberaci\u00f3n, proposici\u00f3n y concertaci\u00f3n entre el gobierno plurinacional y las entidades territoriales aut\u00f3nomas que se rige en el marco de la Ley N\u00b0031 Ley Marco de Autonom\u00edas y Descentralizaci\u00f3n. Est\u00e1 presidido por el presidente del Estado Plurinacional, tres ministros (as), gobernadores (as), representantes de la Federaci\u00f3n de Asociaciones Municipales de Bolivia, de las autonom\u00edas ind\u00edgena originaria campesinas y una o un representante de las autonom\u00edas regionales.<\/p>\r\n<p>&nbsp;<\/p>\r\n<p><img loading=\"lazy\" decoding=\"async\" class=\"aligncenter wp-image-57743 size-full\" src=\"https:\/\/www.ine.gob.bo\/wp-content\/uploads\/2022\/07\/Captura-de-pantalla-2022-07-12-185113.png\" alt=\"\" width=\"594\" height=\"346\" srcset=\"https:\/\/www.ine.gob.bo\/wp-content\/uploads\/2022\/07\/Captura-de-pantalla-2022-07-12-185113.png 594w, https:\/\/www.ine.gob.bo\/wp-content\/uploads\/2022\/07\/Captura-de-pantalla-2022-07-12-185113-300x175.png 300w\" sizes=\"auto, (max-width: 594px) 100vw, 594px\" \/><\/p>\r\n<p>&nbsp;<\/p>\r\n<p>&nbsp;<\/p>\r\n<p>&nbsp;<\/p>\r\n<p>&nbsp;<\/p>\r\n<p class=\"has-text-align-center\" style=\"text-align: center;\"><strong><em>Unidad de Difusi\u00f3n y Comunicaci\u00f3n<\/em><br \/>INSTITUTO NACIONAL DE ESTAD\u00cdSTICA<\/strong><\/p>\r\n<p class=\"has-text-align-center\"><!-- \/wp:post-content --><\/p>\r\n<p><!-- wp:paragraph --><a href=\"https:\/\/nimbus.ine.gob.bo\/index.php\/s\/cqc3mqGfZsjBANg\/download\">Descargar Nota de Prensa<\/a><\/p>\r\n<p class=\"has-text-align-center\"><!-- \/wp:paragraph --><\/p>\r\n<p class=\"has-text-align-center\"><!-- wp:separator --><\/p>\r\n<hr class=\"wp-block-separator\" \/>\r\n<p class=\"has-text-align-center\"><!-- \/wp:separator --><\/p>\r\n<p class=\"has-text-align-center\"><!-- wp:paragraph {\"align\":\"right\"} --><\/p>\r\n<p class=\"has-text-align-right\"><strong><em>Entidad dependiente del Ministerio de Planificaci\u00f3n del Desarrollo<\/em><\/strong><\/p>\r\n<p class=\"has-text-align-center\"><!-- \/wp:paragraph --><\/p>\r\n<p>&nbsp;<\/p>\r\n<p>[\/vc_column_text][\/vc_column][\/vc_row]<\/p>","protected":false},"excerpt":{"rendered":"<p>[vc_row][vc_column][vc_column_text] La Paz, 12 de julio de 2022 (INE). &#8211; A solicitud de la XII reuni\u00f3n del Consejo Nacional de Autonom\u00edas conformado por autoridades del \u00d3rgano Ejecutivo, autoridades subnacionales y representaciones ind\u00edgenas, la fecha del Censo de Poblaci\u00f3n y Vivienda (CPV) fue reprogramada para el a\u00f1o 2024. El comunicado de la reprogramaci\u00f3n del CPV estuvo&hellip;<\/p>\n","protected":false},"author":6,"featured_media":57751,"comment_status":"closed","ping_status":"open","sticky":false,"template":"","format":"standard","meta":[],"categories":[158],"tags":[52],"class_list":["post-57780","post","type-post","status-publish","format-standard","has-post-thumbnail","hentry","category-ine-noticias","tag-ine-noticias","category-158","description-off"],"yoast_head":"<!-- This site is optimized with the Yoast SEO plugin v23.2 - https:\/\/yoast.com\/wordpress\/plugins\/seo\/ -->\n<title>Se reprograma fecha del Censo a solicitud de gobiernos subnacionales y representaciones ind\u00edgenas - INE<\/title>\n<meta name=\"description\" content=\"P\u00e1gina oficial del Instituto Nacional de Estadistica INE, informaci\u00f3n estad\u00edstica, geogr\u00e1fica y econ\u00f3mica a nivel nacional.\" \/>\n<meta name=\"robots\" content=\"index, follow, max-snippet:-1, max-image-preview:large, max-video-preview:-1\" \/>\n<link rel=\"canonical\" href=\"https:\/\/www.ine.gob.bo\/index.php\/se-reprograma-fecha-del-censo-a-solicitud-de-gobiernos-subnacionales-y-representaciones-indigenas\/\" \/>\n<meta property=\"og:locale\" content=\"es_ES\" \/>\n<meta property=\"og:type\" content=\"article\" \/>\n<meta property=\"og:title\" content=\"Se reprograma fecha del Censo a solicitud de gobiernos subnacionales y representaciones ind\u00edgenas - INE\" \/>\n<meta property=\"og:description\" content=\"P\u00e1gina oficial del Instituto Nacional de Estadistica INE, informaci\u00f3n estad\u00edstica, geogr\u00e1fica y econ\u00f3mica a nivel nacional.\" \/>\n<meta property=\"og:url\" content=\"https:\/\/www.ine.gob.bo\/index.php\/se-reprograma-fecha-del-censo-a-solicitud-de-gobiernos-subnacionales-y-representaciones-indigenas\/\" \/>\n<meta property=\"og:site_name\" content=\"INE\" \/>\n<meta property=\"article:publisher\" content=\"https:\/\/www.facebook.com\/ineboliviaoficial\" \/>\n<meta property=\"article:published_time\" content=\"2022-07-12T19:59:33+00:00\" \/>\n<meta property=\"article:modified_time\" content=\"2025-06-25T19:13:45+00:00\" \/>\n<meta property=\"og:image\" content=\"https:\/\/www.ine.gob.bo\/wp-content\/uploads\/2022\/07\/Captura-de-pantalla-2022-07-12-185323.png\" \/>\n\t<meta property=\"og:image:width\" content=\"593\" \/>\n\t<meta property=\"og:image:height\" content=\"327\" \/>\n\t<meta property=\"og:image:type\" content=\"image\/png\" \/>\n<meta name=\"author\" content=\"Lourdes Gutierrez\" \/>\n<meta name=\"twitter:card\" content=\"summary_large_image\" \/>\n<meta name=\"twitter:creator\" content=\"@INE_Bolivia\" \/>\n<meta name=\"twitter:site\" content=\"@INE_Bolivia\" \/>\n<meta name=\"twitter:label1\" content=\"Escrito por\" \/>\n\t<meta name=\"twitter:data1\" content=\"Lourdes Gutierrez\" \/>\n\t<meta name=\"twitter:label2\" content=\"Tiempo de lectura\" \/>\n\t<meta name=\"twitter:data2\" content=\"4 minutos\" \/>\n<script type=\"application\/ld+json\" class=\"yoast-schema-graph\">{\"@context\":\"https:\/\/schema.org\",\"@graph\":[{\"@type\":\"Article\",\"@id\":\"https:\/\/www.ine.gob.bo\/index.php\/se-reprograma-fecha-del-censo-a-solicitud-de-gobiernos-subnacionales-y-representaciones-indigenas\/#article\",\"isPartOf\":{\"@id\":\"https:\/\/www.ine.gob.bo\/index.php\/se-reprograma-fecha-del-censo-a-solicitud-de-gobiernos-subnacionales-y-representaciones-indigenas\/\"},\"author\":{\"name\":\"Lourdes Gutierrez\",\"@id\":\"https:\/\/www.ine.gob.bo\/#\/schema\/person\/ffa42bafb4e3c57e616eec87600fc297\"},\"headline\":\"Se reprograma fecha del Censo a solicitud de gobiernos subnacionales y representaciones ind\u00edgenas\",\"datePublished\":\"2022-07-12T19:59:33+00:00\",\"dateModified\":\"2025-06-25T19:13:45+00:00\",\"mainEntityOfPage\":{\"@id\":\"https:\/\/www.ine.gob.bo\/index.php\/se-reprograma-fecha-del-censo-a-solicitud-de-gobiernos-subnacionales-y-representaciones-indigenas\/\"},\"wordCount\":676,\"publisher\":{\"@id\":\"https:\/\/www.ine.gob.bo\/#organization\"},\"image\":{\"@id\":\"https:\/\/www.ine.gob.bo\/index.php\/se-reprograma-fecha-del-censo-a-solicitud-de-gobiernos-subnacionales-y-representaciones-indigenas\/#primaryimage\"},\"thumbnailUrl\":\"https:\/\/www.ine.gob.bo\/wp-content\/uploads\/2022\/07\/Captura-de-pantalla-2022-07-12-185323.png\",\"keywords\":[\"INE Noticias\"],\"articleSection\":[\"INE noticias\"],\"inLanguage\":\"es\"},{\"@type\":\"WebPage\",\"@id\":\"https:\/\/www.ine.gob.bo\/index.php\/se-reprograma-fecha-del-censo-a-solicitud-de-gobiernos-subnacionales-y-representaciones-indigenas\/\",\"url\":\"https:\/\/www.ine.gob.bo\/index.php\/se-reprograma-fecha-del-censo-a-solicitud-de-gobiernos-subnacionales-y-representaciones-indigenas\/\",\"name\":\"Se reprograma fecha del Censo a solicitud de gobiernos subnacionales y representaciones ind\u00edgenas - INE\",\"isPartOf\":{\"@id\":\"https:\/\/www.ine.gob.bo\/#website\"},\"primaryImageOfPage\":{\"@id\":\"https:\/\/www.ine.gob.bo\/index.php\/se-reprograma-fecha-del-censo-a-solicitud-de-gobiernos-subnacionales-y-representaciones-indigenas\/#primaryimage\"},\"image\":{\"@id\":\"https:\/\/www.ine.gob.bo\/index.php\/se-reprograma-fecha-del-censo-a-solicitud-de-gobiernos-subnacionales-y-representaciones-indigenas\/#primaryimage\"},\"thumbnailUrl\":\"https:\/\/www.ine.gob.bo\/wp-content\/uploads\/2022\/07\/Captura-de-pantalla-2022-07-12-185323.png\",\"datePublished\":\"2022-07-12T19:59:33+00:00\",\"dateModified\":\"2025-06-25T19:13:45+00:00\",\"description\":\"P\u00e1gina oficial del Instituto Nacional de Estadistica INE, informaci\u00f3n estad\u00edstica, geogr\u00e1fica y econ\u00f3mica a nivel nacional.\",\"breadcrumb\":{\"@id\":\"https:\/\/www.ine.gob.bo\/index.php\/se-reprograma-fecha-del-censo-a-solicitud-de-gobiernos-subnacionales-y-representaciones-indigenas\/#breadcrumb\"},\"inLanguage\":\"es\",\"potentialAction\":[{\"@type\":\"ReadAction\",\"target\":[\"https:\/\/www.ine.gob.bo\/index.php\/se-reprograma-fecha-del-censo-a-solicitud-de-gobiernos-subnacionales-y-representaciones-indigenas\/\"]}]},{\"@type\":\"ImageObject\",\"inLanguage\":\"es\",\"@id\":\"https:\/\/www.ine.gob.bo\/index.php\/se-reprograma-fecha-del-censo-a-solicitud-de-gobiernos-subnacionales-y-representaciones-indigenas\/#primaryimage\",\"url\":\"https:\/\/www.ine.gob.bo\/wp-content\/uploads\/2022\/07\/Captura-de-pantalla-2022-07-12-185323.png\",\"contentUrl\":\"https:\/\/www.ine.gob.bo\/wp-content\/uploads\/2022\/07\/Captura-de-pantalla-2022-07-12-185323.png\",\"width\":593,\"height\":327},{\"@type\":\"BreadcrumbList\",\"@id\":\"https:\/\/www.ine.gob.bo\/index.php\/se-reprograma-fecha-del-censo-a-solicitud-de-gobiernos-subnacionales-y-representaciones-indigenas\/#breadcrumb\",\"itemListElement\":[{\"@type\":\"ListItem\",\"position\":1,\"name\":\"Portada\",\"item\":\"https:\/\/www.ine.gob.bo\/\"},{\"@type\":\"ListItem\",\"position\":2,\"name\":\"Se reprograma fecha del Censo a solicitud de gobiernos subnacionales y representaciones ind\u00edgenas\"}]},{\"@type\":\"WebSite\",\"@id\":\"https:\/\/www.ine.gob.bo\/#website\",\"url\":\"https:\/\/www.ine.gob.bo\/\",\"name\":\"INE\",\"description\":\"Instituto Nacional de Estad\u00edstica\",\"publisher\":{\"@id\":\"https:\/\/www.ine.gob.bo\/#organization\"},\"potentialAction\":[{\"@type\":\"SearchAction\",\"target\":{\"@type\":\"EntryPoint\",\"urlTemplate\":\"https:\/\/www.ine.gob.bo\/?s={search_term_string}\"},\"query-input\":\"required name=search_term_string\"}],\"inLanguage\":\"es\"},{\"@type\":\"Organization\",\"@id\":\"https:\/\/www.ine.gob.bo\/#organization\",\"name\":\"Instituto Nacional de Estad\u00edstica\",\"url\":\"https:\/\/www.ine.gob.bo\/\",\"logo\":{\"@type\":\"ImageObject\",\"inLanguage\":\"es\",\"@id\":\"https:\/\/www.ine.gob.bo\/#\/schema\/logo\/image\/\",\"url\":\"https:\/\/www.ine.gob.bo\/wp-content\/uploads\/2026\/02\/logo-ine.jpg\",\"contentUrl\":\"https:\/\/www.ine.gob.bo\/wp-content\/uploads\/2026\/02\/logo-ine.jpg\",\"width\":799,\"height\":453,\"caption\":\"Instituto Nacional de Estad\u00edstica\"},\"image\":{\"@id\":\"https:\/\/www.ine.gob.bo\/#\/schema\/logo\/image\/\"},\"sameAs\":[\"https:\/\/www.facebook.com\/ineboliviaoficial\",\"https:\/\/x.com\/INE_Bolivia\",\"https:\/\/www.instagram.com\/ineboliviaoficial\/\",\"https:\/\/www.youtube.com\/channel\/UCbIQXKLw414g5kWo1tAwqCg\"]},{\"@type\":\"Person\",\"@id\":\"https:\/\/www.ine.gob.bo\/#\/schema\/person\/ffa42bafb4e3c57e616eec87600fc297\",\"name\":\"Lourdes Gutierrez\",\"image\":{\"@type\":\"ImageObject\",\"inLanguage\":\"es\",\"@id\":\"https:\/\/www.ine.gob.bo\/#\/schema\/person\/image\/\",\"url\":\"https:\/\/secure.gravatar.com\/avatar\/a8db860f68f1ae1577840ef2560cfd824b142bb9e4253f2cc7bb117c256e196a?s=96&d=mm&r=g\",\"contentUrl\":\"https:\/\/secure.gravatar.com\/avatar\/a8db860f68f1ae1577840ef2560cfd824b142bb9e4253f2cc7bb117c256e196a?s=96&d=mm&r=g\",\"caption\":\"Lourdes Gutierrez\"},\"url\":\"https:\/\/www.ine.gob.bo\/index.php\/author\/lgutierrez\/\"}]}<\/script>\n<!-- \/ Yoast SEO plugin. -->","yoast_head_json":{"title":"Se reprograma fecha del Censo a solicitud de gobiernos subnacionales y representaciones ind\u00edgenas - INE","description":"P\u00e1gina oficial del Instituto Nacional de Estadistica INE, informaci\u00f3n estad\u00edstica, geogr\u00e1fica y econ\u00f3mica a nivel nacional.","robots":{"index":"index","follow":"follow","max-snippet":"max-snippet:-1","max-image-preview":"max-image-preview:large","max-video-preview":"max-video-preview:-1"},"canonical":"https:\/\/www.ine.gob.bo\/index.php\/se-reprograma-fecha-del-censo-a-solicitud-de-gobiernos-subnacionales-y-representaciones-indigenas\/","og_locale":"es_ES","og_type":"article","og_title":"Se reprograma fecha del Censo a solicitud de gobiernos subnacionales y representaciones ind\u00edgenas - INE","og_description":"P\u00e1gina oficial del Instituto Nacional de Estadistica INE, informaci\u00f3n estad\u00edstica, geogr\u00e1fica y econ\u00f3mica a nivel nacional.","og_url":"https:\/\/www.ine.gob.bo\/index.php\/se-reprograma-fecha-del-censo-a-solicitud-de-gobiernos-subnacionales-y-representaciones-indigenas\/","og_site_name":"INE","article_publisher":"https:\/\/www.facebook.com\/ineboliviaoficial","article_published_time":"2022-07-12T19:59:33+00:00","article_modified_time":"2025-06-25T19:13:45+00:00","og_image":[{"width":593,"height":327,"url":"https:\/\/www.ine.gob.bo\/wp-content\/uploads\/2022\/07\/Captura-de-pantalla-2022-07-12-185323.png","type":"image\/png"}],"author":"Lourdes Gutierrez","twitter_card":"summary_large_image","twitter_creator":"@INE_Bolivia","twitter_site":"@INE_Bolivia","twitter_misc":{"Escrito por":"Lourdes Gutierrez","Tiempo de lectura":"4 minutos"},"schema":{"@context":"https:\/\/schema.org","@graph":[{"@type":"Article","@id":"https:\/\/www.ine.gob.bo\/index.php\/se-reprograma-fecha-del-censo-a-solicitud-de-gobiernos-subnacionales-y-representaciones-indigenas\/#article","isPartOf":{"@id":"https:\/\/www.ine.gob.bo\/index.php\/se-reprograma-fecha-del-censo-a-solicitud-de-gobiernos-subnacionales-y-representaciones-indigenas\/"},"author":{"name":"Lourdes Gutierrez","@id":"https:\/\/www.ine.gob.bo\/#\/schema\/person\/ffa42bafb4e3c57e616eec87600fc297"},"headline":"Se reprograma fecha del Censo a solicitud de gobiernos subnacionales y representaciones ind\u00edgenas","datePublished":"2022-07-12T19:59:33+00:00","dateModified":"2025-06-25T19:13:45+00:00","mainEntityOfPage":{"@id":"https:\/\/www.ine.gob.bo\/index.php\/se-reprograma-fecha-del-censo-a-solicitud-de-gobiernos-subnacionales-y-representaciones-indigenas\/"},"wordCount":676,"publisher":{"@id":"https:\/\/www.ine.gob.bo\/#organization"},"image":{"@id":"https:\/\/www.ine.gob.bo\/index.php\/se-reprograma-fecha-del-censo-a-solicitud-de-gobiernos-subnacionales-y-representaciones-indigenas\/#primaryimage"},"thumbnailUrl":"https:\/\/www.ine.gob.bo\/wp-content\/uploads\/2022\/07\/Captura-de-pantalla-2022-07-12-185323.png","keywords":["INE Noticias"],"articleSection":["INE noticias"],"inLanguage":"es"},{"@type":"WebPage","@id":"https:\/\/www.ine.gob.bo\/index.php\/se-reprograma-fecha-del-censo-a-solicitud-de-gobiernos-subnacionales-y-representaciones-indigenas\/","url":"https:\/\/www.ine.gob.bo\/index.php\/se-reprograma-fecha-del-censo-a-solicitud-de-gobiernos-subnacionales-y-representaciones-indigenas\/","name":"Se reprograma fecha del Censo a solicitud de gobiernos subnacionales y representaciones ind\u00edgenas - INE","isPartOf":{"@id":"https:\/\/www.ine.gob.bo\/#website"},"primaryImageOfPage":{"@id":"https:\/\/www.ine.gob.bo\/index.php\/se-reprograma-fecha-del-censo-a-solicitud-de-gobiernos-subnacionales-y-representaciones-indigenas\/#primaryimage"},"image":{"@id":"https:\/\/www.ine.gob.bo\/index.php\/se-reprograma-fecha-del-censo-a-solicitud-de-gobiernos-subnacionales-y-representaciones-indigenas\/#primaryimage"},"thumbnailUrl":"https:\/\/www.ine.gob.bo\/wp-content\/uploads\/2022\/07\/Captura-de-pantalla-2022-07-12-185323.png","datePublished":"2022-07-12T19:59:33+00:00","dateModified":"2025-06-25T19:13:45+00:00","description":"P\u00e1gina oficial del Instituto Nacional de Estadistica INE, informaci\u00f3n estad\u00edstica, geogr\u00e1fica y econ\u00f3mica a nivel nacional.","breadcrumb":{"@id":"https:\/\/www.ine.gob.bo\/index.php\/se-reprograma-fecha-del-censo-a-solicitud-de-gobiernos-subnacionales-y-representaciones-indigenas\/#breadcrumb"},"inLanguage":"es","potentialAction":[{"@type":"ReadAction","target":["https:\/\/www.ine.gob.bo\/index.php\/se-reprograma-fecha-del-censo-a-solicitud-de-gobiernos-subnacionales-y-representaciones-indigenas\/"]}]},{"@type":"ImageObject","inLanguage":"es","@id":"https:\/\/www.ine.gob.bo\/index.php\/se-reprograma-fecha-del-censo-a-solicitud-de-gobiernos-subnacionales-y-representaciones-indigenas\/#primaryimage","url":"https:\/\/www.ine.gob.bo\/wp-content\/uploads\/2022\/07\/Captura-de-pantalla-2022-07-12-185323.png","contentUrl":"https:\/\/www.ine.gob.bo\/wp-content\/uploads\/2022\/07\/Captura-de-pantalla-2022-07-12-185323.png","width":593,"height":327},{"@type":"BreadcrumbList","@id":"https:\/\/www.ine.gob.bo\/index.php\/se-reprograma-fecha-del-censo-a-solicitud-de-gobiernos-subnacionales-y-representaciones-indigenas\/#breadcrumb","itemListElement":[{"@type":"ListItem","position":1,"name":"Portada","item":"https:\/\/www.ine.gob.bo\/"},{"@type":"ListItem","position":2,"name":"Se reprograma fecha del Censo a solicitud de gobiernos subnacionales y representaciones ind\u00edgenas"}]},{"@type":"WebSite","@id":"https:\/\/www.ine.gob.bo\/#website","url":"https:\/\/www.ine.gob.bo\/","name":"INE","description":"Instituto Nacional de Estad\u00edstica","publisher":{"@id":"https:\/\/www.ine.gob.bo\/#organization"},"potentialAction":[{"@type":"SearchAction","target":{"@type":"EntryPoint","urlTemplate":"https:\/\/www.ine.gob.bo\/?s={search_term_string}"},"query-input":"required name=search_term_string"}],"inLanguage":"es"},{"@type":"Organization","@id":"https:\/\/www.ine.gob.bo\/#organization","name":"Instituto Nacional de Estad\u00edstica","url":"https:\/\/www.ine.gob.bo\/","logo":{"@type":"ImageObject","inLanguage":"es","@id":"https:\/\/www.ine.gob.bo\/#\/schema\/logo\/image\/","url":"https:\/\/www.ine.gob.bo\/wp-content\/uploads\/2026\/02\/logo-ine.jpg","contentUrl":"https:\/\/www.ine.gob.bo\/wp-content\/uploads\/2026\/02\/logo-ine.jpg","width":799,"height":453,"caption":"Instituto Nacional de Estad\u00edstica"},"image":{"@id":"https:\/\/www.ine.gob.bo\/#\/schema\/logo\/image\/"},"sameAs":["https:\/\/www.facebook.com\/ineboliviaoficial","https:\/\/x.com\/INE_Bolivia","https:\/\/www.instagram.com\/ineboliviaoficial\/","https:\/\/www.youtube.com\/channel\/UCbIQXKLw414g5kWo1tAwqCg"]},{"@type":"Person","@id":"https:\/\/www.ine.gob.bo\/#\/schema\/person\/ffa42bafb4e3c57e616eec87600fc297","name":"Lourdes Gutierrez","image":{"@type":"ImageObject","inLanguage":"es","@id":"https:\/\/www.ine.gob.bo\/#\/schema\/person\/image\/","url":"https:\/\/secure.gravatar.com\/avatar\/a8db860f68f1ae1577840ef2560cfd824b142bb9e4253f2cc7bb117c256e196a?s=96&d=mm&r=g","contentUrl":"https:\/\/secure.gravatar.com\/avatar\/a8db860f68f1ae1577840ef2560cfd824b142bb9e4253f2cc7bb117c256e196a?s=96&d=mm&r=g","caption":"Lourdes Gutierrez"},"url":"https:\/\/www.ine.gob.bo\/index.php\/author\/lgutierrez\/"}]}},"rttpg_featured_image_url":{"full":["https:\/\/www.ine.gob.bo\/wp-content\/uploads\/2022\/07\/Captura-de-pantalla-2022-07-12-185323.png",593,327,false],"landscape":["https:\/\/www.ine.gob.bo\/wp-content\/uploads\/2022\/07\/Captura-de-pantalla-2022-07-12-185323.png",593,327,false],"portraits":["https:\/\/www.ine.gob.bo\/wp-content\/uploads\/2022\/07\/Captura-de-pantalla-2022-07-12-185323.png",593,327,false],"thumbnail":["https:\/\/www.ine.gob.bo\/wp-content\/uploads\/2022\/07\/Captura-de-pantalla-2022-07-12-185323-150x150.png",150,150,true],"medium":["https:\/\/www.ine.gob.bo\/wp-content\/uploads\/2022\/07\/Captura-de-pantalla-2022-07-12-185323-300x165.png",300,165,true],"large":["https:\/\/www.ine.gob.bo\/wp-content\/uploads\/2022\/07\/Captura-de-pantalla-2022-07-12-185323.png",593,327,false],"1536x1536":["https:\/\/www.ine.gob.bo\/wp-content\/uploads\/2022\/07\/Captura-de-pantalla-2022-07-12-185323.png",593,327,false],"2048x2048":["https:\/\/www.ine.gob.bo\/wp-content\/uploads\/2022\/07\/Captura-de-pantalla-2022-07-12-185323.png",593,327,false]},"rttpg_author":{"display_name":"Lourdes Gutierrez","author_link":"https:\/\/www.ine.gob.bo\/index.php\/author\/lgutierrez\/"},"rttpg_comment":0,"rttpg_category":"<a href=\"https:\/\/www.ine.gob.bo\/index.php\/category\/ine-noticias\/\" rel=\"category tag\">INE noticias<\/a>","rttpg_excerpt":"[vc_row][vc_column][vc_column_text] La Paz, 12 de julio de 2022 (INE). &#8211; A solicitud de la XII reuni\u00f3n del Consejo Nacional de Autonom\u00edas conformado por autoridades del \u00d3rgano Ejecutivo, autoridades subnacionales y representaciones ind\u00edgenas, la fecha del Censo de Poblaci\u00f3n y Vivienda (CPV) fue reprogramada para el a\u00f1o 2024. El comunicado de la reprogramaci\u00f3n del CPV estuvo&hellip;","_links":{"self":[{"href":"https:\/\/www.ine.gob.bo\/index.php\/wp-json\/wp\/v2\/posts\/57780","targetHints":{"allow":["GET"]}}],"collection":[{"href":"https:\/\/www.ine.gob.bo\/index.php\/wp-json\/wp\/v2\/posts"}],"about":[{"href":"https:\/\/www.ine.gob.bo\/index.php\/wp-json\/wp\/v2\/types\/post"}],"author":[{"embeddable":true,"href":"https:\/\/www.ine.gob.bo\/index.php\/wp-json\/wp\/v2\/users\/6"}],"replies":[{"embeddable":true,"href":"https:\/\/www.ine.gob.bo\/index.php\/wp-json\/wp\/v2\/comments?post=57780"}],"version-history":[{"count":0,"href":"https:\/\/www.ine.gob.bo\/index.php\/wp-json\/wp\/v2\/posts\/57780\/revisions"}],"wp:featuredmedia":[{"embeddable":true,"href":"https:\/\/www.ine.gob.bo\/index.php\/wp-json\/wp\/v2\/media\/57751"}],"wp:attachment":[{"href":"https:\/\/www.ine.gob.bo\/index.php\/wp-json\/wp\/v2\/media?parent=57780"}],"wp:term":[{"taxonomy":"category","embeddable":true,"href":"https:\/\/www.ine.gob.bo\/index.php\/wp-json\/wp\/v2\/categories?post=57780"},{"taxonomy":"post_tag","embeddable":true,"href":"https:\/\/www.ine.gob.bo\/index.php\/wp-json\/wp\/v2\/tags?post=57780"}],"curies":[{"name":"wp","href":"https:\/\/api.w.org\/{rel}","templated":true}]}}