{"id":57757,"date":"2022-07-12T23:53:58","date_gmt":"2022-07-13T03:53:58","guid":{"rendered":"https:\/\/www.ine.gob.bo\/?p=57757"},"modified":"2025-06-25T14:27:18","modified_gmt":"2025-06-25T18:27:18","slug":"el-ine-participa-de-feria-multisectorial-plurinacional-en-la-ciudad-de-el-alto","status":"publish","type":"post","link":"https:\/\/www.ine.gob.bo\/index.php\/el-ine-participa-de-feria-multisectorial-plurinacional-en-la-ciudad-de-el-alto\/","title":{"rendered":"El INE participa de Feria Multisectorial Plurinacional en la ciudad de El Alto"},"content":{"rendered":"<p>[vc_row][vc_column][vc_column_text]<\/p>\r\n<p><strong>El Alto, 12 de julio de 2022 (INE). &#8211; <\/strong>El Instituto Nacional de Estad\u00edstica (INE) particip\u00f3 este martes de la s\u00e9ptima \u201cFeria Multisectorial Plurinacional Gesti\u00f3n 2022-2025\u201d organizada por el Viceministerio de Coordinaci\u00f3n y Gesti\u00f3n Gubernamental del Ministerio de la Presidencia, actividades que buscan lograr mayor interacci\u00f3n entre en nivel central del Estado y la poblaci\u00f3n boliviana.<\/p>\r\n<p>Esta vez la feria se realiz\u00f3 en inmediaciones del telef\u00e9rico rojo de la ciudad de El Alto con la participaci\u00f3n de instituciones p\u00fablicas como el INE que instal\u00f3 un stand para hacer conocer a la poblaci\u00f3n el trabajo que desarrolla y mostrar las publicaciones que efect\u00faa con los datos estad\u00edsticos que obtiene mediante censos, encuestas y de registros administrativos, principalmente.<\/p>\r\n<p>El stand del INE fue uno de los m\u00e1s concurridos para recibir informaci\u00f3n respecto al Censo de Poblaci\u00f3n y Vivienda (CPV) porque el personal de la entidad reparti\u00f3 material informativo con diferentes estad\u00edsticas y otros referidos a los Censos de Poblaci\u00f3n y Vivienda realizados en Bolivia, entre otras tem\u00e1ticas como salud y trabajo.<\/p>\r\n<p>El material informativo se reparti\u00f3 a 138 personas entre dirigentes de organizaciones sociales como la Federaci\u00f3n de Juntas Vecinales de El Alto (FEJUVE) y la Central Obrera Regional (COR), adem\u00e1s de estudiantes de la Universidad P\u00fablica de El Alto (UPEA), de la Universidad Mayor de San Andr\u00e9s (UMSA) y de diversos institutos.<\/p>\r\n<p>Los j\u00f3venes universitarios fueron los que m\u00e1s consultas realizaron respecto al pr\u00f3ximo censo, principalmente referidas a las convocatorias para formar parte del equipo t\u00e9cnico del INE y para ser censistas voluntarios.<\/p>\r\n<p class=\"has-text-align-center\" style=\"text-align: center;\"><strong><em><img loading=\"lazy\" decoding=\"async\" class=\" wp-image-57758 aligncenter\" src=\"https:\/\/www.ine.gob.bo\/wp-content\/uploads\/2022\/07\/Captura-de-pantalla-2022-07-12-234413-300x158.png\" alt=\"\" width=\"439\" height=\"231\" srcset=\"https:\/\/www.ine.gob.bo\/wp-content\/uploads\/2022\/07\/Captura-de-pantalla-2022-07-12-234413-300x158.png 300w, https:\/\/www.ine.gob.bo\/wp-content\/uploads\/2022\/07\/Captura-de-pantalla-2022-07-12-234413.png 452w\" sizes=\"auto, (max-width: 439px) 100vw, 439px\" \/><\/em><\/strong><\/p>\r\n<p class=\"has-text-align-center\" style=\"text-align: center;\"><strong><em>Unidad de Difusi\u00f3n y Comunicaci\u00f3n<\/em><br \/>INSTITUTO NACIONAL DE ESTAD\u00cdSTICA<\/strong><\/p>\r\n<p class=\"has-text-align-center\"><!-- \/wp:post-content --><\/p>\r\n<p><!-- wp:paragraph --><a href=\"https:\/\/nimbus.ine.gob.bo\/index.php\/s\/Jrs4RPAdKEmsTnx\/download\">Descargar Nota de Prensa<\/a><\/p>\r\n<p class=\"has-text-align-center\"><!-- \/wp:paragraph --><\/p>\r\n<p class=\"has-text-align-center\"><!-- wp:separator --><\/p>\r\n<hr class=\"wp-block-separator\" \/>\r\n<p class=\"has-text-align-center\"><!-- \/wp:separator --><\/p>\r\n<p class=\"has-text-align-center\"><!-- wp:paragraph {\"align\":\"right\"} --><\/p>\r\n<p class=\"has-text-align-right\"><strong><em>Entidad dependiente del Ministerio de Planificaci\u00f3n del Desarrollo<\/em><\/strong><\/p>\r\n<p class=\"has-text-align-center\"><!-- \/wp:paragraph --><\/p>\r\n<p>&nbsp;<\/p>\r\n<p>[\/vc_column_text][\/vc_column][\/vc_row]<\/p>","protected":false},"excerpt":{"rendered":"<p>[vc_row][vc_column][vc_column_text] El Alto, 12 de julio de 2022 (INE). &#8211; El Instituto Nacional de Estad\u00edstica (INE) particip\u00f3 este martes de la s\u00e9ptima \u201cFeria Multisectorial Plurinacional Gesti\u00f3n 2022-2025\u201d organizada por el Viceministerio de Coordinaci\u00f3n y Gesti\u00f3n Gubernamental del Ministerio de la Presidencia, actividades que buscan lograr mayor interacci\u00f3n entre en nivel central del Estado y la&hellip;<\/p>\n","protected":false},"author":6,"featured_media":57758,"comment_status":"closed","ping_status":"open","sticky":false,"template":"","format":"standard","meta":[],"categories":[158],"tags":[52],"class_list":["post-57757","post","type-post","status-publish","format-standard","has-post-thumbnail","hentry","category-ine-noticias","tag-ine-noticias","category-158","description-off"],"yoast_head":"<!-- This site is optimized with the Yoast SEO plugin v23.2 - https:\/\/yoast.com\/wordpress\/plugins\/seo\/ -->\n<title>El INE participa de Feria Multisectorial Plurinacional en la ciudad de El Alto - INE<\/title>\n<meta name=\"description\" content=\"P\u00e1gina oficial del Instituto Nacional de Estadistica INE, informaci\u00f3n estad\u00edstica, geogr\u00e1fica y econ\u00f3mica a nivel nacional.\" \/>\n<meta name=\"robots\" content=\"index, follow, max-snippet:-1, max-image-preview:large, max-video-preview:-1\" \/>\n<link rel=\"canonical\" href=\"https:\/\/www.ine.gob.bo\/index.php\/el-ine-participa-de-feria-multisectorial-plurinacional-en-la-ciudad-de-el-alto\/\" \/>\n<meta property=\"og:locale\" content=\"es_ES\" \/>\n<meta property=\"og:type\" content=\"article\" \/>\n<meta property=\"og:title\" content=\"El INE participa de Feria Multisectorial Plurinacional en la ciudad de El Alto - INE\" \/>\n<meta property=\"og:description\" content=\"P\u00e1gina oficial del Instituto Nacional de Estadistica INE, informaci\u00f3n estad\u00edstica, geogr\u00e1fica y econ\u00f3mica a nivel nacional.\" \/>\n<meta property=\"og:url\" content=\"https:\/\/www.ine.gob.bo\/index.php\/el-ine-participa-de-feria-multisectorial-plurinacional-en-la-ciudad-de-el-alto\/\" \/>\n<meta property=\"og:site_name\" content=\"INE\" \/>\n<meta property=\"article:publisher\" content=\"https:\/\/www.facebook.com\/ineboliviaoficial\" \/>\n<meta property=\"article:published_time\" content=\"2022-07-13T03:53:58+00:00\" \/>\n<meta property=\"article:modified_time\" content=\"2025-06-25T18:27:18+00:00\" \/>\n<meta property=\"og:image\" content=\"https:\/\/www.ine.gob.bo\/wp-content\/uploads\/2022\/07\/Captura-de-pantalla-2022-07-12-234413.png\" \/>\n\t<meta property=\"og:image:width\" content=\"452\" \/>\n\t<meta property=\"og:image:height\" content=\"238\" \/>\n\t<meta property=\"og:image:type\" content=\"image\/png\" \/>\n<meta name=\"author\" content=\"Lourdes Gutierrez\" \/>\n<meta name=\"twitter:card\" content=\"summary_large_image\" \/>\n<meta name=\"twitter:creator\" content=\"@INE_Bolivia\" \/>\n<meta name=\"twitter:site\" content=\"@INE_Bolivia\" \/>\n<meta name=\"twitter:label1\" content=\"Escrito por\" \/>\n\t<meta name=\"twitter:data1\" content=\"Lourdes Gutierrez\" \/>\n\t<meta name=\"twitter:label2\" content=\"Tiempo de lectura\" \/>\n\t<meta name=\"twitter:data2\" content=\"2 minutos\" \/>\n<script type=\"application\/ld+json\" class=\"yoast-schema-graph\">{\"@context\":\"https:\/\/schema.org\",\"@graph\":[{\"@type\":\"Article\",\"@id\":\"https:\/\/www.ine.gob.bo\/index.php\/el-ine-participa-de-feria-multisectorial-plurinacional-en-la-ciudad-de-el-alto\/#article\",\"isPartOf\":{\"@id\":\"https:\/\/www.ine.gob.bo\/index.php\/el-ine-participa-de-feria-multisectorial-plurinacional-en-la-ciudad-de-el-alto\/\"},\"author\":{\"name\":\"Lourdes Gutierrez\",\"@id\":\"https:\/\/www.ine.gob.bo\/#\/schema\/person\/ffa42bafb4e3c57e616eec87600fc297\"},\"headline\":\"El INE participa de Feria Multisectorial Plurinacional en la ciudad de El Alto\",\"datePublished\":\"2022-07-13T03:53:58+00:00\",\"dateModified\":\"2025-06-25T18:27:18+00:00\",\"mainEntityOfPage\":{\"@id\":\"https:\/\/www.ine.gob.bo\/index.php\/el-ine-participa-de-feria-multisectorial-plurinacional-en-la-ciudad-de-el-alto\/\"},\"wordCount\":329,\"publisher\":{\"@id\":\"https:\/\/www.ine.gob.bo\/#organization\"},\"image\":{\"@id\":\"https:\/\/www.ine.gob.bo\/index.php\/el-ine-participa-de-feria-multisectorial-plurinacional-en-la-ciudad-de-el-alto\/#primaryimage\"},\"thumbnailUrl\":\"https:\/\/www.ine.gob.bo\/wp-content\/uploads\/2022\/07\/Captura-de-pantalla-2022-07-12-234413.png\",\"keywords\":[\"INE Noticias\"],\"articleSection\":[\"INE noticias\"],\"inLanguage\":\"es\"},{\"@type\":\"WebPage\",\"@id\":\"https:\/\/www.ine.gob.bo\/index.php\/el-ine-participa-de-feria-multisectorial-plurinacional-en-la-ciudad-de-el-alto\/\",\"url\":\"https:\/\/www.ine.gob.bo\/index.php\/el-ine-participa-de-feria-multisectorial-plurinacional-en-la-ciudad-de-el-alto\/\",\"name\":\"El INE participa de Feria Multisectorial Plurinacional en la ciudad de El Alto - INE\",\"isPartOf\":{\"@id\":\"https:\/\/www.ine.gob.bo\/#website\"},\"primaryImageOfPage\":{\"@id\":\"https:\/\/www.ine.gob.bo\/index.php\/el-ine-participa-de-feria-multisectorial-plurinacional-en-la-ciudad-de-el-alto\/#primaryimage\"},\"image\":{\"@id\":\"https:\/\/www.ine.gob.bo\/index.php\/el-ine-participa-de-feria-multisectorial-plurinacional-en-la-ciudad-de-el-alto\/#primaryimage\"},\"thumbnailUrl\":\"https:\/\/www.ine.gob.bo\/wp-content\/uploads\/2022\/07\/Captura-de-pantalla-2022-07-12-234413.png\",\"datePublished\":\"2022-07-13T03:53:58+00:00\",\"dateModified\":\"2025-06-25T18:27:18+00:00\",\"description\":\"P\u00e1gina oficial del Instituto Nacional de Estadistica INE, informaci\u00f3n estad\u00edstica, geogr\u00e1fica y econ\u00f3mica a nivel nacional.\",\"breadcrumb\":{\"@id\":\"https:\/\/www.ine.gob.bo\/index.php\/el-ine-participa-de-feria-multisectorial-plurinacional-en-la-ciudad-de-el-alto\/#breadcrumb\"},\"inLanguage\":\"es\",\"potentialAction\":[{\"@type\":\"ReadAction\",\"target\":[\"https:\/\/www.ine.gob.bo\/index.php\/el-ine-participa-de-feria-multisectorial-plurinacional-en-la-ciudad-de-el-alto\/\"]}]},{\"@type\":\"ImageObject\",\"inLanguage\":\"es\",\"@id\":\"https:\/\/www.ine.gob.bo\/index.php\/el-ine-participa-de-feria-multisectorial-plurinacional-en-la-ciudad-de-el-alto\/#primaryimage\",\"url\":\"https:\/\/www.ine.gob.bo\/wp-content\/uploads\/2022\/07\/Captura-de-pantalla-2022-07-12-234413.png\",\"contentUrl\":\"https:\/\/www.ine.gob.bo\/wp-content\/uploads\/2022\/07\/Captura-de-pantalla-2022-07-12-234413.png\",\"width\":452,\"height\":238},{\"@type\":\"BreadcrumbList\",\"@id\":\"https:\/\/www.ine.gob.bo\/index.php\/el-ine-participa-de-feria-multisectorial-plurinacional-en-la-ciudad-de-el-alto\/#breadcrumb\",\"itemListElement\":[{\"@type\":\"ListItem\",\"position\":1,\"name\":\"Portada\",\"item\":\"https:\/\/www.ine.gob.bo\/\"},{\"@type\":\"ListItem\",\"position\":2,\"name\":\"El INE participa de Feria Multisectorial Plurinacional en la ciudad de El Alto\"}]},{\"@type\":\"WebSite\",\"@id\":\"https:\/\/www.ine.gob.bo\/#website\",\"url\":\"https:\/\/www.ine.gob.bo\/\",\"name\":\"INE\",\"description\":\"Instituto Nacional de Estad\u00edstica\",\"publisher\":{\"@id\":\"https:\/\/www.ine.gob.bo\/#organization\"},\"potentialAction\":[{\"@type\":\"SearchAction\",\"target\":{\"@type\":\"EntryPoint\",\"urlTemplate\":\"https:\/\/www.ine.gob.bo\/?s={search_term_string}\"},\"query-input\":\"required name=search_term_string\"}],\"inLanguage\":\"es\"},{\"@type\":\"Organization\",\"@id\":\"https:\/\/www.ine.gob.bo\/#organization\",\"name\":\"Instituto Nacional de Estad\u00edstica\",\"url\":\"https:\/\/www.ine.gob.bo\/\",\"logo\":{\"@type\":\"ImageObject\",\"inLanguage\":\"es\",\"@id\":\"https:\/\/www.ine.gob.bo\/#\/schema\/logo\/image\/\",\"url\":\"https:\/\/www.ine.gob.bo\/wp-content\/uploads\/2026\/02\/logo-ine.jpg\",\"contentUrl\":\"https:\/\/www.ine.gob.bo\/wp-content\/uploads\/2026\/02\/logo-ine.jpg\",\"width\":799,\"height\":453,\"caption\":\"Instituto Nacional de Estad\u00edstica\"},\"image\":{\"@id\":\"https:\/\/www.ine.gob.bo\/#\/schema\/logo\/image\/\"},\"sameAs\":[\"https:\/\/www.facebook.com\/ineboliviaoficial\",\"https:\/\/x.com\/INE_Bolivia\",\"https:\/\/www.instagram.com\/ineboliviaoficial\/\",\"https:\/\/www.youtube.com\/channel\/UCbIQXKLw414g5kWo1tAwqCg\"]},{\"@type\":\"Person\",\"@id\":\"https:\/\/www.ine.gob.bo\/#\/schema\/person\/ffa42bafb4e3c57e616eec87600fc297\",\"name\":\"Lourdes Gutierrez\",\"image\":{\"@type\":\"ImageObject\",\"inLanguage\":\"es\",\"@id\":\"https:\/\/www.ine.gob.bo\/#\/schema\/person\/image\/\",\"url\":\"https:\/\/secure.gravatar.com\/avatar\/a8db860f68f1ae1577840ef2560cfd824b142bb9e4253f2cc7bb117c256e196a?s=96&d=mm&r=g\",\"contentUrl\":\"https:\/\/secure.gravatar.com\/avatar\/a8db860f68f1ae1577840ef2560cfd824b142bb9e4253f2cc7bb117c256e196a?s=96&d=mm&r=g\",\"caption\":\"Lourdes Gutierrez\"},\"url\":\"https:\/\/www.ine.gob.bo\/index.php\/author\/lgutierrez\/\"}]}<\/script>\n<!-- \/ Yoast SEO plugin. -->","yoast_head_json":{"title":"El INE participa de Feria Multisectorial Plurinacional en la ciudad de El Alto - INE","description":"P\u00e1gina oficial del Instituto Nacional de Estadistica INE, informaci\u00f3n estad\u00edstica, geogr\u00e1fica y econ\u00f3mica a nivel nacional.","robots":{"index":"index","follow":"follow","max-snippet":"max-snippet:-1","max-image-preview":"max-image-preview:large","max-video-preview":"max-video-preview:-1"},"canonical":"https:\/\/www.ine.gob.bo\/index.php\/el-ine-participa-de-feria-multisectorial-plurinacional-en-la-ciudad-de-el-alto\/","og_locale":"es_ES","og_type":"article","og_title":"El INE participa de Feria Multisectorial Plurinacional en la ciudad de El Alto - INE","og_description":"P\u00e1gina oficial del Instituto Nacional de Estadistica INE, informaci\u00f3n estad\u00edstica, geogr\u00e1fica y econ\u00f3mica a nivel nacional.","og_url":"https:\/\/www.ine.gob.bo\/index.php\/el-ine-participa-de-feria-multisectorial-plurinacional-en-la-ciudad-de-el-alto\/","og_site_name":"INE","article_publisher":"https:\/\/www.facebook.com\/ineboliviaoficial","article_published_time":"2022-07-13T03:53:58+00:00","article_modified_time":"2025-06-25T18:27:18+00:00","og_image":[{"width":452,"height":238,"url":"https:\/\/www.ine.gob.bo\/wp-content\/uploads\/2022\/07\/Captura-de-pantalla-2022-07-12-234413.png","type":"image\/png"}],"author":"Lourdes Gutierrez","twitter_card":"summary_large_image","twitter_creator":"@INE_Bolivia","twitter_site":"@INE_Bolivia","twitter_misc":{"Escrito por":"Lourdes Gutierrez","Tiempo de lectura":"2 minutos"},"schema":{"@context":"https:\/\/schema.org","@graph":[{"@type":"Article","@id":"https:\/\/www.ine.gob.bo\/index.php\/el-ine-participa-de-feria-multisectorial-plurinacional-en-la-ciudad-de-el-alto\/#article","isPartOf":{"@id":"https:\/\/www.ine.gob.bo\/index.php\/el-ine-participa-de-feria-multisectorial-plurinacional-en-la-ciudad-de-el-alto\/"},"author":{"name":"Lourdes Gutierrez","@id":"https:\/\/www.ine.gob.bo\/#\/schema\/person\/ffa42bafb4e3c57e616eec87600fc297"},"headline":"El INE participa de Feria Multisectorial Plurinacional en la ciudad de El Alto","datePublished":"2022-07-13T03:53:58+00:00","dateModified":"2025-06-25T18:27:18+00:00","mainEntityOfPage":{"@id":"https:\/\/www.ine.gob.bo\/index.php\/el-ine-participa-de-feria-multisectorial-plurinacional-en-la-ciudad-de-el-alto\/"},"wordCount":329,"publisher":{"@id":"https:\/\/www.ine.gob.bo\/#organization"},"image":{"@id":"https:\/\/www.ine.gob.bo\/index.php\/el-ine-participa-de-feria-multisectorial-plurinacional-en-la-ciudad-de-el-alto\/#primaryimage"},"thumbnailUrl":"https:\/\/www.ine.gob.bo\/wp-content\/uploads\/2022\/07\/Captura-de-pantalla-2022-07-12-234413.png","keywords":["INE Noticias"],"articleSection":["INE noticias"],"inLanguage":"es"},{"@type":"WebPage","@id":"https:\/\/www.ine.gob.bo\/index.php\/el-ine-participa-de-feria-multisectorial-plurinacional-en-la-ciudad-de-el-alto\/","url":"https:\/\/www.ine.gob.bo\/index.php\/el-ine-participa-de-feria-multisectorial-plurinacional-en-la-ciudad-de-el-alto\/","name":"El INE participa de Feria Multisectorial Plurinacional en la ciudad de El Alto - INE","isPartOf":{"@id":"https:\/\/www.ine.gob.bo\/#website"},"primaryImageOfPage":{"@id":"https:\/\/www.ine.gob.bo\/index.php\/el-ine-participa-de-feria-multisectorial-plurinacional-en-la-ciudad-de-el-alto\/#primaryimage"},"image":{"@id":"https:\/\/www.ine.gob.bo\/index.php\/el-ine-participa-de-feria-multisectorial-plurinacional-en-la-ciudad-de-el-alto\/#primaryimage"},"thumbnailUrl":"https:\/\/www.ine.gob.bo\/wp-content\/uploads\/2022\/07\/Captura-de-pantalla-2022-07-12-234413.png","datePublished":"2022-07-13T03:53:58+00:00","dateModified":"2025-06-25T18:27:18+00:00","description":"P\u00e1gina oficial del Instituto Nacional de Estadistica INE, informaci\u00f3n estad\u00edstica, geogr\u00e1fica y econ\u00f3mica a nivel nacional.","breadcrumb":{"@id":"https:\/\/www.ine.gob.bo\/index.php\/el-ine-participa-de-feria-multisectorial-plurinacional-en-la-ciudad-de-el-alto\/#breadcrumb"},"inLanguage":"es","potentialAction":[{"@type":"ReadAction","target":["https:\/\/www.ine.gob.bo\/index.php\/el-ine-participa-de-feria-multisectorial-plurinacional-en-la-ciudad-de-el-alto\/"]}]},{"@type":"ImageObject","inLanguage":"es","@id":"https:\/\/www.ine.gob.bo\/index.php\/el-ine-participa-de-feria-multisectorial-plurinacional-en-la-ciudad-de-el-alto\/#primaryimage","url":"https:\/\/www.ine.gob.bo\/wp-content\/uploads\/2022\/07\/Captura-de-pantalla-2022-07-12-234413.png","contentUrl":"https:\/\/www.ine.gob.bo\/wp-content\/uploads\/2022\/07\/Captura-de-pantalla-2022-07-12-234413.png","width":452,"height":238},{"@type":"BreadcrumbList","@id":"https:\/\/www.ine.gob.bo\/index.php\/el-ine-participa-de-feria-multisectorial-plurinacional-en-la-ciudad-de-el-alto\/#breadcrumb","itemListElement":[{"@type":"ListItem","position":1,"name":"Portada","item":"https:\/\/www.ine.gob.bo\/"},{"@type":"ListItem","position":2,"name":"El INE participa de Feria Multisectorial Plurinacional en la ciudad de El Alto"}]},{"@type":"WebSite","@id":"https:\/\/www.ine.gob.bo\/#website","url":"https:\/\/www.ine.gob.bo\/","name":"INE","description":"Instituto Nacional de Estad\u00edstica","publisher":{"@id":"https:\/\/www.ine.gob.bo\/#organization"},"potentialAction":[{"@type":"SearchAction","target":{"@type":"EntryPoint","urlTemplate":"https:\/\/www.ine.gob.bo\/?s={search_term_string}"},"query-input":"required name=search_term_string"}],"inLanguage":"es"},{"@type":"Organization","@id":"https:\/\/www.ine.gob.bo\/#organization","name":"Instituto Nacional de Estad\u00edstica","url":"https:\/\/www.ine.gob.bo\/","logo":{"@type":"ImageObject","inLanguage":"es","@id":"https:\/\/www.ine.gob.bo\/#\/schema\/logo\/image\/","url":"https:\/\/www.ine.gob.bo\/wp-content\/uploads\/2026\/02\/logo-ine.jpg","contentUrl":"https:\/\/www.ine.gob.bo\/wp-content\/uploads\/2026\/02\/logo-ine.jpg","width":799,"height":453,"caption":"Instituto Nacional de Estad\u00edstica"},"image":{"@id":"https:\/\/www.ine.gob.bo\/#\/schema\/logo\/image\/"},"sameAs":["https:\/\/www.facebook.com\/ineboliviaoficial","https:\/\/x.com\/INE_Bolivia","https:\/\/www.instagram.com\/ineboliviaoficial\/","https:\/\/www.youtube.com\/channel\/UCbIQXKLw414g5kWo1tAwqCg"]},{"@type":"Person","@id":"https:\/\/www.ine.gob.bo\/#\/schema\/person\/ffa42bafb4e3c57e616eec87600fc297","name":"Lourdes Gutierrez","image":{"@type":"ImageObject","inLanguage":"es","@id":"https:\/\/www.ine.gob.bo\/#\/schema\/person\/image\/","url":"https:\/\/secure.gravatar.com\/avatar\/a8db860f68f1ae1577840ef2560cfd824b142bb9e4253f2cc7bb117c256e196a?s=96&d=mm&r=g","contentUrl":"https:\/\/secure.gravatar.com\/avatar\/a8db860f68f1ae1577840ef2560cfd824b142bb9e4253f2cc7bb117c256e196a?s=96&d=mm&r=g","caption":"Lourdes Gutierrez"},"url":"https:\/\/www.ine.gob.bo\/index.php\/author\/lgutierrez\/"}]}},"rttpg_featured_image_url":{"full":["https:\/\/www.ine.gob.bo\/wp-content\/uploads\/2022\/07\/Captura-de-pantalla-2022-07-12-234413.png",452,238,false],"landscape":["https:\/\/www.ine.gob.bo\/wp-content\/uploads\/2022\/07\/Captura-de-pantalla-2022-07-12-234413.png",452,238,false],"portraits":["https:\/\/www.ine.gob.bo\/wp-content\/uploads\/2022\/07\/Captura-de-pantalla-2022-07-12-234413.png",452,238,false],"thumbnail":["https:\/\/www.ine.gob.bo\/wp-content\/uploads\/2022\/07\/Captura-de-pantalla-2022-07-12-234413-150x150.png",150,150,true],"medium":["https:\/\/www.ine.gob.bo\/wp-content\/uploads\/2022\/07\/Captura-de-pantalla-2022-07-12-234413-300x158.png",300,158,true],"large":["https:\/\/www.ine.gob.bo\/wp-content\/uploads\/2022\/07\/Captura-de-pantalla-2022-07-12-234413.png",452,238,false],"1536x1536":["https:\/\/www.ine.gob.bo\/wp-content\/uploads\/2022\/07\/Captura-de-pantalla-2022-07-12-234413.png",452,238,false],"2048x2048":["https:\/\/www.ine.gob.bo\/wp-content\/uploads\/2022\/07\/Captura-de-pantalla-2022-07-12-234413.png",452,238,false]},"rttpg_author":{"display_name":"Lourdes Gutierrez","author_link":"https:\/\/www.ine.gob.bo\/index.php\/author\/lgutierrez\/"},"rttpg_comment":0,"rttpg_category":"<a href=\"https:\/\/www.ine.gob.bo\/index.php\/category\/ine-noticias\/\" rel=\"category tag\">INE noticias<\/a>","rttpg_excerpt":"[vc_row][vc_column][vc_column_text] El Alto, 12 de julio de 2022 (INE). &#8211; El Instituto Nacional de Estad\u00edstica (INE) particip\u00f3 este martes de la s\u00e9ptima \u201cFeria Multisectorial Plurinacional Gesti\u00f3n 2022-2025\u201d organizada por el Viceministerio de Coordinaci\u00f3n y Gesti\u00f3n Gubernamental del Ministerio de la Presidencia, actividades que buscan lograr mayor interacci\u00f3n entre en nivel central del Estado y la&hellip;","_links":{"self":[{"href":"https:\/\/www.ine.gob.bo\/index.php\/wp-json\/wp\/v2\/posts\/57757","targetHints":{"allow":["GET"]}}],"collection":[{"href":"https:\/\/www.ine.gob.bo\/index.php\/wp-json\/wp\/v2\/posts"}],"about":[{"href":"https:\/\/www.ine.gob.bo\/index.php\/wp-json\/wp\/v2\/types\/post"}],"author":[{"embeddable":true,"href":"https:\/\/www.ine.gob.bo\/index.php\/wp-json\/wp\/v2\/users\/6"}],"replies":[{"embeddable":true,"href":"https:\/\/www.ine.gob.bo\/index.php\/wp-json\/wp\/v2\/comments?post=57757"}],"version-history":[{"count":0,"href":"https:\/\/www.ine.gob.bo\/index.php\/wp-json\/wp\/v2\/posts\/57757\/revisions"}],"wp:featuredmedia":[{"embeddable":true,"href":"https:\/\/www.ine.gob.bo\/index.php\/wp-json\/wp\/v2\/media\/57758"}],"wp:attachment":[{"href":"https:\/\/www.ine.gob.bo\/index.php\/wp-json\/wp\/v2\/media?parent=57757"}],"wp:term":[{"taxonomy":"category","embeddable":true,"href":"https:\/\/www.ine.gob.bo\/index.php\/wp-json\/wp\/v2\/categories?post=57757"},{"taxonomy":"post_tag","embeddable":true,"href":"https:\/\/www.ine.gob.bo\/index.php\/wp-json\/wp\/v2\/tags?post=57757"}],"curies":[{"name":"wp","href":"https:\/\/api.w.org\/{rel}","templated":true}]}}