{"id":57578,"date":"2022-07-07T16:02:07","date_gmt":"2022-07-07T20:02:07","guid":{"rendered":"https:\/\/www.ine.gob.bo\/?p=57578"},"modified":"2025-06-25T16:12:26","modified_gmt":"2025-06-25T20:12:26","slug":"capacitadores-de-la-camara-de-diputados-replicaran-talleres-sobre-el-censo-en-los-municipios","status":"publish","type":"post","link":"https:\/\/www.ine.gob.bo\/index.php\/capacitadores-de-la-camara-de-diputados-replicaran-talleres-sobre-el-censo-en-los-municipios\/","title":{"rendered":"Capacitadores de la C\u00e1mara de Diputados replicar\u00e1n talleres sobre el Censo en los municipios"},"content":{"rendered":"<p>[vc_row][vc_column][vc_column_text]<\/p>\r\n<p><strong>La Paz, 7 de julio de 2022 (INE). &#8211; <\/strong>Con el objetivo de socializar la importancia y la utilidad del Censo de Poblaci\u00f3n y Vivienda (CPV) a nivel nacional, el 6 de julio de 2022 el Instituto Nacional de Estad\u00edstica (INE) capacit\u00f3 a 30 servidores p\u00fablicos de la C\u00e1mara de Diputados quienes replicar\u00e1n la informaci\u00f3n recibida en los municipios del pa\u00eds.<\/p>\r\n<p>La capacitaci\u00f3n estuvo a cargo del encargado departamental del INE en La Paz, Carlos Santalla, quien abord\u00f3 los conceptos b\u00e1sicos del Censo y sus caracter\u00edsticas, enfatizando la utilidad y el objetivo del CPV, que consiste en obtener informaci\u00f3n estad\u00edstica sobre la cantidad y las caracter\u00edsticas de la poblaci\u00f3n boliviana, datos que coadyuvar\u00e1n en la planificaci\u00f3n y toma de decisiones para la implementaci\u00f3n de pol\u00edticas p\u00fablicas de diferentes sectores.<\/p>\r\n<p>As\u00ed tambi\u00e9n, se detallaron las etapas del proceso del Censo que consisten en: la etapa pre censal que se realiza actualmente con la Actualizaci\u00f3n Cartogr\u00e1fica Estad\u00edstica (ACE) y la definici\u00f3n del contenido del cuestionario censal, la etapa censal en la que se obtiene informaci\u00f3n sobre el n\u00famero de personas y familias que tienen las viviendas y la etapa post censal que comprende la digitalizaci\u00f3n, procesamiento de datos y difusi\u00f3n de resultados.<\/p>\r\n<p>En la oportunidad los servidores p\u00fablicos de la C\u00e1mara de Diputados manifestaron su apoyo para transmitir los materiales de comunicaci\u00f3n y difusi\u00f3n del Censo de Poblaci\u00f3n y Vivienda. \u201cEl Censo es de todas y de todos, no tiene color pol\u00edtico es una actividad que tiene que llegar a todos los rincones de Bolivia\u201d, dijo la encargada de la Unidad de Difusi\u00f3n y Comunicaci\u00f3n del INE, Carmen Miranda Castillo<\/p>\r\n<p>Entre los avances significativos del Censo se mencion\u00f3 que el INE ya cuenta con un cuestionario censal avanzado, que fue trabajado con los sectores involucrados en la tem\u00e1tica del Censo y la ACE que ya comenz\u00f3 en cuatro ciudades capitales del departamento: Pando, Beni, Oruro y Potos\u00ed.<\/p>\r\n<p>El INE cuenta con 68 millones de d\u00f3lares para su financiamiento provenientes del Fondo Financiero para el Desarrollo de los Pa\u00edses de la Cuenca del Plata (Fonplata), del Banco Interamericano de Desarrollo (BID) y el Tesoro General de la Naci\u00f3n (TGN), pero adem\u00e1s se cuenta con una estrategia de comunicaci\u00f3n para cada una de las etapas del Censo.<\/p>\r\n<p>Tambi\u00e9n se inform\u00f3 que el INE socializa el Censo de forma virtual todos los mi\u00e9rcoles a partir de las 9.00 de la ma\u00f1ana mediante un link que se publica en su p\u00e1gina web y redes sociales.<\/p>\r\n<p style=\"text-align: center;\"><strong><em><img loading=\"lazy\" decoding=\"async\" class=\"alignnone wp-image-57579 size-full\" src=\"https:\/\/www.ine.gob.bo\/wp-content\/uploads\/2022\/07\/nota-diputados-1.png\" alt=\"\" width=\"576\" height=\"339\" srcset=\"https:\/\/www.ine.gob.bo\/wp-content\/uploads\/2022\/07\/nota-diputados-1.png 576w, https:\/\/www.ine.gob.bo\/wp-content\/uploads\/2022\/07\/nota-diputados-1-300x177.png 300w\" sizes=\"auto, (max-width: 576px) 100vw, 576px\" \/><\/em><\/strong><\/p>\r\n<p style=\"text-align: center;\"><strong><em><img loading=\"lazy\" decoding=\"async\" class=\"alignnone wp-image-57580 size-full\" src=\"https:\/\/www.ine.gob.bo\/wp-content\/uploads\/2022\/07\/nota-diputados-2.png\" alt=\"\" width=\"573\" height=\"378\" srcset=\"https:\/\/www.ine.gob.bo\/wp-content\/uploads\/2022\/07\/nota-diputados-2.png 573w, https:\/\/www.ine.gob.bo\/wp-content\/uploads\/2022\/07\/nota-diputados-2-300x198.png 300w\" sizes=\"auto, (max-width: 573px) 100vw, 573px\" \/><\/em><\/strong><\/p>\r\n<p style=\"text-align: center;\"><strong><em>Unidad de Difusi\u00f3n y Comunicaci\u00f3n<\/em><\/strong><\/p>\r\n<p style=\"text-align: center;\"><strong>INSTITUTO NACIONAL DE ESTAD\u00cdSTICA<\/strong><\/p>\r\n<p><em>\u00a0<\/em><\/p>\r\n<p><a href=\"https:\/\/nimbus.ine.gob.bo\/index.php\/s\/K7npHwRqBkjKzGy\/download\">Descargar Nota de Prensa<\/a><\/p>\r\n<p class=\"has-text-align-center\"><!-- \/wp:post-content --><\/p>\r\n<p class=\"has-text-align-center\"><!-- wp:separator --><\/p>\r\n<hr class=\"wp-block-separator\" \/>\r\n<p class=\"has-text-align-center\"><!-- \/wp:separator --><\/p>\r\n<p class=\"has-text-align-center\"><!-- wp:paragraph {\"align\":\"right\"} --><\/p>\r\n<p class=\"has-text-align-right\"><strong><em>Entidad dependiente del Ministerio de Planificaci\u00f3n del Desarrollo<\/em><\/strong><\/p>\r\n<p class=\"has-text-align-center\"><!-- \/wp:paragraph --><\/p>\r\n<p>&nbsp;<\/p>\r\n<p>[\/vc_column_text][\/vc_column][\/vc_row]<\/p>","protected":false},"excerpt":{"rendered":"<p>[vc_row][vc_column][vc_column_text] La Paz, 7 de julio de 2022 (INE). &#8211; Con el objetivo de socializar la importancia y la utilidad del Censo de Poblaci\u00f3n y Vivienda (CPV) a nivel nacional, el 6 de julio de 2022 el Instituto Nacional de Estad\u00edstica (INE) capacit\u00f3 a 30 servidores p\u00fablicos de la C\u00e1mara de Diputados quienes replicar\u00e1n la&hellip;<\/p>\n","protected":false},"author":6,"featured_media":57581,"comment_status":"closed","ping_status":"open","sticky":false,"template":"","format":"standard","meta":[],"categories":[158],"tags":[52],"class_list":["post-57578","post","type-post","status-publish","format-standard","has-post-thumbnail","hentry","category-ine-noticias","tag-ine-noticias","category-158","description-off"],"yoast_head":"<!-- This site is optimized with the Yoast SEO plugin v23.2 - https:\/\/yoast.com\/wordpress\/plugins\/seo\/ -->\n<title>Capacitadores de la C\u00e1mara de Diputados replicar\u00e1n talleres sobre el Censo en los municipios - INE<\/title>\n<meta name=\"description\" content=\"P\u00e1gina oficial del Instituto Nacional de Estadistica INE, informaci\u00f3n estad\u00edstica, geogr\u00e1fica y econ\u00f3mica a nivel nacional.\" \/>\n<meta name=\"robots\" content=\"index, follow, max-snippet:-1, max-image-preview:large, max-video-preview:-1\" \/>\n<link rel=\"canonical\" href=\"https:\/\/www.ine.gob.bo\/index.php\/capacitadores-de-la-camara-de-diputados-replicaran-talleres-sobre-el-censo-en-los-municipios\/\" \/>\n<meta property=\"og:locale\" content=\"es_ES\" \/>\n<meta property=\"og:type\" content=\"article\" \/>\n<meta property=\"og:title\" content=\"Capacitadores de la C\u00e1mara de Diputados replicar\u00e1n talleres sobre el Censo en los municipios - INE\" \/>\n<meta property=\"og:description\" content=\"P\u00e1gina oficial del Instituto Nacional de Estadistica INE, informaci\u00f3n estad\u00edstica, geogr\u00e1fica y econ\u00f3mica a nivel nacional.\" \/>\n<meta property=\"og:url\" content=\"https:\/\/www.ine.gob.bo\/index.php\/capacitadores-de-la-camara-de-diputados-replicaran-talleres-sobre-el-censo-en-los-municipios\/\" \/>\n<meta property=\"og:site_name\" content=\"INE\" \/>\n<meta property=\"article:publisher\" content=\"https:\/\/www.facebook.com\/ineboliviaoficial\" \/>\n<meta property=\"article:published_time\" content=\"2022-07-07T20:02:07+00:00\" \/>\n<meta property=\"article:modified_time\" content=\"2025-06-25T20:12:26+00:00\" \/>\n<meta property=\"og:image\" content=\"https:\/\/www.ine.gob.bo\/wp-content\/uploads\/2022\/07\/foto-portada.png\" \/>\n\t<meta property=\"og:image:width\" content=\"573\" \/>\n\t<meta property=\"og:image:height\" content=\"296\" \/>\n\t<meta property=\"og:image:type\" content=\"image\/png\" \/>\n<meta name=\"author\" content=\"Lourdes Gutierrez\" \/>\n<meta name=\"twitter:card\" content=\"summary_large_image\" \/>\n<meta name=\"twitter:creator\" content=\"@INE_Bolivia\" \/>\n<meta name=\"twitter:site\" content=\"@INE_Bolivia\" \/>\n<meta name=\"twitter:label1\" content=\"Escrito por\" \/>\n\t<meta name=\"twitter:data1\" content=\"Lourdes Gutierrez\" \/>\n\t<meta name=\"twitter:label2\" content=\"Tiempo de lectura\" \/>\n\t<meta name=\"twitter:data2\" content=\"3 minutos\" \/>\n<script type=\"application\/ld+json\" class=\"yoast-schema-graph\">{\"@context\":\"https:\/\/schema.org\",\"@graph\":[{\"@type\":\"Article\",\"@id\":\"https:\/\/www.ine.gob.bo\/index.php\/capacitadores-de-la-camara-de-diputados-replicaran-talleres-sobre-el-censo-en-los-municipios\/#article\",\"isPartOf\":{\"@id\":\"https:\/\/www.ine.gob.bo\/index.php\/capacitadores-de-la-camara-de-diputados-replicaran-talleres-sobre-el-censo-en-los-municipios\/\"},\"author\":{\"name\":\"Lourdes Gutierrez\",\"@id\":\"https:\/\/www.ine.gob.bo\/#\/schema\/person\/ffa42bafb4e3c57e616eec87600fc297\"},\"headline\":\"Capacitadores de la C\u00e1mara de Diputados replicar\u00e1n talleres sobre el Censo en los municipios\",\"datePublished\":\"2022-07-07T20:02:07+00:00\",\"dateModified\":\"2025-06-25T20:12:26+00:00\",\"mainEntityOfPage\":{\"@id\":\"https:\/\/www.ine.gob.bo\/index.php\/capacitadores-de-la-camara-de-diputados-replicaran-talleres-sobre-el-censo-en-los-municipios\/\"},\"wordCount\":504,\"publisher\":{\"@id\":\"https:\/\/www.ine.gob.bo\/#organization\"},\"image\":{\"@id\":\"https:\/\/www.ine.gob.bo\/index.php\/capacitadores-de-la-camara-de-diputados-replicaran-talleres-sobre-el-censo-en-los-municipios\/#primaryimage\"},\"thumbnailUrl\":\"https:\/\/www.ine.gob.bo\/wp-content\/uploads\/2022\/07\/foto-portada.png\",\"keywords\":[\"INE Noticias\"],\"articleSection\":[\"INE noticias\"],\"inLanguage\":\"es\"},{\"@type\":\"WebPage\",\"@id\":\"https:\/\/www.ine.gob.bo\/index.php\/capacitadores-de-la-camara-de-diputados-replicaran-talleres-sobre-el-censo-en-los-municipios\/\",\"url\":\"https:\/\/www.ine.gob.bo\/index.php\/capacitadores-de-la-camara-de-diputados-replicaran-talleres-sobre-el-censo-en-los-municipios\/\",\"name\":\"Capacitadores de la C\u00e1mara de Diputados replicar\u00e1n talleres sobre el Censo en los municipios - INE\",\"isPartOf\":{\"@id\":\"https:\/\/www.ine.gob.bo\/#website\"},\"primaryImageOfPage\":{\"@id\":\"https:\/\/www.ine.gob.bo\/index.php\/capacitadores-de-la-camara-de-diputados-replicaran-talleres-sobre-el-censo-en-los-municipios\/#primaryimage\"},\"image\":{\"@id\":\"https:\/\/www.ine.gob.bo\/index.php\/capacitadores-de-la-camara-de-diputados-replicaran-talleres-sobre-el-censo-en-los-municipios\/#primaryimage\"},\"thumbnailUrl\":\"https:\/\/www.ine.gob.bo\/wp-content\/uploads\/2022\/07\/foto-portada.png\",\"datePublished\":\"2022-07-07T20:02:07+00:00\",\"dateModified\":\"2025-06-25T20:12:26+00:00\",\"description\":\"P\u00e1gina oficial del Instituto Nacional de Estadistica INE, informaci\u00f3n estad\u00edstica, geogr\u00e1fica y econ\u00f3mica a nivel nacional.\",\"breadcrumb\":{\"@id\":\"https:\/\/www.ine.gob.bo\/index.php\/capacitadores-de-la-camara-de-diputados-replicaran-talleres-sobre-el-censo-en-los-municipios\/#breadcrumb\"},\"inLanguage\":\"es\",\"potentialAction\":[{\"@type\":\"ReadAction\",\"target\":[\"https:\/\/www.ine.gob.bo\/index.php\/capacitadores-de-la-camara-de-diputados-replicaran-talleres-sobre-el-censo-en-los-municipios\/\"]}]},{\"@type\":\"ImageObject\",\"inLanguage\":\"es\",\"@id\":\"https:\/\/www.ine.gob.bo\/index.php\/capacitadores-de-la-camara-de-diputados-replicaran-talleres-sobre-el-censo-en-los-municipios\/#primaryimage\",\"url\":\"https:\/\/www.ine.gob.bo\/wp-content\/uploads\/2022\/07\/foto-portada.png\",\"contentUrl\":\"https:\/\/www.ine.gob.bo\/wp-content\/uploads\/2022\/07\/foto-portada.png\",\"width\":573,\"height\":296},{\"@type\":\"BreadcrumbList\",\"@id\":\"https:\/\/www.ine.gob.bo\/index.php\/capacitadores-de-la-camara-de-diputados-replicaran-talleres-sobre-el-censo-en-los-municipios\/#breadcrumb\",\"itemListElement\":[{\"@type\":\"ListItem\",\"position\":1,\"name\":\"Portada\",\"item\":\"https:\/\/www.ine.gob.bo\/\"},{\"@type\":\"ListItem\",\"position\":2,\"name\":\"Capacitadores de la C\u00e1mara de Diputados replicar\u00e1n talleres sobre el Censo en los municipios\"}]},{\"@type\":\"WebSite\",\"@id\":\"https:\/\/www.ine.gob.bo\/#website\",\"url\":\"https:\/\/www.ine.gob.bo\/\",\"name\":\"INE\",\"description\":\"Instituto Nacional de Estad\u00edstica\",\"publisher\":{\"@id\":\"https:\/\/www.ine.gob.bo\/#organization\"},\"potentialAction\":[{\"@type\":\"SearchAction\",\"target\":{\"@type\":\"EntryPoint\",\"urlTemplate\":\"https:\/\/www.ine.gob.bo\/?s={search_term_string}\"},\"query-input\":\"required name=search_term_string\"}],\"inLanguage\":\"es\"},{\"@type\":\"Organization\",\"@id\":\"https:\/\/www.ine.gob.bo\/#organization\",\"name\":\"Instituto Nacional de Estad\u00edstica\",\"url\":\"https:\/\/www.ine.gob.bo\/\",\"logo\":{\"@type\":\"ImageObject\",\"inLanguage\":\"es\",\"@id\":\"https:\/\/www.ine.gob.bo\/#\/schema\/logo\/image\/\",\"url\":\"https:\/\/www.ine.gob.bo\/wp-content\/uploads\/2026\/02\/logo-ine.jpg\",\"contentUrl\":\"https:\/\/www.ine.gob.bo\/wp-content\/uploads\/2026\/02\/logo-ine.jpg\",\"width\":799,\"height\":453,\"caption\":\"Instituto Nacional de Estad\u00edstica\"},\"image\":{\"@id\":\"https:\/\/www.ine.gob.bo\/#\/schema\/logo\/image\/\"},\"sameAs\":[\"https:\/\/www.facebook.com\/ineboliviaoficial\",\"https:\/\/x.com\/INE_Bolivia\",\"https:\/\/www.instagram.com\/ineboliviaoficial\/\",\"https:\/\/www.youtube.com\/channel\/UCbIQXKLw414g5kWo1tAwqCg\"]},{\"@type\":\"Person\",\"@id\":\"https:\/\/www.ine.gob.bo\/#\/schema\/person\/ffa42bafb4e3c57e616eec87600fc297\",\"name\":\"Lourdes Gutierrez\",\"image\":{\"@type\":\"ImageObject\",\"inLanguage\":\"es\",\"@id\":\"https:\/\/www.ine.gob.bo\/#\/schema\/person\/image\/\",\"url\":\"https:\/\/secure.gravatar.com\/avatar\/a8db860f68f1ae1577840ef2560cfd824b142bb9e4253f2cc7bb117c256e196a?s=96&d=mm&r=g\",\"contentUrl\":\"https:\/\/secure.gravatar.com\/avatar\/a8db860f68f1ae1577840ef2560cfd824b142bb9e4253f2cc7bb117c256e196a?s=96&d=mm&r=g\",\"caption\":\"Lourdes Gutierrez\"},\"url\":\"https:\/\/www.ine.gob.bo\/index.php\/author\/lgutierrez\/\"}]}<\/script>\n<!-- \/ Yoast SEO plugin. -->","yoast_head_json":{"title":"Capacitadores de la C\u00e1mara de Diputados replicar\u00e1n talleres sobre el Censo en los municipios - INE","description":"P\u00e1gina oficial del Instituto Nacional de Estadistica INE, informaci\u00f3n estad\u00edstica, geogr\u00e1fica y econ\u00f3mica a nivel nacional.","robots":{"index":"index","follow":"follow","max-snippet":"max-snippet:-1","max-image-preview":"max-image-preview:large","max-video-preview":"max-video-preview:-1"},"canonical":"https:\/\/www.ine.gob.bo\/index.php\/capacitadores-de-la-camara-de-diputados-replicaran-talleres-sobre-el-censo-en-los-municipios\/","og_locale":"es_ES","og_type":"article","og_title":"Capacitadores de la C\u00e1mara de Diputados replicar\u00e1n talleres sobre el Censo en los municipios - INE","og_description":"P\u00e1gina oficial del Instituto Nacional de Estadistica INE, informaci\u00f3n estad\u00edstica, geogr\u00e1fica y econ\u00f3mica a nivel nacional.","og_url":"https:\/\/www.ine.gob.bo\/index.php\/capacitadores-de-la-camara-de-diputados-replicaran-talleres-sobre-el-censo-en-los-municipios\/","og_site_name":"INE","article_publisher":"https:\/\/www.facebook.com\/ineboliviaoficial","article_published_time":"2022-07-07T20:02:07+00:00","article_modified_time":"2025-06-25T20:12:26+00:00","og_image":[{"width":573,"height":296,"url":"https:\/\/www.ine.gob.bo\/wp-content\/uploads\/2022\/07\/foto-portada.png","type":"image\/png"}],"author":"Lourdes Gutierrez","twitter_card":"summary_large_image","twitter_creator":"@INE_Bolivia","twitter_site":"@INE_Bolivia","twitter_misc":{"Escrito por":"Lourdes Gutierrez","Tiempo de lectura":"3 minutos"},"schema":{"@context":"https:\/\/schema.org","@graph":[{"@type":"Article","@id":"https:\/\/www.ine.gob.bo\/index.php\/capacitadores-de-la-camara-de-diputados-replicaran-talleres-sobre-el-censo-en-los-municipios\/#article","isPartOf":{"@id":"https:\/\/www.ine.gob.bo\/index.php\/capacitadores-de-la-camara-de-diputados-replicaran-talleres-sobre-el-censo-en-los-municipios\/"},"author":{"name":"Lourdes Gutierrez","@id":"https:\/\/www.ine.gob.bo\/#\/schema\/person\/ffa42bafb4e3c57e616eec87600fc297"},"headline":"Capacitadores de la C\u00e1mara de Diputados replicar\u00e1n talleres sobre el Censo en los municipios","datePublished":"2022-07-07T20:02:07+00:00","dateModified":"2025-06-25T20:12:26+00:00","mainEntityOfPage":{"@id":"https:\/\/www.ine.gob.bo\/index.php\/capacitadores-de-la-camara-de-diputados-replicaran-talleres-sobre-el-censo-en-los-municipios\/"},"wordCount":504,"publisher":{"@id":"https:\/\/www.ine.gob.bo\/#organization"},"image":{"@id":"https:\/\/www.ine.gob.bo\/index.php\/capacitadores-de-la-camara-de-diputados-replicaran-talleres-sobre-el-censo-en-los-municipios\/#primaryimage"},"thumbnailUrl":"https:\/\/www.ine.gob.bo\/wp-content\/uploads\/2022\/07\/foto-portada.png","keywords":["INE Noticias"],"articleSection":["INE noticias"],"inLanguage":"es"},{"@type":"WebPage","@id":"https:\/\/www.ine.gob.bo\/index.php\/capacitadores-de-la-camara-de-diputados-replicaran-talleres-sobre-el-censo-en-los-municipios\/","url":"https:\/\/www.ine.gob.bo\/index.php\/capacitadores-de-la-camara-de-diputados-replicaran-talleres-sobre-el-censo-en-los-municipios\/","name":"Capacitadores de la C\u00e1mara de Diputados replicar\u00e1n talleres sobre el Censo en los municipios - INE","isPartOf":{"@id":"https:\/\/www.ine.gob.bo\/#website"},"primaryImageOfPage":{"@id":"https:\/\/www.ine.gob.bo\/index.php\/capacitadores-de-la-camara-de-diputados-replicaran-talleres-sobre-el-censo-en-los-municipios\/#primaryimage"},"image":{"@id":"https:\/\/www.ine.gob.bo\/index.php\/capacitadores-de-la-camara-de-diputados-replicaran-talleres-sobre-el-censo-en-los-municipios\/#primaryimage"},"thumbnailUrl":"https:\/\/www.ine.gob.bo\/wp-content\/uploads\/2022\/07\/foto-portada.png","datePublished":"2022-07-07T20:02:07+00:00","dateModified":"2025-06-25T20:12:26+00:00","description":"P\u00e1gina oficial del Instituto Nacional de Estadistica INE, informaci\u00f3n estad\u00edstica, geogr\u00e1fica y econ\u00f3mica a nivel nacional.","breadcrumb":{"@id":"https:\/\/www.ine.gob.bo\/index.php\/capacitadores-de-la-camara-de-diputados-replicaran-talleres-sobre-el-censo-en-los-municipios\/#breadcrumb"},"inLanguage":"es","potentialAction":[{"@type":"ReadAction","target":["https:\/\/www.ine.gob.bo\/index.php\/capacitadores-de-la-camara-de-diputados-replicaran-talleres-sobre-el-censo-en-los-municipios\/"]}]},{"@type":"ImageObject","inLanguage":"es","@id":"https:\/\/www.ine.gob.bo\/index.php\/capacitadores-de-la-camara-de-diputados-replicaran-talleres-sobre-el-censo-en-los-municipios\/#primaryimage","url":"https:\/\/www.ine.gob.bo\/wp-content\/uploads\/2022\/07\/foto-portada.png","contentUrl":"https:\/\/www.ine.gob.bo\/wp-content\/uploads\/2022\/07\/foto-portada.png","width":573,"height":296},{"@type":"BreadcrumbList","@id":"https:\/\/www.ine.gob.bo\/index.php\/capacitadores-de-la-camara-de-diputados-replicaran-talleres-sobre-el-censo-en-los-municipios\/#breadcrumb","itemListElement":[{"@type":"ListItem","position":1,"name":"Portada","item":"https:\/\/www.ine.gob.bo\/"},{"@type":"ListItem","position":2,"name":"Capacitadores de la C\u00e1mara de Diputados replicar\u00e1n talleres sobre el Censo en los municipios"}]},{"@type":"WebSite","@id":"https:\/\/www.ine.gob.bo\/#website","url":"https:\/\/www.ine.gob.bo\/","name":"INE","description":"Instituto Nacional de Estad\u00edstica","publisher":{"@id":"https:\/\/www.ine.gob.bo\/#organization"},"potentialAction":[{"@type":"SearchAction","target":{"@type":"EntryPoint","urlTemplate":"https:\/\/www.ine.gob.bo\/?s={search_term_string}"},"query-input":"required name=search_term_string"}],"inLanguage":"es"},{"@type":"Organization","@id":"https:\/\/www.ine.gob.bo\/#organization","name":"Instituto Nacional de Estad\u00edstica","url":"https:\/\/www.ine.gob.bo\/","logo":{"@type":"ImageObject","inLanguage":"es","@id":"https:\/\/www.ine.gob.bo\/#\/schema\/logo\/image\/","url":"https:\/\/www.ine.gob.bo\/wp-content\/uploads\/2026\/02\/logo-ine.jpg","contentUrl":"https:\/\/www.ine.gob.bo\/wp-content\/uploads\/2026\/02\/logo-ine.jpg","width":799,"height":453,"caption":"Instituto Nacional de Estad\u00edstica"},"image":{"@id":"https:\/\/www.ine.gob.bo\/#\/schema\/logo\/image\/"},"sameAs":["https:\/\/www.facebook.com\/ineboliviaoficial","https:\/\/x.com\/INE_Bolivia","https:\/\/www.instagram.com\/ineboliviaoficial\/","https:\/\/www.youtube.com\/channel\/UCbIQXKLw414g5kWo1tAwqCg"]},{"@type":"Person","@id":"https:\/\/www.ine.gob.bo\/#\/schema\/person\/ffa42bafb4e3c57e616eec87600fc297","name":"Lourdes Gutierrez","image":{"@type":"ImageObject","inLanguage":"es","@id":"https:\/\/www.ine.gob.bo\/#\/schema\/person\/image\/","url":"https:\/\/secure.gravatar.com\/avatar\/a8db860f68f1ae1577840ef2560cfd824b142bb9e4253f2cc7bb117c256e196a?s=96&d=mm&r=g","contentUrl":"https:\/\/secure.gravatar.com\/avatar\/a8db860f68f1ae1577840ef2560cfd824b142bb9e4253f2cc7bb117c256e196a?s=96&d=mm&r=g","caption":"Lourdes Gutierrez"},"url":"https:\/\/www.ine.gob.bo\/index.php\/author\/lgutierrez\/"}]}},"rttpg_featured_image_url":{"full":["https:\/\/www.ine.gob.bo\/wp-content\/uploads\/2022\/07\/foto-portada.png",573,296,false],"landscape":["https:\/\/www.ine.gob.bo\/wp-content\/uploads\/2022\/07\/foto-portada.png",573,296,false],"portraits":["https:\/\/www.ine.gob.bo\/wp-content\/uploads\/2022\/07\/foto-portada.png",573,296,false],"thumbnail":["https:\/\/www.ine.gob.bo\/wp-content\/uploads\/2022\/07\/foto-portada-150x150.png",150,150,true],"medium":["https:\/\/www.ine.gob.bo\/wp-content\/uploads\/2022\/07\/foto-portada-300x155.png",300,155,true],"large":["https:\/\/www.ine.gob.bo\/wp-content\/uploads\/2022\/07\/foto-portada.png",573,296,false],"1536x1536":["https:\/\/www.ine.gob.bo\/wp-content\/uploads\/2022\/07\/foto-portada.png",573,296,false],"2048x2048":["https:\/\/www.ine.gob.bo\/wp-content\/uploads\/2022\/07\/foto-portada.png",573,296,false]},"rttpg_author":{"display_name":"Lourdes Gutierrez","author_link":"https:\/\/www.ine.gob.bo\/index.php\/author\/lgutierrez\/"},"rttpg_comment":0,"rttpg_category":"<a href=\"https:\/\/www.ine.gob.bo\/index.php\/category\/ine-noticias\/\" rel=\"category tag\">INE noticias<\/a>","rttpg_excerpt":"[vc_row][vc_column][vc_column_text] La Paz, 7 de julio de 2022 (INE). &#8211; Con el objetivo de socializar la importancia y la utilidad del Censo de Poblaci\u00f3n y Vivienda (CPV) a nivel nacional, el 6 de julio de 2022 el Instituto Nacional de Estad\u00edstica (INE) capacit\u00f3 a 30 servidores p\u00fablicos de la C\u00e1mara de Diputados quienes replicar\u00e1n la&hellip;","_links":{"self":[{"href":"https:\/\/www.ine.gob.bo\/index.php\/wp-json\/wp\/v2\/posts\/57578","targetHints":{"allow":["GET"]}}],"collection":[{"href":"https:\/\/www.ine.gob.bo\/index.php\/wp-json\/wp\/v2\/posts"}],"about":[{"href":"https:\/\/www.ine.gob.bo\/index.php\/wp-json\/wp\/v2\/types\/post"}],"author":[{"embeddable":true,"href":"https:\/\/www.ine.gob.bo\/index.php\/wp-json\/wp\/v2\/users\/6"}],"replies":[{"embeddable":true,"href":"https:\/\/www.ine.gob.bo\/index.php\/wp-json\/wp\/v2\/comments?post=57578"}],"version-history":[{"count":0,"href":"https:\/\/www.ine.gob.bo\/index.php\/wp-json\/wp\/v2\/posts\/57578\/revisions"}],"wp:featuredmedia":[{"embeddable":true,"href":"https:\/\/www.ine.gob.bo\/index.php\/wp-json\/wp\/v2\/media\/57581"}],"wp:attachment":[{"href":"https:\/\/www.ine.gob.bo\/index.php\/wp-json\/wp\/v2\/media?parent=57578"}],"wp:term":[{"taxonomy":"category","embeddable":true,"href":"https:\/\/www.ine.gob.bo\/index.php\/wp-json\/wp\/v2\/categories?post=57578"},{"taxonomy":"post_tag","embeddable":true,"href":"https:\/\/www.ine.gob.bo\/index.php\/wp-json\/wp\/v2\/tags?post=57578"}],"curies":[{"name":"wp","href":"https:\/\/api.w.org\/{rel}","templated":true}]}}