{"id":57572,"date":"2022-07-07T14:06:43","date_gmt":"2022-07-07T18:06:43","guid":{"rendered":"https:\/\/www.ine.gob.bo\/?p=57572"},"modified":"2025-06-25T16:14:30","modified_gmt":"2025-06-25T20:14:30","slug":"socializacion-del-censo-llega-a-los-municipios-orurenos-de-huanuni-y-el-choro","status":"publish","type":"post","link":"https:\/\/www.ine.gob.bo\/index.php\/socializacion-del-censo-llega-a-los-municipios-orurenos-de-huanuni-y-el-choro\/","title":{"rendered":"Socializaci\u00f3n del Censo llega a los municipios orure\u00f1os de Huanuni y El Choro"},"content":{"rendered":"<p>[vc_row][vc_column][vc_column_text]<\/p>\r\n<p><strong>Oruro, 7 de julio de 2022 (INE)<\/strong>. &#8211; Con el objetivo de sensibilizar y concienciar a la poblaci\u00f3n orure\u00f1a para participar en el pr\u00f3ximo Censo de Poblaci\u00f3n y Vivienda, el Instituto Nacional de Estad\u00edstica (INE) realiz\u00f3 el martes 5 y mi\u00e9rcoles 6 de julio la socializaci\u00f3n de esta importante actividad en los municipios de Huanuni y El Choro.<br \/>La exposici\u00f3n estuvo a cargo del encargado departamental del INE en Oruro, Juan Manuel Cuellar, quien enfatiz\u00f3 la importancia de que la poblaci\u00f3n participe en la etapa pre censal que actualmente se desarrolla mediante la visita de brigadas a todas las viviendas en lo que constituye la Actualizaci\u00f3n Cartogr\u00e1fica Estad\u00edstica.<br \/>Se explic\u00f3, que las brigadas de actualizaci\u00f3n ingresar\u00e1n a los diferentes municipios del departamento de Oruro para recabar datos que permitan preparar el material log\u00edstico y humano que se va a necesitar para el d\u00eda del Censo.<br \/>Las autoridades municipales, originarias y poblaci\u00f3n en general, ponderaron la predisposici\u00f3n del INE de realizar las socializaciones y demandaron que posteriormente se haga conocer la boleta censal.<\/p>\r\n<p style=\"text-align: center;\"><strong><em><img loading=\"lazy\" decoding=\"async\" class=\"aligncenter wp-image-57573 size-full\" src=\"https:\/\/www.ine.gob.bo\/wp-content\/uploads\/2022\/07\/foto-1-oruro.png\" alt=\"\" width=\"581\" height=\"363\" srcset=\"https:\/\/www.ine.gob.bo\/wp-content\/uploads\/2022\/07\/foto-1-oruro.png 581w, https:\/\/www.ine.gob.bo\/wp-content\/uploads\/2022\/07\/foto-1-oruro-300x187.png 300w\" sizes=\"auto, (max-width: 581px) 100vw, 581px\" \/><\/em><\/strong><\/p>\r\n<p style=\"text-align: center;\"><strong><em><img loading=\"lazy\" decoding=\"async\" class=\"aligncenter wp-image-57574 size-full\" src=\"https:\/\/www.ine.gob.bo\/wp-content\/uploads\/2022\/07\/foto-2-oruro-soc.png\" alt=\"\" width=\"541\" height=\"335\" srcset=\"https:\/\/www.ine.gob.bo\/wp-content\/uploads\/2022\/07\/foto-2-oruro-soc.png 541w, https:\/\/www.ine.gob.bo\/wp-content\/uploads\/2022\/07\/foto-2-oruro-soc-300x186.png 300w\" sizes=\"auto, (max-width: 541px) 100vw, 541px\" \/><\/em><\/strong><\/p>\r\n<p style=\"text-align: center;\"><strong><em><img loading=\"lazy\" decoding=\"async\" class=\"alignnone wp-image-57575 size-full\" src=\"https:\/\/www.ine.gob.bo\/wp-content\/uploads\/2022\/07\/foto-3-oruro-soccializacion.png\" alt=\"\" width=\"528\" height=\"330\" srcset=\"https:\/\/www.ine.gob.bo\/wp-content\/uploads\/2022\/07\/foto-3-oruro-soccializacion.png 528w, https:\/\/www.ine.gob.bo\/wp-content\/uploads\/2022\/07\/foto-3-oruro-soccializacion-300x188.png 300w\" sizes=\"auto, (max-width: 528px) 100vw, 528px\" \/><\/em><\/strong><\/p>\r\n<p style=\"text-align: center;\"><strong><em>Unidad de Difusi\u00f3n y Comunicaci\u00f3n<\/em><\/strong><\/p>\r\n<p style=\"text-align: center;\"><strong>INSTITUTO NACIONAL DE ESTAD\u00cdSTICA<\/strong><\/p>\r\n<p><em>\u00a0<\/em><\/p>\r\n<p><a href=\"https:\/\/nimbus.ine.gob.bo\/index.php\/s\/8L2ozXNC8tQtHPG\/download\">Descargar Nota de Prensa<\/a><\/p>\r\n<p class=\"has-text-align-center\"><!-- \/wp:post-content --><\/p>\r\n<p class=\"has-text-align-center\"><!-- wp:separator --><\/p>\r\n<hr class=\"wp-block-separator\" \/>\r\n<p class=\"has-text-align-center\"><!-- \/wp:separator --><\/p>\r\n<p class=\"has-text-align-center\"><!-- wp:paragraph {\"align\":\"right\"} --><\/p>\r\n<p class=\"has-text-align-right\"><strong><em>Entidad dependiente del Ministerio de Planificaci\u00f3n del Desarrollo<\/em><\/strong><\/p>\r\n<p class=\"has-text-align-center\"><!-- \/wp:paragraph --><\/p>\r\n<p>&nbsp;<\/p>\r\n<p>[\/vc_column_text][\/vc_column][\/vc_row]<\/p>","protected":false},"excerpt":{"rendered":"<p>[vc_row][vc_column][vc_column_text] Oruro, 7 de julio de 2022 (INE). &#8211; Con el objetivo de sensibilizar y concienciar a la poblaci\u00f3n orure\u00f1a para participar en el pr\u00f3ximo Censo de Poblaci\u00f3n y Vivienda, el Instituto Nacional de Estad\u00edstica (INE) realiz\u00f3 el martes 5 y mi\u00e9rcoles 6 de julio la socializaci\u00f3n de esta importante actividad en los municipios de&hellip;<\/p>\n","protected":false},"author":6,"featured_media":57577,"comment_status":"closed","ping_status":"open","sticky":false,"template":"","format":"standard","meta":[],"categories":[158],"tags":[52],"class_list":["post-57572","post","type-post","status-publish","format-standard","has-post-thumbnail","hentry","category-ine-noticias","tag-ine-noticias","category-158","description-off"],"yoast_head":"<!-- This site is optimized with the Yoast SEO plugin v23.2 - https:\/\/yoast.com\/wordpress\/plugins\/seo\/ -->\n<title>Socializaci\u00f3n del Censo llega a los municipios orure\u00f1os de Huanuni y El Choro - INE<\/title>\n<meta name=\"description\" content=\"P\u00e1gina oficial del Instituto Nacional de Estadistica INE, informaci\u00f3n estad\u00edstica, geogr\u00e1fica y econ\u00f3mica a nivel nacional.\" \/>\n<meta name=\"robots\" content=\"index, follow, max-snippet:-1, max-image-preview:large, max-video-preview:-1\" \/>\n<link rel=\"canonical\" href=\"https:\/\/www.ine.gob.bo\/index.php\/socializacion-del-censo-llega-a-los-municipios-orurenos-de-huanuni-y-el-choro\/\" \/>\n<meta property=\"og:locale\" content=\"es_ES\" \/>\n<meta property=\"og:type\" content=\"article\" \/>\n<meta property=\"og:title\" content=\"Socializaci\u00f3n del Censo llega a los municipios orure\u00f1os de Huanuni y El Choro - INE\" \/>\n<meta property=\"og:description\" content=\"P\u00e1gina oficial del Instituto Nacional de Estadistica INE, informaci\u00f3n estad\u00edstica, geogr\u00e1fica y econ\u00f3mica a nivel nacional.\" \/>\n<meta property=\"og:url\" content=\"https:\/\/www.ine.gob.bo\/index.php\/socializacion-del-censo-llega-a-los-municipios-orurenos-de-huanuni-y-el-choro\/\" \/>\n<meta property=\"og:site_name\" content=\"INE\" \/>\n<meta property=\"article:publisher\" content=\"https:\/\/www.facebook.com\/ineboliviaoficial\" \/>\n<meta property=\"article:published_time\" content=\"2022-07-07T18:06:43+00:00\" \/>\n<meta property=\"article:modified_time\" content=\"2025-06-25T20:14:30+00:00\" \/>\n<meta property=\"og:image\" content=\"https:\/\/www.ine.gob.bo\/wp-content\/uploads\/2022\/07\/foto-1-imagen-destacada.png\" \/>\n\t<meta property=\"og:image:width\" content=\"575\" \/>\n\t<meta property=\"og:image:height\" content=\"324\" \/>\n\t<meta property=\"og:image:type\" content=\"image\/png\" \/>\n<meta name=\"author\" content=\"Lourdes Gutierrez\" \/>\n<meta name=\"twitter:card\" content=\"summary_large_image\" \/>\n<meta name=\"twitter:creator\" content=\"@INE_Bolivia\" \/>\n<meta name=\"twitter:site\" content=\"@INE_Bolivia\" \/>\n<meta name=\"twitter:label1\" content=\"Escrito por\" \/>\n\t<meta name=\"twitter:data1\" content=\"Lourdes Gutierrez\" \/>\n\t<meta name=\"twitter:label2\" content=\"Tiempo de lectura\" \/>\n\t<meta name=\"twitter:data2\" content=\"2 minutos\" \/>\n<script type=\"application\/ld+json\" class=\"yoast-schema-graph\">{\"@context\":\"https:\/\/schema.org\",\"@graph\":[{\"@type\":\"Article\",\"@id\":\"https:\/\/www.ine.gob.bo\/index.php\/socializacion-del-censo-llega-a-los-municipios-orurenos-de-huanuni-y-el-choro\/#article\",\"isPartOf\":{\"@id\":\"https:\/\/www.ine.gob.bo\/index.php\/socializacion-del-censo-llega-a-los-municipios-orurenos-de-huanuni-y-el-choro\/\"},\"author\":{\"name\":\"Lourdes Gutierrez\",\"@id\":\"https:\/\/www.ine.gob.bo\/#\/schema\/person\/ffa42bafb4e3c57e616eec87600fc297\"},\"headline\":\"Socializaci\u00f3n del Censo llega a los municipios orure\u00f1os de Huanuni y El Choro\",\"datePublished\":\"2022-07-07T18:06:43+00:00\",\"dateModified\":\"2025-06-25T20:14:30+00:00\",\"mainEntityOfPage\":{\"@id\":\"https:\/\/www.ine.gob.bo\/index.php\/socializacion-del-censo-llega-a-los-municipios-orurenos-de-huanuni-y-el-choro\/\"},\"wordCount\":241,\"publisher\":{\"@id\":\"https:\/\/www.ine.gob.bo\/#organization\"},\"image\":{\"@id\":\"https:\/\/www.ine.gob.bo\/index.php\/socializacion-del-censo-llega-a-los-municipios-orurenos-de-huanuni-y-el-choro\/#primaryimage\"},\"thumbnailUrl\":\"https:\/\/www.ine.gob.bo\/wp-content\/uploads\/2022\/07\/foto-1-imagen-destacada.png\",\"keywords\":[\"INE Noticias\"],\"articleSection\":[\"INE noticias\"],\"inLanguage\":\"es\"},{\"@type\":\"WebPage\",\"@id\":\"https:\/\/www.ine.gob.bo\/index.php\/socializacion-del-censo-llega-a-los-municipios-orurenos-de-huanuni-y-el-choro\/\",\"url\":\"https:\/\/www.ine.gob.bo\/index.php\/socializacion-del-censo-llega-a-los-municipios-orurenos-de-huanuni-y-el-choro\/\",\"name\":\"Socializaci\u00f3n del Censo llega a los municipios orure\u00f1os de Huanuni y El Choro - INE\",\"isPartOf\":{\"@id\":\"https:\/\/www.ine.gob.bo\/#website\"},\"primaryImageOfPage\":{\"@id\":\"https:\/\/www.ine.gob.bo\/index.php\/socializacion-del-censo-llega-a-los-municipios-orurenos-de-huanuni-y-el-choro\/#primaryimage\"},\"image\":{\"@id\":\"https:\/\/www.ine.gob.bo\/index.php\/socializacion-del-censo-llega-a-los-municipios-orurenos-de-huanuni-y-el-choro\/#primaryimage\"},\"thumbnailUrl\":\"https:\/\/www.ine.gob.bo\/wp-content\/uploads\/2022\/07\/foto-1-imagen-destacada.png\",\"datePublished\":\"2022-07-07T18:06:43+00:00\",\"dateModified\":\"2025-06-25T20:14:30+00:00\",\"description\":\"P\u00e1gina oficial del Instituto Nacional de Estadistica INE, informaci\u00f3n estad\u00edstica, geogr\u00e1fica y econ\u00f3mica a nivel nacional.\",\"breadcrumb\":{\"@id\":\"https:\/\/www.ine.gob.bo\/index.php\/socializacion-del-censo-llega-a-los-municipios-orurenos-de-huanuni-y-el-choro\/#breadcrumb\"},\"inLanguage\":\"es\",\"potentialAction\":[{\"@type\":\"ReadAction\",\"target\":[\"https:\/\/www.ine.gob.bo\/index.php\/socializacion-del-censo-llega-a-los-municipios-orurenos-de-huanuni-y-el-choro\/\"]}]},{\"@type\":\"ImageObject\",\"inLanguage\":\"es\",\"@id\":\"https:\/\/www.ine.gob.bo\/index.php\/socializacion-del-censo-llega-a-los-municipios-orurenos-de-huanuni-y-el-choro\/#primaryimage\",\"url\":\"https:\/\/www.ine.gob.bo\/wp-content\/uploads\/2022\/07\/foto-1-imagen-destacada.png\",\"contentUrl\":\"https:\/\/www.ine.gob.bo\/wp-content\/uploads\/2022\/07\/foto-1-imagen-destacada.png\",\"width\":575,\"height\":324},{\"@type\":\"BreadcrumbList\",\"@id\":\"https:\/\/www.ine.gob.bo\/index.php\/socializacion-del-censo-llega-a-los-municipios-orurenos-de-huanuni-y-el-choro\/#breadcrumb\",\"itemListElement\":[{\"@type\":\"ListItem\",\"position\":1,\"name\":\"Portada\",\"item\":\"https:\/\/www.ine.gob.bo\/\"},{\"@type\":\"ListItem\",\"position\":2,\"name\":\"Socializaci\u00f3n del Censo llega a los municipios orure\u00f1os de Huanuni y El Choro\"}]},{\"@type\":\"WebSite\",\"@id\":\"https:\/\/www.ine.gob.bo\/#website\",\"url\":\"https:\/\/www.ine.gob.bo\/\",\"name\":\"INE\",\"description\":\"Instituto Nacional de Estad\u00edstica\",\"publisher\":{\"@id\":\"https:\/\/www.ine.gob.bo\/#organization\"},\"potentialAction\":[{\"@type\":\"SearchAction\",\"target\":{\"@type\":\"EntryPoint\",\"urlTemplate\":\"https:\/\/www.ine.gob.bo\/?s={search_term_string}\"},\"query-input\":\"required name=search_term_string\"}],\"inLanguage\":\"es\"},{\"@type\":\"Organization\",\"@id\":\"https:\/\/www.ine.gob.bo\/#organization\",\"name\":\"Instituto Nacional de Estad\u00edstica\",\"url\":\"https:\/\/www.ine.gob.bo\/\",\"logo\":{\"@type\":\"ImageObject\",\"inLanguage\":\"es\",\"@id\":\"https:\/\/www.ine.gob.bo\/#\/schema\/logo\/image\/\",\"url\":\"https:\/\/www.ine.gob.bo\/wp-content\/uploads\/2026\/02\/logo-ine.jpg\",\"contentUrl\":\"https:\/\/www.ine.gob.bo\/wp-content\/uploads\/2026\/02\/logo-ine.jpg\",\"width\":799,\"height\":453,\"caption\":\"Instituto Nacional de Estad\u00edstica\"},\"image\":{\"@id\":\"https:\/\/www.ine.gob.bo\/#\/schema\/logo\/image\/\"},\"sameAs\":[\"https:\/\/www.facebook.com\/ineboliviaoficial\",\"https:\/\/x.com\/INE_Bolivia\",\"https:\/\/www.instagram.com\/ineboliviaoficial\/\",\"https:\/\/www.youtube.com\/channel\/UCbIQXKLw414g5kWo1tAwqCg\"]},{\"@type\":\"Person\",\"@id\":\"https:\/\/www.ine.gob.bo\/#\/schema\/person\/ffa42bafb4e3c57e616eec87600fc297\",\"name\":\"Lourdes Gutierrez\",\"image\":{\"@type\":\"ImageObject\",\"inLanguage\":\"es\",\"@id\":\"https:\/\/www.ine.gob.bo\/#\/schema\/person\/image\/\",\"url\":\"https:\/\/secure.gravatar.com\/avatar\/a8db860f68f1ae1577840ef2560cfd824b142bb9e4253f2cc7bb117c256e196a?s=96&d=mm&r=g\",\"contentUrl\":\"https:\/\/secure.gravatar.com\/avatar\/a8db860f68f1ae1577840ef2560cfd824b142bb9e4253f2cc7bb117c256e196a?s=96&d=mm&r=g\",\"caption\":\"Lourdes Gutierrez\"},\"url\":\"https:\/\/www.ine.gob.bo\/index.php\/author\/lgutierrez\/\"}]}<\/script>\n<!-- \/ Yoast SEO plugin. -->","yoast_head_json":{"title":"Socializaci\u00f3n del Censo llega a los municipios orure\u00f1os de Huanuni y El Choro - INE","description":"P\u00e1gina oficial del Instituto Nacional de Estadistica INE, informaci\u00f3n estad\u00edstica, geogr\u00e1fica y econ\u00f3mica a nivel nacional.","robots":{"index":"index","follow":"follow","max-snippet":"max-snippet:-1","max-image-preview":"max-image-preview:large","max-video-preview":"max-video-preview:-1"},"canonical":"https:\/\/www.ine.gob.bo\/index.php\/socializacion-del-censo-llega-a-los-municipios-orurenos-de-huanuni-y-el-choro\/","og_locale":"es_ES","og_type":"article","og_title":"Socializaci\u00f3n del Censo llega a los municipios orure\u00f1os de Huanuni y El Choro - INE","og_description":"P\u00e1gina oficial del Instituto Nacional de Estadistica INE, informaci\u00f3n estad\u00edstica, geogr\u00e1fica y econ\u00f3mica a nivel nacional.","og_url":"https:\/\/www.ine.gob.bo\/index.php\/socializacion-del-censo-llega-a-los-municipios-orurenos-de-huanuni-y-el-choro\/","og_site_name":"INE","article_publisher":"https:\/\/www.facebook.com\/ineboliviaoficial","article_published_time":"2022-07-07T18:06:43+00:00","article_modified_time":"2025-06-25T20:14:30+00:00","og_image":[{"width":575,"height":324,"url":"https:\/\/www.ine.gob.bo\/wp-content\/uploads\/2022\/07\/foto-1-imagen-destacada.png","type":"image\/png"}],"author":"Lourdes Gutierrez","twitter_card":"summary_large_image","twitter_creator":"@INE_Bolivia","twitter_site":"@INE_Bolivia","twitter_misc":{"Escrito por":"Lourdes Gutierrez","Tiempo de lectura":"2 minutos"},"schema":{"@context":"https:\/\/schema.org","@graph":[{"@type":"Article","@id":"https:\/\/www.ine.gob.bo\/index.php\/socializacion-del-censo-llega-a-los-municipios-orurenos-de-huanuni-y-el-choro\/#article","isPartOf":{"@id":"https:\/\/www.ine.gob.bo\/index.php\/socializacion-del-censo-llega-a-los-municipios-orurenos-de-huanuni-y-el-choro\/"},"author":{"name":"Lourdes Gutierrez","@id":"https:\/\/www.ine.gob.bo\/#\/schema\/person\/ffa42bafb4e3c57e616eec87600fc297"},"headline":"Socializaci\u00f3n del Censo llega a los municipios orure\u00f1os de Huanuni y El Choro","datePublished":"2022-07-07T18:06:43+00:00","dateModified":"2025-06-25T20:14:30+00:00","mainEntityOfPage":{"@id":"https:\/\/www.ine.gob.bo\/index.php\/socializacion-del-censo-llega-a-los-municipios-orurenos-de-huanuni-y-el-choro\/"},"wordCount":241,"publisher":{"@id":"https:\/\/www.ine.gob.bo\/#organization"},"image":{"@id":"https:\/\/www.ine.gob.bo\/index.php\/socializacion-del-censo-llega-a-los-municipios-orurenos-de-huanuni-y-el-choro\/#primaryimage"},"thumbnailUrl":"https:\/\/www.ine.gob.bo\/wp-content\/uploads\/2022\/07\/foto-1-imagen-destacada.png","keywords":["INE Noticias"],"articleSection":["INE noticias"],"inLanguage":"es"},{"@type":"WebPage","@id":"https:\/\/www.ine.gob.bo\/index.php\/socializacion-del-censo-llega-a-los-municipios-orurenos-de-huanuni-y-el-choro\/","url":"https:\/\/www.ine.gob.bo\/index.php\/socializacion-del-censo-llega-a-los-municipios-orurenos-de-huanuni-y-el-choro\/","name":"Socializaci\u00f3n del Censo llega a los municipios orure\u00f1os de Huanuni y El Choro - INE","isPartOf":{"@id":"https:\/\/www.ine.gob.bo\/#website"},"primaryImageOfPage":{"@id":"https:\/\/www.ine.gob.bo\/index.php\/socializacion-del-censo-llega-a-los-municipios-orurenos-de-huanuni-y-el-choro\/#primaryimage"},"image":{"@id":"https:\/\/www.ine.gob.bo\/index.php\/socializacion-del-censo-llega-a-los-municipios-orurenos-de-huanuni-y-el-choro\/#primaryimage"},"thumbnailUrl":"https:\/\/www.ine.gob.bo\/wp-content\/uploads\/2022\/07\/foto-1-imagen-destacada.png","datePublished":"2022-07-07T18:06:43+00:00","dateModified":"2025-06-25T20:14:30+00:00","description":"P\u00e1gina oficial del Instituto Nacional de Estadistica INE, informaci\u00f3n estad\u00edstica, geogr\u00e1fica y econ\u00f3mica a nivel nacional.","breadcrumb":{"@id":"https:\/\/www.ine.gob.bo\/index.php\/socializacion-del-censo-llega-a-los-municipios-orurenos-de-huanuni-y-el-choro\/#breadcrumb"},"inLanguage":"es","potentialAction":[{"@type":"ReadAction","target":["https:\/\/www.ine.gob.bo\/index.php\/socializacion-del-censo-llega-a-los-municipios-orurenos-de-huanuni-y-el-choro\/"]}]},{"@type":"ImageObject","inLanguage":"es","@id":"https:\/\/www.ine.gob.bo\/index.php\/socializacion-del-censo-llega-a-los-municipios-orurenos-de-huanuni-y-el-choro\/#primaryimage","url":"https:\/\/www.ine.gob.bo\/wp-content\/uploads\/2022\/07\/foto-1-imagen-destacada.png","contentUrl":"https:\/\/www.ine.gob.bo\/wp-content\/uploads\/2022\/07\/foto-1-imagen-destacada.png","width":575,"height":324},{"@type":"BreadcrumbList","@id":"https:\/\/www.ine.gob.bo\/index.php\/socializacion-del-censo-llega-a-los-municipios-orurenos-de-huanuni-y-el-choro\/#breadcrumb","itemListElement":[{"@type":"ListItem","position":1,"name":"Portada","item":"https:\/\/www.ine.gob.bo\/"},{"@type":"ListItem","position":2,"name":"Socializaci\u00f3n del Censo llega a los municipios orure\u00f1os de Huanuni y El Choro"}]},{"@type":"WebSite","@id":"https:\/\/www.ine.gob.bo\/#website","url":"https:\/\/www.ine.gob.bo\/","name":"INE","description":"Instituto Nacional de Estad\u00edstica","publisher":{"@id":"https:\/\/www.ine.gob.bo\/#organization"},"potentialAction":[{"@type":"SearchAction","target":{"@type":"EntryPoint","urlTemplate":"https:\/\/www.ine.gob.bo\/?s={search_term_string}"},"query-input":"required name=search_term_string"}],"inLanguage":"es"},{"@type":"Organization","@id":"https:\/\/www.ine.gob.bo\/#organization","name":"Instituto Nacional de Estad\u00edstica","url":"https:\/\/www.ine.gob.bo\/","logo":{"@type":"ImageObject","inLanguage":"es","@id":"https:\/\/www.ine.gob.bo\/#\/schema\/logo\/image\/","url":"https:\/\/www.ine.gob.bo\/wp-content\/uploads\/2026\/02\/logo-ine.jpg","contentUrl":"https:\/\/www.ine.gob.bo\/wp-content\/uploads\/2026\/02\/logo-ine.jpg","width":799,"height":453,"caption":"Instituto Nacional de Estad\u00edstica"},"image":{"@id":"https:\/\/www.ine.gob.bo\/#\/schema\/logo\/image\/"},"sameAs":["https:\/\/www.facebook.com\/ineboliviaoficial","https:\/\/x.com\/INE_Bolivia","https:\/\/www.instagram.com\/ineboliviaoficial\/","https:\/\/www.youtube.com\/channel\/UCbIQXKLw414g5kWo1tAwqCg"]},{"@type":"Person","@id":"https:\/\/www.ine.gob.bo\/#\/schema\/person\/ffa42bafb4e3c57e616eec87600fc297","name":"Lourdes Gutierrez","image":{"@type":"ImageObject","inLanguage":"es","@id":"https:\/\/www.ine.gob.bo\/#\/schema\/person\/image\/","url":"https:\/\/secure.gravatar.com\/avatar\/a8db860f68f1ae1577840ef2560cfd824b142bb9e4253f2cc7bb117c256e196a?s=96&d=mm&r=g","contentUrl":"https:\/\/secure.gravatar.com\/avatar\/a8db860f68f1ae1577840ef2560cfd824b142bb9e4253f2cc7bb117c256e196a?s=96&d=mm&r=g","caption":"Lourdes Gutierrez"},"url":"https:\/\/www.ine.gob.bo\/index.php\/author\/lgutierrez\/"}]}},"rttpg_featured_image_url":{"full":["https:\/\/www.ine.gob.bo\/wp-content\/uploads\/2022\/07\/foto-1-imagen-destacada.png",575,324,false],"landscape":["https:\/\/www.ine.gob.bo\/wp-content\/uploads\/2022\/07\/foto-1-imagen-destacada.png",575,324,false],"portraits":["https:\/\/www.ine.gob.bo\/wp-content\/uploads\/2022\/07\/foto-1-imagen-destacada.png",575,324,false],"thumbnail":["https:\/\/www.ine.gob.bo\/wp-content\/uploads\/2022\/07\/foto-1-imagen-destacada-150x150.png",150,150,true],"medium":["https:\/\/www.ine.gob.bo\/wp-content\/uploads\/2022\/07\/foto-1-imagen-destacada-300x169.png",300,169,true],"large":["https:\/\/www.ine.gob.bo\/wp-content\/uploads\/2022\/07\/foto-1-imagen-destacada.png",575,324,false],"1536x1536":["https:\/\/www.ine.gob.bo\/wp-content\/uploads\/2022\/07\/foto-1-imagen-destacada.png",575,324,false],"2048x2048":["https:\/\/www.ine.gob.bo\/wp-content\/uploads\/2022\/07\/foto-1-imagen-destacada.png",575,324,false]},"rttpg_author":{"display_name":"Lourdes Gutierrez","author_link":"https:\/\/www.ine.gob.bo\/index.php\/author\/lgutierrez\/"},"rttpg_comment":0,"rttpg_category":"<a href=\"https:\/\/www.ine.gob.bo\/index.php\/category\/ine-noticias\/\" rel=\"category tag\">INE noticias<\/a>","rttpg_excerpt":"[vc_row][vc_column][vc_column_text] Oruro, 7 de julio de 2022 (INE). &#8211; Con el objetivo de sensibilizar y concienciar a la poblaci\u00f3n orure\u00f1a para participar en el pr\u00f3ximo Censo de Poblaci\u00f3n y Vivienda, el Instituto Nacional de Estad\u00edstica (INE) realiz\u00f3 el martes 5 y mi\u00e9rcoles 6 de julio la socializaci\u00f3n de esta importante actividad en los municipios de&hellip;","_links":{"self":[{"href":"https:\/\/www.ine.gob.bo\/index.php\/wp-json\/wp\/v2\/posts\/57572","targetHints":{"allow":["GET"]}}],"collection":[{"href":"https:\/\/www.ine.gob.bo\/index.php\/wp-json\/wp\/v2\/posts"}],"about":[{"href":"https:\/\/www.ine.gob.bo\/index.php\/wp-json\/wp\/v2\/types\/post"}],"author":[{"embeddable":true,"href":"https:\/\/www.ine.gob.bo\/index.php\/wp-json\/wp\/v2\/users\/6"}],"replies":[{"embeddable":true,"href":"https:\/\/www.ine.gob.bo\/index.php\/wp-json\/wp\/v2\/comments?post=57572"}],"version-history":[{"count":0,"href":"https:\/\/www.ine.gob.bo\/index.php\/wp-json\/wp\/v2\/posts\/57572\/revisions"}],"wp:featuredmedia":[{"embeddable":true,"href":"https:\/\/www.ine.gob.bo\/index.php\/wp-json\/wp\/v2\/media\/57577"}],"wp:attachment":[{"href":"https:\/\/www.ine.gob.bo\/index.php\/wp-json\/wp\/v2\/media?parent=57572"}],"wp:term":[{"taxonomy":"category","embeddable":true,"href":"https:\/\/www.ine.gob.bo\/index.php\/wp-json\/wp\/v2\/categories?post=57572"},{"taxonomy":"post_tag","embeddable":true,"href":"https:\/\/www.ine.gob.bo\/index.php\/wp-json\/wp\/v2\/tags?post=57572"}],"curies":[{"name":"wp","href":"https:\/\/api.w.org\/{rel}","templated":true}]}}