{"id":57403,"date":"2022-07-01T23:24:14","date_gmt":"2022-07-02T03:24:14","guid":{"rendered":"https:\/\/www.ine.gob.bo\/?p=57403"},"modified":"2025-06-25T16:21:16","modified_gmt":"2025-06-25T20:21:16","slug":"ine-participa-de-feria-multisectorial-de-brigada-parlamentaria-de-la-paz-en-viacha","status":"publish","type":"post","link":"https:\/\/www.ine.gob.bo\/index.php\/ine-participa-de-feria-multisectorial-de-brigada-parlamentaria-de-la-paz-en-viacha\/","title":{"rendered":"INE participa de feria multisectorial de Brigada Parlamentaria de La Paz en Viacha"},"content":{"rendered":"<p>[vc_row][vc_column][vc_column_text]<\/p>\r\n<p><strong>La Paz, 01 de julio de 2022 (INE).- <\/strong>El Instituto Nacional de Estad\u00edstica (INE) particip\u00f3 este viernes de la feria multisectorial organizada por la Brigada Parlamentaria del departamento de La Paz con motivo de dar inicio a las fiestas julias en conmemoraci\u00f3n al 213 aniversario de la gesta libertaria de La Paz.<\/p>\r\n<p>Esta feria se desarroll\u00f3 en la zona de Tilata, del municipio de Viacha, provincia Ingavi del departamento de La Paz. De esta actividad participaron con su stand instituciones p\u00fablicas para mostrar e informar del trabajo que realizan.<\/p>\r\n<p>Entre los invitados y asistentes a este evento se encontraban, autoridades del Gobierno central, diputados, senadores, alcaldes, concejales, corregidores, autoridades ind\u00edgenas originarias del departamento de La Paz, maestros y pobladores del municipio de Viacha.<\/p>\r\n<p>El INE pudo distribuir material informativo que produce la entidad a 107 personas, entre los cuales est\u00e1n d\u00edpticos de la Actualizaci\u00f3n Cartogr\u00e1fica Estad\u00edstica (ACE), de la promoci\u00f3n de la informaci\u00f3n estad\u00edstica, de la Ley N\u00b01405 de Estad\u00edsticas Oficiales del Estado Plurinacional de Bolivia; publicaciones de los indicadores econ\u00f3micos, resultados de la Encuesta de Ni\u00f1as, Ni\u00f1os y Adolescentes, un CD de la Encuesta de Demograf\u00eda y Salud (EDSA), de los resultados del \u00faltimo Censo de Poblaci\u00f3n y Vivienda 2012, entre otros materiales y suvenires.<\/p>\r\n<p>El stand del INE fue uno de los m\u00e1s visitados por los asistentes para informarse del proyecto censal por lo que el personal de la entidad los atendi\u00f3 personalmente a tiempo de entregar la informaci\u00f3n correspondiente.<\/p>\r\n<p><img loading=\"lazy\" decoding=\"async\" class=\"aligncenter wp-image-57404 \" src=\"https:\/\/www.ine.gob.bo\/wp-content\/uploads\/2022\/07\/feria-Tilata.png\" alt=\"\" width=\"459\" height=\"240\" srcset=\"https:\/\/www.ine.gob.bo\/wp-content\/uploads\/2022\/07\/feria-Tilata.png 440w, https:\/\/www.ine.gob.bo\/wp-content\/uploads\/2022\/07\/feria-Tilata-300x157.png 300w\" sizes=\"auto, (max-width: 459px) 100vw, 459px\" \/><\/p>\r\n<p><em>\u00a0 \u00a0 \u00a0 \u00a0 \u00a0 \u00a0 \u00a0 \u00a0 \u00a0 \u00a0 \u00a0 \u00a0 \u00a0 \u00a0 \u00a0 \u00a0 \u00a0 \u00a0 \u00a0 \u00a0 \u00a0 \u00a0 \u00a0 \u00a0 \u00a0 \u00a0 \u00a0 \u00a0 \u00a0 \u00a0 \u00a0 \u00a0 \u00a0 \u00a0 \u00a0 \u00a0Stand del INE en la feria multisectorial de la Brigada Parlamentaria del departamento de La Paz.<\/em><\/p>\r\n<p>&nbsp;<\/p>\r\n<p>&nbsp;<\/p>\r\n<p style=\"text-align: center;\"><strong><em>Unidad de Difusi\u00f3n y Comunicaci\u00f3n<\/em><\/strong><\/p>\r\n<p style=\"text-align: center;\"><strong>INSTITUTO NACIONAL DE ESTAD\u00cdSTICA<\/strong><\/p>\r\n<p><em>\u00a0<\/em><\/p>\r\n<p><strong><em>\u00a0<\/em><\/strong><\/p>\r\n<p><a href=\"https:\/\/nimbus.ine.gob.bo\/index.php\/s\/JbnBodi2RpgbCDp\/download\">Descargar Nota de Prensa<\/a><\/p>\r\n<p class=\"has-text-align-center\"><!-- \/wp:post-content --><\/p>\r\n<p class=\"has-text-align-center\"><!-- wp:separator --><\/p>\r\n<hr class=\"wp-block-separator\" \/>\r\n<p class=\"has-text-align-center\"><!-- \/wp:separator --><\/p>\r\n<p class=\"has-text-align-center\"><!-- wp:paragraph {\"align\":\"right\"} --><\/p>\r\n<p class=\"has-text-align-right\"><strong><em>Entidad dependiente del Ministerio de Planificaci\u00f3n del Desarrollo<\/em><\/strong><\/p>\r\n<p class=\"has-text-align-center\"><!-- \/wp:paragraph --><\/p>\r\n<p>&nbsp;<\/p>\r\n<p>[\/vc_column_text][\/vc_column][\/vc_row]<\/p>","protected":false},"excerpt":{"rendered":"<p>[vc_row][vc_column][vc_column_text] La Paz, 01 de julio de 2022 (INE).- El Instituto Nacional de Estad\u00edstica (INE) particip\u00f3 este viernes de la feria multisectorial organizada por la Brigada Parlamentaria del departamento de La Paz con motivo de dar inicio a las fiestas julias en conmemoraci\u00f3n al 213 aniversario de la gesta libertaria de La Paz. Esta feria&hellip;<\/p>\n","protected":false},"author":6,"featured_media":57404,"comment_status":"closed","ping_status":"open","sticky":false,"template":"","format":"standard","meta":[],"categories":[158],"tags":[52],"class_list":["post-57403","post","type-post","status-publish","format-standard","has-post-thumbnail","hentry","category-ine-noticias","tag-ine-noticias","category-158","description-off"],"yoast_head":"<!-- This site is optimized with the Yoast SEO plugin v23.2 - https:\/\/yoast.com\/wordpress\/plugins\/seo\/ -->\n<title>INE participa de feria multisectorial de Brigada Parlamentaria de La Paz en Viacha - INE<\/title>\n<meta name=\"description\" content=\"P\u00e1gina oficial del Instituto Nacional de Estadistica INE, informaci\u00f3n estad\u00edstica, geogr\u00e1fica y econ\u00f3mica a nivel nacional.\" \/>\n<meta name=\"robots\" content=\"index, follow, max-snippet:-1, max-image-preview:large, max-video-preview:-1\" \/>\n<link rel=\"canonical\" href=\"https:\/\/www.ine.gob.bo\/index.php\/ine-participa-de-feria-multisectorial-de-brigada-parlamentaria-de-la-paz-en-viacha\/\" \/>\n<meta property=\"og:locale\" content=\"es_ES\" \/>\n<meta property=\"og:type\" content=\"article\" \/>\n<meta property=\"og:title\" content=\"INE participa de feria multisectorial de Brigada Parlamentaria de La Paz en Viacha - INE\" \/>\n<meta property=\"og:description\" content=\"P\u00e1gina oficial del Instituto Nacional de Estadistica INE, informaci\u00f3n estad\u00edstica, geogr\u00e1fica y econ\u00f3mica a nivel nacional.\" \/>\n<meta property=\"og:url\" content=\"https:\/\/www.ine.gob.bo\/index.php\/ine-participa-de-feria-multisectorial-de-brigada-parlamentaria-de-la-paz-en-viacha\/\" \/>\n<meta property=\"og:site_name\" content=\"INE\" \/>\n<meta property=\"article:publisher\" content=\"https:\/\/www.facebook.com\/ineboliviaoficial\" \/>\n<meta property=\"article:published_time\" content=\"2022-07-02T03:24:14+00:00\" \/>\n<meta property=\"article:modified_time\" content=\"2025-06-25T20:21:16+00:00\" \/>\n<meta property=\"og:image\" content=\"https:\/\/www.ine.gob.bo\/wp-content\/uploads\/2022\/07\/feria-Tilata.png\" \/>\n\t<meta property=\"og:image:width\" content=\"440\" \/>\n\t<meta property=\"og:image:height\" content=\"230\" \/>\n\t<meta property=\"og:image:type\" content=\"image\/png\" \/>\n<meta name=\"author\" content=\"Lourdes Gutierrez\" \/>\n<meta name=\"twitter:card\" content=\"summary_large_image\" \/>\n<meta name=\"twitter:creator\" content=\"@INE_Bolivia\" \/>\n<meta name=\"twitter:site\" content=\"@INE_Bolivia\" \/>\n<meta name=\"twitter:label1\" content=\"Escrito por\" \/>\n\t<meta name=\"twitter:data1\" content=\"Lourdes Gutierrez\" \/>\n\t<meta name=\"twitter:label2\" content=\"Tiempo de lectura\" \/>\n\t<meta name=\"twitter:data2\" content=\"2 minutos\" \/>\n<script type=\"application\/ld+json\" class=\"yoast-schema-graph\">{\"@context\":\"https:\/\/schema.org\",\"@graph\":[{\"@type\":\"Article\",\"@id\":\"https:\/\/www.ine.gob.bo\/index.php\/ine-participa-de-feria-multisectorial-de-brigada-parlamentaria-de-la-paz-en-viacha\/#article\",\"isPartOf\":{\"@id\":\"https:\/\/www.ine.gob.bo\/index.php\/ine-participa-de-feria-multisectorial-de-brigada-parlamentaria-de-la-paz-en-viacha\/\"},\"author\":{\"name\":\"Lourdes Gutierrez\",\"@id\":\"https:\/\/www.ine.gob.bo\/#\/schema\/person\/ffa42bafb4e3c57e616eec87600fc297\"},\"headline\":\"INE participa de feria multisectorial de Brigada Parlamentaria de La Paz en Viacha\",\"datePublished\":\"2022-07-02T03:24:14+00:00\",\"dateModified\":\"2025-06-25T20:21:16+00:00\",\"mainEntityOfPage\":{\"@id\":\"https:\/\/www.ine.gob.bo\/index.php\/ine-participa-de-feria-multisectorial-de-brigada-parlamentaria-de-la-paz-en-viacha\/\"},\"wordCount\":329,\"publisher\":{\"@id\":\"https:\/\/www.ine.gob.bo\/#organization\"},\"image\":{\"@id\":\"https:\/\/www.ine.gob.bo\/index.php\/ine-participa-de-feria-multisectorial-de-brigada-parlamentaria-de-la-paz-en-viacha\/#primaryimage\"},\"thumbnailUrl\":\"https:\/\/www.ine.gob.bo\/wp-content\/uploads\/2022\/07\/feria-Tilata.png\",\"keywords\":[\"INE Noticias\"],\"articleSection\":[\"INE noticias\"],\"inLanguage\":\"es\"},{\"@type\":\"WebPage\",\"@id\":\"https:\/\/www.ine.gob.bo\/index.php\/ine-participa-de-feria-multisectorial-de-brigada-parlamentaria-de-la-paz-en-viacha\/\",\"url\":\"https:\/\/www.ine.gob.bo\/index.php\/ine-participa-de-feria-multisectorial-de-brigada-parlamentaria-de-la-paz-en-viacha\/\",\"name\":\"INE participa de feria multisectorial de Brigada Parlamentaria de La Paz en Viacha - INE\",\"isPartOf\":{\"@id\":\"https:\/\/www.ine.gob.bo\/#website\"},\"primaryImageOfPage\":{\"@id\":\"https:\/\/www.ine.gob.bo\/index.php\/ine-participa-de-feria-multisectorial-de-brigada-parlamentaria-de-la-paz-en-viacha\/#primaryimage\"},\"image\":{\"@id\":\"https:\/\/www.ine.gob.bo\/index.php\/ine-participa-de-feria-multisectorial-de-brigada-parlamentaria-de-la-paz-en-viacha\/#primaryimage\"},\"thumbnailUrl\":\"https:\/\/www.ine.gob.bo\/wp-content\/uploads\/2022\/07\/feria-Tilata.png\",\"datePublished\":\"2022-07-02T03:24:14+00:00\",\"dateModified\":\"2025-06-25T20:21:16+00:00\",\"description\":\"P\u00e1gina oficial del Instituto Nacional de Estadistica INE, informaci\u00f3n estad\u00edstica, geogr\u00e1fica y econ\u00f3mica a nivel nacional.\",\"breadcrumb\":{\"@id\":\"https:\/\/www.ine.gob.bo\/index.php\/ine-participa-de-feria-multisectorial-de-brigada-parlamentaria-de-la-paz-en-viacha\/#breadcrumb\"},\"inLanguage\":\"es\",\"potentialAction\":[{\"@type\":\"ReadAction\",\"target\":[\"https:\/\/www.ine.gob.bo\/index.php\/ine-participa-de-feria-multisectorial-de-brigada-parlamentaria-de-la-paz-en-viacha\/\"]}]},{\"@type\":\"ImageObject\",\"inLanguage\":\"es\",\"@id\":\"https:\/\/www.ine.gob.bo\/index.php\/ine-participa-de-feria-multisectorial-de-brigada-parlamentaria-de-la-paz-en-viacha\/#primaryimage\",\"url\":\"https:\/\/www.ine.gob.bo\/wp-content\/uploads\/2022\/07\/feria-Tilata.png\",\"contentUrl\":\"https:\/\/www.ine.gob.bo\/wp-content\/uploads\/2022\/07\/feria-Tilata.png\",\"width\":440,\"height\":230},{\"@type\":\"BreadcrumbList\",\"@id\":\"https:\/\/www.ine.gob.bo\/index.php\/ine-participa-de-feria-multisectorial-de-brigada-parlamentaria-de-la-paz-en-viacha\/#breadcrumb\",\"itemListElement\":[{\"@type\":\"ListItem\",\"position\":1,\"name\":\"Portada\",\"item\":\"https:\/\/www.ine.gob.bo\/\"},{\"@type\":\"ListItem\",\"position\":2,\"name\":\"INE participa de feria multisectorial de Brigada Parlamentaria de La Paz en Viacha\"}]},{\"@type\":\"WebSite\",\"@id\":\"https:\/\/www.ine.gob.bo\/#website\",\"url\":\"https:\/\/www.ine.gob.bo\/\",\"name\":\"INE\",\"description\":\"Instituto Nacional de Estad\u00edstica\",\"publisher\":{\"@id\":\"https:\/\/www.ine.gob.bo\/#organization\"},\"potentialAction\":[{\"@type\":\"SearchAction\",\"target\":{\"@type\":\"EntryPoint\",\"urlTemplate\":\"https:\/\/www.ine.gob.bo\/?s={search_term_string}\"},\"query-input\":\"required name=search_term_string\"}],\"inLanguage\":\"es\"},{\"@type\":\"Organization\",\"@id\":\"https:\/\/www.ine.gob.bo\/#organization\",\"name\":\"Instituto Nacional de Estad\u00edstica\",\"url\":\"https:\/\/www.ine.gob.bo\/\",\"logo\":{\"@type\":\"ImageObject\",\"inLanguage\":\"es\",\"@id\":\"https:\/\/www.ine.gob.bo\/#\/schema\/logo\/image\/\",\"url\":\"https:\/\/www.ine.gob.bo\/wp-content\/uploads\/2026\/02\/logo-ine.jpg\",\"contentUrl\":\"https:\/\/www.ine.gob.bo\/wp-content\/uploads\/2026\/02\/logo-ine.jpg\",\"width\":799,\"height\":453,\"caption\":\"Instituto Nacional de Estad\u00edstica\"},\"image\":{\"@id\":\"https:\/\/www.ine.gob.bo\/#\/schema\/logo\/image\/\"},\"sameAs\":[\"https:\/\/www.facebook.com\/ineboliviaoficial\",\"https:\/\/x.com\/INE_Bolivia\",\"https:\/\/www.instagram.com\/ineboliviaoficial\/\",\"https:\/\/www.youtube.com\/channel\/UCbIQXKLw414g5kWo1tAwqCg\"]},{\"@type\":\"Person\",\"@id\":\"https:\/\/www.ine.gob.bo\/#\/schema\/person\/ffa42bafb4e3c57e616eec87600fc297\",\"name\":\"Lourdes Gutierrez\",\"image\":{\"@type\":\"ImageObject\",\"inLanguage\":\"es\",\"@id\":\"https:\/\/www.ine.gob.bo\/#\/schema\/person\/image\/\",\"url\":\"https:\/\/secure.gravatar.com\/avatar\/a8db860f68f1ae1577840ef2560cfd824b142bb9e4253f2cc7bb117c256e196a?s=96&d=mm&r=g\",\"contentUrl\":\"https:\/\/secure.gravatar.com\/avatar\/a8db860f68f1ae1577840ef2560cfd824b142bb9e4253f2cc7bb117c256e196a?s=96&d=mm&r=g\",\"caption\":\"Lourdes Gutierrez\"},\"url\":\"https:\/\/www.ine.gob.bo\/index.php\/author\/lgutierrez\/\"}]}<\/script>\n<!-- \/ Yoast SEO plugin. -->","yoast_head_json":{"title":"INE participa de feria multisectorial de Brigada Parlamentaria de La Paz en Viacha - INE","description":"P\u00e1gina oficial del Instituto Nacional de Estadistica INE, informaci\u00f3n estad\u00edstica, geogr\u00e1fica y econ\u00f3mica a nivel nacional.","robots":{"index":"index","follow":"follow","max-snippet":"max-snippet:-1","max-image-preview":"max-image-preview:large","max-video-preview":"max-video-preview:-1"},"canonical":"https:\/\/www.ine.gob.bo\/index.php\/ine-participa-de-feria-multisectorial-de-brigada-parlamentaria-de-la-paz-en-viacha\/","og_locale":"es_ES","og_type":"article","og_title":"INE participa de feria multisectorial de Brigada Parlamentaria de La Paz en Viacha - INE","og_description":"P\u00e1gina oficial del Instituto Nacional de Estadistica INE, informaci\u00f3n estad\u00edstica, geogr\u00e1fica y econ\u00f3mica a nivel nacional.","og_url":"https:\/\/www.ine.gob.bo\/index.php\/ine-participa-de-feria-multisectorial-de-brigada-parlamentaria-de-la-paz-en-viacha\/","og_site_name":"INE","article_publisher":"https:\/\/www.facebook.com\/ineboliviaoficial","article_published_time":"2022-07-02T03:24:14+00:00","article_modified_time":"2025-06-25T20:21:16+00:00","og_image":[{"width":440,"height":230,"url":"https:\/\/www.ine.gob.bo\/wp-content\/uploads\/2022\/07\/feria-Tilata.png","type":"image\/png"}],"author":"Lourdes Gutierrez","twitter_card":"summary_large_image","twitter_creator":"@INE_Bolivia","twitter_site":"@INE_Bolivia","twitter_misc":{"Escrito por":"Lourdes Gutierrez","Tiempo de lectura":"2 minutos"},"schema":{"@context":"https:\/\/schema.org","@graph":[{"@type":"Article","@id":"https:\/\/www.ine.gob.bo\/index.php\/ine-participa-de-feria-multisectorial-de-brigada-parlamentaria-de-la-paz-en-viacha\/#article","isPartOf":{"@id":"https:\/\/www.ine.gob.bo\/index.php\/ine-participa-de-feria-multisectorial-de-brigada-parlamentaria-de-la-paz-en-viacha\/"},"author":{"name":"Lourdes Gutierrez","@id":"https:\/\/www.ine.gob.bo\/#\/schema\/person\/ffa42bafb4e3c57e616eec87600fc297"},"headline":"INE participa de feria multisectorial de Brigada Parlamentaria de La Paz en Viacha","datePublished":"2022-07-02T03:24:14+00:00","dateModified":"2025-06-25T20:21:16+00:00","mainEntityOfPage":{"@id":"https:\/\/www.ine.gob.bo\/index.php\/ine-participa-de-feria-multisectorial-de-brigada-parlamentaria-de-la-paz-en-viacha\/"},"wordCount":329,"publisher":{"@id":"https:\/\/www.ine.gob.bo\/#organization"},"image":{"@id":"https:\/\/www.ine.gob.bo\/index.php\/ine-participa-de-feria-multisectorial-de-brigada-parlamentaria-de-la-paz-en-viacha\/#primaryimage"},"thumbnailUrl":"https:\/\/www.ine.gob.bo\/wp-content\/uploads\/2022\/07\/feria-Tilata.png","keywords":["INE Noticias"],"articleSection":["INE noticias"],"inLanguage":"es"},{"@type":"WebPage","@id":"https:\/\/www.ine.gob.bo\/index.php\/ine-participa-de-feria-multisectorial-de-brigada-parlamentaria-de-la-paz-en-viacha\/","url":"https:\/\/www.ine.gob.bo\/index.php\/ine-participa-de-feria-multisectorial-de-brigada-parlamentaria-de-la-paz-en-viacha\/","name":"INE participa de feria multisectorial de Brigada Parlamentaria de La Paz en Viacha - INE","isPartOf":{"@id":"https:\/\/www.ine.gob.bo\/#website"},"primaryImageOfPage":{"@id":"https:\/\/www.ine.gob.bo\/index.php\/ine-participa-de-feria-multisectorial-de-brigada-parlamentaria-de-la-paz-en-viacha\/#primaryimage"},"image":{"@id":"https:\/\/www.ine.gob.bo\/index.php\/ine-participa-de-feria-multisectorial-de-brigada-parlamentaria-de-la-paz-en-viacha\/#primaryimage"},"thumbnailUrl":"https:\/\/www.ine.gob.bo\/wp-content\/uploads\/2022\/07\/feria-Tilata.png","datePublished":"2022-07-02T03:24:14+00:00","dateModified":"2025-06-25T20:21:16+00:00","description":"P\u00e1gina oficial del Instituto Nacional de Estadistica INE, informaci\u00f3n estad\u00edstica, geogr\u00e1fica y econ\u00f3mica a nivel nacional.","breadcrumb":{"@id":"https:\/\/www.ine.gob.bo\/index.php\/ine-participa-de-feria-multisectorial-de-brigada-parlamentaria-de-la-paz-en-viacha\/#breadcrumb"},"inLanguage":"es","potentialAction":[{"@type":"ReadAction","target":["https:\/\/www.ine.gob.bo\/index.php\/ine-participa-de-feria-multisectorial-de-brigada-parlamentaria-de-la-paz-en-viacha\/"]}]},{"@type":"ImageObject","inLanguage":"es","@id":"https:\/\/www.ine.gob.bo\/index.php\/ine-participa-de-feria-multisectorial-de-brigada-parlamentaria-de-la-paz-en-viacha\/#primaryimage","url":"https:\/\/www.ine.gob.bo\/wp-content\/uploads\/2022\/07\/feria-Tilata.png","contentUrl":"https:\/\/www.ine.gob.bo\/wp-content\/uploads\/2022\/07\/feria-Tilata.png","width":440,"height":230},{"@type":"BreadcrumbList","@id":"https:\/\/www.ine.gob.bo\/index.php\/ine-participa-de-feria-multisectorial-de-brigada-parlamentaria-de-la-paz-en-viacha\/#breadcrumb","itemListElement":[{"@type":"ListItem","position":1,"name":"Portada","item":"https:\/\/www.ine.gob.bo\/"},{"@type":"ListItem","position":2,"name":"INE participa de feria multisectorial de Brigada Parlamentaria de La Paz en Viacha"}]},{"@type":"WebSite","@id":"https:\/\/www.ine.gob.bo\/#website","url":"https:\/\/www.ine.gob.bo\/","name":"INE","description":"Instituto Nacional de Estad\u00edstica","publisher":{"@id":"https:\/\/www.ine.gob.bo\/#organization"},"potentialAction":[{"@type":"SearchAction","target":{"@type":"EntryPoint","urlTemplate":"https:\/\/www.ine.gob.bo\/?s={search_term_string}"},"query-input":"required name=search_term_string"}],"inLanguage":"es"},{"@type":"Organization","@id":"https:\/\/www.ine.gob.bo\/#organization","name":"Instituto Nacional de Estad\u00edstica","url":"https:\/\/www.ine.gob.bo\/","logo":{"@type":"ImageObject","inLanguage":"es","@id":"https:\/\/www.ine.gob.bo\/#\/schema\/logo\/image\/","url":"https:\/\/www.ine.gob.bo\/wp-content\/uploads\/2026\/02\/logo-ine.jpg","contentUrl":"https:\/\/www.ine.gob.bo\/wp-content\/uploads\/2026\/02\/logo-ine.jpg","width":799,"height":453,"caption":"Instituto Nacional de Estad\u00edstica"},"image":{"@id":"https:\/\/www.ine.gob.bo\/#\/schema\/logo\/image\/"},"sameAs":["https:\/\/www.facebook.com\/ineboliviaoficial","https:\/\/x.com\/INE_Bolivia","https:\/\/www.instagram.com\/ineboliviaoficial\/","https:\/\/www.youtube.com\/channel\/UCbIQXKLw414g5kWo1tAwqCg"]},{"@type":"Person","@id":"https:\/\/www.ine.gob.bo\/#\/schema\/person\/ffa42bafb4e3c57e616eec87600fc297","name":"Lourdes Gutierrez","image":{"@type":"ImageObject","inLanguage":"es","@id":"https:\/\/www.ine.gob.bo\/#\/schema\/person\/image\/","url":"https:\/\/secure.gravatar.com\/avatar\/a8db860f68f1ae1577840ef2560cfd824b142bb9e4253f2cc7bb117c256e196a?s=96&d=mm&r=g","contentUrl":"https:\/\/secure.gravatar.com\/avatar\/a8db860f68f1ae1577840ef2560cfd824b142bb9e4253f2cc7bb117c256e196a?s=96&d=mm&r=g","caption":"Lourdes Gutierrez"},"url":"https:\/\/www.ine.gob.bo\/index.php\/author\/lgutierrez\/"}]}},"rttpg_featured_image_url":{"full":["https:\/\/www.ine.gob.bo\/wp-content\/uploads\/2022\/07\/feria-Tilata.png",440,230,false],"landscape":["https:\/\/www.ine.gob.bo\/wp-content\/uploads\/2022\/07\/feria-Tilata.png",440,230,false],"portraits":["https:\/\/www.ine.gob.bo\/wp-content\/uploads\/2022\/07\/feria-Tilata.png",440,230,false],"thumbnail":["https:\/\/www.ine.gob.bo\/wp-content\/uploads\/2022\/07\/feria-Tilata-150x150.png",150,150,true],"medium":["https:\/\/www.ine.gob.bo\/wp-content\/uploads\/2022\/07\/feria-Tilata-300x157.png",300,157,true],"large":["https:\/\/www.ine.gob.bo\/wp-content\/uploads\/2022\/07\/feria-Tilata.png",440,230,false],"1536x1536":["https:\/\/www.ine.gob.bo\/wp-content\/uploads\/2022\/07\/feria-Tilata.png",440,230,false],"2048x2048":["https:\/\/www.ine.gob.bo\/wp-content\/uploads\/2022\/07\/feria-Tilata.png",440,230,false]},"rttpg_author":{"display_name":"Lourdes Gutierrez","author_link":"https:\/\/www.ine.gob.bo\/index.php\/author\/lgutierrez\/"},"rttpg_comment":0,"rttpg_category":"<a href=\"https:\/\/www.ine.gob.bo\/index.php\/category\/ine-noticias\/\" rel=\"category tag\">INE noticias<\/a>","rttpg_excerpt":"[vc_row][vc_column][vc_column_text] La Paz, 01 de julio de 2022 (INE).- El Instituto Nacional de Estad\u00edstica (INE) particip\u00f3 este viernes de la feria multisectorial organizada por la Brigada Parlamentaria del departamento de La Paz con motivo de dar inicio a las fiestas julias en conmemoraci\u00f3n al 213 aniversario de la gesta libertaria de La Paz. Esta feria&hellip;","_links":{"self":[{"href":"https:\/\/www.ine.gob.bo\/index.php\/wp-json\/wp\/v2\/posts\/57403","targetHints":{"allow":["GET"]}}],"collection":[{"href":"https:\/\/www.ine.gob.bo\/index.php\/wp-json\/wp\/v2\/posts"}],"about":[{"href":"https:\/\/www.ine.gob.bo\/index.php\/wp-json\/wp\/v2\/types\/post"}],"author":[{"embeddable":true,"href":"https:\/\/www.ine.gob.bo\/index.php\/wp-json\/wp\/v2\/users\/6"}],"replies":[{"embeddable":true,"href":"https:\/\/www.ine.gob.bo\/index.php\/wp-json\/wp\/v2\/comments?post=57403"}],"version-history":[{"count":0,"href":"https:\/\/www.ine.gob.bo\/index.php\/wp-json\/wp\/v2\/posts\/57403\/revisions"}],"wp:featuredmedia":[{"embeddable":true,"href":"https:\/\/www.ine.gob.bo\/index.php\/wp-json\/wp\/v2\/media\/57404"}],"wp:attachment":[{"href":"https:\/\/www.ine.gob.bo\/index.php\/wp-json\/wp\/v2\/media?parent=57403"}],"wp:term":[{"taxonomy":"category","embeddable":true,"href":"https:\/\/www.ine.gob.bo\/index.php\/wp-json\/wp\/v2\/categories?post=57403"},{"taxonomy":"post_tag","embeddable":true,"href":"https:\/\/www.ine.gob.bo\/index.php\/wp-json\/wp\/v2\/tags?post=57403"}],"curies":[{"name":"wp","href":"https:\/\/api.w.org\/{rel}","templated":true}]}}