{"id":57029,"date":"2022-08-31T09:18:05","date_gmt":"2022-08-31T13:18:05","guid":{"rendered":"https:\/\/www.ine.gob.bo\/?p=57029"},"modified":"2025-06-24T16:50:04","modified_gmt":"2025-06-24T20:50:04","slug":"ministro-cusicanqui-destaca-que-mesas-reconocieron-el-caracter-tecnico-del-censo-y-ninguna-rechazo-el-cronograma-al-2024","status":"publish","type":"post","link":"https:\/\/www.ine.gob.bo\/index.php\/ministro-cusicanqui-destaca-que-mesas-reconocieron-el-caracter-tecnico-del-censo-y-ninguna-rechazo-el-cronograma-al-2024\/","title":{"rendered":"Ministro Cusicanqui destaca que mesas reconocieron el car\u00e1cter t\u00e9cnico del censo y ninguna rechaz\u00f3 el cronograma al 2024"},"content":{"rendered":"<p>[vc_row][vc_column][vc_column_text]<\/p>\r\n<p><strong>La Paz, 31 de agosto de 2022 (INE). \u2013 \u00a0<\/strong>La tarde de este mi\u00e9rcoles 31 de agosto, el ministro de Planificaci\u00f3n del Desarrollo, Sergio Cusicanqui present\u00f3 en conferencia de prensa los resultados de las mesas t\u00e9cnicas de socializaci\u00f3n del Censo de Poblaci\u00f3n y Vivienda, concluyendo que en las 10 reuniones realizadas en las nueve ciudades capitales del pa\u00eds, m\u00e1s El Alto se reconoci\u00f3 el car\u00e1cter t\u00e9cnico del proceso censal y en ninguna de dichas mesas se present\u00f3 disensos al cronograma censal presentado por el Instituto Nacional de Estad\u00edstica (INE).<\/p>\r\n<p>\u201cEn esas reuniones hemos logrado demostrar que es posible despolitizar el proceso censal, hemos podido generar espacios de dialogo eminentemente t\u00e9cnicos a trav\u00e9s de los cuales se ha podido explicar, presentar los avances del proceso censal y el nuevo cronograma\u201d, afirm\u00f3 la autoridad.<\/p>\r\n<p>Respecto al cronograma censal, Cusicanqui no solo manifest\u00f3 la no objeci\u00f3n al mismo sino un amplio apoyo para realizar el empadronamiento el segundo trimestre de 2024, como lo establece el D.S. 4760.<\/p>\r\n<p>\u201cEn las diez reuniones no se tuvo ning\u00fan tipo de objeci\u00f3n o rechazo al cronograma presentado y propuesto por el Instituto Nacional de Estad\u00edstica (INE), muestra de ellos son las actas firmadas con los distintos actores. Mas al contrario en muchas de las ciudades se ha manifestado el apoyo al cumplimiento del cronograma para poder lograr un proceso censal serio, transparente y que cumpla los par\u00e1metros internacionales y nos pueda dar datos de calidad en beneficio de la poblaci\u00f3n\u201d, subray\u00f3 Cusicanqui.<\/p>\r\n<p>El martes el director del Instituto Nacional de Estad\u00edstica (INE), Gast\u00f3n Cordero, anunci\u00f3 que el cronograma censal ser\u00e1 presentado en los siguientes d\u00edas, asimismo el INE remitir\u00e1 la informaci\u00f3n presentada del proceso censal seg\u00fan los compromisos asumidos en las actas firmadas por las autoridades departamentales, municipales y universitarias de las nueve capitales de departamento m\u00e1s El Alto que participaron en las 10 mesas t\u00e9cnicas realizadas del 8 al 26 de agosto en todo el pa\u00eds.<\/p>\r\n<p>&nbsp;<\/p>\r\n<p>&nbsp;<\/p>\r\n<p><img loading=\"lazy\" decoding=\"async\" class=\"aligncenter wp-image-58238 size-full\" src=\"https:\/\/www.ine.gob.bo\/wp-content\/uploads\/2022\/09\/cusicanqui-1.jpg\" alt=\"\" width=\"750\" height=\"420\" srcset=\"https:\/\/www.ine.gob.bo\/wp-content\/uploads\/2022\/09\/cusicanqui-1.jpg 750w, https:\/\/www.ine.gob.bo\/wp-content\/uploads\/2022\/09\/cusicanqui-1-300x168.jpg 300w\" sizes=\"auto, (max-width: 750px) 100vw, 750px\" \/><\/p>\r\n<p style=\"text-align: center;\"><em>Ministro de Planificaci\u00f3n del Desarrollo, Sergio Cusicanqui en conferencia de prensa sobre los resultados de mesas t\u00e9cnicas<\/em><\/p>\r\n<p><img loading=\"lazy\" decoding=\"async\" class=\"aligncenter wp-image-58239 size-full\" src=\"https:\/\/www.ine.gob.bo\/wp-content\/uploads\/2022\/09\/cusicanqui-2.jpg\" alt=\"\" width=\"770\" height=\"430\" srcset=\"https:\/\/www.ine.gob.bo\/wp-content\/uploads\/2022\/09\/cusicanqui-2.jpg 770w, https:\/\/www.ine.gob.bo\/wp-content\/uploads\/2022\/09\/cusicanqui-2-300x168.jpg 300w, https:\/\/www.ine.gob.bo\/wp-content\/uploads\/2022\/09\/cusicanqui-2-768x429.jpg 768w\" sizes=\"auto, (max-width: 770px) 100vw, 770px\" \/><\/p>\r\n<p style=\"text-align: center;\"><em>Autoridad muestra los acuerdos arribados de las 10 mesas t\u00e9cnicas<\/em><\/p>\r\n<p>&nbsp;<\/p>\r\n<p style=\"text-align: center;\"><em>\u00a0 \u00a0 \u00a0 \u00a0 \u00a0 \u00a0 \u00a0 \u00a0 \u00a0 \u00a0 \u00a0 \u00a0\u00a0<\/em><\/p>\r\n<p style=\"text-align: center;\"><strong><em>Unidad de Difusi\u00f3n y Comunicaci\u00f3n<\/em><br \/>INSTITUTO NACIONAL DE ESTAD\u00cdSTICA<\/strong><\/p>\r\n<p class=\"has-text-align-center\"><!-- \/wp:post-content --><\/p>\r\n<p><!-- wp:paragraph --><a href=\"https:\/\/nimbus.ine.gob.bo\/index.php\/s\/RNFbs68XbMNJbNr\/download\">Descargar Nota de Prensa<\/a><\/p>\r\n<p class=\"has-text-align-center\"><!-- \/wp:paragraph --><\/p>\r\n<p class=\"has-text-align-center\"><!-- wp:separator --><\/p>\r\n<hr class=\"wp-block-separator\" \/>\r\n<p class=\"has-text-align-center\"><!-- \/wp:separator --><\/p>\r\n<p class=\"has-text-align-center\"><!-- wp:paragraph {\"align\":\"right\"} --><\/p>\r\n<p class=\"has-text-align-right\"><strong><em>Entidad dependiente del Ministerio de Planificaci\u00f3n del Desarrollo<\/em><\/strong><\/p>\r\n<p class=\"has-text-align-center\"><!-- \/wp:paragraph --><\/p>\r\n<p>&nbsp;<\/p>\r\n<p>[\/vc_column_text][\/vc_column][\/vc_row]<\/p>","protected":false},"excerpt":{"rendered":"<p>[vc_row][vc_column][vc_column_text] La Paz, 31 de agosto de 2022 (INE). \u2013 \u00a0La tarde de este mi\u00e9rcoles 31 de agosto, el ministro de Planificaci\u00f3n del Desarrollo, Sergio Cusicanqui present\u00f3 en conferencia de prensa los resultados de las mesas t\u00e9cnicas de socializaci\u00f3n del Censo de Poblaci\u00f3n y Vivienda, concluyendo que en las 10 reuniones realizadas en las nueve&hellip;<\/p>\n","protected":false},"author":6,"featured_media":58239,"comment_status":"closed","ping_status":"open","sticky":false,"template":"","format":"standard","meta":[],"categories":[158],"tags":[52],"class_list":["post-57029","post","type-post","status-publish","format-standard","has-post-thumbnail","hentry","category-ine-noticias","tag-ine-noticias","category-158","description-off"],"yoast_head":"<!-- This site is optimized with the Yoast SEO plugin v23.2 - https:\/\/yoast.com\/wordpress\/plugins\/seo\/ -->\n<title>Ministro Cusicanqui destaca que mesas reconocieron el car\u00e1cter t\u00e9cnico del censo y ninguna rechaz\u00f3 el cronograma al 2024 - INE<\/title>\n<meta name=\"description\" content=\"P\u00e1gina oficial del Instituto Nacional de Estadistica INE, informaci\u00f3n estad\u00edstica, geogr\u00e1fica y econ\u00f3mica a nivel nacional.\" \/>\n<meta name=\"robots\" content=\"index, follow, max-snippet:-1, max-image-preview:large, max-video-preview:-1\" \/>\n<link rel=\"canonical\" href=\"https:\/\/www.ine.gob.bo\/index.php\/ministro-cusicanqui-destaca-que-mesas-reconocieron-el-caracter-tecnico-del-censo-y-ninguna-rechazo-el-cronograma-al-2024\/\" \/>\n<meta property=\"og:locale\" content=\"es_ES\" \/>\n<meta property=\"og:type\" content=\"article\" \/>\n<meta property=\"og:title\" content=\"Ministro Cusicanqui destaca que mesas reconocieron el car\u00e1cter t\u00e9cnico del censo y ninguna rechaz\u00f3 el cronograma al 2024 - INE\" \/>\n<meta property=\"og:description\" content=\"P\u00e1gina oficial del Instituto Nacional de Estadistica INE, informaci\u00f3n estad\u00edstica, geogr\u00e1fica y econ\u00f3mica a nivel nacional.\" \/>\n<meta property=\"og:url\" content=\"https:\/\/www.ine.gob.bo\/index.php\/ministro-cusicanqui-destaca-que-mesas-reconocieron-el-caracter-tecnico-del-censo-y-ninguna-rechazo-el-cronograma-al-2024\/\" \/>\n<meta property=\"og:site_name\" content=\"INE\" \/>\n<meta property=\"article:publisher\" content=\"https:\/\/www.facebook.com\/ineboliviaoficial\" \/>\n<meta property=\"article:published_time\" content=\"2022-08-31T13:18:05+00:00\" \/>\n<meta property=\"article:modified_time\" content=\"2025-06-24T20:50:04+00:00\" \/>\n<meta property=\"og:image\" content=\"https:\/\/www.ine.gob.bo\/wp-content\/uploads\/2022\/09\/cusicanqui-2.jpg\" \/>\n\t<meta property=\"og:image:width\" content=\"770\" \/>\n\t<meta property=\"og:image:height\" content=\"430\" \/>\n\t<meta property=\"og:image:type\" content=\"image\/jpeg\" \/>\n<meta name=\"author\" content=\"Lourdes Gutierrez\" \/>\n<meta name=\"twitter:card\" content=\"summary_large_image\" \/>\n<meta name=\"twitter:creator\" content=\"@INE_Bolivia\" \/>\n<meta name=\"twitter:site\" content=\"@INE_Bolivia\" \/>\n<meta name=\"twitter:label1\" content=\"Escrito por\" \/>\n\t<meta name=\"twitter:data1\" content=\"Lourdes Gutierrez\" \/>\n\t<meta name=\"twitter:label2\" content=\"Tiempo de lectura\" \/>\n\t<meta name=\"twitter:data2\" content=\"3 minutos\" \/>\n<script type=\"application\/ld+json\" class=\"yoast-schema-graph\">{\"@context\":\"https:\/\/schema.org\",\"@graph\":[{\"@type\":\"Article\",\"@id\":\"https:\/\/www.ine.gob.bo\/index.php\/ministro-cusicanqui-destaca-que-mesas-reconocieron-el-caracter-tecnico-del-censo-y-ninguna-rechazo-el-cronograma-al-2024\/#article\",\"isPartOf\":{\"@id\":\"https:\/\/www.ine.gob.bo\/index.php\/ministro-cusicanqui-destaca-que-mesas-reconocieron-el-caracter-tecnico-del-censo-y-ninguna-rechazo-el-cronograma-al-2024\/\"},\"author\":{\"name\":\"Lourdes Gutierrez\",\"@id\":\"https:\/\/www.ine.gob.bo\/#\/schema\/person\/ffa42bafb4e3c57e616eec87600fc297\"},\"headline\":\"Ministro Cusicanqui destaca que mesas reconocieron el car\u00e1cter t\u00e9cnico del censo y ninguna rechaz\u00f3 el cronograma al 2024\",\"datePublished\":\"2022-08-31T13:18:05+00:00\",\"dateModified\":\"2025-06-24T20:50:04+00:00\",\"mainEntityOfPage\":{\"@id\":\"https:\/\/www.ine.gob.bo\/index.php\/ministro-cusicanqui-destaca-que-mesas-reconocieron-el-caracter-tecnico-del-censo-y-ninguna-rechazo-el-cronograma-al-2024\/\"},\"wordCount\":428,\"publisher\":{\"@id\":\"https:\/\/www.ine.gob.bo\/#organization\"},\"image\":{\"@id\":\"https:\/\/www.ine.gob.bo\/index.php\/ministro-cusicanqui-destaca-que-mesas-reconocieron-el-caracter-tecnico-del-censo-y-ninguna-rechazo-el-cronograma-al-2024\/#primaryimage\"},\"thumbnailUrl\":\"https:\/\/www.ine.gob.bo\/wp-content\/uploads\/2022\/09\/cusicanqui-2.jpg\",\"keywords\":[\"INE Noticias\"],\"articleSection\":[\"INE noticias\"],\"inLanguage\":\"es\"},{\"@type\":\"WebPage\",\"@id\":\"https:\/\/www.ine.gob.bo\/index.php\/ministro-cusicanqui-destaca-que-mesas-reconocieron-el-caracter-tecnico-del-censo-y-ninguna-rechazo-el-cronograma-al-2024\/\",\"url\":\"https:\/\/www.ine.gob.bo\/index.php\/ministro-cusicanqui-destaca-que-mesas-reconocieron-el-caracter-tecnico-del-censo-y-ninguna-rechazo-el-cronograma-al-2024\/\",\"name\":\"Ministro Cusicanqui destaca que mesas reconocieron el car\u00e1cter t\u00e9cnico del censo y ninguna rechaz\u00f3 el cronograma al 2024 - INE\",\"isPartOf\":{\"@id\":\"https:\/\/www.ine.gob.bo\/#website\"},\"primaryImageOfPage\":{\"@id\":\"https:\/\/www.ine.gob.bo\/index.php\/ministro-cusicanqui-destaca-que-mesas-reconocieron-el-caracter-tecnico-del-censo-y-ninguna-rechazo-el-cronograma-al-2024\/#primaryimage\"},\"image\":{\"@id\":\"https:\/\/www.ine.gob.bo\/index.php\/ministro-cusicanqui-destaca-que-mesas-reconocieron-el-caracter-tecnico-del-censo-y-ninguna-rechazo-el-cronograma-al-2024\/#primaryimage\"},\"thumbnailUrl\":\"https:\/\/www.ine.gob.bo\/wp-content\/uploads\/2022\/09\/cusicanqui-2.jpg\",\"datePublished\":\"2022-08-31T13:18:05+00:00\",\"dateModified\":\"2025-06-24T20:50:04+00:00\",\"description\":\"P\u00e1gina oficial del Instituto Nacional de Estadistica INE, informaci\u00f3n estad\u00edstica, geogr\u00e1fica y econ\u00f3mica a nivel nacional.\",\"breadcrumb\":{\"@id\":\"https:\/\/www.ine.gob.bo\/index.php\/ministro-cusicanqui-destaca-que-mesas-reconocieron-el-caracter-tecnico-del-censo-y-ninguna-rechazo-el-cronograma-al-2024\/#breadcrumb\"},\"inLanguage\":\"es\",\"potentialAction\":[{\"@type\":\"ReadAction\",\"target\":[\"https:\/\/www.ine.gob.bo\/index.php\/ministro-cusicanqui-destaca-que-mesas-reconocieron-el-caracter-tecnico-del-censo-y-ninguna-rechazo-el-cronograma-al-2024\/\"]}]},{\"@type\":\"ImageObject\",\"inLanguage\":\"es\",\"@id\":\"https:\/\/www.ine.gob.bo\/index.php\/ministro-cusicanqui-destaca-que-mesas-reconocieron-el-caracter-tecnico-del-censo-y-ninguna-rechazo-el-cronograma-al-2024\/#primaryimage\",\"url\":\"https:\/\/www.ine.gob.bo\/wp-content\/uploads\/2022\/09\/cusicanqui-2.jpg\",\"contentUrl\":\"https:\/\/www.ine.gob.bo\/wp-content\/uploads\/2022\/09\/cusicanqui-2.jpg\",\"width\":770,\"height\":430},{\"@type\":\"BreadcrumbList\",\"@id\":\"https:\/\/www.ine.gob.bo\/index.php\/ministro-cusicanqui-destaca-que-mesas-reconocieron-el-caracter-tecnico-del-censo-y-ninguna-rechazo-el-cronograma-al-2024\/#breadcrumb\",\"itemListElement\":[{\"@type\":\"ListItem\",\"position\":1,\"name\":\"Portada\",\"item\":\"https:\/\/www.ine.gob.bo\/\"},{\"@type\":\"ListItem\",\"position\":2,\"name\":\"Ministro Cusicanqui destaca que mesas reconocieron el car\u00e1cter t\u00e9cnico del censo y ninguna rechaz\u00f3 el cronograma al 2024\"}]},{\"@type\":\"WebSite\",\"@id\":\"https:\/\/www.ine.gob.bo\/#website\",\"url\":\"https:\/\/www.ine.gob.bo\/\",\"name\":\"INE\",\"description\":\"Instituto Nacional de Estad\u00edstica\",\"publisher\":{\"@id\":\"https:\/\/www.ine.gob.bo\/#organization\"},\"potentialAction\":[{\"@type\":\"SearchAction\",\"target\":{\"@type\":\"EntryPoint\",\"urlTemplate\":\"https:\/\/www.ine.gob.bo\/?s={search_term_string}\"},\"query-input\":\"required name=search_term_string\"}],\"inLanguage\":\"es\"},{\"@type\":\"Organization\",\"@id\":\"https:\/\/www.ine.gob.bo\/#organization\",\"name\":\"Instituto Nacional de Estad\u00edstica\",\"url\":\"https:\/\/www.ine.gob.bo\/\",\"logo\":{\"@type\":\"ImageObject\",\"inLanguage\":\"es\",\"@id\":\"https:\/\/www.ine.gob.bo\/#\/schema\/logo\/image\/\",\"url\":\"https:\/\/www.ine.gob.bo\/wp-content\/uploads\/2026\/02\/logo-ine.jpg\",\"contentUrl\":\"https:\/\/www.ine.gob.bo\/wp-content\/uploads\/2026\/02\/logo-ine.jpg\",\"width\":799,\"height\":453,\"caption\":\"Instituto Nacional de Estad\u00edstica\"},\"image\":{\"@id\":\"https:\/\/www.ine.gob.bo\/#\/schema\/logo\/image\/\"},\"sameAs\":[\"https:\/\/www.facebook.com\/ineboliviaoficial\",\"https:\/\/x.com\/INE_Bolivia\",\"https:\/\/www.instagram.com\/ineboliviaoficial\/\",\"https:\/\/www.youtube.com\/channel\/UCbIQXKLw414g5kWo1tAwqCg\"]},{\"@type\":\"Person\",\"@id\":\"https:\/\/www.ine.gob.bo\/#\/schema\/person\/ffa42bafb4e3c57e616eec87600fc297\",\"name\":\"Lourdes Gutierrez\",\"image\":{\"@type\":\"ImageObject\",\"inLanguage\":\"es\",\"@id\":\"https:\/\/www.ine.gob.bo\/#\/schema\/person\/image\/\",\"url\":\"https:\/\/secure.gravatar.com\/avatar\/a8db860f68f1ae1577840ef2560cfd824b142bb9e4253f2cc7bb117c256e196a?s=96&d=mm&r=g\",\"contentUrl\":\"https:\/\/secure.gravatar.com\/avatar\/a8db860f68f1ae1577840ef2560cfd824b142bb9e4253f2cc7bb117c256e196a?s=96&d=mm&r=g\",\"caption\":\"Lourdes Gutierrez\"},\"url\":\"https:\/\/www.ine.gob.bo\/index.php\/author\/lgutierrez\/\"}]}<\/script>\n<!-- \/ Yoast SEO plugin. -->","yoast_head_json":{"title":"Ministro Cusicanqui destaca que mesas reconocieron el car\u00e1cter t\u00e9cnico del censo y ninguna rechaz\u00f3 el cronograma al 2024 - INE","description":"P\u00e1gina oficial del Instituto Nacional de Estadistica INE, informaci\u00f3n estad\u00edstica, geogr\u00e1fica y econ\u00f3mica a nivel nacional.","robots":{"index":"index","follow":"follow","max-snippet":"max-snippet:-1","max-image-preview":"max-image-preview:large","max-video-preview":"max-video-preview:-1"},"canonical":"https:\/\/www.ine.gob.bo\/index.php\/ministro-cusicanqui-destaca-que-mesas-reconocieron-el-caracter-tecnico-del-censo-y-ninguna-rechazo-el-cronograma-al-2024\/","og_locale":"es_ES","og_type":"article","og_title":"Ministro Cusicanqui destaca que mesas reconocieron el car\u00e1cter t\u00e9cnico del censo y ninguna rechaz\u00f3 el cronograma al 2024 - INE","og_description":"P\u00e1gina oficial del Instituto Nacional de Estadistica INE, informaci\u00f3n estad\u00edstica, geogr\u00e1fica y econ\u00f3mica a nivel nacional.","og_url":"https:\/\/www.ine.gob.bo\/index.php\/ministro-cusicanqui-destaca-que-mesas-reconocieron-el-caracter-tecnico-del-censo-y-ninguna-rechazo-el-cronograma-al-2024\/","og_site_name":"INE","article_publisher":"https:\/\/www.facebook.com\/ineboliviaoficial","article_published_time":"2022-08-31T13:18:05+00:00","article_modified_time":"2025-06-24T20:50:04+00:00","og_image":[{"width":770,"height":430,"url":"https:\/\/www.ine.gob.bo\/wp-content\/uploads\/2022\/09\/cusicanqui-2.jpg","type":"image\/jpeg"}],"author":"Lourdes Gutierrez","twitter_card":"summary_large_image","twitter_creator":"@INE_Bolivia","twitter_site":"@INE_Bolivia","twitter_misc":{"Escrito por":"Lourdes Gutierrez","Tiempo de lectura":"3 minutos"},"schema":{"@context":"https:\/\/schema.org","@graph":[{"@type":"Article","@id":"https:\/\/www.ine.gob.bo\/index.php\/ministro-cusicanqui-destaca-que-mesas-reconocieron-el-caracter-tecnico-del-censo-y-ninguna-rechazo-el-cronograma-al-2024\/#article","isPartOf":{"@id":"https:\/\/www.ine.gob.bo\/index.php\/ministro-cusicanqui-destaca-que-mesas-reconocieron-el-caracter-tecnico-del-censo-y-ninguna-rechazo-el-cronograma-al-2024\/"},"author":{"name":"Lourdes Gutierrez","@id":"https:\/\/www.ine.gob.bo\/#\/schema\/person\/ffa42bafb4e3c57e616eec87600fc297"},"headline":"Ministro Cusicanqui destaca que mesas reconocieron el car\u00e1cter t\u00e9cnico del censo y ninguna rechaz\u00f3 el cronograma al 2024","datePublished":"2022-08-31T13:18:05+00:00","dateModified":"2025-06-24T20:50:04+00:00","mainEntityOfPage":{"@id":"https:\/\/www.ine.gob.bo\/index.php\/ministro-cusicanqui-destaca-que-mesas-reconocieron-el-caracter-tecnico-del-censo-y-ninguna-rechazo-el-cronograma-al-2024\/"},"wordCount":428,"publisher":{"@id":"https:\/\/www.ine.gob.bo\/#organization"},"image":{"@id":"https:\/\/www.ine.gob.bo\/index.php\/ministro-cusicanqui-destaca-que-mesas-reconocieron-el-caracter-tecnico-del-censo-y-ninguna-rechazo-el-cronograma-al-2024\/#primaryimage"},"thumbnailUrl":"https:\/\/www.ine.gob.bo\/wp-content\/uploads\/2022\/09\/cusicanqui-2.jpg","keywords":["INE Noticias"],"articleSection":["INE noticias"],"inLanguage":"es"},{"@type":"WebPage","@id":"https:\/\/www.ine.gob.bo\/index.php\/ministro-cusicanqui-destaca-que-mesas-reconocieron-el-caracter-tecnico-del-censo-y-ninguna-rechazo-el-cronograma-al-2024\/","url":"https:\/\/www.ine.gob.bo\/index.php\/ministro-cusicanqui-destaca-que-mesas-reconocieron-el-caracter-tecnico-del-censo-y-ninguna-rechazo-el-cronograma-al-2024\/","name":"Ministro Cusicanqui destaca que mesas reconocieron el car\u00e1cter t\u00e9cnico del censo y ninguna rechaz\u00f3 el cronograma al 2024 - INE","isPartOf":{"@id":"https:\/\/www.ine.gob.bo\/#website"},"primaryImageOfPage":{"@id":"https:\/\/www.ine.gob.bo\/index.php\/ministro-cusicanqui-destaca-que-mesas-reconocieron-el-caracter-tecnico-del-censo-y-ninguna-rechazo-el-cronograma-al-2024\/#primaryimage"},"image":{"@id":"https:\/\/www.ine.gob.bo\/index.php\/ministro-cusicanqui-destaca-que-mesas-reconocieron-el-caracter-tecnico-del-censo-y-ninguna-rechazo-el-cronograma-al-2024\/#primaryimage"},"thumbnailUrl":"https:\/\/www.ine.gob.bo\/wp-content\/uploads\/2022\/09\/cusicanqui-2.jpg","datePublished":"2022-08-31T13:18:05+00:00","dateModified":"2025-06-24T20:50:04+00:00","description":"P\u00e1gina oficial del Instituto Nacional de Estadistica INE, informaci\u00f3n estad\u00edstica, geogr\u00e1fica y econ\u00f3mica a nivel nacional.","breadcrumb":{"@id":"https:\/\/www.ine.gob.bo\/index.php\/ministro-cusicanqui-destaca-que-mesas-reconocieron-el-caracter-tecnico-del-censo-y-ninguna-rechazo-el-cronograma-al-2024\/#breadcrumb"},"inLanguage":"es","potentialAction":[{"@type":"ReadAction","target":["https:\/\/www.ine.gob.bo\/index.php\/ministro-cusicanqui-destaca-que-mesas-reconocieron-el-caracter-tecnico-del-censo-y-ninguna-rechazo-el-cronograma-al-2024\/"]}]},{"@type":"ImageObject","inLanguage":"es","@id":"https:\/\/www.ine.gob.bo\/index.php\/ministro-cusicanqui-destaca-que-mesas-reconocieron-el-caracter-tecnico-del-censo-y-ninguna-rechazo-el-cronograma-al-2024\/#primaryimage","url":"https:\/\/www.ine.gob.bo\/wp-content\/uploads\/2022\/09\/cusicanqui-2.jpg","contentUrl":"https:\/\/www.ine.gob.bo\/wp-content\/uploads\/2022\/09\/cusicanqui-2.jpg","width":770,"height":430},{"@type":"BreadcrumbList","@id":"https:\/\/www.ine.gob.bo\/index.php\/ministro-cusicanqui-destaca-que-mesas-reconocieron-el-caracter-tecnico-del-censo-y-ninguna-rechazo-el-cronograma-al-2024\/#breadcrumb","itemListElement":[{"@type":"ListItem","position":1,"name":"Portada","item":"https:\/\/www.ine.gob.bo\/"},{"@type":"ListItem","position":2,"name":"Ministro Cusicanqui destaca que mesas reconocieron el car\u00e1cter t\u00e9cnico del censo y ninguna rechaz\u00f3 el cronograma al 2024"}]},{"@type":"WebSite","@id":"https:\/\/www.ine.gob.bo\/#website","url":"https:\/\/www.ine.gob.bo\/","name":"INE","description":"Instituto Nacional de Estad\u00edstica","publisher":{"@id":"https:\/\/www.ine.gob.bo\/#organization"},"potentialAction":[{"@type":"SearchAction","target":{"@type":"EntryPoint","urlTemplate":"https:\/\/www.ine.gob.bo\/?s={search_term_string}"},"query-input":"required name=search_term_string"}],"inLanguage":"es"},{"@type":"Organization","@id":"https:\/\/www.ine.gob.bo\/#organization","name":"Instituto Nacional de Estad\u00edstica","url":"https:\/\/www.ine.gob.bo\/","logo":{"@type":"ImageObject","inLanguage":"es","@id":"https:\/\/www.ine.gob.bo\/#\/schema\/logo\/image\/","url":"https:\/\/www.ine.gob.bo\/wp-content\/uploads\/2026\/02\/logo-ine.jpg","contentUrl":"https:\/\/www.ine.gob.bo\/wp-content\/uploads\/2026\/02\/logo-ine.jpg","width":799,"height":453,"caption":"Instituto Nacional de Estad\u00edstica"},"image":{"@id":"https:\/\/www.ine.gob.bo\/#\/schema\/logo\/image\/"},"sameAs":["https:\/\/www.facebook.com\/ineboliviaoficial","https:\/\/x.com\/INE_Bolivia","https:\/\/www.instagram.com\/ineboliviaoficial\/","https:\/\/www.youtube.com\/channel\/UCbIQXKLw414g5kWo1tAwqCg"]},{"@type":"Person","@id":"https:\/\/www.ine.gob.bo\/#\/schema\/person\/ffa42bafb4e3c57e616eec87600fc297","name":"Lourdes Gutierrez","image":{"@type":"ImageObject","inLanguage":"es","@id":"https:\/\/www.ine.gob.bo\/#\/schema\/person\/image\/","url":"https:\/\/secure.gravatar.com\/avatar\/a8db860f68f1ae1577840ef2560cfd824b142bb9e4253f2cc7bb117c256e196a?s=96&d=mm&r=g","contentUrl":"https:\/\/secure.gravatar.com\/avatar\/a8db860f68f1ae1577840ef2560cfd824b142bb9e4253f2cc7bb117c256e196a?s=96&d=mm&r=g","caption":"Lourdes Gutierrez"},"url":"https:\/\/www.ine.gob.bo\/index.php\/author\/lgutierrez\/"}]}},"rttpg_featured_image_url":{"full":["https:\/\/www.ine.gob.bo\/wp-content\/uploads\/2022\/09\/cusicanqui-2.jpg",770,430,false],"landscape":["https:\/\/www.ine.gob.bo\/wp-content\/uploads\/2022\/09\/cusicanqui-2.jpg",770,430,false],"portraits":["https:\/\/www.ine.gob.bo\/wp-content\/uploads\/2022\/09\/cusicanqui-2.jpg",770,430,false],"thumbnail":["https:\/\/www.ine.gob.bo\/wp-content\/uploads\/2022\/09\/cusicanqui-2-150x150.jpg",150,150,true],"medium":["https:\/\/www.ine.gob.bo\/wp-content\/uploads\/2022\/09\/cusicanqui-2-300x168.jpg",300,168,true],"large":["https:\/\/www.ine.gob.bo\/wp-content\/uploads\/2022\/09\/cusicanqui-2.jpg",770,430,false],"1536x1536":["https:\/\/www.ine.gob.bo\/wp-content\/uploads\/2022\/09\/cusicanqui-2.jpg",770,430,false],"2048x2048":["https:\/\/www.ine.gob.bo\/wp-content\/uploads\/2022\/09\/cusicanqui-2.jpg",770,430,false]},"rttpg_author":{"display_name":"Lourdes Gutierrez","author_link":"https:\/\/www.ine.gob.bo\/index.php\/author\/lgutierrez\/"},"rttpg_comment":0,"rttpg_category":"<a href=\"https:\/\/www.ine.gob.bo\/index.php\/category\/ine-noticias\/\" rel=\"category tag\">INE noticias<\/a>","rttpg_excerpt":"[vc_row][vc_column][vc_column_text] La Paz, 31 de agosto de 2022 (INE). \u2013 \u00a0La tarde de este mi\u00e9rcoles 31 de agosto, el ministro de Planificaci\u00f3n del Desarrollo, Sergio Cusicanqui present\u00f3 en conferencia de prensa los resultados de las mesas t\u00e9cnicas de socializaci\u00f3n del Censo de Poblaci\u00f3n y Vivienda, concluyendo que en las 10 reuniones realizadas en las nueve&hellip;","_links":{"self":[{"href":"https:\/\/www.ine.gob.bo\/index.php\/wp-json\/wp\/v2\/posts\/57029","targetHints":{"allow":["GET"]}}],"collection":[{"href":"https:\/\/www.ine.gob.bo\/index.php\/wp-json\/wp\/v2\/posts"}],"about":[{"href":"https:\/\/www.ine.gob.bo\/index.php\/wp-json\/wp\/v2\/types\/post"}],"author":[{"embeddable":true,"href":"https:\/\/www.ine.gob.bo\/index.php\/wp-json\/wp\/v2\/users\/6"}],"replies":[{"embeddable":true,"href":"https:\/\/www.ine.gob.bo\/index.php\/wp-json\/wp\/v2\/comments?post=57029"}],"version-history":[{"count":0,"href":"https:\/\/www.ine.gob.bo\/index.php\/wp-json\/wp\/v2\/posts\/57029\/revisions"}],"wp:featuredmedia":[{"embeddable":true,"href":"https:\/\/www.ine.gob.bo\/index.php\/wp-json\/wp\/v2\/media\/58239"}],"wp:attachment":[{"href":"https:\/\/www.ine.gob.bo\/index.php\/wp-json\/wp\/v2\/media?parent=57029"}],"wp:term":[{"taxonomy":"category","embeddable":true,"href":"https:\/\/www.ine.gob.bo\/index.php\/wp-json\/wp\/v2\/categories?post=57029"},{"taxonomy":"post_tag","embeddable":true,"href":"https:\/\/www.ine.gob.bo\/index.php\/wp-json\/wp\/v2\/tags?post=57029"}],"curies":[{"name":"wp","href":"https:\/\/api.w.org\/{rel}","templated":true}]}}