{"id":55994,"date":"2022-04-14T15:00:28","date_gmt":"2022-04-14T19:00:28","guid":{"rendered":"https:\/\/www.ine.gob.bo\/?p=55994"},"modified":"2025-06-26T10:33:17","modified_gmt":"2025-06-26T14:33:17","slug":"socializacion-del-proyecto-censal-en-las-nueve-capitales-de-departamento-concluyo-en-cobija","status":"publish","type":"post","link":"https:\/\/www.ine.gob.bo\/index.php\/socializacion-del-proyecto-censal-en-las-nueve-capitales-de-departamento-concluyo-en-cobija\/","title":{"rendered":"Socializaci\u00f3n del proyecto censal en las nueve capitales de departamento concluy\u00f3 en Cobija"},"content":{"rendered":"<p>[vc_row][vc_column][vc_column_text]<\/p>\r\n<p><strong>La Paz, 14 de abril de 2022 (INE).- <\/strong>El Ministerio de Planificaci\u00f3n del Desarrollo y el Instituto Nacional de Estad\u00edstica (INE) realizaron la socializaci\u00f3n del Censo de Poblaci\u00f3n y Vivienda (CPV) en las nueve capitales de departamento del pa\u00eds. Esta actividad se efectu\u00f3 de manera separada en cada lugar, empez\u00f3 el 24 de marzo en Santa Cruz de la Sierra y concluy\u00f3 en Cobija, Pando el 14 de abril y fue de manera abierta a la sociedad civil en general, con el fin de transparentar el trabajo censal y responder las dudas de la poblaci\u00f3n.<\/p>\r\n<p>La invitaci\u00f3n para asistir a las socializaciones fue abierta (se public\u00f3 en la p\u00e1gina web del INE) y una clara muestra de ello es que de estas actividades participaron diferentes organizaciones sociales, alcaldes, representantes municipales, juntas de vecinos, autoridades universitarias y p\u00fablico en general, quienes validaron en lista de asistencia \u00a0los contenidos expuestos en las presentaciones, pero adem\u00e1s participaron con preguntas que sirvieron para complementar las exposiciones sobre el Censo.<\/p>\r\n<p>Las exposiciones estuvieron a cargo del director General Ejecutivo del INE, Humberto Arandia, la directora de Censos y Encuestas del INE, Martha Oviedo, el jefe de Unidad de Estad\u00edsticas e Indicadores Sociales del INE, Ivan Marquez, la jefa de Unidad de Operativos de Campo \u00e1rea Social, Betty Pastor y tambi\u00e9n participaron los encargados departamentales del INE, en el caso de Beni y Pando.<\/p>\r\n<p>En el inicio de la socializaci\u00f3n, en la ciudad de Santa Cruz de la Sierra, el 24 marzo, participaron m\u00e1s de 100 personas, destac\u00f3 la asistencia del rector de la Universidad Aut\u00f3noma Gabriel Ren\u00e9 Moreno, Vicente Cuellar, quien tambi\u00e9n realiz\u00f3 preguntas entorno al Censo, de la misma manera particip\u00f3 el ex director del INE, Jorge Akamine, pero adem\u00e1s asistieron dirigentes de las organizaciones sociales, concejales y representantes de alcald\u00edas.<\/p>\r\n<p>En la ciudad de Tarija la socializaci\u00f3n se realiz\u00f3 el 25 de marzo, con 82 personas, oportunidad en que la directora de Censos y Encuestas del INE, indic\u00f3 que \u201clos datos que se obtengan del Censo permitir\u00e1 generar pol\u00edticas p\u00fablicas, no s\u00f3lo al Gobierno central, sino a los gobiernos subnacionales\u201d pero, adem\u00e1s que la informaci\u00f3n que se obtenga \u201cdurar\u00e1 diez a\u00f1os de encuestas\u201d al pa\u00eds.<\/p>\r\n<p>La socializaci\u00f3n en La Paz fue el 30 de marzo, con 121 personas, entre los asistentes a la socializaci\u00f3n estuvo la diputada de Comunidad Ciudadana de Oruro, Mariel Pe\u00f1aloza Lema, quien resalt\u00f3 la calidad de la exposici\u00f3n del Censo y lo hizo en sus redes sociales, destacando que el trabajo del INE es netamente t\u00e9cnico. En esa oportunidad el director General Ejecutivo del INE se\u00f1al\u00f3 en su exposici\u00f3n que \u201cel objetivo del Censo es generar informaci\u00f3n de toda la poblaci\u00f3n con car\u00e1cter demogr\u00e1fico estad\u00edstico, social y de vivienda para los pr\u00f3ximos 10 a\u00f1os. En este contexto, solicit\u00f3 gentilmente a las organizaciones sociales \u201ctomar en cuenta que el objetivo real del Censo es un trabajo t\u00e9cnico y no pol\u00edtico como quieren posicionar algunas autoridades regionales\u201d.<\/p>\r\n<p>La socializaci\u00f3n en Sucre se realiz\u00f3 el 4 de abril, en instalaciones de la Asociaci\u00f3n de Gobiernos Aut\u00f3nomos Municipales de Chuquisaca (AGAMDECH), con la asistencia de 61 personas. Una de las consultas m\u00e1s frecuentes en Sucre fue la referida al tema l\u00edmites, a lo que se inform\u00f3 que hasta el 31 de mayo las gobernaciones deben solucionar los conflictos intermunicipales en el marco de la Constituci\u00f3n Pol\u00edtica del Estado y la Ley N\u00b0339 de Delimitaci\u00f3n de Unidades Territoriales y que este aspecto no es competencia del INE.<\/p>\r\n<p>En la ciudad de Potos\u00ed, la socializaci\u00f3n se realiz\u00f3 en instalaciones de la Asociaci\u00f3n de Municipalidades de Potos\u00ed (AMDEPO) y asistieron 88 personas La directora de Censos y Encuestas del INE, explic\u00f3 en esa oportunidad que en la Actualizaci\u00f3n Cartogr\u00e1fica Estad\u00edstica (ACE) \u201cse realizar\u00e1 dos preguntas simples, como d\u00f3nde est\u00e1 ubicada la vivienda y cu\u00e1ntas personas viven en esa vivienda\u201d y que este trabajo permite organizar las actividades y log\u00edstica para el d\u00eda del Censo.<\/p>\r\n<p>En Cochabamba la socializaci\u00f3n se efectu\u00f3 el 5 de abril y cont\u00f3 con la asistencia de 75 personas, se realiz\u00f3 en instalaciones de la Asociaci\u00f3n de Gobiernos Aut\u00f3nomos Municipales de Cochabamba (AMDECO). Ante la consulta de qui\u00e9nes podr\u00e1n ser censistas o c\u00f3mo se seleccionar\u00e1 a este personal, la directora de Censos y Encuestas del INE, respondi\u00f3 que los mismos ser\u00e1n voluntarios, sean universitarios, estudiantes de secundaria o poblaci\u00f3n civil quienes recibir\u00e1n una \u201ccapacitaci\u00f3n anticipada\u201d.<\/p>\r\n<p>La socializaci\u00f3n en Oruro se realiz\u00f3 el 13 de abril en el sal\u00f3n de reuniones de la Central Obrera Departamental de Oruro (COD), asistieron 128 personas. Hubo curiosidad del por qu\u00e9 es importante hacerse censar en la residencia habitual y el c\u00f3mo se har\u00e1 esta actividad en las \u00e1reas dispersas. A ello el director Ejecutivo del INE, respondi\u00f3 que: \u201csi queremos tener una radiograf\u00eda real de nuestra poblaci\u00f3n y poder obtener resultados oficiales del Censo nacional, necesitamos ser censados en el lugar que habitualmente estamos, esa es la \u00fanica forma de que los resultados salgan correctos\u201d.<\/p>\r\n<p>El 13 de abril, tambi\u00e9n se realiz\u00f3 la socializaci\u00f3n para el departamento de Beni, pero de manera virtual, v\u00eda plataforma Zoom, participaron 30 personas. La jefa de la Unidad de Operativos de Campo del INE explic\u00f3 que el reclutamiento del personal para agentes censales se lo har\u00e1 en las mismas comunidades y ser\u00e1n los propios estudiantes los futuros censistas y que esa tarea se har\u00e1 con los datos que se obtengan de la estructura operativa de la Actualizaci\u00f3n Cartogr\u00e1fica Estad\u00edstica.<\/p>\r\n<p>Cobija, Pando fue la \u00faltima capital de departamento donde se realiz\u00f3 la socializaci\u00f3n tambi\u00e9n v\u00eda Zoom, a la que se conectaron m\u00e1s de 90 personas y fue el propio director del INE quien expuso y clausur\u00f3 el evento resaltando que las dem\u00e1s socializaciones ser\u00e1n de manera virtual todos los martes por la ma\u00f1ana, de acuerdo a las solicitudes que lleguen de manera escrita a la entidad.<\/p>\r\n<p>En el lapso de 194 a\u00f1os, contados desde el primer Censo de 1831 y el \u00faltimo llevado a cabo el a\u00f1o 2012, se han realizado once censos nacionales de poblaci\u00f3n y cinco de vivienda.<\/p>\r\n<p>De igual modo, para transparentar el trabajo rumbo al CPV, el INE creo una p\u00e1gina web referida exclusivamente al Censo que incluye todos los aspectos relativos al avance del proceso censal.<\/p>\r\n<p>Ley N\u00b01405 de Estad\u00edsticas Oficiales del Estado Plurinacional de Bolivia en su art\u00edculo 6 par\u00e1grafo III indica que el INE es la \u00fanica entidad que est\u00e1 a cargo de la realizaci\u00f3n de censos oficiales en todo el territorio del Estado Plurinacional de Bolivia.<\/p>\r\n<div id=\"attachment_55995\" style=\"width: 1034px\" class=\"wp-caption aligncenter\"><img loading=\"lazy\" decoding=\"async\" aria-describedby=\"caption-attachment-55995\" class=\"wp-image-55995 size-large\" src=\"https:\/\/www.ine.gob.bo\/wp-content\/uploads\/2022\/04\/difusion1-1024x445.jpg\" alt=\"\" width=\"1024\" height=\"445\" srcset=\"https:\/\/www.ine.gob.bo\/wp-content\/uploads\/2022\/04\/difusion1-1024x445.jpg 1024w, https:\/\/www.ine.gob.bo\/wp-content\/uploads\/2022\/04\/difusion1-300x130.jpg 300w, https:\/\/www.ine.gob.bo\/wp-content\/uploads\/2022\/04\/difusion1-768x333.jpg 768w, https:\/\/www.ine.gob.bo\/wp-content\/uploads\/2022\/04\/difusion1.jpg 1032w\" sizes=\"auto, (max-width: 1024px) 100vw, 1024px\" \/><p id=\"caption-attachment-55995\" class=\"wp-caption-text\">Socializaci\u00f3n del proyecto del pr\u00f3ximo Censo de Poblaci\u00f3n y Vivienda con miembros relevantes de la sociedad civil en instalaciones de AMDECRUZ.<\/p><\/div>\r\n<p>&nbsp;<\/p>\r\n<div id=\"attachment_55996\" style=\"width: 1034px\" class=\"wp-caption aligncenter\"><img loading=\"lazy\" decoding=\"async\" aria-describedby=\"caption-attachment-55996\" class=\"wp-image-55996 size-large\" src=\"https:\/\/www.ine.gob.bo\/wp-content\/uploads\/2022\/04\/difusion2-1024x556.jpg\" alt=\"\" width=\"1024\" height=\"556\" srcset=\"https:\/\/www.ine.gob.bo\/wp-content\/uploads\/2022\/04\/difusion2-1024x556.jpg 1024w, https:\/\/www.ine.gob.bo\/wp-content\/uploads\/2022\/04\/difusion2-300x163.jpg 300w, https:\/\/www.ine.gob.bo\/wp-content\/uploads\/2022\/04\/difusion2-768x417.jpg 768w, https:\/\/www.ine.gob.bo\/wp-content\/uploads\/2022\/04\/difusion2.jpg 1034w\" sizes=\"auto, (max-width: 1024px) 100vw, 1024px\" \/><p id=\"caption-attachment-55996\" class=\"wp-caption-text\">Participaci\u00f3n de la sociedad civil en la socializaci\u00f3n del proyecto del Censo de Poblaci\u00f3n y Vivienda en Tarija.<\/p><\/div>\r\n<p>&nbsp;<\/p>\r\n<div id=\"attachment_55997\" style=\"width: 1034px\" class=\"wp-caption aligncenter\"><img loading=\"lazy\" decoding=\"async\" aria-describedby=\"caption-attachment-55997\" class=\"wp-image-55997 size-large\" src=\"https:\/\/www.ine.gob.bo\/wp-content\/uploads\/2022\/04\/difusion3-1024x426.jpg\" alt=\"\" width=\"1024\" height=\"426\" srcset=\"https:\/\/www.ine.gob.bo\/wp-content\/uploads\/2022\/04\/difusion3-1024x426.jpg 1024w, https:\/\/www.ine.gob.bo\/wp-content\/uploads\/2022\/04\/difusion3-300x125.jpg 300w, https:\/\/www.ine.gob.bo\/wp-content\/uploads\/2022\/04\/difusion3-768x319.jpg 768w, https:\/\/www.ine.gob.bo\/wp-content\/uploads\/2022\/04\/difusion3.jpg 1029w\" sizes=\"auto, (max-width: 1024px) 100vw, 1024px\" \/><p id=\"caption-attachment-55997\" class=\"wp-caption-text\">Director General Ejecutivo del INE, Humberto Arandia socializa en La Paz el proyecto del Censo.<\/p><\/div>\r\n<p>&nbsp;<\/p>\r\n<div id=\"attachment_55998\" style=\"width: 1034px\" class=\"wp-caption aligncenter\"><img loading=\"lazy\" decoding=\"async\" aria-describedby=\"caption-attachment-55998\" class=\"wp-image-55998 size-large\" src=\"https:\/\/www.ine.gob.bo\/wp-content\/uploads\/2022\/04\/difusion4-1024x622.jpg\" alt=\"\" width=\"1024\" height=\"622\" srcset=\"https:\/\/www.ine.gob.bo\/wp-content\/uploads\/2022\/04\/difusion4-1024x622.jpg 1024w, https:\/\/www.ine.gob.bo\/wp-content\/uploads\/2022\/04\/difusion4-300x182.jpg 300w, https:\/\/www.ine.gob.bo\/wp-content\/uploads\/2022\/04\/difusion4-768x466.jpg 768w, https:\/\/www.ine.gob.bo\/wp-content\/uploads\/2022\/04\/difusion4.jpg 1033w\" sizes=\"auto, (max-width: 1024px) 100vw, 1024px\" \/><p id=\"caption-attachment-55998\" class=\"wp-caption-text\">El jefe de Unidad de Estad\u00edsticas e Indicadores Sociales del INE, Ivan Marquez explica respecto a formularios para municipios en la etapa pre censal.<\/p><\/div>\r\n<p>&nbsp;<\/p>\r\n<div id=\"attachment_55999\" style=\"width: 1034px\" class=\"wp-caption aligncenter\"><img loading=\"lazy\" decoding=\"async\" aria-describedby=\"caption-attachment-55999\" class=\"wp-image-55999 size-large\" src=\"https:\/\/www.ine.gob.bo\/wp-content\/uploads\/2022\/04\/difusion5-1024x656.jpg\" alt=\"\" width=\"1024\" height=\"656\" srcset=\"https:\/\/www.ine.gob.bo\/wp-content\/uploads\/2022\/04\/difusion5-1024x656.jpg 1024w, https:\/\/www.ine.gob.bo\/wp-content\/uploads\/2022\/04\/difusion5-300x192.jpg 300w, https:\/\/www.ine.gob.bo\/wp-content\/uploads\/2022\/04\/difusion5-768x492.jpg 768w, https:\/\/www.ine.gob.bo\/wp-content\/uploads\/2022\/04\/difusion5.jpg 1034w\" sizes=\"auto, (max-width: 1024px) 100vw, 1024px\" \/><p id=\"caption-attachment-55999\" class=\"wp-caption-text\">La directora de Censos y Encuestas, Martha Oviedo explica las etapas del Censo y su importancia.<\/p><\/div>\r\n<p>&nbsp;<\/p>\r\n<div id=\"attachment_56000\" style=\"width: 1023px\" class=\"wp-caption aligncenter\"><img loading=\"lazy\" decoding=\"async\" aria-describedby=\"caption-attachment-56000\" class=\"wp-image-56000 size-full\" src=\"https:\/\/www.ine.gob.bo\/wp-content\/uploads\/2022\/04\/difusion6.jpg\" alt=\"\" width=\"1013\" height=\"632\" srcset=\"https:\/\/www.ine.gob.bo\/wp-content\/uploads\/2022\/04\/difusion6.jpg 1013w, https:\/\/www.ine.gob.bo\/wp-content\/uploads\/2022\/04\/difusion6-300x187.jpg 300w, https:\/\/www.ine.gob.bo\/wp-content\/uploads\/2022\/04\/difusion6-768x479.jpg 768w\" sizes=\"auto, (max-width: 1013px) 100vw, 1013px\" \/><p id=\"caption-attachment-56000\" class=\"wp-caption-text\">Cochabamba: la directora de Censos y Encuestas, Martha Oviedo socializa el proyecto del pr\u00f3ximo Censo.<\/p><\/div>\r\n<p>&nbsp;<\/p>\r\n<div id=\"attachment_56001\" style=\"width: 1024px\" class=\"wp-caption aligncenter\"><img loading=\"lazy\" decoding=\"async\" aria-describedby=\"caption-attachment-56001\" class=\"wp-image-56001 size-full\" src=\"https:\/\/www.ine.gob.bo\/wp-content\/uploads\/2022\/04\/difusion7.jpg\" alt=\"\" width=\"1014\" height=\"464\" srcset=\"https:\/\/www.ine.gob.bo\/wp-content\/uploads\/2022\/04\/difusion7.jpg 1014w, https:\/\/www.ine.gob.bo\/wp-content\/uploads\/2022\/04\/difusion7-300x137.jpg 300w, https:\/\/www.ine.gob.bo\/wp-content\/uploads\/2022\/04\/difusion7-768x351.jpg 768w\" sizes=\"auto, (max-width: 1014px) 100vw, 1014px\" \/><p id=\"caption-attachment-56001\" class=\"wp-caption-text\">Director General Ejecutivo del INE, Humberto Arandia expone de manera virtual en Oruro el proyecto del Censo.<\/p><\/div>\r\n<p>&nbsp;<\/p>\r\n<div id=\"attachment_56002\" style=\"width: 764px\" class=\"wp-caption aligncenter\"><img loading=\"lazy\" decoding=\"async\" aria-describedby=\"caption-attachment-56002\" class=\"wp-image-56002 size-full\" src=\"https:\/\/www.ine.gob.bo\/wp-content\/uploads\/2022\/04\/difusion8.jpg\" alt=\"\" width=\"754\" height=\"357\" srcset=\"https:\/\/www.ine.gob.bo\/wp-content\/uploads\/2022\/04\/difusion8.jpg 754w, https:\/\/www.ine.gob.bo\/wp-content\/uploads\/2022\/04\/difusion8-300x142.jpg 300w\" sizes=\"auto, (max-width: 754px) 100vw, 754px\" \/><p id=\"caption-attachment-56002\" class=\"wp-caption-text\">La jefa de Unidad de Operativos de Campo \u00e1rea Social de la entidad, Betty Pastor explic\u00f3 los censos en Bolivia.<\/p><\/div>\r\n<p>&nbsp;<\/p>\r\n<div id=\"attachment_56003\" style=\"width: 776px\" class=\"wp-caption aligncenter\"><img loading=\"lazy\" decoding=\"async\" aria-describedby=\"caption-attachment-56003\" class=\"wp-image-56003 size-full\" src=\"https:\/\/www.ine.gob.bo\/wp-content\/uploads\/2022\/04\/difusion9.jpg\" alt=\"\" width=\"766\" height=\"414\" srcset=\"https:\/\/www.ine.gob.bo\/wp-content\/uploads\/2022\/04\/difusion9.jpg 766w, https:\/\/www.ine.gob.bo\/wp-content\/uploads\/2022\/04\/difusion9-300x162.jpg 300w\" sizes=\"auto, (max-width: 766px) 100vw, 766px\" \/><p id=\"caption-attachment-56003\" class=\"wp-caption-text\">Pando: Socializaci\u00f3n del proyecto del Censo en Pando con la participaci\u00f3n de m\u00e1s de 90 personas.<\/p><\/div>\r\n<p>&nbsp;<\/p>\r\n<p>&nbsp;<\/p>\r\n<p class=\"has-text-align-center\" style=\"text-align: center;\"><strong><em>Unidad de Difusi\u00f3n y Comunicaci\u00f3n<\/em><br \/>INSTITUTO NACIONAL DE ESTAD\u00cdSTICA<\/strong><\/p>\r\n<p class=\"has-text-align-center\"><!-- \/wp:post-content --><\/p>\r\n<p><!-- wp:paragraph --><a href=\"https:\/\/nimbus.ine.gob.bo\/index.php\/s\/BBk6CcW23Wg4DW9\/download\">Descargar Nota de Prensa<\/a><\/p>\r\n<p class=\"has-text-align-center\"><!-- \/wp:paragraph --><\/p>\r\n<p class=\"has-text-align-center\"><!-- wp:separator --><\/p>\r\n<hr class=\"wp-block-separator\" \/>\r\n<p class=\"has-text-align-center\"><!-- \/wp:separator --><\/p>\r\n<p class=\"has-text-align-center\"><!-- wp:paragraph {\"align\":\"right\"} --><\/p>\r\n<p class=\"has-text-align-right\"><strong><em>Entidad dependiente del Ministerio de Planificaci\u00f3n del Desarrollo<\/em><\/strong><\/p>\r\n<p class=\"has-text-align-center\"><!-- \/wp:paragraph --><\/p>\r\n<p>&nbsp;<\/p>\r\n<p>[\/vc_column_text][\/vc_column][\/vc_row]<\/p>","protected":false},"excerpt":{"rendered":"<p>[vc_row][vc_column][vc_column_text] La Paz, 14 de abril de 2022 (INE).- El Ministerio de Planificaci\u00f3n del Desarrollo y el Instituto Nacional de Estad\u00edstica (INE) realizaron la socializaci\u00f3n del Censo de Poblaci\u00f3n y Vivienda (CPV) en las nueve capitales de departamento del pa\u00eds. Esta actividad se efectu\u00f3 de manera separada en cada lugar, empez\u00f3 el 24 de marzo&hellip;<\/p>\n","protected":false},"author":3,"featured_media":55998,"comment_status":"closed","ping_status":"open","sticky":false,"template":"","format":"standard","meta":[],"categories":[158],"tags":[52],"class_list":["post-55994","post","type-post","status-publish","format-standard","has-post-thumbnail","hentry","category-ine-noticias","tag-ine-noticias","category-158","description-off"],"yoast_head":"<!-- This site is optimized with the Yoast SEO plugin v23.2 - https:\/\/yoast.com\/wordpress\/plugins\/seo\/ -->\n<title>Socializaci\u00f3n del proyecto censal en las nueve capitales de departamento concluy\u00f3 en Cobija - INE<\/title>\n<meta name=\"description\" content=\"P\u00e1gina oficial del Instituto Nacional de Estadistica INE, informaci\u00f3n estad\u00edstica, geogr\u00e1fica y econ\u00f3mica a nivel nacional.\" \/>\n<meta name=\"robots\" content=\"index, follow, max-snippet:-1, max-image-preview:large, max-video-preview:-1\" \/>\n<link rel=\"canonical\" href=\"https:\/\/www.ine.gob.bo\/index.php\/socializacion-del-proyecto-censal-en-las-nueve-capitales-de-departamento-concluyo-en-cobija\/\" \/>\n<meta property=\"og:locale\" content=\"es_ES\" \/>\n<meta property=\"og:type\" content=\"article\" \/>\n<meta property=\"og:title\" content=\"Socializaci\u00f3n del proyecto censal en las nueve capitales de departamento concluy\u00f3 en Cobija - INE\" \/>\n<meta property=\"og:description\" content=\"P\u00e1gina oficial del Instituto Nacional de Estadistica INE, informaci\u00f3n estad\u00edstica, geogr\u00e1fica y econ\u00f3mica a nivel nacional.\" \/>\n<meta property=\"og:url\" content=\"https:\/\/www.ine.gob.bo\/index.php\/socializacion-del-proyecto-censal-en-las-nueve-capitales-de-departamento-concluyo-en-cobija\/\" \/>\n<meta property=\"og:site_name\" content=\"INE\" \/>\n<meta property=\"article:publisher\" content=\"https:\/\/www.facebook.com\/ineboliviaoficial\" \/>\n<meta property=\"article:published_time\" content=\"2022-04-14T19:00:28+00:00\" \/>\n<meta property=\"article:modified_time\" content=\"2025-06-26T14:33:17+00:00\" \/>\n<meta property=\"og:image\" content=\"https:\/\/www.ine.gob.bo\/wp-content\/uploads\/2022\/04\/difusion4.jpg\" \/>\n\t<meta property=\"og:image:width\" content=\"1033\" \/>\n\t<meta property=\"og:image:height\" content=\"627\" \/>\n\t<meta property=\"og:image:type\" content=\"image\/jpeg\" \/>\n<meta name=\"author\" content=\"Roberto Pablo Intimayta Llanque\" \/>\n<meta name=\"twitter:card\" content=\"summary_large_image\" \/>\n<meta name=\"twitter:creator\" content=\"@INE_Bolivia\" \/>\n<meta name=\"twitter:site\" content=\"@INE_Bolivia\" \/>\n<meta name=\"twitter:label1\" content=\"Escrito por\" \/>\n\t<meta name=\"twitter:data1\" content=\"Roberto Pablo Intimayta Llanque\" \/>\n\t<meta name=\"twitter:label2\" content=\"Tiempo de lectura\" \/>\n\t<meta name=\"twitter:data2\" content=\"8 minutos\" \/>\n<script type=\"application\/ld+json\" class=\"yoast-schema-graph\">{\"@context\":\"https:\/\/schema.org\",\"@graph\":[{\"@type\":\"Article\",\"@id\":\"https:\/\/www.ine.gob.bo\/index.php\/socializacion-del-proyecto-censal-en-las-nueve-capitales-de-departamento-concluyo-en-cobija\/#article\",\"isPartOf\":{\"@id\":\"https:\/\/www.ine.gob.bo\/index.php\/socializacion-del-proyecto-censal-en-las-nueve-capitales-de-departamento-concluyo-en-cobija\/\"},\"author\":{\"name\":\"Roberto Pablo Intimayta Llanque\",\"@id\":\"https:\/\/www.ine.gob.bo\/#\/schema\/person\/03423fb1ad8de8932fff2aae7edee50c\"},\"headline\":\"Socializaci\u00f3n del proyecto censal en las nueve capitales de departamento concluy\u00f3 en Cobija\",\"datePublished\":\"2022-04-14T19:00:28+00:00\",\"dateModified\":\"2025-06-26T14:33:17+00:00\",\"mainEntityOfPage\":{\"@id\":\"https:\/\/www.ine.gob.bo\/index.php\/socializacion-del-proyecto-censal-en-las-nueve-capitales-de-departamento-concluyo-en-cobija\/\"},\"wordCount\":1442,\"publisher\":{\"@id\":\"https:\/\/www.ine.gob.bo\/#organization\"},\"image\":{\"@id\":\"https:\/\/www.ine.gob.bo\/index.php\/socializacion-del-proyecto-censal-en-las-nueve-capitales-de-departamento-concluyo-en-cobija\/#primaryimage\"},\"thumbnailUrl\":\"https:\/\/www.ine.gob.bo\/wp-content\/uploads\/2022\/04\/difusion4.jpg\",\"keywords\":[\"INE Noticias\"],\"articleSection\":[\"INE noticias\"],\"inLanguage\":\"es\"},{\"@type\":\"WebPage\",\"@id\":\"https:\/\/www.ine.gob.bo\/index.php\/socializacion-del-proyecto-censal-en-las-nueve-capitales-de-departamento-concluyo-en-cobija\/\",\"url\":\"https:\/\/www.ine.gob.bo\/index.php\/socializacion-del-proyecto-censal-en-las-nueve-capitales-de-departamento-concluyo-en-cobija\/\",\"name\":\"Socializaci\u00f3n del proyecto censal en las nueve capitales de departamento concluy\u00f3 en Cobija - INE\",\"isPartOf\":{\"@id\":\"https:\/\/www.ine.gob.bo\/#website\"},\"primaryImageOfPage\":{\"@id\":\"https:\/\/www.ine.gob.bo\/index.php\/socializacion-del-proyecto-censal-en-las-nueve-capitales-de-departamento-concluyo-en-cobija\/#primaryimage\"},\"image\":{\"@id\":\"https:\/\/www.ine.gob.bo\/index.php\/socializacion-del-proyecto-censal-en-las-nueve-capitales-de-departamento-concluyo-en-cobija\/#primaryimage\"},\"thumbnailUrl\":\"https:\/\/www.ine.gob.bo\/wp-content\/uploads\/2022\/04\/difusion4.jpg\",\"datePublished\":\"2022-04-14T19:00:28+00:00\",\"dateModified\":\"2025-06-26T14:33:17+00:00\",\"description\":\"P\u00e1gina oficial del Instituto Nacional de Estadistica INE, informaci\u00f3n estad\u00edstica, geogr\u00e1fica y econ\u00f3mica a nivel nacional.\",\"breadcrumb\":{\"@id\":\"https:\/\/www.ine.gob.bo\/index.php\/socializacion-del-proyecto-censal-en-las-nueve-capitales-de-departamento-concluyo-en-cobija\/#breadcrumb\"},\"inLanguage\":\"es\",\"potentialAction\":[{\"@type\":\"ReadAction\",\"target\":[\"https:\/\/www.ine.gob.bo\/index.php\/socializacion-del-proyecto-censal-en-las-nueve-capitales-de-departamento-concluyo-en-cobija\/\"]}]},{\"@type\":\"ImageObject\",\"inLanguage\":\"es\",\"@id\":\"https:\/\/www.ine.gob.bo\/index.php\/socializacion-del-proyecto-censal-en-las-nueve-capitales-de-departamento-concluyo-en-cobija\/#primaryimage\",\"url\":\"https:\/\/www.ine.gob.bo\/wp-content\/uploads\/2022\/04\/difusion4.jpg\",\"contentUrl\":\"https:\/\/www.ine.gob.bo\/wp-content\/uploads\/2022\/04\/difusion4.jpg\",\"width\":1033,\"height\":627},{\"@type\":\"BreadcrumbList\",\"@id\":\"https:\/\/www.ine.gob.bo\/index.php\/socializacion-del-proyecto-censal-en-las-nueve-capitales-de-departamento-concluyo-en-cobija\/#breadcrumb\",\"itemListElement\":[{\"@type\":\"ListItem\",\"position\":1,\"name\":\"Portada\",\"item\":\"https:\/\/www.ine.gob.bo\/\"},{\"@type\":\"ListItem\",\"position\":2,\"name\":\"Socializaci\u00f3n del proyecto censal en las nueve capitales de departamento concluy\u00f3 en Cobija\"}]},{\"@type\":\"WebSite\",\"@id\":\"https:\/\/www.ine.gob.bo\/#website\",\"url\":\"https:\/\/www.ine.gob.bo\/\",\"name\":\"INE\",\"description\":\"Instituto Nacional de Estad\u00edstica\",\"publisher\":{\"@id\":\"https:\/\/www.ine.gob.bo\/#organization\"},\"potentialAction\":[{\"@type\":\"SearchAction\",\"target\":{\"@type\":\"EntryPoint\",\"urlTemplate\":\"https:\/\/www.ine.gob.bo\/?s={search_term_string}\"},\"query-input\":\"required name=search_term_string\"}],\"inLanguage\":\"es\"},{\"@type\":\"Organization\",\"@id\":\"https:\/\/www.ine.gob.bo\/#organization\",\"name\":\"Instituto Nacional de Estad\u00edstica\",\"url\":\"https:\/\/www.ine.gob.bo\/\",\"logo\":{\"@type\":\"ImageObject\",\"inLanguage\":\"es\",\"@id\":\"https:\/\/www.ine.gob.bo\/#\/schema\/logo\/image\/\",\"url\":\"https:\/\/www.ine.gob.bo\/wp-content\/uploads\/2026\/02\/logo-ine.jpg\",\"contentUrl\":\"https:\/\/www.ine.gob.bo\/wp-content\/uploads\/2026\/02\/logo-ine.jpg\",\"width\":799,\"height\":453,\"caption\":\"Instituto Nacional de Estad\u00edstica\"},\"image\":{\"@id\":\"https:\/\/www.ine.gob.bo\/#\/schema\/logo\/image\/\"},\"sameAs\":[\"https:\/\/www.facebook.com\/ineboliviaoficial\",\"https:\/\/x.com\/INE_Bolivia\",\"https:\/\/www.instagram.com\/ineboliviaoficial\/\",\"https:\/\/www.youtube.com\/channel\/UCbIQXKLw414g5kWo1tAwqCg\"]},{\"@type\":\"Person\",\"@id\":\"https:\/\/www.ine.gob.bo\/#\/schema\/person\/03423fb1ad8de8932fff2aae7edee50c\",\"name\":\"Roberto Pablo Intimayta Llanque\",\"image\":{\"@type\":\"ImageObject\",\"inLanguage\":\"es\",\"@id\":\"https:\/\/www.ine.gob.bo\/#\/schema\/person\/image\/\",\"url\":\"https:\/\/secure.gravatar.com\/avatar\/7c9a615126a66a38c2e55e60ecd47e2b55a0a8b4916ec1389e09b4da3a8d9568?s=96&d=mm&r=g\",\"contentUrl\":\"https:\/\/secure.gravatar.com\/avatar\/7c9a615126a66a38c2e55e60ecd47e2b55a0a8b4916ec1389e09b4da3a8d9568?s=96&d=mm&r=g\",\"caption\":\"Roberto Pablo Intimayta Llanque\"},\"description\":\"Especialista en Administraci\u00f3n de Pagina Web y Banco de Datos 2\",\"url\":\"https:\/\/www.ine.gob.bo\/index.php\/author\/rintimayta\/\"}]}<\/script>\n<!-- \/ Yoast SEO plugin. -->","yoast_head_json":{"title":"Socializaci\u00f3n del proyecto censal en las nueve capitales de departamento concluy\u00f3 en Cobija - INE","description":"P\u00e1gina oficial del Instituto Nacional de Estadistica INE, informaci\u00f3n estad\u00edstica, geogr\u00e1fica y econ\u00f3mica a nivel nacional.","robots":{"index":"index","follow":"follow","max-snippet":"max-snippet:-1","max-image-preview":"max-image-preview:large","max-video-preview":"max-video-preview:-1"},"canonical":"https:\/\/www.ine.gob.bo\/index.php\/socializacion-del-proyecto-censal-en-las-nueve-capitales-de-departamento-concluyo-en-cobija\/","og_locale":"es_ES","og_type":"article","og_title":"Socializaci\u00f3n del proyecto censal en las nueve capitales de departamento concluy\u00f3 en Cobija - INE","og_description":"P\u00e1gina oficial del Instituto Nacional de Estadistica INE, informaci\u00f3n estad\u00edstica, geogr\u00e1fica y econ\u00f3mica a nivel nacional.","og_url":"https:\/\/www.ine.gob.bo\/index.php\/socializacion-del-proyecto-censal-en-las-nueve-capitales-de-departamento-concluyo-en-cobija\/","og_site_name":"INE","article_publisher":"https:\/\/www.facebook.com\/ineboliviaoficial","article_published_time":"2022-04-14T19:00:28+00:00","article_modified_time":"2025-06-26T14:33:17+00:00","og_image":[{"width":1033,"height":627,"url":"https:\/\/www.ine.gob.bo\/wp-content\/uploads\/2022\/04\/difusion4.jpg","type":"image\/jpeg"}],"author":"Roberto Pablo Intimayta Llanque","twitter_card":"summary_large_image","twitter_creator":"@INE_Bolivia","twitter_site":"@INE_Bolivia","twitter_misc":{"Escrito por":"Roberto Pablo Intimayta Llanque","Tiempo de lectura":"8 minutos"},"schema":{"@context":"https:\/\/schema.org","@graph":[{"@type":"Article","@id":"https:\/\/www.ine.gob.bo\/index.php\/socializacion-del-proyecto-censal-en-las-nueve-capitales-de-departamento-concluyo-en-cobija\/#article","isPartOf":{"@id":"https:\/\/www.ine.gob.bo\/index.php\/socializacion-del-proyecto-censal-en-las-nueve-capitales-de-departamento-concluyo-en-cobija\/"},"author":{"name":"Roberto Pablo Intimayta Llanque","@id":"https:\/\/www.ine.gob.bo\/#\/schema\/person\/03423fb1ad8de8932fff2aae7edee50c"},"headline":"Socializaci\u00f3n del proyecto censal en las nueve capitales de departamento concluy\u00f3 en Cobija","datePublished":"2022-04-14T19:00:28+00:00","dateModified":"2025-06-26T14:33:17+00:00","mainEntityOfPage":{"@id":"https:\/\/www.ine.gob.bo\/index.php\/socializacion-del-proyecto-censal-en-las-nueve-capitales-de-departamento-concluyo-en-cobija\/"},"wordCount":1442,"publisher":{"@id":"https:\/\/www.ine.gob.bo\/#organization"},"image":{"@id":"https:\/\/www.ine.gob.bo\/index.php\/socializacion-del-proyecto-censal-en-las-nueve-capitales-de-departamento-concluyo-en-cobija\/#primaryimage"},"thumbnailUrl":"https:\/\/www.ine.gob.bo\/wp-content\/uploads\/2022\/04\/difusion4.jpg","keywords":["INE Noticias"],"articleSection":["INE noticias"],"inLanguage":"es"},{"@type":"WebPage","@id":"https:\/\/www.ine.gob.bo\/index.php\/socializacion-del-proyecto-censal-en-las-nueve-capitales-de-departamento-concluyo-en-cobija\/","url":"https:\/\/www.ine.gob.bo\/index.php\/socializacion-del-proyecto-censal-en-las-nueve-capitales-de-departamento-concluyo-en-cobija\/","name":"Socializaci\u00f3n del proyecto censal en las nueve capitales de departamento concluy\u00f3 en Cobija - INE","isPartOf":{"@id":"https:\/\/www.ine.gob.bo\/#website"},"primaryImageOfPage":{"@id":"https:\/\/www.ine.gob.bo\/index.php\/socializacion-del-proyecto-censal-en-las-nueve-capitales-de-departamento-concluyo-en-cobija\/#primaryimage"},"image":{"@id":"https:\/\/www.ine.gob.bo\/index.php\/socializacion-del-proyecto-censal-en-las-nueve-capitales-de-departamento-concluyo-en-cobija\/#primaryimage"},"thumbnailUrl":"https:\/\/www.ine.gob.bo\/wp-content\/uploads\/2022\/04\/difusion4.jpg","datePublished":"2022-04-14T19:00:28+00:00","dateModified":"2025-06-26T14:33:17+00:00","description":"P\u00e1gina oficial del Instituto Nacional de Estadistica INE, informaci\u00f3n estad\u00edstica, geogr\u00e1fica y econ\u00f3mica a nivel nacional.","breadcrumb":{"@id":"https:\/\/www.ine.gob.bo\/index.php\/socializacion-del-proyecto-censal-en-las-nueve-capitales-de-departamento-concluyo-en-cobija\/#breadcrumb"},"inLanguage":"es","potentialAction":[{"@type":"ReadAction","target":["https:\/\/www.ine.gob.bo\/index.php\/socializacion-del-proyecto-censal-en-las-nueve-capitales-de-departamento-concluyo-en-cobija\/"]}]},{"@type":"ImageObject","inLanguage":"es","@id":"https:\/\/www.ine.gob.bo\/index.php\/socializacion-del-proyecto-censal-en-las-nueve-capitales-de-departamento-concluyo-en-cobija\/#primaryimage","url":"https:\/\/www.ine.gob.bo\/wp-content\/uploads\/2022\/04\/difusion4.jpg","contentUrl":"https:\/\/www.ine.gob.bo\/wp-content\/uploads\/2022\/04\/difusion4.jpg","width":1033,"height":627},{"@type":"BreadcrumbList","@id":"https:\/\/www.ine.gob.bo\/index.php\/socializacion-del-proyecto-censal-en-las-nueve-capitales-de-departamento-concluyo-en-cobija\/#breadcrumb","itemListElement":[{"@type":"ListItem","position":1,"name":"Portada","item":"https:\/\/www.ine.gob.bo\/"},{"@type":"ListItem","position":2,"name":"Socializaci\u00f3n del proyecto censal en las nueve capitales de departamento concluy\u00f3 en Cobija"}]},{"@type":"WebSite","@id":"https:\/\/www.ine.gob.bo\/#website","url":"https:\/\/www.ine.gob.bo\/","name":"INE","description":"Instituto Nacional de Estad\u00edstica","publisher":{"@id":"https:\/\/www.ine.gob.bo\/#organization"},"potentialAction":[{"@type":"SearchAction","target":{"@type":"EntryPoint","urlTemplate":"https:\/\/www.ine.gob.bo\/?s={search_term_string}"},"query-input":"required name=search_term_string"}],"inLanguage":"es"},{"@type":"Organization","@id":"https:\/\/www.ine.gob.bo\/#organization","name":"Instituto Nacional de Estad\u00edstica","url":"https:\/\/www.ine.gob.bo\/","logo":{"@type":"ImageObject","inLanguage":"es","@id":"https:\/\/www.ine.gob.bo\/#\/schema\/logo\/image\/","url":"https:\/\/www.ine.gob.bo\/wp-content\/uploads\/2026\/02\/logo-ine.jpg","contentUrl":"https:\/\/www.ine.gob.bo\/wp-content\/uploads\/2026\/02\/logo-ine.jpg","width":799,"height":453,"caption":"Instituto Nacional de Estad\u00edstica"},"image":{"@id":"https:\/\/www.ine.gob.bo\/#\/schema\/logo\/image\/"},"sameAs":["https:\/\/www.facebook.com\/ineboliviaoficial","https:\/\/x.com\/INE_Bolivia","https:\/\/www.instagram.com\/ineboliviaoficial\/","https:\/\/www.youtube.com\/channel\/UCbIQXKLw414g5kWo1tAwqCg"]},{"@type":"Person","@id":"https:\/\/www.ine.gob.bo\/#\/schema\/person\/03423fb1ad8de8932fff2aae7edee50c","name":"Roberto Pablo Intimayta Llanque","image":{"@type":"ImageObject","inLanguage":"es","@id":"https:\/\/www.ine.gob.bo\/#\/schema\/person\/image\/","url":"https:\/\/secure.gravatar.com\/avatar\/7c9a615126a66a38c2e55e60ecd47e2b55a0a8b4916ec1389e09b4da3a8d9568?s=96&d=mm&r=g","contentUrl":"https:\/\/secure.gravatar.com\/avatar\/7c9a615126a66a38c2e55e60ecd47e2b55a0a8b4916ec1389e09b4da3a8d9568?s=96&d=mm&r=g","caption":"Roberto Pablo Intimayta Llanque"},"description":"Especialista en Administraci\u00f3n de Pagina Web y Banco de Datos 2","url":"https:\/\/www.ine.gob.bo\/index.php\/author\/rintimayta\/"}]}},"rttpg_featured_image_url":{"full":["https:\/\/www.ine.gob.bo\/wp-content\/uploads\/2022\/04\/difusion4.jpg",1033,627,false],"landscape":["https:\/\/www.ine.gob.bo\/wp-content\/uploads\/2022\/04\/difusion4.jpg",1033,627,false],"portraits":["https:\/\/www.ine.gob.bo\/wp-content\/uploads\/2022\/04\/difusion4.jpg",1033,627,false],"thumbnail":["https:\/\/www.ine.gob.bo\/wp-content\/uploads\/2022\/04\/difusion4-150x150.jpg",150,150,true],"medium":["https:\/\/www.ine.gob.bo\/wp-content\/uploads\/2022\/04\/difusion4-300x182.jpg",300,182,true],"large":["https:\/\/www.ine.gob.bo\/wp-content\/uploads\/2022\/04\/difusion4-1024x622.jpg",1024,622,true],"1536x1536":["https:\/\/www.ine.gob.bo\/wp-content\/uploads\/2022\/04\/difusion4.jpg",1033,627,false],"2048x2048":["https:\/\/www.ine.gob.bo\/wp-content\/uploads\/2022\/04\/difusion4.jpg",1033,627,false]},"rttpg_author":{"display_name":"Roberto Pablo Intimayta Llanque","author_link":"https:\/\/www.ine.gob.bo\/index.php\/author\/rintimayta\/"},"rttpg_comment":0,"rttpg_category":"<a href=\"https:\/\/www.ine.gob.bo\/index.php\/category\/ine-noticias\/\" rel=\"category tag\">INE noticias<\/a>","rttpg_excerpt":"[vc_row][vc_column][vc_column_text] La Paz, 14 de abril de 2022 (INE).- El Ministerio de Planificaci\u00f3n del Desarrollo y el Instituto Nacional de Estad\u00edstica (INE) realizaron la socializaci\u00f3n del Censo de Poblaci\u00f3n y Vivienda (CPV) en las nueve capitales de departamento del pa\u00eds. Esta actividad se efectu\u00f3 de manera separada en cada lugar, empez\u00f3 el 24 de marzo&hellip;","_links":{"self":[{"href":"https:\/\/www.ine.gob.bo\/index.php\/wp-json\/wp\/v2\/posts\/55994","targetHints":{"allow":["GET"]}}],"collection":[{"href":"https:\/\/www.ine.gob.bo\/index.php\/wp-json\/wp\/v2\/posts"}],"about":[{"href":"https:\/\/www.ine.gob.bo\/index.php\/wp-json\/wp\/v2\/types\/post"}],"author":[{"embeddable":true,"href":"https:\/\/www.ine.gob.bo\/index.php\/wp-json\/wp\/v2\/users\/3"}],"replies":[{"embeddable":true,"href":"https:\/\/www.ine.gob.bo\/index.php\/wp-json\/wp\/v2\/comments?post=55994"}],"version-history":[{"count":0,"href":"https:\/\/www.ine.gob.bo\/index.php\/wp-json\/wp\/v2\/posts\/55994\/revisions"}],"wp:featuredmedia":[{"embeddable":true,"href":"https:\/\/www.ine.gob.bo\/index.php\/wp-json\/wp\/v2\/media\/55998"}],"wp:attachment":[{"href":"https:\/\/www.ine.gob.bo\/index.php\/wp-json\/wp\/v2\/media?parent=55994"}],"wp:term":[{"taxonomy":"category","embeddable":true,"href":"https:\/\/www.ine.gob.bo\/index.php\/wp-json\/wp\/v2\/categories?post=55994"},{"taxonomy":"post_tag","embeddable":true,"href":"https:\/\/www.ine.gob.bo\/index.php\/wp-json\/wp\/v2\/tags?post=55994"}],"curies":[{"name":"wp","href":"https:\/\/api.w.org\/{rel}","templated":true}]}}