{"id":55925,"date":"2022-04-12T18:28:08","date_gmt":"2022-04-12T22:28:08","guid":{"rendered":"https:\/\/www.ine.gob.bo\/?p=55925"},"modified":"2025-06-26T12:16:55","modified_gmt":"2025-06-26T16:16:55","slug":"indice-de-precios-al-por-mayor-ipm-registra-disminucion-de-041-en-marzo-de-2022","status":"publish","type":"post","link":"https:\/\/www.ine.gob.bo\/index.php\/indice-de-precios-al-por-mayor-ipm-registra-disminucion-de-041-en-marzo-de-2022\/","title":{"rendered":"\u00cdndice de Precios al por Mayor (IPM) registra disminuci\u00f3n de -0,41% en marzo de 2022"},"content":{"rendered":"<p>[vc_row][vc_column][vc_column_text]<\/p>\r\n<p><strong>La Paz, 12 de abril de 2022 (INE). &#8211; <\/strong>El \u00cdndice de Precios al Por Mayor (IPM) registr\u00f3 en marzo de 2022 una disminuci\u00f3n de -0,41% respecto a febrero. La variaci\u00f3n acumulada a marzo fue positiva de 0,95% y a doce meses fue negativa de -0,95%.<\/p>\r\n<p><img loading=\"lazy\" decoding=\"async\" class=\"aligncenter wp-image-55926 size-full\" src=\"https:\/\/www.ine.gob.bo\/wp-content\/uploads\/2022\/04\/cuadro-1.jpg\" alt=\"\" width=\"679\" height=\"504\" srcset=\"https:\/\/www.ine.gob.bo\/wp-content\/uploads\/2022\/04\/cuadro-1.jpg 679w, https:\/\/www.ine.gob.bo\/wp-content\/uploads\/2022\/04\/cuadro-1-300x223.jpg 300w\" sizes=\"auto, (max-width: 679px) 100vw, 679px\" \/><\/p>\r\n<p><strong><img loading=\"lazy\" decoding=\"async\" class=\"aligncenter wp-image-55952 size-full\" src=\"https:\/\/www.ine.gob.bo\/wp-content\/uploads\/2022\/04\/grafico-1.jpg\" alt=\"\" width=\"951\" height=\"621\" srcset=\"https:\/\/www.ine.gob.bo\/wp-content\/uploads\/2022\/04\/grafico-1.jpg 951w, https:\/\/www.ine.gob.bo\/wp-content\/uploads\/2022\/04\/grafico-1-300x196.jpg 300w, https:\/\/www.ine.gob.bo\/wp-content\/uploads\/2022\/04\/grafico-1-768x502.jpg 768w\" sizes=\"auto, (max-width: 951px) 100vw, 951px\" \/><\/strong><\/p>\r\n<p><strong>Comportamiento de Precios al Por Mayor, seg\u00fan origen<\/strong><\/p>\r\n<p><strong>\u00a0<\/strong>La disminuci\u00f3n de -0,41% del IPM registrado en marzo de 2022, se explica principalmente por la variaci\u00f3n negativa de los precios de productos de origen nacional.<\/p>\r\n<p class=\"has-text-align-center\"><strong><em><img loading=\"lazy\" decoding=\"async\" class=\"aligncenter wp-image-55928 size-full\" src=\"https:\/\/www.ine.gob.bo\/wp-content\/uploads\/2022\/04\/cuadro-3.jpg\" alt=\"\" width=\"745\" height=\"293\" srcset=\"https:\/\/www.ine.gob.bo\/wp-content\/uploads\/2022\/04\/cuadro-3.jpg 745w, https:\/\/www.ine.gob.bo\/wp-content\/uploads\/2022\/04\/cuadro-3-300x118.jpg 300w\" sizes=\"auto, (max-width: 745px) 100vw, 745px\" \/><\/em><\/strong><\/p>\r\n<p><img loading=\"lazy\" decoding=\"async\" class=\"aligncenter wp-image-55929 size-full\" src=\"https:\/\/www.ine.gob.bo\/wp-content\/uploads\/2022\/04\/cuadro-4.jpg\" alt=\"\" width=\"671\" height=\"332\" srcset=\"https:\/\/www.ine.gob.bo\/wp-content\/uploads\/2022\/04\/cuadro-4.jpg 671w, https:\/\/www.ine.gob.bo\/wp-content\/uploads\/2022\/04\/cuadro-4-300x148.jpg 300w\" sizes=\"auto, (max-width: 671px) 100vw, 671px\" \/><\/p>\r\n<p><strong>Comportamiento de Precios al Por Mayor, seg\u00fan origen y grupos<\/strong><\/p>\r\n<p><strong>\u00a0<\/strong>El descenso de -0,70% de los precios de origen nacional del IPM, se explica, principalmente por la variaci\u00f3n negativa del sector Agr\u00edcola de -2,12% y una incidencia de -0,87 puntos porcentuales.<\/p>\r\n<p>El aumento de 1,16% de los precios de origen Importado se explica por la variaci\u00f3n positiva del sector Manufacturado de 1,17% y una incidencia de 1,15 puntos porcentuales.<\/p>\r\n<p><img loading=\"lazy\" decoding=\"async\" class=\"aligncenter wp-image-55930 size-full\" src=\"https:\/\/www.ine.gob.bo\/wp-content\/uploads\/2022\/04\/cuadro-5.jpg\" alt=\"\" width=\"768\" height=\"351\" srcset=\"https:\/\/www.ine.gob.bo\/wp-content\/uploads\/2022\/04\/cuadro-5.jpg 768w, https:\/\/www.ine.gob.bo\/wp-content\/uploads\/2022\/04\/cuadro-5-300x137.jpg 300w\" sizes=\"auto, (max-width: 768px) 100vw, 768px\" \/><\/p>\r\n<p><img loading=\"lazy\" decoding=\"async\" class=\"aligncenter wp-image-55931 size-full\" src=\"https:\/\/www.ine.gob.bo\/wp-content\/uploads\/2022\/04\/cuadro-6.jpg\" alt=\"\" width=\"728\" height=\"463\" srcset=\"https:\/\/www.ine.gob.bo\/wp-content\/uploads\/2022\/04\/cuadro-6.jpg 728w, https:\/\/www.ine.gob.bo\/wp-content\/uploads\/2022\/04\/cuadro-6-300x191.jpg 300w\" sizes=\"auto, (max-width: 728px) 100vw, 728px\" \/><\/p>\r\n<p><strong>Productos con mayor incidencia positiva y negativa, seg\u00fan producto <\/strong><\/p>\r\n<p><strong>Origen nacional<\/strong><\/p>\r\n<p>Los productos de origen nacional con mayor incidencia negativa en marzo fueron: banano, hoja de coca, ma\u00edz, carnes frescas de pollo, cerveza y haba verde. Por el contrario, los productos con mayor incidencia positiva fueron: harina de trigo, huevos de gallina, toronja (pomelo), aceite comestible de soya, harina o torta de soya y papa (patata).<\/p>\r\n<p><img loading=\"lazy\" decoding=\"async\" class=\"aligncenter wp-image-55932 size-full\" src=\"https:\/\/www.ine.gob.bo\/wp-content\/uploads\/2022\/04\/cuadro-7.jpg\" alt=\"\" width=\"702\" height=\"550\" srcset=\"https:\/\/www.ine.gob.bo\/wp-content\/uploads\/2022\/04\/cuadro-7.jpg 702w, https:\/\/www.ine.gob.bo\/wp-content\/uploads\/2022\/04\/cuadro-7-300x235.jpg 300w\" sizes=\"auto, (max-width: 702px) 100vw, 702px\" \/><\/p>\r\n<p><strong>Origen importado<\/strong><\/p>\r\n<p><strong>\u00a0<\/strong>Los productos de origen importado con mayor incidencia positiva en marzo fueron: harina de trigo, papel higi\u00e9nico\/servilletas\/pa\u00f1ales desechables, productos farmac\u00e9uticos, calzados en general incluso de deportes y especiales, grasas automotrices e industriales, vidrio laminado\/vidrio templado\/vidrio de seguridad. Por el contrario, los productos con mayor incidencia negativa fueron: muebles diversos, prendas\/accesorios de vestir de punto\/ganchillo\/de tejido plano, otros productos alimenticios, t\u00e9\/infusiones, jugos l\u00e1cteos y uva.<\/p>\r\n<p><img loading=\"lazy\" decoding=\"async\" class=\"aligncenter wp-image-55933 size-full\" src=\"https:\/\/www.ine.gob.bo\/wp-content\/uploads\/2022\/04\/cuadro-8.jpg\" alt=\"\" width=\"736\" height=\"542\" srcset=\"https:\/\/www.ine.gob.bo\/wp-content\/uploads\/2022\/04\/cuadro-8.jpg 736w, https:\/\/www.ine.gob.bo\/wp-content\/uploads\/2022\/04\/cuadro-8-300x221.jpg 300w\" sizes=\"auto, (max-width: 736px) 100vw, 736px\" \/><\/p>\r\n<p class=\"has-text-align-center\"><strong><em><img loading=\"lazy\" decoding=\"async\" class=\"aligncenter wp-image-55934 size-full\" src=\"https:\/\/www.ine.gob.bo\/wp-content\/uploads\/2022\/04\/cuadro-9.jpg\" alt=\"\" width=\"713\" height=\"422\" srcset=\"https:\/\/www.ine.gob.bo\/wp-content\/uploads\/2022\/04\/cuadro-9.jpg 713w, https:\/\/www.ine.gob.bo\/wp-content\/uploads\/2022\/04\/cuadro-9-300x178.jpg 300w\" sizes=\"auto, (max-width: 713px) 100vw, 713px\" \/><\/em><\/strong><\/p>\r\n<p class=\"has-text-align-center\"><strong><em>Unidad de Difusi\u00f3n y Comunicaci\u00f3n<\/em><br \/>INSTITUTO NACIONAL DE ESTAD\u00cdSTICA<\/strong><\/p>\r\n<p class=\"has-text-align-center\"><!-- \/wp:post-content --><\/p>\r\n<p><!-- wp:paragraph --><a href=\"https:\/\/nimbus.ine.gob.bo\/index.php\/s\/QxNzrxr6BFGwsJW\/download\">Descargar Nota de Prensa<\/a><\/p>\r\n<p class=\"has-text-align-center\"><!-- \/wp:paragraph --><\/p>\r\n<p class=\"has-text-align-center\"><!-- wp:separator --><\/p>\r\n<hr class=\"wp-block-separator\" \/>\r\n<p class=\"has-text-align-center\"><!-- \/wp:separator --><\/p>\r\n<p class=\"has-text-align-center\"><!-- wp:paragraph {\"align\":\"right\"} --><\/p>\r\n<p class=\"has-text-align-right\"><strong><em>Entidad dependiente del Ministerio de Planificaci\u00f3n del Desarrollo<\/em><\/strong><\/p>\r\n<p class=\"has-text-align-center\"><!-- \/wp:paragraph --><\/p>\r\n<p>&nbsp;<\/p>\r\n<p>[\/vc_column_text][\/vc_column][\/vc_row]<\/p>","protected":false},"excerpt":{"rendered":"<p>[vc_row][vc_column][vc_column_text] La Paz, 12 de abril de 2022 (INE). &#8211; El \u00cdndice de Precios al Por Mayor (IPM) registr\u00f3 en marzo de 2022 una disminuci\u00f3n de -0,41% respecto a febrero. La variaci\u00f3n acumulada a marzo fue positiva de 0,95% y a doce meses fue negativa de -0,95%. Comportamiento de Precios al Por Mayor, seg\u00fan origen&hellip;<\/p>\n","protected":false},"author":3,"featured_media":55927,"comment_status":"closed","ping_status":"open","sticky":false,"template":"","format":"standard","meta":[],"categories":[158],"tags":[52],"class_list":["post-55925","post","type-post","status-publish","format-standard","has-post-thumbnail","hentry","category-ine-noticias","tag-ine-noticias","category-158","description-off"],"yoast_head":"<!-- This site is optimized with the Yoast SEO plugin v23.2 - https:\/\/yoast.com\/wordpress\/plugins\/seo\/ -->\n<title>\u00cdndice de Precios al por Mayor (IPM) registra disminuci\u00f3n de -0,41% en marzo de 2022 - INE<\/title>\n<meta name=\"description\" content=\"P\u00e1gina oficial del Instituto Nacional de Estadistica INE, informaci\u00f3n estad\u00edstica, geogr\u00e1fica y econ\u00f3mica a nivel nacional.\" \/>\n<meta name=\"robots\" content=\"index, follow, max-snippet:-1, max-image-preview:large, max-video-preview:-1\" \/>\n<link rel=\"canonical\" href=\"https:\/\/www.ine.gob.bo\/index.php\/indice-de-precios-al-por-mayor-ipm-registra-disminucion-de-041-en-marzo-de-2022\/\" \/>\n<meta property=\"og:locale\" content=\"es_ES\" \/>\n<meta property=\"og:type\" content=\"article\" \/>\n<meta property=\"og:title\" content=\"\u00cdndice de Precios al por Mayor (IPM) registra disminuci\u00f3n de -0,41% en marzo de 2022 - INE\" \/>\n<meta property=\"og:description\" content=\"P\u00e1gina oficial del Instituto Nacional de Estadistica INE, informaci\u00f3n estad\u00edstica, geogr\u00e1fica y econ\u00f3mica a nivel nacional.\" \/>\n<meta property=\"og:url\" content=\"https:\/\/www.ine.gob.bo\/index.php\/indice-de-precios-al-por-mayor-ipm-registra-disminucion-de-041-en-marzo-de-2022\/\" \/>\n<meta property=\"og:site_name\" content=\"INE\" \/>\n<meta property=\"article:publisher\" content=\"https:\/\/www.facebook.com\/ineboliviaoficial\" \/>\n<meta property=\"article:published_time\" content=\"2022-04-12T22:28:08+00:00\" \/>\n<meta property=\"article:modified_time\" content=\"2025-06-26T16:16:55+00:00\" \/>\n<meta property=\"og:image\" content=\"https:\/\/www.ine.gob.bo\/wp-content\/uploads\/2022\/04\/cuadro-2.jpg\" \/>\n\t<meta property=\"og:image:width\" content=\"726\" \/>\n\t<meta property=\"og:image:height\" content=\"496\" \/>\n\t<meta property=\"og:image:type\" content=\"image\/jpeg\" \/>\n<meta name=\"author\" content=\"Roberto Pablo Intimayta Llanque\" \/>\n<meta name=\"twitter:card\" content=\"summary_large_image\" \/>\n<meta name=\"twitter:creator\" content=\"@INE_Bolivia\" \/>\n<meta name=\"twitter:site\" content=\"@INE_Bolivia\" \/>\n<meta name=\"twitter:label1\" content=\"Escrito por\" \/>\n\t<meta name=\"twitter:data1\" content=\"Roberto Pablo Intimayta Llanque\" \/>\n\t<meta name=\"twitter:label2\" content=\"Tiempo de lectura\" \/>\n\t<meta name=\"twitter:data2\" content=\"4 minutos\" \/>\n<script type=\"application\/ld+json\" class=\"yoast-schema-graph\">{\"@context\":\"https:\/\/schema.org\",\"@graph\":[{\"@type\":\"Article\",\"@id\":\"https:\/\/www.ine.gob.bo\/index.php\/indice-de-precios-al-por-mayor-ipm-registra-disminucion-de-041-en-marzo-de-2022\/#article\",\"isPartOf\":{\"@id\":\"https:\/\/www.ine.gob.bo\/index.php\/indice-de-precios-al-por-mayor-ipm-registra-disminucion-de-041-en-marzo-de-2022\/\"},\"author\":{\"name\":\"Roberto Pablo Intimayta Llanque\",\"@id\":\"https:\/\/www.ine.gob.bo\/#\/schema\/person\/03423fb1ad8de8932fff2aae7edee50c\"},\"headline\":\"\u00cdndice de Precios al por Mayor (IPM) registra disminuci\u00f3n de -0,41% en marzo de 2022\",\"datePublished\":\"2022-04-12T22:28:08+00:00\",\"dateModified\":\"2025-06-26T16:16:55+00:00\",\"mainEntityOfPage\":{\"@id\":\"https:\/\/www.ine.gob.bo\/index.php\/indice-de-precios-al-por-mayor-ipm-registra-disminucion-de-041-en-marzo-de-2022\/\"},\"wordCount\":351,\"publisher\":{\"@id\":\"https:\/\/www.ine.gob.bo\/#organization\"},\"image\":{\"@id\":\"https:\/\/www.ine.gob.bo\/index.php\/indice-de-precios-al-por-mayor-ipm-registra-disminucion-de-041-en-marzo-de-2022\/#primaryimage\"},\"thumbnailUrl\":\"https:\/\/www.ine.gob.bo\/wp-content\/uploads\/2022\/04\/cuadro-2.jpg\",\"keywords\":[\"INE Noticias\"],\"articleSection\":[\"INE noticias\"],\"inLanguage\":\"es\"},{\"@type\":\"WebPage\",\"@id\":\"https:\/\/www.ine.gob.bo\/index.php\/indice-de-precios-al-por-mayor-ipm-registra-disminucion-de-041-en-marzo-de-2022\/\",\"url\":\"https:\/\/www.ine.gob.bo\/index.php\/indice-de-precios-al-por-mayor-ipm-registra-disminucion-de-041-en-marzo-de-2022\/\",\"name\":\"\u00cdndice de Precios al por Mayor (IPM) registra disminuci\u00f3n de -0,41% en marzo de 2022 - INE\",\"isPartOf\":{\"@id\":\"https:\/\/www.ine.gob.bo\/#website\"},\"primaryImageOfPage\":{\"@id\":\"https:\/\/www.ine.gob.bo\/index.php\/indice-de-precios-al-por-mayor-ipm-registra-disminucion-de-041-en-marzo-de-2022\/#primaryimage\"},\"image\":{\"@id\":\"https:\/\/www.ine.gob.bo\/index.php\/indice-de-precios-al-por-mayor-ipm-registra-disminucion-de-041-en-marzo-de-2022\/#primaryimage\"},\"thumbnailUrl\":\"https:\/\/www.ine.gob.bo\/wp-content\/uploads\/2022\/04\/cuadro-2.jpg\",\"datePublished\":\"2022-04-12T22:28:08+00:00\",\"dateModified\":\"2025-06-26T16:16:55+00:00\",\"description\":\"P\u00e1gina oficial del Instituto Nacional de Estadistica INE, informaci\u00f3n estad\u00edstica, geogr\u00e1fica y econ\u00f3mica a nivel nacional.\",\"breadcrumb\":{\"@id\":\"https:\/\/www.ine.gob.bo\/index.php\/indice-de-precios-al-por-mayor-ipm-registra-disminucion-de-041-en-marzo-de-2022\/#breadcrumb\"},\"inLanguage\":\"es\",\"potentialAction\":[{\"@type\":\"ReadAction\",\"target\":[\"https:\/\/www.ine.gob.bo\/index.php\/indice-de-precios-al-por-mayor-ipm-registra-disminucion-de-041-en-marzo-de-2022\/\"]}]},{\"@type\":\"ImageObject\",\"inLanguage\":\"es\",\"@id\":\"https:\/\/www.ine.gob.bo\/index.php\/indice-de-precios-al-por-mayor-ipm-registra-disminucion-de-041-en-marzo-de-2022\/#primaryimage\",\"url\":\"https:\/\/www.ine.gob.bo\/wp-content\/uploads\/2022\/04\/cuadro-2.jpg\",\"contentUrl\":\"https:\/\/www.ine.gob.bo\/wp-content\/uploads\/2022\/04\/cuadro-2.jpg\",\"width\":726,\"height\":496},{\"@type\":\"BreadcrumbList\",\"@id\":\"https:\/\/www.ine.gob.bo\/index.php\/indice-de-precios-al-por-mayor-ipm-registra-disminucion-de-041-en-marzo-de-2022\/#breadcrumb\",\"itemListElement\":[{\"@type\":\"ListItem\",\"position\":1,\"name\":\"Portada\",\"item\":\"https:\/\/www.ine.gob.bo\/\"},{\"@type\":\"ListItem\",\"position\":2,\"name\":\"\u00cdndice de Precios al por Mayor (IPM) registra disminuci\u00f3n de -0,41% en marzo de 2022\"}]},{\"@type\":\"WebSite\",\"@id\":\"https:\/\/www.ine.gob.bo\/#website\",\"url\":\"https:\/\/www.ine.gob.bo\/\",\"name\":\"INE\",\"description\":\"Instituto Nacional de Estad\u00edstica\",\"publisher\":{\"@id\":\"https:\/\/www.ine.gob.bo\/#organization\"},\"potentialAction\":[{\"@type\":\"SearchAction\",\"target\":{\"@type\":\"EntryPoint\",\"urlTemplate\":\"https:\/\/www.ine.gob.bo\/?s={search_term_string}\"},\"query-input\":\"required name=search_term_string\"}],\"inLanguage\":\"es\"},{\"@type\":\"Organization\",\"@id\":\"https:\/\/www.ine.gob.bo\/#organization\",\"name\":\"Instituto Nacional de Estad\u00edstica\",\"url\":\"https:\/\/www.ine.gob.bo\/\",\"logo\":{\"@type\":\"ImageObject\",\"inLanguage\":\"es\",\"@id\":\"https:\/\/www.ine.gob.bo\/#\/schema\/logo\/image\/\",\"url\":\"https:\/\/www.ine.gob.bo\/wp-content\/uploads\/2026\/02\/logo-ine.jpg\",\"contentUrl\":\"https:\/\/www.ine.gob.bo\/wp-content\/uploads\/2026\/02\/logo-ine.jpg\",\"width\":799,\"height\":453,\"caption\":\"Instituto Nacional de Estad\u00edstica\"},\"image\":{\"@id\":\"https:\/\/www.ine.gob.bo\/#\/schema\/logo\/image\/\"},\"sameAs\":[\"https:\/\/www.facebook.com\/ineboliviaoficial\",\"https:\/\/x.com\/INE_Bolivia\",\"https:\/\/www.instagram.com\/ineboliviaoficial\/\",\"https:\/\/www.youtube.com\/channel\/UCbIQXKLw414g5kWo1tAwqCg\"]},{\"@type\":\"Person\",\"@id\":\"https:\/\/www.ine.gob.bo\/#\/schema\/person\/03423fb1ad8de8932fff2aae7edee50c\",\"name\":\"Roberto Pablo Intimayta Llanque\",\"image\":{\"@type\":\"ImageObject\",\"inLanguage\":\"es\",\"@id\":\"https:\/\/www.ine.gob.bo\/#\/schema\/person\/image\/\",\"url\":\"https:\/\/secure.gravatar.com\/avatar\/7c9a615126a66a38c2e55e60ecd47e2b55a0a8b4916ec1389e09b4da3a8d9568?s=96&d=mm&r=g\",\"contentUrl\":\"https:\/\/secure.gravatar.com\/avatar\/7c9a615126a66a38c2e55e60ecd47e2b55a0a8b4916ec1389e09b4da3a8d9568?s=96&d=mm&r=g\",\"caption\":\"Roberto Pablo Intimayta Llanque\"},\"description\":\"Especialista en Administraci\u00f3n de Pagina Web y Banco de Datos 2\",\"url\":\"https:\/\/www.ine.gob.bo\/index.php\/author\/rintimayta\/\"}]}<\/script>\n<!-- \/ Yoast SEO plugin. -->","yoast_head_json":{"title":"\u00cdndice de Precios al por Mayor (IPM) registra disminuci\u00f3n de -0,41% en marzo de 2022 - INE","description":"P\u00e1gina oficial del Instituto Nacional de Estadistica INE, informaci\u00f3n estad\u00edstica, geogr\u00e1fica y econ\u00f3mica a nivel nacional.","robots":{"index":"index","follow":"follow","max-snippet":"max-snippet:-1","max-image-preview":"max-image-preview:large","max-video-preview":"max-video-preview:-1"},"canonical":"https:\/\/www.ine.gob.bo\/index.php\/indice-de-precios-al-por-mayor-ipm-registra-disminucion-de-041-en-marzo-de-2022\/","og_locale":"es_ES","og_type":"article","og_title":"\u00cdndice de Precios al por Mayor (IPM) registra disminuci\u00f3n de -0,41% en marzo de 2022 - INE","og_description":"P\u00e1gina oficial del Instituto Nacional de Estadistica INE, informaci\u00f3n estad\u00edstica, geogr\u00e1fica y econ\u00f3mica a nivel nacional.","og_url":"https:\/\/www.ine.gob.bo\/index.php\/indice-de-precios-al-por-mayor-ipm-registra-disminucion-de-041-en-marzo-de-2022\/","og_site_name":"INE","article_publisher":"https:\/\/www.facebook.com\/ineboliviaoficial","article_published_time":"2022-04-12T22:28:08+00:00","article_modified_time":"2025-06-26T16:16:55+00:00","og_image":[{"width":726,"height":496,"url":"https:\/\/www.ine.gob.bo\/wp-content\/uploads\/2022\/04\/cuadro-2.jpg","type":"image\/jpeg"}],"author":"Roberto Pablo Intimayta Llanque","twitter_card":"summary_large_image","twitter_creator":"@INE_Bolivia","twitter_site":"@INE_Bolivia","twitter_misc":{"Escrito por":"Roberto Pablo Intimayta Llanque","Tiempo de lectura":"4 minutos"},"schema":{"@context":"https:\/\/schema.org","@graph":[{"@type":"Article","@id":"https:\/\/www.ine.gob.bo\/index.php\/indice-de-precios-al-por-mayor-ipm-registra-disminucion-de-041-en-marzo-de-2022\/#article","isPartOf":{"@id":"https:\/\/www.ine.gob.bo\/index.php\/indice-de-precios-al-por-mayor-ipm-registra-disminucion-de-041-en-marzo-de-2022\/"},"author":{"name":"Roberto Pablo Intimayta Llanque","@id":"https:\/\/www.ine.gob.bo\/#\/schema\/person\/03423fb1ad8de8932fff2aae7edee50c"},"headline":"\u00cdndice de Precios al por Mayor (IPM) registra disminuci\u00f3n de -0,41% en marzo de 2022","datePublished":"2022-04-12T22:28:08+00:00","dateModified":"2025-06-26T16:16:55+00:00","mainEntityOfPage":{"@id":"https:\/\/www.ine.gob.bo\/index.php\/indice-de-precios-al-por-mayor-ipm-registra-disminucion-de-041-en-marzo-de-2022\/"},"wordCount":351,"publisher":{"@id":"https:\/\/www.ine.gob.bo\/#organization"},"image":{"@id":"https:\/\/www.ine.gob.bo\/index.php\/indice-de-precios-al-por-mayor-ipm-registra-disminucion-de-041-en-marzo-de-2022\/#primaryimage"},"thumbnailUrl":"https:\/\/www.ine.gob.bo\/wp-content\/uploads\/2022\/04\/cuadro-2.jpg","keywords":["INE Noticias"],"articleSection":["INE noticias"],"inLanguage":"es"},{"@type":"WebPage","@id":"https:\/\/www.ine.gob.bo\/index.php\/indice-de-precios-al-por-mayor-ipm-registra-disminucion-de-041-en-marzo-de-2022\/","url":"https:\/\/www.ine.gob.bo\/index.php\/indice-de-precios-al-por-mayor-ipm-registra-disminucion-de-041-en-marzo-de-2022\/","name":"\u00cdndice de Precios al por Mayor (IPM) registra disminuci\u00f3n de -0,41% en marzo de 2022 - INE","isPartOf":{"@id":"https:\/\/www.ine.gob.bo\/#website"},"primaryImageOfPage":{"@id":"https:\/\/www.ine.gob.bo\/index.php\/indice-de-precios-al-por-mayor-ipm-registra-disminucion-de-041-en-marzo-de-2022\/#primaryimage"},"image":{"@id":"https:\/\/www.ine.gob.bo\/index.php\/indice-de-precios-al-por-mayor-ipm-registra-disminucion-de-041-en-marzo-de-2022\/#primaryimage"},"thumbnailUrl":"https:\/\/www.ine.gob.bo\/wp-content\/uploads\/2022\/04\/cuadro-2.jpg","datePublished":"2022-04-12T22:28:08+00:00","dateModified":"2025-06-26T16:16:55+00:00","description":"P\u00e1gina oficial del Instituto Nacional de Estadistica INE, informaci\u00f3n estad\u00edstica, geogr\u00e1fica y econ\u00f3mica a nivel nacional.","breadcrumb":{"@id":"https:\/\/www.ine.gob.bo\/index.php\/indice-de-precios-al-por-mayor-ipm-registra-disminucion-de-041-en-marzo-de-2022\/#breadcrumb"},"inLanguage":"es","potentialAction":[{"@type":"ReadAction","target":["https:\/\/www.ine.gob.bo\/index.php\/indice-de-precios-al-por-mayor-ipm-registra-disminucion-de-041-en-marzo-de-2022\/"]}]},{"@type":"ImageObject","inLanguage":"es","@id":"https:\/\/www.ine.gob.bo\/index.php\/indice-de-precios-al-por-mayor-ipm-registra-disminucion-de-041-en-marzo-de-2022\/#primaryimage","url":"https:\/\/www.ine.gob.bo\/wp-content\/uploads\/2022\/04\/cuadro-2.jpg","contentUrl":"https:\/\/www.ine.gob.bo\/wp-content\/uploads\/2022\/04\/cuadro-2.jpg","width":726,"height":496},{"@type":"BreadcrumbList","@id":"https:\/\/www.ine.gob.bo\/index.php\/indice-de-precios-al-por-mayor-ipm-registra-disminucion-de-041-en-marzo-de-2022\/#breadcrumb","itemListElement":[{"@type":"ListItem","position":1,"name":"Portada","item":"https:\/\/www.ine.gob.bo\/"},{"@type":"ListItem","position":2,"name":"\u00cdndice de Precios al por Mayor (IPM) registra disminuci\u00f3n de -0,41% en marzo de 2022"}]},{"@type":"WebSite","@id":"https:\/\/www.ine.gob.bo\/#website","url":"https:\/\/www.ine.gob.bo\/","name":"INE","description":"Instituto Nacional de Estad\u00edstica","publisher":{"@id":"https:\/\/www.ine.gob.bo\/#organization"},"potentialAction":[{"@type":"SearchAction","target":{"@type":"EntryPoint","urlTemplate":"https:\/\/www.ine.gob.bo\/?s={search_term_string}"},"query-input":"required name=search_term_string"}],"inLanguage":"es"},{"@type":"Organization","@id":"https:\/\/www.ine.gob.bo\/#organization","name":"Instituto Nacional de Estad\u00edstica","url":"https:\/\/www.ine.gob.bo\/","logo":{"@type":"ImageObject","inLanguage":"es","@id":"https:\/\/www.ine.gob.bo\/#\/schema\/logo\/image\/","url":"https:\/\/www.ine.gob.bo\/wp-content\/uploads\/2026\/02\/logo-ine.jpg","contentUrl":"https:\/\/www.ine.gob.bo\/wp-content\/uploads\/2026\/02\/logo-ine.jpg","width":799,"height":453,"caption":"Instituto Nacional de Estad\u00edstica"},"image":{"@id":"https:\/\/www.ine.gob.bo\/#\/schema\/logo\/image\/"},"sameAs":["https:\/\/www.facebook.com\/ineboliviaoficial","https:\/\/x.com\/INE_Bolivia","https:\/\/www.instagram.com\/ineboliviaoficial\/","https:\/\/www.youtube.com\/channel\/UCbIQXKLw414g5kWo1tAwqCg"]},{"@type":"Person","@id":"https:\/\/www.ine.gob.bo\/#\/schema\/person\/03423fb1ad8de8932fff2aae7edee50c","name":"Roberto Pablo Intimayta Llanque","image":{"@type":"ImageObject","inLanguage":"es","@id":"https:\/\/www.ine.gob.bo\/#\/schema\/person\/image\/","url":"https:\/\/secure.gravatar.com\/avatar\/7c9a615126a66a38c2e55e60ecd47e2b55a0a8b4916ec1389e09b4da3a8d9568?s=96&d=mm&r=g","contentUrl":"https:\/\/secure.gravatar.com\/avatar\/7c9a615126a66a38c2e55e60ecd47e2b55a0a8b4916ec1389e09b4da3a8d9568?s=96&d=mm&r=g","caption":"Roberto Pablo Intimayta Llanque"},"description":"Especialista en Administraci\u00f3n de Pagina Web y Banco de Datos 2","url":"https:\/\/www.ine.gob.bo\/index.php\/author\/rintimayta\/"}]}},"rttpg_featured_image_url":{"full":["https:\/\/www.ine.gob.bo\/wp-content\/uploads\/2022\/04\/cuadro-2.jpg",726,496,false],"landscape":["https:\/\/www.ine.gob.bo\/wp-content\/uploads\/2022\/04\/cuadro-2.jpg",726,496,false],"portraits":["https:\/\/www.ine.gob.bo\/wp-content\/uploads\/2022\/04\/cuadro-2.jpg",726,496,false],"thumbnail":["https:\/\/www.ine.gob.bo\/wp-content\/uploads\/2022\/04\/cuadro-2-150x150.jpg",150,150,true],"medium":["https:\/\/www.ine.gob.bo\/wp-content\/uploads\/2022\/04\/cuadro-2-300x205.jpg",300,205,true],"large":["https:\/\/www.ine.gob.bo\/wp-content\/uploads\/2022\/04\/cuadro-2.jpg",726,496,false],"1536x1536":["https:\/\/www.ine.gob.bo\/wp-content\/uploads\/2022\/04\/cuadro-2.jpg",726,496,false],"2048x2048":["https:\/\/www.ine.gob.bo\/wp-content\/uploads\/2022\/04\/cuadro-2.jpg",726,496,false]},"rttpg_author":{"display_name":"Roberto Pablo Intimayta Llanque","author_link":"https:\/\/www.ine.gob.bo\/index.php\/author\/rintimayta\/"},"rttpg_comment":0,"rttpg_category":"<a href=\"https:\/\/www.ine.gob.bo\/index.php\/category\/ine-noticias\/\" rel=\"category tag\">INE noticias<\/a>","rttpg_excerpt":"[vc_row][vc_column][vc_column_text] La Paz, 12 de abril de 2022 (INE). &#8211; El \u00cdndice de Precios al Por Mayor (IPM) registr\u00f3 en marzo de 2022 una disminuci\u00f3n de -0,41% respecto a febrero. La variaci\u00f3n acumulada a marzo fue positiva de 0,95% y a doce meses fue negativa de -0,95%. Comportamiento de Precios al Por Mayor, seg\u00fan origen&hellip;","_links":{"self":[{"href":"https:\/\/www.ine.gob.bo\/index.php\/wp-json\/wp\/v2\/posts\/55925","targetHints":{"allow":["GET"]}}],"collection":[{"href":"https:\/\/www.ine.gob.bo\/index.php\/wp-json\/wp\/v2\/posts"}],"about":[{"href":"https:\/\/www.ine.gob.bo\/index.php\/wp-json\/wp\/v2\/types\/post"}],"author":[{"embeddable":true,"href":"https:\/\/www.ine.gob.bo\/index.php\/wp-json\/wp\/v2\/users\/3"}],"replies":[{"embeddable":true,"href":"https:\/\/www.ine.gob.bo\/index.php\/wp-json\/wp\/v2\/comments?post=55925"}],"version-history":[{"count":0,"href":"https:\/\/www.ine.gob.bo\/index.php\/wp-json\/wp\/v2\/posts\/55925\/revisions"}],"wp:featuredmedia":[{"embeddable":true,"href":"https:\/\/www.ine.gob.bo\/index.php\/wp-json\/wp\/v2\/media\/55927"}],"wp:attachment":[{"href":"https:\/\/www.ine.gob.bo\/index.php\/wp-json\/wp\/v2\/media?parent=55925"}],"wp:term":[{"taxonomy":"category","embeddable":true,"href":"https:\/\/www.ine.gob.bo\/index.php\/wp-json\/wp\/v2\/categories?post=55925"},{"taxonomy":"post_tag","embeddable":true,"href":"https:\/\/www.ine.gob.bo\/index.php\/wp-json\/wp\/v2\/tags?post=55925"}],"curies":[{"name":"wp","href":"https:\/\/api.w.org\/{rel}","templated":true}]}}