{"id":55892,"date":"2022-04-05T23:52:03","date_gmt":"2022-04-06T03:52:03","guid":{"rendered":"https:\/\/www.ine.gob.bo\/?p=55892"},"modified":"2025-06-26T12:18:00","modified_gmt":"2025-06-26T16:18:00","slug":"en-socializacion-del-censo-en-cochabamba-universitarios-mostraron-interes-en-ser-censistas","status":"publish","type":"post","link":"https:\/\/www.ine.gob.bo\/index.php\/en-socializacion-del-censo-en-cochabamba-universitarios-mostraron-interes-en-ser-censistas\/","title":{"rendered":"En socializaci\u00f3n del Censo en Cochabamba, universitarios mostraron inter\u00e9s en ser censistas"},"content":{"rendered":"<p>[vc_row][vc_column][vc_column_text]<\/p>\r\n<p><strong>Cochabamba, 05 de abril de 2022 (INE).- <\/strong>El Instituto Nacional de Estad\u00edstica (INE) socializ\u00f3 este martes en la ciudad de Cochabamba el proyecto del pr\u00f3ximo Censo de Poblaci\u00f3n y Vivienda (CPV) a la sociedad civil en general con el fin de transparentar el trabajo censal. En este evento se destac\u00f3 el inter\u00e9s de universitarios para ser censistas.<\/p>\r\n<p>De este evento participaron 75 personas, entre ellos concejales, representantes de gobiernos aut\u00f3nomos municipales del departamento de Cochabamba y de diferentes organizaciones sociales.<\/p>\r\n<p>Esta socializaci\u00f3n se realiz\u00f3 en instalaciones de la Asociaci\u00f3n de Gobiernos Aut\u00f3nomos Municipales de Cochabamba (AMDECO). El equipo t\u00e9cnico del INE a cargo de las exposiciones estuvo conformado por la directora de Censos y\u00a0 Encuestas, Martha Oviedo, el jefe de Unidad de Estad\u00edsticas e Indicadores Sociales, Ivan Marquez, y la jefa de Unidad de Operativos de Campo \u00e1rea Social, Betty Pastor.<\/p>\r\n<p>Ante la consulta de qui\u00e9nes podr\u00e1n ser censistas o c\u00f3mo se seleccionar\u00e1 a este personal, la directora de Censos y Encuestas, respondi\u00f3 que los mismos ser\u00e1n voluntarios, sean universitarios, estudiantes de secundaria o poblaci\u00f3n civil quienes recibir\u00e1n una \u201ccapacitaci\u00f3n anticipada.<\/p>\r\n<p>\u201cLa participaci\u00f3n se basa en la estructura de los colegios: profesor y alumnos. Para su participaci\u00f3n se introdujo el tema de capacitaci\u00f3n anticipada a trav\u00e9s de la incorporaci\u00f3n de temas en la curr\u00edcula educativa para los niveles primario y secundario. Entonces previo al Censo ellos van a conocer toda la actividad, los conceptos y dem\u00e1s\u201d, indic\u00f3.<\/p>\r\n<p>Entre las preguntas m\u00e1s recurrentes estuvo la referida al conflicto de l\u00edmites a lo que se respondi\u00f3 que el INE no tiene competencia en resolver los mismos y que se utilizar\u00e1 la distribuci\u00f3n geogr\u00e1fica que tenga el Viceministerio de Autonom\u00edas.<\/p>\r\n<p>En el tema l\u00edmites, se debe recordar que hasta el 31 de mayo las gobernaciones deben solucionar los conflictos intermunicipales en el marco de la Constituci\u00f3n Pol\u00edtica del Estado y la Ley N\u00b0339 de Delimitaci\u00f3n de Unidades Territoriales y que este aspecto no es competencia del INE.<\/p>\r\n<p>Oviedo tambi\u00e9n destac\u00f3 los avances en el proceso censal, en particular en la pre censal que involucra a la Actualizaci\u00f3n Cartogr\u00e1fica Estad\u00edstica (ACE). A su vez indic\u00f3 que ya se tiene un borrador de la boleta censal base, que no est\u00e1 definida, misma que fue revisada por organismos internacionales como la CEPAL, CELADE y el UNFPA para que hagan sus observaciones.<\/p>\r\n<p>\u201cHasta el momento es un borrador tienen 63 preguntas. Gran cantidad son las mismas porque debemos comparar el c\u00f3mo est\u00e1bamos antes y c\u00f3mo estamos ahora. Lo del COVID-19 tenemos que introducirla porque tenemos que saber lo que pas\u00f3 en el pa\u00eds\u201d, indic\u00f3 Oviedo al detallar que una de las preguntas que se har\u00e1 es \u00bfcu\u00e1ntas personas han fallecido en su hogar por el COVID?<\/p>\r\n<p>En la socializaci\u00f3n se explic\u00f3 que para transparentar el proceso censal el Ministerio de Planificaci\u00f3n del Desarrollo, conform\u00f3 una Comisi\u00f3n Internacional de Alto Nivel compuesta por representantes de organismos internacionales en materia censal como la CEPAL, CELADE, UNFPA, BID, BM Y FONPLATA para hacer seguimiento del proceso censal y cuyo objetivo es velar por la idoneidad, transparencia y calidad del proceso censal en el marco de los m\u00e1s altos est\u00e1ndares internacionales.<\/p>\r\n<p>La Ley N\u00b01405 de Estad\u00edsticas Oficiales del Estado Plurinacional de Bolivia en su art\u00edculo 6 par\u00e1grafo III indica que el INE es la \u00fanica entidad que est\u00e1 a cargo de la realizaci\u00f3n de censos oficiales en todo el territorio del Estado Plurinacional de Bolivia.<\/p>\r\n<p>Para transparentar este trabajo, el INE habilitar\u00e1 en los siguientes d\u00edas un espacio en su p\u00e1gina web referido exclusivamente al Censo que incluir\u00e1 todos los aspectos relativos al avance del proceso censal.<\/p>\r\n<p>&nbsp;<\/p>\r\n<p><img loading=\"lazy\" decoding=\"async\" class=\"aligncenter wp-image-55893 \" src=\"https:\/\/www.ine.gob.bo\/wp-content\/uploads\/2022\/04\/La-directora-de-Censos-y-Encuestas-Martha-Oviedo-socializa-el-proyecto-del-proximo-Censo.-05-04-2022.jpg\" alt=\"\" width=\"800\" height=\"525\" srcset=\"https:\/\/www.ine.gob.bo\/wp-content\/uploads\/2022\/04\/La-directora-de-Censos-y-Encuestas-Martha-Oviedo-socializa-el-proyecto-del-proximo-Censo.-05-04-2022.jpg 576w, https:\/\/www.ine.gob.bo\/wp-content\/uploads\/2022\/04\/La-directora-de-Censos-y-Encuestas-Martha-Oviedo-socializa-el-proyecto-del-proximo-Censo.-05-04-2022-300x197.jpg 300w\" sizes=\"auto, (max-width: 800px) 100vw, 800px\" \/><\/p>\r\n<p style=\"text-align: center;\"><em>La <\/em><em>directora de Censos y Encuestas, Martha Oviedo socializa el proyecto del pr\u00f3ximo Censo.<\/em><\/p>\r\n<p>&nbsp;<\/p>\r\n<p class=\"has-text-align-center\"><strong><em><img loading=\"lazy\" decoding=\"async\" class=\"aligncenter wp-image-55894 \" src=\"https:\/\/www.ine.gob.bo\/wp-content\/uploads\/2022\/04\/Representantes-de-la-sociedad-civil-cochabambina-participan-en-la-socializacion-del-proyecto-del-Censo-de-Poblacion-y-Vivienda.-05-04-2022.jpg\" alt=\"\" width=\"800\" height=\"552\" srcset=\"https:\/\/www.ine.gob.bo\/wp-content\/uploads\/2022\/04\/Representantes-de-la-sociedad-civil-cochabambina-participan-en-la-socializacion-del-proyecto-del-Censo-de-Poblacion-y-Vivienda.-05-04-2022.jpg 572w, https:\/\/www.ine.gob.bo\/wp-content\/uploads\/2022\/04\/Representantes-de-la-sociedad-civil-cochabambina-participan-en-la-socializacion-del-proyecto-del-Censo-de-Poblacion-y-Vivienda.-05-04-2022-300x207.jpg 300w\" sizes=\"auto, (max-width: 800px) 100vw, 800px\" \/><\/em><\/strong><\/p>\r\n<p style=\"text-align: center;\"><em>Representantes de la sociedad civil cochabambina participan en la socializaci\u00f3n del proyecto del Censo de Poblaci\u00f3n y Vivienda.<\/em><\/p>\r\n<p>&nbsp;<\/p>\r\n<p>&nbsp;<\/p>\r\n<p class=\"has-text-align-center\"><strong><em>Unidad de Difusi\u00f3n y Comunicaci\u00f3n<\/em><br \/>INSTITUTO NACIONAL DE ESTAD\u00cdSTICA<\/strong><\/p>\r\n<p class=\"has-text-align-center\"><!-- \/wp:post-content --><\/p>\r\n<p><!-- wp:paragraph --><a href=\"https:\/\/nimbus.ine.gob.bo\/index.php\/s\/HYbrSfPMgjEwa9A\/download\">Descargar Nota de Prensa<\/a><\/p>\r\n<p class=\"has-text-align-center\"><!-- \/wp:paragraph --><\/p>\r\n<p class=\"has-text-align-center\"><!-- wp:separator --><\/p>\r\n<hr class=\"wp-block-separator\" \/>\r\n<p class=\"has-text-align-center\"><!-- \/wp:separator --><\/p>\r\n<p class=\"has-text-align-center\"><!-- wp:paragraph {\"align\":\"right\"} --><\/p>\r\n<p class=\"has-text-align-right\"><strong><em>Entidad dependiente del Ministerio de Planificaci\u00f3n del Desarrollo<\/em><\/strong><\/p>\r\n<p class=\"has-text-align-center\"><!-- \/wp:paragraph --><\/p>\r\n<p>&nbsp;<\/p>\r\n<p>[\/vc_column_text][\/vc_column][\/vc_row]<\/p>","protected":false},"excerpt":{"rendered":"<p>[vc_row][vc_column][vc_column_text] Cochabamba, 05 de abril de 2022 (INE).- El Instituto Nacional de Estad\u00edstica (INE) socializ\u00f3 este martes en la ciudad de Cochabamba el proyecto del pr\u00f3ximo Censo de Poblaci\u00f3n y Vivienda (CPV) a la sociedad civil en general con el fin de transparentar el trabajo censal. En este evento se destac\u00f3 el inter\u00e9s de universitarios&hellip;<\/p>\n","protected":false},"author":19,"featured_media":55893,"comment_status":"closed","ping_status":"open","sticky":false,"template":"","format":"standard","meta":[],"categories":[158],"tags":[52],"class_list":["post-55892","post","type-post","status-publish","format-standard","has-post-thumbnail","hentry","category-ine-noticias","tag-ine-noticias","category-158","description-off"],"yoast_head":"<!-- This site is optimized with the Yoast SEO plugin v23.2 - https:\/\/yoast.com\/wordpress\/plugins\/seo\/ -->\n<title>En socializaci\u00f3n del Censo en Cochabamba, universitarios mostraron inter\u00e9s en ser censistas - INE<\/title>\n<meta name=\"description\" content=\"P\u00e1gina oficial del Instituto Nacional de Estadistica INE, informaci\u00f3n estad\u00edstica, geogr\u00e1fica y econ\u00f3mica a nivel nacional.\" \/>\n<meta name=\"robots\" content=\"index, follow, max-snippet:-1, max-image-preview:large, max-video-preview:-1\" \/>\n<link rel=\"canonical\" href=\"https:\/\/www.ine.gob.bo\/index.php\/en-socializacion-del-censo-en-cochabamba-universitarios-mostraron-interes-en-ser-censistas\/\" \/>\n<meta property=\"og:locale\" content=\"es_ES\" \/>\n<meta property=\"og:type\" content=\"article\" \/>\n<meta property=\"og:title\" content=\"En socializaci\u00f3n del Censo en Cochabamba, universitarios mostraron inter\u00e9s en ser censistas - INE\" \/>\n<meta property=\"og:description\" content=\"P\u00e1gina oficial del Instituto Nacional de Estadistica INE, informaci\u00f3n estad\u00edstica, geogr\u00e1fica y econ\u00f3mica a nivel nacional.\" \/>\n<meta property=\"og:url\" content=\"https:\/\/www.ine.gob.bo\/index.php\/en-socializacion-del-censo-en-cochabamba-universitarios-mostraron-interes-en-ser-censistas\/\" \/>\n<meta property=\"og:site_name\" content=\"INE\" \/>\n<meta property=\"article:publisher\" content=\"https:\/\/www.facebook.com\/ineboliviaoficial\" \/>\n<meta property=\"article:published_time\" content=\"2022-04-06T03:52:03+00:00\" \/>\n<meta property=\"article:modified_time\" content=\"2025-06-26T16:18:00+00:00\" \/>\n<meta property=\"og:image\" content=\"https:\/\/www.ine.gob.bo\/wp-content\/uploads\/2022\/04\/La-directora-de-Censos-y-Encuestas-Martha-Oviedo-socializa-el-proyecto-del-proximo-Censo.-05-04-2022.jpg\" \/>\n\t<meta property=\"og:image:width\" content=\"576\" \/>\n\t<meta property=\"og:image:height\" content=\"378\" \/>\n\t<meta property=\"og:image:type\" content=\"image\/jpeg\" \/>\n<meta name=\"author\" content=\"Albaro Benedicto Laime Mamani\" \/>\n<meta name=\"twitter:card\" content=\"summary_large_image\" \/>\n<meta name=\"twitter:creator\" content=\"@INE_Bolivia\" \/>\n<meta name=\"twitter:site\" content=\"@INE_Bolivia\" \/>\n<meta name=\"twitter:label1\" content=\"Escrito por\" \/>\n\t<meta name=\"twitter:data1\" content=\"Albaro Benedicto Laime Mamani\" \/>\n\t<meta name=\"twitter:label2\" content=\"Tiempo de lectura\" \/>\n\t<meta name=\"twitter:data2\" content=\"4 minutos\" \/>\n<script type=\"application\/ld+json\" class=\"yoast-schema-graph\">{\"@context\":\"https:\/\/schema.org\",\"@graph\":[{\"@type\":\"Article\",\"@id\":\"https:\/\/www.ine.gob.bo\/index.php\/en-socializacion-del-censo-en-cochabamba-universitarios-mostraron-interes-en-ser-censistas\/#article\",\"isPartOf\":{\"@id\":\"https:\/\/www.ine.gob.bo\/index.php\/en-socializacion-del-censo-en-cochabamba-universitarios-mostraron-interes-en-ser-censistas\/\"},\"author\":{\"name\":\"Albaro Benedicto Laime Mamani\",\"@id\":\"https:\/\/www.ine.gob.bo\/#\/schema\/person\/cd5e3dea21e6634e99cebddcca7540d1\"},\"headline\":\"En socializaci\u00f3n del Censo en Cochabamba, universitarios mostraron inter\u00e9s en ser censistas\",\"datePublished\":\"2022-04-06T03:52:03+00:00\",\"dateModified\":\"2025-06-26T16:18:00+00:00\",\"mainEntityOfPage\":{\"@id\":\"https:\/\/www.ine.gob.bo\/index.php\/en-socializacion-del-censo-en-cochabamba-universitarios-mostraron-interes-en-ser-censistas\/\"},\"wordCount\":737,\"publisher\":{\"@id\":\"https:\/\/www.ine.gob.bo\/#organization\"},\"image\":{\"@id\":\"https:\/\/www.ine.gob.bo\/index.php\/en-socializacion-del-censo-en-cochabamba-universitarios-mostraron-interes-en-ser-censistas\/#primaryimage\"},\"thumbnailUrl\":\"https:\/\/www.ine.gob.bo\/wp-content\/uploads\/2022\/04\/La-directora-de-Censos-y-Encuestas-Martha-Oviedo-socializa-el-proyecto-del-proximo-Censo.-05-04-2022.jpg\",\"keywords\":[\"INE Noticias\"],\"articleSection\":[\"INE noticias\"],\"inLanguage\":\"es\"},{\"@type\":\"WebPage\",\"@id\":\"https:\/\/www.ine.gob.bo\/index.php\/en-socializacion-del-censo-en-cochabamba-universitarios-mostraron-interes-en-ser-censistas\/\",\"url\":\"https:\/\/www.ine.gob.bo\/index.php\/en-socializacion-del-censo-en-cochabamba-universitarios-mostraron-interes-en-ser-censistas\/\",\"name\":\"En socializaci\u00f3n del Censo en Cochabamba, universitarios mostraron inter\u00e9s en ser censistas - INE\",\"isPartOf\":{\"@id\":\"https:\/\/www.ine.gob.bo\/#website\"},\"primaryImageOfPage\":{\"@id\":\"https:\/\/www.ine.gob.bo\/index.php\/en-socializacion-del-censo-en-cochabamba-universitarios-mostraron-interes-en-ser-censistas\/#primaryimage\"},\"image\":{\"@id\":\"https:\/\/www.ine.gob.bo\/index.php\/en-socializacion-del-censo-en-cochabamba-universitarios-mostraron-interes-en-ser-censistas\/#primaryimage\"},\"thumbnailUrl\":\"https:\/\/www.ine.gob.bo\/wp-content\/uploads\/2022\/04\/La-directora-de-Censos-y-Encuestas-Martha-Oviedo-socializa-el-proyecto-del-proximo-Censo.-05-04-2022.jpg\",\"datePublished\":\"2022-04-06T03:52:03+00:00\",\"dateModified\":\"2025-06-26T16:18:00+00:00\",\"description\":\"P\u00e1gina oficial del Instituto Nacional de Estadistica INE, informaci\u00f3n estad\u00edstica, geogr\u00e1fica y econ\u00f3mica a nivel nacional.\",\"breadcrumb\":{\"@id\":\"https:\/\/www.ine.gob.bo\/index.php\/en-socializacion-del-censo-en-cochabamba-universitarios-mostraron-interes-en-ser-censistas\/#breadcrumb\"},\"inLanguage\":\"es\",\"potentialAction\":[{\"@type\":\"ReadAction\",\"target\":[\"https:\/\/www.ine.gob.bo\/index.php\/en-socializacion-del-censo-en-cochabamba-universitarios-mostraron-interes-en-ser-censistas\/\"]}]},{\"@type\":\"ImageObject\",\"inLanguage\":\"es\",\"@id\":\"https:\/\/www.ine.gob.bo\/index.php\/en-socializacion-del-censo-en-cochabamba-universitarios-mostraron-interes-en-ser-censistas\/#primaryimage\",\"url\":\"https:\/\/www.ine.gob.bo\/wp-content\/uploads\/2022\/04\/La-directora-de-Censos-y-Encuestas-Martha-Oviedo-socializa-el-proyecto-del-proximo-Censo.-05-04-2022.jpg\",\"contentUrl\":\"https:\/\/www.ine.gob.bo\/wp-content\/uploads\/2022\/04\/La-directora-de-Censos-y-Encuestas-Martha-Oviedo-socializa-el-proyecto-del-proximo-Censo.-05-04-2022.jpg\",\"width\":576,\"height\":378},{\"@type\":\"BreadcrumbList\",\"@id\":\"https:\/\/www.ine.gob.bo\/index.php\/en-socializacion-del-censo-en-cochabamba-universitarios-mostraron-interes-en-ser-censistas\/#breadcrumb\",\"itemListElement\":[{\"@type\":\"ListItem\",\"position\":1,\"name\":\"Portada\",\"item\":\"https:\/\/www.ine.gob.bo\/\"},{\"@type\":\"ListItem\",\"position\":2,\"name\":\"En socializaci\u00f3n del Censo en Cochabamba, universitarios mostraron inter\u00e9s en ser censistas\"}]},{\"@type\":\"WebSite\",\"@id\":\"https:\/\/www.ine.gob.bo\/#website\",\"url\":\"https:\/\/www.ine.gob.bo\/\",\"name\":\"INE\",\"description\":\"Instituto Nacional de Estad\u00edstica\",\"publisher\":{\"@id\":\"https:\/\/www.ine.gob.bo\/#organization\"},\"potentialAction\":[{\"@type\":\"SearchAction\",\"target\":{\"@type\":\"EntryPoint\",\"urlTemplate\":\"https:\/\/www.ine.gob.bo\/?s={search_term_string}\"},\"query-input\":\"required name=search_term_string\"}],\"inLanguage\":\"es\"},{\"@type\":\"Organization\",\"@id\":\"https:\/\/www.ine.gob.bo\/#organization\",\"name\":\"Instituto Nacional de Estad\u00edstica\",\"url\":\"https:\/\/www.ine.gob.bo\/\",\"logo\":{\"@type\":\"ImageObject\",\"inLanguage\":\"es\",\"@id\":\"https:\/\/www.ine.gob.bo\/#\/schema\/logo\/image\/\",\"url\":\"https:\/\/www.ine.gob.bo\/wp-content\/uploads\/2026\/02\/logo-ine.jpg\",\"contentUrl\":\"https:\/\/www.ine.gob.bo\/wp-content\/uploads\/2026\/02\/logo-ine.jpg\",\"width\":799,\"height\":453,\"caption\":\"Instituto Nacional de Estad\u00edstica\"},\"image\":{\"@id\":\"https:\/\/www.ine.gob.bo\/#\/schema\/logo\/image\/\"},\"sameAs\":[\"https:\/\/www.facebook.com\/ineboliviaoficial\",\"https:\/\/x.com\/INE_Bolivia\",\"https:\/\/www.instagram.com\/ineboliviaoficial\/\",\"https:\/\/www.youtube.com\/channel\/UCbIQXKLw414g5kWo1tAwqCg\"]},{\"@type\":\"Person\",\"@id\":\"https:\/\/www.ine.gob.bo\/#\/schema\/person\/cd5e3dea21e6634e99cebddcca7540d1\",\"name\":\"Albaro Benedicto Laime Mamani\",\"image\":{\"@type\":\"ImageObject\",\"inLanguage\":\"es\",\"@id\":\"https:\/\/www.ine.gob.bo\/#\/schema\/person\/image\/\",\"url\":\"https:\/\/secure.gravatar.com\/avatar\/450967f1badecac6afbf323d3a06c551f001ee9e5a1094976c96b19cce5b7180?s=96&d=mm&r=g\",\"contentUrl\":\"https:\/\/secure.gravatar.com\/avatar\/450967f1badecac6afbf323d3a06c551f001ee9e5a1094976c96b19cce5b7180?s=96&d=mm&r=g\",\"caption\":\"Albaro Benedicto Laime Mamani\"},\"url\":\"https:\/\/www.ine.gob.bo\/index.php\/author\/alaime\/\"}]}<\/script>\n<!-- \/ Yoast SEO plugin. -->","yoast_head_json":{"title":"En socializaci\u00f3n del Censo en Cochabamba, universitarios mostraron inter\u00e9s en ser censistas - INE","description":"P\u00e1gina oficial del Instituto Nacional de Estadistica INE, informaci\u00f3n estad\u00edstica, geogr\u00e1fica y econ\u00f3mica a nivel nacional.","robots":{"index":"index","follow":"follow","max-snippet":"max-snippet:-1","max-image-preview":"max-image-preview:large","max-video-preview":"max-video-preview:-1"},"canonical":"https:\/\/www.ine.gob.bo\/index.php\/en-socializacion-del-censo-en-cochabamba-universitarios-mostraron-interes-en-ser-censistas\/","og_locale":"es_ES","og_type":"article","og_title":"En socializaci\u00f3n del Censo en Cochabamba, universitarios mostraron inter\u00e9s en ser censistas - INE","og_description":"P\u00e1gina oficial del Instituto Nacional de Estadistica INE, informaci\u00f3n estad\u00edstica, geogr\u00e1fica y econ\u00f3mica a nivel nacional.","og_url":"https:\/\/www.ine.gob.bo\/index.php\/en-socializacion-del-censo-en-cochabamba-universitarios-mostraron-interes-en-ser-censistas\/","og_site_name":"INE","article_publisher":"https:\/\/www.facebook.com\/ineboliviaoficial","article_published_time":"2022-04-06T03:52:03+00:00","article_modified_time":"2025-06-26T16:18:00+00:00","og_image":[{"width":576,"height":378,"url":"https:\/\/www.ine.gob.bo\/wp-content\/uploads\/2022\/04\/La-directora-de-Censos-y-Encuestas-Martha-Oviedo-socializa-el-proyecto-del-proximo-Censo.-05-04-2022.jpg","type":"image\/jpeg"}],"author":"Albaro Benedicto Laime Mamani","twitter_card":"summary_large_image","twitter_creator":"@INE_Bolivia","twitter_site":"@INE_Bolivia","twitter_misc":{"Escrito por":"Albaro Benedicto Laime Mamani","Tiempo de lectura":"4 minutos"},"schema":{"@context":"https:\/\/schema.org","@graph":[{"@type":"Article","@id":"https:\/\/www.ine.gob.bo\/index.php\/en-socializacion-del-censo-en-cochabamba-universitarios-mostraron-interes-en-ser-censistas\/#article","isPartOf":{"@id":"https:\/\/www.ine.gob.bo\/index.php\/en-socializacion-del-censo-en-cochabamba-universitarios-mostraron-interes-en-ser-censistas\/"},"author":{"name":"Albaro Benedicto Laime Mamani","@id":"https:\/\/www.ine.gob.bo\/#\/schema\/person\/cd5e3dea21e6634e99cebddcca7540d1"},"headline":"En socializaci\u00f3n del Censo en Cochabamba, universitarios mostraron inter\u00e9s en ser censistas","datePublished":"2022-04-06T03:52:03+00:00","dateModified":"2025-06-26T16:18:00+00:00","mainEntityOfPage":{"@id":"https:\/\/www.ine.gob.bo\/index.php\/en-socializacion-del-censo-en-cochabamba-universitarios-mostraron-interes-en-ser-censistas\/"},"wordCount":737,"publisher":{"@id":"https:\/\/www.ine.gob.bo\/#organization"},"image":{"@id":"https:\/\/www.ine.gob.bo\/index.php\/en-socializacion-del-censo-en-cochabamba-universitarios-mostraron-interes-en-ser-censistas\/#primaryimage"},"thumbnailUrl":"https:\/\/www.ine.gob.bo\/wp-content\/uploads\/2022\/04\/La-directora-de-Censos-y-Encuestas-Martha-Oviedo-socializa-el-proyecto-del-proximo-Censo.-05-04-2022.jpg","keywords":["INE Noticias"],"articleSection":["INE noticias"],"inLanguage":"es"},{"@type":"WebPage","@id":"https:\/\/www.ine.gob.bo\/index.php\/en-socializacion-del-censo-en-cochabamba-universitarios-mostraron-interes-en-ser-censistas\/","url":"https:\/\/www.ine.gob.bo\/index.php\/en-socializacion-del-censo-en-cochabamba-universitarios-mostraron-interes-en-ser-censistas\/","name":"En socializaci\u00f3n del Censo en Cochabamba, universitarios mostraron inter\u00e9s en ser censistas - INE","isPartOf":{"@id":"https:\/\/www.ine.gob.bo\/#website"},"primaryImageOfPage":{"@id":"https:\/\/www.ine.gob.bo\/index.php\/en-socializacion-del-censo-en-cochabamba-universitarios-mostraron-interes-en-ser-censistas\/#primaryimage"},"image":{"@id":"https:\/\/www.ine.gob.bo\/index.php\/en-socializacion-del-censo-en-cochabamba-universitarios-mostraron-interes-en-ser-censistas\/#primaryimage"},"thumbnailUrl":"https:\/\/www.ine.gob.bo\/wp-content\/uploads\/2022\/04\/La-directora-de-Censos-y-Encuestas-Martha-Oviedo-socializa-el-proyecto-del-proximo-Censo.-05-04-2022.jpg","datePublished":"2022-04-06T03:52:03+00:00","dateModified":"2025-06-26T16:18:00+00:00","description":"P\u00e1gina oficial del Instituto Nacional de Estadistica INE, informaci\u00f3n estad\u00edstica, geogr\u00e1fica y econ\u00f3mica a nivel nacional.","breadcrumb":{"@id":"https:\/\/www.ine.gob.bo\/index.php\/en-socializacion-del-censo-en-cochabamba-universitarios-mostraron-interes-en-ser-censistas\/#breadcrumb"},"inLanguage":"es","potentialAction":[{"@type":"ReadAction","target":["https:\/\/www.ine.gob.bo\/index.php\/en-socializacion-del-censo-en-cochabamba-universitarios-mostraron-interes-en-ser-censistas\/"]}]},{"@type":"ImageObject","inLanguage":"es","@id":"https:\/\/www.ine.gob.bo\/index.php\/en-socializacion-del-censo-en-cochabamba-universitarios-mostraron-interes-en-ser-censistas\/#primaryimage","url":"https:\/\/www.ine.gob.bo\/wp-content\/uploads\/2022\/04\/La-directora-de-Censos-y-Encuestas-Martha-Oviedo-socializa-el-proyecto-del-proximo-Censo.-05-04-2022.jpg","contentUrl":"https:\/\/www.ine.gob.bo\/wp-content\/uploads\/2022\/04\/La-directora-de-Censos-y-Encuestas-Martha-Oviedo-socializa-el-proyecto-del-proximo-Censo.-05-04-2022.jpg","width":576,"height":378},{"@type":"BreadcrumbList","@id":"https:\/\/www.ine.gob.bo\/index.php\/en-socializacion-del-censo-en-cochabamba-universitarios-mostraron-interes-en-ser-censistas\/#breadcrumb","itemListElement":[{"@type":"ListItem","position":1,"name":"Portada","item":"https:\/\/www.ine.gob.bo\/"},{"@type":"ListItem","position":2,"name":"En socializaci\u00f3n del Censo en Cochabamba, universitarios mostraron inter\u00e9s en ser censistas"}]},{"@type":"WebSite","@id":"https:\/\/www.ine.gob.bo\/#website","url":"https:\/\/www.ine.gob.bo\/","name":"INE","description":"Instituto Nacional de Estad\u00edstica","publisher":{"@id":"https:\/\/www.ine.gob.bo\/#organization"},"potentialAction":[{"@type":"SearchAction","target":{"@type":"EntryPoint","urlTemplate":"https:\/\/www.ine.gob.bo\/?s={search_term_string}"},"query-input":"required name=search_term_string"}],"inLanguage":"es"},{"@type":"Organization","@id":"https:\/\/www.ine.gob.bo\/#organization","name":"Instituto Nacional de Estad\u00edstica","url":"https:\/\/www.ine.gob.bo\/","logo":{"@type":"ImageObject","inLanguage":"es","@id":"https:\/\/www.ine.gob.bo\/#\/schema\/logo\/image\/","url":"https:\/\/www.ine.gob.bo\/wp-content\/uploads\/2026\/02\/logo-ine.jpg","contentUrl":"https:\/\/www.ine.gob.bo\/wp-content\/uploads\/2026\/02\/logo-ine.jpg","width":799,"height":453,"caption":"Instituto Nacional de Estad\u00edstica"},"image":{"@id":"https:\/\/www.ine.gob.bo\/#\/schema\/logo\/image\/"},"sameAs":["https:\/\/www.facebook.com\/ineboliviaoficial","https:\/\/x.com\/INE_Bolivia","https:\/\/www.instagram.com\/ineboliviaoficial\/","https:\/\/www.youtube.com\/channel\/UCbIQXKLw414g5kWo1tAwqCg"]},{"@type":"Person","@id":"https:\/\/www.ine.gob.bo\/#\/schema\/person\/cd5e3dea21e6634e99cebddcca7540d1","name":"Albaro Benedicto Laime Mamani","image":{"@type":"ImageObject","inLanguage":"es","@id":"https:\/\/www.ine.gob.bo\/#\/schema\/person\/image\/","url":"https:\/\/secure.gravatar.com\/avatar\/450967f1badecac6afbf323d3a06c551f001ee9e5a1094976c96b19cce5b7180?s=96&d=mm&r=g","contentUrl":"https:\/\/secure.gravatar.com\/avatar\/450967f1badecac6afbf323d3a06c551f001ee9e5a1094976c96b19cce5b7180?s=96&d=mm&r=g","caption":"Albaro Benedicto Laime Mamani"},"url":"https:\/\/www.ine.gob.bo\/index.php\/author\/alaime\/"}]}},"rttpg_featured_image_url":{"full":["https:\/\/www.ine.gob.bo\/wp-content\/uploads\/2022\/04\/La-directora-de-Censos-y-Encuestas-Martha-Oviedo-socializa-el-proyecto-del-proximo-Censo.-05-04-2022.jpg",576,378,false],"landscape":["https:\/\/www.ine.gob.bo\/wp-content\/uploads\/2022\/04\/La-directora-de-Censos-y-Encuestas-Martha-Oviedo-socializa-el-proyecto-del-proximo-Censo.-05-04-2022.jpg",576,378,false],"portraits":["https:\/\/www.ine.gob.bo\/wp-content\/uploads\/2022\/04\/La-directora-de-Censos-y-Encuestas-Martha-Oviedo-socializa-el-proyecto-del-proximo-Censo.-05-04-2022.jpg",576,378,false],"thumbnail":["https:\/\/www.ine.gob.bo\/wp-content\/uploads\/2022\/04\/La-directora-de-Censos-y-Encuestas-Martha-Oviedo-socializa-el-proyecto-del-proximo-Censo.-05-04-2022-150x150.jpg",150,150,true],"medium":["https:\/\/www.ine.gob.bo\/wp-content\/uploads\/2022\/04\/La-directora-de-Censos-y-Encuestas-Martha-Oviedo-socializa-el-proyecto-del-proximo-Censo.-05-04-2022-300x197.jpg",300,197,true],"large":["https:\/\/www.ine.gob.bo\/wp-content\/uploads\/2022\/04\/La-directora-de-Censos-y-Encuestas-Martha-Oviedo-socializa-el-proyecto-del-proximo-Censo.-05-04-2022.jpg",576,378,false],"1536x1536":["https:\/\/www.ine.gob.bo\/wp-content\/uploads\/2022\/04\/La-directora-de-Censos-y-Encuestas-Martha-Oviedo-socializa-el-proyecto-del-proximo-Censo.-05-04-2022.jpg",576,378,false],"2048x2048":["https:\/\/www.ine.gob.bo\/wp-content\/uploads\/2022\/04\/La-directora-de-Censos-y-Encuestas-Martha-Oviedo-socializa-el-proyecto-del-proximo-Censo.-05-04-2022.jpg",576,378,false]},"rttpg_author":{"display_name":"Albaro Benedicto Laime Mamani","author_link":"https:\/\/www.ine.gob.bo\/index.php\/author\/alaime\/"},"rttpg_comment":0,"rttpg_category":"<a href=\"https:\/\/www.ine.gob.bo\/index.php\/category\/ine-noticias\/\" rel=\"category tag\">INE noticias<\/a>","rttpg_excerpt":"[vc_row][vc_column][vc_column_text] Cochabamba, 05 de abril de 2022 (INE).- El Instituto Nacional de Estad\u00edstica (INE) socializ\u00f3 este martes en la ciudad de Cochabamba el proyecto del pr\u00f3ximo Censo de Poblaci\u00f3n y Vivienda (CPV) a la sociedad civil en general con el fin de transparentar el trabajo censal. En este evento se destac\u00f3 el inter\u00e9s de universitarios&hellip;","_links":{"self":[{"href":"https:\/\/www.ine.gob.bo\/index.php\/wp-json\/wp\/v2\/posts\/55892","targetHints":{"allow":["GET"]}}],"collection":[{"href":"https:\/\/www.ine.gob.bo\/index.php\/wp-json\/wp\/v2\/posts"}],"about":[{"href":"https:\/\/www.ine.gob.bo\/index.php\/wp-json\/wp\/v2\/types\/post"}],"author":[{"embeddable":true,"href":"https:\/\/www.ine.gob.bo\/index.php\/wp-json\/wp\/v2\/users\/19"}],"replies":[{"embeddable":true,"href":"https:\/\/www.ine.gob.bo\/index.php\/wp-json\/wp\/v2\/comments?post=55892"}],"version-history":[{"count":0,"href":"https:\/\/www.ine.gob.bo\/index.php\/wp-json\/wp\/v2\/posts\/55892\/revisions"}],"wp:featuredmedia":[{"embeddable":true,"href":"https:\/\/www.ine.gob.bo\/index.php\/wp-json\/wp\/v2\/media\/55893"}],"wp:attachment":[{"href":"https:\/\/www.ine.gob.bo\/index.php\/wp-json\/wp\/v2\/media?parent=55892"}],"wp:term":[{"taxonomy":"category","embeddable":true,"href":"https:\/\/www.ine.gob.bo\/index.php\/wp-json\/wp\/v2\/categories?post=55892"},{"taxonomy":"post_tag","embeddable":true,"href":"https:\/\/www.ine.gob.bo\/index.php\/wp-json\/wp\/v2\/tags?post=55892"}],"curies":[{"name":"wp","href":"https:\/\/api.w.org\/{rel}","templated":true}]}}