{"id":55561,"date":"2022-03-15T12:57:48","date_gmt":"2022-03-15T16:57:48","guid":{"rendered":"https:\/\/www.ine.gob.bo\/?p=55561"},"modified":"2025-06-26T15:12:55","modified_gmt":"2025-06-26T19:12:55","slug":"gobierno-muestra-avances-alcanzados-en-la-organizacion-del-proximo-censo","status":"publish","type":"post","link":"https:\/\/www.ine.gob.bo\/index.php\/gobierno-muestra-avances-alcanzados-en-la-organizacion-del-proximo-censo\/","title":{"rendered":"Gobierno muestra avances alcanzados en la organizaci\u00f3n del pr\u00f3ximo Censo"},"content":{"rendered":"<p>[vc_row][vc_column][vc_column_text]<\/p>\r\n<p><strong>La Paz, 15 de marzo de 2022 (INE).-<\/strong> El Viceministro de Planificaci\u00f3n y Coordinaci\u00f3n, David Guachalla, junto al Director General Ejecutivo del Instituto Nacional de Estad\u00edstica (INE), Humberto Arandia, informaron este martes a trav\u00e9s de una conferencia de\u00a0 prensa, los avances que se tienen en el desarrollo de las actividades previas con miras a la realizaci\u00f3n del pr\u00f3ximo Censo de Poblaci\u00f3n y Vivienda (CPV) previsto para el 16 de noviembre de este a\u00f1o.<\/p>\r\n<p>Ambas autoridades ratificaron que el Censo 2022 es de prioridad nacional en virtud del Decreto Supremo N\u00b04546, por lo que el INE viene desarrollando las actividades preparatorias como la elaboraci\u00f3n de los formularios de recolecci\u00f3n de informaci\u00f3n de la Actualizaci\u00f3n Cartogr\u00e1fica Estad\u00edstica. Tambi\u00e9n destacaron la aplicaci\u00f3n del Formulario F1 con informaci\u00f3n de las comunidades que forman parte de todos los municipios del pa\u00eds.<\/p>\r\n<p>Asimismo, mencionaron que se utilizar\u00e1 tecnolog\u00eda de punta, que se traduce en el desarrollo de aplicaciones inform\u00e1ticas, las cuales ser\u00e1n empleadas en la Actualizaci\u00f3n Cartogr\u00e1fica Estad\u00edstica que, por primera vez en el pa\u00eds, ser\u00e1 llevada a cabo mediante la utilizaci\u00f3n de dispositivos m\u00f3viles.<\/p>\r\n<p>Otros avances destacados son las pruebas piloto realizadas en \u00e1reas urbanas y rurales de los departamentos de La Paz, Cochabamba y Santa Cruz, las mismas que permitieron medir el funcionamiento de los instrumentos desarrollados para la Actualizaci\u00f3n Cartogr\u00e1fica Estad\u00edstica como los formularios, las aplicaciones inform\u00e1ticas de captura de datos, de monitoreo y la conectividad del Internet en \u00e1reas rurales, entre los aspectos m\u00e1s importantes.<\/p>\r\n<p>Los datos que se obtengan en el Censo 2022 nos permitir\u00e1n elaborar el marco muestral para la realizaci\u00f3n de encuestas que se realizar\u00e1n en los pr\u00f3ximos diez a\u00f1os.<\/p>\r\n<p>Con el objetivo de transparentar este trabajo, el INE habilitar\u00e1 en los siguientes d\u00edas un espacio en su p\u00e1gina web referido exclusivamente al Censo 2022. Este portal web incluir\u00e1 toda la informaci\u00f3n relativa al avance del proceso censal.<\/p>\r\n<p>Cabe recordar que la Constituci\u00f3n Pol\u00edtica del Estado (CPE), en su Art\u00edculo 298 Par\u00e1grafo I Numeral 16, establece que la realizaci\u00f3n de los censos oficiales es una funci\u00f3n privativa del nivel central del Estado Plurinacional de Bolivia y que la Ley 1405 de Estad\u00edsticas Oficiales del Estado Plurinacional de Bolivia, en su Art\u00edculo 6 Par\u00e1grafo III indica que el INE es la \u00fanica entidad que est\u00e1 a cargo de la realizaci\u00f3n de censos oficiales en todo el territorio del Estado Plurinacional de Bolivia<\/p>\r\n<p>&nbsp;<\/p>\r\n<!-- \/wp:post-content -->\r\n<p>&nbsp;<\/p>\r\n<!-- wp:paragraph {\"align\":\"center\"} -->\r\n<p class=\"has-text-align-center\"><strong><em><img loading=\"lazy\" decoding=\"async\" class=\"aligncenter wp-image-55562 size-full\" src=\"https:\/\/www.ine.gob.bo\/wp-content\/uploads\/2022\/03\/foto_1.png\" alt=\"\" width=\"1343\" height=\"761\" srcset=\"https:\/\/www.ine.gob.bo\/wp-content\/uploads\/2022\/03\/foto_1.png 1343w, https:\/\/www.ine.gob.bo\/wp-content\/uploads\/2022\/03\/foto_1-300x170.png 300w, https:\/\/www.ine.gob.bo\/wp-content\/uploads\/2022\/03\/foto_1-1024x580.png 1024w, https:\/\/www.ine.gob.bo\/wp-content\/uploads\/2022\/03\/foto_1-768x435.png 768w\" sizes=\"auto, (max-width: 1343px) 100vw, 1343px\" \/><\/em><\/strong><\/p>\r\n<p style=\"text-align: center;\">El Director General Ejecutivo del INE, Humberto Arandia, estuvo a cargo de la exposici\u00f3n acerca de los avances en la planificaci\u00f3n y desarrollo del pr\u00f3ximo Censo de Poblaci\u00f3n y Vivienda.<\/p>\r\n<p>&nbsp;<\/p>\r\n<p class=\"has-text-align-center\"><strong><em><img loading=\"lazy\" decoding=\"async\" class=\"aligncenter wp-image-55563 size-full\" src=\"https:\/\/www.ine.gob.bo\/wp-content\/uploads\/2022\/03\/foto_2.png\" alt=\"\" width=\"1325\" height=\"746\" srcset=\"https:\/\/www.ine.gob.bo\/wp-content\/uploads\/2022\/03\/foto_2.png 1325w, https:\/\/www.ine.gob.bo\/wp-content\/uploads\/2022\/03\/foto_2-300x169.png 300w, https:\/\/www.ine.gob.bo\/wp-content\/uploads\/2022\/03\/foto_2-1024x577.png 1024w, https:\/\/www.ine.gob.bo\/wp-content\/uploads\/2022\/03\/foto_2-768x432.png 768w\" sizes=\"auto, (max-width: 1325px) 100vw, 1325px\" \/><\/em><\/strong><\/p>\r\n<p style=\"text-align: center;\">El Viceministro de Planificaci\u00f3n y Coordinaci\u00f3n, David Guachalla destac\u00f3 que el Censo es prioridad nacional.<\/p>\r\n<p class=\"has-text-align-center\"><strong><em>Unidad de Difusi\u00f3n y Comunicaci\u00f3n<\/em><br \/>INSTITUTO NACIONAL DE ESTAD\u00cdSTICA<\/strong><\/p>\r\n<!-- \/wp:paragraph -->\r\n<p><!-- wp:paragraph --><a href=\"https:\/\/nimbus.ine.gob.bo\/index.php\/s\/6j94mHmNfDjLKZE\/download\">Descargar Nota de Prensa<\/a><\/p>\r\n<!-- \/wp:paragraph -->\r\n<p>&nbsp;<\/p>\r\n<!-- wp:separator --><hr class=\"wp-block-separator\" \/><!-- \/wp:separator -->\r\n<p>&nbsp;<\/p>\r\n<!-- wp:paragraph {\"align\":\"right\"} -->\r\n<p class=\"has-text-align-right\"><strong><em>Entidad dependiente del Ministerio de Planificaci\u00f3n del Desarrollo<\/em><\/strong><\/p>\r\n<!-- \/wp:paragraph -->\r\n<p>&nbsp;<\/p>\r\n<p>[\/vc_column_text][\/vc_column][\/vc_row]<\/p>","protected":false},"excerpt":{"rendered":"<p>[vc_row][vc_column][vc_column_text] La Paz, 15 de marzo de 2022 (INE).- El Viceministro de Planificaci\u00f3n y Coordinaci\u00f3n, David Guachalla, junto al Director General Ejecutivo del Instituto Nacional de Estad\u00edstica (INE), Humberto Arandia, informaron este martes a trav\u00e9s de una conferencia de\u00a0 prensa, los avances que se tienen en el desarrollo de las actividades previas con miras a&hellip;<\/p>\n","protected":false},"author":19,"featured_media":55562,"comment_status":"closed","ping_status":"open","sticky":false,"template":"","format":"standard","meta":[],"categories":[158],"tags":[52],"class_list":["post-55561","post","type-post","status-publish","format-standard","has-post-thumbnail","hentry","category-ine-noticias","tag-ine-noticias","category-158","description-off"],"yoast_head":"<!-- This site is optimized with the Yoast SEO plugin v23.2 - https:\/\/yoast.com\/wordpress\/plugins\/seo\/ -->\n<title>Gobierno muestra avances alcanzados en la organizaci\u00f3n del pr\u00f3ximo Censo - INE<\/title>\n<meta name=\"description\" content=\"P\u00e1gina oficial del Instituto Nacional de Estadistica INE, informaci\u00f3n estad\u00edstica, geogr\u00e1fica y econ\u00f3mica a nivel nacional.\" \/>\n<meta name=\"robots\" content=\"index, follow, max-snippet:-1, max-image-preview:large, max-video-preview:-1\" \/>\n<link rel=\"canonical\" href=\"https:\/\/www.ine.gob.bo\/index.php\/gobierno-muestra-avances-alcanzados-en-la-organizacion-del-proximo-censo\/\" \/>\n<meta property=\"og:locale\" content=\"es_ES\" \/>\n<meta property=\"og:type\" content=\"article\" \/>\n<meta property=\"og:title\" content=\"Gobierno muestra avances alcanzados en la organizaci\u00f3n del pr\u00f3ximo Censo - INE\" \/>\n<meta property=\"og:description\" content=\"P\u00e1gina oficial del Instituto Nacional de Estadistica INE, informaci\u00f3n estad\u00edstica, geogr\u00e1fica y econ\u00f3mica a nivel nacional.\" \/>\n<meta property=\"og:url\" content=\"https:\/\/www.ine.gob.bo\/index.php\/gobierno-muestra-avances-alcanzados-en-la-organizacion-del-proximo-censo\/\" \/>\n<meta property=\"og:site_name\" content=\"INE\" \/>\n<meta property=\"article:publisher\" content=\"https:\/\/www.facebook.com\/ineboliviaoficial\" \/>\n<meta property=\"article:published_time\" content=\"2022-03-15T16:57:48+00:00\" \/>\n<meta property=\"article:modified_time\" content=\"2025-06-26T19:12:55+00:00\" \/>\n<meta property=\"og:image\" content=\"https:\/\/www.ine.gob.bo\/wp-content\/uploads\/2022\/03\/foto_1.png\" \/>\n\t<meta property=\"og:image:width\" content=\"1343\" \/>\n\t<meta property=\"og:image:height\" content=\"761\" \/>\n\t<meta property=\"og:image:type\" content=\"image\/png\" \/>\n<meta name=\"author\" content=\"Albaro Benedicto Laime Mamani\" \/>\n<meta name=\"twitter:card\" content=\"summary_large_image\" \/>\n<meta name=\"twitter:creator\" content=\"@INE_Bolivia\" \/>\n<meta name=\"twitter:site\" content=\"@INE_Bolivia\" \/>\n<meta name=\"twitter:label1\" content=\"Escrito por\" \/>\n\t<meta name=\"twitter:data1\" content=\"Albaro Benedicto Laime Mamani\" \/>\n\t<meta name=\"twitter:label2\" content=\"Tiempo de lectura\" \/>\n\t<meta name=\"twitter:data2\" content=\"3 minutos\" \/>\n<script type=\"application\/ld+json\" class=\"yoast-schema-graph\">{\"@context\":\"https:\/\/schema.org\",\"@graph\":[{\"@type\":\"Article\",\"@id\":\"https:\/\/www.ine.gob.bo\/index.php\/gobierno-muestra-avances-alcanzados-en-la-organizacion-del-proximo-censo\/#article\",\"isPartOf\":{\"@id\":\"https:\/\/www.ine.gob.bo\/index.php\/gobierno-muestra-avances-alcanzados-en-la-organizacion-del-proximo-censo\/\"},\"author\":{\"name\":\"Albaro Benedicto Laime Mamani\",\"@id\":\"https:\/\/www.ine.gob.bo\/#\/schema\/person\/cd5e3dea21e6634e99cebddcca7540d1\"},\"headline\":\"Gobierno muestra avances alcanzados en la organizaci\u00f3n del pr\u00f3ximo Censo\",\"datePublished\":\"2022-03-15T16:57:48+00:00\",\"dateModified\":\"2025-06-26T19:12:55+00:00\",\"mainEntityOfPage\":{\"@id\":\"https:\/\/www.ine.gob.bo\/index.php\/gobierno-muestra-avances-alcanzados-en-la-organizacion-del-proximo-censo\/\"},\"wordCount\":541,\"publisher\":{\"@id\":\"https:\/\/www.ine.gob.bo\/#organization\"},\"image\":{\"@id\":\"https:\/\/www.ine.gob.bo\/index.php\/gobierno-muestra-avances-alcanzados-en-la-organizacion-del-proximo-censo\/#primaryimage\"},\"thumbnailUrl\":\"https:\/\/www.ine.gob.bo\/wp-content\/uploads\/2022\/03\/foto_1.png\",\"keywords\":[\"INE Noticias\"],\"articleSection\":[\"INE noticias\"],\"inLanguage\":\"es\"},{\"@type\":\"WebPage\",\"@id\":\"https:\/\/www.ine.gob.bo\/index.php\/gobierno-muestra-avances-alcanzados-en-la-organizacion-del-proximo-censo\/\",\"url\":\"https:\/\/www.ine.gob.bo\/index.php\/gobierno-muestra-avances-alcanzados-en-la-organizacion-del-proximo-censo\/\",\"name\":\"Gobierno muestra avances alcanzados en la organizaci\u00f3n del pr\u00f3ximo Censo - INE\",\"isPartOf\":{\"@id\":\"https:\/\/www.ine.gob.bo\/#website\"},\"primaryImageOfPage\":{\"@id\":\"https:\/\/www.ine.gob.bo\/index.php\/gobierno-muestra-avances-alcanzados-en-la-organizacion-del-proximo-censo\/#primaryimage\"},\"image\":{\"@id\":\"https:\/\/www.ine.gob.bo\/index.php\/gobierno-muestra-avances-alcanzados-en-la-organizacion-del-proximo-censo\/#primaryimage\"},\"thumbnailUrl\":\"https:\/\/www.ine.gob.bo\/wp-content\/uploads\/2022\/03\/foto_1.png\",\"datePublished\":\"2022-03-15T16:57:48+00:00\",\"dateModified\":\"2025-06-26T19:12:55+00:00\",\"description\":\"P\u00e1gina oficial del Instituto Nacional de Estadistica INE, informaci\u00f3n estad\u00edstica, geogr\u00e1fica y econ\u00f3mica a nivel nacional.\",\"breadcrumb\":{\"@id\":\"https:\/\/www.ine.gob.bo\/index.php\/gobierno-muestra-avances-alcanzados-en-la-organizacion-del-proximo-censo\/#breadcrumb\"},\"inLanguage\":\"es\",\"potentialAction\":[{\"@type\":\"ReadAction\",\"target\":[\"https:\/\/www.ine.gob.bo\/index.php\/gobierno-muestra-avances-alcanzados-en-la-organizacion-del-proximo-censo\/\"]}]},{\"@type\":\"ImageObject\",\"inLanguage\":\"es\",\"@id\":\"https:\/\/www.ine.gob.bo\/index.php\/gobierno-muestra-avances-alcanzados-en-la-organizacion-del-proximo-censo\/#primaryimage\",\"url\":\"https:\/\/www.ine.gob.bo\/wp-content\/uploads\/2022\/03\/foto_1.png\",\"contentUrl\":\"https:\/\/www.ine.gob.bo\/wp-content\/uploads\/2022\/03\/foto_1.png\",\"width\":1343,\"height\":761},{\"@type\":\"BreadcrumbList\",\"@id\":\"https:\/\/www.ine.gob.bo\/index.php\/gobierno-muestra-avances-alcanzados-en-la-organizacion-del-proximo-censo\/#breadcrumb\",\"itemListElement\":[{\"@type\":\"ListItem\",\"position\":1,\"name\":\"Portada\",\"item\":\"https:\/\/www.ine.gob.bo\/\"},{\"@type\":\"ListItem\",\"position\":2,\"name\":\"Gobierno muestra avances alcanzados en la organizaci\u00f3n del pr\u00f3ximo Censo\"}]},{\"@type\":\"WebSite\",\"@id\":\"https:\/\/www.ine.gob.bo\/#website\",\"url\":\"https:\/\/www.ine.gob.bo\/\",\"name\":\"INE\",\"description\":\"Instituto Nacional de Estad\u00edstica\",\"publisher\":{\"@id\":\"https:\/\/www.ine.gob.bo\/#organization\"},\"potentialAction\":[{\"@type\":\"SearchAction\",\"target\":{\"@type\":\"EntryPoint\",\"urlTemplate\":\"https:\/\/www.ine.gob.bo\/?s={search_term_string}\"},\"query-input\":\"required name=search_term_string\"}],\"inLanguage\":\"es\"},{\"@type\":\"Organization\",\"@id\":\"https:\/\/www.ine.gob.bo\/#organization\",\"name\":\"Instituto Nacional de Estad\u00edstica\",\"url\":\"https:\/\/www.ine.gob.bo\/\",\"logo\":{\"@type\":\"ImageObject\",\"inLanguage\":\"es\",\"@id\":\"https:\/\/www.ine.gob.bo\/#\/schema\/logo\/image\/\",\"url\":\"https:\/\/www.ine.gob.bo\/wp-content\/uploads\/2026\/02\/logo-ine.jpg\",\"contentUrl\":\"https:\/\/www.ine.gob.bo\/wp-content\/uploads\/2026\/02\/logo-ine.jpg\",\"width\":799,\"height\":453,\"caption\":\"Instituto Nacional de Estad\u00edstica\"},\"image\":{\"@id\":\"https:\/\/www.ine.gob.bo\/#\/schema\/logo\/image\/\"},\"sameAs\":[\"https:\/\/www.facebook.com\/ineboliviaoficial\",\"https:\/\/x.com\/INE_Bolivia\",\"https:\/\/www.instagram.com\/ineboliviaoficial\/\",\"https:\/\/www.youtube.com\/channel\/UCbIQXKLw414g5kWo1tAwqCg\"]},{\"@type\":\"Person\",\"@id\":\"https:\/\/www.ine.gob.bo\/#\/schema\/person\/cd5e3dea21e6634e99cebddcca7540d1\",\"name\":\"Albaro Benedicto Laime Mamani\",\"image\":{\"@type\":\"ImageObject\",\"inLanguage\":\"es\",\"@id\":\"https:\/\/www.ine.gob.bo\/#\/schema\/person\/image\/\",\"url\":\"https:\/\/secure.gravatar.com\/avatar\/450967f1badecac6afbf323d3a06c551f001ee9e5a1094976c96b19cce5b7180?s=96&d=mm&r=g\",\"contentUrl\":\"https:\/\/secure.gravatar.com\/avatar\/450967f1badecac6afbf323d3a06c551f001ee9e5a1094976c96b19cce5b7180?s=96&d=mm&r=g\",\"caption\":\"Albaro Benedicto Laime Mamani\"},\"url\":\"https:\/\/www.ine.gob.bo\/index.php\/author\/alaime\/\"}]}<\/script>\n<!-- \/ Yoast SEO plugin. -->","yoast_head_json":{"title":"Gobierno muestra avances alcanzados en la organizaci\u00f3n del pr\u00f3ximo Censo - INE","description":"P\u00e1gina oficial del Instituto Nacional de Estadistica INE, informaci\u00f3n estad\u00edstica, geogr\u00e1fica y econ\u00f3mica a nivel nacional.","robots":{"index":"index","follow":"follow","max-snippet":"max-snippet:-1","max-image-preview":"max-image-preview:large","max-video-preview":"max-video-preview:-1"},"canonical":"https:\/\/www.ine.gob.bo\/index.php\/gobierno-muestra-avances-alcanzados-en-la-organizacion-del-proximo-censo\/","og_locale":"es_ES","og_type":"article","og_title":"Gobierno muestra avances alcanzados en la organizaci\u00f3n del pr\u00f3ximo Censo - INE","og_description":"P\u00e1gina oficial del Instituto Nacional de Estadistica INE, informaci\u00f3n estad\u00edstica, geogr\u00e1fica y econ\u00f3mica a nivel nacional.","og_url":"https:\/\/www.ine.gob.bo\/index.php\/gobierno-muestra-avances-alcanzados-en-la-organizacion-del-proximo-censo\/","og_site_name":"INE","article_publisher":"https:\/\/www.facebook.com\/ineboliviaoficial","article_published_time":"2022-03-15T16:57:48+00:00","article_modified_time":"2025-06-26T19:12:55+00:00","og_image":[{"width":1343,"height":761,"url":"https:\/\/www.ine.gob.bo\/wp-content\/uploads\/2022\/03\/foto_1.png","type":"image\/png"}],"author":"Albaro Benedicto Laime Mamani","twitter_card":"summary_large_image","twitter_creator":"@INE_Bolivia","twitter_site":"@INE_Bolivia","twitter_misc":{"Escrito por":"Albaro Benedicto Laime Mamani","Tiempo de lectura":"3 minutos"},"schema":{"@context":"https:\/\/schema.org","@graph":[{"@type":"Article","@id":"https:\/\/www.ine.gob.bo\/index.php\/gobierno-muestra-avances-alcanzados-en-la-organizacion-del-proximo-censo\/#article","isPartOf":{"@id":"https:\/\/www.ine.gob.bo\/index.php\/gobierno-muestra-avances-alcanzados-en-la-organizacion-del-proximo-censo\/"},"author":{"name":"Albaro Benedicto Laime Mamani","@id":"https:\/\/www.ine.gob.bo\/#\/schema\/person\/cd5e3dea21e6634e99cebddcca7540d1"},"headline":"Gobierno muestra avances alcanzados en la organizaci\u00f3n del pr\u00f3ximo Censo","datePublished":"2022-03-15T16:57:48+00:00","dateModified":"2025-06-26T19:12:55+00:00","mainEntityOfPage":{"@id":"https:\/\/www.ine.gob.bo\/index.php\/gobierno-muestra-avances-alcanzados-en-la-organizacion-del-proximo-censo\/"},"wordCount":541,"publisher":{"@id":"https:\/\/www.ine.gob.bo\/#organization"},"image":{"@id":"https:\/\/www.ine.gob.bo\/index.php\/gobierno-muestra-avances-alcanzados-en-la-organizacion-del-proximo-censo\/#primaryimage"},"thumbnailUrl":"https:\/\/www.ine.gob.bo\/wp-content\/uploads\/2022\/03\/foto_1.png","keywords":["INE Noticias"],"articleSection":["INE noticias"],"inLanguage":"es"},{"@type":"WebPage","@id":"https:\/\/www.ine.gob.bo\/index.php\/gobierno-muestra-avances-alcanzados-en-la-organizacion-del-proximo-censo\/","url":"https:\/\/www.ine.gob.bo\/index.php\/gobierno-muestra-avances-alcanzados-en-la-organizacion-del-proximo-censo\/","name":"Gobierno muestra avances alcanzados en la organizaci\u00f3n del pr\u00f3ximo Censo - INE","isPartOf":{"@id":"https:\/\/www.ine.gob.bo\/#website"},"primaryImageOfPage":{"@id":"https:\/\/www.ine.gob.bo\/index.php\/gobierno-muestra-avances-alcanzados-en-la-organizacion-del-proximo-censo\/#primaryimage"},"image":{"@id":"https:\/\/www.ine.gob.bo\/index.php\/gobierno-muestra-avances-alcanzados-en-la-organizacion-del-proximo-censo\/#primaryimage"},"thumbnailUrl":"https:\/\/www.ine.gob.bo\/wp-content\/uploads\/2022\/03\/foto_1.png","datePublished":"2022-03-15T16:57:48+00:00","dateModified":"2025-06-26T19:12:55+00:00","description":"P\u00e1gina oficial del Instituto Nacional de Estadistica INE, informaci\u00f3n estad\u00edstica, geogr\u00e1fica y econ\u00f3mica a nivel nacional.","breadcrumb":{"@id":"https:\/\/www.ine.gob.bo\/index.php\/gobierno-muestra-avances-alcanzados-en-la-organizacion-del-proximo-censo\/#breadcrumb"},"inLanguage":"es","potentialAction":[{"@type":"ReadAction","target":["https:\/\/www.ine.gob.bo\/index.php\/gobierno-muestra-avances-alcanzados-en-la-organizacion-del-proximo-censo\/"]}]},{"@type":"ImageObject","inLanguage":"es","@id":"https:\/\/www.ine.gob.bo\/index.php\/gobierno-muestra-avances-alcanzados-en-la-organizacion-del-proximo-censo\/#primaryimage","url":"https:\/\/www.ine.gob.bo\/wp-content\/uploads\/2022\/03\/foto_1.png","contentUrl":"https:\/\/www.ine.gob.bo\/wp-content\/uploads\/2022\/03\/foto_1.png","width":1343,"height":761},{"@type":"BreadcrumbList","@id":"https:\/\/www.ine.gob.bo\/index.php\/gobierno-muestra-avances-alcanzados-en-la-organizacion-del-proximo-censo\/#breadcrumb","itemListElement":[{"@type":"ListItem","position":1,"name":"Portada","item":"https:\/\/www.ine.gob.bo\/"},{"@type":"ListItem","position":2,"name":"Gobierno muestra avances alcanzados en la organizaci\u00f3n del pr\u00f3ximo Censo"}]},{"@type":"WebSite","@id":"https:\/\/www.ine.gob.bo\/#website","url":"https:\/\/www.ine.gob.bo\/","name":"INE","description":"Instituto Nacional de Estad\u00edstica","publisher":{"@id":"https:\/\/www.ine.gob.bo\/#organization"},"potentialAction":[{"@type":"SearchAction","target":{"@type":"EntryPoint","urlTemplate":"https:\/\/www.ine.gob.bo\/?s={search_term_string}"},"query-input":"required name=search_term_string"}],"inLanguage":"es"},{"@type":"Organization","@id":"https:\/\/www.ine.gob.bo\/#organization","name":"Instituto Nacional de Estad\u00edstica","url":"https:\/\/www.ine.gob.bo\/","logo":{"@type":"ImageObject","inLanguage":"es","@id":"https:\/\/www.ine.gob.bo\/#\/schema\/logo\/image\/","url":"https:\/\/www.ine.gob.bo\/wp-content\/uploads\/2026\/02\/logo-ine.jpg","contentUrl":"https:\/\/www.ine.gob.bo\/wp-content\/uploads\/2026\/02\/logo-ine.jpg","width":799,"height":453,"caption":"Instituto Nacional de Estad\u00edstica"},"image":{"@id":"https:\/\/www.ine.gob.bo\/#\/schema\/logo\/image\/"},"sameAs":["https:\/\/www.facebook.com\/ineboliviaoficial","https:\/\/x.com\/INE_Bolivia","https:\/\/www.instagram.com\/ineboliviaoficial\/","https:\/\/www.youtube.com\/channel\/UCbIQXKLw414g5kWo1tAwqCg"]},{"@type":"Person","@id":"https:\/\/www.ine.gob.bo\/#\/schema\/person\/cd5e3dea21e6634e99cebddcca7540d1","name":"Albaro Benedicto Laime Mamani","image":{"@type":"ImageObject","inLanguage":"es","@id":"https:\/\/www.ine.gob.bo\/#\/schema\/person\/image\/","url":"https:\/\/secure.gravatar.com\/avatar\/450967f1badecac6afbf323d3a06c551f001ee9e5a1094976c96b19cce5b7180?s=96&d=mm&r=g","contentUrl":"https:\/\/secure.gravatar.com\/avatar\/450967f1badecac6afbf323d3a06c551f001ee9e5a1094976c96b19cce5b7180?s=96&d=mm&r=g","caption":"Albaro Benedicto Laime Mamani"},"url":"https:\/\/www.ine.gob.bo\/index.php\/author\/alaime\/"}]}},"rttpg_featured_image_url":{"full":["https:\/\/www.ine.gob.bo\/wp-content\/uploads\/2022\/03\/foto_1.png",1343,761,false],"landscape":["https:\/\/www.ine.gob.bo\/wp-content\/uploads\/2022\/03\/foto_1.png",1343,761,false],"portraits":["https:\/\/www.ine.gob.bo\/wp-content\/uploads\/2022\/03\/foto_1.png",1343,761,false],"thumbnail":["https:\/\/www.ine.gob.bo\/wp-content\/uploads\/2022\/03\/foto_1-150x150.png",150,150,true],"medium":["https:\/\/www.ine.gob.bo\/wp-content\/uploads\/2022\/03\/foto_1-300x170.png",300,170,true],"large":["https:\/\/www.ine.gob.bo\/wp-content\/uploads\/2022\/03\/foto_1-1024x580.png",1024,580,true],"1536x1536":["https:\/\/www.ine.gob.bo\/wp-content\/uploads\/2022\/03\/foto_1.png",1343,761,false],"2048x2048":["https:\/\/www.ine.gob.bo\/wp-content\/uploads\/2022\/03\/foto_1.png",1343,761,false]},"rttpg_author":{"display_name":"Albaro Benedicto Laime Mamani","author_link":"https:\/\/www.ine.gob.bo\/index.php\/author\/alaime\/"},"rttpg_comment":0,"rttpg_category":"<a href=\"https:\/\/www.ine.gob.bo\/index.php\/category\/ine-noticias\/\" rel=\"category tag\">INE noticias<\/a>","rttpg_excerpt":"[vc_row][vc_column][vc_column_text] La Paz, 15 de marzo de 2022 (INE).- El Viceministro de Planificaci\u00f3n y Coordinaci\u00f3n, David Guachalla, junto al Director General Ejecutivo del Instituto Nacional de Estad\u00edstica (INE), Humberto Arandia, informaron este martes a trav\u00e9s de una conferencia de\u00a0 prensa, los avances que se tienen en el desarrollo de las actividades previas con miras a&hellip;","_links":{"self":[{"href":"https:\/\/www.ine.gob.bo\/index.php\/wp-json\/wp\/v2\/posts\/55561","targetHints":{"allow":["GET"]}}],"collection":[{"href":"https:\/\/www.ine.gob.bo\/index.php\/wp-json\/wp\/v2\/posts"}],"about":[{"href":"https:\/\/www.ine.gob.bo\/index.php\/wp-json\/wp\/v2\/types\/post"}],"author":[{"embeddable":true,"href":"https:\/\/www.ine.gob.bo\/index.php\/wp-json\/wp\/v2\/users\/19"}],"replies":[{"embeddable":true,"href":"https:\/\/www.ine.gob.bo\/index.php\/wp-json\/wp\/v2\/comments?post=55561"}],"version-history":[{"count":0,"href":"https:\/\/www.ine.gob.bo\/index.php\/wp-json\/wp\/v2\/posts\/55561\/revisions"}],"wp:featuredmedia":[{"embeddable":true,"href":"https:\/\/www.ine.gob.bo\/index.php\/wp-json\/wp\/v2\/media\/55562"}],"wp:attachment":[{"href":"https:\/\/www.ine.gob.bo\/index.php\/wp-json\/wp\/v2\/media?parent=55561"}],"wp:term":[{"taxonomy":"category","embeddable":true,"href":"https:\/\/www.ine.gob.bo\/index.php\/wp-json\/wp\/v2\/categories?post=55561"},{"taxonomy":"post_tag","embeddable":true,"href":"https:\/\/www.ine.gob.bo\/index.php\/wp-json\/wp\/v2\/tags?post=55561"}],"curies":[{"name":"wp","href":"https:\/\/api.w.org\/{rel}","templated":true}]}}