{"id":55526,"date":"2022-03-04T20:44:58","date_gmt":"2022-03-05T00:44:58","guid":{"rendered":"https:\/\/www.ine.gob.bo\/?p=55526"},"modified":"2025-06-26T15:16:42","modified_gmt":"2025-06-26T19:16:42","slug":"indice-de-precios-al-consumidor-registra-incremento-de-012-en-febrero-de-2022","status":"publish","type":"post","link":"https:\/\/www.ine.gob.bo\/index.php\/indice-de-precios-al-consumidor-registra-incremento-de-012-en-febrero-de-2022\/","title":{"rendered":"\u00cdndice de Precios al Consumidor registra incremento de 0,12% en febrero de 2022"},"content":{"rendered":"<p>[vc_row][vc_column][vc_column_text]<\/p>\r\n<p><strong>La Paz, 4 de marzo de 2022 (INE)<\/strong>. &#8211; El \u00cdndice de Precios al Consumidor (IPC) registr\u00f3 en febrero de 2022 un aumento de 0,12% respecto a enero. La variaci\u00f3n acumulada a febrero fue positiva con un incremento de 0,43% y a doce\u00a0 meses de 0,70%.<\/p>\r\n<!-- \/wp:post-content -->\r\n\r\n<!-- wp:image {\"align\":\"center\",\"id\":55095,\"sizeSlug\":\"large\",\"linkDestination\":\"none\"} -->\r\n<div class=\"wp-block-image\">\r\n<figure class=\"aligncenter size-large\"><img loading=\"lazy\" decoding=\"async\" class=\"wp-image-55529 size-full aligncenter\" src=\"https:\/\/www.ine.gob.bo\/wp-content\/uploads\/2022\/03\/Cuadro-1.png\" alt=\"\" width=\"858\" height=\"465\" srcset=\"https:\/\/www.ine.gob.bo\/wp-content\/uploads\/2022\/03\/Cuadro-1.png 858w, https:\/\/www.ine.gob.bo\/wp-content\/uploads\/2022\/03\/Cuadro-1-300x163.png 300w, https:\/\/www.ine.gob.bo\/wp-content\/uploads\/2022\/03\/Cuadro-1-768x416.png 768w\" sizes=\"auto, (max-width: 858px) 100vw, 858px\" \/><\/figure>\r\n<\/div>\r\n<!-- \/wp:image -->\r\n<p><!-- wp:paragraph --><strong>Comportamiento de Precios al Consumidor, seg\u00fan divisiones de Bienes y Servicios<\/strong><\/p>\r\n<p>El aumento de 0,12% del IPC registrado en febrero se explica, principalmente, por la variaci\u00f3n positiva de los precios en las divisiones de Muebles, bienes y servicios dom\u00e9sticos; Alimentos y bebidas no alcoh\u00f3licas; Prendas de vestir y calzados; Recreaci\u00f3n y cultura; Salud; Vivienda y servicios b\u00e1sicos; Educaci\u00f3n y Alimentos y bebidas consumidas fuera del hogar.<\/p>\r\n<!-- \/wp:paragraph -->\r\n\r\n<!-- wp:image {\"align\":\"center\",\"id\":55096,\"sizeSlug\":\"large\",\"linkDestination\":\"none\"} -->\r\n<div class=\"wp-block-image\">\r\n<figure class=\"aligncenter size-large\"><img loading=\"lazy\" decoding=\"async\" class=\"aligncenter wp-image-55530 size-full\" src=\"https:\/\/www.ine.gob.bo\/wp-content\/uploads\/2022\/03\/Grafico-1.png\" alt=\"\" width=\"972\" height=\"770\" srcset=\"https:\/\/www.ine.gob.bo\/wp-content\/uploads\/2022\/03\/Grafico-1.png 972w, https:\/\/www.ine.gob.bo\/wp-content\/uploads\/2022\/03\/Grafico-1-300x238.png 300w, https:\/\/www.ine.gob.bo\/wp-content\/uploads\/2022\/03\/Grafico-1-768x608.png 768w\" sizes=\"auto, (max-width: 972px) 100vw, 972px\" \/><\/figure>\r\n<\/div>\r\n<p><!-- \/wp:image --><strong>Comportamiento de Precios al Consumidor, seg\u00fan regiones<\/strong><\/p>\r\n<p>La variaci\u00f3n positiva de 0,12%, registrada en febrero, se debi\u00f3 especialmente al incremento de precios en las ciudades capitales y conurbaciones: Sucre 0,37%, Regi\u00f3n Metropolitana Kanata 0,37%, Potos\u00ed 0,37%, Oruro 0,13% y\u00a0 Conurbaci\u00f3n La Paz 0,12%.<\/p>\r\n<!-- \/wp:paragraph -->\r\n\r\n<!-- wp:image {\"align\":\"center\",\"id\":55097,\"sizeSlug\":\"large\",\"linkDestination\":\"none\"} -->\r\n<div class=\"wp-block-image\">\r\n<figure class=\"aligncenter size-large\"><img loading=\"lazy\" decoding=\"async\" class=\"aligncenter wp-image-55531 size-full\" src=\"https:\/\/www.ine.gob.bo\/wp-content\/uploads\/2022\/03\/Grafico-2.png\" alt=\"\" width=\"900\" height=\"759\" srcset=\"https:\/\/www.ine.gob.bo\/wp-content\/uploads\/2022\/03\/Grafico-2.png 900w, https:\/\/www.ine.gob.bo\/wp-content\/uploads\/2022\/03\/Grafico-2-300x253.png 300w, https:\/\/www.ine.gob.bo\/wp-content\/uploads\/2022\/03\/Grafico-2-768x648.png 768w\" sizes=\"auto, (max-width: 900px) 100vw, 900px\" \/><\/figure>\r\n<\/div>\r\n<!-- \/wp:image -->\r\n<p><!-- wp:paragraph --><strong>Comportamiento de Precios al Consumidor, seg\u00fan Productos y Servicios<\/strong><\/p>\r\n<p>Los productos y servicios con mayor incidencia porcentual positiva en febrero fueron: tomate, quesos, cebolla, educaci\u00f3n superior universitaria; detergente para lavar ropa y locoto. Por el contrario, los productos y servicios con mayor incidencia negativa fueron: carne de pollo, uva, zanahoria, corte de cabello, haba verde y televisor.<\/p>\r\n<!-- \/wp:paragraph -->\r\n\r\n<!-- wp:image {\"align\":\"center\",\"id\":55098,\"sizeSlug\":\"large\",\"linkDestination\":\"none\"} -->\r\n<div class=\"wp-block-image\">\r\n<figure class=\"aligncenter size-large\"><img loading=\"lazy\" decoding=\"async\" class=\"aligncenter wp-image-55532 size-full\" src=\"https:\/\/www.ine.gob.bo\/wp-content\/uploads\/2022\/03\/Cuadro-2.png\" alt=\"\" width=\"895\" height=\"502\" srcset=\"https:\/\/www.ine.gob.bo\/wp-content\/uploads\/2022\/03\/Cuadro-2.png 895w, https:\/\/www.ine.gob.bo\/wp-content\/uploads\/2022\/03\/Cuadro-2-300x168.png 300w, https:\/\/www.ine.gob.bo\/wp-content\/uploads\/2022\/03\/Cuadro-2-768x431.png 768w\" sizes=\"auto, (max-width: 895px) 100vw, 895px\" \/><\/figure>\r\n<\/div>\r\n<!-- \/wp:image -->\r\n\r\n<!-- wp:paragraph {\"align\":\"center\"} -->\r\n<p class=\"has-text-align-center\"><strong><em>Unidad de Difusi\u00f3n y Comunicaci\u00f3n<\/em><br \/>INSTITUTO NACIONAL DE ESTAD\u00cdSTICA<\/strong><\/p>\r\n<!-- \/wp:paragraph -->\r\n<p><!-- wp:paragraph --><strong>NOTA: <\/strong>Pueden existir diferencias en los valores y en las variaciones porcentuales que se muestran en los cuadros, debido a que su c\u00e1lculo considera todos los d\u00edgitos decimales.<\/p>\r\n<!-- \/wp:paragraph -->\r\n<p><!-- wp:paragraph --><a href=\"https:\/\/nimbus.ine.gob.bo\/index.php\/s\/4PLpe9NC9CW3aZw\/download\">Descargar Nota de Prensa<\/a><\/p>\r\n<!-- \/wp:paragraph -->\r\n\r\n<!-- wp:separator --><hr class=\"wp-block-separator\" \/><!-- \/wp:separator -->\r\n\r\n<!-- wp:paragraph {\"align\":\"right\"} -->\r\n<p class=\"has-text-align-right\"><strong><em>Entidad dependiente del Ministerio de Planificaci\u00f3n del Desarrollo<\/em><\/strong><\/p>\r\n<p><!-- \/wp:paragraph -->\u00a0<\/p>\r\n<p>[\/vc_column_text][\/vc_column][\/vc_row]<\/p>","protected":false},"excerpt":{"rendered":"<p>[vc_row][vc_column][vc_column_text] La Paz, 4 de marzo de 2022 (INE). &#8211; El \u00cdndice de Precios al Consumidor (IPC) registr\u00f3 en febrero de 2022 un aumento de 0,12% respecto a enero. La variaci\u00f3n acumulada a febrero fue positiva con un incremento de 0,43% y a doce\u00a0 meses de 0,70%. Comportamiento de Precios al Consumidor, seg\u00fan divisiones de&hellip;<\/p>\n","protected":false},"author":19,"featured_media":55348,"comment_status":"closed","ping_status":"open","sticky":false,"template":"","format":"standard","meta":[],"categories":[158],"tags":[401],"class_list":["post-55526","post","type-post","status-publish","format-standard","has-post-thumbnail","hentry","category-ine-noticias","tag-ine-noticias-ipc","category-158","description-off"],"yoast_head":"<!-- This site is optimized with the Yoast SEO plugin v23.2 - https:\/\/yoast.com\/wordpress\/plugins\/seo\/ -->\n<title>\u00cdndice de Precios al Consumidor registra incremento de 0,12% en febrero de 2022 - INE<\/title>\n<meta name=\"description\" content=\"P\u00e1gina oficial del Instituto Nacional de Estadistica INE, informaci\u00f3n estad\u00edstica, geogr\u00e1fica y econ\u00f3mica a nivel nacional.\" \/>\n<meta name=\"robots\" content=\"index, follow, max-snippet:-1, max-image-preview:large, max-video-preview:-1\" \/>\n<link rel=\"canonical\" href=\"https:\/\/www.ine.gob.bo\/index.php\/indice-de-precios-al-consumidor-registra-incremento-de-012-en-febrero-de-2022\/\" \/>\n<meta property=\"og:locale\" content=\"es_ES\" \/>\n<meta property=\"og:type\" content=\"article\" \/>\n<meta property=\"og:title\" content=\"\u00cdndice de Precios al Consumidor registra incremento de 0,12% en febrero de 2022 - INE\" \/>\n<meta property=\"og:description\" content=\"P\u00e1gina oficial del Instituto Nacional de Estadistica INE, informaci\u00f3n estad\u00edstica, geogr\u00e1fica y econ\u00f3mica a nivel nacional.\" \/>\n<meta property=\"og:url\" content=\"https:\/\/www.ine.gob.bo\/index.php\/indice-de-precios-al-consumidor-registra-incremento-de-012-en-febrero-de-2022\/\" \/>\n<meta property=\"og:site_name\" content=\"INE\" \/>\n<meta property=\"article:publisher\" content=\"https:\/\/www.facebook.com\/ineboliviaoficial\" \/>\n<meta property=\"article:published_time\" content=\"2022-03-05T00:44:58+00:00\" \/>\n<meta property=\"article:modified_time\" content=\"2025-06-26T19:16:42+00:00\" \/>\n<meta property=\"og:image\" content=\"https:\/\/www.ine.gob.bo\/wp-content\/uploads\/2022\/02\/Grafico-1-IPC-ene_22.png\" \/>\n\t<meta property=\"og:image:width\" content=\"931\" \/>\n\t<meta property=\"og:image:height\" content=\"639\" \/>\n\t<meta property=\"og:image:type\" content=\"image\/png\" \/>\n<meta name=\"author\" content=\"Albaro Benedicto Laime Mamani\" \/>\n<meta name=\"twitter:card\" content=\"summary_large_image\" \/>\n<meta name=\"twitter:creator\" content=\"@INE_Bolivia\" \/>\n<meta name=\"twitter:site\" content=\"@INE_Bolivia\" \/>\n<meta name=\"twitter:label1\" content=\"Escrito por\" \/>\n\t<meta name=\"twitter:data1\" content=\"Albaro Benedicto Laime Mamani\" \/>\n\t<meta name=\"twitter:label2\" content=\"Tiempo de lectura\" \/>\n\t<meta name=\"twitter:data2\" content=\"3 minutos\" \/>\n<script type=\"application\/ld+json\" class=\"yoast-schema-graph\">{\"@context\":\"https:\/\/schema.org\",\"@graph\":[{\"@type\":\"Article\",\"@id\":\"https:\/\/www.ine.gob.bo\/index.php\/indice-de-precios-al-consumidor-registra-incremento-de-012-en-febrero-de-2022\/#article\",\"isPartOf\":{\"@id\":\"https:\/\/www.ine.gob.bo\/index.php\/indice-de-precios-al-consumidor-registra-incremento-de-012-en-febrero-de-2022\/\"},\"author\":{\"name\":\"Albaro Benedicto Laime Mamani\",\"@id\":\"https:\/\/www.ine.gob.bo\/#\/schema\/person\/cd5e3dea21e6634e99cebddcca7540d1\"},\"headline\":\"\u00cdndice de Precios al Consumidor registra incremento de 0,12% en febrero de 2022\",\"datePublished\":\"2022-03-05T00:44:58+00:00\",\"dateModified\":\"2025-06-26T19:16:42+00:00\",\"mainEntityOfPage\":{\"@id\":\"https:\/\/www.ine.gob.bo\/index.php\/indice-de-precios-al-consumidor-registra-incremento-de-012-en-febrero-de-2022\/\"},\"wordCount\":293,\"publisher\":{\"@id\":\"https:\/\/www.ine.gob.bo\/#organization\"},\"image\":{\"@id\":\"https:\/\/www.ine.gob.bo\/index.php\/indice-de-precios-al-consumidor-registra-incremento-de-012-en-febrero-de-2022\/#primaryimage\"},\"thumbnailUrl\":\"https:\/\/www.ine.gob.bo\/wp-content\/uploads\/2022\/02\/Grafico-1-IPC-ene_22.png\",\"keywords\":[\"INE Noticias; IPC\"],\"articleSection\":[\"INE noticias\"],\"inLanguage\":\"es\"},{\"@type\":\"WebPage\",\"@id\":\"https:\/\/www.ine.gob.bo\/index.php\/indice-de-precios-al-consumidor-registra-incremento-de-012-en-febrero-de-2022\/\",\"url\":\"https:\/\/www.ine.gob.bo\/index.php\/indice-de-precios-al-consumidor-registra-incremento-de-012-en-febrero-de-2022\/\",\"name\":\"\u00cdndice de Precios al Consumidor registra incremento de 0,12% en febrero de 2022 - INE\",\"isPartOf\":{\"@id\":\"https:\/\/www.ine.gob.bo\/#website\"},\"primaryImageOfPage\":{\"@id\":\"https:\/\/www.ine.gob.bo\/index.php\/indice-de-precios-al-consumidor-registra-incremento-de-012-en-febrero-de-2022\/#primaryimage\"},\"image\":{\"@id\":\"https:\/\/www.ine.gob.bo\/index.php\/indice-de-precios-al-consumidor-registra-incremento-de-012-en-febrero-de-2022\/#primaryimage\"},\"thumbnailUrl\":\"https:\/\/www.ine.gob.bo\/wp-content\/uploads\/2022\/02\/Grafico-1-IPC-ene_22.png\",\"datePublished\":\"2022-03-05T00:44:58+00:00\",\"dateModified\":\"2025-06-26T19:16:42+00:00\",\"description\":\"P\u00e1gina oficial del Instituto Nacional de Estadistica INE, informaci\u00f3n estad\u00edstica, geogr\u00e1fica y econ\u00f3mica a nivel nacional.\",\"breadcrumb\":{\"@id\":\"https:\/\/www.ine.gob.bo\/index.php\/indice-de-precios-al-consumidor-registra-incremento-de-012-en-febrero-de-2022\/#breadcrumb\"},\"inLanguage\":\"es\",\"potentialAction\":[{\"@type\":\"ReadAction\",\"target\":[\"https:\/\/www.ine.gob.bo\/index.php\/indice-de-precios-al-consumidor-registra-incremento-de-012-en-febrero-de-2022\/\"]}]},{\"@type\":\"ImageObject\",\"inLanguage\":\"es\",\"@id\":\"https:\/\/www.ine.gob.bo\/index.php\/indice-de-precios-al-consumidor-registra-incremento-de-012-en-febrero-de-2022\/#primaryimage\",\"url\":\"https:\/\/www.ine.gob.bo\/wp-content\/uploads\/2022\/02\/Grafico-1-IPC-ene_22.png\",\"contentUrl\":\"https:\/\/www.ine.gob.bo\/wp-content\/uploads\/2022\/02\/Grafico-1-IPC-ene_22.png\",\"width\":931,\"height\":639},{\"@type\":\"BreadcrumbList\",\"@id\":\"https:\/\/www.ine.gob.bo\/index.php\/indice-de-precios-al-consumidor-registra-incremento-de-012-en-febrero-de-2022\/#breadcrumb\",\"itemListElement\":[{\"@type\":\"ListItem\",\"position\":1,\"name\":\"Portada\",\"item\":\"https:\/\/www.ine.gob.bo\/\"},{\"@type\":\"ListItem\",\"position\":2,\"name\":\"\u00cdndice de Precios al Consumidor registra incremento de 0,12% en febrero de 2022\"}]},{\"@type\":\"WebSite\",\"@id\":\"https:\/\/www.ine.gob.bo\/#website\",\"url\":\"https:\/\/www.ine.gob.bo\/\",\"name\":\"INE\",\"description\":\"Instituto Nacional de Estad\u00edstica\",\"publisher\":{\"@id\":\"https:\/\/www.ine.gob.bo\/#organization\"},\"potentialAction\":[{\"@type\":\"SearchAction\",\"target\":{\"@type\":\"EntryPoint\",\"urlTemplate\":\"https:\/\/www.ine.gob.bo\/?s={search_term_string}\"},\"query-input\":\"required name=search_term_string\"}],\"inLanguage\":\"es\"},{\"@type\":\"Organization\",\"@id\":\"https:\/\/www.ine.gob.bo\/#organization\",\"name\":\"Instituto Nacional de Estad\u00edstica\",\"url\":\"https:\/\/www.ine.gob.bo\/\",\"logo\":{\"@type\":\"ImageObject\",\"inLanguage\":\"es\",\"@id\":\"https:\/\/www.ine.gob.bo\/#\/schema\/logo\/image\/\",\"url\":\"https:\/\/www.ine.gob.bo\/wp-content\/uploads\/2026\/02\/logo-ine.jpg\",\"contentUrl\":\"https:\/\/www.ine.gob.bo\/wp-content\/uploads\/2026\/02\/logo-ine.jpg\",\"width\":799,\"height\":453,\"caption\":\"Instituto Nacional de Estad\u00edstica\"},\"image\":{\"@id\":\"https:\/\/www.ine.gob.bo\/#\/schema\/logo\/image\/\"},\"sameAs\":[\"https:\/\/www.facebook.com\/ineboliviaoficial\",\"https:\/\/x.com\/INE_Bolivia\",\"https:\/\/www.instagram.com\/ineboliviaoficial\/\",\"https:\/\/www.youtube.com\/channel\/UCbIQXKLw414g5kWo1tAwqCg\"]},{\"@type\":\"Person\",\"@id\":\"https:\/\/www.ine.gob.bo\/#\/schema\/person\/cd5e3dea21e6634e99cebddcca7540d1\",\"name\":\"Albaro Benedicto Laime Mamani\",\"image\":{\"@type\":\"ImageObject\",\"inLanguage\":\"es\",\"@id\":\"https:\/\/www.ine.gob.bo\/#\/schema\/person\/image\/\",\"url\":\"https:\/\/secure.gravatar.com\/avatar\/450967f1badecac6afbf323d3a06c551f001ee9e5a1094976c96b19cce5b7180?s=96&d=mm&r=g\",\"contentUrl\":\"https:\/\/secure.gravatar.com\/avatar\/450967f1badecac6afbf323d3a06c551f001ee9e5a1094976c96b19cce5b7180?s=96&d=mm&r=g\",\"caption\":\"Albaro Benedicto Laime Mamani\"},\"url\":\"https:\/\/www.ine.gob.bo\/index.php\/author\/alaime\/\"}]}<\/script>\n<!-- \/ Yoast SEO plugin. -->","yoast_head_json":{"title":"\u00cdndice de Precios al Consumidor registra incremento de 0,12% en febrero de 2022 - INE","description":"P\u00e1gina oficial del Instituto Nacional de Estadistica INE, informaci\u00f3n estad\u00edstica, geogr\u00e1fica y econ\u00f3mica a nivel nacional.","robots":{"index":"index","follow":"follow","max-snippet":"max-snippet:-1","max-image-preview":"max-image-preview:large","max-video-preview":"max-video-preview:-1"},"canonical":"https:\/\/www.ine.gob.bo\/index.php\/indice-de-precios-al-consumidor-registra-incremento-de-012-en-febrero-de-2022\/","og_locale":"es_ES","og_type":"article","og_title":"\u00cdndice de Precios al Consumidor registra incremento de 0,12% en febrero de 2022 - INE","og_description":"P\u00e1gina oficial del Instituto Nacional de Estadistica INE, informaci\u00f3n estad\u00edstica, geogr\u00e1fica y econ\u00f3mica a nivel nacional.","og_url":"https:\/\/www.ine.gob.bo\/index.php\/indice-de-precios-al-consumidor-registra-incremento-de-012-en-febrero-de-2022\/","og_site_name":"INE","article_publisher":"https:\/\/www.facebook.com\/ineboliviaoficial","article_published_time":"2022-03-05T00:44:58+00:00","article_modified_time":"2025-06-26T19:16:42+00:00","og_image":[{"width":931,"height":639,"url":"https:\/\/www.ine.gob.bo\/wp-content\/uploads\/2022\/02\/Grafico-1-IPC-ene_22.png","type":"image\/png"}],"author":"Albaro Benedicto Laime Mamani","twitter_card":"summary_large_image","twitter_creator":"@INE_Bolivia","twitter_site":"@INE_Bolivia","twitter_misc":{"Escrito por":"Albaro Benedicto Laime Mamani","Tiempo de lectura":"3 minutos"},"schema":{"@context":"https:\/\/schema.org","@graph":[{"@type":"Article","@id":"https:\/\/www.ine.gob.bo\/index.php\/indice-de-precios-al-consumidor-registra-incremento-de-012-en-febrero-de-2022\/#article","isPartOf":{"@id":"https:\/\/www.ine.gob.bo\/index.php\/indice-de-precios-al-consumidor-registra-incremento-de-012-en-febrero-de-2022\/"},"author":{"name":"Albaro Benedicto Laime Mamani","@id":"https:\/\/www.ine.gob.bo\/#\/schema\/person\/cd5e3dea21e6634e99cebddcca7540d1"},"headline":"\u00cdndice de Precios al Consumidor registra incremento de 0,12% en febrero de 2022","datePublished":"2022-03-05T00:44:58+00:00","dateModified":"2025-06-26T19:16:42+00:00","mainEntityOfPage":{"@id":"https:\/\/www.ine.gob.bo\/index.php\/indice-de-precios-al-consumidor-registra-incremento-de-012-en-febrero-de-2022\/"},"wordCount":293,"publisher":{"@id":"https:\/\/www.ine.gob.bo\/#organization"},"image":{"@id":"https:\/\/www.ine.gob.bo\/index.php\/indice-de-precios-al-consumidor-registra-incremento-de-012-en-febrero-de-2022\/#primaryimage"},"thumbnailUrl":"https:\/\/www.ine.gob.bo\/wp-content\/uploads\/2022\/02\/Grafico-1-IPC-ene_22.png","keywords":["INE Noticias; IPC"],"articleSection":["INE noticias"],"inLanguage":"es"},{"@type":"WebPage","@id":"https:\/\/www.ine.gob.bo\/index.php\/indice-de-precios-al-consumidor-registra-incremento-de-012-en-febrero-de-2022\/","url":"https:\/\/www.ine.gob.bo\/index.php\/indice-de-precios-al-consumidor-registra-incremento-de-012-en-febrero-de-2022\/","name":"\u00cdndice de Precios al Consumidor registra incremento de 0,12% en febrero de 2022 - INE","isPartOf":{"@id":"https:\/\/www.ine.gob.bo\/#website"},"primaryImageOfPage":{"@id":"https:\/\/www.ine.gob.bo\/index.php\/indice-de-precios-al-consumidor-registra-incremento-de-012-en-febrero-de-2022\/#primaryimage"},"image":{"@id":"https:\/\/www.ine.gob.bo\/index.php\/indice-de-precios-al-consumidor-registra-incremento-de-012-en-febrero-de-2022\/#primaryimage"},"thumbnailUrl":"https:\/\/www.ine.gob.bo\/wp-content\/uploads\/2022\/02\/Grafico-1-IPC-ene_22.png","datePublished":"2022-03-05T00:44:58+00:00","dateModified":"2025-06-26T19:16:42+00:00","description":"P\u00e1gina oficial del Instituto Nacional de Estadistica INE, informaci\u00f3n estad\u00edstica, geogr\u00e1fica y econ\u00f3mica a nivel nacional.","breadcrumb":{"@id":"https:\/\/www.ine.gob.bo\/index.php\/indice-de-precios-al-consumidor-registra-incremento-de-012-en-febrero-de-2022\/#breadcrumb"},"inLanguage":"es","potentialAction":[{"@type":"ReadAction","target":["https:\/\/www.ine.gob.bo\/index.php\/indice-de-precios-al-consumidor-registra-incremento-de-012-en-febrero-de-2022\/"]}]},{"@type":"ImageObject","inLanguage":"es","@id":"https:\/\/www.ine.gob.bo\/index.php\/indice-de-precios-al-consumidor-registra-incremento-de-012-en-febrero-de-2022\/#primaryimage","url":"https:\/\/www.ine.gob.bo\/wp-content\/uploads\/2022\/02\/Grafico-1-IPC-ene_22.png","contentUrl":"https:\/\/www.ine.gob.bo\/wp-content\/uploads\/2022\/02\/Grafico-1-IPC-ene_22.png","width":931,"height":639},{"@type":"BreadcrumbList","@id":"https:\/\/www.ine.gob.bo\/index.php\/indice-de-precios-al-consumidor-registra-incremento-de-012-en-febrero-de-2022\/#breadcrumb","itemListElement":[{"@type":"ListItem","position":1,"name":"Portada","item":"https:\/\/www.ine.gob.bo\/"},{"@type":"ListItem","position":2,"name":"\u00cdndice de Precios al Consumidor registra incremento de 0,12% en febrero de 2022"}]},{"@type":"WebSite","@id":"https:\/\/www.ine.gob.bo\/#website","url":"https:\/\/www.ine.gob.bo\/","name":"INE","description":"Instituto Nacional de Estad\u00edstica","publisher":{"@id":"https:\/\/www.ine.gob.bo\/#organization"},"potentialAction":[{"@type":"SearchAction","target":{"@type":"EntryPoint","urlTemplate":"https:\/\/www.ine.gob.bo\/?s={search_term_string}"},"query-input":"required name=search_term_string"}],"inLanguage":"es"},{"@type":"Organization","@id":"https:\/\/www.ine.gob.bo\/#organization","name":"Instituto Nacional de Estad\u00edstica","url":"https:\/\/www.ine.gob.bo\/","logo":{"@type":"ImageObject","inLanguage":"es","@id":"https:\/\/www.ine.gob.bo\/#\/schema\/logo\/image\/","url":"https:\/\/www.ine.gob.bo\/wp-content\/uploads\/2026\/02\/logo-ine.jpg","contentUrl":"https:\/\/www.ine.gob.bo\/wp-content\/uploads\/2026\/02\/logo-ine.jpg","width":799,"height":453,"caption":"Instituto Nacional de Estad\u00edstica"},"image":{"@id":"https:\/\/www.ine.gob.bo\/#\/schema\/logo\/image\/"},"sameAs":["https:\/\/www.facebook.com\/ineboliviaoficial","https:\/\/x.com\/INE_Bolivia","https:\/\/www.instagram.com\/ineboliviaoficial\/","https:\/\/www.youtube.com\/channel\/UCbIQXKLw414g5kWo1tAwqCg"]},{"@type":"Person","@id":"https:\/\/www.ine.gob.bo\/#\/schema\/person\/cd5e3dea21e6634e99cebddcca7540d1","name":"Albaro Benedicto Laime Mamani","image":{"@type":"ImageObject","inLanguage":"es","@id":"https:\/\/www.ine.gob.bo\/#\/schema\/person\/image\/","url":"https:\/\/secure.gravatar.com\/avatar\/450967f1badecac6afbf323d3a06c551f001ee9e5a1094976c96b19cce5b7180?s=96&d=mm&r=g","contentUrl":"https:\/\/secure.gravatar.com\/avatar\/450967f1badecac6afbf323d3a06c551f001ee9e5a1094976c96b19cce5b7180?s=96&d=mm&r=g","caption":"Albaro Benedicto Laime Mamani"},"url":"https:\/\/www.ine.gob.bo\/index.php\/author\/alaime\/"}]}},"rttpg_featured_image_url":{"full":["https:\/\/www.ine.gob.bo\/wp-content\/uploads\/2022\/02\/Grafico-1-IPC-ene_22.png",931,639,false],"landscape":["https:\/\/www.ine.gob.bo\/wp-content\/uploads\/2022\/02\/Grafico-1-IPC-ene_22.png",931,639,false],"portraits":["https:\/\/www.ine.gob.bo\/wp-content\/uploads\/2022\/02\/Grafico-1-IPC-ene_22.png",931,639,false],"thumbnail":["https:\/\/www.ine.gob.bo\/wp-content\/uploads\/2022\/02\/Grafico-1-IPC-ene_22-150x150.png",150,150,true],"medium":["https:\/\/www.ine.gob.bo\/wp-content\/uploads\/2022\/02\/Grafico-1-IPC-ene_22-300x206.png",300,206,true],"large":["https:\/\/www.ine.gob.bo\/wp-content\/uploads\/2022\/02\/Grafico-1-IPC-ene_22.png",931,639,false],"1536x1536":["https:\/\/www.ine.gob.bo\/wp-content\/uploads\/2022\/02\/Grafico-1-IPC-ene_22.png",931,639,false],"2048x2048":["https:\/\/www.ine.gob.bo\/wp-content\/uploads\/2022\/02\/Grafico-1-IPC-ene_22.png",931,639,false]},"rttpg_author":{"display_name":"Albaro Benedicto Laime Mamani","author_link":"https:\/\/www.ine.gob.bo\/index.php\/author\/alaime\/"},"rttpg_comment":0,"rttpg_category":"<a href=\"https:\/\/www.ine.gob.bo\/index.php\/category\/ine-noticias\/\" rel=\"category tag\">INE noticias<\/a>","rttpg_excerpt":"[vc_row][vc_column][vc_column_text] La Paz, 4 de marzo de 2022 (INE). &#8211; El \u00cdndice de Precios al Consumidor (IPC) registr\u00f3 en febrero de 2022 un aumento de 0,12% respecto a enero. La variaci\u00f3n acumulada a febrero fue positiva con un incremento de 0,43% y a doce\u00a0 meses de 0,70%. Comportamiento de Precios al Consumidor, seg\u00fan divisiones de&hellip;","_links":{"self":[{"href":"https:\/\/www.ine.gob.bo\/index.php\/wp-json\/wp\/v2\/posts\/55526","targetHints":{"allow":["GET"]}}],"collection":[{"href":"https:\/\/www.ine.gob.bo\/index.php\/wp-json\/wp\/v2\/posts"}],"about":[{"href":"https:\/\/www.ine.gob.bo\/index.php\/wp-json\/wp\/v2\/types\/post"}],"author":[{"embeddable":true,"href":"https:\/\/www.ine.gob.bo\/index.php\/wp-json\/wp\/v2\/users\/19"}],"replies":[{"embeddable":true,"href":"https:\/\/www.ine.gob.bo\/index.php\/wp-json\/wp\/v2\/comments?post=55526"}],"version-history":[{"count":0,"href":"https:\/\/www.ine.gob.bo\/index.php\/wp-json\/wp\/v2\/posts\/55526\/revisions"}],"wp:featuredmedia":[{"embeddable":true,"href":"https:\/\/www.ine.gob.bo\/index.php\/wp-json\/wp\/v2\/media\/55348"}],"wp:attachment":[{"href":"https:\/\/www.ine.gob.bo\/index.php\/wp-json\/wp\/v2\/media?parent=55526"}],"wp:term":[{"taxonomy":"category","embeddable":true,"href":"https:\/\/www.ine.gob.bo\/index.php\/wp-json\/wp\/v2\/categories?post=55526"},{"taxonomy":"post_tag","embeddable":true,"href":"https:\/\/www.ine.gob.bo\/index.php\/wp-json\/wp\/v2\/tags?post=55526"}],"curies":[{"name":"wp","href":"https:\/\/api.w.org\/{rel}","templated":true}]}}