{"id":55167,"date":"2022-01-18T12:24:10","date_gmt":"2022-01-18T16:24:10","guid":{"rendered":"https:\/\/www.ine.gob.bo\/?p=55167"},"modified":"2026-07-27T14:47:04","modified_gmt":"2026-07-27T18:47:04","slug":"rendicion-de-cuentas-del-ine-destaca-nueva-ley-de-estadisticas-oficiales","status":"publish","type":"post","link":"https:\/\/www.ine.gob.bo\/index.php\/rendicion-de-cuentas-del-ine-destaca-nueva-ley-de-estadisticas-oficiales\/","title":{"rendered":"Rendici\u00f3n de Cuentas del INE destaca Nueva Ley de Estad\u00edsticas Oficiales"},"content":{"rendered":"<p>[vc_row][vc_column][vc_column_text]<\/p>\r\n<p>Luego de 45 a\u00f1os, se procedi\u00f3 a la modernizaci\u00f3n del marco legal mediante la aprobaci\u00f3n de la Ley N\u00b0 1405 de Estad\u00edsticas Oficiales del Estado Plurinacional de Bolivia, junto a la actualizaci\u00f3n del Sistema de Cuentas Nacionales y el nuevo a\u00f1o base, son los temas que destacan en el informe de Rendici\u00f3n de Cuentas Final 2021 del Instituto Nacional de Estad\u00edstica.<\/p>\r\n<p>Uno de los logros m\u00e1s importantes para el INE en las \u00faltimas d\u00e9cadas, fue la promulgaci\u00f3n de la Ley N\u00b01405 el 1 de noviembre de 2021, normativa que otorga a la instituci\u00f3n la facultad de ejercer la rector\u00eda en la producci\u00f3n de estad\u00edsticas oficiales en el pa\u00eds.<\/p>\r\n<p>El informe fue brindado por el Director General Ejecutivo del INE, Humberto Arandia Claure, durante la Rendici\u00f3n P\u00fablica de Cuentas Final 2021 que dio de manera virtual, v\u00eda zoom, este martes 18 de enero de 2022.<\/p>\r\n<p>En el compromiso referido a la Actualizaci\u00f3n del Sistema de Cuentas Nacionales y Nuevo A\u00f1o Base, se retomaron las acciones paralizadas en 2020. Asimismo, gracias al apoyo t\u00e9cnico de la CEPAL, se corrigieron los errores metodol\u00f3gicos cometidos en el primer semestre de 2020 en el c\u00e1lculo de Cuentas Nacionales y se actualizaron las estad\u00edsticas macroecon\u00f3micas de 39 sectores definidos para la nueva base de Cuentas Nacionales de Bolivia. Se concluy\u00f3 la actualizaci\u00f3n de la metodolog\u00eda de acuerdo con la \u00faltima versi\u00f3n del Sistema correspondiente a Naciones Unidas (SCN 2008).<\/p>\r\n<p>Con esta actualizaci\u00f3n los resultados de las estad\u00edsticas macroecon\u00f3micas (de acuerdo con los niveles de calidad) ahora son comparables a nivel internacional, tal como lo recomiendan organismos internacionales que tienen que ver con el manejo adecuado de las estad\u00edsticas oficiales.<\/p>\r\n<p>En cuanto a la Publicaci\u00f3n del \u00cdndice de Precios Productor y al Por Mayor se trabaj\u00f3 con la asistencia t\u00e9cnica de la Comisi\u00f3n Econ\u00f3mica para Am\u00e9rica Latina y el Caribe CEPAL, teni\u00e9ndose prevista la socializaci\u00f3n interinstitucional de este trabajo para este mes.<\/p>\r\n<p>Asimismo, en la gesti\u00f3n 2021, el INE alcanz\u00f3 un 93% de ejecuci\u00f3n presupuestaria, mostrando un crecimiento acorde a proyecciones iniciales y una recuperaci\u00f3n importante respecto a 2020, cuando solamente alcanz\u00f3 el 86%.<\/p>\r\n<p>En cuanto a la atenci\u00f3n a denuncias recibidas por la Unidad de Transparencia y Enlace de Organizaciones Sociales (UTEOS) del INE, de un total de 12 cuatro fueron admitidas, seis fueron rechazadas y dos est\u00e1n en proceso de revisi\u00f3n. Adem\u00e1s, se capacit\u00f3 a un total de 369 funcionarios de planta, eventuales y consultores respecto a la Ley 004 de Lucha contra la Corrupci\u00f3n, Enriquecimiento Il\u00edcito e Investigaci\u00f3n de Fortunas Marcelo Quiroga Santa Cruz.<\/p>\r\n<!-- \/wp:post-content -->\r\n<p>&nbsp;<\/p>\r\n<!-- wp:paragraph {\"align\":\"center\"} -->\r\n<p class=\"has-text-align-center\"><strong><em><img loading=\"lazy\" decoding=\"async\" class=\"aligncenter wp-image-55169 size-full\" src=\"https:\/\/www.ine.gob.bo\/wp-content\/uploads\/2022\/01\/director.jpg\" alt=\"\" width=\"748\" height=\"418\" srcset=\"https:\/\/www.ine.gob.bo\/wp-content\/uploads\/2022\/01\/director.jpg 748w, https:\/\/www.ine.gob.bo\/wp-content\/uploads\/2022\/01\/director-300x168.jpg 300w\" sizes=\"auto, (max-width: 748px) 100vw, 748px\" \/><\/em><\/strong><\/p>\r\n<p class=\"has-text-align-center\"><strong><em><img loading=\"lazy\" decoding=\"async\" class=\"aligncenter wp-image-55170 size-full\" src=\"https:\/\/www.ine.gob.bo\/wp-content\/uploads\/2022\/01\/marco.jpg\" alt=\"\" width=\"755\" height=\"427\" srcset=\"https:\/\/www.ine.gob.bo\/wp-content\/uploads\/2022\/01\/marco.jpg 755w, https:\/\/www.ine.gob.bo\/wp-content\/uploads\/2022\/01\/marco-300x170.jpg 300w\" sizes=\"auto, (max-width: 755px) 100vw, 755px\" \/><\/em><\/strong><\/p>\r\n<p style=\"text-align: center;\"><em>Destac\u00f3 la exposici\u00f3n en torno a la Ley 1405 de Estad\u00edsticas Oficiales del Estado Plurinacional de Bolivia.<\/em><\/p>\r\n<p class=\"has-text-align-center\"><strong><em>Unidad de Difusi\u00f3n y Comunicaci\u00f3n<\/em><br \/>INSTITUTO NACIONAL DE ESTAD\u00cdSTICA<\/strong><\/p>\r\n<!-- \/wp:paragraph -->\r\n<p><!-- wp:paragraph --><a href=\"https:\/\/nimbus.ine.gob.bo\/s\/kdkYYX7wxMKAM99\/download\">Descargar Nota de Prensa<\/a><\/p>\r\n<!-- \/wp:paragraph -->\r\n<p>&nbsp;<\/p>\r\n<!-- wp:separator --><hr class=\"wp-block-separator\" \/><!-- \/wp:separator -->\r\n<p>&nbsp;<\/p>\r\n<!-- wp:paragraph {\"align\":\"right\"} -->\r\n<p class=\"has-text-align-right\"><strong><em>Entidad dependiente del Ministerio de Planificaci\u00f3n del Desarrollo<\/em><\/strong><\/p>\r\n<!-- \/wp:paragraph -->\r\n<p>&nbsp;<\/p>\r\n<p>[\/vc_column_text][\/vc_column][\/vc_row]<\/p>","protected":false},"excerpt":{"rendered":"<p>[vc_row][vc_column][vc_column_text] Luego de 45 a\u00f1os, se procedi\u00f3 a la modernizaci\u00f3n del marco legal mediante la aprobaci\u00f3n de la Ley N\u00b0 1405 de Estad\u00edsticas Oficiales del Estado Plurinacional de Bolivia, junto a la actualizaci\u00f3n del Sistema de Cuentas Nacionales y el nuevo a\u00f1o base, son los temas que destacan en el informe de Rendici\u00f3n de Cuentas&hellip;<\/p>\n","protected":false},"author":6,"featured_media":55171,"comment_status":"closed","ping_status":"open","sticky":false,"template":"","format":"standard","meta":[],"categories":[158],"tags":[401],"class_list":["post-55167","post","type-post","status-publish","format-standard","has-post-thumbnail","hentry","category-ine-noticias","tag-ine-noticias-ipc","category-158","description-off"],"yoast_head":"<!-- This site is optimized with the Yoast SEO plugin v23.2 - https:\/\/yoast.com\/wordpress\/plugins\/seo\/ -->\n<title>Rendici\u00f3n de Cuentas del INE destaca Nueva Ley de Estad\u00edsticas Oficiales - INE<\/title>\n<meta name=\"description\" content=\"P\u00e1gina oficial del Instituto Nacional de Estadistica INE, informaci\u00f3n estad\u00edstica, geogr\u00e1fica y econ\u00f3mica a nivel nacional.\" \/>\n<meta name=\"robots\" content=\"index, follow, max-snippet:-1, max-image-preview:large, max-video-preview:-1\" \/>\n<link rel=\"canonical\" href=\"https:\/\/www.ine.gob.bo\/index.php\/rendicion-de-cuentas-del-ine-destaca-nueva-ley-de-estadisticas-oficiales\/\" \/>\n<meta property=\"og:locale\" content=\"es_ES\" \/>\n<meta property=\"og:type\" content=\"article\" \/>\n<meta property=\"og:title\" content=\"Rendici\u00f3n de Cuentas del INE destaca Nueva Ley de Estad\u00edsticas Oficiales - INE\" \/>\n<meta property=\"og:description\" content=\"P\u00e1gina oficial del Instituto Nacional de Estadistica INE, informaci\u00f3n estad\u00edstica, geogr\u00e1fica y econ\u00f3mica a nivel nacional.\" \/>\n<meta property=\"og:url\" content=\"https:\/\/www.ine.gob.bo\/index.php\/rendicion-de-cuentas-del-ine-destaca-nueva-ley-de-estadisticas-oficiales\/\" \/>\n<meta property=\"og:site_name\" content=\"INE\" \/>\n<meta property=\"article:publisher\" content=\"https:\/\/www.facebook.com\/ineboliviaoficial\" \/>\n<meta property=\"article:published_time\" content=\"2022-01-18T16:24:10+00:00\" \/>\n<meta property=\"article:modified_time\" content=\"2026-07-27T18:47:04+00:00\" \/>\n<meta property=\"og:image\" content=\"https:\/\/www.ine.gob.bo\/wp-content\/uploads\/2022\/01\/director-1.jpg\" \/>\n\t<meta property=\"og:image:width\" content=\"748\" \/>\n\t<meta property=\"og:image:height\" content=\"418\" \/>\n\t<meta property=\"og:image:type\" content=\"image\/jpeg\" \/>\n<meta name=\"author\" content=\"Lourdes Gutierrez\" \/>\n<meta name=\"twitter:card\" content=\"summary_large_image\" \/>\n<meta name=\"twitter:creator\" content=\"@INE_Bolivia\" \/>\n<meta name=\"twitter:site\" content=\"@INE_Bolivia\" \/>\n<meta name=\"twitter:label1\" content=\"Escrito por\" \/>\n\t<meta name=\"twitter:data1\" content=\"Lourdes Gutierrez\" \/>\n\t<meta name=\"twitter:label2\" content=\"Tiempo de lectura\" \/>\n\t<meta name=\"twitter:data2\" content=\"3 minutos\" \/>\n<script type=\"application\/ld+json\" class=\"yoast-schema-graph\">{\"@context\":\"https:\/\/schema.org\",\"@graph\":[{\"@type\":\"Article\",\"@id\":\"https:\/\/www.ine.gob.bo\/index.php\/rendicion-de-cuentas-del-ine-destaca-nueva-ley-de-estadisticas-oficiales\/#article\",\"isPartOf\":{\"@id\":\"https:\/\/www.ine.gob.bo\/index.php\/rendicion-de-cuentas-del-ine-destaca-nueva-ley-de-estadisticas-oficiales\/\"},\"author\":{\"name\":\"Lourdes Gutierrez\",\"@id\":\"https:\/\/www.ine.gob.bo\/#\/schema\/person\/ffa42bafb4e3c57e616eec87600fc297\"},\"headline\":\"Rendici\u00f3n de Cuentas del INE destaca Nueva Ley de Estad\u00edsticas Oficiales\",\"datePublished\":\"2022-01-18T16:24:10+00:00\",\"dateModified\":\"2026-07-27T18:47:04+00:00\",\"mainEntityOfPage\":{\"@id\":\"https:\/\/www.ine.gob.bo\/index.php\/rendicion-de-cuentas-del-ine-destaca-nueva-ley-de-estadisticas-oficiales\/\"},\"wordCount\":525,\"publisher\":{\"@id\":\"https:\/\/www.ine.gob.bo\/#organization\"},\"image\":{\"@id\":\"https:\/\/www.ine.gob.bo\/index.php\/rendicion-de-cuentas-del-ine-destaca-nueva-ley-de-estadisticas-oficiales\/#primaryimage\"},\"thumbnailUrl\":\"https:\/\/www.ine.gob.bo\/wp-content\/uploads\/2022\/01\/director-1.jpg\",\"keywords\":[\"INE Noticias; IPC\"],\"articleSection\":[\"INE noticias\"],\"inLanguage\":\"es\"},{\"@type\":\"WebPage\",\"@id\":\"https:\/\/www.ine.gob.bo\/index.php\/rendicion-de-cuentas-del-ine-destaca-nueva-ley-de-estadisticas-oficiales\/\",\"url\":\"https:\/\/www.ine.gob.bo\/index.php\/rendicion-de-cuentas-del-ine-destaca-nueva-ley-de-estadisticas-oficiales\/\",\"name\":\"Rendici\u00f3n de Cuentas del INE destaca Nueva Ley de Estad\u00edsticas Oficiales - INE\",\"isPartOf\":{\"@id\":\"https:\/\/www.ine.gob.bo\/#website\"},\"primaryImageOfPage\":{\"@id\":\"https:\/\/www.ine.gob.bo\/index.php\/rendicion-de-cuentas-del-ine-destaca-nueva-ley-de-estadisticas-oficiales\/#primaryimage\"},\"image\":{\"@id\":\"https:\/\/www.ine.gob.bo\/index.php\/rendicion-de-cuentas-del-ine-destaca-nueva-ley-de-estadisticas-oficiales\/#primaryimage\"},\"thumbnailUrl\":\"https:\/\/www.ine.gob.bo\/wp-content\/uploads\/2022\/01\/director-1.jpg\",\"datePublished\":\"2022-01-18T16:24:10+00:00\",\"dateModified\":\"2026-07-27T18:47:04+00:00\",\"description\":\"P\u00e1gina oficial del Instituto Nacional de Estadistica INE, informaci\u00f3n estad\u00edstica, geogr\u00e1fica y econ\u00f3mica a nivel nacional.\",\"breadcrumb\":{\"@id\":\"https:\/\/www.ine.gob.bo\/index.php\/rendicion-de-cuentas-del-ine-destaca-nueva-ley-de-estadisticas-oficiales\/#breadcrumb\"},\"inLanguage\":\"es\",\"potentialAction\":[{\"@type\":\"ReadAction\",\"target\":[\"https:\/\/www.ine.gob.bo\/index.php\/rendicion-de-cuentas-del-ine-destaca-nueva-ley-de-estadisticas-oficiales\/\"]}]},{\"@type\":\"ImageObject\",\"inLanguage\":\"es\",\"@id\":\"https:\/\/www.ine.gob.bo\/index.php\/rendicion-de-cuentas-del-ine-destaca-nueva-ley-de-estadisticas-oficiales\/#primaryimage\",\"url\":\"https:\/\/www.ine.gob.bo\/wp-content\/uploads\/2022\/01\/director-1.jpg\",\"contentUrl\":\"https:\/\/www.ine.gob.bo\/wp-content\/uploads\/2022\/01\/director-1.jpg\",\"width\":748,\"height\":418},{\"@type\":\"BreadcrumbList\",\"@id\":\"https:\/\/www.ine.gob.bo\/index.php\/rendicion-de-cuentas-del-ine-destaca-nueva-ley-de-estadisticas-oficiales\/#breadcrumb\",\"itemListElement\":[{\"@type\":\"ListItem\",\"position\":1,\"name\":\"Portada\",\"item\":\"https:\/\/www.ine.gob.bo\/\"},{\"@type\":\"ListItem\",\"position\":2,\"name\":\"Rendici\u00f3n de Cuentas del INE destaca Nueva Ley de Estad\u00edsticas Oficiales\"}]},{\"@type\":\"WebSite\",\"@id\":\"https:\/\/www.ine.gob.bo\/#website\",\"url\":\"https:\/\/www.ine.gob.bo\/\",\"name\":\"INE\",\"description\":\"Instituto Nacional de Estad\u00edstica\",\"publisher\":{\"@id\":\"https:\/\/www.ine.gob.bo\/#organization\"},\"potentialAction\":[{\"@type\":\"SearchAction\",\"target\":{\"@type\":\"EntryPoint\",\"urlTemplate\":\"https:\/\/www.ine.gob.bo\/?s={search_term_string}\"},\"query-input\":\"required name=search_term_string\"}],\"inLanguage\":\"es\"},{\"@type\":\"Organization\",\"@id\":\"https:\/\/www.ine.gob.bo\/#organization\",\"name\":\"Instituto Nacional de Estad\u00edstica\",\"url\":\"https:\/\/www.ine.gob.bo\/\",\"logo\":{\"@type\":\"ImageObject\",\"inLanguage\":\"es\",\"@id\":\"https:\/\/www.ine.gob.bo\/#\/schema\/logo\/image\/\",\"url\":\"https:\/\/www.ine.gob.bo\/wp-content\/uploads\/2026\/02\/logo-ine.jpg\",\"contentUrl\":\"https:\/\/www.ine.gob.bo\/wp-content\/uploads\/2026\/02\/logo-ine.jpg\",\"width\":799,\"height\":453,\"caption\":\"Instituto Nacional de Estad\u00edstica\"},\"image\":{\"@id\":\"https:\/\/www.ine.gob.bo\/#\/schema\/logo\/image\/\"},\"sameAs\":[\"https:\/\/www.facebook.com\/ineboliviaoficial\",\"https:\/\/x.com\/INE_Bolivia\",\"https:\/\/www.instagram.com\/ineboliviaoficial\/\",\"https:\/\/www.youtube.com\/channel\/UCbIQXKLw414g5kWo1tAwqCg\"]},{\"@type\":\"Person\",\"@id\":\"https:\/\/www.ine.gob.bo\/#\/schema\/person\/ffa42bafb4e3c57e616eec87600fc297\",\"name\":\"Lourdes Gutierrez\",\"image\":{\"@type\":\"ImageObject\",\"inLanguage\":\"es\",\"@id\":\"https:\/\/www.ine.gob.bo\/#\/schema\/person\/image\/\",\"url\":\"https:\/\/secure.gravatar.com\/avatar\/a8db860f68f1ae1577840ef2560cfd824b142bb9e4253f2cc7bb117c256e196a?s=96&d=mm&r=g\",\"contentUrl\":\"https:\/\/secure.gravatar.com\/avatar\/a8db860f68f1ae1577840ef2560cfd824b142bb9e4253f2cc7bb117c256e196a?s=96&d=mm&r=g\",\"caption\":\"Lourdes Gutierrez\"},\"url\":\"https:\/\/www.ine.gob.bo\/index.php\/author\/lgutierrez\/\"}]}<\/script>\n<!-- \/ Yoast SEO plugin. -->","yoast_head_json":{"title":"Rendici\u00f3n de Cuentas del INE destaca Nueva Ley de Estad\u00edsticas Oficiales - INE","description":"P\u00e1gina oficial del Instituto Nacional de Estadistica INE, informaci\u00f3n estad\u00edstica, geogr\u00e1fica y econ\u00f3mica a nivel nacional.","robots":{"index":"index","follow":"follow","max-snippet":"max-snippet:-1","max-image-preview":"max-image-preview:large","max-video-preview":"max-video-preview:-1"},"canonical":"https:\/\/www.ine.gob.bo\/index.php\/rendicion-de-cuentas-del-ine-destaca-nueva-ley-de-estadisticas-oficiales\/","og_locale":"es_ES","og_type":"article","og_title":"Rendici\u00f3n de Cuentas del INE destaca Nueva Ley de Estad\u00edsticas Oficiales - INE","og_description":"P\u00e1gina oficial del Instituto Nacional de Estadistica INE, informaci\u00f3n estad\u00edstica, geogr\u00e1fica y econ\u00f3mica a nivel nacional.","og_url":"https:\/\/www.ine.gob.bo\/index.php\/rendicion-de-cuentas-del-ine-destaca-nueva-ley-de-estadisticas-oficiales\/","og_site_name":"INE","article_publisher":"https:\/\/www.facebook.com\/ineboliviaoficial","article_published_time":"2022-01-18T16:24:10+00:00","article_modified_time":"2026-07-27T18:47:04+00:00","og_image":[{"width":748,"height":418,"url":"https:\/\/www.ine.gob.bo\/wp-content\/uploads\/2022\/01\/director-1.jpg","type":"image\/jpeg"}],"author":"Lourdes Gutierrez","twitter_card":"summary_large_image","twitter_creator":"@INE_Bolivia","twitter_site":"@INE_Bolivia","twitter_misc":{"Escrito por":"Lourdes Gutierrez","Tiempo de lectura":"3 minutos"},"schema":{"@context":"https:\/\/schema.org","@graph":[{"@type":"Article","@id":"https:\/\/www.ine.gob.bo\/index.php\/rendicion-de-cuentas-del-ine-destaca-nueva-ley-de-estadisticas-oficiales\/#article","isPartOf":{"@id":"https:\/\/www.ine.gob.bo\/index.php\/rendicion-de-cuentas-del-ine-destaca-nueva-ley-de-estadisticas-oficiales\/"},"author":{"name":"Lourdes Gutierrez","@id":"https:\/\/www.ine.gob.bo\/#\/schema\/person\/ffa42bafb4e3c57e616eec87600fc297"},"headline":"Rendici\u00f3n de Cuentas del INE destaca Nueva Ley de Estad\u00edsticas Oficiales","datePublished":"2022-01-18T16:24:10+00:00","dateModified":"2026-07-27T18:47:04+00:00","mainEntityOfPage":{"@id":"https:\/\/www.ine.gob.bo\/index.php\/rendicion-de-cuentas-del-ine-destaca-nueva-ley-de-estadisticas-oficiales\/"},"wordCount":525,"publisher":{"@id":"https:\/\/www.ine.gob.bo\/#organization"},"image":{"@id":"https:\/\/www.ine.gob.bo\/index.php\/rendicion-de-cuentas-del-ine-destaca-nueva-ley-de-estadisticas-oficiales\/#primaryimage"},"thumbnailUrl":"https:\/\/www.ine.gob.bo\/wp-content\/uploads\/2022\/01\/director-1.jpg","keywords":["INE Noticias; IPC"],"articleSection":["INE noticias"],"inLanguage":"es"},{"@type":"WebPage","@id":"https:\/\/www.ine.gob.bo\/index.php\/rendicion-de-cuentas-del-ine-destaca-nueva-ley-de-estadisticas-oficiales\/","url":"https:\/\/www.ine.gob.bo\/index.php\/rendicion-de-cuentas-del-ine-destaca-nueva-ley-de-estadisticas-oficiales\/","name":"Rendici\u00f3n de Cuentas del INE destaca Nueva Ley de Estad\u00edsticas Oficiales - INE","isPartOf":{"@id":"https:\/\/www.ine.gob.bo\/#website"},"primaryImageOfPage":{"@id":"https:\/\/www.ine.gob.bo\/index.php\/rendicion-de-cuentas-del-ine-destaca-nueva-ley-de-estadisticas-oficiales\/#primaryimage"},"image":{"@id":"https:\/\/www.ine.gob.bo\/index.php\/rendicion-de-cuentas-del-ine-destaca-nueva-ley-de-estadisticas-oficiales\/#primaryimage"},"thumbnailUrl":"https:\/\/www.ine.gob.bo\/wp-content\/uploads\/2022\/01\/director-1.jpg","datePublished":"2022-01-18T16:24:10+00:00","dateModified":"2026-07-27T18:47:04+00:00","description":"P\u00e1gina oficial del Instituto Nacional de Estadistica INE, informaci\u00f3n estad\u00edstica, geogr\u00e1fica y econ\u00f3mica a nivel nacional.","breadcrumb":{"@id":"https:\/\/www.ine.gob.bo\/index.php\/rendicion-de-cuentas-del-ine-destaca-nueva-ley-de-estadisticas-oficiales\/#breadcrumb"},"inLanguage":"es","potentialAction":[{"@type":"ReadAction","target":["https:\/\/www.ine.gob.bo\/index.php\/rendicion-de-cuentas-del-ine-destaca-nueva-ley-de-estadisticas-oficiales\/"]}]},{"@type":"ImageObject","inLanguage":"es","@id":"https:\/\/www.ine.gob.bo\/index.php\/rendicion-de-cuentas-del-ine-destaca-nueva-ley-de-estadisticas-oficiales\/#primaryimage","url":"https:\/\/www.ine.gob.bo\/wp-content\/uploads\/2022\/01\/director-1.jpg","contentUrl":"https:\/\/www.ine.gob.bo\/wp-content\/uploads\/2022\/01\/director-1.jpg","width":748,"height":418},{"@type":"BreadcrumbList","@id":"https:\/\/www.ine.gob.bo\/index.php\/rendicion-de-cuentas-del-ine-destaca-nueva-ley-de-estadisticas-oficiales\/#breadcrumb","itemListElement":[{"@type":"ListItem","position":1,"name":"Portada","item":"https:\/\/www.ine.gob.bo\/"},{"@type":"ListItem","position":2,"name":"Rendici\u00f3n de Cuentas del INE destaca Nueva Ley de Estad\u00edsticas Oficiales"}]},{"@type":"WebSite","@id":"https:\/\/www.ine.gob.bo\/#website","url":"https:\/\/www.ine.gob.bo\/","name":"INE","description":"Instituto Nacional de Estad\u00edstica","publisher":{"@id":"https:\/\/www.ine.gob.bo\/#organization"},"potentialAction":[{"@type":"SearchAction","target":{"@type":"EntryPoint","urlTemplate":"https:\/\/www.ine.gob.bo\/?s={search_term_string}"},"query-input":"required name=search_term_string"}],"inLanguage":"es"},{"@type":"Organization","@id":"https:\/\/www.ine.gob.bo\/#organization","name":"Instituto Nacional de Estad\u00edstica","url":"https:\/\/www.ine.gob.bo\/","logo":{"@type":"ImageObject","inLanguage":"es","@id":"https:\/\/www.ine.gob.bo\/#\/schema\/logo\/image\/","url":"https:\/\/www.ine.gob.bo\/wp-content\/uploads\/2026\/02\/logo-ine.jpg","contentUrl":"https:\/\/www.ine.gob.bo\/wp-content\/uploads\/2026\/02\/logo-ine.jpg","width":799,"height":453,"caption":"Instituto Nacional de Estad\u00edstica"},"image":{"@id":"https:\/\/www.ine.gob.bo\/#\/schema\/logo\/image\/"},"sameAs":["https:\/\/www.facebook.com\/ineboliviaoficial","https:\/\/x.com\/INE_Bolivia","https:\/\/www.instagram.com\/ineboliviaoficial\/","https:\/\/www.youtube.com\/channel\/UCbIQXKLw414g5kWo1tAwqCg"]},{"@type":"Person","@id":"https:\/\/www.ine.gob.bo\/#\/schema\/person\/ffa42bafb4e3c57e616eec87600fc297","name":"Lourdes Gutierrez","image":{"@type":"ImageObject","inLanguage":"es","@id":"https:\/\/www.ine.gob.bo\/#\/schema\/person\/image\/","url":"https:\/\/secure.gravatar.com\/avatar\/a8db860f68f1ae1577840ef2560cfd824b142bb9e4253f2cc7bb117c256e196a?s=96&d=mm&r=g","contentUrl":"https:\/\/secure.gravatar.com\/avatar\/a8db860f68f1ae1577840ef2560cfd824b142bb9e4253f2cc7bb117c256e196a?s=96&d=mm&r=g","caption":"Lourdes Gutierrez"},"url":"https:\/\/www.ine.gob.bo\/index.php\/author\/lgutierrez\/"}]}},"rttpg_featured_image_url":{"full":["https:\/\/www.ine.gob.bo\/wp-content\/uploads\/2022\/01\/director-1.jpg",748,418,false],"landscape":["https:\/\/www.ine.gob.bo\/wp-content\/uploads\/2022\/01\/director-1.jpg",748,418,false],"portraits":["https:\/\/www.ine.gob.bo\/wp-content\/uploads\/2022\/01\/director-1.jpg",748,418,false],"thumbnail":["https:\/\/www.ine.gob.bo\/wp-content\/uploads\/2022\/01\/director-1-150x150.jpg",150,150,true],"medium":["https:\/\/www.ine.gob.bo\/wp-content\/uploads\/2022\/01\/director-1-300x168.jpg",300,168,true],"large":["https:\/\/www.ine.gob.bo\/wp-content\/uploads\/2022\/01\/director-1.jpg",748,418,false],"1536x1536":["https:\/\/www.ine.gob.bo\/wp-content\/uploads\/2022\/01\/director-1.jpg",748,418,false],"2048x2048":["https:\/\/www.ine.gob.bo\/wp-content\/uploads\/2022\/01\/director-1.jpg",748,418,false]},"rttpg_author":{"display_name":"Lourdes Gutierrez","author_link":"https:\/\/www.ine.gob.bo\/index.php\/author\/lgutierrez\/"},"rttpg_comment":0,"rttpg_category":"<a href=\"https:\/\/www.ine.gob.bo\/index.php\/category\/ine-noticias\/\" rel=\"category tag\">INE noticias<\/a>","rttpg_excerpt":"[vc_row][vc_column][vc_column_text] Luego de 45 a\u00f1os, se procedi\u00f3 a la modernizaci\u00f3n del marco legal mediante la aprobaci\u00f3n de la Ley N\u00b0 1405 de Estad\u00edsticas Oficiales del Estado Plurinacional de Bolivia, junto a la actualizaci\u00f3n del Sistema de Cuentas Nacionales y el nuevo a\u00f1o base, son los temas que destacan en el informe de Rendici\u00f3n de Cuentas&hellip;","_links":{"self":[{"href":"https:\/\/www.ine.gob.bo\/index.php\/wp-json\/wp\/v2\/posts\/55167","targetHints":{"allow":["GET"]}}],"collection":[{"href":"https:\/\/www.ine.gob.bo\/index.php\/wp-json\/wp\/v2\/posts"}],"about":[{"href":"https:\/\/www.ine.gob.bo\/index.php\/wp-json\/wp\/v2\/types\/post"}],"author":[{"embeddable":true,"href":"https:\/\/www.ine.gob.bo\/index.php\/wp-json\/wp\/v2\/users\/6"}],"replies":[{"embeddable":true,"href":"https:\/\/www.ine.gob.bo\/index.php\/wp-json\/wp\/v2\/comments?post=55167"}],"version-history":[{"count":1,"href":"https:\/\/www.ine.gob.bo\/index.php\/wp-json\/wp\/v2\/posts\/55167\/revisions"}],"predecessor-version":[{"id":76490,"href":"https:\/\/www.ine.gob.bo\/index.php\/wp-json\/wp\/v2\/posts\/55167\/revisions\/76490"}],"wp:featuredmedia":[{"embeddable":true,"href":"https:\/\/www.ine.gob.bo\/index.php\/wp-json\/wp\/v2\/media\/55171"}],"wp:attachment":[{"href":"https:\/\/www.ine.gob.bo\/index.php\/wp-json\/wp\/v2\/media?parent=55167"}],"wp:term":[{"taxonomy":"category","embeddable":true,"href":"https:\/\/www.ine.gob.bo\/index.php\/wp-json\/wp\/v2\/categories?post=55167"},{"taxonomy":"post_tag","embeddable":true,"href":"https:\/\/www.ine.gob.bo\/index.php\/wp-json\/wp\/v2\/tags?post=55167"}],"curies":[{"name":"wp","href":"https:\/\/api.w.org\/{rel}","templated":true}]}}