{"id":53729,"date":"2021-08-04T12:10:52","date_gmt":"2021-08-04T16:10:52","guid":{"rendered":"https:\/\/www.ine.gob.bo\/?p=53729"},"modified":"2021-08-04T12:19:38","modified_gmt":"2021-08-04T16:19:38","slug":"indice-de-precios-al-consumidor-registro-variacion-positiva-de-015-en-julio","status":"publish","type":"post","link":"https:\/\/www.ine.gob.bo\/index.php\/indice-de-precios-al-consumidor-registro-variacion-positiva-de-015-en-julio\/","title":{"rendered":"\u00cdndice de Precios al Consumidor registr\u00f3 variaci\u00f3n positiva de 0,15% en julio"},"content":{"rendered":"\n<p><strong>La Paz, 4 de agosto de 2021 (INE).-<\/strong> En julio de 2021, el \u00cdndice de Precios al Consumidor (IPC) registr\u00f3 una variaci\u00f3n positiva de 0,15% respecto a junio, La variaci\u00f3n acumulada a julio fue positiva de 0,44% y a doce meses alcanz\u00f3 tambi\u00e9n una variaci\u00f3n positiva de 0,20%.<\/p>\n\n\n\n<div class=\"wp-block-image\"><figure class=\"aligncenter size-large is-resized\"><img loading=\"lazy\" decoding=\"async\" src=\"https:\/\/www.ine.gob.bo\/wp-content\/uploads\/2021\/08\/01-1024x565.png\" alt=\"\" class=\"wp-image-53730\" width=\"993\" height=\"548\" srcset=\"https:\/\/www.ine.gob.bo\/wp-content\/uploads\/2021\/08\/01-1024x565.png 1024w, https:\/\/www.ine.gob.bo\/wp-content\/uploads\/2021\/08\/01-300x166.png 300w, https:\/\/www.ine.gob.bo\/wp-content\/uploads\/2021\/08\/01-768x424.png 768w, https:\/\/www.ine.gob.bo\/wp-content\/uploads\/2021\/08\/01.png 1158w\" sizes=\"auto, (max-width: 993px) 100vw, 993px\" \/><\/figure><\/div>\n\n\n\n<div class=\"wp-block-image\"><figure class=\"aligncenter size-large is-resized\"><img loading=\"lazy\" decoding=\"async\" src=\"https:\/\/www.ine.gob.bo\/wp-content\/uploads\/2021\/08\/02-1024x651.png\" alt=\"\" class=\"wp-image-53731\" width=\"983\" height=\"625\" srcset=\"https:\/\/www.ine.gob.bo\/wp-content\/uploads\/2021\/08\/02-1024x651.png 1024w, https:\/\/www.ine.gob.bo\/wp-content\/uploads\/2021\/08\/02-300x191.png 300w, https:\/\/www.ine.gob.bo\/wp-content\/uploads\/2021\/08\/02-768x488.png 768w, https:\/\/www.ine.gob.bo\/wp-content\/uploads\/2021\/08\/02.png 1160w\" sizes=\"auto, (max-width: 983px) 100vw, 983px\" \/><\/figure><\/div>\n\n\n\n<p><strong>\u00cdndice de Precios al Consumidor, seg\u00fan divisiones<\/strong><\/p>\n\n\n\n<p>La variaci\u00f3n positiva de 0,15% registrada en julio de 2021 se explica, principalmente, por el incremento de precios en las divisiones de Alimentos y Bebidas No Alcoh\u00f3licas y Salud.<\/p>\n\n\n\n<div class=\"wp-block-image\"><figure class=\"aligncenter size-large is-resized\"><img loading=\"lazy\" decoding=\"async\" src=\"https:\/\/www.ine.gob.bo\/wp-content\/uploads\/2021\/08\/03-1024x616.png\" alt=\"\" class=\"wp-image-53732\" width=\"974\" height=\"586\" srcset=\"https:\/\/www.ine.gob.bo\/wp-content\/uploads\/2021\/08\/03-1024x616.png 1024w, https:\/\/www.ine.gob.bo\/wp-content\/uploads\/2021\/08\/03-300x181.png 300w, https:\/\/www.ine.gob.bo\/wp-content\/uploads\/2021\/08\/03-768x462.png 768w, https:\/\/www.ine.gob.bo\/wp-content\/uploads\/2021\/08\/03.png 1153w\" sizes=\"auto, (max-width: 974px) 100vw, 974px\" \/><\/figure><\/div>\n\n\n\n<p><strong>\u00cdndice de Precios al Consumidor, seg\u00fan productos y servicios con mayor incidencia positiva y negativa<\/strong><\/p>\n\n\n\n<p>Los productos con mayor incidencia porcentual positiva en julio fueron: tomate, arveja verde, vainita, haba verde, pepino y locoto; por el contrario, los productos con mayor incidencia negativa fueron: carne de pollo, cebolla, aparato telef\u00f3nico m\u00f3vil\/celular, naranja, carne de res sin hueso y detergente para lavar ropa.<\/p>\n\n\n\n<div class=\"wp-block-image\"><figure class=\"aligncenter size-large is-resized\"><img loading=\"lazy\" decoding=\"async\" src=\"https:\/\/www.ine.gob.bo\/wp-content\/uploads\/2021\/08\/04-1024x573.png\" alt=\"\" class=\"wp-image-53733\" width=\"957\" height=\"536\" srcset=\"https:\/\/www.ine.gob.bo\/wp-content\/uploads\/2021\/08\/04-1024x573.png 1024w, https:\/\/www.ine.gob.bo\/wp-content\/uploads\/2021\/08\/04-300x168.png 300w, https:\/\/www.ine.gob.bo\/wp-content\/uploads\/2021\/08\/04-768x430.png 768w, https:\/\/www.ine.gob.bo\/wp-content\/uploads\/2021\/08\/04.png 1155w\" sizes=\"auto, (max-width: 957px) 100vw, 957px\" \/><\/figure><\/div>\n\n\n\n<p><strong>\u00cdndice de Precios al Consumidor, seg\u00fan ciudades capitales y conurbaciones<\/strong><\/p>\n\n\n\n<p>La variaci\u00f3n positiva de 0,15% registrada en julio de 2021, se debi\u00f3 principalmente al incremento de precios en las ciudades capitales y conurbaciones: Tarija 1,39%; Potos\u00ed 0,61%; Cobija 0,41%; Sucre 0,32%; Regi\u00f3n Metropolitana Kanata 0,23%; Conurbaci\u00f3n La Paz 0,10% y Conurbaci\u00f3n Santa Cruz 0,06%.<\/p>\n\n\n\n<div class=\"wp-block-image\"><figure class=\"aligncenter size-large is-resized\"><img loading=\"lazy\" decoding=\"async\" src=\"https:\/\/www.ine.gob.bo\/wp-content\/uploads\/2021\/08\/05-1024x554.png\" alt=\"\" class=\"wp-image-53734\" width=\"950\" height=\"514\" srcset=\"https:\/\/www.ine.gob.bo\/wp-content\/uploads\/2021\/08\/05-1024x554.png 1024w, https:\/\/www.ine.gob.bo\/wp-content\/uploads\/2021\/08\/05-300x162.png 300w, https:\/\/www.ine.gob.bo\/wp-content\/uploads\/2021\/08\/05-768x416.png 768w, https:\/\/www.ine.gob.bo\/wp-content\/uploads\/2021\/08\/05.png 1162w\" sizes=\"auto, (max-width: 950px) 100vw, 950px\" \/><\/figure><\/div>\n\n\n\n<p><strong>Variaci\u00f3n acumulada del \u00cdndice de Precios al Consumidor, seg\u00fan ciudades capitales y conurbaciones<\/strong><\/p>\n\n\n\n<p>La variaci\u00f3n acumulada positiva de 0,44% de enero a julio 2021, se explica por las variaciones registradas en las ciudades capitales y conurbaciones: Cobija 2,68%; Regi\u00f3n Metropolitana Kanata 1,09%; Trinidad 0,86%; Conurbaci\u00f3n Santa Cruz 0,51%; Potos\u00ed 0,44%; Tarija 0,36% y Conurbaci\u00f3n La Paz 0,19%.<\/p>\n\n\n\n<div class=\"wp-block-image\"><figure class=\"aligncenter size-large is-resized\"><img loading=\"lazy\" decoding=\"async\" src=\"https:\/\/www.ine.gob.bo\/wp-content\/uploads\/2021\/08\/06-1024x556.png\" alt=\"\" class=\"wp-image-53735\" width=\"951\" height=\"516\" srcset=\"https:\/\/www.ine.gob.bo\/wp-content\/uploads\/2021\/08\/06-1024x556.png 1024w, https:\/\/www.ine.gob.bo\/wp-content\/uploads\/2021\/08\/06-300x163.png 300w, https:\/\/www.ine.gob.bo\/wp-content\/uploads\/2021\/08\/06-768x417.png 768w, https:\/\/www.ine.gob.bo\/wp-content\/uploads\/2021\/08\/06.png 1156w\" sizes=\"auto, (max-width: 951px) 100vw, 951px\" \/><\/figure><\/div>\n\n\n\n<p><strong>Variaci\u00f3n acumulada del \u00cdndice de Precios al Consumidor, seg\u00fan divisi\u00f3n<\/strong><\/p>\n\n\n\n<p>La variaci\u00f3n acumulada positiva de 0,44% se debi\u00f3 principalmente al aumento de precios de los productos en las divisiones: Educaci\u00f3n 5,87%; Alimentos y Bebidas no Alcoh\u00f3licas 1,06%; Salud 0,74%; Recreaci\u00f3n y Cultura 0,45%, Alimentos y Bebidas Consumidos Fuera del Hogar 0,25%, Muebles, Bienes y Servicios Dom\u00e9sticos 0,21%; Vivienda y Servicios B\u00e1sicos 0,04% y Comunicaciones 0,01%.<\/p>\n\n\n\n<div class=\"wp-block-image\"><figure class=\"aligncenter size-large is-resized\"><img loading=\"lazy\" decoding=\"async\" src=\"https:\/\/www.ine.gob.bo\/wp-content\/uploads\/2021\/08\/07-1024x608.png\" alt=\"\" class=\"wp-image-53736\" width=\"981\" height=\"582\" srcset=\"https:\/\/www.ine.gob.bo\/wp-content\/uploads\/2021\/08\/07-1024x608.png 1024w, https:\/\/www.ine.gob.bo\/wp-content\/uploads\/2021\/08\/07-300x178.png 300w, https:\/\/www.ine.gob.bo\/wp-content\/uploads\/2021\/08\/07-768x456.png 768w, https:\/\/www.ine.gob.bo\/wp-content\/uploads\/2021\/08\/07.png 1182w\" sizes=\"auto, (max-width: 981px) 100vw, 981px\" \/><\/figure><\/div>\n\n\n\n<p><strong>Variaci\u00f3n acumulada del \u00cdndice de Precios al Consumidor, seg\u00fan productos y servicios con mayor incidencia positiva y negativa<\/strong><\/p>\n\n\n\n<p>Los productos y servicios con mayor incidencia positiva acumulada entre enero y julio 2021 fueron: tomate, educaci\u00f3n superior universitaria, carne de pollo, educaci\u00f3n secundaria, educaci\u00f3n primaria y arveja verde; en cambio, los productos y servicios con mayor incidencia negativa acumulada, fueron: zanahoria, transporte interdepartamental en \u00f3mnibus\/flota, pa\u00f1ales desechables para beb\u00e9, papel higi\u00e9nico, papa y carne fresca de ganado porcino.<\/p>\n\n\n\n<div class=\"wp-block-image\"><figure class=\"aligncenter size-large\"><img loading=\"lazy\" decoding=\"async\" width=\"1024\" height=\"534\" src=\"https:\/\/www.ine.gob.bo\/wp-content\/uploads\/2021\/08\/08-1024x534.png\" alt=\"\" class=\"wp-image-53737\" srcset=\"https:\/\/www.ine.gob.bo\/wp-content\/uploads\/2021\/08\/08-1024x534.png 1024w, https:\/\/www.ine.gob.bo\/wp-content\/uploads\/2021\/08\/08-300x157.png 300w, https:\/\/www.ine.gob.bo\/wp-content\/uploads\/2021\/08\/08-768x401.png 768w, https:\/\/www.ine.gob.bo\/wp-content\/uploads\/2021\/08\/08.png 1152w\" sizes=\"auto, (max-width: 1024px) 100vw, 1024px\" \/><\/figure><\/div>\n\n\n\n<p class=\"has-text-align-center\"><strong><em>Unidad de Difusi\u00f3n y Comunicaci\u00f3n<\/em><br>INSTITUTO NACIONAL DE ESTAD\u00cdSTICA<\/strong><\/p>\n\n\n\n<p><strong>NOTA: <\/strong>Pueden existir diferencias en los valores y en las variaciones porcentuales que se muestran en los cuadros, debido a que su c\u00e1lculo considera todos los d\u00edgitos decimales.<\/p>\n\n\n\n<p><span class=\"has-inline-color has-accent-color\"><a href=\"https:\/\/nube.ine.gob.bo\/index.php\/s\/zkJV2Emo9ljbI9h\">Descargar esta Nota de Prensa<\/a><\/span><\/p>\n\n\n\n<hr class=\"wp-block-separator\"\/>\n\n\n\n<p class=\"has-text-align-right\"><strong><em>Entidad dependiente del Ministerio de Planificaci\u00f3n del Desarrollo<\/em><\/strong><\/p>\n","protected":false},"excerpt":{"rendered":"<p>La Paz, 4 de agosto de 2021 (INE).- En julio de 2021, el \u00cdndice de Precios al Consumidor (IPC) registr\u00f3 una variaci\u00f3n positiva de 0,15% respecto a junio, La variaci\u00f3n acumulada a julio fue positiva de 0,44% y a doce meses alcanz\u00f3 tambi\u00e9n una variaci\u00f3n positiva de 0,20%. \u00cdndice de Precios al Consumidor, seg\u00fan divisiones&hellip;<\/p>\n","protected":false},"author":4,"featured_media":53731,"comment_status":"closed","ping_status":"open","sticky":false,"template":"","format":"standard","meta":[],"categories":[158],"tags":[401],"class_list":["post-53729","post","type-post","status-publish","format-standard","has-post-thumbnail","hentry","category-ine-noticias","tag-ine-noticias-ipc","category-158","description-off"],"yoast_head":"<!-- This site is optimized with the Yoast SEO plugin v23.2 - https:\/\/yoast.com\/wordpress\/plugins\/seo\/ -->\n<title>\u00cdndice de Precios al Consumidor registr\u00f3 variaci\u00f3n positiva de 0,15% en julio - INE<\/title>\n<meta name=\"description\" content=\"P\u00e1gina oficial del Instituto Nacional de Estadistica INE, informaci\u00f3n estad\u00edstica, geogr\u00e1fica y econ\u00f3mica a nivel nacional.\" \/>\n<meta name=\"robots\" content=\"index, follow, max-snippet:-1, max-image-preview:large, max-video-preview:-1\" \/>\n<link rel=\"canonical\" href=\"https:\/\/www.ine.gob.bo\/index.php\/indice-de-precios-al-consumidor-registro-variacion-positiva-de-015-en-julio\/\" \/>\n<meta property=\"og:locale\" content=\"es_ES\" \/>\n<meta property=\"og:type\" content=\"article\" \/>\n<meta property=\"og:title\" content=\"\u00cdndice de Precios al Consumidor registr\u00f3 variaci\u00f3n positiva de 0,15% en julio - INE\" \/>\n<meta property=\"og:description\" content=\"P\u00e1gina oficial del Instituto Nacional de Estadistica INE, informaci\u00f3n estad\u00edstica, geogr\u00e1fica y econ\u00f3mica a nivel nacional.\" \/>\n<meta property=\"og:url\" content=\"https:\/\/www.ine.gob.bo\/index.php\/indice-de-precios-al-consumidor-registro-variacion-positiva-de-015-en-julio\/\" \/>\n<meta property=\"og:site_name\" content=\"INE\" \/>\n<meta property=\"article:publisher\" content=\"https:\/\/www.facebook.com\/ineboliviaoficial\" \/>\n<meta property=\"article:published_time\" content=\"2021-08-04T16:10:52+00:00\" \/>\n<meta property=\"article:modified_time\" content=\"2021-08-04T16:19:38+00:00\" \/>\n<meta property=\"og:image\" content=\"https:\/\/www.ine.gob.bo\/wp-content\/uploads\/2021\/08\/02.png\" \/>\n\t<meta property=\"og:image:width\" content=\"1160\" \/>\n\t<meta property=\"og:image:height\" content=\"737\" \/>\n\t<meta property=\"og:image:type\" content=\"image\/png\" \/>\n<meta name=\"author\" content=\"Max Alexis Bairon Beltran\" \/>\n<meta name=\"twitter:card\" content=\"summary_large_image\" \/>\n<meta name=\"twitter:creator\" content=\"@INE_Bolivia\" \/>\n<meta name=\"twitter:site\" content=\"@INE_Bolivia\" \/>\n<meta name=\"twitter:label1\" content=\"Escrito por\" \/>\n\t<meta name=\"twitter:data1\" content=\"Max Alexis Bairon Beltran\" \/>\n\t<meta name=\"twitter:label2\" content=\"Tiempo de lectura\" \/>\n\t<meta name=\"twitter:data2\" content=\"4 minutos\" \/>\n<script type=\"application\/ld+json\" class=\"yoast-schema-graph\">{\"@context\":\"https:\/\/schema.org\",\"@graph\":[{\"@type\":\"Article\",\"@id\":\"https:\/\/www.ine.gob.bo\/index.php\/indice-de-precios-al-consumidor-registro-variacion-positiva-de-015-en-julio\/#article\",\"isPartOf\":{\"@id\":\"https:\/\/www.ine.gob.bo\/index.php\/indice-de-precios-al-consumidor-registro-variacion-positiva-de-015-en-julio\/\"},\"author\":{\"name\":\"Max Alexis Bairon Beltran\",\"@id\":\"https:\/\/www.ine.gob.bo\/#\/schema\/person\/faa8073caa064665b1f35d68cfabb3bd\"},\"headline\":\"\u00cdndice de Precios al Consumidor registr\u00f3 variaci\u00f3n positiva de 0,15% en julio\",\"datePublished\":\"2021-08-04T16:10:52+00:00\",\"dateModified\":\"2021-08-04T16:19:38+00:00\",\"mainEntityOfPage\":{\"@id\":\"https:\/\/www.ine.gob.bo\/index.php\/indice-de-precios-al-consumidor-registro-variacion-positiva-de-015-en-julio\/\"},\"wordCount\":471,\"publisher\":{\"@id\":\"https:\/\/www.ine.gob.bo\/#organization\"},\"image\":{\"@id\":\"https:\/\/www.ine.gob.bo\/index.php\/indice-de-precios-al-consumidor-registro-variacion-positiva-de-015-en-julio\/#primaryimage\"},\"thumbnailUrl\":\"https:\/\/www.ine.gob.bo\/wp-content\/uploads\/2021\/08\/02.png\",\"keywords\":[\"INE Noticias; IPC\"],\"articleSection\":[\"INE noticias\"],\"inLanguage\":\"es\"},{\"@type\":\"WebPage\",\"@id\":\"https:\/\/www.ine.gob.bo\/index.php\/indice-de-precios-al-consumidor-registro-variacion-positiva-de-015-en-julio\/\",\"url\":\"https:\/\/www.ine.gob.bo\/index.php\/indice-de-precios-al-consumidor-registro-variacion-positiva-de-015-en-julio\/\",\"name\":\"\u00cdndice de Precios al Consumidor registr\u00f3 variaci\u00f3n positiva de 0,15% en julio - INE\",\"isPartOf\":{\"@id\":\"https:\/\/www.ine.gob.bo\/#website\"},\"primaryImageOfPage\":{\"@id\":\"https:\/\/www.ine.gob.bo\/index.php\/indice-de-precios-al-consumidor-registro-variacion-positiva-de-015-en-julio\/#primaryimage\"},\"image\":{\"@id\":\"https:\/\/www.ine.gob.bo\/index.php\/indice-de-precios-al-consumidor-registro-variacion-positiva-de-015-en-julio\/#primaryimage\"},\"thumbnailUrl\":\"https:\/\/www.ine.gob.bo\/wp-content\/uploads\/2021\/08\/02.png\",\"datePublished\":\"2021-08-04T16:10:52+00:00\",\"dateModified\":\"2021-08-04T16:19:38+00:00\",\"description\":\"P\u00e1gina oficial del Instituto Nacional de Estadistica INE, informaci\u00f3n estad\u00edstica, geogr\u00e1fica y econ\u00f3mica a nivel nacional.\",\"breadcrumb\":{\"@id\":\"https:\/\/www.ine.gob.bo\/index.php\/indice-de-precios-al-consumidor-registro-variacion-positiva-de-015-en-julio\/#breadcrumb\"},\"inLanguage\":\"es\",\"potentialAction\":[{\"@type\":\"ReadAction\",\"target\":[\"https:\/\/www.ine.gob.bo\/index.php\/indice-de-precios-al-consumidor-registro-variacion-positiva-de-015-en-julio\/\"]}]},{\"@type\":\"ImageObject\",\"inLanguage\":\"es\",\"@id\":\"https:\/\/www.ine.gob.bo\/index.php\/indice-de-precios-al-consumidor-registro-variacion-positiva-de-015-en-julio\/#primaryimage\",\"url\":\"https:\/\/www.ine.gob.bo\/wp-content\/uploads\/2021\/08\/02.png\",\"contentUrl\":\"https:\/\/www.ine.gob.bo\/wp-content\/uploads\/2021\/08\/02.png\",\"width\":1160,\"height\":737},{\"@type\":\"BreadcrumbList\",\"@id\":\"https:\/\/www.ine.gob.bo\/index.php\/indice-de-precios-al-consumidor-registro-variacion-positiva-de-015-en-julio\/#breadcrumb\",\"itemListElement\":[{\"@type\":\"ListItem\",\"position\":1,\"name\":\"Portada\",\"item\":\"https:\/\/www.ine.gob.bo\/\"},{\"@type\":\"ListItem\",\"position\":2,\"name\":\"\u00cdndice de Precios al Consumidor registr\u00f3 variaci\u00f3n positiva de 0,15% en julio\"}]},{\"@type\":\"WebSite\",\"@id\":\"https:\/\/www.ine.gob.bo\/#website\",\"url\":\"https:\/\/www.ine.gob.bo\/\",\"name\":\"INE\",\"description\":\"Instituto Nacional de Estad\u00edstica\",\"publisher\":{\"@id\":\"https:\/\/www.ine.gob.bo\/#organization\"},\"potentialAction\":[{\"@type\":\"SearchAction\",\"target\":{\"@type\":\"EntryPoint\",\"urlTemplate\":\"https:\/\/www.ine.gob.bo\/?s={search_term_string}\"},\"query-input\":\"required name=search_term_string\"}],\"inLanguage\":\"es\"},{\"@type\":\"Organization\",\"@id\":\"https:\/\/www.ine.gob.bo\/#organization\",\"name\":\"Instituto Nacional de Estad\u00edstica\",\"url\":\"https:\/\/www.ine.gob.bo\/\",\"logo\":{\"@type\":\"ImageObject\",\"inLanguage\":\"es\",\"@id\":\"https:\/\/www.ine.gob.bo\/#\/schema\/logo\/image\/\",\"url\":\"https:\/\/www.ine.gob.bo\/wp-content\/uploads\/2026\/02\/logo-ine.jpg\",\"contentUrl\":\"https:\/\/www.ine.gob.bo\/wp-content\/uploads\/2026\/02\/logo-ine.jpg\",\"width\":799,\"height\":453,\"caption\":\"Instituto Nacional de Estad\u00edstica\"},\"image\":{\"@id\":\"https:\/\/www.ine.gob.bo\/#\/schema\/logo\/image\/\"},\"sameAs\":[\"https:\/\/www.facebook.com\/ineboliviaoficial\",\"https:\/\/x.com\/INE_Bolivia\",\"https:\/\/www.instagram.com\/ineboliviaoficial\/\",\"https:\/\/www.youtube.com\/channel\/UCbIQXKLw414g5kWo1tAwqCg\"]},{\"@type\":\"Person\",\"@id\":\"https:\/\/www.ine.gob.bo\/#\/schema\/person\/faa8073caa064665b1f35d68cfabb3bd\",\"name\":\"Max Alexis Bairon Beltran\",\"image\":{\"@type\":\"ImageObject\",\"inLanguage\":\"es\",\"@id\":\"https:\/\/www.ine.gob.bo\/#\/schema\/person\/image\/\",\"url\":\"https:\/\/secure.gravatar.com\/avatar\/969c77a11193a115c00b38b16c2e1b47e144df5407da735a74196b8d5d4acccc?s=96&d=mm&r=g\",\"contentUrl\":\"https:\/\/secure.gravatar.com\/avatar\/969c77a11193a115c00b38b16c2e1b47e144df5407da735a74196b8d5d4acccc?s=96&d=mm&r=g\",\"caption\":\"Max Alexis Bairon Beltran\"},\"url\":\"https:\/\/www.ine.gob.bo\/index.php\/author\/mbairon\/\"}]}<\/script>\n<!-- \/ Yoast SEO plugin. -->","yoast_head_json":{"title":"\u00cdndice de Precios al Consumidor registr\u00f3 variaci\u00f3n positiva de 0,15% en julio - INE","description":"P\u00e1gina oficial del Instituto Nacional de Estadistica INE, informaci\u00f3n estad\u00edstica, geogr\u00e1fica y econ\u00f3mica a nivel nacional.","robots":{"index":"index","follow":"follow","max-snippet":"max-snippet:-1","max-image-preview":"max-image-preview:large","max-video-preview":"max-video-preview:-1"},"canonical":"https:\/\/www.ine.gob.bo\/index.php\/indice-de-precios-al-consumidor-registro-variacion-positiva-de-015-en-julio\/","og_locale":"es_ES","og_type":"article","og_title":"\u00cdndice de Precios al Consumidor registr\u00f3 variaci\u00f3n positiva de 0,15% en julio - INE","og_description":"P\u00e1gina oficial del Instituto Nacional de Estadistica INE, informaci\u00f3n estad\u00edstica, geogr\u00e1fica y econ\u00f3mica a nivel nacional.","og_url":"https:\/\/www.ine.gob.bo\/index.php\/indice-de-precios-al-consumidor-registro-variacion-positiva-de-015-en-julio\/","og_site_name":"INE","article_publisher":"https:\/\/www.facebook.com\/ineboliviaoficial","article_published_time":"2021-08-04T16:10:52+00:00","article_modified_time":"2021-08-04T16:19:38+00:00","og_image":[{"width":1160,"height":737,"url":"https:\/\/www.ine.gob.bo\/wp-content\/uploads\/2021\/08\/02.png","type":"image\/png"}],"author":"Max Alexis Bairon Beltran","twitter_card":"summary_large_image","twitter_creator":"@INE_Bolivia","twitter_site":"@INE_Bolivia","twitter_misc":{"Escrito por":"Max Alexis Bairon Beltran","Tiempo de lectura":"4 minutos"},"schema":{"@context":"https:\/\/schema.org","@graph":[{"@type":"Article","@id":"https:\/\/www.ine.gob.bo\/index.php\/indice-de-precios-al-consumidor-registro-variacion-positiva-de-015-en-julio\/#article","isPartOf":{"@id":"https:\/\/www.ine.gob.bo\/index.php\/indice-de-precios-al-consumidor-registro-variacion-positiva-de-015-en-julio\/"},"author":{"name":"Max Alexis Bairon Beltran","@id":"https:\/\/www.ine.gob.bo\/#\/schema\/person\/faa8073caa064665b1f35d68cfabb3bd"},"headline":"\u00cdndice de Precios al Consumidor registr\u00f3 variaci\u00f3n positiva de 0,15% en julio","datePublished":"2021-08-04T16:10:52+00:00","dateModified":"2021-08-04T16:19:38+00:00","mainEntityOfPage":{"@id":"https:\/\/www.ine.gob.bo\/index.php\/indice-de-precios-al-consumidor-registro-variacion-positiva-de-015-en-julio\/"},"wordCount":471,"publisher":{"@id":"https:\/\/www.ine.gob.bo\/#organization"},"image":{"@id":"https:\/\/www.ine.gob.bo\/index.php\/indice-de-precios-al-consumidor-registro-variacion-positiva-de-015-en-julio\/#primaryimage"},"thumbnailUrl":"https:\/\/www.ine.gob.bo\/wp-content\/uploads\/2021\/08\/02.png","keywords":["INE Noticias; IPC"],"articleSection":["INE noticias"],"inLanguage":"es"},{"@type":"WebPage","@id":"https:\/\/www.ine.gob.bo\/index.php\/indice-de-precios-al-consumidor-registro-variacion-positiva-de-015-en-julio\/","url":"https:\/\/www.ine.gob.bo\/index.php\/indice-de-precios-al-consumidor-registro-variacion-positiva-de-015-en-julio\/","name":"\u00cdndice de Precios al Consumidor registr\u00f3 variaci\u00f3n positiva de 0,15% en julio - INE","isPartOf":{"@id":"https:\/\/www.ine.gob.bo\/#website"},"primaryImageOfPage":{"@id":"https:\/\/www.ine.gob.bo\/index.php\/indice-de-precios-al-consumidor-registro-variacion-positiva-de-015-en-julio\/#primaryimage"},"image":{"@id":"https:\/\/www.ine.gob.bo\/index.php\/indice-de-precios-al-consumidor-registro-variacion-positiva-de-015-en-julio\/#primaryimage"},"thumbnailUrl":"https:\/\/www.ine.gob.bo\/wp-content\/uploads\/2021\/08\/02.png","datePublished":"2021-08-04T16:10:52+00:00","dateModified":"2021-08-04T16:19:38+00:00","description":"P\u00e1gina oficial del Instituto Nacional de Estadistica INE, informaci\u00f3n estad\u00edstica, geogr\u00e1fica y econ\u00f3mica a nivel nacional.","breadcrumb":{"@id":"https:\/\/www.ine.gob.bo\/index.php\/indice-de-precios-al-consumidor-registro-variacion-positiva-de-015-en-julio\/#breadcrumb"},"inLanguage":"es","potentialAction":[{"@type":"ReadAction","target":["https:\/\/www.ine.gob.bo\/index.php\/indice-de-precios-al-consumidor-registro-variacion-positiva-de-015-en-julio\/"]}]},{"@type":"ImageObject","inLanguage":"es","@id":"https:\/\/www.ine.gob.bo\/index.php\/indice-de-precios-al-consumidor-registro-variacion-positiva-de-015-en-julio\/#primaryimage","url":"https:\/\/www.ine.gob.bo\/wp-content\/uploads\/2021\/08\/02.png","contentUrl":"https:\/\/www.ine.gob.bo\/wp-content\/uploads\/2021\/08\/02.png","width":1160,"height":737},{"@type":"BreadcrumbList","@id":"https:\/\/www.ine.gob.bo\/index.php\/indice-de-precios-al-consumidor-registro-variacion-positiva-de-015-en-julio\/#breadcrumb","itemListElement":[{"@type":"ListItem","position":1,"name":"Portada","item":"https:\/\/www.ine.gob.bo\/"},{"@type":"ListItem","position":2,"name":"\u00cdndice de Precios al Consumidor registr\u00f3 variaci\u00f3n positiva de 0,15% en julio"}]},{"@type":"WebSite","@id":"https:\/\/www.ine.gob.bo\/#website","url":"https:\/\/www.ine.gob.bo\/","name":"INE","description":"Instituto Nacional de Estad\u00edstica","publisher":{"@id":"https:\/\/www.ine.gob.bo\/#organization"},"potentialAction":[{"@type":"SearchAction","target":{"@type":"EntryPoint","urlTemplate":"https:\/\/www.ine.gob.bo\/?s={search_term_string}"},"query-input":"required name=search_term_string"}],"inLanguage":"es"},{"@type":"Organization","@id":"https:\/\/www.ine.gob.bo\/#organization","name":"Instituto Nacional de Estad\u00edstica","url":"https:\/\/www.ine.gob.bo\/","logo":{"@type":"ImageObject","inLanguage":"es","@id":"https:\/\/www.ine.gob.bo\/#\/schema\/logo\/image\/","url":"https:\/\/www.ine.gob.bo\/wp-content\/uploads\/2026\/02\/logo-ine.jpg","contentUrl":"https:\/\/www.ine.gob.bo\/wp-content\/uploads\/2026\/02\/logo-ine.jpg","width":799,"height":453,"caption":"Instituto Nacional de Estad\u00edstica"},"image":{"@id":"https:\/\/www.ine.gob.bo\/#\/schema\/logo\/image\/"},"sameAs":["https:\/\/www.facebook.com\/ineboliviaoficial","https:\/\/x.com\/INE_Bolivia","https:\/\/www.instagram.com\/ineboliviaoficial\/","https:\/\/www.youtube.com\/channel\/UCbIQXKLw414g5kWo1tAwqCg"]},{"@type":"Person","@id":"https:\/\/www.ine.gob.bo\/#\/schema\/person\/faa8073caa064665b1f35d68cfabb3bd","name":"Max Alexis Bairon Beltran","image":{"@type":"ImageObject","inLanguage":"es","@id":"https:\/\/www.ine.gob.bo\/#\/schema\/person\/image\/","url":"https:\/\/secure.gravatar.com\/avatar\/969c77a11193a115c00b38b16c2e1b47e144df5407da735a74196b8d5d4acccc?s=96&d=mm&r=g","contentUrl":"https:\/\/secure.gravatar.com\/avatar\/969c77a11193a115c00b38b16c2e1b47e144df5407da735a74196b8d5d4acccc?s=96&d=mm&r=g","caption":"Max Alexis Bairon Beltran"},"url":"https:\/\/www.ine.gob.bo\/index.php\/author\/mbairon\/"}]}},"rttpg_featured_image_url":{"full":["https:\/\/www.ine.gob.bo\/wp-content\/uploads\/2021\/08\/02.png",1160,737,false],"landscape":["https:\/\/www.ine.gob.bo\/wp-content\/uploads\/2021\/08\/02.png",1160,737,false],"portraits":["https:\/\/www.ine.gob.bo\/wp-content\/uploads\/2021\/08\/02.png",1160,737,false],"thumbnail":["https:\/\/www.ine.gob.bo\/wp-content\/uploads\/2021\/08\/02-150x150.png",150,150,true],"medium":["https:\/\/www.ine.gob.bo\/wp-content\/uploads\/2021\/08\/02-300x191.png",300,191,true],"large":["https:\/\/www.ine.gob.bo\/wp-content\/uploads\/2021\/08\/02-1024x651.png",1024,651,true],"1536x1536":["https:\/\/www.ine.gob.bo\/wp-content\/uploads\/2021\/08\/02.png",1160,737,false],"2048x2048":["https:\/\/www.ine.gob.bo\/wp-content\/uploads\/2021\/08\/02.png",1160,737,false]},"rttpg_author":{"display_name":"Max Alexis Bairon Beltran","author_link":"https:\/\/www.ine.gob.bo\/index.php\/author\/mbairon\/"},"rttpg_comment":0,"rttpg_category":"<a href=\"https:\/\/www.ine.gob.bo\/index.php\/category\/ine-noticias\/\" rel=\"category tag\">INE noticias<\/a>","rttpg_excerpt":"La Paz, 4 de agosto de 2021 (INE).- En julio de 2021, el \u00cdndice de Precios al Consumidor (IPC) registr\u00f3 una variaci\u00f3n positiva de 0,15% respecto a junio, La variaci\u00f3n acumulada a julio fue positiva de 0,44% y a doce meses alcanz\u00f3 tambi\u00e9n una variaci\u00f3n positiva de 0,20%. \u00cdndice de Precios al Consumidor, seg\u00fan divisiones&hellip;","_links":{"self":[{"href":"https:\/\/www.ine.gob.bo\/index.php\/wp-json\/wp\/v2\/posts\/53729","targetHints":{"allow":["GET"]}}],"collection":[{"href":"https:\/\/www.ine.gob.bo\/index.php\/wp-json\/wp\/v2\/posts"}],"about":[{"href":"https:\/\/www.ine.gob.bo\/index.php\/wp-json\/wp\/v2\/types\/post"}],"author":[{"embeddable":true,"href":"https:\/\/www.ine.gob.bo\/index.php\/wp-json\/wp\/v2\/users\/4"}],"replies":[{"embeddable":true,"href":"https:\/\/www.ine.gob.bo\/index.php\/wp-json\/wp\/v2\/comments?post=53729"}],"version-history":[{"count":0,"href":"https:\/\/www.ine.gob.bo\/index.php\/wp-json\/wp\/v2\/posts\/53729\/revisions"}],"wp:featuredmedia":[{"embeddable":true,"href":"https:\/\/www.ine.gob.bo\/index.php\/wp-json\/wp\/v2\/media\/53731"}],"wp:attachment":[{"href":"https:\/\/www.ine.gob.bo\/index.php\/wp-json\/wp\/v2\/media?parent=53729"}],"wp:term":[{"taxonomy":"category","embeddable":true,"href":"https:\/\/www.ine.gob.bo\/index.php\/wp-json\/wp\/v2\/categories?post=53729"},{"taxonomy":"post_tag","embeddable":true,"href":"https:\/\/www.ine.gob.bo\/index.php\/wp-json\/wp\/v2\/tags?post=53729"}],"curies":[{"name":"wp","href":"https:\/\/api.w.org\/{rel}","templated":true}]}}