{"id":49186,"date":"2020-09-30T17:48:30","date_gmt":"2020-09-30T21:48:30","guid":{"rendered":"https:\/\/www.ine.gob.bo\/?p=49186"},"modified":"2021-03-30T08:18:07","modified_gmt":"2021-03-30T12:18:07","slug":"la-tasa-de-desocupacion-urbana-al-mes-de-agosto-alcanzo-a-106","status":"publish","type":"post","link":"https:\/\/www.ine.gob.bo\/index.php\/la-tasa-de-desocupacion-urbana-al-mes-de-agosto-alcanzo-a-106\/","title":{"rendered":"La Tasa de Desocupaci\u00f3n Urbana al mes de agosto alcanz\u00f3 a 10,6%"},"content":{"rendered":"\n<p style=\"text-align: justify;\"><strong>La Paz, 30 de septiembre de 2020 (INE).-&nbsp;<\/strong>El Instituto Nacional de Estad\u00edstica (INE), en cumplimiento a su cronograma de publicaciones present\u00f3 los datos preliminares de la tasa de desocupaci\u00f3n urbana al mes de agosto con base en los resultados de la Encuesta Continua de Empleo (ECE).<\/p>\n\n\n\n<p style=\"text-align: justify;\">El INE trabaja permanentemente en evaluar e incorporar procedimientos t\u00e9cnicos para continuar con la recolecci\u00f3n de informaci\u00f3n y la producci\u00f3n de estad\u00edsticas de empleo. En ese sentido, en coordinaci\u00f3n con la Comisi\u00f3n Econ\u00f3mica para Am\u00e9rica Latina y el Caribe (CEPAL) y la Organizaci\u00f3n Internacional del Trabajo (OIT) se aplicaron recomendaciones y propuestas durante la pandemia del COVID-19, similar a las oficinas nacionales de estad\u00edsticas en pa\u00edses de la regi\u00f3n. En esta oportunidad, se adjunta una <strong>nota t\u00e9cnica <\/strong>con la metodolog\u00eda adoptada en el momento de la recolecci\u00f3n de informaci\u00f3n y el procedimiento t\u00e9cnico para el tratamiento del sesgo generado por la tasa de no respuesta durante el operativo.<\/p>\n\n\n\n<p style=\"text-align: justify;\">La tasa de desocupaci\u00f3n urbana al mes de agosto alcanz\u00f3 a 10,6%, inferior a la de julio, 11,6% que fue el m\u00e1s alto registrado en esta gesti\u00f3n.<\/p>\n\n\n\n<p style=\"text-align: justify;\">Los resultados muestran un total de 389.000 personas desocupadas en agosto, de las que 224.000 fueron afectadas directamente por la cuarentena.<\/p>\n\n\n\n<p style=\"text-align: justify;\">De la poblaci\u00f3n econ\u00f3micamente inactiva que representa un total de 2.190.000 personas, se estima que 302.000 personas tambi\u00e9n se vieron afectadas por las restricciones de movilidad.<\/p>\n\n\n\n<div class=\"wp-block-image\"><figure class=\"aligncenter size-large\"><img loading=\"lazy\" decoding=\"async\" width=\"1024\" height=\"593\" src=\"https:\/\/www.ine.gob.bo\/wp-content\/uploads\/2020\/09\/30-09-2020-05-45-05-p-m--1024x593.png\" alt=\"\" class=\"wp-image-49187\" srcset=\"https:\/\/www.ine.gob.bo\/wp-content\/uploads\/2020\/09\/30-09-2020-05-45-05-p-m--1024x593.png 1024w, https:\/\/www.ine.gob.bo\/wp-content\/uploads\/2020\/09\/30-09-2020-05-45-05-p-m--300x174.png 300w, https:\/\/www.ine.gob.bo\/wp-content\/uploads\/2020\/09\/30-09-2020-05-45-05-p-m--768x445.png 768w, https:\/\/www.ine.gob.bo\/wp-content\/uploads\/2020\/09\/30-09-2020-05-45-05-p-m-.png 1123w\" sizes=\"auto, (max-width: 1024px) 100vw, 1024px\" \/><\/figure><\/div>\n\n\n\n<p style=\"text-align: justify;\">El total de la poblaci\u00f3n cesante e inactiva afectada por la cuarentena lleg\u00f3 a 526.000 personas, de las cuales, 64,3% es mujer y 35,7% hombre. Seg\u00fan grupo de edad, las personas afectadas de 18 a 23 a\u00f1os de edad registraron 53.000 cesantes y 60 mil inactivos.<\/p>\n\n\n\n<p style=\"text-align: justify;\">Finalmente, el n\u00famero de ocupados que no desarrollaron su actividad debido a la cuarentena al mes de agosto disminuy\u00f3 a 404.000 personas; a diferencia de julio, cuando ascendi\u00f3 a 660.000&nbsp; y el m\u00e1ximo alcanzado fue en abril, con alrededor de 2 millones.<\/p>\n\n\n\n<p><strong>MATERIAL ADICIONAL<\/strong><br><a href=\"https:\/\/nube.ine.gob.bo\/index.php\/s\/Ex9DFUqmnqPOQNv\/download\">Descargar Presentaci\u00f3n<\/a><br><a href=\"https:\/\/www.ine.gob.bo\/index.php\/publicaciones\/nota-tecnica-ece-1-2020-recopilacion-de-datos-de-la-encuesta-continua-de-empleo-durante-la-pandemia-covid-19\/\">Nota t\u00e9cnica<\/a><\/p>\n\n\n\n<p class=\"has-text-align-center\"><strong><em>Unidad de Difusi\u00f3n y Comunicaci\u00f3n<\/em><br>INSTITUTO NACIONAL DE ESTAD\u00cdSTICA<\/strong><\/p>\n\n\n\n<p><\/p>\n\n\n\n<p><\/p>\n","protected":false},"excerpt":{"rendered":"<p>La Paz, 30 de septiembre de 2020 (INE).-&nbsp;El Instituto Nacional de Estad\u00edstica (INE), en cumplimiento a su cronograma de publicaciones present\u00f3 los datos preliminares de la tasa de desocupaci\u00f3n urbana al mes de agosto con base en los resultados de la Encuesta Continua de Empleo (ECE). El INE trabaja permanentemente en evaluar e incorporar procedimientos&hellip;<\/p>\n","protected":false},"author":4,"featured_media":49187,"comment_status":"closed","ping_status":"open","sticky":false,"template":"","format":"standard","meta":[],"categories":[158],"tags":[401],"class_list":["post-49186","post","type-post","status-publish","format-standard","has-post-thumbnail","hentry","category-ine-noticias","tag-ine-noticias-ipc","category-158","description-off"],"yoast_head":"<!-- This site is optimized with the Yoast SEO plugin v23.2 - https:\/\/yoast.com\/wordpress\/plugins\/seo\/ -->\n<title>La Tasa de Desocupaci\u00f3n Urbana al mes de agosto alcanz\u00f3 a 10,6% - INE<\/title>\n<meta name=\"description\" content=\"P\u00e1gina oficial del Instituto Nacional de Estadistica INE, informaci\u00f3n estad\u00edstica, geogr\u00e1fica y econ\u00f3mica a nivel nacional.\" \/>\n<meta name=\"robots\" content=\"index, follow, max-snippet:-1, max-image-preview:large, max-video-preview:-1\" \/>\n<link rel=\"canonical\" href=\"https:\/\/www.ine.gob.bo\/index.php\/la-tasa-de-desocupacion-urbana-al-mes-de-agosto-alcanzo-a-106\/\" \/>\n<meta property=\"og:locale\" content=\"es_ES\" \/>\n<meta property=\"og:type\" content=\"article\" \/>\n<meta property=\"og:title\" content=\"La Tasa de Desocupaci\u00f3n Urbana al mes de agosto alcanz\u00f3 a 10,6% - INE\" \/>\n<meta property=\"og:description\" content=\"P\u00e1gina oficial del Instituto Nacional de Estadistica INE, informaci\u00f3n estad\u00edstica, geogr\u00e1fica y econ\u00f3mica a nivel nacional.\" \/>\n<meta property=\"og:url\" content=\"https:\/\/www.ine.gob.bo\/index.php\/la-tasa-de-desocupacion-urbana-al-mes-de-agosto-alcanzo-a-106\/\" \/>\n<meta property=\"og:site_name\" content=\"INE\" \/>\n<meta property=\"article:publisher\" content=\"https:\/\/www.facebook.com\/ineboliviaoficial\" \/>\n<meta property=\"article:published_time\" content=\"2020-09-30T21:48:30+00:00\" \/>\n<meta property=\"article:modified_time\" content=\"2021-03-30T12:18:07+00:00\" \/>\n<meta property=\"og:image\" content=\"https:\/\/www.ine.gob.bo\/wp-content\/uploads\/2020\/09\/30-09-2020-05-45-05-p-m-.png\" \/>\n\t<meta property=\"og:image:width\" content=\"1123\" \/>\n\t<meta property=\"og:image:height\" content=\"650\" \/>\n\t<meta property=\"og:image:type\" content=\"image\/png\" \/>\n<meta name=\"author\" content=\"Max Alexis Bairon Beltran\" \/>\n<meta name=\"twitter:card\" content=\"summary_large_image\" \/>\n<meta name=\"twitter:creator\" content=\"@INE_Bolivia\" \/>\n<meta name=\"twitter:site\" content=\"@INE_Bolivia\" \/>\n<meta name=\"twitter:label1\" content=\"Escrito por\" \/>\n\t<meta name=\"twitter:data1\" content=\"Max Alexis Bairon Beltran\" \/>\n\t<meta name=\"twitter:label2\" content=\"Tiempo de lectura\" \/>\n\t<meta name=\"twitter:data2\" content=\"2 minutos\" \/>\n<script type=\"application\/ld+json\" class=\"yoast-schema-graph\">{\"@context\":\"https:\/\/schema.org\",\"@graph\":[{\"@type\":\"Article\",\"@id\":\"https:\/\/www.ine.gob.bo\/index.php\/la-tasa-de-desocupacion-urbana-al-mes-de-agosto-alcanzo-a-106\/#article\",\"isPartOf\":{\"@id\":\"https:\/\/www.ine.gob.bo\/index.php\/la-tasa-de-desocupacion-urbana-al-mes-de-agosto-alcanzo-a-106\/\"},\"author\":{\"name\":\"Max Alexis Bairon Beltran\",\"@id\":\"https:\/\/www.ine.gob.bo\/#\/schema\/person\/faa8073caa064665b1f35d68cfabb3bd\"},\"headline\":\"La Tasa de Desocupaci\u00f3n Urbana al mes de agosto alcanz\u00f3 a 10,6%\",\"datePublished\":\"2020-09-30T21:48:30+00:00\",\"dateModified\":\"2021-03-30T12:18:07+00:00\",\"mainEntityOfPage\":{\"@id\":\"https:\/\/www.ine.gob.bo\/index.php\/la-tasa-de-desocupacion-urbana-al-mes-de-agosto-alcanzo-a-106\/\"},\"wordCount\":365,\"publisher\":{\"@id\":\"https:\/\/www.ine.gob.bo\/#organization\"},\"image\":{\"@id\":\"https:\/\/www.ine.gob.bo\/index.php\/la-tasa-de-desocupacion-urbana-al-mes-de-agosto-alcanzo-a-106\/#primaryimage\"},\"thumbnailUrl\":\"https:\/\/www.ine.gob.bo\/wp-content\/uploads\/2020\/09\/30-09-2020-05-45-05-p-m-.png\",\"keywords\":[\"INE Noticias; IPC\"],\"articleSection\":[\"INE noticias\"],\"inLanguage\":\"es\"},{\"@type\":\"WebPage\",\"@id\":\"https:\/\/www.ine.gob.bo\/index.php\/la-tasa-de-desocupacion-urbana-al-mes-de-agosto-alcanzo-a-106\/\",\"url\":\"https:\/\/www.ine.gob.bo\/index.php\/la-tasa-de-desocupacion-urbana-al-mes-de-agosto-alcanzo-a-106\/\",\"name\":\"La Tasa de Desocupaci\u00f3n Urbana al mes de agosto alcanz\u00f3 a 10,6% - INE\",\"isPartOf\":{\"@id\":\"https:\/\/www.ine.gob.bo\/#website\"},\"primaryImageOfPage\":{\"@id\":\"https:\/\/www.ine.gob.bo\/index.php\/la-tasa-de-desocupacion-urbana-al-mes-de-agosto-alcanzo-a-106\/#primaryimage\"},\"image\":{\"@id\":\"https:\/\/www.ine.gob.bo\/index.php\/la-tasa-de-desocupacion-urbana-al-mes-de-agosto-alcanzo-a-106\/#primaryimage\"},\"thumbnailUrl\":\"https:\/\/www.ine.gob.bo\/wp-content\/uploads\/2020\/09\/30-09-2020-05-45-05-p-m-.png\",\"datePublished\":\"2020-09-30T21:48:30+00:00\",\"dateModified\":\"2021-03-30T12:18:07+00:00\",\"description\":\"P\u00e1gina oficial del Instituto Nacional de Estadistica INE, informaci\u00f3n estad\u00edstica, geogr\u00e1fica y econ\u00f3mica a nivel nacional.\",\"breadcrumb\":{\"@id\":\"https:\/\/www.ine.gob.bo\/index.php\/la-tasa-de-desocupacion-urbana-al-mes-de-agosto-alcanzo-a-106\/#breadcrumb\"},\"inLanguage\":\"es\",\"potentialAction\":[{\"@type\":\"ReadAction\",\"target\":[\"https:\/\/www.ine.gob.bo\/index.php\/la-tasa-de-desocupacion-urbana-al-mes-de-agosto-alcanzo-a-106\/\"]}]},{\"@type\":\"ImageObject\",\"inLanguage\":\"es\",\"@id\":\"https:\/\/www.ine.gob.bo\/index.php\/la-tasa-de-desocupacion-urbana-al-mes-de-agosto-alcanzo-a-106\/#primaryimage\",\"url\":\"https:\/\/www.ine.gob.bo\/wp-content\/uploads\/2020\/09\/30-09-2020-05-45-05-p-m-.png\",\"contentUrl\":\"https:\/\/www.ine.gob.bo\/wp-content\/uploads\/2020\/09\/30-09-2020-05-45-05-p-m-.png\",\"width\":1123,\"height\":650},{\"@type\":\"BreadcrumbList\",\"@id\":\"https:\/\/www.ine.gob.bo\/index.php\/la-tasa-de-desocupacion-urbana-al-mes-de-agosto-alcanzo-a-106\/#breadcrumb\",\"itemListElement\":[{\"@type\":\"ListItem\",\"position\":1,\"name\":\"Portada\",\"item\":\"https:\/\/www.ine.gob.bo\/\"},{\"@type\":\"ListItem\",\"position\":2,\"name\":\"La Tasa de Desocupaci\u00f3n Urbana al mes de agosto alcanz\u00f3 a 10,6%\"}]},{\"@type\":\"WebSite\",\"@id\":\"https:\/\/www.ine.gob.bo\/#website\",\"url\":\"https:\/\/www.ine.gob.bo\/\",\"name\":\"INE\",\"description\":\"Instituto Nacional de Estad\u00edstica\",\"publisher\":{\"@id\":\"https:\/\/www.ine.gob.bo\/#organization\"},\"potentialAction\":[{\"@type\":\"SearchAction\",\"target\":{\"@type\":\"EntryPoint\",\"urlTemplate\":\"https:\/\/www.ine.gob.bo\/?s={search_term_string}\"},\"query-input\":\"required name=search_term_string\"}],\"inLanguage\":\"es\"},{\"@type\":\"Organization\",\"@id\":\"https:\/\/www.ine.gob.bo\/#organization\",\"name\":\"Instituto Nacional de Estad\u00edstica\",\"url\":\"https:\/\/www.ine.gob.bo\/\",\"logo\":{\"@type\":\"ImageObject\",\"inLanguage\":\"es\",\"@id\":\"https:\/\/www.ine.gob.bo\/#\/schema\/logo\/image\/\",\"url\":\"https:\/\/www.ine.gob.bo\/wp-content\/uploads\/2026\/02\/logo-ine.jpg\",\"contentUrl\":\"https:\/\/www.ine.gob.bo\/wp-content\/uploads\/2026\/02\/logo-ine.jpg\",\"width\":799,\"height\":453,\"caption\":\"Instituto Nacional de Estad\u00edstica\"},\"image\":{\"@id\":\"https:\/\/www.ine.gob.bo\/#\/schema\/logo\/image\/\"},\"sameAs\":[\"https:\/\/www.facebook.com\/ineboliviaoficial\",\"https:\/\/x.com\/INE_Bolivia\",\"https:\/\/www.instagram.com\/ineboliviaoficial\/\",\"https:\/\/www.youtube.com\/channel\/UCbIQXKLw414g5kWo1tAwqCg\"]},{\"@type\":\"Person\",\"@id\":\"https:\/\/www.ine.gob.bo\/#\/schema\/person\/faa8073caa064665b1f35d68cfabb3bd\",\"name\":\"Max Alexis Bairon Beltran\",\"image\":{\"@type\":\"ImageObject\",\"inLanguage\":\"es\",\"@id\":\"https:\/\/www.ine.gob.bo\/#\/schema\/person\/image\/\",\"url\":\"https:\/\/secure.gravatar.com\/avatar\/969c77a11193a115c00b38b16c2e1b47e144df5407da735a74196b8d5d4acccc?s=96&d=mm&r=g\",\"contentUrl\":\"https:\/\/secure.gravatar.com\/avatar\/969c77a11193a115c00b38b16c2e1b47e144df5407da735a74196b8d5d4acccc?s=96&d=mm&r=g\",\"caption\":\"Max Alexis Bairon Beltran\"},\"url\":\"https:\/\/www.ine.gob.bo\/index.php\/author\/mbairon\/\"}]}<\/script>\n<!-- \/ Yoast SEO plugin. -->","yoast_head_json":{"title":"La Tasa de Desocupaci\u00f3n Urbana al mes de agosto alcanz\u00f3 a 10,6% - INE","description":"P\u00e1gina oficial del Instituto Nacional de Estadistica INE, informaci\u00f3n estad\u00edstica, geogr\u00e1fica y econ\u00f3mica a nivel nacional.","robots":{"index":"index","follow":"follow","max-snippet":"max-snippet:-1","max-image-preview":"max-image-preview:large","max-video-preview":"max-video-preview:-1"},"canonical":"https:\/\/www.ine.gob.bo\/index.php\/la-tasa-de-desocupacion-urbana-al-mes-de-agosto-alcanzo-a-106\/","og_locale":"es_ES","og_type":"article","og_title":"La Tasa de Desocupaci\u00f3n Urbana al mes de agosto alcanz\u00f3 a 10,6% - INE","og_description":"P\u00e1gina oficial del Instituto Nacional de Estadistica INE, informaci\u00f3n estad\u00edstica, geogr\u00e1fica y econ\u00f3mica a nivel nacional.","og_url":"https:\/\/www.ine.gob.bo\/index.php\/la-tasa-de-desocupacion-urbana-al-mes-de-agosto-alcanzo-a-106\/","og_site_name":"INE","article_publisher":"https:\/\/www.facebook.com\/ineboliviaoficial","article_published_time":"2020-09-30T21:48:30+00:00","article_modified_time":"2021-03-30T12:18:07+00:00","og_image":[{"width":1123,"height":650,"url":"https:\/\/www.ine.gob.bo\/wp-content\/uploads\/2020\/09\/30-09-2020-05-45-05-p-m-.png","type":"image\/png"}],"author":"Max Alexis Bairon Beltran","twitter_card":"summary_large_image","twitter_creator":"@INE_Bolivia","twitter_site":"@INE_Bolivia","twitter_misc":{"Escrito por":"Max Alexis Bairon Beltran","Tiempo de lectura":"2 minutos"},"schema":{"@context":"https:\/\/schema.org","@graph":[{"@type":"Article","@id":"https:\/\/www.ine.gob.bo\/index.php\/la-tasa-de-desocupacion-urbana-al-mes-de-agosto-alcanzo-a-106\/#article","isPartOf":{"@id":"https:\/\/www.ine.gob.bo\/index.php\/la-tasa-de-desocupacion-urbana-al-mes-de-agosto-alcanzo-a-106\/"},"author":{"name":"Max Alexis Bairon Beltran","@id":"https:\/\/www.ine.gob.bo\/#\/schema\/person\/faa8073caa064665b1f35d68cfabb3bd"},"headline":"La Tasa de Desocupaci\u00f3n Urbana al mes de agosto alcanz\u00f3 a 10,6%","datePublished":"2020-09-30T21:48:30+00:00","dateModified":"2021-03-30T12:18:07+00:00","mainEntityOfPage":{"@id":"https:\/\/www.ine.gob.bo\/index.php\/la-tasa-de-desocupacion-urbana-al-mes-de-agosto-alcanzo-a-106\/"},"wordCount":365,"publisher":{"@id":"https:\/\/www.ine.gob.bo\/#organization"},"image":{"@id":"https:\/\/www.ine.gob.bo\/index.php\/la-tasa-de-desocupacion-urbana-al-mes-de-agosto-alcanzo-a-106\/#primaryimage"},"thumbnailUrl":"https:\/\/www.ine.gob.bo\/wp-content\/uploads\/2020\/09\/30-09-2020-05-45-05-p-m-.png","keywords":["INE Noticias; IPC"],"articleSection":["INE noticias"],"inLanguage":"es"},{"@type":"WebPage","@id":"https:\/\/www.ine.gob.bo\/index.php\/la-tasa-de-desocupacion-urbana-al-mes-de-agosto-alcanzo-a-106\/","url":"https:\/\/www.ine.gob.bo\/index.php\/la-tasa-de-desocupacion-urbana-al-mes-de-agosto-alcanzo-a-106\/","name":"La Tasa de Desocupaci\u00f3n Urbana al mes de agosto alcanz\u00f3 a 10,6% - INE","isPartOf":{"@id":"https:\/\/www.ine.gob.bo\/#website"},"primaryImageOfPage":{"@id":"https:\/\/www.ine.gob.bo\/index.php\/la-tasa-de-desocupacion-urbana-al-mes-de-agosto-alcanzo-a-106\/#primaryimage"},"image":{"@id":"https:\/\/www.ine.gob.bo\/index.php\/la-tasa-de-desocupacion-urbana-al-mes-de-agosto-alcanzo-a-106\/#primaryimage"},"thumbnailUrl":"https:\/\/www.ine.gob.bo\/wp-content\/uploads\/2020\/09\/30-09-2020-05-45-05-p-m-.png","datePublished":"2020-09-30T21:48:30+00:00","dateModified":"2021-03-30T12:18:07+00:00","description":"P\u00e1gina oficial del Instituto Nacional de Estadistica INE, informaci\u00f3n estad\u00edstica, geogr\u00e1fica y econ\u00f3mica a nivel nacional.","breadcrumb":{"@id":"https:\/\/www.ine.gob.bo\/index.php\/la-tasa-de-desocupacion-urbana-al-mes-de-agosto-alcanzo-a-106\/#breadcrumb"},"inLanguage":"es","potentialAction":[{"@type":"ReadAction","target":["https:\/\/www.ine.gob.bo\/index.php\/la-tasa-de-desocupacion-urbana-al-mes-de-agosto-alcanzo-a-106\/"]}]},{"@type":"ImageObject","inLanguage":"es","@id":"https:\/\/www.ine.gob.bo\/index.php\/la-tasa-de-desocupacion-urbana-al-mes-de-agosto-alcanzo-a-106\/#primaryimage","url":"https:\/\/www.ine.gob.bo\/wp-content\/uploads\/2020\/09\/30-09-2020-05-45-05-p-m-.png","contentUrl":"https:\/\/www.ine.gob.bo\/wp-content\/uploads\/2020\/09\/30-09-2020-05-45-05-p-m-.png","width":1123,"height":650},{"@type":"BreadcrumbList","@id":"https:\/\/www.ine.gob.bo\/index.php\/la-tasa-de-desocupacion-urbana-al-mes-de-agosto-alcanzo-a-106\/#breadcrumb","itemListElement":[{"@type":"ListItem","position":1,"name":"Portada","item":"https:\/\/www.ine.gob.bo\/"},{"@type":"ListItem","position":2,"name":"La Tasa de Desocupaci\u00f3n Urbana al mes de agosto alcanz\u00f3 a 10,6%"}]},{"@type":"WebSite","@id":"https:\/\/www.ine.gob.bo\/#website","url":"https:\/\/www.ine.gob.bo\/","name":"INE","description":"Instituto Nacional de Estad\u00edstica","publisher":{"@id":"https:\/\/www.ine.gob.bo\/#organization"},"potentialAction":[{"@type":"SearchAction","target":{"@type":"EntryPoint","urlTemplate":"https:\/\/www.ine.gob.bo\/?s={search_term_string}"},"query-input":"required name=search_term_string"}],"inLanguage":"es"},{"@type":"Organization","@id":"https:\/\/www.ine.gob.bo\/#organization","name":"Instituto Nacional de Estad\u00edstica","url":"https:\/\/www.ine.gob.bo\/","logo":{"@type":"ImageObject","inLanguage":"es","@id":"https:\/\/www.ine.gob.bo\/#\/schema\/logo\/image\/","url":"https:\/\/www.ine.gob.bo\/wp-content\/uploads\/2026\/02\/logo-ine.jpg","contentUrl":"https:\/\/www.ine.gob.bo\/wp-content\/uploads\/2026\/02\/logo-ine.jpg","width":799,"height":453,"caption":"Instituto Nacional de Estad\u00edstica"},"image":{"@id":"https:\/\/www.ine.gob.bo\/#\/schema\/logo\/image\/"},"sameAs":["https:\/\/www.facebook.com\/ineboliviaoficial","https:\/\/x.com\/INE_Bolivia","https:\/\/www.instagram.com\/ineboliviaoficial\/","https:\/\/www.youtube.com\/channel\/UCbIQXKLw414g5kWo1tAwqCg"]},{"@type":"Person","@id":"https:\/\/www.ine.gob.bo\/#\/schema\/person\/faa8073caa064665b1f35d68cfabb3bd","name":"Max Alexis Bairon Beltran","image":{"@type":"ImageObject","inLanguage":"es","@id":"https:\/\/www.ine.gob.bo\/#\/schema\/person\/image\/","url":"https:\/\/secure.gravatar.com\/avatar\/969c77a11193a115c00b38b16c2e1b47e144df5407da735a74196b8d5d4acccc?s=96&d=mm&r=g","contentUrl":"https:\/\/secure.gravatar.com\/avatar\/969c77a11193a115c00b38b16c2e1b47e144df5407da735a74196b8d5d4acccc?s=96&d=mm&r=g","caption":"Max Alexis Bairon Beltran"},"url":"https:\/\/www.ine.gob.bo\/index.php\/author\/mbairon\/"}]}},"rttpg_featured_image_url":{"full":["https:\/\/www.ine.gob.bo\/wp-content\/uploads\/2020\/09\/30-09-2020-05-45-05-p-m-.png",1123,650,false],"landscape":["https:\/\/www.ine.gob.bo\/wp-content\/uploads\/2020\/09\/30-09-2020-05-45-05-p-m-.png",1123,650,false],"portraits":["https:\/\/www.ine.gob.bo\/wp-content\/uploads\/2020\/09\/30-09-2020-05-45-05-p-m-.png",1123,650,false],"thumbnail":["https:\/\/www.ine.gob.bo\/wp-content\/uploads\/2020\/09\/30-09-2020-05-45-05-p-m--150x150.png",150,150,true],"medium":["https:\/\/www.ine.gob.bo\/wp-content\/uploads\/2020\/09\/30-09-2020-05-45-05-p-m--300x174.png",300,174,true],"large":["https:\/\/www.ine.gob.bo\/wp-content\/uploads\/2020\/09\/30-09-2020-05-45-05-p-m--1024x593.png",1024,593,true],"1536x1536":["https:\/\/www.ine.gob.bo\/wp-content\/uploads\/2020\/09\/30-09-2020-05-45-05-p-m-.png",1123,650,false],"2048x2048":["https:\/\/www.ine.gob.bo\/wp-content\/uploads\/2020\/09\/30-09-2020-05-45-05-p-m-.png",1123,650,false]},"rttpg_author":{"display_name":"Max Alexis Bairon Beltran","author_link":"https:\/\/www.ine.gob.bo\/index.php\/author\/mbairon\/"},"rttpg_comment":0,"rttpg_category":"<a href=\"https:\/\/www.ine.gob.bo\/index.php\/category\/ine-noticias\/\" rel=\"category tag\">INE noticias<\/a>","rttpg_excerpt":"La Paz, 30 de septiembre de 2020 (INE).-&nbsp;El Instituto Nacional de Estad\u00edstica (INE), en cumplimiento a su cronograma de publicaciones present\u00f3 los datos preliminares de la tasa de desocupaci\u00f3n urbana al mes de agosto con base en los resultados de la Encuesta Continua de Empleo (ECE). El INE trabaja permanentemente en evaluar e incorporar procedimientos&hellip;","_links":{"self":[{"href":"https:\/\/www.ine.gob.bo\/index.php\/wp-json\/wp\/v2\/posts\/49186","targetHints":{"allow":["GET"]}}],"collection":[{"href":"https:\/\/www.ine.gob.bo\/index.php\/wp-json\/wp\/v2\/posts"}],"about":[{"href":"https:\/\/www.ine.gob.bo\/index.php\/wp-json\/wp\/v2\/types\/post"}],"author":[{"embeddable":true,"href":"https:\/\/www.ine.gob.bo\/index.php\/wp-json\/wp\/v2\/users\/4"}],"replies":[{"embeddable":true,"href":"https:\/\/www.ine.gob.bo\/index.php\/wp-json\/wp\/v2\/comments?post=49186"}],"version-history":[{"count":0,"href":"https:\/\/www.ine.gob.bo\/index.php\/wp-json\/wp\/v2\/posts\/49186\/revisions"}],"wp:featuredmedia":[{"embeddable":true,"href":"https:\/\/www.ine.gob.bo\/index.php\/wp-json\/wp\/v2\/media\/49187"}],"wp:attachment":[{"href":"https:\/\/www.ine.gob.bo\/index.php\/wp-json\/wp\/v2\/media?parent=49186"}],"wp:term":[{"taxonomy":"category","embeddable":true,"href":"https:\/\/www.ine.gob.bo\/index.php\/wp-json\/wp\/v2\/categories?post=49186"},{"taxonomy":"post_tag","embeddable":true,"href":"https:\/\/www.ine.gob.bo\/index.php\/wp-json\/wp\/v2\/tags?post=49186"}],"curies":[{"name":"wp","href":"https:\/\/api.w.org\/{rel}","templated":true}]}}