{"id":48446,"date":"2020-08-19T15:48:12","date_gmt":"2020-08-19T19:48:12","guid":{"rendered":"https:\/\/www.ine.gob.bo\/?p=48446"},"modified":"2020-08-19T19:24:55","modified_gmt":"2020-08-19T23:24:55","slug":"en-julio-se-observa-una-recuperacion-de-las-exportaciones-e-importaciones-en-el-pais","status":"publish","type":"post","link":"https:\/\/www.ine.gob.bo\/index.php\/en-julio-se-observa-una-recuperacion-de-las-exportaciones-e-importaciones-en-el-pais\/","title":{"rendered":"En Julio se observa una recuperaci\u00f3n de las Exportaciones e Importaciones en el pa\u00eds"},"content":{"rendered":"\r\n<p><strong>La Paz, 18 de agosto de 2020 (INE).-\u00a0<\/strong>El Director General Ejecutivo del Instituto Nacional de Estad\u00edstica (INE), Yuri Miranda Gonzales, en entrevista, por distintos medios nacionales, manifest\u00f3 que \u201centre enero y julio, las importaciones llegaron a 3.767 millones de d\u00f3lares, mientras que las exportaciones alcanzaron a 3.757 millones de d\u00f3lares. Despu\u00e9s de la ca\u00edda registrada en el mes de abril, por efectos del COVID-19 en el pa\u00eds, podemos apreciar que, en el contexto de la pandemia, existe una reactivaci\u00f3n de la econom\u00eda, presentando un mejor comportamiento en exportaciones e importaciones\u201d.<\/p>\r\n<p>Miranda se refiri\u00f3 a datos de la econom\u00eda del pa\u00eds, a las ultimas cifras de comercio exterior, saldo comercial, exportaciones e importaciones, inflaci\u00f3n en tiempos de pandemia y a las pol\u00edticas de transparencia y apertura de la informaci\u00f3n que se lleva adelante en la instituci\u00f3n.<\/p>\r\n\r\n\r\n\r\n<div class=\"wp-block-image\">\u00a0<\/div>\r\n<p class=\"has-text-align-center\"><img loading=\"lazy\" decoding=\"async\" class=\"aligncenter wp-image-48447 size-full\" src=\"https:\/\/www.ine.gob.bo\/wp-content\/uploads\/2020\/08\/jurym.jpg\" alt=\"\" width=\"567\" height=\"297\" srcset=\"https:\/\/www.ine.gob.bo\/wp-content\/uploads\/2020\/08\/jurym.jpg 567w, https:\/\/www.ine.gob.bo\/wp-content\/uploads\/2020\/08\/jurym-300x157.jpg 300w\" sizes=\"auto, (max-width: 567px) 100vw, 567px\" \/><\/p>\r\n<p>Bolivia registr\u00f3 un saldo comercial negativo de 10 millones de d\u00f3lares, debido a que las importaciones han sido ligeramente superiores a las exportaciones, principalmente, en Bienes de Capital para la Industria como para el sector agropecuario.<\/p>\r\n<p>La autoridad destac\u00f3 que, \u201cel crecimiento econ\u00f3mico del pa\u00eds se mide por dos aspectos, uno, por la oferta en la producci\u00f3n de Bienes y Servicios, y el otro, por la demanda, donde se encuentra la inversi\u00f3n, las exportaciones, el consumo de los hogares y el consumo de la administraci\u00f3n p\u00fablica\u201d.<\/p>\r\n<p>Seg\u00fan la explicaci\u00f3n del director, el Producto Interno Bruto (PIB), revela que, por parte de la demanda externa, las exportaciones han sido muy importantes para alcanzar el crecimiento de 0,6% al primer trimestre de este a\u00f1o. Sin embargo, esa variaci\u00f3n no ser\u00eda comparable con un a\u00f1o anterior, ni con uno posterior por razones, principalmente, de la pandemia.<\/p>\r\n<p>El sector exportador, en julio, se habr\u00eda recuperado bastante, respecto al mes de abril. Sin embargo, en julio respecto a junio, la actividad minera present\u00f3 menores valores de exportaci\u00f3n, es decir, su producci\u00f3n se habr\u00eda relentizado, debido a que la miner\u00eda a gran escala, privada, sobre todo, tiene restricciones laborales como efecto de la pandemia. Adem\u00e1s, se registr\u00f3 una menor demanda de los pa\u00edses que compran minerales, como China.<\/p>\r\n<p><img loading=\"lazy\" decoding=\"async\" class=\"aligncenter wp-image-48448 size-full\" src=\"https:\/\/www.ine.gob.bo\/wp-content\/uploads\/2020\/08\/yurim2.jpg\" alt=\"\" width=\"567\" height=\"315\" srcset=\"https:\/\/www.ine.gob.bo\/wp-content\/uploads\/2020\/08\/yurim2.jpg 567w, https:\/\/www.ine.gob.bo\/wp-content\/uploads\/2020\/08\/yurim2-300x167.jpg 300w\" sizes=\"auto, (max-width: 567px) 100vw, 567px\" \/><\/p>\r\n<p>Asimismo, la autoridad del INE se\u00f1al\u00f3 que la inflaci\u00f3n es otro indicador macroecon\u00f3mico importante, \u201clos bloqueos afectaron significativamente a la econom\u00eda del pa\u00eds, en cuanto a precios de los diferentes productos, como la carne de pollo, zanahoria y otros; sin embargo, los precios volver\u00e1n a un estado estacionario despu\u00e9s de haber superado estos problemas\u201d.<\/p>\r\n<p>En cuanto a las variaciones de precios, seg\u00fan la explicaci\u00f3n de Miranda, el INE hace una observaci\u00f3n de la econom\u00eda del pa\u00eds, \u201csaca la fotograf\u00eda del momento\u201d y la de julio indica que Bolivia presenta una inflaci\u00f3n de 0,14%.<\/p>\r\n<p>Para finalizar, \u201ces importante dar un mensaje alentador a la poblaci\u00f3n, pues este a\u00f1o es muy complicado para todos, debido al efecto de la pandemia, pero se observa que la econom\u00eda se est\u00e1 reactivando, pues los datos muestran variaciones menos negativas y es importante comprender las actividades que el INE est\u00e1 realizando para que las estad\u00edsticas oficiales del pa\u00eds no presenten alg\u00fan corte y puedan estar a la disposici\u00f3n de la poblaci\u00f3n y de los tomadores de decisiones\u201d, acot\u00f3 Miranda.<\/p>\r\n<p>&nbsp;<\/p>\r\n<p style=\"text-align: center;\"><strong><em>Unidad de Difusi\u00f3n y Comunicaci\u00f3n<\/em><\/strong><strong><br \/>INSTITUTO NACIONAL DE ESTAD\u00cdSTICA<\/strong><\/p>\r\n","protected":false},"excerpt":{"rendered":"<p>La Paz, 18 de agosto de 2020 (INE).-\u00a0El Director General Ejecutivo del Instituto Nacional de Estad\u00edstica (INE), Yuri Miranda Gonzales, en entrevista, por distintos medios nacionales, manifest\u00f3 que \u201centre enero y julio, las importaciones llegaron a 3.767 millones de d\u00f3lares, mientras que las exportaciones alcanzaron a 3.757 millones de d\u00f3lares. Despu\u00e9s de la ca\u00edda registrada&hellip;<\/p>\n","protected":false},"author":3,"featured_media":48447,"comment_status":"closed","ping_status":"open","sticky":false,"template":"","format":"standard","meta":[],"categories":[158],"tags":[401],"class_list":["post-48446","post","type-post","status-publish","format-standard","has-post-thumbnail","hentry","category-ine-noticias","tag-ine-noticias-ipc","category-158","description-off"],"yoast_head":"<!-- This site is optimized with the Yoast SEO plugin v23.2 - https:\/\/yoast.com\/wordpress\/plugins\/seo\/ -->\n<title>En Julio se observa una recuperaci\u00f3n de las Exportaciones e Importaciones en el pa\u00eds - INE<\/title>\n<meta name=\"description\" content=\"P\u00e1gina oficial del Instituto Nacional de Estadistica INE, informaci\u00f3n estad\u00edstica, geogr\u00e1fica y econ\u00f3mica a nivel nacional.\" \/>\n<meta name=\"robots\" content=\"index, follow, max-snippet:-1, max-image-preview:large, max-video-preview:-1\" \/>\n<link rel=\"canonical\" href=\"https:\/\/www.ine.gob.bo\/index.php\/en-julio-se-observa-una-recuperacion-de-las-exportaciones-e-importaciones-en-el-pais\/\" \/>\n<meta property=\"og:locale\" content=\"es_ES\" \/>\n<meta property=\"og:type\" content=\"article\" \/>\n<meta property=\"og:title\" content=\"En Julio se observa una recuperaci\u00f3n de las Exportaciones e Importaciones en el pa\u00eds - INE\" \/>\n<meta property=\"og:description\" content=\"P\u00e1gina oficial del Instituto Nacional de Estadistica INE, informaci\u00f3n estad\u00edstica, geogr\u00e1fica y econ\u00f3mica a nivel nacional.\" \/>\n<meta property=\"og:url\" content=\"https:\/\/www.ine.gob.bo\/index.php\/en-julio-se-observa-una-recuperacion-de-las-exportaciones-e-importaciones-en-el-pais\/\" \/>\n<meta property=\"og:site_name\" content=\"INE\" \/>\n<meta property=\"article:publisher\" content=\"https:\/\/www.facebook.com\/ineboliviaoficial\" \/>\n<meta property=\"article:published_time\" content=\"2020-08-19T19:48:12+00:00\" \/>\n<meta property=\"article:modified_time\" content=\"2020-08-19T23:24:55+00:00\" \/>\n<meta property=\"og:image\" content=\"https:\/\/www.ine.gob.bo\/wp-content\/uploads\/2020\/08\/jurym.jpg\" \/>\n\t<meta property=\"og:image:width\" content=\"567\" \/>\n\t<meta property=\"og:image:height\" content=\"297\" \/>\n\t<meta property=\"og:image:type\" content=\"image\/jpeg\" \/>\n<meta name=\"author\" content=\"Roberto Pablo Intimayta Llanque\" \/>\n<meta name=\"twitter:card\" content=\"summary_large_image\" \/>\n<meta name=\"twitter:creator\" content=\"@INE_Bolivia\" \/>\n<meta name=\"twitter:site\" content=\"@INE_Bolivia\" \/>\n<meta name=\"twitter:label1\" content=\"Escrito por\" \/>\n\t<meta name=\"twitter:data1\" content=\"Roberto Pablo Intimayta Llanque\" \/>\n\t<meta name=\"twitter:label2\" content=\"Tiempo de lectura\" \/>\n\t<meta name=\"twitter:data2\" content=\"3 minutos\" \/>\n<script type=\"application\/ld+json\" class=\"yoast-schema-graph\">{\"@context\":\"https:\/\/schema.org\",\"@graph\":[{\"@type\":\"Article\",\"@id\":\"https:\/\/www.ine.gob.bo\/index.php\/en-julio-se-observa-una-recuperacion-de-las-exportaciones-e-importaciones-en-el-pais\/#article\",\"isPartOf\":{\"@id\":\"https:\/\/www.ine.gob.bo\/index.php\/en-julio-se-observa-una-recuperacion-de-las-exportaciones-e-importaciones-en-el-pais\/\"},\"author\":{\"name\":\"Roberto Pablo Intimayta Llanque\",\"@id\":\"https:\/\/www.ine.gob.bo\/#\/schema\/person\/03423fb1ad8de8932fff2aae7edee50c\"},\"headline\":\"En Julio se observa una recuperaci\u00f3n de las Exportaciones e Importaciones en el pa\u00eds\",\"datePublished\":\"2020-08-19T19:48:12+00:00\",\"dateModified\":\"2020-08-19T23:24:55+00:00\",\"mainEntityOfPage\":{\"@id\":\"https:\/\/www.ine.gob.bo\/index.php\/en-julio-se-observa-una-recuperacion-de-las-exportaciones-e-importaciones-en-el-pais\/\"},\"wordCount\":600,\"publisher\":{\"@id\":\"https:\/\/www.ine.gob.bo\/#organization\"},\"image\":{\"@id\":\"https:\/\/www.ine.gob.bo\/index.php\/en-julio-se-observa-una-recuperacion-de-las-exportaciones-e-importaciones-en-el-pais\/#primaryimage\"},\"thumbnailUrl\":\"https:\/\/www.ine.gob.bo\/wp-content\/uploads\/2020\/08\/jurym.jpg\",\"keywords\":[\"INE Noticias; IPC\"],\"articleSection\":[\"INE noticias\"],\"inLanguage\":\"es\"},{\"@type\":\"WebPage\",\"@id\":\"https:\/\/www.ine.gob.bo\/index.php\/en-julio-se-observa-una-recuperacion-de-las-exportaciones-e-importaciones-en-el-pais\/\",\"url\":\"https:\/\/www.ine.gob.bo\/index.php\/en-julio-se-observa-una-recuperacion-de-las-exportaciones-e-importaciones-en-el-pais\/\",\"name\":\"En Julio se observa una recuperaci\u00f3n de las Exportaciones e Importaciones en el pa\u00eds - INE\",\"isPartOf\":{\"@id\":\"https:\/\/www.ine.gob.bo\/#website\"},\"primaryImageOfPage\":{\"@id\":\"https:\/\/www.ine.gob.bo\/index.php\/en-julio-se-observa-una-recuperacion-de-las-exportaciones-e-importaciones-en-el-pais\/#primaryimage\"},\"image\":{\"@id\":\"https:\/\/www.ine.gob.bo\/index.php\/en-julio-se-observa-una-recuperacion-de-las-exportaciones-e-importaciones-en-el-pais\/#primaryimage\"},\"thumbnailUrl\":\"https:\/\/www.ine.gob.bo\/wp-content\/uploads\/2020\/08\/jurym.jpg\",\"datePublished\":\"2020-08-19T19:48:12+00:00\",\"dateModified\":\"2020-08-19T23:24:55+00:00\",\"description\":\"P\u00e1gina oficial del Instituto Nacional de Estadistica INE, informaci\u00f3n estad\u00edstica, geogr\u00e1fica y econ\u00f3mica a nivel nacional.\",\"breadcrumb\":{\"@id\":\"https:\/\/www.ine.gob.bo\/index.php\/en-julio-se-observa-una-recuperacion-de-las-exportaciones-e-importaciones-en-el-pais\/#breadcrumb\"},\"inLanguage\":\"es\",\"potentialAction\":[{\"@type\":\"ReadAction\",\"target\":[\"https:\/\/www.ine.gob.bo\/index.php\/en-julio-se-observa-una-recuperacion-de-las-exportaciones-e-importaciones-en-el-pais\/\"]}]},{\"@type\":\"ImageObject\",\"inLanguage\":\"es\",\"@id\":\"https:\/\/www.ine.gob.bo\/index.php\/en-julio-se-observa-una-recuperacion-de-las-exportaciones-e-importaciones-en-el-pais\/#primaryimage\",\"url\":\"https:\/\/www.ine.gob.bo\/wp-content\/uploads\/2020\/08\/jurym.jpg\",\"contentUrl\":\"https:\/\/www.ine.gob.bo\/wp-content\/uploads\/2020\/08\/jurym.jpg\",\"width\":567,\"height\":297},{\"@type\":\"BreadcrumbList\",\"@id\":\"https:\/\/www.ine.gob.bo\/index.php\/en-julio-se-observa-una-recuperacion-de-las-exportaciones-e-importaciones-en-el-pais\/#breadcrumb\",\"itemListElement\":[{\"@type\":\"ListItem\",\"position\":1,\"name\":\"Portada\",\"item\":\"https:\/\/www.ine.gob.bo\/\"},{\"@type\":\"ListItem\",\"position\":2,\"name\":\"En Julio se observa una recuperaci\u00f3n de las Exportaciones e Importaciones en el pa\u00eds\"}]},{\"@type\":\"WebSite\",\"@id\":\"https:\/\/www.ine.gob.bo\/#website\",\"url\":\"https:\/\/www.ine.gob.bo\/\",\"name\":\"INE\",\"description\":\"Instituto Nacional de Estad\u00edstica\",\"publisher\":{\"@id\":\"https:\/\/www.ine.gob.bo\/#organization\"},\"potentialAction\":[{\"@type\":\"SearchAction\",\"target\":{\"@type\":\"EntryPoint\",\"urlTemplate\":\"https:\/\/www.ine.gob.bo\/?s={search_term_string}\"},\"query-input\":\"required name=search_term_string\"}],\"inLanguage\":\"es\"},{\"@type\":\"Organization\",\"@id\":\"https:\/\/www.ine.gob.bo\/#organization\",\"name\":\"Instituto Nacional de Estad\u00edstica\",\"url\":\"https:\/\/www.ine.gob.bo\/\",\"logo\":{\"@type\":\"ImageObject\",\"inLanguage\":\"es\",\"@id\":\"https:\/\/www.ine.gob.bo\/#\/schema\/logo\/image\/\",\"url\":\"https:\/\/www.ine.gob.bo\/wp-content\/uploads\/2026\/02\/logo-ine.jpg\",\"contentUrl\":\"https:\/\/www.ine.gob.bo\/wp-content\/uploads\/2026\/02\/logo-ine.jpg\",\"width\":799,\"height\":453,\"caption\":\"Instituto Nacional de Estad\u00edstica\"},\"image\":{\"@id\":\"https:\/\/www.ine.gob.bo\/#\/schema\/logo\/image\/\"},\"sameAs\":[\"https:\/\/www.facebook.com\/ineboliviaoficial\",\"https:\/\/x.com\/INE_Bolivia\",\"https:\/\/www.instagram.com\/ineboliviaoficial\/\",\"https:\/\/www.youtube.com\/channel\/UCbIQXKLw414g5kWo1tAwqCg\"]},{\"@type\":\"Person\",\"@id\":\"https:\/\/www.ine.gob.bo\/#\/schema\/person\/03423fb1ad8de8932fff2aae7edee50c\",\"name\":\"Roberto Pablo Intimayta Llanque\",\"image\":{\"@type\":\"ImageObject\",\"inLanguage\":\"es\",\"@id\":\"https:\/\/www.ine.gob.bo\/#\/schema\/person\/image\/\",\"url\":\"https:\/\/secure.gravatar.com\/avatar\/7c9a615126a66a38c2e55e60ecd47e2b55a0a8b4916ec1389e09b4da3a8d9568?s=96&d=mm&r=g\",\"contentUrl\":\"https:\/\/secure.gravatar.com\/avatar\/7c9a615126a66a38c2e55e60ecd47e2b55a0a8b4916ec1389e09b4da3a8d9568?s=96&d=mm&r=g\",\"caption\":\"Roberto Pablo Intimayta Llanque\"},\"description\":\"Especialista en Administraci\u00f3n de Pagina Web y Banco de Datos 2\",\"url\":\"https:\/\/www.ine.gob.bo\/index.php\/author\/rintimayta\/\"}]}<\/script>\n<!-- \/ Yoast SEO plugin. -->","yoast_head_json":{"title":"En Julio se observa una recuperaci\u00f3n de las Exportaciones e Importaciones en el pa\u00eds - INE","description":"P\u00e1gina oficial del Instituto Nacional de Estadistica INE, informaci\u00f3n estad\u00edstica, geogr\u00e1fica y econ\u00f3mica a nivel nacional.","robots":{"index":"index","follow":"follow","max-snippet":"max-snippet:-1","max-image-preview":"max-image-preview:large","max-video-preview":"max-video-preview:-1"},"canonical":"https:\/\/www.ine.gob.bo\/index.php\/en-julio-se-observa-una-recuperacion-de-las-exportaciones-e-importaciones-en-el-pais\/","og_locale":"es_ES","og_type":"article","og_title":"En Julio se observa una recuperaci\u00f3n de las Exportaciones e Importaciones en el pa\u00eds - INE","og_description":"P\u00e1gina oficial del Instituto Nacional de Estadistica INE, informaci\u00f3n estad\u00edstica, geogr\u00e1fica y econ\u00f3mica a nivel nacional.","og_url":"https:\/\/www.ine.gob.bo\/index.php\/en-julio-se-observa-una-recuperacion-de-las-exportaciones-e-importaciones-en-el-pais\/","og_site_name":"INE","article_publisher":"https:\/\/www.facebook.com\/ineboliviaoficial","article_published_time":"2020-08-19T19:48:12+00:00","article_modified_time":"2020-08-19T23:24:55+00:00","og_image":[{"width":567,"height":297,"url":"https:\/\/www.ine.gob.bo\/wp-content\/uploads\/2020\/08\/jurym.jpg","type":"image\/jpeg"}],"author":"Roberto Pablo Intimayta Llanque","twitter_card":"summary_large_image","twitter_creator":"@INE_Bolivia","twitter_site":"@INE_Bolivia","twitter_misc":{"Escrito por":"Roberto Pablo Intimayta Llanque","Tiempo de lectura":"3 minutos"},"schema":{"@context":"https:\/\/schema.org","@graph":[{"@type":"Article","@id":"https:\/\/www.ine.gob.bo\/index.php\/en-julio-se-observa-una-recuperacion-de-las-exportaciones-e-importaciones-en-el-pais\/#article","isPartOf":{"@id":"https:\/\/www.ine.gob.bo\/index.php\/en-julio-se-observa-una-recuperacion-de-las-exportaciones-e-importaciones-en-el-pais\/"},"author":{"name":"Roberto Pablo Intimayta Llanque","@id":"https:\/\/www.ine.gob.bo\/#\/schema\/person\/03423fb1ad8de8932fff2aae7edee50c"},"headline":"En Julio se observa una recuperaci\u00f3n de las Exportaciones e Importaciones en el pa\u00eds","datePublished":"2020-08-19T19:48:12+00:00","dateModified":"2020-08-19T23:24:55+00:00","mainEntityOfPage":{"@id":"https:\/\/www.ine.gob.bo\/index.php\/en-julio-se-observa-una-recuperacion-de-las-exportaciones-e-importaciones-en-el-pais\/"},"wordCount":600,"publisher":{"@id":"https:\/\/www.ine.gob.bo\/#organization"},"image":{"@id":"https:\/\/www.ine.gob.bo\/index.php\/en-julio-se-observa-una-recuperacion-de-las-exportaciones-e-importaciones-en-el-pais\/#primaryimage"},"thumbnailUrl":"https:\/\/www.ine.gob.bo\/wp-content\/uploads\/2020\/08\/jurym.jpg","keywords":["INE Noticias; IPC"],"articleSection":["INE noticias"],"inLanguage":"es"},{"@type":"WebPage","@id":"https:\/\/www.ine.gob.bo\/index.php\/en-julio-se-observa-una-recuperacion-de-las-exportaciones-e-importaciones-en-el-pais\/","url":"https:\/\/www.ine.gob.bo\/index.php\/en-julio-se-observa-una-recuperacion-de-las-exportaciones-e-importaciones-en-el-pais\/","name":"En Julio se observa una recuperaci\u00f3n de las Exportaciones e Importaciones en el pa\u00eds - INE","isPartOf":{"@id":"https:\/\/www.ine.gob.bo\/#website"},"primaryImageOfPage":{"@id":"https:\/\/www.ine.gob.bo\/index.php\/en-julio-se-observa-una-recuperacion-de-las-exportaciones-e-importaciones-en-el-pais\/#primaryimage"},"image":{"@id":"https:\/\/www.ine.gob.bo\/index.php\/en-julio-se-observa-una-recuperacion-de-las-exportaciones-e-importaciones-en-el-pais\/#primaryimage"},"thumbnailUrl":"https:\/\/www.ine.gob.bo\/wp-content\/uploads\/2020\/08\/jurym.jpg","datePublished":"2020-08-19T19:48:12+00:00","dateModified":"2020-08-19T23:24:55+00:00","description":"P\u00e1gina oficial del Instituto Nacional de Estadistica INE, informaci\u00f3n estad\u00edstica, geogr\u00e1fica y econ\u00f3mica a nivel nacional.","breadcrumb":{"@id":"https:\/\/www.ine.gob.bo\/index.php\/en-julio-se-observa-una-recuperacion-de-las-exportaciones-e-importaciones-en-el-pais\/#breadcrumb"},"inLanguage":"es","potentialAction":[{"@type":"ReadAction","target":["https:\/\/www.ine.gob.bo\/index.php\/en-julio-se-observa-una-recuperacion-de-las-exportaciones-e-importaciones-en-el-pais\/"]}]},{"@type":"ImageObject","inLanguage":"es","@id":"https:\/\/www.ine.gob.bo\/index.php\/en-julio-se-observa-una-recuperacion-de-las-exportaciones-e-importaciones-en-el-pais\/#primaryimage","url":"https:\/\/www.ine.gob.bo\/wp-content\/uploads\/2020\/08\/jurym.jpg","contentUrl":"https:\/\/www.ine.gob.bo\/wp-content\/uploads\/2020\/08\/jurym.jpg","width":567,"height":297},{"@type":"BreadcrumbList","@id":"https:\/\/www.ine.gob.bo\/index.php\/en-julio-se-observa-una-recuperacion-de-las-exportaciones-e-importaciones-en-el-pais\/#breadcrumb","itemListElement":[{"@type":"ListItem","position":1,"name":"Portada","item":"https:\/\/www.ine.gob.bo\/"},{"@type":"ListItem","position":2,"name":"En Julio se observa una recuperaci\u00f3n de las Exportaciones e Importaciones en el pa\u00eds"}]},{"@type":"WebSite","@id":"https:\/\/www.ine.gob.bo\/#website","url":"https:\/\/www.ine.gob.bo\/","name":"INE","description":"Instituto Nacional de Estad\u00edstica","publisher":{"@id":"https:\/\/www.ine.gob.bo\/#organization"},"potentialAction":[{"@type":"SearchAction","target":{"@type":"EntryPoint","urlTemplate":"https:\/\/www.ine.gob.bo\/?s={search_term_string}"},"query-input":"required name=search_term_string"}],"inLanguage":"es"},{"@type":"Organization","@id":"https:\/\/www.ine.gob.bo\/#organization","name":"Instituto Nacional de Estad\u00edstica","url":"https:\/\/www.ine.gob.bo\/","logo":{"@type":"ImageObject","inLanguage":"es","@id":"https:\/\/www.ine.gob.bo\/#\/schema\/logo\/image\/","url":"https:\/\/www.ine.gob.bo\/wp-content\/uploads\/2026\/02\/logo-ine.jpg","contentUrl":"https:\/\/www.ine.gob.bo\/wp-content\/uploads\/2026\/02\/logo-ine.jpg","width":799,"height":453,"caption":"Instituto Nacional de Estad\u00edstica"},"image":{"@id":"https:\/\/www.ine.gob.bo\/#\/schema\/logo\/image\/"},"sameAs":["https:\/\/www.facebook.com\/ineboliviaoficial","https:\/\/x.com\/INE_Bolivia","https:\/\/www.instagram.com\/ineboliviaoficial\/","https:\/\/www.youtube.com\/channel\/UCbIQXKLw414g5kWo1tAwqCg"]},{"@type":"Person","@id":"https:\/\/www.ine.gob.bo\/#\/schema\/person\/03423fb1ad8de8932fff2aae7edee50c","name":"Roberto Pablo Intimayta Llanque","image":{"@type":"ImageObject","inLanguage":"es","@id":"https:\/\/www.ine.gob.bo\/#\/schema\/person\/image\/","url":"https:\/\/secure.gravatar.com\/avatar\/7c9a615126a66a38c2e55e60ecd47e2b55a0a8b4916ec1389e09b4da3a8d9568?s=96&d=mm&r=g","contentUrl":"https:\/\/secure.gravatar.com\/avatar\/7c9a615126a66a38c2e55e60ecd47e2b55a0a8b4916ec1389e09b4da3a8d9568?s=96&d=mm&r=g","caption":"Roberto Pablo Intimayta Llanque"},"description":"Especialista en Administraci\u00f3n de Pagina Web y Banco de Datos 2","url":"https:\/\/www.ine.gob.bo\/index.php\/author\/rintimayta\/"}]}},"rttpg_featured_image_url":{"full":["https:\/\/www.ine.gob.bo\/wp-content\/uploads\/2020\/08\/jurym.jpg",567,297,false],"landscape":["https:\/\/www.ine.gob.bo\/wp-content\/uploads\/2020\/08\/jurym.jpg",567,297,false],"portraits":["https:\/\/www.ine.gob.bo\/wp-content\/uploads\/2020\/08\/jurym.jpg",567,297,false],"thumbnail":["https:\/\/www.ine.gob.bo\/wp-content\/uploads\/2020\/08\/jurym-150x150.jpg",150,150,true],"medium":["https:\/\/www.ine.gob.bo\/wp-content\/uploads\/2020\/08\/jurym-300x157.jpg",300,157,true],"large":["https:\/\/www.ine.gob.bo\/wp-content\/uploads\/2020\/08\/jurym.jpg",567,297,false],"1536x1536":["https:\/\/www.ine.gob.bo\/wp-content\/uploads\/2020\/08\/jurym.jpg",567,297,false],"2048x2048":["https:\/\/www.ine.gob.bo\/wp-content\/uploads\/2020\/08\/jurym.jpg",567,297,false]},"rttpg_author":{"display_name":"Roberto Pablo Intimayta Llanque","author_link":"https:\/\/www.ine.gob.bo\/index.php\/author\/rintimayta\/"},"rttpg_comment":0,"rttpg_category":"<a href=\"https:\/\/www.ine.gob.bo\/index.php\/category\/ine-noticias\/\" rel=\"category tag\">INE noticias<\/a>","rttpg_excerpt":"La Paz, 18 de agosto de 2020 (INE).-\u00a0El Director General Ejecutivo del Instituto Nacional de Estad\u00edstica (INE), Yuri Miranda Gonzales, en entrevista, por distintos medios nacionales, manifest\u00f3 que \u201centre enero y julio, las importaciones llegaron a 3.767 millones de d\u00f3lares, mientras que las exportaciones alcanzaron a 3.757 millones de d\u00f3lares. Despu\u00e9s de la ca\u00edda registrada&hellip;","_links":{"self":[{"href":"https:\/\/www.ine.gob.bo\/index.php\/wp-json\/wp\/v2\/posts\/48446","targetHints":{"allow":["GET"]}}],"collection":[{"href":"https:\/\/www.ine.gob.bo\/index.php\/wp-json\/wp\/v2\/posts"}],"about":[{"href":"https:\/\/www.ine.gob.bo\/index.php\/wp-json\/wp\/v2\/types\/post"}],"author":[{"embeddable":true,"href":"https:\/\/www.ine.gob.bo\/index.php\/wp-json\/wp\/v2\/users\/3"}],"replies":[{"embeddable":true,"href":"https:\/\/www.ine.gob.bo\/index.php\/wp-json\/wp\/v2\/comments?post=48446"}],"version-history":[{"count":0,"href":"https:\/\/www.ine.gob.bo\/index.php\/wp-json\/wp\/v2\/posts\/48446\/revisions"}],"wp:featuredmedia":[{"embeddable":true,"href":"https:\/\/www.ine.gob.bo\/index.php\/wp-json\/wp\/v2\/media\/48447"}],"wp:attachment":[{"href":"https:\/\/www.ine.gob.bo\/index.php\/wp-json\/wp\/v2\/media?parent=48446"}],"wp:term":[{"taxonomy":"category","embeddable":true,"href":"https:\/\/www.ine.gob.bo\/index.php\/wp-json\/wp\/v2\/categories?post=48446"},{"taxonomy":"post_tag","embeddable":true,"href":"https:\/\/www.ine.gob.bo\/index.php\/wp-json\/wp\/v2\/tags?post=48446"}],"curies":[{"name":"wp","href":"https:\/\/api.w.org\/{rel}","templated":true}]}}