{"id":48210,"date":"2020-07-15T12:49:22","date_gmt":"2020-07-15T16:49:22","guid":{"rendered":"https:\/\/www.ine.gob.bo\/?p=48210"},"modified":"2020-08-14T13:12:05","modified_gmt":"2020-08-14T17:12:05","slug":"ine-actualiza-datos-de-la-canasta-basica-de-alimentos-y-lineas-de-pobreza-tras-tres-decadas","status":"publish","type":"post","link":"https:\/\/www.ine.gob.bo\/index.php\/ine-actualiza-datos-de-la-canasta-basica-de-alimentos-y-lineas-de-pobreza-tras-tres-decadas\/","title":{"rendered":"INE actualiza datos de la Canasta B\u00e1sica de Alimentos y L\u00edneas de Pobreza tras tres d\u00e9cadas"},"content":{"rendered":"\r\n<p><strong>La Paz, 15 de julio de 2020 (INE).- <\/strong>El Director General Ejecutivo a.i. del Instituto Nacional de Estad\u00edstica (INE), Rub\u00e9n Aguilar, present\u00f3 hoy, la actualizaci\u00f3n de la canasta b\u00e1sica de alimentos y de las l\u00edneas de pobreza y pobreza extrema, estos datos se actualizan despu\u00e9s de tres d\u00e9cadas y son el resultado de un amplio debate entre las entidades p\u00fablicas encargadas de ejecutar pol\u00edticas econ\u00f3micas e instituciones acad\u00e9micas.<\/p>\r\n\r\n\r\n\r\n<p>\u201cHay razones econ\u00f3micas y t\u00e9cnicas para que el INE realice la actualizaci\u00f3n de los indicadores de pobreza; la coherencia econ\u00f3mica que debe existir para medir correctamente con base a los criterios de la realidad actual. Por otro lado, el INE, en estricto sentido, ya no debe monitorear la canasta b\u00e1sica de alimentos de hace 30 a\u00f1os atr\u00e1s que, con toda seguridad, incluso la racionalidad nos dice, los resultados estar\u00edan sesgados.\u201d, mencion\u00f3 Aguilar.<\/p>\r\n\r\n\r\n\r\n<p>La l\u00ednea de pobreza extrema representa la cuant\u00eda monetaria m\u00ednima para adquirir una canasta b\u00e1sica de alimentos que permitir\u00e1 cubrir las necesidades nutricionales diarias de una persona; en tanto que, la l\u00ednea de pobreza adem\u00e1s de incluir los gastos alimentarios, incorpora otros gastos esenciales en bienes o servicios como vestimenta, salud, educaci\u00f3n, servicios b\u00e1sicos, vivienda, entre otros.<\/p>\r\n\r\n\r\n\r\n<div class=\"wp-block-image\">\r\n<figure class=\"aligncenter size-large is-resized\"><img loading=\"lazy\" decoding=\"async\" class=\"wp-image-48212\" src=\"https:\/\/www.ine.gob.bo\/wp-content\/uploads\/2020\/07\/01-1024x678.jpg\" alt=\"\" width=\"679\" height=\"450\" srcset=\"https:\/\/www.ine.gob.bo\/wp-content\/uploads\/2020\/07\/01-1024x678.jpg 1024w, https:\/\/www.ine.gob.bo\/wp-content\/uploads\/2020\/07\/01-300x199.jpg 300w, https:\/\/www.ine.gob.bo\/wp-content\/uploads\/2020\/07\/01-768x509.jpg 768w, https:\/\/www.ine.gob.bo\/wp-content\/uploads\/2020\/07\/01.jpg 1280w\" sizes=\"auto, (max-width: 679px) 100vw, 679px\" \/><\/figure>\r\n<\/div>\r\n\r\n\r\n\r\n<p>La autoridad explic\u00f3 que hasta el 2019, el INE realizaba la medici\u00f3n de las l\u00edneas de pobreza para el \u00e1rea urbana con base en la Encuesta de Presupuestos Familiares 1990-1991, mientras que para el \u00e1rea rural utilizaba la Encuesta de Evaluaci\u00f3n de Impacto del Fondo de Inversi\u00f3n Social de 1997. A partir de la gesti\u00f3n 2020, la actualizaci\u00f3n de las canastas b\u00e1sicas de alimentos para las ciudades capitales, El Alto, resto urbano y rural, se calculan a partir de la Encuesta de Presupuestos Familiares (EPF) 2015-2016.<\/p>\r\n\r\n\r\n\r\n<p>La EPF 2015-2016 permite contar con canastas para 12 dominios, que incluyen las nueve ciudades capitales, Sucre, La Paz, Cochabamba, Oruro, Potos\u00ed, Tarija, Santa Cruz de la Sierra, Trinidad y Cobija, adem\u00e1s de la ciudad de El Alto, un dominio de resto urbano y otro rural. As\u00ed tambi\u00e9n dicha encuesta cuenta con informaci\u00f3n actualizada de los patrones de consumo de la poblaci\u00f3n, y refleja al mismo tiempo, los cambios demogr\u00e1ficos, sociales, econ\u00f3micos y tecnol\u00f3gicos, que se han dado en los \u00faltimos a\u00f1os.<\/p>\r\n\r\n\r\n\r\n<p>El director se\u00f1al\u00f3 que \u201ctoda la labor t\u00e9cnica que sustenta esta actualizaci\u00f3n, fue sometida a los m\u00e1s altos est\u00e1ndares a nivel internacional y fue discutida con un equipo de especialistas del Banco Mundial, los cuales asintieron con la rigurosidad t\u00e9cnica del trabajo\u201d.<\/p>\r\n\r\n\r\n\r\n<p>Finalmente, bajo la nueva actualizaci\u00f3n de l\u00edneas de pobreza extrema y pobreza, las cifras muestran que en los \u00faltimos cuatro a\u00f1os se habr\u00edan incrementado tanto en \u00e1rea urbana como en la rural.<\/p>\r\n\r\n\r\n\r\n<div class=\"wp-block-image\">\r\n<figure class=\"aligncenter size-large\"><img loading=\"lazy\" decoding=\"async\" width=\"1016\" height=\"1024\" class=\"wp-image-48217\" src=\"https:\/\/www.ine.gob.bo\/wp-content\/uploads\/2020\/07\/01-1-1016x1024.jpg\" alt=\"\" srcset=\"https:\/\/www.ine.gob.bo\/wp-content\/uploads\/2020\/07\/01-1-1016x1024.jpg 1016w, https:\/\/www.ine.gob.bo\/wp-content\/uploads\/2020\/07\/01-1-298x300.jpg 298w, https:\/\/www.ine.gob.bo\/wp-content\/uploads\/2020\/07\/01-1-150x150.jpg 150w, https:\/\/www.ine.gob.bo\/wp-content\/uploads\/2020\/07\/01-1-768x774.jpg 768w, https:\/\/www.ine.gob.bo\/wp-content\/uploads\/2020\/07\/01-1.jpg 1270w\" sizes=\"auto, (max-width: 1016px) 100vw, 1016px\" \/><\/figure>\r\n<\/div>\r\n\r\n\r\n\r\n<p>Para 2019, 12,9% de la poblaci\u00f3n en Bolivia se encuentra en condici\u00f3n de pobreza extrema y un 37,2% en situaci\u00f3n de pobreza.<\/p>\r\n\r\n\r\n\r\n<div class=\"wp-block-image\">\r\n<figure class=\"aligncenter size-large\"><img loading=\"lazy\" decoding=\"async\" width=\"1024\" height=\"528\" class=\"wp-image-48218\" src=\"https:\/\/www.ine.gob.bo\/wp-content\/uploads\/2020\/07\/02-1-1024x528.jpg\" alt=\"\" srcset=\"https:\/\/www.ine.gob.bo\/wp-content\/uploads\/2020\/07\/02-1-1024x528.jpg 1024w, https:\/\/www.ine.gob.bo\/wp-content\/uploads\/2020\/07\/02-1-300x155.jpg 300w, https:\/\/www.ine.gob.bo\/wp-content\/uploads\/2020\/07\/02-1-768x396.jpg 768w, https:\/\/www.ine.gob.bo\/wp-content\/uploads\/2020\/07\/02-1.jpg 1280w\" sizes=\"auto, (max-width: 1024px) 100vw, 1024px\" \/><\/figure>\r\n<p><a href=\"https:\/\/nube.ine.gob.bo\/index.php\/s\/zEfsLp2WaB9iTR5\/download\"><strong>Descarga la presentaci\u00f3n<\/strong><\/a><\/p>\r\n<p>&nbsp;<\/p>\r\n<\/div>\r\n\r\n\r\n\r\n<p class=\"has-text-align-center\"><strong><em>Unidad de Difusi\u00f3n y Comunicaci\u00f3n<\/em><br \/>INSTITUTO NACIONAL DE ESTAD\u00cdSTICA<\/strong><\/p>\r\n","protected":false},"excerpt":{"rendered":"<p>La Paz, 15 de julio de 2020 (INE).- El Director General Ejecutivo a.i. del Instituto Nacional de Estad\u00edstica (INE), Rub\u00e9n Aguilar, present\u00f3 hoy, la actualizaci\u00f3n de la canasta b\u00e1sica de alimentos y de las l\u00edneas de pobreza y pobreza extrema, estos datos se actualizan despu\u00e9s de tres d\u00e9cadas y son el resultado de un amplio&hellip;<\/p>\n","protected":false},"author":4,"featured_media":48212,"comment_status":"closed","ping_status":"open","sticky":false,"template":"","format":"standard","meta":[],"categories":[158],"tags":[401],"class_list":["post-48210","post","type-post","status-publish","format-standard","has-post-thumbnail","hentry","category-ine-noticias","tag-ine-noticias-ipc","category-158","description-off"],"yoast_head":"<!-- This site is optimized with the Yoast SEO plugin v23.2 - https:\/\/yoast.com\/wordpress\/plugins\/seo\/ -->\n<title>INE actualiza datos de la Canasta B\u00e1sica de Alimentos y L\u00edneas de Pobreza tras tres d\u00e9cadas - INE<\/title>\n<meta name=\"description\" content=\"P\u00e1gina oficial del Instituto Nacional de Estadistica INE, informaci\u00f3n estad\u00edstica, geogr\u00e1fica y econ\u00f3mica a nivel nacional.\" \/>\n<meta name=\"robots\" content=\"index, follow, max-snippet:-1, max-image-preview:large, max-video-preview:-1\" \/>\n<link rel=\"canonical\" href=\"https:\/\/www.ine.gob.bo\/index.php\/ine-actualiza-datos-de-la-canasta-basica-de-alimentos-y-lineas-de-pobreza-tras-tres-decadas\/\" \/>\n<meta property=\"og:locale\" content=\"es_ES\" \/>\n<meta property=\"og:type\" content=\"article\" \/>\n<meta property=\"og:title\" content=\"INE actualiza datos de la Canasta B\u00e1sica de Alimentos y L\u00edneas de Pobreza tras tres d\u00e9cadas - INE\" \/>\n<meta property=\"og:description\" content=\"P\u00e1gina oficial del Instituto Nacional de Estadistica INE, informaci\u00f3n estad\u00edstica, geogr\u00e1fica y econ\u00f3mica a nivel nacional.\" \/>\n<meta property=\"og:url\" content=\"https:\/\/www.ine.gob.bo\/index.php\/ine-actualiza-datos-de-la-canasta-basica-de-alimentos-y-lineas-de-pobreza-tras-tres-decadas\/\" \/>\n<meta property=\"og:site_name\" content=\"INE\" \/>\n<meta property=\"article:publisher\" content=\"https:\/\/www.facebook.com\/ineboliviaoficial\" \/>\n<meta property=\"article:published_time\" content=\"2020-07-15T16:49:22+00:00\" \/>\n<meta property=\"article:modified_time\" content=\"2020-08-14T17:12:05+00:00\" \/>\n<meta property=\"og:image\" content=\"https:\/\/www.ine.gob.bo\/wp-content\/uploads\/2020\/07\/01.jpg\" \/>\n\t<meta property=\"og:image:width\" content=\"1280\" \/>\n\t<meta property=\"og:image:height\" content=\"848\" \/>\n\t<meta property=\"og:image:type\" content=\"image\/jpeg\" \/>\n<meta name=\"author\" content=\"Max Alexis Bairon Beltran\" \/>\n<meta name=\"twitter:card\" content=\"summary_large_image\" \/>\n<meta name=\"twitter:creator\" content=\"@INE_Bolivia\" \/>\n<meta name=\"twitter:site\" content=\"@INE_Bolivia\" \/>\n<meta name=\"twitter:label1\" content=\"Escrito por\" \/>\n\t<meta name=\"twitter:data1\" content=\"Max Alexis Bairon Beltran\" \/>\n\t<meta name=\"twitter:label2\" content=\"Tiempo de lectura\" \/>\n\t<meta name=\"twitter:data2\" content=\"3 minutos\" \/>\n<script type=\"application\/ld+json\" class=\"yoast-schema-graph\">{\"@context\":\"https:\/\/schema.org\",\"@graph\":[{\"@type\":\"Article\",\"@id\":\"https:\/\/www.ine.gob.bo\/index.php\/ine-actualiza-datos-de-la-canasta-basica-de-alimentos-y-lineas-de-pobreza-tras-tres-decadas\/#article\",\"isPartOf\":{\"@id\":\"https:\/\/www.ine.gob.bo\/index.php\/ine-actualiza-datos-de-la-canasta-basica-de-alimentos-y-lineas-de-pobreza-tras-tres-decadas\/\"},\"author\":{\"name\":\"Max Alexis Bairon Beltran\",\"@id\":\"https:\/\/www.ine.gob.bo\/#\/schema\/person\/faa8073caa064665b1f35d68cfabb3bd\"},\"headline\":\"INE actualiza datos de la Canasta B\u00e1sica de Alimentos y L\u00edneas de Pobreza tras tres d\u00e9cadas\",\"datePublished\":\"2020-07-15T16:49:22+00:00\",\"dateModified\":\"2020-08-14T17:12:05+00:00\",\"mainEntityOfPage\":{\"@id\":\"https:\/\/www.ine.gob.bo\/index.php\/ine-actualiza-datos-de-la-canasta-basica-de-alimentos-y-lineas-de-pobreza-tras-tres-decadas\/\"},\"wordCount\":544,\"publisher\":{\"@id\":\"https:\/\/www.ine.gob.bo\/#organization\"},\"image\":{\"@id\":\"https:\/\/www.ine.gob.bo\/index.php\/ine-actualiza-datos-de-la-canasta-basica-de-alimentos-y-lineas-de-pobreza-tras-tres-decadas\/#primaryimage\"},\"thumbnailUrl\":\"https:\/\/www.ine.gob.bo\/wp-content\/uploads\/2020\/07\/01.jpg\",\"keywords\":[\"INE Noticias; IPC\"],\"articleSection\":[\"INE noticias\"],\"inLanguage\":\"es\"},{\"@type\":\"WebPage\",\"@id\":\"https:\/\/www.ine.gob.bo\/index.php\/ine-actualiza-datos-de-la-canasta-basica-de-alimentos-y-lineas-de-pobreza-tras-tres-decadas\/\",\"url\":\"https:\/\/www.ine.gob.bo\/index.php\/ine-actualiza-datos-de-la-canasta-basica-de-alimentos-y-lineas-de-pobreza-tras-tres-decadas\/\",\"name\":\"INE actualiza datos de la Canasta B\u00e1sica de Alimentos y L\u00edneas de Pobreza tras tres d\u00e9cadas - INE\",\"isPartOf\":{\"@id\":\"https:\/\/www.ine.gob.bo\/#website\"},\"primaryImageOfPage\":{\"@id\":\"https:\/\/www.ine.gob.bo\/index.php\/ine-actualiza-datos-de-la-canasta-basica-de-alimentos-y-lineas-de-pobreza-tras-tres-decadas\/#primaryimage\"},\"image\":{\"@id\":\"https:\/\/www.ine.gob.bo\/index.php\/ine-actualiza-datos-de-la-canasta-basica-de-alimentos-y-lineas-de-pobreza-tras-tres-decadas\/#primaryimage\"},\"thumbnailUrl\":\"https:\/\/www.ine.gob.bo\/wp-content\/uploads\/2020\/07\/01.jpg\",\"datePublished\":\"2020-07-15T16:49:22+00:00\",\"dateModified\":\"2020-08-14T17:12:05+00:00\",\"description\":\"P\u00e1gina oficial del Instituto Nacional de Estadistica INE, informaci\u00f3n estad\u00edstica, geogr\u00e1fica y econ\u00f3mica a nivel nacional.\",\"breadcrumb\":{\"@id\":\"https:\/\/www.ine.gob.bo\/index.php\/ine-actualiza-datos-de-la-canasta-basica-de-alimentos-y-lineas-de-pobreza-tras-tres-decadas\/#breadcrumb\"},\"inLanguage\":\"es\",\"potentialAction\":[{\"@type\":\"ReadAction\",\"target\":[\"https:\/\/www.ine.gob.bo\/index.php\/ine-actualiza-datos-de-la-canasta-basica-de-alimentos-y-lineas-de-pobreza-tras-tres-decadas\/\"]}]},{\"@type\":\"ImageObject\",\"inLanguage\":\"es\",\"@id\":\"https:\/\/www.ine.gob.bo\/index.php\/ine-actualiza-datos-de-la-canasta-basica-de-alimentos-y-lineas-de-pobreza-tras-tres-decadas\/#primaryimage\",\"url\":\"https:\/\/www.ine.gob.bo\/wp-content\/uploads\/2020\/07\/01.jpg\",\"contentUrl\":\"https:\/\/www.ine.gob.bo\/wp-content\/uploads\/2020\/07\/01.jpg\",\"width\":1280,\"height\":848},{\"@type\":\"BreadcrumbList\",\"@id\":\"https:\/\/www.ine.gob.bo\/index.php\/ine-actualiza-datos-de-la-canasta-basica-de-alimentos-y-lineas-de-pobreza-tras-tres-decadas\/#breadcrumb\",\"itemListElement\":[{\"@type\":\"ListItem\",\"position\":1,\"name\":\"Portada\",\"item\":\"https:\/\/www.ine.gob.bo\/\"},{\"@type\":\"ListItem\",\"position\":2,\"name\":\"INE actualiza datos de la Canasta B\u00e1sica de Alimentos y L\u00edneas de Pobreza tras tres d\u00e9cadas\"}]},{\"@type\":\"WebSite\",\"@id\":\"https:\/\/www.ine.gob.bo\/#website\",\"url\":\"https:\/\/www.ine.gob.bo\/\",\"name\":\"INE\",\"description\":\"Instituto Nacional de Estad\u00edstica\",\"publisher\":{\"@id\":\"https:\/\/www.ine.gob.bo\/#organization\"},\"potentialAction\":[{\"@type\":\"SearchAction\",\"target\":{\"@type\":\"EntryPoint\",\"urlTemplate\":\"https:\/\/www.ine.gob.bo\/?s={search_term_string}\"},\"query-input\":\"required name=search_term_string\"}],\"inLanguage\":\"es\"},{\"@type\":\"Organization\",\"@id\":\"https:\/\/www.ine.gob.bo\/#organization\",\"name\":\"Instituto Nacional de Estad\u00edstica\",\"url\":\"https:\/\/www.ine.gob.bo\/\",\"logo\":{\"@type\":\"ImageObject\",\"inLanguage\":\"es\",\"@id\":\"https:\/\/www.ine.gob.bo\/#\/schema\/logo\/image\/\",\"url\":\"https:\/\/www.ine.gob.bo\/wp-content\/uploads\/2026\/02\/logo-ine.jpg\",\"contentUrl\":\"https:\/\/www.ine.gob.bo\/wp-content\/uploads\/2026\/02\/logo-ine.jpg\",\"width\":799,\"height\":453,\"caption\":\"Instituto Nacional de Estad\u00edstica\"},\"image\":{\"@id\":\"https:\/\/www.ine.gob.bo\/#\/schema\/logo\/image\/\"},\"sameAs\":[\"https:\/\/www.facebook.com\/ineboliviaoficial\",\"https:\/\/x.com\/INE_Bolivia\",\"https:\/\/www.instagram.com\/ineboliviaoficial\/\",\"https:\/\/www.youtube.com\/channel\/UCbIQXKLw414g5kWo1tAwqCg\"]},{\"@type\":\"Person\",\"@id\":\"https:\/\/www.ine.gob.bo\/#\/schema\/person\/faa8073caa064665b1f35d68cfabb3bd\",\"name\":\"Max Alexis Bairon Beltran\",\"image\":{\"@type\":\"ImageObject\",\"inLanguage\":\"es\",\"@id\":\"https:\/\/www.ine.gob.bo\/#\/schema\/person\/image\/\",\"url\":\"https:\/\/secure.gravatar.com\/avatar\/969c77a11193a115c00b38b16c2e1b47e144df5407da735a74196b8d5d4acccc?s=96&d=mm&r=g\",\"contentUrl\":\"https:\/\/secure.gravatar.com\/avatar\/969c77a11193a115c00b38b16c2e1b47e144df5407da735a74196b8d5d4acccc?s=96&d=mm&r=g\",\"caption\":\"Max Alexis Bairon Beltran\"},\"url\":\"https:\/\/www.ine.gob.bo\/index.php\/author\/mbairon\/\"}]}<\/script>\n<!-- \/ Yoast SEO plugin. -->","yoast_head_json":{"title":"INE actualiza datos de la Canasta B\u00e1sica de Alimentos y L\u00edneas de Pobreza tras tres d\u00e9cadas - INE","description":"P\u00e1gina oficial del Instituto Nacional de Estadistica INE, informaci\u00f3n estad\u00edstica, geogr\u00e1fica y econ\u00f3mica a nivel nacional.","robots":{"index":"index","follow":"follow","max-snippet":"max-snippet:-1","max-image-preview":"max-image-preview:large","max-video-preview":"max-video-preview:-1"},"canonical":"https:\/\/www.ine.gob.bo\/index.php\/ine-actualiza-datos-de-la-canasta-basica-de-alimentos-y-lineas-de-pobreza-tras-tres-decadas\/","og_locale":"es_ES","og_type":"article","og_title":"INE actualiza datos de la Canasta B\u00e1sica de Alimentos y L\u00edneas de Pobreza tras tres d\u00e9cadas - INE","og_description":"P\u00e1gina oficial del Instituto Nacional de Estadistica INE, informaci\u00f3n estad\u00edstica, geogr\u00e1fica y econ\u00f3mica a nivel nacional.","og_url":"https:\/\/www.ine.gob.bo\/index.php\/ine-actualiza-datos-de-la-canasta-basica-de-alimentos-y-lineas-de-pobreza-tras-tres-decadas\/","og_site_name":"INE","article_publisher":"https:\/\/www.facebook.com\/ineboliviaoficial","article_published_time":"2020-07-15T16:49:22+00:00","article_modified_time":"2020-08-14T17:12:05+00:00","og_image":[{"width":1280,"height":848,"url":"https:\/\/www.ine.gob.bo\/wp-content\/uploads\/2020\/07\/01.jpg","type":"image\/jpeg"}],"author":"Max Alexis Bairon Beltran","twitter_card":"summary_large_image","twitter_creator":"@INE_Bolivia","twitter_site":"@INE_Bolivia","twitter_misc":{"Escrito por":"Max Alexis Bairon Beltran","Tiempo de lectura":"3 minutos"},"schema":{"@context":"https:\/\/schema.org","@graph":[{"@type":"Article","@id":"https:\/\/www.ine.gob.bo\/index.php\/ine-actualiza-datos-de-la-canasta-basica-de-alimentos-y-lineas-de-pobreza-tras-tres-decadas\/#article","isPartOf":{"@id":"https:\/\/www.ine.gob.bo\/index.php\/ine-actualiza-datos-de-la-canasta-basica-de-alimentos-y-lineas-de-pobreza-tras-tres-decadas\/"},"author":{"name":"Max Alexis Bairon Beltran","@id":"https:\/\/www.ine.gob.bo\/#\/schema\/person\/faa8073caa064665b1f35d68cfabb3bd"},"headline":"INE actualiza datos de la Canasta B\u00e1sica de Alimentos y L\u00edneas de Pobreza tras tres d\u00e9cadas","datePublished":"2020-07-15T16:49:22+00:00","dateModified":"2020-08-14T17:12:05+00:00","mainEntityOfPage":{"@id":"https:\/\/www.ine.gob.bo\/index.php\/ine-actualiza-datos-de-la-canasta-basica-de-alimentos-y-lineas-de-pobreza-tras-tres-decadas\/"},"wordCount":544,"publisher":{"@id":"https:\/\/www.ine.gob.bo\/#organization"},"image":{"@id":"https:\/\/www.ine.gob.bo\/index.php\/ine-actualiza-datos-de-la-canasta-basica-de-alimentos-y-lineas-de-pobreza-tras-tres-decadas\/#primaryimage"},"thumbnailUrl":"https:\/\/www.ine.gob.bo\/wp-content\/uploads\/2020\/07\/01.jpg","keywords":["INE Noticias; IPC"],"articleSection":["INE noticias"],"inLanguage":"es"},{"@type":"WebPage","@id":"https:\/\/www.ine.gob.bo\/index.php\/ine-actualiza-datos-de-la-canasta-basica-de-alimentos-y-lineas-de-pobreza-tras-tres-decadas\/","url":"https:\/\/www.ine.gob.bo\/index.php\/ine-actualiza-datos-de-la-canasta-basica-de-alimentos-y-lineas-de-pobreza-tras-tres-decadas\/","name":"INE actualiza datos de la Canasta B\u00e1sica de Alimentos y L\u00edneas de Pobreza tras tres d\u00e9cadas - INE","isPartOf":{"@id":"https:\/\/www.ine.gob.bo\/#website"},"primaryImageOfPage":{"@id":"https:\/\/www.ine.gob.bo\/index.php\/ine-actualiza-datos-de-la-canasta-basica-de-alimentos-y-lineas-de-pobreza-tras-tres-decadas\/#primaryimage"},"image":{"@id":"https:\/\/www.ine.gob.bo\/index.php\/ine-actualiza-datos-de-la-canasta-basica-de-alimentos-y-lineas-de-pobreza-tras-tres-decadas\/#primaryimage"},"thumbnailUrl":"https:\/\/www.ine.gob.bo\/wp-content\/uploads\/2020\/07\/01.jpg","datePublished":"2020-07-15T16:49:22+00:00","dateModified":"2020-08-14T17:12:05+00:00","description":"P\u00e1gina oficial del Instituto Nacional de Estadistica INE, informaci\u00f3n estad\u00edstica, geogr\u00e1fica y econ\u00f3mica a nivel nacional.","breadcrumb":{"@id":"https:\/\/www.ine.gob.bo\/index.php\/ine-actualiza-datos-de-la-canasta-basica-de-alimentos-y-lineas-de-pobreza-tras-tres-decadas\/#breadcrumb"},"inLanguage":"es","potentialAction":[{"@type":"ReadAction","target":["https:\/\/www.ine.gob.bo\/index.php\/ine-actualiza-datos-de-la-canasta-basica-de-alimentos-y-lineas-de-pobreza-tras-tres-decadas\/"]}]},{"@type":"ImageObject","inLanguage":"es","@id":"https:\/\/www.ine.gob.bo\/index.php\/ine-actualiza-datos-de-la-canasta-basica-de-alimentos-y-lineas-de-pobreza-tras-tres-decadas\/#primaryimage","url":"https:\/\/www.ine.gob.bo\/wp-content\/uploads\/2020\/07\/01.jpg","contentUrl":"https:\/\/www.ine.gob.bo\/wp-content\/uploads\/2020\/07\/01.jpg","width":1280,"height":848},{"@type":"BreadcrumbList","@id":"https:\/\/www.ine.gob.bo\/index.php\/ine-actualiza-datos-de-la-canasta-basica-de-alimentos-y-lineas-de-pobreza-tras-tres-decadas\/#breadcrumb","itemListElement":[{"@type":"ListItem","position":1,"name":"Portada","item":"https:\/\/www.ine.gob.bo\/"},{"@type":"ListItem","position":2,"name":"INE actualiza datos de la Canasta B\u00e1sica de Alimentos y L\u00edneas de Pobreza tras tres d\u00e9cadas"}]},{"@type":"WebSite","@id":"https:\/\/www.ine.gob.bo\/#website","url":"https:\/\/www.ine.gob.bo\/","name":"INE","description":"Instituto Nacional de Estad\u00edstica","publisher":{"@id":"https:\/\/www.ine.gob.bo\/#organization"},"potentialAction":[{"@type":"SearchAction","target":{"@type":"EntryPoint","urlTemplate":"https:\/\/www.ine.gob.bo\/?s={search_term_string}"},"query-input":"required name=search_term_string"}],"inLanguage":"es"},{"@type":"Organization","@id":"https:\/\/www.ine.gob.bo\/#organization","name":"Instituto Nacional de Estad\u00edstica","url":"https:\/\/www.ine.gob.bo\/","logo":{"@type":"ImageObject","inLanguage":"es","@id":"https:\/\/www.ine.gob.bo\/#\/schema\/logo\/image\/","url":"https:\/\/www.ine.gob.bo\/wp-content\/uploads\/2026\/02\/logo-ine.jpg","contentUrl":"https:\/\/www.ine.gob.bo\/wp-content\/uploads\/2026\/02\/logo-ine.jpg","width":799,"height":453,"caption":"Instituto Nacional de Estad\u00edstica"},"image":{"@id":"https:\/\/www.ine.gob.bo\/#\/schema\/logo\/image\/"},"sameAs":["https:\/\/www.facebook.com\/ineboliviaoficial","https:\/\/x.com\/INE_Bolivia","https:\/\/www.instagram.com\/ineboliviaoficial\/","https:\/\/www.youtube.com\/channel\/UCbIQXKLw414g5kWo1tAwqCg"]},{"@type":"Person","@id":"https:\/\/www.ine.gob.bo\/#\/schema\/person\/faa8073caa064665b1f35d68cfabb3bd","name":"Max Alexis Bairon Beltran","image":{"@type":"ImageObject","inLanguage":"es","@id":"https:\/\/www.ine.gob.bo\/#\/schema\/person\/image\/","url":"https:\/\/secure.gravatar.com\/avatar\/969c77a11193a115c00b38b16c2e1b47e144df5407da735a74196b8d5d4acccc?s=96&d=mm&r=g","contentUrl":"https:\/\/secure.gravatar.com\/avatar\/969c77a11193a115c00b38b16c2e1b47e144df5407da735a74196b8d5d4acccc?s=96&d=mm&r=g","caption":"Max Alexis Bairon Beltran"},"url":"https:\/\/www.ine.gob.bo\/index.php\/author\/mbairon\/"}]}},"rttpg_featured_image_url":{"full":["https:\/\/www.ine.gob.bo\/wp-content\/uploads\/2020\/07\/01.jpg",1280,848,false],"landscape":["https:\/\/www.ine.gob.bo\/wp-content\/uploads\/2020\/07\/01.jpg",1280,848,false],"portraits":["https:\/\/www.ine.gob.bo\/wp-content\/uploads\/2020\/07\/01.jpg",1280,848,false],"thumbnail":["https:\/\/www.ine.gob.bo\/wp-content\/uploads\/2020\/07\/01-150x150.jpg",150,150,true],"medium":["https:\/\/www.ine.gob.bo\/wp-content\/uploads\/2020\/07\/01-300x199.jpg",300,199,true],"large":["https:\/\/www.ine.gob.bo\/wp-content\/uploads\/2020\/07\/01-1024x678.jpg",1024,678,true],"1536x1536":["https:\/\/www.ine.gob.bo\/wp-content\/uploads\/2020\/07\/01.jpg",1280,848,false],"2048x2048":["https:\/\/www.ine.gob.bo\/wp-content\/uploads\/2020\/07\/01.jpg",1280,848,false]},"rttpg_author":{"display_name":"Max Alexis Bairon Beltran","author_link":"https:\/\/www.ine.gob.bo\/index.php\/author\/mbairon\/"},"rttpg_comment":0,"rttpg_category":"<a href=\"https:\/\/www.ine.gob.bo\/index.php\/category\/ine-noticias\/\" rel=\"category tag\">INE noticias<\/a>","rttpg_excerpt":"La Paz, 15 de julio de 2020 (INE).- El Director General Ejecutivo a.i. del Instituto Nacional de Estad\u00edstica (INE), Rub\u00e9n Aguilar, present\u00f3 hoy, la actualizaci\u00f3n de la canasta b\u00e1sica de alimentos y de las l\u00edneas de pobreza y pobreza extrema, estos datos se actualizan despu\u00e9s de tres d\u00e9cadas y son el resultado de un amplio&hellip;","_links":{"self":[{"href":"https:\/\/www.ine.gob.bo\/index.php\/wp-json\/wp\/v2\/posts\/48210","targetHints":{"allow":["GET"]}}],"collection":[{"href":"https:\/\/www.ine.gob.bo\/index.php\/wp-json\/wp\/v2\/posts"}],"about":[{"href":"https:\/\/www.ine.gob.bo\/index.php\/wp-json\/wp\/v2\/types\/post"}],"author":[{"embeddable":true,"href":"https:\/\/www.ine.gob.bo\/index.php\/wp-json\/wp\/v2\/users\/4"}],"replies":[{"embeddable":true,"href":"https:\/\/www.ine.gob.bo\/index.php\/wp-json\/wp\/v2\/comments?post=48210"}],"version-history":[{"count":0,"href":"https:\/\/www.ine.gob.bo\/index.php\/wp-json\/wp\/v2\/posts\/48210\/revisions"}],"wp:featuredmedia":[{"embeddable":true,"href":"https:\/\/www.ine.gob.bo\/index.php\/wp-json\/wp\/v2\/media\/48212"}],"wp:attachment":[{"href":"https:\/\/www.ine.gob.bo\/index.php\/wp-json\/wp\/v2\/media?parent=48210"}],"wp:term":[{"taxonomy":"category","embeddable":true,"href":"https:\/\/www.ine.gob.bo\/index.php\/wp-json\/wp\/v2\/categories?post=48210"},{"taxonomy":"post_tag","embeddable":true,"href":"https:\/\/www.ine.gob.bo\/index.php\/wp-json\/wp\/v2\/tags?post=48210"}],"curies":[{"name":"wp","href":"https:\/\/api.w.org\/{rel}","templated":true}]}}