{"id":44370,"date":"2020-03-04T18:18:54","date_gmt":"2020-03-04T22:18:54","guid":{"rendered":"https:\/\/www.ine.gob.bo\/?p=44370"},"modified":"2020-04-28T13:30:40","modified_gmt":"2020-04-28T17:30:40","slug":"en-febrero-de-2020-el-indice-de-precios-al-consumidor-registro-variacion-negativa-de-006","status":"publish","type":"post","link":"https:\/\/www.ine.gob.bo\/index.php\/en-febrero-de-2020-el-indice-de-precios-al-consumidor-registro-variacion-negativa-de-006\/","title":{"rendered":"En febrero de 2020: El \u00cdndice de Precios al Consumidor registr\u00f3 variaci\u00f3n negativa de 0,06%"},"content":{"rendered":"\n<p><strong>La Paz, 4 de marzo de 2020 (INE).-<\/strong>\n En febrero de 2020, el \u00cdndice de Precios al Consumidor (IPC) registr\u00f3 \nuna variaci\u00f3n porcentual negativa de 0,06 respecto al mes de enero. La \nvariaci\u00f3n acumulada al mes de febrero fue negativa en 0,09% y a doce \nmeses alcanz\u00f3 1,30%.<\/p>\n\n\n\n<p style=\"text-align:center\"><strong>Cuadro N\u00ba 1<\/strong><br><strong>BOLIVIA: \u00cdNDICE DE PRECIOS AL CONSUMIDOR, VARIACI\u00d3N PORCENTUAL MENSUAL, ACUMULADA Y A DOCE MESES, 2019 Y 2020<\/strong><br><strong>(\u00cdndice 2016=100 y en porcentaje)<\/strong><\/p>\n\n\n\n<div class=\"wp-block-image\"><figure class=\"aligncenter\"><img decoding=\"async\" src=\"https:\/\/www.ine.gob.bo\/images\/Notas_de_prensa\/2020\/03_Marzo\/01.png\" alt=\"BOLIVIA: \u00cdNDICE DE PRECIOS AL CONSUMIDOR, VARIACI\u00d3N PORCENTUAL MENSUAL, ACUMULADA Y A DOCE MESES, 2019 Y 2020\"\/><\/figure><\/div>\n\n\n\n<p><a href=\"https:\/\/www.ine.gob.bo\/images\/Notas_de_prensa\/2020\/03_Marzo\/01.png\" target=\"_blank\" rel=\"noreferrer noopener\"><\/a>Fuente: Instituto Nacional de Estad\u00edstica<\/p>\n\n\n\n<p style=\"text-align:center\"><strong>Gr\u00e1fico N\u00ba 1<\/strong><br><strong>BOLIVIA: VARIACI\u00d3N PORCENTUAL MENSUAL DEL \u00cdNDICE DE PRECIOS AL CONSUMIDOR, 2019 &#8211; 2020<\/strong><br><strong>(En porcentaje)<\/strong><\/p>\n\n\n\n<div class=\"wp-block-image\"><figure class=\"aligncenter\"><img decoding=\"async\" src=\"https:\/\/www.ine.gob.bo\/images\/Notas_de_prensa\/2020\/03_Marzo\/02.png\" alt=\"BOLIVIA: VARIACI\u00d3N PORCENTUAL MENSUAL DEL \u00cdNDICE DE PRECIOS AL CONSUMIDOR, 2019 - 2020\"\/><\/figure><\/div>\n\n\n\n<p><a href=\"https:\/\/www.ine.gob.bo\/images\/Notas_de_prensa\/2020\/03_Marzo\/02.png\" target=\"_blank\" rel=\"noreferrer noopener\"><\/a><\/p>\n\n\n\n<p>Fuente: Instituto Nacional de Estad\u00edstica<\/p>\n\n\n\n<p><br>&nbsp;<br><strong>\u00cdndice de Precios al Consumidor, seg\u00fan ciudades capitales y conurbaciones<\/strong><\/p>\n\n\n\n<p>La variaci\u00f3n negativa de 0,06% \nregistrada en febrero de 2020, se debi\u00f3 principalmente al decremento de \nprecios en las siguientes ciudades capitales y conurbaciones: Oruro \n0,53%; Conurbaci\u00f3n La Paz 0,26%; Regi\u00f3n Metropolitana Kanata 0,23%; \nPotos\u00ed 0,09%; Sucre 0,01% y Tarija 0,001%. Por otro lado, presentaron \nvariaciones positivas la Conurbaci\u00f3n Santa Cruz 0,25%; Trinidad 0,15% y \nCobija 0,08%.<\/p>\n\n\n\n<p style=\"text-align:center\"><strong>Gr\u00e1fico N\u00ba 2<\/strong><br><strong>BOLIVIA:\n VARIACI\u00d3N PORCENTUAL MENSUAL DEL \u00cdNDICE DE PRECIOS AL CONSUMIDOR, SEG\u00daN\n CIUDADES CAPITALES Y CONURBACIONES, FEBRERO DE 2020<\/strong><br><strong>(En porcentaje)<\/strong><\/p>\n\n\n\n<div class=\"wp-block-image\"><figure class=\"aligncenter\"><img decoding=\"async\" src=\"https:\/\/www.ine.gob.bo\/images\/Notas_de_prensa\/2020\/03_Marzo\/03.png\" alt=\"BOLIVIA: VARIACI\u00d3N PORCENTUAL MENSUAL DEL \u00cdNDICE DE PRECIOS AL CONSUMIDOR, SEG\u00daN CIUDADES CAPITALES Y CONURBACIONES, FEBRERO DE 2020\"\/><\/figure><\/div>\n\n\n\n<p><a href=\"https:\/\/www.ine.gob.bo\/images\/Notas_de_prensa\/2020\/03_Marzo\/03.png\" target=\"_blank\" rel=\"noreferrer noopener\"><\/a><\/p>\n\n\n\n<p>Fuente: Instituto Nacional de Estad\u00edstica<br>(1) Conurbaci\u00f3n Santa Cruz (Santa Cruz de la Sierra, La Guardia, Cotoca y Warnes) <br>&nbsp;(2) Regi\u00f3n Metropolitana Kanata (Cercado, Sipe Sipe, Vinto, Quillacollo, Sacaba, Colcapirhua y Tiquipaya) <br>(3) Conurbaci\u00f3n La Paz (Nuestra Se\u00f1ora de La Paz, El Alto, Achocalla y Viacha)<\/p>\n\n\n\n<p>La variaci\u00f3n acumulada negativa de 0,09%\n de enero a febrero, se explica por las variaciones registradas en las \nsiguientes ciudades capitales y conurbaciones: Oruro 1,01%; Trinidad \n0,71%; Potos\u00ed 0,50%; Tarija 0,39%; Conurbaci\u00f3n La Paz 0,34%; Regi\u00f3n \nMetropolitana Kanata 0,26% y Sucre 0,17%.<\/p>\n\n\n\n<p style=\"text-align:center\"><strong>Gr\u00e1fico N\u00ba 3<\/strong><br><strong>BOLIVIA:\n VARIACI\u00d3N PORCENTUAL ACUMULADA DEL \u00cdNDICE DE PRECIOS AL CONSUMIDOR, \nSEG\u00daN CIUDADES CAPITALES Y CONURBACIONES, ENERO A FEBRERO DE 2020<\/strong><br><strong>(En porcentaje)<\/strong><\/p>\n\n\n\n<div class=\"wp-block-image\"><figure class=\"aligncenter\"><img decoding=\"async\" src=\"https:\/\/www.ine.gob.bo\/images\/Notas_de_prensa\/2020\/03_Marzo\/04.png\" alt=\"BOLIVIA: VARIACI\u00d3N PORCENTUAL ACUMULADA DEL \u00cdNDICE DE PRECIOS AL CONSUMIDOR, SEG\u00daN CIUDADES CAPITALES Y CONURBACIONES, ENERO A FEBRERO DE 2020\"\/><\/figure><\/div>\n\n\n\n<p><a href=\"https:\/\/www.ine.gob.bo\/images\/Notas_de_prensa\/2020\/03_Marzo\/04.png\" target=\"_blank\" rel=\"noreferrer noopener\"><\/a><\/p>\n\n\n\n<p>Fuente: Instituto Nacional de Estad\u00edstica<br>(1) Conurbaci\u00f3n Santa Cruz (Santa Cruz de la Sierra, La Guardia, Cotoca y Warnes)<br>(2) Regi\u00f3n Metropolitana Kanata (Cercado, Sipe Sipe, Vinto, Quillacollo, Sacaba, Colcapirhua y Tiquipaya)<br>(3) Conurbaci\u00f3n La Paz (Nuestra Se\u00f1ora de La Paz, El Alto, Achocalla y Viacha)<\/p>\n\n\n\n<p><br><strong>\u00cdndice de Precios al Consumidor, seg\u00fan divisiones<\/strong><\/p>\n\n\n\n<p>La variaci\u00f3n negativa de 0,06% se \nexplica principalmente por el decremento de los precios en las \ndivisiones: Bebidas Alcoh\u00f3licas y Tabaco 0,68%; Transporte 0,36%; \nAlimentos y Bebidas No Alcoh\u00f3licas 0,25%; Muebles, Bienes y Servicios \nDom\u00e9sticos 0,21%; Prendas de Vestir y Calzados 0,18%; Vivienda y \nServicios B\u00e1sicos 0,07%; Bienes y Servicios Diversos 0,06% y \nComunicaciones 0,05%. Mientras que las divisiones que presentaron \nincremento de precios fueron: Educaci\u00f3n 0,62%; Salud 0,55%; Recreaci\u00f3n y\n Cultura 0,36% y Alimentos y Bebidas Consumidos fuera del hogar 0,10%.<\/p>\n\n\n\n<p style=\"text-align:center\"><strong>Gr\u00e1fico N\u00ba 4<\/strong><br><strong>BOLIVIA: VARIACI\u00d3N PORCENTUAL DEL \u00cdNDICE DE PRECIOS AL CONSUMIDOR, SEG\u00daN DIVISI\u00d3N, FEBRERO DE 2020<\/strong><br><strong>(En porcentaje)<\/strong><\/p>\n\n\n\n<div class=\"wp-block-image\"><figure class=\"aligncenter\"><img decoding=\"async\" src=\"https:\/\/www.ine.gob.bo\/images\/Notas_de_prensa\/2020\/03_Marzo\/05.png\" alt=\"BOLIVIA: VARIACI\u00d3N PORCENTUAL DEL \u00cdNDICE DE PRECIOS AL CONSUMIDOR, SEG\u00daN DIVISI\u00d3N, FEBRERO DE 2020\"\/><\/figure><\/div>\n\n\n\n<p><a href=\"https:\/\/www.ine.gob.bo\/images\/Notas_de_prensa\/2020\/03_Marzo\/05.png\" target=\"_blank\" rel=\"noreferrer noopener\"><\/a><\/p>\n\n\n\n<p>Fuente: Instituto Nacional de Estad\u00edstica<\/p>\n\n\n\n<p>Durante la \u00faltima semana de febrero, \ncomo efecto de las fiestas de carnaval, productos como: papa, haba \nverde, cebolla, pl\u00e1tano\/guineo\/banano, cerveza, cigarrillos, camisas, \npantalones jeans, jab\u00f3n, mantas de viaje, transporte interdepartamental \nen \u00f3mnibus\/flota, servicio de lavado de veh\u00edculos; registraron \nincremento de precios, sin embargo, en el promedio mensual, estos \nprecios a\u00fan son menores a los registrados en el mes de enero.<\/p>\n\n\n\n<p>La variaci\u00f3n acumulada negativa de 0,09%\n de enero a febrero 2020, se debi\u00f3 principalmente a la disminuci\u00f3n de \nlos precios en las divisiones: Alimentos y Bebidas No Alcoh\u00f3licas 0,83%;\n Bebidas Alcoh\u00f3licas y Tabaco 0,40%; Transporte 0,35%; Vivienda y \nServicios B\u00e1sicos 0,17%; Comunicaciones 0,13%; Prendas de Vestir y \nCalzado 0,09%; Bienes y Servicios Diversos 0,02% y Muebles, Bienes y \nServicios Dom\u00e9sticos 0,01%. Por otro lado, se observ\u00f3 variaci\u00f3n \nporcentual positiva en las divisiones: Educaci\u00f3n 2,57%; Recreaci\u00f3n y \nCultura 0,70%; Salud 0,65% y Alimentos y Bebidas Consumidas fuera del \nhogar 0,14%.<\/p>\n\n\n\n<p style=\"text-align:center\"><br><strong>Gr\u00e1fico N\u00ba 5<\/strong><br><strong>BOLIVIA: VARIACI\u00d3N PORCENTUAL ACUMULADA DEL \u00cdNDICE DE PRECIOS AL CONSUMIDOR, SEG\u00daN DIVISI\u00d3N, ENERO A FEBRERO DE 2020<\/strong><br><strong>(En porcentaje)<\/strong><\/p>\n\n\n\n<div class=\"wp-block-image\"><figure class=\"aligncenter\"><img decoding=\"async\" src=\"https:\/\/www.ine.gob.bo\/images\/Notas_de_prensa\/2020\/03_Marzo\/06.png\" alt=\"BOLIVIA: VARIACI\u00d3N PORCENTUAL ACUMULADA DEL \u00cdNDICE DE PRECIOS AL CONSUMIDOR, SEG\u00daN DIVISI\u00d3N, ENERO A FEBRERO DE 2020\"\/><\/figure><\/div>\n\n\n\n<p><a href=\"https:\/\/www.ine.gob.bo\/images\/Notas_de_prensa\/2020\/03_Marzo\/06.png\" target=\"_blank\" rel=\"noreferrer noopener\"><\/a><\/p>\n\n\n\n<p>Fuente: Instituto Nacional de Estad\u00edstica<\/p>\n\n\n\n<p><br><strong>\u00cdndice de Precios al Consumidor, seg\u00fan productos y servicios con mayor y menor incidencia<\/strong><\/p>\n\n\n\n<p>Los precios de la carne de pollo, papa, \ntransporte interdepartamental en \u00f3mnibus\/flota, uva, haba verde y \ncebolla registraron la mayor incidencia porcentual negativa en febrero. \nAl contrario, el tomate, quesos, productos de papeler\u00eda, papaya, libros \nde instrucci\u00f3n escolar\/universitaria y educaci\u00f3n superior universitaria \npresentaron mayor incidencia positiva.<\/p>\n\n\n\n<p style=\"text-align:center\"><strong>Cuadro N\u00ba 2<\/strong><br><strong>BOLIVIA: PRODUCTOS CON MAYOR INCIDENCIA POSITIVA Y NEGATIVA, FEBRERO DE 2020<\/strong><br><strong>(En porcentaje y puntos porcentuales)<\/strong><\/p>\n\n\n\n<div class=\"wp-block-image\"><figure class=\"aligncenter\"><img decoding=\"async\" src=\"https:\/\/www.ine.gob.bo\/images\/Notas_de_prensa\/2020\/03_Marzo\/07.png\" alt=\"BOLIVIA: PRODUCTOS CON MAYOR INCIDENCIA POSITIVA Y NEGATIVA, FEBRERO DE 2020\"\/><\/figure><\/div>\n\n\n\n<p><br><a href=\"https:\/\/www.ine.gob.bo\/images\/Notas_de_prensa\/2020\/03_Marzo\/07.png\" target=\"_blank\" rel=\"noreferrer noopener\"><\/a>Fuente: Instituto Nacional de Estad\u00edstica<\/p>\n\n\n\n<p><br>Los precios de la papa, carne de \npollo, cebolla, pl\u00e1tano\/guineo\/banano, transporte interdepartamental en \n\u00f3mnibus\/flota y haba verde presentaron mayor incidencia negativa \nacumulada de enero a febrero de 2020. En cambio, los principales \nproductos que registraron mayor incidencia positiva acumulada en similar\n per\u00edodo fueron: el tomate, quesos, educaci\u00f3n superior universitaria, \neducaci\u00f3n secundaria, productos de papeler\u00eda y educaci\u00f3n primaria.<\/p>\n\n\n\n<p style=\"text-align:center\"><strong>Cuadro N\u00ba 3<\/strong><br><strong>BOLIVIA: PRODUCTOS CON MAYOR INCIDENCIA ACUMULADA POSITIVA Y NEGATIVA, ENERO A FEBRERO DE 2019<\/strong><br><strong>(En porcentaje y puntos porcentuales)<\/strong><\/p>\n\n\n\n<div class=\"wp-block-image\"><figure class=\"aligncenter\"><img decoding=\"async\" src=\"https:\/\/www.ine.gob.bo\/images\/Notas_de_prensa\/2020\/03_Marzo\/08.png\" alt=\"BOLIVIA: PRODUCTOS CON MAYOR INCIDENCIA ACUMULADA POSITIVA Y NEGATIVA, ENERO A FEBRERO DE 2019\"\/><\/figure><\/div>\n\n\n\n<p><a href=\"https:\/\/www.ine.gob.bo\/images\/Notas_de_prensa\/2020\/03_Marzo\/08.png\" target=\"_blank\" rel=\"noreferrer noopener\"><\/a><\/p>\n\n\n\n<p>Fuente: Instituto Nacional de Estad\u00edstica<\/p>\n\n\n\n<p style=\"text-align:center\"><strong>Unidad de Difusi\u00f3n y Comunicaci\u00f3n<\/strong><br><strong>INSTITUTO NACIONAL DE ESTAD\u00cdSTICA<\/strong><\/p>\n\n\n\n<p><strong>NOTA: <\/strong><\/p>\n\n\n\n<p>Pueden\n existir diferencias en los valores y en las variaciones porcentuales \nque se muestran en los cuadros, debido a que su c\u00e1lculo considera todos \nlos d\u00edgitos decimales,<\/p>\n","protected":false},"excerpt":{"rendered":"<p>La Paz, 4 de marzo de 2020 (INE).- En febrero de 2020, el \u00cdndice de Precios al Consumidor (IPC) registr\u00f3 una variaci\u00f3n porcentual negativa de 0,06 respecto al mes de enero. La variaci\u00f3n acumulada al mes de febrero fue negativa en 0,09% y a doce meses alcanz\u00f3 1,30%. Cuadro N\u00ba 1BOLIVIA: \u00cdNDICE DE PRECIOS AL&hellip;<\/p>\n","protected":false},"author":4,"featured_media":45209,"comment_status":"open","ping_status":"open","sticky":false,"template":"","format":"standard","meta":[],"categories":[158],"tags":[401],"class_list":["post-44370","post","type-post","status-publish","format-standard","has-post-thumbnail","hentry","category-ine-noticias","tag-ine-noticias-ipc","category-158","description-off"],"yoast_head":"<!-- This site is optimized with the Yoast SEO plugin v23.2 - https:\/\/yoast.com\/wordpress\/plugins\/seo\/ -->\n<title>En febrero de 2020: El \u00cdndice de Precios al Consumidor registr\u00f3 variaci\u00f3n negativa de 0,06% - INE<\/title>\n<meta name=\"description\" content=\"P\u00e1gina oficial del Instituto Nacional de Estadistica INE, informaci\u00f3n estad\u00edstica, geogr\u00e1fica y econ\u00f3mica a nivel nacional.\" \/>\n<meta name=\"robots\" content=\"index, follow, max-snippet:-1, max-image-preview:large, max-video-preview:-1\" \/>\n<link rel=\"canonical\" href=\"https:\/\/www.ine.gob.bo\/index.php\/en-febrero-de-2020-el-indice-de-precios-al-consumidor-registro-variacion-negativa-de-006\/\" \/>\n<meta property=\"og:locale\" content=\"es_ES\" \/>\n<meta property=\"og:type\" content=\"article\" \/>\n<meta property=\"og:title\" content=\"En febrero de 2020: El \u00cdndice de Precios al Consumidor registr\u00f3 variaci\u00f3n negativa de 0,06% - INE\" \/>\n<meta property=\"og:description\" content=\"P\u00e1gina oficial del Instituto Nacional de Estadistica INE, informaci\u00f3n estad\u00edstica, geogr\u00e1fica y econ\u00f3mica a nivel nacional.\" \/>\n<meta property=\"og:url\" content=\"https:\/\/www.ine.gob.bo\/index.php\/en-febrero-de-2020-el-indice-de-precios-al-consumidor-registro-variacion-negativa-de-006\/\" \/>\n<meta property=\"og:site_name\" content=\"INE\" \/>\n<meta property=\"article:publisher\" content=\"https:\/\/www.facebook.com\/ineboliviaoficial\" \/>\n<meta property=\"article:published_time\" content=\"2020-03-04T22:18:54+00:00\" \/>\n<meta property=\"article:modified_time\" content=\"2020-04-28T17:30:40+00:00\" \/>\n<meta property=\"og:image\" content=\"https:\/\/www.ine.gob.bo\/wp-content\/uploads\/2020\/03\/3.png\" \/>\n\t<meta property=\"og:image:width\" content=\"854\" \/>\n\t<meta property=\"og:image:height\" content=\"545\" \/>\n\t<meta property=\"og:image:type\" content=\"image\/png\" \/>\n<meta name=\"author\" content=\"Max Alexis Bairon Beltran\" \/>\n<meta name=\"twitter:card\" content=\"summary_large_image\" \/>\n<meta name=\"twitter:creator\" content=\"@INE_Bolivia\" \/>\n<meta name=\"twitter:site\" content=\"@INE_Bolivia\" \/>\n<meta name=\"twitter:label1\" content=\"Escrito por\" \/>\n\t<meta name=\"twitter:data1\" content=\"Max Alexis Bairon Beltran\" \/>\n\t<meta name=\"twitter:label2\" content=\"Tiempo de lectura\" \/>\n\t<meta name=\"twitter:data2\" content=\"4 minutos\" \/>\n<script type=\"application\/ld+json\" class=\"yoast-schema-graph\">{\"@context\":\"https:\/\/schema.org\",\"@graph\":[{\"@type\":\"Article\",\"@id\":\"https:\/\/www.ine.gob.bo\/index.php\/en-febrero-de-2020-el-indice-de-precios-al-consumidor-registro-variacion-negativa-de-006\/#article\",\"isPartOf\":{\"@id\":\"https:\/\/www.ine.gob.bo\/index.php\/en-febrero-de-2020-el-indice-de-precios-al-consumidor-registro-variacion-negativa-de-006\/\"},\"author\":{\"name\":\"Max Alexis Bairon Beltran\",\"@id\":\"https:\/\/www.ine.gob.bo\/#\/schema\/person\/faa8073caa064665b1f35d68cfabb3bd\"},\"headline\":\"En febrero de 2020: El \u00cdndice de Precios al Consumidor registr\u00f3 variaci\u00f3n negativa de 0,06%\",\"datePublished\":\"2020-03-04T22:18:54+00:00\",\"dateModified\":\"2020-04-28T17:30:40+00:00\",\"mainEntityOfPage\":{\"@id\":\"https:\/\/www.ine.gob.bo\/index.php\/en-febrero-de-2020-el-indice-de-precios-al-consumidor-registro-variacion-negativa-de-006\/\"},\"wordCount\":871,\"commentCount\":0,\"publisher\":{\"@id\":\"https:\/\/www.ine.gob.bo\/#organization\"},\"image\":{\"@id\":\"https:\/\/www.ine.gob.bo\/index.php\/en-febrero-de-2020-el-indice-de-precios-al-consumidor-registro-variacion-negativa-de-006\/#primaryimage\"},\"thumbnailUrl\":\"https:\/\/www.ine.gob.bo\/wp-content\/uploads\/2020\/03\/3.png\",\"keywords\":[\"INE Noticias; IPC\"],\"articleSection\":[\"INE noticias\"],\"inLanguage\":\"es\",\"potentialAction\":[{\"@type\":\"CommentAction\",\"name\":\"Comment\",\"target\":[\"https:\/\/www.ine.gob.bo\/index.php\/en-febrero-de-2020-el-indice-de-precios-al-consumidor-registro-variacion-negativa-de-006\/#respond\"]}]},{\"@type\":\"WebPage\",\"@id\":\"https:\/\/www.ine.gob.bo\/index.php\/en-febrero-de-2020-el-indice-de-precios-al-consumidor-registro-variacion-negativa-de-006\/\",\"url\":\"https:\/\/www.ine.gob.bo\/index.php\/en-febrero-de-2020-el-indice-de-precios-al-consumidor-registro-variacion-negativa-de-006\/\",\"name\":\"En febrero de 2020: El \u00cdndice de Precios al Consumidor registr\u00f3 variaci\u00f3n negativa de 0,06% - INE\",\"isPartOf\":{\"@id\":\"https:\/\/www.ine.gob.bo\/#website\"},\"primaryImageOfPage\":{\"@id\":\"https:\/\/www.ine.gob.bo\/index.php\/en-febrero-de-2020-el-indice-de-precios-al-consumidor-registro-variacion-negativa-de-006\/#primaryimage\"},\"image\":{\"@id\":\"https:\/\/www.ine.gob.bo\/index.php\/en-febrero-de-2020-el-indice-de-precios-al-consumidor-registro-variacion-negativa-de-006\/#primaryimage\"},\"thumbnailUrl\":\"https:\/\/www.ine.gob.bo\/wp-content\/uploads\/2020\/03\/3.png\",\"datePublished\":\"2020-03-04T22:18:54+00:00\",\"dateModified\":\"2020-04-28T17:30:40+00:00\",\"description\":\"P\u00e1gina oficial del Instituto Nacional de Estadistica INE, informaci\u00f3n estad\u00edstica, geogr\u00e1fica y econ\u00f3mica a nivel nacional.\",\"breadcrumb\":{\"@id\":\"https:\/\/www.ine.gob.bo\/index.php\/en-febrero-de-2020-el-indice-de-precios-al-consumidor-registro-variacion-negativa-de-006\/#breadcrumb\"},\"inLanguage\":\"es\",\"potentialAction\":[{\"@type\":\"ReadAction\",\"target\":[\"https:\/\/www.ine.gob.bo\/index.php\/en-febrero-de-2020-el-indice-de-precios-al-consumidor-registro-variacion-negativa-de-006\/\"]}]},{\"@type\":\"ImageObject\",\"inLanguage\":\"es\",\"@id\":\"https:\/\/www.ine.gob.bo\/index.php\/en-febrero-de-2020-el-indice-de-precios-al-consumidor-registro-variacion-negativa-de-006\/#primaryimage\",\"url\":\"https:\/\/www.ine.gob.bo\/wp-content\/uploads\/2020\/03\/3.png\",\"contentUrl\":\"https:\/\/www.ine.gob.bo\/wp-content\/uploads\/2020\/03\/3.png\",\"width\":854,\"height\":545},{\"@type\":\"BreadcrumbList\",\"@id\":\"https:\/\/www.ine.gob.bo\/index.php\/en-febrero-de-2020-el-indice-de-precios-al-consumidor-registro-variacion-negativa-de-006\/#breadcrumb\",\"itemListElement\":[{\"@type\":\"ListItem\",\"position\":1,\"name\":\"Portada\",\"item\":\"https:\/\/www.ine.gob.bo\/\"},{\"@type\":\"ListItem\",\"position\":2,\"name\":\"En febrero de 2020: El \u00cdndice de Precios al Consumidor registr\u00f3 variaci\u00f3n negativa de 0,06%\"}]},{\"@type\":\"WebSite\",\"@id\":\"https:\/\/www.ine.gob.bo\/#website\",\"url\":\"https:\/\/www.ine.gob.bo\/\",\"name\":\"INE\",\"description\":\"Instituto Nacional de Estad\u00edstica\",\"publisher\":{\"@id\":\"https:\/\/www.ine.gob.bo\/#organization\"},\"potentialAction\":[{\"@type\":\"SearchAction\",\"target\":{\"@type\":\"EntryPoint\",\"urlTemplate\":\"https:\/\/www.ine.gob.bo\/?s={search_term_string}\"},\"query-input\":\"required name=search_term_string\"}],\"inLanguage\":\"es\"},{\"@type\":\"Organization\",\"@id\":\"https:\/\/www.ine.gob.bo\/#organization\",\"name\":\"Instituto Nacional de Estad\u00edstica\",\"url\":\"https:\/\/www.ine.gob.bo\/\",\"logo\":{\"@type\":\"ImageObject\",\"inLanguage\":\"es\",\"@id\":\"https:\/\/www.ine.gob.bo\/#\/schema\/logo\/image\/\",\"url\":\"https:\/\/www.ine.gob.bo\/wp-content\/uploads\/2026\/02\/logo-ine.jpg\",\"contentUrl\":\"https:\/\/www.ine.gob.bo\/wp-content\/uploads\/2026\/02\/logo-ine.jpg\",\"width\":799,\"height\":453,\"caption\":\"Instituto Nacional de Estad\u00edstica\"},\"image\":{\"@id\":\"https:\/\/www.ine.gob.bo\/#\/schema\/logo\/image\/\"},\"sameAs\":[\"https:\/\/www.facebook.com\/ineboliviaoficial\",\"https:\/\/x.com\/INE_Bolivia\",\"https:\/\/www.instagram.com\/ineboliviaoficial\/\",\"https:\/\/www.youtube.com\/channel\/UCbIQXKLw414g5kWo1tAwqCg\"]},{\"@type\":\"Person\",\"@id\":\"https:\/\/www.ine.gob.bo\/#\/schema\/person\/faa8073caa064665b1f35d68cfabb3bd\",\"name\":\"Max Alexis Bairon Beltran\",\"image\":{\"@type\":\"ImageObject\",\"inLanguage\":\"es\",\"@id\":\"https:\/\/www.ine.gob.bo\/#\/schema\/person\/image\/\",\"url\":\"https:\/\/secure.gravatar.com\/avatar\/969c77a11193a115c00b38b16c2e1b47e144df5407da735a74196b8d5d4acccc?s=96&d=mm&r=g\",\"contentUrl\":\"https:\/\/secure.gravatar.com\/avatar\/969c77a11193a115c00b38b16c2e1b47e144df5407da735a74196b8d5d4acccc?s=96&d=mm&r=g\",\"caption\":\"Max Alexis Bairon Beltran\"},\"url\":\"https:\/\/www.ine.gob.bo\/index.php\/author\/mbairon\/\"}]}<\/script>\n<!-- \/ Yoast SEO plugin. -->","yoast_head_json":{"title":"En febrero de 2020: El \u00cdndice de Precios al Consumidor registr\u00f3 variaci\u00f3n negativa de 0,06% - INE","description":"P\u00e1gina oficial del Instituto Nacional de Estadistica INE, informaci\u00f3n estad\u00edstica, geogr\u00e1fica y econ\u00f3mica a nivel nacional.","robots":{"index":"index","follow":"follow","max-snippet":"max-snippet:-1","max-image-preview":"max-image-preview:large","max-video-preview":"max-video-preview:-1"},"canonical":"https:\/\/www.ine.gob.bo\/index.php\/en-febrero-de-2020-el-indice-de-precios-al-consumidor-registro-variacion-negativa-de-006\/","og_locale":"es_ES","og_type":"article","og_title":"En febrero de 2020: El \u00cdndice de Precios al Consumidor registr\u00f3 variaci\u00f3n negativa de 0,06% - INE","og_description":"P\u00e1gina oficial del Instituto Nacional de Estadistica INE, informaci\u00f3n estad\u00edstica, geogr\u00e1fica y econ\u00f3mica a nivel nacional.","og_url":"https:\/\/www.ine.gob.bo\/index.php\/en-febrero-de-2020-el-indice-de-precios-al-consumidor-registro-variacion-negativa-de-006\/","og_site_name":"INE","article_publisher":"https:\/\/www.facebook.com\/ineboliviaoficial","article_published_time":"2020-03-04T22:18:54+00:00","article_modified_time":"2020-04-28T17:30:40+00:00","og_image":[{"width":854,"height":545,"url":"https:\/\/www.ine.gob.bo\/wp-content\/uploads\/2020\/03\/3.png","type":"image\/png"}],"author":"Max Alexis Bairon Beltran","twitter_card":"summary_large_image","twitter_creator":"@INE_Bolivia","twitter_site":"@INE_Bolivia","twitter_misc":{"Escrito por":"Max Alexis Bairon Beltran","Tiempo de lectura":"4 minutos"},"schema":{"@context":"https:\/\/schema.org","@graph":[{"@type":"Article","@id":"https:\/\/www.ine.gob.bo\/index.php\/en-febrero-de-2020-el-indice-de-precios-al-consumidor-registro-variacion-negativa-de-006\/#article","isPartOf":{"@id":"https:\/\/www.ine.gob.bo\/index.php\/en-febrero-de-2020-el-indice-de-precios-al-consumidor-registro-variacion-negativa-de-006\/"},"author":{"name":"Max Alexis Bairon Beltran","@id":"https:\/\/www.ine.gob.bo\/#\/schema\/person\/faa8073caa064665b1f35d68cfabb3bd"},"headline":"En febrero de 2020: El \u00cdndice de Precios al Consumidor registr\u00f3 variaci\u00f3n negativa de 0,06%","datePublished":"2020-03-04T22:18:54+00:00","dateModified":"2020-04-28T17:30:40+00:00","mainEntityOfPage":{"@id":"https:\/\/www.ine.gob.bo\/index.php\/en-febrero-de-2020-el-indice-de-precios-al-consumidor-registro-variacion-negativa-de-006\/"},"wordCount":871,"commentCount":0,"publisher":{"@id":"https:\/\/www.ine.gob.bo\/#organization"},"image":{"@id":"https:\/\/www.ine.gob.bo\/index.php\/en-febrero-de-2020-el-indice-de-precios-al-consumidor-registro-variacion-negativa-de-006\/#primaryimage"},"thumbnailUrl":"https:\/\/www.ine.gob.bo\/wp-content\/uploads\/2020\/03\/3.png","keywords":["INE Noticias; IPC"],"articleSection":["INE noticias"],"inLanguage":"es","potentialAction":[{"@type":"CommentAction","name":"Comment","target":["https:\/\/www.ine.gob.bo\/index.php\/en-febrero-de-2020-el-indice-de-precios-al-consumidor-registro-variacion-negativa-de-006\/#respond"]}]},{"@type":"WebPage","@id":"https:\/\/www.ine.gob.bo\/index.php\/en-febrero-de-2020-el-indice-de-precios-al-consumidor-registro-variacion-negativa-de-006\/","url":"https:\/\/www.ine.gob.bo\/index.php\/en-febrero-de-2020-el-indice-de-precios-al-consumidor-registro-variacion-negativa-de-006\/","name":"En febrero de 2020: El \u00cdndice de Precios al Consumidor registr\u00f3 variaci\u00f3n negativa de 0,06% - INE","isPartOf":{"@id":"https:\/\/www.ine.gob.bo\/#website"},"primaryImageOfPage":{"@id":"https:\/\/www.ine.gob.bo\/index.php\/en-febrero-de-2020-el-indice-de-precios-al-consumidor-registro-variacion-negativa-de-006\/#primaryimage"},"image":{"@id":"https:\/\/www.ine.gob.bo\/index.php\/en-febrero-de-2020-el-indice-de-precios-al-consumidor-registro-variacion-negativa-de-006\/#primaryimage"},"thumbnailUrl":"https:\/\/www.ine.gob.bo\/wp-content\/uploads\/2020\/03\/3.png","datePublished":"2020-03-04T22:18:54+00:00","dateModified":"2020-04-28T17:30:40+00:00","description":"P\u00e1gina oficial del Instituto Nacional de Estadistica INE, informaci\u00f3n estad\u00edstica, geogr\u00e1fica y econ\u00f3mica a nivel nacional.","breadcrumb":{"@id":"https:\/\/www.ine.gob.bo\/index.php\/en-febrero-de-2020-el-indice-de-precios-al-consumidor-registro-variacion-negativa-de-006\/#breadcrumb"},"inLanguage":"es","potentialAction":[{"@type":"ReadAction","target":["https:\/\/www.ine.gob.bo\/index.php\/en-febrero-de-2020-el-indice-de-precios-al-consumidor-registro-variacion-negativa-de-006\/"]}]},{"@type":"ImageObject","inLanguage":"es","@id":"https:\/\/www.ine.gob.bo\/index.php\/en-febrero-de-2020-el-indice-de-precios-al-consumidor-registro-variacion-negativa-de-006\/#primaryimage","url":"https:\/\/www.ine.gob.bo\/wp-content\/uploads\/2020\/03\/3.png","contentUrl":"https:\/\/www.ine.gob.bo\/wp-content\/uploads\/2020\/03\/3.png","width":854,"height":545},{"@type":"BreadcrumbList","@id":"https:\/\/www.ine.gob.bo\/index.php\/en-febrero-de-2020-el-indice-de-precios-al-consumidor-registro-variacion-negativa-de-006\/#breadcrumb","itemListElement":[{"@type":"ListItem","position":1,"name":"Portada","item":"https:\/\/www.ine.gob.bo\/"},{"@type":"ListItem","position":2,"name":"En febrero de 2020: El \u00cdndice de Precios al Consumidor registr\u00f3 variaci\u00f3n negativa de 0,06%"}]},{"@type":"WebSite","@id":"https:\/\/www.ine.gob.bo\/#website","url":"https:\/\/www.ine.gob.bo\/","name":"INE","description":"Instituto Nacional de Estad\u00edstica","publisher":{"@id":"https:\/\/www.ine.gob.bo\/#organization"},"potentialAction":[{"@type":"SearchAction","target":{"@type":"EntryPoint","urlTemplate":"https:\/\/www.ine.gob.bo\/?s={search_term_string}"},"query-input":"required name=search_term_string"}],"inLanguage":"es"},{"@type":"Organization","@id":"https:\/\/www.ine.gob.bo\/#organization","name":"Instituto Nacional de Estad\u00edstica","url":"https:\/\/www.ine.gob.bo\/","logo":{"@type":"ImageObject","inLanguage":"es","@id":"https:\/\/www.ine.gob.bo\/#\/schema\/logo\/image\/","url":"https:\/\/www.ine.gob.bo\/wp-content\/uploads\/2026\/02\/logo-ine.jpg","contentUrl":"https:\/\/www.ine.gob.bo\/wp-content\/uploads\/2026\/02\/logo-ine.jpg","width":799,"height":453,"caption":"Instituto Nacional de Estad\u00edstica"},"image":{"@id":"https:\/\/www.ine.gob.bo\/#\/schema\/logo\/image\/"},"sameAs":["https:\/\/www.facebook.com\/ineboliviaoficial","https:\/\/x.com\/INE_Bolivia","https:\/\/www.instagram.com\/ineboliviaoficial\/","https:\/\/www.youtube.com\/channel\/UCbIQXKLw414g5kWo1tAwqCg"]},{"@type":"Person","@id":"https:\/\/www.ine.gob.bo\/#\/schema\/person\/faa8073caa064665b1f35d68cfabb3bd","name":"Max Alexis Bairon Beltran","image":{"@type":"ImageObject","inLanguage":"es","@id":"https:\/\/www.ine.gob.bo\/#\/schema\/person\/image\/","url":"https:\/\/secure.gravatar.com\/avatar\/969c77a11193a115c00b38b16c2e1b47e144df5407da735a74196b8d5d4acccc?s=96&d=mm&r=g","contentUrl":"https:\/\/secure.gravatar.com\/avatar\/969c77a11193a115c00b38b16c2e1b47e144df5407da735a74196b8d5d4acccc?s=96&d=mm&r=g","caption":"Max Alexis Bairon Beltran"},"url":"https:\/\/www.ine.gob.bo\/index.php\/author\/mbairon\/"}]}},"rttpg_featured_image_url":{"full":["https:\/\/www.ine.gob.bo\/wp-content\/uploads\/2020\/03\/3.png",854,545,false],"landscape":["https:\/\/www.ine.gob.bo\/wp-content\/uploads\/2020\/03\/3.png",854,545,false],"portraits":["https:\/\/www.ine.gob.bo\/wp-content\/uploads\/2020\/03\/3.png",854,545,false],"thumbnail":["https:\/\/www.ine.gob.bo\/wp-content\/uploads\/2020\/03\/3-150x150.png",150,150,true],"medium":["https:\/\/www.ine.gob.bo\/wp-content\/uploads\/2020\/03\/3-300x191.png",300,191,true],"large":["https:\/\/www.ine.gob.bo\/wp-content\/uploads\/2020\/03\/3.png",854,545,false],"1536x1536":["https:\/\/www.ine.gob.bo\/wp-content\/uploads\/2020\/03\/3.png",854,545,false],"2048x2048":["https:\/\/www.ine.gob.bo\/wp-content\/uploads\/2020\/03\/3.png",854,545,false]},"rttpg_author":{"display_name":"Max Alexis Bairon Beltran","author_link":"https:\/\/www.ine.gob.bo\/index.php\/author\/mbairon\/"},"rttpg_comment":1,"rttpg_category":"<a href=\"https:\/\/www.ine.gob.bo\/index.php\/category\/ine-noticias\/\" rel=\"category tag\">INE noticias<\/a>","rttpg_excerpt":"La Paz, 4 de marzo de 2020 (INE).- En febrero de 2020, el \u00cdndice de Precios al Consumidor (IPC) registr\u00f3 una variaci\u00f3n porcentual negativa de 0,06 respecto al mes de enero. La variaci\u00f3n acumulada al mes de febrero fue negativa en 0,09% y a doce meses alcanz\u00f3 1,30%. Cuadro N\u00ba 1BOLIVIA: \u00cdNDICE DE PRECIOS AL&hellip;","_links":{"self":[{"href":"https:\/\/www.ine.gob.bo\/index.php\/wp-json\/wp\/v2\/posts\/44370","targetHints":{"allow":["GET"]}}],"collection":[{"href":"https:\/\/www.ine.gob.bo\/index.php\/wp-json\/wp\/v2\/posts"}],"about":[{"href":"https:\/\/www.ine.gob.bo\/index.php\/wp-json\/wp\/v2\/types\/post"}],"author":[{"embeddable":true,"href":"https:\/\/www.ine.gob.bo\/index.php\/wp-json\/wp\/v2\/users\/4"}],"replies":[{"embeddable":true,"href":"https:\/\/www.ine.gob.bo\/index.php\/wp-json\/wp\/v2\/comments?post=44370"}],"version-history":[{"count":0,"href":"https:\/\/www.ine.gob.bo\/index.php\/wp-json\/wp\/v2\/posts\/44370\/revisions"}],"wp:featuredmedia":[{"embeddable":true,"href":"https:\/\/www.ine.gob.bo\/index.php\/wp-json\/wp\/v2\/media\/45209"}],"wp:attachment":[{"href":"https:\/\/www.ine.gob.bo\/index.php\/wp-json\/wp\/v2\/media?parent=44370"}],"wp:term":[{"taxonomy":"category","embeddable":true,"href":"https:\/\/www.ine.gob.bo\/index.php\/wp-json\/wp\/v2\/categories?post=44370"},{"taxonomy":"post_tag","embeddable":true,"href":"https:\/\/www.ine.gob.bo\/index.php\/wp-json\/wp\/v2\/tags?post=44370"}],"curies":[{"name":"wp","href":"https:\/\/api.w.org\/{rel}","templated":true}]}}