{"id":43145,"date":"2019-12-12T12:38:27","date_gmt":"2019-12-12T16:38:27","guid":{"rendered":"https:\/\/www.ine.gob.bo\/?p=43145"},"modified":"2020-09-07T15:04:00","modified_gmt":"2020-09-07T19:04:00","slug":"posesion-del-nuevo-director-general-ejecutivo-del-ine","status":"publish","type":"post","link":"https:\/\/www.ine.gob.bo\/index.php\/posesion-del-nuevo-director-general-ejecutivo-del-ine\/","title":{"rendered":"Posesi\u00f3n del nuevo Director General Ejecutivo del INE"},"content":{"rendered":"\r\n<p><strong>INE &#8211; La Paz, 12 de diciembre de 2019.-<\/strong> El Ministro de Planificaci\u00f3n del Desarrollo, Carlos Melchor D\u00edaz, posesion\u00f3 la tarde del martes 10 del presente mes, al nuevo Director General Ejecutivo del Instituto Nacional de Estad\u00edstica (INE), Yuri Miranda Gonz\u00e1les.<\/p>\r\n\r\n\r\n\r\n<p><br \/>El Ministro Carlos Melchor D\u00edaz pidi\u00f3, \u201c\u2026trabajar con ah\u00ednco, entusiasmo encaminado a fortalecer la institucionalidad e imparcialidad del Instituto Nacional de Estad\u00edstica en el marco de los procesos estad\u00edsticos con est\u00e1ndares internacionales\u201d. Adicionalmente, le encarg\u00f3 preparar las actividades rumbo el Censo Nacional de Poblaci\u00f3n y Vivienda 2022.<\/p>\r\n\r\n\r\n\r\n<p><br \/>Por su parte, el flamante director del INE, agradeci\u00f3 la confianza depositada en su persona expresando: Asumo la direcci\u00f3n del INE bas\u00e1ndome en principios del profesionalismo \u00e9tica profesional, apoyado siempre en el pilar fundamental que caracteriza al Instituto Nacional de Estad\u00edstica, la parte t\u00e9cnica, enfatizando que el INE es una de las instituciones m\u00e1s importantes para el pa\u00eds.<\/p>\r\n\r\n\r\n\r\n<p><br \/>El nuevo titular del INE, Yuri Miranda Gonz\u00e1les, es licenciado en Estad\u00edstica con estudios de Maestr\u00eda en Desarrollo Econ\u00f3mico, cuenta con estudios de especialidad en Espa\u00f1a y Brasil, adem\u00e1s de tener experiencia en docencia universitaria de la Universidad Mayor de San Andr\u00e9s (UMSA) y la Universidad Cat\u00f3lica Boliviana San Pablo (UCB); fue parte de la Direcci\u00f3n de Cuentas Nacionales del INE, trabaj\u00f3 en el Ministerio de Econom\u00eda y Finanzas Publicas. Tambi\u00e9n, desempe\u00f1\u00f3 funciones en la Autoridad de Supervisi\u00f3n del Sistema Financiero (ASFI); realiz\u00f3 consultor\u00edas Nacionales e Internacionales con la OIT y Naciones Unidas; fue Director Ejecutivo de Bayes Group; y tiene art\u00edculos escritos sobre temas de estad\u00edstica, econometr\u00eda y coyuntura econ\u00f3mica, entre otros.<\/p>\r\n\r\n\r\n\r\n<div class=\"wp-block-image\">\r\n<figure class=\"aligncenter is-resized\"><img loading=\"lazy\" decoding=\"async\" src=\"https:\/\/www.ine.gob.bo\/images\/Notas_de_prensa\/Diciembre_2019\/NP_Posesion\/01.jpeg\" alt=\"El Ministro de Planificaci\u00f3n del Desarrollo, Carlos Melchor D\u00edaz posesion\u00f3 a Yuri Miranda Gonzales como nuevo director del INE.\" width=\"471\" height=\"375\" \/><\/figure>\r\n<\/div>\r\n\r\n\r\n\r\n<p><em>El Ministro de Planificaci\u00f3n del Desarrollo, Carlos Melchor D\u00edaz posesion\u00f3 a Yuri Miranda Gonzales como nuevo director del INE.<\/em><\/p>\r\n\r\n\r\n\r\n\r\n\r\n<p style=\"text-align: center;\">\u00a0<\/p>\r\n\r\n\r\n\r\n<p style=\"text-align: center;\"><em><strong>UNIDAD DE DIFUSI\u00d3N Y COMUNICACI\u00d3N<\/strong><\/em><br \/><strong>INSTITUTO NACIONAL DE ESTAD\u00cdSTICA<\/strong><\/p>\r\n","protected":false},"excerpt":{"rendered":"<p>INE &#8211; La Paz, 12 de diciembre de 2019.- El Ministro de Planificaci\u00f3n del Desarrollo, Carlos Melchor D\u00edaz, posesion\u00f3 la tarde del martes 10 del presente mes, al nuevo Director General Ejecutivo del Instituto Nacional de Estad\u00edstica (INE), Yuri Miranda Gonz\u00e1les. El Ministro Carlos Melchor D\u00edaz pidi\u00f3, \u201c\u2026trabajar con ah\u00ednco, entusiasmo encaminado a fortalecer la&hellip;<\/p>\n","protected":false},"author":4,"featured_media":43146,"comment_status":"open","ping_status":"open","sticky":false,"template":"","format":"standard","meta":[],"categories":[158],"tags":[52],"class_list":["post-43145","post","type-post","status-publish","format-standard","has-post-thumbnail","hentry","category-ine-noticias","tag-ine-noticias","category-158","description-off"],"yoast_head":"<!-- This site is optimized with the Yoast SEO plugin v23.2 - https:\/\/yoast.com\/wordpress\/plugins\/seo\/ -->\n<title>Posesi\u00f3n del nuevo Director General Ejecutivo del INE - INE<\/title>\n<meta name=\"description\" content=\"P\u00e1gina oficial del Instituto Nacional de Estadistica INE, informaci\u00f3n estad\u00edstica, geogr\u00e1fica y econ\u00f3mica a nivel nacional.\" \/>\n<meta name=\"robots\" content=\"index, follow, max-snippet:-1, max-image-preview:large, max-video-preview:-1\" \/>\n<link rel=\"canonical\" href=\"https:\/\/www.ine.gob.bo\/index.php\/posesion-del-nuevo-director-general-ejecutivo-del-ine\/\" \/>\n<meta property=\"og:locale\" content=\"es_ES\" \/>\n<meta property=\"og:type\" content=\"article\" \/>\n<meta property=\"og:title\" content=\"Posesi\u00f3n del nuevo Director General Ejecutivo del INE - INE\" \/>\n<meta property=\"og:description\" content=\"P\u00e1gina oficial del Instituto Nacional de Estadistica INE, informaci\u00f3n estad\u00edstica, geogr\u00e1fica y econ\u00f3mica a nivel nacional.\" \/>\n<meta property=\"og:url\" content=\"https:\/\/www.ine.gob.bo\/index.php\/posesion-del-nuevo-director-general-ejecutivo-del-ine\/\" \/>\n<meta property=\"og:site_name\" content=\"INE\" \/>\n<meta property=\"article:publisher\" content=\"https:\/\/www.facebook.com\/ineboliviaoficial\" \/>\n<meta property=\"article:published_time\" content=\"2019-12-12T16:38:27+00:00\" \/>\n<meta property=\"article:modified_time\" content=\"2020-09-07T19:04:00+00:00\" \/>\n<meta property=\"og:image\" content=\"https:\/\/www.ine.gob.bo\/wp-content\/uploads\/2019\/12\/01.jpeg\" \/>\n\t<meta property=\"og:image:width\" content=\"1280\" \/>\n\t<meta property=\"og:image:height\" content=\"1019\" \/>\n\t<meta property=\"og:image:type\" content=\"image\/jpeg\" \/>\n<meta name=\"author\" content=\"Max Alexis Bairon Beltran\" \/>\n<meta name=\"twitter:card\" content=\"summary_large_image\" \/>\n<meta name=\"twitter:creator\" content=\"@INE_Bolivia\" \/>\n<meta name=\"twitter:site\" content=\"@INE_Bolivia\" \/>\n<meta name=\"twitter:label1\" content=\"Escrito por\" \/>\n\t<meta name=\"twitter:data1\" content=\"Max Alexis Bairon Beltran\" \/>\n\t<meta name=\"twitter:label2\" content=\"Tiempo de lectura\" \/>\n\t<meta name=\"twitter:data2\" content=\"2 minutos\" \/>\n<script type=\"application\/ld+json\" class=\"yoast-schema-graph\">{\"@context\":\"https:\/\/schema.org\",\"@graph\":[{\"@type\":\"Article\",\"@id\":\"https:\/\/www.ine.gob.bo\/index.php\/posesion-del-nuevo-director-general-ejecutivo-del-ine\/#article\",\"isPartOf\":{\"@id\":\"https:\/\/www.ine.gob.bo\/index.php\/posesion-del-nuevo-director-general-ejecutivo-del-ine\/\"},\"author\":{\"name\":\"Max Alexis Bairon Beltran\",\"@id\":\"https:\/\/www.ine.gob.bo\/#\/schema\/person\/faa8073caa064665b1f35d68cfabb3bd\"},\"headline\":\"Posesi\u00f3n del nuevo Director General Ejecutivo del INE\",\"datePublished\":\"2019-12-12T16:38:27+00:00\",\"dateModified\":\"2020-09-07T19:04:00+00:00\",\"mainEntityOfPage\":{\"@id\":\"https:\/\/www.ine.gob.bo\/index.php\/posesion-del-nuevo-director-general-ejecutivo-del-ine\/\"},\"wordCount\":331,\"commentCount\":0,\"publisher\":{\"@id\":\"https:\/\/www.ine.gob.bo\/#organization\"},\"image\":{\"@id\":\"https:\/\/www.ine.gob.bo\/index.php\/posesion-del-nuevo-director-general-ejecutivo-del-ine\/#primaryimage\"},\"thumbnailUrl\":\"https:\/\/www.ine.gob.bo\/wp-content\/uploads\/2019\/12\/01.jpeg\",\"keywords\":[\"INE Noticias\"],\"articleSection\":[\"INE noticias\"],\"inLanguage\":\"es\",\"potentialAction\":[{\"@type\":\"CommentAction\",\"name\":\"Comment\",\"target\":[\"https:\/\/www.ine.gob.bo\/index.php\/posesion-del-nuevo-director-general-ejecutivo-del-ine\/#respond\"]}]},{\"@type\":\"WebPage\",\"@id\":\"https:\/\/www.ine.gob.bo\/index.php\/posesion-del-nuevo-director-general-ejecutivo-del-ine\/\",\"url\":\"https:\/\/www.ine.gob.bo\/index.php\/posesion-del-nuevo-director-general-ejecutivo-del-ine\/\",\"name\":\"Posesi\u00f3n del nuevo Director General Ejecutivo del INE - INE\",\"isPartOf\":{\"@id\":\"https:\/\/www.ine.gob.bo\/#website\"},\"primaryImageOfPage\":{\"@id\":\"https:\/\/www.ine.gob.bo\/index.php\/posesion-del-nuevo-director-general-ejecutivo-del-ine\/#primaryimage\"},\"image\":{\"@id\":\"https:\/\/www.ine.gob.bo\/index.php\/posesion-del-nuevo-director-general-ejecutivo-del-ine\/#primaryimage\"},\"thumbnailUrl\":\"https:\/\/www.ine.gob.bo\/wp-content\/uploads\/2019\/12\/01.jpeg\",\"datePublished\":\"2019-12-12T16:38:27+00:00\",\"dateModified\":\"2020-09-07T19:04:00+00:00\",\"description\":\"P\u00e1gina oficial del Instituto Nacional de Estadistica INE, informaci\u00f3n estad\u00edstica, geogr\u00e1fica y econ\u00f3mica a nivel nacional.\",\"breadcrumb\":{\"@id\":\"https:\/\/www.ine.gob.bo\/index.php\/posesion-del-nuevo-director-general-ejecutivo-del-ine\/#breadcrumb\"},\"inLanguage\":\"es\",\"potentialAction\":[{\"@type\":\"ReadAction\",\"target\":[\"https:\/\/www.ine.gob.bo\/index.php\/posesion-del-nuevo-director-general-ejecutivo-del-ine\/\"]}]},{\"@type\":\"ImageObject\",\"inLanguage\":\"es\",\"@id\":\"https:\/\/www.ine.gob.bo\/index.php\/posesion-del-nuevo-director-general-ejecutivo-del-ine\/#primaryimage\",\"url\":\"https:\/\/www.ine.gob.bo\/wp-content\/uploads\/2019\/12\/01.jpeg\",\"contentUrl\":\"https:\/\/www.ine.gob.bo\/wp-content\/uploads\/2019\/12\/01.jpeg\",\"width\":1280,\"height\":1019},{\"@type\":\"BreadcrumbList\",\"@id\":\"https:\/\/www.ine.gob.bo\/index.php\/posesion-del-nuevo-director-general-ejecutivo-del-ine\/#breadcrumb\",\"itemListElement\":[{\"@type\":\"ListItem\",\"position\":1,\"name\":\"Portada\",\"item\":\"https:\/\/www.ine.gob.bo\/\"},{\"@type\":\"ListItem\",\"position\":2,\"name\":\"Posesi\u00f3n del nuevo Director General Ejecutivo del INE\"}]},{\"@type\":\"WebSite\",\"@id\":\"https:\/\/www.ine.gob.bo\/#website\",\"url\":\"https:\/\/www.ine.gob.bo\/\",\"name\":\"INE\",\"description\":\"Instituto Nacional de Estad\u00edstica\",\"publisher\":{\"@id\":\"https:\/\/www.ine.gob.bo\/#organization\"},\"potentialAction\":[{\"@type\":\"SearchAction\",\"target\":{\"@type\":\"EntryPoint\",\"urlTemplate\":\"https:\/\/www.ine.gob.bo\/?s={search_term_string}\"},\"query-input\":\"required name=search_term_string\"}],\"inLanguage\":\"es\"},{\"@type\":\"Organization\",\"@id\":\"https:\/\/www.ine.gob.bo\/#organization\",\"name\":\"Instituto Nacional de Estad\u00edstica\",\"url\":\"https:\/\/www.ine.gob.bo\/\",\"logo\":{\"@type\":\"ImageObject\",\"inLanguage\":\"es\",\"@id\":\"https:\/\/www.ine.gob.bo\/#\/schema\/logo\/image\/\",\"url\":\"https:\/\/www.ine.gob.bo\/wp-content\/uploads\/2026\/02\/logo-ine.jpg\",\"contentUrl\":\"https:\/\/www.ine.gob.bo\/wp-content\/uploads\/2026\/02\/logo-ine.jpg\",\"width\":799,\"height\":453,\"caption\":\"Instituto Nacional de Estad\u00edstica\"},\"image\":{\"@id\":\"https:\/\/www.ine.gob.bo\/#\/schema\/logo\/image\/\"},\"sameAs\":[\"https:\/\/www.facebook.com\/ineboliviaoficial\",\"https:\/\/x.com\/INE_Bolivia\",\"https:\/\/www.instagram.com\/ineboliviaoficial\/\",\"https:\/\/www.youtube.com\/channel\/UCbIQXKLw414g5kWo1tAwqCg\"]},{\"@type\":\"Person\",\"@id\":\"https:\/\/www.ine.gob.bo\/#\/schema\/person\/faa8073caa064665b1f35d68cfabb3bd\",\"name\":\"Max Alexis Bairon Beltran\",\"image\":{\"@type\":\"ImageObject\",\"inLanguage\":\"es\",\"@id\":\"https:\/\/www.ine.gob.bo\/#\/schema\/person\/image\/\",\"url\":\"https:\/\/secure.gravatar.com\/avatar\/969c77a11193a115c00b38b16c2e1b47e144df5407da735a74196b8d5d4acccc?s=96&d=mm&r=g\",\"contentUrl\":\"https:\/\/secure.gravatar.com\/avatar\/969c77a11193a115c00b38b16c2e1b47e144df5407da735a74196b8d5d4acccc?s=96&d=mm&r=g\",\"caption\":\"Max Alexis Bairon Beltran\"},\"url\":\"https:\/\/www.ine.gob.bo\/index.php\/author\/mbairon\/\"}]}<\/script>\n<!-- \/ Yoast SEO plugin. -->","yoast_head_json":{"title":"Posesi\u00f3n del nuevo Director General Ejecutivo del INE - INE","description":"P\u00e1gina oficial del Instituto Nacional de Estadistica INE, informaci\u00f3n estad\u00edstica, geogr\u00e1fica y econ\u00f3mica a nivel nacional.","robots":{"index":"index","follow":"follow","max-snippet":"max-snippet:-1","max-image-preview":"max-image-preview:large","max-video-preview":"max-video-preview:-1"},"canonical":"https:\/\/www.ine.gob.bo\/index.php\/posesion-del-nuevo-director-general-ejecutivo-del-ine\/","og_locale":"es_ES","og_type":"article","og_title":"Posesi\u00f3n del nuevo Director General Ejecutivo del INE - INE","og_description":"P\u00e1gina oficial del Instituto Nacional de Estadistica INE, informaci\u00f3n estad\u00edstica, geogr\u00e1fica y econ\u00f3mica a nivel nacional.","og_url":"https:\/\/www.ine.gob.bo\/index.php\/posesion-del-nuevo-director-general-ejecutivo-del-ine\/","og_site_name":"INE","article_publisher":"https:\/\/www.facebook.com\/ineboliviaoficial","article_published_time":"2019-12-12T16:38:27+00:00","article_modified_time":"2020-09-07T19:04:00+00:00","og_image":[{"width":1280,"height":1019,"url":"https:\/\/www.ine.gob.bo\/wp-content\/uploads\/2019\/12\/01.jpeg","type":"image\/jpeg"}],"author":"Max Alexis Bairon Beltran","twitter_card":"summary_large_image","twitter_creator":"@INE_Bolivia","twitter_site":"@INE_Bolivia","twitter_misc":{"Escrito por":"Max Alexis Bairon Beltran","Tiempo de lectura":"2 minutos"},"schema":{"@context":"https:\/\/schema.org","@graph":[{"@type":"Article","@id":"https:\/\/www.ine.gob.bo\/index.php\/posesion-del-nuevo-director-general-ejecutivo-del-ine\/#article","isPartOf":{"@id":"https:\/\/www.ine.gob.bo\/index.php\/posesion-del-nuevo-director-general-ejecutivo-del-ine\/"},"author":{"name":"Max Alexis Bairon Beltran","@id":"https:\/\/www.ine.gob.bo\/#\/schema\/person\/faa8073caa064665b1f35d68cfabb3bd"},"headline":"Posesi\u00f3n del nuevo Director General Ejecutivo del INE","datePublished":"2019-12-12T16:38:27+00:00","dateModified":"2020-09-07T19:04:00+00:00","mainEntityOfPage":{"@id":"https:\/\/www.ine.gob.bo\/index.php\/posesion-del-nuevo-director-general-ejecutivo-del-ine\/"},"wordCount":331,"commentCount":0,"publisher":{"@id":"https:\/\/www.ine.gob.bo\/#organization"},"image":{"@id":"https:\/\/www.ine.gob.bo\/index.php\/posesion-del-nuevo-director-general-ejecutivo-del-ine\/#primaryimage"},"thumbnailUrl":"https:\/\/www.ine.gob.bo\/wp-content\/uploads\/2019\/12\/01.jpeg","keywords":["INE Noticias"],"articleSection":["INE noticias"],"inLanguage":"es","potentialAction":[{"@type":"CommentAction","name":"Comment","target":["https:\/\/www.ine.gob.bo\/index.php\/posesion-del-nuevo-director-general-ejecutivo-del-ine\/#respond"]}]},{"@type":"WebPage","@id":"https:\/\/www.ine.gob.bo\/index.php\/posesion-del-nuevo-director-general-ejecutivo-del-ine\/","url":"https:\/\/www.ine.gob.bo\/index.php\/posesion-del-nuevo-director-general-ejecutivo-del-ine\/","name":"Posesi\u00f3n del nuevo Director General Ejecutivo del INE - INE","isPartOf":{"@id":"https:\/\/www.ine.gob.bo\/#website"},"primaryImageOfPage":{"@id":"https:\/\/www.ine.gob.bo\/index.php\/posesion-del-nuevo-director-general-ejecutivo-del-ine\/#primaryimage"},"image":{"@id":"https:\/\/www.ine.gob.bo\/index.php\/posesion-del-nuevo-director-general-ejecutivo-del-ine\/#primaryimage"},"thumbnailUrl":"https:\/\/www.ine.gob.bo\/wp-content\/uploads\/2019\/12\/01.jpeg","datePublished":"2019-12-12T16:38:27+00:00","dateModified":"2020-09-07T19:04:00+00:00","description":"P\u00e1gina oficial del Instituto Nacional de Estadistica INE, informaci\u00f3n estad\u00edstica, geogr\u00e1fica y econ\u00f3mica a nivel nacional.","breadcrumb":{"@id":"https:\/\/www.ine.gob.bo\/index.php\/posesion-del-nuevo-director-general-ejecutivo-del-ine\/#breadcrumb"},"inLanguage":"es","potentialAction":[{"@type":"ReadAction","target":["https:\/\/www.ine.gob.bo\/index.php\/posesion-del-nuevo-director-general-ejecutivo-del-ine\/"]}]},{"@type":"ImageObject","inLanguage":"es","@id":"https:\/\/www.ine.gob.bo\/index.php\/posesion-del-nuevo-director-general-ejecutivo-del-ine\/#primaryimage","url":"https:\/\/www.ine.gob.bo\/wp-content\/uploads\/2019\/12\/01.jpeg","contentUrl":"https:\/\/www.ine.gob.bo\/wp-content\/uploads\/2019\/12\/01.jpeg","width":1280,"height":1019},{"@type":"BreadcrumbList","@id":"https:\/\/www.ine.gob.bo\/index.php\/posesion-del-nuevo-director-general-ejecutivo-del-ine\/#breadcrumb","itemListElement":[{"@type":"ListItem","position":1,"name":"Portada","item":"https:\/\/www.ine.gob.bo\/"},{"@type":"ListItem","position":2,"name":"Posesi\u00f3n del nuevo Director General Ejecutivo del INE"}]},{"@type":"WebSite","@id":"https:\/\/www.ine.gob.bo\/#website","url":"https:\/\/www.ine.gob.bo\/","name":"INE","description":"Instituto Nacional de Estad\u00edstica","publisher":{"@id":"https:\/\/www.ine.gob.bo\/#organization"},"potentialAction":[{"@type":"SearchAction","target":{"@type":"EntryPoint","urlTemplate":"https:\/\/www.ine.gob.bo\/?s={search_term_string}"},"query-input":"required name=search_term_string"}],"inLanguage":"es"},{"@type":"Organization","@id":"https:\/\/www.ine.gob.bo\/#organization","name":"Instituto Nacional de Estad\u00edstica","url":"https:\/\/www.ine.gob.bo\/","logo":{"@type":"ImageObject","inLanguage":"es","@id":"https:\/\/www.ine.gob.bo\/#\/schema\/logo\/image\/","url":"https:\/\/www.ine.gob.bo\/wp-content\/uploads\/2026\/02\/logo-ine.jpg","contentUrl":"https:\/\/www.ine.gob.bo\/wp-content\/uploads\/2026\/02\/logo-ine.jpg","width":799,"height":453,"caption":"Instituto Nacional de Estad\u00edstica"},"image":{"@id":"https:\/\/www.ine.gob.bo\/#\/schema\/logo\/image\/"},"sameAs":["https:\/\/www.facebook.com\/ineboliviaoficial","https:\/\/x.com\/INE_Bolivia","https:\/\/www.instagram.com\/ineboliviaoficial\/","https:\/\/www.youtube.com\/channel\/UCbIQXKLw414g5kWo1tAwqCg"]},{"@type":"Person","@id":"https:\/\/www.ine.gob.bo\/#\/schema\/person\/faa8073caa064665b1f35d68cfabb3bd","name":"Max Alexis Bairon Beltran","image":{"@type":"ImageObject","inLanguage":"es","@id":"https:\/\/www.ine.gob.bo\/#\/schema\/person\/image\/","url":"https:\/\/secure.gravatar.com\/avatar\/969c77a11193a115c00b38b16c2e1b47e144df5407da735a74196b8d5d4acccc?s=96&d=mm&r=g","contentUrl":"https:\/\/secure.gravatar.com\/avatar\/969c77a11193a115c00b38b16c2e1b47e144df5407da735a74196b8d5d4acccc?s=96&d=mm&r=g","caption":"Max Alexis Bairon Beltran"},"url":"https:\/\/www.ine.gob.bo\/index.php\/author\/mbairon\/"}]}},"rttpg_featured_image_url":{"full":["https:\/\/www.ine.gob.bo\/wp-content\/uploads\/2019\/12\/01.jpeg",1280,1019,false],"landscape":["https:\/\/www.ine.gob.bo\/wp-content\/uploads\/2019\/12\/01.jpeg",1280,1019,false],"portraits":["https:\/\/www.ine.gob.bo\/wp-content\/uploads\/2019\/12\/01.jpeg",1280,1019,false],"thumbnail":["https:\/\/www.ine.gob.bo\/wp-content\/uploads\/2019\/12\/01-150x150.jpeg",150,150,true],"medium":["https:\/\/www.ine.gob.bo\/wp-content\/uploads\/2019\/12\/01-300x239.jpeg",300,239,true],"large":["https:\/\/www.ine.gob.bo\/wp-content\/uploads\/2019\/12\/01-1024x815.jpeg",1024,815,true],"1536x1536":["https:\/\/www.ine.gob.bo\/wp-content\/uploads\/2019\/12\/01.jpeg",1280,1019,false],"2048x2048":["https:\/\/www.ine.gob.bo\/wp-content\/uploads\/2019\/12\/01.jpeg",1280,1019,false]},"rttpg_author":{"display_name":"Max Alexis Bairon Beltran","author_link":"https:\/\/www.ine.gob.bo\/index.php\/author\/mbairon\/"},"rttpg_comment":1,"rttpg_category":"<a href=\"https:\/\/www.ine.gob.bo\/index.php\/category\/ine-noticias\/\" rel=\"category tag\">INE noticias<\/a>","rttpg_excerpt":"INE &#8211; La Paz, 12 de diciembre de 2019.- El Ministro de Planificaci\u00f3n del Desarrollo, Carlos Melchor D\u00edaz, posesion\u00f3 la tarde del martes 10 del presente mes, al nuevo Director General Ejecutivo del Instituto Nacional de Estad\u00edstica (INE), Yuri Miranda Gonz\u00e1les. El Ministro Carlos Melchor D\u00edaz pidi\u00f3, \u201c\u2026trabajar con ah\u00ednco, entusiasmo encaminado a fortalecer la&hellip;","_links":{"self":[{"href":"https:\/\/www.ine.gob.bo\/index.php\/wp-json\/wp\/v2\/posts\/43145","targetHints":{"allow":["GET"]}}],"collection":[{"href":"https:\/\/www.ine.gob.bo\/index.php\/wp-json\/wp\/v2\/posts"}],"about":[{"href":"https:\/\/www.ine.gob.bo\/index.php\/wp-json\/wp\/v2\/types\/post"}],"author":[{"embeddable":true,"href":"https:\/\/www.ine.gob.bo\/index.php\/wp-json\/wp\/v2\/users\/4"}],"replies":[{"embeddable":true,"href":"https:\/\/www.ine.gob.bo\/index.php\/wp-json\/wp\/v2\/comments?post=43145"}],"version-history":[{"count":0,"href":"https:\/\/www.ine.gob.bo\/index.php\/wp-json\/wp\/v2\/posts\/43145\/revisions"}],"wp:featuredmedia":[{"embeddable":true,"href":"https:\/\/www.ine.gob.bo\/index.php\/wp-json\/wp\/v2\/media\/43146"}],"wp:attachment":[{"href":"https:\/\/www.ine.gob.bo\/index.php\/wp-json\/wp\/v2\/media?parent=43145"}],"wp:term":[{"taxonomy":"category","embeddable":true,"href":"https:\/\/www.ine.gob.bo\/index.php\/wp-json\/wp\/v2\/categories?post=43145"},{"taxonomy":"post_tag","embeddable":true,"href":"https:\/\/www.ine.gob.bo\/index.php\/wp-json\/wp\/v2\/tags?post=43145"}],"curies":[{"name":"wp","href":"https:\/\/api.w.org\/{rel}","templated":true}]}}