{"id":43111,"date":"2019-12-04T18:15:10","date_gmt":"2019-12-04T22:15:10","guid":{"rendered":"https:\/\/www.ine.gob.bo\/?p=43111"},"modified":"2020-01-23T11:14:27","modified_gmt":"2020-01-23T15:14:27","slug":"en-noviembre-de-2019-el-indice-de-precios-al-consumidor-registro-variacion-positiva-de-111","status":"publish","type":"post","link":"https:\/\/www.ine.gob.bo\/index.php\/en-noviembre-de-2019-el-indice-de-precios-al-consumidor-registro-variacion-positiva-de-111\/","title":{"rendered":"En noviembre de 2019: El \u00cdndice de Precios al Consumidor registr\u00f3 variaci\u00f3n positiva de 1,11%"},"content":{"rendered":"\n<p><strong>La Paz, 4 de diciembre de 2019 (INE).-<\/strong>\n En noviembre de 2019, el \u00cdndice de Precios al Consumidor (IPC) registr\u00f3\n una variaci\u00f3n porcentual positiva de 1,11%; respecto al mes de octubre.\n La variaci\u00f3n acumulada de enero a noviembre fue 3,06% y a doce meses \n3,41%.<\/p>\n\n\n\n<p><strong>Cuadro N\u00ba 1<\/strong><br><strong>BOLIVIA: \u00cdNDICE DE PRECIOS AL CONSUMIDOR, VARIACI\u00d3N PORCENTUAL MENSUAL, ACUMULADA Y A DOCE MESES, 2018 Y 2019<\/strong><br><strong>(\u00cdndice 2016=100 y en porcentaje)<\/strong><\/p>\n\n\n\n<figure class=\"wp-block-image\"><img decoding=\"async\" src=\"https:\/\/www.ine.gob.bo\/images\/Notas_de_prensa\/Diciembre_2019\/NP_IPC\/01.png\" alt=\"BOLIVIA: \u00cdNDICE DE PRECIOS AL CONSUMIDOR, VARIACI\u00d3N PORCENTUAL MENSUAL, ACUMULADA Y A DOCE MESES, 2018 Y 2019\"\/><\/figure>\n\n\n\n<p><a href=\"https:\/\/www.ine.gob.bo\/images\/Notas_de_prensa\/Diciembre_2019\/NP_IPC\/01.png\" target=\"_blank\" rel=\"noreferrer noopener\"><\/a><br>Fuente: Instituto Nacional de Estad\u00edstica<\/p>\n\n\n\n<p><strong>Gr\u00e1fico N\u00ba 1 <\/strong><br><strong>BOLIVIA: VARIACI\u00d3N PORCENTUAL MENSUAL DEL \u00cdNDICE DE PRECIOS AL CONSUMIDOR, 2018 &#8211; 2019<\/strong><br><strong>(En porcentaje)<\/strong><\/p>\n\n\n\n<figure class=\"wp-block-image\"><img decoding=\"async\" src=\"https:\/\/www.ine.gob.bo\/images\/Notas_de_prensa\/Diciembre_2019\/NP_IPC\/02.png\" alt=\"BOLIVIA: VARIACI\u00d3N PORCENTUAL MENSUAL DEL \u00cdNDICE DE PRECIOS AL CONSUMIDOR, 2018 - 2019\"\/><\/figure>\n\n\n\n<p><a href=\"https:\/\/www.ine.gob.bo\/images\/Notas_de_prensa\/Diciembre_2019\/NP_IPC\/02.png\" target=\"_blank\" rel=\"noreferrer noopener\"><\/a><\/p>\n\n\n\n<p>Fuente: Instituto Nacional de Estad\u00edstica<br>&nbsp;<br><strong>\u00cdndice de Precios al Consumidor, seg\u00fan ciudades capitales y conurbaciones<\/strong><\/p>\n\n\n\n<p>La variaci\u00f3n positiva de 1,11% se explica principalmente por las \nsiguientes conurbaciones y ciudades capitales: Conurbaci\u00f3n La Paz(1) \n2,49%; Oruro 2,15%; Regi\u00f3n Metropolitana Kanata(2) 1,27%; Trinidad \n1,18%; Cobija 0,67%; Sucre 0,55% y Potos\u00ed 0,10%; Por el contrario, la \nconurbaci\u00f3n y ciudad capital que presentaron una variaci\u00f3n porcentual \nnegativa fueron: Conurbaci\u00f3n Santa Cruz(3) 0,11% y Tarija 0,48%.<\/p>\n\n\n\n<p><strong>Gr\u00e1fico N\u00ba 2<\/strong><br><strong>BOLIVIA: VARIACI\u00d3N \nPORCENTUAL MENSUAL DEL \u00cdNDICE DE PRECIOS AL CONSUMIDOR, SEG\u00daN CIUDADES \nCAPITALES Y CONURBACIONES, NOVIEMBRE DE 2019 <\/strong><br><strong>(En porcentaje)<\/strong><\/p>\n\n\n\n<figure class=\"wp-block-image\"><img decoding=\"async\" src=\"https:\/\/www.ine.gob.bo\/images\/Notas_de_prensa\/Diciembre_2019\/NP_IPC\/03.png\" alt=\"BOLIVIA: VARIACI\u00d3N PORCENTUAL MENSUAL DEL \u00cdNDICE DE PRECIOS AL CONSUMIDOR,  SEG\u00daN CIUDADES CAPITALES Y CONURBACIONES, NOVIEMBRE DE 2019 \"\/><\/figure>\n\n\n\n<p><a href=\"https:\/\/www.ine.gob.bo\/images\/Notas_de_prensa\/Diciembre_2019\/NP_IPC\/03.png\" target=\"_blank\" rel=\"noreferrer noopener\"><\/a><\/p>\n\n\n\n<p>Fuente: Instituto Nacional de Estad\u00edstica<br>&nbsp;(1) Conurbaci\u00f3n La Paz (Nuestra Se\u00f1ora de La Paz, El Alto, Achocalla y Viacha)<br>(2) Regi\u00f3n Metropolitana Kanata (Cercado, Sipe Sipe, Vinto, Quillacollo, Sacaba, Colcapirhua y Tiquipaya)<br>(3) Conurbaci\u00f3n Santa Cruz (Santa Cruz de la Sierra, La Guardia, Cotoca y Warnes)<\/p>\n\n\n\n<p>La variaci\u00f3n acumulada de 3,06% de enero a noviembre, se explica por \nlas siguientes conurbaciones y ciudades capitales: Regi\u00f3n Metropolitana \nKanata(1) 4,76%; Conurbaci\u00f3n La Paz(2) 4,08%; Oruro 4,00%; Sucre 2,80%; \nPotos\u00ed 2,63%; Trinidad 1,81%; Cobija 1,59%; Conurbaci\u00f3n Santa Cruz(3) \n1,50% y Tarija 0,96%.<\/p>\n\n\n\n<p><strong>Gr\u00e1fico N\u00ba 3<\/strong><br><strong>BOLIVIA: VARIACI\u00d3N \nPORCENTUAL ACUMULADA DEL \u00cdNDICE DE PRECIOS AL CONSUMIDOR, SEG\u00daN CIUDADES\n CAPITALES Y CONURBACIONES, ENERO A NOVIEMBRE DE 2019<\/strong><br><strong>(En porcentaje)<\/strong><\/p>\n\n\n\n<figure class=\"wp-block-image\"><img decoding=\"async\" src=\"https:\/\/www.ine.gob.bo\/images\/Notas_de_prensa\/Diciembre_2019\/NP_IPC\/04.png\" alt=\"BOLIVIA: VARIACI\u00d3N PORCENTUAL ACUMULADA DEL \u00cdNDICE DE PRECIOS AL CONSUMIDOR,  SEG\u00daN CIUDADES CAPITALES Y CONURBACIONES, ENERO A NOVIEMBRE DE 2019\"\/><\/figure>\n\n\n\n<p><a href=\"https:\/\/www.ine.gob.bo\/images\/Notas_de_prensa\/Diciembre_2019\/NP_IPC\/04.png\" target=\"_blank\" rel=\"noreferrer noopener\"><\/a><\/p>\n\n\n\n<p>Fuente: Instituto Nacional de Estad\u00edstica<br>(1) Regi\u00f3n Metropolitana Kanata (Cercado, Sipe Sipe, Vinto, Quillacollo, Sacaba, Colcapirhua y Tiquipaya)<br>(2) Conurbaci\u00f3n La Paz (Nuestra Se\u00f1ora de La Paz, El Alto, Achocalla y Viacha)<br>(3) Conurbaci\u00f3n Santa Cruz (Santa Cruz de la Sierra, La Guardia, Cotoca y Warnes)<\/p>\n\n\n\n<p>\u00a0<br><strong>\u00cdndice de Precios al Consumidor, seg\u00fan divisiones<\/strong><\/p>\n\n\n\n<p>La variaci\u00f3n positiva de 1,11% registrada en noviembre, se debi\u00f3 \nprincipalmente al incremento de los precios de las divisiones: Alimentos\n y Bebidas No Alcoh\u00f3licas con variaci\u00f3n porcentual positiva de 2,74%; \nAlimentos y Bebidas Consumidos Fuera del Hogar 1,88%; Transporte 0,62%; \nBebidas Alcoh\u00f3licas y Tabaco 0,48%; Salud 0,14%; Bienes y Servicios \nDiversos 0,11%; Vivienda y Servicios B\u00e1sicos 0,07%; Recreaci\u00f3n y Cultura\n 0,04%, Prendas de Vestir y Calzado 0,03% y Educaci\u00f3n 0,02%, mientras \nque las divisiones que presentaron decremento de precios fueron: \nComunicaciones 0,05% y Muebles, Bienes y Servicios Dom\u00e9sticos 0,03%.<\/p>\n\n\n\n<p><strong>Gr\u00e1fico N\u00ba 4<\/strong><br><strong>BOLIVIA: VARIACI\u00d3N PORCENTUAL DEL \u00cdNDICE DE PRECIOS AL CONSUMIDOR, POR DIVISI\u00d3N, NOVIEMBRE DE 2019<\/strong><br><strong>(En porcentaje)<\/strong><\/p>\n\n\n\n<figure class=\"wp-block-image\"><img decoding=\"async\" src=\"https:\/\/www.ine.gob.bo\/images\/Notas_de_prensa\/Diciembre_2019\/NP_IPC\/05.png\" alt=\"BOLIVIA: VARIACI\u00d3N PORCENTUAL DEL \u00cdNDICE DE PRECIOS AL CONSUMIDOR,  POR DIVISI\u00d3N, NOVIEMBRE DE 2019\"\/><\/figure>\n\n\n\n<p><a href=\"https:\/\/www.ine.gob.bo\/images\/Notas_de_prensa\/Diciembre_2019\/NP_IPC\/05.png\" target=\"_blank\" rel=\"noreferrer noopener\"><\/a><\/p>\n\n\n\n<p>Fuente: Instituto Nacional de Estad\u00edstica<\/p>\n\n\n\n<p>La variaci\u00f3n acumulada de 3,06% de enero a noviembre, se debi\u00f3 \nprincipalmente al incremento de los precios de las divisiones: Alimentos\n y Bebidas No Alcoh\u00f3licas con variaci\u00f3n porcentual positiva de 8,41%; \nEducaci\u00f3n 3,22%; Alimentos y Bebidas Consumidos Fuera del Hogar 3.00%; \nSalud 1,78%; Bebidas Alcoh\u00f3licas y Tabaco 1,53%; Muebles, Bienes y \nServicios Dom\u00e9sticos 0,74%; Vivienda y Servicios B\u00e1sicos 0,55%; Bienes y\n Servicios Diversos 0,45%; Transporte 0,41% y Recreaci\u00f3n y Cultura \n0,14%. Como tambi\u00e9n al decremento de precios de la divisi\u00f3n Prendas de \nVestir y Calzados con variaci\u00f3n porcentual negativa de 0,54% y \nComunicaciones 0,07%.<\/p>\n\n\n\n<p><strong>Gr\u00e1fico N\u00ba 5<\/strong><br><strong>BOLIVIA: VARIACI\u00d3N PORCENTUAL ACUMULADA DEL \u00cdNDICE DE PRECIOS AL CONSUMIDOR, POR DIVISI\u00d3N, ENERO A NOVIEMBRE DE 2019<\/strong><br><strong>(En porcentaje)<\/strong><\/p>\n\n\n\n<figure class=\"wp-block-image\"><img decoding=\"async\" src=\"https:\/\/www.ine.gob.bo\/images\/Notas_de_prensa\/Diciembre_2019\/NP_IPC\/06.png\" alt=\"BOLIVIA: VARIACI\u00d3N PORCENTUAL ACUMULADA DEL \u00cdNDICE DE PRECIOS AL CONSUMIDOR,  POR DIVISI\u00d3N, ENERO A NOVIEMBRE DE 2019\"\/><\/figure>\n\n\n\n<p><a href=\"https:\/\/www.ine.gob.bo\/images\/Notas_de_prensa\/Diciembre_2019\/NP_IPC\/06.png\" target=\"_blank\" rel=\"noreferrer noopener\"><\/a><\/p>\n\n\n\n<p>Fuente: Instituto Nacional de Estad\u00edstica<\/p>\n\n\n\n<p><br><strong>\u00cdndice de Precios al Consumidor, seg\u00fan productos y servicios con mayor y menor incidencia<\/strong><\/p>\n\n\n\n<p>Los precios del pl\u00e1tano\/guineo\/banano, carne de res sin hueso, el \nalmuerzo, la zanahoria, la carne der res con hueso y los huevos \nregistraron la mayor incidencia porcentual positiva en noviembre. Al \ncontrario, el tomate, los quesos, la cebolla, los calzados deportivos, \nel papel higi\u00e9nico y el champ\u00fa en frasco presentaron mayor incidencia \nnegativa.<\/p>\n\n\n\n<p><strong>Cuadro N\u00ba 2<\/strong><br><strong>BOLIVIA: PRODUCTOS CON MAYOR INCIDENCIA POSITIVA Y NEGATIVA, NOVIEMBRE DE 2019<\/strong><br><strong>(En porcentaje y puntos porcentuales)<\/strong><\/p>\n\n\n\n<figure class=\"wp-block-image\"><img decoding=\"async\" src=\"https:\/\/www.ine.gob.bo\/images\/Notas_de_prensa\/Diciembre_2019\/NP_IPC\/07.png\" alt=\"BOLIVIA: PRODUCTOS CON MAYOR INCIDENCIA POSITIVA Y NEGATIVA, NOVIEMBRE DE 2019\"\/><\/figure>\n\n\n\n<p>Fuente: Instituto Nacional de Estad\u00edstica<\/p>\n\n\n\n<p>Los precios de la papa, la carne de pollo, el pl\u00e1tano\/guineo\/banano, \nel almuerzo, el tomate y la carne de res sin hueso presentaron mayor \nincidencia positiva acumulada de enero a noviembre. En cambio, los \nprincipales productos que registraron mayor incidencia negativa \nacumulada en similar per\u00edodo fueron: la uva, el televisor, la mandarina,\n el cemento gris portland, el ladrillo de 6 huecos y el transporte \nterrestre internacional.<\/p>\n\n\n\n<p><strong>Cuadro N\u00ba 3<\/strong><br><strong>BOLIVIA: PRODUCTOS CON MAYOR INCIDENCIA ACUMULADA POSITIVA Y NEGATIVA, ENERO A NOVIEMBRE DE 2019<\/strong><br><strong>(En porcentaje y puntos porcentuales)<\/strong><\/p>\n\n\n\n<figure class=\"wp-block-image\"><img decoding=\"async\" src=\"https:\/\/www.ine.gob.bo\/images\/Notas_de_prensa\/Diciembre_2019\/NP_IPC\/08.png\" alt=\"BOLIVIA: PRODUCTOS CON MAYOR INCIDENCIA ACUMULADA POSITIVA Y NEGATIVA,  ENERO A NOVIEMBRE DE 2019\"\/><\/figure>\n\n\n\n<p>Fuente: Instituto Nacional de Estad\u00edstica<\/p>\n\n\n\n<p style=\"text-align:center\"><br><strong>UNIDAD DE DIFUSI\u00d3N Y COMUNICACI\u00d3N<\/strong><br><strong>INSTITUTO NACIONAL DE ESTAD\u00cdSTICA<\/strong><\/p>\n\n\n\n<p><strong>NOTA: <\/strong><\/p>\n\n\n\n<p>Pueden\n existir diferencias en los valores y en las variaciones porcentuales \nque se muestran en los cuadros, debido a que su c\u00e1lculo considera todos \nlos d\u00edgitos decimales.<a href=\"https:\/\/www.ine.gob.bo\/index.php\/component\/k2\/item\/3411-en-noviembre-de-2019-el-indice-de-precios-al-consumidor-registro-variacion-positiva-de-1-11#startOfPageId3411\">\n\t\t\tvolver arriba\t\t<\/a><\/p>\n","protected":false},"excerpt":{"rendered":"<p>La Paz, 4 de diciembre de 2019 (INE).- En noviembre de 2019, el \u00cdndice de Precios al Consumidor (IPC) registr\u00f3 una variaci\u00f3n porcentual positiva de 1,11%; respecto al mes de octubre. La variaci\u00f3n acumulada de enero a noviembre fue 3,06% y a doce meses 3,41%. Cuadro N\u00ba 1BOLIVIA: \u00cdNDICE DE PRECIOS AL CONSUMIDOR, VARIACI\u00d3N PORCENTUAL&hellip;<\/p>\n","protected":false},"author":4,"featured_media":43113,"comment_status":"open","ping_status":"open","sticky":false,"template":"","format":"standard","meta":[],"categories":[158],"tags":[52],"class_list":["post-43111","post","type-post","status-publish","format-standard","has-post-thumbnail","hentry","category-ine-noticias","tag-ine-noticias","category-158","description-off"],"yoast_head":"<!-- This site is optimized with the Yoast SEO plugin v23.2 - https:\/\/yoast.com\/wordpress\/plugins\/seo\/ -->\n<title>En noviembre de 2019: El \u00cdndice de Precios al Consumidor registr\u00f3 variaci\u00f3n positiva de 1,11% - INE<\/title>\n<meta name=\"description\" content=\"P\u00e1gina oficial del Instituto Nacional de Estadistica INE, informaci\u00f3n estad\u00edstica, geogr\u00e1fica y econ\u00f3mica a nivel nacional.\" \/>\n<meta name=\"robots\" content=\"index, follow, max-snippet:-1, max-image-preview:large, max-video-preview:-1\" \/>\n<link rel=\"canonical\" href=\"https:\/\/www.ine.gob.bo\/index.php\/en-noviembre-de-2019-el-indice-de-precios-al-consumidor-registro-variacion-positiva-de-111\/\" \/>\n<meta property=\"og:locale\" content=\"es_ES\" \/>\n<meta property=\"og:type\" content=\"article\" \/>\n<meta property=\"og:title\" content=\"En noviembre de 2019: El \u00cdndice de Precios al Consumidor registr\u00f3 variaci\u00f3n positiva de 1,11% - INE\" \/>\n<meta property=\"og:description\" content=\"P\u00e1gina oficial del Instituto Nacional de Estadistica INE, informaci\u00f3n estad\u00edstica, geogr\u00e1fica y econ\u00f3mica a nivel nacional.\" \/>\n<meta property=\"og:url\" content=\"https:\/\/www.ine.gob.bo\/index.php\/en-noviembre-de-2019-el-indice-de-precios-al-consumidor-registro-variacion-positiva-de-111\/\" \/>\n<meta property=\"og:site_name\" content=\"INE\" \/>\n<meta property=\"article:publisher\" content=\"https:\/\/www.facebook.com\/ineboliviaoficial\" \/>\n<meta property=\"article:published_time\" content=\"2019-12-04T22:15:10+00:00\" \/>\n<meta property=\"article:modified_time\" content=\"2020-01-23T15:14:27+00:00\" \/>\n<meta property=\"og:image\" content=\"https:\/\/www.ine.gob.bo\/wp-content\/uploads\/2019\/12\/02.png\" \/>\n\t<meta property=\"og:image:width\" content=\"1112\" \/>\n\t<meta property=\"og:image:height\" content=\"681\" \/>\n\t<meta property=\"og:image:type\" content=\"image\/png\" \/>\n<meta name=\"author\" content=\"Max Alexis Bairon Beltran\" \/>\n<meta name=\"twitter:card\" content=\"summary_large_image\" \/>\n<meta name=\"twitter:creator\" content=\"@INE_Bolivia\" \/>\n<meta name=\"twitter:site\" content=\"@INE_Bolivia\" \/>\n<meta name=\"twitter:label1\" content=\"Escrito por\" \/>\n\t<meta name=\"twitter:data1\" content=\"Max Alexis Bairon Beltran\" \/>\n\t<meta name=\"twitter:label2\" content=\"Tiempo de lectura\" \/>\n\t<meta name=\"twitter:data2\" content=\"4 minutos\" \/>\n<script type=\"application\/ld+json\" class=\"yoast-schema-graph\">{\"@context\":\"https:\/\/schema.org\",\"@graph\":[{\"@type\":\"Article\",\"@id\":\"https:\/\/www.ine.gob.bo\/index.php\/en-noviembre-de-2019-el-indice-de-precios-al-consumidor-registro-variacion-positiva-de-111\/#article\",\"isPartOf\":{\"@id\":\"https:\/\/www.ine.gob.bo\/index.php\/en-noviembre-de-2019-el-indice-de-precios-al-consumidor-registro-variacion-positiva-de-111\/\"},\"author\":{\"name\":\"Max Alexis Bairon Beltran\",\"@id\":\"https:\/\/www.ine.gob.bo\/#\/schema\/person\/faa8073caa064665b1f35d68cfabb3bd\"},\"headline\":\"En noviembre de 2019: El \u00cdndice de Precios al Consumidor registr\u00f3 variaci\u00f3n positiva de 1,11%\",\"datePublished\":\"2019-12-04T22:15:10+00:00\",\"dateModified\":\"2020-01-23T15:14:27+00:00\",\"mainEntityOfPage\":{\"@id\":\"https:\/\/www.ine.gob.bo\/index.php\/en-noviembre-de-2019-el-indice-de-precios-al-consumidor-registro-variacion-positiva-de-111\/\"},\"wordCount\":828,\"commentCount\":0,\"publisher\":{\"@id\":\"https:\/\/www.ine.gob.bo\/#organization\"},\"image\":{\"@id\":\"https:\/\/www.ine.gob.bo\/index.php\/en-noviembre-de-2019-el-indice-de-precios-al-consumidor-registro-variacion-positiva-de-111\/#primaryimage\"},\"thumbnailUrl\":\"https:\/\/www.ine.gob.bo\/wp-content\/uploads\/2019\/12\/02.png\",\"keywords\":[\"INE Noticias\"],\"articleSection\":[\"INE noticias\"],\"inLanguage\":\"es\",\"potentialAction\":[{\"@type\":\"CommentAction\",\"name\":\"Comment\",\"target\":[\"https:\/\/www.ine.gob.bo\/index.php\/en-noviembre-de-2019-el-indice-de-precios-al-consumidor-registro-variacion-positiva-de-111\/#respond\"]}]},{\"@type\":\"WebPage\",\"@id\":\"https:\/\/www.ine.gob.bo\/index.php\/en-noviembre-de-2019-el-indice-de-precios-al-consumidor-registro-variacion-positiva-de-111\/\",\"url\":\"https:\/\/www.ine.gob.bo\/index.php\/en-noviembre-de-2019-el-indice-de-precios-al-consumidor-registro-variacion-positiva-de-111\/\",\"name\":\"En noviembre de 2019: El \u00cdndice de Precios al Consumidor registr\u00f3 variaci\u00f3n positiva de 1,11% - INE\",\"isPartOf\":{\"@id\":\"https:\/\/www.ine.gob.bo\/#website\"},\"primaryImageOfPage\":{\"@id\":\"https:\/\/www.ine.gob.bo\/index.php\/en-noviembre-de-2019-el-indice-de-precios-al-consumidor-registro-variacion-positiva-de-111\/#primaryimage\"},\"image\":{\"@id\":\"https:\/\/www.ine.gob.bo\/index.php\/en-noviembre-de-2019-el-indice-de-precios-al-consumidor-registro-variacion-positiva-de-111\/#primaryimage\"},\"thumbnailUrl\":\"https:\/\/www.ine.gob.bo\/wp-content\/uploads\/2019\/12\/02.png\",\"datePublished\":\"2019-12-04T22:15:10+00:00\",\"dateModified\":\"2020-01-23T15:14:27+00:00\",\"description\":\"P\u00e1gina oficial del Instituto Nacional de Estadistica INE, informaci\u00f3n estad\u00edstica, geogr\u00e1fica y econ\u00f3mica a nivel nacional.\",\"breadcrumb\":{\"@id\":\"https:\/\/www.ine.gob.bo\/index.php\/en-noviembre-de-2019-el-indice-de-precios-al-consumidor-registro-variacion-positiva-de-111\/#breadcrumb\"},\"inLanguage\":\"es\",\"potentialAction\":[{\"@type\":\"ReadAction\",\"target\":[\"https:\/\/www.ine.gob.bo\/index.php\/en-noviembre-de-2019-el-indice-de-precios-al-consumidor-registro-variacion-positiva-de-111\/\"]}]},{\"@type\":\"ImageObject\",\"inLanguage\":\"es\",\"@id\":\"https:\/\/www.ine.gob.bo\/index.php\/en-noviembre-de-2019-el-indice-de-precios-al-consumidor-registro-variacion-positiva-de-111\/#primaryimage\",\"url\":\"https:\/\/www.ine.gob.bo\/wp-content\/uploads\/2019\/12\/02.png\",\"contentUrl\":\"https:\/\/www.ine.gob.bo\/wp-content\/uploads\/2019\/12\/02.png\",\"width\":1112,\"height\":681},{\"@type\":\"BreadcrumbList\",\"@id\":\"https:\/\/www.ine.gob.bo\/index.php\/en-noviembre-de-2019-el-indice-de-precios-al-consumidor-registro-variacion-positiva-de-111\/#breadcrumb\",\"itemListElement\":[{\"@type\":\"ListItem\",\"position\":1,\"name\":\"Portada\",\"item\":\"https:\/\/www.ine.gob.bo\/\"},{\"@type\":\"ListItem\",\"position\":2,\"name\":\"En noviembre de 2019: El \u00cdndice de Precios al Consumidor registr\u00f3 variaci\u00f3n positiva de 1,11%\"}]},{\"@type\":\"WebSite\",\"@id\":\"https:\/\/www.ine.gob.bo\/#website\",\"url\":\"https:\/\/www.ine.gob.bo\/\",\"name\":\"INE\",\"description\":\"Instituto Nacional de Estad\u00edstica\",\"publisher\":{\"@id\":\"https:\/\/www.ine.gob.bo\/#organization\"},\"potentialAction\":[{\"@type\":\"SearchAction\",\"target\":{\"@type\":\"EntryPoint\",\"urlTemplate\":\"https:\/\/www.ine.gob.bo\/?s={search_term_string}\"},\"query-input\":\"required name=search_term_string\"}],\"inLanguage\":\"es\"},{\"@type\":\"Organization\",\"@id\":\"https:\/\/www.ine.gob.bo\/#organization\",\"name\":\"Instituto Nacional de Estad\u00edstica\",\"url\":\"https:\/\/www.ine.gob.bo\/\",\"logo\":{\"@type\":\"ImageObject\",\"inLanguage\":\"es\",\"@id\":\"https:\/\/www.ine.gob.bo\/#\/schema\/logo\/image\/\",\"url\":\"https:\/\/www.ine.gob.bo\/wp-content\/uploads\/2026\/02\/logo-ine.jpg\",\"contentUrl\":\"https:\/\/www.ine.gob.bo\/wp-content\/uploads\/2026\/02\/logo-ine.jpg\",\"width\":799,\"height\":453,\"caption\":\"Instituto Nacional de Estad\u00edstica\"},\"image\":{\"@id\":\"https:\/\/www.ine.gob.bo\/#\/schema\/logo\/image\/\"},\"sameAs\":[\"https:\/\/www.facebook.com\/ineboliviaoficial\",\"https:\/\/x.com\/INE_Bolivia\",\"https:\/\/www.instagram.com\/ineboliviaoficial\/\",\"https:\/\/www.youtube.com\/channel\/UCbIQXKLw414g5kWo1tAwqCg\"]},{\"@type\":\"Person\",\"@id\":\"https:\/\/www.ine.gob.bo\/#\/schema\/person\/faa8073caa064665b1f35d68cfabb3bd\",\"name\":\"Max Alexis Bairon Beltran\",\"image\":{\"@type\":\"ImageObject\",\"inLanguage\":\"es\",\"@id\":\"https:\/\/www.ine.gob.bo\/#\/schema\/person\/image\/\",\"url\":\"https:\/\/secure.gravatar.com\/avatar\/969c77a11193a115c00b38b16c2e1b47e144df5407da735a74196b8d5d4acccc?s=96&d=mm&r=g\",\"contentUrl\":\"https:\/\/secure.gravatar.com\/avatar\/969c77a11193a115c00b38b16c2e1b47e144df5407da735a74196b8d5d4acccc?s=96&d=mm&r=g\",\"caption\":\"Max Alexis Bairon Beltran\"},\"url\":\"https:\/\/www.ine.gob.bo\/index.php\/author\/mbairon\/\"}]}<\/script>\n<!-- \/ Yoast SEO plugin. -->","yoast_head_json":{"title":"En noviembre de 2019: El \u00cdndice de Precios al Consumidor registr\u00f3 variaci\u00f3n positiva de 1,11% - INE","description":"P\u00e1gina oficial del Instituto Nacional de Estadistica INE, informaci\u00f3n estad\u00edstica, geogr\u00e1fica y econ\u00f3mica a nivel nacional.","robots":{"index":"index","follow":"follow","max-snippet":"max-snippet:-1","max-image-preview":"max-image-preview:large","max-video-preview":"max-video-preview:-1"},"canonical":"https:\/\/www.ine.gob.bo\/index.php\/en-noviembre-de-2019-el-indice-de-precios-al-consumidor-registro-variacion-positiva-de-111\/","og_locale":"es_ES","og_type":"article","og_title":"En noviembre de 2019: El \u00cdndice de Precios al Consumidor registr\u00f3 variaci\u00f3n positiva de 1,11% - INE","og_description":"P\u00e1gina oficial del Instituto Nacional de Estadistica INE, informaci\u00f3n estad\u00edstica, geogr\u00e1fica y econ\u00f3mica a nivel nacional.","og_url":"https:\/\/www.ine.gob.bo\/index.php\/en-noviembre-de-2019-el-indice-de-precios-al-consumidor-registro-variacion-positiva-de-111\/","og_site_name":"INE","article_publisher":"https:\/\/www.facebook.com\/ineboliviaoficial","article_published_time":"2019-12-04T22:15:10+00:00","article_modified_time":"2020-01-23T15:14:27+00:00","og_image":[{"width":1112,"height":681,"url":"https:\/\/www.ine.gob.bo\/wp-content\/uploads\/2019\/12\/02.png","type":"image\/png"}],"author":"Max Alexis Bairon Beltran","twitter_card":"summary_large_image","twitter_creator":"@INE_Bolivia","twitter_site":"@INE_Bolivia","twitter_misc":{"Escrito por":"Max Alexis Bairon Beltran","Tiempo de lectura":"4 minutos"},"schema":{"@context":"https:\/\/schema.org","@graph":[{"@type":"Article","@id":"https:\/\/www.ine.gob.bo\/index.php\/en-noviembre-de-2019-el-indice-de-precios-al-consumidor-registro-variacion-positiva-de-111\/#article","isPartOf":{"@id":"https:\/\/www.ine.gob.bo\/index.php\/en-noviembre-de-2019-el-indice-de-precios-al-consumidor-registro-variacion-positiva-de-111\/"},"author":{"name":"Max Alexis Bairon Beltran","@id":"https:\/\/www.ine.gob.bo\/#\/schema\/person\/faa8073caa064665b1f35d68cfabb3bd"},"headline":"En noviembre de 2019: El \u00cdndice de Precios al Consumidor registr\u00f3 variaci\u00f3n positiva de 1,11%","datePublished":"2019-12-04T22:15:10+00:00","dateModified":"2020-01-23T15:14:27+00:00","mainEntityOfPage":{"@id":"https:\/\/www.ine.gob.bo\/index.php\/en-noviembre-de-2019-el-indice-de-precios-al-consumidor-registro-variacion-positiva-de-111\/"},"wordCount":828,"commentCount":0,"publisher":{"@id":"https:\/\/www.ine.gob.bo\/#organization"},"image":{"@id":"https:\/\/www.ine.gob.bo\/index.php\/en-noviembre-de-2019-el-indice-de-precios-al-consumidor-registro-variacion-positiva-de-111\/#primaryimage"},"thumbnailUrl":"https:\/\/www.ine.gob.bo\/wp-content\/uploads\/2019\/12\/02.png","keywords":["INE Noticias"],"articleSection":["INE noticias"],"inLanguage":"es","potentialAction":[{"@type":"CommentAction","name":"Comment","target":["https:\/\/www.ine.gob.bo\/index.php\/en-noviembre-de-2019-el-indice-de-precios-al-consumidor-registro-variacion-positiva-de-111\/#respond"]}]},{"@type":"WebPage","@id":"https:\/\/www.ine.gob.bo\/index.php\/en-noviembre-de-2019-el-indice-de-precios-al-consumidor-registro-variacion-positiva-de-111\/","url":"https:\/\/www.ine.gob.bo\/index.php\/en-noviembre-de-2019-el-indice-de-precios-al-consumidor-registro-variacion-positiva-de-111\/","name":"En noviembre de 2019: El \u00cdndice de Precios al Consumidor registr\u00f3 variaci\u00f3n positiva de 1,11% - INE","isPartOf":{"@id":"https:\/\/www.ine.gob.bo\/#website"},"primaryImageOfPage":{"@id":"https:\/\/www.ine.gob.bo\/index.php\/en-noviembre-de-2019-el-indice-de-precios-al-consumidor-registro-variacion-positiva-de-111\/#primaryimage"},"image":{"@id":"https:\/\/www.ine.gob.bo\/index.php\/en-noviembre-de-2019-el-indice-de-precios-al-consumidor-registro-variacion-positiva-de-111\/#primaryimage"},"thumbnailUrl":"https:\/\/www.ine.gob.bo\/wp-content\/uploads\/2019\/12\/02.png","datePublished":"2019-12-04T22:15:10+00:00","dateModified":"2020-01-23T15:14:27+00:00","description":"P\u00e1gina oficial del Instituto Nacional de Estadistica INE, informaci\u00f3n estad\u00edstica, geogr\u00e1fica y econ\u00f3mica a nivel nacional.","breadcrumb":{"@id":"https:\/\/www.ine.gob.bo\/index.php\/en-noviembre-de-2019-el-indice-de-precios-al-consumidor-registro-variacion-positiva-de-111\/#breadcrumb"},"inLanguage":"es","potentialAction":[{"@type":"ReadAction","target":["https:\/\/www.ine.gob.bo\/index.php\/en-noviembre-de-2019-el-indice-de-precios-al-consumidor-registro-variacion-positiva-de-111\/"]}]},{"@type":"ImageObject","inLanguage":"es","@id":"https:\/\/www.ine.gob.bo\/index.php\/en-noviembre-de-2019-el-indice-de-precios-al-consumidor-registro-variacion-positiva-de-111\/#primaryimage","url":"https:\/\/www.ine.gob.bo\/wp-content\/uploads\/2019\/12\/02.png","contentUrl":"https:\/\/www.ine.gob.bo\/wp-content\/uploads\/2019\/12\/02.png","width":1112,"height":681},{"@type":"BreadcrumbList","@id":"https:\/\/www.ine.gob.bo\/index.php\/en-noviembre-de-2019-el-indice-de-precios-al-consumidor-registro-variacion-positiva-de-111\/#breadcrumb","itemListElement":[{"@type":"ListItem","position":1,"name":"Portada","item":"https:\/\/www.ine.gob.bo\/"},{"@type":"ListItem","position":2,"name":"En noviembre de 2019: El \u00cdndice de Precios al Consumidor registr\u00f3 variaci\u00f3n positiva de 1,11%"}]},{"@type":"WebSite","@id":"https:\/\/www.ine.gob.bo\/#website","url":"https:\/\/www.ine.gob.bo\/","name":"INE","description":"Instituto Nacional de Estad\u00edstica","publisher":{"@id":"https:\/\/www.ine.gob.bo\/#organization"},"potentialAction":[{"@type":"SearchAction","target":{"@type":"EntryPoint","urlTemplate":"https:\/\/www.ine.gob.bo\/?s={search_term_string}"},"query-input":"required name=search_term_string"}],"inLanguage":"es"},{"@type":"Organization","@id":"https:\/\/www.ine.gob.bo\/#organization","name":"Instituto Nacional de Estad\u00edstica","url":"https:\/\/www.ine.gob.bo\/","logo":{"@type":"ImageObject","inLanguage":"es","@id":"https:\/\/www.ine.gob.bo\/#\/schema\/logo\/image\/","url":"https:\/\/www.ine.gob.bo\/wp-content\/uploads\/2026\/02\/logo-ine.jpg","contentUrl":"https:\/\/www.ine.gob.bo\/wp-content\/uploads\/2026\/02\/logo-ine.jpg","width":799,"height":453,"caption":"Instituto Nacional de Estad\u00edstica"},"image":{"@id":"https:\/\/www.ine.gob.bo\/#\/schema\/logo\/image\/"},"sameAs":["https:\/\/www.facebook.com\/ineboliviaoficial","https:\/\/x.com\/INE_Bolivia","https:\/\/www.instagram.com\/ineboliviaoficial\/","https:\/\/www.youtube.com\/channel\/UCbIQXKLw414g5kWo1tAwqCg"]},{"@type":"Person","@id":"https:\/\/www.ine.gob.bo\/#\/schema\/person\/faa8073caa064665b1f35d68cfabb3bd","name":"Max Alexis Bairon Beltran","image":{"@type":"ImageObject","inLanguage":"es","@id":"https:\/\/www.ine.gob.bo\/#\/schema\/person\/image\/","url":"https:\/\/secure.gravatar.com\/avatar\/969c77a11193a115c00b38b16c2e1b47e144df5407da735a74196b8d5d4acccc?s=96&d=mm&r=g","contentUrl":"https:\/\/secure.gravatar.com\/avatar\/969c77a11193a115c00b38b16c2e1b47e144df5407da735a74196b8d5d4acccc?s=96&d=mm&r=g","caption":"Max Alexis Bairon Beltran"},"url":"https:\/\/www.ine.gob.bo\/index.php\/author\/mbairon\/"}]}},"rttpg_featured_image_url":{"full":["https:\/\/www.ine.gob.bo\/wp-content\/uploads\/2019\/12\/02.png",1112,681,false],"landscape":["https:\/\/www.ine.gob.bo\/wp-content\/uploads\/2019\/12\/02.png",1112,681,false],"portraits":["https:\/\/www.ine.gob.bo\/wp-content\/uploads\/2019\/12\/02.png",1112,681,false],"thumbnail":["https:\/\/www.ine.gob.bo\/wp-content\/uploads\/2019\/12\/02-150x150.png",150,150,true],"medium":["https:\/\/www.ine.gob.bo\/wp-content\/uploads\/2019\/12\/02-300x184.png",300,184,true],"large":["https:\/\/www.ine.gob.bo\/wp-content\/uploads\/2019\/12\/02-1024x627.png",1024,627,true],"1536x1536":["https:\/\/www.ine.gob.bo\/wp-content\/uploads\/2019\/12\/02.png",1112,681,false],"2048x2048":["https:\/\/www.ine.gob.bo\/wp-content\/uploads\/2019\/12\/02.png",1112,681,false]},"rttpg_author":{"display_name":"Max Alexis Bairon Beltran","author_link":"https:\/\/www.ine.gob.bo\/index.php\/author\/mbairon\/"},"rttpg_comment":1,"rttpg_category":"<a href=\"https:\/\/www.ine.gob.bo\/index.php\/category\/ine-noticias\/\" rel=\"category tag\">INE noticias<\/a>","rttpg_excerpt":"La Paz, 4 de diciembre de 2019 (INE).- En noviembre de 2019, el \u00cdndice de Precios al Consumidor (IPC) registr\u00f3 una variaci\u00f3n porcentual positiva de 1,11%; respecto al mes de octubre. La variaci\u00f3n acumulada de enero a noviembre fue 3,06% y a doce meses 3,41%. Cuadro N\u00ba 1BOLIVIA: \u00cdNDICE DE PRECIOS AL CONSUMIDOR, VARIACI\u00d3N PORCENTUAL&hellip;","_links":{"self":[{"href":"https:\/\/www.ine.gob.bo\/index.php\/wp-json\/wp\/v2\/posts\/43111","targetHints":{"allow":["GET"]}}],"collection":[{"href":"https:\/\/www.ine.gob.bo\/index.php\/wp-json\/wp\/v2\/posts"}],"about":[{"href":"https:\/\/www.ine.gob.bo\/index.php\/wp-json\/wp\/v2\/types\/post"}],"author":[{"embeddable":true,"href":"https:\/\/www.ine.gob.bo\/index.php\/wp-json\/wp\/v2\/users\/4"}],"replies":[{"embeddable":true,"href":"https:\/\/www.ine.gob.bo\/index.php\/wp-json\/wp\/v2\/comments?post=43111"}],"version-history":[{"count":0,"href":"https:\/\/www.ine.gob.bo\/index.php\/wp-json\/wp\/v2\/posts\/43111\/revisions"}],"wp:featuredmedia":[{"embeddable":true,"href":"https:\/\/www.ine.gob.bo\/index.php\/wp-json\/wp\/v2\/media\/43113"}],"wp:attachment":[{"href":"https:\/\/www.ine.gob.bo\/index.php\/wp-json\/wp\/v2\/media?parent=43111"}],"wp:term":[{"taxonomy":"category","embeddable":true,"href":"https:\/\/www.ine.gob.bo\/index.php\/wp-json\/wp\/v2\/categories?post=43111"},{"taxonomy":"post_tag","embeddable":true,"href":"https:\/\/www.ine.gob.bo\/index.php\/wp-json\/wp\/v2\/tags?post=43111"}],"curies":[{"name":"wp","href":"https:\/\/api.w.org\/{rel}","templated":true}]}}