{"id":42647,"date":"2019-08-05T16:07:00","date_gmt":"2019-08-05T20:07:00","guid":{"rendered":"https:\/\/www.ine.gob.bo\/?p=42647"},"modified":"2020-01-23T11:15:24","modified_gmt":"2020-01-23T15:15:24","slug":"en-julio-de-2019-el-indice-de-precios-al-consumidor-registro-variacion-positiva-de-023","status":"publish","type":"post","link":"https:\/\/www.ine.gob.bo\/index.php\/en-julio-de-2019-el-indice-de-precios-al-consumidor-registro-variacion-positiva-de-023\/","title":{"rendered":"En julio de 2019: El \u00cdndice de Precios al Consumidor registr\u00f3 variaci\u00f3n positiva de 0,23%"},"content":{"rendered":"<p><strong>La Paz, 5 de agosto de 2019 (INE).<\/strong>&#8211; En julio de 2019, el \u00cdndice de Precios al Consumidor (IPC) registr\u00f3 una variaci\u00f3n porcentual positiva de 0,23%, respecto al mes de junio. La variaci\u00f3n acumulada de enero a julio fue 1,04% y a doce meses 1,92%.<\/p>\n<p>&nbsp;<\/p>\n<p><strong>Cuadro N\u00ba 1<\/strong><br \/>\n<strong>BOLIVIA: \u00cdNDICE DE PRECIOS AL CONSUMIDOR, VARIACI\u00d3N PORCENTUAL MENSUAL, ACUMULADA Y A DOCE MESES, 2018 Y 2019<\/strong><br \/>\n<strong>(\u00cdndice 2016=100 y en porcentaje)<\/strong><\/p>\n<p><img loading=\"lazy\" decoding=\"async\" class=\"alignnone size-large wp-image-42648\" src=\"https:\/\/www.ine.gob.bo\/wp-content\/uploads\/2019\/09\/01-1024x323.png\" alt=\"\" width=\"1024\" height=\"323\" srcset=\"https:\/\/www.ine.gob.bo\/wp-content\/uploads\/2019\/09\/01-1024x323.png 1024w, https:\/\/www.ine.gob.bo\/wp-content\/uploads\/2019\/09\/01-300x95.png 300w, https:\/\/www.ine.gob.bo\/wp-content\/uploads\/2019\/09\/01-768x242.png 768w, https:\/\/www.ine.gob.bo\/wp-content\/uploads\/2019\/09\/01.png 1622w\" sizes=\"auto, (max-width: 1024px) 100vw, 1024px\" \/><\/p>\n<p><em>Fuente: Instituto Nacional de Estad\u00edstica<\/em><\/p>\n<p>&nbsp;<\/p>\n<p><strong>Gr\u00e1fico N\u00ba 1 <\/strong><br \/>\n<strong>BOLIVIA: VARIACI\u00d3N PORCENTUAL MENSUAL DEL \u00cdNDICE DE PRECIOS AL CONSUMIDOR, 2018 &#8211; 2019<\/strong><br \/>\n<strong>(En porcentaje)<\/strong><\/p>\n<p><img loading=\"lazy\" decoding=\"async\" class=\"alignnone size-large wp-image-42649\" src=\"https:\/\/www.ine.gob.bo\/wp-content\/uploads\/2019\/09\/02-1024x628.png\" alt=\"\" width=\"1024\" height=\"628\" srcset=\"https:\/\/www.ine.gob.bo\/wp-content\/uploads\/2019\/09\/02-1024x628.png 1024w, https:\/\/www.ine.gob.bo\/wp-content\/uploads\/2019\/09\/02-300x184.png 300w, https:\/\/www.ine.gob.bo\/wp-content\/uploads\/2019\/09\/02-768x471.png 768w, https:\/\/www.ine.gob.bo\/wp-content\/uploads\/2019\/09\/02.png 1328w\" sizes=\"auto, (max-width: 1024px) 100vw, 1024px\" \/><\/p>\n<p><em>Fuente: Instituto Nacional de Estad\u00edstica<\/em><\/p>\n<p><strong>\u00cdndice de Precios al Consumidor, seg\u00fan ciudades capitales y conurbaciones<\/strong><\/p>\n<p>La variaci\u00f3n positiva de 0,23% se explica principalmente por la variaci\u00f3n porcentual positiva en las siguientes conurbaciones y ciudades capitales: Regi\u00f3n Metropolitana Kanata(1) 0,66%; Tarija 0,66%; Potos\u00ed 0,19%; Conurbaci\u00f3n La Paz(2) 0,18%; Conurbaci\u00f3n Santa Cruz(3) 0,12%; Cobija 0,11% y Sucre 0,08%. Por el contrario, las ciudades capitales de Oruro y Trinidad presentaron una variaci\u00f3n porcentual negativa de 0,12% y 0,20%, respectivamente.<\/p>\n<p>&nbsp;<\/p>\n<p><strong>Gr\u00e1fico N\u00ba 2<\/strong><br \/>\n<strong>BOLIVIA: VARIACI\u00d3N PORCENTUAL MENSUAL DEL \u00cdNDICE DE PRECIOS AL CONSUMIDOR, SEG\u00daN CIUDADES CAPITALES Y CONURBACIONES, JULIO DE 2019 <\/strong><br \/>\n<strong>(En porcentaje)<\/strong><\/p>\n<p><img loading=\"lazy\" decoding=\"async\" class=\"alignnone size-large wp-image-42650\" src=\"https:\/\/www.ine.gob.bo\/wp-content\/uploads\/2019\/09\/03-1024x466.png\" alt=\"\" width=\"1024\" height=\"466\" srcset=\"https:\/\/www.ine.gob.bo\/wp-content\/uploads\/2019\/09\/03-1024x466.png 1024w, https:\/\/www.ine.gob.bo\/wp-content\/uploads\/2019\/09\/03-300x137.png 300w, https:\/\/www.ine.gob.bo\/wp-content\/uploads\/2019\/09\/03-768x350.png 768w, https:\/\/www.ine.gob.bo\/wp-content\/uploads\/2019\/09\/03.png 1361w\" sizes=\"auto, (max-width: 1024px) 100vw, 1024px\" \/><\/p>\n<p><em>Fuente: Instituto Nacional de Estad\u00edstica<\/em><br \/>\n<em>(1) Regi\u00f3n Metropolitana Kanata (Cercado, Sipe Sipe, Vinto, Quillacollo, Sacaba, Colcapirhua y Tiquipaya)<\/em><br \/>\n<em>(2) Conurbaci\u00f3n La Paz (Nuestra Se\u00f1ora de La Paz, El Alto, Achocalla y Viacha)<\/em><br \/>\n<em>(3) Conurbaci\u00f3n Santa Cruz (Santa Cruz de la Sierra, La Guardia, Cotoca y Warnes)<\/em><\/p>\n<p>&nbsp;<\/p>\n<p>La variaci\u00f3n acumulada de 1,04% de enero a julio, se explica por la variaci\u00f3n porcentual acumulada en las siguientes conurbaciones y ciudades capitales: Regi\u00f3n Metropolitana Kanata(1) 2,05%; Tarija 1,33%; Sucre 1,10%; Potos\u00ed 1,04%; Oruro 0,97%, Cobija 0,92%; Conurbaci\u00f3n La Paz(2) 0,87%; Conurbaci\u00f3n Santa Cruz(3) 0,72% y Trinidad 0,58%.<\/p>\n<p>&nbsp;<\/p>\n<p><strong>Gr\u00e1fico N\u00ba 3<\/strong><br \/>\n<strong>BOLIVIA: VARIACI\u00d3N PORCENTUAL ACUMULADA DEL \u00cdNDICE DE PRECIOS AL CONSUMIDOR, SEG\u00daN CIUDADES CAPITALES Y CONURBACIONES, ENERO A JULIO DE 2019<\/strong><br \/>\n<strong>(En porcentaje)<\/strong><\/p>\n<p><img loading=\"lazy\" decoding=\"async\" class=\"alignnone size-large wp-image-42651\" src=\"https:\/\/www.ine.gob.bo\/wp-content\/uploads\/2019\/09\/04-1024x443.png\" alt=\"\" width=\"1024\" height=\"443\" srcset=\"https:\/\/www.ine.gob.bo\/wp-content\/uploads\/2019\/09\/04-1024x443.png 1024w, https:\/\/www.ine.gob.bo\/wp-content\/uploads\/2019\/09\/04-300x130.png 300w, https:\/\/www.ine.gob.bo\/wp-content\/uploads\/2019\/09\/04-768x332.png 768w, https:\/\/www.ine.gob.bo\/wp-content\/uploads\/2019\/09\/04.png 1363w\" sizes=\"auto, (max-width: 1024px) 100vw, 1024px\" \/><\/p>\n<p><em>Fuente: Instituto Nacional de Estad\u00edstica<\/em><br \/>\n<em>(1) Regi\u00f3n Metropolitana Kanata (Cercado, Sipe Sipe, Vinto, Quillacollo, Sacaba, Colcapirhua y Tiquipaya)<\/em><br \/>\n<em>(2) Conurbaci\u00f3n La Paz (Nuestra Se\u00f1ora de La Paz, El Alto, Achocalla y Viacha)<\/em><br \/>\n<em>(3) Conurbaci\u00f3n Santa Cruz (Santa Cruz de la Sierra, La Guardia, Cotoca y Warnes)<\/em><\/p>\n<p><strong>\u00cdndice de Precios al Consumidor, seg\u00fan divisiones<\/strong><\/p>\n<p>La variaci\u00f3n positiva de 0,23% registrada en julio, se debi\u00f3 principalmente al incremento de los precios de las divisiones: Alimentos y Bebidas No Alcoh\u00f3licas con variaci\u00f3n porcentual positiva de 0,61%; Salud 0,40%; Transporte 0,39%; Muebles, Bienes y Servicios Dom\u00e9sticos 0,15%; Bienes y Servicios Diversos 0,10%; Alimentos y Bebidas Consumidos Fuera del Hogar 0,09%; y Vivienda y Servicios B\u00e1sicos 0,04%; mientras que las divisiones que presentaron decremento de precios fueron: Educaci\u00f3n 0,002%; Bebidas Alcoh\u00f3licas y Tabaco 0,08%; Comunicaciones 0,11%; Prendas de Vestir y Calzado 0,12% y Recreaci\u00f3n y Cultura 0,13%.<\/p>\n<p>&nbsp;<\/p>\n<p><strong>Gr\u00e1fico N\u00ba 4<\/strong><br \/>\n<strong>BOLIVIA: VARIACI\u00d3N PORCENTUAL DEL \u00cdNDICE DE PRECIOS AL CONSUMIDOR, POR DIVISI\u00d3N, JULIO DE 2019<\/strong><br \/>\n<strong>(En porcentaje)<\/strong><\/p>\n<p><img loading=\"lazy\" decoding=\"async\" class=\"alignnone size-large wp-image-42652\" src=\"https:\/\/www.ine.gob.bo\/wp-content\/uploads\/2019\/09\/05-1024x455.png\" alt=\"\" width=\"1024\" height=\"455\" srcset=\"https:\/\/www.ine.gob.bo\/wp-content\/uploads\/2019\/09\/05-1024x455.png 1024w, https:\/\/www.ine.gob.bo\/wp-content\/uploads\/2019\/09\/05-300x133.png 300w, https:\/\/www.ine.gob.bo\/wp-content\/uploads\/2019\/09\/05-768x341.png 768w, https:\/\/www.ine.gob.bo\/wp-content\/uploads\/2019\/09\/05.png 1402w\" sizes=\"auto, (max-width: 1024px) 100vw, 1024px\" \/><\/p>\n<p><em>Fuente: Instituto Nacional de Estad\u00edstica<\/em><\/p>\n<p>&nbsp;<\/p>\n<p>La variaci\u00f3n acumulada de 1,04% de enero a julio, se debi\u00f3 principalmente al incremento de los precios de las divisiones: Educaci\u00f3n con variaci\u00f3n porcentual positiva de 3,19%; Alimentos y Bebidas No Alcoh\u00f3licas 2,21%; Salud 1,50%; Muebles, Bienes y Servicios Dom\u00e9sticos 0,96%; Bebidas Alcoh\u00f3licas y Tabaco 0,85%; Vivienda y Servicios B\u00e1sicos 0,61%; Alimentos y Bebidas Consumidos Fuera del Hogar 0,54%; Bienes y Servicios Diversos 0,38; Recreaci\u00f3n y Cultura 0,19%; Transporte 0,19% y Comunicaciones 0,09%. Como tambi\u00e9n al decremento de precios de la divisi\u00f3n Prendas de Vestir y Calzado con variaci\u00f3n porcentual negativa de 0,15%.<\/p>\n<p>&nbsp;<\/p>\n<p><strong>Gr\u00e1fico N\u00ba 5<\/strong><br \/>\n<strong>BOLIVIA: VARIACI\u00d3N PORCENTUAL ACUMULADA DEL \u00cdNDICE DE PRECIOS AL CONSUMIDOR, POR DIVISI\u00d3N, ENERO A JULIO DE 2019<\/strong><br \/>\n<strong>(En porcentaje)<\/strong><\/p>\n<p><img loading=\"lazy\" decoding=\"async\" class=\"alignnone size-large wp-image-42653\" src=\"https:\/\/www.ine.gob.bo\/wp-content\/uploads\/2019\/09\/06-1024x409.png\" alt=\"\" width=\"1024\" height=\"409\" srcset=\"https:\/\/www.ine.gob.bo\/wp-content\/uploads\/2019\/09\/06-1024x409.png 1024w, https:\/\/www.ine.gob.bo\/wp-content\/uploads\/2019\/09\/06-300x120.png 300w, https:\/\/www.ine.gob.bo\/wp-content\/uploads\/2019\/09\/06-768x307.png 768w, https:\/\/www.ine.gob.bo\/wp-content\/uploads\/2019\/09\/06.png 1460w\" sizes=\"auto, (max-width: 1024px) 100vw, 1024px\" \/><\/p>\n<p><em>Fuente: Instituto Nacional de Estad\u00edstica<\/em><\/p>\n<p><strong>\u00cdndice de Precios al Consumidor, seg\u00fan productos y servicios con mayor y menor incidencia<\/strong><\/p>\n<p>Los precios de la papa, el pl\u00e1tano\/guineo\/banano, el transporte interdepartamental en \u00f3mnibus\/flota, las bebidas gaseosas, el haba verde y la zanahoria registraron la mayor incidencia porcentual positiva en julio. Al contrario, la carne de pollo, la cebolla, los productos de papeler\u00eda, el piment\u00f3n\/morr\u00f3n, los calzados\/sandalias para adultos y los quesos presentaron mayor incidencia negativa.<\/p>\n<p>&nbsp;<\/p>\n<p><strong>Cuadro N\u00ba 2<\/strong><br \/>\n<strong>BOLIVIA: PRODUCTOS CON MAYOR INCIDENCIA POSITIVA Y NEGATIVA, JULIO DE 2019<\/strong><br \/>\n<strong>(En porcentaje y puntos porcentuales)<\/strong><\/p>\n<p><img loading=\"lazy\" decoding=\"async\" class=\"alignnone size-large wp-image-42654\" src=\"https:\/\/www.ine.gob.bo\/wp-content\/uploads\/2019\/09\/07-1024x375.png\" alt=\"\" width=\"1024\" height=\"375\" srcset=\"https:\/\/www.ine.gob.bo\/wp-content\/uploads\/2019\/09\/07-1024x375.png 1024w, https:\/\/www.ine.gob.bo\/wp-content\/uploads\/2019\/09\/07-300x110.png 300w, https:\/\/www.ine.gob.bo\/wp-content\/uploads\/2019\/09\/07-768x281.png 768w, https:\/\/www.ine.gob.bo\/wp-content\/uploads\/2019\/09\/07.png 1550w\" sizes=\"auto, (max-width: 1024px) 100vw, 1024px\" \/><\/p>\n<p><em>Fuente: Instituto Nacional de Estad\u00edstica<\/em><\/p>\n<p>&nbsp;<\/p>\n<p>Los precios de la cebolla, los quesos, la papa, el servicio de la trabajadora del hogar, la arveja verde y la zanahoria presentaron mayor incidencia positiva acumulada de enero a julio. En cambio, los principales productos que registraron mayor incidencia negativa acumulada en similar per\u00edodo fueron: el tomate, la uva, la mandarina, el pollo al espiedo\/brasa, la naranja y el televisor.<\/p>\n<p>&nbsp;<\/p>\n<p><strong>Cuadro N\u00ba 3<\/strong><br \/>\n<strong>BOLIVIA: PRODUCTOS CON MAYOR INCIDENCIA ACUMULADA POSITIVA Y NEGATIVA, ENERO A JULIO DE 2019<\/strong><br \/>\n<strong>(En porcentaje y puntos porcentuales)<\/strong><\/p>\n<p><img loading=\"lazy\" decoding=\"async\" class=\"alignnone size-large wp-image-42655\" src=\"https:\/\/www.ine.gob.bo\/wp-content\/uploads\/2019\/09\/08-1024x364.png\" alt=\"\" width=\"1024\" height=\"364\" srcset=\"https:\/\/www.ine.gob.bo\/wp-content\/uploads\/2019\/09\/08-1024x364.png 1024w, https:\/\/www.ine.gob.bo\/wp-content\/uploads\/2019\/09\/08-300x107.png 300w, https:\/\/www.ine.gob.bo\/wp-content\/uploads\/2019\/09\/08-768x273.png 768w, https:\/\/www.ine.gob.bo\/wp-content\/uploads\/2019\/09\/08.png 1595w\" sizes=\"auto, (max-width: 1024px) 100vw, 1024px\" \/><\/p>\n<p><em>Fuente: Instituto Nacional de Estad\u00edstica<\/em><\/p>\n<p>&nbsp;<\/p>\n<p><strong>UNIDAD DE DIFUSI\u00d3N Y COMUNICACI\u00d3N<\/strong><br \/>\n<strong>INSTITUTO NACIONAL DE ESTAD\u00cdSTICA<\/strong><\/p>\n<p>&nbsp;<\/p>\n<div>\n<blockquote><p><strong>NOTA: <\/strong><\/p>\n<p>Pueden existir diferencias en los valores y en las variaciones porcentuales que se muestran en los cuadros, debido a que su c\u00e1lculo considera todos los d\u00edgitos decimales.<\/p><\/blockquote>\n<\/div>\n<p>&nbsp;<\/p>\n","protected":false},"excerpt":{"rendered":"<p>La Paz, 5 de agosto de 2019 (INE).&#8211; En julio de 2019, el \u00cdndice de Precios al Consumidor (IPC) registr\u00f3 una variaci\u00f3n porcentual positiva de 0,23%, respecto al mes de junio. La variaci\u00f3n acumulada de enero a julio fue 1,04% y a doce meses 1,92%. &nbsp; Cuadro N\u00ba 1 BOLIVIA: \u00cdNDICE DE PRECIOS AL CONSUMIDOR,&hellip;<\/p>\n","protected":false},"author":1,"featured_media":42649,"comment_status":"closed","ping_status":"open","sticky":false,"template":"","format":"standard","meta":[],"categories":[158],"tags":[52],"class_list":["post-42647","post","type-post","status-publish","format-standard","has-post-thumbnail","hentry","category-ine-noticias","tag-ine-noticias","category-158","description-off"],"yoast_head":"<!-- This site is optimized with the Yoast SEO plugin v23.2 - https:\/\/yoast.com\/wordpress\/plugins\/seo\/ -->\n<title>En julio de 2019: El \u00cdndice de Precios al Consumidor registr\u00f3 variaci\u00f3n positiva de 0,23% - INE<\/title>\n<meta name=\"description\" content=\"P\u00e1gina oficial del Instituto Nacional de Estadistica INE, informaci\u00f3n estad\u00edstica, geogr\u00e1fica y econ\u00f3mica a nivel nacional.\" \/>\n<meta name=\"robots\" content=\"index, follow, max-snippet:-1, max-image-preview:large, max-video-preview:-1\" \/>\n<link rel=\"canonical\" href=\"https:\/\/www.ine.gob.bo\/index.php\/en-julio-de-2019-el-indice-de-precios-al-consumidor-registro-variacion-positiva-de-023\/\" \/>\n<meta property=\"og:locale\" content=\"es_ES\" \/>\n<meta property=\"og:type\" content=\"article\" \/>\n<meta property=\"og:title\" content=\"En julio de 2019: El \u00cdndice de Precios al Consumidor registr\u00f3 variaci\u00f3n positiva de 0,23% - INE\" \/>\n<meta property=\"og:description\" content=\"P\u00e1gina oficial del Instituto Nacional de Estadistica INE, informaci\u00f3n estad\u00edstica, geogr\u00e1fica y econ\u00f3mica a nivel nacional.\" \/>\n<meta property=\"og:url\" content=\"https:\/\/www.ine.gob.bo\/index.php\/en-julio-de-2019-el-indice-de-precios-al-consumidor-registro-variacion-positiva-de-023\/\" \/>\n<meta property=\"og:site_name\" content=\"INE\" \/>\n<meta property=\"article:publisher\" content=\"https:\/\/www.facebook.com\/ineboliviaoficial\" \/>\n<meta property=\"article:published_time\" content=\"2019-08-05T20:07:00+00:00\" \/>\n<meta property=\"article:modified_time\" content=\"2020-01-23T15:15:24+00:00\" \/>\n<meta property=\"og:image\" content=\"https:\/\/www.ine.gob.bo\/wp-content\/uploads\/2019\/09\/02.png\" \/>\n\t<meta property=\"og:image:width\" content=\"1328\" \/>\n\t<meta property=\"og:image:height\" content=\"815\" \/>\n\t<meta property=\"og:image:type\" content=\"image\/png\" \/>\n<meta name=\"author\" content=\"4dmin-root\" \/>\n<meta name=\"twitter:card\" content=\"summary_large_image\" \/>\n<meta name=\"twitter:creator\" content=\"@INE_Bolivia\" \/>\n<meta name=\"twitter:site\" content=\"@INE_Bolivia\" \/>\n<meta name=\"twitter:label1\" content=\"Escrito por\" \/>\n\t<meta name=\"twitter:data1\" content=\"4dmin-root\" \/>\n\t<meta name=\"twitter:label2\" content=\"Tiempo de lectura\" \/>\n\t<meta name=\"twitter:data2\" content=\"4 minutos\" \/>\n<script type=\"application\/ld+json\" class=\"yoast-schema-graph\">{\"@context\":\"https:\/\/schema.org\",\"@graph\":[{\"@type\":\"Article\",\"@id\":\"https:\/\/www.ine.gob.bo\/index.php\/en-julio-de-2019-el-indice-de-precios-al-consumidor-registro-variacion-positiva-de-023\/#article\",\"isPartOf\":{\"@id\":\"https:\/\/www.ine.gob.bo\/index.php\/en-julio-de-2019-el-indice-de-precios-al-consumidor-registro-variacion-positiva-de-023\/\"},\"author\":{\"name\":\"4dmin-root\",\"@id\":\"https:\/\/www.ine.gob.bo\/#\/schema\/person\/4b9ab894e9de9fb7f2078269aea371be\"},\"headline\":\"En julio de 2019: El \u00cdndice de Precios al Consumidor registr\u00f3 variaci\u00f3n positiva de 0,23%\",\"datePublished\":\"2019-08-05T20:07:00+00:00\",\"dateModified\":\"2020-01-23T15:15:24+00:00\",\"mainEntityOfPage\":{\"@id\":\"https:\/\/www.ine.gob.bo\/index.php\/en-julio-de-2019-el-indice-de-precios-al-consumidor-registro-variacion-positiva-de-023\/\"},\"wordCount\":848,\"publisher\":{\"@id\":\"https:\/\/www.ine.gob.bo\/#organization\"},\"image\":{\"@id\":\"https:\/\/www.ine.gob.bo\/index.php\/en-julio-de-2019-el-indice-de-precios-al-consumidor-registro-variacion-positiva-de-023\/#primaryimage\"},\"thumbnailUrl\":\"https:\/\/www.ine.gob.bo\/wp-content\/uploads\/2019\/09\/02.png\",\"keywords\":[\"INE Noticias\"],\"articleSection\":[\"INE noticias\"],\"inLanguage\":\"es\"},{\"@type\":\"WebPage\",\"@id\":\"https:\/\/www.ine.gob.bo\/index.php\/en-julio-de-2019-el-indice-de-precios-al-consumidor-registro-variacion-positiva-de-023\/\",\"url\":\"https:\/\/www.ine.gob.bo\/index.php\/en-julio-de-2019-el-indice-de-precios-al-consumidor-registro-variacion-positiva-de-023\/\",\"name\":\"En julio de 2019: El \u00cdndice de Precios al Consumidor registr\u00f3 variaci\u00f3n positiva de 0,23% - INE\",\"isPartOf\":{\"@id\":\"https:\/\/www.ine.gob.bo\/#website\"},\"primaryImageOfPage\":{\"@id\":\"https:\/\/www.ine.gob.bo\/index.php\/en-julio-de-2019-el-indice-de-precios-al-consumidor-registro-variacion-positiva-de-023\/#primaryimage\"},\"image\":{\"@id\":\"https:\/\/www.ine.gob.bo\/index.php\/en-julio-de-2019-el-indice-de-precios-al-consumidor-registro-variacion-positiva-de-023\/#primaryimage\"},\"thumbnailUrl\":\"https:\/\/www.ine.gob.bo\/wp-content\/uploads\/2019\/09\/02.png\",\"datePublished\":\"2019-08-05T20:07:00+00:00\",\"dateModified\":\"2020-01-23T15:15:24+00:00\",\"description\":\"P\u00e1gina oficial del Instituto Nacional de Estadistica INE, informaci\u00f3n estad\u00edstica, geogr\u00e1fica y econ\u00f3mica a nivel nacional.\",\"breadcrumb\":{\"@id\":\"https:\/\/www.ine.gob.bo\/index.php\/en-julio-de-2019-el-indice-de-precios-al-consumidor-registro-variacion-positiva-de-023\/#breadcrumb\"},\"inLanguage\":\"es\",\"potentialAction\":[{\"@type\":\"ReadAction\",\"target\":[\"https:\/\/www.ine.gob.bo\/index.php\/en-julio-de-2019-el-indice-de-precios-al-consumidor-registro-variacion-positiva-de-023\/\"]}]},{\"@type\":\"ImageObject\",\"inLanguage\":\"es\",\"@id\":\"https:\/\/www.ine.gob.bo\/index.php\/en-julio-de-2019-el-indice-de-precios-al-consumidor-registro-variacion-positiva-de-023\/#primaryimage\",\"url\":\"https:\/\/www.ine.gob.bo\/wp-content\/uploads\/2019\/09\/02.png\",\"contentUrl\":\"https:\/\/www.ine.gob.bo\/wp-content\/uploads\/2019\/09\/02.png\",\"width\":1328,\"height\":815},{\"@type\":\"BreadcrumbList\",\"@id\":\"https:\/\/www.ine.gob.bo\/index.php\/en-julio-de-2019-el-indice-de-precios-al-consumidor-registro-variacion-positiva-de-023\/#breadcrumb\",\"itemListElement\":[{\"@type\":\"ListItem\",\"position\":1,\"name\":\"Portada\",\"item\":\"https:\/\/www.ine.gob.bo\/\"},{\"@type\":\"ListItem\",\"position\":2,\"name\":\"En julio de 2019: El \u00cdndice de Precios al Consumidor registr\u00f3 variaci\u00f3n positiva de 0,23%\"}]},{\"@type\":\"WebSite\",\"@id\":\"https:\/\/www.ine.gob.bo\/#website\",\"url\":\"https:\/\/www.ine.gob.bo\/\",\"name\":\"INE\",\"description\":\"Instituto Nacional de Estad\u00edstica\",\"publisher\":{\"@id\":\"https:\/\/www.ine.gob.bo\/#organization\"},\"potentialAction\":[{\"@type\":\"SearchAction\",\"target\":{\"@type\":\"EntryPoint\",\"urlTemplate\":\"https:\/\/www.ine.gob.bo\/?s={search_term_string}\"},\"query-input\":\"required name=search_term_string\"}],\"inLanguage\":\"es\"},{\"@type\":\"Organization\",\"@id\":\"https:\/\/www.ine.gob.bo\/#organization\",\"name\":\"Instituto Nacional de Estad\u00edstica\",\"url\":\"https:\/\/www.ine.gob.bo\/\",\"logo\":{\"@type\":\"ImageObject\",\"inLanguage\":\"es\",\"@id\":\"https:\/\/www.ine.gob.bo\/#\/schema\/logo\/image\/\",\"url\":\"https:\/\/www.ine.gob.bo\/wp-content\/uploads\/2026\/02\/logo-ine.jpg\",\"contentUrl\":\"https:\/\/www.ine.gob.bo\/wp-content\/uploads\/2026\/02\/logo-ine.jpg\",\"width\":799,\"height\":453,\"caption\":\"Instituto Nacional de Estad\u00edstica\"},\"image\":{\"@id\":\"https:\/\/www.ine.gob.bo\/#\/schema\/logo\/image\/\"},\"sameAs\":[\"https:\/\/www.facebook.com\/ineboliviaoficial\",\"https:\/\/x.com\/INE_Bolivia\",\"https:\/\/www.instagram.com\/ineboliviaoficial\/\",\"https:\/\/www.youtube.com\/channel\/UCbIQXKLw414g5kWo1tAwqCg\"]},{\"@type\":\"Person\",\"@id\":\"https:\/\/www.ine.gob.bo\/#\/schema\/person\/4b9ab894e9de9fb7f2078269aea371be\",\"name\":\"4dmin-root\",\"image\":{\"@type\":\"ImageObject\",\"inLanguage\":\"es\",\"@id\":\"https:\/\/www.ine.gob.bo\/#\/schema\/person\/image\/\",\"url\":\"https:\/\/secure.gravatar.com\/avatar\/0824ec9f3a25d622e58133204574c46e0832b417c3b610112cf50ccc044cbefe?s=96&d=mm&r=g\",\"contentUrl\":\"https:\/\/secure.gravatar.com\/avatar\/0824ec9f3a25d622e58133204574c46e0832b417c3b610112cf50ccc044cbefe?s=96&d=mm&r=g\",\"caption\":\"4dmin-root\"},\"url\":\"https:\/\/www.ine.gob.bo\/index.php\/author\/4dmin-root\/\"}]}<\/script>\n<!-- \/ Yoast SEO plugin. -->","yoast_head_json":{"title":"En julio de 2019: El \u00cdndice de Precios al Consumidor registr\u00f3 variaci\u00f3n positiva de 0,23% - INE","description":"P\u00e1gina oficial del Instituto Nacional de Estadistica INE, informaci\u00f3n estad\u00edstica, geogr\u00e1fica y econ\u00f3mica a nivel nacional.","robots":{"index":"index","follow":"follow","max-snippet":"max-snippet:-1","max-image-preview":"max-image-preview:large","max-video-preview":"max-video-preview:-1"},"canonical":"https:\/\/www.ine.gob.bo\/index.php\/en-julio-de-2019-el-indice-de-precios-al-consumidor-registro-variacion-positiva-de-023\/","og_locale":"es_ES","og_type":"article","og_title":"En julio de 2019: El \u00cdndice de Precios al Consumidor registr\u00f3 variaci\u00f3n positiva de 0,23% - INE","og_description":"P\u00e1gina oficial del Instituto Nacional de Estadistica INE, informaci\u00f3n estad\u00edstica, geogr\u00e1fica y econ\u00f3mica a nivel nacional.","og_url":"https:\/\/www.ine.gob.bo\/index.php\/en-julio-de-2019-el-indice-de-precios-al-consumidor-registro-variacion-positiva-de-023\/","og_site_name":"INE","article_publisher":"https:\/\/www.facebook.com\/ineboliviaoficial","article_published_time":"2019-08-05T20:07:00+00:00","article_modified_time":"2020-01-23T15:15:24+00:00","og_image":[{"width":1328,"height":815,"url":"https:\/\/www.ine.gob.bo\/wp-content\/uploads\/2019\/09\/02.png","type":"image\/png"}],"author":"4dmin-root","twitter_card":"summary_large_image","twitter_creator":"@INE_Bolivia","twitter_site":"@INE_Bolivia","twitter_misc":{"Escrito por":"4dmin-root","Tiempo de lectura":"4 minutos"},"schema":{"@context":"https:\/\/schema.org","@graph":[{"@type":"Article","@id":"https:\/\/www.ine.gob.bo\/index.php\/en-julio-de-2019-el-indice-de-precios-al-consumidor-registro-variacion-positiva-de-023\/#article","isPartOf":{"@id":"https:\/\/www.ine.gob.bo\/index.php\/en-julio-de-2019-el-indice-de-precios-al-consumidor-registro-variacion-positiva-de-023\/"},"author":{"name":"4dmin-root","@id":"https:\/\/www.ine.gob.bo\/#\/schema\/person\/4b9ab894e9de9fb7f2078269aea371be"},"headline":"En julio de 2019: El \u00cdndice de Precios al Consumidor registr\u00f3 variaci\u00f3n positiva de 0,23%","datePublished":"2019-08-05T20:07:00+00:00","dateModified":"2020-01-23T15:15:24+00:00","mainEntityOfPage":{"@id":"https:\/\/www.ine.gob.bo\/index.php\/en-julio-de-2019-el-indice-de-precios-al-consumidor-registro-variacion-positiva-de-023\/"},"wordCount":848,"publisher":{"@id":"https:\/\/www.ine.gob.bo\/#organization"},"image":{"@id":"https:\/\/www.ine.gob.bo\/index.php\/en-julio-de-2019-el-indice-de-precios-al-consumidor-registro-variacion-positiva-de-023\/#primaryimage"},"thumbnailUrl":"https:\/\/www.ine.gob.bo\/wp-content\/uploads\/2019\/09\/02.png","keywords":["INE Noticias"],"articleSection":["INE noticias"],"inLanguage":"es"},{"@type":"WebPage","@id":"https:\/\/www.ine.gob.bo\/index.php\/en-julio-de-2019-el-indice-de-precios-al-consumidor-registro-variacion-positiva-de-023\/","url":"https:\/\/www.ine.gob.bo\/index.php\/en-julio-de-2019-el-indice-de-precios-al-consumidor-registro-variacion-positiva-de-023\/","name":"En julio de 2019: El \u00cdndice de Precios al Consumidor registr\u00f3 variaci\u00f3n positiva de 0,23% - INE","isPartOf":{"@id":"https:\/\/www.ine.gob.bo\/#website"},"primaryImageOfPage":{"@id":"https:\/\/www.ine.gob.bo\/index.php\/en-julio-de-2019-el-indice-de-precios-al-consumidor-registro-variacion-positiva-de-023\/#primaryimage"},"image":{"@id":"https:\/\/www.ine.gob.bo\/index.php\/en-julio-de-2019-el-indice-de-precios-al-consumidor-registro-variacion-positiva-de-023\/#primaryimage"},"thumbnailUrl":"https:\/\/www.ine.gob.bo\/wp-content\/uploads\/2019\/09\/02.png","datePublished":"2019-08-05T20:07:00+00:00","dateModified":"2020-01-23T15:15:24+00:00","description":"P\u00e1gina oficial del Instituto Nacional de Estadistica INE, informaci\u00f3n estad\u00edstica, geogr\u00e1fica y econ\u00f3mica a nivel nacional.","breadcrumb":{"@id":"https:\/\/www.ine.gob.bo\/index.php\/en-julio-de-2019-el-indice-de-precios-al-consumidor-registro-variacion-positiva-de-023\/#breadcrumb"},"inLanguage":"es","potentialAction":[{"@type":"ReadAction","target":["https:\/\/www.ine.gob.bo\/index.php\/en-julio-de-2019-el-indice-de-precios-al-consumidor-registro-variacion-positiva-de-023\/"]}]},{"@type":"ImageObject","inLanguage":"es","@id":"https:\/\/www.ine.gob.bo\/index.php\/en-julio-de-2019-el-indice-de-precios-al-consumidor-registro-variacion-positiva-de-023\/#primaryimage","url":"https:\/\/www.ine.gob.bo\/wp-content\/uploads\/2019\/09\/02.png","contentUrl":"https:\/\/www.ine.gob.bo\/wp-content\/uploads\/2019\/09\/02.png","width":1328,"height":815},{"@type":"BreadcrumbList","@id":"https:\/\/www.ine.gob.bo\/index.php\/en-julio-de-2019-el-indice-de-precios-al-consumidor-registro-variacion-positiva-de-023\/#breadcrumb","itemListElement":[{"@type":"ListItem","position":1,"name":"Portada","item":"https:\/\/www.ine.gob.bo\/"},{"@type":"ListItem","position":2,"name":"En julio de 2019: El \u00cdndice de Precios al Consumidor registr\u00f3 variaci\u00f3n positiva de 0,23%"}]},{"@type":"WebSite","@id":"https:\/\/www.ine.gob.bo\/#website","url":"https:\/\/www.ine.gob.bo\/","name":"INE","description":"Instituto Nacional de Estad\u00edstica","publisher":{"@id":"https:\/\/www.ine.gob.bo\/#organization"},"potentialAction":[{"@type":"SearchAction","target":{"@type":"EntryPoint","urlTemplate":"https:\/\/www.ine.gob.bo\/?s={search_term_string}"},"query-input":"required name=search_term_string"}],"inLanguage":"es"},{"@type":"Organization","@id":"https:\/\/www.ine.gob.bo\/#organization","name":"Instituto Nacional de Estad\u00edstica","url":"https:\/\/www.ine.gob.bo\/","logo":{"@type":"ImageObject","inLanguage":"es","@id":"https:\/\/www.ine.gob.bo\/#\/schema\/logo\/image\/","url":"https:\/\/www.ine.gob.bo\/wp-content\/uploads\/2026\/02\/logo-ine.jpg","contentUrl":"https:\/\/www.ine.gob.bo\/wp-content\/uploads\/2026\/02\/logo-ine.jpg","width":799,"height":453,"caption":"Instituto Nacional de Estad\u00edstica"},"image":{"@id":"https:\/\/www.ine.gob.bo\/#\/schema\/logo\/image\/"},"sameAs":["https:\/\/www.facebook.com\/ineboliviaoficial","https:\/\/x.com\/INE_Bolivia","https:\/\/www.instagram.com\/ineboliviaoficial\/","https:\/\/www.youtube.com\/channel\/UCbIQXKLw414g5kWo1tAwqCg"]},{"@type":"Person","@id":"https:\/\/www.ine.gob.bo\/#\/schema\/person\/4b9ab894e9de9fb7f2078269aea371be","name":"4dmin-root","image":{"@type":"ImageObject","inLanguage":"es","@id":"https:\/\/www.ine.gob.bo\/#\/schema\/person\/image\/","url":"https:\/\/secure.gravatar.com\/avatar\/0824ec9f3a25d622e58133204574c46e0832b417c3b610112cf50ccc044cbefe?s=96&d=mm&r=g","contentUrl":"https:\/\/secure.gravatar.com\/avatar\/0824ec9f3a25d622e58133204574c46e0832b417c3b610112cf50ccc044cbefe?s=96&d=mm&r=g","caption":"4dmin-root"},"url":"https:\/\/www.ine.gob.bo\/index.php\/author\/4dmin-root\/"}]}},"rttpg_featured_image_url":{"full":["https:\/\/www.ine.gob.bo\/wp-content\/uploads\/2019\/09\/02.png",1328,815,false],"landscape":["https:\/\/www.ine.gob.bo\/wp-content\/uploads\/2019\/09\/02.png",1328,815,false],"portraits":["https:\/\/www.ine.gob.bo\/wp-content\/uploads\/2019\/09\/02.png",1328,815,false],"thumbnail":["https:\/\/www.ine.gob.bo\/wp-content\/uploads\/2019\/09\/02-150x150.png",150,150,true],"medium":["https:\/\/www.ine.gob.bo\/wp-content\/uploads\/2019\/09\/02-300x184.png",300,184,true],"large":["https:\/\/www.ine.gob.bo\/wp-content\/uploads\/2019\/09\/02-1024x628.png",1024,628,true],"1536x1536":["https:\/\/www.ine.gob.bo\/wp-content\/uploads\/2019\/09\/02.png",1328,815,false],"2048x2048":["https:\/\/www.ine.gob.bo\/wp-content\/uploads\/2019\/09\/02.png",1328,815,false]},"rttpg_author":{"display_name":"4dmin-root","author_link":"https:\/\/www.ine.gob.bo\/index.php\/author\/4dmin-root\/"},"rttpg_comment":0,"rttpg_category":"<a href=\"https:\/\/www.ine.gob.bo\/index.php\/category\/ine-noticias\/\" rel=\"category tag\">INE noticias<\/a>","rttpg_excerpt":"La Paz, 5 de agosto de 2019 (INE).&#8211; En julio de 2019, el \u00cdndice de Precios al Consumidor (IPC) registr\u00f3 una variaci\u00f3n porcentual positiva de 0,23%, respecto al mes de junio. La variaci\u00f3n acumulada de enero a julio fue 1,04% y a doce meses 1,92%. &nbsp; Cuadro N\u00ba 1 BOLIVIA: \u00cdNDICE DE PRECIOS AL CONSUMIDOR,&hellip;","_links":{"self":[{"href":"https:\/\/www.ine.gob.bo\/index.php\/wp-json\/wp\/v2\/posts\/42647","targetHints":{"allow":["GET"]}}],"collection":[{"href":"https:\/\/www.ine.gob.bo\/index.php\/wp-json\/wp\/v2\/posts"}],"about":[{"href":"https:\/\/www.ine.gob.bo\/index.php\/wp-json\/wp\/v2\/types\/post"}],"author":[{"embeddable":true,"href":"https:\/\/www.ine.gob.bo\/index.php\/wp-json\/wp\/v2\/users\/1"}],"replies":[{"embeddable":true,"href":"https:\/\/www.ine.gob.bo\/index.php\/wp-json\/wp\/v2\/comments?post=42647"}],"version-history":[{"count":0,"href":"https:\/\/www.ine.gob.bo\/index.php\/wp-json\/wp\/v2\/posts\/42647\/revisions"}],"wp:featuredmedia":[{"embeddable":true,"href":"https:\/\/www.ine.gob.bo\/index.php\/wp-json\/wp\/v2\/media\/42649"}],"wp:attachment":[{"href":"https:\/\/www.ine.gob.bo\/index.php\/wp-json\/wp\/v2\/media?parent=42647"}],"wp:term":[{"taxonomy":"category","embeddable":true,"href":"https:\/\/www.ine.gob.bo\/index.php\/wp-json\/wp\/v2\/categories?post=42647"},{"taxonomy":"post_tag","embeddable":true,"href":"https:\/\/www.ine.gob.bo\/index.php\/wp-json\/wp\/v2\/tags?post=42647"}],"curies":[{"name":"wp","href":"https:\/\/api.w.org\/{rel}","templated":true}]}}